{"id":19370,"date":"2024-07-10T10:00:14","date_gmt":"2024-07-10T08:00:14","guid":{"rendered":"https:\/\/www.welovecycling.com\/sk\/?p=19370"},"modified":"2024-07-10T10:23:30","modified_gmt":"2024-07-10T08:23:30","slug":"pozvanka-skoda-horal-mtb-maraton-najvyssi-vrchol-sezony","status":"publish","type":"post","link":"https:\/\/www.welovecycling.com\/sk\/2024\/07\/10\/pozvanka-skoda-horal-mtb-maraton-najvyssi-vrchol-sezony\/","title":{"rendered":"Pozv\u00e1nka: \u0160koda Horal MTB marat\u00f3n &#8211; najvy\u0161\u0161\u00ed vrchol sez\u00f3ny"},"content":{"rendered":"<p><strong>Ke\u010f som v roku 2022 za\u010dal s\u00a0marat\u00f3nmi, tak pojem <a href=\"https:\/\/www.welovecycling.com\/sk\/2023\/07\/24\/rozhovor-ivan-zima-skoda-horal-mtb-maraton\/\" target=\"_blank\" rel=\"noopener\">Horal<\/a> bol pre m\u0148a e\u0161te cudz\u00ed. Rok na to som ale u\u017e vedel, \u017ee tu m\u00f4\u017eem n\u00e1js\u0165 naj\u0165a\u017e\u0161iu tra\u0165 na Slovensku, ktor\u00e1 nesie n\u00e1zov KREJZI.<\/strong><!--more--><\/p>\n<p><span style=\"font-weight: 400;\">Jej parametre boli slu\u0161n\u00fdch 102 km s\u00a0prev\u00fd\u0161en\u00edm 3\u00a0500 m. V\u00a0danom roku to bola moja naj\u0165a\u017e\u0161ia marat\u00f3nska n\u00e1lo\u017e, ak\u00fa som si vysk\u00fa\u0161al. <strong>Bolo to \u0165a\u017ek\u00e9, bl\u00e1zniv\u00e9, ale po pr\u00edchode do cie\u013ea som bol na seba hrd\u00fd, \u017ee som to dok\u00e1zal<\/strong> a\u00a0te\u0161il sa na \u010fal\u0161\u00ed ro\u010dn\u00edk. Bol som si vedom\u00fd, \u017ee sa t\u00e1to tra\u0165 kedysi jazdila cez Kr\u00e1\u013eov\u00fa ho\u013eu.<\/span><\/p>\n<p><span style=\"font-weight: 400;\">\u010c\u00edtal som si report\u00e1\u017ee a z\u00e1\u017eitky z\u00a0t\u00fdchto legend\u00e1rnych ro\u010dn\u00edkov. Ke\u010f som v\u0161ak zistil, \u017ee <\/span><a href=\"https:\/\/www.welovecycling.com\/sk\/2024\/03\/05\/unikat-medzi-slovenskymi-maratonmi-skoda-horal-mtb-maraton\/\" target=\"_blank\" rel=\"noopener\"><span style=\"font-weight: 400;\">tento rok sa to op\u00e4\u0165 podarilo<\/span><\/a><span style=\"font-weight: 400;\"> a\u00a0tra\u0165 vedie t\u00fdmto ikonick\u00fdm cyklistick\u00fdm vrcholom na Slovensku<strong> (ofici\u00e1lne najvy\u0161\u0161ie dostupn\u00e9 miesto na bicykli)<\/strong>, tak vo mne vzplanula rados\u0165. Chcem to za\u017ei\u0165 na vlastnej ko\u017ei!<\/span><\/p>\n<figure id=\"attachment_19381\" aria-describedby=\"caption-attachment-19381\" style=\"width: 990px\" class=\"wp-caption alignnone\"><img loading=\"lazy\" decoding=\"async\" class=\"wp-image-19381 size-full\" src=\"https:\/\/d2p6e6u75xmxt8.cloudfront.net\/4\/2024\/07\/horal-2.webp\" alt=\"\" width=\"990\" height=\"660\" srcset=\"https:\/\/d2p6e6u75xmxt8.cloudfront.net\/4\/2024\/07\/horal-2.webp 990w, https:\/\/d2p6e6u75xmxt8.cloudfront.net\/4\/2024\/07\/horal-2-300x200.webp 300w, https:\/\/d2p6e6u75xmxt8.cloudfront.net\/4\/2024\/07\/horal-2-768x512.webp 768w, https:\/\/d2p6e6u75xmxt8.cloudfront.net\/4\/2024\/07\/horal-2-400x267.webp 400w, https:\/\/d2p6e6u75xmxt8.cloudfront.net\/4\/2024\/07\/horal-2-272x182.webp 272w\" sizes=\"auto, (max-width: 990px) 100vw, 990px\" \/><figcaption id=\"caption-attachment-19381\" class=\"wp-caption-text\">Zdroj: Svetlana Skladan\u00e1<\/figcaption><\/figure>\n<p><span style=\"font-weight: 400;\">Tra\u0165 KREJZI je preto v\u010faka tomu tento rok \u0165a\u017e\u0161ia a\u00a0jej parametre dosahuj\u00fa <strong>\u00factyhodn\u00fdch 116 km s\u00a0prev\u00fd\u0161en\u00edm takmer 4 000 m.<\/strong> To u\u017e nebude malina \ud83d\ude42 ale k\u00a025. ro\u010dn\u00edku tohto marat\u00f3nu je to pod\u013ea m\u0148a perfektn\u00fd dar\u010dek.\u00a0<\/span><\/p>\n<h2><strong>Pripravi\u0165 sa, pozor&#8230;<\/strong><\/h2>\n<p><span style=\"font-weight: 400;\">Kr\u00e1\u013eovu ho\u013eu prekon\u00e1me na\u00a0pribli\u017ene 60. kilometri a\u00a0do cie\u013ea to teda bude e\u0161te skoro raz to\u013eko. Navy\u0161e to bude marat\u00f3n, tak\u017ee tempo neb\u00fdva zrovna v\u00fdletn\u00e9. Po\u010dasie bude letn\u00e9, \u010do m\u00f4\u017ee znamena\u0165 vysok\u00e9 hor\u00fa\u010davy ale aj nepredv\u00eddate\u013en\u00e9 b\u00farky.<strong> Pripravi\u0165 sa treba naozaj na v\u0161etko :).<\/strong> Osobne m\u00e1m r\u00e1d tak\u00e9to v\u00fdzvy. Preto som za\u010dal aj intenz\u00edvnej\u0161ie tr\u00e9nova\u0165, aby som sa na to vedel lep\u0161ie pripravi\u0165. <\/span><\/p>\n<p><span style=\"font-weight: 400;\">Zhodou okolnost\u00ed som sa mal mo\u017enos\u0165 koncom j\u00fana z\u00fa\u010dastni\u0165 marat\u00f3nu Dr\u00e1sal v\u00a0\u010cech\u00e1ch, kde bola parametrami podobn\u00e1 tra\u0165 &#8211; 123 km\/3 400 v. m. Nebolo to s\u00edce \u013eahk\u00e9, ale bolo to u\u017e pre m\u0148a \u013eah\u0161ie ako <\/span><a href=\"https:\/\/www.welovecycling.com\/sk\/2023\/08\/16\/foto-skoda-horal-mtb-maraton-2023\/\" target=\"_blank\" rel=\"noopener\"><span style=\"font-weight: 400;\">Horal v\u00a0roku 2023<\/span><\/a><span style=\"font-weight: 400;\">. Povedal by som, \u017ee tak\u00e1 ide\u00e1lna tr\u00e9ningov\u00e1 pr\u00edprava.<\/span><\/p>\n<p><img loading=\"lazy\" decoding=\"async\" class=\"alignnone wp-image-19382 size-full\" src=\"https:\/\/d2p6e6u75xmxt8.cloudfront.net\/4\/2024\/07\/horal-11.webp\" alt=\"\u0160koda Horal MTB marat\u00f3n\" width=\"990\" height=\"660\" srcset=\"https:\/\/d2p6e6u75xmxt8.cloudfront.net\/4\/2024\/07\/horal-11.webp 990w, https:\/\/d2p6e6u75xmxt8.cloudfront.net\/4\/2024\/07\/horal-11-300x200.webp 300w, https:\/\/d2p6e6u75xmxt8.cloudfront.net\/4\/2024\/07\/horal-11-768x512.webp 768w, https:\/\/d2p6e6u75xmxt8.cloudfront.net\/4\/2024\/07\/horal-11-400x267.webp 400w, https:\/\/d2p6e6u75xmxt8.cloudfront.net\/4\/2024\/07\/horal-11-272x182.webp 272w\" sizes=\"auto, (max-width: 990px) 100vw, 990px\" \/><\/p>\n<p><span style=\"font-weight: 400;\">V\u0161etky trate v\u00e1s preved\u00fa kr\u00e1snym \u00fazem\u00edm <a href=\"https:\/\/www.welovecycling.com\/sk\/2023\/08\/10\/tip-na-vylet-ako-si-uzit-okolie-skoda-horal-mtb-maratonu-aj-mimo-pretekov\/\">NP N\u00edzke Tatry a\u00a0NP Slovensk\u00fd Raj<\/a>, ktor\u00e9 ur\u010dite stoja za n\u00e1v\u0161tevu. <strong>To, \u017ee sa organiz\u00e1torom podarilo \u201evybavi\u0165\u201c povolenie na Kr\u00e1\u013eov\u00fa ho\u013eu, si ale treba v\u00e1\u017ei\u0165.<\/strong> Preto tam pri jazde treba dba\u0165 na dodr\u017eiavanie v\u0161etk\u00fdch pravidiel a\u00a0nezanech\u00e1va\u0165 za sebou \u017eiadny odpad. Predsa len, mysl\u00edm, \u017ee ka\u017ed\u00fd cyklista bude r\u00e1d, ak sem budeme m\u00f4c\u0165 zav\u00edta\u0165 znova.\u00a0<\/span><\/p>\n<p><span style=\"font-weight: 400;\">\u010cas let\u00ed ako voda, preto n\u00e1m na dotr\u00e9novanie u\u017e ve\u013ea \u010dasu neost\u00e1va. Ak si ale netr\u00fafate na doslova KREJZI tra\u0165, st\u00e1le s\u00fa k dispoz\u00edcii tro\u0161ku pr\u00edvetivej\u0161ie mo\u017enosti. <strong>Pre mnoh\u00fdch bude v\u00fdzva aj tra\u0165 LEJZI 75km\/2 400 m, pr\u00edpadne parametrami marat\u00f3nska klasika vo forme SENZI 62 km\/1 900 m.<\/strong> Ale je tu aj \u00faplne naj\u013eah\u0161ia tra\u0165 \u00cdZI 30 km\/1000 m, ktor\u00fa m\u00f4\u017eete bra\u0165 ako prv\u00e9 zozn\u00e1menie sa s marat\u00f3nmi. A nezab\u00fada sa ani na najmen\u0161ie ratolesti s tra\u0165ou DEJZI.\u00a0<\/span><\/p>\n<p><img loading=\"lazy\" decoding=\"async\" class=\"alignnone size-full wp-image-19384\" src=\"https:\/\/d2p6e6u75xmxt8.cloudfront.net\/4\/2024\/07\/horal-1.webp\" alt=\"\" width=\"990\" height=\"514\" srcset=\"https:\/\/d2p6e6u75xmxt8.cloudfront.net\/4\/2024\/07\/horal-1.webp 990w, https:\/\/d2p6e6u75xmxt8.cloudfront.net\/4\/2024\/07\/horal-1-300x156.webp 300w, https:\/\/d2p6e6u75xmxt8.cloudfront.net\/4\/2024\/07\/horal-1-768x399.webp 768w, https:\/\/d2p6e6u75xmxt8.cloudfront.net\/4\/2024\/07\/horal-1-400x208.webp 400w\" sizes=\"auto, (max-width: 990px) 100vw, 990px\" \/><\/p>\n<h2><strong>&#8230;\u0161tart!<\/strong><\/h2>\n<p><span style=\"font-weight: 400;\">Z\u00e1zemie sa bude nach\u00e1dza\u0165 u\u017e klasicky v\u00a0meste Svit, ktor\u00e9 pon\u00faka ve\u013ekorys\u00fd priestor vr\u00e1tane cel\u00e9ho vybavenia pre samotn\u00fdch pretek\u00e1rov. Nako\u013eko ide o\u00a0s\u00e9riu pretekov \u0160koda Bike Open Tour, te\u0161i\u0165 sa m\u00f4\u017eete aj na bohat\u00fd sprievodn\u00fd program. To sa hod\u00ed, ak ide fandi\u0165 cel\u00e1 rodina pr\u00edpadne kamar\u00e1ti. Nudi\u0165 sa tu ur\u010dite nikto nebude. Viac inform\u00e1ci\u00ed k podujatiu \u0160koda Horal MTB marat\u00f3n n\u00e1jdete na <\/span><a href=\"https:\/\/www.welovecycling.com\/sk\/sbot\/horal.php\" target=\"_blank\" rel=\"noopener\"><span style=\"font-weight: 400;\">tomto odkaze<\/span><\/a><span style=\"font-weight: 400;\">.<\/span><\/p>\n<div data-rows=\"2\" id='gallery-1' class='gallery-rows-2 gallery galleryid-19370 gallery-columns-2 gallery-size-full'><figure class='gallery-item'>\n\t\t\t<div class='gallery-icon landscape'>\n\t\t\t\t<a href='https:\/\/d2p6e6u75xmxt8.cloudfront.net\/4\/2024\/07\/horal-7.webp'><img loading=\"lazy\" decoding=\"async\" width=\"990\" height=\"660\" src=\"https:\/\/d2p6e6u75xmxt8.cloudfront.net\/4\/2024\/07\/horal-7.webp\" class=\"attachment-full size-full\" alt=\"\" srcset=\"https:\/\/d2p6e6u75xmxt8.cloudfront.net\/4\/2024\/07\/horal-7.webp 990w, https:\/\/d2p6e6u75xmxt8.cloudfront.net\/4\/2024\/07\/horal-7-300x200.webp 300w, https:\/\/d2p6e6u75xmxt8.cloudfront.net\/4\/2024\/07\/horal-7-768x512.webp 768w, https:\/\/d2p6e6u75xmxt8.cloudfront.net\/4\/2024\/07\/horal-7-400x267.webp 400w, https:\/\/d2p6e6u75xmxt8.cloudfront.net\/4\/2024\/07\/horal-7-272x182.webp 272w\" sizes=\"auto, (max-width: 990px) 100vw, 990px\" \/><\/a>\n\t\t\t<\/div><\/figure><figure class='gallery-item'>\n\t\t\t<div class='gallery-icon landscape'>\n\t\t\t\t<a href='https:\/\/d2p6e6u75xmxt8.cloudfront.net\/4\/2024\/07\/horal-8.webp'><img loading=\"lazy\" decoding=\"async\" width=\"990\" height=\"660\" src=\"https:\/\/d2p6e6u75xmxt8.cloudfront.net\/4\/2024\/07\/horal-8.webp\" class=\"attachment-full size-full\" alt=\"\" srcset=\"https:\/\/d2p6e6u75xmxt8.cloudfront.net\/4\/2024\/07\/horal-8.webp 990w, https:\/\/d2p6e6u75xmxt8.cloudfront.net\/4\/2024\/07\/horal-8-300x200.webp 300w, https:\/\/d2p6e6u75xmxt8.cloudfront.net\/4\/2024\/07\/horal-8-768x512.webp 768w, https:\/\/d2p6e6u75xmxt8.cloudfront.net\/4\/2024\/07\/horal-8-400x267.webp 400w, https:\/\/d2p6e6u75xmxt8.cloudfront.net\/4\/2024\/07\/horal-8-272x182.webp 272w\" sizes=\"auto, (max-width: 990px) 100vw, 990px\" \/><\/a>\n\t\t\t<\/div><\/figure><figure class='gallery-item'>\n\t\t\t<div class='gallery-icon landscape'>\n\t\t\t\t<a href='https:\/\/d2p6e6u75xmxt8.cloudfront.net\/4\/2024\/07\/horal-9.webp'><img loading=\"lazy\" decoding=\"async\" width=\"990\" height=\"660\" src=\"https:\/\/d2p6e6u75xmxt8.cloudfront.net\/4\/2024\/07\/horal-9.webp\" class=\"attachment-full size-full\" alt=\"\" srcset=\"https:\/\/d2p6e6u75xmxt8.cloudfront.net\/4\/2024\/07\/horal-9.webp 990w, https:\/\/d2p6e6u75xmxt8.cloudfront.net\/4\/2024\/07\/horal-9-300x200.webp 300w, https:\/\/d2p6e6u75xmxt8.cloudfront.net\/4\/2024\/07\/horal-9-768x512.webp 768w, https:\/\/d2p6e6u75xmxt8.cloudfront.net\/4\/2024\/07\/horal-9-400x267.webp 400w, https:\/\/d2p6e6u75xmxt8.cloudfront.net\/4\/2024\/07\/horal-9-272x182.webp 272w\" sizes=\"auto, (max-width: 990px) 100vw, 990px\" \/><\/a>\n\t\t\t<\/div><\/figure><figure class='gallery-item'>\n\t\t\t<div class='gallery-icon landscape'>\n\t\t\t\t<a href='https:\/\/d2p6e6u75xmxt8.cloudfront.net\/4\/2024\/07\/horal-10.webp'><img loading=\"lazy\" decoding=\"async\" width=\"990\" height=\"660\" src=\"https:\/\/d2p6e6u75xmxt8.cloudfront.net\/4\/2024\/07\/horal-10.webp\" class=\"attachment-full size-full\" alt=\"\" srcset=\"https:\/\/d2p6e6u75xmxt8.cloudfront.net\/4\/2024\/07\/horal-10.webp 990w, https:\/\/d2p6e6u75xmxt8.cloudfront.net\/4\/2024\/07\/horal-10-300x200.webp 300w, https:\/\/d2p6e6u75xmxt8.cloudfront.net\/4\/2024\/07\/horal-10-768x512.webp 768w, https:\/\/d2p6e6u75xmxt8.cloudfront.net\/4\/2024\/07\/horal-10-400x267.webp 400w, https:\/\/d2p6e6u75xmxt8.cloudfront.net\/4\/2024\/07\/horal-10-272x182.webp 272w\" sizes=\"auto, (max-width: 990px) 100vw, 990px\" \/><\/a>\n\t\t\t<\/div><\/figure>\n\t\t<\/div>\n        \n<p><span style=\"font-weight: 400;\">Ver\u00edm, \u017ee si pr\u00eddete spolu so mnou vychutna\u0165 tento jedine\u010dn\u00fd marat\u00f3n v na\u0161ich kon\u010din\u00e1ch u\u017e <strong>10. augusta 2024!\u00a0<\/strong><\/span><\/p>\n<p><span style=\"font-weight: 400;\">Zdroj fotografi\u00ed: Peter Regec, Svetlana Skladan\u00e1<\/span><\/p>\n","protected":false},"excerpt":{"rendered":"<p>Ke\u010f som v roku 2022 za\u010dal s\u00a0marat\u00f3nmi, tak pojem Horal bol pre m\u0148a e\u0161te cudz\u00ed. Rok na to som ale [&hellip;]<\/p>\n","protected":false},"author":172,"featured_media":19380,"comment_status":"open","ping_status":"open","sticky":false,"template":"","format":"standard","meta":{"footnotes":""},"categories":[34],"tags":[211,180,41,412,1453,91,509,1615,542,214,523],"global-categories":[1074],"class_list":["post-19370","post","type-post","status-publish","format-standard","has-post-thumbnail","hentry","category-podujatia","tag-horal","tag-horska-cyklistika","tag-kratka-trat","tag-mtb","tag-mtb-jazda","tag-pozvanka","tag-rodina","tag-sezona-2024","tag-skoda","tag-skoda-horal-mtb-maraton","tag-slovensko","global-categories-cycling"],"yoast_head":"<!-- This site is optimized with the Yoast SEO Premium plugin v25.3 (Yoast SEO v25.9) - https:\/\/yoast.com\/wordpress\/plugins\/seo\/ -->\n<title>Pozv\u00e1nka: \u0160koda Horal MTB marat\u00f3n - najvy\u0161\u0161\u00ed vrchol sez\u00f3ny - \u0160koda We Love Cycling Slovensko<\/title>\n<meta name=\"description\" content=\"V roku 2022 mi bol pojem Horal e\u0161te cudz\u00ed. Rok na to som ale u\u017e vedel, \u017ee tu m\u00f4\u017eem n\u00e1js\u0165 naj\u0165a\u017e\u0161iu tra\u0165 na Slovensku.\" \/>\n<meta name=\"robots\" content=\"index, follow, max-snippet:-1, max-image-preview:large, max-video-preview:-1\" \/>\n<link rel=\"canonical\" href=\"https:\/\/www.welovecycling.com\/sk\/2024\/07\/10\/pozvanka-skoda-horal-mtb-maraton-najvyssi-vrchol-sezony\/\" \/>\n<meta property=\"og:locale\" content=\"sk_SK\" \/>\n<meta property=\"og:type\" content=\"article\" \/>\n<meta property=\"og:title\" content=\"Pozv\u00e1nka: \u0160koda Horal MTB marat\u00f3n - najvy\u0161\u0161\u00ed vrchol sez\u00f3ny\" \/>\n<meta property=\"og:description\" content=\"V roku 2022 mi bol pojem Horal e\u0161te cudz\u00ed. Rok na to som ale u\u017e vedel, \u017ee tu m\u00f4\u017eem n\u00e1js\u0165 naj\u0165a\u017e\u0161iu tra\u0165 na Slovensku.\" \/>\n<meta property=\"og:url\" content=\"https:\/\/www.welovecycling.com\/sk\/2024\/07\/10\/pozvanka-skoda-horal-mtb-maraton-najvyssi-vrchol-sezony\/\" \/>\n<meta property=\"og:site_name\" content=\"\u0160koda We Love Cycling Slovensko\" \/>\n<meta property=\"article:published_time\" content=\"2024-07-10T08:00:14+00:00\" \/>\n<meta property=\"article:modified_time\" content=\"2024-07-10T08:23:30+00:00\" \/>\n<meta property=\"og:image\" content=\"https:\/\/d2p6e6u75xmxt8.cloudfront.net\/4\/2024\/07\/horal-3.webp\" \/>\n\t<meta property=\"og:image:width\" content=\"990\" \/>\n\t<meta property=\"og:image:height\" content=\"660\" \/>\n\t<meta property=\"og:image:type\" content=\"image\/webp\" \/>\n<meta name=\"author\" content=\"dominika\" \/>\n<meta name=\"twitter:card\" content=\"summary_large_image\" \/>\n<meta name=\"twitter:label1\" content=\"Written by\" \/>\n\t<meta name=\"twitter:data1\" content=\"Erik Horv\u00e1th\" \/>\n\t<meta name=\"twitter:label2\" content=\"Est. reading time\" \/>\n\t<meta name=\"twitter:data2\" content=\"3\" \/>\n<script type=\"application\/ld+json\" class=\"yoast-schema-graph\">{\"@context\":\"https:\/\/schema.org\",\"@graph\":[{\"@type\":\"WebPage\",\"@id\":\"https:\/\/www.welovecycling.com\/sk\/2024\/07\/10\/pozvanka-skoda-horal-mtb-maraton-najvyssi-vrchol-sezony\/\",\"url\":\"https:\/\/www.welovecycling.com\/sk\/2024\/07\/10\/pozvanka-skoda-horal-mtb-maraton-najvyssi-vrchol-sezony\/\",\"name\":\"Pozv\u00e1nka: \u0160koda Horal MTB marat\u00f3n - najvy\u0161\u0161\u00ed vrchol sez\u00f3ny - \u0160koda We Love Cycling Slovensko\",\"isPartOf\":{\"@id\":\"https:\/\/www.welovecycling.com\/sk\/#website\"},\"primaryImageOfPage\":{\"@id\":\"https:\/\/www.welovecycling.com\/sk\/2024\/07\/10\/pozvanka-skoda-horal-mtb-maraton-najvyssi-vrchol-sezony\/#primaryimage\"},\"image\":{\"@id\":\"https:\/\/www.welovecycling.com\/sk\/2024\/07\/10\/pozvanka-skoda-horal-mtb-maraton-najvyssi-vrchol-sezony\/#primaryimage\"},\"thumbnailUrl\":\"https:\/\/d2p6e6u75xmxt8.cloudfront.net\/4\/2024\/07\/horal-3.webp\",\"datePublished\":\"2024-07-10T08:00:14+00:00\",\"dateModified\":\"2024-07-10T08:23:30+00:00\",\"author\":{\"@id\":\"https:\/\/www.welovecycling.com\/sk\/#\/schema\/person\/533b62b98b6c41bd5135ebfb1f742624\"},\"description\":\"V roku 2022 mi bol pojem Horal e\u0161te cudz\u00ed. Rok na to som ale u\u017e vedel, \u017ee tu m\u00f4\u017eem n\u00e1js\u0165 naj\u0165a\u017e\u0161iu tra\u0165 na Slovensku.\",\"breadcrumb\":{\"@id\":\"https:\/\/www.welovecycling.com\/sk\/2024\/07\/10\/pozvanka-skoda-horal-mtb-maraton-najvyssi-vrchol-sezony\/#breadcrumb\"},\"inLanguage\":\"sk-SK\",\"potentialAction\":[{\"@type\":\"ReadAction\",\"target\":[\"https:\/\/www.welovecycling.com\/sk\/2024\/07\/10\/pozvanka-skoda-horal-mtb-maraton-najvyssi-vrchol-sezony\/\"]}]},{\"@type\":\"ImageObject\",\"inLanguage\":\"sk-SK\",\"@id\":\"https:\/\/www.welovecycling.com\/sk\/2024\/07\/10\/pozvanka-skoda-horal-mtb-maraton-najvyssi-vrchol-sezony\/#primaryimage\",\"url\":\"https:\/\/d2p6e6u75xmxt8.cloudfront.net\/4\/2024\/07\/horal-3.webp\",\"contentUrl\":\"https:\/\/d2p6e6u75xmxt8.cloudfront.net\/4\/2024\/07\/horal-3.webp\",\"width\":990,\"height\":660,\"caption\":\"Horal 2024\"},{\"@type\":\"BreadcrumbList\",\"@id\":\"https:\/\/www.welovecycling.com\/sk\/2024\/07\/10\/pozvanka-skoda-horal-mtb-maraton-najvyssi-vrchol-sezony\/#breadcrumb\",\"itemListElement\":[{\"@type\":\"ListItem\",\"position\":1,\"name\":\"Home\",\"item\":\"https:\/\/www.welovecycling.com\/sk\/\"},{\"@type\":\"ListItem\",\"position\":2,\"name\":\"Pozv\u00e1nka: \u0160koda Horal MTB marat\u00f3n &#8211; najvy\u0161\u0161\u00ed vrchol sez\u00f3ny\"}]},{\"@type\":\"WebSite\",\"@id\":\"https:\/\/www.welovecycling.com\/sk\/#website\",\"url\":\"https:\/\/www.welovecycling.com\/sk\/\",\"name\":\"\u0160koda We Love Cycling Slovensko\",\"description\":\"\u0160koda We Love Cycling Slovensko je v\u00e1\u0161 ka\u017edodenn\u00fd zdroj noviniek a in\u0161pir\u00e1cie z sveta cyklistiky\",\"potentialAction\":[{\"@type\":\"SearchAction\",\"target\":{\"@type\":\"EntryPoint\",\"urlTemplate\":\"https:\/\/www.welovecycling.com\/sk\/?s={search_term_string}\"},\"query-input\":{\"@type\":\"PropertyValueSpecification\",\"valueRequired\":true,\"valueName\":\"search_term_string\"}}],\"inLanguage\":\"sk-SK\"},{\"@type\":\"Person\",\"@id\":\"https:\/\/www.welovecycling.com\/sk\/#\/schema\/person\/533b62b98b6c41bd5135ebfb1f742624\",\"name\":\"dominika\",\"image\":{\"@type\":\"ImageObject\",\"inLanguage\":\"sk-SK\",\"@id\":\"https:\/\/www.welovecycling.com\/sk\/#\/schema\/person\/image\/\",\"url\":\"https:\/\/secure.gravatar.com\/avatar\/ded6f274ba2ec3e17fff153f7d9d96a4b33c2cb63907f75d9a5309c599a7f3e6?s=96&d=mm&r=g\",\"contentUrl\":\"https:\/\/secure.gravatar.com\/avatar\/ded6f274ba2ec3e17fff153f7d9d96a4b33c2cb63907f75d9a5309c599a7f3e6?s=96&d=mm&r=g\",\"caption\":\"dominika\"},\"url\":\"https:\/\/www.welovecycling.com\/sk\/author\/dominika\/\"}]}<\/script>\n<!-- \/ Yoast SEO Premium plugin. -->","yoast_head_json":{"title":"Pozv\u00e1nka: \u0160koda Horal MTB marat\u00f3n - najvy\u0161\u0161\u00ed vrchol sez\u00f3ny - \u0160koda We Love Cycling Slovensko","description":"V roku 2022 mi bol pojem Horal e\u0161te cudz\u00ed. Rok na to som ale u\u017e vedel, \u017ee tu m\u00f4\u017eem n\u00e1js\u0165 naj\u0165a\u017e\u0161iu tra\u0165 na Slovensku.","robots":{"index":"index","follow":"follow","max-snippet":"max-snippet:-1","max-image-preview":"max-image-preview:large","max-video-preview":"max-video-preview:-1"},"canonical":"https:\/\/www.welovecycling.com\/sk\/2024\/07\/10\/pozvanka-skoda-horal-mtb-maraton-najvyssi-vrchol-sezony\/","og_locale":"sk_SK","og_type":"article","og_title":"Pozv\u00e1nka: \u0160koda Horal MTB marat\u00f3n - najvy\u0161\u0161\u00ed vrchol sez\u00f3ny","og_description":"V roku 2022 mi bol pojem Horal e\u0161te cudz\u00ed. Rok na to som ale u\u017e vedel, \u017ee tu m\u00f4\u017eem n\u00e1js\u0165 naj\u0165a\u017e\u0161iu tra\u0165 na Slovensku.","og_url":"https:\/\/www.welovecycling.com\/sk\/2024\/07\/10\/pozvanka-skoda-horal-mtb-maraton-najvyssi-vrchol-sezony\/","og_site_name":"\u0160koda We Love Cycling Slovensko","article_published_time":"2024-07-10T08:00:14+00:00","article_modified_time":"2024-07-10T08:23:30+00:00","og_image":[{"width":990,"height":660,"url":"https:\/\/d2p6e6u75xmxt8.cloudfront.net\/4\/2024\/07\/horal-3.webp","type":"image\/webp"}],"author":"dominika","twitter_card":"summary_large_image","twitter_misc":{"Written by":"Erik Horv\u00e1th","Est. reading time":"3"},"schema":{"@context":"https:\/\/schema.org","@graph":[{"@type":"WebPage","@id":"https:\/\/www.welovecycling.com\/sk\/2024\/07\/10\/pozvanka-skoda-horal-mtb-maraton-najvyssi-vrchol-sezony\/","url":"https:\/\/www.welovecycling.com\/sk\/2024\/07\/10\/pozvanka-skoda-horal-mtb-maraton-najvyssi-vrchol-sezony\/","name":"Pozv\u00e1nka: \u0160koda Horal MTB marat\u00f3n - najvy\u0161\u0161\u00ed vrchol sez\u00f3ny - \u0160koda We Love Cycling Slovensko","isPartOf":{"@id":"https:\/\/www.welovecycling.com\/sk\/#website"},"primaryImageOfPage":{"@id":"https:\/\/www.welovecycling.com\/sk\/2024\/07\/10\/pozvanka-skoda-horal-mtb-maraton-najvyssi-vrchol-sezony\/#primaryimage"},"image":{"@id":"https:\/\/www.welovecycling.com\/sk\/2024\/07\/10\/pozvanka-skoda-horal-mtb-maraton-najvyssi-vrchol-sezony\/#primaryimage"},"thumbnailUrl":"https:\/\/d2p6e6u75xmxt8.cloudfront.net\/4\/2024\/07\/horal-3.webp","datePublished":"2024-07-10T08:00:14+00:00","dateModified":"2024-07-10T08:23:30+00:00","author":{"@id":"https:\/\/www.welovecycling.com\/sk\/#\/schema\/person\/533b62b98b6c41bd5135ebfb1f742624"},"description":"V roku 2022 mi bol pojem Horal e\u0161te cudz\u00ed. Rok na to som ale u\u017e vedel, \u017ee tu m\u00f4\u017eem n\u00e1js\u0165 naj\u0165a\u017e\u0161iu tra\u0165 na Slovensku.","breadcrumb":{"@id":"https:\/\/www.welovecycling.com\/sk\/2024\/07\/10\/pozvanka-skoda-horal-mtb-maraton-najvyssi-vrchol-sezony\/#breadcrumb"},"inLanguage":"sk-SK","potentialAction":[{"@type":"ReadAction","target":["https:\/\/www.welovecycling.com\/sk\/2024\/07\/10\/pozvanka-skoda-horal-mtb-maraton-najvyssi-vrchol-sezony\/"]}]},{"@type":"ImageObject","inLanguage":"sk-SK","@id":"https:\/\/www.welovecycling.com\/sk\/2024\/07\/10\/pozvanka-skoda-horal-mtb-maraton-najvyssi-vrchol-sezony\/#primaryimage","url":"https:\/\/d2p6e6u75xmxt8.cloudfront.net\/4\/2024\/07\/horal-3.webp","contentUrl":"https:\/\/d2p6e6u75xmxt8.cloudfront.net\/4\/2024\/07\/horal-3.webp","width":990,"height":660,"caption":"Horal 2024"},{"@type":"BreadcrumbList","@id":"https:\/\/www.welovecycling.com\/sk\/2024\/07\/10\/pozvanka-skoda-horal-mtb-maraton-najvyssi-vrchol-sezony\/#breadcrumb","itemListElement":[{"@type":"ListItem","position":1,"name":"Home","item":"https:\/\/www.welovecycling.com\/sk\/"},{"@type":"ListItem","position":2,"name":"Pozv\u00e1nka: \u0160koda Horal MTB marat\u00f3n &#8211; najvy\u0161\u0161\u00ed vrchol sez\u00f3ny"}]},{"@type":"WebSite","@id":"https:\/\/www.welovecycling.com\/sk\/#website","url":"https:\/\/www.welovecycling.com\/sk\/","name":"\u0160koda We Love Cycling Slovensko","description":"\u0160koda We Love Cycling Slovensko je v\u00e1\u0161 ka\u017edodenn\u00fd zdroj noviniek a in\u0161pir\u00e1cie z sveta cyklistiky","potentialAction":[{"@type":"SearchAction","target":{"@type":"EntryPoint","urlTemplate":"https:\/\/www.welovecycling.com\/sk\/?s={search_term_string}"},"query-input":{"@type":"PropertyValueSpecification","valueRequired":true,"valueName":"search_term_string"}}],"inLanguage":"sk-SK"},{"@type":"Person","@id":"https:\/\/www.welovecycling.com\/sk\/#\/schema\/person\/533b62b98b6c41bd5135ebfb1f742624","name":"dominika","image":{"@type":"ImageObject","inLanguage":"sk-SK","@id":"https:\/\/www.welovecycling.com\/sk\/#\/schema\/person\/image\/","url":"https:\/\/secure.gravatar.com\/avatar\/ded6f274ba2ec3e17fff153f7d9d96a4b33c2cb63907f75d9a5309c599a7f3e6?s=96&d=mm&r=g","contentUrl":"https:\/\/secure.gravatar.com\/avatar\/ded6f274ba2ec3e17fff153f7d9d96a4b33c2cb63907f75d9a5309c599a7f3e6?s=96&d=mm&r=g","caption":"dominika"},"url":"https:\/\/www.welovecycling.com\/sk\/author\/dominika\/"}]}},"_links":{"self":[{"href":"https:\/\/www.welovecycling.com\/sk\/wp-json\/wp\/v2\/posts\/19370","targetHints":{"allow":["GET"]}}],"collection":[{"href":"https:\/\/www.welovecycling.com\/sk\/wp-json\/wp\/v2\/posts"}],"about":[{"href":"https:\/\/www.welovecycling.com\/sk\/wp-json\/wp\/v2\/types\/post"}],"author":[{"embeddable":true,"href":"https:\/\/www.welovecycling.com\/sk\/wp-json\/wp\/v2\/users\/172"}],"replies":[{"embeddable":true,"href":"https:\/\/www.welovecycling.com\/sk\/wp-json\/wp\/v2\/comments?post=19370"}],"version-history":[{"count":12,"href":"https:\/\/www.welovecycling.com\/sk\/wp-json\/wp\/v2\/posts\/19370\/revisions"}],"predecessor-version":[{"id":19383,"href":"https:\/\/www.welovecycling.com\/sk\/wp-json\/wp\/v2\/posts\/19370\/revisions\/19383"}],"wp:featuredmedia":[{"embeddable":true,"href":"https:\/\/www.welovecycling.com\/sk\/wp-json\/wp\/v2\/media\/19380"}],"wp:attachment":[{"href":"https:\/\/www.welovecycling.com\/sk\/wp-json\/wp\/v2\/media?parent=19370"}],"wp:term":[{"taxonomy":"category","embeddable":true,"href":"https:\/\/www.welovecycling.com\/sk\/wp-json\/wp\/v2\/categories?post=19370"},{"taxonomy":"post_tag","embeddable":true,"href":"https:\/\/www.welovecycling.com\/sk\/wp-json\/wp\/v2\/tags?post=19370"},{"taxonomy":"global-categories","embeddable":true,"href":"https:\/\/www.welovecycling.com\/sk\/wp-json\/wp\/v2\/global-categories?post=19370"}],"curies":[{"name":"wp","href":"https:\/\/api.w.org\/{rel}","templated":true}]}}