{"id":19356,"date":"2024-07-05T09:00:11","date_gmt":"2024-07-05T07:00:11","guid":{"rendered":"https:\/\/www.welovecycling.com\/sk\/?p=19356"},"modified":"2024-07-03T13:35:03","modified_gmt":"2024-07-03T11:35:03","slug":"ako-si-zvolit-najvhodnejsi-cas-na-cyklistiku","status":"publish","type":"post","link":"https:\/\/www.welovecycling.com\/sk\/2024\/07\/05\/ako-si-zvolit-najvhodnejsi-cas-na-cyklistiku\/","title":{"rendered":"Ako si zvoli\u0165 najvhodnej\u0161\u00ed \u010das na cyklistiku"},"content":{"rendered":"<p><strong>Rozm\u00fd\u0161\u013eate, \u010di je lep\u0161ie \u00eds\u0165 na bicykel skoro r\u00e1no, vtesna\u0165 jazdu do harmonogramu niekedy okolo obeda alebo si to necha\u0165 na ve\u010der? Ka\u017ed\u00e1 z t\u00fdchto mo\u017enost\u00ed m\u00e1 svoje pozit\u00edva aj negat\u00edva. Pom\u00f4\u017eeme v\u00e1m n\u00e1js\u0165 pre v\u00e1s t\u00fa najlep\u0161iu.<\/strong><\/p>\n<p><!--more--><\/p>\n<h2><b>\u010cas d\u0148a nie je pre v\u00fdkon d\u00f4le\u017eit\u00fd<\/b><\/h2>\n<p><span style=\"font-weight: 400;\">Nie je \u0165a\u017ek\u00e9 n\u00e1js\u0165 argumenty pre podporu toho, \u017ee rann\u00fd tr\u00e9ning je lep\u0161\u00ed ako poobedn\u00fd a naopak. Pri poh\u013eade na v\u00fdskum sa v\u0161ak nezd\u00e1, \u017ee na to existuj\u00fa dostato\u010dn\u00e9 d\u00f4kazy. <a href=\"https:\/\/www.ncbi.nlm.nih.gov\/pmc\/articles\/PMC10198889\/\" target=\"_blank\" rel=\"noopener\">Metaanal\u00fdzy z roku 2022<\/a> a tie\u017e z roku <a href=\"https:\/\/www.ncbi.nlm.nih.gov\/pmc\/articles\/PMC9116725\/\" target=\"_blank\" rel=\"noopener\">2023<\/a> dospeli k z\u00e1veru, \u017ee na tr\u00e9ning neexistuje najlep\u0161\u00ed \u010das, ktor\u00fd by viedol k v\u00e4\u010d\u0161iemu zlep\u0161eniu zdravia alebo v\u00fdkonu.<\/span><\/p>\n<p><span style=\"font-weight: 400;\">Okrem vedeck\u00fdch d\u00f4kazov je tie\u017e dobr\u00e9 poznamena\u0165, \u017ee profesion\u00e1lni cyklisti st\u00e1le tr\u00e9nuj\u00fa v r\u00f4znych \u010dasoch.<strong> Ak by tr\u00e9ning v konkr\u00e9tnu dobu mal v\u00e4\u010d\u0161\u00ed pr\u00ednos pre v\u00fdkon alebo zdravie, \u010dasom by v\u00e4\u010d\u0161ina profesion\u00e1lov za\u010dala tr\u00e9nova\u0165 v\u00fdlu\u010dne v danom \u010dase.\u00a0<\/strong><\/span><\/p>\n<p><span style=\"font-weight: 400;\">Znamen\u00e1 to teda, \u017ee n\u00e1js\u0165 najlep\u0161\u00ed \u010das d\u0148a na cyklistiku nie je o <a href=\"https:\/\/www.welovecycling.com\/sk\/2021\/11\/15\/kolko-hodin-tyzdenne-by-ste-mali-jazdit\/\" target=\"_blank\" rel=\"noopener\">maximaliz\u00e1cii v\u00fdkonu<\/a> alebo zdravia. Ide sk\u00f4r o to n\u00e1js\u0165 si \u010das, ktor\u00fd zapadne do v\u00e1\u0161ho harmonogramu a umo\u017en\u00ed v\u00e1m zosta\u0165 konzistentn\u00fd v tr\u00e9ningu a z\u00e1rove\u0148 si to budete vedie\u0165 zos\u00faladi\u0165 s va\u0161\u00edm osobn\u00fdm a pracovn\u00fdm \u017eivotom.<\/span><\/p>\n<h2><b>Bicyklovanie pred pr\u00e1cou<\/b><\/h2>\n<p><span style=\"font-weight: 400;\">Ak p\u00f4jdete na rann\u00fa jazdu, budete sa c\u00edti\u0165, \u017ee ste lep\u0161\u00ed ako t\u00ed, ktor\u00ed s\u00fa e\u0161te st\u00e1le v posteli. <strong>Spolo\u010dnos\u0165 m\u00e1 rann\u00e9 vt\u00e1\u010dat\u00e1 v l\u00e1ske, ale nenechajte sa t\u00fdm oklama\u0165.<\/strong> Ako u\u017e viete, \u010das je irelevantn\u00fd, pokia\u013e ide o zdravie alebo v\u00fdkon. D\u00f4le\u017eit\u00e9 je, \u010di v\u00e1m tento \u010das vyhovuje. Tu je nieko\u013eko pozit\u00edv a negat\u00edv, ktor\u00e9 v\u00e1m pom\u00f4\u017eu zisti\u0165, \u010di je tento \u010das pre v\u00e1s ten prav\u00fd.<\/span><\/p>\n<h4 style=\"font-weight: 400;\"><strong>Pozit\u00edva<\/strong><\/h4>\n<ul>\n<li style=\"font-weight: 400;\" aria-level=\"1\"><span style=\"font-weight: 400;\"><em>Konzistentnos\u0165:<\/em> Tr\u00e9ning stihnete predt\u00fdm, ako v\u00e1m nie\u010do m\u00f4\u017ee pokazi\u0165 pl\u00e1ny.<\/span><\/li>\n<li style=\"font-weight: 400;\" aria-level=\"1\"><span style=\"font-weight: 400;\"><em>Rann\u00e1 n\u00e1lada:<\/em> Za\u010dnite svoj de\u0148 s mno\u017estvom endorf\u00ednov, ktor\u00e9 v\u00e1m pom\u00f4\u017eu k dobrej du\u0161evnej pohode. Budete sa tak c\u00edti\u0165 od r\u00e1na dobre.<\/span><\/li>\n<\/ul>\n<h4 style=\"font-weight: 400;\"><strong>Negat\u00edva<\/strong><\/h4>\n<ul>\n<li style=\"font-weight: 400;\" aria-level=\"1\"><span style=\"font-weight: 400;\"><em>Skor\u00e9 vst\u00e1vanie:<\/em> Skor\u00e9 vst\u00e1vanie je nani\u010d, najm\u00e4 pre no\u010dn\u00e9 sovy.<\/span><\/li>\n<li style=\"font-weight: 400;\" aria-level=\"1\"><span style=\"font-weight: 400;\"><em>Jedlo pred jazdou:<\/em> Pred skorou rannou jazdou m\u00f4\u017ee by\u0165 \u0165a\u017ek\u00e9 sa najes\u0165, najm\u00e4 ak m\u00e1te napl\u00e1novan\u00e9 intervaly.<\/span><\/li>\n<li style=\"font-weight: 400;\" aria-level=\"1\"><span style=\"font-weight: 400;\"><em>Preru\u0161enie sp\u00e1nku:<\/em> Riskujete, \u017ee pravidelne nebudete ma\u0165 dostatok sp\u00e1nku, ak nep\u00f4jdete spa\u0165 dos\u0165 skoro.<\/span><\/li>\n<\/ul>\n<h2><b>Bicyklovanie po\u010das d\u0148a<\/b><\/h2>\n<p><span style=\"font-weight: 400;\"><strong>Toto si nem\u00f4\u017ee dovoli\u0165 ka\u017ed\u00fd pracuj\u00faci \u010dlovek.<\/strong> Najm\u00e4 nie tak\u00fd, ktor\u00fd potrebuje pracova\u0165 dlho a nepreru\u0161ene, \u010di tak\u00fd, ktor\u00fd si nem\u00f4\u017ee s\u00e1m vybra\u0165, kedy si d\u00e1 dlh\u0161iu pauzu. Na druhej strane \u013eudia, ktor\u00ed s\u00fa na vo\u013enej nohe, podnikaj\u00fa alebo pracuj\u00fa ako mana\u017e\u00e9ri, maj\u00fa \u010dasto mo\u017enos\u0165 rozdeli\u0165 si de\u0148 do blokov. Tak maj\u00fa priestor napr\u00edklad na polud\u0148aj\u0161iu jazdu. Ak v\u00e1s teda rann\u00e1 jazda nel\u00e1ka, poludnie m\u00f4\u017ee by\u0165 lep\u0161ie.<\/span><\/p>\n<h4 style=\"font-weight: 400;\"><strong>Pozit\u00edva<\/strong><\/h4>\n<ul>\n<li style=\"font-weight: 400;\" aria-level=\"1\"><span style=\"font-weight: 400;\"><em>Prest\u00e1vka v pr\u00e1ci:<\/em> Poskytuje du\u0161evn\u00fa a fyzick\u00fa prest\u00e1vku v pr\u00e1ci, m\u00f4\u017ee v\u00e1s nabi\u0165 energiou na zvy\u0161ok pracovn\u00e9ho d\u0148a.<\/span><\/li>\n<li style=\"font-weight: 400;\" aria-level=\"1\"><span style=\"font-weight: 400;\"><em>Efekt\u00edvnos\u0165:<\/em> Dobr\u00e9 vyu\u017eitie obed\u0148aj\u0161ej prest\u00e1vky a maxim\u00e1lne vyu\u017eitie denn\u00e9ho svetla.<\/span><\/li>\n<\/ul>\n<h4 style=\"font-weight: 400;\"><strong>Negat\u00edva<\/strong><\/h4>\n<ul>\n<li style=\"font-weight: 400;\" aria-level=\"1\"><span style=\"font-weight: 400;\"><em>Pot:<\/em> Pred n\u00e1vratom do pr\u00e1ce mus\u00edte ma\u0165 k dispoz\u00edcii sprchu.<\/span><\/li>\n<li style=\"font-weight: 400;\" aria-level=\"1\"><span style=\"font-weight: 400;\"><em>\u00danava po jazde:<\/em> Ak to pre\u017eeniete, m\u00f4\u017eete sa po zvy\u0161ok pracovn\u00e9ho d\u0148a c\u00edti\u0165 unaven\u00ed namiesto toho, aby ste mali viac energie.<\/span><\/li>\n<li style=\"font-weight: 400;\" aria-level=\"1\"><span style=\"font-weight: 400;\"><em>Logistika:<\/em> V pr\u00e1ci mus\u00edte ma\u0165 kam ulo\u017ei\u0165 bicykel a cyklistick\u00e9 potreby.<\/span><\/li>\n<\/ul>\n<h2><b>Bicyklovanie po pr\u00e1ci<\/b><\/h2>\n<p><span style=\"font-weight: 400;\">Bicyklovanie po pr\u00e1ci je <strong>pravdepodobne najbe\u017enej\u0161ou mo\u017enos\u0165ou pre priemern\u00e9ho amat\u00e9rskeho cyklistu.<\/strong> Je to najdlh\u0161\u00ed \u010dasov\u00fd \u00fasek medzi pr\u00e1cou a sp\u00e1nkom. Ale to, \u017ee to rob\u00ed v\u00e4\u010d\u0161ina \u013eud\u00ed, neznamen\u00e1, \u017ee je to to prav\u00e9 aj pre v\u00e1s.<\/span><\/p>\n<h4 style=\"font-weight: 400;\"><strong>Pozit\u00edva<\/strong><\/h4>\n<ul>\n<li style=\"font-weight: 400;\" aria-level=\"1\"><span style=\"font-weight: 400;\"><em>Sp\u00f4sob dekompresie:<\/em> M\u00f4\u017ee v\u00e1m pom\u00f4c\u0165 uvo\u013eni\u0165 sa a zmierni\u0165 stres po dlhom pracovnom dni.<\/span><\/li>\n<li style=\"font-weight: 400;\" aria-level=\"1\"><span style=\"font-weight: 400;\">Spolo\u010dnos\u0165: Ve\u010der je jednoduch\u0161ie pripoji\u0165 sa k skupinov\u00fdm jazd\u00e1m alebo cyklistick\u00fdm klubom.<\/span><\/li>\n<\/ul>\n<h4 style=\"font-weight: 400;\"><strong>Negat\u00edva<br \/>\n<\/strong><\/h4>\n<ul>\n<li style=\"font-weight: 400;\" aria-level=\"1\"><span style=\"font-weight: 400;\">\u00danava: Po dlhom dni v pr\u00e1ci sa m\u00f4\u017eete c\u00edti\u0165 pr\u00edli\u0161 unaven\u00ed a demotivovan\u00ed, \u010do vedie k ni\u017e\u0161ej kvalite alebo vynechaniu tr\u00e9ningov.<\/span><\/li>\n<li style=\"font-weight: 400;\" aria-level=\"1\"><span style=\"font-weight: 400;\">\u010casov\u00fd mana\u017ement: Ve\u010dern\u00fd \u010das je najviac napadnut\u00fd in\u00fdmi osobn\u00fdmi, rodinn\u00fdmi a spolo\u010densk\u00fdmi z\u00e1v\u00e4zkami, \u010do \u010falej zvy\u0161uje riziko vynechan\u00fdch tr\u00e9ningov.<\/span><\/li>\n<li style=\"font-weight: 400;\" aria-level=\"1\"><span style=\"font-weight: 400;\">Preru\u0161enie sp\u00e1nku: Niektor\u00ed \u013eudia maj\u00fa hor\u0161\u00ed sp\u00e1nok, ak cvi\u010dia nesk\u00f4r ve\u010der.<\/span><\/li>\n<\/ul>\n<p><span style=\"font-weight: 400;\">D\u00fafame, \u017ee tento \u010dl\u00e1nok v\u00e1m pomohol uisti\u0165 sa v tom, \u017ee <strong>na cvi\u010denie si nemus\u00edte h\u013eada\u0165 nejak\u00fd ide\u00e1lny \u010das d\u0148a.<\/strong> Jednoducho sa pozrite, ktor\u00e1 denn\u00e1 doba je pre v\u00e1s najvhodnej\u0161ia a bu\u010fte jej vern\u00ed. Konzistencia je to, \u010do produkuje najlep\u0161ie tr\u00e9ningov\u00e9 a zdravotn\u00e9 v\u00fdsledky.<\/span><\/p>\n","protected":false},"excerpt":{"rendered":"<p>Rozm\u00fd\u0161\u013eate, \u010di je lep\u0161ie \u00eds\u0165 na bicykel skoro r\u00e1no, vtesna\u0165 jazdu do harmonogramu niekedy okolo obeda alebo si to necha\u0165 [&hellip;]<\/p>\n","protected":false},"author":172,"featured_media":14392,"comment_status":"open","ping_status":"open","sticky":false,"template":"","format":"standard","meta":{"footnotes":""},"categories":[2],"tags":[559,619,115,546,1307,180,1481,55,161,623],"global-categories":[],"class_list":["post-19356","post","type-post","status-publish","format-standard","has-post-thumbnail","hentry","category-zdravie-trening","tag-bicykel","tag-bicyklovanie","tag-cestna-cyklistika","tag-cyklistika","tag-domaci-trening","tag-horska-cyklistika","tag-jazda-na-bicykli","tag-trening","tag-zdravie","tag-zdravy-zivotny-styl"],"yoast_head":"<!-- This site is optimized with the Yoast SEO Premium plugin v25.3 (Yoast SEO v25.9) - https:\/\/yoast.com\/wordpress\/plugins\/seo\/ -->\n<title>Ako si zvoli\u0165 najvhodnej\u0161\u00ed \u010das na cyklistiku - \u0160koda We Love Cycling Slovensko<\/title>\n<meta name=\"description\" content=\"Je lep\u0161ie \u00eds\u0165 na bicykel skoro r\u00e1no, vtesna\u0165 jazdu do harmonogramu niekedy okolo obeda alebo si to necha\u0165 na ve\u010der? Po\u010fme sa na to pozrie\u0165!\" \/>\n<meta name=\"robots\" content=\"index, follow, max-snippet:-1, max-image-preview:large, max-video-preview:-1\" \/>\n<link rel=\"canonical\" href=\"https:\/\/www.welovecycling.com\/sk\/2024\/07\/05\/ako-si-zvolit-najvhodnejsi-cas-na-cyklistiku\/\" \/>\n<meta property=\"og:locale\" content=\"sk_SK\" \/>\n<meta property=\"og:type\" content=\"article\" \/>\n<meta property=\"og:title\" content=\"Ako si zvoli\u0165 najvhodnej\u0161\u00ed \u010das na cyklistiku\" \/>\n<meta property=\"og:description\" content=\"Je lep\u0161ie \u00eds\u0165 na bicykel skoro r\u00e1no, vtesna\u0165 jazdu do harmonogramu niekedy okolo obeda alebo si to necha\u0165 na ve\u010der? Po\u010fme sa na to pozrie\u0165!\" \/>\n<meta property=\"og:url\" content=\"https:\/\/www.welovecycling.com\/sk\/2024\/07\/05\/ako-si-zvolit-najvhodnejsi-cas-na-cyklistiku\/\" \/>\n<meta property=\"og:site_name\" content=\"\u0160koda We Love Cycling Slovensko\" \/>\n<meta property=\"article:published_time\" content=\"2024-07-05T07:00:11+00:00\" \/>\n<meta property=\"og:image\" content=\"https:\/\/d2p6e6u75xmxt8.cloudfront.net\/4\/2022\/05\/Road-Cyclist-profimedia-0555487528-CVR.webp\" \/>\n\t<meta property=\"og:image:width\" content=\"1366\" \/>\n\t<meta property=\"og:image:height\" content=\"600\" \/>\n\t<meta property=\"og:image:type\" content=\"image\/webp\" \/>\n<meta name=\"author\" content=\"dominika\" \/>\n<meta name=\"twitter:card\" content=\"summary_large_image\" \/>\n<meta name=\"twitter:label1\" content=\"Written by\" \/>\n\t<meta name=\"twitter:data1\" content=\"Ji\u0159\u00ed Kaloc\" \/>\n\t<meta name=\"twitter:label2\" content=\"Est. reading time\" \/>\n\t<meta name=\"twitter:data2\" content=\"3\" \/>\n<script type=\"application\/ld+json\" class=\"yoast-schema-graph\">{\"@context\":\"https:\/\/schema.org\",\"@graph\":[{\"@type\":\"WebPage\",\"@id\":\"https:\/\/www.welovecycling.com\/sk\/2024\/07\/05\/ako-si-zvolit-najvhodnejsi-cas-na-cyklistiku\/\",\"url\":\"https:\/\/www.welovecycling.com\/sk\/2024\/07\/05\/ako-si-zvolit-najvhodnejsi-cas-na-cyklistiku\/\",\"name\":\"Ako si zvoli\u0165 najvhodnej\u0161\u00ed \u010das na cyklistiku - \u0160koda We Love Cycling Slovensko\",\"isPartOf\":{\"@id\":\"https:\/\/www.welovecycling.com\/sk\/#website\"},\"primaryImageOfPage\":{\"@id\":\"https:\/\/www.welovecycling.com\/sk\/2024\/07\/05\/ako-si-zvolit-najvhodnejsi-cas-na-cyklistiku\/#primaryimage\"},\"image\":{\"@id\":\"https:\/\/www.welovecycling.com\/sk\/2024\/07\/05\/ako-si-zvolit-najvhodnejsi-cas-na-cyklistiku\/#primaryimage\"},\"thumbnailUrl\":\"https:\/\/d2p6e6u75xmxt8.cloudfront.net\/4\/2022\/05\/Road-Cyclist-profimedia-0555487528-CVR.webp\",\"datePublished\":\"2024-07-05T07:00:11+00:00\",\"author\":{\"@id\":\"https:\/\/www.welovecycling.com\/sk\/#\/schema\/person\/533b62b98b6c41bd5135ebfb1f742624\"},\"description\":\"Je lep\u0161ie \u00eds\u0165 na bicykel skoro r\u00e1no, vtesna\u0165 jazdu do harmonogramu niekedy okolo obeda alebo si to necha\u0165 na ve\u010der? Po\u010fme sa na to pozrie\u0165!\",\"breadcrumb\":{\"@id\":\"https:\/\/www.welovecycling.com\/sk\/2024\/07\/05\/ako-si-zvolit-najvhodnejsi-cas-na-cyklistiku\/#breadcrumb\"},\"inLanguage\":\"sk-SK\",\"potentialAction\":[{\"@type\":\"ReadAction\",\"target\":[\"https:\/\/www.welovecycling.com\/sk\/2024\/07\/05\/ako-si-zvolit-najvhodnejsi-cas-na-cyklistiku\/\"]}]},{\"@type\":\"ImageObject\",\"inLanguage\":\"sk-SK\",\"@id\":\"https:\/\/www.welovecycling.com\/sk\/2024\/07\/05\/ako-si-zvolit-najvhodnejsi-cas-na-cyklistiku\/#primaryimage\",\"url\":\"https:\/\/d2p6e6u75xmxt8.cloudfront.net\/4\/2022\/05\/Road-Cyclist-profimedia-0555487528-CVR.webp\",\"contentUrl\":\"https:\/\/d2p6e6u75xmxt8.cloudfront.net\/4\/2022\/05\/Road-Cyclist-profimedia-0555487528-CVR.webp\",\"width\":1366,\"height\":600,\"caption\":\"bicyklovanie\"},{\"@type\":\"BreadcrumbList\",\"@id\":\"https:\/\/www.welovecycling.com\/sk\/2024\/07\/05\/ako-si-zvolit-najvhodnejsi-cas-na-cyklistiku\/#breadcrumb\",\"itemListElement\":[{\"@type\":\"ListItem\",\"position\":1,\"name\":\"Home\",\"item\":\"https:\/\/www.welovecycling.com\/sk\/\"},{\"@type\":\"ListItem\",\"position\":2,\"name\":\"Ako si zvoli\u0165 najvhodnej\u0161\u00ed \u010das na cyklistiku\"}]},{\"@type\":\"WebSite\",\"@id\":\"https:\/\/www.welovecycling.com\/sk\/#website\",\"url\":\"https:\/\/www.welovecycling.com\/sk\/\",\"name\":\"\u0160koda We Love Cycling Slovensko\",\"description\":\"\u0160koda We Love Cycling Slovensko je v\u00e1\u0161 ka\u017edodenn\u00fd zdroj noviniek a in\u0161pir\u00e1cie z sveta cyklistiky\",\"potentialAction\":[{\"@type\":\"SearchAction\",\"target\":{\"@type\":\"EntryPoint\",\"urlTemplate\":\"https:\/\/www.welovecycling.com\/sk\/?s={search_term_string}\"},\"query-input\":{\"@type\":\"PropertyValueSpecification\",\"valueRequired\":true,\"valueName\":\"search_term_string\"}}],\"inLanguage\":\"sk-SK\"},{\"@type\":\"Person\",\"@id\":\"https:\/\/www.welovecycling.com\/sk\/#\/schema\/person\/533b62b98b6c41bd5135ebfb1f742624\",\"name\":\"dominika\",\"image\":{\"@type\":\"ImageObject\",\"inLanguage\":\"sk-SK\",\"@id\":\"https:\/\/www.welovecycling.com\/sk\/#\/schema\/person\/image\/\",\"url\":\"https:\/\/secure.gravatar.com\/avatar\/ded6f274ba2ec3e17fff153f7d9d96a4b33c2cb63907f75d9a5309c599a7f3e6?s=96&d=mm&r=g\",\"contentUrl\":\"https:\/\/secure.gravatar.com\/avatar\/ded6f274ba2ec3e17fff153f7d9d96a4b33c2cb63907f75d9a5309c599a7f3e6?s=96&d=mm&r=g\",\"caption\":\"dominika\"},\"url\":\"https:\/\/www.welovecycling.com\/sk\/author\/dominika\/\"}]}<\/script>\n<!-- \/ Yoast SEO Premium plugin. -->","yoast_head_json":{"title":"Ako si zvoli\u0165 najvhodnej\u0161\u00ed \u010das na cyklistiku - \u0160koda We Love Cycling Slovensko","description":"Je lep\u0161ie \u00eds\u0165 na bicykel skoro r\u00e1no, vtesna\u0165 jazdu do harmonogramu niekedy okolo obeda alebo si to necha\u0165 na ve\u010der? Po\u010fme sa na to pozrie\u0165!","robots":{"index":"index","follow":"follow","max-snippet":"max-snippet:-1","max-image-preview":"max-image-preview:large","max-video-preview":"max-video-preview:-1"},"canonical":"https:\/\/www.welovecycling.com\/sk\/2024\/07\/05\/ako-si-zvolit-najvhodnejsi-cas-na-cyklistiku\/","og_locale":"sk_SK","og_type":"article","og_title":"Ako si zvoli\u0165 najvhodnej\u0161\u00ed \u010das na cyklistiku","og_description":"Je lep\u0161ie \u00eds\u0165 na bicykel skoro r\u00e1no, vtesna\u0165 jazdu do harmonogramu niekedy okolo obeda alebo si to necha\u0165 na ve\u010der? Po\u010fme sa na to pozrie\u0165!","og_url":"https:\/\/www.welovecycling.com\/sk\/2024\/07\/05\/ako-si-zvolit-najvhodnejsi-cas-na-cyklistiku\/","og_site_name":"\u0160koda We Love Cycling Slovensko","article_published_time":"2024-07-05T07:00:11+00:00","og_image":[{"width":1366,"height":600,"url":"https:\/\/d2p6e6u75xmxt8.cloudfront.net\/4\/2022\/05\/Road-Cyclist-profimedia-0555487528-CVR.webp","type":"image\/webp"}],"author":"dominika","twitter_card":"summary_large_image","twitter_misc":{"Written by":"Ji\u0159\u00ed Kaloc","Est. reading time":"3"},"schema":{"@context":"https:\/\/schema.org","@graph":[{"@type":"WebPage","@id":"https:\/\/www.welovecycling.com\/sk\/2024\/07\/05\/ako-si-zvolit-najvhodnejsi-cas-na-cyklistiku\/","url":"https:\/\/www.welovecycling.com\/sk\/2024\/07\/05\/ako-si-zvolit-najvhodnejsi-cas-na-cyklistiku\/","name":"Ako si zvoli\u0165 najvhodnej\u0161\u00ed \u010das na cyklistiku - \u0160koda We Love Cycling Slovensko","isPartOf":{"@id":"https:\/\/www.welovecycling.com\/sk\/#website"},"primaryImageOfPage":{"@id":"https:\/\/www.welovecycling.com\/sk\/2024\/07\/05\/ako-si-zvolit-najvhodnejsi-cas-na-cyklistiku\/#primaryimage"},"image":{"@id":"https:\/\/www.welovecycling.com\/sk\/2024\/07\/05\/ako-si-zvolit-najvhodnejsi-cas-na-cyklistiku\/#primaryimage"},"thumbnailUrl":"https:\/\/d2p6e6u75xmxt8.cloudfront.net\/4\/2022\/05\/Road-Cyclist-profimedia-0555487528-CVR.webp","datePublished":"2024-07-05T07:00:11+00:00","author":{"@id":"https:\/\/www.welovecycling.com\/sk\/#\/schema\/person\/533b62b98b6c41bd5135ebfb1f742624"},"description":"Je lep\u0161ie \u00eds\u0165 na bicykel skoro r\u00e1no, vtesna\u0165 jazdu do harmonogramu niekedy okolo obeda alebo si to necha\u0165 na ve\u010der? Po\u010fme sa na to pozrie\u0165!","breadcrumb":{"@id":"https:\/\/www.welovecycling.com\/sk\/2024\/07\/05\/ako-si-zvolit-najvhodnejsi-cas-na-cyklistiku\/#breadcrumb"},"inLanguage":"sk-SK","potentialAction":[{"@type":"ReadAction","target":["https:\/\/www.welovecycling.com\/sk\/2024\/07\/05\/ako-si-zvolit-najvhodnejsi-cas-na-cyklistiku\/"]}]},{"@type":"ImageObject","inLanguage":"sk-SK","@id":"https:\/\/www.welovecycling.com\/sk\/2024\/07\/05\/ako-si-zvolit-najvhodnejsi-cas-na-cyklistiku\/#primaryimage","url":"https:\/\/d2p6e6u75xmxt8.cloudfront.net\/4\/2022\/05\/Road-Cyclist-profimedia-0555487528-CVR.webp","contentUrl":"https:\/\/d2p6e6u75xmxt8.cloudfront.net\/4\/2022\/05\/Road-Cyclist-profimedia-0555487528-CVR.webp","width":1366,"height":600,"caption":"bicyklovanie"},{"@type":"BreadcrumbList","@id":"https:\/\/www.welovecycling.com\/sk\/2024\/07\/05\/ako-si-zvolit-najvhodnejsi-cas-na-cyklistiku\/#breadcrumb","itemListElement":[{"@type":"ListItem","position":1,"name":"Home","item":"https:\/\/www.welovecycling.com\/sk\/"},{"@type":"ListItem","position":2,"name":"Ako si zvoli\u0165 najvhodnej\u0161\u00ed \u010das na cyklistiku"}]},{"@type":"WebSite","@id":"https:\/\/www.welovecycling.com\/sk\/#website","url":"https:\/\/www.welovecycling.com\/sk\/","name":"\u0160koda We Love Cycling Slovensko","description":"\u0160koda We Love Cycling Slovensko je v\u00e1\u0161 ka\u017edodenn\u00fd zdroj noviniek a in\u0161pir\u00e1cie z sveta cyklistiky","potentialAction":[{"@type":"SearchAction","target":{"@type":"EntryPoint","urlTemplate":"https:\/\/www.welovecycling.com\/sk\/?s={search_term_string}"},"query-input":{"@type":"PropertyValueSpecification","valueRequired":true,"valueName":"search_term_string"}}],"inLanguage":"sk-SK"},{"@type":"Person","@id":"https:\/\/www.welovecycling.com\/sk\/#\/schema\/person\/533b62b98b6c41bd5135ebfb1f742624","name":"dominika","image":{"@type":"ImageObject","inLanguage":"sk-SK","@id":"https:\/\/www.welovecycling.com\/sk\/#\/schema\/person\/image\/","url":"https:\/\/secure.gravatar.com\/avatar\/ded6f274ba2ec3e17fff153f7d9d96a4b33c2cb63907f75d9a5309c599a7f3e6?s=96&d=mm&r=g","contentUrl":"https:\/\/secure.gravatar.com\/avatar\/ded6f274ba2ec3e17fff153f7d9d96a4b33c2cb63907f75d9a5309c599a7f3e6?s=96&d=mm&r=g","caption":"dominika"},"url":"https:\/\/www.welovecycling.com\/sk\/author\/dominika\/"}]}},"_links":{"self":[{"href":"https:\/\/www.welovecycling.com\/sk\/wp-json\/wp\/v2\/posts\/19356","targetHints":{"allow":["GET"]}}],"collection":[{"href":"https:\/\/www.welovecycling.com\/sk\/wp-json\/wp\/v2\/posts"}],"about":[{"href":"https:\/\/www.welovecycling.com\/sk\/wp-json\/wp\/v2\/types\/post"}],"author":[{"embeddable":true,"href":"https:\/\/www.welovecycling.com\/sk\/wp-json\/wp\/v2\/users\/172"}],"replies":[{"embeddable":true,"href":"https:\/\/www.welovecycling.com\/sk\/wp-json\/wp\/v2\/comments?post=19356"}],"version-history":[{"count":7,"href":"https:\/\/www.welovecycling.com\/sk\/wp-json\/wp\/v2\/posts\/19356\/revisions"}],"predecessor-version":[{"id":19363,"href":"https:\/\/www.welovecycling.com\/sk\/wp-json\/wp\/v2\/posts\/19356\/revisions\/19363"}],"wp:featuredmedia":[{"embeddable":true,"href":"https:\/\/www.welovecycling.com\/sk\/wp-json\/wp\/v2\/media\/14392"}],"wp:attachment":[{"href":"https:\/\/www.welovecycling.com\/sk\/wp-json\/wp\/v2\/media?parent=19356"}],"wp:term":[{"taxonomy":"category","embeddable":true,"href":"https:\/\/www.welovecycling.com\/sk\/wp-json\/wp\/v2\/categories?post=19356"},{"taxonomy":"post_tag","embeddable":true,"href":"https:\/\/www.welovecycling.com\/sk\/wp-json\/wp\/v2\/tags?post=19356"},{"taxonomy":"global-categories","embeddable":true,"href":"https:\/\/www.welovecycling.com\/sk\/wp-json\/wp\/v2\/global-categories?post=19356"}],"curies":[{"name":"wp","href":"https:\/\/api.w.org\/{rel}","templated":true}]}}