{"id":19352,"date":"2024-07-03T11:21:18","date_gmt":"2024-07-03T09:21:18","guid":{"rendered":"https:\/\/www.welovecycling.com\/sk\/?p=19352"},"modified":"2024-07-03T11:21:18","modified_gmt":"2024-07-03T09:21:18","slug":"slovensko-opat-raz-prebicyklovane-dresy-rozdane-aky-bol-66-rocnik-okolo-slovenska","status":"publish","type":"post","link":"https:\/\/www.welovecycling.com\/sk\/2024\/07\/03\/slovensko-opat-raz-prebicyklovane-dresy-rozdane-aky-bol-66-rocnik-okolo-slovenska\/","title":{"rendered":"Slovensko op\u00e4\u0165 raz prebicyklovan\u00e9, dresy rozdan\u00e9. Ak\u00fd bol 66. ro\u010dn\u00edk Okolo Slovenska?"},"content":{"rendered":"<p><strong>Pretek\u00e1ri sa tento rok museli popasova\u0165 s tra\u0165ou, ktor\u00e1 kr\u00e1sne gradovala. Ako sa aj \u010dakalo, v\u00fdrazn\u00fd vplyv na celkov\u00e9 poradie mala \u00favodn\u00e1 t\u00edmov\u00e1 \u010dasovka, ktor\u00fa ovl\u00e1dol t\u00edm Team Jayco-AlUla. Na t\u00edm Soudal \u2013 QuickStep nazbierali 25 sek\u00fand a u\u017e vtedy bolo jasn\u00e9, \u017ee Wolfpack bude ma\u0165 ve\u013emi \u0165a\u017ek\u00fa \u00falohu. Vzh\u013eadom na absenciu ve\u013emi n\u00e1ro\u010dn\u00fdch alpsk\u00fdch st\u00fapan\u00ed bolo nutn\u00e9 voli\u0165 bojovn\u00fa a \u00fato\u010dn\u00fa strat\u00e9giu.<\/strong><!--more--><\/p>\n<blockquote class=\"instagram-media\" style=\"background: #FFF; border: 0; border-radius: 3px; box-shadow: 0 0 1px 0 rgba(0,0,0,0.5),0 1px 10px 0 rgba(0,0,0,0.15); margin: 1px; max-width: 540px; min-width: 326px; padding: 0; width: calc(100% - 2px);\" data-instgrm-permalink=\"https:\/\/www.instagram.com\/reel\/C8scmjzq9dJ\/?utm_source=ig_embed&amp;utm_campaign=loading\" data-instgrm-version=\"14\">\n<div style=\"padding: 16px;\">\n<p>&nbsp;<\/p>\n<div style=\"display: flex; flex-direction: row; align-items: center;\">\n<div style=\"background-color: #f4f4f4; border-radius: 50%; flex-grow: 0; height: 40px; margin-right: 14px; width: 40px;\"><\/div>\n<div style=\"display: flex; flex-direction: column; flex-grow: 1; justify-content: center;\">\n<div style=\"background-color: #f4f4f4; border-radius: 4px; flex-grow: 0; height: 14px; margin-bottom: 6px; width: 100px;\"><\/div>\n<div style=\"background-color: #f4f4f4; border-radius: 4px; flex-grow: 0; height: 14px; width: 60px;\"><\/div>\n<\/div>\n<\/div>\n<div style=\"padding: 19% 0;\"><\/div>\n<div style=\"display: block; height: 50px; margin: 0 auto 12px; width: 50px;\"><\/div>\n<div style=\"padding-top: 8px;\">\n<div style=\"color: #3897f0; font-family: Arial,sans-serif; font-size: 14px; font-style: normal; font-weight: 550; line-height: 18px;\">Zobrazi\u0165 tento pr\u00edspevok na Instagrame<\/div>\n<\/div>\n<div style=\"padding: 12.5% 0;\"><\/div>\n<div style=\"display: flex; flex-direction: row; margin-bottom: 14px; align-items: center;\">\n<div>\n<div style=\"background-color: #f4f4f4; border-radius: 50%; height: 12.5px; width: 12.5px; transform: translateX(0px) translateY(7px);\"><\/div>\n<div style=\"background-color: #f4f4f4; height: 12.5px; transform: rotate(-45deg) translateX(3px) translateY(1px); width: 12.5px; flex-grow: 0; margin-right: 14px; margin-left: 2px;\"><\/div>\n<div style=\"background-color: #f4f4f4; border-radius: 50%; height: 12.5px; width: 12.5px; transform: translateX(9px) translateY(-18px);\"><\/div>\n<\/div>\n<div style=\"margin-left: 8px;\">\n<div style=\"background-color: #f4f4f4; border-radius: 50%; flex-grow: 0; height: 20px; width: 20px;\"><\/div>\n<div style=\"width: 0; height: 0; border-top: 2px solid transparent; border-left: 6px solid #f4f4f4; border-bottom: 2px solid transparent; transform: translateX(16px) translateY(-4px) rotate(30deg);\"><\/div>\n<\/div>\n<div style=\"margin-left: auto;\">\n<div style=\"width: 0px; border-top: 8px solid #F4F4F4; border-right: 8px solid transparent; transform: translateY(16px);\"><\/div>\n<div style=\"background-color: #f4f4f4; flex-grow: 0; height: 12px; width: 16px; transform: translateY(-4px);\"><\/div>\n<div style=\"width: 0; height: 0; border-top: 8px solid #F4F4F4; border-left: 8px solid transparent; transform: translateY(-4px) translateX(8px);\"><\/div>\n<\/div>\n<\/div>\n<div style=\"display: flex; flex-direction: column; flex-grow: 1; justify-content: center; margin-bottom: 24px;\">\n<div style=\"background-color: #f4f4f4; border-radius: 4px; flex-grow: 0; height: 14px; margin-bottom: 6px; width: 224px;\"><\/div>\n<div style=\"background-color: #f4f4f4; border-radius: 4px; flex-grow: 0; height: 14px; width: 144px;\"><\/div>\n<\/div>\n<p>&nbsp;<\/p>\n<p style=\"color: #c9c8cd; font-family: Arial,sans-serif; font-size: 14px; line-height: 17px; margin-bottom: 0; margin-top: 8px; overflow: hidden; padding: 8px 0 7px; text-align: center; text-overflow: ellipsis; white-space: nowrap;\"><a style=\"color: #c9c8cd; font-family: Arial,sans-serif; font-size: 14px; font-style: normal; font-weight: normal; line-height: 17px; text-decoration: none;\" href=\"https:\/\/www.instagram.com\/reel\/C8scmjzq9dJ\/?utm_source=ig_embed&amp;utm_campaign=loading\" target=\"_blank\" rel=\"noopener\">Pr\u00edspevok, ktor\u00fd zdie\u013ea Tour de Slovaquie (@okoloslovenska)<\/a><\/p>\n<\/div>\n<\/blockquote>\n<p><script async src=\"\/\/www.instagram.com\/embed.js\"><\/script><\/p>\n<p><span style=\"font-weight: 400;\">Druh\u00fd de\u0148 priniesol mierne zvlnen\u00fd profil myjavsk\u00fdch kopan\u00edc a o\u010dak\u00e1van\u00fd \u0161print\u00e9rsky z\u00e1ver. A z\u00e1rove\u0148 priniesol \u010fal\u0161iu d\u00e1vku radosti austr\u00e1lskemu zoskupeniu, ke\u010f sa tentokr\u00e1t radoval Anders Foldager. <strong>Pre\u0148ho to bolo prv\u00e9 profesion\u00e1lne v\u00ed\u0165azstvo a z\u00e1rove\u0148 sa obliekol do \u017elt\u00e9ho dresu ved\u00faceho pretek\u00e1ra.<\/strong> Vyzdvihn\u00fa\u0165 v\u0161ak treba v\u00fdkon tretieho Luk\u00e1\u0161a Kubi\u0161a, ktor\u00e9mu sa podarilo pre\u0161printova\u0165 dokonca aj Juliana Alaphilippa.<\/span><\/p>\n<blockquote class=\"instagram-media\" style=\"background: #FFF; border: 0; border-radius: 3px; box-shadow: 0 0 1px 0 rgba(0,0,0,0.5),0 1px 10px 0 rgba(0,0,0,0.15); margin: 1px; max-width: 540px; min-width: 326px; padding: 0; width: calc(100% - 2px);\" data-instgrm-permalink=\"https:\/\/www.instagram.com\/p\/C8w_ObtqAi_\/?utm_source=ig_embed&amp;utm_campaign=loading\" data-instgrm-version=\"14\">\n<div style=\"padding: 16px;\">\n<p>&nbsp;<\/p>\n<div style=\"display: flex; flex-direction: row; align-items: center;\">\n<div style=\"background-color: #f4f4f4; border-radius: 50%; flex-grow: 0; height: 40px; margin-right: 14px; width: 40px;\"><\/div>\n<div style=\"display: flex; flex-direction: column; flex-grow: 1; justify-content: center;\">\n<div style=\"background-color: #f4f4f4; border-radius: 4px; flex-grow: 0; height: 14px; margin-bottom: 6px; width: 100px;\"><\/div>\n<div style=\"background-color: #f4f4f4; border-radius: 4px; flex-grow: 0; height: 14px; width: 60px;\"><\/div>\n<\/div>\n<\/div>\n<div style=\"padding: 19% 0;\"><\/div>\n<div style=\"display: block; height: 50px; margin: 0 auto 12px; width: 50px;\"><\/div>\n<div style=\"padding-top: 8px;\">\n<div style=\"color: #3897f0; font-family: Arial,sans-serif; font-size: 14px; font-style: normal; font-weight: 550; line-height: 18px;\">Zobrazi\u0165 tento pr\u00edspevok na Instagrame<\/div>\n<\/div>\n<div style=\"padding: 12.5% 0;\"><\/div>\n<div style=\"display: flex; flex-direction: row; margin-bottom: 14px; align-items: center;\">\n<div>\n<div style=\"background-color: #f4f4f4; border-radius: 50%; height: 12.5px; width: 12.5px; transform: translateX(0px) translateY(7px);\"><\/div>\n<div style=\"background-color: #f4f4f4; height: 12.5px; transform: rotate(-45deg) translateX(3px) translateY(1px); width: 12.5px; flex-grow: 0; margin-right: 14px; margin-left: 2px;\"><\/div>\n<div style=\"background-color: #f4f4f4; border-radius: 50%; height: 12.5px; width: 12.5px; transform: translateX(9px) translateY(-18px);\"><\/div>\n<\/div>\n<div style=\"margin-left: 8px;\">\n<div style=\"background-color: #f4f4f4; border-radius: 50%; flex-grow: 0; height: 20px; width: 20px;\"><\/div>\n<div style=\"width: 0; height: 0; border-top: 2px solid transparent; border-left: 6px solid #f4f4f4; border-bottom: 2px solid transparent; transform: translateX(16px) translateY(-4px) rotate(30deg);\"><\/div>\n<\/div>\n<div style=\"margin-left: auto;\">\n<div style=\"width: 0px; border-top: 8px solid #F4F4F4; border-right: 8px solid transparent; transform: translateY(16px);\"><\/div>\n<div style=\"background-color: #f4f4f4; flex-grow: 0; height: 12px; width: 16px; transform: translateY(-4px);\"><\/div>\n<div style=\"width: 0; height: 0; border-top: 8px solid #F4F4F4; border-left: 8px solid transparent; transform: translateY(-4px) translateX(8px);\"><\/div>\n<\/div>\n<\/div>\n<div style=\"display: flex; flex-direction: column; flex-grow: 1; justify-content: center; margin-bottom: 24px;\">\n<div style=\"background-color: #f4f4f4; border-radius: 4px; flex-grow: 0; height: 14px; margin-bottom: 6px; width: 224px;\"><\/div>\n<div style=\"background-color: #f4f4f4; border-radius: 4px; flex-grow: 0; height: 14px; width: 144px;\"><\/div>\n<\/div>\n<p>&nbsp;<\/p>\n<p style=\"color: #c9c8cd; font-family: Arial,sans-serif; font-size: 14px; line-height: 17px; margin-bottom: 0; margin-top: 8px; overflow: hidden; padding: 8px 0 7px; text-align: center; text-overflow: ellipsis; white-space: nowrap;\"><a style=\"color: #c9c8cd; font-family: Arial,sans-serif; font-size: 14px; font-style: normal; font-weight: normal; line-height: 17px; text-decoration: none;\" href=\"https:\/\/www.instagram.com\/p\/C8w_ObtqAi_\/?utm_source=ig_embed&amp;utm_campaign=loading\" target=\"_blank\" rel=\"noopener\">Pr\u00edspevok, ktor\u00fd zdie\u013ea Tour de Slovaquie (@okoloslovenska)<\/a><\/p>\n<\/div>\n<\/blockquote>\n<p><script async src=\"\/\/www.instagram.com\/embed.js\"><\/script><\/p>\n<p><span style=\"font-weight: 400;\">Franc\u00faz si v\u0161ak maxim\u00e1lne napravil ch\u00fa\u0165ky v tretej etape. Wolfpack mal technick\u00fd dojazd do Dubnice nad V\u00e1hom dokonale na\u010d\u00edtan\u00fd a Alaphilippe predviedol bezchybn\u00fa jazdu.<strong> Okrem etapov\u00e9ho triumfu sa dostal na desa\u0165sekundov\u00fd odstup od prv\u00e9ho Foldagera.<\/strong> Te\u0161i\u0165 sa mohol aj akt\u00edvny Luk\u00e1\u0161 Kubi\u0161, ktor\u00e9mu sa podarilo ukoristi\u0165 dres pre najlep\u0161ieho Slov\u00e1ka a doviezol ho a\u017e do cie\u013ea pretekov na \u0160trbskom Plese.<\/span><\/p>\n<h2><strong>Rozhoduj\u00face momenty<\/strong><\/h2>\n<p><span style=\"font-weight: 400;\">Rozhoduj\u00facimi sa pod\u013ea o\u010dak\u00e1van\u00ed stali posledn\u00e9 dve n\u00e1ro\u010dn\u00e9, kopcovit\u00e9 etapy. \u00daniky sa tvorili len ve\u013emi \u0165a\u017eko, ke\u010f\u017ee sa Soudal sna\u017eil kontrolova\u0165 situ\u00e1ciu pre Alaphilippa. <strong>No v \u0161tvrtej etape sa \u00fanik kone\u010dne dok\u00e1zal presadi\u0165, ke\u010f cie\u013eov\u00fa p\u00e1sku pretli len asi \u0161tvr\u0165 min\u00faty pred pelot\u00f3nom.<\/strong> Do \u017elt\u00e9ho sa v\u010faka tomu dostal Mauro Schmid, no Alaphilippa od neho delili len dve sekundy. Bolo jasn\u00e9, \u017ee Soudal urob\u00ed fin\u00e1lnu etapu ve\u013emi \u0165a\u017ekou.<\/span><\/p>\n<p><img loading=\"lazy\" decoding=\"async\" class=\"alignnone size-full wp-image-19353\" src=\"https:\/\/d2p6e6u75xmxt8.cloudfront.net\/4\/2024\/07\/Peter-Sagan.webp\" alt=\"\" width=\"990\" height=\"660\" srcset=\"https:\/\/d2p6e6u75xmxt8.cloudfront.net\/4\/2024\/07\/Peter-Sagan.webp 990w, https:\/\/d2p6e6u75xmxt8.cloudfront.net\/4\/2024\/07\/Peter-Sagan-300x200.webp 300w, https:\/\/d2p6e6u75xmxt8.cloudfront.net\/4\/2024\/07\/Peter-Sagan-768x512.webp 768w, https:\/\/d2p6e6u75xmxt8.cloudfront.net\/4\/2024\/07\/Peter-Sagan-400x267.webp 400w, https:\/\/d2p6e6u75xmxt8.cloudfront.net\/4\/2024\/07\/Peter-Sagan-272x182.webp 272w\" sizes=\"auto, (max-width: 990px) 100vw, 990px\" \/><\/p>\n<p><span style=\"font-weight: 400;\">A tak sa aj stalo. Wolfpack bol akt\u00edvny u\u017e od za\u010diatku a sna\u017eil sa Franc\u00fazovi pripravi\u0165 p\u00f4du na \u00fatok na \u017elt\u00fd dres. Bonifika\u010dn\u00e9 sekundy v Liptovskom Hr\u00e1dku si v\u0161ak prip\u00edsal pr\u00e1ve jeho s\u00faper Mauro Schmid. <strong>Poslednou mo\u017enos\u0165ou boli \u00fatoky v st\u00fapan\u00ed na \u0160trbsk\u00e9 Pleso.<\/strong> No Jayco nielen\u017ee dok\u00e1zalo v\u0161etky pokry\u0165, ale z\u00edskali \u201edouble\u201c prv\u00e9ho a druh\u00e9ho miesta. Alaphilippe skon\u010dil a\u017e tret\u00ed a potvrdil zelen\u00fd dres a druh\u00e9 miesto v celkovom porad\u00ed.<\/span><\/p>\n<blockquote class=\"instagram-media\" style=\"background: #FFF; border: 0; border-radius: 3px; box-shadow: 0 0 1px 0 rgba(0,0,0,0.5),0 1px 10px 0 rgba(0,0,0,0.15); margin: 1px; max-width: 540px; min-width: 326px; padding: 0; width: calc(100% - 2px);\" data-instgrm-permalink=\"https:\/\/www.instagram.com\/reel\/C8148xMqtYl\/?utm_source=ig_embed&amp;utm_campaign=loading\" data-instgrm-version=\"14\">\n<div style=\"padding: 16px;\">\n<p>&nbsp;<\/p>\n<div style=\"display: flex; flex-direction: row; align-items: center;\">\n<div style=\"background-color: #f4f4f4; border-radius: 50%; flex-grow: 0; height: 40px; margin-right: 14px; width: 40px;\"><\/div>\n<div style=\"display: flex; flex-direction: column; flex-grow: 1; justify-content: center;\">\n<div style=\"background-color: #f4f4f4; border-radius: 4px; flex-grow: 0; height: 14px; margin-bottom: 6px; width: 100px;\"><\/div>\n<div style=\"background-color: #f4f4f4; border-radius: 4px; flex-grow: 0; height: 14px; width: 60px;\"><\/div>\n<\/div>\n<\/div>\n<div style=\"padding: 19% 0;\"><\/div>\n<div style=\"display: block; height: 50px; margin: 0 auto 12px; width: 50px;\"><\/div>\n<div style=\"padding-top: 8px;\">\n<div style=\"color: #3897f0; font-family: Arial,sans-serif; font-size: 14px; font-style: normal; font-weight: 550; line-height: 18px;\">Zobrazi\u0165 tento pr\u00edspevok na Instagrame<\/div>\n<\/div>\n<div style=\"padding: 12.5% 0;\"><\/div>\n<div style=\"display: flex; flex-direction: row; margin-bottom: 14px; align-items: center;\">\n<div>\n<div style=\"background-color: #f4f4f4; border-radius: 50%; height: 12.5px; width: 12.5px; transform: translateX(0px) translateY(7px);\"><\/div>\n<div style=\"background-color: #f4f4f4; height: 12.5px; transform: rotate(-45deg) translateX(3px) translateY(1px); width: 12.5px; flex-grow: 0; margin-right: 14px; margin-left: 2px;\"><\/div>\n<div style=\"background-color: #f4f4f4; border-radius: 50%; height: 12.5px; width: 12.5px; transform: translateX(9px) translateY(-18px);\"><\/div>\n<\/div>\n<div style=\"margin-left: 8px;\">\n<div style=\"background-color: #f4f4f4; border-radius: 50%; flex-grow: 0; height: 20px; width: 20px;\"><\/div>\n<div style=\"width: 0; height: 0; border-top: 2px solid transparent; border-left: 6px solid #f4f4f4; border-bottom: 2px solid transparent; transform: translateX(16px) translateY(-4px) rotate(30deg);\"><\/div>\n<\/div>\n<div style=\"margin-left: auto;\">\n<div style=\"width: 0px; border-top: 8px solid #F4F4F4; border-right: 8px solid transparent; transform: translateY(16px);\"><\/div>\n<div style=\"background-color: #f4f4f4; flex-grow: 0; height: 12px; width: 16px; transform: translateY(-4px);\"><\/div>\n<div style=\"width: 0; height: 0; border-top: 8px solid #F4F4F4; border-left: 8px solid transparent; transform: translateY(-4px) translateX(8px);\"><\/div>\n<\/div>\n<\/div>\n<div style=\"display: flex; flex-direction: column; flex-grow: 1; justify-content: center; margin-bottom: 24px;\">\n<div style=\"background-color: #f4f4f4; border-radius: 4px; flex-grow: 0; height: 14px; margin-bottom: 6px; width: 224px;\"><\/div>\n<div style=\"background-color: #f4f4f4; border-radius: 4px; flex-grow: 0; height: 14px; width: 144px;\"><\/div>\n<\/div>\n<p>&nbsp;<\/p>\n<p style=\"color: #c9c8cd; font-family: Arial,sans-serif; font-size: 14px; line-height: 17px; margin-bottom: 0; margin-top: 8px; overflow: hidden; padding: 8px 0 7px; text-align: center; text-overflow: ellipsis; white-space: nowrap;\"><a style=\"color: #c9c8cd; font-family: Arial,sans-serif; font-size: 14px; font-style: normal; font-weight: normal; line-height: 17px; text-decoration: none;\" href=\"https:\/\/www.instagram.com\/reel\/C8148xMqtYl\/?utm_source=ig_embed&amp;utm_campaign=loading\" target=\"_blank\" rel=\"noopener\">Pr\u00edspevok, ktor\u00fd zdie\u013ea Tour de Slovaquie (@okoloslovenska)<\/a><\/p>\n<\/div>\n<\/blockquote>\n<p><script async src=\"\/\/www.instagram.com\/embed.js\"><\/script><\/p>\n<p><span style=\"font-weight: 400;\"><strong>\u017dlt\u00fd dres si tak spod Tatier odniesol Mauro Schmid, zelen\u00fd Julian Alaphilippe.<\/strong> Pri bodkovanom drese sme dlho s n\u00e1dejou h\u013eadeli na Mat\u00fa\u0161a \u0160to\u010deka, ktor\u00fd t\u00fato s\u00fa\u0165a\u017e spo\u010diatku viedol, no vo fin\u00e1le s bodmi nesta\u010dil na Kyryla Tsarenka z Corratecu. Slov\u00e1k v\u0161ak z\u00edskal ocenenie pre najbojovnej\u0161ieho pretek\u00e1ra. Najlep\u0161\u00edm Slov\u00e1kom sa stal Luk\u00e1\u0161 Kubi\u0161.<\/span><\/p>\n<blockquote class=\"instagram-media\" style=\"background: #FFF; border: 0; border-radius: 3px; box-shadow: 0 0 1px 0 rgba(0,0,0,0.5),0 1px 10px 0 rgba(0,0,0,0.15); margin: 1px; max-width: 540px; min-width: 326px; padding: 0; width: calc(100% - 2px);\" data-instgrm-permalink=\"https:\/\/www.instagram.com\/p\/C84hjnbqZ8Q\/?utm_source=ig_embed&amp;utm_campaign=loading\" data-instgrm-version=\"14\">\n<div style=\"padding: 16px;\">\n<p>&nbsp;<\/p>\n<div style=\"display: flex; flex-direction: row; align-items: center;\">\n<div style=\"background-color: #f4f4f4; border-radius: 50%; flex-grow: 0; height: 40px; margin-right: 14px; width: 40px;\"><\/div>\n<div style=\"display: flex; flex-direction: column; flex-grow: 1; justify-content: center;\">\n<div style=\"background-color: #f4f4f4; border-radius: 4px; flex-grow: 0; height: 14px; margin-bottom: 6px; width: 100px;\"><\/div>\n<div style=\"background-color: #f4f4f4; border-radius: 4px; flex-grow: 0; height: 14px; width: 60px;\"><\/div>\n<\/div>\n<\/div>\n<div style=\"padding: 19% 0;\"><\/div>\n<div style=\"display: block; height: 50px; margin: 0 auto 12px; width: 50px;\"><\/div>\n<div style=\"padding-top: 8px;\">\n<div style=\"color: #3897f0; font-family: Arial,sans-serif; font-size: 14px; font-style: normal; font-weight: 550; line-height: 18px;\">Zobrazi\u0165 tento pr\u00edspevok na Instagrame<\/div>\n<\/div>\n<div style=\"padding: 12.5% 0;\"><\/div>\n<div style=\"display: flex; flex-direction: row; margin-bottom: 14px; align-items: center;\">\n<div>\n<div style=\"background-color: #f4f4f4; border-radius: 50%; height: 12.5px; width: 12.5px; transform: translateX(0px) translateY(7px);\"><\/div>\n<div style=\"background-color: #f4f4f4; height: 12.5px; transform: rotate(-45deg) translateX(3px) translateY(1px); width: 12.5px; flex-grow: 0; margin-right: 14px; margin-left: 2px;\"><\/div>\n<div style=\"background-color: #f4f4f4; border-radius: 50%; height: 12.5px; width: 12.5px; transform: translateX(9px) translateY(-18px);\"><\/div>\n<\/div>\n<div style=\"margin-left: 8px;\">\n<div style=\"background-color: #f4f4f4; border-radius: 50%; flex-grow: 0; height: 20px; width: 20px;\"><\/div>\n<div style=\"width: 0; height: 0; border-top: 2px solid transparent; border-left: 6px solid #f4f4f4; border-bottom: 2px solid transparent; transform: translateX(16px) translateY(-4px) rotate(30deg);\"><\/div>\n<\/div>\n<div style=\"margin-left: auto;\">\n<div style=\"width: 0px; border-top: 8px solid #F4F4F4; border-right: 8px solid transparent; transform: translateY(16px);\"><\/div>\n<div style=\"background-color: #f4f4f4; flex-grow: 0; height: 12px; width: 16px; transform: translateY(-4px);\"><\/div>\n<div style=\"width: 0; height: 0; border-top: 8px solid #F4F4F4; border-left: 8px solid transparent; transform: translateY(-4px) translateX(8px);\"><\/div>\n<\/div>\n<\/div>\n<div style=\"display: flex; flex-direction: column; flex-grow: 1; justify-content: center; margin-bottom: 24px;\">\n<div style=\"background-color: #f4f4f4; border-radius: 4px; flex-grow: 0; height: 14px; margin-bottom: 6px; width: 224px;\"><\/div>\n<div style=\"background-color: #f4f4f4; border-radius: 4px; flex-grow: 0; height: 14px; width: 144px;\"><\/div>\n<\/div>\n<p>&nbsp;<\/p>\n<p style=\"color: #c9c8cd; font-family: Arial,sans-serif; font-size: 14px; line-height: 17px; margin-bottom: 0; margin-top: 8px; overflow: hidden; padding: 8px 0 7px; text-align: center; text-overflow: ellipsis; white-space: nowrap;\"><a style=\"color: #c9c8cd; font-family: Arial,sans-serif; font-size: 14px; font-style: normal; font-weight: normal; line-height: 17px; text-decoration: none;\" href=\"https:\/\/www.instagram.com\/p\/C84hjnbqZ8Q\/?utm_source=ig_embed&amp;utm_campaign=loading\" target=\"_blank\" rel=\"noopener\">Pr\u00edspevok, ktor\u00fd zdie\u013ea Tour de Slovaquie (@okoloslovenska)<\/a><\/p>\n<\/div>\n<\/blockquote>\n<p><script async src=\"\/\/www.instagram.com\/embed.js\"><\/script><\/p>\n<p><span style=\"font-weight: 400;\">Na\u0161e cesty u\u017e 68 rokov pon\u00fakaj\u00fa atrakt\u00edvnu cyklistiku. U\u017e teraz sme zvedav\u00ed, ak\u00e9 zn\u00e1me men\u00e1 a t\u00edmy m\u00f4\u017eeme o\u010dak\u00e1va\u0165 o rok. Jedno v\u0161ak u\u017e medzi nimi nebude \u2013 <strong>pre Petra Sagana to bolo jeho posledn\u00e9 predstavenie na profesion\u00e1lnych pretekoch v cestnej cyklistike.<\/strong> A hoci nezaznamenal \u017eiadny v\u00fdrazn\u00fd triumf, je jasn\u00e9, \u017ee si pri\u0161iel preteky predov\u0161etk\u00fdm u\u017ei\u0165 a rozl\u00fa\u010dil sa so svojimi fan\u00fa\u0161ikmi najlep\u0161ie, ako sa len dalo.<\/span><\/p>\n<p><span style=\"font-weight: 400;\">Zdroj fotografi\u00ed: J\u00e1n Melicher<\/span><\/p>\n","protected":false},"excerpt":{"rendered":"<p>Pretek\u00e1ri sa tento rok museli popasova\u0165 s tra\u0165ou, ktor\u00e1 kr\u00e1sne gradovala. Ako sa aj \u010dakalo, v\u00fdrazn\u00fd vplyv na celkov\u00e9 poradie [&hellip;]<\/p>\n","protected":false},"author":172,"featured_media":19354,"comment_status":"open","ping_status":"open","sticky":false,"template":"","format":"standard","meta":{"footnotes":""},"categories":[191],"tags":[961,331,180,1635,97,46,37,179,39,1615,523,1634,886,1097,1099,1609],"global-categories":[1074],"class_list":["post-19352","post","type-post","status-publish","format-standard","has-post-thumbnail","hentry","category-odporucame","tag-etapa","tag-etapove-preteky","tag-horska-cyklistika","tag-jayco","tag-okolo-slovenska","tag-peter-sagan","tag-podujatia","tag-preteky","tag-reportaz","tag-sezona-2024","tag-slovensko","tag-soudal","tag-vitazstvo","tag-vykon","tag-vysledok","tag-wolfpack","global-categories-cycling"],"yoast_head":"<!-- This site is optimized with the Yoast SEO Premium plugin v25.3 (Yoast SEO v25.9) - https:\/\/yoast.com\/wordpress\/plugins\/seo\/ -->\n<title>Slovensko op\u00e4\u0165 raz prebicyklovan\u00e9, dresy rozdan\u00e9. Ak\u00fd bol 66. ro\u010dn\u00edk Okolo Slovenska?<\/title>\n<meta name=\"description\" content=\"Pretek\u00e1ri sa tento rok museli popasova\u0165 s tra\u0165ou, ktor\u00e1 kr\u00e1sne gradovala. V\u00fdrazn\u00fd vplyv na celkov\u00e9 poradie mala \u00favodn\u00e1 t\u00edmov\u00e1 \u010dasovka.\" \/>\n<meta name=\"robots\" content=\"index, follow, max-snippet:-1, max-image-preview:large, max-video-preview:-1\" \/>\n<link rel=\"canonical\" href=\"https:\/\/www.welovecycling.com\/sk\/2024\/07\/03\/slovensko-opat-raz-prebicyklovane-dresy-rozdane-aky-bol-66-rocnik-okolo-slovenska\/\" \/>\n<meta property=\"og:locale\" content=\"sk_SK\" \/>\n<meta property=\"og:type\" content=\"article\" \/>\n<meta property=\"og:title\" content=\"Slovensko op\u00e4\u0165 raz prebicyklovan\u00e9, dresy rozdan\u00e9. Ak\u00fd bol 66. ro\u010dn\u00edk Okolo Slovenska?\" \/>\n<meta property=\"og:description\" content=\"Pretek\u00e1ri sa tento rok museli popasova\u0165 s tra\u0165ou, ktor\u00e1 kr\u00e1sne gradovala. V\u00fdrazn\u00fd vplyv na celkov\u00e9 poradie mala \u00favodn\u00e1 t\u00edmov\u00e1 \u010dasovka.\" \/>\n<meta property=\"og:url\" content=\"https:\/\/www.welovecycling.com\/sk\/2024\/07\/03\/slovensko-opat-raz-prebicyklovane-dresy-rozdane-aky-bol-66-rocnik-okolo-slovenska\/\" \/>\n<meta property=\"og:site_name\" content=\"\u0160koda We Love Cycling Slovensko\" \/>\n<meta property=\"article:published_time\" content=\"2024-07-03T09:21:18+00:00\" \/>\n<meta property=\"og:image\" content=\"https:\/\/d2p6e6u75xmxt8.cloudfront.net\/4\/2024\/07\/Titulka.webp\" \/>\n\t<meta property=\"og:image:width\" content=\"990\" \/>\n\t<meta property=\"og:image:height\" content=\"660\" \/>\n\t<meta property=\"og:image:type\" content=\"image\/webp\" \/>\n<meta name=\"author\" content=\"dominika\" \/>\n<meta name=\"twitter:card\" content=\"summary_large_image\" \/>\n<meta name=\"twitter:label1\" content=\"Written by\" \/>\n\t<meta name=\"twitter:data1\" content=\"We Love Cycling\" \/>\n\t<meta name=\"twitter:label2\" content=\"Est. reading time\" \/>\n\t<meta name=\"twitter:data2\" content=\"2\" \/>\n<script type=\"application\/ld+json\" class=\"yoast-schema-graph\">{\"@context\":\"https:\/\/schema.org\",\"@graph\":[{\"@type\":\"WebPage\",\"@id\":\"https:\/\/www.welovecycling.com\/sk\/2024\/07\/03\/slovensko-opat-raz-prebicyklovane-dresy-rozdane-aky-bol-66-rocnik-okolo-slovenska\/\",\"url\":\"https:\/\/www.welovecycling.com\/sk\/2024\/07\/03\/slovensko-opat-raz-prebicyklovane-dresy-rozdane-aky-bol-66-rocnik-okolo-slovenska\/\",\"name\":\"Slovensko op\u00e4\u0165 raz prebicyklovan\u00e9, dresy rozdan\u00e9. Ak\u00fd bol 66. ro\u010dn\u00edk Okolo Slovenska?\",\"isPartOf\":{\"@id\":\"https:\/\/www.welovecycling.com\/sk\/#website\"},\"primaryImageOfPage\":{\"@id\":\"https:\/\/www.welovecycling.com\/sk\/2024\/07\/03\/slovensko-opat-raz-prebicyklovane-dresy-rozdane-aky-bol-66-rocnik-okolo-slovenska\/#primaryimage\"},\"image\":{\"@id\":\"https:\/\/www.welovecycling.com\/sk\/2024\/07\/03\/slovensko-opat-raz-prebicyklovane-dresy-rozdane-aky-bol-66-rocnik-okolo-slovenska\/#primaryimage\"},\"thumbnailUrl\":\"https:\/\/d2p6e6u75xmxt8.cloudfront.net\/4\/2024\/07\/Titulka.webp\",\"datePublished\":\"2024-07-03T09:21:18+00:00\",\"author\":{\"@id\":\"https:\/\/www.welovecycling.com\/sk\/#\/schema\/person\/533b62b98b6c41bd5135ebfb1f742624\"},\"description\":\"Pretek\u00e1ri sa tento rok museli popasova\u0165 s tra\u0165ou, ktor\u00e1 kr\u00e1sne gradovala. V\u00fdrazn\u00fd vplyv na celkov\u00e9 poradie mala \u00favodn\u00e1 t\u00edmov\u00e1 \u010dasovka.\",\"breadcrumb\":{\"@id\":\"https:\/\/www.welovecycling.com\/sk\/2024\/07\/03\/slovensko-opat-raz-prebicyklovane-dresy-rozdane-aky-bol-66-rocnik-okolo-slovenska\/#breadcrumb\"},\"inLanguage\":\"sk-SK\",\"potentialAction\":[{\"@type\":\"ReadAction\",\"target\":[\"https:\/\/www.welovecycling.com\/sk\/2024\/07\/03\/slovensko-opat-raz-prebicyklovane-dresy-rozdane-aky-bol-66-rocnik-okolo-slovenska\/\"]}]},{\"@type\":\"ImageObject\",\"inLanguage\":\"sk-SK\",\"@id\":\"https:\/\/www.welovecycling.com\/sk\/2024\/07\/03\/slovensko-opat-raz-prebicyklovane-dresy-rozdane-aky-bol-66-rocnik-okolo-slovenska\/#primaryimage\",\"url\":\"https:\/\/d2p6e6u75xmxt8.cloudfront.net\/4\/2024\/07\/Titulka.webp\",\"contentUrl\":\"https:\/\/d2p6e6u75xmxt8.cloudfront.net\/4\/2024\/07\/Titulka.webp\",\"width\":990,\"height\":660},{\"@type\":\"BreadcrumbList\",\"@id\":\"https:\/\/www.welovecycling.com\/sk\/2024\/07\/03\/slovensko-opat-raz-prebicyklovane-dresy-rozdane-aky-bol-66-rocnik-okolo-slovenska\/#breadcrumb\",\"itemListElement\":[{\"@type\":\"ListItem\",\"position\":1,\"name\":\"Home\",\"item\":\"https:\/\/www.welovecycling.com\/sk\/\"},{\"@type\":\"ListItem\",\"position\":2,\"name\":\"Slovensko op\u00e4\u0165 raz prebicyklovan\u00e9, dresy rozdan\u00e9. Ak\u00fd bol 66. ro\u010dn\u00edk Okolo Slovenska?\"}]},{\"@type\":\"WebSite\",\"@id\":\"https:\/\/www.welovecycling.com\/sk\/#website\",\"url\":\"https:\/\/www.welovecycling.com\/sk\/\",\"name\":\"\u0160koda We Love Cycling Slovensko\",\"description\":\"\u0160koda We Love Cycling Slovensko je v\u00e1\u0161 ka\u017edodenn\u00fd zdroj noviniek a in\u0161pir\u00e1cie z sveta cyklistiky\",\"potentialAction\":[{\"@type\":\"SearchAction\",\"target\":{\"@type\":\"EntryPoint\",\"urlTemplate\":\"https:\/\/www.welovecycling.com\/sk\/?s={search_term_string}\"},\"query-input\":{\"@type\":\"PropertyValueSpecification\",\"valueRequired\":true,\"valueName\":\"search_term_string\"}}],\"inLanguage\":\"sk-SK\"},{\"@type\":\"Person\",\"@id\":\"https:\/\/www.welovecycling.com\/sk\/#\/schema\/person\/533b62b98b6c41bd5135ebfb1f742624\",\"name\":\"dominika\",\"image\":{\"@type\":\"ImageObject\",\"inLanguage\":\"sk-SK\",\"@id\":\"https:\/\/www.welovecycling.com\/sk\/#\/schema\/person\/image\/\",\"url\":\"https:\/\/secure.gravatar.com\/avatar\/ded6f274ba2ec3e17fff153f7d9d96a4b33c2cb63907f75d9a5309c599a7f3e6?s=96&d=mm&r=g\",\"contentUrl\":\"https:\/\/secure.gravatar.com\/avatar\/ded6f274ba2ec3e17fff153f7d9d96a4b33c2cb63907f75d9a5309c599a7f3e6?s=96&d=mm&r=g\",\"caption\":\"dominika\"},\"url\":\"https:\/\/www.welovecycling.com\/sk\/author\/dominika\/\"}]}<\/script>\n<!-- \/ Yoast SEO Premium plugin. -->","yoast_head_json":{"title":"Slovensko op\u00e4\u0165 raz prebicyklovan\u00e9, dresy rozdan\u00e9. Ak\u00fd bol 66. ro\u010dn\u00edk Okolo Slovenska?","description":"Pretek\u00e1ri sa tento rok museli popasova\u0165 s tra\u0165ou, ktor\u00e1 kr\u00e1sne gradovala. V\u00fdrazn\u00fd vplyv na celkov\u00e9 poradie mala \u00favodn\u00e1 t\u00edmov\u00e1 \u010dasovka.","robots":{"index":"index","follow":"follow","max-snippet":"max-snippet:-1","max-image-preview":"max-image-preview:large","max-video-preview":"max-video-preview:-1"},"canonical":"https:\/\/www.welovecycling.com\/sk\/2024\/07\/03\/slovensko-opat-raz-prebicyklovane-dresy-rozdane-aky-bol-66-rocnik-okolo-slovenska\/","og_locale":"sk_SK","og_type":"article","og_title":"Slovensko op\u00e4\u0165 raz prebicyklovan\u00e9, dresy rozdan\u00e9. Ak\u00fd bol 66. ro\u010dn\u00edk Okolo Slovenska?","og_description":"Pretek\u00e1ri sa tento rok museli popasova\u0165 s tra\u0165ou, ktor\u00e1 kr\u00e1sne gradovala. V\u00fdrazn\u00fd vplyv na celkov\u00e9 poradie mala \u00favodn\u00e1 t\u00edmov\u00e1 \u010dasovka.","og_url":"https:\/\/www.welovecycling.com\/sk\/2024\/07\/03\/slovensko-opat-raz-prebicyklovane-dresy-rozdane-aky-bol-66-rocnik-okolo-slovenska\/","og_site_name":"\u0160koda We Love Cycling Slovensko","article_published_time":"2024-07-03T09:21:18+00:00","og_image":[{"width":990,"height":660,"url":"https:\/\/d2p6e6u75xmxt8.cloudfront.net\/4\/2024\/07\/Titulka.webp","type":"image\/webp"}],"author":"dominika","twitter_card":"summary_large_image","twitter_misc":{"Written by":"We Love Cycling","Est. reading time":"2"},"schema":{"@context":"https:\/\/schema.org","@graph":[{"@type":"WebPage","@id":"https:\/\/www.welovecycling.com\/sk\/2024\/07\/03\/slovensko-opat-raz-prebicyklovane-dresy-rozdane-aky-bol-66-rocnik-okolo-slovenska\/","url":"https:\/\/www.welovecycling.com\/sk\/2024\/07\/03\/slovensko-opat-raz-prebicyklovane-dresy-rozdane-aky-bol-66-rocnik-okolo-slovenska\/","name":"Slovensko op\u00e4\u0165 raz prebicyklovan\u00e9, dresy rozdan\u00e9. Ak\u00fd bol 66. ro\u010dn\u00edk Okolo Slovenska?","isPartOf":{"@id":"https:\/\/www.welovecycling.com\/sk\/#website"},"primaryImageOfPage":{"@id":"https:\/\/www.welovecycling.com\/sk\/2024\/07\/03\/slovensko-opat-raz-prebicyklovane-dresy-rozdane-aky-bol-66-rocnik-okolo-slovenska\/#primaryimage"},"image":{"@id":"https:\/\/www.welovecycling.com\/sk\/2024\/07\/03\/slovensko-opat-raz-prebicyklovane-dresy-rozdane-aky-bol-66-rocnik-okolo-slovenska\/#primaryimage"},"thumbnailUrl":"https:\/\/d2p6e6u75xmxt8.cloudfront.net\/4\/2024\/07\/Titulka.webp","datePublished":"2024-07-03T09:21:18+00:00","author":{"@id":"https:\/\/www.welovecycling.com\/sk\/#\/schema\/person\/533b62b98b6c41bd5135ebfb1f742624"},"description":"Pretek\u00e1ri sa tento rok museli popasova\u0165 s tra\u0165ou, ktor\u00e1 kr\u00e1sne gradovala. V\u00fdrazn\u00fd vplyv na celkov\u00e9 poradie mala \u00favodn\u00e1 t\u00edmov\u00e1 \u010dasovka.","breadcrumb":{"@id":"https:\/\/www.welovecycling.com\/sk\/2024\/07\/03\/slovensko-opat-raz-prebicyklovane-dresy-rozdane-aky-bol-66-rocnik-okolo-slovenska\/#breadcrumb"},"inLanguage":"sk-SK","potentialAction":[{"@type":"ReadAction","target":["https:\/\/www.welovecycling.com\/sk\/2024\/07\/03\/slovensko-opat-raz-prebicyklovane-dresy-rozdane-aky-bol-66-rocnik-okolo-slovenska\/"]}]},{"@type":"ImageObject","inLanguage":"sk-SK","@id":"https:\/\/www.welovecycling.com\/sk\/2024\/07\/03\/slovensko-opat-raz-prebicyklovane-dresy-rozdane-aky-bol-66-rocnik-okolo-slovenska\/#primaryimage","url":"https:\/\/d2p6e6u75xmxt8.cloudfront.net\/4\/2024\/07\/Titulka.webp","contentUrl":"https:\/\/d2p6e6u75xmxt8.cloudfront.net\/4\/2024\/07\/Titulka.webp","width":990,"height":660},{"@type":"BreadcrumbList","@id":"https:\/\/www.welovecycling.com\/sk\/2024\/07\/03\/slovensko-opat-raz-prebicyklovane-dresy-rozdane-aky-bol-66-rocnik-okolo-slovenska\/#breadcrumb","itemListElement":[{"@type":"ListItem","position":1,"name":"Home","item":"https:\/\/www.welovecycling.com\/sk\/"},{"@type":"ListItem","position":2,"name":"Slovensko op\u00e4\u0165 raz prebicyklovan\u00e9, dresy rozdan\u00e9. Ak\u00fd bol 66. ro\u010dn\u00edk Okolo Slovenska?"}]},{"@type":"WebSite","@id":"https:\/\/www.welovecycling.com\/sk\/#website","url":"https:\/\/www.welovecycling.com\/sk\/","name":"\u0160koda We Love Cycling Slovensko","description":"\u0160koda We Love Cycling Slovensko je v\u00e1\u0161 ka\u017edodenn\u00fd zdroj noviniek a in\u0161pir\u00e1cie z sveta cyklistiky","potentialAction":[{"@type":"SearchAction","target":{"@type":"EntryPoint","urlTemplate":"https:\/\/www.welovecycling.com\/sk\/?s={search_term_string}"},"query-input":{"@type":"PropertyValueSpecification","valueRequired":true,"valueName":"search_term_string"}}],"inLanguage":"sk-SK"},{"@type":"Person","@id":"https:\/\/www.welovecycling.com\/sk\/#\/schema\/person\/533b62b98b6c41bd5135ebfb1f742624","name":"dominika","image":{"@type":"ImageObject","inLanguage":"sk-SK","@id":"https:\/\/www.welovecycling.com\/sk\/#\/schema\/person\/image\/","url":"https:\/\/secure.gravatar.com\/avatar\/ded6f274ba2ec3e17fff153f7d9d96a4b33c2cb63907f75d9a5309c599a7f3e6?s=96&d=mm&r=g","contentUrl":"https:\/\/secure.gravatar.com\/avatar\/ded6f274ba2ec3e17fff153f7d9d96a4b33c2cb63907f75d9a5309c599a7f3e6?s=96&d=mm&r=g","caption":"dominika"},"url":"https:\/\/www.welovecycling.com\/sk\/author\/dominika\/"}]}},"_links":{"self":[{"href":"https:\/\/www.welovecycling.com\/sk\/wp-json\/wp\/v2\/posts\/19352","targetHints":{"allow":["GET"]}}],"collection":[{"href":"https:\/\/www.welovecycling.com\/sk\/wp-json\/wp\/v2\/posts"}],"about":[{"href":"https:\/\/www.welovecycling.com\/sk\/wp-json\/wp\/v2\/types\/post"}],"author":[{"embeddable":true,"href":"https:\/\/www.welovecycling.com\/sk\/wp-json\/wp\/v2\/users\/172"}],"replies":[{"embeddable":true,"href":"https:\/\/www.welovecycling.com\/sk\/wp-json\/wp\/v2\/comments?post=19352"}],"version-history":[{"count":1,"href":"https:\/\/www.welovecycling.com\/sk\/wp-json\/wp\/v2\/posts\/19352\/revisions"}],"predecessor-version":[{"id":19355,"href":"https:\/\/www.welovecycling.com\/sk\/wp-json\/wp\/v2\/posts\/19352\/revisions\/19355"}],"wp:featuredmedia":[{"embeddable":true,"href":"https:\/\/www.welovecycling.com\/sk\/wp-json\/wp\/v2\/media\/19354"}],"wp:attachment":[{"href":"https:\/\/www.welovecycling.com\/sk\/wp-json\/wp\/v2\/media?parent=19352"}],"wp:term":[{"taxonomy":"category","embeddable":true,"href":"https:\/\/www.welovecycling.com\/sk\/wp-json\/wp\/v2\/categories?post=19352"},{"taxonomy":"post_tag","embeddable":true,"href":"https:\/\/www.welovecycling.com\/sk\/wp-json\/wp\/v2\/tags?post=19352"},{"taxonomy":"global-categories","embeddable":true,"href":"https:\/\/www.welovecycling.com\/sk\/wp-json\/wp\/v2\/global-categories?post=19352"}],"curies":[{"name":"wp","href":"https:\/\/api.w.org\/{rel}","templated":true}]}}