{"id":19334,"date":"2024-07-02T09:00:41","date_gmt":"2024-07-02T07:00:41","guid":{"rendered":"https:\/\/www.welovecycling.com\/sk\/?p=19334"},"modified":"2024-07-01T11:30:37","modified_gmt":"2024-07-01T09:30:37","slug":"rozhovor-janka-keseg-stevkova-sport-mi-ucaroval","status":"publish","type":"post","link":"https:\/\/www.welovecycling.com\/sk\/2024\/07\/02\/rozhovor-janka-keseg-stevkova-sport-mi-ucaroval\/","title":{"rendered":"Rozhovor: Janka Keseg \u0160tevkov\u00e1 \u2013 \u0161port mi u\u010daroval\u00a0"},"content":{"rendered":"<p><strong>M\u00e1 za sebou vynikaj\u00face umiestnenia na eur\u00f3pskych aj svetov\u00fdch podujatiach. Za skoro 30 rokov akt\u00edvnej kari\u00e9ry do svojej zbierky pridala vy\u0161e 55 slovensk\u00fdch majstrovsk\u00fdch titulov v kateg\u00f3rii Elite \u017eeny. Okrem toho skvelo dok\u00e1zala prepoji\u0165 materstvo, rodinu a cyklistiku. Nechajte sa in\u0161pirova\u0165 t\u00fdmto rozhovorom.\u00a0<\/strong><!--more--><\/p>\n<h4><b>Bola cyklistika tvoja prv\u00e1 vo\u013eba, \u010do sa t\u00fdka \u0161portu?<\/b><\/h4>\n<p><em><span style=\"font-weight: 400;\">\u0160port ma sprev\u00e1dza cel\u00fd m\u00f4j \u017eivot. Moja rodina bola \u0161portovo orientovan\u00e1, mamina hr\u00e1vala h\u00e1dzan\u00fa a otec s bratom futbal. Ja som v minulosti hr\u00e1vala basketbal a ve\u013ea som beh\u00e1vala. \u010cast\u00e9 zranenia \u010dlenkov ma v\u0161ak z basketbalu vyradili. Paradoxne mi odporu\u010dili cyklistiku na spevnenie \u010dlenkov. Po\u010das \u0161t\u00fadia na vysokej \u0161kole som sa zozn\u00e1mila s Tom\u00e1\u0161om Legnavsk\u00fdm, ktor\u00fd je moj\u00edm sparingpartnerom, mechanikom a tr\u00e9nerom v jednej osobe u\u017e skoro 30 rokov. <\/span><\/em><\/p>\n<p><em><span style=\"font-weight: 400;\">Takisto som sa tam zozn\u00e1mila s partiou \u013eud\u00ed, ktor\u00ed sa venovali horskej cyklistike \u2013 \u0161portu, ktor\u00fd bol u n\u00e1s v tom \u010dase v za\u010diatkoch. Dlh\u00e9 cyklistick\u00e9 t\u00fary na horskom bicykli a pobyt v pr\u00edrode sa mi ve\u013emi zap\u00e1\u010dil a tento m\u00f4j \u201erelax\u201c a \u017eivotn\u00fd \u0161t\u00fdl mi vydr\u017eal dodnes. \u0160port mi u\u010daroval, stal sa moj\u00edm \u017eivotn\u00fdm \u0161t\u00fdlom.\u00a0<\/span><\/em><\/p>\n<h4><b>Ako vyzeral tvoj prv\u00fd bicykel?<\/b><\/h4>\n<p><em><span style=\"font-weight: 400;\">Ako ka\u017ed\u00e9 die\u0165a som aj ja t\u00fa\u017eila ma\u0165 bicykel. Ke\u010f som mala desa\u0165 rokov, doniesol mi ho \u201eJe\u017ei\u0161ko\u201c. Oran\u017eov\u00fd Pionier s obrovsk\u00fdm sedlom, kde sme sa vedeli posadi\u0165 dvaja a vozili sa po s\u00eddlisku a po\u010das pr\u00e1zdnin zase u starej mamy. Koles\u00e1 sme vylep\u0161ovali farebn\u00fdmi dr\u00f4tikmi namotan\u00fdmi na \u0161piciach. M\u00f4j bicykel mal aj obrovsk\u00e9 sp\u00e4tn\u00e9 zrkadlo a kr\u00e1sne odrazky.<\/span><\/em><\/p>\n<h4><b>Pam\u00e4t\u00e1\u0161 si na svoje prv\u00e9 preteky?<\/b><\/h4>\n<p><em><span style=\"font-weight: 400;\">Prv\u00e9 preteky som absolvovala v roku 1996 na po\u017ei\u010danom horskom bicykli GT Timberline, o dve \u010d\u00edsla v\u00e4\u010d\u0161om, na akom jazd\u00edm teraz. Mala som 20 rokov a boli to preteky ly\u017eiarskych in\u0161truktorov v Starom Smokovci. V tom \u010dase bola horsk\u00e1 cyklistika na Slovensku len v za\u010diatkoch. Dopredu i\u0161iel najm\u00e4 v\u00fdvoj bicyklov.<\/span><\/em><\/p>\n<p><em><span style=\"font-weight: 400;\"> Za\u010d\u00ednala som na 26-palcovom CrMo bicykli Marin Eldridge Grade s pevnou vidlicou, s prevodmi 3&#215;9, cantileverov\u00fdmi brzdami a ped\u00e1lmi s ko\u0161\u00edkmi. Na bicykel mi prispeli rodi\u010dia z predaja marh\u00fa\u013e z na\u0161ej vinice, s ktor\u00fdmi som im cez leto pom\u00e1hala. Dodnes bicykel vlastn\u00edm. Je pojazdn\u00fd a sl\u00fa\u017ei mojej rodine, ke\u010f si chce \u00eds\u0165 niekto zajazdi\u0165.<\/span><\/em><\/p>\n<p><img loading=\"lazy\" decoding=\"async\" class=\"alignnone size-full wp-image-19335\" src=\"https:\/\/d2p6e6u75xmxt8.cloudfront.net\/4\/2024\/07\/01.webp\" alt=\"\" width=\"990\" height=\"660\" srcset=\"https:\/\/d2p6e6u75xmxt8.cloudfront.net\/4\/2024\/07\/01.webp 990w, https:\/\/d2p6e6u75xmxt8.cloudfront.net\/4\/2024\/07\/01-300x200.webp 300w, https:\/\/d2p6e6u75xmxt8.cloudfront.net\/4\/2024\/07\/01-768x512.webp 768w, https:\/\/d2p6e6u75xmxt8.cloudfront.net\/4\/2024\/07\/01-400x267.webp 400w, https:\/\/d2p6e6u75xmxt8.cloudfront.net\/4\/2024\/07\/01-272x182.webp 272w\" sizes=\"auto, (max-width: 990px) 100vw, 990px\" \/><\/p>\n<h4><b>Mala si hne\u010f v za\u010diatkoch tr\u00e9nera, ktor\u00fd ti pom\u00e1hal s tr\u00e9ningmi?<\/b><\/h4>\n<p><em><span style=\"font-weight: 400;\">Ako som u\u017e spom\u00ednala, po\u010das \u0161t\u00fadia v Poprade som sa zozn\u00e1mila s partiou \u013eud\u00ed, ktor\u00ed sa venovali horskej cyklistike. Jedn\u00fdm z nich bol aj Tom\u00e1\u0161 Legnavsk\u00fd, s ktor\u00fdm som pri cyklistike ostala dodnes. Otvoril mi cestu do sveta cyklistiky. M\u00f4j t\u00edm tvoria priatelia a rodina, podporuj\u00fa ma a vytv\u00e1raj\u00fa potrebn\u00e9 podmienky a priestor pre moju \u010dinnos\u0165, v spojen\u00ed s mojimi materi\u00e1lov\u00fdmi sponzormi. Pom\u00e1haj\u00fa v depe po\u010das pretekov, servisuj\u00fa bike. Spolu \u0161portujeme.\u00a0<\/span><\/em><\/p>\n<h4><b>M\u00e1\u0161 za sebou aj nejak\u00e9ho sponzora?<\/b><\/h4>\n<p><em><span style=\"font-weight: 400;\">Sme z\u00e1stupcami \u0161vaj\u010diarskej zna\u010dky KOBA na Slovensku, poskytujeme cyklistick\u00fd servis a poradenstvo. Som rada, \u017ee som aj ja s\u00fa\u010das\u0165ou tejto zna\u010dky na slovenskom trhu. K dobr\u00fdm v\u00fdsledkom potrebujete porovnate\u013en\u00fd alebo lep\u0161\u00ed materi\u00e1l ako m\u00e1 konkurencia. V\u00e1\u017eim si podporu mojich materi\u00e1lov\u00fdch sponzorov. N\u00e1js\u0165 si reklamn\u00fdch partnerov a sponzorov jednoduch\u00e9 nie je. Sna\u017e\u00edme sa promova\u0165 mojich reklamn\u00fdch partnerov u n\u00e1s na Slovensku. By\u0165 akt\u00edvni v na\u0161ej komunite, pril\u00e1ka\u0165 \u010do najviac \u013eud\u00ed k rekrea\u010dnej cyklistike.<\/span><\/em><\/p>\n<h4><b>Vie\u0161 pri poh\u013eade sp\u00e4\u0165 vybra\u0165 preteky, ktor\u00e9 s\u00fa pre teba nezabudnute\u013en\u00e9?<\/b><\/h4>\n<p><em><span style=\"font-weight: 400;\">Za skoro 30 rokov akt\u00edvnej kari\u00e9ry je t\u00fdch pretekov ve\u013emi ve\u013ea. M\u00e1m za sebou \u0161tart na troch OH \u2013 At\u00e9ny 2004, Peking 2008 a Lond\u00fdn 2012. Na Olympi\u00e1de v crosscountry \u017eien \u0161tartovalo len 30 pretek\u00e1rok. Od roku 2020 po\u010det upravili na 38. Kvalifik\u00e1cia je n\u00e1ro\u010dn\u00e1. \u00da\u010das\u0165 na OH bola v\u00fdsledkom v\u0161etk\u00fdch pretekov, ktor\u00e9 som absolvovala v kvalifika\u010dnom obdob\u00ed. Samotn\u00e1 skuto\u010dnos\u0165, \u017ee stoj\u00edte na \u0161tarte, je v\u00fdnimo\u010dn\u00e1. 21. miesto z OH v Lond\u00fdne si ve\u013emi cen\u00edm. <\/span><\/em><\/p>\n<p><em><span style=\"font-weight: 400;\">Odkedy pretek\u00e1m, do svojej zbierky som pridala vy\u0161e 55 slovensk\u00fdch majstrovsk\u00fdch titulov v kateg\u00f3rii Elite \u017eeny, v r\u00f4znych cyklistick\u00fdch discipl\u00ednach. V\u017edy to boli svoj\u00edm sp\u00f4sobom v\u00fdnimo\u010dn\u00e9 preteky.<\/span><\/em><\/p>\n<p><img loading=\"lazy\" decoding=\"async\" class=\"alignnone size-full wp-image-19336\" src=\"https:\/\/d2p6e6u75xmxt8.cloudfront.net\/4\/2024\/07\/02.webp\" alt=\"\" width=\"990\" height=\"660\" srcset=\"https:\/\/d2p6e6u75xmxt8.cloudfront.net\/4\/2024\/07\/02.webp 990w, https:\/\/d2p6e6u75xmxt8.cloudfront.net\/4\/2024\/07\/02-300x200.webp 300w, https:\/\/d2p6e6u75xmxt8.cloudfront.net\/4\/2024\/07\/02-768x512.webp 768w, https:\/\/d2p6e6u75xmxt8.cloudfront.net\/4\/2024\/07\/02-400x267.webp 400w, https:\/\/d2p6e6u75xmxt8.cloudfront.net\/4\/2024\/07\/02-272x182.webp 272w\" sizes=\"auto, (max-width: 990px) 100vw, 990px\" \/><\/p>\n<h4><b>Ktor\u00fd titul je pre teba najd\u00f4le\u017eitej\u0161\u00ed?<\/b><\/h4>\n<p><em><span style=\"font-weight: 400;\">Na tituly som sa nikdy nes\u00fastredila, nieko\u013eko n\u00e1rodn\u00fdch \u0161ampion\u00e1tov som aj vynechala. V roku 2004 som na pretekoch Majstrovstiev Slovenska ne\u0161tartovala, le\u017eala som v nemocnici so salmonel\u00f3zou a v roku 2013 som bola kr\u00e1tko pred p\u00f4rodom dc\u00e9ry Hanky. Predvlani som tie\u017e vynechala Majstrovstv\u00e1 v cestnej cyklistike, kde som teoreticky mohla uspie\u0165. Na \u0161kolskom v\u00fdlete ochorela dc\u00e9ra. Zdravie die\u0165a\u0165a je prvorad\u00e9, tak som pricestovala domov. Vlani term\u00edn Majstrovstiev Slovenska v cestnej cyklistike kolidoval s term\u00ednom Eur\u00f3pskych hier v Krakowe, ktor\u00e9 som uprednostnila.<\/span><\/em><\/p>\n<h4><b>Napriek tomu s\u00fa tvoje v\u00fdsledky skuto\u010dne ohromuj\u00face.\u00a0<\/b><\/h4>\n<p><em><span style=\"font-weight: 400;\">A\u017e teraz si uvedomujem, \u010do som dosiahla. S \u010d\u00edm v\u0161etk\u00fdm som v slovenskej cyklistike bojovala. Z poh\u013eadu po\u010dtu titulov je to v\u00fdnimo\u010dn\u00fd \u00faspech. Z poh\u013eadu slovenskej \u0161portovej reality je jeho hodnota takmer nulov\u00e1. Zbierku 23 titulov v elitnej kateg\u00f3rii nem\u00e1 \u017eiadny cyklista na Slovensku. Musel by sa cyklistike venova\u0165 cez dvadsa\u0165 rokov a vyhra\u0165 skoro na ka\u017ed\u00fdch Majstrovstv\u00e1ch Slovenska.<\/span><\/em><\/p>\n<h4><b>Napriek vy\u0161\u0161iemu veku e\u0161te st\u00e1le jazd\u00ed\u0161 a dosahuje\u0161 skvel\u00e9 \u00faspechy. Vid\u00ed\u0161 u seba st\u00e1le priestor na zlep\u0161ovanie?<\/b><\/h4>\n<p><em><span style=\"font-weight: 400;\">Ver\u00edm, \u017ee s adekv\u00e1tnym profesion\u00e1lnym zabezpe\u010den\u00edm by som sa e\u0161te aj v pokro\u010dilom \u0161portovom veku vedela v\u00fdkonnostne a v\u00fdsledkovo posun\u00fa\u0165. Ned\u00e1vne 7. miesto na svetovom poh\u00e1ri v marat\u00f3ne v Novom Meste na Morave je toho d\u00f4kazom. Pote\u0161ilo ma aj vla\u0148aj\u0161ie 13. miesto z Majstrovstiev Eur\u00f3py v marat\u00f3ne. Skvel\u00fdch v\u00fdsledkov m\u00e1m ve\u013ea. N\u00e1jdete ich na <\/span><a href=\"http:\/\/www.jankastevkova.com\" target=\"_blank\" rel=\"noopener\"><span style=\"font-weight: 400;\">jankastevkova.com<\/span><\/a><\/em><\/p>\n<p><em><span style=\"font-weight: 400;\">V mlad\u0161om veku sa v\u00fdsledky posudzuj\u00fa inak. Viac sa cenia a priklad\u00e1 sa im vy\u0161\u0161ia hodnota. \u0160portov\u00e9 okolie v\u00e1s vn\u00edma tak, ako sa umiestnite na posledn\u00fdch pretekoch. Pre laick\u00fa \u0161portov\u00fa verejnos\u0165 je \u010dasto v\u00e4\u010d\u0161\u00ed \u00faspech vyhra\u0165 lok\u00e1lne preteky, kde pr\u00edde telev\u00edzia, ne\u017e desiate miesto z medzin\u00e1rodn\u00e9ho podujatia.<\/span><\/em><\/p>\n<h4><b>Ako sa motivuje\u0161?<\/b><\/h4>\n<p><em><span style=\"font-weight: 400;\">Extra motiv\u00e1ciu nepotrebujem, m\u0148a cyklistika jednoducho bav\u00ed. S\u00fa to viac podmienky pre \u0161port, ktor\u00e9 ma dennodenne tr\u00e1pia a s\u010dasti ub\u00edjaj\u00fa. Ako \u017eena-cyklistka zo Slovenska, rie\u0161im element\u00e1rne podmienky a odpovede na ot\u00e1zky typu: budem ma\u0165 \u010das na tr\u00e9ning? Ako a za \u010do sa dostanem na preteky? Vydaj\u00fa mi u\u0161etren\u00e9 financie na s\u00fastredenie a materi\u00e1l? \u010co sa stane, ak zlom\u00edm r\u00e1m alebo koles\u00e1? A podobne. Nie je to jednoduch\u00e1 situ\u00e1cia. Chcem tr\u00e9nova\u0165, preteka\u0165, vyhr\u00e1va\u0165.<\/span><\/em><\/p>\n<p><em><span style=\"font-weight: 400;\">S moj\u00edm nastaven\u00edm a motiv\u00e1ciou som viacmenej spokojn\u00e1. V za\u010diatkoch neboli trate pre horsk\u00e9 bicykle technicky n\u00e1ro\u010dn\u00e9. Na pretekoch prib\u00fadaj\u00fa nov\u00e9 technick\u00e9 sekcie, skoky, preskoky, rockgardeny, prejazdy cez ve\u013ek\u00e9 kamene. Nem\u00e1m ich v\u017eit\u00e9 a zvl\u00e1dnut\u00e9 z mladosti. M\u00e1m z nich re\u0161pekt. Aj bl\u00edzko k 50-tke m\u00e1m teda st\u00e1le na \u010dom pracova\u0165 a zdokona\u013eova\u0165 sa. Ak budem v kond\u00edcii a zdrav\u00e1, budem preteka\u0165, pokia\u013e mi to bude prin\u00e1\u0161a\u0165 rados\u0165 a z\u00e1bavu. Klasick\u00fa \u0161portov\u00fa profesion\u00e1lnu kari\u00e9ru nerob\u00edm, nem\u00e1m vlastne s \u010d\u00edm skon\u010di\u0165. Jedine, \u017ee by som si na\u0161la in\u00e9 hobby.<\/span><\/em><\/p>\n<h4><b>\u010co ti prebieha hlavou, ke\u010f stoj\u00ed\u0161 na \u0161tarte?<\/b><\/h4>\n<p><em><span style=\"font-weight: 400;\">Pred pretekmi za\u017e\u00edvam podobn\u00e9 nap\u00e4tie ako kedysi. Chcem preteka\u0165, vyhr\u00e1va\u0165. Moje ment\u00e1lne nastavenie je dobr\u00e9 a vytv\u00e1raj\u00fa ho ka\u017edodenne aj \u013eudia okolo m\u0148a. V minulosti som v\u00fdsledkom prikladala v\u00e4\u010d\u0161iu v\u00e1hu. Moment\u00e1lne d\u00e1vam pozor na bezpe\u010dnos\u0165. Cyklistiku si u\u017e\u00edvam a v\u00ed\u0165azstvo beriem ako bonus za vynalo\u017een\u00e9 tr\u00e9ningov\u00e9 \u00fasilie. Vyhra\u0165 nie je jednoduch\u00e9. Mus\u00edm ma\u0165 aj d\u00e1vku \u0161portov\u00e9ho \u0161\u0165astia.\u00a0<\/span><\/em><\/p>\n<h4><b>Chod\u00ed\u0161 tr\u00e9nova\u0165 aj do zahrani\u010dia? A ak \u00e1no, ktor\u00e9 lokality m\u00e1\u0161 ob\u013e\u00faben\u00e9?<\/b><\/h4>\n<p><em><span style=\"font-weight: 400;\">Tr\u00e9nujem v dom\u00e1cich podmienkach. Slovensko je pre horsk\u00fa cyklistiku ide\u00e1lne. M\u00e1me ve\u013ea lesn\u00fdch ciest a chodn\u00edkov. Buduj\u00fa sa bikeparky a traily. Absentuj\u00fa sk\u00f4r cyklochodn\u00edky. Jazd\u00edm v miestach, kde \u017eij\u00fa daniele, mufl\u00f3ny, srn\u010dia a jelenia zver, diviaky, l\u00ed\u0161ky, kuny a lasice. Pozorujem vt\u00e1kov, zachra\u0148ujem salamandre. Vlani som sa v lese zrazila s danielom. Na\u0161\u0165astie sa ni\u010d v\u00e1\u017ene nestalo. <\/span><\/em><\/p>\n<p><em><span style=\"font-weight: 400;\">Zo z\u00e1padnej strany Mal\u00fdch Karp\u00e1t sme s kamar\u00e1tmi za\u017eili ruju. Bolo to fascinuj\u00face. \u017dia\u013e, v\u0161\u00edmam si plno zrazen\u00fdch zvierat a zne\u010distenie popri ceste plastov\u00fdm odpadom a plechovkami. V\u010dera na tr\u00e9ningu som stretla bobrov, u n\u00e1s dole pri ceste m\u00e1me ondatry.\u00a0<\/span><\/em><\/p>\n<h4><b>Preferuje\u0161 horsk\u00fa alebo cestn\u00fa cyklistiku?<\/b><\/h4>\n<p><em><span style=\"font-weight: 400;\">Osobne preferujem horsk\u00fa cyklistiku. Rad\u0161ej tr\u00e1vim viac \u010dasu mimo cestnej prem\u00e1vky. Bicyklova\u0165 v cestnej prem\u00e1vke je nebezpe\u010dn\u00e9. Rada bicyklujem v Mal\u00fdch Karpatoch. Aj po 20 rokoch jazdenia v okol\u00ed Pezinka a Modry v\u017edy objav\u00edm nov\u00fd chodn\u00edk alebo trasu. Jazd\u00edm na Ve\u013ek\u00fa Homo\u013eu alebo \u010cmelok. Bavia ma aj st\u00fapania a novovybudovan\u00e9 traily na Pezinskej Babe a v okol\u00ed Zochovej chaty nad Modrou. Ob\u013eubujem aj chodn\u00edk na rozh\u013ead\u0148u Kukla. P\u00e1\u010di sa mi mufl\u00f3n\u00ed trail alebo zjazd cez Z\u00e1m\u010disko. V\u00fdborn\u00e9 traily s\u00fa aj nad Bratislavou a Stupavou.<\/span><\/em><\/p>\n<h4><b>Tvoj tr\u00e9ning sa ur\u010dite sklad\u00e1 z viacer\u00fdch \u010dast\u00ed. Ktor\u00fa aktivitu m\u00e1\u0161 najrad\u0161ej?<\/b><\/h4>\n<p><em><span style=\"font-weight: 400;\">Najrad\u0161ej m\u00e1m regenera\u010dn\u00fa jazdu na bicykli, v lese s \u013eahk\u00fdm st\u00fapan\u00edm a hrav\u00fdmi trailmi, no a samozrejme s dobr\u00fdmi priate\u013emi. Cyklistika je pr\u00edjemn\u00e1 vo\u013eno\u010dasov\u00e1 aktivita. V rekrea\u010dnej forme je \u00fa\u017easn\u00e1. Prisp\u00f4sob\u00edte tempo a spozn\u00e1vate krajinu.<\/span><\/em><\/p>\n<h4><b>Ako vyzer\u00e1 tvoj \u0161portov\u00fd de\u0148?<\/b><\/h4>\n<p><em><span style=\"font-weight: 400;\">Cyklistika je moje hobby aj \u017eivotn\u00fd \u0161t\u00fdl. Je s\u00fa\u010das\u0165ou m\u00f4jho denn\u00e9ho re\u017eimu. Tr\u00e9nujem v pr\u00edrode, ktor\u00e1 ma dob\u00edja svojou energiou. Obdivujem jej kr\u00e1su z bicykla v ka\u017edom ro\u010dnom obdob\u00ed. Pozorujem, ako sa menia miesta po\u010das roka. Vychutn\u00e1vam si ticho alebo spev vt\u00e1kov. Stret\u00e1vam zvierat\u00e1. Je to relax popri in\u00fdch ka\u017edodenn\u00fdch \u010dinnostiach. \u010cas a priestor, kde sa s\u00fastred\u00edm na svoje pocity, my\u0161lienky a v\u00fdkon.<\/span><\/em><\/p>\n<h4><b>M\u00e1\u0161 nejak\u00e9 kon\u00ed\u010dky \u010di aktivity, ktor\u00fdm sa venuje\u0161 okrem cyklistiky?<\/b><\/h4>\n<p><em><span style=\"font-weight: 400;\">Cyklistika je \u010dasovo n\u00e1ro\u010dn\u00fd \u0161port a popri nej sa venujem e\u0161te n\u00e1\u0161mu psovi a ma\u010dk\u00e1m. Inklinujem k zvierat\u00e1m, turistike a dom\u00e1cim pr\u00e1cam.\u00a0<\/span><\/em><\/p>\n<h4><b>Ak\u00e1 je zimn\u00e1 pr\u00edprava? Chod\u00ed\u0161 do fitka? Alebo ke\u010f sa d\u00e1, tak vytiahne\u0161 bicykel aj v zime?<\/b><span style=\"font-weight: 400;\">\u00a0<\/span><\/h4>\n<p><em><span style=\"font-weight: 400;\">Priebeh po\u010dasia posledn\u00fdch rokov je tak\u00fd, \u017ee sa v okol\u00ed Pezinka d\u00e1 jazdi\u0165 celoro\u010dne, v kombin\u00e1cii so spr\u00e1vnym oble\u010den\u00edm, zvolen\u00fdm tempom a ter\u00e9nom. Nevyh\u013ead\u00e1vam v\u0161ak jazdu v chladnom da\u017edivom po\u010das\u00ed. Ob\u010das si idem zapl\u00e1va\u0165, zabeha\u0165. Chod\u00edm na prech\u00e1dzky so psom a na \u013eah\u0161iu turistiku. Ak napadne sneh na Pezinskej Babe, vytiahnem p\u00e1rkr\u00e1t aj be\u017eky, ly\u017ee a s\u00e1nky. Ke\u010f zamrzne Ku\u010di\u0161dorfsk\u00e1 priehrada, kor\u010du\u013eujem.<\/span><\/em><\/p>\n<p><img loading=\"lazy\" decoding=\"async\" class=\"alignnone size-full wp-image-19337\" src=\"https:\/\/d2p6e6u75xmxt8.cloudfront.net\/4\/2024\/07\/03.webp\" alt=\"\" width=\"990\" height=\"660\" srcset=\"https:\/\/d2p6e6u75xmxt8.cloudfront.net\/4\/2024\/07\/03.webp 990w, https:\/\/d2p6e6u75xmxt8.cloudfront.net\/4\/2024\/07\/03-300x200.webp 300w, https:\/\/d2p6e6u75xmxt8.cloudfront.net\/4\/2024\/07\/03-768x512.webp 768w, https:\/\/d2p6e6u75xmxt8.cloudfront.net\/4\/2024\/07\/03-400x267.webp 400w, https:\/\/d2p6e6u75xmxt8.cloudfront.net\/4\/2024\/07\/03-272x182.webp 272w\" sizes=\"auto, (max-width: 990px) 100vw, 990px\" \/><\/p>\n<h4><b>Sn\u00e1\u010f ka\u017ed\u00fd z cyklistov m\u00e1 alebo mal svoj vzor, ku ktor\u00e9mu vzhliadal a motivoval sa n\u00edm. Kto to bol u teba?<\/b><\/h4>\n<p><em><span style=\"font-weight: 400;\">Vzory v \u0161porte neh\u013ead\u00e1m a nikdy som \u017eiadny nemala. Tie treba h\u013eada\u0165 v in\u00fdch oblastiach \u013eudskej \u010dinnosti a \u017eivota. Sk\u00f4r sa mi p\u00e1\u010di \u0161t\u00fdl jazdy a pretekania, technick\u00e1 zru\u010dnos\u0165 \u010di in\u00e9 schopnosti na bicykloch in\u00fdch cyklistiek alebo cyklistov, \u010di v\u0161eobecne \u0161portovcov. Napr\u00edklad obdivujem gymnastiku a odvahu pri adrenal\u00ednov\u00fdch \u0161portoch, \u0161ikovnos\u0165, zru\u010dnos\u0165, obratnos\u0165, technick\u00fa vyspelos\u0165.<\/span><\/em><\/p>\n<h4><b>Vedela by si sa s nami podeli\u0165 o nejak\u00fa zauj\u00edmav\u00fa pr\u00edhodu zo svojej kari\u00e9ry?<\/b><\/h4>\n<p><em><span style=\"font-weight: 400;\">Moja prv\u00e1 \u00fa\u010das\u0165ou na olympi\u00e1de v At\u00e9nach tie\u017e dopadla smolne. V n\u00e1jazdovom kole ma zastavil hromadn\u00fd p\u00e1d, kde mi austr\u00e1lska reprezentantka st\u00fapila do zadn\u00e9ho kolesa. Zlomila mi \u0161pice. V tom \u010dase neexistovali technick\u00e9 dep\u00e1, kde by som si vedela koleso vymeni\u0165, ako je to dnes, a tak som nedobrovo\u013ene musela preteky vzda\u0165. Mrz\u00ed ma to dodnes. <\/span><\/em><\/p>\n<p><em><span style=\"font-weight: 400;\">V testovac\u00edch pretekoch pred olympi\u00e1dou, na tej istej trati, som obsadila 11. miesto, v\u00fdkonnostne som bola na tom ve\u013emi dobre. \u010clovek ostane bezradn\u00fd. Ak by sa mi preteky vydarili, mo\u017eno by sa moja kari\u00e9ra vyv\u00edjala inak. <\/span><\/em><em><span style=\"font-weight: 400;\">Aj negat\u00edvna sk\u00fasenos\u0165 m\u00f4\u017ee posilni\u0165 psychick\u00fa odolnos\u0165. \u00daspechy v \u010fal\u0161\u00edch pretekoch v\u00e1s posilnia a motivuj\u00fa viac. Ak pr\u00eddem o v\u00ed\u0165azstvo vlastnou chybou alebo technickou poruchou, tr\u00e1pi ma to. Z ch\u00fdb sa mus\u00edm pou\u010di\u0165, netr\u00e1pi\u0165 sa nimi. Neopakova\u0165 ich. Definujem ich ako sk\u00fasenos\u0165.\u00a0<\/span><\/em><\/p>\n<p><em><span style=\"font-weight: 400;\">Naopak, pre Peking a Lond\u00fdn som z\u00edskala od UCI divok\u00fa kartu, v hodnoten\u00ed n\u00e1rodov som ako jedin\u00e1 boduj\u00faca Slovenka nemala \u0161ancu. Ale v\u00fdsledky hovorili pre m\u0148a. V Lond\u00fdne som do\u0161la na 21. mieste. Podala som sol\u00eddny v\u00fdkon a som na to patri\u010dne hrd\u00e1.<\/span><\/em><\/p>\n<h4><b>Ke\u010f si chce\u0161 urobi\u0165 rados\u0165, ak\u00e9 tri veci urob\u00ed\u0161 ako prv\u00e9?<\/b><\/h4>\n<p><em><span style=\"font-weight: 400;\">Idem do pr\u00edrody na prech\u00e1dzku s na\u0161im psom Gajou, stretnem sa s priate\u013emi alebo si za\u0161portujem s na\u0161ou dc\u00e9rou Hankou. Moment\u00e1lne po ve\u010deroch hr\u00e1me bedminton.<\/span><\/em><\/p>\n<h4><b>\u010co bolo najv\u00e4\u010d\u0161ie dobrodru\u017estvo tvojho \u017eivota?<\/b><\/h4>\n<p><em><span style=\"font-weight: 400;\">Cape Epic som prv\u00fdkr\u00e1t absolvovala v roku 2008 s Tom\u00e1\u0161om Legnavsk\u00fdm na 26-tkovom hlin\u00edkovom bicykli Koba v kateg\u00f3rii Mix. Preteky merali 990 km, mali 8 dn\u00ed a nast\u00fapali sme 19 900 metrov. Bolo to dovtedy moje najn\u00e1ro\u010dnej\u0161ie podujatie, ktor\u00e9 som absolvovala. A pln\u00e9 dobrodru\u017estva. Cape Epic s\u00fa preteky dvoj\u00edc, v tom s\u00fa v\u00fdnimo\u010dn\u00e9. Mus\u00edte by\u0165 zohrat\u00ed a patri\u010dne k sebe tolerantn\u00ed. Epic prever\u00ed fyzick\u00e9 sily aj psychiku. Je potrebn\u00e9 jazdi\u0165 rozumne, vyvarova\u0165 sa zbyto\u010dn\u00fdch ch\u00fdb, defektov \u010di in\u00fdch technick\u00fdch probl\u00e9mov. Odvtedy sa bicykle zdokonalili a Cape Epic pre\u0161iel v\u00fdvojom tie\u017e. Zlep\u0161ila sa organiz\u00e1cia, zmenili sa trate, ale gro ostalo.\u00a0<\/span><\/em><\/p>\n<p><em><span style=\"font-weight: 400;\">Na Cape Epic som sa vr\u00e1tila e\u0161te p\u00e4\u0165kr\u00e1t. V roku 2015 som sa s Juhoafri\u010dankou Yolandou de Villiers umiestnila na 3. prie\u010dke. Rok 2016 u\u017e nebol z poh\u013eadu umiestnenia tak\u00fd \u00faspe\u0161n\u00fd, ale samotn\u00fdm dokon\u010den\u00edm pretekov som sa zaradila do prest\u00ed\u017eneho klubu Amabubessi. V roku 2022 sme boli s Martinou Krahulcovou prvou \u017eenskou slovenskou dvojicou na \u0161tarte Cape Epic. Preteky sme dokon\u010dili na \u0161iestom mieste. Rok na to sme skon\u010dili piate a tento rok siedme. S\u00fa to jedine\u010dn\u00e9 a n\u00e1ro\u010dn\u00e9 preteky, na ktor\u00e9 sa \u010dlovek r\u00e1d vracia. Aj Tour de France sleduje ve\u013ea \u013eud\u00ed, no skuto\u010dn\u00fa n\u00e1ro\u010dnos\u0165 spoznaj\u00fa len samotn\u00ed pretek\u00e1ri.<\/span><\/em><\/p>\n<blockquote class=\"instagram-media\" style=\"background: #FFF; border: 0; border-radius: 3px; box-shadow: 0 0 1px 0 rgba(0,0,0,0.5),0 1px 10px 0 rgba(0,0,0,0.15); margin: 1px; max-width: 540px; min-width: 326px; padding: 0; width: calc(100% - 2px);\" data-instgrm-permalink=\"https:\/\/www.instagram.com\/p\/C7uUTxjqtqb\/?utm_source=ig_embed&amp;utm_campaign=loading\" data-instgrm-version=\"14\">\n<div style=\"padding: 16px;\">\n<p>&nbsp;<\/p>\n<div style=\"display: flex; flex-direction: row; align-items: center;\">\n<div style=\"background-color: #f4f4f4; border-radius: 50%; flex-grow: 0; height: 40px; margin-right: 14px; width: 40px;\"><\/div>\n<div style=\"display: flex; flex-direction: column; flex-grow: 1; justify-content: center;\">\n<div style=\"background-color: #f4f4f4; border-radius: 4px; flex-grow: 0; height: 14px; margin-bottom: 6px; width: 100px;\"><\/div>\n<div style=\"background-color: #f4f4f4; border-radius: 4px; flex-grow: 0; height: 14px; width: 60px;\"><\/div>\n<\/div>\n<\/div>\n<div style=\"padding: 19% 0;\"><\/div>\n<div style=\"display: block; height: 50px; margin: 0 auto 12px; width: 50px;\"><\/div>\n<div style=\"padding-top: 8px;\">\n<div style=\"color: #3897f0; font-family: Arial,sans-serif; font-size: 14px; font-style: normal; font-weight: 550; line-height: 18px;\">Zobrazi\u0165 tento pr\u00edspevok na Instagrame<\/div>\n<\/div>\n<div style=\"padding: 12.5% 0;\"><\/div>\n<div style=\"display: flex; flex-direction: row; margin-bottom: 14px; align-items: center;\">\n<div>\n<div style=\"background-color: #f4f4f4; border-radius: 50%; height: 12.5px; width: 12.5px; transform: translateX(0px) translateY(7px);\"><\/div>\n<div style=\"background-color: #f4f4f4; height: 12.5px; transform: rotate(-45deg) translateX(3px) translateY(1px); width: 12.5px; flex-grow: 0; margin-right: 14px; margin-left: 2px;\"><\/div>\n<div style=\"background-color: #f4f4f4; border-radius: 50%; height: 12.5px; width: 12.5px; transform: translateX(9px) translateY(-18px);\"><\/div>\n<\/div>\n<div style=\"margin-left: 8px;\">\n<div style=\"background-color: #f4f4f4; border-radius: 50%; flex-grow: 0; height: 20px; width: 20px;\"><\/div>\n<div style=\"width: 0; height: 0; border-top: 2px solid transparent; border-left: 6px solid #f4f4f4; border-bottom: 2px solid transparent; transform: translateX(16px) translateY(-4px) rotate(30deg);\"><\/div>\n<\/div>\n<div style=\"margin-left: auto;\">\n<div style=\"width: 0px; border-top: 8px solid #F4F4F4; border-right: 8px solid transparent; transform: translateY(16px);\"><\/div>\n<div style=\"background-color: #f4f4f4; flex-grow: 0; height: 12px; width: 16px; transform: translateY(-4px);\"><\/div>\n<div style=\"width: 0; height: 0; border-top: 8px solid #F4F4F4; border-left: 8px solid transparent; transform: translateY(-4px) translateX(8px);\"><\/div>\n<\/div>\n<\/div>\n<div style=\"display: flex; flex-direction: column; flex-grow: 1; justify-content: center; margin-bottom: 24px;\">\n<div style=\"background-color: #f4f4f4; border-radius: 4px; flex-grow: 0; height: 14px; margin-bottom: 6px; width: 224px;\"><\/div>\n<div style=\"background-color: #f4f4f4; border-radius: 4px; flex-grow: 0; height: 14px; width: 144px;\"><\/div>\n<\/div>\n<p>&nbsp;<\/p>\n<p style=\"color: #c9c8cd; font-family: Arial,sans-serif; font-size: 14px; line-height: 17px; margin-bottom: 0; margin-top: 8px; overflow: hidden; padding: 8px 0 7px; text-align: center; text-overflow: ellipsis; white-space: nowrap;\"><a style=\"color: #c9c8cd; font-family: Arial,sans-serif; font-size: 14px; font-style: normal; font-weight: normal; line-height: 17px; text-decoration: none;\" href=\"https:\/\/www.instagram.com\/p\/C7uUTxjqtqb\/?utm_source=ig_embed&amp;utm_campaign=loading\" target=\"_blank\" rel=\"noopener\">Pr\u00edspevok, ktor\u00fd zdie\u013ea Ing.Janka Keseg \u0160tevkov\u00e1 ,OLY (@jankakesegstevkova)<\/a><\/p>\n<\/div>\n<\/blockquote>\n<p><script async src=\"\/\/www.instagram.com\/embed.js\"><\/script><\/p>\n<h4><b>Pl\u00e1nuje\u0161 sa z\u00fa\u010dastni\u0165 niektor\u00e9ho kola tohtoro\u010dnej \u0160koda Bike Open Tour?<\/b><\/h4>\n<p><em><span style=\"font-weight: 400;\">Z\u00fa\u010dastnila som sa pretekov Rajeck\u00fdch Tepliciach, ktor\u00e9 pre m\u0148a dopadli trochu ne\u0161\u0165astne. Verila som si, \u017ee zv\u00ed\u0165az\u00edm. O v\u00fdsledku sa rozhodlo v poslednej z\u00e1krute do cie\u013eovej rovinky, kde sa mi do cesty zaplietol po\u013esk\u00fd pretek\u00e1r a priklonil tak \u0161portov\u00e9 \u0161\u0165astie na stranu mojej kamar\u00e1tky a oddielovej kolegyne Martiny Krahulcovej, spolubojovn\u00ed\u010dky z Cape Epic, ktor\u00e1 sa stala Majsterkou Slovenska v marat\u00f3ne pre rok 2024. V pl\u00e1ne m\u00e1m Horala vo Svite a Stupavsk\u00fd marat\u00f3n na konci sez\u00f3ny.<\/span><\/em><\/p>\n<h4><b>Po\u010das svojej bohatej kari\u00e9ry si sa z\u00fa\u010dastnila mnoh\u00fdch marat\u00f3nov a pretekov. S\u00fa miesta, kam st\u00e1le chod\u00ed\u0161 rada jazdi\u0165?<\/b><\/h4>\n<p><em><span style=\"font-weight: 400;\">Rada som jazdila preteky rak\u00faskeho a \u010desk\u00e9ho poh\u00e1ra. S\u00fa relat\u00edvne bl\u00edzko, maj\u00fa dobr\u00fa organiza\u010dn\u00fa \u00farove\u0148 a slu\u0161n\u00fa konkurenciu na \u0161tarte. V tejto sez\u00f3ne sa op\u00e4\u0165 sna\u017e\u00edm chodi\u0165 viac do zahrani\u010dia. Vyh\u013ead\u00e1vam nov\u00e9 lokality, preteky a po\u010detnej\u0161iu konkurenciu. Som si vedom\u00e1, \u017ee moja v\u00fdkonnos\u0165 nebude st\u00fapa\u0165 a ve\u013ea \u010dasu na ve\u013ek\u00e9 preteky mi u\u017e neost\u00e1va. Najm\u00e4 ak m\u00e1m pretek\u00e1rske amb\u00edcie. <\/span><\/em><\/p>\n<p><em><span style=\"font-weight: 400;\">Ke\u010f sa mi podar\u00ed vyhra\u0165, rados\u0165 je obrovsk\u00e1. Samozrejme ob\u013eubujem trate, na ktor\u00fdch sa mi dar\u00ed dosahova\u0165 najlep\u0161ie v\u00fdsledky. Favorita medzi tra\u0165ami nem\u00e1m. Dobr\u00fd pocit z trate a pretekov ovplyv\u0148uje ve\u013ea faktorov. \u013dudia a fan\u00fa\u0161ikovia okolo, samotn\u00ed pretek\u00e1ri, pr\u00edstup organiz\u00e1tora, rozhodcovia. Aj na \u201ejednoduchej\u201c trati vieme za\u017ei\u0165 par\u00e1dne preteky s atmosf\u00e9rou. Posledn\u00e9 roky som jazdila viac dom\u00e1ce podujatia. S\u00fa \u013eah\u0161ie dostupn\u00e9, \u010di u\u017e logisticky alebo finan\u010dne. Sna\u017e\u00edm sa promova\u0165 mojich reklamn\u00fdch partnerov u n\u00e1s na Slovensku. By\u0165 akt\u00edvna v na\u0161ej komunite, pril\u00e1ka\u0165 \u010do najviac \u013eud\u00ed k rekrea\u010dnej cyklistike.<\/span><\/em><\/p>\n<h4><b>Je nie\u010do, \u010do by si na s\u00fa\u010dasnej cyklistike zmenila?<\/b><\/h4>\n<p><em><span style=\"font-weight: 400;\">Rada by som sa pozrela aj ja do tajov profesion\u00e1lneho \u0161portu. Osobne m\u00f4\u017eem len na\u010falej sn\u00edva\u0165 o finan\u010dne zabezpe\u010denej profesion\u00e1lnej sez\u00f3ne. Elitn\u00e1 profesion\u00e1lna cyklistika na Slovensku vymiera. Venujeme sa jej po pr\u00e1ci vo vo\u013enom \u010dase. Uznanie a re\u0161pekt v slovenskej \u017eenskej elitnej cyklistike absentuje. Cyklistika je historicky pova\u017eovan\u00e1 za mu\u017esk\u00fd \u0161port, predsudky pretrv\u00e1vaj\u00fa dodnes. Rada by som to napravila. \u017del\u00e1m si, aby celkovo slovensk\u00e1 cyklistika na\u0161la straten\u00e9 renom\u00e9 a status, ktor\u00e9 by jej v spolo\u010dnosti mali patri\u0165.<\/span><\/em><\/p>\n<p><img loading=\"lazy\" decoding=\"async\" class=\"alignnone size-full wp-image-19338\" src=\"https:\/\/d2p6e6u75xmxt8.cloudfront.net\/4\/2024\/07\/04.webp\" alt=\"\" width=\"1096\" height=\"660\" srcset=\"https:\/\/d2p6e6u75xmxt8.cloudfront.net\/4\/2024\/07\/04.webp 1096w, https:\/\/d2p6e6u75xmxt8.cloudfront.net\/4\/2024\/07\/04-300x181.webp 300w, https:\/\/d2p6e6u75xmxt8.cloudfront.net\/4\/2024\/07\/04-1024x617.webp 1024w, https:\/\/d2p6e6u75xmxt8.cloudfront.net\/4\/2024\/07\/04-768x462.webp 768w, https:\/\/d2p6e6u75xmxt8.cloudfront.net\/4\/2024\/07\/04-400x241.webp 400w\" sizes=\"auto, (max-width: 1096px) 100vw, 1096px\" \/><\/p>\n<h4><b>Ako rada regeneruje\u0161 po n\u00e1ro\u010dnom dni na bicykli? Gau\u010d, sauna alebo akt\u00edvny oddych?<\/b><\/h4>\n<p><em><span style=\"font-weight: 400;\">Samozrejme preferujem gau\u010d, no m\u0148a v\u017edy \u010dak\u00e1 \u201eakt\u00edvny oddych\u201c a \u201epotenie sa\u201c pri ka\u017edodenn\u00fdch dom\u00e1cich povinnostiach.<\/span><\/em><\/p>\n","protected":false},"excerpt":{"rendered":"<p>M\u00e1 za sebou vynikaj\u00face umiestnenia na eur\u00f3pskych aj svetov\u00fdch podujatiach. Za skoro 30 rokov akt\u00edvnej kari\u00e9ry do svojej zbierky pridala [&hellip;]<\/p>\n","protected":false},"author":172,"featured_media":19339,"comment_status":"open","ping_status":"open","sticky":false,"template":"","format":"standard","meta":{"footnotes":""},"categories":[191],"tags":[969,800,180,1153,481,767,931,179,885,501,523,605,55,659,475,594],"global-categories":[1074],"class_list":["post-19334","post","type-post","status-publish","format-standard","has-post-thumbnail","hentry","category-odporucame","tag-cross-country","tag-elita","tag-horska-cyklistika","tag-kariera","tag-majstrovstva","tag-motivacia","tag-odporucame","tag-preteky","tag-profesional","tag-rozhovor","tag-slovensko","tag-titul","tag-trening","tag-zenska-cyklistika","tag-zeny","tag-zivot","global-categories-cycling"],"yoast_head":"<!-- This site is optimized with the Yoast SEO Premium plugin v25.3 (Yoast SEO v25.9) - https:\/\/yoast.com\/wordpress\/plugins\/seo\/ -->\n<title>Rozhovor: Janka Keseg \u0160tevkov\u00e1 \u2013 \u0161port mi u\u010daroval\u00a0 - \u0160koda We Love Cycling Slovensko<\/title>\n<meta name=\"description\" content=\"Za skoro 30 rokov akt\u00edvnej kari\u00e9ry do svojej zbierky pridala vy\u0161e 55 slovensk\u00fdch majstrovsk\u00fdch titulov v kateg\u00f3rii Elite \u017eeny.\" \/>\n<meta name=\"robots\" content=\"index, follow, max-snippet:-1, max-image-preview:large, max-video-preview:-1\" \/>\n<link rel=\"canonical\" href=\"https:\/\/www.welovecycling.com\/sk\/2024\/07\/02\/rozhovor-janka-keseg-stevkova-sport-mi-ucaroval\/\" \/>\n<meta property=\"og:locale\" content=\"sk_SK\" \/>\n<meta property=\"og:type\" content=\"article\" \/>\n<meta property=\"og:title\" content=\"Rozhovor: Janka Keseg \u0160tevkov\u00e1 \u2013 \u0161port mi u\u010daroval\u00a0\" \/>\n<meta property=\"og:description\" content=\"Za skoro 30 rokov akt\u00edvnej kari\u00e9ry do svojej zbierky pridala vy\u0161e 55 slovensk\u00fdch majstrovsk\u00fdch titulov v kateg\u00f3rii Elite \u017eeny.\" \/>\n<meta property=\"og:url\" content=\"https:\/\/www.welovecycling.com\/sk\/2024\/07\/02\/rozhovor-janka-keseg-stevkova-sport-mi-ucaroval\/\" \/>\n<meta property=\"og:site_name\" content=\"\u0160koda We Love Cycling Slovensko\" \/>\n<meta property=\"article:published_time\" content=\"2024-07-02T07:00:41+00:00\" \/>\n<meta property=\"og:image\" content=\"https:\/\/d2p6e6u75xmxt8.cloudfront.net\/4\/2024\/07\/titulka.webp\" \/>\n\t<meta property=\"og:image:width\" content=\"990\" \/>\n\t<meta property=\"og:image:height\" content=\"660\" \/>\n\t<meta property=\"og:image:type\" content=\"image\/webp\" \/>\n<meta name=\"author\" content=\"dominika\" \/>\n<meta name=\"twitter:card\" content=\"summary_large_image\" \/>\n<meta name=\"twitter:label1\" content=\"Written by\" \/>\n\t<meta name=\"twitter:data1\" content=\"Radovan Vr\u0161ka\" \/>\n\t<meta name=\"twitter:label2\" content=\"Est. reading time\" \/>\n\t<meta name=\"twitter:data2\" content=\"12\" \/>\n<script type=\"application\/ld+json\" class=\"yoast-schema-graph\">{\"@context\":\"https:\/\/schema.org\",\"@graph\":[{\"@type\":\"WebPage\",\"@id\":\"https:\/\/www.welovecycling.com\/sk\/2024\/07\/02\/rozhovor-janka-keseg-stevkova-sport-mi-ucaroval\/\",\"url\":\"https:\/\/www.welovecycling.com\/sk\/2024\/07\/02\/rozhovor-janka-keseg-stevkova-sport-mi-ucaroval\/\",\"name\":\"Rozhovor: Janka Keseg \u0160tevkov\u00e1 \u2013 \u0161port mi u\u010daroval\u00a0 - \u0160koda We Love Cycling Slovensko\",\"isPartOf\":{\"@id\":\"https:\/\/www.welovecycling.com\/sk\/#website\"},\"primaryImageOfPage\":{\"@id\":\"https:\/\/www.welovecycling.com\/sk\/2024\/07\/02\/rozhovor-janka-keseg-stevkova-sport-mi-ucaroval\/#primaryimage\"},\"image\":{\"@id\":\"https:\/\/www.welovecycling.com\/sk\/2024\/07\/02\/rozhovor-janka-keseg-stevkova-sport-mi-ucaroval\/#primaryimage\"},\"thumbnailUrl\":\"https:\/\/d2p6e6u75xmxt8.cloudfront.net\/4\/2024\/07\/titulka.webp\",\"datePublished\":\"2024-07-02T07:00:41+00:00\",\"author\":{\"@id\":\"https:\/\/www.welovecycling.com\/sk\/#\/schema\/person\/533b62b98b6c41bd5135ebfb1f742624\"},\"description\":\"Za skoro 30 rokov akt\u00edvnej kari\u00e9ry do svojej zbierky pridala vy\u0161e 55 slovensk\u00fdch majstrovsk\u00fdch titulov v kateg\u00f3rii Elite \u017eeny.\",\"breadcrumb\":{\"@id\":\"https:\/\/www.welovecycling.com\/sk\/2024\/07\/02\/rozhovor-janka-keseg-stevkova-sport-mi-ucaroval\/#breadcrumb\"},\"inLanguage\":\"sk-SK\",\"potentialAction\":[{\"@type\":\"ReadAction\",\"target\":[\"https:\/\/www.welovecycling.com\/sk\/2024\/07\/02\/rozhovor-janka-keseg-stevkova-sport-mi-ucaroval\/\"]}]},{\"@type\":\"ImageObject\",\"inLanguage\":\"sk-SK\",\"@id\":\"https:\/\/www.welovecycling.com\/sk\/2024\/07\/02\/rozhovor-janka-keseg-stevkova-sport-mi-ucaroval\/#primaryimage\",\"url\":\"https:\/\/d2p6e6u75xmxt8.cloudfront.net\/4\/2024\/07\/titulka.webp\",\"contentUrl\":\"https:\/\/d2p6e6u75xmxt8.cloudfront.net\/4\/2024\/07\/titulka.webp\",\"width\":990,\"height\":660},{\"@type\":\"BreadcrumbList\",\"@id\":\"https:\/\/www.welovecycling.com\/sk\/2024\/07\/02\/rozhovor-janka-keseg-stevkova-sport-mi-ucaroval\/#breadcrumb\",\"itemListElement\":[{\"@type\":\"ListItem\",\"position\":1,\"name\":\"Home\",\"item\":\"https:\/\/www.welovecycling.com\/sk\/\"},{\"@type\":\"ListItem\",\"position\":2,\"name\":\"Rozhovor: Janka Keseg \u0160tevkov\u00e1 \u2013 \u0161port mi u\u010daroval\u00a0\"}]},{\"@type\":\"WebSite\",\"@id\":\"https:\/\/www.welovecycling.com\/sk\/#website\",\"url\":\"https:\/\/www.welovecycling.com\/sk\/\",\"name\":\"\u0160koda We Love Cycling Slovensko\",\"description\":\"\u0160koda We Love Cycling Slovensko je v\u00e1\u0161 ka\u017edodenn\u00fd zdroj noviniek a in\u0161pir\u00e1cie z sveta cyklistiky\",\"potentialAction\":[{\"@type\":\"SearchAction\",\"target\":{\"@type\":\"EntryPoint\",\"urlTemplate\":\"https:\/\/www.welovecycling.com\/sk\/?s={search_term_string}\"},\"query-input\":{\"@type\":\"PropertyValueSpecification\",\"valueRequired\":true,\"valueName\":\"search_term_string\"}}],\"inLanguage\":\"sk-SK\"},{\"@type\":\"Person\",\"@id\":\"https:\/\/www.welovecycling.com\/sk\/#\/schema\/person\/533b62b98b6c41bd5135ebfb1f742624\",\"name\":\"dominika\",\"image\":{\"@type\":\"ImageObject\",\"inLanguage\":\"sk-SK\",\"@id\":\"https:\/\/www.welovecycling.com\/sk\/#\/schema\/person\/image\/\",\"url\":\"https:\/\/secure.gravatar.com\/avatar\/ded6f274ba2ec3e17fff153f7d9d96a4b33c2cb63907f75d9a5309c599a7f3e6?s=96&d=mm&r=g\",\"contentUrl\":\"https:\/\/secure.gravatar.com\/avatar\/ded6f274ba2ec3e17fff153f7d9d96a4b33c2cb63907f75d9a5309c599a7f3e6?s=96&d=mm&r=g\",\"caption\":\"dominika\"},\"url\":\"https:\/\/www.welovecycling.com\/sk\/author\/dominika\/\"}]}<\/script>\n<!-- \/ Yoast SEO Premium plugin. -->","yoast_head_json":{"title":"Rozhovor: Janka Keseg \u0160tevkov\u00e1 \u2013 \u0161port mi u\u010daroval\u00a0 - \u0160koda We Love Cycling Slovensko","description":"Za skoro 30 rokov akt\u00edvnej kari\u00e9ry do svojej zbierky pridala vy\u0161e 55 slovensk\u00fdch majstrovsk\u00fdch titulov v kateg\u00f3rii Elite \u017eeny.","robots":{"index":"index","follow":"follow","max-snippet":"max-snippet:-1","max-image-preview":"max-image-preview:large","max-video-preview":"max-video-preview:-1"},"canonical":"https:\/\/www.welovecycling.com\/sk\/2024\/07\/02\/rozhovor-janka-keseg-stevkova-sport-mi-ucaroval\/","og_locale":"sk_SK","og_type":"article","og_title":"Rozhovor: Janka Keseg \u0160tevkov\u00e1 \u2013 \u0161port mi u\u010daroval\u00a0","og_description":"Za skoro 30 rokov akt\u00edvnej kari\u00e9ry do svojej zbierky pridala vy\u0161e 55 slovensk\u00fdch majstrovsk\u00fdch titulov v kateg\u00f3rii Elite \u017eeny.","og_url":"https:\/\/www.welovecycling.com\/sk\/2024\/07\/02\/rozhovor-janka-keseg-stevkova-sport-mi-ucaroval\/","og_site_name":"\u0160koda We Love Cycling Slovensko","article_published_time":"2024-07-02T07:00:41+00:00","og_image":[{"width":990,"height":660,"url":"https:\/\/d2p6e6u75xmxt8.cloudfront.net\/4\/2024\/07\/titulka.webp","type":"image\/webp"}],"author":"dominika","twitter_card":"summary_large_image","twitter_misc":{"Written by":"Radovan Vr\u0161ka","Est. reading time":"12"},"schema":{"@context":"https:\/\/schema.org","@graph":[{"@type":"WebPage","@id":"https:\/\/www.welovecycling.com\/sk\/2024\/07\/02\/rozhovor-janka-keseg-stevkova-sport-mi-ucaroval\/","url":"https:\/\/www.welovecycling.com\/sk\/2024\/07\/02\/rozhovor-janka-keseg-stevkova-sport-mi-ucaroval\/","name":"Rozhovor: Janka Keseg \u0160tevkov\u00e1 \u2013 \u0161port mi u\u010daroval\u00a0 - \u0160koda We Love Cycling Slovensko","isPartOf":{"@id":"https:\/\/www.welovecycling.com\/sk\/#website"},"primaryImageOfPage":{"@id":"https:\/\/www.welovecycling.com\/sk\/2024\/07\/02\/rozhovor-janka-keseg-stevkova-sport-mi-ucaroval\/#primaryimage"},"image":{"@id":"https:\/\/www.welovecycling.com\/sk\/2024\/07\/02\/rozhovor-janka-keseg-stevkova-sport-mi-ucaroval\/#primaryimage"},"thumbnailUrl":"https:\/\/d2p6e6u75xmxt8.cloudfront.net\/4\/2024\/07\/titulka.webp","datePublished":"2024-07-02T07:00:41+00:00","author":{"@id":"https:\/\/www.welovecycling.com\/sk\/#\/schema\/person\/533b62b98b6c41bd5135ebfb1f742624"},"description":"Za skoro 30 rokov akt\u00edvnej kari\u00e9ry do svojej zbierky pridala vy\u0161e 55 slovensk\u00fdch majstrovsk\u00fdch titulov v kateg\u00f3rii Elite \u017eeny.","breadcrumb":{"@id":"https:\/\/www.welovecycling.com\/sk\/2024\/07\/02\/rozhovor-janka-keseg-stevkova-sport-mi-ucaroval\/#breadcrumb"},"inLanguage":"sk-SK","potentialAction":[{"@type":"ReadAction","target":["https:\/\/www.welovecycling.com\/sk\/2024\/07\/02\/rozhovor-janka-keseg-stevkova-sport-mi-ucaroval\/"]}]},{"@type":"ImageObject","inLanguage":"sk-SK","@id":"https:\/\/www.welovecycling.com\/sk\/2024\/07\/02\/rozhovor-janka-keseg-stevkova-sport-mi-ucaroval\/#primaryimage","url":"https:\/\/d2p6e6u75xmxt8.cloudfront.net\/4\/2024\/07\/titulka.webp","contentUrl":"https:\/\/d2p6e6u75xmxt8.cloudfront.net\/4\/2024\/07\/titulka.webp","width":990,"height":660},{"@type":"BreadcrumbList","@id":"https:\/\/www.welovecycling.com\/sk\/2024\/07\/02\/rozhovor-janka-keseg-stevkova-sport-mi-ucaroval\/#breadcrumb","itemListElement":[{"@type":"ListItem","position":1,"name":"Home","item":"https:\/\/www.welovecycling.com\/sk\/"},{"@type":"ListItem","position":2,"name":"Rozhovor: Janka Keseg \u0160tevkov\u00e1 \u2013 \u0161port mi u\u010daroval\u00a0"}]},{"@type":"WebSite","@id":"https:\/\/www.welovecycling.com\/sk\/#website","url":"https:\/\/www.welovecycling.com\/sk\/","name":"\u0160koda We Love Cycling Slovensko","description":"\u0160koda We Love Cycling Slovensko je v\u00e1\u0161 ka\u017edodenn\u00fd zdroj noviniek a in\u0161pir\u00e1cie z sveta cyklistiky","potentialAction":[{"@type":"SearchAction","target":{"@type":"EntryPoint","urlTemplate":"https:\/\/www.welovecycling.com\/sk\/?s={search_term_string}"},"query-input":{"@type":"PropertyValueSpecification","valueRequired":true,"valueName":"search_term_string"}}],"inLanguage":"sk-SK"},{"@type":"Person","@id":"https:\/\/www.welovecycling.com\/sk\/#\/schema\/person\/533b62b98b6c41bd5135ebfb1f742624","name":"dominika","image":{"@type":"ImageObject","inLanguage":"sk-SK","@id":"https:\/\/www.welovecycling.com\/sk\/#\/schema\/person\/image\/","url":"https:\/\/secure.gravatar.com\/avatar\/ded6f274ba2ec3e17fff153f7d9d96a4b33c2cb63907f75d9a5309c599a7f3e6?s=96&d=mm&r=g","contentUrl":"https:\/\/secure.gravatar.com\/avatar\/ded6f274ba2ec3e17fff153f7d9d96a4b33c2cb63907f75d9a5309c599a7f3e6?s=96&d=mm&r=g","caption":"dominika"},"url":"https:\/\/www.welovecycling.com\/sk\/author\/dominika\/"}]}},"_links":{"self":[{"href":"https:\/\/www.welovecycling.com\/sk\/wp-json\/wp\/v2\/posts\/19334","targetHints":{"allow":["GET"]}}],"collection":[{"href":"https:\/\/www.welovecycling.com\/sk\/wp-json\/wp\/v2\/posts"}],"about":[{"href":"https:\/\/www.welovecycling.com\/sk\/wp-json\/wp\/v2\/types\/post"}],"author":[{"embeddable":true,"href":"https:\/\/www.welovecycling.com\/sk\/wp-json\/wp\/v2\/users\/172"}],"replies":[{"embeddable":true,"href":"https:\/\/www.welovecycling.com\/sk\/wp-json\/wp\/v2\/comments?post=19334"}],"version-history":[{"count":8,"href":"https:\/\/www.welovecycling.com\/sk\/wp-json\/wp\/v2\/posts\/19334\/revisions"}],"predecessor-version":[{"id":19348,"href":"https:\/\/www.welovecycling.com\/sk\/wp-json\/wp\/v2\/posts\/19334\/revisions\/19348"}],"wp:featuredmedia":[{"embeddable":true,"href":"https:\/\/www.welovecycling.com\/sk\/wp-json\/wp\/v2\/media\/19339"}],"wp:attachment":[{"href":"https:\/\/www.welovecycling.com\/sk\/wp-json\/wp\/v2\/media?parent=19334"}],"wp:term":[{"taxonomy":"category","embeddable":true,"href":"https:\/\/www.welovecycling.com\/sk\/wp-json\/wp\/v2\/categories?post=19334"},{"taxonomy":"post_tag","embeddable":true,"href":"https:\/\/www.welovecycling.com\/sk\/wp-json\/wp\/v2\/tags?post=19334"},{"taxonomy":"global-categories","embeddable":true,"href":"https:\/\/www.welovecycling.com\/sk\/wp-json\/wp\/v2\/global-categories?post=19334"}],"curies":[{"name":"wp","href":"https:\/\/api.w.org\/{rel}","templated":true}]}}