{"id":19322,"date":"2024-06-28T09:00:19","date_gmt":"2024-06-28T07:00:19","guid":{"rendered":"https:\/\/www.welovecycling.com\/sk\/?p=19322"},"modified":"2024-06-27T10:15:52","modified_gmt":"2024-06-27T08:15:52","slug":"julovy-prehlad-slovenskych-podujati-tam-nemozete-chybat","status":"publish","type":"post","link":"https:\/\/www.welovecycling.com\/sk\/2024\/06\/28\/julovy-prehlad-slovenskych-podujati-tam-nemozete-chybat\/","title":{"rendered":"J\u00falov\u00fd preh\u013ead slovensk\u00fdch podujat\u00ed \u2013 tam nem\u00f4\u017eete ch\u00fdba\u0165\u00a0"},"content":{"rendered":"<p><strong>Za\u010dalo sa leto, je pr\u00e1zdninov\u00fd \u010das a mnoh\u00ed z n\u00e1s sa vybrali na dovolenky. Cyklisti si aj svoje dovolenkov\u00e9 destin\u00e1cie vyberaj\u00fa pod\u013ea toho, \u010di sa na danom mieste d\u00e1 jazdi\u0165 na bicykli. Ak ste sa napriek v\u0161etk\u00e9mu rozhodli zosta\u0165 doma, prin\u00e1\u0161ame v\u00e1m preh\u013ead zauj\u00edmav\u00fdch cyklistick\u00fdch podujat\u00ed, na ktor\u00fdch skr\u00e1tka nem\u00f4\u017eete ch\u00fdba\u0165.\u00a0<\/strong><!--more--><\/p>\n<h2><b>6. 7. 2024 \u2013 Okolo Doma\u0161e<\/b><\/h2>\n<p><span style=\"font-weight: 400;\">Letn\u00e9 jazdenie od\u0161tartuje cyklistami ob\u013e\u00faben\u00e1 nes\u00fa\u0165a\u017en\u00e1 akcia na v\u00fdchode Slovenska. Okolie Doma\u0161e je ako stvoren\u00e9 na tak\u00e9to jazdenie. Tentokr\u00e1t sa organiz\u00e1tori sna\u017eia vychyta\u0165 aj tie posledn\u00e9 nedostatky z minul\u00fdch ro\u010dn\u00edkov, a tak je u\u017e viac ako ist\u00e9, \u017ee to tento rok bude skvel\u00e9. <strong>Nev\u00e1hajte, lebo 16. ro\u010dn\u00edk bude prelomov\u00fd a za\u010dne sa p\u00edsa\u0165 nov\u00e1 \u00e9ra tohto podujatia \u2013 a vy mus\u00edte by\u0165 pri tom.\u00a0<\/strong><\/span><\/p>\n<p><iframe loading=\"lazy\" title=\"YouTube video player\" src=\"https:\/\/www.youtube-nocookie.com\/embed\/qpSUT0wlVjc?si=KM_fhZEckKPCIzYM\" width=\"800\" height=\"450\" frameborder=\"0\" allowfullscreen=\"allowfullscreen\"><span data-mce-type=\"bookmark\" style=\"display: inline-block; width: 0px; overflow: hidden; line-height: 0;\" class=\"mce_SELRES_start\">\ufeff<\/span><\/iframe><\/p>\n<h2><strong>7. 7. 2024 \u2013 MTBIKER Hornonitrianska Enduro S\u00e9ria \u2013 Ko\u0161\u00fatka<\/strong><\/h2>\n<p><span style=\"font-weight: 400;\"><strong>Po ne\u00faspe\u0161nom \u0161tarte Enduro sez\u00f3ny, ke\u010f boli zru\u0161en\u00e9 prv\u00e9 dve podujatia v Partiz\u00e1nskom aj v Leh\u00f4tke, sa nakoniec podarilo odjazdi\u0165 aspo\u0148 prv\u00e9 kolo v K\u00e1lnici.<\/strong> V j\u00fali na v\u00e1s \u010dak\u00e1 Ko\u0161\u00fatka a jej trate. Ako je zvykom, tr\u00e9nova\u0165 m\u00f4\u017eete u\u017e v piatok aj v sobotu. K dispoz\u00edcii bude samozrejme aj vlek. No a v nede\u013eu pr\u00edde hlavn\u00e1 \u010das\u0165 programu. Pr\u00ed\u010fte si u\u017ei\u0165 par\u00e1dny za\u010diatok letn\u00fdch pr\u00e1zdnin na dvoch koles\u00e1ch.\u00a0<\/span><\/p>\n<p><iframe loading=\"lazy\" title=\"YouTube video player\" src=\"https:\/\/www.youtube-nocookie.com\/embed\/MW0wkAXWNmk?si=IIm-ELvnSJ0fQics\" width=\"800\" height=\"450\" frameborder=\"0\" allowfullscreen=\"allowfullscreen\"><\/iframe><\/p>\n<h2><b>13. 7. 2024 \u2013 Smoln\u00edcky MTB marat\u00f3n<\/b><\/h2>\n<p><span style=\"font-weight: 400;\">Obec Smoln\u00edk pripravila ako ka\u017edoro\u010dne ob\u013e\u00faben\u00fd Smoln\u00edcky marat\u00f3n. \u0160tart je v kr\u00e1snom prostred\u00ed Smoln\u00edckeho Tajchu \u2013 umelej vodnej n\u00e1dr\u017ee, vybudovanej e\u0161te za \u010dias M\u00e1rie Ter\u00e9zie. \u010cak\u00e1 na v\u00e1s ve\u013ek\u00fd a mal\u00fd okruh. <strong>Ve\u013ek\u00fd m\u00e1 48,3 km a prev\u00fd\u0161enie 1652 m. Mal\u00fd okruh m\u00e1 20,5 km s prev\u00fd\u0161en\u00edm 655 m.<\/strong> Popon\u00e1h\u013eajte sa s prihlasovan\u00edm, lebo len prv\u00fdch 150 \u00fa\u010dastn\u00edkov m\u00e1 mo\u017enos\u0165 z\u00edska\u0165 ta\u0161ku.<\/span><\/p>\n<p><iframe loading=\"lazy\" title=\"YouTube video player\" src=\"https:\/\/www.youtube-nocookie.com\/embed\/1HsKvQrEQT8?si=Aqiaduxa9VFA8l9n\" width=\"800\" height=\"450\" frameborder=\"0\" allowfullscreen=\"allowfullscreen\"><\/iframe><\/p>\n<h2><strong>12. \u2013 14. 7. 2024 \u2013 Medzin\u00e1rodn\u00e9 dni cyklistiky \u2013 Ncup juniori<\/strong><\/h2>\n<p><span style=\"font-weight: 400;\">Medzin\u00e1rodn\u00e9 dni cyklistiky oslavuj\u00fa u\u017e svoj 61. ro\u010dn\u00edk. S\u00fa registrovan\u00e9 v UCI kateg\u00f3rii 2. Ncup. <strong>Pretek\u00e1rov \u010dakaj\u00fa tri dni a tri etapy.<\/strong> Prv\u00fd de\u0148 je to \u010dasovka v d\u013a\u017eke 11,5 km. Druh\u00fd a tret\u00ed de\u0148 s\u00fa to u\u017e klasick\u00e9 etapy, ka\u017ed\u00e1 v d\u013a\u017eke 115,5 km. Jazdi\u0165 sa bude za plnej cestnej prem\u00e1vky, tak\u017ee treba dodr\u017eiava\u0165 klasick\u00e9 cestn\u00e9 predpisy. Pretek\u00e1rov \u010dak\u00e1 aj nieko\u013eko vrch\u00e1rskych pr\u00e9mi\u00ed, tak\u017ee o atraktivitu na trati nebude n\u00fadza.\u00a0\u00a0<\/span><\/p>\n<p><iframe loading=\"lazy\" title=\"YouTube video player\" src=\"https:\/\/www.youtube-nocookie.com\/embed\/Gdek_Z_Vm9U?si=DRa9S0qCBHEft6lF\" width=\"800\" height=\"450\" frameborder=\"0\" allowfullscreen=\"allowfullscreen\"><\/iframe><\/p>\n<p>&nbsp;<\/p>\n<h2><b>20. 7. 2024 \u2013 Neslu\u0161sk\u00fdm chot\u00e1rom s GARMIN-om<\/b><\/h2>\n<p><span style=\"font-weight: 400;\">Mo\u017enos\u0165 zajazdi\u0165 si a zmera\u0165 si svoje sily v prostred\u00ed Kys\u00fac prin\u00e1\u0161aj\u00fa preteky organizovan\u00e9 obcou Neslu\u0161a a ob\u010dianskym zdru\u017een\u00edm Bajk Relax Kysuce. <strong>Pripraven\u00e9 s\u00fa tri z\u00e1kladn\u00e9 trate \u2013 dlh\u00e1 s d\u013a\u017ekou 65 km a s prev\u00fd\u0161en\u00edm 2200 m, stredn\u00e1 45 km\/1500 v. m a kr\u00e1tka 20 km\/700 v. m.<\/strong> Okrem t\u00fdchto trat\u00ed m\u00f4\u017eete vyu\u017ei\u0165 detsk\u00fa tra\u0165 a tra\u0165 pre e-bike. Po vyhl\u00e1sen\u00ed v\u00fdsledkov sa m\u00f4\u017eete zapoji\u0165 do tomboly. Nezabudnite si zak\u00fapi\u0165 pam\u00e4tn\u00e9 tri\u010dko na t\u00fato akciu.\u00a0<\/span><\/p>\n<p><iframe loading=\"lazy\" title=\"YouTube video player\" src=\"https:\/\/www.youtube-nocookie.com\/embed\/0VWBJM7gNRc?si=8ISWNXlkdTIajWOU\" width=\"800\" height=\"450\" frameborder=\"0\" allowfullscreen=\"allowfullscreen\"><\/iframe><\/p>\n<h2><strong>26. \u2013 27. 7. 2024 \u2013 Spi\u0161sk\u00fdch 333 EXTREME<\/strong><\/h2>\n<p><span style=\"font-weight: 400;\">Dvan\u00e1sty ro\u010dn\u00edk nonstop pretekov pre n\u00e1ro\u010dn\u00fdch je tu. <strong>Pripraven\u00e9 s\u00fa trate s d\u013a\u017ekou 333 km, 222 km, 111 km, 66 km a aj rodinn\u00e1 tra\u0165 s d\u013a\u017ekou 16 km. Hlavnou v\u0161ak ost\u00e1va tra\u0165 v d\u013a\u017eke 333 km, ktor\u00e1 m\u00e1 prev\u00fd\u0161enie 5367 v. m.<\/strong> Povrch trate je zhruba na polovicu asfalt versus spevnen\u00e9 lesn\u00e9 cesty. Maxim\u00e1lna doba na ukon\u010denie pretekov je 33 hod\u00edn. Preteky s\u00fa bez vonkaj\u0161ej podpory a vzh\u013eadom na obmedzen\u00e9 mo\u017enosti zna\u010denia tr\u00e1s v N\u00e1rodnom parku Slovensk\u00fd raj sa odpor\u00fa\u010da pou\u017eitie GPS.\u00a0<\/span><\/p>\n<p><iframe loading=\"lazy\" title=\"YouTube video player\" src=\"https:\/\/www.youtube-nocookie.com\/embed\/ggDqIEFlhWQ?si=EPV7U7LsRKw90olO\" width=\"800\" height=\"450\" frameborder=\"0\" allowfullscreen=\"allowfullscreen\"><\/iframe><\/p>\n<h2><strong>27. \u2013 28. 7. 2024 \u2013 MTBIKER Hornonitrianska Enduro S\u00e9ria \u2013 \u017dilina<\/strong><\/h2>\n<p><span style=\"font-weight: 400;\">V mesiaci j\u00fal sa odjazd\u00ed aj \u010fal\u0161ie kolo Hornonitrianske Enduro s\u00e9rie, a to mimo hran\u00edc regi\u00f3nu Hornej Nitry, v \u017diline. <strong>S\u00fa\u010das\u0165ou pretekov bud\u00fa aj Majstrovstv\u00e1 Slovenskej republiky v Endure.<\/strong> Jazdi\u0165 sa bude na popul\u00e1rnych tratiach \u017dilina OKO Trails a akcia tohto typu sa tam bude kona\u0165 po prv\u00fdkr\u00e1t. Je to kr\u00e1sny pr\u00edklad vz\u00e1jomnej pomoci v tejto komunite, ke\u010f s organizovan\u00edm pom\u00f4\u017eu aj \u010dlenovia a dobrovo\u013en\u00edci OKO Trails. Ver\u00edme, \u017ee sa \u017dilina u\u017e natrvalo zarad\u00ed do kalend\u00e1ra tejto s\u00e9rie.\u00a0<\/span><\/p>\n<p><iframe loading=\"lazy\" title=\"YouTube video player\" src=\"https:\/\/www.youtube-nocookie.com\/embed\/mqa9GqckfYI?si=vQU8wIUQ1TYlUQ4g\" width=\"800\" height=\"450\" frameborder=\"0\" allowfullscreen=\"allowfullscreen\"><span data-mce-type=\"bookmark\" style=\"display: inline-block; width: 0px; overflow: hidden; line-height: 0;\" class=\"mce_SELRES_start\">\ufeff<\/span><\/iframe><\/p>\n","protected":false},"excerpt":{"rendered":"<p>Za\u010dalo sa leto, je pr\u00e1zdninov\u00fd \u010das a mnoh\u00ed z n\u00e1s sa vybrali na dovolenky. Cyklisti si aj svoje dovolenkov\u00e9 destin\u00e1cie [&hellip;]<\/p>\n","protected":false},"author":172,"featured_media":19323,"comment_status":"open","ping_status":"open","sticky":false,"template":"","format":"standard","meta":{"footnotes":""},"categories":[34],"tags":[478,916,896,180,566,178,412,37,91,179,1615],"global-categories":[1074],"class_list":["post-19322","post","type-post","status-publish","format-standard","has-post-thumbnail","hentry","category-podujatia","tag-akcia","tag-cyklisticka-destinacia","tag-enduro","tag-horska-cyklistika","tag-leto","tag-maraton","tag-mtb","tag-podujatia","tag-pozvanka","tag-preteky","tag-sezona-2024","global-categories-cycling"],"yoast_head":"<!-- This site is optimized with the Yoast SEO Premium plugin v25.3 (Yoast SEO v25.9) - https:\/\/yoast.com\/wordpress\/plugins\/seo\/ -->\n<title>J\u00falov\u00fd preh\u013ead slovensk\u00fdch podujat\u00ed \u2013 tam nem\u00f4\u017eete ch\u00fdba\u0165\u00a0 - \u0160koda We Love Cycling Slovensko<\/title>\n<meta name=\"description\" content=\"Cyklisti si aj svoje dovolenkov\u00e9 destin\u00e1cie vyberaj\u00fa pod\u013ea toho, \u010di sa na danom mieste d\u00e1 jazdi\u0165 na bicykli.\" \/>\n<meta name=\"robots\" content=\"index, follow, max-snippet:-1, max-image-preview:large, max-video-preview:-1\" \/>\n<link rel=\"canonical\" href=\"https:\/\/www.welovecycling.com\/sk\/2024\/06\/28\/julovy-prehlad-slovenskych-podujati-tam-nemozete-chybat\/\" \/>\n<meta property=\"og:locale\" content=\"sk_SK\" \/>\n<meta property=\"og:type\" content=\"article\" \/>\n<meta property=\"og:title\" content=\"J\u00falov\u00fd preh\u013ead slovensk\u00fdch podujat\u00ed \u2013 tam nem\u00f4\u017eete ch\u00fdba\u0165\u00a0\" \/>\n<meta property=\"og:description\" content=\"Cyklisti si aj svoje dovolenkov\u00e9 destin\u00e1cie vyberaj\u00fa pod\u013ea toho, \u010di sa na danom mieste d\u00e1 jazdi\u0165 na bicykli.\" \/>\n<meta property=\"og:url\" content=\"https:\/\/www.welovecycling.com\/sk\/2024\/06\/28\/julovy-prehlad-slovenskych-podujati-tam-nemozete-chybat\/\" \/>\n<meta property=\"og:site_name\" content=\"\u0160koda We Love Cycling Slovensko\" \/>\n<meta property=\"article:published_time\" content=\"2024-06-28T07:00:19+00:00\" \/>\n<meta property=\"og:image\" content=\"https:\/\/d2p6e6u75xmxt8.cloudfront.net\/4\/2024\/06\/titulka.webp\" \/>\n\t<meta property=\"og:image:width\" content=\"990\" \/>\n\t<meta property=\"og:image:height\" content=\"660\" \/>\n\t<meta property=\"og:image:type\" content=\"image\/webp\" \/>\n<meta name=\"author\" content=\"dominika\" \/>\n<meta name=\"twitter:card\" content=\"summary_large_image\" \/>\n<meta name=\"twitter:label1\" content=\"Written by\" \/>\n\t<meta name=\"twitter:data1\" content=\"We Love Cycling\" \/>\n\t<meta name=\"twitter:label2\" content=\"Est. reading time\" \/>\n\t<meta name=\"twitter:data2\" content=\"4\" \/>\n<script type=\"application\/ld+json\" class=\"yoast-schema-graph\">{\"@context\":\"https:\/\/schema.org\",\"@graph\":[{\"@type\":\"WebPage\",\"@id\":\"https:\/\/www.welovecycling.com\/sk\/2024\/06\/28\/julovy-prehlad-slovenskych-podujati-tam-nemozete-chybat\/\",\"url\":\"https:\/\/www.welovecycling.com\/sk\/2024\/06\/28\/julovy-prehlad-slovenskych-podujati-tam-nemozete-chybat\/\",\"name\":\"J\u00falov\u00fd preh\u013ead slovensk\u00fdch podujat\u00ed \u2013 tam nem\u00f4\u017eete ch\u00fdba\u0165\u00a0 - \u0160koda We Love Cycling Slovensko\",\"isPartOf\":{\"@id\":\"https:\/\/www.welovecycling.com\/sk\/#website\"},\"primaryImageOfPage\":{\"@id\":\"https:\/\/www.welovecycling.com\/sk\/2024\/06\/28\/julovy-prehlad-slovenskych-podujati-tam-nemozete-chybat\/#primaryimage\"},\"image\":{\"@id\":\"https:\/\/www.welovecycling.com\/sk\/2024\/06\/28\/julovy-prehlad-slovenskych-podujati-tam-nemozete-chybat\/#primaryimage\"},\"thumbnailUrl\":\"https:\/\/d2p6e6u75xmxt8.cloudfront.net\/4\/2024\/06\/titulka.webp\",\"datePublished\":\"2024-06-28T07:00:19+00:00\",\"author\":{\"@id\":\"https:\/\/www.welovecycling.com\/sk\/#\/schema\/person\/533b62b98b6c41bd5135ebfb1f742624\"},\"description\":\"Cyklisti si aj svoje dovolenkov\u00e9 destin\u00e1cie vyberaj\u00fa pod\u013ea toho, \u010di sa na danom mieste d\u00e1 jazdi\u0165 na bicykli.\",\"breadcrumb\":{\"@id\":\"https:\/\/www.welovecycling.com\/sk\/2024\/06\/28\/julovy-prehlad-slovenskych-podujati-tam-nemozete-chybat\/#breadcrumb\"},\"inLanguage\":\"sk-SK\",\"potentialAction\":[{\"@type\":\"ReadAction\",\"target\":[\"https:\/\/www.welovecycling.com\/sk\/2024\/06\/28\/julovy-prehlad-slovenskych-podujati-tam-nemozete-chybat\/\"]}]},{\"@type\":\"ImageObject\",\"inLanguage\":\"sk-SK\",\"@id\":\"https:\/\/www.welovecycling.com\/sk\/2024\/06\/28\/julovy-prehlad-slovenskych-podujati-tam-nemozete-chybat\/#primaryimage\",\"url\":\"https:\/\/d2p6e6u75xmxt8.cloudfront.net\/4\/2024\/06\/titulka.webp\",\"contentUrl\":\"https:\/\/d2p6e6u75xmxt8.cloudfront.net\/4\/2024\/06\/titulka.webp\",\"width\":990,\"height\":660},{\"@type\":\"BreadcrumbList\",\"@id\":\"https:\/\/www.welovecycling.com\/sk\/2024\/06\/28\/julovy-prehlad-slovenskych-podujati-tam-nemozete-chybat\/#breadcrumb\",\"itemListElement\":[{\"@type\":\"ListItem\",\"position\":1,\"name\":\"Home\",\"item\":\"https:\/\/www.welovecycling.com\/sk\/\"},{\"@type\":\"ListItem\",\"position\":2,\"name\":\"J\u00falov\u00fd preh\u013ead slovensk\u00fdch podujat\u00ed \u2013 tam nem\u00f4\u017eete ch\u00fdba\u0165\u00a0\"}]},{\"@type\":\"WebSite\",\"@id\":\"https:\/\/www.welovecycling.com\/sk\/#website\",\"url\":\"https:\/\/www.welovecycling.com\/sk\/\",\"name\":\"\u0160koda We Love Cycling Slovensko\",\"description\":\"\u0160koda We Love Cycling Slovensko je v\u00e1\u0161 ka\u017edodenn\u00fd zdroj noviniek a in\u0161pir\u00e1cie z sveta cyklistiky\",\"potentialAction\":[{\"@type\":\"SearchAction\",\"target\":{\"@type\":\"EntryPoint\",\"urlTemplate\":\"https:\/\/www.welovecycling.com\/sk\/?s={search_term_string}\"},\"query-input\":{\"@type\":\"PropertyValueSpecification\",\"valueRequired\":true,\"valueName\":\"search_term_string\"}}],\"inLanguage\":\"sk-SK\"},{\"@type\":\"Person\",\"@id\":\"https:\/\/www.welovecycling.com\/sk\/#\/schema\/person\/533b62b98b6c41bd5135ebfb1f742624\",\"name\":\"dominika\",\"image\":{\"@type\":\"ImageObject\",\"inLanguage\":\"sk-SK\",\"@id\":\"https:\/\/www.welovecycling.com\/sk\/#\/schema\/person\/image\/\",\"url\":\"https:\/\/secure.gravatar.com\/avatar\/ded6f274ba2ec3e17fff153f7d9d96a4b33c2cb63907f75d9a5309c599a7f3e6?s=96&d=mm&r=g\",\"contentUrl\":\"https:\/\/secure.gravatar.com\/avatar\/ded6f274ba2ec3e17fff153f7d9d96a4b33c2cb63907f75d9a5309c599a7f3e6?s=96&d=mm&r=g\",\"caption\":\"dominika\"},\"url\":\"https:\/\/www.welovecycling.com\/sk\/author\/dominika\/\"}]}<\/script>\n<!-- \/ Yoast SEO Premium plugin. -->","yoast_head_json":{"title":"J\u00falov\u00fd preh\u013ead slovensk\u00fdch podujat\u00ed \u2013 tam nem\u00f4\u017eete ch\u00fdba\u0165\u00a0 - \u0160koda We Love Cycling Slovensko","description":"Cyklisti si aj svoje dovolenkov\u00e9 destin\u00e1cie vyberaj\u00fa pod\u013ea toho, \u010di sa na danom mieste d\u00e1 jazdi\u0165 na bicykli.","robots":{"index":"index","follow":"follow","max-snippet":"max-snippet:-1","max-image-preview":"max-image-preview:large","max-video-preview":"max-video-preview:-1"},"canonical":"https:\/\/www.welovecycling.com\/sk\/2024\/06\/28\/julovy-prehlad-slovenskych-podujati-tam-nemozete-chybat\/","og_locale":"sk_SK","og_type":"article","og_title":"J\u00falov\u00fd preh\u013ead slovensk\u00fdch podujat\u00ed \u2013 tam nem\u00f4\u017eete ch\u00fdba\u0165\u00a0","og_description":"Cyklisti si aj svoje dovolenkov\u00e9 destin\u00e1cie vyberaj\u00fa pod\u013ea toho, \u010di sa na danom mieste d\u00e1 jazdi\u0165 na bicykli.","og_url":"https:\/\/www.welovecycling.com\/sk\/2024\/06\/28\/julovy-prehlad-slovenskych-podujati-tam-nemozete-chybat\/","og_site_name":"\u0160koda We Love Cycling Slovensko","article_published_time":"2024-06-28T07:00:19+00:00","og_image":[{"width":990,"height":660,"url":"https:\/\/d2p6e6u75xmxt8.cloudfront.net\/4\/2024\/06\/titulka.webp","type":"image\/webp"}],"author":"dominika","twitter_card":"summary_large_image","twitter_misc":{"Written by":"We Love Cycling","Est. reading time":"4"},"schema":{"@context":"https:\/\/schema.org","@graph":[{"@type":"WebPage","@id":"https:\/\/www.welovecycling.com\/sk\/2024\/06\/28\/julovy-prehlad-slovenskych-podujati-tam-nemozete-chybat\/","url":"https:\/\/www.welovecycling.com\/sk\/2024\/06\/28\/julovy-prehlad-slovenskych-podujati-tam-nemozete-chybat\/","name":"J\u00falov\u00fd preh\u013ead slovensk\u00fdch podujat\u00ed \u2013 tam nem\u00f4\u017eete ch\u00fdba\u0165\u00a0 - \u0160koda We Love Cycling Slovensko","isPartOf":{"@id":"https:\/\/www.welovecycling.com\/sk\/#website"},"primaryImageOfPage":{"@id":"https:\/\/www.welovecycling.com\/sk\/2024\/06\/28\/julovy-prehlad-slovenskych-podujati-tam-nemozete-chybat\/#primaryimage"},"image":{"@id":"https:\/\/www.welovecycling.com\/sk\/2024\/06\/28\/julovy-prehlad-slovenskych-podujati-tam-nemozete-chybat\/#primaryimage"},"thumbnailUrl":"https:\/\/d2p6e6u75xmxt8.cloudfront.net\/4\/2024\/06\/titulka.webp","datePublished":"2024-06-28T07:00:19+00:00","author":{"@id":"https:\/\/www.welovecycling.com\/sk\/#\/schema\/person\/533b62b98b6c41bd5135ebfb1f742624"},"description":"Cyklisti si aj svoje dovolenkov\u00e9 destin\u00e1cie vyberaj\u00fa pod\u013ea toho, \u010di sa na danom mieste d\u00e1 jazdi\u0165 na bicykli.","breadcrumb":{"@id":"https:\/\/www.welovecycling.com\/sk\/2024\/06\/28\/julovy-prehlad-slovenskych-podujati-tam-nemozete-chybat\/#breadcrumb"},"inLanguage":"sk-SK","potentialAction":[{"@type":"ReadAction","target":["https:\/\/www.welovecycling.com\/sk\/2024\/06\/28\/julovy-prehlad-slovenskych-podujati-tam-nemozete-chybat\/"]}]},{"@type":"ImageObject","inLanguage":"sk-SK","@id":"https:\/\/www.welovecycling.com\/sk\/2024\/06\/28\/julovy-prehlad-slovenskych-podujati-tam-nemozete-chybat\/#primaryimage","url":"https:\/\/d2p6e6u75xmxt8.cloudfront.net\/4\/2024\/06\/titulka.webp","contentUrl":"https:\/\/d2p6e6u75xmxt8.cloudfront.net\/4\/2024\/06\/titulka.webp","width":990,"height":660},{"@type":"BreadcrumbList","@id":"https:\/\/www.welovecycling.com\/sk\/2024\/06\/28\/julovy-prehlad-slovenskych-podujati-tam-nemozete-chybat\/#breadcrumb","itemListElement":[{"@type":"ListItem","position":1,"name":"Home","item":"https:\/\/www.welovecycling.com\/sk\/"},{"@type":"ListItem","position":2,"name":"J\u00falov\u00fd preh\u013ead slovensk\u00fdch podujat\u00ed \u2013 tam nem\u00f4\u017eete ch\u00fdba\u0165\u00a0"}]},{"@type":"WebSite","@id":"https:\/\/www.welovecycling.com\/sk\/#website","url":"https:\/\/www.welovecycling.com\/sk\/","name":"\u0160koda We Love Cycling Slovensko","description":"\u0160koda We Love Cycling Slovensko je v\u00e1\u0161 ka\u017edodenn\u00fd zdroj noviniek a in\u0161pir\u00e1cie z sveta cyklistiky","potentialAction":[{"@type":"SearchAction","target":{"@type":"EntryPoint","urlTemplate":"https:\/\/www.welovecycling.com\/sk\/?s={search_term_string}"},"query-input":{"@type":"PropertyValueSpecification","valueRequired":true,"valueName":"search_term_string"}}],"inLanguage":"sk-SK"},{"@type":"Person","@id":"https:\/\/www.welovecycling.com\/sk\/#\/schema\/person\/533b62b98b6c41bd5135ebfb1f742624","name":"dominika","image":{"@type":"ImageObject","inLanguage":"sk-SK","@id":"https:\/\/www.welovecycling.com\/sk\/#\/schema\/person\/image\/","url":"https:\/\/secure.gravatar.com\/avatar\/ded6f274ba2ec3e17fff153f7d9d96a4b33c2cb63907f75d9a5309c599a7f3e6?s=96&d=mm&r=g","contentUrl":"https:\/\/secure.gravatar.com\/avatar\/ded6f274ba2ec3e17fff153f7d9d96a4b33c2cb63907f75d9a5309c599a7f3e6?s=96&d=mm&r=g","caption":"dominika"},"url":"https:\/\/www.welovecycling.com\/sk\/author\/dominika\/"}]}},"_links":{"self":[{"href":"https:\/\/www.welovecycling.com\/sk\/wp-json\/wp\/v2\/posts\/19322","targetHints":{"allow":["GET"]}}],"collection":[{"href":"https:\/\/www.welovecycling.com\/sk\/wp-json\/wp\/v2\/posts"}],"about":[{"href":"https:\/\/www.welovecycling.com\/sk\/wp-json\/wp\/v2\/types\/post"}],"author":[{"embeddable":true,"href":"https:\/\/www.welovecycling.com\/sk\/wp-json\/wp\/v2\/users\/172"}],"replies":[{"embeddable":true,"href":"https:\/\/www.welovecycling.com\/sk\/wp-json\/wp\/v2\/comments?post=19322"}],"version-history":[{"count":3,"href":"https:\/\/www.welovecycling.com\/sk\/wp-json\/wp\/v2\/posts\/19322\/revisions"}],"predecessor-version":[{"id":19326,"href":"https:\/\/www.welovecycling.com\/sk\/wp-json\/wp\/v2\/posts\/19322\/revisions\/19326"}],"wp:featuredmedia":[{"embeddable":true,"href":"https:\/\/www.welovecycling.com\/sk\/wp-json\/wp\/v2\/media\/19323"}],"wp:attachment":[{"href":"https:\/\/www.welovecycling.com\/sk\/wp-json\/wp\/v2\/media?parent=19322"}],"wp:term":[{"taxonomy":"category","embeddable":true,"href":"https:\/\/www.welovecycling.com\/sk\/wp-json\/wp\/v2\/categories?post=19322"},{"taxonomy":"post_tag","embeddable":true,"href":"https:\/\/www.welovecycling.com\/sk\/wp-json\/wp\/v2\/tags?post=19322"},{"taxonomy":"global-categories","embeddable":true,"href":"https:\/\/www.welovecycling.com\/sk\/wp-json\/wp\/v2\/global-categories?post=19322"}],"curies":[{"name":"wp","href":"https:\/\/api.w.org\/{rel}","templated":true}]}}