{"id":19307,"date":"2024-06-26T10:00:06","date_gmt":"2024-06-26T08:00:06","guid":{"rendered":"https:\/\/www.welovecycling.com\/sk\/?p=19307"},"modified":"2024-06-25T12:05:53","modified_gmt":"2024-06-25T10:05:53","slug":"najvacsi-cyklisticky-sviatok-roka-startuje-uz-o-niekolko-dni-kto-ovladne-staru-damu-tento-rok","status":"publish","type":"post","link":"https:\/\/www.welovecycling.com\/sk\/2024\/06\/26\/najvacsi-cyklisticky-sviatok-roka-startuje-uz-o-niekolko-dni-kto-ovladne-staru-damu-tento-rok\/","title":{"rendered":"Najv\u00e4\u010d\u0161\u00ed cyklistick\u00fd sviatok roka \u0161tartuje u\u017e o nieko\u013eko dn\u00ed. Kto ovl\u00e1dne Star\u00fa d\u00e1mu tento rok?"},"content":{"rendered":"<p><strong>Ke\u010f sa sp\u00e4tne pozrieme na posledn\u00e9 ro\u010dn\u00edky Tour de France, dominancia Sky, respekt\u00edve INEOSu je u\u017e d\u00e1vno pre\u010d. Zvraty, ostr\u00e9 s\u00faboje a takisto aj ist\u00e9 kontroverzie, toto v\u0161etko n\u00e1s bavilo posledn\u00e9 roky a o\u010dak\u00e1va\u0165 to m\u00f4\u017eeme aj tentokr\u00e1t. \u010co n\u00e1s teda \u010dak\u00e1?<\/strong><!--more--><\/p>\n<h2><b>\u00davod ako cez kopir\u00e1k<\/b><\/h2>\n<p><span style=\"font-weight: 400;\">Minul\u00fd rok bol Grand D\u00e9part situovan\u00fd v Baskicku, tohto roku (mo\u017eno trochu prekvapivo) v \u201ekonkuren\u010dnom\u201c Taliansku. No oba maj\u00fa nie\u010do spolo\u010dn\u00e9. Pretek\u00e1rov u\u017e od \u00favodu \u010dak\u00e1 pomerne n\u00e1ro\u010dn\u00fd profil, ktor\u00fd m\u00f4\u017eu vyu\u017ei\u0165 nielen vrch\u00e1ri, ale aj favoriti celkov\u00e9ho poradia tak, ako sme to videli pred rokom.\u00a0<\/span><\/p>\n<blockquote class=\"instagram-media\" style=\"background: #FFF; border: 0; border-radius: 3px; box-shadow: 0 0 1px 0 rgba(0,0,0,0.5),0 1px 10px 0 rgba(0,0,0,0.15); margin: 1px; max-width: 540px; min-width: 326px; padding: 0; width: calc(100% - 2px);\" data-instgrm-permalink=\"https:\/\/www.instagram.com\/p\/Cy0bj2sNOA_\/?utm_source=ig_embed&amp;utm_campaign=loading\" data-instgrm-version=\"14\">\n<div style=\"padding: 16px;\">\n<p>&nbsp;<\/p>\n<div style=\"display: flex; flex-direction: row; align-items: center;\">\n<div style=\"background-color: #f4f4f4; border-radius: 50%; flex-grow: 0; height: 40px; margin-right: 14px; width: 40px;\"><\/div>\n<div style=\"display: flex; flex-direction: column; flex-grow: 1; justify-content: center;\">\n<div style=\"background-color: #f4f4f4; border-radius: 4px; flex-grow: 0; height: 14px; margin-bottom: 6px; width: 100px;\"><\/div>\n<div style=\"background-color: #f4f4f4; border-radius: 4px; flex-grow: 0; height: 14px; width: 60px;\"><\/div>\n<\/div>\n<\/div>\n<div style=\"padding: 19% 0;\"><\/div>\n<div style=\"display: block; height: 50px; margin: 0 auto 12px; width: 50px;\"><\/div>\n<div style=\"padding-top: 8px;\">\n<div style=\"color: #3897f0; font-family: Arial,sans-serif; font-size: 14px; font-style: normal; font-weight: 550; line-height: 18px;\">Zobrazi\u0165 tento pr\u00edspevok na Instagrame<\/div>\n<\/div>\n<div style=\"padding: 12.5% 0;\"><\/div>\n<div style=\"display: flex; flex-direction: row; margin-bottom: 14px; align-items: center;\">\n<div>\n<div style=\"background-color: #f4f4f4; border-radius: 50%; height: 12.5px; width: 12.5px; transform: translateX(0px) translateY(7px);\"><\/div>\n<div style=\"background-color: #f4f4f4; height: 12.5px; transform: rotate(-45deg) translateX(3px) translateY(1px); width: 12.5px; flex-grow: 0; margin-right: 14px; margin-left: 2px;\"><\/div>\n<div style=\"background-color: #f4f4f4; border-radius: 50%; height: 12.5px; width: 12.5px; transform: translateX(9px) translateY(-18px);\"><\/div>\n<\/div>\n<div style=\"margin-left: 8px;\">\n<div style=\"background-color: #f4f4f4; border-radius: 50%; flex-grow: 0; height: 20px; width: 20px;\"><\/div>\n<div style=\"width: 0; height: 0; border-top: 2px solid transparent; border-left: 6px solid #f4f4f4; border-bottom: 2px solid transparent; transform: translateX(16px) translateY(-4px) rotate(30deg);\"><\/div>\n<\/div>\n<div style=\"margin-left: auto;\">\n<div style=\"width: 0px; border-top: 8px solid #F4F4F4; border-right: 8px solid transparent; transform: translateY(16px);\"><\/div>\n<div style=\"background-color: #f4f4f4; flex-grow: 0; height: 12px; width: 16px; transform: translateY(-4px);\"><\/div>\n<div style=\"width: 0; height: 0; border-top: 8px solid #F4F4F4; border-left: 8px solid transparent; transform: translateY(-4px) translateX(8px);\"><\/div>\n<\/div>\n<\/div>\n<div style=\"display: flex; flex-direction: column; flex-grow: 1; justify-content: center; margin-bottom: 24px;\">\n<div style=\"background-color: #f4f4f4; border-radius: 4px; flex-grow: 0; height: 14px; margin-bottom: 6px; width: 224px;\"><\/div>\n<div style=\"background-color: #f4f4f4; border-radius: 4px; flex-grow: 0; height: 14px; width: 144px;\"><\/div>\n<\/div>\n<p>&nbsp;<\/p>\n<p style=\"color: #c9c8cd; font-family: Arial,sans-serif; font-size: 14px; line-height: 17px; margin-bottom: 0; margin-top: 8px; overflow: hidden; padding: 8px 0 7px; text-align: center; text-overflow: ellipsis; white-space: nowrap;\"><a style=\"color: #c9c8cd; font-family: Arial,sans-serif; font-size: 14px; font-style: normal; font-weight: normal; line-height: 17px; text-decoration: none;\" href=\"https:\/\/www.instagram.com\/p\/Cy0bj2sNOA_\/?utm_source=ig_embed&amp;utm_campaign=loading\" target=\"_blank\" rel=\"noopener\">Pr\u00edspevok, ktor\u00fd zdie\u013ea Tour de France\u2122 (@letourdefrance)<\/a><\/p>\n<\/div>\n<\/blockquote>\n<p><script async src=\"\/\/www.instagram.com\/embed.js\"><\/script><\/p>\n<p><span style=\"font-weight: 400;\">Minuloro\u010dn\u00e1 strat\u00e9gia n\u00e1ro\u010dn\u00fdch et\u00e1p hne\u010f od za\u010diatku sa organiz\u00e1torom o\u010dividne osved\u010dila, nako\u013eko aj tentokr\u00e1t uvid\u00edme prv\u00fa re\u00e1lnu vrch\u00e1rsku sk\u00fa\u0161ku u\u017e v \u0161tvrtej etape. Bude \u0148ou legend\u00e1rny Col du Galibier \u2013 aj napriek tomu, \u017ee cestu dodnes lemuj\u00fa mantinely snehu, a tak budeme svedkami v\u00fdjavu, ktor\u00fd pripom\u00edna sk\u00f4r Giro d\u2019Italia. <strong>Prv\u00fd blok n\u00e1m prinesie aj \u010dasovku s dlh\u0161\u00edm st\u00fapan\u00edm a etapu s gravel \u00fasekmi.<\/strong> Ni\u010d, kde by sa Tour dala vyhra\u0165, no z\u00e1rove\u0148 jednozna\u010dne nie\u010do, kde sa d\u00e1 prehra\u0165.<\/span><\/p>\n<blockquote class=\"instagram-media\" style=\"background: #FFF; border: 0; border-radius: 3px; box-shadow: 0 0 1px 0 rgba(0,0,0,0.5),0 1px 10px 0 rgba(0,0,0,0.15); margin: 1px; max-width: 540px; min-width: 326px; padding: 0; width: calc(100% - 2px);\" data-instgrm-permalink=\"https:\/\/www.instagram.com\/p\/C8l4EYEsoj4\/?utm_source=ig_embed&amp;utm_campaign=loading\" data-instgrm-version=\"14\">\n<div style=\"padding: 16px;\">\n<p>&nbsp;<\/p>\n<div style=\"display: flex; flex-direction: row; align-items: center;\">\n<div style=\"background-color: #f4f4f4; border-radius: 50%; flex-grow: 0; height: 40px; margin-right: 14px; width: 40px;\"><\/div>\n<div style=\"display: flex; flex-direction: column; flex-grow: 1; justify-content: center;\">\n<div style=\"background-color: #f4f4f4; border-radius: 4px; flex-grow: 0; height: 14px; margin-bottom: 6px; width: 100px;\"><\/div>\n<div style=\"background-color: #f4f4f4; border-radius: 4px; flex-grow: 0; height: 14px; width: 60px;\"><\/div>\n<\/div>\n<\/div>\n<div style=\"padding: 19% 0;\"><\/div>\n<div style=\"display: block; height: 50px; margin: 0 auto 12px; width: 50px;\"><\/div>\n<div style=\"padding-top: 8px;\">\n<div style=\"color: #3897f0; font-family: Arial,sans-serif; font-size: 14px; font-style: normal; font-weight: 550; line-height: 18px;\">Zobrazi\u0165 tento pr\u00edspevok na Instagrame<\/div>\n<\/div>\n<div style=\"padding: 12.5% 0;\"><\/div>\n<div style=\"display: flex; flex-direction: row; margin-bottom: 14px; align-items: center;\">\n<div>\n<div style=\"background-color: #f4f4f4; border-radius: 50%; height: 12.5px; width: 12.5px; transform: translateX(0px) translateY(7px);\"><\/div>\n<div style=\"background-color: #f4f4f4; height: 12.5px; transform: rotate(-45deg) translateX(3px) translateY(1px); width: 12.5px; flex-grow: 0; margin-right: 14px; margin-left: 2px;\"><\/div>\n<div style=\"background-color: #f4f4f4; border-radius: 50%; height: 12.5px; width: 12.5px; transform: translateX(9px) translateY(-18px);\"><\/div>\n<\/div>\n<div style=\"margin-left: 8px;\">\n<div style=\"background-color: #f4f4f4; border-radius: 50%; flex-grow: 0; height: 20px; width: 20px;\"><\/div>\n<div style=\"width: 0; height: 0; border-top: 2px solid transparent; border-left: 6px solid #f4f4f4; border-bottom: 2px solid transparent; transform: translateX(16px) translateY(-4px) rotate(30deg);\"><\/div>\n<\/div>\n<div style=\"margin-left: auto;\">\n<div style=\"width: 0px; border-top: 8px solid #F4F4F4; border-right: 8px solid transparent; transform: translateY(16px);\"><\/div>\n<div style=\"background-color: #f4f4f4; flex-grow: 0; height: 12px; width: 16px; transform: translateY(-4px);\"><\/div>\n<div style=\"width: 0; height: 0; border-top: 8px solid #F4F4F4; border-left: 8px solid transparent; transform: translateY(-4px) translateX(8px);\"><\/div>\n<\/div>\n<\/div>\n<div style=\"display: flex; flex-direction: column; flex-grow: 1; justify-content: center; margin-bottom: 24px;\">\n<div style=\"background-color: #f4f4f4; border-radius: 4px; flex-grow: 0; height: 14px; margin-bottom: 6px; width: 224px;\"><\/div>\n<div style=\"background-color: #f4f4f4; border-radius: 4px; flex-grow: 0; height: 14px; width: 144px;\"><\/div>\n<\/div>\n<p>&nbsp;<\/p>\n<p style=\"color: #c9c8cd; font-family: Arial,sans-serif; font-size: 14px; line-height: 17px; margin-bottom: 0; margin-top: 8px; overflow: hidden; padding: 8px 0 7px; text-align: center; text-overflow: ellipsis; white-space: nowrap;\"><a style=\"color: #c9c8cd; font-family: Arial,sans-serif; font-size: 14px; font-style: normal; font-weight: normal; line-height: 17px; text-decoration: none;\" href=\"https:\/\/www.instagram.com\/p\/C8l4EYEsoj4\/?utm_source=ig_embed&amp;utm_campaign=loading\" target=\"_blank\" rel=\"noopener\">Pr\u00edspevok, ktor\u00fd zdie\u013ea Tour de France\u2122 (@letourdefrance)<\/a><\/p>\n<\/div>\n<\/blockquote>\n<p><script async src=\"\/\/www.instagram.com\/embed.js\"><\/script><\/p>\n<p><span style=\"font-weight: 400;\">T\u00e1 prav\u00e1, kopcovit\u00e1 Tour sa v\u0161ak za\u010dne a\u017e v druhom a pokra\u010dova\u0165 bude aj v tre\u0165om bloku. <strong>Legend\u00e1rny Tourmalet, pyrenejsk\u00e9 st\u00fapania, najvy\u0161\u0161\u00ed bod pretekov Cime de la Bonette\u2026<\/strong> A ak k tomu prir\u00e1tame z\u00e1vere\u010dn\u00fa \u010dasovku v Nice s dvoma n\u00e1ro\u010dn\u00fdmi st\u00fapaniami, je to vyslovene pozv\u00e1nka na obrovsk\u00e9 divadlo. A nezost\u00e1vame len pri st\u00fapaniach\u2026<\/span><\/p>\n<h2><b>S\u00faboj \u0161tyroch titanov<\/b><\/h2>\n<p><span style=\"font-weight: 400;\">Hoci sa po pretekoch Okolo Baskicka zdalo, \u017ee v\u010faka p\u00e1du troch favoritov na celkov\u00e9 poradie p\u00f4jde tento s\u00faboj \u201edo kytek\u201c, napokon ukr\u00e1ten\u00ed nebudeme. <strong>Remco Evenepoel, Primo\u017e Rogli\u010d, Jonas Vingegaard aj Tadej Poga\u010dar \u2013 v\u0161etci \u0161tyria sa stretn\u00fa na franc\u00fazskych cest\u00e1ch.<\/strong> Trojt\u00fd\u017ed\u0148ov\u00fd etap\u00e1k m\u00f4\u017ee prinies\u0165 mno\u017estvo prekvapen\u00ed, no o moment\u00e1lnej kond\u00edcii favoritov ve\u013ea napovedaj\u00fa ich posledn\u00e9 v\u00fdsledky.<\/span><\/p>\n<p><span style=\"font-weight: 400;\">Remco Evenepoel sa bude spolieha\u0165 predov\u0161etk\u00fdm na \u010dasovku. Toto je jeho najsilnej\u0161ia zbra\u0148 a na s\u00faperov bude vedie\u0165 nazbiera\u0165 cenn\u00e9 sekundy. Ot\u00e1zkou v\u0161ak st\u00e1le zost\u00e1va, ak\u00fa \u010das\u0165 z nich s\u00faperi ukroja vo vysokej nadmorskej v\u00fd\u0161ke a n\u00e1ro\u010dn\u00fdch etap\u00e1ch.<\/span><\/p>\n<p><span style=\"font-weight: 400;\">Na Primo\u017ea Rogli\u010da sa a\u017e do Dauphin\u00e9 upierali o\u010di ako na potenci\u00e1lne najv\u00e4\u010d\u0161ieho vyz\u00fdvate\u013ea Tadeja Poga\u010dara. Celkov\u00fd triumf si v\u0161ak udr\u017eal \u201eel-t\u00e9-t\u00e9\u201c, ke\u010f\u017ee sa na\u0148ho tradi\u010dne do\u0165ahovali \u201ekan\u00e1rici\u201c.<\/span><\/p>\n<blockquote class=\"instagram-media\" style=\"background: #FFF; border: 0; border-radius: 3px; box-shadow: 0 0 1px 0 rgba(0,0,0,0.5),0 1px 10px 0 rgba(0,0,0,0.15); margin: 1px; max-width: 540px; min-width: 326px; padding: 0; width: calc(100% - 2px);\" data-instgrm-permalink=\"https:\/\/www.instagram.com\/p\/C763AFDI662\/?utm_source=ig_embed&amp;utm_campaign=loading\" data-instgrm-version=\"14\">\n<div style=\"padding: 16px;\">\n<p>&nbsp;<\/p>\n<div style=\"display: flex; flex-direction: row; align-items: center;\">\n<div style=\"background-color: #f4f4f4; border-radius: 50%; flex-grow: 0; height: 40px; margin-right: 14px; width: 40px;\"><\/div>\n<div style=\"display: flex; flex-direction: column; flex-grow: 1; justify-content: center;\">\n<div style=\"background-color: #f4f4f4; border-radius: 4px; flex-grow: 0; height: 14px; margin-bottom: 6px; width: 100px;\"><\/div>\n<div style=\"background-color: #f4f4f4; border-radius: 4px; flex-grow: 0; height: 14px; width: 60px;\"><\/div>\n<\/div>\n<\/div>\n<div style=\"padding: 19% 0;\"><\/div>\n<div style=\"display: block; height: 50px; margin: 0 auto 12px; width: 50px;\"><\/div>\n<div style=\"padding-top: 8px;\">\n<div style=\"color: #3897f0; font-family: Arial,sans-serif; font-size: 14px; font-style: normal; font-weight: 550; line-height: 18px;\">Zobrazi\u0165 tento pr\u00edspevok na Instagrame<\/div>\n<\/div>\n<div style=\"padding: 12.5% 0;\"><\/div>\n<div style=\"display: flex; flex-direction: row; margin-bottom: 14px; align-items: center;\">\n<div>\n<div style=\"background-color: #f4f4f4; border-radius: 50%; height: 12.5px; width: 12.5px; transform: translateX(0px) translateY(7px);\"><\/div>\n<div style=\"background-color: #f4f4f4; height: 12.5px; transform: rotate(-45deg) translateX(3px) translateY(1px); width: 12.5px; flex-grow: 0; margin-right: 14px; margin-left: 2px;\"><\/div>\n<div style=\"background-color: #f4f4f4; border-radius: 50%; height: 12.5px; width: 12.5px; transform: translateX(9px) translateY(-18px);\"><\/div>\n<\/div>\n<div style=\"margin-left: 8px;\">\n<div style=\"background-color: #f4f4f4; border-radius: 50%; flex-grow: 0; height: 20px; width: 20px;\"><\/div>\n<div style=\"width: 0; height: 0; border-top: 2px solid transparent; border-left: 6px solid #f4f4f4; border-bottom: 2px solid transparent; transform: translateX(16px) translateY(-4px) rotate(30deg);\"><\/div>\n<\/div>\n<div style=\"margin-left: auto;\">\n<div style=\"width: 0px; border-top: 8px solid #F4F4F4; border-right: 8px solid transparent; transform: translateY(16px);\"><\/div>\n<div style=\"background-color: #f4f4f4; flex-grow: 0; height: 12px; width: 16px; transform: translateY(-4px);\"><\/div>\n<div style=\"width: 0; height: 0; border-top: 8px solid #F4F4F4; border-left: 8px solid transparent; transform: translateY(-4px) translateX(8px);\"><\/div>\n<\/div>\n<\/div>\n<div style=\"display: flex; flex-direction: column; flex-grow: 1; justify-content: center; margin-bottom: 24px;\">\n<div style=\"background-color: #f4f4f4; border-radius: 4px; flex-grow: 0; height: 14px; margin-bottom: 6px; width: 224px;\"><\/div>\n<div style=\"background-color: #f4f4f4; border-radius: 4px; flex-grow: 0; height: 14px; width: 144px;\"><\/div>\n<\/div>\n<p>&nbsp;<\/p>\n<p style=\"color: #c9c8cd; font-family: Arial,sans-serif; font-size: 14px; line-height: 17px; margin-bottom: 0; margin-top: 8px; overflow: hidden; padding: 8px 0 7px; text-align: center; text-overflow: ellipsis; white-space: nowrap;\"><a style=\"color: #c9c8cd; font-family: Arial,sans-serif; font-size: 14px; font-style: normal; font-weight: normal; line-height: 17px; text-decoration: none;\" href=\"https:\/\/www.instagram.com\/p\/C763AFDI662\/?utm_source=ig_embed&amp;utm_campaign=loading\" target=\"_blank\" rel=\"noopener\">Pr\u00edspevok, ktor\u00fd zdie\u013ea Crite\u0301rium Du Dauphine (@criteriumdudauphine)<\/a><\/p>\n<\/div>\n<\/blockquote>\n<p><script async src=\"\/\/www.instagram.com\/embed.js\"><\/script><\/p>\n<p><span style=\"font-weight: 400;\">Kan\u00e1rici v\u0161ak tentokr\u00e1t vymenili tradi\u010dne \u017elt\u00e9 dresy za modr\u00fa alternat\u00edvu. T\u00edm Visma-LAB ide na Tour ako, d\u00e1 sa poveda\u0165, nepop\u00edsan\u00fd papier. S ot\u00e1znou v\u00fdkonnos\u0165ou Vingegaarda, zato so skvel\u00fdm predstaven\u00edm Jorgensona na Dauphin\u00e9. Rovnako s van Aertom, ktor\u00fd v\u0161ak u\u017e minul\u00fd rok d\u00e1val najavo ist\u00fa nespokojnos\u0165 so svojou poz\u00edciou v t\u00edme. Kto napokon bude l\u00eddrom holandsk\u00e9ho celku? Nechajme sa prekvapi\u0165.<\/span><\/p>\n<blockquote class=\"instagram-media\" style=\"background: #FFF; border: 0; border-radius: 3px; box-shadow: 0 0 1px 0 rgba(0,0,0,0.5),0 1px 10px 0 rgba(0,0,0,0.15); margin: 1px; max-width: 540px; min-width: 326px; padding: 0; width: calc(100% - 2px);\" data-instgrm-permalink=\"https:\/\/www.instagram.com\/p\/C8bzzNMsMmr\/?utm_source=ig_embed&amp;utm_campaign=loading\" data-instgrm-version=\"14\">\n<div style=\"padding: 16px;\">\n<p>&nbsp;<\/p>\n<div style=\"display: flex; flex-direction: row; align-items: center;\">\n<div style=\"background-color: #f4f4f4; border-radius: 50%; flex-grow: 0; height: 40px; margin-right: 14px; width: 40px;\"><\/div>\n<div style=\"display: flex; flex-direction: column; flex-grow: 1; justify-content: center;\">\n<div style=\"background-color: #f4f4f4; border-radius: 4px; flex-grow: 0; height: 14px; margin-bottom: 6px; width: 100px;\"><\/div>\n<div style=\"background-color: #f4f4f4; border-radius: 4px; flex-grow: 0; height: 14px; width: 60px;\"><\/div>\n<\/div>\n<\/div>\n<div style=\"padding: 19% 0;\"><\/div>\n<div style=\"display: block; height: 50px; margin: 0 auto 12px; width: 50px;\"><\/div>\n<div style=\"padding-top: 8px;\">\n<div style=\"color: #3897f0; font-family: Arial,sans-serif; font-size: 14px; font-style: normal; font-weight: 550; line-height: 18px;\">Zobrazi\u0165 tento pr\u00edspevok na Instagrame<\/div>\n<\/div>\n<div style=\"padding: 12.5% 0;\"><\/div>\n<div style=\"display: flex; flex-direction: row; margin-bottom: 14px; align-items: center;\">\n<div>\n<div style=\"background-color: #f4f4f4; border-radius: 50%; height: 12.5px; width: 12.5px; transform: translateX(0px) translateY(7px);\"><\/div>\n<div style=\"background-color: #f4f4f4; height: 12.5px; transform: rotate(-45deg) translateX(3px) translateY(1px); width: 12.5px; flex-grow: 0; margin-right: 14px; margin-left: 2px;\"><\/div>\n<div style=\"background-color: #f4f4f4; border-radius: 50%; height: 12.5px; width: 12.5px; transform: translateX(9px) translateY(-18px);\"><\/div>\n<\/div>\n<div style=\"margin-left: 8px;\">\n<div style=\"background-color: #f4f4f4; border-radius: 50%; flex-grow: 0; height: 20px; width: 20px;\"><\/div>\n<div style=\"width: 0; height: 0; border-top: 2px solid transparent; border-left: 6px solid #f4f4f4; border-bottom: 2px solid transparent; transform: translateX(16px) translateY(-4px) rotate(30deg);\"><\/div>\n<\/div>\n<div style=\"margin-left: auto;\">\n<div style=\"width: 0px; border-top: 8px solid #F4F4F4; border-right: 8px solid transparent; transform: translateY(16px);\"><\/div>\n<div style=\"background-color: #f4f4f4; flex-grow: 0; height: 12px; width: 16px; transform: translateY(-4px);\"><\/div>\n<div style=\"width: 0; height: 0; border-top: 8px solid #F4F4F4; border-left: 8px solid transparent; transform: translateY(-4px) translateX(8px);\"><\/div>\n<\/div>\n<\/div>\n<div style=\"display: flex; flex-direction: column; flex-grow: 1; justify-content: center; margin-bottom: 24px;\">\n<div style=\"background-color: #f4f4f4; border-radius: 4px; flex-grow: 0; height: 14px; margin-bottom: 6px; width: 224px;\"><\/div>\n<div style=\"background-color: #f4f4f4; border-radius: 4px; flex-grow: 0; height: 14px; width: 144px;\"><\/div>\n<\/div>\n<p>&nbsp;<\/p>\n<p style=\"color: #c9c8cd; font-family: Arial,sans-serif; font-size: 14px; line-height: 17px; margin-bottom: 0; margin-top: 8px; overflow: hidden; padding: 8px 0 7px; text-align: center; text-overflow: ellipsis; white-space: nowrap;\"><a style=\"color: #c9c8cd; font-family: Arial,sans-serif; font-size: 14px; font-style: normal; font-weight: normal; line-height: 17px; text-decoration: none;\" href=\"https:\/\/www.instagram.com\/p\/C8bzzNMsMmr\/?utm_source=ig_embed&amp;utm_campaign=loading\" target=\"_blank\" rel=\"noopener\">Pr\u00edspevok, ktor\u00fd zdie\u013ea Team Visma | Lease a Bike (@teamvisma_leaseabike)<\/a><\/p>\n<\/div>\n<\/blockquote>\n<p><script async src=\"\/\/www.instagram.com\/embed.js\"><\/script><\/p>\n<p><span style=\"font-weight: 400;\"><strong>Azda najlep\u0161iu v\u00fdchodziu poz\u00edciu m\u00e1 Tadej Poga\u010dar.<\/strong> Giro zvl\u00e1dol s absol\u00fatnym preh\u013eadom, navy\u0161e bude ma\u0165 okolo seba vyskladan\u00fd all-stars t\u00edm. Sta\u010d\u00ed sa pozrie\u0165 na Okolo \u0160vaj\u010diarska, kde Yates spolu s Joaom Almeidom predviedli doslova spanil\u00fa jazdu. Slovinec sa z\u00e1rove\u0148 m\u00f4\u017ee spolieha\u0165 aj na znalos\u0165 ciest poslednej etapy.<\/span><\/p>\n<blockquote class=\"instagram-media\" style=\"background: #FFF; border: 0; border-radius: 3px; box-shadow: 0 0 1px 0 rgba(0,0,0,0.5),0 1px 10px 0 rgba(0,0,0,0.15); margin: 1px; max-width: 540px; min-width: 326px; padding: 0; width: calc(100% - 2px);\" data-instgrm-permalink=\"https:\/\/www.instagram.com\/p\/C8mm6k2IWrJ\/?utm_source=ig_embed&amp;utm_campaign=loading\" data-instgrm-version=\"14\">\n<div style=\"padding: 16px;\">\n<p>&nbsp;<\/p>\n<div style=\"display: flex; flex-direction: row; align-items: center;\">\n<div style=\"background-color: #f4f4f4; border-radius: 50%; flex-grow: 0; height: 40px; margin-right: 14px; width: 40px;\"><\/div>\n<div style=\"display: flex; flex-direction: column; flex-grow: 1; justify-content: center;\">\n<div style=\"background-color: #f4f4f4; border-radius: 4px; flex-grow: 0; height: 14px; margin-bottom: 6px; width: 100px;\"><\/div>\n<div style=\"background-color: #f4f4f4; border-radius: 4px; flex-grow: 0; height: 14px; width: 60px;\"><\/div>\n<\/div>\n<\/div>\n<div style=\"padding: 19% 0;\"><\/div>\n<div style=\"display: block; height: 50px; margin: 0 auto 12px; width: 50px;\"><\/div>\n<div style=\"padding-top: 8px;\">\n<div style=\"color: #3897f0; font-family: Arial,sans-serif; font-size: 14px; font-style: normal; font-weight: 550; line-height: 18px;\">Zobrazi\u0165 tento pr\u00edspevok na Instagrame<\/div>\n<\/div>\n<div style=\"padding: 12.5% 0;\"><\/div>\n<div style=\"display: flex; flex-direction: row; margin-bottom: 14px; align-items: center;\">\n<div>\n<div style=\"background-color: #f4f4f4; border-radius: 50%; height: 12.5px; width: 12.5px; transform: translateX(0px) translateY(7px);\"><\/div>\n<div style=\"background-color: #f4f4f4; height: 12.5px; transform: rotate(-45deg) translateX(3px) translateY(1px); width: 12.5px; flex-grow: 0; margin-right: 14px; margin-left: 2px;\"><\/div>\n<div style=\"background-color: #f4f4f4; border-radius: 50%; height: 12.5px; width: 12.5px; transform: translateX(9px) translateY(-18px);\"><\/div>\n<\/div>\n<div style=\"margin-left: 8px;\">\n<div style=\"background-color: #f4f4f4; border-radius: 50%; flex-grow: 0; height: 20px; width: 20px;\"><\/div>\n<div style=\"width: 0; height: 0; border-top: 2px solid transparent; border-left: 6px solid #f4f4f4; border-bottom: 2px solid transparent; transform: translateX(16px) translateY(-4px) rotate(30deg);\"><\/div>\n<\/div>\n<div style=\"margin-left: auto;\">\n<div style=\"width: 0px; border-top: 8px solid #F4F4F4; border-right: 8px solid transparent; transform: translateY(16px);\"><\/div>\n<div style=\"background-color: #f4f4f4; flex-grow: 0; height: 12px; width: 16px; transform: translateY(-4px);\"><\/div>\n<div style=\"width: 0; height: 0; border-top: 8px solid #F4F4F4; border-left: 8px solid transparent; transform: translateY(-4px) translateX(8px);\"><\/div>\n<\/div>\n<\/div>\n<div style=\"display: flex; flex-direction: column; flex-grow: 1; justify-content: center; margin-bottom: 24px;\">\n<div style=\"background-color: #f4f4f4; border-radius: 4px; flex-grow: 0; height: 14px; margin-bottom: 6px; width: 224px;\"><\/div>\n<div style=\"background-color: #f4f4f4; border-radius: 4px; flex-grow: 0; height: 14px; width: 144px;\"><\/div>\n<\/div>\n<p>&nbsp;<\/p>\n<p style=\"color: #c9c8cd; font-family: Arial,sans-serif; font-size: 14px; line-height: 17px; margin-bottom: 0; margin-top: 8px; overflow: hidden; padding: 8px 0 7px; text-align: center; text-overflow: ellipsis; white-space: nowrap;\"><a style=\"color: #c9c8cd; font-family: Arial,sans-serif; font-size: 14px; font-style: normal; font-weight: normal; line-height: 17px; text-decoration: none;\" href=\"https:\/\/www.instagram.com\/p\/C8mm6k2IWrJ\/?utm_source=ig_embed&amp;utm_campaign=loading\" target=\"_blank\" rel=\"noopener\">Pr\u00edspevok, ktor\u00fd zdie\u013ea Tour de France\u2122 (@letourdefrance)<\/a><\/p>\n<\/div>\n<\/blockquote>\n<p><script async src=\"\/\/www.instagram.com\/embed.js\"><\/script><\/p>\n<p><span style=\"font-weight: 400;\">Okrem celkov\u00e9ho poradia sa nat\u00edskaj\u00fa aj \u010fal\u0161ie ot\u00e1zky. <strong>Jednou z najv\u00fdraznej\u0161\u00edch je, \u010di sa Markovi Cavendishovi podar\u00ed z\u00edska\u0165 vyt\u00fa\u017een\u00fd etapov\u00fd triumf.<\/strong> A dok\u00e1\u017ee niekto porazi\u0165 takmer nezni\u010dite\u013en\u00fa dvojicu Philipsen \u2013 van der Poel? Tento ro\u010dn\u00edk v\u0161ak bude aj ro\u010dn\u00edkom zmien. Po nieko\u013ek\u00fdch rokoch sa stane, \u017ee v poslednej etape neuvid\u00edme \u0161trnganie \u0161ampansk\u00fdm a \u0161print na Elyzejsk\u00fdch poliach. No Star\u00e1 d\u00e1ma bude nap\u00ednav\u00e1 do poslednej sekundy. A to doslova.<\/span><\/p>\n","protected":false},"excerpt":{"rendered":"<p>Ke\u010f sa sp\u00e4tne pozrieme na posledn\u00e9 ro\u010dn\u00edky Tour de France, dominancia Sky, respekt\u00edve INEOSu je u\u017e d\u00e1vno pre\u010d. Zvraty, ostr\u00e9 [&hellip;]<\/p>\n","protected":false},"author":172,"featured_media":19308,"comment_status":"open","ping_status":"open","sticky":false,"template":"","format":"standard","meta":{"footnotes":""},"categories":[117],"tags":[115,331,306,178,37,885,1615,20,1614,183],"global-categories":[1074],"class_list":["post-19307","post","type-post","status-publish","format-standard","has-post-thumbnail","hentry","category-tour-de-france","tag-cestna-cyklistika","tag-etapove-preteky","tag-francuzsko","tag-maraton","tag-podujatia","tag-profesional","tag-sezona-2024","tag-tour-de-france","tag-tour-de-france-2024","tag-zabava","global-categories-cycling"],"yoast_head":"<!-- This site is optimized with the Yoast SEO Premium plugin v25.3 (Yoast SEO v25.9) - https:\/\/yoast.com\/wordpress\/plugins\/seo\/ -->\n<title>Najv\u00e4\u010d\u0161\u00ed cyklistick\u00fd sviatok roka \u0161tartuje u\u017e o nieko\u013eko dn\u00ed. Kto ovl\u00e1dne Star\u00fa d\u00e1mu tento rok?<\/title>\n<meta name=\"description\" content=\"Zvraty, ostr\u00e9 s\u00faboje a takisto aj ist\u00e9 kontroverzie, toto v\u0161etko n\u00e1s bavilo posledn\u00e9 roky. \u010co n\u00e1s \u010dak\u00e1 tento rok?\" \/>\n<meta name=\"robots\" content=\"index, follow, max-snippet:-1, max-image-preview:large, max-video-preview:-1\" \/>\n<link rel=\"canonical\" href=\"https:\/\/www.welovecycling.com\/sk\/2024\/06\/26\/najvacsi-cyklisticky-sviatok-roka-startuje-uz-o-niekolko-dni-kto-ovladne-staru-damu-tento-rok\/\" \/>\n<meta property=\"og:locale\" content=\"sk_SK\" \/>\n<meta property=\"og:type\" content=\"article\" \/>\n<meta property=\"og:title\" content=\"Najv\u00e4\u010d\u0161\u00ed cyklistick\u00fd sviatok roka \u0161tartuje u\u017e o nieko\u013eko dn\u00ed. Kto ovl\u00e1dne Star\u00fa d\u00e1mu tento rok?\" \/>\n<meta property=\"og:description\" content=\"Zvraty, ostr\u00e9 s\u00faboje a takisto aj ist\u00e9 kontroverzie, toto v\u0161etko n\u00e1s bavilo posledn\u00e9 roky. \u010co n\u00e1s \u010dak\u00e1 tento rok?\" \/>\n<meta property=\"og:url\" content=\"https:\/\/www.welovecycling.com\/sk\/2024\/06\/26\/najvacsi-cyklisticky-sviatok-roka-startuje-uz-o-niekolko-dni-kto-ovladne-staru-damu-tento-rok\/\" \/>\n<meta property=\"og:site_name\" content=\"\u0160koda We Love Cycling Slovensko\" \/>\n<meta property=\"article:published_time\" content=\"2024-06-26T08:00:06+00:00\" \/>\n<meta property=\"og:image\" content=\"https:\/\/d2p6e6u75xmxt8.cloudfront.net\/4\/2024\/06\/Titulka-2.webp\" \/>\n\t<meta property=\"og:image:width\" content=\"990\" \/>\n\t<meta property=\"og:image:height\" content=\"660\" \/>\n\t<meta property=\"og:image:type\" content=\"image\/webp\" \/>\n<meta name=\"author\" content=\"dominika\" \/>\n<meta name=\"twitter:card\" content=\"summary_large_image\" \/>\n<meta name=\"twitter:label1\" content=\"Written by\" \/>\n\t<meta name=\"twitter:data1\" content=\"We Love Cycling\" \/>\n\t<meta name=\"twitter:label2\" content=\"Est. reading time\" \/>\n\t<meta name=\"twitter:data2\" content=\"3\" \/>\n<script type=\"application\/ld+json\" class=\"yoast-schema-graph\">{\"@context\":\"https:\/\/schema.org\",\"@graph\":[{\"@type\":\"WebPage\",\"@id\":\"https:\/\/www.welovecycling.com\/sk\/2024\/06\/26\/najvacsi-cyklisticky-sviatok-roka-startuje-uz-o-niekolko-dni-kto-ovladne-staru-damu-tento-rok\/\",\"url\":\"https:\/\/www.welovecycling.com\/sk\/2024\/06\/26\/najvacsi-cyklisticky-sviatok-roka-startuje-uz-o-niekolko-dni-kto-ovladne-staru-damu-tento-rok\/\",\"name\":\"Najv\u00e4\u010d\u0161\u00ed cyklistick\u00fd sviatok roka \u0161tartuje u\u017e o nieko\u013eko dn\u00ed. Kto ovl\u00e1dne Star\u00fa d\u00e1mu tento rok?\",\"isPartOf\":{\"@id\":\"https:\/\/www.welovecycling.com\/sk\/#website\"},\"primaryImageOfPage\":{\"@id\":\"https:\/\/www.welovecycling.com\/sk\/2024\/06\/26\/najvacsi-cyklisticky-sviatok-roka-startuje-uz-o-niekolko-dni-kto-ovladne-staru-damu-tento-rok\/#primaryimage\"},\"image\":{\"@id\":\"https:\/\/www.welovecycling.com\/sk\/2024\/06\/26\/najvacsi-cyklisticky-sviatok-roka-startuje-uz-o-niekolko-dni-kto-ovladne-staru-damu-tento-rok\/#primaryimage\"},\"thumbnailUrl\":\"https:\/\/d2p6e6u75xmxt8.cloudfront.net\/4\/2024\/06\/Titulka-2.webp\",\"datePublished\":\"2024-06-26T08:00:06+00:00\",\"author\":{\"@id\":\"https:\/\/www.welovecycling.com\/sk\/#\/schema\/person\/533b62b98b6c41bd5135ebfb1f742624\"},\"description\":\"Zvraty, ostr\u00e9 s\u00faboje a takisto aj ist\u00e9 kontroverzie, toto v\u0161etko n\u00e1s bavilo posledn\u00e9 roky. \u010co n\u00e1s \u010dak\u00e1 tento rok?\",\"breadcrumb\":{\"@id\":\"https:\/\/www.welovecycling.com\/sk\/2024\/06\/26\/najvacsi-cyklisticky-sviatok-roka-startuje-uz-o-niekolko-dni-kto-ovladne-staru-damu-tento-rok\/#breadcrumb\"},\"inLanguage\":\"sk-SK\",\"potentialAction\":[{\"@type\":\"ReadAction\",\"target\":[\"https:\/\/www.welovecycling.com\/sk\/2024\/06\/26\/najvacsi-cyklisticky-sviatok-roka-startuje-uz-o-niekolko-dni-kto-ovladne-staru-damu-tento-rok\/\"]}]},{\"@type\":\"ImageObject\",\"inLanguage\":\"sk-SK\",\"@id\":\"https:\/\/www.welovecycling.com\/sk\/2024\/06\/26\/najvacsi-cyklisticky-sviatok-roka-startuje-uz-o-niekolko-dni-kto-ovladne-staru-damu-tento-rok\/#primaryimage\",\"url\":\"https:\/\/d2p6e6u75xmxt8.cloudfront.net\/4\/2024\/06\/Titulka-2.webp\",\"contentUrl\":\"https:\/\/d2p6e6u75xmxt8.cloudfront.net\/4\/2024\/06\/Titulka-2.webp\",\"width\":990,\"height\":660},{\"@type\":\"BreadcrumbList\",\"@id\":\"https:\/\/www.welovecycling.com\/sk\/2024\/06\/26\/najvacsi-cyklisticky-sviatok-roka-startuje-uz-o-niekolko-dni-kto-ovladne-staru-damu-tento-rok\/#breadcrumb\",\"itemListElement\":[{\"@type\":\"ListItem\",\"position\":1,\"name\":\"Home\",\"item\":\"https:\/\/www.welovecycling.com\/sk\/\"},{\"@type\":\"ListItem\",\"position\":2,\"name\":\"Najv\u00e4\u010d\u0161\u00ed cyklistick\u00fd sviatok roka \u0161tartuje u\u017e o nieko\u013eko dn\u00ed. Kto ovl\u00e1dne Star\u00fa d\u00e1mu tento rok?\"}]},{\"@type\":\"WebSite\",\"@id\":\"https:\/\/www.welovecycling.com\/sk\/#website\",\"url\":\"https:\/\/www.welovecycling.com\/sk\/\",\"name\":\"\u0160koda We Love Cycling Slovensko\",\"description\":\"\u0160koda We Love Cycling Slovensko je v\u00e1\u0161 ka\u017edodenn\u00fd zdroj noviniek a in\u0161pir\u00e1cie z sveta cyklistiky\",\"potentialAction\":[{\"@type\":\"SearchAction\",\"target\":{\"@type\":\"EntryPoint\",\"urlTemplate\":\"https:\/\/www.welovecycling.com\/sk\/?s={search_term_string}\"},\"query-input\":{\"@type\":\"PropertyValueSpecification\",\"valueRequired\":true,\"valueName\":\"search_term_string\"}}],\"inLanguage\":\"sk-SK\"},{\"@type\":\"Person\",\"@id\":\"https:\/\/www.welovecycling.com\/sk\/#\/schema\/person\/533b62b98b6c41bd5135ebfb1f742624\",\"name\":\"dominika\",\"image\":{\"@type\":\"ImageObject\",\"inLanguage\":\"sk-SK\",\"@id\":\"https:\/\/www.welovecycling.com\/sk\/#\/schema\/person\/image\/\",\"url\":\"https:\/\/secure.gravatar.com\/avatar\/ded6f274ba2ec3e17fff153f7d9d96a4b33c2cb63907f75d9a5309c599a7f3e6?s=96&d=mm&r=g\",\"contentUrl\":\"https:\/\/secure.gravatar.com\/avatar\/ded6f274ba2ec3e17fff153f7d9d96a4b33c2cb63907f75d9a5309c599a7f3e6?s=96&d=mm&r=g\",\"caption\":\"dominika\"},\"url\":\"https:\/\/www.welovecycling.com\/sk\/author\/dominika\/\"}]}<\/script>\n<!-- \/ Yoast SEO Premium plugin. -->","yoast_head_json":{"title":"Najv\u00e4\u010d\u0161\u00ed cyklistick\u00fd sviatok roka \u0161tartuje u\u017e o nieko\u013eko dn\u00ed. Kto ovl\u00e1dne Star\u00fa d\u00e1mu tento rok?","description":"Zvraty, ostr\u00e9 s\u00faboje a takisto aj ist\u00e9 kontroverzie, toto v\u0161etko n\u00e1s bavilo posledn\u00e9 roky. \u010co n\u00e1s \u010dak\u00e1 tento rok?","robots":{"index":"index","follow":"follow","max-snippet":"max-snippet:-1","max-image-preview":"max-image-preview:large","max-video-preview":"max-video-preview:-1"},"canonical":"https:\/\/www.welovecycling.com\/sk\/2024\/06\/26\/najvacsi-cyklisticky-sviatok-roka-startuje-uz-o-niekolko-dni-kto-ovladne-staru-damu-tento-rok\/","og_locale":"sk_SK","og_type":"article","og_title":"Najv\u00e4\u010d\u0161\u00ed cyklistick\u00fd sviatok roka \u0161tartuje u\u017e o nieko\u013eko dn\u00ed. Kto ovl\u00e1dne Star\u00fa d\u00e1mu tento rok?","og_description":"Zvraty, ostr\u00e9 s\u00faboje a takisto aj ist\u00e9 kontroverzie, toto v\u0161etko n\u00e1s bavilo posledn\u00e9 roky. \u010co n\u00e1s \u010dak\u00e1 tento rok?","og_url":"https:\/\/www.welovecycling.com\/sk\/2024\/06\/26\/najvacsi-cyklisticky-sviatok-roka-startuje-uz-o-niekolko-dni-kto-ovladne-staru-damu-tento-rok\/","og_site_name":"\u0160koda We Love Cycling Slovensko","article_published_time":"2024-06-26T08:00:06+00:00","og_image":[{"width":990,"height":660,"url":"https:\/\/d2p6e6u75xmxt8.cloudfront.net\/4\/2024\/06\/Titulka-2.webp","type":"image\/webp"}],"author":"dominika","twitter_card":"summary_large_image","twitter_misc":{"Written by":"We Love Cycling","Est. reading time":"3"},"schema":{"@context":"https:\/\/schema.org","@graph":[{"@type":"WebPage","@id":"https:\/\/www.welovecycling.com\/sk\/2024\/06\/26\/najvacsi-cyklisticky-sviatok-roka-startuje-uz-o-niekolko-dni-kto-ovladne-staru-damu-tento-rok\/","url":"https:\/\/www.welovecycling.com\/sk\/2024\/06\/26\/najvacsi-cyklisticky-sviatok-roka-startuje-uz-o-niekolko-dni-kto-ovladne-staru-damu-tento-rok\/","name":"Najv\u00e4\u010d\u0161\u00ed cyklistick\u00fd sviatok roka \u0161tartuje u\u017e o nieko\u013eko dn\u00ed. Kto ovl\u00e1dne Star\u00fa d\u00e1mu tento rok?","isPartOf":{"@id":"https:\/\/www.welovecycling.com\/sk\/#website"},"primaryImageOfPage":{"@id":"https:\/\/www.welovecycling.com\/sk\/2024\/06\/26\/najvacsi-cyklisticky-sviatok-roka-startuje-uz-o-niekolko-dni-kto-ovladne-staru-damu-tento-rok\/#primaryimage"},"image":{"@id":"https:\/\/www.welovecycling.com\/sk\/2024\/06\/26\/najvacsi-cyklisticky-sviatok-roka-startuje-uz-o-niekolko-dni-kto-ovladne-staru-damu-tento-rok\/#primaryimage"},"thumbnailUrl":"https:\/\/d2p6e6u75xmxt8.cloudfront.net\/4\/2024\/06\/Titulka-2.webp","datePublished":"2024-06-26T08:00:06+00:00","author":{"@id":"https:\/\/www.welovecycling.com\/sk\/#\/schema\/person\/533b62b98b6c41bd5135ebfb1f742624"},"description":"Zvraty, ostr\u00e9 s\u00faboje a takisto aj ist\u00e9 kontroverzie, toto v\u0161etko n\u00e1s bavilo posledn\u00e9 roky. \u010co n\u00e1s \u010dak\u00e1 tento rok?","breadcrumb":{"@id":"https:\/\/www.welovecycling.com\/sk\/2024\/06\/26\/najvacsi-cyklisticky-sviatok-roka-startuje-uz-o-niekolko-dni-kto-ovladne-staru-damu-tento-rok\/#breadcrumb"},"inLanguage":"sk-SK","potentialAction":[{"@type":"ReadAction","target":["https:\/\/www.welovecycling.com\/sk\/2024\/06\/26\/najvacsi-cyklisticky-sviatok-roka-startuje-uz-o-niekolko-dni-kto-ovladne-staru-damu-tento-rok\/"]}]},{"@type":"ImageObject","inLanguage":"sk-SK","@id":"https:\/\/www.welovecycling.com\/sk\/2024\/06\/26\/najvacsi-cyklisticky-sviatok-roka-startuje-uz-o-niekolko-dni-kto-ovladne-staru-damu-tento-rok\/#primaryimage","url":"https:\/\/d2p6e6u75xmxt8.cloudfront.net\/4\/2024\/06\/Titulka-2.webp","contentUrl":"https:\/\/d2p6e6u75xmxt8.cloudfront.net\/4\/2024\/06\/Titulka-2.webp","width":990,"height":660},{"@type":"BreadcrumbList","@id":"https:\/\/www.welovecycling.com\/sk\/2024\/06\/26\/najvacsi-cyklisticky-sviatok-roka-startuje-uz-o-niekolko-dni-kto-ovladne-staru-damu-tento-rok\/#breadcrumb","itemListElement":[{"@type":"ListItem","position":1,"name":"Home","item":"https:\/\/www.welovecycling.com\/sk\/"},{"@type":"ListItem","position":2,"name":"Najv\u00e4\u010d\u0161\u00ed cyklistick\u00fd sviatok roka \u0161tartuje u\u017e o nieko\u013eko dn\u00ed. Kto ovl\u00e1dne Star\u00fa d\u00e1mu tento rok?"}]},{"@type":"WebSite","@id":"https:\/\/www.welovecycling.com\/sk\/#website","url":"https:\/\/www.welovecycling.com\/sk\/","name":"\u0160koda We Love Cycling Slovensko","description":"\u0160koda We Love Cycling Slovensko je v\u00e1\u0161 ka\u017edodenn\u00fd zdroj noviniek a in\u0161pir\u00e1cie z sveta cyklistiky","potentialAction":[{"@type":"SearchAction","target":{"@type":"EntryPoint","urlTemplate":"https:\/\/www.welovecycling.com\/sk\/?s={search_term_string}"},"query-input":{"@type":"PropertyValueSpecification","valueRequired":true,"valueName":"search_term_string"}}],"inLanguage":"sk-SK"},{"@type":"Person","@id":"https:\/\/www.welovecycling.com\/sk\/#\/schema\/person\/533b62b98b6c41bd5135ebfb1f742624","name":"dominika","image":{"@type":"ImageObject","inLanguage":"sk-SK","@id":"https:\/\/www.welovecycling.com\/sk\/#\/schema\/person\/image\/","url":"https:\/\/secure.gravatar.com\/avatar\/ded6f274ba2ec3e17fff153f7d9d96a4b33c2cb63907f75d9a5309c599a7f3e6?s=96&d=mm&r=g","contentUrl":"https:\/\/secure.gravatar.com\/avatar\/ded6f274ba2ec3e17fff153f7d9d96a4b33c2cb63907f75d9a5309c599a7f3e6?s=96&d=mm&r=g","caption":"dominika"},"url":"https:\/\/www.welovecycling.com\/sk\/author\/dominika\/"}]}},"_links":{"self":[{"href":"https:\/\/www.welovecycling.com\/sk\/wp-json\/wp\/v2\/posts\/19307","targetHints":{"allow":["GET"]}}],"collection":[{"href":"https:\/\/www.welovecycling.com\/sk\/wp-json\/wp\/v2\/posts"}],"about":[{"href":"https:\/\/www.welovecycling.com\/sk\/wp-json\/wp\/v2\/types\/post"}],"author":[{"embeddable":true,"href":"https:\/\/www.welovecycling.com\/sk\/wp-json\/wp\/v2\/users\/172"}],"replies":[{"embeddable":true,"href":"https:\/\/www.welovecycling.com\/sk\/wp-json\/wp\/v2\/comments?post=19307"}],"version-history":[{"count":2,"href":"https:\/\/www.welovecycling.com\/sk\/wp-json\/wp\/v2\/posts\/19307\/revisions"}],"predecessor-version":[{"id":19312,"href":"https:\/\/www.welovecycling.com\/sk\/wp-json\/wp\/v2\/posts\/19307\/revisions\/19312"}],"wp:featuredmedia":[{"embeddable":true,"href":"https:\/\/www.welovecycling.com\/sk\/wp-json\/wp\/v2\/media\/19308"}],"wp:attachment":[{"href":"https:\/\/www.welovecycling.com\/sk\/wp-json\/wp\/v2\/media?parent=19307"}],"wp:term":[{"taxonomy":"category","embeddable":true,"href":"https:\/\/www.welovecycling.com\/sk\/wp-json\/wp\/v2\/categories?post=19307"},{"taxonomy":"post_tag","embeddable":true,"href":"https:\/\/www.welovecycling.com\/sk\/wp-json\/wp\/v2\/tags?post=19307"},{"taxonomy":"global-categories","embeddable":true,"href":"https:\/\/www.welovecycling.com\/sk\/wp-json\/wp\/v2\/global-categories?post=19307"}],"curies":[{"name":"wp","href":"https:\/\/api.w.org\/{rel}","templated":true}]}}