{"id":19288,"date":"2024-06-24T09:41:03","date_gmt":"2024-06-24T07:41:03","guid":{"rendered":"https:\/\/www.welovecycling.com\/sk\/?p=19288"},"modified":"2024-06-24T10:38:59","modified_gmt":"2024-06-24T08:38:59","slug":"pozvanka-okolo-slovenska-2024-saganova-posledna-spanila-jazda","status":"publish","type":"post","link":"https:\/\/www.welovecycling.com\/sk\/2024\/06\/24\/pozvanka-okolo-slovenska-2024-saganova-posledna-spanila-jazda\/","title":{"rendered":"Pozv\u00e1nka: Okolo Slovenska 2024 &#8211; Saganova posledn\u00e1 spanil\u00e1 jazda"},"content":{"rendered":"<p><strong>\u0160es\u0165desiaty \u00f4smykr\u00e1t sa cyklisti vyber\u00fa prebicyklova\u0165 na\u0161u krajinu. A ch\u00fdba\u0165 nebude ani na\u0161a najv\u00e4\u010d\u0161ia cyklistick\u00e1 hviezda.<\/strong><!--more--><\/p>\n<p><span style=\"font-weight: 400;\">Tradi\u010dn\u00fd cyklistick\u00fd slovensk\u00fd sviatok po roku op\u00e4\u0165 pril\u00e1ka na na\u0161e cesty mnoho zvu\u010dn\u00fdch mien \u2013 t\u00fdch na\u0161ich, ale aj zahrani\u010dn\u00fdch. Niektor\u00e9 miesta u\u017e atmosf\u00e9ru t\u00fdchto pretekov za\u017eili, pre in\u00e9 to zas bude premi\u00e9ra. No tento ro\u010dn\u00edk bude v\u00fdnimo\u010dn\u00fd aj z in\u00e9ho d\u00f4vodu \u2013<strong><a href=\"https:\/\/www.welovecycling.com\/sk\/2023\/09\/11\/peter-sagan-sa-vracia-ku-korenom-co-vsetko-ho-caka\/\" target=\"_blank\" rel=\"noopener\"> posledn\u00fdkr\u00e1t<\/a> uvid\u00edme Petra Sagana na cestn\u00fdch pretekoch.<\/strong><\/span><\/p>\n<h2><b>Od Dunaja k Tatr\u00e1m<\/b><\/h2>\n<p><span style=\"font-weight: 400;\"><strong>Okolo Slovenska tentokr\u00e1t vypukne 26. 6. v Dunajskej Strede.<\/strong> To znamen\u00e1 nov\u00fa lokalitu, i nov\u00fd d\u00e1tum. K\u00fdm po <a href=\"https:\/\/www.welovecycling.com\/sk\/2023\/09\/20\/reportaz-okolo-slovenska-2023-wolfpack-drzi-vitaznu-snuru\/\" target=\"_blank\" rel=\"noopener\">minul\u00e9 roky<\/a> sa na\u0161e najzn\u00e1mej\u0161ie preteky odohr\u00e1vali v septembri, tentokr\u00e1t sa organiz\u00e1tori vr\u00e1tili \u201eku kore\u0148om\u201c a cyklistick\u00e9 hviezdy priv\u00edtame u\u017e tento t\u00fd\u017ede\u0148. Ako prv\u00e1 pr\u00edde na rad t\u00edmov\u00e1 \u010dasovka, ktor\u00e1 bude v\u010faka rovinat\u00e9mu profilu vyhovova\u0165 sk\u00f4r t\u00edmom so \u0161pecialistami a v mnohom prehovor\u00ed do celkov\u00e9ho poradia pretekov.\u00a0<\/span><\/p>\n<p><img loading=\"lazy\" decoding=\"async\" class=\"alignnone wp-image-19289 size-full\" src=\"https:\/\/d2p6e6u75xmxt8.cloudfront.net\/4\/2024\/06\/01-3.webp\" alt=\"Okolo Slovenska 2024\" width=\"990\" height=\"660\" srcset=\"https:\/\/d2p6e6u75xmxt8.cloudfront.net\/4\/2024\/06\/01-3.webp 990w, https:\/\/d2p6e6u75xmxt8.cloudfront.net\/4\/2024\/06\/01-3-300x200.webp 300w, https:\/\/d2p6e6u75xmxt8.cloudfront.net\/4\/2024\/06\/01-3-768x512.webp 768w, https:\/\/d2p6e6u75xmxt8.cloudfront.net\/4\/2024\/06\/01-3-400x267.webp 400w, https:\/\/d2p6e6u75xmxt8.cloudfront.net\/4\/2024\/06\/01-3-272x182.webp 272w\" sizes=\"auto, (max-width: 990px) 100vw, 990px\" \/><\/p>\n<p><span style=\"font-weight: 400;\">Hne\u010f druh\u00fd de\u0148 v\u0161ak u\u017e budeme svedkami nie\u010doho \u00faplne in\u00e9ho. <strong>Pelot\u00f3n sa z Nitry vyd\u00e1 na Myjavsk\u00e9 kopanice.<\/strong> Kopce tu s\u00edce nie s\u00fa ktovieako dlh\u00e9, no to v\u0161etko doh\u00e1\u0148aj\u00fa svoj\u00edm sklonom. Z\u00e1ver v Hlohovci bude takisto do mierneho kopca. V podobnom duchu sa bude nies\u0165 aj tretia etapa z Pie\u0161\u0165an do Dubnice nad V\u00e1hom. Bude sa te\u0161i\u0165 \u00fanik v\u00fdbu\u0161n\u00fdch jazdcov alebo \u0161print\u00e9ri?<\/span><\/p>\n<p><span style=\"font-weight: 400;\">Prvou vrch\u00e1rskou sk\u00fa\u0161kou bude \u0161tvrt\u00e1 etapa z Partiz\u00e1nskeho do Ru\u017eomberka. Ako zahriatie posl\u00fa\u017ei st\u00fapanie na Ve\u013ek\u00e9 Pole, Nevo\u013en\u00e9 a Kremnick\u00e9 Bane okolo stredu Eur\u00f3py. Av\u0161ak potom to m\u00f4\u017eu vrch\u00e1ri kone\u010dne naplno \u201erozbali\u0165\u201c \u2013 dvojkombin\u00e1cia \u0160turec a Donovaly nebude zadarmo. Prv\u00fd kopec je s\u00edce sk\u00f4r \u201edo \u0165ahu\u201c, no na druhej strane pretek\u00e1rov \u010dak\u00e1 vysoko technick\u00fd zjazd. A hne\u010f za n\u00edm Donovaly s povestnou \u201estenou\u201c za Moty\u010dkami. Aby toho nebolo m\u00e1lo, vo fini\u0161i je prichystan\u00fd dvojn\u00e1sobn\u00fd prejazd ru\u017eomberskou Kalv\u00e1riou. T\u00e1 je kr\u00e1tka, no sklon tu \u201evyskakuje\u201c vysoko nad 10%. Ide\u00e1lny z\u00e1ver pre puncheura.<\/span><\/p>\n<p><img loading=\"lazy\" decoding=\"async\" class=\"alignnone wp-image-19290 size-full\" src=\"https:\/\/d2p6e6u75xmxt8.cloudfront.net\/4\/2024\/06\/02-2.webp\" alt=\"Okolo Slovenska 2024\" width=\"990\" height=\"660\" srcset=\"https:\/\/d2p6e6u75xmxt8.cloudfront.net\/4\/2024\/06\/02-2.webp 990w, https:\/\/d2p6e6u75xmxt8.cloudfront.net\/4\/2024\/06\/02-2-300x200.webp 300w, https:\/\/d2p6e6u75xmxt8.cloudfront.net\/4\/2024\/06\/02-2-768x512.webp 768w, https:\/\/d2p6e6u75xmxt8.cloudfront.net\/4\/2024\/06\/02-2-400x267.webp 400w, https:\/\/d2p6e6u75xmxt8.cloudfront.net\/4\/2024\/06\/02-2-272x182.webp 272w\" sizes=\"auto, (max-width: 990px) 100vw, 990px\" \/><\/p>\n<p><span style=\"font-weight: 400;\">Posledn\u00fd j\u00fanov\u00fd de\u0148 bude patri\u0165 dojazdu pretekov a Tatr\u00e1m. K\u00fdm prv\u00e1 polovica pon\u00fakne sk\u00f4r pokojn\u00fd priebeh, druh\u00e1 to naplno doh\u00e1\u0148a. Po prvom st\u00fapan\u00ed do Star\u00e9ho Smokovca pretek\u00e1rov \u010dak\u00e1 trojn\u00e1sobn\u00fd prejazd cez \u0160trbsk\u00e9 pleso. Tento kopec je s\u00edce dlh\u00fd, no pravideln\u00fd a s pomerne pr\u00edjemn\u00fdm sklonom. <strong>A tak je mo\u017en\u00e9, \u017ee uvid\u00edme \u0161print\u00e9rsky s\u00faboj t\u00fdch najlep\u0161\u00edch vrch\u00e1rov.\u00a0<\/strong><\/span><\/p>\n<p><img loading=\"lazy\" decoding=\"async\" class=\"alignnone size-full wp-image-19291\" src=\"https:\/\/d2p6e6u75xmxt8.cloudfront.net\/4\/2024\/06\/03-2.webp\" alt=\"\" width=\"990\" height=\"660\" srcset=\"https:\/\/d2p6e6u75xmxt8.cloudfront.net\/4\/2024\/06\/03-2.webp 990w, https:\/\/d2p6e6u75xmxt8.cloudfront.net\/4\/2024\/06\/03-2-300x200.webp 300w, https:\/\/d2p6e6u75xmxt8.cloudfront.net\/4\/2024\/06\/03-2-768x512.webp 768w, https:\/\/d2p6e6u75xmxt8.cloudfront.net\/4\/2024\/06\/03-2-400x267.webp 400w, https:\/\/d2p6e6u75xmxt8.cloudfront.net\/4\/2024\/06\/03-2-272x182.webp 272w\" sizes=\"auto, (max-width: 990px) 100vw, 990px\" \/><\/p>\n<h2><b>Op\u00e4\u0165 ku n\u00e1m zav\u00edtaj\u00fa zvu\u010dn\u00e9 men\u00e1<\/b><\/h2>\n<p><span style=\"font-weight: 400;\">Hoci s\u00fa Okolo Slovenska pretekmi kateg\u00f3rie 2.1, ka\u017edoro\u010dne sa te\u0161ia ob\u013eube ako dom\u00e1cich, tak aj zahrani\u010dn\u00fdch t\u00edmov.<strong> Toho roku sa u n\u00e1s predstavia tri World Tour t\u00edmy, sedem Pro t\u00edmov, desa\u0165 kontinent\u00e1lnych t\u00edmov a exotick\u00e1 mexick\u00e1 n\u00e1rodn\u00e1 reprezent\u00e1cia.<\/strong> No d\u00f4le\u017eitej\u0161ie s\u00fa, samozrejme, konkr\u00e9tne men\u00e1.\u00a0<\/span><\/p>\n<p><img loading=\"lazy\" decoding=\"async\" class=\"alignnone size-full wp-image-19292\" src=\"https:\/\/d2p6e6u75xmxt8.cloudfront.net\/4\/2024\/06\/04-3.webp\" alt=\"\" width=\"990\" height=\"660\" srcset=\"https:\/\/d2p6e6u75xmxt8.cloudfront.net\/4\/2024\/06\/04-3.webp 990w, https:\/\/d2p6e6u75xmxt8.cloudfront.net\/4\/2024\/06\/04-3-300x200.webp 300w, https:\/\/d2p6e6u75xmxt8.cloudfront.net\/4\/2024\/06\/04-3-768x512.webp 768w, https:\/\/d2p6e6u75xmxt8.cloudfront.net\/4\/2024\/06\/04-3-400x267.webp 400w, https:\/\/d2p6e6u75xmxt8.cloudfront.net\/4\/2024\/06\/04-3-272x182.webp 272w\" sizes=\"auto, (max-width: 990px) 100vw, 990px\" \/><\/p>\n<p><span style=\"font-weight: 400;\">Azda najv\u00e4\u010d\u0161\u00edm l\u00e1kadlom (okrem Sagana) bude dvojn\u00e1sobn\u00fd majster sveta a ned\u00e1vny v\u00ed\u0165az etapy na Giro d\u2019Italia, <strong>Julian Alaphilippe<\/strong>. Ten bude po \u0161iestich rokoch ur\u010dite op\u00e4\u0165 h\u013eadie\u0165 nielen na etapov\u00e9 prvenstv\u00e1, ale i celkov\u00fd triumf. Pom\u00e1ha\u0165 mu v tom bude napr\u00edklad tak\u00fd <strong>Josef \u010cern\u00fd<\/strong>, \u010di <strong>Martin Svr\u010dek<\/strong>. Zo \u0161print\u00e9rskych radov nemo\u017eno opomen\u00fa\u0165 b\u00fdval\u00e9ho majstra Eur\u00f3py,<strong> Giacoma Nizzola<\/strong>, \u010di n\u00e1\u0161ho <strong>Luk\u00e1\u0161 Kubi\u0161a<\/strong>.\u00a0<\/span><\/p>\n<p><img loading=\"lazy\" decoding=\"async\" class=\"alignnone wp-image-19293 size-full\" src=\"https:\/\/d2p6e6u75xmxt8.cloudfront.net\/4\/2024\/06\/05-3.webp\" alt=\"Peter Sagan\" width=\"990\" height=\"660\" srcset=\"https:\/\/d2p6e6u75xmxt8.cloudfront.net\/4\/2024\/06\/05-3.webp 990w, https:\/\/d2p6e6u75xmxt8.cloudfront.net\/4\/2024\/06\/05-3-300x200.webp 300w, https:\/\/d2p6e6u75xmxt8.cloudfront.net\/4\/2024\/06\/05-3-768x512.webp 768w, https:\/\/d2p6e6u75xmxt8.cloudfront.net\/4\/2024\/06\/05-3-400x267.webp 400w, https:\/\/d2p6e6u75xmxt8.cloudfront.net\/4\/2024\/06\/05-3-272x182.webp 272w\" sizes=\"auto, (max-width: 990px) 100vw, 990px\" \/><\/p>\n<p><span style=\"font-weight: 400;\"><strong>A v neposlednom rade, so svojimi fan\u00fa\u0161ikmi sa pr\u00edde rozl\u00fa\u010di\u0165 Pe\u0165o Sagan.<\/strong> Dom\u00e1ce cesty s\u00fa pre to ako stvoren\u00e9 a nepochybne ho tu bude \u010daka\u0165 obrovsk\u00e1 kulisa fan\u00fa\u0161ikov. Ak by sa v\u00e1m v\u0161ak nepodarilo pr\u00eds\u0165 povzbudzova\u0165 priamo na tra\u0165, nez\u00fafajte \u2013 ka\u017ed\u00fd de\u0148 bude posledn\u00fa hodinu a pol pretekov vysiela\u0165 RTVS. \u0160tartov\u00e1 listina je nabit\u00e1, atmosf\u00e9ra nap\u00e4t\u00e1\u2026 ost\u00e1va u\u017e len preteka\u0165!<\/span><\/p>\n<p><span style=\"font-weight: 400;\">Zdroj fotografi\u00ed: J\u00e1n Melicher, Mat\u00fa\u0161 Klima<\/span><\/p>\n","protected":false},"excerpt":{"rendered":"<p>\u0160es\u0165desiaty \u00f4smykr\u00e1t sa cyklisti vyber\u00fa prebicyklova\u0165 na\u0161u krajinu. A ch\u00fdba\u0165 nebude ani na\u0161a najv\u00e4\u010d\u0161ia cyklistick\u00e1 hviezda.<\/p>\n","protected":false},"author":172,"featured_media":19294,"comment_status":"open","ping_status":"open","sticky":false,"template":"","format":"standard","meta":{"footnotes":""},"categories":[34],"tags":[619,115,597,1246,546,532,566,600,97,176,46,37,91,179,1615,523,183],"global-categories":[1074],"class_list":["post-19288","post","type-post","status-publish","format-standard","has-post-thumbnail","hentry","category-podujatia","tag-bicyklovanie","tag-cestna-cyklistika","tag-cyklista","tag-cyklisticka-komunita","tag-cyklistika","tag-jazdenie","tag-leto","tag-muzi","tag-okolo-slovenska","tag-peloton","tag-peter-sagan","tag-podujatia","tag-pozvanka","tag-preteky","tag-sezona-2024","tag-slovensko","tag-zabava","global-categories-cycling"],"yoast_head":"<!-- This site is optimized with the Yoast SEO Premium plugin v25.3 (Yoast SEO v25.9) - https:\/\/yoast.com\/wordpress\/plugins\/seo\/ -->\n<title>Pozv\u00e1nka: Okolo Slovenska 2024 - Saganova posledn\u00e1 spanil\u00e1 jazda<\/title>\n<meta name=\"description\" content=\"\u0160es\u0165desiaty\u00f4smykr\u00e1t sa cyklisti vyber\u00fa prebicyklova\u0165 na\u0161u krajinu. A ch\u00fdba\u0165 nebude ani na\u0161a najv\u00e4\u010d\u0161ia cyklistick\u00e1 hviezda.\" \/>\n<meta name=\"robots\" content=\"index, follow, max-snippet:-1, max-image-preview:large, max-video-preview:-1\" \/>\n<link rel=\"canonical\" href=\"https:\/\/www.welovecycling.com\/sk\/2024\/06\/24\/pozvanka-okolo-slovenska-2024-saganova-posledna-spanila-jazda\/\" \/>\n<meta property=\"og:locale\" content=\"sk_SK\" \/>\n<meta property=\"og:type\" content=\"article\" \/>\n<meta property=\"og:title\" content=\"Pozv\u00e1nka: Okolo Slovenska 2024 - Saganova posledn\u00e1 spanil\u00e1 jazda\" \/>\n<meta property=\"og:description\" content=\"\u0160es\u0165desiaty\u00f4smykr\u00e1t sa cyklisti vyber\u00fa prebicyklova\u0165 na\u0161u krajinu. A ch\u00fdba\u0165 nebude ani na\u0161a najv\u00e4\u010d\u0161ia cyklistick\u00e1 hviezda.\" \/>\n<meta property=\"og:url\" content=\"https:\/\/www.welovecycling.com\/sk\/2024\/06\/24\/pozvanka-okolo-slovenska-2024-saganova-posledna-spanila-jazda\/\" \/>\n<meta property=\"og:site_name\" content=\"\u0160koda We Love Cycling Slovensko\" \/>\n<meta property=\"article:published_time\" content=\"2024-06-24T07:41:03+00:00\" \/>\n<meta property=\"article:modified_time\" content=\"2024-06-24T08:38:59+00:00\" \/>\n<meta property=\"og:image\" content=\"https:\/\/d2p6e6u75xmxt8.cloudfront.net\/4\/2024\/06\/Titulka-1.webp\" \/>\n\t<meta property=\"og:image:width\" content=\"990\" \/>\n\t<meta property=\"og:image:height\" content=\"660\" \/>\n\t<meta property=\"og:image:type\" content=\"image\/webp\" \/>\n<meta name=\"author\" content=\"dominika\" \/>\n<meta name=\"twitter:card\" content=\"summary_large_image\" \/>\n<meta name=\"twitter:label1\" content=\"Written by\" \/>\n\t<meta name=\"twitter:data1\" content=\"We Love Cycling\" \/>\n\t<meta name=\"twitter:label2\" content=\"Est. reading time\" \/>\n\t<meta name=\"twitter:data2\" content=\"3\" \/>\n<script type=\"application\/ld+json\" class=\"yoast-schema-graph\">{\"@context\":\"https:\/\/schema.org\",\"@graph\":[{\"@type\":\"WebPage\",\"@id\":\"https:\/\/www.welovecycling.com\/sk\/2024\/06\/24\/pozvanka-okolo-slovenska-2024-saganova-posledna-spanila-jazda\/\",\"url\":\"https:\/\/www.welovecycling.com\/sk\/2024\/06\/24\/pozvanka-okolo-slovenska-2024-saganova-posledna-spanila-jazda\/\",\"name\":\"Pozv\u00e1nka: Okolo Slovenska 2024 - Saganova posledn\u00e1 spanil\u00e1 jazda\",\"isPartOf\":{\"@id\":\"https:\/\/www.welovecycling.com\/sk\/#website\"},\"primaryImageOfPage\":{\"@id\":\"https:\/\/www.welovecycling.com\/sk\/2024\/06\/24\/pozvanka-okolo-slovenska-2024-saganova-posledna-spanila-jazda\/#primaryimage\"},\"image\":{\"@id\":\"https:\/\/www.welovecycling.com\/sk\/2024\/06\/24\/pozvanka-okolo-slovenska-2024-saganova-posledna-spanila-jazda\/#primaryimage\"},\"thumbnailUrl\":\"https:\/\/d2p6e6u75xmxt8.cloudfront.net\/4\/2024\/06\/Titulka-1.webp\",\"datePublished\":\"2024-06-24T07:41:03+00:00\",\"dateModified\":\"2024-06-24T08:38:59+00:00\",\"author\":{\"@id\":\"https:\/\/www.welovecycling.com\/sk\/#\/schema\/person\/533b62b98b6c41bd5135ebfb1f742624\"},\"description\":\"\u0160es\u0165desiaty\u00f4smykr\u00e1t sa cyklisti vyber\u00fa prebicyklova\u0165 na\u0161u krajinu. A ch\u00fdba\u0165 nebude ani na\u0161a najv\u00e4\u010d\u0161ia cyklistick\u00e1 hviezda.\",\"breadcrumb\":{\"@id\":\"https:\/\/www.welovecycling.com\/sk\/2024\/06\/24\/pozvanka-okolo-slovenska-2024-saganova-posledna-spanila-jazda\/#breadcrumb\"},\"inLanguage\":\"sk-SK\",\"potentialAction\":[{\"@type\":\"ReadAction\",\"target\":[\"https:\/\/www.welovecycling.com\/sk\/2024\/06\/24\/pozvanka-okolo-slovenska-2024-saganova-posledna-spanila-jazda\/\"]}]},{\"@type\":\"ImageObject\",\"inLanguage\":\"sk-SK\",\"@id\":\"https:\/\/www.welovecycling.com\/sk\/2024\/06\/24\/pozvanka-okolo-slovenska-2024-saganova-posledna-spanila-jazda\/#primaryimage\",\"url\":\"https:\/\/d2p6e6u75xmxt8.cloudfront.net\/4\/2024\/06\/Titulka-1.webp\",\"contentUrl\":\"https:\/\/d2p6e6u75xmxt8.cloudfront.net\/4\/2024\/06\/Titulka-1.webp\",\"width\":990,\"height\":660},{\"@type\":\"BreadcrumbList\",\"@id\":\"https:\/\/www.welovecycling.com\/sk\/2024\/06\/24\/pozvanka-okolo-slovenska-2024-saganova-posledna-spanila-jazda\/#breadcrumb\",\"itemListElement\":[{\"@type\":\"ListItem\",\"position\":1,\"name\":\"Home\",\"item\":\"https:\/\/www.welovecycling.com\/sk\/\"},{\"@type\":\"ListItem\",\"position\":2,\"name\":\"Pozv\u00e1nka: Okolo Slovenska 2024 &#8211; Saganova posledn\u00e1 spanil\u00e1 jazda\"}]},{\"@type\":\"WebSite\",\"@id\":\"https:\/\/www.welovecycling.com\/sk\/#website\",\"url\":\"https:\/\/www.welovecycling.com\/sk\/\",\"name\":\"\u0160koda We Love Cycling Slovensko\",\"description\":\"\u0160koda We Love Cycling Slovensko je v\u00e1\u0161 ka\u017edodenn\u00fd zdroj noviniek a in\u0161pir\u00e1cie z sveta cyklistiky\",\"potentialAction\":[{\"@type\":\"SearchAction\",\"target\":{\"@type\":\"EntryPoint\",\"urlTemplate\":\"https:\/\/www.welovecycling.com\/sk\/?s={search_term_string}\"},\"query-input\":{\"@type\":\"PropertyValueSpecification\",\"valueRequired\":true,\"valueName\":\"search_term_string\"}}],\"inLanguage\":\"sk-SK\"},{\"@type\":\"Person\",\"@id\":\"https:\/\/www.welovecycling.com\/sk\/#\/schema\/person\/533b62b98b6c41bd5135ebfb1f742624\",\"name\":\"dominika\",\"image\":{\"@type\":\"ImageObject\",\"inLanguage\":\"sk-SK\",\"@id\":\"https:\/\/www.welovecycling.com\/sk\/#\/schema\/person\/image\/\",\"url\":\"https:\/\/secure.gravatar.com\/avatar\/ded6f274ba2ec3e17fff153f7d9d96a4b33c2cb63907f75d9a5309c599a7f3e6?s=96&d=mm&r=g\",\"contentUrl\":\"https:\/\/secure.gravatar.com\/avatar\/ded6f274ba2ec3e17fff153f7d9d96a4b33c2cb63907f75d9a5309c599a7f3e6?s=96&d=mm&r=g\",\"caption\":\"dominika\"},\"url\":\"https:\/\/www.welovecycling.com\/sk\/author\/dominika\/\"}]}<\/script>\n<!-- \/ Yoast SEO Premium plugin. -->","yoast_head_json":{"title":"Pozv\u00e1nka: Okolo Slovenska 2024 - Saganova posledn\u00e1 spanil\u00e1 jazda","description":"\u0160es\u0165desiaty\u00f4smykr\u00e1t sa cyklisti vyber\u00fa prebicyklova\u0165 na\u0161u krajinu. A ch\u00fdba\u0165 nebude ani na\u0161a najv\u00e4\u010d\u0161ia cyklistick\u00e1 hviezda.","robots":{"index":"index","follow":"follow","max-snippet":"max-snippet:-1","max-image-preview":"max-image-preview:large","max-video-preview":"max-video-preview:-1"},"canonical":"https:\/\/www.welovecycling.com\/sk\/2024\/06\/24\/pozvanka-okolo-slovenska-2024-saganova-posledna-spanila-jazda\/","og_locale":"sk_SK","og_type":"article","og_title":"Pozv\u00e1nka: Okolo Slovenska 2024 - Saganova posledn\u00e1 spanil\u00e1 jazda","og_description":"\u0160es\u0165desiaty\u00f4smykr\u00e1t sa cyklisti vyber\u00fa prebicyklova\u0165 na\u0161u krajinu. A ch\u00fdba\u0165 nebude ani na\u0161a najv\u00e4\u010d\u0161ia cyklistick\u00e1 hviezda.","og_url":"https:\/\/www.welovecycling.com\/sk\/2024\/06\/24\/pozvanka-okolo-slovenska-2024-saganova-posledna-spanila-jazda\/","og_site_name":"\u0160koda We Love Cycling Slovensko","article_published_time":"2024-06-24T07:41:03+00:00","article_modified_time":"2024-06-24T08:38:59+00:00","og_image":[{"width":990,"height":660,"url":"https:\/\/d2p6e6u75xmxt8.cloudfront.net\/4\/2024\/06\/Titulka-1.webp","type":"image\/webp"}],"author":"dominika","twitter_card":"summary_large_image","twitter_misc":{"Written by":"We Love Cycling","Est. reading time":"3"},"schema":{"@context":"https:\/\/schema.org","@graph":[{"@type":"WebPage","@id":"https:\/\/www.welovecycling.com\/sk\/2024\/06\/24\/pozvanka-okolo-slovenska-2024-saganova-posledna-spanila-jazda\/","url":"https:\/\/www.welovecycling.com\/sk\/2024\/06\/24\/pozvanka-okolo-slovenska-2024-saganova-posledna-spanila-jazda\/","name":"Pozv\u00e1nka: Okolo Slovenska 2024 - Saganova posledn\u00e1 spanil\u00e1 jazda","isPartOf":{"@id":"https:\/\/www.welovecycling.com\/sk\/#website"},"primaryImageOfPage":{"@id":"https:\/\/www.welovecycling.com\/sk\/2024\/06\/24\/pozvanka-okolo-slovenska-2024-saganova-posledna-spanila-jazda\/#primaryimage"},"image":{"@id":"https:\/\/www.welovecycling.com\/sk\/2024\/06\/24\/pozvanka-okolo-slovenska-2024-saganova-posledna-spanila-jazda\/#primaryimage"},"thumbnailUrl":"https:\/\/d2p6e6u75xmxt8.cloudfront.net\/4\/2024\/06\/Titulka-1.webp","datePublished":"2024-06-24T07:41:03+00:00","dateModified":"2024-06-24T08:38:59+00:00","author":{"@id":"https:\/\/www.welovecycling.com\/sk\/#\/schema\/person\/533b62b98b6c41bd5135ebfb1f742624"},"description":"\u0160es\u0165desiaty\u00f4smykr\u00e1t sa cyklisti vyber\u00fa prebicyklova\u0165 na\u0161u krajinu. A ch\u00fdba\u0165 nebude ani na\u0161a najv\u00e4\u010d\u0161ia cyklistick\u00e1 hviezda.","breadcrumb":{"@id":"https:\/\/www.welovecycling.com\/sk\/2024\/06\/24\/pozvanka-okolo-slovenska-2024-saganova-posledna-spanila-jazda\/#breadcrumb"},"inLanguage":"sk-SK","potentialAction":[{"@type":"ReadAction","target":["https:\/\/www.welovecycling.com\/sk\/2024\/06\/24\/pozvanka-okolo-slovenska-2024-saganova-posledna-spanila-jazda\/"]}]},{"@type":"ImageObject","inLanguage":"sk-SK","@id":"https:\/\/www.welovecycling.com\/sk\/2024\/06\/24\/pozvanka-okolo-slovenska-2024-saganova-posledna-spanila-jazda\/#primaryimage","url":"https:\/\/d2p6e6u75xmxt8.cloudfront.net\/4\/2024\/06\/Titulka-1.webp","contentUrl":"https:\/\/d2p6e6u75xmxt8.cloudfront.net\/4\/2024\/06\/Titulka-1.webp","width":990,"height":660},{"@type":"BreadcrumbList","@id":"https:\/\/www.welovecycling.com\/sk\/2024\/06\/24\/pozvanka-okolo-slovenska-2024-saganova-posledna-spanila-jazda\/#breadcrumb","itemListElement":[{"@type":"ListItem","position":1,"name":"Home","item":"https:\/\/www.welovecycling.com\/sk\/"},{"@type":"ListItem","position":2,"name":"Pozv\u00e1nka: Okolo Slovenska 2024 &#8211; Saganova posledn\u00e1 spanil\u00e1 jazda"}]},{"@type":"WebSite","@id":"https:\/\/www.welovecycling.com\/sk\/#website","url":"https:\/\/www.welovecycling.com\/sk\/","name":"\u0160koda We Love Cycling Slovensko","description":"\u0160koda We Love Cycling Slovensko je v\u00e1\u0161 ka\u017edodenn\u00fd zdroj noviniek a in\u0161pir\u00e1cie z sveta cyklistiky","potentialAction":[{"@type":"SearchAction","target":{"@type":"EntryPoint","urlTemplate":"https:\/\/www.welovecycling.com\/sk\/?s={search_term_string}"},"query-input":{"@type":"PropertyValueSpecification","valueRequired":true,"valueName":"search_term_string"}}],"inLanguage":"sk-SK"},{"@type":"Person","@id":"https:\/\/www.welovecycling.com\/sk\/#\/schema\/person\/533b62b98b6c41bd5135ebfb1f742624","name":"dominika","image":{"@type":"ImageObject","inLanguage":"sk-SK","@id":"https:\/\/www.welovecycling.com\/sk\/#\/schema\/person\/image\/","url":"https:\/\/secure.gravatar.com\/avatar\/ded6f274ba2ec3e17fff153f7d9d96a4b33c2cb63907f75d9a5309c599a7f3e6?s=96&d=mm&r=g","contentUrl":"https:\/\/secure.gravatar.com\/avatar\/ded6f274ba2ec3e17fff153f7d9d96a4b33c2cb63907f75d9a5309c599a7f3e6?s=96&d=mm&r=g","caption":"dominika"},"url":"https:\/\/www.welovecycling.com\/sk\/author\/dominika\/"}]}},"_links":{"self":[{"href":"https:\/\/www.welovecycling.com\/sk\/wp-json\/wp\/v2\/posts\/19288","targetHints":{"allow":["GET"]}}],"collection":[{"href":"https:\/\/www.welovecycling.com\/sk\/wp-json\/wp\/v2\/posts"}],"about":[{"href":"https:\/\/www.welovecycling.com\/sk\/wp-json\/wp\/v2\/types\/post"}],"author":[{"embeddable":true,"href":"https:\/\/www.welovecycling.com\/sk\/wp-json\/wp\/v2\/users\/172"}],"replies":[{"embeddable":true,"href":"https:\/\/www.welovecycling.com\/sk\/wp-json\/wp\/v2\/comments?post=19288"}],"version-history":[{"count":7,"href":"https:\/\/www.welovecycling.com\/sk\/wp-json\/wp\/v2\/posts\/19288\/revisions"}],"predecessor-version":[{"id":19303,"href":"https:\/\/www.welovecycling.com\/sk\/wp-json\/wp\/v2\/posts\/19288\/revisions\/19303"}],"wp:featuredmedia":[{"embeddable":true,"href":"https:\/\/www.welovecycling.com\/sk\/wp-json\/wp\/v2\/media\/19294"}],"wp:attachment":[{"href":"https:\/\/www.welovecycling.com\/sk\/wp-json\/wp\/v2\/media?parent=19288"}],"wp:term":[{"taxonomy":"category","embeddable":true,"href":"https:\/\/www.welovecycling.com\/sk\/wp-json\/wp\/v2\/categories?post=19288"},{"taxonomy":"post_tag","embeddable":true,"href":"https:\/\/www.welovecycling.com\/sk\/wp-json\/wp\/v2\/tags?post=19288"},{"taxonomy":"global-categories","embeddable":true,"href":"https:\/\/www.welovecycling.com\/sk\/wp-json\/wp\/v2\/global-categories?post=19288"}],"curies":[{"name":"wp","href":"https:\/\/api.w.org\/{rel}","templated":true}]}}