{"id":19251,"date":"2024-06-13T10:00:22","date_gmt":"2024-06-13T08:00:22","guid":{"rendered":"https:\/\/www.welovecycling.com\/sk\/?p=19251"},"modified":"2024-06-13T10:03:33","modified_gmt":"2024-06-13T08:03:33","slug":"reportaz-skoda-slovensky-raj-babska-jazda","status":"publish","type":"post","link":"https:\/\/www.welovecycling.com\/sk\/2024\/06\/13\/reportaz-skoda-slovensky-raj-babska-jazda\/","title":{"rendered":"Report\u00e1\u017e: \u0160koda Slovensk\u00fd raj &#8211; babsk\u00e1 jazda\u00a0"},"content":{"rendered":"<p><strong>Rok sa s rokom stretol a my sme sa op\u00e4\u0165 vybrali do Slovensk\u00e9ho raja, kde sa konalo tretie kolo \u0160koda Bike Open Tour. Tentokr\u00e1t sme to po\u0148ali\u00a0 tak \u201epolorodinne\u201d a do raja sme sa vybrali v zlo\u017een\u00ed \u201egirl power\u201d &#8211; Barbori a ja.<\/strong><!--more--><\/p>\n<p><span style=\"font-weight: 400;\">Tento rok sme mali dokonca od za\u010diatku vyrie\u0161en\u00e9, kto bude ako \u0161tartova\u0165 &#8211; Barbori v\u00a0 kateg\u00f3rii FAMILY 0-6r, ke\u010f\u017ee na in\u00fa kateg\u00f3riu nem\u00e1 <\/span><span style=\"font-weight: 400;\">\u201e<\/span><span style=\"font-weight: 400;\">leg\u00e1lne\u201d n\u00e1rok a ja som s oh\u013eadom a re\u0161pektom\u00a0 na moju\u00a0 kond\u00edciu mala\u00a0 jasno tie\u017e, vyd\u00e1m sa <\/span><span style=\"font-weight: 400;\">\u201e<\/span><span style=\"font-weight: 400;\">len\u201d na kr\u00e1tku tra\u0165 (23 km\/580 m).\u00a0<\/span><\/p>\n<h2><b>Pr\u00edprava je z\u00e1bava\u00a0<\/b><\/h2>\n<p><span style=\"font-weight: 400;\"><strong>Cestova\u0165 na preteky len s jedn\u00fdm p\u00e4\u0165 ro\u010dn\u00fdm die\u0165a\u0165om je ako za odmenu.<\/strong> Bicykle s potrebnou v\u00fdbavou na celodenn\u00fd pobyt v raji sme si pripravili u\u017e ve\u010der, a tak n\u00e1s \u010dakalo pokojn\u00e9 r\u00e1no, dokonca sme si stihli pripravi\u0165 lievance s jahodov\u00fdm d\u017eemom, <\/span><span style=\"font-weight: 400;\">\u201e<\/span><span style=\"font-weight: 400;\">carbo load\u201d je skr\u00e1tka siln\u00fd z\u00e1klad \u0161portov\u00e9ho \u00faspechu. Jedn\u00fdm slovom pohoda, dokonca aj po\u010dasie sa po celot\u00fd\u017ed\u0148ov\u00fdch b\u00farkach spam\u00e4talo a \u010dakal n\u00e1s slnkom zaliaty de\u0148 D.\u00a0<\/span><\/p>\n<p><img loading=\"lazy\" decoding=\"async\" class=\"alignnone size-full wp-image-19253\" src=\"https:\/\/d2p6e6u75xmxt8.cloudfront.net\/4\/2024\/06\/02-1.webp\" alt=\"\" width=\"990\" height=\"660\" srcset=\"https:\/\/d2p6e6u75xmxt8.cloudfront.net\/4\/2024\/06\/02-1.webp 990w, https:\/\/d2p6e6u75xmxt8.cloudfront.net\/4\/2024\/06\/02-1-300x200.webp 300w, https:\/\/d2p6e6u75xmxt8.cloudfront.net\/4\/2024\/06\/02-1-768x512.webp 768w, https:\/\/d2p6e6u75xmxt8.cloudfront.net\/4\/2024\/06\/02-1-400x267.webp 400w, https:\/\/d2p6e6u75xmxt8.cloudfront.net\/4\/2024\/06\/02-1-272x182.webp 272w\" sizes=\"auto, (max-width: 990px) 100vw, 990px\" \/><\/p>\n<h2><b>V raji jazdia v\u0161etci\u00a0<\/b><\/h2>\n<p><span style=\"font-weight: 400;\">Organiz\u00e1tor ka\u017edoro\u010dne pripravuje nieko\u013eko typov trat\u00ed, ktor\u00e9 s\u00fa<strong> l\u00e1kav\u00e9 aj t\u00fdm, \u017ee \u010diasto\u010dne ved\u00fa ter\u00e9nom be\u017ene nepr\u00edstupn\u00fdm\u00a0 pre cyklistov.\u00a0<\/strong> Kr\u00e1tka tra\u0165 v pr\u00edjemnej\u00a0 d\u013a\u017eke 23 km\/562 m,\u00a0 stredn\u00e1 d\u013a\u017eka mala parametre 54 km\/1 306 m, kr\u00e1\u013eovsk\u00e1 etapa merala 68 km\/1 600 m a samozrjeme, nech\u00fdbala ani <\/span><span style=\"font-weight: 400;\">\u201e<\/span><span style=\"font-weight: 400;\">detsk\u00e1\u201d kateg\u00f3ria FAMILY, ktor\u00e1 bola, ako aj minul\u00fd rok,\u00a0 rozdelen\u00e1 na dve podkateg\u00f3rie.\u00a0<\/span><\/p>\n<p><span style=\"font-weight: 400;\">Najmen\u0161ie deck\u00e1 vo veku 0-6 r pretekali samostatne na cca 300 m dlhej trati v are\u00e1li z\u00e1zemia a pre u\u017e sk\u00fasenej\u0161\u00edch mal\u00fdch bikerov a ich rodi\u010dov bola pripraven\u00e1 technicky nen\u00e1ro\u010dn\u00e1 tra\u0165 v d\u013a\u017eke 8,5 km s prev\u00fd\u0161en\u00edm cca 150 m.\u00a0 <strong>V raji myslia\u00a0 na v\u0161etk\u00fdch, \u010do znamen\u00e1, \u017ee aj e-bikeri a gravel-isti si mohli zajazdi\u0165 na trati strednej d\u013a\u017eky. Tu si naozaj nevyberie len ten, kto nechce.\u00a0<\/strong><\/span><\/p>\n<h2><b>Komfort a relax v z\u00e1zem\u00ed\u00a0<\/b><\/h2>\n<p><span style=\"font-weight: 400;\">Po pr\u00edchode do rekrea\u010dn\u00e9ho strediska Podlesok je parkovanie zabezpe\u010den\u00e9 organiz\u00e1torom na parkovisku cca 300 m od z\u00e1zemia, p\u00e1r miest sa na\u0161lo aj v z\u00e1zem\u00ed,\u00a0 n\u00e1m sa podarilo uchmatn\u00fa\u0165 jedno miesto priamo pri kolibe rekrea\u010dn\u00e9ho strediska Podlesok, kde si rovno vybav\u00edme prezent\u00e1ciu (prebieha u\u017e od piatku).\u00a0<\/span><\/p>\n<p><span style=\"font-weight: 400;\">Ako to u\u017e b\u00fdva zvykom, soboty na pretekoch s\u00fa hektick\u00e9 u\u017e od skor\u00e9ho r\u00e1na. V\u00a0 z\u00e1zem\u00ed a na \u0161tarte sa to hem\u017eilo ako v mravenisku. Organiz\u00e1tori, pretek\u00e1ri, rodinn\u00ed pr\u00edslu\u0161n\u00edci a fan\u00fa\u0161ikovia sa pres\u00favali, vykec\u00e1vali, socializovali a pripravovali.<strong> \u0160portov\u00fd sviatok ako m\u00e1 by\u0165.<\/strong> Ka\u017ed\u00fd vedel, \u010do m\u00e1 robi\u0165, organiz\u00e1tor korigoval \u0161tarty, moder\u00e1tor o v\u0161etkom informoval a hasi\u010di pripravovali legend\u00e1rny gul\u00e1\u0161, ktor\u00fd rozvoniaval cel\u00fdm are\u00e1lom.<\/span><\/p>\n<p><span style=\"font-weight: 400;\">Neodmyslite\u013enou s\u00fa\u010das\u0165ou v\u0161etk\u00fdch pretekov \u0160koda Bike Open Tour je aj d\u00f4kladne\u00a0 pripraven\u00e9 z\u00e1zemie a relax z\u00f3na. Partneri podujatia zabezpe\u010dili op\u00e4\u0165 \u0161irok\u00e9 spektrum r\u00f4znych predajn\u00fdch a prezenta\u010dn\u00fdch st\u00e1nkov, \u0160koda pri\u0161la s atrakciami, ktor\u00e9 pobavili hlavne deck\u00e1 v\u0161etk\u00fdch vekov\u00fdch kateg\u00f3ri\u00ed &#8211; od t\u00fdch najmen\u0161\u00edch v sk\u00e1kacom aute, detskom Lego k\u00fatiku, \u010di na simul\u00e1tore formuly. K dispoz\u00edcii bola samozrejme aj relax z\u00f3na s tulivakmi a st\u00e1nok \u0160koda t\u00edmu, kde bola mo\u017enos\u0165 stretn\u00fa\u0165 ambas\u00e1dorov.\u00a0<\/span><\/p>\n<p><img loading=\"lazy\" decoding=\"async\" class=\"alignnone size-full wp-image-19254\" src=\"https:\/\/d2p6e6u75xmxt8.cloudfront.net\/4\/2024\/06\/01-2.webp\" alt=\"\u0160koda Slovensk\u00fd raj\" width=\"990\" height=\"660\" srcset=\"https:\/\/d2p6e6u75xmxt8.cloudfront.net\/4\/2024\/06\/01-2.webp 990w, https:\/\/d2p6e6u75xmxt8.cloudfront.net\/4\/2024\/06\/01-2-300x200.webp 300w, https:\/\/d2p6e6u75xmxt8.cloudfront.net\/4\/2024\/06\/01-2-768x512.webp 768w, https:\/\/d2p6e6u75xmxt8.cloudfront.net\/4\/2024\/06\/01-2-400x267.webp 400w, https:\/\/d2p6e6u75xmxt8.cloudfront.net\/4\/2024\/06\/01-2-272x182.webp 272w\" sizes=\"auto, (max-width: 990px) 100vw, 990px\" \/><\/p>\n<h2><b>Mama <\/b><b>\u201e<\/b><b>time out\u201d na 23 kilometrov<\/b><\/h2>\n<p><span style=\"font-weight: 400;\">\u017de budem v raji na kr\u00e1tkej trati (23 km\/580 m) \u0161tartova\u0165 aj ja, sa vykry\u0161talizovalo tak tri dni pred pretekmi. P\u00f4vodn\u00fd pl\u00e1n bol ne\u0161tartova\u0165 v\u00f4bec a sprev\u00e1dza\u0165 len dc\u00e9rku na detskej trati. No ke\u010f som u\u017e tu, vyu\u017eijem \u010das a idem si aspo\u0148 zabikova\u0165.\u00a0<\/span><\/p>\n<p><span style=\"font-weight: 400;\">Pripravujem si z\u00e1kladn\u00fd <\/span><span style=\"font-weight: 400;\">\u201e<\/span><span style=\"font-weight: 400;\">bal\u00edk pre\u017eitia\u201d &#8211; mobil, vreckovky, magnezko, bidon s vodou a usudzujem, \u017ee viac toho naozaj nepotrebujem a pres\u00favam sa do \u0161tartovacieho koridoru, kde \u010dochv\u00ed\u013ea zaznieva \u0161tartov\u00fd v\u00fdstrel a pelot\u00f3n sa pohne. Prv\u00fd cca kilometer nasledujeme safety car a n\u00e1sledne u\u017e ka\u017ed\u00fd rad\u00ed na svoju pretekov\u00fa r\u00fdchlos\u0165. <strong>Intenz\u00edvne t\u00fd\u017ed\u0148ov\u00e9 da\u017ede n\u00e1m zaru\u010dili bonus v podobe v\u00fd\u017eivn\u00e9ho bahenn\u00e9ho wellness nielen pre n\u00e1s, ale aj bicykle.<\/strong> (Vapky sa po pretekoch riadne zapotili!)<\/span><\/p>\n<h2><strong>Ide sa<\/strong><\/h2>\n<p><span style=\"font-weight: 400;\">Prv\u00fdch 7 km, ktor\u00e9 ved\u00fa premo\u010den\u00fdmi l\u00fakami a \u0161otolinou, ubehne ako ni\u010d a u\u017e n\u00e1s \u010dak\u00e1 prv\u00e1 stojka. Poniektor\u00ed moji <\/span><span style=\"font-weight: 400;\">\u201e<\/span><span style=\"font-weight: 400;\">kolegovia\u201d zosadaj\u00fa z bicykla a kr\u00e1tky \u00fasek tla\u010dia.\u00a0 Prich\u00e1dza\u00a0 s\u00edce\u00a0 <\/span><span style=\"font-weight: 400;\">\u201e<\/span><span style=\"font-weight: 400;\">naj\u010distej\u0161ia\u201d, ale aj najnudnej\u0161ia\u00a0 \u010das\u0165 trate &#8211; 4,5 km tiahle asfaltov\u00e9 st\u00fapanie lesom s priemerom 7 %. Posledn\u00e1 z\u00e1kruta, kde n\u00e1s\u00a0 dobrovo\u013en\u00edci hlasno povzbudzuj\u00fa a sme hore.\u00a0\u00a0<\/span><\/p>\n<p><img loading=\"lazy\" decoding=\"async\" class=\"alignnone size-full wp-image-19255\" src=\"https:\/\/d2p6e6u75xmxt8.cloudfront.net\/4\/2024\/06\/03-1.webp\" alt=\"\u0160koda Slovensk\u00fd raj\" width=\"990\" height=\"660\" srcset=\"https:\/\/d2p6e6u75xmxt8.cloudfront.net\/4\/2024\/06\/03-1.webp 990w, https:\/\/d2p6e6u75xmxt8.cloudfront.net\/4\/2024\/06\/03-1-300x200.webp 300w, https:\/\/d2p6e6u75xmxt8.cloudfront.net\/4\/2024\/06\/03-1-768x512.webp 768w, https:\/\/d2p6e6u75xmxt8.cloudfront.net\/4\/2024\/06\/03-1-400x267.webp 400w, https:\/\/d2p6e6u75xmxt8.cloudfront.net\/4\/2024\/06\/03-1-272x182.webp 272w\" sizes=\"auto, (max-width: 990px) 100vw, 990px\" \/><\/p>\n<p><span style=\"font-weight: 400;\">V\u00ed\u0165azosl\u00e1vne doraz\u00edme hore a za\u010d\u00edna sa\u00a0 z\u00e1bava v podobe zjazdu. <strong>V\u00e4\u010d\u0161ie, \u010di men\u0161ie kamene, korienky a korene, ml\u00e1ky, e\u0161te viac ml\u00e1k a nekone\u010dn\u00e9 mno\u017estvo\u00a0 blata, ktor\u00e9 prsk\u00e1 na v\u0161etky strany a r\u00e1fiky kolies s\u00fa v blate prakticky st\u00e1le.<\/strong>\u00a0 Skr\u00e1tka v\u0161etko, ako m\u00e1 by\u0165. Hod\u00edm oko na Garmin, aby som sa r\u00fdchlo zorientovala, kde sa cca nach\u00e1dzam. Pri \u010d\u00edsle 20 km nech\u00e1pem, \u017ee to cel\u00e9 zbehlo tak r\u00fdchlo. <\/span><\/p>\n<p><span style=\"font-weight: 400;\">Posledn\u00fd \u00fasek je \u0161irok\u00fd \u0161otolinov\u00fd zjazd s ostrej\u0161\u00edmi z\u00e1krutami, kde som dostala na frak od kolegyne, s ktorou sme sa do\u0165ahovali cestou hore. Holt aj zjazdy treba tr\u00e9nova\u0165 \ud83d\ude42 . Do cie\u013ea je to p\u00e1r metrov, organiz\u00e1tor n\u00e1s z bezpe\u010dnostn\u00fdch d\u00f4vodov spoma\u013euje a <strong>ja e\u0161te s\u00edce nevid\u00edm, ale dobre po\u010dujem Barbori, ktor\u00e1 si ide hrdlo vykri\u010da\u0165, ako mi fand\u00ed pri cie\u013eovej br\u00e1ne.<\/strong> A viac u\u017e nepotrebujem. \ud83d\ude42<\/span><\/p>\n<p><img loading=\"lazy\" decoding=\"async\" class=\"alignnone size-full wp-image-19256\" src=\"https:\/\/d2p6e6u75xmxt8.cloudfront.net\/4\/2024\/06\/04-2.webp\" alt=\"\" width=\"990\" height=\"660\" srcset=\"https:\/\/d2p6e6u75xmxt8.cloudfront.net\/4\/2024\/06\/04-2.webp 990w, https:\/\/d2p6e6u75xmxt8.cloudfront.net\/4\/2024\/06\/04-2-300x200.webp 300w, https:\/\/d2p6e6u75xmxt8.cloudfront.net\/4\/2024\/06\/04-2-768x512.webp 768w, https:\/\/d2p6e6u75xmxt8.cloudfront.net\/4\/2024\/06\/04-2-400x267.webp 400w, https:\/\/d2p6e6u75xmxt8.cloudfront.net\/4\/2024\/06\/04-2-272x182.webp 272w\" sizes=\"auto, (max-width: 990px) 100vw, 990px\" \/><\/p>\n<h2><b>FAMILY je najviac\u00a0<\/b><\/h2>\n<p><span style=\"font-weight: 400;\">\u0160tart detskej a rodinnej kateg\u00f3rie je napl\u00e1novan\u00fd na 12:30, \u010do je pre men\u0161ie deti celkom hrani\u010dn\u00fd \u010das. Predsa len tie najmen\u0161ie si zvykn\u00fa popoludn\u00ed pospa\u0165.\u00a0<\/span><\/p>\n<p><span style=\"font-weight: 400;\">Ako prv\u00e9 \u0161tartuj\u00fa <\/span><span style=\"font-weight: 400;\">\u201e<\/span><span style=\"font-weight: 400;\">mini deck\u00e1\u201d 0-6 rokov bez sprievodu rodi\u010da a nasledova\u0165 bude dlh\u0161ia tra\u0165, kde \u0161tartuje t\u00edm rodi\u010d a die\u0165a vo veku\u00a0 7-14 r.<\/span><\/p>\n<p><img loading=\"lazy\" decoding=\"async\" class=\"alignnone size-full wp-image-19257\" src=\"https:\/\/d2p6e6u75xmxt8.cloudfront.net\/4\/2024\/06\/05-2.webp\" alt=\"\" width=\"990\" height=\"660\" srcset=\"https:\/\/d2p6e6u75xmxt8.cloudfront.net\/4\/2024\/06\/05-2.webp 990w, https:\/\/d2p6e6u75xmxt8.cloudfront.net\/4\/2024\/06\/05-2-300x200.webp 300w, https:\/\/d2p6e6u75xmxt8.cloudfront.net\/4\/2024\/06\/05-2-768x512.webp 768w, https:\/\/d2p6e6u75xmxt8.cloudfront.net\/4\/2024\/06\/05-2-400x267.webp 400w, https:\/\/d2p6e6u75xmxt8.cloudfront.net\/4\/2024\/06\/05-2-272x182.webp 272w\" sizes=\"auto, (max-width: 990px) 100vw, 990px\" \/><\/p>\n<p><span style=\"font-weight: 400;\">Pres\u00favame sa teda na \u0161tart,\u00a0 Barborka je pripraven\u00e1 na \u0161tarte 300 m trate, ktor\u00e1 je rovno v z\u00e1zem\u00ed. <strong>Ako u\u017e b\u00fdva zvykom, na \u0161tarte je viac fan\u00fa\u0161ikov ako det\u00ed. O tom ale s\u00fa tie detsk\u00e9 kateg\u00f3rie,<\/strong> s\u00fa skr\u00e1tka najmil\u0161ie, najfarebnej\u0161ie a najhlu\u010dnej\u0161ie. Organiz\u00e1tor vysvet\u013euje deck\u00e1m, \u017ee bud\u00fa nasledova\u0165 sprievodn\u00e9ho cyklistu, ktor\u00fd ich povedie a\u017e do cie\u013ea, kde ka\u017ed\u00fd mal\u00fd pretek\u00e1r dost\u00e1va medailu.\u00a0<\/span><\/p>\n<p><img loading=\"lazy\" decoding=\"async\" class=\"alignnone size-full wp-image-19258\" src=\"https:\/\/d2p6e6u75xmxt8.cloudfront.net\/4\/2024\/06\/06.webp\" alt=\"\u0160koda Slovensk\u00fd raj\" width=\"990\" height=\"660\" srcset=\"https:\/\/d2p6e6u75xmxt8.cloudfront.net\/4\/2024\/06\/06.webp 990w, https:\/\/d2p6e6u75xmxt8.cloudfront.net\/4\/2024\/06\/06-300x200.webp 300w, https:\/\/d2p6e6u75xmxt8.cloudfront.net\/4\/2024\/06\/06-768x512.webp 768w, https:\/\/d2p6e6u75xmxt8.cloudfront.net\/4\/2024\/06\/06-400x267.webp 400w, https:\/\/d2p6e6u75xmxt8.cloudfront.net\/4\/2024\/06\/06-272x182.webp 272w\" sizes=\"auto, (max-width: 990px) 100vw, 990px\" \/><\/p>\n<p><span style=\"font-weight: 400;\">Barbori \u017eiaria o\u010dk\u00e1, \u010fal\u0161ia medaila do zbierky. Form\u00e1lnu \u010das\u0165 m\u00e1me na dnes za sebou a teraz n\u00e1s u\u017e \u010dak\u00e1 len oddych a z\u00e1bava. V z\u00e1zem\u00ed stret\u00e1vame na\u0161u kamo\u0161ku Ninu z komunity <\/span><a href=\"https:\/\/www.welovecycling.com\/sk\/2022\/09\/28\/skoda-bike-open-tour-2022-a-bajkerky-krasky-slovenska-pokope\/\" target=\"_blank\" rel=\"noopener\">B<span style=\"font-weight: 400;\">ajkerky<\/span><\/a><span style=\"font-weight: 400;\">, ktor\u00e1 pr\u00e1ve dorazila do cie\u013ea v kateg\u00f3rii ebike. Strihneme cie\u013eov\u00e9 foto a spolu sa pres\u00favame do \u0160koda t\u00edm stanu, kde po\u010dk\u00e1me na vyhl\u00e1senie v\u00fdsledkov.\u00a0<\/span><\/p>\n<p><img loading=\"lazy\" decoding=\"async\" class=\"alignnone size-full wp-image-19259\" src=\"https:\/\/d2p6e6u75xmxt8.cloudfront.net\/4\/2024\/06\/07.webp\" alt=\"\" width=\"990\" height=\"660\" srcset=\"https:\/\/d2p6e6u75xmxt8.cloudfront.net\/4\/2024\/06\/07.webp 990w, https:\/\/d2p6e6u75xmxt8.cloudfront.net\/4\/2024\/06\/07-300x200.webp 300w, https:\/\/d2p6e6u75xmxt8.cloudfront.net\/4\/2024\/06\/07-768x512.webp 768w, https:\/\/d2p6e6u75xmxt8.cloudfront.net\/4\/2024\/06\/07-400x267.webp 400w, https:\/\/d2p6e6u75xmxt8.cloudfront.net\/4\/2024\/06\/07-272x182.webp 272w\" sizes=\"auto, (max-width: 990px) 100vw, 990px\" \/><\/p>\n<h2><b>Z\u00e1bava na prvom mieste\u00a0<\/b><\/h2>\n<p><span style=\"font-weight: 400;\">Prich\u00e1dza z\u00e1ver d\u0148a a vid\u00edme, \u017ee spokojn\u00ed s\u00fa v\u0161etci: cyklisti, organiz\u00e1tori, fan\u00fa\u0161ikovia a n\u00e1v\u0161tevn\u00edci podujatia. Nech\u00fdbalo vyhodnotenie jednotliv\u00fdch kateg\u00f3ri\u00ed, \u0161tedr\u00e1 tombola, \u010di sprievodn\u00fd program. To v\u0161etko ruka v ruke spolu so skvelou organiz\u00e1ciou na vysokej \u00farovni sa op\u00e4\u0165\u00a0 postarali o kr\u00e1sne preteky.\u00a0<\/span><\/p>\n<p><img loading=\"lazy\" decoding=\"async\" class=\"alignnone size-full wp-image-19260\" src=\"https:\/\/d2p6e6u75xmxt8.cloudfront.net\/4\/2024\/06\/08.webp\" alt=\"\u0160koda Slovensk\u00fd raj\" width=\"990\" height=\"660\" srcset=\"https:\/\/d2p6e6u75xmxt8.cloudfront.net\/4\/2024\/06\/08.webp 990w, https:\/\/d2p6e6u75xmxt8.cloudfront.net\/4\/2024\/06\/08-300x200.webp 300w, https:\/\/d2p6e6u75xmxt8.cloudfront.net\/4\/2024\/06\/08-768x512.webp 768w, https:\/\/d2p6e6u75xmxt8.cloudfront.net\/4\/2024\/06\/08-400x267.webp 400w, https:\/\/d2p6e6u75xmxt8.cloudfront.net\/4\/2024\/06\/08-272x182.webp 272w\" sizes=\"auto, (max-width: 990px) 100vw, 990px\" \/><\/p>\n<p><span style=\"font-weight: 400;\">U\u017e som sa <\/span><a href=\"https:\/\/www.welovecycling.com\/sk\/2023\/05\/25\/reportaz-skoda-mtb-maraton-rajecke-teplice-rodinny-vylet-za-family-tratou\/\" target=\"_blank\" rel=\"noopener\"><span style=\"font-weight: 400;\">p\u00e1rkr\u00e1t zmienila<\/span><\/a><span style=\"font-weight: 400;\">, \u017ee tieto report\u00e1\u017ee a na\u0161e \u00fa\u010dasti na pretekoch nie s\u00fa celkom be\u017en\u00e9, neprin\u00e1\u0161aj\u00fa \u017eiadne dramatick\u00e9 opisy technick\u00fdch \u00fasekov, zjazdov, \u017eiadne prepo\u010dty wattov, tepov, \u017eiadne umiestnenie, no n\u00e1m prin\u00e1\u0161aj\u00fa omnoho viac. <strong>Z\u00e1\u017eitky na cel\u00fd \u017eivot, dobr\u00fd pocit, siln\u00e9 em\u00f3cie a nekone\u010dn\u00fa rados\u0165 det\u00ed.<\/strong><\/span><\/p>\n<p><span style=\"font-weight: 400;\">Zdroj fotografi\u00ed: arch\u00edv autorky, Peter Regec<\/span><\/p>\n","protected":false},"excerpt":{"rendered":"<p>Rok sa s rokom stretol a my sme sa op\u00e4\u0165 vybrali do Slovensk\u00e9ho raja, kde sa konalo tretie kolo \u0160koda [&hellip;]<\/p>\n","protected":false},"author":172,"featured_media":19252,"comment_status":"open","ping_status":"open","sticky":false,"template":"","format":"standard","meta":{"footnotes":""},"categories":[38,33],"tags":[507,53,1386,964,180,1191,41,178,179,39,509,474,1615,542,35,234,183],"global-categories":[1074],"class_list":["post-19251","post","type-post","status-publish","format-standard","has-post-thumbnail","hentry","category-reportaz","category-sbot","tag-cyklorodinka","tag-deti","tag-deti-na-bicykli","tag-family","tag-horska-cyklistika","tag-jazda","tag-kratka-trat","tag-maraton","tag-preteky","tag-reportaz","tag-rodina","tag-rodinny-maraton","tag-sezona-2024","tag-skoda","tag-sbot","tag-slovensky-raj","tag-zabava","global-categories-cycling"],"yoast_head":"<!-- This site is optimized with the Yoast SEO Premium plugin v25.3 (Yoast SEO v25.9) - https:\/\/yoast.com\/wordpress\/plugins\/seo\/ -->\n<title>Report\u00e1\u017e: \u0160koda Slovensk\u00fd raj - babsk\u00e1 jazda\u00a0 - \u0160koda We Love Cycling Slovensko<\/title>\n<meta name=\"description\" content=\"Op\u00e4\u0165 sme sa vybrali do Slovensk\u00e9ho raja, kde sa konalo tretie kolo \u0160koda Bike Open Tour. Tentokr\u00e1t sme to po\u0148ali\u00a0 tak \u201epolorodinne\u201d.\" \/>\n<meta name=\"robots\" content=\"index, follow, max-snippet:-1, max-image-preview:large, max-video-preview:-1\" \/>\n<link rel=\"canonical\" href=\"https:\/\/www.welovecycling.com\/sk\/2024\/06\/13\/reportaz-skoda-slovensky-raj-babska-jazda\/\" \/>\n<meta property=\"og:locale\" content=\"sk_SK\" \/>\n<meta property=\"og:type\" content=\"article\" \/>\n<meta property=\"og:title\" content=\"Report\u00e1\u017e: \u0160koda Slovensk\u00fd raj - babsk\u00e1 jazda\u00a0\" \/>\n<meta property=\"og:description\" content=\"Op\u00e4\u0165 sme sa vybrali do Slovensk\u00e9ho raja, kde sa konalo tretie kolo \u0160koda Bike Open Tour. Tentokr\u00e1t sme to po\u0148ali\u00a0 tak \u201epolorodinne\u201d.\" \/>\n<meta property=\"og:url\" content=\"https:\/\/www.welovecycling.com\/sk\/2024\/06\/13\/reportaz-skoda-slovensky-raj-babska-jazda\/\" \/>\n<meta property=\"og:site_name\" content=\"\u0160koda We Love Cycling Slovensko\" \/>\n<meta property=\"article:published_time\" content=\"2024-06-13T08:00:22+00:00\" \/>\n<meta property=\"article:modified_time\" content=\"2024-06-13T08:03:33+00:00\" \/>\n<meta property=\"og:image\" content=\"https:\/\/d2p6e6u75xmxt8.cloudfront.net\/4\/2024\/06\/TITULKA.webp\" \/>\n\t<meta property=\"og:image:width\" content=\"990\" \/>\n\t<meta property=\"og:image:height\" content=\"660\" \/>\n\t<meta property=\"og:image:type\" content=\"image\/webp\" \/>\n<meta name=\"author\" content=\"dominika\" \/>\n<meta name=\"twitter:card\" content=\"summary_large_image\" \/>\n<meta name=\"twitter:label1\" content=\"Written by\" \/>\n\t<meta name=\"twitter:data1\" content=\"Katar\u00edna Vasil\u010din Gre\u0161ov\u00e1\" \/>\n\t<meta name=\"twitter:label2\" content=\"Est. reading time\" \/>\n\t<meta name=\"twitter:data2\" content=\"6\" \/>\n<script type=\"application\/ld+json\" class=\"yoast-schema-graph\">{\"@context\":\"https:\/\/schema.org\",\"@graph\":[{\"@type\":\"WebPage\",\"@id\":\"https:\/\/www.welovecycling.com\/sk\/2024\/06\/13\/reportaz-skoda-slovensky-raj-babska-jazda\/\",\"url\":\"https:\/\/www.welovecycling.com\/sk\/2024\/06\/13\/reportaz-skoda-slovensky-raj-babska-jazda\/\",\"name\":\"Report\u00e1\u017e: \u0160koda Slovensk\u00fd raj - babsk\u00e1 jazda\u00a0 - \u0160koda We Love Cycling Slovensko\",\"isPartOf\":{\"@id\":\"https:\/\/www.welovecycling.com\/sk\/#website\"},\"primaryImageOfPage\":{\"@id\":\"https:\/\/www.welovecycling.com\/sk\/2024\/06\/13\/reportaz-skoda-slovensky-raj-babska-jazda\/#primaryimage\"},\"image\":{\"@id\":\"https:\/\/www.welovecycling.com\/sk\/2024\/06\/13\/reportaz-skoda-slovensky-raj-babska-jazda\/#primaryimage\"},\"thumbnailUrl\":\"https:\/\/d2p6e6u75xmxt8.cloudfront.net\/4\/2024\/06\/TITULKA.webp\",\"datePublished\":\"2024-06-13T08:00:22+00:00\",\"dateModified\":\"2024-06-13T08:03:33+00:00\",\"author\":{\"@id\":\"https:\/\/www.welovecycling.com\/sk\/#\/schema\/person\/533b62b98b6c41bd5135ebfb1f742624\"},\"description\":\"Op\u00e4\u0165 sme sa vybrali do Slovensk\u00e9ho raja, kde sa konalo tretie kolo \u0160koda Bike Open Tour. Tentokr\u00e1t sme to po\u0148ali\u00a0 tak \u201epolorodinne\u201d.\",\"breadcrumb\":{\"@id\":\"https:\/\/www.welovecycling.com\/sk\/2024\/06\/13\/reportaz-skoda-slovensky-raj-babska-jazda\/#breadcrumb\"},\"inLanguage\":\"sk-SK\",\"potentialAction\":[{\"@type\":\"ReadAction\",\"target\":[\"https:\/\/www.welovecycling.com\/sk\/2024\/06\/13\/reportaz-skoda-slovensky-raj-babska-jazda\/\"]}]},{\"@type\":\"ImageObject\",\"inLanguage\":\"sk-SK\",\"@id\":\"https:\/\/www.welovecycling.com\/sk\/2024\/06\/13\/reportaz-skoda-slovensky-raj-babska-jazda\/#primaryimage\",\"url\":\"https:\/\/d2p6e6u75xmxt8.cloudfront.net\/4\/2024\/06\/TITULKA.webp\",\"contentUrl\":\"https:\/\/d2p6e6u75xmxt8.cloudfront.net\/4\/2024\/06\/TITULKA.webp\",\"width\":990,\"height\":660},{\"@type\":\"BreadcrumbList\",\"@id\":\"https:\/\/www.welovecycling.com\/sk\/2024\/06\/13\/reportaz-skoda-slovensky-raj-babska-jazda\/#breadcrumb\",\"itemListElement\":[{\"@type\":\"ListItem\",\"position\":1,\"name\":\"Home\",\"item\":\"https:\/\/www.welovecycling.com\/sk\/\"},{\"@type\":\"ListItem\",\"position\":2,\"name\":\"Report\u00e1\u017e: \u0160koda Slovensk\u00fd raj &#8211; babsk\u00e1 jazda\u00a0\"}]},{\"@type\":\"WebSite\",\"@id\":\"https:\/\/www.welovecycling.com\/sk\/#website\",\"url\":\"https:\/\/www.welovecycling.com\/sk\/\",\"name\":\"\u0160koda We Love Cycling Slovensko\",\"description\":\"\u0160koda We Love Cycling Slovensko je v\u00e1\u0161 ka\u017edodenn\u00fd zdroj noviniek a in\u0161pir\u00e1cie z sveta cyklistiky\",\"potentialAction\":[{\"@type\":\"SearchAction\",\"target\":{\"@type\":\"EntryPoint\",\"urlTemplate\":\"https:\/\/www.welovecycling.com\/sk\/?s={search_term_string}\"},\"query-input\":{\"@type\":\"PropertyValueSpecification\",\"valueRequired\":true,\"valueName\":\"search_term_string\"}}],\"inLanguage\":\"sk-SK\"},{\"@type\":\"Person\",\"@id\":\"https:\/\/www.welovecycling.com\/sk\/#\/schema\/person\/533b62b98b6c41bd5135ebfb1f742624\",\"name\":\"dominika\",\"image\":{\"@type\":\"ImageObject\",\"inLanguage\":\"sk-SK\",\"@id\":\"https:\/\/www.welovecycling.com\/sk\/#\/schema\/person\/image\/\",\"url\":\"https:\/\/secure.gravatar.com\/avatar\/ded6f274ba2ec3e17fff153f7d9d96a4b33c2cb63907f75d9a5309c599a7f3e6?s=96&d=mm&r=g\",\"contentUrl\":\"https:\/\/secure.gravatar.com\/avatar\/ded6f274ba2ec3e17fff153f7d9d96a4b33c2cb63907f75d9a5309c599a7f3e6?s=96&d=mm&r=g\",\"caption\":\"dominika\"},\"url\":\"https:\/\/www.welovecycling.com\/sk\/author\/dominika\/\"}]}<\/script>\n<!-- \/ Yoast SEO Premium plugin. -->","yoast_head_json":{"title":"Report\u00e1\u017e: \u0160koda Slovensk\u00fd raj - babsk\u00e1 jazda\u00a0 - \u0160koda We Love Cycling Slovensko","description":"Op\u00e4\u0165 sme sa vybrali do Slovensk\u00e9ho raja, kde sa konalo tretie kolo \u0160koda Bike Open Tour. Tentokr\u00e1t sme to po\u0148ali\u00a0 tak \u201epolorodinne\u201d.","robots":{"index":"index","follow":"follow","max-snippet":"max-snippet:-1","max-image-preview":"max-image-preview:large","max-video-preview":"max-video-preview:-1"},"canonical":"https:\/\/www.welovecycling.com\/sk\/2024\/06\/13\/reportaz-skoda-slovensky-raj-babska-jazda\/","og_locale":"sk_SK","og_type":"article","og_title":"Report\u00e1\u017e: \u0160koda Slovensk\u00fd raj - babsk\u00e1 jazda\u00a0","og_description":"Op\u00e4\u0165 sme sa vybrali do Slovensk\u00e9ho raja, kde sa konalo tretie kolo \u0160koda Bike Open Tour. Tentokr\u00e1t sme to po\u0148ali\u00a0 tak \u201epolorodinne\u201d.","og_url":"https:\/\/www.welovecycling.com\/sk\/2024\/06\/13\/reportaz-skoda-slovensky-raj-babska-jazda\/","og_site_name":"\u0160koda We Love Cycling Slovensko","article_published_time":"2024-06-13T08:00:22+00:00","article_modified_time":"2024-06-13T08:03:33+00:00","og_image":[{"width":990,"height":660,"url":"https:\/\/d2p6e6u75xmxt8.cloudfront.net\/4\/2024\/06\/TITULKA.webp","type":"image\/webp"}],"author":"dominika","twitter_card":"summary_large_image","twitter_misc":{"Written by":"Katar\u00edna Vasil\u010din Gre\u0161ov\u00e1","Est. reading time":"6"},"schema":{"@context":"https:\/\/schema.org","@graph":[{"@type":"WebPage","@id":"https:\/\/www.welovecycling.com\/sk\/2024\/06\/13\/reportaz-skoda-slovensky-raj-babska-jazda\/","url":"https:\/\/www.welovecycling.com\/sk\/2024\/06\/13\/reportaz-skoda-slovensky-raj-babska-jazda\/","name":"Report\u00e1\u017e: \u0160koda Slovensk\u00fd raj - babsk\u00e1 jazda\u00a0 - \u0160koda We Love Cycling Slovensko","isPartOf":{"@id":"https:\/\/www.welovecycling.com\/sk\/#website"},"primaryImageOfPage":{"@id":"https:\/\/www.welovecycling.com\/sk\/2024\/06\/13\/reportaz-skoda-slovensky-raj-babska-jazda\/#primaryimage"},"image":{"@id":"https:\/\/www.welovecycling.com\/sk\/2024\/06\/13\/reportaz-skoda-slovensky-raj-babska-jazda\/#primaryimage"},"thumbnailUrl":"https:\/\/d2p6e6u75xmxt8.cloudfront.net\/4\/2024\/06\/TITULKA.webp","datePublished":"2024-06-13T08:00:22+00:00","dateModified":"2024-06-13T08:03:33+00:00","author":{"@id":"https:\/\/www.welovecycling.com\/sk\/#\/schema\/person\/533b62b98b6c41bd5135ebfb1f742624"},"description":"Op\u00e4\u0165 sme sa vybrali do Slovensk\u00e9ho raja, kde sa konalo tretie kolo \u0160koda Bike Open Tour. Tentokr\u00e1t sme to po\u0148ali\u00a0 tak \u201epolorodinne\u201d.","breadcrumb":{"@id":"https:\/\/www.welovecycling.com\/sk\/2024\/06\/13\/reportaz-skoda-slovensky-raj-babska-jazda\/#breadcrumb"},"inLanguage":"sk-SK","potentialAction":[{"@type":"ReadAction","target":["https:\/\/www.welovecycling.com\/sk\/2024\/06\/13\/reportaz-skoda-slovensky-raj-babska-jazda\/"]}]},{"@type":"ImageObject","inLanguage":"sk-SK","@id":"https:\/\/www.welovecycling.com\/sk\/2024\/06\/13\/reportaz-skoda-slovensky-raj-babska-jazda\/#primaryimage","url":"https:\/\/d2p6e6u75xmxt8.cloudfront.net\/4\/2024\/06\/TITULKA.webp","contentUrl":"https:\/\/d2p6e6u75xmxt8.cloudfront.net\/4\/2024\/06\/TITULKA.webp","width":990,"height":660},{"@type":"BreadcrumbList","@id":"https:\/\/www.welovecycling.com\/sk\/2024\/06\/13\/reportaz-skoda-slovensky-raj-babska-jazda\/#breadcrumb","itemListElement":[{"@type":"ListItem","position":1,"name":"Home","item":"https:\/\/www.welovecycling.com\/sk\/"},{"@type":"ListItem","position":2,"name":"Report\u00e1\u017e: \u0160koda Slovensk\u00fd raj &#8211; babsk\u00e1 jazda\u00a0"}]},{"@type":"WebSite","@id":"https:\/\/www.welovecycling.com\/sk\/#website","url":"https:\/\/www.welovecycling.com\/sk\/","name":"\u0160koda We Love Cycling Slovensko","description":"\u0160koda We Love Cycling Slovensko je v\u00e1\u0161 ka\u017edodenn\u00fd zdroj noviniek a in\u0161pir\u00e1cie z sveta cyklistiky","potentialAction":[{"@type":"SearchAction","target":{"@type":"EntryPoint","urlTemplate":"https:\/\/www.welovecycling.com\/sk\/?s={search_term_string}"},"query-input":{"@type":"PropertyValueSpecification","valueRequired":true,"valueName":"search_term_string"}}],"inLanguage":"sk-SK"},{"@type":"Person","@id":"https:\/\/www.welovecycling.com\/sk\/#\/schema\/person\/533b62b98b6c41bd5135ebfb1f742624","name":"dominika","image":{"@type":"ImageObject","inLanguage":"sk-SK","@id":"https:\/\/www.welovecycling.com\/sk\/#\/schema\/person\/image\/","url":"https:\/\/secure.gravatar.com\/avatar\/ded6f274ba2ec3e17fff153f7d9d96a4b33c2cb63907f75d9a5309c599a7f3e6?s=96&d=mm&r=g","contentUrl":"https:\/\/secure.gravatar.com\/avatar\/ded6f274ba2ec3e17fff153f7d9d96a4b33c2cb63907f75d9a5309c599a7f3e6?s=96&d=mm&r=g","caption":"dominika"},"url":"https:\/\/www.welovecycling.com\/sk\/author\/dominika\/"}]}},"_links":{"self":[{"href":"https:\/\/www.welovecycling.com\/sk\/wp-json\/wp\/v2\/posts\/19251","targetHints":{"allow":["GET"]}}],"collection":[{"href":"https:\/\/www.welovecycling.com\/sk\/wp-json\/wp\/v2\/posts"}],"about":[{"href":"https:\/\/www.welovecycling.com\/sk\/wp-json\/wp\/v2\/types\/post"}],"author":[{"embeddable":true,"href":"https:\/\/www.welovecycling.com\/sk\/wp-json\/wp\/v2\/users\/172"}],"replies":[{"embeddable":true,"href":"https:\/\/www.welovecycling.com\/sk\/wp-json\/wp\/v2\/comments?post=19251"}],"version-history":[{"count":2,"href":"https:\/\/www.welovecycling.com\/sk\/wp-json\/wp\/v2\/posts\/19251\/revisions"}],"predecessor-version":[{"id":19262,"href":"https:\/\/www.welovecycling.com\/sk\/wp-json\/wp\/v2\/posts\/19251\/revisions\/19262"}],"wp:featuredmedia":[{"embeddable":true,"href":"https:\/\/www.welovecycling.com\/sk\/wp-json\/wp\/v2\/media\/19252"}],"wp:attachment":[{"href":"https:\/\/www.welovecycling.com\/sk\/wp-json\/wp\/v2\/media?parent=19251"}],"wp:term":[{"taxonomy":"category","embeddable":true,"href":"https:\/\/www.welovecycling.com\/sk\/wp-json\/wp\/v2\/categories?post=19251"},{"taxonomy":"post_tag","embeddable":true,"href":"https:\/\/www.welovecycling.com\/sk\/wp-json\/wp\/v2\/tags?post=19251"},{"taxonomy":"global-categories","embeddable":true,"href":"https:\/\/www.welovecycling.com\/sk\/wp-json\/wp\/v2\/global-categories?post=19251"}],"curies":[{"name":"wp","href":"https:\/\/api.w.org\/{rel}","templated":true}]}}