{"id":19201,"date":"2024-06-05T14:46:43","date_gmt":"2024-06-05T12:46:43","guid":{"rendered":"https:\/\/www.welovecycling.com\/sk\/?p=19201"},"modified":"2024-06-05T14:46:43","modified_gmt":"2024-06-05T12:46:43","slug":"co-si-so-sebou-vziat-na-prvy-mtb-maraton","status":"publish","type":"post","link":"https:\/\/www.welovecycling.com\/sk\/2024\/06\/05\/co-si-so-sebou-vziat-na-prvy-mtb-maraton\/","title":{"rendered":"\u010co si so sebou vzia\u0165 na prv\u00fd MTB marat\u00f3n?"},"content":{"rendered":"<p><span style=\"font-size: 14pt;\"><strong>Vyhn\u00fa\u0165 sa stresu, pr\u00eds\u0165 na\u010das a naplno sa s\u00fastredi\u0165 na preteky &#8211; to znamen\u00e1 svedomit\u00fa pr\u00edpravu a zop\u00e1r r\u00e1d, na ktor\u00e9 som pri\u0161la rokmi alebo som ich dostala od sk\u00fasenej\u0161\u00edch pretek\u00e1rov. <\/strong><\/span><!--more--><\/p>\n<p>Ak zva\u017euje\u0161 svoju premi\u00e9ru, napr\u00edklad na niektorom z \u010fal\u0161\u00edch k\u00f4l najob\u013e\u00fabenej\u0161ej s\u00e9rie horsk\u00fdch marat\u00f3nov na Slovensku &#8211; \u0160koda Bike Open Tour, tento \u010dl\u00e1nok ti m\u00f4\u017ee pom\u00f4c\u0165, aby si sa v de\u0148 \u0161tartu vyhol nepr\u00edjemn\u00fdm prekvapeniam.<\/p>\n<h2><strong>A<\/strong><strong>by ma ni\u010d neprekvapilo<\/strong><\/h2>\n<p><span style=\"font-weight: 400;\"><strong>Za\u010d\u00ednam v\u017edy kontrolou bicykla<\/strong> &#8211; vopred aspo\u0148 t\u00fd\u017ede\u0148, aby som si vedela dohodn\u00fa\u0165 pr\u00edpadn\u00fd servis. Ni\u010d nehrk\u00e1, koles\u00e1 maj\u00fa spr\u00e1vny tlak, bicykel spr\u00e1vne brzd\u00ed a spr\u00e1vne prehadzuje? No super, m\u00f4\u017eeme \u00eds\u0165 na pr\u00edpravu v\u00fdbavy na preteky.<\/span><\/p>\n<p><span style=\"font-weight: 400;\"><strong>Skontrolujem prihl\u00e1\u0161ku,<\/strong> vytla\u010d\u00edm ju, aby som registr\u00e1ciu zvl\u00e1dla \u010do najr\u00fdchlej\u0161ie.<\/span><\/p>\n<p><span style=\"font-weight: 400;\">\u010eal\u0161\u00edm krokom je r\u00fdchly poh\u013ead na predpove\u010f po\u010dasia &#8211; <strong>spr\u00e1vne oble\u010denie je pre ka\u017ed\u00e9ho cyklistu ve\u013emi d\u00f4le\u017eit\u00e9<\/strong> &#8211; ani teplo ani zima &#8211; nebra\u0165 zbyto\u010dne vrstvy navy\u0161e. Cyklo nohavice,\u00a0 spodn\u00e9 tri\u010dko, dres, rukavice, vy\u0161\u0161ie pono\u017eky a tretry s\u00fa z\u00e1kladn\u00e1 v\u00fdbava.<\/span><\/p>\n<p><span style=\"font-weight: 400;\">V pr\u00edpade chladnej\u0161ieho po\u010dasia beriem n\u00e1vleky, vestu, alebo bundu <\/span><span style=\"font-weight: 400;\">\u201e<\/span><span style=\"font-weight: 400;\">neprefu\u010dku\u201d, dobr\u00fd pomocn\u00edk je aj multifunk\u010dn\u00e1 \u0161atka, \u010di u\u017e na krk, na ruku proti potu, alebo pod prilbu na u\u0161i.\u00a0 Okrem oble\u010denia nos\u00edm v\u017edy aj okuliare so spr\u00e1vnym sklom. \u010c\u00edre na ochranu zraku pred blatom a pri hor\u0161ej vidite\u013enosti, zrkadlov\u00e9 pri silnom slnku.<\/span><\/p>\n<p><img loading=\"lazy\" decoding=\"async\" class=\"alignnone size-full wp-image-19204\" src=\"https:\/\/d2p6e6u75xmxt8.cloudfront.net\/4\/2024\/06\/04.webp\" alt=\"\" width=\"990\" height=\"660\" srcset=\"https:\/\/d2p6e6u75xmxt8.cloudfront.net\/4\/2024\/06\/04.webp 990w, https:\/\/d2p6e6u75xmxt8.cloudfront.net\/4\/2024\/06\/04-300x200.webp 300w, https:\/\/d2p6e6u75xmxt8.cloudfront.net\/4\/2024\/06\/04-768x512.webp 768w, https:\/\/d2p6e6u75xmxt8.cloudfront.net\/4\/2024\/06\/04-400x267.webp 400w, https:\/\/d2p6e6u75xmxt8.cloudfront.net\/4\/2024\/06\/04-272x182.webp 272w\" sizes=\"auto, (max-width: 990px) 100vw, 990px\" \/><\/p>\n<h2><strong>To najd\u00f4le\u017eitej\u0161ie &#8211; bezpe\u010dnos\u0165 na prvom mieste!<\/strong><\/h2>\n<p><span style=\"font-weight: 400;\"><strong>Prilba nesmie ch\u00fdba\u0165, bez nej \u0165a na tra\u0165 ani nepustia.<\/strong> Do f\u013ea\u0161ky nalejem iontov\u00fd n\u00e1poj, do vrecka beriem mal\u00fd snack. Jednozna\u010dne tak\u00fd, ktor\u00fd u\u017e m\u00e1m odsk\u00fa\u0161an\u00fd, \u017eiadne novinky na trati, ban\u00e1n a energy g\u00e9l.\u00a0<\/span><\/p>\n<p><span style=\"font-weight: 400;\">Z n\u00e1radia multik\u013e\u00fa\u010d na drobn\u00e9 opravy, pumpa, du\u0161a, montp\u00e1ky na pr\u00edpadne defekty, r\u00fdchlo s\u0165ahovacie p\u00e1sky a tro\u0161ku namotanej p\u00e1sky na riad\u00edtkach na nepl\u00e1novan\u00e9\u00a0 opravy.<\/span><\/p>\n<p><em><span style=\"font-weight: 400;\">Mal\u00fd tip &#8211; ty\u010dinku, energy g\u00e9l, magn\u00e9zium alebo ban\u00e1n si \u010dastokr\u00e1t uchyt\u00edm priamo na r\u00e1m bicykla prackou so such\u00fdm zipsom.\u00a0<\/span><\/em><\/p>\n<p><img loading=\"lazy\" decoding=\"async\" class=\"alignnone size-full wp-image-19203\" src=\"https:\/\/d2p6e6u75xmxt8.cloudfront.net\/4\/2024\/06\/05.webp\" alt=\"\" width=\"990\" height=\"660\" srcset=\"https:\/\/d2p6e6u75xmxt8.cloudfront.net\/4\/2024\/06\/05.webp 990w, https:\/\/d2p6e6u75xmxt8.cloudfront.net\/4\/2024\/06\/05-300x200.webp 300w, https:\/\/d2p6e6u75xmxt8.cloudfront.net\/4\/2024\/06\/05-768x512.webp 768w, https:\/\/d2p6e6u75xmxt8.cloudfront.net\/4\/2024\/06\/05-400x267.webp 400w, https:\/\/d2p6e6u75xmxt8.cloudfront.net\/4\/2024\/06\/05-272x182.webp 272w\" sizes=\"auto, (max-width: 990px) 100vw, 990px\" \/><\/p>\n<p><span style=\"font-weight: 400;\">Ak nechce\u0161, aby \u0165a na trati prekvapili st\u00fapania, \u010di umiestnenie ob\u010derstvova\u010diek, m\u00f4\u017ee\u0161 si vzia\u0165 cyklopo\u010d\u00edta\u010d s \u00fadajmi. Pr\u00edpadne si inform\u00e1cie o kilometroch nalep priamo na riad\u00edtka.\u00a0<\/span><span style=\"font-weight: 400;\"><br \/>\n<\/span><\/p>\n<h2><strong>Zodpovedn\u00e1 pr\u00edprava<br \/>\n<\/strong><\/h2>\n<p><span style=\"font-weight: 400;\">V pr\u00edpade, \u017ee si zodpovedn\u00fd bajker\/bajkerka, berie\u0161 aj mal\u00fa lek\u00e1rni\u010dku (dezinfekcia, n\u00e1plas\u0165, obv\u00e4z, magn\u00e9ziov\u00e9 tabletky mi zatia\u013e v\u017edy sta\u010dili, no odpor\u00fa\u010da sa aj trojc\u00edpa \u0161atka a termof\u00f3lia), ale<strong> na podujatiach ako je s\u00e9ria \u0160koda Bike Open Tour s\u00fa zdravotn\u00edci na trati na viacer\u00fdch miestach<\/strong> a v pr\u00edpade potreby je mo\u017en\u00e9 kontaktova\u0165 z\u00e1chran\u00e1rov &#8211; \u010d\u00edslo n\u00e1jde\u0161 na \u0161tartovnom \u010d\u00edsle. Preto si vezmi aj nabit\u00fd telef\u00f3n a m\u00f4\u017ee\u0161 ho vyu\u017ei\u0165 aj na pr\u00edpadn\u00e9 fotky. \ud83d\ude42 <\/span><span style=\"font-weight: 400;\"><br \/>\n<\/span><\/p>\n<p><span style=\"font-weight: 400;\">Nem\u00e1m rada stres pred pretekmi, a preto sa ho sna\u017e\u00edm eliminova\u0165 na minimum. <strong>Pokia\u013e sa d\u00e1, prich\u00e1dzam de\u0148 vopred. <\/strong>Omrknem miesto, kde sa nach\u00e1dza \u0161tart, kde s\u00fa wc-ka, bufet, wapky na bajky, vybav\u00edm si registr\u00e1ciu, nech sa vyhnem tla\u010denici v de\u0148 podujatia. <\/span><\/p>\n<p><span style=\"font-weight: 400;\">\u010co b\u00fdva najv\u00e4\u010d\u0161\u00ed probl\u00e9m pri v\u0161etk\u00fdch pretekoch je samozrejme parkovanie. V\u00e4\u010d\u0161ina je mimo miesta bydliska, tak\u017ee<strong> m\u00f4j tip je pozrie\u0165 si miesto vopred a n\u00e1js\u0165 si nie\u010do v pri\u013eahl\u00fdch uli\u010dk\u00e1ch.<\/strong> Hlavn\u00e9 parkovacie z\u00f3ny bl\u00edzko \u0161tartu b\u00fdvaj\u00fa \u010dastokr\u00e1t r\u00fdchlo obsaden\u00e9 a mne sa nechce r\u00e1no h\u013eada\u0165 vo\u013en\u00e9 miesta. M\u00e1m rada komfort, tak, \u017ee m\u00e1m veci na prezle\u010denie a servis v aute, bl\u00edzko \u0161tartu\/cie\u013ea.<\/span><\/p>\n<p><span style=\"font-weight: 400;\">Mil\u00fd bajker\/bajkerka, ver\u00edm, \u017ee sa vid\u00edme na niektorom z \u010fal\u0161\u00edch k\u00f4l \u0160koda Bike Open Tour, napr\u00edklad u\u017e<strong> t\u00fato sobotu (8. 6. 2024) na marat\u00f3ne <\/strong><\/span><strong><a href=\"https:\/\/www.welovecycling.com\/sk\/2024\/05\/04\/pozvanka-skoda-slovensky-raj-namiesto-turistiky-mtb-maraton\/\" target=\"_blank\" rel=\"noopener\">\u0160koda Slovensk\u00fd raj<\/a>!<\/strong><span style=\"font-weight: 400;\"><br \/>\n<\/span><\/p>\n","protected":false},"excerpt":{"rendered":"<p>Vyhn\u00fa\u0165 sa stresu, pr\u00eds\u0165 na\u010das a naplno sa s\u00fastredi\u0165 na preteky &#8211; to znamen\u00e1 svedomit\u00fa pr\u00edpravu a zop\u00e1r r\u00e1d, na [&hellip;]<\/p>\n","protected":false},"author":172,"featured_media":19202,"comment_status":"open","ping_status":"open","sticky":false,"template":"","format":"standard","meta":{"footnotes":""},"categories":[191],"tags":[62,180,178,412,285,179,190,35,784,1540,1072,1196],"global-categories":[1074],"class_list":["post-19201","post","type-post","status-publish","format-standard","has-post-thumbnail","hentry","category-odporucame","tag-bezpecnost","tag-horska-cyklistika","tag-maraton","tag-mtb","tag-oblecenie","tag-preteky","tag-priprava","tag-sbot","tag-stres","tag-tip","tag-trat","tag-vybava","global-categories-cycling"],"yoast_head":"<!-- This site is optimized with the Yoast SEO Premium plugin v25.3 (Yoast SEO v25.9) - https:\/\/yoast.com\/wordpress\/plugins\/seo\/ -->\n<title>\u010co si so sebou vzia\u0165 na prv\u00fd MTB marat\u00f3n? - \u0160koda We Love Cycling Slovensko<\/title>\n<meta name=\"description\" content=\"Vyhn\u00fa\u0165 sa stresu, pr\u00eds\u0165 na\u010das a naplno sa s\u00fastredi\u0165 na preteky. To znamen\u00e1 svedomit\u00fa pr\u00edpravu a p\u00e1r r\u00e1d od sk\u00fasenej\u0161\u00edch pretek\u00e1rov.\" \/>\n<meta name=\"robots\" content=\"index, follow, max-snippet:-1, max-image-preview:large, max-video-preview:-1\" \/>\n<link rel=\"canonical\" href=\"https:\/\/www.welovecycling.com\/sk\/2024\/06\/05\/co-si-so-sebou-vziat-na-prvy-mtb-maraton\/\" \/>\n<meta property=\"og:locale\" content=\"sk_SK\" \/>\n<meta property=\"og:type\" content=\"article\" \/>\n<meta property=\"og:title\" content=\"\u010co si so sebou vzia\u0165 na prv\u00fd MTB marat\u00f3n?\" \/>\n<meta property=\"og:description\" content=\"Vyhn\u00fa\u0165 sa stresu, pr\u00eds\u0165 na\u010das a naplno sa s\u00fastredi\u0165 na preteky. To znamen\u00e1 svedomit\u00fa pr\u00edpravu a p\u00e1r r\u00e1d od sk\u00fasenej\u0161\u00edch pretek\u00e1rov.\" \/>\n<meta property=\"og:url\" content=\"https:\/\/www.welovecycling.com\/sk\/2024\/06\/05\/co-si-so-sebou-vziat-na-prvy-mtb-maraton\/\" \/>\n<meta property=\"og:site_name\" content=\"\u0160koda We Love Cycling Slovensko\" \/>\n<meta property=\"article:published_time\" content=\"2024-06-05T12:46:43+00:00\" \/>\n<meta property=\"og:image\" content=\"https:\/\/d2p6e6u75xmxt8.cloudfront.net\/4\/2024\/06\/01.webp\" \/>\n\t<meta property=\"og:image:width\" content=\"990\" \/>\n\t<meta property=\"og:image:height\" content=\"660\" \/>\n\t<meta property=\"og:image:type\" content=\"image\/webp\" \/>\n<meta name=\"author\" content=\"dominika\" \/>\n<meta name=\"twitter:card\" content=\"summary_large_image\" \/>\n<meta name=\"twitter:label1\" content=\"Written by\" \/>\n\t<meta name=\"twitter:data1\" content=\"Nina Mikl\u00edkov\u00e1\/Bajkerky\" \/>\n\t<meta name=\"twitter:label2\" content=\"Est. reading time\" \/>\n\t<meta name=\"twitter:data2\" content=\"3\" \/>\n<script type=\"application\/ld+json\" class=\"yoast-schema-graph\">{\"@context\":\"https:\/\/schema.org\",\"@graph\":[{\"@type\":\"WebPage\",\"@id\":\"https:\/\/www.welovecycling.com\/sk\/2024\/06\/05\/co-si-so-sebou-vziat-na-prvy-mtb-maraton\/\",\"url\":\"https:\/\/www.welovecycling.com\/sk\/2024\/06\/05\/co-si-so-sebou-vziat-na-prvy-mtb-maraton\/\",\"name\":\"\u010co si so sebou vzia\u0165 na prv\u00fd MTB marat\u00f3n? - \u0160koda We Love Cycling Slovensko\",\"isPartOf\":{\"@id\":\"https:\/\/www.welovecycling.com\/sk\/#website\"},\"primaryImageOfPage\":{\"@id\":\"https:\/\/www.welovecycling.com\/sk\/2024\/06\/05\/co-si-so-sebou-vziat-na-prvy-mtb-maraton\/#primaryimage\"},\"image\":{\"@id\":\"https:\/\/www.welovecycling.com\/sk\/2024\/06\/05\/co-si-so-sebou-vziat-na-prvy-mtb-maraton\/#primaryimage\"},\"thumbnailUrl\":\"https:\/\/d2p6e6u75xmxt8.cloudfront.net\/4\/2024\/06\/01.webp\",\"datePublished\":\"2024-06-05T12:46:43+00:00\",\"author\":{\"@id\":\"https:\/\/www.welovecycling.com\/sk\/#\/schema\/person\/533b62b98b6c41bd5135ebfb1f742624\"},\"description\":\"Vyhn\u00fa\u0165 sa stresu, pr\u00eds\u0165 na\u010das a naplno sa s\u00fastredi\u0165 na preteky. To znamen\u00e1 svedomit\u00fa pr\u00edpravu a p\u00e1r r\u00e1d od sk\u00fasenej\u0161\u00edch pretek\u00e1rov.\",\"breadcrumb\":{\"@id\":\"https:\/\/www.welovecycling.com\/sk\/2024\/06\/05\/co-si-so-sebou-vziat-na-prvy-mtb-maraton\/#breadcrumb\"},\"inLanguage\":\"sk-SK\",\"potentialAction\":[{\"@type\":\"ReadAction\",\"target\":[\"https:\/\/www.welovecycling.com\/sk\/2024\/06\/05\/co-si-so-sebou-vziat-na-prvy-mtb-maraton\/\"]}]},{\"@type\":\"ImageObject\",\"inLanguage\":\"sk-SK\",\"@id\":\"https:\/\/www.welovecycling.com\/sk\/2024\/06\/05\/co-si-so-sebou-vziat-na-prvy-mtb-maraton\/#primaryimage\",\"url\":\"https:\/\/d2p6e6u75xmxt8.cloudfront.net\/4\/2024\/06\/01.webp\",\"contentUrl\":\"https:\/\/d2p6e6u75xmxt8.cloudfront.net\/4\/2024\/06\/01.webp\",\"width\":990,\"height\":660},{\"@type\":\"BreadcrumbList\",\"@id\":\"https:\/\/www.welovecycling.com\/sk\/2024\/06\/05\/co-si-so-sebou-vziat-na-prvy-mtb-maraton\/#breadcrumb\",\"itemListElement\":[{\"@type\":\"ListItem\",\"position\":1,\"name\":\"Home\",\"item\":\"https:\/\/www.welovecycling.com\/sk\/\"},{\"@type\":\"ListItem\",\"position\":2,\"name\":\"\u010co si so sebou vzia\u0165 na prv\u00fd MTB marat\u00f3n?\"}]},{\"@type\":\"WebSite\",\"@id\":\"https:\/\/www.welovecycling.com\/sk\/#website\",\"url\":\"https:\/\/www.welovecycling.com\/sk\/\",\"name\":\"\u0160koda We Love Cycling Slovensko\",\"description\":\"\u0160koda We Love Cycling Slovensko je v\u00e1\u0161 ka\u017edodenn\u00fd zdroj noviniek a in\u0161pir\u00e1cie z sveta cyklistiky\",\"potentialAction\":[{\"@type\":\"SearchAction\",\"target\":{\"@type\":\"EntryPoint\",\"urlTemplate\":\"https:\/\/www.welovecycling.com\/sk\/?s={search_term_string}\"},\"query-input\":{\"@type\":\"PropertyValueSpecification\",\"valueRequired\":true,\"valueName\":\"search_term_string\"}}],\"inLanguage\":\"sk-SK\"},{\"@type\":\"Person\",\"@id\":\"https:\/\/www.welovecycling.com\/sk\/#\/schema\/person\/533b62b98b6c41bd5135ebfb1f742624\",\"name\":\"dominika\",\"image\":{\"@type\":\"ImageObject\",\"inLanguage\":\"sk-SK\",\"@id\":\"https:\/\/www.welovecycling.com\/sk\/#\/schema\/person\/image\/\",\"url\":\"https:\/\/secure.gravatar.com\/avatar\/ded6f274ba2ec3e17fff153f7d9d96a4b33c2cb63907f75d9a5309c599a7f3e6?s=96&d=mm&r=g\",\"contentUrl\":\"https:\/\/secure.gravatar.com\/avatar\/ded6f274ba2ec3e17fff153f7d9d96a4b33c2cb63907f75d9a5309c599a7f3e6?s=96&d=mm&r=g\",\"caption\":\"dominika\"},\"url\":\"https:\/\/www.welovecycling.com\/sk\/author\/dominika\/\"}]}<\/script>\n<!-- \/ Yoast SEO Premium plugin. -->","yoast_head_json":{"title":"\u010co si so sebou vzia\u0165 na prv\u00fd MTB marat\u00f3n? - \u0160koda We Love Cycling Slovensko","description":"Vyhn\u00fa\u0165 sa stresu, pr\u00eds\u0165 na\u010das a naplno sa s\u00fastredi\u0165 na preteky. To znamen\u00e1 svedomit\u00fa pr\u00edpravu a p\u00e1r r\u00e1d od sk\u00fasenej\u0161\u00edch pretek\u00e1rov.","robots":{"index":"index","follow":"follow","max-snippet":"max-snippet:-1","max-image-preview":"max-image-preview:large","max-video-preview":"max-video-preview:-1"},"canonical":"https:\/\/www.welovecycling.com\/sk\/2024\/06\/05\/co-si-so-sebou-vziat-na-prvy-mtb-maraton\/","og_locale":"sk_SK","og_type":"article","og_title":"\u010co si so sebou vzia\u0165 na prv\u00fd MTB marat\u00f3n?","og_description":"Vyhn\u00fa\u0165 sa stresu, pr\u00eds\u0165 na\u010das a naplno sa s\u00fastredi\u0165 na preteky. To znamen\u00e1 svedomit\u00fa pr\u00edpravu a p\u00e1r r\u00e1d od sk\u00fasenej\u0161\u00edch pretek\u00e1rov.","og_url":"https:\/\/www.welovecycling.com\/sk\/2024\/06\/05\/co-si-so-sebou-vziat-na-prvy-mtb-maraton\/","og_site_name":"\u0160koda We Love Cycling Slovensko","article_published_time":"2024-06-05T12:46:43+00:00","og_image":[{"width":990,"height":660,"url":"https:\/\/d2p6e6u75xmxt8.cloudfront.net\/4\/2024\/06\/01.webp","type":"image\/webp"}],"author":"dominika","twitter_card":"summary_large_image","twitter_misc":{"Written by":"Nina Mikl\u00edkov\u00e1\/Bajkerky","Est. reading time":"3"},"schema":{"@context":"https:\/\/schema.org","@graph":[{"@type":"WebPage","@id":"https:\/\/www.welovecycling.com\/sk\/2024\/06\/05\/co-si-so-sebou-vziat-na-prvy-mtb-maraton\/","url":"https:\/\/www.welovecycling.com\/sk\/2024\/06\/05\/co-si-so-sebou-vziat-na-prvy-mtb-maraton\/","name":"\u010co si so sebou vzia\u0165 na prv\u00fd MTB marat\u00f3n? - \u0160koda We Love Cycling Slovensko","isPartOf":{"@id":"https:\/\/www.welovecycling.com\/sk\/#website"},"primaryImageOfPage":{"@id":"https:\/\/www.welovecycling.com\/sk\/2024\/06\/05\/co-si-so-sebou-vziat-na-prvy-mtb-maraton\/#primaryimage"},"image":{"@id":"https:\/\/www.welovecycling.com\/sk\/2024\/06\/05\/co-si-so-sebou-vziat-na-prvy-mtb-maraton\/#primaryimage"},"thumbnailUrl":"https:\/\/d2p6e6u75xmxt8.cloudfront.net\/4\/2024\/06\/01.webp","datePublished":"2024-06-05T12:46:43+00:00","author":{"@id":"https:\/\/www.welovecycling.com\/sk\/#\/schema\/person\/533b62b98b6c41bd5135ebfb1f742624"},"description":"Vyhn\u00fa\u0165 sa stresu, pr\u00eds\u0165 na\u010das a naplno sa s\u00fastredi\u0165 na preteky. To znamen\u00e1 svedomit\u00fa pr\u00edpravu a p\u00e1r r\u00e1d od sk\u00fasenej\u0161\u00edch pretek\u00e1rov.","breadcrumb":{"@id":"https:\/\/www.welovecycling.com\/sk\/2024\/06\/05\/co-si-so-sebou-vziat-na-prvy-mtb-maraton\/#breadcrumb"},"inLanguage":"sk-SK","potentialAction":[{"@type":"ReadAction","target":["https:\/\/www.welovecycling.com\/sk\/2024\/06\/05\/co-si-so-sebou-vziat-na-prvy-mtb-maraton\/"]}]},{"@type":"ImageObject","inLanguage":"sk-SK","@id":"https:\/\/www.welovecycling.com\/sk\/2024\/06\/05\/co-si-so-sebou-vziat-na-prvy-mtb-maraton\/#primaryimage","url":"https:\/\/d2p6e6u75xmxt8.cloudfront.net\/4\/2024\/06\/01.webp","contentUrl":"https:\/\/d2p6e6u75xmxt8.cloudfront.net\/4\/2024\/06\/01.webp","width":990,"height":660},{"@type":"BreadcrumbList","@id":"https:\/\/www.welovecycling.com\/sk\/2024\/06\/05\/co-si-so-sebou-vziat-na-prvy-mtb-maraton\/#breadcrumb","itemListElement":[{"@type":"ListItem","position":1,"name":"Home","item":"https:\/\/www.welovecycling.com\/sk\/"},{"@type":"ListItem","position":2,"name":"\u010co si so sebou vzia\u0165 na prv\u00fd MTB marat\u00f3n?"}]},{"@type":"WebSite","@id":"https:\/\/www.welovecycling.com\/sk\/#website","url":"https:\/\/www.welovecycling.com\/sk\/","name":"\u0160koda We Love Cycling Slovensko","description":"\u0160koda We Love Cycling Slovensko je v\u00e1\u0161 ka\u017edodenn\u00fd zdroj noviniek a in\u0161pir\u00e1cie z sveta cyklistiky","potentialAction":[{"@type":"SearchAction","target":{"@type":"EntryPoint","urlTemplate":"https:\/\/www.welovecycling.com\/sk\/?s={search_term_string}"},"query-input":{"@type":"PropertyValueSpecification","valueRequired":true,"valueName":"search_term_string"}}],"inLanguage":"sk-SK"},{"@type":"Person","@id":"https:\/\/www.welovecycling.com\/sk\/#\/schema\/person\/533b62b98b6c41bd5135ebfb1f742624","name":"dominika","image":{"@type":"ImageObject","inLanguage":"sk-SK","@id":"https:\/\/www.welovecycling.com\/sk\/#\/schema\/person\/image\/","url":"https:\/\/secure.gravatar.com\/avatar\/ded6f274ba2ec3e17fff153f7d9d96a4b33c2cb63907f75d9a5309c599a7f3e6?s=96&d=mm&r=g","contentUrl":"https:\/\/secure.gravatar.com\/avatar\/ded6f274ba2ec3e17fff153f7d9d96a4b33c2cb63907f75d9a5309c599a7f3e6?s=96&d=mm&r=g","caption":"dominika"},"url":"https:\/\/www.welovecycling.com\/sk\/author\/dominika\/"}]}},"_links":{"self":[{"href":"https:\/\/www.welovecycling.com\/sk\/wp-json\/wp\/v2\/posts\/19201","targetHints":{"allow":["GET"]}}],"collection":[{"href":"https:\/\/www.welovecycling.com\/sk\/wp-json\/wp\/v2\/posts"}],"about":[{"href":"https:\/\/www.welovecycling.com\/sk\/wp-json\/wp\/v2\/types\/post"}],"author":[{"embeddable":true,"href":"https:\/\/www.welovecycling.com\/sk\/wp-json\/wp\/v2\/users\/172"}],"replies":[{"embeddable":true,"href":"https:\/\/www.welovecycling.com\/sk\/wp-json\/wp\/v2\/comments?post=19201"}],"version-history":[{"count":6,"href":"https:\/\/www.welovecycling.com\/sk\/wp-json\/wp\/v2\/posts\/19201\/revisions"}],"predecessor-version":[{"id":19210,"href":"https:\/\/www.welovecycling.com\/sk\/wp-json\/wp\/v2\/posts\/19201\/revisions\/19210"}],"wp:featuredmedia":[{"embeddable":true,"href":"https:\/\/www.welovecycling.com\/sk\/wp-json\/wp\/v2\/media\/19202"}],"wp:attachment":[{"href":"https:\/\/www.welovecycling.com\/sk\/wp-json\/wp\/v2\/media?parent=19201"}],"wp:term":[{"taxonomy":"category","embeddable":true,"href":"https:\/\/www.welovecycling.com\/sk\/wp-json\/wp\/v2\/categories?post=19201"},{"taxonomy":"post_tag","embeddable":true,"href":"https:\/\/www.welovecycling.com\/sk\/wp-json\/wp\/v2\/tags?post=19201"},{"taxonomy":"global-categories","embeddable":true,"href":"https:\/\/www.welovecycling.com\/sk\/wp-json\/wp\/v2\/global-categories?post=19201"}],"curies":[{"name":"wp","href":"https:\/\/api.w.org\/{rel}","templated":true}]}}