{"id":19179,"date":"2024-06-03T15:24:18","date_gmt":"2024-06-03T13:24:18","guid":{"rendered":"https:\/\/www.welovecycling.com\/sk\/?p=19179"},"modified":"2024-06-03T15:37:54","modified_gmt":"2024-06-03T13:37:54","slug":"tip-na-vylet-bicyklom-v-slovenskom-raji-v-blizkosti-roklin","status":"publish","type":"post","link":"https:\/\/www.welovecycling.com\/sk\/2024\/06\/03\/tip-na-vylet-bicyklom-v-slovenskom-raji-v-blizkosti-roklin\/","title":{"rendered":"Tip na v\u00fdlet: Bicyklom v Slovenskom raji v bl\u00edzkosti rokl\u00edn"},"content":{"rendered":"<p><strong>Letn\u00e1 sez\u00f3na klope na dvere a nejeden cyklonad\u0161enec \u010di turista ur\u010dite zav\u00edta do n\u00e1rodn\u00e9ho parku Slovensk\u00fd raj. Hlavn\u00e9 turisticko-cyklistick\u00e9 z\u00e1zemie Podlesok ne\u010faleko obce Hrabu\u0161ice pon\u00faka \u0161irok\u00fa \u0161k\u00e1lu mo\u017enost\u00ed, odkia\u013e m\u00f4\u017eeme v letnej sez\u00f3ne realizova\u0165 z\u00e1\u017eitky od v\u00fdmyslu sveta. Po\u010fme sa teda pozrie\u0165 na tri nen\u00e1ro\u010dn\u00e9, ale zato kr\u00e1sne cyklotrasy, ktor\u00e9 z Podlesku v tejto \u010dasti n\u00e1rodn\u00e9ho parku m\u00f4\u017eeme nav\u0161t\u00edvi\u0165.<\/strong><!--more--><\/p>\n<div id='gallery-1' class='gallery galleryid-19179 gallery-columns-2 gallery-size-full'><figure class='gallery-item'>\n\t\t\t<div class='gallery-icon landscape'>\n\t\t\t\t<a href='https:\/\/d2p6e6u75xmxt8.cloudfront.net\/4\/2024\/06\/Foto-2.webp'><img loading=\"lazy\" decoding=\"async\" width=\"990\" height=\"660\" src=\"https:\/\/d2p6e6u75xmxt8.cloudfront.net\/4\/2024\/06\/Foto-2.webp\" class=\"attachment-full size-full\" alt=\"\" srcset=\"https:\/\/d2p6e6u75xmxt8.cloudfront.net\/4\/2024\/06\/Foto-2.webp 990w, https:\/\/d2p6e6u75xmxt8.cloudfront.net\/4\/2024\/06\/Foto-2-300x200.webp 300w, https:\/\/d2p6e6u75xmxt8.cloudfront.net\/4\/2024\/06\/Foto-2-768x512.webp 768w, https:\/\/d2p6e6u75xmxt8.cloudfront.net\/4\/2024\/06\/Foto-2-400x267.webp 400w, https:\/\/d2p6e6u75xmxt8.cloudfront.net\/4\/2024\/06\/Foto-2-272x182.webp 272w\" sizes=\"auto, (max-width: 990px) 100vw, 990px\" \/><\/a>\n\t\t\t<\/div><\/figure><figure class='gallery-item'>\n\t\t\t<div class='gallery-icon landscape'>\n\t\t\t\t<a href='https:\/\/d2p6e6u75xmxt8.cloudfront.net\/4\/2024\/06\/Foto-3.webp'><img loading=\"lazy\" decoding=\"async\" width=\"990\" height=\"660\" src=\"https:\/\/d2p6e6u75xmxt8.cloudfront.net\/4\/2024\/06\/Foto-3.webp\" class=\"attachment-full size-full\" alt=\"\" srcset=\"https:\/\/d2p6e6u75xmxt8.cloudfront.net\/4\/2024\/06\/Foto-3.webp 990w, https:\/\/d2p6e6u75xmxt8.cloudfront.net\/4\/2024\/06\/Foto-3-300x200.webp 300w, https:\/\/d2p6e6u75xmxt8.cloudfront.net\/4\/2024\/06\/Foto-3-768x512.webp 768w, https:\/\/d2p6e6u75xmxt8.cloudfront.net\/4\/2024\/06\/Foto-3-400x267.webp 400w, https:\/\/d2p6e6u75xmxt8.cloudfront.net\/4\/2024\/06\/Foto-3-272x182.webp 272w\" sizes=\"auto, (max-width: 990px) 100vw, 990px\" \/><\/a>\n\t\t\t<\/div><\/figure>\n\t\t<\/div>\n\n<h2><b>Kl\u00e1\u0161torisko<\/b><\/h2>\n<p><span style=\"font-weight: 400;\">Vyr\u00e1\u017eame priamo z turistick\u00e9ho strediska Podlesok, v ktorom sa nach\u00e1dza kompletne vybaven\u00e1 infra\u0161trukt\u00fara s parkovan\u00edm a stravovan\u00edm. Tu sa ka\u017edoro\u010dne kon\u00e1 moja ob\u013e\u00faben\u00e1 st\u00e1lica marat\u00f3nov \u2013 <\/span><a href=\"https:\/\/www.welovecycling.com\/sk\/2024\/05\/04\/pozvanka-skoda-slovensky-raj-namiesto-turistiky-mtb-maraton\/\" target=\"_blank\" rel=\"noopener\"><span style=\"font-weight: 400;\">\u0160koda Slovensk\u00fd raj<\/span><\/a><span style=\"font-weight: 400;\"> zo s\u00e9rie \u0160koda Bike Open Tour. <\/span><b>Asfaltov\u00e1 cesta pri ve\u013ekom drevenom sude sa po vstupe do lesa men\u00ed na \u0161otolinov\u00fa cestu, v teraj\u0161ej dobe vysypan\u00fa tvrd\u00fdm podkladom<\/b><span style=\"font-weight: 400;\"> ako na dia\u013enici. Turistick\u00fd vstup do rokliny Such\u00e1 Bel\u00e1 je iba p\u00e1r metrov od n\u00e1\u0161ho za\u010diato\u010dn\u00e9ho st\u00fapania v lese. <\/span><\/p>\n<p><b>Prv\u00e9 metre v sedle rozohrej\u00fa stuhnut\u00e9 nohy<\/b><span style=\"font-weight: 400;\">, av\u0161ak nie nadlho. Cyklotrasa na Kl\u00e1\u0161torisko je hrav\u00e1, cesta sa pod kolesami st\u00e1le k\u013eukat\u00ed a nie s\u00fa to \u017eiadne nudn\u00e9 rovinky. <\/span>Po chv\u00ed\u013eke st\u00fapania pr\u00eddeme na prv\u00e9 r\u00e1zcestie<span style=\"font-weight: 400;\">, ktor\u00fdm pokra\u010dujeme do\u013eava.<\/span><\/p>\n<div id='gallery-2' class='gallery galleryid-19179 gallery-columns-2 gallery-size-full'><figure class='gallery-item'>\n\t\t\t<div class='gallery-icon landscape'>\n\t\t\t\t<a href='https:\/\/d2p6e6u75xmxt8.cloudfront.net\/4\/2024\/06\/Foto-4.webp'><img loading=\"lazy\" decoding=\"async\" width=\"990\" height=\"660\" src=\"https:\/\/d2p6e6u75xmxt8.cloudfront.net\/4\/2024\/06\/Foto-4.webp\" class=\"attachment-full size-full\" alt=\"\" srcset=\"https:\/\/d2p6e6u75xmxt8.cloudfront.net\/4\/2024\/06\/Foto-4.webp 990w, https:\/\/d2p6e6u75xmxt8.cloudfront.net\/4\/2024\/06\/Foto-4-300x200.webp 300w, https:\/\/d2p6e6u75xmxt8.cloudfront.net\/4\/2024\/06\/Foto-4-768x512.webp 768w, https:\/\/d2p6e6u75xmxt8.cloudfront.net\/4\/2024\/06\/Foto-4-400x267.webp 400w, https:\/\/d2p6e6u75xmxt8.cloudfront.net\/4\/2024\/06\/Foto-4-272x182.webp 272w\" sizes=\"auto, (max-width: 990px) 100vw, 990px\" \/><\/a>\n\t\t\t<\/div><\/figure><figure class='gallery-item'>\n\t\t\t<div class='gallery-icon landscape'>\n\t\t\t\t<a href='https:\/\/d2p6e6u75xmxt8.cloudfront.net\/4\/2024\/06\/Foto-5.webp'><img loading=\"lazy\" decoding=\"async\" width=\"990\" height=\"660\" src=\"https:\/\/d2p6e6u75xmxt8.cloudfront.net\/4\/2024\/06\/Foto-5.webp\" class=\"attachment-full size-full\" alt=\"\" srcset=\"https:\/\/d2p6e6u75xmxt8.cloudfront.net\/4\/2024\/06\/Foto-5.webp 990w, https:\/\/d2p6e6u75xmxt8.cloudfront.net\/4\/2024\/06\/Foto-5-300x200.webp 300w, https:\/\/d2p6e6u75xmxt8.cloudfront.net\/4\/2024\/06\/Foto-5-768x512.webp 768w, https:\/\/d2p6e6u75xmxt8.cloudfront.net\/4\/2024\/06\/Foto-5-400x267.webp 400w, https:\/\/d2p6e6u75xmxt8.cloudfront.net\/4\/2024\/06\/Foto-5-272x182.webp 272w\" sizes=\"auto, (max-width: 990px) 100vw, 990px\" \/><\/a>\n\t\t\t<\/div><\/figure>\n\t\t<\/div>\n\n<p><span style=\"font-weight: 400;\">Tu sa povrch takmer vyrovn\u00e1, \u0161irok\u00e1 lesn\u00e1 cyklotrasa po asi 6 km vyvrchol\u00ed pr\u00edchodom na pekn\u00fa planinu a ob\u013e\u00faben\u00e9 turistick\u00e9 stanovi\u0161te a z\u00e1rove\u0148 aj na <\/span>kri\u017eovatku r\u00f4znych turistick\u00fdch tr\u00e1s<span style=\"font-weight: 400;\">. Na Kl\u00e1\u0161torisku sa nach\u00e1dzaj\u00fa zrekon\u0161truovan\u00e9 ruiny kartuzi\u00e1nskeho kl\u00e1\u0161tora z prelomu 13. a 14. storo\u010dia. Tie\u017e je tu bufet, kde si budeme m\u00f4c\u0165 odd\u00fdchnu\u0165. <\/span><b>V\u00fdh\u013eady na Tatry nesm\u00fa ch\u00fdba\u0165 ani v tejto \u010dasti Slovensk\u00e9ho raja<\/b><span style=\"font-weight: 400;\">.<\/span><\/p>\n<div id='gallery-3' class='gallery galleryid-19179 gallery-columns-2 gallery-size-full'><figure class='gallery-item'>\n\t\t\t<div class='gallery-icon landscape'>\n\t\t\t\t<a href='https:\/\/d2p6e6u75xmxt8.cloudfront.net\/4\/2024\/06\/Foto-6.webp'><img loading=\"lazy\" decoding=\"async\" width=\"990\" height=\"660\" src=\"https:\/\/d2p6e6u75xmxt8.cloudfront.net\/4\/2024\/06\/Foto-6.webp\" class=\"attachment-full size-full\" alt=\"\" srcset=\"https:\/\/d2p6e6u75xmxt8.cloudfront.net\/4\/2024\/06\/Foto-6.webp 990w, https:\/\/d2p6e6u75xmxt8.cloudfront.net\/4\/2024\/06\/Foto-6-300x200.webp 300w, https:\/\/d2p6e6u75xmxt8.cloudfront.net\/4\/2024\/06\/Foto-6-768x512.webp 768w, https:\/\/d2p6e6u75xmxt8.cloudfront.net\/4\/2024\/06\/Foto-6-400x267.webp 400w, https:\/\/d2p6e6u75xmxt8.cloudfront.net\/4\/2024\/06\/Foto-6-272x182.webp 272w\" sizes=\"auto, (max-width: 990px) 100vw, 990px\" \/><\/a>\n\t\t\t<\/div><\/figure><figure class='gallery-item'>\n\t\t\t<div class='gallery-icon landscape'>\n\t\t\t\t<a href='https:\/\/d2p6e6u75xmxt8.cloudfront.net\/4\/2024\/06\/Foto-7.webp'><img loading=\"lazy\" decoding=\"async\" width=\"990\" height=\"660\" src=\"https:\/\/d2p6e6u75xmxt8.cloudfront.net\/4\/2024\/06\/Foto-7.webp\" class=\"attachment-full size-full\" alt=\"\" srcset=\"https:\/\/d2p6e6u75xmxt8.cloudfront.net\/4\/2024\/06\/Foto-7.webp 990w, https:\/\/d2p6e6u75xmxt8.cloudfront.net\/4\/2024\/06\/Foto-7-300x200.webp 300w, https:\/\/d2p6e6u75xmxt8.cloudfront.net\/4\/2024\/06\/Foto-7-768x512.webp 768w, https:\/\/d2p6e6u75xmxt8.cloudfront.net\/4\/2024\/06\/Foto-7-400x267.webp 400w, https:\/\/d2p6e6u75xmxt8.cloudfront.net\/4\/2024\/06\/Foto-7-272x182.webp 272w\" sizes=\"auto, (max-width: 990px) 100vw, 990px\" \/><\/a>\n\t\t\t<\/div><\/figure>\n\t\t<\/div>\n\n<h2><b>Tom\u00e1\u0161ovsk\u00fd v\u00fdh\u013ead \u2013 dostupn\u00fd aj na bicykli<\/b><\/h2>\n<p><span style=\"font-weight: 400;\">Z Podlesku sa bicyklom presunieme do obce Hrabu\u0161ice smerom na Spi\u0161sk\u00fa Nov\u00fa Ves. A\u017e na samotn\u00fd koniec Hrabu\u0161\u00edc, kde odbo\u010d\u00edme vpravo na novovybudovan\u00fd cyklochodn\u00edk, ved\u00faci cez polia a\u017e do prvej obce Spi\u0161sk\u00e9 Tom\u00e1\u0161ovce. Obec je vstupnou br\u00e1nou na Tom\u00e1\u0161ovsk\u00fd v\u00fdh\u013ead.<\/span><\/p>\n<p><img loading=\"lazy\" decoding=\"async\" class=\"alignnone size-full wp-image-19187\" src=\"https:\/\/d2p6e6u75xmxt8.cloudfront.net\/4\/2024\/06\/Foto-8.webp\" alt=\"\" width=\"990\" height=\"660\" srcset=\"https:\/\/d2p6e6u75xmxt8.cloudfront.net\/4\/2024\/06\/Foto-8.webp 990w, https:\/\/d2p6e6u75xmxt8.cloudfront.net\/4\/2024\/06\/Foto-8-300x200.webp 300w, https:\/\/d2p6e6u75xmxt8.cloudfront.net\/4\/2024\/06\/Foto-8-768x512.webp 768w, https:\/\/d2p6e6u75xmxt8.cloudfront.net\/4\/2024\/06\/Foto-8-400x267.webp 400w, https:\/\/d2p6e6u75xmxt8.cloudfront.net\/4\/2024\/06\/Foto-8-272x182.webp 272w\" sizes=\"auto, (max-width: 990px) 100vw, 990px\" \/><\/p>\n<p><span style=\"font-weight: 400;\">Zvezieme sa uli\u010dkou dole k domom a u\u017e v protisvahu vid\u00edme po\u013en\u00fa cesti\u010dku, ktorou n\u00e1sledne kolmo vyst\u00fapame a\u017e na hranicu lesa. <\/span><b>Jej samotn\u00fd z\u00e1ver lemuj\u00fa stromy \u2013 v pr\u00edjemnom chl\u00e1dku to p\u00f4jde \u013eah\u0161ie<\/b><span style=\"font-weight: 400;\">. <\/span>Zdolan\u00edm naj\u0165a\u017e\u0161ieho \u00faseku, ktor\u00fd nie je a\u017e tak dlh\u00fd ( cca 1 km) je to potom u\u017e iba k\u00fasok lesom na Toma\u0161ovsk\u00fd v\u00fdh\u013ead<span style=\"font-weight: 400;\">.\u00a0<\/span><\/p>\n<div id='gallery-4' class='gallery galleryid-19179 gallery-columns-2 gallery-size-full'><figure class='gallery-item'>\n\t\t\t<div class='gallery-icon landscape'>\n\t\t\t\t<a href='https:\/\/d2p6e6u75xmxt8.cloudfront.net\/4\/2024\/06\/Foto-9.webp'><img loading=\"lazy\" decoding=\"async\" width=\"990\" height=\"660\" src=\"https:\/\/d2p6e6u75xmxt8.cloudfront.net\/4\/2024\/06\/Foto-9.webp\" class=\"attachment-full size-full\" alt=\"\" srcset=\"https:\/\/d2p6e6u75xmxt8.cloudfront.net\/4\/2024\/06\/Foto-9.webp 990w, https:\/\/d2p6e6u75xmxt8.cloudfront.net\/4\/2024\/06\/Foto-9-300x200.webp 300w, https:\/\/d2p6e6u75xmxt8.cloudfront.net\/4\/2024\/06\/Foto-9-768x512.webp 768w, https:\/\/d2p6e6u75xmxt8.cloudfront.net\/4\/2024\/06\/Foto-9-400x267.webp 400w, https:\/\/d2p6e6u75xmxt8.cloudfront.net\/4\/2024\/06\/Foto-9-272x182.webp 272w\" sizes=\"auto, (max-width: 990px) 100vw, 990px\" \/><\/a>\n\t\t\t<\/div><\/figure><figure class='gallery-item'>\n\t\t\t<div class='gallery-icon landscape'>\n\t\t\t\t<a href='https:\/\/d2p6e6u75xmxt8.cloudfront.net\/4\/2024\/06\/Foto-10.webp'><img loading=\"lazy\" decoding=\"async\" width=\"990\" height=\"660\" src=\"https:\/\/d2p6e6u75xmxt8.cloudfront.net\/4\/2024\/06\/Foto-10.webp\" class=\"attachment-full size-full\" alt=\"\" srcset=\"https:\/\/d2p6e6u75xmxt8.cloudfront.net\/4\/2024\/06\/Foto-10.webp 990w, https:\/\/d2p6e6u75xmxt8.cloudfront.net\/4\/2024\/06\/Foto-10-300x200.webp 300w, https:\/\/d2p6e6u75xmxt8.cloudfront.net\/4\/2024\/06\/Foto-10-768x512.webp 768w, https:\/\/d2p6e6u75xmxt8.cloudfront.net\/4\/2024\/06\/Foto-10-400x267.webp 400w, https:\/\/d2p6e6u75xmxt8.cloudfront.net\/4\/2024\/06\/Foto-10-272x182.webp 272w\" sizes=\"auto, (max-width: 990px) 100vw, 990px\" \/><\/a>\n\t\t\t<\/div><\/figure>\n\t\t<\/div>\n\n<p><span style=\"font-weight: 400;\">Najnav\u0161tevovanej\u0161ie turistick\u00e9 miesto v Slovenskom raji si ve\u013emi r\u00fdchlo ob\u013e\u00fabite. V\u00fdh\u013eady na okraji skaly z <\/span>nadmorskej v\u00fd\u0161ky 680 m n. m.<span style=\"font-weight: 400;\"> s\u00fa \u00fa\u017easn\u00e9, uvid\u00edte \u010faleko do dol\u00edn, aj na Tatry. Na zhruba 200 m vysokej skale, ktor\u00e1 je takmer kolm\u00e1, sa nach\u00e1dzaj\u00fa <\/span>mnoh\u00e9 lezeck\u00e9 trasy<span style=\"font-weight: 400;\"> a na plo\u0161ine dostatok miesta pre v\u0161etk\u00fdch.<\/span><b> Bicykle si odlo\u017e\u00edte v stojane na to ur\u010denom, k v\u00fdh\u013eadu sa u\u017e prejdete pe\u0161o<\/b><span style=\"font-weight: 400;\">.\u00a0<\/span><\/p>\n<div id='gallery-5' class='gallery galleryid-19179 gallery-columns-2 gallery-size-full'><figure class='gallery-item'>\n\t\t\t<div class='gallery-icon landscape'>\n\t\t\t\t<a href='https:\/\/d2p6e6u75xmxt8.cloudfront.net\/4\/2024\/06\/Foto-11.webp'><img loading=\"lazy\" decoding=\"async\" width=\"990\" height=\"660\" src=\"https:\/\/d2p6e6u75xmxt8.cloudfront.net\/4\/2024\/06\/Foto-11.webp\" class=\"attachment-full size-full\" alt=\"Bicyklom v Slovenskom raji v bl\u00edzkosti rokl\u00edn\" srcset=\"https:\/\/d2p6e6u75xmxt8.cloudfront.net\/4\/2024\/06\/Foto-11.webp 990w, https:\/\/d2p6e6u75xmxt8.cloudfront.net\/4\/2024\/06\/Foto-11-300x200.webp 300w, https:\/\/d2p6e6u75xmxt8.cloudfront.net\/4\/2024\/06\/Foto-11-768x512.webp 768w, https:\/\/d2p6e6u75xmxt8.cloudfront.net\/4\/2024\/06\/Foto-11-400x267.webp 400w, https:\/\/d2p6e6u75xmxt8.cloudfront.net\/4\/2024\/06\/Foto-11-272x182.webp 272w\" sizes=\"auto, (max-width: 990px) 100vw, 990px\" \/><\/a>\n\t\t\t<\/div><\/figure><figure class='gallery-item'>\n\t\t\t<div class='gallery-icon landscape'>\n\t\t\t\t<a href='https:\/\/d2p6e6u75xmxt8.cloudfront.net\/4\/2024\/06\/Foto-12.webp'><img loading=\"lazy\" decoding=\"async\" width=\"990\" height=\"660\" src=\"https:\/\/d2p6e6u75xmxt8.cloudfront.net\/4\/2024\/06\/Foto-12.webp\" class=\"attachment-full size-full\" alt=\"\" srcset=\"https:\/\/d2p6e6u75xmxt8.cloudfront.net\/4\/2024\/06\/Foto-12.webp 990w, https:\/\/d2p6e6u75xmxt8.cloudfront.net\/4\/2024\/06\/Foto-12-300x200.webp 300w, https:\/\/d2p6e6u75xmxt8.cloudfront.net\/4\/2024\/06\/Foto-12-768x512.webp 768w, https:\/\/d2p6e6u75xmxt8.cloudfront.net\/4\/2024\/06\/Foto-12-400x267.webp 400w, https:\/\/d2p6e6u75xmxt8.cloudfront.net\/4\/2024\/06\/Foto-12-272x182.webp 272w\" sizes=\"auto, (max-width: 990px) 100vw, 990px\" \/><\/a>\n\t\t\t<\/div><\/figure>\n\t\t<\/div>\n\n<p>Pri opatrnom nahliadnut\u00ed<span style=\"font-weight: 400;\"> dole uvid\u00edte predieraj\u00faci sa Prielom Horn\u00e1du, \u00fastie Bieleho potoka, \u010certovu siho\u0165 a jasky\u0148u v skalnej \u010dasti. <\/span><b>Ak je dobr\u00e1 vidite\u013enos\u0165, v\u00fdh\u013ead na Tatry je a\u017e po Kriv\u00e1\u0148.<\/b><\/p>\n<p><img loading=\"lazy\" decoding=\"async\" class=\"alignnone size-full wp-image-19192\" src=\"https:\/\/d2p6e6u75xmxt8.cloudfront.net\/4\/2024\/06\/Foto-13.webp\" alt=\"\" width=\"990\" height=\"660\" srcset=\"https:\/\/d2p6e6u75xmxt8.cloudfront.net\/4\/2024\/06\/Foto-13.webp 990w, https:\/\/d2p6e6u75xmxt8.cloudfront.net\/4\/2024\/06\/Foto-13-300x200.webp 300w, https:\/\/d2p6e6u75xmxt8.cloudfront.net\/4\/2024\/06\/Foto-13-768x512.webp 768w, https:\/\/d2p6e6u75xmxt8.cloudfront.net\/4\/2024\/06\/Foto-13-400x267.webp 400w, https:\/\/d2p6e6u75xmxt8.cloudfront.net\/4\/2024\/06\/Foto-13-272x182.webp 272w\" sizes=\"auto, (max-width: 990px) 100vw, 990px\" \/><\/p>\n<h2><b>Blajzloch \u2013 vodn\u00e1 n\u00e1dr\u017e<\/b><\/h2>\n<p><span style=\"font-weight: 400;\">Tretia, pre mnoh\u00fdch asi aj<\/span> bonusov\u00e1 trasa<span style=\"font-weight: 400;\"> ved\u00faca k m\u00e1lo zn\u00e1memu jazeru Blajzloch, sa za\u010d\u00edna op\u00e4\u0165 na Podlesku. <\/span><b>Cyklotrasa patr\u00ed medzi naj\u013eah\u0161ie, vhodn\u00e1 je aj pre cestn\u00e9 bicykle<\/b><span style=\"font-weight: 400;\">. S\u00edce tu nie je najhlad\u0161\u00ed asfalt, ale nemus\u00edte sa b\u00e1\u0165, \u017ee by ste dostali defekt.\u00a0<\/span><\/p>\n<p><img loading=\"lazy\" decoding=\"async\" class=\"alignnone size-full wp-image-19193\" src=\"https:\/\/d2p6e6u75xmxt8.cloudfront.net\/4\/2024\/06\/Foto-14.webp\" alt=\"\" width=\"990\" height=\"660\" srcset=\"https:\/\/d2p6e6u75xmxt8.cloudfront.net\/4\/2024\/06\/Foto-14.webp 990w, https:\/\/d2p6e6u75xmxt8.cloudfront.net\/4\/2024\/06\/Foto-14-300x200.webp 300w, https:\/\/d2p6e6u75xmxt8.cloudfront.net\/4\/2024\/06\/Foto-14-768x512.webp 768w, https:\/\/d2p6e6u75xmxt8.cloudfront.net\/4\/2024\/06\/Foto-14-400x267.webp 400w, https:\/\/d2p6e6u75xmxt8.cloudfront.net\/4\/2024\/06\/Foto-14-272x182.webp 272w\" sizes=\"auto, (max-width: 990px) 100vw, 990px\" \/><\/p>\n<p><span style=\"font-weight: 400;\">Smerujeme po ceste na z\u00e1pad okolo chovn\u00fdch statkov kon\u00ed, <\/span><b>trasa smerom tam bude trva\u0165 asi 25 a\u017e 30 min\u00fat<\/b><span style=\"font-weight: 400;\">. Na\u0161\u00edm prvotn\u00fdm cie\u013eom bude dreven\u00fd most na konci doliny. <\/span>Po trase m\u00ed\u0148ame zn\u00e1me rokliny Piecky a Ve\u013ek\u00fd Sokol,<span style=\"font-weight: 400;\"> patriace spolu so Suchou Belou k t\u00fdm najkraj\u0161\u00edm, ktor\u00e9 Slovensk\u00fd raj pon\u00faka. <\/span><\/p>\n<p><span style=\"font-weight: 400;\">Po prejden\u00ed dreven\u00e9ho mosta a rampy nach\u00e1dzame kr\u00e1sne skryt\u00e9 jazero Blajzloch a ostrov\u010dek na \u0148om. <\/span><b>Jazero nie je pr\u00edrodn\u00e9, bolo vybudovan\u00e9 v roku 1966 a m\u00e1 h\u013abku 5,2 m<\/b><span style=\"font-weight: 400;\">.<\/span><\/p>\n<div id='gallery-6' class='gallery galleryid-19179 gallery-columns-2 gallery-size-full'><figure class='gallery-item'>\n\t\t\t<div class='gallery-icon landscape'>\n\t\t\t\t<a href='https:\/\/d2p6e6u75xmxt8.cloudfront.net\/4\/2024\/06\/Foto-15.webp'><img loading=\"lazy\" decoding=\"async\" width=\"990\" height=\"660\" src=\"https:\/\/d2p6e6u75xmxt8.cloudfront.net\/4\/2024\/06\/Foto-15.webp\" class=\"attachment-full size-full\" alt=\"\" srcset=\"https:\/\/d2p6e6u75xmxt8.cloudfront.net\/4\/2024\/06\/Foto-15.webp 990w, https:\/\/d2p6e6u75xmxt8.cloudfront.net\/4\/2024\/06\/Foto-15-300x200.webp 300w, https:\/\/d2p6e6u75xmxt8.cloudfront.net\/4\/2024\/06\/Foto-15-768x512.webp 768w, https:\/\/d2p6e6u75xmxt8.cloudfront.net\/4\/2024\/06\/Foto-15-400x267.webp 400w, https:\/\/d2p6e6u75xmxt8.cloudfront.net\/4\/2024\/06\/Foto-15-272x182.webp 272w\" sizes=\"auto, (max-width: 990px) 100vw, 990px\" \/><\/a>\n\t\t\t<\/div><\/figure><figure class='gallery-item'>\n\t\t\t<div class='gallery-icon landscape'>\n\t\t\t\t<a href='https:\/\/d2p6e6u75xmxt8.cloudfront.net\/4\/2024\/06\/Foto-16.webp'><img loading=\"lazy\" decoding=\"async\" width=\"990\" height=\"660\" src=\"https:\/\/d2p6e6u75xmxt8.cloudfront.net\/4\/2024\/06\/Foto-16.webp\" class=\"attachment-full size-full\" alt=\"\" srcset=\"https:\/\/d2p6e6u75xmxt8.cloudfront.net\/4\/2024\/06\/Foto-16.webp 990w, https:\/\/d2p6e6u75xmxt8.cloudfront.net\/4\/2024\/06\/Foto-16-300x200.webp 300w, https:\/\/d2p6e6u75xmxt8.cloudfront.net\/4\/2024\/06\/Foto-16-768x512.webp 768w, https:\/\/d2p6e6u75xmxt8.cloudfront.net\/4\/2024\/06\/Foto-16-400x267.webp 400w, https:\/\/d2p6e6u75xmxt8.cloudfront.net\/4\/2024\/06\/Foto-16-272x182.webp 272w\" sizes=\"auto, (max-width: 990px) 100vw, 990px\" \/><\/a>\n\t\t\t<\/div><\/figure>\n\t\t<\/div>\n\n<p><b>Ofici\u00e1lne vzniklo ako protipo\u017eiarna n\u00e1dr\u017e<\/b><span style=\"font-weight: 400;\">, ale dom\u00e1ci vedia, \u017ee hlavn\u00fdm d\u00f4vodom bolo skr\u00e1\u0161lenie tohto miesta pre u\u017e\u00edvate\u013eov dvoch ch\u00e1t, ktor\u00e9 v tej dobe patrili \u0160t\u00e1tnym lesom Ko\u0161ice. <\/span>Za socializmu sa v doline tak drevo neta\u017eilo<span style=\"font-weight: 400;\">, v dolinach sa nach\u00e1dzali mnoh\u00e9 po\u013eovn\u00edcke cesti\u010dky, av\u0161ak vysok\u00e1 hustota po\u013eovnej zveri lesom \u0161kodila. Zvierat\u00e1 sa nemali kde p\u00e1s\u0165 a obhr\u00fdzali stromy. V dne\u0161nej dobe patria chaty obci Vern\u00e1r a urb\u00e1ru Hrabu\u0161ice. <\/span><\/p>\n<p><b>Vodn\u00e1 hladina Blajzlochu je ve\u013emi fotogenick\u00e1<\/b><span style=\"font-weight: 400;\">, farebn\u00e9 odlesky hraj\u00fa svoje divadlo. V zrkadlovej hladine sa odr\u00e1\u017eaj\u00fa majest\u00e1tne stromy, pod hladinou sa vln\u00ed tr\u00e1va a v nej sa sem-tam mihne pstruh. \u00dadajne je ostrov\u010dek v jazere vytvoren\u00fd umelo, pr\u00edstup k nemu je zozadu prejden\u00edm cez most\u00edk.<\/span><\/p>\n<div id='gallery-7' class='gallery galleryid-19179 gallery-columns-2 gallery-size-full'><figure class='gallery-item'>\n\t\t\t<div class='gallery-icon portrait'>\n\t\t\t\t<a href='https:\/\/d2p6e6u75xmxt8.cloudfront.net\/4\/2024\/06\/Foto-17.webp'><img loading=\"lazy\" decoding=\"async\" width=\"990\" height=\"1320\" src=\"https:\/\/d2p6e6u75xmxt8.cloudfront.net\/4\/2024\/06\/Foto-17.webp\" class=\"attachment-full size-full\" alt=\"\" srcset=\"https:\/\/d2p6e6u75xmxt8.cloudfront.net\/4\/2024\/06\/Foto-17.webp 990w, https:\/\/d2p6e6u75xmxt8.cloudfront.net\/4\/2024\/06\/Foto-17-225x300.webp 225w, https:\/\/d2p6e6u75xmxt8.cloudfront.net\/4\/2024\/06\/Foto-17-768x1024.webp 768w, https:\/\/d2p6e6u75xmxt8.cloudfront.net\/4\/2024\/06\/Foto-17-300x400.webp 300w\" sizes=\"auto, (max-width: 990px) 100vw, 990px\" \/><\/a>\n\t\t\t<\/div><\/figure><figure class='gallery-item'>\n\t\t\t<div class='gallery-icon portrait'>\n\t\t\t\t<a href='https:\/\/d2p6e6u75xmxt8.cloudfront.net\/4\/2024\/06\/Foto-18.webp'><img loading=\"lazy\" decoding=\"async\" width=\"990\" height=\"1320\" src=\"https:\/\/d2p6e6u75xmxt8.cloudfront.net\/4\/2024\/06\/Foto-18.webp\" class=\"attachment-full size-full\" alt=\"\" srcset=\"https:\/\/d2p6e6u75xmxt8.cloudfront.net\/4\/2024\/06\/Foto-18.webp 990w, https:\/\/d2p6e6u75xmxt8.cloudfront.net\/4\/2024\/06\/Foto-18-225x300.webp 225w, https:\/\/d2p6e6u75xmxt8.cloudfront.net\/4\/2024\/06\/Foto-18-768x1024.webp 768w, https:\/\/d2p6e6u75xmxt8.cloudfront.net\/4\/2024\/06\/Foto-18-300x400.webp 300w\" sizes=\"auto, (max-width: 990px) 100vw, 990px\" \/><\/a>\n\t\t\t<\/div><\/figure>\n\t\t<\/div>\n\n<p><span style=\"font-weight: 400;\">Ver\u00edm, \u017ee sa <strong>v sobotu 8. j\u00fana vid\u00edme na marat\u00f3ne v Slovenskom raji,<\/strong> kde sa kon\u00e1 3. kolo <\/span><span style=\"font-weight: 400;\">\u0160koda Bike Open Tour a u\u017eijeme si tak naplno atmosf\u00e9ru \u00fa\u017easn\u00e9ho miesta v tomto kr\u00e1snom n\u00e1rodnom parku.<\/span><\/p>\n","protected":false},"excerpt":{"rendered":"<p>Letn\u00e1 sez\u00f3na klope na dvere a nejeden cyklonad\u0161enec \u010di turista ur\u010dite zav\u00edta do n\u00e1rodn\u00e9ho parku Slovensk\u00fd raj. Hlavn\u00e9 turisticko-cyklistick\u00e9 z\u00e1zemie [&hellip;]<\/p>\n","protected":false},"author":172,"featured_media":19180,"comment_status":"open","ping_status":"open","sticky":false,"template":"","format":"standard","meta":{"footnotes":""},"categories":[191],"tags":[115,448,180,566,1533,523,234,741,901,508],"global-categories":[1074],"class_list":["post-19179","post","type-post","status-publish","format-standard","has-post-thumbnail","hentry","category-odporucame","tag-cestna-cyklistika","tag-cyklotrasy","tag-horska-cyklistika","tag-leto","tag-priroda","tag-slovensko","tag-slovensky-raj","tag-tip-na-vylet","tag-turistika","tag-vylet","global-categories-cycling"],"yoast_head":"<!-- This site is optimized with the Yoast SEO Premium plugin v25.3 (Yoast SEO v25.9) - https:\/\/yoast.com\/wordpress\/plugins\/seo\/ -->\n<title>Tip na v\u00fdlet: Bicyklom v Slovenskom raji v bl\u00edzkosti rokl\u00edn - \u0160koda We Love Cycling Slovensko<\/title>\n<meta name=\"description\" content=\"Pozrime sa na tri nen\u00e1ro\u010dn\u00e9, ale zato kr\u00e1sne cyklotrasy, ktor\u00e9 m\u00f4\u017eeme nav\u0161t\u00edvi\u0165 v n\u00e1rodnom parku Slovensk\u00fd raj.\" \/>\n<meta name=\"robots\" content=\"index, follow, max-snippet:-1, max-image-preview:large, max-video-preview:-1\" \/>\n<link rel=\"canonical\" href=\"https:\/\/www.welovecycling.com\/sk\/2024\/06\/03\/tip-na-vylet-bicyklom-v-slovenskom-raji-v-blizkosti-roklin\/\" \/>\n<meta property=\"og:locale\" content=\"sk_SK\" \/>\n<meta property=\"og:type\" content=\"article\" \/>\n<meta property=\"og:title\" content=\"Tip na v\u00fdlet: Bicyklom v Slovenskom raji v bl\u00edzkosti rokl\u00edn\" \/>\n<meta property=\"og:description\" content=\"Pozrime sa na tri nen\u00e1ro\u010dn\u00e9, ale zato kr\u00e1sne cyklotrasy, ktor\u00e9 m\u00f4\u017eeme nav\u0161t\u00edvi\u0165 v n\u00e1rodnom parku Slovensk\u00fd raj.\" \/>\n<meta property=\"og:url\" content=\"https:\/\/www.welovecycling.com\/sk\/2024\/06\/03\/tip-na-vylet-bicyklom-v-slovenskom-raji-v-blizkosti-roklin\/\" \/>\n<meta property=\"og:site_name\" content=\"\u0160koda We Love Cycling Slovensko\" \/>\n<meta property=\"article:published_time\" content=\"2024-06-03T13:24:18+00:00\" \/>\n<meta property=\"article:modified_time\" content=\"2024-06-03T13:37:54+00:00\" \/>\n<meta property=\"og:image\" content=\"https:\/\/d2p6e6u75xmxt8.cloudfront.net\/4\/2024\/06\/Foto-1.webp\" \/>\n\t<meta property=\"og:image:width\" content=\"990\" \/>\n\t<meta property=\"og:image:height\" content=\"660\" \/>\n\t<meta property=\"og:image:type\" content=\"image\/webp\" \/>\n<meta name=\"author\" content=\"dominika\" \/>\n<meta name=\"twitter:card\" content=\"summary_large_image\" \/>\n<meta name=\"twitter:label1\" content=\"Written by\" \/>\n\t<meta name=\"twitter:data1\" content=\"Roman Mare\u0161\" \/>\n\t<meta name=\"twitter:label2\" content=\"Est. reading time\" \/>\n\t<meta name=\"twitter:data2\" content=\"4\" \/>\n<script type=\"application\/ld+json\" class=\"yoast-schema-graph\">{\"@context\":\"https:\/\/schema.org\",\"@graph\":[{\"@type\":\"WebPage\",\"@id\":\"https:\/\/www.welovecycling.com\/sk\/2024\/06\/03\/tip-na-vylet-bicyklom-v-slovenskom-raji-v-blizkosti-roklin\/\",\"url\":\"https:\/\/www.welovecycling.com\/sk\/2024\/06\/03\/tip-na-vylet-bicyklom-v-slovenskom-raji-v-blizkosti-roklin\/\",\"name\":\"Tip na v\u00fdlet: Bicyklom v Slovenskom raji v bl\u00edzkosti rokl\u00edn - \u0160koda We Love Cycling Slovensko\",\"isPartOf\":{\"@id\":\"https:\/\/www.welovecycling.com\/sk\/#website\"},\"primaryImageOfPage\":{\"@id\":\"https:\/\/www.welovecycling.com\/sk\/2024\/06\/03\/tip-na-vylet-bicyklom-v-slovenskom-raji-v-blizkosti-roklin\/#primaryimage\"},\"image\":{\"@id\":\"https:\/\/www.welovecycling.com\/sk\/2024\/06\/03\/tip-na-vylet-bicyklom-v-slovenskom-raji-v-blizkosti-roklin\/#primaryimage\"},\"thumbnailUrl\":\"https:\/\/d2p6e6u75xmxt8.cloudfront.net\/4\/2024\/06\/Foto-1.webp\",\"datePublished\":\"2024-06-03T13:24:18+00:00\",\"dateModified\":\"2024-06-03T13:37:54+00:00\",\"author\":{\"@id\":\"https:\/\/www.welovecycling.com\/sk\/#\/schema\/person\/533b62b98b6c41bd5135ebfb1f742624\"},\"description\":\"Pozrime sa na tri nen\u00e1ro\u010dn\u00e9, ale zato kr\u00e1sne cyklotrasy, ktor\u00e9 m\u00f4\u017eeme nav\u0161t\u00edvi\u0165 v n\u00e1rodnom parku Slovensk\u00fd raj.\",\"breadcrumb\":{\"@id\":\"https:\/\/www.welovecycling.com\/sk\/2024\/06\/03\/tip-na-vylet-bicyklom-v-slovenskom-raji-v-blizkosti-roklin\/#breadcrumb\"},\"inLanguage\":\"sk-SK\",\"potentialAction\":[{\"@type\":\"ReadAction\",\"target\":[\"https:\/\/www.welovecycling.com\/sk\/2024\/06\/03\/tip-na-vylet-bicyklom-v-slovenskom-raji-v-blizkosti-roklin\/\"]}]},{\"@type\":\"ImageObject\",\"inLanguage\":\"sk-SK\",\"@id\":\"https:\/\/www.welovecycling.com\/sk\/2024\/06\/03\/tip-na-vylet-bicyklom-v-slovenskom-raji-v-blizkosti-roklin\/#primaryimage\",\"url\":\"https:\/\/d2p6e6u75xmxt8.cloudfront.net\/4\/2024\/06\/Foto-1.webp\",\"contentUrl\":\"https:\/\/d2p6e6u75xmxt8.cloudfront.net\/4\/2024\/06\/Foto-1.webp\",\"width\":990,\"height\":660},{\"@type\":\"BreadcrumbList\",\"@id\":\"https:\/\/www.welovecycling.com\/sk\/2024\/06\/03\/tip-na-vylet-bicyklom-v-slovenskom-raji-v-blizkosti-roklin\/#breadcrumb\",\"itemListElement\":[{\"@type\":\"ListItem\",\"position\":1,\"name\":\"Home\",\"item\":\"https:\/\/www.welovecycling.com\/sk\/\"},{\"@type\":\"ListItem\",\"position\":2,\"name\":\"Tip na v\u00fdlet: Bicyklom v Slovenskom raji v bl\u00edzkosti rokl\u00edn\"}]},{\"@type\":\"WebSite\",\"@id\":\"https:\/\/www.welovecycling.com\/sk\/#website\",\"url\":\"https:\/\/www.welovecycling.com\/sk\/\",\"name\":\"\u0160koda We Love Cycling Slovensko\",\"description\":\"\u0160koda We Love Cycling Slovensko je v\u00e1\u0161 ka\u017edodenn\u00fd zdroj noviniek a in\u0161pir\u00e1cie z sveta cyklistiky\",\"potentialAction\":[{\"@type\":\"SearchAction\",\"target\":{\"@type\":\"EntryPoint\",\"urlTemplate\":\"https:\/\/www.welovecycling.com\/sk\/?s={search_term_string}\"},\"query-input\":{\"@type\":\"PropertyValueSpecification\",\"valueRequired\":true,\"valueName\":\"search_term_string\"}}],\"inLanguage\":\"sk-SK\"},{\"@type\":\"Person\",\"@id\":\"https:\/\/www.welovecycling.com\/sk\/#\/schema\/person\/533b62b98b6c41bd5135ebfb1f742624\",\"name\":\"dominika\",\"image\":{\"@type\":\"ImageObject\",\"inLanguage\":\"sk-SK\",\"@id\":\"https:\/\/www.welovecycling.com\/sk\/#\/schema\/person\/image\/\",\"url\":\"https:\/\/secure.gravatar.com\/avatar\/ded6f274ba2ec3e17fff153f7d9d96a4b33c2cb63907f75d9a5309c599a7f3e6?s=96&d=mm&r=g\",\"contentUrl\":\"https:\/\/secure.gravatar.com\/avatar\/ded6f274ba2ec3e17fff153f7d9d96a4b33c2cb63907f75d9a5309c599a7f3e6?s=96&d=mm&r=g\",\"caption\":\"dominika\"},\"url\":\"https:\/\/www.welovecycling.com\/sk\/author\/dominika\/\"}]}<\/script>\n<!-- \/ Yoast SEO Premium plugin. -->","yoast_head_json":{"title":"Tip na v\u00fdlet: Bicyklom v Slovenskom raji v bl\u00edzkosti rokl\u00edn - \u0160koda We Love Cycling Slovensko","description":"Pozrime sa na tri nen\u00e1ro\u010dn\u00e9, ale zato kr\u00e1sne cyklotrasy, ktor\u00e9 m\u00f4\u017eeme nav\u0161t\u00edvi\u0165 v n\u00e1rodnom parku Slovensk\u00fd raj.","robots":{"index":"index","follow":"follow","max-snippet":"max-snippet:-1","max-image-preview":"max-image-preview:large","max-video-preview":"max-video-preview:-1"},"canonical":"https:\/\/www.welovecycling.com\/sk\/2024\/06\/03\/tip-na-vylet-bicyklom-v-slovenskom-raji-v-blizkosti-roklin\/","og_locale":"sk_SK","og_type":"article","og_title":"Tip na v\u00fdlet: Bicyklom v Slovenskom raji v bl\u00edzkosti rokl\u00edn","og_description":"Pozrime sa na tri nen\u00e1ro\u010dn\u00e9, ale zato kr\u00e1sne cyklotrasy, ktor\u00e9 m\u00f4\u017eeme nav\u0161t\u00edvi\u0165 v n\u00e1rodnom parku Slovensk\u00fd raj.","og_url":"https:\/\/www.welovecycling.com\/sk\/2024\/06\/03\/tip-na-vylet-bicyklom-v-slovenskom-raji-v-blizkosti-roklin\/","og_site_name":"\u0160koda We Love Cycling Slovensko","article_published_time":"2024-06-03T13:24:18+00:00","article_modified_time":"2024-06-03T13:37:54+00:00","og_image":[{"width":990,"height":660,"url":"https:\/\/d2p6e6u75xmxt8.cloudfront.net\/4\/2024\/06\/Foto-1.webp","type":"image\/webp"}],"author":"dominika","twitter_card":"summary_large_image","twitter_misc":{"Written by":"Roman Mare\u0161","Est. reading time":"4"},"schema":{"@context":"https:\/\/schema.org","@graph":[{"@type":"WebPage","@id":"https:\/\/www.welovecycling.com\/sk\/2024\/06\/03\/tip-na-vylet-bicyklom-v-slovenskom-raji-v-blizkosti-roklin\/","url":"https:\/\/www.welovecycling.com\/sk\/2024\/06\/03\/tip-na-vylet-bicyklom-v-slovenskom-raji-v-blizkosti-roklin\/","name":"Tip na v\u00fdlet: Bicyklom v Slovenskom raji v bl\u00edzkosti rokl\u00edn - \u0160koda We Love Cycling Slovensko","isPartOf":{"@id":"https:\/\/www.welovecycling.com\/sk\/#website"},"primaryImageOfPage":{"@id":"https:\/\/www.welovecycling.com\/sk\/2024\/06\/03\/tip-na-vylet-bicyklom-v-slovenskom-raji-v-blizkosti-roklin\/#primaryimage"},"image":{"@id":"https:\/\/www.welovecycling.com\/sk\/2024\/06\/03\/tip-na-vylet-bicyklom-v-slovenskom-raji-v-blizkosti-roklin\/#primaryimage"},"thumbnailUrl":"https:\/\/d2p6e6u75xmxt8.cloudfront.net\/4\/2024\/06\/Foto-1.webp","datePublished":"2024-06-03T13:24:18+00:00","dateModified":"2024-06-03T13:37:54+00:00","author":{"@id":"https:\/\/www.welovecycling.com\/sk\/#\/schema\/person\/533b62b98b6c41bd5135ebfb1f742624"},"description":"Pozrime sa na tri nen\u00e1ro\u010dn\u00e9, ale zato kr\u00e1sne cyklotrasy, ktor\u00e9 m\u00f4\u017eeme nav\u0161t\u00edvi\u0165 v n\u00e1rodnom parku Slovensk\u00fd raj.","breadcrumb":{"@id":"https:\/\/www.welovecycling.com\/sk\/2024\/06\/03\/tip-na-vylet-bicyklom-v-slovenskom-raji-v-blizkosti-roklin\/#breadcrumb"},"inLanguage":"sk-SK","potentialAction":[{"@type":"ReadAction","target":["https:\/\/www.welovecycling.com\/sk\/2024\/06\/03\/tip-na-vylet-bicyklom-v-slovenskom-raji-v-blizkosti-roklin\/"]}]},{"@type":"ImageObject","inLanguage":"sk-SK","@id":"https:\/\/www.welovecycling.com\/sk\/2024\/06\/03\/tip-na-vylet-bicyklom-v-slovenskom-raji-v-blizkosti-roklin\/#primaryimage","url":"https:\/\/d2p6e6u75xmxt8.cloudfront.net\/4\/2024\/06\/Foto-1.webp","contentUrl":"https:\/\/d2p6e6u75xmxt8.cloudfront.net\/4\/2024\/06\/Foto-1.webp","width":990,"height":660},{"@type":"BreadcrumbList","@id":"https:\/\/www.welovecycling.com\/sk\/2024\/06\/03\/tip-na-vylet-bicyklom-v-slovenskom-raji-v-blizkosti-roklin\/#breadcrumb","itemListElement":[{"@type":"ListItem","position":1,"name":"Home","item":"https:\/\/www.welovecycling.com\/sk\/"},{"@type":"ListItem","position":2,"name":"Tip na v\u00fdlet: Bicyklom v Slovenskom raji v bl\u00edzkosti rokl\u00edn"}]},{"@type":"WebSite","@id":"https:\/\/www.welovecycling.com\/sk\/#website","url":"https:\/\/www.welovecycling.com\/sk\/","name":"\u0160koda We Love Cycling Slovensko","description":"\u0160koda We Love Cycling Slovensko je v\u00e1\u0161 ka\u017edodenn\u00fd zdroj noviniek a in\u0161pir\u00e1cie z sveta cyklistiky","potentialAction":[{"@type":"SearchAction","target":{"@type":"EntryPoint","urlTemplate":"https:\/\/www.welovecycling.com\/sk\/?s={search_term_string}"},"query-input":{"@type":"PropertyValueSpecification","valueRequired":true,"valueName":"search_term_string"}}],"inLanguage":"sk-SK"},{"@type":"Person","@id":"https:\/\/www.welovecycling.com\/sk\/#\/schema\/person\/533b62b98b6c41bd5135ebfb1f742624","name":"dominika","image":{"@type":"ImageObject","inLanguage":"sk-SK","@id":"https:\/\/www.welovecycling.com\/sk\/#\/schema\/person\/image\/","url":"https:\/\/secure.gravatar.com\/avatar\/ded6f274ba2ec3e17fff153f7d9d96a4b33c2cb63907f75d9a5309c599a7f3e6?s=96&d=mm&r=g","contentUrl":"https:\/\/secure.gravatar.com\/avatar\/ded6f274ba2ec3e17fff153f7d9d96a4b33c2cb63907f75d9a5309c599a7f3e6?s=96&d=mm&r=g","caption":"dominika"},"url":"https:\/\/www.welovecycling.com\/sk\/author\/dominika\/"}]}},"_links":{"self":[{"href":"https:\/\/www.welovecycling.com\/sk\/wp-json\/wp\/v2\/posts\/19179","targetHints":{"allow":["GET"]}}],"collection":[{"href":"https:\/\/www.welovecycling.com\/sk\/wp-json\/wp\/v2\/posts"}],"about":[{"href":"https:\/\/www.welovecycling.com\/sk\/wp-json\/wp\/v2\/types\/post"}],"author":[{"embeddable":true,"href":"https:\/\/www.welovecycling.com\/sk\/wp-json\/wp\/v2\/users\/172"}],"replies":[{"embeddable":true,"href":"https:\/\/www.welovecycling.com\/sk\/wp-json\/wp\/v2\/comments?post=19179"}],"version-history":[{"count":2,"href":"https:\/\/www.welovecycling.com\/sk\/wp-json\/wp\/v2\/posts\/19179\/revisions"}],"predecessor-version":[{"id":19200,"href":"https:\/\/www.welovecycling.com\/sk\/wp-json\/wp\/v2\/posts\/19179\/revisions\/19200"}],"wp:featuredmedia":[{"embeddable":true,"href":"https:\/\/www.welovecycling.com\/sk\/wp-json\/wp\/v2\/media\/19180"}],"wp:attachment":[{"href":"https:\/\/www.welovecycling.com\/sk\/wp-json\/wp\/v2\/media?parent=19179"}],"wp:term":[{"taxonomy":"category","embeddable":true,"href":"https:\/\/www.welovecycling.com\/sk\/wp-json\/wp\/v2\/categories?post=19179"},{"taxonomy":"post_tag","embeddable":true,"href":"https:\/\/www.welovecycling.com\/sk\/wp-json\/wp\/v2\/tags?post=19179"},{"taxonomy":"global-categories","embeddable":true,"href":"https:\/\/www.welovecycling.com\/sk\/wp-json\/wp\/v2\/global-categories?post=19179"}],"curies":[{"name":"wp","href":"https:\/\/api.w.org\/{rel}","templated":true}]}}