{"id":19171,"date":"2024-05-30T10:22:54","date_gmt":"2024-05-30T08:22:54","guid":{"rendered":"https:\/\/www.welovecycling.com\/sk\/?p=19171"},"modified":"2024-05-30T10:22:54","modified_gmt":"2024-05-30T08:22:54","slug":"junovy-prehlad-slovenskych-podujati-vyskusajte-nove-vyzvy","status":"publish","type":"post","link":"https:\/\/www.welovecycling.com\/sk\/2024\/05\/30\/junovy-prehlad-slovenskych-podujati-vyskusajte-nove-vyzvy\/","title":{"rendered":"J\u00fanov\u00fd preh\u013ead slovensk\u00fdch podujat\u00ed &#8211; vysk\u00fa\u0161ajte nov\u00e9 v\u00fdzvy"},"content":{"rendered":"<p><strong>Ponuka j\u00fanov\u00fdch podujat\u00ed je tento rok skuto\u010dne bohat\u00e1 na pestr\u00e9 mo\u017enosti pre n\u00e1s cyklistov. Zapoji\u0165 sa m\u00f4\u017eete do klasick\u00fdch ka\u017edoro\u010dne prebiehaj\u00facich marat\u00f3nov, alebo m\u00f4\u017eete vysk\u00fa\u0161a\u0165 nie\u010do nov\u00e9. Zmerali ste si u\u017e niekedy svoje sily s vlakom? Jazdili ste u\u017e 24-hodinovku na bicykli? Ak nie, tak toto v\u0161etko m\u00f4\u017eete vysk\u00fa\u0161a\u0165 pr\u00e1ve teraz.\u00a0<\/strong><!--more--><\/p>\n<h2><strong>2. 6. 2024 BikeFest Marat\u00f3n &#8211; K\u00e1lnica<\/strong><\/h2>\n<p><span style=\"font-weight: 400;\">Ob\u013e\u00faben\u00fd BikeFest sa bude kona\u0165 tradi\u010dne v bikeparku K\u00e1lnica, ale prinesie nov\u00e9 trasy a s t\u00fdm spojen\u00e9 nov\u00e9 poh\u013eady na kr\u00e1sy Pova\u017esk\u00e9ho Inovca. Nebude ch\u00fdba\u0165 ani ob\u013e\u00faben\u00e1 kateg\u00f3ria Enduro. <strong>Celkov\u00e1 trasa pretekov bude ma\u0165 30 km.<\/strong> R\u00fdchlostn\u00e9 sk\u00fa\u0161ky prebiehaj\u00fa priamo v okol\u00ed bikeparku. Pr\u00ed\u010fte za\u017ei\u0165 t\u00fato skvel\u00fa akciu, ktor\u00e1 bude hlavne o bicykloch, ale nielen o nich.\u00a0<\/span><\/p>\n<p><iframe loading=\"lazy\" title=\"YouTube video player\" src=\"https:\/\/www.youtube-nocookie.com\/embed\/0qDQUAYV5ZE?si=HLmfbt9etrNB5FAe\" width=\"800\" height=\"450\" frameborder=\"0\" allowfullscreen=\"allowfullscreen\"><span data-mce-type=\"bookmark\" style=\"display: inline-block; width: 0px; overflow: hidden; line-height: 0;\" class=\"mce_SELRES_start\">\ufeff<\/span><\/iframe><\/p>\n<h2><strong>8. 6. 2024 \u0160koda Bike Open Tour &#8211; \u0160koda Slovensk\u00fd raj<\/strong><\/h2>\n<p><span style=\"font-weight: 400;\">Druh\u00e9 kolo \u0160koda Bike Open Tour sa minul\u00fd mesiac konalo v <\/span><a href=\"https:\/\/www.welovecycling.com\/sk\/2024\/05\/22\/reportaz-skoda-mtb-maraton-rajecke-teplice-majstrak-v-krasnom-pocasi\/\" target=\"_blank\" rel=\"noopener\"><span style=\"font-weight: 400;\">Rajeck\u00fdch Tepliciach<\/span><\/a><span style=\"font-weight: 400;\"> a po\u010dasie bolo dokonal\u00e9. Ver\u00edme tomu, \u017ee sa aj v <\/span><a href=\"https:\/\/www.welovecycling.com\/sk\/2024\/05\/04\/pozvanka-skoda-slovensky-raj-namiesto-turistiky-mtb-maraton\/\" target=\"_blank\" rel=\"noopener\"><span style=\"font-weight: 400;\">Slovenskom raji<\/span><\/a><span style=\"font-weight: 400;\"> zopakuje nielen po\u010dasie, ale aj po\u010detn\u00e1 \u00fa\u010das\u0165 pretek\u00e1rov. V\u0161etko je u\u017e nachystan\u00e9, tak nev\u00e1hajte, lebo br\u00e1ny raja sa pre cyklistov otv\u00e1raj\u00fa len raz ro\u010dne. <strong>\u010cakaj\u00fa v\u00e1s v\u0161etky ob\u013e\u00faben\u00e9 kateg\u00f3rie, trate a nebude ch\u00fdba\u0165 ani dobr\u00fd sprievodn\u00fd program.\u00a0<\/strong><\/span><\/p>\n<p><iframe loading=\"lazy\" title=\"YouTube video player\" src=\"https:\/\/www.youtube-nocookie.com\/embed\/HHva-AqdEFw?si=ZmxebmtYes9mbGZG\" width=\"800\" height=\"450\" frameborder=\"0\" allowfullscreen=\"allowfullscreen\"><\/iframe><\/p>\n<h2><strong>8. 6. 2024 MTBIKER komunitn\u00e1 jazda Trnava<\/strong><\/h2>\n<p><span style=\"font-weight: 400;\">Ak nie ste s\u00fa\u0165a\u017en\u00fd tip, ale radi jazd\u00edte na bicykli, vyu\u017eite mo\u017enos\u0165 \u010fal\u0161ej MTBIKER komunitnej jazdy, organizovanej tentokr\u00e1t v okol\u00ed Trnavy. Spozn\u00e1te kr\u00e1sy cel\u00e9ho okolia, Smolenick\u00fd z\u00e1mok a v polovici jazdy sa m\u00f4\u017eete ob\u010derstvi\u0165 v are\u00e1li V\u010delovina. <strong>Cel\u00e1 trasa bude ma\u0165 66km a v\u010faka miernemu prev\u00fd\u0161eniu 480 metrov ju zvl\u00e1dne skoro ka\u017ed\u00fd.<\/strong> Vyu\u017ei\u0165 m\u00f4\u017eete gravel, crossov\u00e9 alebo horsk\u00e9 bicykle.\u00a0<\/span><\/p>\n<p>&nbsp;<\/p>\n<h2><strong>9. 6. 2024 \u017dabokreky Tour<\/strong><\/h2>\n<p><span style=\"font-weight: 400;\">\u017dabokreky Tour je pomerne nov\u00e9 podujatie a tento rok to bude ich \u0161tvrt\u00fd ro\u010dn\u00edk. Napriek tomu nie s\u00fa \u017eiadni nov\u00e1\u010dikovia a pripraven\u00fdch maj\u00fa a\u017e sedem r\u00f4znych okruhov.<strong> Z\u00e1kladn\u00e9 okruhy s\u00fa v d\u013a\u017eke 31 km, 53 km a 105 km. Horsk\u00fd okruh m\u00e1 26 km a ak ste fan\u00fa\u0161ikom gravelu, m\u00f4\u017eete vyu\u017ei\u0165 trasu v d\u013a\u017eke 36 km.<\/strong> Organiz\u00e1tori nezab\u00fadaj\u00fa ani na deti a pripravili 7,2 km dlh\u00fd okruh. A aby toho nebolo m\u00e1lo, zapoji\u0165 sa m\u00f4\u017eu aj t\u00ed skuto\u010dne najmen\u0161\u00ed a vysk\u00fa\u0161a\u0165 odr\u00e1\u017eadl\u00e1 na 500-metrovej trati. Pri\u010fte si u\u017ei\u0165 t\u00fato skvel\u00fa udalos\u0165.\u00a0\u00a0\u00a0<\/span><\/p>\n<p><iframe loading=\"lazy\" title=\"YouTube video player\" src=\"https:\/\/www.youtube-nocookie.com\/embed\/vdHB1y6m9ls?si=0LVPvVfLigVmweVN\" width=\"800\" height=\"450\" frameborder=\"0\" allowfullscreen=\"allowfullscreen\"><\/iframe><\/p>\n<h2><strong>15. 6. 2024 Faster than a Train<\/strong><\/h2>\n<p><span style=\"font-weight: 400;\">Ak v\u00e1s be\u017en\u00e9 preteky nevzru\u0161uj\u00fa a h\u013ead\u00e1te nov\u00e9 v\u00fdzvy, toto je jedine\u010dn\u00e1 pr\u00edle\u017eitos\u0165. Zmerajte svoje sily a svoju r\u00fdchlos\u0165 s vlakom. <strong>Vlak Oravka prem\u00e1va pravidelne medzi Kra\u013eovanmi a Trstenou, no a jeho priemern\u00e1 r\u00fdchlos\u0165 je nie\u010do cez 30 km\/h.<\/strong> To je r\u00fdchlos\u0165, ktor\u00e1 sa d\u00e1 na bicykli dosiahnu\u0165 aj v oravsk\u00fdch kopcoch. Pravidl\u00e1 s\u00fa jednoduch\u00e9 &#8211; \u0161tartujete sa zo stanice v Kra\u013eovanoch v momente, ke\u010f odch\u00e1dza vlak a do cie\u013eovej stanice v Trstenej by sme mali dorazi\u0165 s \u010dasov\u00fdm predstihom. D\u013a\u017eka trasy je 58 km a prev\u00fd\u0161enie 394 m.\u00a0<\/span><\/p>\n<p><iframe loading=\"lazy\" title=\"YouTube video player\" src=\"https:\/\/www.youtube-nocookie.com\/embed\/F9m3b29ullE?si=gd53DqyMFLyZAyGF\" width=\"800\" height=\"450\" frameborder=\"0\" allowfullscreen=\"allowfullscreen\"><\/iframe><\/p>\n<h2><strong>16. 6. 2024 Detsk\u00e1 tour Petra Sagana &#8211; Dem\u00e4nov\u00e1\u00a0<\/strong><\/h2>\n<p><span style=\"font-weight: 400;\">Detsk\u00e1 Tour Petra Sagana je u\u017e takisto v plnom pr\u00fade a pozn\u00e1 v\u00ed\u0165azov predch\u00e1dzaj\u00facich k\u00f4l, ktor\u00e9 u\u017e prebehli. V mesiaci j\u00fan sa do nej m\u00f4\u017eete zapoji\u0165 v kr\u00e1snom prostred\u00ed N\u00edzkych Tatier v rezorte Dem\u00e4nov\u00e1. <strong>Op\u00e4\u0165 v\u00e1s \u010dakaj\u00fa tiahle st\u00fapania, z\u00e1kruty, technick\u00e9 pas\u00e1\u017ee, ale aj ob\u013e\u00faben\u00e9 most\u00edky.<\/strong> Ako ka\u017ed\u00fd rok nebude ch\u00fdba\u0165 bohat\u00fd sprievodn\u00fd program a dobr\u00e1 z\u00e1bava. Na svoje si pr\u00edde cel\u00e1 rodina, a tak si spravte pekn\u00fd v\u00edkend naplnen\u00fd \u0161portom.\u00a0<\/span><\/p>\n<p><iframe loading=\"lazy\" title=\"YouTube video player\" src=\"https:\/\/www.youtube-nocookie.com\/embed\/IbtgG3F33K4?si=Yx_pTjg4KnLhvFYm\" width=\"800\" height=\"450\" frameborder=\"0\" allowfullscreen=\"allowfullscreen\"><\/iframe><\/p>\n<h2><strong>22. 6. 2024 Cyklomarat\u00f3n Horn\u00e9 Srnie<\/strong><\/h2>\n<p><span style=\"font-weight: 400;\">Minul\u00fd ro\u010dn\u00edk sa konal za\u010diatkom augusta a po\u010dasie im ve\u013emi neprialo, a tak tento rok organiz\u00e1tori vybrali term\u00edn e\u0161te pred za\u010diatkom letn\u00fdch pr\u00e1zdnin. Na marat\u00f3ne v\u00e1s \u010dakaj\u00fa lesn\u00e9 cesty, l\u00faky, asfalt a \u010das\u0165 trate vedie aj hrebe\u0148om Bielych Karp\u00e1t. <strong>Dlh\u00fd okruh m\u00e1 75 km s prev\u00fd\u0161en\u00edm 2 200 m, Stredn\u00fd okruh 45 km s prev\u00fd\u0161en\u00edm 1350 m a Kr\u00e1tky okruh 25 km s prev\u00fd\u0161en\u00edm 850 m.<\/strong> Ak ste sa z\u00fa\u010dastnili v minul\u00fdch ro\u010dn\u00edkoch, nevynechajte ani tento a ak ste e\u0161te neboli, pr\u00ed\u010fte vysk\u00fa\u0161a\u0165 trate.\u00a0<\/span><\/p>\n<p><iframe loading=\"lazy\" title=\"YouTube video player\" src=\"https:\/\/www.youtube-nocookie.com\/embed\/7oLFhp1cKo8?si=0OP6BOSYgqWUtIPv\" width=\"800\" height=\"450\" frameborder=\"0\" allowfullscreen=\"allowfullscreen\"><\/iframe><\/p>\n<h2><strong>29. &#8211; 30. 6. 2024 Kom\u00e1r\u0148ansk\u00e1 stovka 12\/24<\/strong><\/h2>\n<p><span style=\"font-weight: 400;\">Kom\u00e1r\u0148ansk\u00e1 stovka je jedine\u010dn\u00fd koncept pretekov, ktor\u00fd vznikol v polovici roka 2020 ako individu\u00e1lne preteky, funguj\u00face na QR k\u00f3doch. Cyklisti si ich mohli odjazdi\u0165 samostatne a svoje \u010dasy porovna\u0165 v tabu\u013eke.<strong> Posledn\u00fd j\u00fanov\u00fd v\u00edkend je v\u0161ak pripraven\u00e1 mo\u017enos\u0165 zapoji\u0165 sa do 12\/24-hodinovej v\u00fdzvy na 100 km alebo 200 km.<\/strong> Trate s\u00fa rovinat\u00e9 s minim\u00e1lnym prev\u00fd\u0161en\u00edm, tak\u017ee stoj\u00ed za to tieto preteky vysk\u00fa\u0161a\u0165.\u00a0<\/span><\/p>\n<p><iframe loading=\"lazy\" title=\"YouTube video player\" src=\"https:\/\/www.youtube-nocookie.com\/embed\/BnADX33vOks?si=ttM9vsX6DBpbaBWW\" width=\"800\" height=\"450\" frameborder=\"0\" allowfullscreen=\"allowfullscreen\"><span data-mce-type=\"bookmark\" style=\"display: inline-block; width: 0px; overflow: hidden; line-height: 0;\" class=\"mce_SELRES_start\">\ufeff<\/span><\/iframe><\/p>\n","protected":false},"excerpt":{"rendered":"<p>Ponuka j\u00fanov\u00fdch podujat\u00ed je tento rok skuto\u010dne bohat\u00e1 na pestr\u00e9 mo\u017enosti pre n\u00e1s cyklistov. Zapoji\u0165 sa m\u00f4\u017eete do klasick\u00fdch ka\u017edoro\u010dne [&hellip;]<\/p>\n","protected":false},"author":172,"featured_media":19172,"comment_status":"open","ping_status":"open","sticky":false,"template":"","format":"standard","meta":{"footnotes":""},"categories":[34],"tags":[597,1246,53,180,1191,178,91,179,509,545,318],"global-categories":[1074],"class_list":["post-19171","post","type-post","status-publish","format-standard","has-post-thumbnail","hentry","category-podujatia","tag-cyklista","tag-cyklisticka-komunita","tag-deti","tag-horska-cyklistika","tag-jazda","tag-maraton","tag-pozvanka","tag-preteky","tag-rodina","tag-trasa","tag-vyjazd","global-categories-cycling"],"yoast_head":"<!-- This site is optimized with the Yoast SEO Premium plugin v25.3 (Yoast SEO v25.9) - https:\/\/yoast.com\/wordpress\/plugins\/seo\/ -->\n<title>J\u00fanov\u00fd preh\u013ead slovensk\u00fdch podujat\u00ed - vysk\u00fa\u0161ajte nov\u00e9 v\u00fdzvy - \u0160koda We Love Cycling Slovensko<\/title>\n<meta name=\"description\" content=\"Zapojte sa do klasick\u00fdch marat\u00f3nov, alebo si vysk\u00fa\u0161ajte nie\u010do nov\u00e9. Zmerali ste si u\u017e niekedy svoje sily s vlakom?\" \/>\n<meta name=\"robots\" content=\"index, follow, max-snippet:-1, max-image-preview:large, max-video-preview:-1\" \/>\n<link rel=\"canonical\" href=\"https:\/\/www.welovecycling.com\/sk\/2024\/05\/30\/junovy-prehlad-slovenskych-podujati-vyskusajte-nove-vyzvy\/\" \/>\n<meta property=\"og:locale\" content=\"sk_SK\" \/>\n<meta property=\"og:type\" content=\"article\" \/>\n<meta property=\"og:title\" content=\"J\u00fanov\u00fd preh\u013ead slovensk\u00fdch podujat\u00ed - vysk\u00fa\u0161ajte nov\u00e9 v\u00fdzvy\" \/>\n<meta property=\"og:description\" content=\"Zapojte sa do klasick\u00fdch marat\u00f3nov, alebo si vysk\u00fa\u0161ajte nie\u010do nov\u00e9. Zmerali ste si u\u017e niekedy svoje sily s vlakom?\" \/>\n<meta property=\"og:url\" content=\"https:\/\/www.welovecycling.com\/sk\/2024\/05\/30\/junovy-prehlad-slovenskych-podujati-vyskusajte-nove-vyzvy\/\" \/>\n<meta property=\"og:site_name\" content=\"\u0160koda We Love Cycling Slovensko\" \/>\n<meta property=\"article:published_time\" content=\"2024-05-30T08:22:54+00:00\" \/>\n<meta property=\"og:image\" content=\"https:\/\/d2p6e6u75xmxt8.cloudfront.net\/4\/2024\/05\/titulka-1.webp\" \/>\n\t<meta property=\"og:image:width\" content=\"990\" \/>\n\t<meta property=\"og:image:height\" content=\"660\" \/>\n\t<meta property=\"og:image:type\" content=\"image\/webp\" \/>\n<meta name=\"author\" content=\"dominika\" \/>\n<meta name=\"twitter:card\" content=\"summary_large_image\" \/>\n<meta name=\"twitter:label1\" content=\"Written by\" \/>\n\t<meta name=\"twitter:data1\" content=\"We Love Cycling\" \/>\n\t<meta name=\"twitter:label2\" content=\"Est. reading time\" \/>\n\t<meta name=\"twitter:data2\" content=\"3\" \/>\n<script type=\"application\/ld+json\" class=\"yoast-schema-graph\">{\"@context\":\"https:\/\/schema.org\",\"@graph\":[{\"@type\":\"WebPage\",\"@id\":\"https:\/\/www.welovecycling.com\/sk\/2024\/05\/30\/junovy-prehlad-slovenskych-podujati-vyskusajte-nove-vyzvy\/\",\"url\":\"https:\/\/www.welovecycling.com\/sk\/2024\/05\/30\/junovy-prehlad-slovenskych-podujati-vyskusajte-nove-vyzvy\/\",\"name\":\"J\u00fanov\u00fd preh\u013ead slovensk\u00fdch podujat\u00ed - vysk\u00fa\u0161ajte nov\u00e9 v\u00fdzvy - \u0160koda We Love Cycling Slovensko\",\"isPartOf\":{\"@id\":\"https:\/\/www.welovecycling.com\/sk\/#website\"},\"primaryImageOfPage\":{\"@id\":\"https:\/\/www.welovecycling.com\/sk\/2024\/05\/30\/junovy-prehlad-slovenskych-podujati-vyskusajte-nove-vyzvy\/#primaryimage\"},\"image\":{\"@id\":\"https:\/\/www.welovecycling.com\/sk\/2024\/05\/30\/junovy-prehlad-slovenskych-podujati-vyskusajte-nove-vyzvy\/#primaryimage\"},\"thumbnailUrl\":\"https:\/\/d2p6e6u75xmxt8.cloudfront.net\/4\/2024\/05\/titulka-1.webp\",\"datePublished\":\"2024-05-30T08:22:54+00:00\",\"author\":{\"@id\":\"https:\/\/www.welovecycling.com\/sk\/#\/schema\/person\/533b62b98b6c41bd5135ebfb1f742624\"},\"description\":\"Zapojte sa do klasick\u00fdch marat\u00f3nov, alebo si vysk\u00fa\u0161ajte nie\u010do nov\u00e9. Zmerali ste si u\u017e niekedy svoje sily s vlakom?\",\"breadcrumb\":{\"@id\":\"https:\/\/www.welovecycling.com\/sk\/2024\/05\/30\/junovy-prehlad-slovenskych-podujati-vyskusajte-nove-vyzvy\/#breadcrumb\"},\"inLanguage\":\"sk-SK\",\"potentialAction\":[{\"@type\":\"ReadAction\",\"target\":[\"https:\/\/www.welovecycling.com\/sk\/2024\/05\/30\/junovy-prehlad-slovenskych-podujati-vyskusajte-nove-vyzvy\/\"]}]},{\"@type\":\"ImageObject\",\"inLanguage\":\"sk-SK\",\"@id\":\"https:\/\/www.welovecycling.com\/sk\/2024\/05\/30\/junovy-prehlad-slovenskych-podujati-vyskusajte-nove-vyzvy\/#primaryimage\",\"url\":\"https:\/\/d2p6e6u75xmxt8.cloudfront.net\/4\/2024\/05\/titulka-1.webp\",\"contentUrl\":\"https:\/\/d2p6e6u75xmxt8.cloudfront.net\/4\/2024\/05\/titulka-1.webp\",\"width\":990,\"height\":660},{\"@type\":\"BreadcrumbList\",\"@id\":\"https:\/\/www.welovecycling.com\/sk\/2024\/05\/30\/junovy-prehlad-slovenskych-podujati-vyskusajte-nove-vyzvy\/#breadcrumb\",\"itemListElement\":[{\"@type\":\"ListItem\",\"position\":1,\"name\":\"Home\",\"item\":\"https:\/\/www.welovecycling.com\/sk\/\"},{\"@type\":\"ListItem\",\"position\":2,\"name\":\"J\u00fanov\u00fd preh\u013ead slovensk\u00fdch podujat\u00ed &#8211; vysk\u00fa\u0161ajte nov\u00e9 v\u00fdzvy\"}]},{\"@type\":\"WebSite\",\"@id\":\"https:\/\/www.welovecycling.com\/sk\/#website\",\"url\":\"https:\/\/www.welovecycling.com\/sk\/\",\"name\":\"\u0160koda We Love Cycling Slovensko\",\"description\":\"\u0160koda We Love Cycling Slovensko je v\u00e1\u0161 ka\u017edodenn\u00fd zdroj noviniek a in\u0161pir\u00e1cie z sveta cyklistiky\",\"potentialAction\":[{\"@type\":\"SearchAction\",\"target\":{\"@type\":\"EntryPoint\",\"urlTemplate\":\"https:\/\/www.welovecycling.com\/sk\/?s={search_term_string}\"},\"query-input\":{\"@type\":\"PropertyValueSpecification\",\"valueRequired\":true,\"valueName\":\"search_term_string\"}}],\"inLanguage\":\"sk-SK\"},{\"@type\":\"Person\",\"@id\":\"https:\/\/www.welovecycling.com\/sk\/#\/schema\/person\/533b62b98b6c41bd5135ebfb1f742624\",\"name\":\"dominika\",\"image\":{\"@type\":\"ImageObject\",\"inLanguage\":\"sk-SK\",\"@id\":\"https:\/\/www.welovecycling.com\/sk\/#\/schema\/person\/image\/\",\"url\":\"https:\/\/secure.gravatar.com\/avatar\/ded6f274ba2ec3e17fff153f7d9d96a4b33c2cb63907f75d9a5309c599a7f3e6?s=96&d=mm&r=g\",\"contentUrl\":\"https:\/\/secure.gravatar.com\/avatar\/ded6f274ba2ec3e17fff153f7d9d96a4b33c2cb63907f75d9a5309c599a7f3e6?s=96&d=mm&r=g\",\"caption\":\"dominika\"},\"url\":\"https:\/\/www.welovecycling.com\/sk\/author\/dominika\/\"}]}<\/script>\n<!-- \/ Yoast SEO Premium plugin. -->","yoast_head_json":{"title":"J\u00fanov\u00fd preh\u013ead slovensk\u00fdch podujat\u00ed - vysk\u00fa\u0161ajte nov\u00e9 v\u00fdzvy - \u0160koda We Love Cycling Slovensko","description":"Zapojte sa do klasick\u00fdch marat\u00f3nov, alebo si vysk\u00fa\u0161ajte nie\u010do nov\u00e9. Zmerali ste si u\u017e niekedy svoje sily s vlakom?","robots":{"index":"index","follow":"follow","max-snippet":"max-snippet:-1","max-image-preview":"max-image-preview:large","max-video-preview":"max-video-preview:-1"},"canonical":"https:\/\/www.welovecycling.com\/sk\/2024\/05\/30\/junovy-prehlad-slovenskych-podujati-vyskusajte-nove-vyzvy\/","og_locale":"sk_SK","og_type":"article","og_title":"J\u00fanov\u00fd preh\u013ead slovensk\u00fdch podujat\u00ed - vysk\u00fa\u0161ajte nov\u00e9 v\u00fdzvy","og_description":"Zapojte sa do klasick\u00fdch marat\u00f3nov, alebo si vysk\u00fa\u0161ajte nie\u010do nov\u00e9. Zmerali ste si u\u017e niekedy svoje sily s vlakom?","og_url":"https:\/\/www.welovecycling.com\/sk\/2024\/05\/30\/junovy-prehlad-slovenskych-podujati-vyskusajte-nove-vyzvy\/","og_site_name":"\u0160koda We Love Cycling Slovensko","article_published_time":"2024-05-30T08:22:54+00:00","og_image":[{"width":990,"height":660,"url":"https:\/\/d2p6e6u75xmxt8.cloudfront.net\/4\/2024\/05\/titulka-1.webp","type":"image\/webp"}],"author":"dominika","twitter_card":"summary_large_image","twitter_misc":{"Written by":"We Love Cycling","Est. reading time":"3"},"schema":{"@context":"https:\/\/schema.org","@graph":[{"@type":"WebPage","@id":"https:\/\/www.welovecycling.com\/sk\/2024\/05\/30\/junovy-prehlad-slovenskych-podujati-vyskusajte-nove-vyzvy\/","url":"https:\/\/www.welovecycling.com\/sk\/2024\/05\/30\/junovy-prehlad-slovenskych-podujati-vyskusajte-nove-vyzvy\/","name":"J\u00fanov\u00fd preh\u013ead slovensk\u00fdch podujat\u00ed - vysk\u00fa\u0161ajte nov\u00e9 v\u00fdzvy - \u0160koda We Love Cycling Slovensko","isPartOf":{"@id":"https:\/\/www.welovecycling.com\/sk\/#website"},"primaryImageOfPage":{"@id":"https:\/\/www.welovecycling.com\/sk\/2024\/05\/30\/junovy-prehlad-slovenskych-podujati-vyskusajte-nove-vyzvy\/#primaryimage"},"image":{"@id":"https:\/\/www.welovecycling.com\/sk\/2024\/05\/30\/junovy-prehlad-slovenskych-podujati-vyskusajte-nove-vyzvy\/#primaryimage"},"thumbnailUrl":"https:\/\/d2p6e6u75xmxt8.cloudfront.net\/4\/2024\/05\/titulka-1.webp","datePublished":"2024-05-30T08:22:54+00:00","author":{"@id":"https:\/\/www.welovecycling.com\/sk\/#\/schema\/person\/533b62b98b6c41bd5135ebfb1f742624"},"description":"Zapojte sa do klasick\u00fdch marat\u00f3nov, alebo si vysk\u00fa\u0161ajte nie\u010do nov\u00e9. Zmerali ste si u\u017e niekedy svoje sily s vlakom?","breadcrumb":{"@id":"https:\/\/www.welovecycling.com\/sk\/2024\/05\/30\/junovy-prehlad-slovenskych-podujati-vyskusajte-nove-vyzvy\/#breadcrumb"},"inLanguage":"sk-SK","potentialAction":[{"@type":"ReadAction","target":["https:\/\/www.welovecycling.com\/sk\/2024\/05\/30\/junovy-prehlad-slovenskych-podujati-vyskusajte-nove-vyzvy\/"]}]},{"@type":"ImageObject","inLanguage":"sk-SK","@id":"https:\/\/www.welovecycling.com\/sk\/2024\/05\/30\/junovy-prehlad-slovenskych-podujati-vyskusajte-nove-vyzvy\/#primaryimage","url":"https:\/\/d2p6e6u75xmxt8.cloudfront.net\/4\/2024\/05\/titulka-1.webp","contentUrl":"https:\/\/d2p6e6u75xmxt8.cloudfront.net\/4\/2024\/05\/titulka-1.webp","width":990,"height":660},{"@type":"BreadcrumbList","@id":"https:\/\/www.welovecycling.com\/sk\/2024\/05\/30\/junovy-prehlad-slovenskych-podujati-vyskusajte-nove-vyzvy\/#breadcrumb","itemListElement":[{"@type":"ListItem","position":1,"name":"Home","item":"https:\/\/www.welovecycling.com\/sk\/"},{"@type":"ListItem","position":2,"name":"J\u00fanov\u00fd preh\u013ead slovensk\u00fdch podujat\u00ed &#8211; vysk\u00fa\u0161ajte nov\u00e9 v\u00fdzvy"}]},{"@type":"WebSite","@id":"https:\/\/www.welovecycling.com\/sk\/#website","url":"https:\/\/www.welovecycling.com\/sk\/","name":"\u0160koda We Love Cycling Slovensko","description":"\u0160koda We Love Cycling Slovensko je v\u00e1\u0161 ka\u017edodenn\u00fd zdroj noviniek a in\u0161pir\u00e1cie z sveta cyklistiky","potentialAction":[{"@type":"SearchAction","target":{"@type":"EntryPoint","urlTemplate":"https:\/\/www.welovecycling.com\/sk\/?s={search_term_string}"},"query-input":{"@type":"PropertyValueSpecification","valueRequired":true,"valueName":"search_term_string"}}],"inLanguage":"sk-SK"},{"@type":"Person","@id":"https:\/\/www.welovecycling.com\/sk\/#\/schema\/person\/533b62b98b6c41bd5135ebfb1f742624","name":"dominika","image":{"@type":"ImageObject","inLanguage":"sk-SK","@id":"https:\/\/www.welovecycling.com\/sk\/#\/schema\/person\/image\/","url":"https:\/\/secure.gravatar.com\/avatar\/ded6f274ba2ec3e17fff153f7d9d96a4b33c2cb63907f75d9a5309c599a7f3e6?s=96&d=mm&r=g","contentUrl":"https:\/\/secure.gravatar.com\/avatar\/ded6f274ba2ec3e17fff153f7d9d96a4b33c2cb63907f75d9a5309c599a7f3e6?s=96&d=mm&r=g","caption":"dominika"},"url":"https:\/\/www.welovecycling.com\/sk\/author\/dominika\/"}]}},"_links":{"self":[{"href":"https:\/\/www.welovecycling.com\/sk\/wp-json\/wp\/v2\/posts\/19171","targetHints":{"allow":["GET"]}}],"collection":[{"href":"https:\/\/www.welovecycling.com\/sk\/wp-json\/wp\/v2\/posts"}],"about":[{"href":"https:\/\/www.welovecycling.com\/sk\/wp-json\/wp\/v2\/types\/post"}],"author":[{"embeddable":true,"href":"https:\/\/www.welovecycling.com\/sk\/wp-json\/wp\/v2\/users\/172"}],"replies":[{"embeddable":true,"href":"https:\/\/www.welovecycling.com\/sk\/wp-json\/wp\/v2\/comments?post=19171"}],"version-history":[{"count":2,"href":"https:\/\/www.welovecycling.com\/sk\/wp-json\/wp\/v2\/posts\/19171\/revisions"}],"predecessor-version":[{"id":19174,"href":"https:\/\/www.welovecycling.com\/sk\/wp-json\/wp\/v2\/posts\/19171\/revisions\/19174"}],"wp:featuredmedia":[{"embeddable":true,"href":"https:\/\/www.welovecycling.com\/sk\/wp-json\/wp\/v2\/media\/19172"}],"wp:attachment":[{"href":"https:\/\/www.welovecycling.com\/sk\/wp-json\/wp\/v2\/media?parent=19171"}],"wp:term":[{"taxonomy":"category","embeddable":true,"href":"https:\/\/www.welovecycling.com\/sk\/wp-json\/wp\/v2\/categories?post=19171"},{"taxonomy":"post_tag","embeddable":true,"href":"https:\/\/www.welovecycling.com\/sk\/wp-json\/wp\/v2\/tags?post=19171"},{"taxonomy":"global-categories","embeddable":true,"href":"https:\/\/www.welovecycling.com\/sk\/wp-json\/wp\/v2\/global-categories?post=19171"}],"curies":[{"name":"wp","href":"https:\/\/api.w.org\/{rel}","templated":true}]}}