{"id":19163,"date":"2024-05-28T13:02:55","date_gmt":"2024-05-28T11:02:55","guid":{"rendered":"https:\/\/www.welovecycling.com\/sk\/?p=19163"},"modified":"2024-05-28T13:04:52","modified_gmt":"2024-05-28T11:04:52","slug":"cyklistikou-k-dobremu-dusevnemu-zdraviu","status":"publish","type":"post","link":"https:\/\/www.welovecycling.com\/sk\/2024\/05\/28\/cyklistikou-k-dobremu-dusevnemu-zdraviu\/","title":{"rendered":"Cyklistikou k dobr\u00e9mu du\u0161evn\u00e9mu zdraviu"},"content":{"rendered":"<p><strong>Predstavte si, \u017ee va\u0161e zmysly s\u00fa ostrej\u0161ie, ste \u0161\u0165astnej\u0161\u00ed a nabit\u00ed energiou, a to len preto, \u017ee vyjdete von a budete si u\u017e\u00edva\u0165 jarn\u00e9 slnie\u010dko. Znie to a\u017e pr\u00edli\u0161 jednoducho na to, aby to bola pravda? A vedeli ste, \u017ee existuje v\u00fdskum, ktor\u00fd nazna\u010duje, \u017ee cvi\u010denie m\u00f4\u017ee ur\u00fdchli\u0165 rast nov\u00fdch mozgov\u00fdch buniek u dospel\u00fdch my\u0161\u00ed?<\/strong><\/p>\n<p><!--more--><\/p>\n<p><span style=\"font-weight: 400;\">Nie je to prv\u00fdkr\u00e1t, \u010do po\u010dujeme o tom, ako cvi\u010denie, napr\u00edklad aj tak\u00e9 bicyklovanie, m\u00f4\u017ee podpori\u0165 vn\u00edmanie a n\u00e1ladu. Mno\u017estvo d\u00f4kazov podporuje to, \u010do mnoh\u00ed z n\u00e1s intuit\u00edvne u\u017e d\u00e1vno vedia \u2013 <strong>cvi\u010denie nie je len o fyzickej str\u00e1nke. Je to siln\u00fd n\u00e1stroj aj na posilnenie n\u00e1\u0161ho du\u0161evn\u00e9ho zdravia.<\/strong> <a href=\"https:\/\/bachlab.pitt.edu\/sites\/default\/files\/McSween2019.pdf\" target=\"_blank\" rel=\"noopener\">\u0160t\u00fadie ukazuj\u00fa<\/a>, \u017ee pon\u00faka kr\u00e1tkodob\u00e9 kognit\u00edvne stimuly, zlep\u0161uje pam\u00e4\u0165 aj s\u00fastredenie. Dalo by sa poveda\u0165, \u017ee je to prirodzen\u00e1 inov\u00e1cia na\u0161ej inteligencie, dodan\u00e1 ihne\u010f po svi\u017enej jazde na bicykli!<\/span><\/p>\n<p><span style=\"font-weight: 400;\">A nezab\u00fadajme na zlep\u0161enie n\u00e1lady. Cvi\u010denie sp\u00fa\u0161\u0165a uvo\u013e\u0148ovanie pr\u00edjemn\u00fdch neurotransmiterov, ako je dopam\u00edn a seroton\u00edn, v\u010faka \u010domu sa budete c\u00edti\u0165 pozit\u00edvni a pln\u00ed energie \u2013 perfektn\u00fd protijed na stres a zl\u00fa n\u00e1ladu.<\/span><\/p>\n<p><span style=\"font-weight: 400;\">Pozrime sa na vedu, ktor\u00e1 stoj\u00ed za jedine\u010dn\u00fdmi v\u00fdhodami cyklistiky pre na\u0161e du\u0161evn\u00e9 zdravie. Ako m\u00f4\u017eete t\u00fato skvel\u00fa aktivitu vyu\u017ei\u0165 na to, aby ste sa t\u00fato sez\u00f3nu dostali na spr\u00e1vnu cestu k dobr\u00e9mu du\u0161evn\u00e9mu zdraviu?<\/span><\/p>\n<h2><b>Veda cyklistick\u00e9ho nabudenia<\/b><\/h2>\n<p><span style=\"font-weight: 400;\">Pozit\u00edvne \u00fa\u010dinky bicyklovania s\u00fa zakorenen\u00e9 v osved\u010denej vede. Okrem vy\u0161\u0161ie spom\u00ednanej potenci\u00e1lnej tvorby nov\u00fdch mozgov\u00fdch buniek je tu nieko\u013eko \u010fal\u0161\u00edch sp\u00f4sobov, ako m\u00f4\u017ee v\u00fdjazd pozit\u00edvne ovplyvni\u0165 va\u0161e du\u0161evn\u00e9 zdravie.<\/span><\/p>\n<p><em><b>V\u00fdhoda slnka a vitam\u00ednu D:<\/b><\/em><span style=\"font-weight: 400;\"> Jarn\u00e9 slnie\u010dko je bohat\u00fdm zdrojom vitam\u00ednu D, ktor\u00fd je k\u013e\u00fa\u010dovou \u201eingredienciou\u201c pre celkov\u00e9 zdravie, vr\u00e1tane psychickej pohody. \u0160t\u00fadie preuk\u00e1zali siln\u00fa spojitos\u0165 medzi n\u00edzkou hladinou vitam\u00ednu D a depresiou. Vystavenie slnku pom\u00e1ha telu produkova\u0165 vitam\u00edn D, ktor\u00fd hr\u00e1 \u00falohu pri regul\u00e1cii neurotransmiterov ako je seroton\u00edn, k\u013e\u00fa\u010dov\u00fd hr\u00e1\u010d pri stabilite n\u00e1lady. Jarn\u00e9 jazdy so \u0161tedr\u00fdmi d\u00e1vkami slnka s\u00fa ako prirodzen\u00fd posil\u0148ova\u010d n\u00e1lady.<\/span><\/p>\n<p><em><b>Endokanabinoidn\u00fd syst\u00e9m:<\/b><\/em><span style=\"font-weight: 400;\"> \u201eCyklistick\u00e9 nabudenie\u201c po dobrej jazde nie je len v\u00fdplodom va\u0161ej predstavivosti. Cvi\u010denie stimuluje endokanabinoidn\u00fd syst\u00e9m, ktor\u00fd produkuje pr\u00edrodn\u00e9 kanabinoidy. Tieto kanabinoidy zohr\u00e1vaj\u00fa \u00falohu pri regul\u00e1cii n\u00e1lady, vn\u00edman\u00ed bolesti a sprac\u00favan\u00ed odmien, \u010d\u00edm prispievaj\u00fa k pocitom euf\u00f3rie a relax\u00e1cie, ktor\u00e9 sa sp\u00e1jaj\u00fa s cvi\u010den\u00edm.<\/span><\/p>\n<p><em><b>V\u0161\u00edmavos\u0165 v pohybe:<\/b><\/em><span style=\"font-weight: 400;\"> Bicyklovanie m\u00f4\u017ee by\u0165 cennou formou pohybovej medit\u00e1cie. Rytmick\u00e9 \u0161liapanie do ped\u00e1lov a s\u00fastredenie sa na navig\u00e1ciu cesty okolo v\u00e1s vytv\u00e1raj\u00fa pocit bdelosti. To umo\u017e\u0148uje odp\u00fata\u0165 sa od ka\u017edodenn\u00fdch starost\u00ed a sta\u0165 sa pr\u00edtomn\u00fdmi v danom okamihu. Je to \u010dinnos\u0165, o ktorej je zn\u00e1me, \u017ee zni\u017euje stres, zlep\u0161uje s\u00fastredenie aj celkov\u00fa pohodu. \u0160t\u00fadie uk\u00e1zali, \u017ee v\u0161\u00edmav\u00e1 medit\u00e1cia m\u00f4\u017ee by\u0165 \u00fa\u010dinn\u00e1 pri lie\u010dbe \u00fazkosti a depresie.<\/span><\/p>\n<figure id=\"attachment_19164\" aria-describedby=\"caption-attachment-19164\" style=\"width: 990px\" class=\"wp-caption alignnone\"><a href=\"https:\/\/d2p6e6u75xmxt8.cloudfront.net\/4\/2024\/05\/Alps-Cycling-profimedia-0835688511-CVR.webp\"><img loading=\"lazy\" decoding=\"async\" class=\"wp-image-19164 size-full\" src=\"https:\/\/d2p6e6u75xmxt8.cloudfront.net\/4\/2024\/05\/Alps-Cycling-profimedia-0835688511-CVR.webp\" alt=\"Cycling in Alps\" width=\"990\" height=\"660\" srcset=\"https:\/\/d2p6e6u75xmxt8.cloudfront.net\/4\/2024\/05\/Alps-Cycling-profimedia-0835688511-CVR.webp 990w, https:\/\/d2p6e6u75xmxt8.cloudfront.net\/4\/2024\/05\/Alps-Cycling-profimedia-0835688511-CVR-300x200.webp 300w, https:\/\/d2p6e6u75xmxt8.cloudfront.net\/4\/2024\/05\/Alps-Cycling-profimedia-0835688511-CVR-768x512.webp 768w, https:\/\/d2p6e6u75xmxt8.cloudfront.net\/4\/2024\/05\/Alps-Cycling-profimedia-0835688511-CVR-400x267.webp 400w, https:\/\/d2p6e6u75xmxt8.cloudfront.net\/4\/2024\/05\/Alps-Cycling-profimedia-0835688511-CVR-272x182.webp 272w\" sizes=\"auto, (max-width: 990px) 100vw, 990px\" \/><\/a><figcaption id=\"caption-attachment-19164\" class=\"wp-caption-text\"><span style=\"font-weight: 400;\">\u201eCyklistick\u00e9 nabudenie\u201c, ktor\u00e9 za\u017eijete po dobrej jazde, nie je iba v\u00fdplodom na\u0161ej fant\u00e1zie. \u00a9 Profimedia<\/span><\/figcaption><\/figure>\n<h2><b>Soci\u00e1lne a emocion\u00e1lne v\u00fdhody cyklistiky<\/b><\/h2>\n<p><span style=\"font-weight: 400;\">V\u00fdhody cyklistiky pre du\u0161evn\u00e9 zdravie presahuj\u00fa tie fyziologick\u00e9. Cyklistika m\u00f4\u017ee by\u0165 spolo\u010denskou aktivitou, ktor\u00e1 podporuje pocit <a href=\"https:\/\/www.welovecycling.com\/sk\/2023\/09\/13\/rodinna-cyklistika-je-dolezita\/\" target=\"_blank\" rel=\"noopener\">prepojenia<\/a> a spolupatri\u010dnosti. Prida\u0165 sa k cyklistickej skupine alebo jazdi\u0165 s kamar\u00e1tom m\u00f4\u017ee poskytn\u00fa\u0165 soci\u00e1lnu interakciu, ktor\u00e1 je \u017eivotne d\u00f4le\u017eitou s\u00fa\u010das\u0165ou du\u0161evnej pohody. <strong>Cyklistick\u00e9 skupiny si \u010dasto vytv\u00e1raj\u00fa siln\u00e9 put\u00e1, ktor\u00e9 pon\u00fakaj\u00fa kamar\u00e1tstvo, podporu a motiv\u00e1ciu.<\/strong><\/span><\/p>\n<p><span style=\"font-weight: 400;\">Okrem toho m\u00f4\u017ee bicyklovanie zv\u00fd\u0161i\u0165 sebavedomie a pocity \u00faspechu. Dokon\u010denie n\u00e1ro\u010dnej jazdy alebo dosiahnutie novej vzdialenosti m\u00f4\u017ee by\u0165 neuverite\u013ene posil\u0148uj\u00face, podporuje pocit vlastn\u00e9ho zados\u0165u\u010dinenia a sebad\u00f4very, ktor\u00fd sa prenesie aj do in\u00fdch oblast\u00ed \u017eivota.<\/span><\/p>\n<h2><b>Ideme e\u0161te hlb\u0161ie: dlhodob\u00e1 ochrana v\u00e1\u0161ho du\u0161evn\u00e9ho zdravia<\/b><\/h2>\n<p><span style=\"font-weight: 400;\">\u010co je sn\u00e1\u010f najpozoruhodnej\u0161ie, konzistentn\u00e9 cvi\u010denie m\u00f4\u017ee poskytn\u00fa\u0165 ochranu pred neurodegenerat\u00edvnymi ochoreniami, ak\u00fdmi s\u00fa napr\u00edklad Alzheimerova choroba a demencia. V\u00fdskumn\u00edci veria, \u017ee t\u00e1to m\u00e1gia sa deje prostredn\u00edctvom kask\u00e1dy bunkov\u00fdch zmien. Ke\u010f cvi\u010d\u00edte, va\u0161e svaly uvo\u013e\u0148uj\u00fa molekuly, ktor\u00e9 putuj\u00fa do <a href=\"https:\/\/www.welovecycling.com\/sk\/2023\/03\/20\/ako-cyklistika-vplyva-na-vas-mozog\/\" target=\"_blank\" rel=\"noopener\">mozgu<\/a>, niektor\u00e9 s neuroprotekt\u00edvnymi vlastnos\u0165ami. <strong>Cvi\u010denie tie\u017e zlep\u0161uje prietok krvi a stimuluje rast nov\u00fdch krvn\u00fdch ciev v mozgu, \u010d\u00edm sa vytv\u00e1ra dia\u013enica pre tieto prospe\u0161n\u00e9 molekuly, aby \u013eahko dosiahli svoj cie\u013e.<\/strong><\/span><\/p>\n<p><span style=\"font-weight: 400;\">Akon\u00e1hle tieto sign\u00e1ly dorazia, mozog uvo\u013en\u00ed vlastn\u00e9ho hr\u00e1\u010da: mozgov\u00fd neurotrofick\u00fd faktor (BDNF).\u00a0 BDNF je ako mozgov\u00e9 hnojivo, ktor\u00e9 podporuje zdravie neur\u00f3nov a nov\u00e9 spojenia medzi nimi \u2013 mozog m\u00e1 potom v\u00e4\u010d\u0161iu odolnos\u0165, lep\u0161iu pam\u00e4\u0165 a ostrej\u0161\u00ed celkov\u00fd v\u00fdkon.<\/span><\/p>\n<p><span style=\"font-weight: 400;\">V\u00fdhody s\u00fa e\u0161te v\u00fdraznej\u0161ie u star\u0161\u00edch, kde cvi\u010denie m\u00f4\u017ee pom\u00f4c\u0165 kompenzova\u0165 prirodzen\u00fd \u00fabytok objemu mozgu. Toto je obzvl\u00e1\u0161\u0165 d\u00f4le\u017eit\u00e9 pre hipokampus, ktor\u00fd je k\u013e\u00fa\u010dov\u00fd pri pam\u00e4ti a n\u00e1lade. <strong>\u0160t\u00fadie ukazuj\u00fa, \u017ee pravideln\u00e9 cvi\u010denie m\u00f4\u017ee zabr\u00e1ni\u0165 zmen\u0161ovaniu hipokampu, \u010do je charakteristick\u00fdm znakom depresie aj Alzheimerovej choroby.<\/strong><\/span><\/p>\n<h2><b>Cyklistika pre du\u0161evn\u00e9 zdravie: osobn\u00fd pr\u00edstup<\/b><\/h2>\n<p><span style=\"font-weight: 400;\">Kr\u00e1sa cyklistiky ako n\u00e1stroja du\u0161evn\u00e9ho zdravia spo\u010d\u00edva v jej v\u0161estrannosti. \u010ci u\u017e h\u013ead\u00e1te r\u00fdchle uvo\u013enenie stresu, vedom\u00fd \u00fanik alebo sp\u00f4sob, ako sa spoji\u0165 s in\u00fdmi, \u010dak\u00e1 v\u00e1s cyklistick\u00fd z\u00e1\u017eitok.<\/span><\/p>\n<p><span style=\"font-weight: 400;\">Tu je nieko\u013eko sp\u00f4sobov, ako prisp\u00f4sobi\u0165 svoj z\u00e1\u017eitok z jazdy na bicykli pre optim\u00e1lne pr\u00ednosy pre du\u0161evn\u00e9 zdravie:<\/span><\/p>\n<p><b>Vysoko intenz\u00edvny intervalov\u00fd tr\u00e9ning (HIIT) na zn\u00ed\u017eenie stresu:<\/b><span style=\"font-weight: 400;\"> \u0160t\u00fadie ukazuj\u00fa, \u017ee HIIT tr\u00e9ningy, ktor\u00e9 zah\u0155\u0148aj\u00fa striedanie intervalov intenz\u00edvnej n\u00e1mahy s odpo\u010dinkom, m\u00f4\u017eu \u00fa\u010dinne zn\u00ed\u017ei\u0165 stres a \u00fazkos\u0165. HIIT m\u00f4\u017eete za\u010dleni\u0165 do svojej cyklistiky tak, \u017ee do svojich j\u00e1zd prid\u00e1te kr\u00e1tke \u00faseky, kde zv\u00fd\u0161it svoju r\u00fdchlos\u0165.<\/span><\/p>\n<p><b>Oddych na bicykli:<\/b><span style=\"font-weight: 400;\"> Niekedy sta\u010d\u00ed unikn\u00fa\u0165 zhonu a znovu sa spoji\u0165 s pr\u00edrodou a so sebou sam\u00fdm. Vydajte sa na jazdu a s\u00fastre\u010fte sa na rytmus \u0161liapania, na pocit vetra na ko\u017ei a na svet a zvuky okolo v\u00e1s. Tento pozorn\u00fd pr\u00edstup v\u00e1m m\u00f4\u017ee pom\u00f4c\u0165 zbavi\u0165 sa stresu a sta\u0165 sa pr\u00edtomn\u00fdmi v danom okamihu.<\/span><\/p>\n<p><b>Skupinov\u00e1 cyklistika pre prepojenie:<\/b><span style=\"font-weight: 400;\"> Ak sa c\u00edtite na dne a neviete pre\u010do, pridanie sa k miestnej cyklistickej skupine alebo n\u00e1jdenie si kamar\u00e1ta, s ktor\u00fdm by ste mohli jazdi\u0165, m\u00f4\u017ee prinies\u0165 zna\u010dn\u00e9 v\u00fdhody. Soci\u00e1lna interakcia a spolo\u010dn\u00e9 z\u00e1\u017eitky m\u00f4\u017eu by\u0165 siln\u00fdm liekom na osamelos\u0165 a izol\u00e1ciu.<\/span><\/p>\n<p><b>Vyzvite sa na zv\u00fd\u0161enie sebad\u00f4very:<\/b><span style=\"font-weight: 400;\"> Ke\u010f motiv\u00e1cia a sebavedomie upadn\u00fa, m\u00f4\u017ee by\u0165 ten spr\u00e1vny \u010das stanovi\u0165 si dosiahnute\u013en\u00e9 ciele a postupne sa pos\u00fava\u0165 \u010falej. Dokon\u010denie n\u00e1ro\u010dnej jazdy alebo dosiahnutie novej vzdialenosti m\u00f4\u017ee by\u0165 siln\u00fdm posil\u0148ova\u010dom sebavedomia.<\/span><\/p>\n<h2><b>Cyklistika pre du\u0161evn\u00e9 zdravie: ve\u013ek\u00fd k\u00fasok sklada\u010dky<\/b><\/h2>\n<p><span style=\"font-weight: 400;\">Cyklistika pon\u00faka mno\u017estvo v\u00fdhod pre psychick\u00fa pohodu. Je v\u0161ak nutn\u00e9 uzna\u0165, \u017ee <strong>pre jednotlivcov, ktor\u00ed z\u00e1pasia s v\u00e1\u017enymi probl\u00e9mami du\u0161evn\u00e9ho zdravia, by sa cyklistika mala pova\u017eova\u0165 za doplnkov\u00fa strat\u00e9giu, nie za ak\u00e9si celkov\u00e9 rie\u0161enie probl\u00e9mu.<\/strong><\/span><\/p>\n<p><span style=\"font-weight: 400;\">Ak poci\u0165ujete dlhodob\u00e9 pr\u00edznaky depresie, \u00fazkosti alebo in\u00fdch negat\u00edvnych stavov du\u0161evn\u00e9ho zdravia, je d\u00f4le\u017eit\u00e9 vyh\u013eada\u0165 odborn\u00fa pomoc. M\u00f4\u017ee to zah\u0155\u0148a\u0165 terapiu, lieky alebo ich kombin\u00e1ciu. Cyklistika m\u00f4\u017ee by\u0165 siln\u00fdm n\u00e1strojom na podporu v\u00e1\u0161ho lie\u010debn\u00e9ho pl\u00e1nu, ale nemala by nahradi\u0165 poradenstvo a podporu, ktor\u00fa pon\u00fakaj\u00fa kvalifikovan\u00ed odborn\u00edci na du\u0161evn\u00e9 zdravie.<\/span><\/p>\n<p><span style=\"font-weight: 400;\"><strong>Svoje cyklistick\u00e9 ciele m\u00f4\u017eete prediskutova\u0165 so svoj\u00edm terapeutom alebo lek\u00e1rom, aby ste sa uistili, \u017ee s\u00fa v s\u00falade s va\u0161\u00edm pl\u00e1nom lie\u010dby.<\/strong> Za\u010dnite postupne, po\u010d\u00favajte svoje telo a pod\u013ea potreby nev\u00e1hajte upravi\u0165 svoj cyklistick\u00fd pl\u00e1n.<\/span><\/p>\n<p><span style=\"font-weight: 400;\">Za\u010dlenen\u00edm cyklistiky do komplexn\u00e9ho pr\u00edstupu m\u00f4\u017eete vyu\u017ei\u0165 jej silu na podporu va\u0161ej cesty k du\u0161evnej pohode. Tak\u017ee si vychutnajte jarn\u00e9 slnie\u010dko, nasko\u010dte na bicykel a \u0161liapnite do ped\u00e1lov, aby ste boli \u0161\u0165astnej\u0161\u00ed a vyrovnanej\u0161\u00ed.<\/span><\/p>\n","protected":false},"excerpt":{"rendered":"<p>Predstavte si, \u017ee va\u0161e zmysly s\u00fa ostrej\u0161ie, ste \u0161\u0165astnej\u0161\u00ed a nabit\u00ed energiou, a to len preto, \u017ee vyjdete von a [&hellip;]<\/p>\n","protected":false},"author":172,"featured_media":16715,"comment_status":"open","ping_status":"open","sticky":false,"template":"","format":"standard","meta":{"footnotes":""},"categories":[2],"tags":[115,1246,1379,514,180,532,803,1633,568,989,784,55,1066,318,161],"global-categories":[],"class_list":["post-19163","post","type-post","status-publish","format-standard","has-post-thumbnail","hentry","category-zdravie-trening","tag-cestna-cyklistika","tag-cyklisticka-komunita","tag-dusevne-zdravie","tag-energia","tag-horska-cyklistika","tag-jazdenie","tag-meditacia","tag-mozog","tag-slnko","tag-spolocenstvo","tag-stres","tag-trening","tag-vitamin-d","tag-vyjazd","tag-zdravie"],"yoast_head":"<!-- This site is optimized with the Yoast SEO Premium plugin v25.3 (Yoast SEO v25.9) - https:\/\/yoast.com\/wordpress\/plugins\/seo\/ -->\n<title>Cyklistika a du\u0161evn\u00e9 zdravie: Soci\u00e1lne a emo\u010dn\u00e9 v\u00fdhody<\/title>\n<meta name=\"description\" content=\"Sta\u010d\u00ed len vyjs\u0165 na jarn\u00e9 slnie\u010dko aby sme zlep\u0161ili na\u0161e du\u0161evn\u00e9 zdravie? Znie to a\u017e pr\u00edli\u0161 jednoducho na to, aby to bola pravda?\" \/>\n<meta name=\"robots\" content=\"index, follow, max-snippet:-1, max-image-preview:large, max-video-preview:-1\" \/>\n<link rel=\"canonical\" href=\"https:\/\/www.welovecycling.com\/sk\/2024\/05\/28\/cyklistikou-k-dobremu-dusevnemu-zdraviu\/\" \/>\n<meta property=\"og:locale\" content=\"sk_SK\" \/>\n<meta property=\"og:type\" content=\"article\" \/>\n<meta property=\"og:title\" content=\"Cyklistikou k dobr\u00e9mu du\u0161evn\u00e9mu zdraviu\" \/>\n<meta property=\"og:description\" content=\"Sta\u010d\u00ed len vyjs\u0165 na jarn\u00e9 slnie\u010dko aby sme zlep\u0161ili na\u0161e du\u0161evn\u00e9 zdravie? Znie to a\u017e pr\u00edli\u0161 jednoducho na to, aby to bola pravda?\" \/>\n<meta property=\"og:url\" content=\"https:\/\/www.welovecycling.com\/sk\/2024\/05\/28\/cyklistikou-k-dobremu-dusevnemu-zdraviu\/\" \/>\n<meta property=\"og:site_name\" content=\"\u0160koda We Love Cycling Slovensko\" \/>\n<meta property=\"article:published_time\" content=\"2024-05-28T11:02:55+00:00\" \/>\n<meta property=\"article:modified_time\" content=\"2024-05-28T11:04:52+00:00\" \/>\n<meta property=\"og:image\" content=\"https:\/\/d2p6e6u75xmxt8.cloudfront.net\/4\/2023\/02\/Algarve-Cycling-profimedia-0658090154-CVR.webp\" \/>\n\t<meta property=\"og:image:width\" content=\"990\" \/>\n\t<meta property=\"og:image:height\" content=\"660\" \/>\n\t<meta property=\"og:image:type\" content=\"image\/webp\" \/>\n<meta name=\"author\" content=\"dominika\" \/>\n<meta name=\"twitter:card\" content=\"summary_large_image\" \/>\n<meta name=\"twitter:label1\" content=\"Written by\" \/>\n\t<meta name=\"twitter:data1\" content=\"Megan Flottorp\" \/>\n\t<meta name=\"twitter:label2\" content=\"Est. reading time\" \/>\n\t<meta name=\"twitter:data2\" content=\"5\" \/>\n<script type=\"application\/ld+json\" class=\"yoast-schema-graph\">{\"@context\":\"https:\/\/schema.org\",\"@graph\":[{\"@type\":\"WebPage\",\"@id\":\"https:\/\/www.welovecycling.com\/sk\/2024\/05\/28\/cyklistikou-k-dobremu-dusevnemu-zdraviu\/\",\"url\":\"https:\/\/www.welovecycling.com\/sk\/2024\/05\/28\/cyklistikou-k-dobremu-dusevnemu-zdraviu\/\",\"name\":\"Cyklistika a du\u0161evn\u00e9 zdravie: Soci\u00e1lne a emo\u010dn\u00e9 v\u00fdhody\",\"isPartOf\":{\"@id\":\"https:\/\/www.welovecycling.com\/sk\/#website\"},\"primaryImageOfPage\":{\"@id\":\"https:\/\/www.welovecycling.com\/sk\/2024\/05\/28\/cyklistikou-k-dobremu-dusevnemu-zdraviu\/#primaryimage\"},\"image\":{\"@id\":\"https:\/\/www.welovecycling.com\/sk\/2024\/05\/28\/cyklistikou-k-dobremu-dusevnemu-zdraviu\/#primaryimage\"},\"thumbnailUrl\":\"https:\/\/d2p6e6u75xmxt8.cloudfront.net\/4\/2023\/02\/Algarve-Cycling-profimedia-0658090154-CVR.webp\",\"datePublished\":\"2024-05-28T11:02:55+00:00\",\"dateModified\":\"2024-05-28T11:04:52+00:00\",\"author\":{\"@id\":\"https:\/\/www.welovecycling.com\/sk\/#\/schema\/person\/533b62b98b6c41bd5135ebfb1f742624\"},\"description\":\"Sta\u010d\u00ed len vyjs\u0165 na jarn\u00e9 slnie\u010dko aby sme zlep\u0161ili na\u0161e du\u0161evn\u00e9 zdravie? Znie to a\u017e pr\u00edli\u0161 jednoducho na to, aby to bola pravda?\",\"breadcrumb\":{\"@id\":\"https:\/\/www.welovecycling.com\/sk\/2024\/05\/28\/cyklistikou-k-dobremu-dusevnemu-zdraviu\/#breadcrumb\"},\"inLanguage\":\"sk-SK\",\"potentialAction\":[{\"@type\":\"ReadAction\",\"target\":[\"https:\/\/www.welovecycling.com\/sk\/2024\/05\/28\/cyklistikou-k-dobremu-dusevnemu-zdraviu\/\"]}]},{\"@type\":\"ImageObject\",\"inLanguage\":\"sk-SK\",\"@id\":\"https:\/\/www.welovecycling.com\/sk\/2024\/05\/28\/cyklistikou-k-dobremu-dusevnemu-zdraviu\/#primaryimage\",\"url\":\"https:\/\/d2p6e6u75xmxt8.cloudfront.net\/4\/2023\/02\/Algarve-Cycling-profimedia-0658090154-CVR.webp\",\"contentUrl\":\"https:\/\/d2p6e6u75xmxt8.cloudfront.net\/4\/2023\/02\/Algarve-Cycling-profimedia-0658090154-CVR.webp\",\"width\":990,\"height\":660,\"caption\":\"Cycling in the Algarve\"},{\"@type\":\"BreadcrumbList\",\"@id\":\"https:\/\/www.welovecycling.com\/sk\/2024\/05\/28\/cyklistikou-k-dobremu-dusevnemu-zdraviu\/#breadcrumb\",\"itemListElement\":[{\"@type\":\"ListItem\",\"position\":1,\"name\":\"Home\",\"item\":\"https:\/\/www.welovecycling.com\/sk\/\"},{\"@type\":\"ListItem\",\"position\":2,\"name\":\"Cyklistikou k dobr\u00e9mu du\u0161evn\u00e9mu zdraviu\"}]},{\"@type\":\"WebSite\",\"@id\":\"https:\/\/www.welovecycling.com\/sk\/#website\",\"url\":\"https:\/\/www.welovecycling.com\/sk\/\",\"name\":\"\u0160koda We Love Cycling Slovensko\",\"description\":\"\u0160koda We Love Cycling Slovensko je v\u00e1\u0161 ka\u017edodenn\u00fd zdroj noviniek a in\u0161pir\u00e1cie z sveta cyklistiky\",\"potentialAction\":[{\"@type\":\"SearchAction\",\"target\":{\"@type\":\"EntryPoint\",\"urlTemplate\":\"https:\/\/www.welovecycling.com\/sk\/?s={search_term_string}\"},\"query-input\":{\"@type\":\"PropertyValueSpecification\",\"valueRequired\":true,\"valueName\":\"search_term_string\"}}],\"inLanguage\":\"sk-SK\"},{\"@type\":\"Person\",\"@id\":\"https:\/\/www.welovecycling.com\/sk\/#\/schema\/person\/533b62b98b6c41bd5135ebfb1f742624\",\"name\":\"dominika\",\"image\":{\"@type\":\"ImageObject\",\"inLanguage\":\"sk-SK\",\"@id\":\"https:\/\/www.welovecycling.com\/sk\/#\/schema\/person\/image\/\",\"url\":\"https:\/\/secure.gravatar.com\/avatar\/ded6f274ba2ec3e17fff153f7d9d96a4b33c2cb63907f75d9a5309c599a7f3e6?s=96&d=mm&r=g\",\"contentUrl\":\"https:\/\/secure.gravatar.com\/avatar\/ded6f274ba2ec3e17fff153f7d9d96a4b33c2cb63907f75d9a5309c599a7f3e6?s=96&d=mm&r=g\",\"caption\":\"dominika\"},\"url\":\"https:\/\/www.welovecycling.com\/sk\/author\/dominika\/\"}]}<\/script>\n<!-- \/ Yoast SEO Premium plugin. -->","yoast_head_json":{"title":"Cyklistika a du\u0161evn\u00e9 zdravie: Soci\u00e1lne a emo\u010dn\u00e9 v\u00fdhody","description":"Sta\u010d\u00ed len vyjs\u0165 na jarn\u00e9 slnie\u010dko aby sme zlep\u0161ili na\u0161e du\u0161evn\u00e9 zdravie? Znie to a\u017e pr\u00edli\u0161 jednoducho na to, aby to bola pravda?","robots":{"index":"index","follow":"follow","max-snippet":"max-snippet:-1","max-image-preview":"max-image-preview:large","max-video-preview":"max-video-preview:-1"},"canonical":"https:\/\/www.welovecycling.com\/sk\/2024\/05\/28\/cyklistikou-k-dobremu-dusevnemu-zdraviu\/","og_locale":"sk_SK","og_type":"article","og_title":"Cyklistikou k dobr\u00e9mu du\u0161evn\u00e9mu zdraviu","og_description":"Sta\u010d\u00ed len vyjs\u0165 na jarn\u00e9 slnie\u010dko aby sme zlep\u0161ili na\u0161e du\u0161evn\u00e9 zdravie? Znie to a\u017e pr\u00edli\u0161 jednoducho na to, aby to bola pravda?","og_url":"https:\/\/www.welovecycling.com\/sk\/2024\/05\/28\/cyklistikou-k-dobremu-dusevnemu-zdraviu\/","og_site_name":"\u0160koda We Love Cycling Slovensko","article_published_time":"2024-05-28T11:02:55+00:00","article_modified_time":"2024-05-28T11:04:52+00:00","og_image":[{"width":990,"height":660,"url":"https:\/\/d2p6e6u75xmxt8.cloudfront.net\/4\/2023\/02\/Algarve-Cycling-profimedia-0658090154-CVR.webp","type":"image\/webp"}],"author":"dominika","twitter_card":"summary_large_image","twitter_misc":{"Written by":"Megan Flottorp","Est. reading time":"5"},"schema":{"@context":"https:\/\/schema.org","@graph":[{"@type":"WebPage","@id":"https:\/\/www.welovecycling.com\/sk\/2024\/05\/28\/cyklistikou-k-dobremu-dusevnemu-zdraviu\/","url":"https:\/\/www.welovecycling.com\/sk\/2024\/05\/28\/cyklistikou-k-dobremu-dusevnemu-zdraviu\/","name":"Cyklistika a du\u0161evn\u00e9 zdravie: Soci\u00e1lne a emo\u010dn\u00e9 v\u00fdhody","isPartOf":{"@id":"https:\/\/www.welovecycling.com\/sk\/#website"},"primaryImageOfPage":{"@id":"https:\/\/www.welovecycling.com\/sk\/2024\/05\/28\/cyklistikou-k-dobremu-dusevnemu-zdraviu\/#primaryimage"},"image":{"@id":"https:\/\/www.welovecycling.com\/sk\/2024\/05\/28\/cyklistikou-k-dobremu-dusevnemu-zdraviu\/#primaryimage"},"thumbnailUrl":"https:\/\/d2p6e6u75xmxt8.cloudfront.net\/4\/2023\/02\/Algarve-Cycling-profimedia-0658090154-CVR.webp","datePublished":"2024-05-28T11:02:55+00:00","dateModified":"2024-05-28T11:04:52+00:00","author":{"@id":"https:\/\/www.welovecycling.com\/sk\/#\/schema\/person\/533b62b98b6c41bd5135ebfb1f742624"},"description":"Sta\u010d\u00ed len vyjs\u0165 na jarn\u00e9 slnie\u010dko aby sme zlep\u0161ili na\u0161e du\u0161evn\u00e9 zdravie? Znie to a\u017e pr\u00edli\u0161 jednoducho na to, aby to bola pravda?","breadcrumb":{"@id":"https:\/\/www.welovecycling.com\/sk\/2024\/05\/28\/cyklistikou-k-dobremu-dusevnemu-zdraviu\/#breadcrumb"},"inLanguage":"sk-SK","potentialAction":[{"@type":"ReadAction","target":["https:\/\/www.welovecycling.com\/sk\/2024\/05\/28\/cyklistikou-k-dobremu-dusevnemu-zdraviu\/"]}]},{"@type":"ImageObject","inLanguage":"sk-SK","@id":"https:\/\/www.welovecycling.com\/sk\/2024\/05\/28\/cyklistikou-k-dobremu-dusevnemu-zdraviu\/#primaryimage","url":"https:\/\/d2p6e6u75xmxt8.cloudfront.net\/4\/2023\/02\/Algarve-Cycling-profimedia-0658090154-CVR.webp","contentUrl":"https:\/\/d2p6e6u75xmxt8.cloudfront.net\/4\/2023\/02\/Algarve-Cycling-profimedia-0658090154-CVR.webp","width":990,"height":660,"caption":"Cycling in the Algarve"},{"@type":"BreadcrumbList","@id":"https:\/\/www.welovecycling.com\/sk\/2024\/05\/28\/cyklistikou-k-dobremu-dusevnemu-zdraviu\/#breadcrumb","itemListElement":[{"@type":"ListItem","position":1,"name":"Home","item":"https:\/\/www.welovecycling.com\/sk\/"},{"@type":"ListItem","position":2,"name":"Cyklistikou k dobr\u00e9mu du\u0161evn\u00e9mu zdraviu"}]},{"@type":"WebSite","@id":"https:\/\/www.welovecycling.com\/sk\/#website","url":"https:\/\/www.welovecycling.com\/sk\/","name":"\u0160koda We Love Cycling Slovensko","description":"\u0160koda We Love Cycling Slovensko je v\u00e1\u0161 ka\u017edodenn\u00fd zdroj noviniek a in\u0161pir\u00e1cie z sveta cyklistiky","potentialAction":[{"@type":"SearchAction","target":{"@type":"EntryPoint","urlTemplate":"https:\/\/www.welovecycling.com\/sk\/?s={search_term_string}"},"query-input":{"@type":"PropertyValueSpecification","valueRequired":true,"valueName":"search_term_string"}}],"inLanguage":"sk-SK"},{"@type":"Person","@id":"https:\/\/www.welovecycling.com\/sk\/#\/schema\/person\/533b62b98b6c41bd5135ebfb1f742624","name":"dominika","image":{"@type":"ImageObject","inLanguage":"sk-SK","@id":"https:\/\/www.welovecycling.com\/sk\/#\/schema\/person\/image\/","url":"https:\/\/secure.gravatar.com\/avatar\/ded6f274ba2ec3e17fff153f7d9d96a4b33c2cb63907f75d9a5309c599a7f3e6?s=96&d=mm&r=g","contentUrl":"https:\/\/secure.gravatar.com\/avatar\/ded6f274ba2ec3e17fff153f7d9d96a4b33c2cb63907f75d9a5309c599a7f3e6?s=96&d=mm&r=g","caption":"dominika"},"url":"https:\/\/www.welovecycling.com\/sk\/author\/dominika\/"}]}},"_links":{"self":[{"href":"https:\/\/www.welovecycling.com\/sk\/wp-json\/wp\/v2\/posts\/19163","targetHints":{"allow":["GET"]}}],"collection":[{"href":"https:\/\/www.welovecycling.com\/sk\/wp-json\/wp\/v2\/posts"}],"about":[{"href":"https:\/\/www.welovecycling.com\/sk\/wp-json\/wp\/v2\/types\/post"}],"author":[{"embeddable":true,"href":"https:\/\/www.welovecycling.com\/sk\/wp-json\/wp\/v2\/users\/172"}],"replies":[{"embeddable":true,"href":"https:\/\/www.welovecycling.com\/sk\/wp-json\/wp\/v2\/comments?post=19163"}],"version-history":[{"count":3,"href":"https:\/\/www.welovecycling.com\/sk\/wp-json\/wp\/v2\/posts\/19163\/revisions"}],"predecessor-version":[{"id":19167,"href":"https:\/\/www.welovecycling.com\/sk\/wp-json\/wp\/v2\/posts\/19163\/revisions\/19167"}],"wp:featuredmedia":[{"embeddable":true,"href":"https:\/\/www.welovecycling.com\/sk\/wp-json\/wp\/v2\/media\/16715"}],"wp:attachment":[{"href":"https:\/\/www.welovecycling.com\/sk\/wp-json\/wp\/v2\/media?parent=19163"}],"wp:term":[{"taxonomy":"category","embeddable":true,"href":"https:\/\/www.welovecycling.com\/sk\/wp-json\/wp\/v2\/categories?post=19163"},{"taxonomy":"post_tag","embeddable":true,"href":"https:\/\/www.welovecycling.com\/sk\/wp-json\/wp\/v2\/tags?post=19163"},{"taxonomy":"global-categories","embeddable":true,"href":"https:\/\/www.welovecycling.com\/sk\/wp-json\/wp\/v2\/global-categories?post=19163"}],"curies":[{"name":"wp","href":"https:\/\/api.w.org\/{rel}","templated":true}]}}