{"id":19136,"date":"2024-05-22T14:00:43","date_gmt":"2024-05-22T12:00:43","guid":{"rendered":"https:\/\/www.welovecycling.com\/sk\/?p=19136"},"modified":"2024-05-22T12:36:07","modified_gmt":"2024-05-22T10:36:07","slug":"reportaz-skoda-mtb-maraton-rajecke-teplice-majstrak-v-krasnom-pocasi","status":"publish","type":"post","link":"https:\/\/www.welovecycling.com\/sk\/2024\/05\/22\/reportaz-skoda-mtb-maraton-rajecke-teplice-majstrak-v-krasnom-pocasi\/","title":{"rendered":"Report\u00e1\u017e: \u0160koda MTB Marat\u00f3n Rajeck\u00e9 Teplice \u2013 majstr\u00e1k v kr\u00e1snom po\u010das\u00ed"},"content":{"rendered":"<p><strong>Druh\u00fd marat\u00f3n zo s\u00e9rie \u0160koda Bike Open Tour sa konal 18. m\u00e1ja 2024 v\u00a0Rajeck\u00fdch Tepliciach. V r\u00e1mci 8. ro\u010dn\u00edka tohto ob\u013e\u00faben\u00e9ho marat\u00f3nu sa konali aj majstrovstv\u00e1 Slovenska v\u00a0XCM \u2013 to znamenalo, \u017ee z\u00a0poh\u013eadu v\u00fdkonov bude \u010do sledova\u0165. Samotn\u00e1 tra\u0165 nie je technicky nijak n\u00e1ro\u010dn\u00e1, v\u010faka tomu sa tu st\u00e1le dr\u017e\u00ed vysok\u00e9 tempo.<\/strong><!--more--><\/p>\n<p><span style=\"font-weight: 400;\">Pre m\u0148a bol toto tret\u00ed ro\u010dn\u00edk. K\u00fdm na <\/span><a href=\"https:\/\/www.welovecycling.com\/sk\/2022\/05\/26\/reportaz-skoda-mtb-maraton-rajecke-teplice-dokonaly-start-sezony\/\" target=\"_blank\" rel=\"noopener\"><span style=\"font-weight: 400;\">prvom<\/span><\/a><span style=\"font-weight: 400;\"> som sa s\u00a0marat\u00f3nmi e\u0161te len zoznamoval a\u00a0pre\u0161iel si stredn\u00fa tra\u0165, <\/span><a href=\"https:\/\/www.welovecycling.com\/sk\/2023\/05\/25\/reportaz-skoda-mtb-maraton-rajecke-teplice-rodinny-vylet-za-family-tratou\/\" target=\"_blank\" rel=\"noopener\"><span style=\"font-weight: 400;\">minul\u00fd rok<\/span><\/a><span style=\"font-weight: 400;\"> som u\u017e prv\u00fdkr\u00e1t absolvoval marat\u00f3nsku dlh\u00fa tra\u0165. Tohto roku som si k\u00a0jubilejn\u00fdm narodenin\u00e1m doprial nov\u00fa XC ma\u0161inu a\u00a0tak som\u00a0bol zvedav\u00fd, ako sa dok\u00e1\u017ee m\u00f4j v\u00fdkon spolu s\u00a0tr\u00e9ningom a\u00a0nov\u00fdm strojom zlep\u0161i\u0165 pr\u00e1ve na marat\u00f3nskej trati.\u00a0<\/span><\/p>\n<p><span style=\"font-weight: 400;\">Celkovo boli k\u00a0dispoz\u00edcii tri trate: <strong>hobby tra\u0165 \u2013 18,5 km\/422 m, polmarat\u00f3nska tra\u0165 \u2013 50 km\/1390 m a marat\u00f3nska tra\u0165 \u2013 80 km\/2300 m.<\/strong>\u00a0<\/span><\/p>\n<p><span style=\"font-weight: 400;\">Po\u010dasie p\u00e1r dn\u00ed pred \u0161tartom bolo dos\u0165 neist\u00e9, nikto nevedel, ako a\u00a0ko\u013eko bude pr\u0161a\u0165. Nakoniec sa uk\u00e1zalo, \u017ee ve\u013ea zr\u00e1\u017eok nespadlo a\u00a0v\u00a0de\u0148 pretekov bolo n\u00e1dhern\u00e9 po\u010dasie.\u00a0<\/span><\/p>\n<p><img loading=\"lazy\" decoding=\"async\" class=\"alignnone size-full wp-image-19138\" src=\"https:\/\/d2p6e6u75xmxt8.cloudfront.net\/4\/2024\/05\/wlc-44.webp\" alt=\"\" width=\"990\" height=\"660\" srcset=\"https:\/\/d2p6e6u75xmxt8.cloudfront.net\/4\/2024\/05\/wlc-44.webp 990w, https:\/\/d2p6e6u75xmxt8.cloudfront.net\/4\/2024\/05\/wlc-44-300x200.webp 300w, https:\/\/d2p6e6u75xmxt8.cloudfront.net\/4\/2024\/05\/wlc-44-768x512.webp 768w, https:\/\/d2p6e6u75xmxt8.cloudfront.net\/4\/2024\/05\/wlc-44-400x267.webp 400w, https:\/\/d2p6e6u75xmxt8.cloudfront.net\/4\/2024\/05\/wlc-44-272x182.webp 272w\" sizes=\"auto, (max-width: 990px) 100vw, 990px\" \/><\/p>\n<h2><b>\u0160tart visel na vl\u00e1sku<\/b><\/h2>\n<p><span style=\"font-weight: 400;\">Moje dni pred \u0161tartom tie\u017e neboli v\u00f4bec ide\u00e1lne. Ob\u010das ma tr\u00e1pia probl\u00e9my s\u00a0chrbtom, konkr\u00e9tne sakroiliak\u00e1lny k\u013ab. <strong>V\u00a0stredu r\u00e1no som sa zobudil s\u00a0takou blok\u00e1ciou chrbta, ako e\u0161te nikdy a\u00a0nevedel som ani chodi\u0165.<\/strong> V\u00f4bec som nech\u00e1pal, z\u00a0\u010doho som si ho tak pre\u0165a\u017eil. V\u00a0k\u00fatiku du\u0161e som ale veril, \u017ee je len polovica t\u00fd\u017ed\u0148a a\u00a0do soboty e\u0161te \u010faleko. <\/span><\/p>\n<p><span style=\"font-weight: 400;\">Dal som si dva dni \u00fapln\u00e9ho oddychu, nav\u0161t\u00edvil fyzioterapeuta a\u00a0v\u00a0piatok ve\u010der mal asi 80-percentn\u00fa hybnos\u0165 tela. Hovor\u00edm si, \u017ee r\u00e1no sa uvid\u00ed, \u010do v\u00a0preklade v\u00a0mojom jazyku znamenalo, \u017ee aby som ne\u0161iel na preteky, nemohol by som sa vedie\u0165 dosta\u0165 do auta. \ud83d\ude42<\/span><\/p>\n<p><span style=\"font-weight: 400;\">\u0160tart mojej marat\u00f3nskej trate bol o\u00a09:00 h r\u00e1no. Bud\u00edk som mal nastaven\u00fd na 5:20 h. Hoci som si urobil \u010dasov\u00fa rezervu, k\u00fdm som sa vymotal a\u00a0dorazil do Rajeck\u00fdch Tepl\u00edc, bolo 8:20 h. Tak si hovor\u00edm, \u017ee akur\u00e1t st\u00edham registr\u00e1ciu a\u00a0na rozjazd u\u017e nebude \u017eiadny \u010das. Vy\u0161iel som si aspo\u0148 za obec na kopec, kam smerovala tra\u0165. <strong>Tu som z\u00e1rove\u0148 zistil, \u017ee pri bicyklovan\u00ed bolesti v\u00a0chrbte v\u00f4bec nec\u00edtim a\u00a0presunul som sa na \u0161tart.<\/strong> Na dlhej trati \u0161tartovalo cez 100 pretek\u00e1rov a\u00a0ke\u010f\u017ee som sa motal,\u00a0tak mi zostalo u\u017e len zadn\u00e9 miesto.\u00a0<\/span><\/p>\n<div id='gallery-1' class='gallery galleryid-19136 gallery-columns-2 gallery-size-full'><figure class='gallery-item'>\n\t\t\t<div class='gallery-icon landscape'>\n\t\t\t\t<a href='https:\/\/d2p6e6u75xmxt8.cloudfront.net\/4\/2024\/05\/wlc-7.webp'><img loading=\"lazy\" decoding=\"async\" width=\"990\" height=\"660\" src=\"https:\/\/d2p6e6u75xmxt8.cloudfront.net\/4\/2024\/05\/wlc-7.webp\" class=\"attachment-full size-full\" alt=\"\" srcset=\"https:\/\/d2p6e6u75xmxt8.cloudfront.net\/4\/2024\/05\/wlc-7.webp 990w, https:\/\/d2p6e6u75xmxt8.cloudfront.net\/4\/2024\/05\/wlc-7-300x200.webp 300w, https:\/\/d2p6e6u75xmxt8.cloudfront.net\/4\/2024\/05\/wlc-7-768x512.webp 768w, https:\/\/d2p6e6u75xmxt8.cloudfront.net\/4\/2024\/05\/wlc-7-400x267.webp 400w, https:\/\/d2p6e6u75xmxt8.cloudfront.net\/4\/2024\/05\/wlc-7-272x182.webp 272w\" sizes=\"auto, (max-width: 990px) 100vw, 990px\" \/><\/a>\n\t\t\t<\/div><\/figure><figure class='gallery-item'>\n\t\t\t<div class='gallery-icon landscape'>\n\t\t\t\t<a href='https:\/\/d2p6e6u75xmxt8.cloudfront.net\/4\/2024\/05\/wlc-8.webp'><img loading=\"lazy\" decoding=\"async\" width=\"990\" height=\"660\" src=\"https:\/\/d2p6e6u75xmxt8.cloudfront.net\/4\/2024\/05\/wlc-8.webp\" class=\"attachment-full size-full\" alt=\"\" srcset=\"https:\/\/d2p6e6u75xmxt8.cloudfront.net\/4\/2024\/05\/wlc-8.webp 990w, https:\/\/d2p6e6u75xmxt8.cloudfront.net\/4\/2024\/05\/wlc-8-300x200.webp 300w, https:\/\/d2p6e6u75xmxt8.cloudfront.net\/4\/2024\/05\/wlc-8-768x512.webp 768w, https:\/\/d2p6e6u75xmxt8.cloudfront.net\/4\/2024\/05\/wlc-8-400x267.webp 400w, https:\/\/d2p6e6u75xmxt8.cloudfront.net\/4\/2024\/05\/wlc-8-272x182.webp 272w\" sizes=\"auto, (max-width: 990px) 100vw, 990px\" \/><\/a>\n\t\t\t<\/div><\/figure>\n\t\t<\/div>\n\n<p><span style=\"font-weight: 400;\">Po kondi\u010dnej str\u00e1nke som sa ale c\u00edtil v\u00fdborne, <\/span><a href=\"https:\/\/www.welovecycling.com\/sk\/2024\/04\/24\/reportaz-skoda-svatojursky-mtb-maraton-2024-idealny-start-do-sezony\/\" target=\"_blank\" rel=\"noopener\"><span style=\"font-weight: 400;\">prv\u00fd marat\u00f3n vo Sv\u00e4tom Jure<\/span><\/a><span style=\"font-weight: 400;\"> bol pr\u00edjemn\u00fd, hoci upr\u0161an\u00fd rozjazd do sez\u00f3ny. Medzit\u00fdm som e\u0161te stihol absolvova\u0165 zop\u00e1r intenz\u00edvnych tr\u00e9ningov, tak som mal od seba ur\u010dit\u00e9 o\u010dak\u00e1vania.\u00a0<\/span><\/p>\n<p><img loading=\"lazy\" decoding=\"async\" class=\"alignnone size-full wp-image-19141\" src=\"https:\/\/d2p6e6u75xmxt8.cloudfront.net\/4\/2024\/05\/00.webp\" alt=\"\" width=\"990\" height=\"660\" srcset=\"https:\/\/d2p6e6u75xmxt8.cloudfront.net\/4\/2024\/05\/00.webp 990w, https:\/\/d2p6e6u75xmxt8.cloudfront.net\/4\/2024\/05\/00-300x200.webp 300w, https:\/\/d2p6e6u75xmxt8.cloudfront.net\/4\/2024\/05\/00-768x512.webp 768w, https:\/\/d2p6e6u75xmxt8.cloudfront.net\/4\/2024\/05\/00-400x267.webp 400w, https:\/\/d2p6e6u75xmxt8.cloudfront.net\/4\/2024\/05\/00-272x182.webp 272w\" sizes=\"auto, (max-width: 990px) 100vw, 990px\" \/><\/p>\n<h2><b>Tempo hne\u010f v \u00favode<\/b><\/h2>\n<p><span style=\"font-weight: 400;\">Rana z\u00a0pi\u0161tole od\u0161tartovala preteky. \u00davod cez obec sa ide za sprievodn\u00fdm vozidlom a\u00a0ke\u010f\u017ee som bol vzadu, chcel som to tro\u0161ku vyu\u017ei\u0165 a predra\u0165 sa dopredu. Tra\u0165 marat\u00f3nu som poznal, tak som si d\u00e1val pozor, aby som to pr\u00edli\u0161 neprestrelil. <strong>Hne\u010f na \u00favod n\u00e1s \u010dak\u00e1 zop\u00e1r strm\u0161\u00edch st\u00fapan\u00ed, kde sa ve\u013emi odd\u00fdchnu\u0165 ned\u00e1.<\/strong><\/span><\/p>\n<p><img loading=\"lazy\" decoding=\"async\" class=\"alignnone size-full wp-image-19142\" src=\"https:\/\/d2p6e6u75xmxt8.cloudfront.net\/4\/2024\/05\/01.webp\" alt=\"\" width=\"990\" height=\"660\" srcset=\"https:\/\/d2p6e6u75xmxt8.cloudfront.net\/4\/2024\/05\/01.webp 990w, https:\/\/d2p6e6u75xmxt8.cloudfront.net\/4\/2024\/05\/01-300x200.webp 300w, https:\/\/d2p6e6u75xmxt8.cloudfront.net\/4\/2024\/05\/01-768x512.webp 768w, https:\/\/d2p6e6u75xmxt8.cloudfront.net\/4\/2024\/05\/01-400x267.webp 400w, https:\/\/d2p6e6u75xmxt8.cloudfront.net\/4\/2024\/05\/01-272x182.webp 272w\" sizes=\"auto, (max-width: 990px) 100vw, 990px\" \/><\/p>\n<p><span style=\"font-weight: 400;\">Tepy mi samozrejme vystrelili a\u00a0s\u00a0citom som sa ich sna\u017eil udr\u017ea\u0165 na rozumnej hranici pri\u00a0dobrom tempe. Mysl\u00edm, \u017ee toto u\u017e chce tro\u0161ku zvyk a\u00a0hlavne hrudn\u00fd p\u00e1s. Na za\u010diatku je e\u0161te plno endorf\u00ednov a adrenal\u00ednu, tak\u017ee \u010dlovek t\u00fa n\u00e1mahu a\u017e tak neregistruje, ale ako vid\u00ed to \u010d\u00edslo a\u00a0chce preteky dokon\u010di\u0165, tak vie, \u017ee sa mus\u00ed kroti\u0165.<\/span><\/p>\n<p><span style=\"font-weight: 400;\">Osobne si v\u0161\u00edmam trochu in\u00fdch cyklistov okolo m\u0148a a\u00a0vid\u00edm, \u017ee niektor\u00ed to zbyto\u010dne silia hne\u010f z\u00a0\u00favodu. <strong>Toto ich stoj\u00ed ve\u013ea s\u00edl a\u00a0nezostane im dos\u0165 energie na nesk\u00f4r.<\/strong> Ak sa nebav\u00edme samozrejme o\u00a0cyklistickej \u0161pi\u010dke na pretekoch, ktor\u00e1 ale u\u017e bola riadne vpredu. \ud83d\ude42\u00a0<\/span><\/p>\n<p><img loading=\"lazy\" decoding=\"async\" class=\"alignnone size-full wp-image-19143\" src=\"https:\/\/d2p6e6u75xmxt8.cloudfront.net\/4\/2024\/05\/WLC-51.webp\" alt=\"\" width=\"990\" height=\"660\" srcset=\"https:\/\/d2p6e6u75xmxt8.cloudfront.net\/4\/2024\/05\/WLC-51.webp 990w, https:\/\/d2p6e6u75xmxt8.cloudfront.net\/4\/2024\/05\/WLC-51-300x200.webp 300w, https:\/\/d2p6e6u75xmxt8.cloudfront.net\/4\/2024\/05\/WLC-51-768x512.webp 768w, https:\/\/d2p6e6u75xmxt8.cloudfront.net\/4\/2024\/05\/WLC-51-400x267.webp 400w, https:\/\/d2p6e6u75xmxt8.cloudfront.net\/4\/2024\/05\/WLC-51-272x182.webp 272w\" sizes=\"auto, (max-width: 990px) 100vw, 990px\" \/><\/p>\n<h2><strong>Pokra\u010dujeme<\/strong><\/h2>\n<p><span style=\"font-weight: 400;\">Dost\u00e1vame sa do obce Str\u00e1nske, odkia\u013e n\u00e1s \u010dak\u00e1 kr\u00e1tky, ale strm\u00fd v\u00fd\u0161\u013eap, aby sme mohli pokra\u010dova\u0165 do doliny. A\u00a0do celkom dlhej doliny. Ide asi o\u00a07-kilometrov\u00e9 st\u00fapanie s\u00a0prev\u00fd\u0161en\u00edm skoro 500 m.\u00a0<\/span><\/p>\n<p><span style=\"font-weight: 400;\">Je to asfaltov\u00e1 cesta, ktor\u00e1 sa zmen\u00ed na udupan\u00fd \u0161trk. <strong>T\u00fdm p\u00e1dom sa tu d\u00e1 dr\u017ea\u0165 naozaj dobr\u00e9 tempo.<\/strong> Po cca 45 min\u00fatach m\u00e1m priemern\u00fd tep 168 \u00faderov a\u00a0v\u00fdkon 290 wattov. Sam\u00e9ho ma to prekvapuje \u2013 aj som sa b\u00e1l, aby som to ne\u013eutoval, ale to zist\u00edm a\u017e nesk\u00f4r.\u00a0<\/span><\/p>\n<p><span style=\"font-weight: 400;\">St\u00fapanie kon\u010d\u00ed hore na kr\u00ed\u017ei, odkia\u013e zase nasleduje po zv\u00e1\u017enici podobne dlh\u00fd zjazd. Miestami je v\u00a0z\u00e1krut\u00e1ch vysypan\u00fd \u0161trk a\u00a0makadam, ktor\u00fd pri ve\u013ekej r\u00fdchlosti dok\u00e1\u017ee prekvapi\u0165. Tento zjazd m\u00e1 v\u00fdhodu hlavne v\u00a0tom, \u017ee sa d\u00e1 neust\u00e1le \u0161liapa\u0165 a\u00a0sedie\u0165, \u010do tro\u0161ku pom\u00f4\u017ee odd\u00fdchnu\u0165 noh\u00e1m. Na HT bicykli sa tu asi oddychuje hor\u0161ie ako na fulle \u263a a\u00a0na graveli asi takmer v\u00f4bec. Inak na strednej trati \u0161tartovali 4 gravelisti.\u00a0<\/span><\/p>\n<p><span style=\"font-weight: 400;\">Po zjazde nasleduje prv\u00fd bufet, beriem si len poh\u00e1r ion\u0165\u00e1ku. \u010cak\u00e1 n\u00e1s druh\u00fd, tro\u0161ku krat\u0161\u00ed, ale zato strm\u0161\u00ed v\u00fd\u0161\u013eap do druhej doliny. Doplnil som e\u0161te jeden g\u00e9l a\u00a0za\u010dal som st\u00fapa\u0165.<\/span><\/p>\n<p><img loading=\"lazy\" decoding=\"async\" class=\"alignnone size-full wp-image-19144\" src=\"https:\/\/d2p6e6u75xmxt8.cloudfront.net\/4\/2024\/05\/wlc-26.webp\" alt=\"\" width=\"990\" height=\"660\" srcset=\"https:\/\/d2p6e6u75xmxt8.cloudfront.net\/4\/2024\/05\/wlc-26.webp 990w, https:\/\/d2p6e6u75xmxt8.cloudfront.net\/4\/2024\/05\/wlc-26-300x200.webp 300w, https:\/\/d2p6e6u75xmxt8.cloudfront.net\/4\/2024\/05\/wlc-26-768x512.webp 768w, https:\/\/d2p6e6u75xmxt8.cloudfront.net\/4\/2024\/05\/wlc-26-400x267.webp 400w, https:\/\/d2p6e6u75xmxt8.cloudfront.net\/4\/2024\/05\/wlc-26-272x182.webp 272w\" sizes=\"auto, (max-width: 990px) 100vw, 990px\" \/><\/p>\n<p><span style=\"font-weight: 400;\">Po jeho zdolan\u00ed n\u00e1s ale ne\u010dak\u00e1 \u010disto zjazd. Budeme sa mota\u0165 pod hrebe\u0148om, ob\u010das tro\u0161ku hore, preva\u017ene ale mus\u00edme \u00eds\u0165 dole. <strong>Je tu aj naj\u0161pinav\u0161ia \u010das\u0165 celej trate. Te\u010d\u00fa tu miestne potoky, tak sa miernemu blatu nevyhneme.<\/strong> Oproti bahenn\u00fdm k\u00fape\u013eom vo Sv\u00e4tom Jure sa to ale ned\u00e1 ani len porovna\u0165. A\u00a0ke\u010f\u017ee tu cez t\u00fd\u017ede\u0148 nespadlo ve\u013ea zr\u00e1\u017eok, tra\u0165 je takmer such\u00e1 a\u00a0pra\u0161n\u00e1.\u00a0<\/span><\/p>\n<p><span style=\"font-weight: 400;\">Pri konci zjazdu n\u00e1s dobehli ebikeri, ktor\u00fd \u0161tartovali na kr\u00e1tkej trati o 9:40 h. Vyu\u017e\u00edvam, \u017ee id\u00fa predo mnou a ke\u010f vid\u00edm, \u017ee tra\u0165 je v\u00a0dobrom stave, tak si to za nimi pust\u00edm naplno. <strong>Tu mi tak v\u017edy preblikne v\u00a0hlave, \u017ee r\u00fati\u0165 sa r\u00fdchlos\u0165ou takmer 70 km\/h po rozbitej zv\u00e1\u017enici je celkom adrenal\u00edn. \ud83d\ude42<\/strong><\/span><\/p>\n<p><img loading=\"lazy\" decoding=\"async\" class=\"alignnone size-full wp-image-19145\" src=\"https:\/\/d2p6e6u75xmxt8.cloudfront.net\/4\/2024\/05\/WLC-52.webp\" alt=\"\" width=\"990\" height=\"660\" srcset=\"https:\/\/d2p6e6u75xmxt8.cloudfront.net\/4\/2024\/05\/WLC-52.webp 990w, https:\/\/d2p6e6u75xmxt8.cloudfront.net\/4\/2024\/05\/WLC-52-300x200.webp 300w, https:\/\/d2p6e6u75xmxt8.cloudfront.net\/4\/2024\/05\/WLC-52-768x512.webp 768w, https:\/\/d2p6e6u75xmxt8.cloudfront.net\/4\/2024\/05\/WLC-52-400x267.webp 400w, https:\/\/d2p6e6u75xmxt8.cloudfront.net\/4\/2024\/05\/WLC-52-272x182.webp 272w\" sizes=\"auto, (max-width: 990px) 100vw, 990px\" \/><\/p>\n<h2><b>Druh\u00e9 kolo<\/b><\/h2>\n<p><span style=\"font-weight: 400;\">Nasleduje asfaltov\u00fd zjazd do Kuneradu, kde sa oto\u010d\u00edme do kr\u00e1tkeho st\u00fapania pred druh\u00fdm bufetom. Ja zastavujem a\u00a0zjem svoje ob\u013e\u00faben\u00e9 ovocie so so\u013eou. Dlho sa ale nezdr\u017eujem a\u00a0dlh\u00e1 tra\u0165 pokra\u010duje do druh\u00e9ho kola. Obidve st\u00fapania absolvujeme znovu.<strong> Osobne je pre m\u0148a jednoduch\u0161ie, ke\u010f viem, na \u010do sa mus\u00edm pripravi\u0165.<\/strong> Z\u00e1rove\u0148 je pre m\u0148a \u0165a\u017ek\u00e9, ke\u010f si uvedom\u00edm, \u017ee tieto st\u00fapania mus\u00edm \u00eds\u0165 znovu. \ud83d\ude42\u00a0<\/span><\/p>\n<p><span style=\"font-weight: 400;\">Tempo som u\u017e tro\u0161ku zvo\u013enil, na prvom v\u00fd\u0161\u013eape som pomal\u0161\u00ed asi o\u00a01 min\u00fatu. Zjazd som ale i\u0161iel na sekundu rovnako. Op\u00e4\u0165 je tu bufet, dop\u013a\u0148am aj vodu, d\u00e1vam g\u00e9l a\u00a0idem na druh\u00fd v\u00fd\u0161\u013eap. Tie\u017e som pomal\u0161\u00ed pribli\u017ene o\u00a0min\u00fatu, ale\u00a0v\u00a0zjazde som dokonca r\u00fdchlej\u0161\u00ed.\u00a0<\/span><\/p>\n<p><span style=\"font-weight: 400;\">Tu dobieham in\u00e9ho pretek\u00e1ra, s\u00a0ktor\u00fdm sa v\u0161etky v\u00fd\u0161\u013eapy a\u00a0zjazdy nah\u00e1\u0148ame. <strong>On mi nalo\u017e\u00ed vo v\u00fd\u0161\u013eape a\u00a0ja si ho v\u017edy dobehnem v\u00a0zjazde.<\/strong> Nako\u013eko je na rovinke do Kuneradu r\u00fdchlej\u0161\u00ed, urob\u00edm za n\u00edm h\u00e1k. Stra\u0161ne to nem\u00e1m r\u00e1d, ke\u010f idem s\u00e1m v\u00fdjazd na cestnom bicykli a\u00a0cudz\u00ed biker sa za m\u0148a takto zaves\u00ed, ale toto s\u00fa preteky. Treba vyu\u017ei\u0165 aj taktiku. \ud83d\ude42<\/span><\/p>\n<p><span style=\"font-weight: 400;\">Po miernom st\u00fapan\u00ed pri chatk\u00e1ch stoj\u00edm na bufete, sna\u017e\u00edm sa ale \u010do najmenej zdr\u017eiava\u0165. D\u00e1vam si zase so\u013e s\u00a0ovoc\u00edm, nako\u013eko u\u017e za\u010d\u00ednam c\u00edti\u0165 tuhnutie svalov. No darmo, tempo, ktor\u00e9 som dok\u00e1zal doteraz dr\u017ea\u0165, ma sam\u00e9ho prekvapilo. Teraz n\u00e1s \u010dak\u00e1 u\u017e len mierne st\u00fapanie a klesania pod horou. Hoci nasleduje posledn\u00fd bufet, \u00fasek na l\u00fakach sa vynech\u00e1va. Rovnako to bolo aj minul\u00fd rok. Preto si mysl\u00edm, \u017ee tak 70 % \u013eud\u00ed tento bufet vynech\u00e1, asi\u00a0bud\u00fa ma\u0165 pln\u00e9 z\u00e1soby. \u263a<\/span><\/p>\n<p><img loading=\"lazy\" decoding=\"async\" class=\"alignnone size-full wp-image-19146\" src=\"https:\/\/d2p6e6u75xmxt8.cloudfront.net\/4\/2024\/05\/wlc-28.webp\" alt=\"\" width=\"990\" height=\"660\" srcset=\"https:\/\/d2p6e6u75xmxt8.cloudfront.net\/4\/2024\/05\/wlc-28.webp 990w, https:\/\/d2p6e6u75xmxt8.cloudfront.net\/4\/2024\/05\/wlc-28-300x200.webp 300w, https:\/\/d2p6e6u75xmxt8.cloudfront.net\/4\/2024\/05\/wlc-28-768x512.webp 768w, https:\/\/d2p6e6u75xmxt8.cloudfront.net\/4\/2024\/05\/wlc-28-400x267.webp 400w, https:\/\/d2p6e6u75xmxt8.cloudfront.net\/4\/2024\/05\/wlc-28-272x182.webp 272w\" sizes=\"auto, (max-width: 990px) 100vw, 990px\" \/><\/p>\n<h2><b>\u00daspe\u0161n\u00fd koniec<\/b><\/h2>\n<p><span style=\"font-weight: 400;\">Po r\u00fdchlom zjazde na l\u00fake smerujeme z\u00a0druhej strany do obce Str\u00e1nske. Tu sa premot\u00e1me e\u0161te dedinou, na ktorej konci vyst\u00fapame na posledn\u00fd kopec a\u00a0sp\u00fa\u0161\u0165ame sa do Rajeck\u00fdch Tepl\u00edc.<strong> St\u00e1le mi zost\u00e1va celkom slu\u0161n\u00e1 porcia energie, tak to za\u010d\u00ednam drti\u0165 \u010do mi nohy sta\u010dia, aby som si \u010do najviac vylep\u0161il \u010das.\u00a0<\/strong><\/span><\/p>\n<p><span style=\"font-weight: 400;\">Cie\u013eov\u00fa \u010diaru pret\u00ednam s\u00a0\u010dasom<strong> 3 hodiny a 50 min\u00fat.<\/strong> Minul\u00fd rok to boli 4 hodiny a 11 min\u00fat. Dok\u00e1zal som sa medziro\u010dne zlep\u0161i\u0165 o\u00a0\u00factyhodn\u00fdch 21 min\u00fat a\u00a0st\u00e1le nie som na pokraji s\u00edl. D\u00e1 sa poveda\u0165, \u017ee \u010do sa t\u00fdka v\u00fdkonu, bol toto zatia\u013e m\u00f4j najlep\u0161\u00ed marat\u00f3n v\u00a0\u017eivote. Ur\u010dite na tom mal podiel aj nov\u00fd bike. Ke\u010f\u017ee sa vynechal posledn\u00fa \u00fasek, tra\u0165 mala celkov\u00fa d\u013a\u017eku nie\u010do cez 76 km a\u00a0nast\u00fapali sme\u00a02 000 m.<\/span><\/p>\n<p><img loading=\"lazy\" decoding=\"async\" class=\"alignnone size-full wp-image-19147\" src=\"https:\/\/d2p6e6u75xmxt8.cloudfront.net\/4\/2024\/05\/WLC-53.webp\" alt=\"\" width=\"990\" height=\"660\" srcset=\"https:\/\/d2p6e6u75xmxt8.cloudfront.net\/4\/2024\/05\/WLC-53.webp 990w, https:\/\/d2p6e6u75xmxt8.cloudfront.net\/4\/2024\/05\/WLC-53-300x200.webp 300w, https:\/\/d2p6e6u75xmxt8.cloudfront.net\/4\/2024\/05\/WLC-53-768x512.webp 768w, https:\/\/d2p6e6u75xmxt8.cloudfront.net\/4\/2024\/05\/WLC-53-400x267.webp 400w, https:\/\/d2p6e6u75xmxt8.cloudfront.net\/4\/2024\/05\/WLC-53-272x182.webp 272w\" sizes=\"auto, (max-width: 990px) 100vw, 990px\" \/><\/p>\n<h2><b>V\u00fdsledky a zhodnotenie<\/b><\/h2>\n<p><span style=\"font-weight: 400;\">Celkov\u00fdm v\u00ed\u0165azom na dlhej trati sa stal <strong>Rudolf Dzure\u0148 s\u00a0\u010dasom 2 hodiny a 57 min\u00fat<\/strong>. Tu aspo\u0148 m\u00f4\u017eem vidie\u0165, \u017ee hoci som sa zlep\u0161il, tak na prv\u00fa prie\u010dku je to st\u00e1le takmer hodina rozdiel. Osobne ale na marat\u00f3ny chod\u00edm pre z\u00e1bavu a\u00a0prekon\u00e1vanie sam\u00e9ho seba, tak\u017ee to beriem s\u00a0\u00fasmevom. \ud83d\ude42<\/span><\/p>\n<p><span style=\"font-weight: 400;\">Zo \u017eien zv\u00ed\u0165azila <strong>Martina Krahulcov\u00e1 s\u00a0\u010dasom 3 hodiny a 29 min\u00fat<\/strong>. Na strednej trati to bol <strong>Filip Sadlo\u0148 s\u00a0\u010dasom 1 hodina a 45 min\u00fat<\/strong> a\u00a0zo \u017eien <strong>Veronika \u010ci\u0161eck\u00e1 s\u00a0\u010dasom 2 hodiny a 12 min\u00fat<\/strong>. Pre zauj\u00edmavos\u0165, prv\u00fd gravelista <strong>Filip Jansky stredn\u00fa \u010das\u0165 dokon\u010dil za 1 hodinu a 59 min\u00fat<\/strong>. Kompletn\u00e9 v\u00fdsledky n\u00e1jdete na <\/span><a href=\"https:\/\/www.sportsofttiming.sk\/sk\/zavod\/overview\/8887\" target=\"_blank\" rel=\"noopener\"><span style=\"font-weight: 400;\">tomto odkaze.<\/span><\/a><\/p>\n<div id='gallery-2' class='gallery galleryid-19136 gallery-columns-2 gallery-size-full'><figure class='gallery-item'>\n\t\t\t<div class='gallery-icon landscape'>\n\t\t\t\t<a href='https:\/\/d2p6e6u75xmxt8.cloudfront.net\/4\/2024\/05\/wlc-42.webp'><img loading=\"lazy\" decoding=\"async\" width=\"990\" height=\"660\" src=\"https:\/\/d2p6e6u75xmxt8.cloudfront.net\/4\/2024\/05\/wlc-42.webp\" class=\"attachment-full size-full\" alt=\"\" srcset=\"https:\/\/d2p6e6u75xmxt8.cloudfront.net\/4\/2024\/05\/wlc-42.webp 990w, https:\/\/d2p6e6u75xmxt8.cloudfront.net\/4\/2024\/05\/wlc-42-300x200.webp 300w, https:\/\/d2p6e6u75xmxt8.cloudfront.net\/4\/2024\/05\/wlc-42-768x512.webp 768w, https:\/\/d2p6e6u75xmxt8.cloudfront.net\/4\/2024\/05\/wlc-42-400x267.webp 400w, https:\/\/d2p6e6u75xmxt8.cloudfront.net\/4\/2024\/05\/wlc-42-272x182.webp 272w\" sizes=\"auto, (max-width: 990px) 100vw, 990px\" \/><\/a>\n\t\t\t<\/div><\/figure><figure class='gallery-item'>\n\t\t\t<div class='gallery-icon landscape'>\n\t\t\t\t<a href='https:\/\/d2p6e6u75xmxt8.cloudfront.net\/4\/2024\/05\/wlc-41.webp'><img loading=\"lazy\" decoding=\"async\" width=\"990\" height=\"660\" src=\"https:\/\/d2p6e6u75xmxt8.cloudfront.net\/4\/2024\/05\/wlc-41.webp\" class=\"attachment-full size-full\" alt=\"\" srcset=\"https:\/\/d2p6e6u75xmxt8.cloudfront.net\/4\/2024\/05\/wlc-41.webp 990w, https:\/\/d2p6e6u75xmxt8.cloudfront.net\/4\/2024\/05\/wlc-41-300x200.webp 300w, https:\/\/d2p6e6u75xmxt8.cloudfront.net\/4\/2024\/05\/wlc-41-768x512.webp 768w, https:\/\/d2p6e6u75xmxt8.cloudfront.net\/4\/2024\/05\/wlc-41-400x267.webp 400w, https:\/\/d2p6e6u75xmxt8.cloudfront.net\/4\/2024\/05\/wlc-41-272x182.webp 272w\" sizes=\"auto, (max-width: 990px) 100vw, 990px\" \/><\/a>\n\t\t\t<\/div><\/figure>\n\t\t<\/div>\n\n<p><span style=\"font-weight: 400;\">Celkovej organiz\u00e1cii ja osobne nem\u00f4\u017eem vytkn\u00fa\u0165 ni\u010d. V\u0161etko bolo s\u00a0preh\u013eadom a dobre vyzna\u010den\u00e9 a\u00a0kde mohlo pr\u00eds\u0165 k\u00a0nejak\u00e9 kol\u00edzii alebo zabl\u00fadeniu, tam bol v\u017edy usporiadate\u013e.\u00a0<\/span><\/p>\n<div id='gallery-3' class='gallery galleryid-19136 gallery-columns-2 gallery-size-full'><figure class='gallery-item'>\n\t\t\t<div class='gallery-icon landscape'>\n\t\t\t\t<a href='https:\/\/d2p6e6u75xmxt8.cloudfront.net\/4\/2024\/05\/wlc-12.webp'><img loading=\"lazy\" decoding=\"async\" width=\"990\" height=\"660\" src=\"https:\/\/d2p6e6u75xmxt8.cloudfront.net\/4\/2024\/05\/wlc-12.webp\" class=\"attachment-full size-full\" alt=\"\" srcset=\"https:\/\/d2p6e6u75xmxt8.cloudfront.net\/4\/2024\/05\/wlc-12.webp 990w, https:\/\/d2p6e6u75xmxt8.cloudfront.net\/4\/2024\/05\/wlc-12-300x200.webp 300w, https:\/\/d2p6e6u75xmxt8.cloudfront.net\/4\/2024\/05\/wlc-12-768x512.webp 768w, https:\/\/d2p6e6u75xmxt8.cloudfront.net\/4\/2024\/05\/wlc-12-400x267.webp 400w, https:\/\/d2p6e6u75xmxt8.cloudfront.net\/4\/2024\/05\/wlc-12-272x182.webp 272w\" sizes=\"auto, (max-width: 990px) 100vw, 990px\" \/><\/a>\n\t\t\t<\/div><\/figure><figure class='gallery-item'>\n\t\t\t<div class='gallery-icon landscape'>\n\t\t\t\t<a href='https:\/\/d2p6e6u75xmxt8.cloudfront.net\/4\/2024\/05\/wlc-15.webp'><img loading=\"lazy\" decoding=\"async\" width=\"990\" height=\"660\" src=\"https:\/\/d2p6e6u75xmxt8.cloudfront.net\/4\/2024\/05\/wlc-15.webp\" class=\"attachment-full size-full\" alt=\"\" srcset=\"https:\/\/d2p6e6u75xmxt8.cloudfront.net\/4\/2024\/05\/wlc-15.webp 990w, https:\/\/d2p6e6u75xmxt8.cloudfront.net\/4\/2024\/05\/wlc-15-300x200.webp 300w, https:\/\/d2p6e6u75xmxt8.cloudfront.net\/4\/2024\/05\/wlc-15-768x512.webp 768w, https:\/\/d2p6e6u75xmxt8.cloudfront.net\/4\/2024\/05\/wlc-15-400x267.webp 400w, https:\/\/d2p6e6u75xmxt8.cloudfront.net\/4\/2024\/05\/wlc-15-272x182.webp 272w\" sizes=\"auto, (max-width: 990px) 100vw, 990px\" \/><\/a>\n\t\t\t<\/div><\/figure>\n\t\t<\/div>\n\n<p><span style=\"font-weight: 400;\">Z\u00e1zemie marat\u00f3nu sa nach\u00e1dzalo na\u00a0k\u00fapalisku Laura, ktor\u00e9 pon\u00faka ve\u013ekorys\u00fd priestor a dobr\u00e9 mo\u017enosti parkovania. Po miernom odpo\u010dinku som vyu\u017eil sprchy a um\u00fdvanie bicyklov. Kto potreboval, bola mu k dispoz\u00edcii aj \u00faschov\u0148a. Tie\u017e mus\u00edm kladne hodnoti\u0165 stravu \u2013 dostali sme kuracie m\u00e4so, ry\u017eu aj\u00a0\u0161al\u00e1t. Na pitie bolo bu\u010f alko alebo nealko pivo. Nenudil sa naozaj nikto, tradi\u010dne pestr\u00e9 z\u00e1zemie vr\u00e1tane \u0160koda Village zabavilo cel\u00fa rodinu.<\/span><\/p>\n<div id='gallery-4' class='gallery galleryid-19136 gallery-columns-2 gallery-size-full'><figure class='gallery-item'>\n\t\t\t<div class='gallery-icon landscape'>\n\t\t\t\t<a href='https:\/\/d2p6e6u75xmxt8.cloudfront.net\/4\/2024\/05\/wlc-4-1.webp'><img loading=\"lazy\" decoding=\"async\" width=\"990\" height=\"660\" src=\"https:\/\/d2p6e6u75xmxt8.cloudfront.net\/4\/2024\/05\/wlc-4-1.webp\" class=\"attachment-full size-full\" alt=\"\" srcset=\"https:\/\/d2p6e6u75xmxt8.cloudfront.net\/4\/2024\/05\/wlc-4-1.webp 990w, https:\/\/d2p6e6u75xmxt8.cloudfront.net\/4\/2024\/05\/wlc-4-1-300x200.webp 300w, https:\/\/d2p6e6u75xmxt8.cloudfront.net\/4\/2024\/05\/wlc-4-1-768x512.webp 768w, https:\/\/d2p6e6u75xmxt8.cloudfront.net\/4\/2024\/05\/wlc-4-1-400x267.webp 400w, https:\/\/d2p6e6u75xmxt8.cloudfront.net\/4\/2024\/05\/wlc-4-1-272x182.webp 272w\" sizes=\"auto, (max-width: 990px) 100vw, 990px\" \/><\/a>\n\t\t\t<\/div><\/figure><figure class='gallery-item'>\n\t\t\t<div class='gallery-icon landscape'>\n\t\t\t\t<a href='https:\/\/d2p6e6u75xmxt8.cloudfront.net\/4\/2024\/05\/wlc-19.webp'><img loading=\"lazy\" decoding=\"async\" width=\"990\" height=\"660\" src=\"https:\/\/d2p6e6u75xmxt8.cloudfront.net\/4\/2024\/05\/wlc-19.webp\" class=\"attachment-full size-full\" alt=\"\" srcset=\"https:\/\/d2p6e6u75xmxt8.cloudfront.net\/4\/2024\/05\/wlc-19.webp 990w, https:\/\/d2p6e6u75xmxt8.cloudfront.net\/4\/2024\/05\/wlc-19-300x200.webp 300w, https:\/\/d2p6e6u75xmxt8.cloudfront.net\/4\/2024\/05\/wlc-19-768x512.webp 768w, https:\/\/d2p6e6u75xmxt8.cloudfront.net\/4\/2024\/05\/wlc-19-400x267.webp 400w, https:\/\/d2p6e6u75xmxt8.cloudfront.net\/4\/2024\/05\/wlc-19-272x182.webp 272w\" sizes=\"auto, (max-width: 990px) 100vw, 990px\" \/><\/a>\n\t\t\t<\/div><\/figure>\n\t\t<\/div>\n\n<div id='gallery-5' class='gallery galleryid-19136 gallery-columns-2 gallery-size-full'><figure class='gallery-item'>\n\t\t\t<div class='gallery-icon landscape'>\n\t\t\t\t<a href='https:\/\/d2p6e6u75xmxt8.cloudfront.net\/4\/2024\/05\/wlc-35.webp'><img loading=\"lazy\" decoding=\"async\" width=\"990\" height=\"660\" src=\"https:\/\/d2p6e6u75xmxt8.cloudfront.net\/4\/2024\/05\/wlc-35.webp\" class=\"attachment-full size-full\" alt=\"\" srcset=\"https:\/\/d2p6e6u75xmxt8.cloudfront.net\/4\/2024\/05\/wlc-35.webp 990w, https:\/\/d2p6e6u75xmxt8.cloudfront.net\/4\/2024\/05\/wlc-35-300x200.webp 300w, https:\/\/d2p6e6u75xmxt8.cloudfront.net\/4\/2024\/05\/wlc-35-768x512.webp 768w, https:\/\/d2p6e6u75xmxt8.cloudfront.net\/4\/2024\/05\/wlc-35-400x267.webp 400w, https:\/\/d2p6e6u75xmxt8.cloudfront.net\/4\/2024\/05\/wlc-35-272x182.webp 272w\" sizes=\"auto, (max-width: 990px) 100vw, 990px\" \/><\/a>\n\t\t\t<\/div><\/figure><figure class='gallery-item'>\n\t\t\t<div class='gallery-icon landscape'>\n\t\t\t\t<a href='https:\/\/d2p6e6u75xmxt8.cloudfront.net\/4\/2024\/05\/wlc-49.webp'><img loading=\"lazy\" decoding=\"async\" width=\"990\" height=\"660\" src=\"https:\/\/d2p6e6u75xmxt8.cloudfront.net\/4\/2024\/05\/wlc-49.webp\" class=\"attachment-full size-full\" alt=\"\" srcset=\"https:\/\/d2p6e6u75xmxt8.cloudfront.net\/4\/2024\/05\/wlc-49.webp 990w, https:\/\/d2p6e6u75xmxt8.cloudfront.net\/4\/2024\/05\/wlc-49-300x200.webp 300w, https:\/\/d2p6e6u75xmxt8.cloudfront.net\/4\/2024\/05\/wlc-49-768x512.webp 768w, https:\/\/d2p6e6u75xmxt8.cloudfront.net\/4\/2024\/05\/wlc-49-400x267.webp 400w, https:\/\/d2p6e6u75xmxt8.cloudfront.net\/4\/2024\/05\/wlc-49-272x182.webp 272w\" sizes=\"auto, (max-width: 990px) 100vw, 990px\" \/><\/a>\n\t\t\t<\/div><\/figure>\n\t\t<\/div>\n\n<p><span style=\"font-weight: 400;\">Okolo 15:30 h nasledovalo vyhlasovanie v\u00fdsledkov a\u00a0tombola, na ktorej som sa u\u017e ale nez\u00fa\u010dastnil. <strong>U\u017e teraz sa te\u0161\u00edm na \u010fal\u0161ie kolo s\u00e9rie \u0160koda Bike Open Tour, ktor\u00e9 sa uskuto\u010dn\u00ed v <\/strong><\/span><strong><a href=\"https:\/\/www.welovecycling.com\/sk\/2024\/05\/04\/pozvanka-skoda-slovensky-raj-namiesto-turistiky-mtb-maraton\/\" target=\"_blank\" rel=\"noopener\">Slovenskom raji<\/a> 8. j\u00fana 2024!<\/strong><\/p>\n<p>Cel\u00fa fotogal\u00e9riu si m\u00f4\u017eete pozrie\u0165 na <a href=\"https:\/\/www.welovecycling.com\/sk\/2024\/05\/22\/foto-skoda-mtb-rajecke-teplice-2024\/\" target=\"_blank\" rel=\"noopener\">tomto odkaze<\/a>.<\/p>\n<p>&nbsp;<\/p>\n<p><span style=\"font-weight: 400;\">Zdroj fotografi\u00ed: arch\u00edv autora, Peter Regec<\/span><\/p>\n","protected":false},"excerpt":{"rendered":"<p>Druh\u00fd marat\u00f3n zo s\u00e9rie \u0160koda Bike Open Tour sa konal 18. m\u00e1ja 2024 v\u00a0Rajeck\u00fdch Tepliciach. V r\u00e1mci 8. ro\u010dn\u00edka tohto [&hellip;]<\/p>\n","protected":false},"author":172,"featured_media":19137,"comment_status":"open","ping_status":"open","sticky":false,"template":"","format":"standard","meta":{"footnotes":""},"categories":[38],"tags":[319,180,178,412,931,179,39,1615,542,35],"global-categories":[1074],"class_list":["post-19136","post","type-post","status-publish","format-standard","has-post-thumbnail","hentry","category-reportaz","tag-adrenalin","tag-horska-cyklistika","tag-maraton","tag-mtb","tag-odporucame","tag-preteky","tag-reportaz","tag-sezona-2024","tag-skoda","tag-sbot","global-categories-cycling"],"yoast_head":"<!-- This site is optimized with the Yoast SEO Premium plugin v25.3 (Yoast SEO v25.9) - https:\/\/yoast.com\/wordpress\/plugins\/seo\/ -->\n<title>Report\u00e1\u017e: \u0160koda MTB Marat\u00f3n Rajeck\u00e9 Teplice \u2013 majstr\u00e1k v kr\u00e1snom po\u010das\u00ed<\/title>\n<meta name=\"description\" content=\"Druh\u00fd marat\u00f3n zo s\u00e9rie \u0160koda Bike Open Tour sa konal 18. m\u00e1ja 2024 v\u00a0Rajeck\u00fdch Tepliciach. Pozrime sa ako prebiehal\" \/>\n<meta name=\"robots\" content=\"index, follow, max-snippet:-1, max-image-preview:large, max-video-preview:-1\" \/>\n<link rel=\"canonical\" href=\"https:\/\/www.welovecycling.com\/sk\/2024\/05\/22\/reportaz-skoda-mtb-maraton-rajecke-teplice-majstrak-v-krasnom-pocasi\/\" \/>\n<meta property=\"og:locale\" content=\"sk_SK\" \/>\n<meta property=\"og:type\" content=\"article\" \/>\n<meta property=\"og:title\" content=\"Report\u00e1\u017e: \u0160koda MTB Marat\u00f3n Rajeck\u00e9 Teplice \u2013 majstr\u00e1k v kr\u00e1snom po\u010das\u00ed\" \/>\n<meta property=\"og:description\" content=\"Druh\u00fd marat\u00f3n zo s\u00e9rie \u0160koda Bike Open Tour sa konal 18. m\u00e1ja 2024 v\u00a0Rajeck\u00fdch Tepliciach. Pozrime sa ako prebiehal\" \/>\n<meta property=\"og:url\" content=\"https:\/\/www.welovecycling.com\/sk\/2024\/05\/22\/reportaz-skoda-mtb-maraton-rajecke-teplice-majstrak-v-krasnom-pocasi\/\" \/>\n<meta property=\"og:site_name\" content=\"\u0160koda We Love Cycling Slovensko\" \/>\n<meta property=\"article:published_time\" content=\"2024-05-22T12:00:43+00:00\" \/>\n<meta property=\"og:image\" content=\"https:\/\/d2p6e6u75xmxt8.cloudfront.net\/4\/2024\/05\/wlc-5-1.webp\" \/>\n\t<meta property=\"og:image:width\" content=\"990\" \/>\n\t<meta property=\"og:image:height\" content=\"660\" \/>\n\t<meta property=\"og:image:type\" content=\"image\/webp\" \/>\n<meta name=\"author\" content=\"dominika\" \/>\n<meta name=\"twitter:card\" content=\"summary_large_image\" \/>\n<meta name=\"twitter:label1\" content=\"Written by\" \/>\n\t<meta name=\"twitter:data1\" content=\"Erik Horv\u00e1th\" \/>\n\t<meta name=\"twitter:label2\" content=\"Est. reading time\" \/>\n\t<meta name=\"twitter:data2\" content=\"8\" \/>\n<script type=\"application\/ld+json\" class=\"yoast-schema-graph\">{\"@context\":\"https:\/\/schema.org\",\"@graph\":[{\"@type\":\"WebPage\",\"@id\":\"https:\/\/www.welovecycling.com\/sk\/2024\/05\/22\/reportaz-skoda-mtb-maraton-rajecke-teplice-majstrak-v-krasnom-pocasi\/\",\"url\":\"https:\/\/www.welovecycling.com\/sk\/2024\/05\/22\/reportaz-skoda-mtb-maraton-rajecke-teplice-majstrak-v-krasnom-pocasi\/\",\"name\":\"Report\u00e1\u017e: \u0160koda MTB Marat\u00f3n Rajeck\u00e9 Teplice \u2013 majstr\u00e1k v kr\u00e1snom po\u010das\u00ed\",\"isPartOf\":{\"@id\":\"https:\/\/www.welovecycling.com\/sk\/#website\"},\"primaryImageOfPage\":{\"@id\":\"https:\/\/www.welovecycling.com\/sk\/2024\/05\/22\/reportaz-skoda-mtb-maraton-rajecke-teplice-majstrak-v-krasnom-pocasi\/#primaryimage\"},\"image\":{\"@id\":\"https:\/\/www.welovecycling.com\/sk\/2024\/05\/22\/reportaz-skoda-mtb-maraton-rajecke-teplice-majstrak-v-krasnom-pocasi\/#primaryimage\"},\"thumbnailUrl\":\"https:\/\/d2p6e6u75xmxt8.cloudfront.net\/4\/2024\/05\/wlc-5-1.webp\",\"datePublished\":\"2024-05-22T12:00:43+00:00\",\"author\":{\"@id\":\"https:\/\/www.welovecycling.com\/sk\/#\/schema\/person\/533b62b98b6c41bd5135ebfb1f742624\"},\"description\":\"Druh\u00fd marat\u00f3n zo s\u00e9rie \u0160koda Bike Open Tour sa konal 18. m\u00e1ja 2024 v\u00a0Rajeck\u00fdch Tepliciach. Pozrime sa ako prebiehal\",\"breadcrumb\":{\"@id\":\"https:\/\/www.welovecycling.com\/sk\/2024\/05\/22\/reportaz-skoda-mtb-maraton-rajecke-teplice-majstrak-v-krasnom-pocasi\/#breadcrumb\"},\"inLanguage\":\"sk-SK\",\"potentialAction\":[{\"@type\":\"ReadAction\",\"target\":[\"https:\/\/www.welovecycling.com\/sk\/2024\/05\/22\/reportaz-skoda-mtb-maraton-rajecke-teplice-majstrak-v-krasnom-pocasi\/\"]}]},{\"@type\":\"ImageObject\",\"inLanguage\":\"sk-SK\",\"@id\":\"https:\/\/www.welovecycling.com\/sk\/2024\/05\/22\/reportaz-skoda-mtb-maraton-rajecke-teplice-majstrak-v-krasnom-pocasi\/#primaryimage\",\"url\":\"https:\/\/d2p6e6u75xmxt8.cloudfront.net\/4\/2024\/05\/wlc-5-1.webp\",\"contentUrl\":\"https:\/\/d2p6e6u75xmxt8.cloudfront.net\/4\/2024\/05\/wlc-5-1.webp\",\"width\":990,\"height\":660},{\"@type\":\"BreadcrumbList\",\"@id\":\"https:\/\/www.welovecycling.com\/sk\/2024\/05\/22\/reportaz-skoda-mtb-maraton-rajecke-teplice-majstrak-v-krasnom-pocasi\/#breadcrumb\",\"itemListElement\":[{\"@type\":\"ListItem\",\"position\":1,\"name\":\"Home\",\"item\":\"https:\/\/www.welovecycling.com\/sk\/\"},{\"@type\":\"ListItem\",\"position\":2,\"name\":\"Report\u00e1\u017e: \u0160koda MTB Marat\u00f3n Rajeck\u00e9 Teplice \u2013 majstr\u00e1k v kr\u00e1snom po\u010das\u00ed\"}]},{\"@type\":\"WebSite\",\"@id\":\"https:\/\/www.welovecycling.com\/sk\/#website\",\"url\":\"https:\/\/www.welovecycling.com\/sk\/\",\"name\":\"\u0160koda We Love Cycling Slovensko\",\"description\":\"\u0160koda We Love Cycling Slovensko je v\u00e1\u0161 ka\u017edodenn\u00fd zdroj noviniek a in\u0161pir\u00e1cie z sveta cyklistiky\",\"potentialAction\":[{\"@type\":\"SearchAction\",\"target\":{\"@type\":\"EntryPoint\",\"urlTemplate\":\"https:\/\/www.welovecycling.com\/sk\/?s={search_term_string}\"},\"query-input\":{\"@type\":\"PropertyValueSpecification\",\"valueRequired\":true,\"valueName\":\"search_term_string\"}}],\"inLanguage\":\"sk-SK\"},{\"@type\":\"Person\",\"@id\":\"https:\/\/www.welovecycling.com\/sk\/#\/schema\/person\/533b62b98b6c41bd5135ebfb1f742624\",\"name\":\"dominika\",\"image\":{\"@type\":\"ImageObject\",\"inLanguage\":\"sk-SK\",\"@id\":\"https:\/\/www.welovecycling.com\/sk\/#\/schema\/person\/image\/\",\"url\":\"https:\/\/secure.gravatar.com\/avatar\/ded6f274ba2ec3e17fff153f7d9d96a4b33c2cb63907f75d9a5309c599a7f3e6?s=96&d=mm&r=g\",\"contentUrl\":\"https:\/\/secure.gravatar.com\/avatar\/ded6f274ba2ec3e17fff153f7d9d96a4b33c2cb63907f75d9a5309c599a7f3e6?s=96&d=mm&r=g\",\"caption\":\"dominika\"},\"url\":\"https:\/\/www.welovecycling.com\/sk\/author\/dominika\/\"}]}<\/script>\n<!-- \/ Yoast SEO Premium plugin. -->","yoast_head_json":{"title":"Report\u00e1\u017e: \u0160koda MTB Marat\u00f3n Rajeck\u00e9 Teplice \u2013 majstr\u00e1k v kr\u00e1snom po\u010das\u00ed","description":"Druh\u00fd marat\u00f3n zo s\u00e9rie \u0160koda Bike Open Tour sa konal 18. m\u00e1ja 2024 v\u00a0Rajeck\u00fdch Tepliciach. Pozrime sa ako prebiehal","robots":{"index":"index","follow":"follow","max-snippet":"max-snippet:-1","max-image-preview":"max-image-preview:large","max-video-preview":"max-video-preview:-1"},"canonical":"https:\/\/www.welovecycling.com\/sk\/2024\/05\/22\/reportaz-skoda-mtb-maraton-rajecke-teplice-majstrak-v-krasnom-pocasi\/","og_locale":"sk_SK","og_type":"article","og_title":"Report\u00e1\u017e: \u0160koda MTB Marat\u00f3n Rajeck\u00e9 Teplice \u2013 majstr\u00e1k v kr\u00e1snom po\u010das\u00ed","og_description":"Druh\u00fd marat\u00f3n zo s\u00e9rie \u0160koda Bike Open Tour sa konal 18. m\u00e1ja 2024 v\u00a0Rajeck\u00fdch Tepliciach. Pozrime sa ako prebiehal","og_url":"https:\/\/www.welovecycling.com\/sk\/2024\/05\/22\/reportaz-skoda-mtb-maraton-rajecke-teplice-majstrak-v-krasnom-pocasi\/","og_site_name":"\u0160koda We Love Cycling Slovensko","article_published_time":"2024-05-22T12:00:43+00:00","og_image":[{"width":990,"height":660,"url":"https:\/\/d2p6e6u75xmxt8.cloudfront.net\/4\/2024\/05\/wlc-5-1.webp","type":"image\/webp"}],"author":"dominika","twitter_card":"summary_large_image","twitter_misc":{"Written by":"Erik Horv\u00e1th","Est. reading time":"8"},"schema":{"@context":"https:\/\/schema.org","@graph":[{"@type":"WebPage","@id":"https:\/\/www.welovecycling.com\/sk\/2024\/05\/22\/reportaz-skoda-mtb-maraton-rajecke-teplice-majstrak-v-krasnom-pocasi\/","url":"https:\/\/www.welovecycling.com\/sk\/2024\/05\/22\/reportaz-skoda-mtb-maraton-rajecke-teplice-majstrak-v-krasnom-pocasi\/","name":"Report\u00e1\u017e: \u0160koda MTB Marat\u00f3n Rajeck\u00e9 Teplice \u2013 majstr\u00e1k v kr\u00e1snom po\u010das\u00ed","isPartOf":{"@id":"https:\/\/www.welovecycling.com\/sk\/#website"},"primaryImageOfPage":{"@id":"https:\/\/www.welovecycling.com\/sk\/2024\/05\/22\/reportaz-skoda-mtb-maraton-rajecke-teplice-majstrak-v-krasnom-pocasi\/#primaryimage"},"image":{"@id":"https:\/\/www.welovecycling.com\/sk\/2024\/05\/22\/reportaz-skoda-mtb-maraton-rajecke-teplice-majstrak-v-krasnom-pocasi\/#primaryimage"},"thumbnailUrl":"https:\/\/d2p6e6u75xmxt8.cloudfront.net\/4\/2024\/05\/wlc-5-1.webp","datePublished":"2024-05-22T12:00:43+00:00","author":{"@id":"https:\/\/www.welovecycling.com\/sk\/#\/schema\/person\/533b62b98b6c41bd5135ebfb1f742624"},"description":"Druh\u00fd marat\u00f3n zo s\u00e9rie \u0160koda Bike Open Tour sa konal 18. m\u00e1ja 2024 v\u00a0Rajeck\u00fdch Tepliciach. Pozrime sa ako prebiehal","breadcrumb":{"@id":"https:\/\/www.welovecycling.com\/sk\/2024\/05\/22\/reportaz-skoda-mtb-maraton-rajecke-teplice-majstrak-v-krasnom-pocasi\/#breadcrumb"},"inLanguage":"sk-SK","potentialAction":[{"@type":"ReadAction","target":["https:\/\/www.welovecycling.com\/sk\/2024\/05\/22\/reportaz-skoda-mtb-maraton-rajecke-teplice-majstrak-v-krasnom-pocasi\/"]}]},{"@type":"ImageObject","inLanguage":"sk-SK","@id":"https:\/\/www.welovecycling.com\/sk\/2024\/05\/22\/reportaz-skoda-mtb-maraton-rajecke-teplice-majstrak-v-krasnom-pocasi\/#primaryimage","url":"https:\/\/d2p6e6u75xmxt8.cloudfront.net\/4\/2024\/05\/wlc-5-1.webp","contentUrl":"https:\/\/d2p6e6u75xmxt8.cloudfront.net\/4\/2024\/05\/wlc-5-1.webp","width":990,"height":660},{"@type":"BreadcrumbList","@id":"https:\/\/www.welovecycling.com\/sk\/2024\/05\/22\/reportaz-skoda-mtb-maraton-rajecke-teplice-majstrak-v-krasnom-pocasi\/#breadcrumb","itemListElement":[{"@type":"ListItem","position":1,"name":"Home","item":"https:\/\/www.welovecycling.com\/sk\/"},{"@type":"ListItem","position":2,"name":"Report\u00e1\u017e: \u0160koda MTB Marat\u00f3n Rajeck\u00e9 Teplice \u2013 majstr\u00e1k v kr\u00e1snom po\u010das\u00ed"}]},{"@type":"WebSite","@id":"https:\/\/www.welovecycling.com\/sk\/#website","url":"https:\/\/www.welovecycling.com\/sk\/","name":"\u0160koda We Love Cycling Slovensko","description":"\u0160koda We Love Cycling Slovensko je v\u00e1\u0161 ka\u017edodenn\u00fd zdroj noviniek a in\u0161pir\u00e1cie z sveta cyklistiky","potentialAction":[{"@type":"SearchAction","target":{"@type":"EntryPoint","urlTemplate":"https:\/\/www.welovecycling.com\/sk\/?s={search_term_string}"},"query-input":{"@type":"PropertyValueSpecification","valueRequired":true,"valueName":"search_term_string"}}],"inLanguage":"sk-SK"},{"@type":"Person","@id":"https:\/\/www.welovecycling.com\/sk\/#\/schema\/person\/533b62b98b6c41bd5135ebfb1f742624","name":"dominika","image":{"@type":"ImageObject","inLanguage":"sk-SK","@id":"https:\/\/www.welovecycling.com\/sk\/#\/schema\/person\/image\/","url":"https:\/\/secure.gravatar.com\/avatar\/ded6f274ba2ec3e17fff153f7d9d96a4b33c2cb63907f75d9a5309c599a7f3e6?s=96&d=mm&r=g","contentUrl":"https:\/\/secure.gravatar.com\/avatar\/ded6f274ba2ec3e17fff153f7d9d96a4b33c2cb63907f75d9a5309c599a7f3e6?s=96&d=mm&r=g","caption":"dominika"},"url":"https:\/\/www.welovecycling.com\/sk\/author\/dominika\/"}]}},"_links":{"self":[{"href":"https:\/\/www.welovecycling.com\/sk\/wp-json\/wp\/v2\/posts\/19136","targetHints":{"allow":["GET"]}}],"collection":[{"href":"https:\/\/www.welovecycling.com\/sk\/wp-json\/wp\/v2\/posts"}],"about":[{"href":"https:\/\/www.welovecycling.com\/sk\/wp-json\/wp\/v2\/types\/post"}],"author":[{"embeddable":true,"href":"https:\/\/www.welovecycling.com\/sk\/wp-json\/wp\/v2\/users\/172"}],"replies":[{"embeddable":true,"href":"https:\/\/www.welovecycling.com\/sk\/wp-json\/wp\/v2\/comments?post=19136"}],"version-history":[{"count":4,"href":"https:\/\/www.welovecycling.com\/sk\/wp-json\/wp\/v2\/posts\/19136\/revisions"}],"predecessor-version":[{"id":19159,"href":"https:\/\/www.welovecycling.com\/sk\/wp-json\/wp\/v2\/posts\/19136\/revisions\/19159"}],"wp:featuredmedia":[{"embeddable":true,"href":"https:\/\/www.welovecycling.com\/sk\/wp-json\/wp\/v2\/media\/19137"}],"wp:attachment":[{"href":"https:\/\/www.welovecycling.com\/sk\/wp-json\/wp\/v2\/media?parent=19136"}],"wp:term":[{"taxonomy":"category","embeddable":true,"href":"https:\/\/www.welovecycling.com\/sk\/wp-json\/wp\/v2\/categories?post=19136"},{"taxonomy":"post_tag","embeddable":true,"href":"https:\/\/www.welovecycling.com\/sk\/wp-json\/wp\/v2\/tags?post=19136"},{"taxonomy":"global-categories","embeddable":true,"href":"https:\/\/www.welovecycling.com\/sk\/wp-json\/wp\/v2\/global-categories?post=19136"}],"curies":[{"name":"wp","href":"https:\/\/api.w.org\/{rel}","templated":true}]}}