{"id":19099,"date":"2024-05-17T09:00:57","date_gmt":"2024-05-17T07:00:57","guid":{"rendered":"https:\/\/www.welovecycling.com\/sk\/?p=19099"},"modified":"2024-05-29T11:02:58","modified_gmt":"2024-05-29T09:02:58","slug":"serial-ako-sa-stat-cyklistom-14-cyklistika-v-dobrej-spolocnosti","status":"publish","type":"post","link":"https:\/\/www.welovecycling.com\/sk\/2024\/05\/17\/serial-ako-sa-stat-cyklistom-14-cyklistika-v-dobrej-spolocnosti\/","title":{"rendered":"Seri\u00e1l: Ako sa sta\u0165 cyklistom &#8211; 14. Cyklistika v dobrej spolo\u010dnosti"},"content":{"rendered":"<p><strong>Cyklistka je individu\u00e1lny \u0161port a na to, aby ste si dobre zajazdili, nepotrebujete \u017eiadneho par\u0165\u00e1ka. Len\u017ee vo dvojici sa to lep\u0161ie \u0165ah\u00e1 a plat\u00ed to doslova aj v tomto \u0161porte. A nielen vo dvojici. Pokojne m\u00f4\u017eete by\u0165 nieko\u013eko\u010dlenn\u00e1 skupina a o to bude z\u00e1bava lep\u0161ia. Pozrime sa na mo\u017enosti, kde a ako si zajazdi\u0165 v dobrej spolo\u010dnosti.\u00a0<\/strong><!--more--><\/p>\n<h2><strong>Komunitn\u00e9 jazdy<\/strong><\/h2>\n<p><span style=\"font-weight: 400;\">Komunitn\u00e9 jazdy s\u00fa skvel\u00fd sp\u00f4sob, ako si sk\u00fasi\u0165 jazdu s v\u00e4\u010d\u0161ou skupinou cyklistov. V ponuke n\u00e1jdete viacero tak\u00fdchto akci\u00ed a jednu z nich napr\u00edklad organizuje pravidelne MTBIKER, alebo nes\u00fa\u0165a\u017en\u00e9 podujatie Okolo Doma\u0161e, ktor\u00e9 je zap\u00edsan\u00e9 do Slovenskej knihy rekordov. Spozn\u00e1te sa s kopou rovnako naladen\u00fdch \u013eud\u00ed ako vy a za\u017eijete nie\u010do neopakovate\u013en\u00e9. U\u017e len fakt, \u017ee pri tom ve\u013ekom mno\u017estve \u00fa\u010dastn\u00edkov p\u00f4jdete v akomsi pelot\u00f3ne, m\u00e1 svoje \u010daro. Ur\u010dite vyu\u017eite t\u00fato mo\u017enos\u0165. Najbli\u017e\u0161ie m\u00f4\u017eete spozna\u0165 napr. <\/span><a href=\"https:\/\/www.mtbiker.sk\/clanky\/128317\/pozvanka-mtbiker-komunitna-jazda-podpolanie-objav-s-nami-lazy.html\" target=\"_blank\" rel=\"noopener\"><span style=\"font-weight: 400;\">kr\u00e1sy Podpo\u013eania<\/span><\/a><span style=\"font-weight: 400;\"> u\u017e v sobotu 25. m\u00e1ja 2024 alebo sa 8. j\u00fana 2024 povozi\u0165 po <a href=\"https:\/\/www.mtbiker.sk\/clanky\/128379\/pozvanka-mtbiker-komunitna-jazda-regionom-trnava-polia-slnko-pohoda.html\">gravel \u201epo\u013e\u0148a\u010dk\u00e1ch&#8220;<\/a>.<\/span><\/p>\n<p>&nbsp;<\/p>\n<p><img loading=\"lazy\" decoding=\"async\" class=\"alignnone size-full wp-image-19100\" src=\"https:\/\/d2p6e6u75xmxt8.cloudfront.net\/4\/2024\/05\/komunita-3.webp\" alt=\"\" width=\"990\" height=\"660\" srcset=\"https:\/\/d2p6e6u75xmxt8.cloudfront.net\/4\/2024\/05\/komunita-3.webp 990w, https:\/\/d2p6e6u75xmxt8.cloudfront.net\/4\/2024\/05\/komunita-3-300x200.webp 300w, https:\/\/d2p6e6u75xmxt8.cloudfront.net\/4\/2024\/05\/komunita-3-768x512.webp 768w, https:\/\/d2p6e6u75xmxt8.cloudfront.net\/4\/2024\/05\/komunita-3-400x267.webp 400w, https:\/\/d2p6e6u75xmxt8.cloudfront.net\/4\/2024\/05\/komunita-3-272x182.webp 272w\" sizes=\"auto, (max-width: 990px) 100vw, 990px\" \/><\/p>\n<h2><strong>Cyklistick\u00e9 kluby<\/strong><\/h2>\n<p><span style=\"font-weight: 400;\">Cyklistick\u00e9 kluby n\u00e1m tu \u00faspe\u0161ne vznikaj\u00fa popri ka\u017edom v\u00e4\u010d\u0161om \u010di men\u0161om meste. Z niektor\u00fdmi z nich ste u\u017e aj na na\u0161ich str\u00e1nkach \u010d\u00edtali rozhovory, tak sa m\u00f4\u017eete in\u0161pirova\u0165 &#8211; <\/span><a href=\"https:\/\/www.welovecycling.com\/sk\/2024\/04\/12\/rozhovor-wlrmcc-jazdime-podla-nalady-a-pocasia\/\" target=\"_blank\" rel=\"noopener\"><span style=\"font-weight: 400;\">WLRMcc<\/span><\/a><span style=\"font-weight: 400;\">, <\/span><a href=\"https:\/\/www.welovecycling.com\/sk\/2022\/09\/28\/skoda-bike-open-tour-2022-a-bajkerky-krasky-slovenska-pokope\/\" target=\"_blank\" rel=\"noopener\"><span style=\"font-weight: 400;\">Bajkerky<\/span><\/a><span style=\"font-weight: 400;\">, <\/span><a href=\"https:\/\/www.welovecycling.com\/sk\/2022\/08\/10\/rozhovor-bratislavske-bohyne-miluju-leto-a-cyklistiku\/\" target=\"_blank\" rel=\"noopener\"><span style=\"font-weight: 400;\">Bratislavk\u00e9 bohyne<\/span><\/a><span style=\"font-weight: 400;\">\u2026<\/span><\/p>\n<blockquote class=\"instagram-media\" style=\"background: #FFF; border: 0; border-radius: 3px; box-shadow: 0 0 1px 0 rgba(0,0,0,0.5),0 1px 10px 0 rgba(0,0,0,0.15); margin: 1px; max-width: 540px; min-width: 326px; padding: 0; width: calc(100% - 2px);\" data-instgrm-permalink=\"https:\/\/www.instagram.com\/p\/C6a_V8dLK7E\/?utm_source=ig_embed&amp;utm_campaign=loading\" data-instgrm-version=\"14\">\n<div style=\"padding: 16px;\">\n<p>&nbsp;<\/p>\n<div style=\"display: flex; flex-direction: row; align-items: center;\">\n<div style=\"background-color: #f4f4f4; border-radius: 50%; flex-grow: 0; height: 40px; margin-right: 14px; width: 40px;\"><\/div>\n<div style=\"display: flex; flex-direction: column; flex-grow: 1; justify-content: center;\">\n<div style=\"background-color: #f4f4f4; border-radius: 4px; flex-grow: 0; height: 14px; margin-bottom: 6px; width: 100px;\"><\/div>\n<div style=\"background-color: #f4f4f4; border-radius: 4px; flex-grow: 0; height: 14px; width: 60px;\"><\/div>\n<\/div>\n<\/div>\n<div style=\"padding: 19% 0;\"><\/div>\n<div style=\"display: block; height: 50px; margin: 0 auto 12px; width: 50px;\"><\/div>\n<div style=\"padding-top: 8px;\">\n<div style=\"color: #3897f0; font-family: Arial,sans-serif; font-size: 14px; font-style: normal; font-weight: 550; line-height: 18px;\">Zobrazi\u0165 tento pr\u00edspevok na Instagrame<\/div>\n<\/div>\n<div style=\"padding: 12.5% 0;\"><\/div>\n<div style=\"display: flex; flex-direction: row; margin-bottom: 14px; align-items: center;\">\n<div>\n<div style=\"background-color: #f4f4f4; border-radius: 50%; height: 12.5px; width: 12.5px; transform: translateX(0px) translateY(7px);\"><\/div>\n<div style=\"background-color: #f4f4f4; height: 12.5px; transform: rotate(-45deg) translateX(3px) translateY(1px); width: 12.5px; flex-grow: 0; margin-right: 14px; margin-left: 2px;\"><\/div>\n<div style=\"background-color: #f4f4f4; border-radius: 50%; height: 12.5px; width: 12.5px; transform: translateX(9px) translateY(-18px);\"><\/div>\n<\/div>\n<div style=\"margin-left: 8px;\">\n<div style=\"background-color: #f4f4f4; border-radius: 50%; flex-grow: 0; height: 20px; width: 20px;\"><\/div>\n<div style=\"width: 0; height: 0; border-top: 2px solid transparent; border-left: 6px solid #f4f4f4; border-bottom: 2px solid transparent; transform: translateX(16px) translateY(-4px) rotate(30deg);\"><\/div>\n<\/div>\n<div style=\"margin-left: auto;\">\n<div style=\"width: 0px; border-top: 8px solid #F4F4F4; border-right: 8px solid transparent; transform: translateY(16px);\"><\/div>\n<div style=\"background-color: #f4f4f4; flex-grow: 0; height: 12px; width: 16px; transform: translateY(-4px);\"><\/div>\n<div style=\"width: 0; height: 0; border-top: 8px solid #F4F4F4; border-left: 8px solid transparent; transform: translateY(-4px) translateX(8px);\"><\/div>\n<\/div>\n<\/div>\n<div style=\"display: flex; flex-direction: column; flex-grow: 1; justify-content: center; margin-bottom: 24px;\">\n<div style=\"background-color: #f4f4f4; border-radius: 4px; flex-grow: 0; height: 14px; margin-bottom: 6px; width: 224px;\"><\/div>\n<div style=\"background-color: #f4f4f4; border-radius: 4px; flex-grow: 0; height: 14px; width: 144px;\"><\/div>\n<\/div>\n<p>&nbsp;<\/p>\n<p style=\"color: #c9c8cd; font-family: Arial,sans-serif; font-size: 14px; line-height: 17px; margin-bottom: 0; margin-top: 8px; overflow: hidden; padding: 8px 0 7px; text-align: center; text-overflow: ellipsis; white-space: nowrap;\"><a style=\"color: #c9c8cd; font-family: Arial,sans-serif; font-size: 14px; font-style: normal; font-weight: normal; line-height: 17px; text-decoration: none;\" href=\"https:\/\/www.instagram.com\/p\/C6a_V8dLK7E\/?utm_source=ig_embed&amp;utm_campaign=loading\" target=\"_blank\" rel=\"noopener\">Pr\u00edspevok, ktor\u00fd zdie\u013ea Bajkerky (@bajkerky)<\/a><\/p>\n<\/div>\n<\/blockquote>\n<p><script async src=\"\/\/www.instagram.com\/embed.js\"><\/script><\/p>\n<p><span style=\"font-weight: 400;\">Nev\u00e1hajte oslovi\u0165 klub vo va\u0161om okol\u00ed a nemajte strach, \u017ee by v\u00e1s odmietli. S\u00fa to rovnak\u00ed nad\u0161enci do cyklistiky ako vy a v\u010faka nim mo\u017eno spozn\u00e1te nov\u00e9 miesta. Takisto si m\u00f4\u017eete navz\u00e1jom poradi\u0165, aj \u010do sa tr\u00e9novania t\u00fdka a navz\u00e1jom sa budete zlep\u0161ova\u0165.\u00a0<\/span><\/p>\n<p><img loading=\"lazy\" decoding=\"async\" class=\"alignnone size-full wp-image-19101\" src=\"https:\/\/d2p6e6u75xmxt8.cloudfront.net\/4\/2024\/05\/komunita-1.webp\" alt=\"\" width=\"990\" height=\"660\" srcset=\"https:\/\/d2p6e6u75xmxt8.cloudfront.net\/4\/2024\/05\/komunita-1.webp 990w, https:\/\/d2p6e6u75xmxt8.cloudfront.net\/4\/2024\/05\/komunita-1-300x200.webp 300w, https:\/\/d2p6e6u75xmxt8.cloudfront.net\/4\/2024\/05\/komunita-1-768x512.webp 768w, https:\/\/d2p6e6u75xmxt8.cloudfront.net\/4\/2024\/05\/komunita-1-400x267.webp 400w, https:\/\/d2p6e6u75xmxt8.cloudfront.net\/4\/2024\/05\/komunita-1-272x182.webp 272w\" sizes=\"auto, (max-width: 990px) 100vw, 990px\" \/><\/p>\n<h2><strong>Zalo\u017e vlastn\u00fa skupinu<\/strong><\/h2>\n<p><span style=\"font-weight: 400;\">Ak v tvojom okol\u00ed neexistuje \u017eiadna cyklistick\u00e1 komunita \u010di skupina, ost\u00e1va jedin\u00e1 mo\u017enos\u0165 &#8211; zalo\u017e svoju vlastn\u00fa.<strong> Na prv\u00fd poh\u013ead sa to m\u00f4\u017ee zda\u0165 n\u00e1ro\u010dn\u00e9 a komplikovan\u00e9, ale v skuto\u010dnosti na tom ni\u010d nie je.<\/strong> Ak s kamar\u00e1tmi chodievate \u010dasto na spolo\u010dn\u00e9 v\u00fdjazdy, m\u00e1te u\u017e ur\u010dit\u00fd z\u00e1klad. Sta\u010d\u00ed len stanovi\u0165 ur\u010dit\u00fa pravidelnos\u0165 a da\u0165 o tom vedie\u0165 \u0161ir\u0161ej cyklistickej verejnosti vo va\u0161om okol\u00ed. Vyu\u017ei\u0165 m\u00f4\u017eete soci\u00e1lne siete, alebo dajte echo vo va\u0161om lok\u00e1lnom obchode s bicyklami. Ani sa nenazd\u00e1te a z nieko\u013ek\u00fdch zakladaj\u00facich \u010dlenov bude za chv\u00ed\u013eu poriadna komunita.\u00a0<\/span><\/p>\n<p><img loading=\"lazy\" decoding=\"async\" class=\"alignnone size-full wp-image-19102\" src=\"https:\/\/d2p6e6u75xmxt8.cloudfront.net\/4\/2024\/05\/komunita-4.webp\" alt=\"\" width=\"990\" height=\"660\" srcset=\"https:\/\/d2p6e6u75xmxt8.cloudfront.net\/4\/2024\/05\/komunita-4.webp 990w, https:\/\/d2p6e6u75xmxt8.cloudfront.net\/4\/2024\/05\/komunita-4-300x200.webp 300w, https:\/\/d2p6e6u75xmxt8.cloudfront.net\/4\/2024\/05\/komunita-4-768x512.webp 768w, https:\/\/d2p6e6u75xmxt8.cloudfront.net\/4\/2024\/05\/komunita-4-400x267.webp 400w, https:\/\/d2p6e6u75xmxt8.cloudfront.net\/4\/2024\/05\/komunita-4-272x182.webp 272w\" sizes=\"auto, (max-width: 990px) 100vw, 990px\" \/><\/p>\n<h2><strong>V\u00fdhody<\/strong><\/h2>\n<p><span style=\"font-weight: 400;\">\u010clenstvo v cyklistickej komunite m\u00e1 aj svoje v\u00fdhody. Okrem pocitu, \u017ee niekam patr\u00edte, maj\u00fa viacer\u00e9 kluby napr\u00edklad svoje vlastn\u00e9 cyklo dresy, a to tie\u017e nie je na zahodenie. <strong>V pr\u00edpade tr\u00e9ningov v zahrani\u010d\u00ed sa v\u00e4\u010d\u0161ia skupinka \u013eud\u00ed vie navz\u00e1jom podpori\u0165, \u010di u\u017e finan\u010dne alebo organiza\u010dne.<\/strong> A podobn\u00e9 je to napr\u00edklad s \u00fa\u010das\u0165ou na pretekoch, kde dok\u00e1\u017eu spomedzi seba vybra\u0165 najvhodnej\u0161\u00edch kandid\u00e1tov. V neposlednom rade v\u00e1s to prin\u00fati sadn\u00fa\u0165 na bicykel aj vo chv\u00ed\u013each, ke\u010f sa v\u00e1m nechce a na konci d\u0148a budete radi, \u017ee ste sa prin\u00fatili.\u00a0\u00a0<\/span><\/p>\n<p>&nbsp;<\/p>\n<p><span style=\"font-weight: 400;\">Zdroj fotografi\u00ed: WLRMcc, Bratislavsk\u00e9 bohyne, MTBIKER, Bajkerky<\/span><\/p>\n","protected":false},"excerpt":{"rendered":"<p>Cyklistka je individu\u00e1lny \u0161port a na to, aby ste si dobre zajazdili, nepotrebujete \u017eiadneho par\u0165\u00e1ka. Len\u017ee vo dvojici sa to [&hellip;]<\/p>\n","protected":false},"author":172,"featured_media":19103,"comment_status":"open","ping_status":"open","sticky":false,"template":"","format":"standard","meta":{"footnotes":""},"categories":[191],"tags":[115,1246,995,546,1589,180,1481,532,994],"global-categories":[1074],"class_list":["post-19099","post","type-post","status-publish","format-standard","has-post-thumbnail","hentry","category-odporucame","tag-cestna-cyklistika","tag-cyklisticka-komunita","tag-cyklisticky-klub","tag-cyklistika","tag-cykloklub","tag-horska-cyklistika","tag-jazda-na-bicykli","tag-jazdenie","tag-klub","global-categories-cycling"],"yoast_head":"<!-- This site is optimized with the Yoast SEO Premium plugin v25.3 (Yoast SEO v25.9) - https:\/\/yoast.com\/wordpress\/plugins\/seo\/ -->\n<title>Seri\u00e1l: Ako sa sta\u0165 cyklistom - 14. Cyklistika v dobrej spolo\u010dnosti - \u0160koda We Love Cycling Slovensko<\/title>\n<meta name=\"description\" content=\"Vo dvojici sa to lep\u0161ie \u0165ah\u00e1 a plat\u00ed to doslova aj v tomto \u0161porte. A nielen vo dvojici, \u010d\u00edm viac \u013eud\u00ed, t\u00fdm v\u00e4\u010d\u0161ia z\u00e1bava.\" \/>\n<meta name=\"robots\" content=\"index, follow, max-snippet:-1, max-image-preview:large, max-video-preview:-1\" \/>\n<link rel=\"canonical\" href=\"https:\/\/www.welovecycling.com\/sk\/2024\/05\/17\/serial-ako-sa-stat-cyklistom-14-cyklistika-v-dobrej-spolocnosti\/\" \/>\n<meta property=\"og:locale\" content=\"sk_SK\" \/>\n<meta property=\"og:type\" content=\"article\" \/>\n<meta property=\"og:title\" content=\"Seri\u00e1l: Ako sa sta\u0165 cyklistom - 14. Cyklistika v dobrej spolo\u010dnosti\" \/>\n<meta property=\"og:description\" content=\"Vo dvojici sa to lep\u0161ie \u0165ah\u00e1 a plat\u00ed to doslova aj v tomto \u0161porte. A nielen vo dvojici, \u010d\u00edm viac \u013eud\u00ed, t\u00fdm v\u00e4\u010d\u0161ia z\u00e1bava.\" \/>\n<meta property=\"og:url\" content=\"https:\/\/www.welovecycling.com\/sk\/2024\/05\/17\/serial-ako-sa-stat-cyklistom-14-cyklistika-v-dobrej-spolocnosti\/\" \/>\n<meta property=\"og:site_name\" content=\"\u0160koda We Love Cycling Slovensko\" \/>\n<meta property=\"article:published_time\" content=\"2024-05-17T07:00:57+00:00\" \/>\n<meta property=\"article:modified_time\" content=\"2024-05-29T09:02:58+00:00\" \/>\n<meta property=\"og:image\" content=\"https:\/\/d2p6e6u75xmxt8.cloudfront.net\/4\/2024\/05\/komunita-2.webp\" \/>\n\t<meta property=\"og:image:width\" content=\"990\" \/>\n\t<meta property=\"og:image:height\" content=\"660\" \/>\n\t<meta property=\"og:image:type\" content=\"image\/webp\" \/>\n<meta name=\"author\" content=\"dominika\" \/>\n<meta name=\"twitter:card\" content=\"summary_large_image\" \/>\n<meta name=\"twitter:label1\" content=\"Written by\" \/>\n\t<meta name=\"twitter:data1\" content=\"Radovan Vr\u0161ka\" \/>\n\t<meta name=\"twitter:label2\" content=\"Est. reading time\" \/>\n\t<meta name=\"twitter:data2\" content=\"2\" \/>\n<script type=\"application\/ld+json\" class=\"yoast-schema-graph\">{\"@context\":\"https:\/\/schema.org\",\"@graph\":[{\"@type\":\"WebPage\",\"@id\":\"https:\/\/www.welovecycling.com\/sk\/2024\/05\/17\/serial-ako-sa-stat-cyklistom-14-cyklistika-v-dobrej-spolocnosti\/\",\"url\":\"https:\/\/www.welovecycling.com\/sk\/2024\/05\/17\/serial-ako-sa-stat-cyklistom-14-cyklistika-v-dobrej-spolocnosti\/\",\"name\":\"Seri\u00e1l: Ako sa sta\u0165 cyklistom - 14. Cyklistika v dobrej spolo\u010dnosti - \u0160koda We Love Cycling Slovensko\",\"isPartOf\":{\"@id\":\"https:\/\/www.welovecycling.com\/sk\/#website\"},\"primaryImageOfPage\":{\"@id\":\"https:\/\/www.welovecycling.com\/sk\/2024\/05\/17\/serial-ako-sa-stat-cyklistom-14-cyklistika-v-dobrej-spolocnosti\/#primaryimage\"},\"image\":{\"@id\":\"https:\/\/www.welovecycling.com\/sk\/2024\/05\/17\/serial-ako-sa-stat-cyklistom-14-cyklistika-v-dobrej-spolocnosti\/#primaryimage\"},\"thumbnailUrl\":\"https:\/\/d2p6e6u75xmxt8.cloudfront.net\/4\/2024\/05\/komunita-2.webp\",\"datePublished\":\"2024-05-17T07:00:57+00:00\",\"dateModified\":\"2024-05-29T09:02:58+00:00\",\"author\":{\"@id\":\"https:\/\/www.welovecycling.com\/sk\/#\/schema\/person\/533b62b98b6c41bd5135ebfb1f742624\"},\"description\":\"Vo dvojici sa to lep\u0161ie \u0165ah\u00e1 a plat\u00ed to doslova aj v tomto \u0161porte. A nielen vo dvojici, \u010d\u00edm viac \u013eud\u00ed, t\u00fdm v\u00e4\u010d\u0161ia z\u00e1bava.\",\"breadcrumb\":{\"@id\":\"https:\/\/www.welovecycling.com\/sk\/2024\/05\/17\/serial-ako-sa-stat-cyklistom-14-cyklistika-v-dobrej-spolocnosti\/#breadcrumb\"},\"inLanguage\":\"sk-SK\",\"potentialAction\":[{\"@type\":\"ReadAction\",\"target\":[\"https:\/\/www.welovecycling.com\/sk\/2024\/05\/17\/serial-ako-sa-stat-cyklistom-14-cyklistika-v-dobrej-spolocnosti\/\"]}]},{\"@type\":\"ImageObject\",\"inLanguage\":\"sk-SK\",\"@id\":\"https:\/\/www.welovecycling.com\/sk\/2024\/05\/17\/serial-ako-sa-stat-cyklistom-14-cyklistika-v-dobrej-spolocnosti\/#primaryimage\",\"url\":\"https:\/\/d2p6e6u75xmxt8.cloudfront.net\/4\/2024\/05\/komunita-2.webp\",\"contentUrl\":\"https:\/\/d2p6e6u75xmxt8.cloudfront.net\/4\/2024\/05\/komunita-2.webp\",\"width\":990,\"height\":660},{\"@type\":\"BreadcrumbList\",\"@id\":\"https:\/\/www.welovecycling.com\/sk\/2024\/05\/17\/serial-ako-sa-stat-cyklistom-14-cyklistika-v-dobrej-spolocnosti\/#breadcrumb\",\"itemListElement\":[{\"@type\":\"ListItem\",\"position\":1,\"name\":\"Home\",\"item\":\"https:\/\/www.welovecycling.com\/sk\/\"},{\"@type\":\"ListItem\",\"position\":2,\"name\":\"Seri\u00e1l: Ako sa sta\u0165 cyklistom &#8211; 14. Cyklistika v dobrej spolo\u010dnosti\"}]},{\"@type\":\"WebSite\",\"@id\":\"https:\/\/www.welovecycling.com\/sk\/#website\",\"url\":\"https:\/\/www.welovecycling.com\/sk\/\",\"name\":\"\u0160koda We Love Cycling Slovensko\",\"description\":\"\u0160koda We Love Cycling Slovensko je v\u00e1\u0161 ka\u017edodenn\u00fd zdroj noviniek a in\u0161pir\u00e1cie z sveta cyklistiky\",\"potentialAction\":[{\"@type\":\"SearchAction\",\"target\":{\"@type\":\"EntryPoint\",\"urlTemplate\":\"https:\/\/www.welovecycling.com\/sk\/?s={search_term_string}\"},\"query-input\":{\"@type\":\"PropertyValueSpecification\",\"valueRequired\":true,\"valueName\":\"search_term_string\"}}],\"inLanguage\":\"sk-SK\"},{\"@type\":\"Person\",\"@id\":\"https:\/\/www.welovecycling.com\/sk\/#\/schema\/person\/533b62b98b6c41bd5135ebfb1f742624\",\"name\":\"dominika\",\"image\":{\"@type\":\"ImageObject\",\"inLanguage\":\"sk-SK\",\"@id\":\"https:\/\/www.welovecycling.com\/sk\/#\/schema\/person\/image\/\",\"url\":\"https:\/\/secure.gravatar.com\/avatar\/ded6f274ba2ec3e17fff153f7d9d96a4b33c2cb63907f75d9a5309c599a7f3e6?s=96&d=mm&r=g\",\"contentUrl\":\"https:\/\/secure.gravatar.com\/avatar\/ded6f274ba2ec3e17fff153f7d9d96a4b33c2cb63907f75d9a5309c599a7f3e6?s=96&d=mm&r=g\",\"caption\":\"dominika\"},\"url\":\"https:\/\/www.welovecycling.com\/sk\/author\/dominika\/\"}]}<\/script>\n<!-- \/ Yoast SEO Premium plugin. -->","yoast_head_json":{"title":"Seri\u00e1l: Ako sa sta\u0165 cyklistom - 14. Cyklistika v dobrej spolo\u010dnosti - \u0160koda We Love Cycling Slovensko","description":"Vo dvojici sa to lep\u0161ie \u0165ah\u00e1 a plat\u00ed to doslova aj v tomto \u0161porte. A nielen vo dvojici, \u010d\u00edm viac \u013eud\u00ed, t\u00fdm v\u00e4\u010d\u0161ia z\u00e1bava.","robots":{"index":"index","follow":"follow","max-snippet":"max-snippet:-1","max-image-preview":"max-image-preview:large","max-video-preview":"max-video-preview:-1"},"canonical":"https:\/\/www.welovecycling.com\/sk\/2024\/05\/17\/serial-ako-sa-stat-cyklistom-14-cyklistika-v-dobrej-spolocnosti\/","og_locale":"sk_SK","og_type":"article","og_title":"Seri\u00e1l: Ako sa sta\u0165 cyklistom - 14. Cyklistika v dobrej spolo\u010dnosti","og_description":"Vo dvojici sa to lep\u0161ie \u0165ah\u00e1 a plat\u00ed to doslova aj v tomto \u0161porte. A nielen vo dvojici, \u010d\u00edm viac \u013eud\u00ed, t\u00fdm v\u00e4\u010d\u0161ia z\u00e1bava.","og_url":"https:\/\/www.welovecycling.com\/sk\/2024\/05\/17\/serial-ako-sa-stat-cyklistom-14-cyklistika-v-dobrej-spolocnosti\/","og_site_name":"\u0160koda We Love Cycling Slovensko","article_published_time":"2024-05-17T07:00:57+00:00","article_modified_time":"2024-05-29T09:02:58+00:00","og_image":[{"width":990,"height":660,"url":"https:\/\/d2p6e6u75xmxt8.cloudfront.net\/4\/2024\/05\/komunita-2.webp","type":"image\/webp"}],"author":"dominika","twitter_card":"summary_large_image","twitter_misc":{"Written by":"Radovan Vr\u0161ka","Est. reading time":"2"},"schema":{"@context":"https:\/\/schema.org","@graph":[{"@type":"WebPage","@id":"https:\/\/www.welovecycling.com\/sk\/2024\/05\/17\/serial-ako-sa-stat-cyklistom-14-cyklistika-v-dobrej-spolocnosti\/","url":"https:\/\/www.welovecycling.com\/sk\/2024\/05\/17\/serial-ako-sa-stat-cyklistom-14-cyklistika-v-dobrej-spolocnosti\/","name":"Seri\u00e1l: Ako sa sta\u0165 cyklistom - 14. Cyklistika v dobrej spolo\u010dnosti - \u0160koda We Love Cycling Slovensko","isPartOf":{"@id":"https:\/\/www.welovecycling.com\/sk\/#website"},"primaryImageOfPage":{"@id":"https:\/\/www.welovecycling.com\/sk\/2024\/05\/17\/serial-ako-sa-stat-cyklistom-14-cyklistika-v-dobrej-spolocnosti\/#primaryimage"},"image":{"@id":"https:\/\/www.welovecycling.com\/sk\/2024\/05\/17\/serial-ako-sa-stat-cyklistom-14-cyklistika-v-dobrej-spolocnosti\/#primaryimage"},"thumbnailUrl":"https:\/\/d2p6e6u75xmxt8.cloudfront.net\/4\/2024\/05\/komunita-2.webp","datePublished":"2024-05-17T07:00:57+00:00","dateModified":"2024-05-29T09:02:58+00:00","author":{"@id":"https:\/\/www.welovecycling.com\/sk\/#\/schema\/person\/533b62b98b6c41bd5135ebfb1f742624"},"description":"Vo dvojici sa to lep\u0161ie \u0165ah\u00e1 a plat\u00ed to doslova aj v tomto \u0161porte. A nielen vo dvojici, \u010d\u00edm viac \u013eud\u00ed, t\u00fdm v\u00e4\u010d\u0161ia z\u00e1bava.","breadcrumb":{"@id":"https:\/\/www.welovecycling.com\/sk\/2024\/05\/17\/serial-ako-sa-stat-cyklistom-14-cyklistika-v-dobrej-spolocnosti\/#breadcrumb"},"inLanguage":"sk-SK","potentialAction":[{"@type":"ReadAction","target":["https:\/\/www.welovecycling.com\/sk\/2024\/05\/17\/serial-ako-sa-stat-cyklistom-14-cyklistika-v-dobrej-spolocnosti\/"]}]},{"@type":"ImageObject","inLanguage":"sk-SK","@id":"https:\/\/www.welovecycling.com\/sk\/2024\/05\/17\/serial-ako-sa-stat-cyklistom-14-cyklistika-v-dobrej-spolocnosti\/#primaryimage","url":"https:\/\/d2p6e6u75xmxt8.cloudfront.net\/4\/2024\/05\/komunita-2.webp","contentUrl":"https:\/\/d2p6e6u75xmxt8.cloudfront.net\/4\/2024\/05\/komunita-2.webp","width":990,"height":660},{"@type":"BreadcrumbList","@id":"https:\/\/www.welovecycling.com\/sk\/2024\/05\/17\/serial-ako-sa-stat-cyklistom-14-cyklistika-v-dobrej-spolocnosti\/#breadcrumb","itemListElement":[{"@type":"ListItem","position":1,"name":"Home","item":"https:\/\/www.welovecycling.com\/sk\/"},{"@type":"ListItem","position":2,"name":"Seri\u00e1l: Ako sa sta\u0165 cyklistom &#8211; 14. Cyklistika v dobrej spolo\u010dnosti"}]},{"@type":"WebSite","@id":"https:\/\/www.welovecycling.com\/sk\/#website","url":"https:\/\/www.welovecycling.com\/sk\/","name":"\u0160koda We Love Cycling Slovensko","description":"\u0160koda We Love Cycling Slovensko je v\u00e1\u0161 ka\u017edodenn\u00fd zdroj noviniek a in\u0161pir\u00e1cie z sveta cyklistiky","potentialAction":[{"@type":"SearchAction","target":{"@type":"EntryPoint","urlTemplate":"https:\/\/www.welovecycling.com\/sk\/?s={search_term_string}"},"query-input":{"@type":"PropertyValueSpecification","valueRequired":true,"valueName":"search_term_string"}}],"inLanguage":"sk-SK"},{"@type":"Person","@id":"https:\/\/www.welovecycling.com\/sk\/#\/schema\/person\/533b62b98b6c41bd5135ebfb1f742624","name":"dominika","image":{"@type":"ImageObject","inLanguage":"sk-SK","@id":"https:\/\/www.welovecycling.com\/sk\/#\/schema\/person\/image\/","url":"https:\/\/secure.gravatar.com\/avatar\/ded6f274ba2ec3e17fff153f7d9d96a4b33c2cb63907f75d9a5309c599a7f3e6?s=96&d=mm&r=g","contentUrl":"https:\/\/secure.gravatar.com\/avatar\/ded6f274ba2ec3e17fff153f7d9d96a4b33c2cb63907f75d9a5309c599a7f3e6?s=96&d=mm&r=g","caption":"dominika"},"url":"https:\/\/www.welovecycling.com\/sk\/author\/dominika\/"}]}},"_links":{"self":[{"href":"https:\/\/www.welovecycling.com\/sk\/wp-json\/wp\/v2\/posts\/19099","targetHints":{"allow":["GET"]}}],"collection":[{"href":"https:\/\/www.welovecycling.com\/sk\/wp-json\/wp\/v2\/posts"}],"about":[{"href":"https:\/\/www.welovecycling.com\/sk\/wp-json\/wp\/v2\/types\/post"}],"author":[{"embeddable":true,"href":"https:\/\/www.welovecycling.com\/sk\/wp-json\/wp\/v2\/users\/172"}],"replies":[{"embeddable":true,"href":"https:\/\/www.welovecycling.com\/sk\/wp-json\/wp\/v2\/comments?post=19099"}],"version-history":[{"count":8,"href":"https:\/\/www.welovecycling.com\/sk\/wp-json\/wp\/v2\/posts\/19099\/revisions"}],"predecessor-version":[{"id":19170,"href":"https:\/\/www.welovecycling.com\/sk\/wp-json\/wp\/v2\/posts\/19099\/revisions\/19170"}],"wp:featuredmedia":[{"embeddable":true,"href":"https:\/\/www.welovecycling.com\/sk\/wp-json\/wp\/v2\/media\/19103"}],"wp:attachment":[{"href":"https:\/\/www.welovecycling.com\/sk\/wp-json\/wp\/v2\/media?parent=19099"}],"wp:term":[{"taxonomy":"category","embeddable":true,"href":"https:\/\/www.welovecycling.com\/sk\/wp-json\/wp\/v2\/categories?post=19099"},{"taxonomy":"post_tag","embeddable":true,"href":"https:\/\/www.welovecycling.com\/sk\/wp-json\/wp\/v2\/tags?post=19099"},{"taxonomy":"global-categories","embeddable":true,"href":"https:\/\/www.welovecycling.com\/sk\/wp-json\/wp\/v2\/global-categories?post=19099"}],"curies":[{"name":"wp","href":"https:\/\/api.w.org\/{rel}","templated":true}]}}