{"id":19059,"date":"2024-05-04T10:00:48","date_gmt":"2024-05-04T08:00:48","guid":{"rendered":"https:\/\/www.welovecycling.com\/sk\/?p=19059"},"modified":"2024-05-03T10:30:12","modified_gmt":"2024-05-03T08:30:12","slug":"pozvanka-skoda-slovensky-raj-namiesto-turistiky-mtb-maraton","status":"publish","type":"post","link":"https:\/\/www.welovecycling.com\/sk\/2024\/05\/04\/pozvanka-skoda-slovensky-raj-namiesto-turistiky-mtb-maraton\/","title":{"rendered":"Pozv\u00e1nka: \u0160koda Slovensk\u00fd raj &#8211; namiesto turistiky MTB marat\u00f3n"},"content":{"rendered":"<p><strong>\u010eal\u0161ie kolo \u0160koda Bike Open Tour bude pokra\u010dova\u0165 v Slovenskom raji. Ob\u013e\u00faben\u00e9 turistick\u00e9 miesto sa stane op\u00e4\u0165 centrom pre v\u0161etk\u00fdch bikerov.\u00a0<\/strong><!--more--><\/p>\n<p><span style=\"font-weight: 400;\"><strong>Zn\u00e1ma obec Hrabu\u0161ice bude 8. j\u00fana 2024 znovu \u017ei\u0165 cyklistikou.<\/strong> Te\u0161i\u0165 sa m\u00f4\u017eeme na kvalitn\u00e9 z\u00e1zemie a kopec z\u00e1bavy. Zvykom s\u00fa 3 hlavn\u00e9 trate, na ktor\u00fdch si bud\u00fa m\u00f4c\u0165 zas\u00fa\u0165a\u017ei\u0165 pretek\u00e1ri aj v gravel a ebike kateg\u00f3rii. Okrem toho je v ponuke aj tra\u0165 Family, ktor\u00e1 je ur\u010den\u00e1 pre rodi\u010dov s de\u0165mi.\u00a0<\/span><\/p>\n<div id='gallery-1' class='gallery galleryid-19059 gallery-columns-2 gallery-size-full'><figure class='gallery-item'>\n\t\t\t<div class='gallery-icon landscape'>\n\t\t\t\t<a href='https:\/\/d2p6e6u75xmxt8.cloudfront.net\/4\/2024\/05\/02_pozvanka_WLC_SR.webp'><img loading=\"lazy\" decoding=\"async\" width=\"990\" height=\"660\" src=\"https:\/\/d2p6e6u75xmxt8.cloudfront.net\/4\/2024\/05\/02_pozvanka_WLC_SR.webp\" class=\"attachment-full size-full\" alt=\"\u0160koda Slovensk\u00fd raj\" srcset=\"https:\/\/d2p6e6u75xmxt8.cloudfront.net\/4\/2024\/05\/02_pozvanka_WLC_SR.webp 990w, https:\/\/d2p6e6u75xmxt8.cloudfront.net\/4\/2024\/05\/02_pozvanka_WLC_SR-300x200.webp 300w, https:\/\/d2p6e6u75xmxt8.cloudfront.net\/4\/2024\/05\/02_pozvanka_WLC_SR-768x512.webp 768w, https:\/\/d2p6e6u75xmxt8.cloudfront.net\/4\/2024\/05\/02_pozvanka_WLC_SR-400x267.webp 400w, https:\/\/d2p6e6u75xmxt8.cloudfront.net\/4\/2024\/05\/02_pozvanka_WLC_SR-272x182.webp 272w\" sizes=\"auto, (max-width: 990px) 100vw, 990px\" \/><\/a>\n\t\t\t<\/div><\/figure><figure class='gallery-item'>\n\t\t\t<div class='gallery-icon landscape'>\n\t\t\t\t<a href='https:\/\/d2p6e6u75xmxt8.cloudfront.net\/4\/2024\/05\/03_pozvanka_WLC_SR.webp'><img loading=\"lazy\" decoding=\"async\" width=\"990\" height=\"660\" src=\"https:\/\/d2p6e6u75xmxt8.cloudfront.net\/4\/2024\/05\/03_pozvanka_WLC_SR.webp\" class=\"attachment-full size-full\" alt=\"\" srcset=\"https:\/\/d2p6e6u75xmxt8.cloudfront.net\/4\/2024\/05\/03_pozvanka_WLC_SR.webp 990w, https:\/\/d2p6e6u75xmxt8.cloudfront.net\/4\/2024\/05\/03_pozvanka_WLC_SR-300x200.webp 300w, https:\/\/d2p6e6u75xmxt8.cloudfront.net\/4\/2024\/05\/03_pozvanka_WLC_SR-768x512.webp 768w, https:\/\/d2p6e6u75xmxt8.cloudfront.net\/4\/2024\/05\/03_pozvanka_WLC_SR-400x267.webp 400w, https:\/\/d2p6e6u75xmxt8.cloudfront.net\/4\/2024\/05\/03_pozvanka_WLC_SR-272x182.webp 272w\" sizes=\"auto, (max-width: 990px) 100vw, 990px\" \/><\/a>\n\t\t\t<\/div><\/figure>\n\t\t<\/div>\n\n<h2><b>Prihl\u00e1senie<\/b><\/h2>\n<p><strong>Prihlasovanie na preteky prebieha <a href=\"https:\/\/registrace.sportsoft.cz\/main.aspx?e=3063&amp;lng=sk\" target=\"_blank\" rel=\"noopener\">online<\/a><\/strong><span style=\"font-weight: 400;\"><strong> so sumou \u0161tartovn\u00e9ho 28 \u20ac bez tri\u010dka a 35 \u20ac s tri\u010dkom do 10. m\u00e1ja.<\/strong> Nesk\u00f4r je suma \u0161tartovn\u00e9ho 40 \u20ac. Tra\u0165 Family je v sume \u0161tartovn\u00e9ho 18 \u20ac pre rodi\u010da a die\u0165a spolu. Prezent\u00e1cia pretekov bude prebieha\u0165 v piatok v Kolibe-Podlesok od 17:00 do 20:00 hodiny. V sobotu od 7:30 do 12:30 hodiny, prezent\u00e1cia sa ukon\u010duje v\u017edy pol hodiny pred \u0161tartom danej trasy.\u00a0<\/span><\/p>\n<p><img loading=\"lazy\" decoding=\"async\" class=\"alignnone wp-image-19073 size-full\" src=\"https:\/\/d2p6e6u75xmxt8.cloudfront.net\/4\/2024\/05\/04_pozvanka_WLC_SR-1.webp\" alt=\"\" width=\"990\" height=\"561\" srcset=\"https:\/\/d2p6e6u75xmxt8.cloudfront.net\/4\/2024\/05\/04_pozvanka_WLC_SR-1.webp 990w, https:\/\/d2p6e6u75xmxt8.cloudfront.net\/4\/2024\/05\/04_pozvanka_WLC_SR-1-300x170.webp 300w, https:\/\/d2p6e6u75xmxt8.cloudfront.net\/4\/2024\/05\/04_pozvanka_WLC_SR-1-768x435.webp 768w, https:\/\/d2p6e6u75xmxt8.cloudfront.net\/4\/2024\/05\/04_pozvanka_WLC_SR-1-400x227.webp 400w\" sizes=\"auto, (max-width: 990px) 100vw, 990px\" \/><\/p>\n<h2><b>Trasy<\/b><\/h2>\n<p><span style=\"font-weight: 400;\">Hlavn\u00e9 trasy pon\u00fakaj\u00fa poriadnu porciu kilometrov aj v\u00fd\u0161kov\u00fdch metrov. <strong>Dlh\u00e1 tra\u0165 meria 68 kilometrov s 1600 v\u00fd\u0161kov\u00fdmi metrami.<\/strong> Stredn\u00e1 tra\u0165 meria 54 kilometrov s prev\u00fd\u0161en\u00edm 1306 metrov, na ktorej si sily porovnaj\u00fa aj cyklisti na gravel a elektrick\u00fdch bicykloch. Kr\u00e1tka trasa pon\u00fakne 23 kilometrov s prev\u00fd\u0161en\u00edm 562 metrov. Poslednou je Family tra\u0165 s porciou 8,4 kilometra a p\u00e1r metrami prev\u00fd\u0161enia. Mlad\u0161ie deti \u010dak\u00e1 okruh po rovinke v z\u00e1zem\u00ed pretekov.\u00a0<\/span><\/p>\n<div id='gallery-2' class='gallery galleryid-19059 gallery-columns-2 gallery-size-full'><figure class='gallery-item'>\n\t\t\t<div class='gallery-icon landscape'>\n\t\t\t\t<a href='https:\/\/d2p6e6u75xmxt8.cloudfront.net\/4\/2024\/05\/05_pozvanka_WLC_SR.webp'><img loading=\"lazy\" decoding=\"async\" width=\"990\" height=\"660\" src=\"https:\/\/d2p6e6u75xmxt8.cloudfront.net\/4\/2024\/05\/05_pozvanka_WLC_SR.webp\" class=\"attachment-full size-full\" alt=\"\u0160koda Slovensk\u00fd raj\" srcset=\"https:\/\/d2p6e6u75xmxt8.cloudfront.net\/4\/2024\/05\/05_pozvanka_WLC_SR.webp 990w, https:\/\/d2p6e6u75xmxt8.cloudfront.net\/4\/2024\/05\/05_pozvanka_WLC_SR-300x200.webp 300w, https:\/\/d2p6e6u75xmxt8.cloudfront.net\/4\/2024\/05\/05_pozvanka_WLC_SR-768x512.webp 768w, https:\/\/d2p6e6u75xmxt8.cloudfront.net\/4\/2024\/05\/05_pozvanka_WLC_SR-400x267.webp 400w, https:\/\/d2p6e6u75xmxt8.cloudfront.net\/4\/2024\/05\/05_pozvanka_WLC_SR-272x182.webp 272w\" sizes=\"auto, (max-width: 990px) 100vw, 990px\" \/><\/a>\n\t\t\t<\/div><\/figure><figure class='gallery-item'>\n\t\t\t<div class='gallery-icon landscape'>\n\t\t\t\t<a href='https:\/\/d2p6e6u75xmxt8.cloudfront.net\/4\/2024\/05\/06_pozvanka_WLC_SR.webp'><img loading=\"lazy\" decoding=\"async\" width=\"990\" height=\"660\" src=\"https:\/\/d2p6e6u75xmxt8.cloudfront.net\/4\/2024\/05\/06_pozvanka_WLC_SR.webp\" class=\"attachment-full size-full\" alt=\"namiesto turistiky MTB marat\u00f3n\" srcset=\"https:\/\/d2p6e6u75xmxt8.cloudfront.net\/4\/2024\/05\/06_pozvanka_WLC_SR.webp 990w, https:\/\/d2p6e6u75xmxt8.cloudfront.net\/4\/2024\/05\/06_pozvanka_WLC_SR-300x200.webp 300w, https:\/\/d2p6e6u75xmxt8.cloudfront.net\/4\/2024\/05\/06_pozvanka_WLC_SR-768x512.webp 768w, https:\/\/d2p6e6u75xmxt8.cloudfront.net\/4\/2024\/05\/06_pozvanka_WLC_SR-400x267.webp 400w, https:\/\/d2p6e6u75xmxt8.cloudfront.net\/4\/2024\/05\/06_pozvanka_WLC_SR-272x182.webp 272w\" sizes=\"auto, (max-width: 990px) 100vw, 990px\" \/><\/a>\n\t\t\t<\/div><\/figure>\n\t\t<\/div>\n\n<h2><b>Z\u00e1zemie<\/b><\/h2>\n<p><span style=\"font-weight: 400;\">Zvykom je kvalitn\u00e9 a priestrann\u00e9 z\u00e1zemie pre pretek\u00e1rov, okrem dobr\u00e9ho tepl\u00e9ho jedla n\u00e1s \u010dak\u00e1 um\u00fdvanie bicyklov a ich n\u00e1sledn\u00e1 \u00faschov\u0148a. Taktie\u017e sprchy pre pretek\u00e1rov a st\u00e1nky od sponzorov podujatia. Okrem toho sa deti m\u00f4\u017eu te\u0161i\u0165 na funz\u00f3nu a \u0160koda village.\u00a0<\/span><\/p>\n<p><img loading=\"lazy\" decoding=\"async\" class=\"alignnone size-full wp-image-19066\" src=\"https:\/\/d2p6e6u75xmxt8.cloudfront.net\/4\/2024\/05\/07_pozvanka_WLC_SR.webp\" alt=\"\" width=\"990\" height=\"599\" srcset=\"https:\/\/d2p6e6u75xmxt8.cloudfront.net\/4\/2024\/05\/07_pozvanka_WLC_SR.webp 990w, https:\/\/d2p6e6u75xmxt8.cloudfront.net\/4\/2024\/05\/07_pozvanka_WLC_SR-300x182.webp 300w, https:\/\/d2p6e6u75xmxt8.cloudfront.net\/4\/2024\/05\/07_pozvanka_WLC_SR-768x465.webp 768w, https:\/\/d2p6e6u75xmxt8.cloudfront.net\/4\/2024\/05\/07_pozvanka_WLC_SR-400x242.webp 400w\" sizes=\"auto, (max-width: 990px) 100vw, 990px\" \/><\/p>\n<h2><b>Ostatn\u00e9<\/b><\/h2>\n<p><span style=\"font-weight: 400;\">Preteky s\u00fa zaraden\u00e9 do Slovensk\u00e9ho poh\u00e1ra, tak\u017ee sa m\u00f4\u017eeme te\u0161i\u0165 aj na \u00fa\u010das\u0165 licencovan\u00fdch pretek\u00e1rov. Okrem finan\u010dn\u00fdch odmien n\u00e1s \u010dak\u00e1 aj bohat\u00e1 tombola, kde s\u00fa <strong>v\u0161etci pretek\u00e1ri zaraden\u00ed do \u017erebovania s mo\u017enos\u0165ou v\u00fdhry \u0160koda Enyaq iV na t\u00fd\u017ede\u0148 alebo nosi\u010da bicyklov na \u0165a\u017en\u00e9 zariadenie.<\/strong> Tak\u017ee oplat\u00ed sa z\u00fa\u010dastni\u0165.\u00a0<\/span><\/p>\n<div id='gallery-3' class='gallery galleryid-19059 gallery-columns-2 gallery-size-full'><figure class='gallery-item'>\n\t\t\t<div class='gallery-icon landscape'>\n\t\t\t\t<a href='https:\/\/d2p6e6u75xmxt8.cloudfront.net\/4\/2024\/05\/08_pozvanka_WLC_SR.webp'><img loading=\"lazy\" decoding=\"async\" width=\"990\" height=\"660\" src=\"https:\/\/d2p6e6u75xmxt8.cloudfront.net\/4\/2024\/05\/08_pozvanka_WLC_SR.webp\" class=\"attachment-full size-full\" alt=\"\u0160koda Slovensk\u00fd raj\" srcset=\"https:\/\/d2p6e6u75xmxt8.cloudfront.net\/4\/2024\/05\/08_pozvanka_WLC_SR.webp 990w, https:\/\/d2p6e6u75xmxt8.cloudfront.net\/4\/2024\/05\/08_pozvanka_WLC_SR-300x200.webp 300w, https:\/\/d2p6e6u75xmxt8.cloudfront.net\/4\/2024\/05\/08_pozvanka_WLC_SR-768x512.webp 768w, https:\/\/d2p6e6u75xmxt8.cloudfront.net\/4\/2024\/05\/08_pozvanka_WLC_SR-400x267.webp 400w, https:\/\/d2p6e6u75xmxt8.cloudfront.net\/4\/2024\/05\/08_pozvanka_WLC_SR-272x182.webp 272w\" sizes=\"auto, (max-width: 990px) 100vw, 990px\" \/><\/a>\n\t\t\t<\/div><\/figure><figure class='gallery-item'>\n\t\t\t<div class='gallery-icon landscape'>\n\t\t\t\t<a href='https:\/\/d2p6e6u75xmxt8.cloudfront.net\/4\/2024\/05\/09_pozvanka_WLC_SR.webp'><img loading=\"lazy\" decoding=\"async\" width=\"990\" height=\"660\" src=\"https:\/\/d2p6e6u75xmxt8.cloudfront.net\/4\/2024\/05\/09_pozvanka_WLC_SR.webp\" class=\"attachment-full size-full\" alt=\"\" srcset=\"https:\/\/d2p6e6u75xmxt8.cloudfront.net\/4\/2024\/05\/09_pozvanka_WLC_SR.webp 990w, https:\/\/d2p6e6u75xmxt8.cloudfront.net\/4\/2024\/05\/09_pozvanka_WLC_SR-300x200.webp 300w, https:\/\/d2p6e6u75xmxt8.cloudfront.net\/4\/2024\/05\/09_pozvanka_WLC_SR-768x512.webp 768w, https:\/\/d2p6e6u75xmxt8.cloudfront.net\/4\/2024\/05\/09_pozvanka_WLC_SR-400x267.webp 400w, https:\/\/d2p6e6u75xmxt8.cloudfront.net\/4\/2024\/05\/09_pozvanka_WLC_SR-272x182.webp 272w\" sizes=\"auto, (max-width: 990px) 100vw, 990px\" \/><\/a>\n\t\t\t<\/div><\/figure>\n\t\t<\/div>\n\n<p><span style=\"font-weight: 400;\">Viac inform\u00e1ci\u00ed n\u00e1jdeme na str\u00e1nke <\/span><a href=\"https:\/\/www.welovecycling.com\/sk\/sbot\/slovenskyraj.php\" target=\"_blank\" rel=\"noopener\"><span style=\"font-weight: 400;\">\u0160koda Bike Open Tour<\/span><\/a><span style=\"font-weight: 400;\"> s\u00e9rie a na str\u00e1nke <\/span><a href=\"https:\/\/www.maratonslovenskyraj.sk\/propozicie-2022-2-2\/\" target=\"_blank\" rel=\"noopener\"><span style=\"font-weight: 400;\">organiz\u00e1tora pretekov<\/span><\/a><span style=\"font-weight: 400;\">. Te\u0161\u00edme sa na v\u00e1s a spolo\u010dn\u00e9 \u00faspe\u0161n\u00e9 \u0161portov\u00e9 v\u00fdkony.\u00a0<\/span><\/p>\n","protected":false},"excerpt":{"rendered":"<p>\u010eal\u0161ie kolo \u0160koda Bike Open Tour bude pokra\u010dova\u0165 v Slovenskom raji. Ob\u013e\u00faben\u00e9 turistick\u00e9 miesto sa stane op\u00e4\u0165 centrom pre v\u0161etk\u00fdch [&hellip;]<\/p>\n","protected":false},"author":172,"featured_media":19060,"comment_status":"open","ping_status":"open","sticky":false,"template":"","format":"standard","meta":{"footnotes":""},"categories":[33],"tags":[507,53,964,1497,178,91,179,509,1615,542,35],"global-categories":[1074],"class_list":["post-19059","post","type-post","status-publish","format-standard","has-post-thumbnail","hentry","category-sbot","tag-cyklorodinka","tag-deti","tag-family","tag-maj","tag-maraton","tag-pozvanka","tag-preteky","tag-rodina","tag-sezona-2024","tag-skoda","tag-sbot","global-categories-cycling"],"yoast_head":"<!-- This site is optimized with the Yoast SEO Premium plugin v25.3 (Yoast SEO v25.9) - https:\/\/yoast.com\/wordpress\/plugins\/seo\/ -->\n<title>Pozv\u00e1nka: \u0160koda Slovensk\u00fd raj - namiesto turistiky MTB marat\u00f3n - \u0160koda We Love Cycling Slovensko<\/title>\n<meta name=\"description\" content=\"\u010eal\u0161ie kolo \u0160koda Bike Open Tour bude pokra\u010dova\u0165 v Slovenskom raji. Ob\u013e\u00faben\u00e9 turistick\u00e9 miesto sa stane op\u00e4\u0165 centrom pre v\u0161etk\u00fdch bikerov.\u00a0\" \/>\n<meta name=\"robots\" content=\"index, follow, max-snippet:-1, max-image-preview:large, max-video-preview:-1\" \/>\n<link rel=\"canonical\" href=\"https:\/\/www.welovecycling.com\/sk\/2024\/05\/04\/pozvanka-skoda-slovensky-raj-namiesto-turistiky-mtb-maraton\/\" \/>\n<meta property=\"og:locale\" content=\"sk_SK\" \/>\n<meta property=\"og:type\" content=\"article\" \/>\n<meta property=\"og:title\" content=\"Pozv\u00e1nka: \u0160koda Slovensk\u00fd raj - namiesto turistiky MTB marat\u00f3n\" \/>\n<meta property=\"og:description\" content=\"\u010eal\u0161ie kolo \u0160koda Bike Open Tour bude pokra\u010dova\u0165 v Slovenskom raji. Ob\u013e\u00faben\u00e9 turistick\u00e9 miesto sa stane op\u00e4\u0165 centrom pre v\u0161etk\u00fdch bikerov.\u00a0\" \/>\n<meta property=\"og:url\" content=\"https:\/\/www.welovecycling.com\/sk\/2024\/05\/04\/pozvanka-skoda-slovensky-raj-namiesto-turistiky-mtb-maraton\/\" \/>\n<meta property=\"og:site_name\" content=\"\u0160koda We Love Cycling Slovensko\" \/>\n<meta property=\"article:published_time\" content=\"2024-05-04T08:00:48+00:00\" \/>\n<meta property=\"og:image\" content=\"https:\/\/d2p6e6u75xmxt8.cloudfront.net\/4\/2024\/05\/01_pozvanka_WLC_SR.webp\" \/>\n\t<meta property=\"og:image:width\" content=\"990\" \/>\n\t<meta property=\"og:image:height\" content=\"660\" \/>\n\t<meta property=\"og:image:type\" content=\"image\/webp\" \/>\n<meta name=\"author\" content=\"dominika\" \/>\n<meta name=\"twitter:card\" content=\"summary_large_image\" \/>\n<meta name=\"twitter:label1\" content=\"Written by\" \/>\n\t<meta name=\"twitter:data1\" content=\"We Love Cycling\" \/>\n\t<meta name=\"twitter:label2\" content=\"Est. reading time\" \/>\n\t<meta name=\"twitter:data2\" content=\"2\" \/>\n<script type=\"application\/ld+json\" class=\"yoast-schema-graph\">{\"@context\":\"https:\/\/schema.org\",\"@graph\":[{\"@type\":\"WebPage\",\"@id\":\"https:\/\/www.welovecycling.com\/sk\/2024\/05\/04\/pozvanka-skoda-slovensky-raj-namiesto-turistiky-mtb-maraton\/\",\"url\":\"https:\/\/www.welovecycling.com\/sk\/2024\/05\/04\/pozvanka-skoda-slovensky-raj-namiesto-turistiky-mtb-maraton\/\",\"name\":\"Pozv\u00e1nka: \u0160koda Slovensk\u00fd raj - namiesto turistiky MTB marat\u00f3n - \u0160koda We Love Cycling Slovensko\",\"isPartOf\":{\"@id\":\"https:\/\/www.welovecycling.com\/sk\/#website\"},\"primaryImageOfPage\":{\"@id\":\"https:\/\/www.welovecycling.com\/sk\/2024\/05\/04\/pozvanka-skoda-slovensky-raj-namiesto-turistiky-mtb-maraton\/#primaryimage\"},\"image\":{\"@id\":\"https:\/\/www.welovecycling.com\/sk\/2024\/05\/04\/pozvanka-skoda-slovensky-raj-namiesto-turistiky-mtb-maraton\/#primaryimage\"},\"thumbnailUrl\":\"https:\/\/d2p6e6u75xmxt8.cloudfront.net\/4\/2024\/05\/01_pozvanka_WLC_SR.webp\",\"datePublished\":\"2024-05-04T08:00:48+00:00\",\"author\":{\"@id\":\"https:\/\/www.welovecycling.com\/sk\/#\/schema\/person\/533b62b98b6c41bd5135ebfb1f742624\"},\"description\":\"\u010eal\u0161ie kolo \u0160koda Bike Open Tour bude pokra\u010dova\u0165 v Slovenskom raji. Ob\u013e\u00faben\u00e9 turistick\u00e9 miesto sa stane op\u00e4\u0165 centrom pre v\u0161etk\u00fdch bikerov.\u00a0\",\"breadcrumb\":{\"@id\":\"https:\/\/www.welovecycling.com\/sk\/2024\/05\/04\/pozvanka-skoda-slovensky-raj-namiesto-turistiky-mtb-maraton\/#breadcrumb\"},\"inLanguage\":\"sk-SK\",\"potentialAction\":[{\"@type\":\"ReadAction\",\"target\":[\"https:\/\/www.welovecycling.com\/sk\/2024\/05\/04\/pozvanka-skoda-slovensky-raj-namiesto-turistiky-mtb-maraton\/\"]}]},{\"@type\":\"ImageObject\",\"inLanguage\":\"sk-SK\",\"@id\":\"https:\/\/www.welovecycling.com\/sk\/2024\/05\/04\/pozvanka-skoda-slovensky-raj-namiesto-turistiky-mtb-maraton\/#primaryimage\",\"url\":\"https:\/\/d2p6e6u75xmxt8.cloudfront.net\/4\/2024\/05\/01_pozvanka_WLC_SR.webp\",\"contentUrl\":\"https:\/\/d2p6e6u75xmxt8.cloudfront.net\/4\/2024\/05\/01_pozvanka_WLC_SR.webp\",\"width\":990,\"height\":660},{\"@type\":\"BreadcrumbList\",\"@id\":\"https:\/\/www.welovecycling.com\/sk\/2024\/05\/04\/pozvanka-skoda-slovensky-raj-namiesto-turistiky-mtb-maraton\/#breadcrumb\",\"itemListElement\":[{\"@type\":\"ListItem\",\"position\":1,\"name\":\"Home\",\"item\":\"https:\/\/www.welovecycling.com\/sk\/\"},{\"@type\":\"ListItem\",\"position\":2,\"name\":\"Pozv\u00e1nka: \u0160koda Slovensk\u00fd raj &#8211; namiesto turistiky MTB marat\u00f3n\"}]},{\"@type\":\"WebSite\",\"@id\":\"https:\/\/www.welovecycling.com\/sk\/#website\",\"url\":\"https:\/\/www.welovecycling.com\/sk\/\",\"name\":\"\u0160koda We Love Cycling Slovensko\",\"description\":\"\u0160koda We Love Cycling Slovensko je v\u00e1\u0161 ka\u017edodenn\u00fd zdroj noviniek a in\u0161pir\u00e1cie z sveta cyklistiky\",\"potentialAction\":[{\"@type\":\"SearchAction\",\"target\":{\"@type\":\"EntryPoint\",\"urlTemplate\":\"https:\/\/www.welovecycling.com\/sk\/?s={search_term_string}\"},\"query-input\":{\"@type\":\"PropertyValueSpecification\",\"valueRequired\":true,\"valueName\":\"search_term_string\"}}],\"inLanguage\":\"sk-SK\"},{\"@type\":\"Person\",\"@id\":\"https:\/\/www.welovecycling.com\/sk\/#\/schema\/person\/533b62b98b6c41bd5135ebfb1f742624\",\"name\":\"dominika\",\"image\":{\"@type\":\"ImageObject\",\"inLanguage\":\"sk-SK\",\"@id\":\"https:\/\/www.welovecycling.com\/sk\/#\/schema\/person\/image\/\",\"url\":\"https:\/\/secure.gravatar.com\/avatar\/ded6f274ba2ec3e17fff153f7d9d96a4b33c2cb63907f75d9a5309c599a7f3e6?s=96&d=mm&r=g\",\"contentUrl\":\"https:\/\/secure.gravatar.com\/avatar\/ded6f274ba2ec3e17fff153f7d9d96a4b33c2cb63907f75d9a5309c599a7f3e6?s=96&d=mm&r=g\",\"caption\":\"dominika\"},\"url\":\"https:\/\/www.welovecycling.com\/sk\/author\/dominika\/\"}]}<\/script>\n<!-- \/ Yoast SEO Premium plugin. -->","yoast_head_json":{"title":"Pozv\u00e1nka: \u0160koda Slovensk\u00fd raj - namiesto turistiky MTB marat\u00f3n - \u0160koda We Love Cycling Slovensko","description":"\u010eal\u0161ie kolo \u0160koda Bike Open Tour bude pokra\u010dova\u0165 v Slovenskom raji. Ob\u013e\u00faben\u00e9 turistick\u00e9 miesto sa stane op\u00e4\u0165 centrom pre v\u0161etk\u00fdch bikerov.\u00a0","robots":{"index":"index","follow":"follow","max-snippet":"max-snippet:-1","max-image-preview":"max-image-preview:large","max-video-preview":"max-video-preview:-1"},"canonical":"https:\/\/www.welovecycling.com\/sk\/2024\/05\/04\/pozvanka-skoda-slovensky-raj-namiesto-turistiky-mtb-maraton\/","og_locale":"sk_SK","og_type":"article","og_title":"Pozv\u00e1nka: \u0160koda Slovensk\u00fd raj - namiesto turistiky MTB marat\u00f3n","og_description":"\u010eal\u0161ie kolo \u0160koda Bike Open Tour bude pokra\u010dova\u0165 v Slovenskom raji. Ob\u013e\u00faben\u00e9 turistick\u00e9 miesto sa stane op\u00e4\u0165 centrom pre v\u0161etk\u00fdch bikerov.\u00a0","og_url":"https:\/\/www.welovecycling.com\/sk\/2024\/05\/04\/pozvanka-skoda-slovensky-raj-namiesto-turistiky-mtb-maraton\/","og_site_name":"\u0160koda We Love Cycling Slovensko","article_published_time":"2024-05-04T08:00:48+00:00","og_image":[{"width":990,"height":660,"url":"https:\/\/d2p6e6u75xmxt8.cloudfront.net\/4\/2024\/05\/01_pozvanka_WLC_SR.webp","type":"image\/webp"}],"author":"dominika","twitter_card":"summary_large_image","twitter_misc":{"Written by":"We Love Cycling","Est. reading time":"2"},"schema":{"@context":"https:\/\/schema.org","@graph":[{"@type":"WebPage","@id":"https:\/\/www.welovecycling.com\/sk\/2024\/05\/04\/pozvanka-skoda-slovensky-raj-namiesto-turistiky-mtb-maraton\/","url":"https:\/\/www.welovecycling.com\/sk\/2024\/05\/04\/pozvanka-skoda-slovensky-raj-namiesto-turistiky-mtb-maraton\/","name":"Pozv\u00e1nka: \u0160koda Slovensk\u00fd raj - namiesto turistiky MTB marat\u00f3n - \u0160koda We Love Cycling Slovensko","isPartOf":{"@id":"https:\/\/www.welovecycling.com\/sk\/#website"},"primaryImageOfPage":{"@id":"https:\/\/www.welovecycling.com\/sk\/2024\/05\/04\/pozvanka-skoda-slovensky-raj-namiesto-turistiky-mtb-maraton\/#primaryimage"},"image":{"@id":"https:\/\/www.welovecycling.com\/sk\/2024\/05\/04\/pozvanka-skoda-slovensky-raj-namiesto-turistiky-mtb-maraton\/#primaryimage"},"thumbnailUrl":"https:\/\/d2p6e6u75xmxt8.cloudfront.net\/4\/2024\/05\/01_pozvanka_WLC_SR.webp","datePublished":"2024-05-04T08:00:48+00:00","author":{"@id":"https:\/\/www.welovecycling.com\/sk\/#\/schema\/person\/533b62b98b6c41bd5135ebfb1f742624"},"description":"\u010eal\u0161ie kolo \u0160koda Bike Open Tour bude pokra\u010dova\u0165 v Slovenskom raji. Ob\u013e\u00faben\u00e9 turistick\u00e9 miesto sa stane op\u00e4\u0165 centrom pre v\u0161etk\u00fdch bikerov.\u00a0","breadcrumb":{"@id":"https:\/\/www.welovecycling.com\/sk\/2024\/05\/04\/pozvanka-skoda-slovensky-raj-namiesto-turistiky-mtb-maraton\/#breadcrumb"},"inLanguage":"sk-SK","potentialAction":[{"@type":"ReadAction","target":["https:\/\/www.welovecycling.com\/sk\/2024\/05\/04\/pozvanka-skoda-slovensky-raj-namiesto-turistiky-mtb-maraton\/"]}]},{"@type":"ImageObject","inLanguage":"sk-SK","@id":"https:\/\/www.welovecycling.com\/sk\/2024\/05\/04\/pozvanka-skoda-slovensky-raj-namiesto-turistiky-mtb-maraton\/#primaryimage","url":"https:\/\/d2p6e6u75xmxt8.cloudfront.net\/4\/2024\/05\/01_pozvanka_WLC_SR.webp","contentUrl":"https:\/\/d2p6e6u75xmxt8.cloudfront.net\/4\/2024\/05\/01_pozvanka_WLC_SR.webp","width":990,"height":660},{"@type":"BreadcrumbList","@id":"https:\/\/www.welovecycling.com\/sk\/2024\/05\/04\/pozvanka-skoda-slovensky-raj-namiesto-turistiky-mtb-maraton\/#breadcrumb","itemListElement":[{"@type":"ListItem","position":1,"name":"Home","item":"https:\/\/www.welovecycling.com\/sk\/"},{"@type":"ListItem","position":2,"name":"Pozv\u00e1nka: \u0160koda Slovensk\u00fd raj &#8211; namiesto turistiky MTB marat\u00f3n"}]},{"@type":"WebSite","@id":"https:\/\/www.welovecycling.com\/sk\/#website","url":"https:\/\/www.welovecycling.com\/sk\/","name":"\u0160koda We Love Cycling Slovensko","description":"\u0160koda We Love Cycling Slovensko je v\u00e1\u0161 ka\u017edodenn\u00fd zdroj noviniek a in\u0161pir\u00e1cie z sveta cyklistiky","potentialAction":[{"@type":"SearchAction","target":{"@type":"EntryPoint","urlTemplate":"https:\/\/www.welovecycling.com\/sk\/?s={search_term_string}"},"query-input":{"@type":"PropertyValueSpecification","valueRequired":true,"valueName":"search_term_string"}}],"inLanguage":"sk-SK"},{"@type":"Person","@id":"https:\/\/www.welovecycling.com\/sk\/#\/schema\/person\/533b62b98b6c41bd5135ebfb1f742624","name":"dominika","image":{"@type":"ImageObject","inLanguage":"sk-SK","@id":"https:\/\/www.welovecycling.com\/sk\/#\/schema\/person\/image\/","url":"https:\/\/secure.gravatar.com\/avatar\/ded6f274ba2ec3e17fff153f7d9d96a4b33c2cb63907f75d9a5309c599a7f3e6?s=96&d=mm&r=g","contentUrl":"https:\/\/secure.gravatar.com\/avatar\/ded6f274ba2ec3e17fff153f7d9d96a4b33c2cb63907f75d9a5309c599a7f3e6?s=96&d=mm&r=g","caption":"dominika"},"url":"https:\/\/www.welovecycling.com\/sk\/author\/dominika\/"}]}},"_links":{"self":[{"href":"https:\/\/www.welovecycling.com\/sk\/wp-json\/wp\/v2\/posts\/19059","targetHints":{"allow":["GET"]}}],"collection":[{"href":"https:\/\/www.welovecycling.com\/sk\/wp-json\/wp\/v2\/posts"}],"about":[{"href":"https:\/\/www.welovecycling.com\/sk\/wp-json\/wp\/v2\/types\/post"}],"author":[{"embeddable":true,"href":"https:\/\/www.welovecycling.com\/sk\/wp-json\/wp\/v2\/users\/172"}],"replies":[{"embeddable":true,"href":"https:\/\/www.welovecycling.com\/sk\/wp-json\/wp\/v2\/comments?post=19059"}],"version-history":[{"count":6,"href":"https:\/\/www.welovecycling.com\/sk\/wp-json\/wp\/v2\/posts\/19059\/revisions"}],"predecessor-version":[{"id":19075,"href":"https:\/\/www.welovecycling.com\/sk\/wp-json\/wp\/v2\/posts\/19059\/revisions\/19075"}],"wp:featuredmedia":[{"embeddable":true,"href":"https:\/\/www.welovecycling.com\/sk\/wp-json\/wp\/v2\/media\/19060"}],"wp:attachment":[{"href":"https:\/\/www.welovecycling.com\/sk\/wp-json\/wp\/v2\/media?parent=19059"}],"wp:term":[{"taxonomy":"category","embeddable":true,"href":"https:\/\/www.welovecycling.com\/sk\/wp-json\/wp\/v2\/categories?post=19059"},{"taxonomy":"post_tag","embeddable":true,"href":"https:\/\/www.welovecycling.com\/sk\/wp-json\/wp\/v2\/tags?post=19059"},{"taxonomy":"global-categories","embeddable":true,"href":"https:\/\/www.welovecycling.com\/sk\/wp-json\/wp\/v2\/global-categories?post=19059"}],"curies":[{"name":"wp","href":"https:\/\/api.w.org\/{rel}","templated":true}]}}