{"id":19048,"date":"2024-04-30T09:16:28","date_gmt":"2024-04-30T07:16:28","guid":{"rendered":"https:\/\/www.welovecycling.com\/sk\/?p=19048"},"modified":"2024-04-30T09:16:28","modified_gmt":"2024-04-30T07:16:28","slug":"majovy-prehlad-slovenskych-podujati-sezona-vitaj","status":"publish","type":"post","link":"https:\/\/www.welovecycling.com\/sk\/2024\/04\/30\/majovy-prehlad-slovenskych-podujati-sezona-vitaj\/","title":{"rendered":"M\u00e1jov\u00fd preh\u013ead slovensk\u00fdch podujat\u00ed \u2013 sez\u00f3na, vitaj!"},"content":{"rendered":"<p><strong>Apr\u00edl si pre n\u00e1s pripravil vo svojej prvej polovici takmer letn\u00e9 po\u010dasie, a tak sa cyklistick\u00e1 sez\u00f3na za\u010dala v plnom pr\u00fade. Druh\u00e1 polovica mesiaca bola naopak len pre najv\u00e4\u010d\u0161\u00edch vytrvalcov a t\u00fdch, ktor\u00ed jednoducho museli tr\u00e9nova\u0165 na m\u00e1jov\u00e9 preteky. Prin\u00e1\u0161ame v\u00e1m preh\u013ead toho najzauj\u00edmavej\u0161ieho, \u010do n\u00e1s v m\u00e1ji \u010dak\u00e1. <\/strong><!--more--><\/p>\n<h2><b>1. \u2013 31. 5. 2024 \u2013 Cyklokruhy Myjavsk\u00e9 kopanice<\/b><\/h2>\n<p><span style=\"font-weight: 400;\">Cyklokruhy s\u00fa \u0161peci\u00e1lne preteky, ktor\u00e9 prebiehaj\u00fa po\u010das celej cyklistickej sez\u00f3ny. Na ka\u017ed\u00fd mesiac je ur\u010den\u00e1 tra\u0165, ktor\u00fa si m\u00f4\u017eete odjazdi\u0165 individu\u00e1lne. Zapoji\u0165 ste sa do nich mohli u\u017e v apr\u00edli a kon\u010dia sa v okt\u00f3bri. V apr\u00edli sa jazdilo v okol\u00ed Nem\u0161ovej a v\u00fdsledky si u\u017e m\u00f4\u017eete pozrie\u0165 na str\u00e1nkach organiz\u00e1tora. <strong>V m\u00e1ji je k dispoz\u00edcii kr\u00e1sna tra\u0165 po Myjavsk\u00fdch kopaniciach, ktor\u00e1 m\u00e1 d\u013a\u017eku 33,5 km s prev\u00fd\u0161en\u00edm 574 m.<\/strong> Podmienkou je, \u017ee m\u00e1te odjazden\u00e9 aj apr\u00edlov\u00e9 kolo.\u00a0<\/span><\/p>\n<p><iframe loading=\"lazy\" title=\"YouTube video player\" src=\"https:\/\/www.youtube-nocookie.com\/embed\/Y3PORsquX9c?si=l03S5UisTXNE3g-1\" width=\"800\" height=\"450\" frameborder=\"0\" allowfullscreen=\"allowfullscreen\"><\/iframe><\/p>\n<h2><\/h2>\n<h2><b>1. 5. 2024 \u2013 Tour de Pre\u0161ov<\/b><\/h2>\n<p><span style=\"font-weight: 400;\">Namiesto prvom\u00e1jov\u00e9ho sprievodu sa m\u00f4\u017eete z\u00fa\u010dastni\u0165 na pretekoch Tour de Pre\u0161ov. Je to u\u017e \u00f4smy ro\u010dn\u00edk t\u00fdchto medzin\u00e1rodn\u00fdch pretekov. Popon\u00e1h\u013eajte sa s prihl\u00e1sen\u00edm, preto\u017ee limit je 250 \u00fa\u010dastn\u00edkov. <strong>Tra\u0165 m\u00e1 d\u013a\u017eku 100,5 km a prev\u00fd\u0161enie 627 m.<\/strong> Sl\u00e1vnostn\u00fd \u0161tart bude na Hlavnej ulici v Pre\u0161ove a cie\u013e bude nemenej zauj\u00edmav\u00fd, preto\u017ee posledn\u00fd kilometer sa bude jazdi\u0165 na velodr\u00f3me. Z\u00edska\u0165 m\u00f4\u017eete zlat\u00fd poh\u00e1r prim\u00e1tora mesta Pre\u0161ov.\u00a0<\/span><\/p>\n<p><iframe loading=\"lazy\" title=\"YouTube video player\" src=\"https:\/\/www.youtube-nocookie.com\/embed\/yt_XkylGmBg?si=27GuS3OCtIVMYEOi\" width=\"800\" height=\"450\" frameborder=\"0\" allowfullscreen=\"allowfullscreen\"><\/iframe><\/p>\n<h2><\/h2>\n<h2><b>4. 5. 2024 \u2013 Detsk\u00e1 tour Petra Sagana \u2013 Budmerice<\/b><\/h2>\n<p><span style=\"font-weight: 400;\">Prv\u00e9 kolo Detskej Tour sa odjazdilo u\u017e v apr\u00edli v Tren\u010d\u00edne a z\u00fa\u010dastnilo sa ho takmer 600 pretek\u00e1rov. Nepochybujem, \u017ee ob\u013e\u00faben\u00e1 tra\u0165 v okol\u00ed ka\u0161tie\u013ea v Budmericiach pritiahne minim\u00e1lne tak\u00e9to mno\u017estvo det\u00ed a t\u00edned\u017eerov. <strong>Trate ved\u00fa po chodn\u00edkoch a spevnen\u00fdch cest\u00e1ch na mierne zvlnenom ter\u00e9ne.<\/strong> Pripraven\u00e9 s\u00fa v\u0161etky klasick\u00e9 kateg\u00f3rie a nebude ch\u00fdba\u0165 ani kateg\u00f3ria Baby. Pr\u00ed\u010fte str\u00e1vi\u0165 pr\u00edjemn\u00fd de\u0148 so svojimi de\u0165mi.\u00a0<\/span><\/p>\n<p><iframe loading=\"lazy\" title=\"YouTube video player\" src=\"https:\/\/www.youtube-nocookie.com\/embed\/8QjWCfCH33g?si=gQwduje-d6bkI4QW\" width=\"800\" height=\"450\" frameborder=\"0\" allowfullscreen=\"allowfullscreen\"><\/iframe><\/p>\n<h2><\/h2>\n<h2><b>4. \u2013 10. 5. 2024 \u2013 Race through Slovakia<\/b><\/h2>\n<p><span style=\"font-weight: 400;\">Tis\u00edc kilometrov dlh\u00e1 trasa naprie\u010d Slovenskom \u2013 to je v\u00fdzva pre jednotlivcov aj dvojice. Trasa povedie cez Z\u00e1horie, Javorinu, Beskydy, Levo\u010dsk\u00e9 vrchy, ale aj cez Mur\u00e1nsku planinu a \u0160achti\u010dky. <strong>\u0160tartuje sa 4. m\u00e1ja z Bratislavy a na pr\u00edchod do cie\u013ea na v\u00e1s bud\u00fa \u010daka\u0165 najnesk\u00f4r 10. m\u00e1ja na chate Family \u0160achti\u010dky v Banskej Bystrici.<\/strong> Vy\u017eaduje sa samostatnos\u0165 a vyu\u017e\u00edva\u0165 m\u00f4\u017eete len be\u017ene dostupn\u00e9 slu\u017eby v okol\u00ed trasy.\u00a0<\/span><\/p>\n<p><iframe loading=\"lazy\" title=\"YouTube video player\" src=\"https:\/\/www.youtube-nocookie.com\/embed\/HqzzmI7mBrM?si=2orM2m4v0VglTotl\" width=\"800\" height=\"450\" frameborder=\"0\" allowfullscreen=\"allowfullscreen\"><\/iframe><\/p>\n<h2><\/h2>\n<h2><b>11. 5. 2024 \u2013 Detsk\u00e1 tour Petra Sagana \u2013 Zborov nad Bystricou<\/b><\/h2>\n<p><span style=\"font-weight: 400;\">Zborov nad Bystricou je po Tren\u010d\u00edne druhou novinkou v kalend\u00e1ri Detskej Tour tohto ro\u010dn\u00edka. <strong>S\u00fa\u0165a\u017ei\u0165 sa bude v bl\u00edzkosti popul\u00e1rneho cyklochodn\u00edka ved\u013ea futbalov\u00e9ho ihriska.<\/strong> Organiz\u00e1tor a miestni \u0161portov\u00ed nad\u0161enci sa u\u017e te\u0161ia na va\u0161u \u00fa\u010das\u0165 a ur\u010dite pripravia pr\u00edjemn\u00fa atmosf\u00e9ru. Ver\u00edme, \u017ee toto miesto sa stane jedn\u00fdm z klasick\u00fdch miest, na ktor\u00fdch sa bud\u00fa preteky kona\u0165 \u010dasto.\u00a0<\/span><\/p>\n<p><iframe loading=\"lazy\" title=\"YouTube video player\" src=\"https:\/\/www.youtube-nocookie.com\/embed\/NJ9FM_oaItk?si=GUvLPVOBqDNWclai\" width=\"800\" height=\"450\" frameborder=\"0\" allowfullscreen=\"allowfullscreen\"><\/iframe><\/p>\n<h2><\/h2>\n<h2><b>12. 5. 2024 Novohradsk\u00fd ped\u00e1l \u2013 Lu\u010denec<\/b><\/h2>\n<p><span style=\"font-weight: 400;\">10. ro\u010dn\u00edk MTB marat\u00f3nu v srdci Novohradu v\u00e1s poz\u00fdva osl\u00e1vi\u0165 toto v\u00fdro\u010die pr\u00e1ve svojou \u00fa\u010das\u0165ou. \u0160tart aj cie\u013e bude na k\u00fapalisku v Lu\u010denci. <strong>Pripraven\u00e9 s\u00fa dve trate, s d\u013a\u017ekou 50 km a 25 km.<\/strong> \u00da\u010das\u0165 pris\u013e\u00fabili u\u017e viacer\u00e9 zvu\u010dn\u00e9 men\u00e1, a tak m\u00e1te mo\u017enos\u0165 zmera\u0165 si s nimi sily. Pripraven\u00e1 je aj tombola s atrakt\u00edvnymi cenami a in\u00e9 zauj\u00edmavosti a sprievodn\u00fd program.\u00a0<\/span><\/p>\n<p><iframe loading=\"lazy\" title=\"YouTube video player\" src=\"https:\/\/www.youtube-nocookie.com\/embed\/yHuZ7Y6FrCw?si=pYDGmcIEffXWri8G\" width=\"800\" height=\"450\" frameborder=\"0\" allowfullscreen=\"allowfullscreen\"><\/iframe><\/p>\n<h2><\/h2>\n<h2><b>18. 5. 2024 \u2013 \u0160koda Bike Open Tour \u2013 \u0160koda MTB Marat\u00f3n Rajeck\u00e9 Teplice<\/b><\/h2>\n<p><span style=\"font-weight: 400;\">\u0160koda Bike Open Tour u\u017e na Slovensku pozn\u00e1 ka\u017ed\u00fd a nie je \u017eiadnym prekvapen\u00edm, \u017ee \u00fa\u010das\u0165 na jej kol\u00e1ch je v\u017edy ve\u013ek\u00e1. Rajeck\u00e9 Teplice ka\u017edoro\u010dne pon\u00fakaj\u00fa kvalitn\u00e9 trate a kr\u00e1sne okolie. <strong>Pripraven\u00e1 je 80 km dlh\u00e1 marat\u00f3nska tra\u0165, ale aj krat\u0161ia, polmarat\u00f3nska tra\u0165 v d\u013a\u017eke 50 km.<\/strong> Ak sa z\u00fa\u010dast\u0148ujete prv\u00fdkr\u00e1t, alebo si netr\u00fafate, ur\u010dite vysk\u00fa\u0161ajte 18,5 km dlh\u00fa Hobby tra\u0165.\u00a0<\/span><\/p>\n<p><iframe loading=\"lazy\" title=\"YouTube video player\" src=\"https:\/\/www.youtube-nocookie.com\/embed\/qNzlJ-5RQ0M?si=ucz3EHu4PRgt8hal\" width=\"800\" height=\"450\" frameborder=\"0\" allowfullscreen=\"allowfullscreen\"><\/iframe><\/p>\n<h2><\/h2>\n<h2><b>19. 5. 2024 \u2013 MTBIKER Sliezsky kr\u00e1\u013e\u00a0<\/b><\/h2>\n<p><span style=\"font-weight: 400;\">Sliezsky kr\u00e1\u013e je \u0161print do vrchu v n\u00e1dhernom prostred\u00ed Vysok\u00fdch Tatier a mo\u017eno aj pr\u00e1ve preto z\u00edskava toto podujatie ka\u017edoro\u010dne na svojej popularite. D\u013a\u017eka trate je 7 km a prev\u00fd\u0161enie 700 m. \u0160tartuje sa po dvojiciach v 30-sekundov\u00fdch intervaloch. Cie\u013eom je Horsk\u00fd hotel Sliezsky dom, kde bud\u00fa po dojazde v\u0161etk\u00fdch \u00fa\u010dastn\u00edkov vyhlasovan\u00e9 v\u00fdsledky. Nemus\u00edte ma\u0165 ani starosti o svoje osobn\u00e9 veci, ktor\u00e9 v\u00e1m z miesta \u0161tartu vyvez\u00fa hore do cie\u013ea. V cieli bude postaran\u00e9 aj o ob\u010derstvenie. Pon\u00e1h\u013eajte sa s registr\u00e1ciou, preto\u017ee limit je 100 pretek\u00e1rov.<\/span><\/p>\n<p><iframe loading=\"lazy\" title=\"YouTube video player\" src=\"https:\/\/www.youtube-nocookie.com\/embed\/WS9NslNm6A0?si=qfzeSxA7q7ooXNMv\" width=\"800\" height=\"315\" frameborder=\"0\" allowfullscreen=\"allowfullscreen\"><\/iframe><\/p>\n<h2><b>24. \u2013 25. 5. 2024 \u2013 MTBIKER Komunitn\u00e1 jazda \u2013 Podpo\u013eanie<\/b><\/h2>\n<p><span style=\"font-weight: 400;\">Komunita okolo MTBIKER organizuje svoju \u010fal\u0161iu komunitn\u00fa jazdu. Je to skvel\u00e1 pr\u00edle\u017eitos\u0165 v takmer rodinnej atmosf\u00e9re stretn\u00fa\u0165 kamar\u00e1tov a z\u00e1rove\u0148 sa zozn\u00e1mi\u0165 s nov\u00fdmi nad\u0161encami cyklistiky. Tentokr\u00e1t je pripraven\u00e1 tra\u0165 v oblasti Podpo\u013eanie s d\u013a\u017ekou 50 km a s prev\u00fd\u0161en\u00edm 1300 m. S\u00fa\u010das\u0165ou stretnutia bude aj jedna prezent\u00e1cia a o z\u00e1zemie sa postar\u00e1 Hotel Zerrenpach. Pr\u00ed\u010fte str\u00e1vi\u0165 pr\u00edjemn\u00fd v\u00edkend v kr\u00e1snej pr\u00edrode.<\/span><\/p>\n<p>&nbsp;<\/p>\n","protected":false},"excerpt":{"rendered":"<p>Apr\u00edl si pre n\u00e1s pripravil vo svojej prvej polovici takmer letn\u00e9 po\u010dasie, a tak sa cyklistick\u00e1 sez\u00f3na za\u010dala v plnom [&hellip;]<\/p>\n","protected":false},"author":172,"featured_media":19049,"comment_status":"open","ping_status":"open","sticky":false,"template":"","format":"standard","meta":{"footnotes":""},"categories":[191],"tags":[115,546,507,53,180,532,41,1497,178,91,179,509,474,1615,523,1540,1072],"global-categories":[1074],"class_list":["post-19048","post","type-post","status-publish","format-standard","has-post-thumbnail","hentry","category-odporucame","tag-cestna-cyklistika","tag-cyklistika","tag-cyklorodinka","tag-deti","tag-horska-cyklistika","tag-jazdenie","tag-kratka-trat","tag-maj","tag-maraton","tag-pozvanka","tag-preteky","tag-rodina","tag-rodinny-maraton","tag-sezona-2024","tag-slovensko","tag-tip","tag-trat","global-categories-cycling"],"yoast_head":"<!-- This site is optimized with the Yoast SEO Premium plugin v25.3 (Yoast SEO v25.9) - https:\/\/yoast.com\/wordpress\/plugins\/seo\/ -->\n<title>M\u00e1jov\u00fd preh\u013ead slovensk\u00fdch podujat\u00ed \u2013 sez\u00f3na, vitaj! - \u0160koda We Love Cycling Slovensko<\/title>\n<meta name=\"description\" content=\"Apr\u00edl n\u00e1m po\u010das\u00edm pekne od\u0161tartoval sez\u00f3nu. Prin\u00e1\u0161ame v\u00e1m preh\u013ead toho najzauj\u00edmavej\u0161ieho, \u010do n\u00e1s v m\u00e1ji \u010dak\u00e1.\" \/>\n<meta name=\"robots\" content=\"index, follow, max-snippet:-1, max-image-preview:large, max-video-preview:-1\" \/>\n<link rel=\"canonical\" href=\"https:\/\/www.welovecycling.com\/sk\/2024\/04\/30\/majovy-prehlad-slovenskych-podujati-sezona-vitaj\/\" \/>\n<meta property=\"og:locale\" content=\"sk_SK\" \/>\n<meta property=\"og:type\" content=\"article\" \/>\n<meta property=\"og:title\" content=\"M\u00e1jov\u00fd preh\u013ead slovensk\u00fdch podujat\u00ed \u2013 sez\u00f3na, vitaj!\" \/>\n<meta property=\"og:description\" content=\"Apr\u00edl n\u00e1m po\u010das\u00edm pekne od\u0161tartoval sez\u00f3nu. Prin\u00e1\u0161ame v\u00e1m preh\u013ead toho najzauj\u00edmavej\u0161ieho, \u010do n\u00e1s v m\u00e1ji \u010dak\u00e1.\" \/>\n<meta property=\"og:url\" content=\"https:\/\/www.welovecycling.com\/sk\/2024\/04\/30\/majovy-prehlad-slovenskych-podujati-sezona-vitaj\/\" \/>\n<meta property=\"og:site_name\" content=\"\u0160koda We Love Cycling Slovensko\" \/>\n<meta property=\"article:published_time\" content=\"2024-04-30T07:16:28+00:00\" \/>\n<meta property=\"og:image\" content=\"https:\/\/d2p6e6u75xmxt8.cloudfront.net\/4\/2024\/04\/titulka-4.webp\" \/>\n\t<meta property=\"og:image:width\" content=\"990\" \/>\n\t<meta property=\"og:image:height\" content=\"660\" \/>\n\t<meta property=\"og:image:type\" content=\"image\/webp\" \/>\n<meta name=\"author\" content=\"dominika\" \/>\n<meta name=\"twitter:card\" content=\"summary_large_image\" \/>\n<meta name=\"twitter:label1\" content=\"Written by\" \/>\n\t<meta name=\"twitter:data1\" content=\"Radovan Vr\u0161ka\" \/>\n\t<meta name=\"twitter:label2\" content=\"Est. reading time\" \/>\n\t<meta name=\"twitter:data2\" content=\"4\" \/>\n<script type=\"application\/ld+json\" class=\"yoast-schema-graph\">{\"@context\":\"https:\/\/schema.org\",\"@graph\":[{\"@type\":\"WebPage\",\"@id\":\"https:\/\/www.welovecycling.com\/sk\/2024\/04\/30\/majovy-prehlad-slovenskych-podujati-sezona-vitaj\/\",\"url\":\"https:\/\/www.welovecycling.com\/sk\/2024\/04\/30\/majovy-prehlad-slovenskych-podujati-sezona-vitaj\/\",\"name\":\"M\u00e1jov\u00fd preh\u013ead slovensk\u00fdch podujat\u00ed \u2013 sez\u00f3na, vitaj! - \u0160koda We Love Cycling Slovensko\",\"isPartOf\":{\"@id\":\"https:\/\/www.welovecycling.com\/sk\/#website\"},\"primaryImageOfPage\":{\"@id\":\"https:\/\/www.welovecycling.com\/sk\/2024\/04\/30\/majovy-prehlad-slovenskych-podujati-sezona-vitaj\/#primaryimage\"},\"image\":{\"@id\":\"https:\/\/www.welovecycling.com\/sk\/2024\/04\/30\/majovy-prehlad-slovenskych-podujati-sezona-vitaj\/#primaryimage\"},\"thumbnailUrl\":\"https:\/\/d2p6e6u75xmxt8.cloudfront.net\/4\/2024\/04\/titulka-4.webp\",\"datePublished\":\"2024-04-30T07:16:28+00:00\",\"author\":{\"@id\":\"https:\/\/www.welovecycling.com\/sk\/#\/schema\/person\/533b62b98b6c41bd5135ebfb1f742624\"},\"description\":\"Apr\u00edl n\u00e1m po\u010das\u00edm pekne od\u0161tartoval sez\u00f3nu. Prin\u00e1\u0161ame v\u00e1m preh\u013ead toho najzauj\u00edmavej\u0161ieho, \u010do n\u00e1s v m\u00e1ji \u010dak\u00e1.\",\"breadcrumb\":{\"@id\":\"https:\/\/www.welovecycling.com\/sk\/2024\/04\/30\/majovy-prehlad-slovenskych-podujati-sezona-vitaj\/#breadcrumb\"},\"inLanguage\":\"sk-SK\",\"potentialAction\":[{\"@type\":\"ReadAction\",\"target\":[\"https:\/\/www.welovecycling.com\/sk\/2024\/04\/30\/majovy-prehlad-slovenskych-podujati-sezona-vitaj\/\"]}]},{\"@type\":\"ImageObject\",\"inLanguage\":\"sk-SK\",\"@id\":\"https:\/\/www.welovecycling.com\/sk\/2024\/04\/30\/majovy-prehlad-slovenskych-podujati-sezona-vitaj\/#primaryimage\",\"url\":\"https:\/\/d2p6e6u75xmxt8.cloudfront.net\/4\/2024\/04\/titulka-4.webp\",\"contentUrl\":\"https:\/\/d2p6e6u75xmxt8.cloudfront.net\/4\/2024\/04\/titulka-4.webp\",\"width\":990,\"height\":660},{\"@type\":\"BreadcrumbList\",\"@id\":\"https:\/\/www.welovecycling.com\/sk\/2024\/04\/30\/majovy-prehlad-slovenskych-podujati-sezona-vitaj\/#breadcrumb\",\"itemListElement\":[{\"@type\":\"ListItem\",\"position\":1,\"name\":\"Home\",\"item\":\"https:\/\/www.welovecycling.com\/sk\/\"},{\"@type\":\"ListItem\",\"position\":2,\"name\":\"M\u00e1jov\u00fd preh\u013ead slovensk\u00fdch podujat\u00ed \u2013 sez\u00f3na, vitaj!\"}]},{\"@type\":\"WebSite\",\"@id\":\"https:\/\/www.welovecycling.com\/sk\/#website\",\"url\":\"https:\/\/www.welovecycling.com\/sk\/\",\"name\":\"\u0160koda We Love Cycling Slovensko\",\"description\":\"\u0160koda We Love Cycling Slovensko je v\u00e1\u0161 ka\u017edodenn\u00fd zdroj noviniek a in\u0161pir\u00e1cie z sveta cyklistiky\",\"potentialAction\":[{\"@type\":\"SearchAction\",\"target\":{\"@type\":\"EntryPoint\",\"urlTemplate\":\"https:\/\/www.welovecycling.com\/sk\/?s={search_term_string}\"},\"query-input\":{\"@type\":\"PropertyValueSpecification\",\"valueRequired\":true,\"valueName\":\"search_term_string\"}}],\"inLanguage\":\"sk-SK\"},{\"@type\":\"Person\",\"@id\":\"https:\/\/www.welovecycling.com\/sk\/#\/schema\/person\/533b62b98b6c41bd5135ebfb1f742624\",\"name\":\"dominika\",\"image\":{\"@type\":\"ImageObject\",\"inLanguage\":\"sk-SK\",\"@id\":\"https:\/\/www.welovecycling.com\/sk\/#\/schema\/person\/image\/\",\"url\":\"https:\/\/secure.gravatar.com\/avatar\/ded6f274ba2ec3e17fff153f7d9d96a4b33c2cb63907f75d9a5309c599a7f3e6?s=96&d=mm&r=g\",\"contentUrl\":\"https:\/\/secure.gravatar.com\/avatar\/ded6f274ba2ec3e17fff153f7d9d96a4b33c2cb63907f75d9a5309c599a7f3e6?s=96&d=mm&r=g\",\"caption\":\"dominika\"},\"url\":\"https:\/\/www.welovecycling.com\/sk\/author\/dominika\/\"}]}<\/script>\n<!-- \/ Yoast SEO Premium plugin. -->","yoast_head_json":{"title":"M\u00e1jov\u00fd preh\u013ead slovensk\u00fdch podujat\u00ed \u2013 sez\u00f3na, vitaj! - \u0160koda We Love Cycling Slovensko","description":"Apr\u00edl n\u00e1m po\u010das\u00edm pekne od\u0161tartoval sez\u00f3nu. Prin\u00e1\u0161ame v\u00e1m preh\u013ead toho najzauj\u00edmavej\u0161ieho, \u010do n\u00e1s v m\u00e1ji \u010dak\u00e1.","robots":{"index":"index","follow":"follow","max-snippet":"max-snippet:-1","max-image-preview":"max-image-preview:large","max-video-preview":"max-video-preview:-1"},"canonical":"https:\/\/www.welovecycling.com\/sk\/2024\/04\/30\/majovy-prehlad-slovenskych-podujati-sezona-vitaj\/","og_locale":"sk_SK","og_type":"article","og_title":"M\u00e1jov\u00fd preh\u013ead slovensk\u00fdch podujat\u00ed \u2013 sez\u00f3na, vitaj!","og_description":"Apr\u00edl n\u00e1m po\u010das\u00edm pekne od\u0161tartoval sez\u00f3nu. Prin\u00e1\u0161ame v\u00e1m preh\u013ead toho najzauj\u00edmavej\u0161ieho, \u010do n\u00e1s v m\u00e1ji \u010dak\u00e1.","og_url":"https:\/\/www.welovecycling.com\/sk\/2024\/04\/30\/majovy-prehlad-slovenskych-podujati-sezona-vitaj\/","og_site_name":"\u0160koda We Love Cycling Slovensko","article_published_time":"2024-04-30T07:16:28+00:00","og_image":[{"width":990,"height":660,"url":"https:\/\/d2p6e6u75xmxt8.cloudfront.net\/4\/2024\/04\/titulka-4.webp","type":"image\/webp"}],"author":"dominika","twitter_card":"summary_large_image","twitter_misc":{"Written by":"Radovan Vr\u0161ka","Est. reading time":"4"},"schema":{"@context":"https:\/\/schema.org","@graph":[{"@type":"WebPage","@id":"https:\/\/www.welovecycling.com\/sk\/2024\/04\/30\/majovy-prehlad-slovenskych-podujati-sezona-vitaj\/","url":"https:\/\/www.welovecycling.com\/sk\/2024\/04\/30\/majovy-prehlad-slovenskych-podujati-sezona-vitaj\/","name":"M\u00e1jov\u00fd preh\u013ead slovensk\u00fdch podujat\u00ed \u2013 sez\u00f3na, vitaj! - \u0160koda We Love Cycling Slovensko","isPartOf":{"@id":"https:\/\/www.welovecycling.com\/sk\/#website"},"primaryImageOfPage":{"@id":"https:\/\/www.welovecycling.com\/sk\/2024\/04\/30\/majovy-prehlad-slovenskych-podujati-sezona-vitaj\/#primaryimage"},"image":{"@id":"https:\/\/www.welovecycling.com\/sk\/2024\/04\/30\/majovy-prehlad-slovenskych-podujati-sezona-vitaj\/#primaryimage"},"thumbnailUrl":"https:\/\/d2p6e6u75xmxt8.cloudfront.net\/4\/2024\/04\/titulka-4.webp","datePublished":"2024-04-30T07:16:28+00:00","author":{"@id":"https:\/\/www.welovecycling.com\/sk\/#\/schema\/person\/533b62b98b6c41bd5135ebfb1f742624"},"description":"Apr\u00edl n\u00e1m po\u010das\u00edm pekne od\u0161tartoval sez\u00f3nu. Prin\u00e1\u0161ame v\u00e1m preh\u013ead toho najzauj\u00edmavej\u0161ieho, \u010do n\u00e1s v m\u00e1ji \u010dak\u00e1.","breadcrumb":{"@id":"https:\/\/www.welovecycling.com\/sk\/2024\/04\/30\/majovy-prehlad-slovenskych-podujati-sezona-vitaj\/#breadcrumb"},"inLanguage":"sk-SK","potentialAction":[{"@type":"ReadAction","target":["https:\/\/www.welovecycling.com\/sk\/2024\/04\/30\/majovy-prehlad-slovenskych-podujati-sezona-vitaj\/"]}]},{"@type":"ImageObject","inLanguage":"sk-SK","@id":"https:\/\/www.welovecycling.com\/sk\/2024\/04\/30\/majovy-prehlad-slovenskych-podujati-sezona-vitaj\/#primaryimage","url":"https:\/\/d2p6e6u75xmxt8.cloudfront.net\/4\/2024\/04\/titulka-4.webp","contentUrl":"https:\/\/d2p6e6u75xmxt8.cloudfront.net\/4\/2024\/04\/titulka-4.webp","width":990,"height":660},{"@type":"BreadcrumbList","@id":"https:\/\/www.welovecycling.com\/sk\/2024\/04\/30\/majovy-prehlad-slovenskych-podujati-sezona-vitaj\/#breadcrumb","itemListElement":[{"@type":"ListItem","position":1,"name":"Home","item":"https:\/\/www.welovecycling.com\/sk\/"},{"@type":"ListItem","position":2,"name":"M\u00e1jov\u00fd preh\u013ead slovensk\u00fdch podujat\u00ed \u2013 sez\u00f3na, vitaj!"}]},{"@type":"WebSite","@id":"https:\/\/www.welovecycling.com\/sk\/#website","url":"https:\/\/www.welovecycling.com\/sk\/","name":"\u0160koda We Love Cycling Slovensko","description":"\u0160koda We Love Cycling Slovensko je v\u00e1\u0161 ka\u017edodenn\u00fd zdroj noviniek a in\u0161pir\u00e1cie z sveta cyklistiky","potentialAction":[{"@type":"SearchAction","target":{"@type":"EntryPoint","urlTemplate":"https:\/\/www.welovecycling.com\/sk\/?s={search_term_string}"},"query-input":{"@type":"PropertyValueSpecification","valueRequired":true,"valueName":"search_term_string"}}],"inLanguage":"sk-SK"},{"@type":"Person","@id":"https:\/\/www.welovecycling.com\/sk\/#\/schema\/person\/533b62b98b6c41bd5135ebfb1f742624","name":"dominika","image":{"@type":"ImageObject","inLanguage":"sk-SK","@id":"https:\/\/www.welovecycling.com\/sk\/#\/schema\/person\/image\/","url":"https:\/\/secure.gravatar.com\/avatar\/ded6f274ba2ec3e17fff153f7d9d96a4b33c2cb63907f75d9a5309c599a7f3e6?s=96&d=mm&r=g","contentUrl":"https:\/\/secure.gravatar.com\/avatar\/ded6f274ba2ec3e17fff153f7d9d96a4b33c2cb63907f75d9a5309c599a7f3e6?s=96&d=mm&r=g","caption":"dominika"},"url":"https:\/\/www.welovecycling.com\/sk\/author\/dominika\/"}]}},"_links":{"self":[{"href":"https:\/\/www.welovecycling.com\/sk\/wp-json\/wp\/v2\/posts\/19048","targetHints":{"allow":["GET"]}}],"collection":[{"href":"https:\/\/www.welovecycling.com\/sk\/wp-json\/wp\/v2\/posts"}],"about":[{"href":"https:\/\/www.welovecycling.com\/sk\/wp-json\/wp\/v2\/types\/post"}],"author":[{"embeddable":true,"href":"https:\/\/www.welovecycling.com\/sk\/wp-json\/wp\/v2\/users\/172"}],"replies":[{"embeddable":true,"href":"https:\/\/www.welovecycling.com\/sk\/wp-json\/wp\/v2\/comments?post=19048"}],"version-history":[{"count":6,"href":"https:\/\/www.welovecycling.com\/sk\/wp-json\/wp\/v2\/posts\/19048\/revisions"}],"predecessor-version":[{"id":19055,"href":"https:\/\/www.welovecycling.com\/sk\/wp-json\/wp\/v2\/posts\/19048\/revisions\/19055"}],"wp:featuredmedia":[{"embeddable":true,"href":"https:\/\/www.welovecycling.com\/sk\/wp-json\/wp\/v2\/media\/19049"}],"wp:attachment":[{"href":"https:\/\/www.welovecycling.com\/sk\/wp-json\/wp\/v2\/media?parent=19048"}],"wp:term":[{"taxonomy":"category","embeddable":true,"href":"https:\/\/www.welovecycling.com\/sk\/wp-json\/wp\/v2\/categories?post=19048"},{"taxonomy":"post_tag","embeddable":true,"href":"https:\/\/www.welovecycling.com\/sk\/wp-json\/wp\/v2\/tags?post=19048"},{"taxonomy":"global-categories","embeddable":true,"href":"https:\/\/www.welovecycling.com\/sk\/wp-json\/wp\/v2\/global-categories?post=19048"}],"curies":[{"name":"wp","href":"https:\/\/api.w.org\/{rel}","templated":true}]}}