{"id":19022,"date":"2024-04-24T16:00:14","date_gmt":"2024-04-24T14:00:14","guid":{"rendered":"https:\/\/www.welovecycling.com\/sk\/?p=19022"},"modified":"2024-04-26T08:45:31","modified_gmt":"2024-04-26T06:45:31","slug":"reportaz-skoda-svatojursky-mtb-maraton-2024-idealny-start-do-sezony","status":"publish","type":"post","link":"https:\/\/www.welovecycling.com\/sk\/2024\/04\/24\/reportaz-skoda-svatojursky-mtb-maraton-2024-idealny-start-do-sezony\/","title":{"rendered":"Report\u00e1\u017e: \u0160koda Sv\u00e4tojursk\u00fd MTB marat\u00f3n 2024 \u2013 ide\u00e1lny \u0161tart do sez\u00f3ny"},"content":{"rendered":"<p><strong>Prv\u00fd MTB marat\u00f3n zo s\u00e9rie \u0160koda Bike Open Tour je za nami. Ako dopadol 15. Ro\u010dn\u00edk \u0160koda Sv\u00e4tojursk\u00e9ho MTB marat\u00f3nu? U\u017eili sme si prav\u00e9 apr\u00edlov\u00e9 po\u010dasie pln\u00e9 prekvapen\u00ed, dobr\u00fa organiz\u00e1ciu aj kopec z\u00e1bavy.<\/strong><!--more--><\/p>\n<p><span style=\"font-weight: 400;\">Na \u00favod mus\u00edm prizna\u0165, \u017ee MTB marat\u00f3ny a XC nie s\u00fa v\u00f4bec mojou discipl\u00ednou. V\u010faka po\u017ei\u010dan\u00e9mu a \u201evy\u010da\u010dkan\u00e9mu\u201c Cannondale Scalpel Si od kamar\u00e1ta som sa mohol prv\u00fdkr\u00e1t z\u00fa\u010dastni\u0165 na takomto podujat\u00ed, aj ke\u010f som si tr\u00fafol iba na kr\u00e1tku tra\u0165. Niekde ale za\u010da\u0165 mus\u00edm. Okrem toho boli na v\u00fdber \u010fal\u0161ie dva varianty a ob\u013e\u00faben\u00e1 <\/span><a href=\"https:\/\/www.welovecycling.com\/sk\/2024\/04\/16\/ako-sa-s-detmi-pripravit-na-family-trat\/\" target=\"_blank\" rel=\"noopener\"><span style=\"font-weight: 400;\">Family tra\u0165<\/span><\/a><span style=\"font-weight: 400;\">.<\/span><\/p>\n<p><img loading=\"lazy\" decoding=\"async\" class=\"alignnone wp-image-19024 size-full\" src=\"https:\/\/d2p6e6u75xmxt8.cloudfront.net\/4\/2024\/04\/WLC_svaty_jur-0.webp\" alt=\"\u0160koda Sv\u00e4tojursk\u00fd MTB marat\u00f3n 2024\" width=\"990\" height=\"660\" srcset=\"https:\/\/d2p6e6u75xmxt8.cloudfront.net\/4\/2024\/04\/WLC_svaty_jur-0.webp 990w, https:\/\/d2p6e6u75xmxt8.cloudfront.net\/4\/2024\/04\/WLC_svaty_jur-0-300x200.webp 300w, https:\/\/d2p6e6u75xmxt8.cloudfront.net\/4\/2024\/04\/WLC_svaty_jur-0-768x512.webp 768w, https:\/\/d2p6e6u75xmxt8.cloudfront.net\/4\/2024\/04\/WLC_svaty_jur-0-400x267.webp 400w, https:\/\/d2p6e6u75xmxt8.cloudfront.net\/4\/2024\/04\/WLC_svaty_jur-0-272x182.webp 272w\" sizes=\"auto, (max-width: 990px) 100vw, 990px\" \/><\/p>\n<h2><b>Dlh\u00e1 tra\u0165 &#8211;\u00a0 70 km<\/b><\/h2>\n<p><span style=\"font-weight: 400;\">Pretek\u00e1ri na dlhej trati \u0161tartovali u\u017e tradi\u010dne ako prv\u00ed o 10:00. Absolvovali 70 km, a na dvoch lesn\u00fdch okruhoch nast\u00fapali pribli\u017ene 2000 v\u00fd\u0161kov\u00fdch metrov. Na \u0161tart sa postavilo spolu 103 pretek\u00e1rov, z toho 4 \u017eeny. \u0160tartovalo sa tesne po da\u017edi a v relat\u00edvnom chlade. <\/span><b>Podmienky, ktor\u00e9 n\u00e1m po\u010dasie v tento de\u0148 pripravilo, by sa dali op\u00edsa\u0165 ako typick\u00e1 jarn\u00e1 blatist\u00e1 jazda, kedy m\u00e1te blato a\u017e za u\u0161ami.\u00a0<\/b><\/p>\n<p><span style=\"font-weight: 400;\">Do v\u00fdsledkovej listiny sa kvalifikovalo 94 \u0161tartuj\u00facich, zvy\u0161n\u00ed deviati sa do v\u00fdsledkovej listiny neprebojovali, alebo z nej boli vyl\u00fa\u010den\u00ed po pretekoch. O prv\u00e9 miesto na najdlh\u0161ej trati d\u0148a sa bojovalo od \u0161tartu a\u017e za cie\u013e a celkov\u00fdm v\u00ed\u0165azom sa stal pretek\u00e1r <\/span><a href=\"https:\/\/www.welovecycling.com\/sk\/2024\/04\/12\/rozhovor-wlrmcc-jazdime-podla-nalady-a-pocasia\/\" target=\"_blank\" rel=\"noopener\"><span style=\"font-weight: 400;\">z t\u00edmu WLRMcc<\/span><\/a><span style=\"font-weight: 400;\"> \u013dubom\u00edr Mur\u00e1rik s \u010dasom 2:59:25. V\u00ed\u0165azstvo si v \u017eenskej kateg\u00f3rii vybojovala Nikol Fla\u0161arov\u00e1 s \u010dasom 4:04:08.<\/span><\/p>\n<p><span style=\"font-weight: 400;\">\u00a0<\/span><span style=\"font-weight: 400;\">Viac o pretekoch na dlhej trati sa do\u010d\u00edtate ni\u017e\u0161ie v kr\u00e1tkom postrehu z trate priamo od \u013dubom\u00edra.<\/span><\/p>\n<p><img loading=\"lazy\" decoding=\"async\" class=\"alignnone size-full wp-image-19025\" src=\"https:\/\/d2p6e6u75xmxt8.cloudfront.net\/4\/2024\/04\/WLC_svaty_jur-12.webp\" alt=\"\" width=\"990\" height=\"660\" srcset=\"https:\/\/d2p6e6u75xmxt8.cloudfront.net\/4\/2024\/04\/WLC_svaty_jur-12.webp 990w, https:\/\/d2p6e6u75xmxt8.cloudfront.net\/4\/2024\/04\/WLC_svaty_jur-12-300x200.webp 300w, https:\/\/d2p6e6u75xmxt8.cloudfront.net\/4\/2024\/04\/WLC_svaty_jur-12-768x512.webp 768w, https:\/\/d2p6e6u75xmxt8.cloudfront.net\/4\/2024\/04\/WLC_svaty_jur-12-400x267.webp 400w, https:\/\/d2p6e6u75xmxt8.cloudfront.net\/4\/2024\/04\/WLC_svaty_jur-12-272x182.webp 272w\" sizes=\"auto, (max-width: 990px) 100vw, 990px\" \/><\/p>\n<h2><b>Stredn\u00e1 tra\u0165 &#8211; 42 km<\/b><\/h2>\n<p><span style=\"font-weight: 400;\">Preteky na strednej trati od\u0161tartovali kateg\u00f3riou E-bike o 10:40. Po\u010dasie sa na chv\u00ed\u013eu um\u00fadrilo, teplota st\u00fapla o p\u00e1r stup\u0148ov a \u0161tartovalo sa na relat\u00edvne suchej ceste. 42 kilometrov\u00e1 tra\u0165 kop\u00edrovala profil tej dlhej, s rozdielom, \u017ee pretek\u00e1ri absolvovali iba jeden lesn\u00fd okruh &#8211; spolu teda 42 km a 1200 v\u00fd\u0161kov\u00fdch metrov.\u00a0<\/span><\/p>\n<p><span style=\"font-weight: 400;\">Dovedna 30 E-bikerov z toho 5 \u017eien vyrazilo na tra\u0165 o 10:40 a do cie\u013ea ako prv\u00fd mu\u017e dorazil <strong>Tom\u00e1\u0161 Li\u0161ka s \u010dasom 1:31:17<\/strong> a ako prv\u00e1 \u017eena <strong>Zuzana Valko\u0161\u0161\u00e1kov\u00e1 s \u010dasom 2:27:00.<\/strong><\/span><\/p>\n<p><span style=\"font-weight: 400;\">42-kilometrov\u00e1 tra\u0165 b\u00fdva tradi\u010dne najpo\u010detnej\u0161ia a na \u0161tarte klasick\u00fdch MTB st\u00e1lo spolu 265 pretek\u00e1rov v 10tich kateg\u00f3ri\u00e1ch. \u0160tartov\u00fd v\u00fdstrel zaznel o 11:00 a na tra\u0165 sa vydali v\u0161etky kateg\u00f3rie s pln\u00fdm nasaden\u00edm. Profil trate vyselektoval skupinu favoritov u\u017e v prvej tretine st\u00fapania. Do cie\u013ea tak dorazil <strong>Erik K\u013e\u00fa\u010dik ako prv\u00fd mu\u017e s \u010dasom 1:50:41<\/strong> a ako <strong>prv\u00e1 \u017eena\u00a0<\/strong><\/span><span style=\"font-weight: 400;\"><strong>Rebeka Cully s \u010dasom 2:10:56<\/strong> pred pretek\u00e1rkou z t\u00edmu WRLMcc &#8211; Biankou Baba\u010dovou.<\/span><\/p>\n<p><img loading=\"lazy\" decoding=\"async\" class=\"alignnone size-full wp-image-19026\" src=\"https:\/\/d2p6e6u75xmxt8.cloudfront.net\/4\/2024\/04\/WLC_svaty_jur-29.webp\" alt=\"\" width=\"990\" height=\"660\" srcset=\"https:\/\/d2p6e6u75xmxt8.cloudfront.net\/4\/2024\/04\/WLC_svaty_jur-29.webp 990w, https:\/\/d2p6e6u75xmxt8.cloudfront.net\/4\/2024\/04\/WLC_svaty_jur-29-300x200.webp 300w, https:\/\/d2p6e6u75xmxt8.cloudfront.net\/4\/2024\/04\/WLC_svaty_jur-29-768x512.webp 768w, https:\/\/d2p6e6u75xmxt8.cloudfront.net\/4\/2024\/04\/WLC_svaty_jur-29-400x267.webp 400w, https:\/\/d2p6e6u75xmxt8.cloudfront.net\/4\/2024\/04\/WLC_svaty_jur-29-272x182.webp 272w\" sizes=\"auto, (max-width: 990px) 100vw, 990px\" \/><\/p>\n<h2><b>Kr\u00e1tka tra\u0165 &#8211; 21 km<\/b><\/h2>\n<p><span style=\"font-weight: 400;\">Tra\u0165 vhodn\u00e1 pre za\u010d\u00ednaj\u00facich s\u00fa\u0165a\u017eiacich, ktor\u00ed si chc\u00fa vysk\u00fa\u0161a\u0165 pretekanie v horskej cyklistike, ale aj pre t\u00fdch, ktor\u00ed si radi pretekaj\u00fa na kr\u00e1tkej a intenz\u00edvnej trati. O variabilite tejto trate hovoria aj \u010d\u00edsla: Na \u0161tarte &#8211; 166 s\u00fa\u0165a\u017eiacich z toho 20 \u017eien\/diev\u010dat, 13 kateg\u00f3ri\u00ed.<strong> \u010cas mu\u017esk\u00e9ho v\u00ed\u0165aza: Jaroslav \u0160tvrteck\u00fd 0:52:24. \u010cas \u017eenskej v\u00ed\u0165azky: Martina R\u00e1zusov\u00e1 1:13:54.<\/strong> Pretek\u00e1rka vo farb\u00e1ch WRLMcc So\u0148a \u010ceredejevov\u00e1 sa vo svojej kateg\u00f3rii umiestnila na druhom mieste s \u010dasom 1:19:16. <\/span><b>Kr\u00e1tka tra\u0165 je ur\u010dite vhodn\u00e1 na absolvovanie prv\u00fdch pretekov na horsk\u00fdch bicykloch.<\/b><\/p>\n<h2><b>Family tra\u0165 &#8211; 5 km<\/b><\/h2>\n<p><span style=\"font-weight: 400;\">Kr\u00e1tka no asi najusmiatej\u0161ia tra\u0165. Family okruh okolo n\u00e1mestia pote\u0161il najmen\u0161\u00edch, ale aj dospel\u00fdch. V 9tich kateg\u00f3ri\u00e1ch si zas\u00fa\u0165a\u017eilo a zabavilo sa spolu 37 \u0161tartuj\u00facich &#8211; vr\u00e1tane dvoj\u00edc rodi\u010dov s deti\u010dkami. Ak by sme mali slne\u010dnej\u0161\u00ed de\u0148, ur\u010dite by sa po\u010det s\u00fa\u0165a\u017eiacich vy\u0161plhal nad 50.<\/span><\/p>\n<div id='gallery-1' class='gallery galleryid-19022 gallery-columns-2 gallery-size-full'><figure class='gallery-item'>\n\t\t\t<div class='gallery-icon landscape'>\n\t\t\t\t<a href='https:\/\/d2p6e6u75xmxt8.cloudfront.net\/4\/2024\/04\/WLC_svaty_jur-6.webp'><img loading=\"lazy\" decoding=\"async\" width=\"990\" height=\"660\" src=\"https:\/\/d2p6e6u75xmxt8.cloudfront.net\/4\/2024\/04\/WLC_svaty_jur-6.webp\" class=\"attachment-full size-full\" alt=\"\" srcset=\"https:\/\/d2p6e6u75xmxt8.cloudfront.net\/4\/2024\/04\/WLC_svaty_jur-6.webp 990w, https:\/\/d2p6e6u75xmxt8.cloudfront.net\/4\/2024\/04\/WLC_svaty_jur-6-300x200.webp 300w, https:\/\/d2p6e6u75xmxt8.cloudfront.net\/4\/2024\/04\/WLC_svaty_jur-6-768x512.webp 768w, https:\/\/d2p6e6u75xmxt8.cloudfront.net\/4\/2024\/04\/WLC_svaty_jur-6-400x267.webp 400w, https:\/\/d2p6e6u75xmxt8.cloudfront.net\/4\/2024\/04\/WLC_svaty_jur-6-272x182.webp 272w\" sizes=\"auto, (max-width: 990px) 100vw, 990px\" \/><\/a>\n\t\t\t<\/div><\/figure><figure class='gallery-item'>\n\t\t\t<div class='gallery-icon landscape'>\n\t\t\t\t<a href='https:\/\/d2p6e6u75xmxt8.cloudfront.net\/4\/2024\/04\/WLC_svaty_jur-35.webp'><img loading=\"lazy\" decoding=\"async\" width=\"990\" height=\"660\" src=\"https:\/\/d2p6e6u75xmxt8.cloudfront.net\/4\/2024\/04\/WLC_svaty_jur-35.webp\" class=\"attachment-full size-full\" alt=\"\u0160koda Sv\u00e4tojursk\u00fd MTB marat\u00f3n 2024\" srcset=\"https:\/\/d2p6e6u75xmxt8.cloudfront.net\/4\/2024\/04\/WLC_svaty_jur-35.webp 990w, https:\/\/d2p6e6u75xmxt8.cloudfront.net\/4\/2024\/04\/WLC_svaty_jur-35-300x200.webp 300w, https:\/\/d2p6e6u75xmxt8.cloudfront.net\/4\/2024\/04\/WLC_svaty_jur-35-768x512.webp 768w, https:\/\/d2p6e6u75xmxt8.cloudfront.net\/4\/2024\/04\/WLC_svaty_jur-35-400x267.webp 400w, https:\/\/d2p6e6u75xmxt8.cloudfront.net\/4\/2024\/04\/WLC_svaty_jur-35-272x182.webp 272w\" sizes=\"auto, (max-width: 990px) 100vw, 990px\" \/><\/a>\n\t\t\t<\/div><\/figure>\n\t\t<\/div>\n\n<h2><b>\u201eNervozita\u201c pred \u0161tartom<\/b><\/h2>\n<p><span style=\"font-weight: 400;\">Ke\u010f\u017ee sme \u0161tartovali kr\u00e1tku trasu ako posledn\u00ed, mali sme r\u00e1no \u010das sa v k\u013eude a poriadne nara\u0148ajkova\u0165 a vyrazi\u0165 do Sv\u00e4t\u00e9ho Jura. <strong>Cestou na miesto diania na\u0161e odhodlanie sk\u00fa\u0161al jemn\u00fd d\u00e1\u017e\u010f.<\/strong> Po pr\u00edchode na miesto \u0161tartu sa v\u0161ak po\u010dasie um\u00fadrilo a ust\u00e1lilo. Teplota v\u0161ak bola menej pr\u00edvetiv\u00e1, no v ka\u017edej situ\u00e1cii treba h\u013eada\u0165 aj pozit\u00edva \u2013 na\u0161a telesn\u00e1 termoregul\u00e1cia nedostala a\u017e tak zabra\u0165. \ud83d\ude42<\/span><\/p>\n<div id='gallery-2' class='gallery galleryid-19022 gallery-columns-2 gallery-size-full'><figure class='gallery-item'>\n\t\t\t<div class='gallery-icon landscape'>\n\t\t\t\t<a href='https:\/\/d2p6e6u75xmxt8.cloudfront.net\/4\/2024\/04\/WLC_svaty_jur-21.webp'><img loading=\"lazy\" decoding=\"async\" width=\"990\" height=\"990\" src=\"https:\/\/d2p6e6u75xmxt8.cloudfront.net\/4\/2024\/04\/WLC_svaty_jur-21.webp\" class=\"attachment-full size-full\" alt=\"\" srcset=\"https:\/\/d2p6e6u75xmxt8.cloudfront.net\/4\/2024\/04\/WLC_svaty_jur-21.webp 990w, https:\/\/d2p6e6u75xmxt8.cloudfront.net\/4\/2024\/04\/WLC_svaty_jur-21-300x300.webp 300w, https:\/\/d2p6e6u75xmxt8.cloudfront.net\/4\/2024\/04\/WLC_svaty_jur-21-150x150.webp 150w, https:\/\/d2p6e6u75xmxt8.cloudfront.net\/4\/2024\/04\/WLC_svaty_jur-21-768x768.webp 768w, https:\/\/d2p6e6u75xmxt8.cloudfront.net\/4\/2024\/04\/WLC_svaty_jur-21-400x400.webp 400w\" sizes=\"auto, (max-width: 990px) 100vw, 990px\" \/><\/a>\n\t\t\t<\/div><\/figure><figure class='gallery-item'>\n\t\t\t<div class='gallery-icon landscape'>\n\t\t\t\t<a href='https:\/\/d2p6e6u75xmxt8.cloudfront.net\/4\/2024\/04\/WLC_svaty_jur-22.webp'><img loading=\"lazy\" decoding=\"async\" width=\"990\" height=\"990\" src=\"https:\/\/d2p6e6u75xmxt8.cloudfront.net\/4\/2024\/04\/WLC_svaty_jur-22.webp\" class=\"attachment-full size-full\" alt=\"\" srcset=\"https:\/\/d2p6e6u75xmxt8.cloudfront.net\/4\/2024\/04\/WLC_svaty_jur-22.webp 990w, https:\/\/d2p6e6u75xmxt8.cloudfront.net\/4\/2024\/04\/WLC_svaty_jur-22-300x300.webp 300w, https:\/\/d2p6e6u75xmxt8.cloudfront.net\/4\/2024\/04\/WLC_svaty_jur-22-150x150.webp 150w, https:\/\/d2p6e6u75xmxt8.cloudfront.net\/4\/2024\/04\/WLC_svaty_jur-22-768x768.webp 768w, https:\/\/d2p6e6u75xmxt8.cloudfront.net\/4\/2024\/04\/WLC_svaty_jur-22-400x400.webp 400w\" sizes=\"auto, (max-width: 990px) 100vw, 990px\" \/><\/a>\n\t\t\t<\/div><\/figure>\n\t\t<\/div>\n\n<p><span style=\"font-weight: 400;\">Team WLRMcc, s ktor\u00fdm som tr\u00e1vil \u010das pred aj po pretekoch, mal z\u00e1zemie p\u00e1r metrov od \u0161tartu, u svojho harcovn\u00edka Marcela Mila. Pretek\u00e1rky a pretek\u00e1ri z WLRMcc sa z\u00fa\u010dastnili na v\u0161etk\u00fdch d\u013a\u017ekach trat\u00ed. \u010cakanie na \u0161tart kr\u00e1tkej trasy bolo zd\u013ahav\u00e9, no jednotliv\u00e9 \u0161tarty boli dobre na\u010dasovan\u00e9, aby sme sa na trati nenakopili a nezavadzali si. Miesto \u0161tartu \u2013 centrum Sv\u00e4t\u00e9ho Jura \u2013 je ve\u013emi o\u010daruj\u00face, s p\u00e1r vin\u00e1r\u0148ami a kaviar\u0148ami je to pr\u00edjemn\u00e9 z\u00e1zemie na pekn\u00e9 v\u00fdlety, ktor\u00e9 jeho okolie pon\u00faka.<\/span><\/p>\n<h2><b>\u0160tart<\/b><\/h2>\n<p><span style=\"font-weight: 400;\">Trasa sa za\u010d\u00edna na asfaltovej ceste, ktor\u00e1 sa z centra Sv\u00e4t\u00e9ho Jura k\u013eukat\u00ed nad mesto do vin\u00edc. <strong>St\u00fapanie po asfalte je ve\u013emi pr\u00edjemn\u00e9 a r\u00fdchlo sa dostanete do prev\u00e1dzkovej teploty.<\/strong> Po zhruba 2 kilometroch sa trasa nap\u00e1ja na lesn\u00fa cestu, kde za\u010d\u00edna v\u00e4\u010d\u0161ia z\u00e1bava.<\/span><\/p>\n<p><img loading=\"lazy\" decoding=\"async\" class=\"alignnone wp-image-19031 size-full\" src=\"https:\/\/d2p6e6u75xmxt8.cloudfront.net\/4\/2024\/04\/WLC_svaty_jur-36.webp\" alt=\"\u0160koda Sv\u00e4tojursk\u00fd MTB marat\u00f3n 2024\" width=\"990\" height=\"660\" srcset=\"https:\/\/d2p6e6u75xmxt8.cloudfront.net\/4\/2024\/04\/WLC_svaty_jur-36.webp 990w, https:\/\/d2p6e6u75xmxt8.cloudfront.net\/4\/2024\/04\/WLC_svaty_jur-36-300x200.webp 300w, https:\/\/d2p6e6u75xmxt8.cloudfront.net\/4\/2024\/04\/WLC_svaty_jur-36-768x512.webp 768w, https:\/\/d2p6e6u75xmxt8.cloudfront.net\/4\/2024\/04\/WLC_svaty_jur-36-400x267.webp 400w, https:\/\/d2p6e6u75xmxt8.cloudfront.net\/4\/2024\/04\/WLC_svaty_jur-36-272x182.webp 272w\" sizes=\"auto, (max-width: 990px) 100vw, 990px\" \/><\/p>\n<h2><b>Lesom Mal\u00fdch Karp\u00e1t<\/b><\/h2>\n<p><span style=\"font-weight: 400;\">Mal\u00e9 Karpaty nie s\u00fa ve\u013ek\u00fdm pohor\u00edm, no na niektor\u00fdch miestach dok\u00e1\u017eu svoj\u00edm sklonom prekvapi\u0165 a potr\u00e1pi\u0165. V\u00e4\u010d\u0161ina st\u00fapan\u00ed na kr\u00e1tkej trase sa dala s v\u00e4\u010d\u0161\u00edm \u00fasil\u00edm r\u00fdchlo vydriapa\u0165.<\/span><\/p>\n<p><span style=\"font-weight: 400;\"><strong>\u00da\u010das\u0165ou na pretekoch som nemal ve\u013ek\u00e9 amb\u00edcie, chcel som si ich sk\u00fasi\u0165 a najm\u00e4 sa zabavi\u0165.<\/strong> Prv\u00fa polovicu trasy po hor\u00e1re\u0148 Biely Kr\u00ed\u017e som sprev\u00e1dzal So\u0148u z WLRMcc. Od hor\u00e1rne sa profil trate l\u00e1me na zjazd, kde sme sa rozdelili.<\/span><\/p>\n<p><span style=\"font-weight: 400;\">Da\u017ede po\u010das posledn\u00fdch dn\u00ed pred pretekmi rozmo\u010dili niektor\u00e9 \u00faseky trasy a okrem kalu\u017e\u00ed pretek\u00e1ri museli prekona\u0165 aj blatist\u00e9 \u00faseky s klzk\u00fdm a zradn\u00fdm blatkom, kde bola potrebn\u00e1 obozretnos\u0165. Sk\u00fasenosti s podobn\u00fdmi podmienkami boli ur\u010dite v\u00fdhodou. Treba si to raz za \u010das vysk\u00fa\u0161a\u0165 a nejazdi\u0165 iba v ide\u00e1lnych podmienkach. Mal som \u0161\u0165astie a po\u010das kr\u00e1tkej trasy ma nezastihol \u017eiadny d\u00e1\u017e\u010f ani in\u00e9 nepriazniv\u00e9 po\u010dasie.<\/span><\/p>\n<p><img loading=\"lazy\" decoding=\"async\" class=\"alignnone size-full wp-image-19032\" src=\"https:\/\/d2p6e6u75xmxt8.cloudfront.net\/4\/2024\/04\/WLC_svaty_jur-18.webp\" alt=\"\" width=\"990\" height=\"660\" srcset=\"https:\/\/d2p6e6u75xmxt8.cloudfront.net\/4\/2024\/04\/WLC_svaty_jur-18.webp 990w, https:\/\/d2p6e6u75xmxt8.cloudfront.net\/4\/2024\/04\/WLC_svaty_jur-18-300x200.webp 300w, https:\/\/d2p6e6u75xmxt8.cloudfront.net\/4\/2024\/04\/WLC_svaty_jur-18-768x512.webp 768w, https:\/\/d2p6e6u75xmxt8.cloudfront.net\/4\/2024\/04\/WLC_svaty_jur-18-400x267.webp 400w, https:\/\/d2p6e6u75xmxt8.cloudfront.net\/4\/2024\/04\/WLC_svaty_jur-18-272x182.webp 272w\" sizes=\"auto, (max-width: 990px) 100vw, 990px\" \/><\/p>\n<h2><b>V\u00fdsledky<\/b><\/h2>\n<p><span style=\"font-weight: 400;\">Dlh\u00fa tra\u0165 vyhral \u013dubom\u00edr Mur\u00e1rik z klubu WLMRcc po kr\u00e1tkej di\u0161pute s organiz\u00e1tormi. Zdie\u013eal s nami svoje pocity:<\/span><\/p>\n<p><em><span style=\"font-weight: 400;\">\u201eZ v\u00ed\u0165azstva m\u00e1m ve\u013ek\u00fa rados\u0165, ke\u010f\u017ee to boli pre m\u0148a prv\u00e9 preteky v sez\u00f3ne a po zimnej pauze nikdy neviem, ako som na tom v porovnan\u00ed s ostatn\u00fdmi. Podmienky boli n\u00e1ro\u010dn\u00e9, pr\u0161alo a bolo blato, ale to mne ako ly\u017eiarovi a skialpinistovi vyhovuje. Na konci pretekov nastala nepr\u00edjemn\u00e1 situ\u00e1cia, preto\u017ee sme s Mirom Michalkom v zjazde dohnali K\u00e1ju Hartla, ktor\u00fd bol vo vy\u0161\u013eape trochu pred nami a boli sme na \u010dele pretekov.\u00a0<\/span><\/em><\/p>\n<div id='gallery-3' class='gallery galleryid-19022 gallery-columns-2 gallery-size-full'><figure class='gallery-item'>\n\t\t\t<div class='gallery-icon landscape'>\n\t\t\t\t<a href='https:\/\/d2p6e6u75xmxt8.cloudfront.net\/4\/2024\/04\/WLC_svaty_jur-16.webp'><img loading=\"lazy\" decoding=\"async\" width=\"990\" height=\"990\" src=\"https:\/\/d2p6e6u75xmxt8.cloudfront.net\/4\/2024\/04\/WLC_svaty_jur-16.webp\" class=\"attachment-full size-full\" alt=\"\" srcset=\"https:\/\/d2p6e6u75xmxt8.cloudfront.net\/4\/2024\/04\/WLC_svaty_jur-16.webp 990w, https:\/\/d2p6e6u75xmxt8.cloudfront.net\/4\/2024\/04\/WLC_svaty_jur-16-300x300.webp 300w, https:\/\/d2p6e6u75xmxt8.cloudfront.net\/4\/2024\/04\/WLC_svaty_jur-16-150x150.webp 150w, https:\/\/d2p6e6u75xmxt8.cloudfront.net\/4\/2024\/04\/WLC_svaty_jur-16-768x768.webp 768w, https:\/\/d2p6e6u75xmxt8.cloudfront.net\/4\/2024\/04\/WLC_svaty_jur-16-400x400.webp 400w\" sizes=\"auto, (max-width: 990px) 100vw, 990px\" \/><\/a>\n\t\t\t<\/div><\/figure><figure class='gallery-item'>\n\t\t\t<div class='gallery-icon landscape'>\n\t\t\t\t<a href='https:\/\/d2p6e6u75xmxt8.cloudfront.net\/4\/2024\/04\/WLC_svaty_jur-17.webp'><img loading=\"lazy\" decoding=\"async\" width=\"990\" height=\"990\" src=\"https:\/\/d2p6e6u75xmxt8.cloudfront.net\/4\/2024\/04\/WLC_svaty_jur-17.webp\" class=\"attachment-full size-full\" alt=\"K\u00e1ja Hartl v cieli\" aria-describedby=\"gallery-3-19034\" srcset=\"https:\/\/d2p6e6u75xmxt8.cloudfront.net\/4\/2024\/04\/WLC_svaty_jur-17.webp 990w, https:\/\/d2p6e6u75xmxt8.cloudfront.net\/4\/2024\/04\/WLC_svaty_jur-17-300x300.webp 300w, https:\/\/d2p6e6u75xmxt8.cloudfront.net\/4\/2024\/04\/WLC_svaty_jur-17-150x150.webp 150w, https:\/\/d2p6e6u75xmxt8.cloudfront.net\/4\/2024\/04\/WLC_svaty_jur-17-768x768.webp 768w, https:\/\/d2p6e6u75xmxt8.cloudfront.net\/4\/2024\/04\/WLC_svaty_jur-17-400x400.webp 400w\" sizes=\"auto, (max-width: 990px) 100vw, 990px\" \/><\/a>\n\t\t\t<\/div>\n\t\t\t\t<figcaption class='wp-caption-text gallery-caption' id='gallery-3-19034'>\n\t\t\t\tK\u00e1ja Hartl v cieli\n\t\t\t\t<\/figcaption><\/figure>\n\t\t<\/div>\n\n<p><em><span style=\"font-weight: 400;\">Chalani ale namiesto odbo\u010denia na 40- a 70-kilometrov\u00fa tra\u0165 pokra\u010dovali rovno na 20-kilometrov\u00fa tra\u0165. Kri\u010dal som na nich, ale bolo to mierne z kopca a nepo\u010duli ma. Na zemi bol nazna\u010den\u00fd \u0161\u00edpkami smer doprava pre 70- a 40-kilometrov\u00fa tra\u0165 a 20-tka rovno, ale to chalani prehliadli. Ur\u010dite ich zmiatli aj pretek\u00e1ri z najkrat\u0161ej trasy, ktor\u00ed i\u0161li rovno. \u010cakal n\u00e1s e\u0161te mal\u00fd kopec, \u010di\u017ee pravdepodobne by sa rozhodlo tam, alebo potom v \u0161printe. <\/span><\/em><\/p>\n<p><em><span style=\"font-weight: 400;\">Ja som dom\u00e1ci a tra\u0165 ve\u013emi dobre pozn\u00e1m. Ka\u017ed\u00fd rok je tak\u00e1 ist\u00e1 a t\u00fdm p\u00e1dom som presne vedel, kam m\u00e1m \u00eds\u0165. Aj tak ale nikdy nepodce\u0148ujem situ\u00e1ciu a trasu si nahr\u00e1vam aj do cyklopo\u010dita\u010da, ke\u010f\u017ee u\u017e sa stalo, \u017ee n\u00e1m p\u00e1rkr\u00e1t div\u00e1ci tra\u0165 prezna\u010dili. To, \u017ee rozhodcovia diskvalifikovali chalanov, ma mrzelo, ale diskvalifik\u00e1cia pri skr\u00e1ten\u00ed trate bola na marat\u00f3ne v\u017edy namieste a pod\u013ea pravidiel. Z v\u00ed\u0165azstva m\u00e1m ale aj napriek tejto komplik\u00e1cii ve\u013ek\u00fa rados\u0165. <\/span><span style=\"font-weight: 400;\">\u201c<\/span><\/em><\/p>\n<div id='gallery-4' class='gallery galleryid-19022 gallery-columns-2 gallery-size-full'><figure class='gallery-item'>\n\t\t\t<div class='gallery-icon landscape'>\n\t\t\t\t<a href='https:\/\/d2p6e6u75xmxt8.cloudfront.net\/4\/2024\/04\/WLC_svaty_jur-26.webp'><img loading=\"lazy\" decoding=\"async\" width=\"990\" height=\"660\" src=\"https:\/\/d2p6e6u75xmxt8.cloudfront.net\/4\/2024\/04\/WLC_svaty_jur-26.webp\" class=\"attachment-full size-full\" alt=\"\" srcset=\"https:\/\/d2p6e6u75xmxt8.cloudfront.net\/4\/2024\/04\/WLC_svaty_jur-26.webp 990w, https:\/\/d2p6e6u75xmxt8.cloudfront.net\/4\/2024\/04\/WLC_svaty_jur-26-300x200.webp 300w, https:\/\/d2p6e6u75xmxt8.cloudfront.net\/4\/2024\/04\/WLC_svaty_jur-26-768x512.webp 768w, https:\/\/d2p6e6u75xmxt8.cloudfront.net\/4\/2024\/04\/WLC_svaty_jur-26-400x267.webp 400w, https:\/\/d2p6e6u75xmxt8.cloudfront.net\/4\/2024\/04\/WLC_svaty_jur-26-272x182.webp 272w\" sizes=\"auto, (max-width: 990px) 100vw, 990px\" \/><\/a>\n\t\t\t<\/div><\/figure><figure class='gallery-item'>\n\t\t\t<div class='gallery-icon landscape'>\n\t\t\t\t<a href='https:\/\/d2p6e6u75xmxt8.cloudfront.net\/4\/2024\/04\/WLC_svaty_jur-27.webp'><img loading=\"lazy\" decoding=\"async\" width=\"990\" height=\"660\" src=\"https:\/\/d2p6e6u75xmxt8.cloudfront.net\/4\/2024\/04\/WLC_svaty_jur-27.webp\" class=\"attachment-full size-full\" alt=\"\u0160koda Sv\u00e4tojursk\u00fd MTB marat\u00f3n 2024\" srcset=\"https:\/\/d2p6e6u75xmxt8.cloudfront.net\/4\/2024\/04\/WLC_svaty_jur-27.webp 990w, https:\/\/d2p6e6u75xmxt8.cloudfront.net\/4\/2024\/04\/WLC_svaty_jur-27-300x200.webp 300w, https:\/\/d2p6e6u75xmxt8.cloudfront.net\/4\/2024\/04\/WLC_svaty_jur-27-768x512.webp 768w, https:\/\/d2p6e6u75xmxt8.cloudfront.net\/4\/2024\/04\/WLC_svaty_jur-27-400x267.webp 400w, https:\/\/d2p6e6u75xmxt8.cloudfront.net\/4\/2024\/04\/WLC_svaty_jur-27-272x182.webp 272w\" sizes=\"auto, (max-width: 990px) 100vw, 990px\" \/><\/a>\n\t\t\t<\/div><\/figure>\n\t\t<\/div>\n\n<p><span style=\"font-weight: 400;\">Kompletn\u00e9 v\u00fdsledky si m\u00f4\u017eete prezrie\u0165 na webe <\/span><a href=\"https:\/\/www.sportsofttiming.sk\/sk\/zavod\/overview\/8998\" target=\"_blank\" rel=\"noopener\"><span style=\"font-weight: 400;\">sportsofttiming.sk<\/span><\/a><span style=\"font-weight: 400;\">.<\/span><\/p>\n<h2><b>Organiz\u00e1cia<\/b><\/h2>\n<p><span style=\"font-weight: 400;\">Z poh\u013eadu pretek\u00e1ra kr\u00e1tkej trate vn\u00edmam zna\u010denie a usmer\u0148ovanie na trati zo strany organiz\u00e1torov za dostato\u010dn\u00e9, najm\u00e4 v kritick\u00fdch \u00fasekoch, kde sa trate kri\u017eovali.<\/span><\/p>\n<p><span style=\"font-weight: 400;\">V cieli n\u00e1s po\u010das um\u00fdvania bicyklov vo ve\u013emi dobre vybavenej umyv\u00e1rke prekvapilo krupobitie, ktor\u00e9 plynule pre\u0161lo do da\u017e\u010fa. Kopa pretek\u00e1rov, najm\u00e4 z dlhej a strednej trate, tak\u00e9to \u0161\u0165astie nemala a kr\u00fapy ich zastihli e\u0161te na trati.<\/span><\/p>\n<div id='gallery-5' class='gallery galleryid-19022 gallery-columns-2 gallery-size-full'><figure class='gallery-item'>\n\t\t\t<div class='gallery-icon landscape'>\n\t\t\t\t<a href='https:\/\/d2p6e6u75xmxt8.cloudfront.net\/4\/2024\/04\/WLC_svaty_jur-19.webp'><img loading=\"lazy\" decoding=\"async\" width=\"990\" height=\"660\" src=\"https:\/\/d2p6e6u75xmxt8.cloudfront.net\/4\/2024\/04\/WLC_svaty_jur-19.webp\" class=\"attachment-full size-full\" alt=\"\" srcset=\"https:\/\/d2p6e6u75xmxt8.cloudfront.net\/4\/2024\/04\/WLC_svaty_jur-19.webp 990w, https:\/\/d2p6e6u75xmxt8.cloudfront.net\/4\/2024\/04\/WLC_svaty_jur-19-300x200.webp 300w, https:\/\/d2p6e6u75xmxt8.cloudfront.net\/4\/2024\/04\/WLC_svaty_jur-19-768x512.webp 768w, https:\/\/d2p6e6u75xmxt8.cloudfront.net\/4\/2024\/04\/WLC_svaty_jur-19-400x267.webp 400w, https:\/\/d2p6e6u75xmxt8.cloudfront.net\/4\/2024\/04\/WLC_svaty_jur-19-272x182.webp 272w\" sizes=\"auto, (max-width: 990px) 100vw, 990px\" \/><\/a>\n\t\t\t<\/div><\/figure><figure class='gallery-item'>\n\t\t\t<div class='gallery-icon landscape'>\n\t\t\t\t<a href='https:\/\/d2p6e6u75xmxt8.cloudfront.net\/4\/2024\/04\/WLC_svaty_jur-37.webp'><img loading=\"lazy\" decoding=\"async\" width=\"990\" height=\"660\" src=\"https:\/\/d2p6e6u75xmxt8.cloudfront.net\/4\/2024\/04\/WLC_svaty_jur-37.webp\" class=\"attachment-full size-full\" alt=\"\" srcset=\"https:\/\/d2p6e6u75xmxt8.cloudfront.net\/4\/2024\/04\/WLC_svaty_jur-37.webp 990w, https:\/\/d2p6e6u75xmxt8.cloudfront.net\/4\/2024\/04\/WLC_svaty_jur-37-300x200.webp 300w, https:\/\/d2p6e6u75xmxt8.cloudfront.net\/4\/2024\/04\/WLC_svaty_jur-37-768x512.webp 768w, https:\/\/d2p6e6u75xmxt8.cloudfront.net\/4\/2024\/04\/WLC_svaty_jur-37-400x267.webp 400w, https:\/\/d2p6e6u75xmxt8.cloudfront.net\/4\/2024\/04\/WLC_svaty_jur-37-272x182.webp 272w\" sizes=\"auto, (max-width: 990px) 100vw, 990px\" \/><\/a>\n\t\t\t<\/div><\/figure>\n\t\t<\/div>\n\n<p><span style=\"font-weight: 400;\">Niekto sa na chv\u00ed\u013eu schoval na trib\u00fane futbalov\u00e9ho \u0161tadi\u00f3na, niekto v bufete, in\u00ed v st\u00e1nkoch \u0160koda Village alebo vo svojich aut\u00e1ch. D\u00e1\u017e\u010f znova ustal a po\u010das vyhodnotenia v\u00fdsledkov sme mohli pohodlne sedie\u0165 na trib\u00fane. Pre v\u0161etk\u00fdch, ktor\u00ed sprev\u00e1dzali pretek\u00e1rov, bol pripraven\u00fd tradi\u010dne bohat\u00fd sprievod\u00fd program.<\/span><\/p>\n<div id='gallery-6' class='gallery galleryid-19022 gallery-columns-2 gallery-size-full'><figure class='gallery-item'>\n\t\t\t<div class='gallery-icon landscape'>\n\t\t\t\t<a href='https:\/\/d2p6e6u75xmxt8.cloudfront.net\/4\/2024\/04\/WLC_svaty_jur-3.webp'><img loading=\"lazy\" decoding=\"async\" width=\"990\" height=\"660\" src=\"https:\/\/d2p6e6u75xmxt8.cloudfront.net\/4\/2024\/04\/WLC_svaty_jur-3.webp\" class=\"attachment-full size-full\" alt=\"\" srcset=\"https:\/\/d2p6e6u75xmxt8.cloudfront.net\/4\/2024\/04\/WLC_svaty_jur-3.webp 990w, https:\/\/d2p6e6u75xmxt8.cloudfront.net\/4\/2024\/04\/WLC_svaty_jur-3-300x200.webp 300w, https:\/\/d2p6e6u75xmxt8.cloudfront.net\/4\/2024\/04\/WLC_svaty_jur-3-768x512.webp 768w, https:\/\/d2p6e6u75xmxt8.cloudfront.net\/4\/2024\/04\/WLC_svaty_jur-3-400x267.webp 400w, https:\/\/d2p6e6u75xmxt8.cloudfront.net\/4\/2024\/04\/WLC_svaty_jur-3-272x182.webp 272w\" sizes=\"auto, (max-width: 990px) 100vw, 990px\" \/><\/a>\n\t\t\t<\/div><\/figure><figure class='gallery-item'>\n\t\t\t<div class='gallery-icon landscape'>\n\t\t\t\t<a href='https:\/\/d2p6e6u75xmxt8.cloudfront.net\/4\/2024\/04\/WLC_svaty_jur-5.webp'><img loading=\"lazy\" decoding=\"async\" width=\"990\" height=\"660\" src=\"https:\/\/d2p6e6u75xmxt8.cloudfront.net\/4\/2024\/04\/WLC_svaty_jur-5.webp\" class=\"attachment-full size-full\" alt=\"\u0160koda Sv\u00e4tojursk\u00fd MTB marat\u00f3n 2024\" srcset=\"https:\/\/d2p6e6u75xmxt8.cloudfront.net\/4\/2024\/04\/WLC_svaty_jur-5.webp 990w, https:\/\/d2p6e6u75xmxt8.cloudfront.net\/4\/2024\/04\/WLC_svaty_jur-5-300x200.webp 300w, https:\/\/d2p6e6u75xmxt8.cloudfront.net\/4\/2024\/04\/WLC_svaty_jur-5-768x512.webp 768w, https:\/\/d2p6e6u75xmxt8.cloudfront.net\/4\/2024\/04\/WLC_svaty_jur-5-400x267.webp 400w, https:\/\/d2p6e6u75xmxt8.cloudfront.net\/4\/2024\/04\/WLC_svaty_jur-5-272x182.webp 272w\" sizes=\"auto, (max-width: 990px) 100vw, 990px\" \/><\/a>\n\t\t\t<\/div><\/figure>\n\t\t<\/div>\n\n<p><span style=\"font-weight: 400;\">Moju prv\u00fa \u00fa\u010das\u0165 na MTB marat\u00f3ne hodnot\u00edm ve\u013emi pozit\u00edvne. <strong>\u0160koda Sv\u00e4tojursk\u00fd MTB marat\u00f3n je ide\u00e1lny na \u0161tart sez\u00f3ny a je vhodn\u00fd aj pre rodiny, mlad\u0161\u00edch \u010di menej sk\u00fasen\u00fdch pretek\u00e1rov.<\/strong> Som r\u00e1d, \u017ee som mal mo\u017enos\u0165 si to vysk\u00fa\u0161a\u0165 v zn\u00e1mych kon\u010din\u00e1ch bl\u00edzko od domov. U\u017e teraz sa te\u0161\u00edm na \u010fal\u0161\u00ed \u0161tart v s\u00e9rii \u0160koda Bike Open Tour.<\/span><\/p>\n<p>&nbsp;<\/p>\n<p><span style=\"font-weight: 400;\">Zdroj fotografi\u00ed: arch\u00edv autora, <\/span><span style=\"font-weight: 400;\">Milan Mar\u0161alka<\/span><\/p>\n","protected":false},"excerpt":{"rendered":"<p>Prv\u00fd MTB marat\u00f3n zo s\u00e9rie \u0160koda Bike Open Tour je za nami. Ako dopadol 15. Ro\u010dn\u00edk \u0160koda Sv\u00e4tojursk\u00e9ho MTB marat\u00f3nu? [&hellip;]<\/p>\n","protected":false},"author":172,"featured_media":19023,"comment_status":"open","ping_status":"open","sticky":false,"template":"","format":"standard","meta":{"footnotes":""},"categories":[38],"tags":[1246,546,53,964,180,417,178,412,179,39,509,1615,542,35,360],"global-categories":[1074],"class_list":["post-19022","post","type-post","status-publish","format-standard","has-post-thumbnail","hentry","category-reportaz","tag-cyklisticka-komunita","tag-cyklistika","tag-deti","tag-family","tag-horska-cyklistika","tag-jar","tag-maraton","tag-mtb","tag-preteky","tag-reportaz","tag-rodina","tag-sezona-2024","tag-skoda","tag-sbot","tag-skoda-svatojursky-mtb-maraton","global-categories-cycling"],"yoast_head":"<!-- This site is optimized with the Yoast SEO Premium plugin v25.3 (Yoast SEO v25.9) - https:\/\/yoast.com\/wordpress\/plugins\/seo\/ -->\n<title>Report\u00e1\u017e: \u0160koda Sv\u00e4tojursk\u00fd MTB marat\u00f3n 2024 \u2013 ide\u00e1lny \u0161tart do sez\u00f3ny<\/title>\n<meta name=\"description\" content=\"Ako dopadol 15. Ro\u010dn\u00edk \u0160koda Sv\u00e4tojursk\u00e9ho MTB marat\u00f3nu? U\u017eili sme si prav\u00e9 apr\u00edlov\u00e9 po\u010dasie pln\u00e9 prekvapen\u00ed.\" \/>\n<meta name=\"robots\" content=\"index, follow, max-snippet:-1, max-image-preview:large, max-video-preview:-1\" \/>\n<link rel=\"canonical\" href=\"https:\/\/www.welovecycling.com\/sk\/2024\/04\/24\/reportaz-skoda-svatojursky-mtb-maraton-2024-idealny-start-do-sezony\/\" \/>\n<meta property=\"og:locale\" content=\"sk_SK\" \/>\n<meta property=\"og:type\" content=\"article\" \/>\n<meta property=\"og:title\" content=\"Report\u00e1\u017e: \u0160koda Sv\u00e4tojursk\u00fd MTB marat\u00f3n 2024 \u2013 ide\u00e1lny \u0161tart do sez\u00f3ny\" \/>\n<meta property=\"og:description\" content=\"Ako dopadol 15. Ro\u010dn\u00edk \u0160koda Sv\u00e4tojursk\u00e9ho MTB marat\u00f3nu? U\u017eili sme si prav\u00e9 apr\u00edlov\u00e9 po\u010dasie pln\u00e9 prekvapen\u00ed.\" \/>\n<meta property=\"og:url\" content=\"https:\/\/www.welovecycling.com\/sk\/2024\/04\/24\/reportaz-skoda-svatojursky-mtb-maraton-2024-idealny-start-do-sezony\/\" \/>\n<meta property=\"og:site_name\" content=\"\u0160koda We Love Cycling Slovensko\" \/>\n<meta property=\"article:published_time\" content=\"2024-04-24T14:00:14+00:00\" \/>\n<meta property=\"article:modified_time\" content=\"2024-04-26T06:45:31+00:00\" \/>\n<meta property=\"og:image\" content=\"https:\/\/d2p6e6u75xmxt8.cloudfront.net\/4\/2024\/04\/selekt_skoda_mtb_svjur_2024_011.webp\" \/>\n\t<meta property=\"og:image:width\" content=\"990\" \/>\n\t<meta property=\"og:image:height\" content=\"660\" \/>\n\t<meta property=\"og:image:type\" content=\"image\/webp\" \/>\n<meta name=\"author\" content=\"dominika\" \/>\n<meta name=\"twitter:card\" content=\"summary_large_image\" \/>\n<meta name=\"twitter:label1\" content=\"Written by\" \/>\n\t<meta name=\"twitter:data1\" content=\"Jakub Dud\u00edk\" \/>\n\t<meta name=\"twitter:label2\" content=\"Est. reading time\" \/>\n\t<meta name=\"twitter:data2\" content=\"7\" \/>\n<script type=\"application\/ld+json\" class=\"yoast-schema-graph\">{\"@context\":\"https:\/\/schema.org\",\"@graph\":[{\"@type\":\"WebPage\",\"@id\":\"https:\/\/www.welovecycling.com\/sk\/2024\/04\/24\/reportaz-skoda-svatojursky-mtb-maraton-2024-idealny-start-do-sezony\/\",\"url\":\"https:\/\/www.welovecycling.com\/sk\/2024\/04\/24\/reportaz-skoda-svatojursky-mtb-maraton-2024-idealny-start-do-sezony\/\",\"name\":\"Report\u00e1\u017e: \u0160koda Sv\u00e4tojursk\u00fd MTB marat\u00f3n 2024 \u2013 ide\u00e1lny \u0161tart do sez\u00f3ny\",\"isPartOf\":{\"@id\":\"https:\/\/www.welovecycling.com\/sk\/#website\"},\"primaryImageOfPage\":{\"@id\":\"https:\/\/www.welovecycling.com\/sk\/2024\/04\/24\/reportaz-skoda-svatojursky-mtb-maraton-2024-idealny-start-do-sezony\/#primaryimage\"},\"image\":{\"@id\":\"https:\/\/www.welovecycling.com\/sk\/2024\/04\/24\/reportaz-skoda-svatojursky-mtb-maraton-2024-idealny-start-do-sezony\/#primaryimage\"},\"thumbnailUrl\":\"https:\/\/d2p6e6u75xmxt8.cloudfront.net\/4\/2024\/04\/selekt_skoda_mtb_svjur_2024_011.webp\",\"datePublished\":\"2024-04-24T14:00:14+00:00\",\"dateModified\":\"2024-04-26T06:45:31+00:00\",\"author\":{\"@id\":\"https:\/\/www.welovecycling.com\/sk\/#\/schema\/person\/533b62b98b6c41bd5135ebfb1f742624\"},\"description\":\"Ako dopadol 15. Ro\u010dn\u00edk \u0160koda Sv\u00e4tojursk\u00e9ho MTB marat\u00f3nu? U\u017eili sme si prav\u00e9 apr\u00edlov\u00e9 po\u010dasie pln\u00e9 prekvapen\u00ed.\",\"breadcrumb\":{\"@id\":\"https:\/\/www.welovecycling.com\/sk\/2024\/04\/24\/reportaz-skoda-svatojursky-mtb-maraton-2024-idealny-start-do-sezony\/#breadcrumb\"},\"inLanguage\":\"sk-SK\",\"potentialAction\":[{\"@type\":\"ReadAction\",\"target\":[\"https:\/\/www.welovecycling.com\/sk\/2024\/04\/24\/reportaz-skoda-svatojursky-mtb-maraton-2024-idealny-start-do-sezony\/\"]}]},{\"@type\":\"ImageObject\",\"inLanguage\":\"sk-SK\",\"@id\":\"https:\/\/www.welovecycling.com\/sk\/2024\/04\/24\/reportaz-skoda-svatojursky-mtb-maraton-2024-idealny-start-do-sezony\/#primaryimage\",\"url\":\"https:\/\/d2p6e6u75xmxt8.cloudfront.net\/4\/2024\/04\/selekt_skoda_mtb_svjur_2024_011.webp\",\"contentUrl\":\"https:\/\/d2p6e6u75xmxt8.cloudfront.net\/4\/2024\/04\/selekt_skoda_mtb_svjur_2024_011.webp\",\"width\":990,\"height\":660},{\"@type\":\"BreadcrumbList\",\"@id\":\"https:\/\/www.welovecycling.com\/sk\/2024\/04\/24\/reportaz-skoda-svatojursky-mtb-maraton-2024-idealny-start-do-sezony\/#breadcrumb\",\"itemListElement\":[{\"@type\":\"ListItem\",\"position\":1,\"name\":\"Home\",\"item\":\"https:\/\/www.welovecycling.com\/sk\/\"},{\"@type\":\"ListItem\",\"position\":2,\"name\":\"Report\u00e1\u017e: \u0160koda Sv\u00e4tojursk\u00fd MTB marat\u00f3n 2024 \u2013 ide\u00e1lny \u0161tart do sez\u00f3ny\"}]},{\"@type\":\"WebSite\",\"@id\":\"https:\/\/www.welovecycling.com\/sk\/#website\",\"url\":\"https:\/\/www.welovecycling.com\/sk\/\",\"name\":\"\u0160koda We Love Cycling Slovensko\",\"description\":\"\u0160koda We Love Cycling Slovensko je v\u00e1\u0161 ka\u017edodenn\u00fd zdroj noviniek a in\u0161pir\u00e1cie z sveta cyklistiky\",\"potentialAction\":[{\"@type\":\"SearchAction\",\"target\":{\"@type\":\"EntryPoint\",\"urlTemplate\":\"https:\/\/www.welovecycling.com\/sk\/?s={search_term_string}\"},\"query-input\":{\"@type\":\"PropertyValueSpecification\",\"valueRequired\":true,\"valueName\":\"search_term_string\"}}],\"inLanguage\":\"sk-SK\"},{\"@type\":\"Person\",\"@id\":\"https:\/\/www.welovecycling.com\/sk\/#\/schema\/person\/533b62b98b6c41bd5135ebfb1f742624\",\"name\":\"dominika\",\"image\":{\"@type\":\"ImageObject\",\"inLanguage\":\"sk-SK\",\"@id\":\"https:\/\/www.welovecycling.com\/sk\/#\/schema\/person\/image\/\",\"url\":\"https:\/\/secure.gravatar.com\/avatar\/ded6f274ba2ec3e17fff153f7d9d96a4b33c2cb63907f75d9a5309c599a7f3e6?s=96&d=mm&r=g\",\"contentUrl\":\"https:\/\/secure.gravatar.com\/avatar\/ded6f274ba2ec3e17fff153f7d9d96a4b33c2cb63907f75d9a5309c599a7f3e6?s=96&d=mm&r=g\",\"caption\":\"dominika\"},\"url\":\"https:\/\/www.welovecycling.com\/sk\/author\/dominika\/\"}]}<\/script>\n<!-- \/ Yoast SEO Premium plugin. -->","yoast_head_json":{"title":"Report\u00e1\u017e: \u0160koda Sv\u00e4tojursk\u00fd MTB marat\u00f3n 2024 \u2013 ide\u00e1lny \u0161tart do sez\u00f3ny","description":"Ako dopadol 15. Ro\u010dn\u00edk \u0160koda Sv\u00e4tojursk\u00e9ho MTB marat\u00f3nu? U\u017eili sme si prav\u00e9 apr\u00edlov\u00e9 po\u010dasie pln\u00e9 prekvapen\u00ed.","robots":{"index":"index","follow":"follow","max-snippet":"max-snippet:-1","max-image-preview":"max-image-preview:large","max-video-preview":"max-video-preview:-1"},"canonical":"https:\/\/www.welovecycling.com\/sk\/2024\/04\/24\/reportaz-skoda-svatojursky-mtb-maraton-2024-idealny-start-do-sezony\/","og_locale":"sk_SK","og_type":"article","og_title":"Report\u00e1\u017e: \u0160koda Sv\u00e4tojursk\u00fd MTB marat\u00f3n 2024 \u2013 ide\u00e1lny \u0161tart do sez\u00f3ny","og_description":"Ako dopadol 15. Ro\u010dn\u00edk \u0160koda Sv\u00e4tojursk\u00e9ho MTB marat\u00f3nu? U\u017eili sme si prav\u00e9 apr\u00edlov\u00e9 po\u010dasie pln\u00e9 prekvapen\u00ed.","og_url":"https:\/\/www.welovecycling.com\/sk\/2024\/04\/24\/reportaz-skoda-svatojursky-mtb-maraton-2024-idealny-start-do-sezony\/","og_site_name":"\u0160koda We Love Cycling Slovensko","article_published_time":"2024-04-24T14:00:14+00:00","article_modified_time":"2024-04-26T06:45:31+00:00","og_image":[{"width":990,"height":660,"url":"https:\/\/d2p6e6u75xmxt8.cloudfront.net\/4\/2024\/04\/selekt_skoda_mtb_svjur_2024_011.webp","type":"image\/webp"}],"author":"dominika","twitter_card":"summary_large_image","twitter_misc":{"Written by":"Jakub Dud\u00edk","Est. reading time":"7"},"schema":{"@context":"https:\/\/schema.org","@graph":[{"@type":"WebPage","@id":"https:\/\/www.welovecycling.com\/sk\/2024\/04\/24\/reportaz-skoda-svatojursky-mtb-maraton-2024-idealny-start-do-sezony\/","url":"https:\/\/www.welovecycling.com\/sk\/2024\/04\/24\/reportaz-skoda-svatojursky-mtb-maraton-2024-idealny-start-do-sezony\/","name":"Report\u00e1\u017e: \u0160koda Sv\u00e4tojursk\u00fd MTB marat\u00f3n 2024 \u2013 ide\u00e1lny \u0161tart do sez\u00f3ny","isPartOf":{"@id":"https:\/\/www.welovecycling.com\/sk\/#website"},"primaryImageOfPage":{"@id":"https:\/\/www.welovecycling.com\/sk\/2024\/04\/24\/reportaz-skoda-svatojursky-mtb-maraton-2024-idealny-start-do-sezony\/#primaryimage"},"image":{"@id":"https:\/\/www.welovecycling.com\/sk\/2024\/04\/24\/reportaz-skoda-svatojursky-mtb-maraton-2024-idealny-start-do-sezony\/#primaryimage"},"thumbnailUrl":"https:\/\/d2p6e6u75xmxt8.cloudfront.net\/4\/2024\/04\/selekt_skoda_mtb_svjur_2024_011.webp","datePublished":"2024-04-24T14:00:14+00:00","dateModified":"2024-04-26T06:45:31+00:00","author":{"@id":"https:\/\/www.welovecycling.com\/sk\/#\/schema\/person\/533b62b98b6c41bd5135ebfb1f742624"},"description":"Ako dopadol 15. Ro\u010dn\u00edk \u0160koda Sv\u00e4tojursk\u00e9ho MTB marat\u00f3nu? U\u017eili sme si prav\u00e9 apr\u00edlov\u00e9 po\u010dasie pln\u00e9 prekvapen\u00ed.","breadcrumb":{"@id":"https:\/\/www.welovecycling.com\/sk\/2024\/04\/24\/reportaz-skoda-svatojursky-mtb-maraton-2024-idealny-start-do-sezony\/#breadcrumb"},"inLanguage":"sk-SK","potentialAction":[{"@type":"ReadAction","target":["https:\/\/www.welovecycling.com\/sk\/2024\/04\/24\/reportaz-skoda-svatojursky-mtb-maraton-2024-idealny-start-do-sezony\/"]}]},{"@type":"ImageObject","inLanguage":"sk-SK","@id":"https:\/\/www.welovecycling.com\/sk\/2024\/04\/24\/reportaz-skoda-svatojursky-mtb-maraton-2024-idealny-start-do-sezony\/#primaryimage","url":"https:\/\/d2p6e6u75xmxt8.cloudfront.net\/4\/2024\/04\/selekt_skoda_mtb_svjur_2024_011.webp","contentUrl":"https:\/\/d2p6e6u75xmxt8.cloudfront.net\/4\/2024\/04\/selekt_skoda_mtb_svjur_2024_011.webp","width":990,"height":660},{"@type":"BreadcrumbList","@id":"https:\/\/www.welovecycling.com\/sk\/2024\/04\/24\/reportaz-skoda-svatojursky-mtb-maraton-2024-idealny-start-do-sezony\/#breadcrumb","itemListElement":[{"@type":"ListItem","position":1,"name":"Home","item":"https:\/\/www.welovecycling.com\/sk\/"},{"@type":"ListItem","position":2,"name":"Report\u00e1\u017e: \u0160koda Sv\u00e4tojursk\u00fd MTB marat\u00f3n 2024 \u2013 ide\u00e1lny \u0161tart do sez\u00f3ny"}]},{"@type":"WebSite","@id":"https:\/\/www.welovecycling.com\/sk\/#website","url":"https:\/\/www.welovecycling.com\/sk\/","name":"\u0160koda We Love Cycling Slovensko","description":"\u0160koda We Love Cycling Slovensko je v\u00e1\u0161 ka\u017edodenn\u00fd zdroj noviniek a in\u0161pir\u00e1cie z sveta cyklistiky","potentialAction":[{"@type":"SearchAction","target":{"@type":"EntryPoint","urlTemplate":"https:\/\/www.welovecycling.com\/sk\/?s={search_term_string}"},"query-input":{"@type":"PropertyValueSpecification","valueRequired":true,"valueName":"search_term_string"}}],"inLanguage":"sk-SK"},{"@type":"Person","@id":"https:\/\/www.welovecycling.com\/sk\/#\/schema\/person\/533b62b98b6c41bd5135ebfb1f742624","name":"dominika","image":{"@type":"ImageObject","inLanguage":"sk-SK","@id":"https:\/\/www.welovecycling.com\/sk\/#\/schema\/person\/image\/","url":"https:\/\/secure.gravatar.com\/avatar\/ded6f274ba2ec3e17fff153f7d9d96a4b33c2cb63907f75d9a5309c599a7f3e6?s=96&d=mm&r=g","contentUrl":"https:\/\/secure.gravatar.com\/avatar\/ded6f274ba2ec3e17fff153f7d9d96a4b33c2cb63907f75d9a5309c599a7f3e6?s=96&d=mm&r=g","caption":"dominika"},"url":"https:\/\/www.welovecycling.com\/sk\/author\/dominika\/"}]}},"_links":{"self":[{"href":"https:\/\/www.welovecycling.com\/sk\/wp-json\/wp\/v2\/posts\/19022","targetHints":{"allow":["GET"]}}],"collection":[{"href":"https:\/\/www.welovecycling.com\/sk\/wp-json\/wp\/v2\/posts"}],"about":[{"href":"https:\/\/www.welovecycling.com\/sk\/wp-json\/wp\/v2\/types\/post"}],"author":[{"embeddable":true,"href":"https:\/\/www.welovecycling.com\/sk\/wp-json\/wp\/v2\/users\/172"}],"replies":[{"embeddable":true,"href":"https:\/\/www.welovecycling.com\/sk\/wp-json\/wp\/v2\/comments?post=19022"}],"version-history":[{"count":6,"href":"https:\/\/www.welovecycling.com\/sk\/wp-json\/wp\/v2\/posts\/19022\/revisions"}],"predecessor-version":[{"id":19046,"href":"https:\/\/www.welovecycling.com\/sk\/wp-json\/wp\/v2\/posts\/19022\/revisions\/19046"}],"wp:featuredmedia":[{"embeddable":true,"href":"https:\/\/www.welovecycling.com\/sk\/wp-json\/wp\/v2\/media\/19023"}],"wp:attachment":[{"href":"https:\/\/www.welovecycling.com\/sk\/wp-json\/wp\/v2\/media?parent=19022"}],"wp:term":[{"taxonomy":"category","embeddable":true,"href":"https:\/\/www.welovecycling.com\/sk\/wp-json\/wp\/v2\/categories?post=19022"},{"taxonomy":"post_tag","embeddable":true,"href":"https:\/\/www.welovecycling.com\/sk\/wp-json\/wp\/v2\/tags?post=19022"},{"taxonomy":"global-categories","embeddable":true,"href":"https:\/\/www.welovecycling.com\/sk\/wp-json\/wp\/v2\/global-categories?post=19022"}],"curies":[{"name":"wp","href":"https:\/\/api.w.org\/{rel}","templated":true}]}}