{"id":19009,"date":"2024-04-22T11:00:14","date_gmt":"2024-04-22T09:00:14","guid":{"rendered":"https:\/\/www.welovecycling.com\/sk\/?p=19009"},"modified":"2024-04-22T10:32:17","modified_gmt":"2024-04-22T08:32:17","slug":"par-tipov-na-zachranu-zivota-pri-solo-jazdach-v-horach","status":"publish","type":"post","link":"https:\/\/www.welovecycling.com\/sk\/2024\/04\/22\/par-tipov-na-zachranu-zivota-pri-solo-jazdach-v-horach\/","title":{"rendered":"P\u00e1r tipov na z\u00e1chranu \u017eivota pri s\u00f3lo jazd\u00e1ch v hor\u00e1ch"},"content":{"rendered":"<p><strong>Je len m\u00e1lo d\u00f4vodov, pre\u010do vynecha\u0165 jazdu, a to, \u017ee sa v\u00e1\u0161 kamar\u00e1t na posledn\u00fa chv\u00ed\u013eu rozhodne ne\u00eds\u0165 s vami, by nemalo by\u0165 jedn\u00fdm z nich. S\u00f3lo jazda je skvelou mo\u017enos\u0165ou, ako \u00eds\u0165 vlastn\u00fdm tempom, u\u017ei\u0165 si slobodu a zisti\u0165, \u010di sa m\u00f4\u017eete spo\u013eahn\u00fa\u0165 s\u00e1m na seba.\u00a0<span style=\"font-size: 16px;\">S\u00f3lo jazdu v hor\u00e1ch by sme ale nemali bra\u0165 na \u013eahk\u00fa v\u00e1hu. V sedle m\u00f4\u017eete by\u0165 ten najlep\u0161\u00ed v okol\u00ed, no ak sa nie\u010do stane, nebude v\u00e1m ma\u0165 kto pom\u00f4c\u0165, preto by ste mali by\u0165 ve\u013emi opatrn\u00ed. Tu je p\u00e1r tipov, ktor\u00e9 by ste mali vedie\u0165 predt\u00fdm, ako sa vyd\u00e1te na s\u00f3lo jazdu do h\u00f4r. M\u00f4\u017eu v\u00e1m zachr\u00e1ni\u0165 \u017eivot.<\/span><\/strong><\/p>\n<p><!--more--><\/p>\n<h2><b>Bu\u010fte sebesta\u010dn\u00ed<\/b><\/h2>\n<p><span style=\"font-weight: 400;\">Od svojich kamar\u00e1tov si len \u0165a\u017eko m\u00f4\u017eete p\u00fdta\u0165 nie\u010do, \u010do v\u00e1m ch\u00fdba, ke\u010f jazd\u00edte sami. <strong>By\u0165 sebesta\u010dn\u00fdm je v\u0161eobecne d\u00f4le\u017eit\u00e9 aj pri skupinov\u00fdch jazd\u00e1ch, no pri s\u00f3lo jazd\u00e1ch obzvl\u00e1\u0161\u0165.<\/strong> To zah\u0155\u0148a zbalenie si dostato\u010dn\u00fdch z\u00e1sob jedla, vody a in\u00fdch z\u00e1sob.\u00a0<\/span><\/p>\n<p><span style=\"font-weight: 400;\">Zatia\u013e \u010do sa po\u010das skupinov\u00fdch j\u00e1zd m\u00f4\u017eete podeli\u0165 nielen pri konzum\u00e1cii \u010di prenose jedla, pri s\u00f3lo jazde je to v\u0161etko na v\u00e1s. Zo\u017ee\u0148te si mal\u00fa pumpu a n\u00e1hradn\u00fa du\u0161u (aj bezdu\u0161\u00e1k), \u010dl\u00e1nky do re\u0165aze a in\u00e9 d\u00f4le\u017eite n\u00e1stroje. Nie je pr\u00e1ve ide\u00e1lne osta\u0165 zaseknut\u00fd niekde v lese s roztrhnutou re\u0165azou a s vedom\u00edm, \u017ee v\u00e1m nem\u00e1 kto pom\u00f4c\u0165.<\/span><\/p>\n<p><span style=\"font-weight: 400;\"><strong>By\u0165 sebesta\u010dn\u00fd samozrejme znamen\u00e1 by\u0165 schopn\u00fd na mieste si opravi\u0165 bicykel.<\/strong> Nie je mo\u017en\u00e9, aby ste si so sebou brali v\u0161etky mo\u017en\u00e9 n\u00e1hradn\u00e9 diely, ale je nutn\u00e9 vedie\u0165, ako si opravi\u0165 defekt, pohon, re\u0165az aj brzdy.<\/span><\/p>\n<p><span style=\"font-weight: 400;\">Nezabudnite si tie\u017e vzia\u0165 dostatok vody a asi o 20 % viac jedla, ne\u017e by ste si vzali, keby ste i\u0161li aj s niek\u00fdm in\u00fdm. Ak sa nie\u010do stane a budete musie\u0165 \u010daka\u0165, je dobr\u00e9 ma\u0165 po ruke nie\u010do pod zub. Tie\u017e si vezmite nejak\u00e9 teplej\u0161ie oble\u010denie, aj v letn\u00fdch mesiacoch. Je to v\u00e1ha navy\u0161e, ale va\u0161a bezpe\u010dnos\u0165 a pohoda s\u00fa d\u00f4le\u017eitej\u0161ie.<\/span><\/p>\n<h2><b>Pred jazdou si skontrolujte bicykel<\/b><\/h2>\n<p><span style=\"font-weight: 400;\"><strong>V\u00e4\u010d\u0161ine probl\u00e9mov sa m\u00f4\u017eete vyhn\u00fa\u0165 t\u00fdm, \u017ee si pred jazdou skontrolujete bicykel.<\/strong> Op\u00e4\u0165 je to nie\u010do, \u010do by ste mali robi\u0165 aj pred skupinovou jazdou, no pri s\u00f3lo jazde to nesmiete vynecha\u0165. O\u010distite a nama\u017ete si <a href=\"https:\/\/www.welovecycling.com\/sk\/2021\/05\/20\/ako-rozpoznat-kedy-vymenit-opotrebovanu-retaz\/\" target=\"_blank\" rel=\"noopener\">pohon<\/a>, uistite sa, \u017ee pl\u00e1\u0161te a brzdy funguj\u00fa spr\u00e1vne a dajte pozor na ak\u00e9ko\u013evek zn\u00e1mky mo\u017en\u00e9ho opotrebovania.<\/span><\/p>\n<p><span style=\"font-weight: 400;\">Ak sa dr\u017e\u00edte na\u0161ich r\u00e1d, viete, \u017ee bicykel by ste si mali \u010disti\u0165 po ka\u017edej jazde, nielen pred \u0148ou. Ak ste si ho ale pred poslednou jazdou neo\u010distili, ur\u010dite to urobte teraz.\u00a0<\/span><\/p>\n<p><span style=\"font-weight: 400;\">Pam\u00e4tajte, \u017ee to, \u017ee si skontrolujete bicykel, neznamen\u00e1, \u017ee si nem\u00e1te so sebou bra\u0165 n\u00e1hradn\u00e9 diely. Mali by ste vedie\u0165 ako si <a href=\"https:\/\/www.welovecycling.com\/sk\/2021\/09\/06\/bikefitting-svojpomocne-ako-na-to\/\" target=\"_blank\" rel=\"noopener\">bicykel nastavi\u0165<\/a> nech ste hocikde.<\/span><\/p>\n<figure id=\"attachment_19010\" aria-describedby=\"caption-attachment-19010\" style=\"width: 900px\" class=\"wp-caption alignnone\"><a href=\"https:\/\/d2p6e6u75xmxt8.cloudfront.net\/4\/2024\/04\/Bike-Lubrication-CVR-profimedia-0378507161.webp\"><img loading=\"lazy\" decoding=\"async\" class=\"wp-image-19010 size-full\" src=\"https:\/\/d2p6e6u75xmxt8.cloudfront.net\/4\/2024\/04\/Bike-Lubrication-CVR-profimedia-0378507161.webp\" alt=\"Lubing a bike\" width=\"900\" height=\"600\" srcset=\"https:\/\/d2p6e6u75xmxt8.cloudfront.net\/4\/2024\/04\/Bike-Lubrication-CVR-profimedia-0378507161.webp 900w, https:\/\/d2p6e6u75xmxt8.cloudfront.net\/4\/2024\/04\/Bike-Lubrication-CVR-profimedia-0378507161-300x200.webp 300w, https:\/\/d2p6e6u75xmxt8.cloudfront.net\/4\/2024\/04\/Bike-Lubrication-CVR-profimedia-0378507161-768x512.webp 768w, https:\/\/d2p6e6u75xmxt8.cloudfront.net\/4\/2024\/04\/Bike-Lubrication-CVR-profimedia-0378507161-400x267.webp 400w, https:\/\/d2p6e6u75xmxt8.cloudfront.net\/4\/2024\/04\/Bike-Lubrication-CVR-profimedia-0378507161-272x182.webp 272w\" sizes=\"auto, (max-width: 900px) 100vw, 900px\" \/><\/a><figcaption id=\"caption-attachment-19010\" class=\"wp-caption-text\"><span style=\"font-weight: 400;\">Pred jazdou sa o svoj bicykel dobre postarajte. \u00a9 Profimedia<\/span><\/figcaption><\/figure>\n<h2><b>Prilbu noste aj po\u010das v\u00fdstupu<\/b><\/h2>\n<p><span style=\"font-weight: 400;\">Nosenie prilby po\u010das v\u00fdstupu nie je ve\u013emi pohodln\u00e9, najm\u00e4 ak m\u00e1te full-face prilbu. Je v nej nepr\u00edjemne teplo a m\u00f4\u017ee negat\u00edvne ovplyvni\u0165 v\u00e1\u0161 v\u00fdkon. Tie\u017e budete potrebova\u0165 viac vody a elektrolytov, aby ste vykompenzovali to teplo. Av\u0161ak pri s\u00f3lo jazde je d\u00f4le\u017eit\u00e9, aby ste boli chr\u00e1nen\u00ed aj po\u010das v\u00fdstupu. <strong>Hlavu si mus\u00edte chr\u00e1ni\u0165 za ka\u017ed\u00fa cenu.<\/strong> Ak sa nie\u010do stane, mus\u00edte by\u0165 schopn\u00ed zavola\u0165 si pomoc, preto nem\u00f4\u017eete dopusti\u0165 ak\u00e9ko\u013evek v\u00e1\u017ene zranenie hlavy.\u00a0<\/span><\/p>\n<p><span style=\"font-weight: 400;\"><strong>M\u00f4\u017eete si so sebou zobra\u0165 \u013eah\u0161iu n\u00e1hradn\u00fa helmu na v\u00fdstup, alebo to vydr\u017ea\u0165 s tou, ktor\u00fa u\u017e m\u00e1te.<\/strong> Samozrejme, ak idete s ve\u013ekou skupinou \u013eud\u00ed, ktor\u00ed v\u00e1m m\u00f4\u017eu pom\u00f4c\u0165, ak sa nie\u010do stane, nemus\u00edte sa tr\u00e1pi\u0165. Ale je lep\u0161ie by\u0165 v bezpe\u010d\u00ed, najm\u00e4 ke\u010f \u017eiadny in\u00fd \u010dlovek nie je na doh\u013ead.<\/span><\/p>\n<h2><b>Zosta\u0148te na popul\u00e1rnych tras\u00e1ch<\/b><\/h2>\n<p><span style=\"font-weight: 400;\">Ke\u010f sa bav\u00edme o in\u00fdch \u013eu\u010foch,<strong> je dobr\u00e9 dr\u017ea\u0165 sa popul\u00e1rnych, frekventovan\u00fdch tr\u00e1s.<\/strong> Toto je najlep\u0161ia mo\u017enos\u0165 ako \u00eds\u0165 na s\u00f3lo jazdu a pritom vedie\u0165, \u017ee v pr\u00edpade potreby sa v okol\u00ed vyskytne niekto, kto v\u00e1m m\u00f4\u017ee pom\u00f4c\u0165. \u00c1no, v\u00e4\u010d\u0161\u00ed ruch na frekventovanej trase nie je ide\u00e1lny, no ak si ubl\u00ed\u017eite, je lep\u0161ie, ak niekto p\u00f4jde za vami, ne\u017e keby ste mali by\u0165 hodiny odstrihnut\u00ed sami niekde v lese. S\u00f3lo jazdy nie s\u00fa ide\u00e1lnou pr\u00edle\u017eitos\u0165ou na objavovanie nov\u00fdch miest.<\/span><\/p>\n<h2><b>Povedzte bl\u00edzkym, kadia\u013e p\u00f4jdete<\/b><\/h2>\n<p><span style=\"font-weight: 400;\">\u010co sa t\u00fdka va\u0161ej trasy, mali by ste si ju dopredu napl\u00e1nova\u0165 a vybra\u0165 si popul\u00e1rne trasy. M\u00f4\u017eete pou\u017ei\u0165 platformy ako <\/span><a href=\"http:\/\/strava.com\/\"><span style=\"font-weight: 400;\">Strava<\/span><\/a><span style=\"font-weight: 400;\">, Mapy.cz alebo Komoot, aby ste vedeli, ako dlho budete pre\u010d. Potom ju zdie\u013eajte s priate\u013emi a bl\u00edzkymi.\u00a0<\/span><\/p>\n<p><span style=\"font-weight: 400;\"><strong>Nie je d\u00f4vod, aby ste riskovali t\u00fdm, \u017ee si trasu nech\u00e1te len pre seba.<\/strong> Nez\u00e1le\u017e\u00ed, komu z va\u0161ich bl\u00edzkych o nej d\u00e1te vedie\u0165, no ur\u010dite sa zverte aspo\u0148 jedn\u00e9mu zn\u00e1memu \u010dloveku. Po\u0161lite mu mapku napl\u00e1novanej trasy a ak sa stane \u010doko\u013evek \u2013 ve\u013emi sa zdr\u017e\u00edte, alebo sa v\u00e1m nebude mo\u017en\u00e9 dovola\u0165 sa \u2013 bud\u00fa vedie\u0165, kde v\u00e1s h\u013eada\u0165.<\/span><\/p>\n<p><span style=\"font-weight: 400;\">Tie\u017e va\u0161im bl\u00edzkym m\u00f4\u017eete ob\u010das posla\u0165 fotky z v\u00fdjazdu. Ak nie preto, aby vedeli, kde ste, tak aspo\u0148 pre to, aby z\u00e1videli, \u017ee tam nie s\u00fa s vami. \ud83d\ude42<\/span><\/p>\n<h2><b>Pou\u017eite <\/b><a href=\"http:\/\/strava.com\/\" target=\"_blank\" rel=\"noopener\"><b>life-track<\/b><\/a><\/h2>\n<p><span style=\"font-weight: 400;\">M\u00f4\u017eete by\u0165 e\u0161te opatrnej\u0161\u00ed a pou\u017ei\u0165 <a href=\"http:\/\/strava.com\/\" target=\"_blank\" rel=\"noopener\">life-track<\/a>. Je viacero mo\u017enost\u00ed, ako na to, ale ve\u013ea cyklopo\u010d\u00edta\u010dov m\u00e1 t\u00fato skvel\u00fa funkciu. Ak nem\u00e1te cyklopo\u010d\u00edta\u010d, m\u00f4\u017eete pou\u017ei\u0165 aplik\u00e1ciu v mobile, ako napr\u00edklad FB Messenger alebo WhatsApp. Takto bud\u00fa va\u0161i priatelia a bl\u00edzki presne vedie\u0165, kde sa nach\u00e1dzate.\u00a0<\/span><\/p>\n<p><span style=\"font-weight: 400;\"><strong>Tieto aplik\u00e1cie tie\u017e maj\u00fa nastavenie, ktor\u00e9 odo\u0161le ozn\u00e1menie, ak ste sa dlho nepohli z jedn\u00e9ho miesta<\/strong> a cyklopo\u010d\u00edta\u010de zas vtedy, ke\u010f sa pokazia alebo utrpia v\u00e1\u017eny n\u00e1raz.<\/span><\/p>\n<p><span style=\"font-weight: 400;\">Ak sa v\u00e1m nie\u010do stane, takto bud\u00fa m\u00f4c\u0165 va\u0161i bl\u00edzki posla\u0165 pomoc na presn\u00fa lok\u00e1ciu.\u00a0<\/span><\/p>\n<p><span style=\"font-weight: 400;\">Av\u0161ak treba ma\u0165 na pam\u00e4ti, \u017ee tak\u00e9to aplik\u00e1cie r\u00fdchlo vybij\u00fa bat\u00e9riu, tak\u017ee je dobr\u00e9 ma\u0165 so sebou aj powerbanku.<\/span><\/p>\n<h2><b>Uistite sa, \u017ee m\u00e1te nabit\u00e9 bat\u00e9rie<\/b><\/h2>\n<p><span style=\"font-weight: 400;\">Ke\u010f sa bav\u00edme o bat\u00e9ri\u00e1ch, je d\u00f4le\u017eit\u00e9, aby boli pri va\u0161om v\u00fdlete do h\u00f4r plne nabit\u00e9. <strong>Uistite sa, \u017ee nabijete v\u0161etku elektroniku, ktor\u00fa si pl\u00e1nujete vzia\u0165, vr\u00e1tane svetiel.\u00a0<\/strong><\/span><\/p>\n<p><span style=\"font-weight: 400;\">Pam\u00e4tajte, \u017ee bat\u00e9rie sa vyb\u00edjaj\u00fa r\u00fdchlej\u0161ie v chladnom po\u010das\u00ed. Ak pl\u00e1nujete jazdi\u0165 po tme, vezmite si aspo\u0148 dva zdroje svetla. Nikdy neviete, kedy spadnete a jedno rozbijete. Ke\u010f m\u00e1te so sebou n\u00e1hradu, v pr\u00edpade nehody sa vyhnete pou\u017eitiu telef\u00f3nu ako svetla.<\/span><\/p>\n<h2><b>Poznajte svoje limity<\/b><\/h2>\n<p><span style=\"font-weight: 400;\">V neposlednom rade \u2013 a je to jedna z najd\u00f4le\u017eitej\u0161\u00edch vec\u00ed \u2013 mus\u00edte vedie\u0165, kedy presta\u0165. Toto je hlavn\u00fd rozdiel medzi za\u010diato\u010dn\u00edkom a sk\u00fasen\u00fdm jazdcom. Za\u010diato\u010dn\u00edk pln\u00fd adrenal\u00ednu m\u00f4\u017ee \u010dasto preceni\u0165 svoje schopnosti. Sk\u00fasen\u00ed jazdci poznaj\u00fa svoje limity a vedia, \u017ee sna\u017ei\u0165 sa ich prekona\u0165 je nebezpe\u010dn\u00e9.\u00a0<\/span><\/p>\n<p><span style=\"font-weight: 400;\">Ke\u010f ste sami, nie je dobr\u00fd n\u00e1pad prekon\u00e1va\u0165 rekordy. Ten skok, ktor\u00fd v\u00e1s u\u017e t\u00fd\u017edne l\u00e1ka, e\u0161te p\u00e1r dn\u00ed po\u010dk\u00e1. Nie je d\u00f4vod riskova\u0165, ke\u010f v\u00e1m nem\u00e1 kto v pr\u00edpade potreby pom\u00f4c\u0165. Tak\u017ee na to cho\u010fte rad\u0161ej opatrne a t\u00fa extr\u00e9mnu trasu si nechajte na de\u0148, kedy sa na v\u00e1s bude ma\u0165 kto pozera\u0165. U\u017eite si bezpe\u010dn\u00fa jazdu.<\/span><\/p>\n<h2><b>Ma\u0165 par\u0165\u00e1ka je v\u017edy lep\u0161ie<\/b><\/h2>\n<p><span style=\"font-weight: 400;\">Ak nemus\u00edte \u00eds\u0165 sami, necho\u010fte. Jazda s par\u0165\u00e1kom je v\u017edy lep\u0161ia. M\u00f4\u017eete zdie\u013ea\u0165 nad\u0161enie, da\u0165 si do tela a zlep\u0161i\u0165 svoj v\u00fdkon a navz\u00e1jom si pom\u00f4c\u0165. Koniec koncov, MTB m\u00e1 by\u0165 skupinov\u00e1 aktivita. S\u00f3lo jazda je fajn, ke\u010f nem\u00e1te s k\u00fdm \u00eds\u0165, no ve\u013emi si na \u0148u rad\u0161ej nezvykajte.<\/span><\/p>\n","protected":false},"excerpt":{"rendered":"<p>Je len m\u00e1lo d\u00f4vodov, pre\u010do vynecha\u0165 jazdu, a to, \u017ee sa v\u00e1\u0161 kamar\u00e1t na posledn\u00fa chv\u00ed\u013eu rozhodne ne\u00eds\u0165 s vami, [&hellip;]<\/p>\n","protected":false},"author":172,"featured_media":19012,"comment_status":"open","ping_status":"open","sticky":false,"template":"","format":"standard","meta":{"footnotes":""},"categories":[57],"tags":[62,559,289,180,1481,890,532,412,1453,931,637,264,1089,564,545,318,161],"global-categories":[],"class_list":["post-19009","post","type-post","status-publish","format-standard","has-post-thumbnail","hentry","category-bezpecnost","tag-bezpecnost","tag-bicykel","tag-cistenie","tag-horska-cyklistika","tag-jazda-na-bicykli","tag-jazdec","tag-jazdenie","tag-mtb","tag-mtb-jazda","tag-odporucame","tag-oprava","tag-prilba","tag-solo-jazda","tag-starostlivost","tag-trasa","tag-vyjazd","tag-zdravie"],"yoast_head":"<!-- This site is optimized with the Yoast SEO Premium plugin v25.3 (Yoast SEO v25.9) - https:\/\/yoast.com\/wordpress\/plugins\/seo\/ -->\n<title>P\u00e1r tipov na z\u00e1chranu \u017eivota pri s\u00f3lo jazd\u00e1ch v hor\u00e1ch - \u0160koda We Love Cycling Slovensko<\/title>\n<meta name=\"description\" content=\"S\u00f3lo jazda je skvelou mo\u017enos\u0165ou, ako \u00eds\u0165 vlastn\u00fdm tempom, u\u017ei\u0165 si slobodu a zisti\u0165, \u010di sa m\u00f4\u017eete spo\u013eahn\u00fa\u0165 s\u00e1m na seba.\" \/>\n<meta name=\"robots\" content=\"index, follow, max-snippet:-1, max-image-preview:large, max-video-preview:-1\" \/>\n<link rel=\"canonical\" href=\"https:\/\/www.welovecycling.com\/sk\/2024\/04\/22\/par-tipov-na-zachranu-zivota-pri-solo-jazdach-v-horach\/\" \/>\n<meta property=\"og:locale\" content=\"sk_SK\" \/>\n<meta property=\"og:type\" content=\"article\" \/>\n<meta property=\"og:title\" content=\"P\u00e1r tipov na z\u00e1chranu \u017eivota pri s\u00f3lo jazd\u00e1ch v hor\u00e1ch\" \/>\n<meta property=\"og:description\" content=\"S\u00f3lo jazda je skvelou mo\u017enos\u0165ou, ako \u00eds\u0165 vlastn\u00fdm tempom, u\u017ei\u0165 si slobodu a zisti\u0165, \u010di sa m\u00f4\u017eete spo\u013eahn\u00fa\u0165 s\u00e1m na seba.\" \/>\n<meta property=\"og:url\" content=\"https:\/\/www.welovecycling.com\/sk\/2024\/04\/22\/par-tipov-na-zachranu-zivota-pri-solo-jazdach-v-horach\/\" \/>\n<meta property=\"og:site_name\" content=\"\u0160koda We Love Cycling Slovensko\" \/>\n<meta property=\"article:published_time\" content=\"2024-04-22T09:00:14+00:00\" \/>\n<meta property=\"og:image\" content=\"https:\/\/d2p6e6u75xmxt8.cloudfront.net\/4\/2024\/04\/MTB-Downhill-Solo-Ride-profimedia-0856502312-CVR.webp\" \/>\n\t<meta property=\"og:image:width\" content=\"990\" \/>\n\t<meta property=\"og:image:height\" content=\"660\" \/>\n\t<meta property=\"og:image:type\" content=\"image\/webp\" \/>\n<meta name=\"author\" content=\"dominika\" \/>\n<meta name=\"twitter:card\" content=\"summary_large_image\" \/>\n<meta name=\"twitter:label1\" content=\"Written by\" \/>\n\t<meta name=\"twitter:data1\" content=\"Martin Atanasov\" \/>\n\t<meta name=\"twitter:label2\" content=\"Est. reading time\" \/>\n\t<meta name=\"twitter:data2\" content=\"5\" \/>\n<script type=\"application\/ld+json\" class=\"yoast-schema-graph\">{\"@context\":\"https:\/\/schema.org\",\"@graph\":[{\"@type\":\"WebPage\",\"@id\":\"https:\/\/www.welovecycling.com\/sk\/2024\/04\/22\/par-tipov-na-zachranu-zivota-pri-solo-jazdach-v-horach\/\",\"url\":\"https:\/\/www.welovecycling.com\/sk\/2024\/04\/22\/par-tipov-na-zachranu-zivota-pri-solo-jazdach-v-horach\/\",\"name\":\"P\u00e1r tipov na z\u00e1chranu \u017eivota pri s\u00f3lo jazd\u00e1ch v hor\u00e1ch - \u0160koda We Love Cycling Slovensko\",\"isPartOf\":{\"@id\":\"https:\/\/www.welovecycling.com\/sk\/#website\"},\"primaryImageOfPage\":{\"@id\":\"https:\/\/www.welovecycling.com\/sk\/2024\/04\/22\/par-tipov-na-zachranu-zivota-pri-solo-jazdach-v-horach\/#primaryimage\"},\"image\":{\"@id\":\"https:\/\/www.welovecycling.com\/sk\/2024\/04\/22\/par-tipov-na-zachranu-zivota-pri-solo-jazdach-v-horach\/#primaryimage\"},\"thumbnailUrl\":\"https:\/\/d2p6e6u75xmxt8.cloudfront.net\/4\/2024\/04\/MTB-Downhill-Solo-Ride-profimedia-0856502312-CVR.webp\",\"datePublished\":\"2024-04-22T09:00:14+00:00\",\"author\":{\"@id\":\"https:\/\/www.welovecycling.com\/sk\/#\/schema\/person\/533b62b98b6c41bd5135ebfb1f742624\"},\"description\":\"S\u00f3lo jazda je skvelou mo\u017enos\u0165ou, ako \u00eds\u0165 vlastn\u00fdm tempom, u\u017ei\u0165 si slobodu a zisti\u0165, \u010di sa m\u00f4\u017eete spo\u013eahn\u00fa\u0165 s\u00e1m na seba.\",\"breadcrumb\":{\"@id\":\"https:\/\/www.welovecycling.com\/sk\/2024\/04\/22\/par-tipov-na-zachranu-zivota-pri-solo-jazdach-v-horach\/#breadcrumb\"},\"inLanguage\":\"sk-SK\",\"potentialAction\":[{\"@type\":\"ReadAction\",\"target\":[\"https:\/\/www.welovecycling.com\/sk\/2024\/04\/22\/par-tipov-na-zachranu-zivota-pri-solo-jazdach-v-horach\/\"]}]},{\"@type\":\"ImageObject\",\"inLanguage\":\"sk-SK\",\"@id\":\"https:\/\/www.welovecycling.com\/sk\/2024\/04\/22\/par-tipov-na-zachranu-zivota-pri-solo-jazdach-v-horach\/#primaryimage\",\"url\":\"https:\/\/d2p6e6u75xmxt8.cloudfront.net\/4\/2024\/04\/MTB-Downhill-Solo-Ride-profimedia-0856502312-CVR.webp\",\"contentUrl\":\"https:\/\/d2p6e6u75xmxt8.cloudfront.net\/4\/2024\/04\/MTB-Downhill-Solo-Ride-profimedia-0856502312-CVR.webp\",\"width\":990,\"height\":660,\"caption\":\"Downhill\"},{\"@type\":\"BreadcrumbList\",\"@id\":\"https:\/\/www.welovecycling.com\/sk\/2024\/04\/22\/par-tipov-na-zachranu-zivota-pri-solo-jazdach-v-horach\/#breadcrumb\",\"itemListElement\":[{\"@type\":\"ListItem\",\"position\":1,\"name\":\"Home\",\"item\":\"https:\/\/www.welovecycling.com\/sk\/\"},{\"@type\":\"ListItem\",\"position\":2,\"name\":\"P\u00e1r tipov na z\u00e1chranu \u017eivota pri s\u00f3lo jazd\u00e1ch v hor\u00e1ch\"}]},{\"@type\":\"WebSite\",\"@id\":\"https:\/\/www.welovecycling.com\/sk\/#website\",\"url\":\"https:\/\/www.welovecycling.com\/sk\/\",\"name\":\"\u0160koda We Love Cycling Slovensko\",\"description\":\"\u0160koda We Love Cycling Slovensko je v\u00e1\u0161 ka\u017edodenn\u00fd zdroj noviniek a in\u0161pir\u00e1cie z sveta cyklistiky\",\"potentialAction\":[{\"@type\":\"SearchAction\",\"target\":{\"@type\":\"EntryPoint\",\"urlTemplate\":\"https:\/\/www.welovecycling.com\/sk\/?s={search_term_string}\"},\"query-input\":{\"@type\":\"PropertyValueSpecification\",\"valueRequired\":true,\"valueName\":\"search_term_string\"}}],\"inLanguage\":\"sk-SK\"},{\"@type\":\"Person\",\"@id\":\"https:\/\/www.welovecycling.com\/sk\/#\/schema\/person\/533b62b98b6c41bd5135ebfb1f742624\",\"name\":\"dominika\",\"image\":{\"@type\":\"ImageObject\",\"inLanguage\":\"sk-SK\",\"@id\":\"https:\/\/www.welovecycling.com\/sk\/#\/schema\/person\/image\/\",\"url\":\"https:\/\/secure.gravatar.com\/avatar\/ded6f274ba2ec3e17fff153f7d9d96a4b33c2cb63907f75d9a5309c599a7f3e6?s=96&d=mm&r=g\",\"contentUrl\":\"https:\/\/secure.gravatar.com\/avatar\/ded6f274ba2ec3e17fff153f7d9d96a4b33c2cb63907f75d9a5309c599a7f3e6?s=96&d=mm&r=g\",\"caption\":\"dominika\"},\"url\":\"https:\/\/www.welovecycling.com\/sk\/author\/dominika\/\"}]}<\/script>\n<!-- \/ Yoast SEO Premium plugin. -->","yoast_head_json":{"title":"P\u00e1r tipov na z\u00e1chranu \u017eivota pri s\u00f3lo jazd\u00e1ch v hor\u00e1ch - \u0160koda We Love Cycling Slovensko","description":"S\u00f3lo jazda je skvelou mo\u017enos\u0165ou, ako \u00eds\u0165 vlastn\u00fdm tempom, u\u017ei\u0165 si slobodu a zisti\u0165, \u010di sa m\u00f4\u017eete spo\u013eahn\u00fa\u0165 s\u00e1m na seba.","robots":{"index":"index","follow":"follow","max-snippet":"max-snippet:-1","max-image-preview":"max-image-preview:large","max-video-preview":"max-video-preview:-1"},"canonical":"https:\/\/www.welovecycling.com\/sk\/2024\/04\/22\/par-tipov-na-zachranu-zivota-pri-solo-jazdach-v-horach\/","og_locale":"sk_SK","og_type":"article","og_title":"P\u00e1r tipov na z\u00e1chranu \u017eivota pri s\u00f3lo jazd\u00e1ch v hor\u00e1ch","og_description":"S\u00f3lo jazda je skvelou mo\u017enos\u0165ou, ako \u00eds\u0165 vlastn\u00fdm tempom, u\u017ei\u0165 si slobodu a zisti\u0165, \u010di sa m\u00f4\u017eete spo\u013eahn\u00fa\u0165 s\u00e1m na seba.","og_url":"https:\/\/www.welovecycling.com\/sk\/2024\/04\/22\/par-tipov-na-zachranu-zivota-pri-solo-jazdach-v-horach\/","og_site_name":"\u0160koda We Love Cycling Slovensko","article_published_time":"2024-04-22T09:00:14+00:00","og_image":[{"width":990,"height":660,"url":"https:\/\/d2p6e6u75xmxt8.cloudfront.net\/4\/2024\/04\/MTB-Downhill-Solo-Ride-profimedia-0856502312-CVR.webp","type":"image\/webp"}],"author":"dominika","twitter_card":"summary_large_image","twitter_misc":{"Written by":"Martin Atanasov","Est. reading time":"5"},"schema":{"@context":"https:\/\/schema.org","@graph":[{"@type":"WebPage","@id":"https:\/\/www.welovecycling.com\/sk\/2024\/04\/22\/par-tipov-na-zachranu-zivota-pri-solo-jazdach-v-horach\/","url":"https:\/\/www.welovecycling.com\/sk\/2024\/04\/22\/par-tipov-na-zachranu-zivota-pri-solo-jazdach-v-horach\/","name":"P\u00e1r tipov na z\u00e1chranu \u017eivota pri s\u00f3lo jazd\u00e1ch v hor\u00e1ch - \u0160koda We Love Cycling Slovensko","isPartOf":{"@id":"https:\/\/www.welovecycling.com\/sk\/#website"},"primaryImageOfPage":{"@id":"https:\/\/www.welovecycling.com\/sk\/2024\/04\/22\/par-tipov-na-zachranu-zivota-pri-solo-jazdach-v-horach\/#primaryimage"},"image":{"@id":"https:\/\/www.welovecycling.com\/sk\/2024\/04\/22\/par-tipov-na-zachranu-zivota-pri-solo-jazdach-v-horach\/#primaryimage"},"thumbnailUrl":"https:\/\/d2p6e6u75xmxt8.cloudfront.net\/4\/2024\/04\/MTB-Downhill-Solo-Ride-profimedia-0856502312-CVR.webp","datePublished":"2024-04-22T09:00:14+00:00","author":{"@id":"https:\/\/www.welovecycling.com\/sk\/#\/schema\/person\/533b62b98b6c41bd5135ebfb1f742624"},"description":"S\u00f3lo jazda je skvelou mo\u017enos\u0165ou, ako \u00eds\u0165 vlastn\u00fdm tempom, u\u017ei\u0165 si slobodu a zisti\u0165, \u010di sa m\u00f4\u017eete spo\u013eahn\u00fa\u0165 s\u00e1m na seba.","breadcrumb":{"@id":"https:\/\/www.welovecycling.com\/sk\/2024\/04\/22\/par-tipov-na-zachranu-zivota-pri-solo-jazdach-v-horach\/#breadcrumb"},"inLanguage":"sk-SK","potentialAction":[{"@type":"ReadAction","target":["https:\/\/www.welovecycling.com\/sk\/2024\/04\/22\/par-tipov-na-zachranu-zivota-pri-solo-jazdach-v-horach\/"]}]},{"@type":"ImageObject","inLanguage":"sk-SK","@id":"https:\/\/www.welovecycling.com\/sk\/2024\/04\/22\/par-tipov-na-zachranu-zivota-pri-solo-jazdach-v-horach\/#primaryimage","url":"https:\/\/d2p6e6u75xmxt8.cloudfront.net\/4\/2024\/04\/MTB-Downhill-Solo-Ride-profimedia-0856502312-CVR.webp","contentUrl":"https:\/\/d2p6e6u75xmxt8.cloudfront.net\/4\/2024\/04\/MTB-Downhill-Solo-Ride-profimedia-0856502312-CVR.webp","width":990,"height":660,"caption":"Downhill"},{"@type":"BreadcrumbList","@id":"https:\/\/www.welovecycling.com\/sk\/2024\/04\/22\/par-tipov-na-zachranu-zivota-pri-solo-jazdach-v-horach\/#breadcrumb","itemListElement":[{"@type":"ListItem","position":1,"name":"Home","item":"https:\/\/www.welovecycling.com\/sk\/"},{"@type":"ListItem","position":2,"name":"P\u00e1r tipov na z\u00e1chranu \u017eivota pri s\u00f3lo jazd\u00e1ch v hor\u00e1ch"}]},{"@type":"WebSite","@id":"https:\/\/www.welovecycling.com\/sk\/#website","url":"https:\/\/www.welovecycling.com\/sk\/","name":"\u0160koda We Love Cycling Slovensko","description":"\u0160koda We Love Cycling Slovensko je v\u00e1\u0161 ka\u017edodenn\u00fd zdroj noviniek a in\u0161pir\u00e1cie z sveta cyklistiky","potentialAction":[{"@type":"SearchAction","target":{"@type":"EntryPoint","urlTemplate":"https:\/\/www.welovecycling.com\/sk\/?s={search_term_string}"},"query-input":{"@type":"PropertyValueSpecification","valueRequired":true,"valueName":"search_term_string"}}],"inLanguage":"sk-SK"},{"@type":"Person","@id":"https:\/\/www.welovecycling.com\/sk\/#\/schema\/person\/533b62b98b6c41bd5135ebfb1f742624","name":"dominika","image":{"@type":"ImageObject","inLanguage":"sk-SK","@id":"https:\/\/www.welovecycling.com\/sk\/#\/schema\/person\/image\/","url":"https:\/\/secure.gravatar.com\/avatar\/ded6f274ba2ec3e17fff153f7d9d96a4b33c2cb63907f75d9a5309c599a7f3e6?s=96&d=mm&r=g","contentUrl":"https:\/\/secure.gravatar.com\/avatar\/ded6f274ba2ec3e17fff153f7d9d96a4b33c2cb63907f75d9a5309c599a7f3e6?s=96&d=mm&r=g","caption":"dominika"},"url":"https:\/\/www.welovecycling.com\/sk\/author\/dominika\/"}]}},"_links":{"self":[{"href":"https:\/\/www.welovecycling.com\/sk\/wp-json\/wp\/v2\/posts\/19009","targetHints":{"allow":["GET"]}}],"collection":[{"href":"https:\/\/www.welovecycling.com\/sk\/wp-json\/wp\/v2\/posts"}],"about":[{"href":"https:\/\/www.welovecycling.com\/sk\/wp-json\/wp\/v2\/types\/post"}],"author":[{"embeddable":true,"href":"https:\/\/www.welovecycling.com\/sk\/wp-json\/wp\/v2\/users\/172"}],"replies":[{"embeddable":true,"href":"https:\/\/www.welovecycling.com\/sk\/wp-json\/wp\/v2\/comments?post=19009"}],"version-history":[{"count":3,"href":"https:\/\/www.welovecycling.com\/sk\/wp-json\/wp\/v2\/posts\/19009\/revisions"}],"predecessor-version":[{"id":19014,"href":"https:\/\/www.welovecycling.com\/sk\/wp-json\/wp\/v2\/posts\/19009\/revisions\/19014"}],"wp:featuredmedia":[{"embeddable":true,"href":"https:\/\/www.welovecycling.com\/sk\/wp-json\/wp\/v2\/media\/19012"}],"wp:attachment":[{"href":"https:\/\/www.welovecycling.com\/sk\/wp-json\/wp\/v2\/media?parent=19009"}],"wp:term":[{"taxonomy":"category","embeddable":true,"href":"https:\/\/www.welovecycling.com\/sk\/wp-json\/wp\/v2\/categories?post=19009"},{"taxonomy":"post_tag","embeddable":true,"href":"https:\/\/www.welovecycling.com\/sk\/wp-json\/wp\/v2\/tags?post=19009"},{"taxonomy":"global-categories","embeddable":true,"href":"https:\/\/www.welovecycling.com\/sk\/wp-json\/wp\/v2\/global-categories?post=19009"}],"curies":[{"name":"wp","href":"https:\/\/api.w.org\/{rel}","templated":true}]}}