{"id":18996,"date":"2024-04-26T09:00:09","date_gmt":"2024-04-26T07:00:09","guid":{"rendered":"https:\/\/www.welovecycling.com\/sk\/?p=18996"},"modified":"2024-04-17T14:42:53","modified_gmt":"2024-04-17T12:42:53","slug":"pozvanka-skoda-mtb-maraton-rajecke-teplice-pocasie-moze-prekvapit","status":"publish","type":"post","link":"https:\/\/www.welovecycling.com\/sk\/2024\/04\/26\/pozvanka-skoda-mtb-maraton-rajecke-teplice-pocasie-moze-prekvapit\/","title":{"rendered":"Pozv\u00e1nka: \u0160koda MTB Marat\u00f3n Rajeck\u00e9 Teplice \u2013 po\u010dasie m\u00f4\u017ee prekvapi\u0165"},"content":{"rendered":"<p><strong>\u00davodn\u00e9 kolo vo Sv\u00e4tom Jure m\u00e1me za sebou. Pokra\u010dujeme v Rajeck\u00fdch Tepliciach, kde karty rozd\u00e1va po\u010dasie.<\/strong><!--more--><\/p>\n<p><span style=\"font-weight: 400;\"><strong>U\u017e 18. m\u00e1ja sa v\u0161etci priaznivci cyklistiky stretn\u00fa v zn\u00e1mom prostred\u00ed k\u00fapaliska Laura.<\/strong> \u010cak\u00e1 na nich st\u00e1lica v kalend\u00e1ri: \u0160koda MTB Marat\u00f3n Rajeck\u00e9 Teplice. Okrem \u010fal\u0161ieho kola v r\u00e1mci \u0160koda Bike Open Tour bud\u00fa tieto preteky aj s\u00fa\u010das\u0165ou programu majstrovstiev Slovenska v marat\u00f3ne (XCM).<\/span><\/p>\n<p><span style=\"font-weight: 400;\">Presl\u00e1ven\u00e9 je aj po\u010dasie v tejto lokalite \u2013 pretek\u00e1ri si pam\u00e4taj\u00fa<\/span><a href=\"https:\/\/www.welovecycling.com\/sk\/2021\/09\/22\/reportaz-skoda-mtb-maraton-rajecke-teplice-poriadne-bahenne-kupele\/\" target=\"_blank\" rel=\"noopener\"><span style=\"font-weight: 400;\"> ro\u010dn\u00edky pln\u00e9 blata<\/span><\/a><span style=\"font-weight: 400;\">, ale aj <\/span><a href=\"https:\/\/www.welovecycling.com\/sk\/2022\/05\/26\/reportaz-skoda-mtb-maraton-rajecke-teplice-dokonaly-start-sezony\/\" target=\"_blank\" rel=\"noopener\"><span style=\"font-weight: 400;\">sucho s vysok\u00fdmi teplotami<\/span><\/a><span style=\"font-weight: 400;\">. <\/span><a href=\"https:\/\/www.welovecycling.com\/sk\/2023\/05\/25\/reportaz-skoda-mtb-maraton-rajecke-teplice-rodinny-vylet-za-family-tratou\/\"><span style=\"font-weight: 400;\">Minul\u00fd ro\u010dn\u00edk<\/span><\/a><span style=\"font-weight: 400;\"> to tie\u017e vyzeralo na poriadny bahenn\u00fd z\u00e1bal, ale nakoniec sa po\u010dasie od piatku ust\u00e1lilo a bolo slne\u010dno. Vtedy organiz\u00e1tor skr\u00e1til v\u0161etky trate o povestn\u00e9 l\u00faky, ktor\u00e9 s\u00fa v\u017edy najhor\u0161ie po da\u017e\u010foch. Po\u010fme sa teda pozrie\u0165, \u010do okrem po\u010dasia m\u00e1me ist\u00e9 pre 8. ro\u010dn\u00edk.<\/span><\/p>\n<div id='gallery-1' class='gallery galleryid-18996 gallery-columns-2 gallery-size-full'><figure class='gallery-item'>\n\t\t\t<div class='gallery-icon landscape'>\n\t\t\t\t<a href='https:\/\/d2p6e6u75xmxt8.cloudfront.net\/4\/2024\/04\/02_WLC_RT.webp'><img loading=\"lazy\" decoding=\"async\" width=\"990\" height=\"660\" src=\"https:\/\/d2p6e6u75xmxt8.cloudfront.net\/4\/2024\/04\/02_WLC_RT.webp\" class=\"attachment-full size-full\" alt=\"\" srcset=\"https:\/\/d2p6e6u75xmxt8.cloudfront.net\/4\/2024\/04\/02_WLC_RT.webp 990w, https:\/\/d2p6e6u75xmxt8.cloudfront.net\/4\/2024\/04\/02_WLC_RT-300x200.webp 300w, https:\/\/d2p6e6u75xmxt8.cloudfront.net\/4\/2024\/04\/02_WLC_RT-768x512.webp 768w, https:\/\/d2p6e6u75xmxt8.cloudfront.net\/4\/2024\/04\/02_WLC_RT-400x267.webp 400w, https:\/\/d2p6e6u75xmxt8.cloudfront.net\/4\/2024\/04\/02_WLC_RT-272x182.webp 272w\" sizes=\"auto, (max-width: 990px) 100vw, 990px\" \/><\/a>\n\t\t\t<\/div><\/figure><figure class='gallery-item'>\n\t\t\t<div class='gallery-icon landscape'>\n\t\t\t\t<a href='https:\/\/d2p6e6u75xmxt8.cloudfront.net\/4\/2024\/04\/03_WLC_RT.webp'><img loading=\"lazy\" decoding=\"async\" width=\"990\" height=\"660\" src=\"https:\/\/d2p6e6u75xmxt8.cloudfront.net\/4\/2024\/04\/03_WLC_RT.webp\" class=\"attachment-full size-full\" alt=\"\" srcset=\"https:\/\/d2p6e6u75xmxt8.cloudfront.net\/4\/2024\/04\/03_WLC_RT.webp 990w, https:\/\/d2p6e6u75xmxt8.cloudfront.net\/4\/2024\/04\/03_WLC_RT-300x200.webp 300w, https:\/\/d2p6e6u75xmxt8.cloudfront.net\/4\/2024\/04\/03_WLC_RT-768x512.webp 768w, https:\/\/d2p6e6u75xmxt8.cloudfront.net\/4\/2024\/04\/03_WLC_RT-400x267.webp 400w, https:\/\/d2p6e6u75xmxt8.cloudfront.net\/4\/2024\/04\/03_WLC_RT-272x182.webp 272w\" sizes=\"auto, (max-width: 990px) 100vw, 990px\" \/><\/a>\n\t\t\t<\/div><\/figure>\n\t\t<\/div>\n\n<h2><b>Registr\u00e1cia a miesto prezent\u00e1cie<\/b><\/h2>\n<p><span style=\"font-weight: 400;\">\u0160tartovn\u00e9 m\u00e1me v\u017edy rozdelen\u00e9 do viacero v\u013an pri prihl\u00e1sen\u00ed <\/span><a href=\"https:\/\/www.bikepoint.sk\/maraton\/registracia\/\"><span style=\"font-weight: 400;\">online<\/span><\/a><span style=\"font-weight: 400;\">. <strong>Do 12. m\u00e1ja je cena \u0161tartovn\u00e9ho od 27 do 30 \u20ac.<\/strong> Prezent\u00e1cia bude mo\u017en\u00e1 v piatok 17. m\u00e1ja na recepcii hotela Laura Rajeck\u00e9 Teplice od 18:00 do 21:00 hodiny. N\u00e1sledne v sobotu, v de\u0148 pretekov, od 7:00 do 10:00, v z\u00e1vislosti od d\u013a\u017eky trate.\u00a0<\/span><\/p>\n<p><img loading=\"lazy\" decoding=\"async\" class=\"alignnone size-full wp-image-18999\" src=\"https:\/\/d2p6e6u75xmxt8.cloudfront.net\/4\/2024\/04\/04_WLC_RT.webp\" alt=\"\" width=\"990\" height=\"660\" srcset=\"https:\/\/d2p6e6u75xmxt8.cloudfront.net\/4\/2024\/04\/04_WLC_RT.webp 990w, https:\/\/d2p6e6u75xmxt8.cloudfront.net\/4\/2024\/04\/04_WLC_RT-300x200.webp 300w, https:\/\/d2p6e6u75xmxt8.cloudfront.net\/4\/2024\/04\/04_WLC_RT-768x512.webp 768w, https:\/\/d2p6e6u75xmxt8.cloudfront.net\/4\/2024\/04\/04_WLC_RT-400x267.webp 400w, https:\/\/d2p6e6u75xmxt8.cloudfront.net\/4\/2024\/04\/04_WLC_RT-272x182.webp 272w\" sizes=\"auto, (max-width: 990px) 100vw, 990px\" \/><\/p>\n<h2><b>Trasy<\/b><\/h2>\n<p><span style=\"font-weight: 400;\">V ponuke m\u00e1me u\u017e zn\u00e1me <strong>tri d\u013a\u017eky tr\u00e1s: 80, 50 a 18,5 kilometra s prev\u00fd\u0161en\u00edm od 422 metrov a\u017e po 2300.<\/strong> Okrem toho na strednej trati bud\u00fa pridan\u00e9 kateg\u00f3rie ebike a gravel. Samozrejmos\u0165ou je tra\u0165 Family s d\u013a\u017ekou 18,5 kilometra. \u0160tart pretekov je napl\u00e1novan\u00fd na 9:00 pre marat\u00f3nsku tra\u0165, 9:40 ebike a o 10:00 za\u010d\u00edna polmarat\u00f3nska tra\u0165. O 20 min\u00fat nesk\u00f4r vyrazia na kr\u00e1tku trasu \u010fal\u0161\u00ed pretek\u00e1ri a 10:30 \u0161tartuje <\/span><a href=\"https:\/\/www.welovecycling.com\/sk\/2024\/04\/16\/ako-sa-s-detmi-pripravit-na-family-trat\/\" target=\"_blank\" rel=\"noopener\"><span style=\"font-weight: 400;\">kateg\u00f3ria Family<\/span><\/a><span style=\"font-weight: 400;\">.\u00a0<\/span><\/p>\n<div id='gallery-2' class='gallery galleryid-18996 gallery-columns-2 gallery-size-full'><figure class='gallery-item'>\n\t\t\t<div class='gallery-icon landscape'>\n\t\t\t\t<a href='https:\/\/d2p6e6u75xmxt8.cloudfront.net\/4\/2024\/04\/05_WLC_RT.webp'><img loading=\"lazy\" decoding=\"async\" width=\"990\" height=\"660\" src=\"https:\/\/d2p6e6u75xmxt8.cloudfront.net\/4\/2024\/04\/05_WLC_RT.webp\" class=\"attachment-full size-full\" alt=\"\" srcset=\"https:\/\/d2p6e6u75xmxt8.cloudfront.net\/4\/2024\/04\/05_WLC_RT.webp 990w, https:\/\/d2p6e6u75xmxt8.cloudfront.net\/4\/2024\/04\/05_WLC_RT-300x200.webp 300w, https:\/\/d2p6e6u75xmxt8.cloudfront.net\/4\/2024\/04\/05_WLC_RT-768x512.webp 768w, https:\/\/d2p6e6u75xmxt8.cloudfront.net\/4\/2024\/04\/05_WLC_RT-400x267.webp 400w, https:\/\/d2p6e6u75xmxt8.cloudfront.net\/4\/2024\/04\/05_WLC_RT-272x182.webp 272w\" sizes=\"auto, (max-width: 990px) 100vw, 990px\" \/><\/a>\n\t\t\t<\/div><\/figure><figure class='gallery-item'>\n\t\t\t<div class='gallery-icon landscape'>\n\t\t\t\t<a href='https:\/\/d2p6e6u75xmxt8.cloudfront.net\/4\/2024\/04\/06_WLC_RT.webp'><img loading=\"lazy\" decoding=\"async\" width=\"990\" height=\"660\" src=\"https:\/\/d2p6e6u75xmxt8.cloudfront.net\/4\/2024\/04\/06_WLC_RT.webp\" class=\"attachment-full size-full\" alt=\"\" srcset=\"https:\/\/d2p6e6u75xmxt8.cloudfront.net\/4\/2024\/04\/06_WLC_RT.webp 990w, https:\/\/d2p6e6u75xmxt8.cloudfront.net\/4\/2024\/04\/06_WLC_RT-300x200.webp 300w, https:\/\/d2p6e6u75xmxt8.cloudfront.net\/4\/2024\/04\/06_WLC_RT-768x512.webp 768w, https:\/\/d2p6e6u75xmxt8.cloudfront.net\/4\/2024\/04\/06_WLC_RT-400x267.webp 400w, https:\/\/d2p6e6u75xmxt8.cloudfront.net\/4\/2024\/04\/06_WLC_RT-272x182.webp 272w\" sizes=\"auto, (max-width: 990px) 100vw, 990px\" \/><\/a>\n\t\t\t<\/div><\/figure>\n\t\t<\/div>\n\n<h2><b>Z\u00e1zemie<\/b><\/h2>\n<p><span style=\"font-weight: 400;\">Te\u0161i\u0165 sa m\u00f4\u017eete na z\u00e1zemie \u0160koda village, kde sa zabavia t\u00ed najmen\u0161\u00ed.<strong> Pre doprovod a pretek\u00e1rov bude pripraven\u00e1 oddychov\u00e1 z\u00f3na a st\u00e1nky sponzorov podujatia.<\/strong> Pretek\u00e1rov bude v cieli \u010daka\u0165 tepl\u00e9 jedlo, sprchy a wapky na umytie bicyklov aj s \u00faschov\u0148ou. Pred vyhl\u00e1sen\u00edm v\u00fdsledkov n\u00e1s \u010dak\u00e1 sprievodn\u00fd program. Ocenen\u00ed bud\u00fa vecn\u00fdmi cenami prv\u00ed traja v danej kateg\u00f3rii o 15:30 a tie\u017e n\u00e1s \u010dak\u00e1 bohat\u00e1 tombola.\u00a0<\/span><\/p>\n<div id='gallery-3' class='gallery galleryid-18996 gallery-columns-2 gallery-size-full'><figure class='gallery-item'>\n\t\t\t<div class='gallery-icon landscape'>\n\t\t\t\t<a href='https:\/\/d2p6e6u75xmxt8.cloudfront.net\/4\/2024\/04\/07_WLC_RT.webp'><img loading=\"lazy\" decoding=\"async\" width=\"990\" height=\"660\" src=\"https:\/\/d2p6e6u75xmxt8.cloudfront.net\/4\/2024\/04\/07_WLC_RT.webp\" class=\"attachment-full size-full\" alt=\"\" srcset=\"https:\/\/d2p6e6u75xmxt8.cloudfront.net\/4\/2024\/04\/07_WLC_RT.webp 990w, https:\/\/d2p6e6u75xmxt8.cloudfront.net\/4\/2024\/04\/07_WLC_RT-300x200.webp 300w, https:\/\/d2p6e6u75xmxt8.cloudfront.net\/4\/2024\/04\/07_WLC_RT-768x512.webp 768w, https:\/\/d2p6e6u75xmxt8.cloudfront.net\/4\/2024\/04\/07_WLC_RT-400x267.webp 400w, https:\/\/d2p6e6u75xmxt8.cloudfront.net\/4\/2024\/04\/07_WLC_RT-272x182.webp 272w\" sizes=\"auto, (max-width: 990px) 100vw, 990px\" \/><\/a>\n\t\t\t<\/div><\/figure><figure class='gallery-item'>\n\t\t\t<div class='gallery-icon landscape'>\n\t\t\t\t<a href='https:\/\/d2p6e6u75xmxt8.cloudfront.net\/4\/2024\/04\/08_WLC_RT.webp'><img loading=\"lazy\" decoding=\"async\" width=\"990\" height=\"660\" src=\"https:\/\/d2p6e6u75xmxt8.cloudfront.net\/4\/2024\/04\/08_WLC_RT.webp\" class=\"attachment-full size-full\" alt=\"\" srcset=\"https:\/\/d2p6e6u75xmxt8.cloudfront.net\/4\/2024\/04\/08_WLC_RT.webp 990w, https:\/\/d2p6e6u75xmxt8.cloudfront.net\/4\/2024\/04\/08_WLC_RT-300x200.webp 300w, https:\/\/d2p6e6u75xmxt8.cloudfront.net\/4\/2024\/04\/08_WLC_RT-768x512.webp 768w, https:\/\/d2p6e6u75xmxt8.cloudfront.net\/4\/2024\/04\/08_WLC_RT-400x267.webp 400w, https:\/\/d2p6e6u75xmxt8.cloudfront.net\/4\/2024\/04\/08_WLC_RT-272x182.webp 272w\" sizes=\"auto, (max-width: 990px) 100vw, 990px\" \/><\/a>\n\t\t\t<\/div><\/figure>\n\t\t<\/div>\n\n<p><span style=\"font-weight: 400;\">Samotn\u00e1 \u00fa\u010das\u0165 na tombole m\u00f4\u017ee st\u00e1\u0165 za to, preto\u017ee okrem in\u00fdch cien je v hre aj cyklonosi\u010d na \u0165a\u017en\u00e9 zariadenie \u0160koda a taktie\u017e m\u00f4\u017eete vyhra\u0165 \u0160koda Enyaq iV na t\u00fd\u017ede\u0148. Vid\u00edme sa v L\u00fa\u010danskej Malej Fatre na k\u00fapalisku Laura. Viac inform\u00e1ci\u00ed n\u00e1jdeme na <\/span><a href=\"https:\/\/www.welovecycling.com\/sk\/sbot\/index.php\" target=\"_blank\" rel=\"noopener\"><span style=\"font-weight: 400;\">str\u00e1nke \u0160BOT<\/span><\/a><span style=\"font-weight: 400;\"> s\u00e9rie a <\/span><a href=\"https:\/\/www.bikepoint.sk\/maraton\/zakladne-informacie\/\" target=\"_blank\" rel=\"noopener\"><span style=\"font-weight: 400;\">str\u00e1nke usporiadate\u013ea<\/span><\/a><span style=\"font-weight: 400;\">.<\/span><\/p>\n<p>&nbsp;<\/p>\n<p><span style=\"font-weight: 400;\">Zdroj fotografi\u00ed: welovecycling.com<\/span><\/p>\n","protected":false},"excerpt":{"rendered":"<p>\u00davodn\u00e9 kolo vo Sv\u00e4tom Jure m\u00e1me za sebou. Pokra\u010dujeme v Rajeck\u00fdch Tepliciach, kde karty rozd\u00e1va po\u010dasie.<\/p>\n","protected":false},"author":172,"featured_media":19004,"comment_status":"open","ping_status":"open","sticky":false,"template":"","format":"standard","meta":{"footnotes":""},"categories":[33],"tags":[478,507,53,964,180,412,91,542,35,860],"global-categories":[1074],"class_list":["post-18996","post","type-post","status-publish","format-standard","has-post-thumbnail","hentry","category-sbot","tag-akcia","tag-cyklorodinka","tag-deti","tag-family","tag-horska-cyklistika","tag-mtb","tag-pozvanka","tag-skoda","tag-sbot","tag-skoda-mtb-maraton-rajecke-teplice","global-categories-cycling"],"yoast_head":"<!-- This site is optimized with the Yoast SEO Premium plugin v25.3 (Yoast SEO v25.9) - https:\/\/yoast.com\/wordpress\/plugins\/seo\/ -->\n<title>Pozv\u00e1nka: \u0160koda MTB Marat\u00f3n Rajeck\u00e9 Teplice \u2013 po\u010dasie m\u00f4\u017ee prekvapi\u0165<\/title>\n<meta name=\"description\" content=\"\u00davodn\u00e9 kolo \u0160koda Bike Open Tour vo Sv\u00e4tom Jure m\u00e1me za sebou. Pokra\u010dujeme v Rajeck\u00fdch Tepliciach, kde karty rozd\u00e1va po\u010dasie.\" \/>\n<meta name=\"robots\" content=\"index, follow, max-snippet:-1, max-image-preview:large, max-video-preview:-1\" \/>\n<link rel=\"canonical\" href=\"https:\/\/www.welovecycling.com\/sk\/2024\/04\/26\/pozvanka-skoda-mtb-maraton-rajecke-teplice-pocasie-moze-prekvapit\/\" \/>\n<meta property=\"og:locale\" content=\"sk_SK\" \/>\n<meta property=\"og:type\" content=\"article\" \/>\n<meta property=\"og:title\" content=\"Pozv\u00e1nka: \u0160koda MTB Marat\u00f3n Rajeck\u00e9 Teplice \u2013 po\u010dasie m\u00f4\u017ee prekvapi\u0165\" \/>\n<meta property=\"og:description\" content=\"\u00davodn\u00e9 kolo \u0160koda Bike Open Tour vo Sv\u00e4tom Jure m\u00e1me za sebou. Pokra\u010dujeme v Rajeck\u00fdch Tepliciach, kde karty rozd\u00e1va po\u010dasie.\" \/>\n<meta property=\"og:url\" content=\"https:\/\/www.welovecycling.com\/sk\/2024\/04\/26\/pozvanka-skoda-mtb-maraton-rajecke-teplice-pocasie-moze-prekvapit\/\" \/>\n<meta property=\"og:site_name\" content=\"\u0160koda We Love Cycling Slovensko\" \/>\n<meta property=\"article:published_time\" content=\"2024-04-26T07:00:09+00:00\" \/>\n<meta property=\"og:image\" content=\"https:\/\/d2p6e6u75xmxt8.cloudfront.net\/4\/2024\/04\/01_WLC_RT.webp\" \/>\n\t<meta property=\"og:image:width\" content=\"990\" \/>\n\t<meta property=\"og:image:height\" content=\"660\" \/>\n\t<meta property=\"og:image:type\" content=\"image\/webp\" \/>\n<meta name=\"author\" content=\"dominika\" \/>\n<meta name=\"twitter:card\" content=\"summary_large_image\" \/>\n<meta name=\"twitter:label1\" content=\"Written by\" \/>\n\t<meta name=\"twitter:data1\" content=\"We Love Cycling\" \/>\n\t<meta name=\"twitter:label2\" content=\"Est. reading time\" \/>\n\t<meta name=\"twitter:data2\" content=\"2\" \/>\n<script type=\"application\/ld+json\" class=\"yoast-schema-graph\">{\"@context\":\"https:\/\/schema.org\",\"@graph\":[{\"@type\":\"WebPage\",\"@id\":\"https:\/\/www.welovecycling.com\/sk\/2024\/04\/26\/pozvanka-skoda-mtb-maraton-rajecke-teplice-pocasie-moze-prekvapit\/\",\"url\":\"https:\/\/www.welovecycling.com\/sk\/2024\/04\/26\/pozvanka-skoda-mtb-maraton-rajecke-teplice-pocasie-moze-prekvapit\/\",\"name\":\"Pozv\u00e1nka: \u0160koda MTB Marat\u00f3n Rajeck\u00e9 Teplice \u2013 po\u010dasie m\u00f4\u017ee prekvapi\u0165\",\"isPartOf\":{\"@id\":\"https:\/\/www.welovecycling.com\/sk\/#website\"},\"primaryImageOfPage\":{\"@id\":\"https:\/\/www.welovecycling.com\/sk\/2024\/04\/26\/pozvanka-skoda-mtb-maraton-rajecke-teplice-pocasie-moze-prekvapit\/#primaryimage\"},\"image\":{\"@id\":\"https:\/\/www.welovecycling.com\/sk\/2024\/04\/26\/pozvanka-skoda-mtb-maraton-rajecke-teplice-pocasie-moze-prekvapit\/#primaryimage\"},\"thumbnailUrl\":\"https:\/\/d2p6e6u75xmxt8.cloudfront.net\/4\/2024\/04\/01_WLC_RT.webp\",\"datePublished\":\"2024-04-26T07:00:09+00:00\",\"author\":{\"@id\":\"https:\/\/www.welovecycling.com\/sk\/#\/schema\/person\/533b62b98b6c41bd5135ebfb1f742624\"},\"description\":\"\u00davodn\u00e9 kolo \u0160koda Bike Open Tour vo Sv\u00e4tom Jure m\u00e1me za sebou. Pokra\u010dujeme v Rajeck\u00fdch Tepliciach, kde karty rozd\u00e1va po\u010dasie.\",\"breadcrumb\":{\"@id\":\"https:\/\/www.welovecycling.com\/sk\/2024\/04\/26\/pozvanka-skoda-mtb-maraton-rajecke-teplice-pocasie-moze-prekvapit\/#breadcrumb\"},\"inLanguage\":\"sk-SK\",\"potentialAction\":[{\"@type\":\"ReadAction\",\"target\":[\"https:\/\/www.welovecycling.com\/sk\/2024\/04\/26\/pozvanka-skoda-mtb-maraton-rajecke-teplice-pocasie-moze-prekvapit\/\"]}]},{\"@type\":\"ImageObject\",\"inLanguage\":\"sk-SK\",\"@id\":\"https:\/\/www.welovecycling.com\/sk\/2024\/04\/26\/pozvanka-skoda-mtb-maraton-rajecke-teplice-pocasie-moze-prekvapit\/#primaryimage\",\"url\":\"https:\/\/d2p6e6u75xmxt8.cloudfront.net\/4\/2024\/04\/01_WLC_RT.webp\",\"contentUrl\":\"https:\/\/d2p6e6u75xmxt8.cloudfront.net\/4\/2024\/04\/01_WLC_RT.webp\",\"width\":990,\"height\":660},{\"@type\":\"BreadcrumbList\",\"@id\":\"https:\/\/www.welovecycling.com\/sk\/2024\/04\/26\/pozvanka-skoda-mtb-maraton-rajecke-teplice-pocasie-moze-prekvapit\/#breadcrumb\",\"itemListElement\":[{\"@type\":\"ListItem\",\"position\":1,\"name\":\"Home\",\"item\":\"https:\/\/www.welovecycling.com\/sk\/\"},{\"@type\":\"ListItem\",\"position\":2,\"name\":\"Pozv\u00e1nka: \u0160koda MTB Marat\u00f3n Rajeck\u00e9 Teplice \u2013 po\u010dasie m\u00f4\u017ee prekvapi\u0165\"}]},{\"@type\":\"WebSite\",\"@id\":\"https:\/\/www.welovecycling.com\/sk\/#website\",\"url\":\"https:\/\/www.welovecycling.com\/sk\/\",\"name\":\"\u0160koda We Love Cycling Slovensko\",\"description\":\"\u0160koda We Love Cycling Slovensko je v\u00e1\u0161 ka\u017edodenn\u00fd zdroj noviniek a in\u0161pir\u00e1cie z sveta cyklistiky\",\"potentialAction\":[{\"@type\":\"SearchAction\",\"target\":{\"@type\":\"EntryPoint\",\"urlTemplate\":\"https:\/\/www.welovecycling.com\/sk\/?s={search_term_string}\"},\"query-input\":{\"@type\":\"PropertyValueSpecification\",\"valueRequired\":true,\"valueName\":\"search_term_string\"}}],\"inLanguage\":\"sk-SK\"},{\"@type\":\"Person\",\"@id\":\"https:\/\/www.welovecycling.com\/sk\/#\/schema\/person\/533b62b98b6c41bd5135ebfb1f742624\",\"name\":\"dominika\",\"image\":{\"@type\":\"ImageObject\",\"inLanguage\":\"sk-SK\",\"@id\":\"https:\/\/www.welovecycling.com\/sk\/#\/schema\/person\/image\/\",\"url\":\"https:\/\/secure.gravatar.com\/avatar\/ded6f274ba2ec3e17fff153f7d9d96a4b33c2cb63907f75d9a5309c599a7f3e6?s=96&d=mm&r=g\",\"contentUrl\":\"https:\/\/secure.gravatar.com\/avatar\/ded6f274ba2ec3e17fff153f7d9d96a4b33c2cb63907f75d9a5309c599a7f3e6?s=96&d=mm&r=g\",\"caption\":\"dominika\"},\"url\":\"https:\/\/www.welovecycling.com\/sk\/author\/dominika\/\"}]}<\/script>\n<!-- \/ Yoast SEO Premium plugin. -->","yoast_head_json":{"title":"Pozv\u00e1nka: \u0160koda MTB Marat\u00f3n Rajeck\u00e9 Teplice \u2013 po\u010dasie m\u00f4\u017ee prekvapi\u0165","description":"\u00davodn\u00e9 kolo \u0160koda Bike Open Tour vo Sv\u00e4tom Jure m\u00e1me za sebou. Pokra\u010dujeme v Rajeck\u00fdch Tepliciach, kde karty rozd\u00e1va po\u010dasie.","robots":{"index":"index","follow":"follow","max-snippet":"max-snippet:-1","max-image-preview":"max-image-preview:large","max-video-preview":"max-video-preview:-1"},"canonical":"https:\/\/www.welovecycling.com\/sk\/2024\/04\/26\/pozvanka-skoda-mtb-maraton-rajecke-teplice-pocasie-moze-prekvapit\/","og_locale":"sk_SK","og_type":"article","og_title":"Pozv\u00e1nka: \u0160koda MTB Marat\u00f3n Rajeck\u00e9 Teplice \u2013 po\u010dasie m\u00f4\u017ee prekvapi\u0165","og_description":"\u00davodn\u00e9 kolo \u0160koda Bike Open Tour vo Sv\u00e4tom Jure m\u00e1me za sebou. Pokra\u010dujeme v Rajeck\u00fdch Tepliciach, kde karty rozd\u00e1va po\u010dasie.","og_url":"https:\/\/www.welovecycling.com\/sk\/2024\/04\/26\/pozvanka-skoda-mtb-maraton-rajecke-teplice-pocasie-moze-prekvapit\/","og_site_name":"\u0160koda We Love Cycling Slovensko","article_published_time":"2024-04-26T07:00:09+00:00","og_image":[{"width":990,"height":660,"url":"https:\/\/d2p6e6u75xmxt8.cloudfront.net\/4\/2024\/04\/01_WLC_RT.webp","type":"image\/webp"}],"author":"dominika","twitter_card":"summary_large_image","twitter_misc":{"Written by":"We Love Cycling","Est. reading time":"2"},"schema":{"@context":"https:\/\/schema.org","@graph":[{"@type":"WebPage","@id":"https:\/\/www.welovecycling.com\/sk\/2024\/04\/26\/pozvanka-skoda-mtb-maraton-rajecke-teplice-pocasie-moze-prekvapit\/","url":"https:\/\/www.welovecycling.com\/sk\/2024\/04\/26\/pozvanka-skoda-mtb-maraton-rajecke-teplice-pocasie-moze-prekvapit\/","name":"Pozv\u00e1nka: \u0160koda MTB Marat\u00f3n Rajeck\u00e9 Teplice \u2013 po\u010dasie m\u00f4\u017ee prekvapi\u0165","isPartOf":{"@id":"https:\/\/www.welovecycling.com\/sk\/#website"},"primaryImageOfPage":{"@id":"https:\/\/www.welovecycling.com\/sk\/2024\/04\/26\/pozvanka-skoda-mtb-maraton-rajecke-teplice-pocasie-moze-prekvapit\/#primaryimage"},"image":{"@id":"https:\/\/www.welovecycling.com\/sk\/2024\/04\/26\/pozvanka-skoda-mtb-maraton-rajecke-teplice-pocasie-moze-prekvapit\/#primaryimage"},"thumbnailUrl":"https:\/\/d2p6e6u75xmxt8.cloudfront.net\/4\/2024\/04\/01_WLC_RT.webp","datePublished":"2024-04-26T07:00:09+00:00","author":{"@id":"https:\/\/www.welovecycling.com\/sk\/#\/schema\/person\/533b62b98b6c41bd5135ebfb1f742624"},"description":"\u00davodn\u00e9 kolo \u0160koda Bike Open Tour vo Sv\u00e4tom Jure m\u00e1me za sebou. Pokra\u010dujeme v Rajeck\u00fdch Tepliciach, kde karty rozd\u00e1va po\u010dasie.","breadcrumb":{"@id":"https:\/\/www.welovecycling.com\/sk\/2024\/04\/26\/pozvanka-skoda-mtb-maraton-rajecke-teplice-pocasie-moze-prekvapit\/#breadcrumb"},"inLanguage":"sk-SK","potentialAction":[{"@type":"ReadAction","target":["https:\/\/www.welovecycling.com\/sk\/2024\/04\/26\/pozvanka-skoda-mtb-maraton-rajecke-teplice-pocasie-moze-prekvapit\/"]}]},{"@type":"ImageObject","inLanguage":"sk-SK","@id":"https:\/\/www.welovecycling.com\/sk\/2024\/04\/26\/pozvanka-skoda-mtb-maraton-rajecke-teplice-pocasie-moze-prekvapit\/#primaryimage","url":"https:\/\/d2p6e6u75xmxt8.cloudfront.net\/4\/2024\/04\/01_WLC_RT.webp","contentUrl":"https:\/\/d2p6e6u75xmxt8.cloudfront.net\/4\/2024\/04\/01_WLC_RT.webp","width":990,"height":660},{"@type":"BreadcrumbList","@id":"https:\/\/www.welovecycling.com\/sk\/2024\/04\/26\/pozvanka-skoda-mtb-maraton-rajecke-teplice-pocasie-moze-prekvapit\/#breadcrumb","itemListElement":[{"@type":"ListItem","position":1,"name":"Home","item":"https:\/\/www.welovecycling.com\/sk\/"},{"@type":"ListItem","position":2,"name":"Pozv\u00e1nka: \u0160koda MTB Marat\u00f3n Rajeck\u00e9 Teplice \u2013 po\u010dasie m\u00f4\u017ee prekvapi\u0165"}]},{"@type":"WebSite","@id":"https:\/\/www.welovecycling.com\/sk\/#website","url":"https:\/\/www.welovecycling.com\/sk\/","name":"\u0160koda We Love Cycling Slovensko","description":"\u0160koda We Love Cycling Slovensko je v\u00e1\u0161 ka\u017edodenn\u00fd zdroj noviniek a in\u0161pir\u00e1cie z sveta cyklistiky","potentialAction":[{"@type":"SearchAction","target":{"@type":"EntryPoint","urlTemplate":"https:\/\/www.welovecycling.com\/sk\/?s={search_term_string}"},"query-input":{"@type":"PropertyValueSpecification","valueRequired":true,"valueName":"search_term_string"}}],"inLanguage":"sk-SK"},{"@type":"Person","@id":"https:\/\/www.welovecycling.com\/sk\/#\/schema\/person\/533b62b98b6c41bd5135ebfb1f742624","name":"dominika","image":{"@type":"ImageObject","inLanguage":"sk-SK","@id":"https:\/\/www.welovecycling.com\/sk\/#\/schema\/person\/image\/","url":"https:\/\/secure.gravatar.com\/avatar\/ded6f274ba2ec3e17fff153f7d9d96a4b33c2cb63907f75d9a5309c599a7f3e6?s=96&d=mm&r=g","contentUrl":"https:\/\/secure.gravatar.com\/avatar\/ded6f274ba2ec3e17fff153f7d9d96a4b33c2cb63907f75d9a5309c599a7f3e6?s=96&d=mm&r=g","caption":"dominika"},"url":"https:\/\/www.welovecycling.com\/sk\/author\/dominika\/"}]}},"_links":{"self":[{"href":"https:\/\/www.welovecycling.com\/sk\/wp-json\/wp\/v2\/posts\/18996","targetHints":{"allow":["GET"]}}],"collection":[{"href":"https:\/\/www.welovecycling.com\/sk\/wp-json\/wp\/v2\/posts"}],"about":[{"href":"https:\/\/www.welovecycling.com\/sk\/wp-json\/wp\/v2\/types\/post"}],"author":[{"embeddable":true,"href":"https:\/\/www.welovecycling.com\/sk\/wp-json\/wp\/v2\/users\/172"}],"replies":[{"embeddable":true,"href":"https:\/\/www.welovecycling.com\/sk\/wp-json\/wp\/v2\/comments?post=18996"}],"version-history":[{"count":3,"href":"https:\/\/www.welovecycling.com\/sk\/wp-json\/wp\/v2\/posts\/18996\/revisions"}],"predecessor-version":[{"id":19007,"href":"https:\/\/www.welovecycling.com\/sk\/wp-json\/wp\/v2\/posts\/18996\/revisions\/19007"}],"wp:featuredmedia":[{"embeddable":true,"href":"https:\/\/www.welovecycling.com\/sk\/wp-json\/wp\/v2\/media\/19004"}],"wp:attachment":[{"href":"https:\/\/www.welovecycling.com\/sk\/wp-json\/wp\/v2\/media?parent=18996"}],"wp:term":[{"taxonomy":"category","embeddable":true,"href":"https:\/\/www.welovecycling.com\/sk\/wp-json\/wp\/v2\/categories?post=18996"},{"taxonomy":"post_tag","embeddable":true,"href":"https:\/\/www.welovecycling.com\/sk\/wp-json\/wp\/v2\/tags?post=18996"},{"taxonomy":"global-categories","embeddable":true,"href":"https:\/\/www.welovecycling.com\/sk\/wp-json\/wp\/v2\/global-categories?post=18996"}],"curies":[{"name":"wp","href":"https:\/\/api.w.org\/{rel}","templated":true}]}}