{"id":18976,"date":"2024-04-16T09:00:31","date_gmt":"2024-04-16T07:00:31","guid":{"rendered":"https:\/\/www.welovecycling.com\/sk\/?p=18976"},"modified":"2024-04-15T11:45:54","modified_gmt":"2024-04-15T09:45:54","slug":"ako-sa-s-detmi-pripravit-na-family-trat","status":"publish","type":"post","link":"https:\/\/www.welovecycling.com\/sk\/2024\/04\/16\/ako-sa-s-detmi-pripravit-na-family-trat\/","title":{"rendered":"Ako sa s de\u0165mi pripravi\u0165 na Family tra\u0165?\u00a0"},"content":{"rendered":"<p><strong>\u00da\u010das\u0165 na cyklistick\u00fdch pretekoch je pre deti ve\u013ek\u00e1 vec. Ak sa chyst\u00e1te zajazdi\u0165 si niektor\u00e9 z pretekov s\u00e9rie \u0160koda Bike Open Tour\u00a0 prv\u00fdkr\u00e1t a neviete celkom presne, \u010do o\u010dak\u00e1va\u0165 alebo ako sa pripravi\u0165, pokra\u010dujte v \u010d\u00edtan\u00ed. V tomto \u010dl\u00e1nku v\u00e1m predstav\u00edme koncept kateg\u00f3rie Family, pozrieme sa detailnej\u0161ie na jednotliv\u00e9 trate a prid\u00e1me aj zop\u00e1r tipov, ako zvl\u00e1dnu\u0165 spolo\u010dn\u00fd tr\u00e9ning, aby ste si preteky spolo\u010dne s de\u0165mi par\u00e1dne u\u017eili.\u00a0<\/strong><!--more--><\/p>\n<h2><b>V t\u00edme je sila\u00a0<\/b><\/h2>\n<p><span style=\"font-weight: 400;\">Kateg\u00f3riu Family n\u00e1jdete na v\u0161etk\u00fdch podujatiach \u0160koda Bike Open Tour. A v \u010dom je tak\u00e1 \u0161pecifick\u00e1? <strong>Pretek\u00e1 sa v rodinn\u00fdch t\u00edmoch, ktor\u00e9 s\u00fa zlo\u017een\u00e9 minim\u00e1lne z dvoch \u010dlenov: rodi\u010d (dospel\u00e1 osoba 18+) a die\u0165a (alebo viac det\u00ed) do 14 rokov.<\/strong> T\u00edmy \u0161tartuj\u00fa spolo\u010dne a v\u00fdsledn\u00fd \u010das je \u010das najpomal\u0161ieho \u010dlena, no vo v\u00e4\u010d\u0161ine pr\u00edpadov prich\u00e1dzaj\u00fa do cie\u013ea v\u0161etci \u201et\u00edmov\u00ed kolegovia\u201c spolo\u010dne.\u00a0<\/span><\/p>\n<p><img loading=\"lazy\" decoding=\"async\" class=\"alignnone size-full wp-image-18979\" src=\"https:\/\/d2p6e6u75xmxt8.cloudfront.net\/4\/2024\/04\/01-2.webp\" alt=\"family tra\u0165\" width=\"990\" height=\"660\" srcset=\"https:\/\/d2p6e6u75xmxt8.cloudfront.net\/4\/2024\/04\/01-2.webp 990w, https:\/\/d2p6e6u75xmxt8.cloudfront.net\/4\/2024\/04\/01-2-300x200.webp 300w, https:\/\/d2p6e6u75xmxt8.cloudfront.net\/4\/2024\/04\/01-2-768x512.webp 768w, https:\/\/d2p6e6u75xmxt8.cloudfront.net\/4\/2024\/04\/01-2-400x267.webp 400w, https:\/\/d2p6e6u75xmxt8.cloudfront.net\/4\/2024\/04\/01-2-272x182.webp 272w\" sizes=\"auto, (max-width: 990px) 100vw, 990px\" \/><\/p>\n<p><span style=\"font-weight: 400;\">Organiz\u00e1tori pripravuj\u00fa t\u00fato kateg\u00f3riu, aby si aj najmen\u0161\u00ed cyklisti mohli na vlastnej ko\u017ei vysk\u00fa\u0161a\u0165 a u\u017ei\u0165 atmosf\u00e9ru a profesion\u00e1lnu organiz\u00e1ciu cyklistick\u00e9ho podujatia.\u00a0<\/span><\/p>\n<h2><b>Family trate na podujatiach \u0160koda Bike Open Tour pre rok 2024\u00a0<\/b><\/h2>\n<p><span style=\"font-weight: 400;\">Pri v\u00fdbere podujatia, na ktorom sa pl\u00e1nujete spolu s die\u0165a\u0165om z\u00fa\u010dastni\u0165, berte do \u00favahy jeho schopnosti a mo\u017enosti. <strong>Majte na pam\u00e4ti, \u017ee d\u00f4le\u017eit\u00fdm faktorom pri v\u00fdbere trate je aj technick\u00e9 vybavenie, resp. ve\u013ekos\u0165 bicykla, na ktorom die\u0165a preteky absolvuje.\u00a0<\/strong><\/span><\/p>\n<p><span style=\"font-weight: 400;\">D\u00f4kladne si na\u0161tudujte tra\u0165, pozrite si parametre ako s\u00fa d\u013a\u017eka, prev\u00fd\u0161enie, n\u00e1ro\u010dnos\u0165 st\u00fapan\u00ed \u010di povrch, na ktorom sa jazd\u00ed. Vytvor\u00edte si komplexn\u00fd obraz a budete vedie\u0165 vhodne zvoli\u0165 pretek pre v\u00e1\u0161ho mal\u00e9ho cyklistu tak, aby s \u00fasmevom a rados\u0165ou pretek zvl\u00e1dol.\u00a0\u00a0<\/span><\/p>\n<p><img loading=\"lazy\" decoding=\"async\" class=\"alignnone size-full wp-image-18980\" src=\"https:\/\/d2p6e6u75xmxt8.cloudfront.net\/4\/2024\/04\/05-1.webp\" alt=\"\u0160BOT detsk\u00e1 tra\u0165\" width=\"990\" height=\"660\" srcset=\"https:\/\/d2p6e6u75xmxt8.cloudfront.net\/4\/2024\/04\/05-1.webp 990w, https:\/\/d2p6e6u75xmxt8.cloudfront.net\/4\/2024\/04\/05-1-300x200.webp 300w, https:\/\/d2p6e6u75xmxt8.cloudfront.net\/4\/2024\/04\/05-1-768x512.webp 768w, https:\/\/d2p6e6u75xmxt8.cloudfront.net\/4\/2024\/04\/05-1-400x267.webp 400w, https:\/\/d2p6e6u75xmxt8.cloudfront.net\/4\/2024\/04\/05-1-272x182.webp 272w\" sizes=\"auto, (max-width: 990px) 100vw, 990px\" \/><\/p>\n<p><a href=\"https:\/\/www.welovecycling.com\/sk\/2024\/03\/18\/pozvanka-skoda-svatojursky-mtb-maraton-2024-rozjazd-v-malych-karpatoch\/\" target=\"_blank\" rel=\"noopener\"><span style=\"font-weight: 400;\">\u0160koda Sv\u00e4tojursk\u00fd MTB marat\u00f3n<\/span><\/a><span style=\"font-weight: 400;\"> je \u00favodn\u00e9 podujatie celej s\u00e9rie, <strong>otv\u00e1ra sez\u00f3nu u\u017e 20. apr\u00edla.<\/strong> Organiz\u00e1tori pripravili u\u017e tradi\u010dne Family tra\u0165 dlh\u00fa 5 km s prev\u00fd\u0161en\u00edm 60 m, po asfaltov\u00fdch a \u0161otolinov\u00fdch cest\u00e1ch. Po \u0161tarte, ktor\u00fd je na n\u00e1mest\u00ed vo Sv\u00e4tom Jure, bud\u00fa pretek\u00e1ri pokra\u010dova\u0165 cez vinice, kde ich prever\u00ed jedno kr\u00e1tke st\u00fapanie. <\/span><\/p>\n<p><span style=\"font-weight: 400;\">Po \u0148om bude nasledova\u0165 kr\u00e1tky, pribli\u017ene 100 metrov dlh\u00fd technick\u00fd (kamenist\u00fd) zjazd. Ak zvl\u00e1dnete tento \u00fasek, \u010dakaj\u00fa v\u00e1s e\u0161te pohodov\u00e9 3 km a\u017e do cie\u013ea na futbalovom \u0161tadi\u00f3ne vo Sv\u00e4tom Jure.\u00a0<\/span><\/p>\n<h4><span style=\"font-weight: 400;\">Kateg\u00f3rie:<\/span><\/h4>\n<ul>\n<li><span style=\"font-weight: 400;\">dospel\u00fd + die\u0165a 8-14 rokov\u00a0<\/span><\/li>\n<\/ul>\n<p><span style=\"font-weight: 400;\">Dvojica \u0161tartuje spolu. Ka\u017ed\u00fd z dvojice mus\u00ed \u00eds\u0165 na samostatnom bicykli. (Na tomto podujat\u00ed nie s\u00fa povolen\u00e9 cyklovoz\u00edky alebo cykloseda\u010dky.)\u00a0<\/span><\/p>\n<p><img loading=\"lazy\" decoding=\"async\" class=\"alignnone wp-image-18981 size-full\" src=\"https:\/\/d2p6e6u75xmxt8.cloudfront.net\/4\/2024\/04\/07-1.webp\" alt=\"cyklorodinka, \u0160koda Bike Open Tour, otec so synom na marat\u00f3ne\" width=\"990\" height=\"660\" srcset=\"https:\/\/d2p6e6u75xmxt8.cloudfront.net\/4\/2024\/04\/07-1.webp 990w, https:\/\/d2p6e6u75xmxt8.cloudfront.net\/4\/2024\/04\/07-1-300x200.webp 300w, https:\/\/d2p6e6u75xmxt8.cloudfront.net\/4\/2024\/04\/07-1-768x512.webp 768w, https:\/\/d2p6e6u75xmxt8.cloudfront.net\/4\/2024\/04\/07-1-400x267.webp 400w, https:\/\/d2p6e6u75xmxt8.cloudfront.net\/4\/2024\/04\/07-1-272x182.webp 272w\" sizes=\"auto, (max-width: 990px) 100vw, 990px\" \/><\/p>\n<p><span style=\"font-weight: 400;\">S\u00e9ria sa 18. m\u00e1ja presunie do k\u00fape\u013en\u00e9ho mesta Rajeck\u00e9 Teplice, kde sa uskuto\u010dn\u00ed <\/span><a href=\"https:\/\/www.welovecycling.com\/sk\/sbot\/rajecke.php\" target=\"_blank\" rel=\"noopener\"><span style=\"font-weight: 400;\">\u0160koda MTB marat\u00f3n Rajeck\u00e9 Teplice<\/span><\/a><span style=\"font-weight: 400;\">.<\/span> <span style=\"font-weight: 400;\"><strong>A pr\u00e1ve tu na v\u00e1s \u010dak\u00e1 najdlh\u0161ia, \u201ekr\u00e1\u013eovsk\u00e1\u201c Family tra\u0165 s najv\u00e4\u010d\u0161\u00edm prev\u00fd\u0161en\u00edm v r\u00e1mci celej s\u00e9rie, s parametrami 18,5 km\/422 v. m.<\/strong> Tra\u0165 je kombin\u00e1ciou asfaltu, \u0161otoliny, zv\u00e1\u017enice a po\u013en\u00fdch ciest. <\/span><\/p>\n<p><span style=\"font-weight: 400;\">Po vy\u0161tartovan\u00ed na k\u00fapalisku Laura v\u00e1s hne\u010f v \u00favode prever\u00ed\u00a0 5 km\u00a0 dlh\u00e9 kontinu\u00e1lne st\u00fapanie, po ktorom nasleduj\u00fa zjazdy a prebrodenie potoka. Budete ma\u0165 dostatok \u010dasu, aby ste nabrali sily do \u010fal\u0161ieho kopca medzi 12 a\u017e 15 km. Ak to v\u0161etko zvl\u00e1dnete, \u010dak\u00e1 v\u00e1s z\u00e1vere\u010dn\u00fd zjazd a cie\u013eov\u00e1 pohoda na k\u00fapalisku Laura.<\/span><\/p>\n<h4><span style=\"font-weight: 400;\">Kateg\u00f3rie:<\/span><\/h4>\n<ul>\n<li><span style=\"font-weight: 400;\">dospel\u00fd + die\u0165a do 10 rokov (2014-2024)\u00a0<\/span><\/li>\n<li><span style=\"font-weight: 400;\">dospel\u00fd+ die\u0165a 11-14 rokov (2010-2013)<\/span><\/li>\n<\/ul>\n<p><img loading=\"lazy\" decoding=\"async\" class=\"alignnone wp-image-18982 size-full\" src=\"https:\/\/d2p6e6u75xmxt8.cloudfront.net\/4\/2024\/04\/04-2.webp\" alt=\"we love cycling, detsk\u00fd k\u00fatik na \u0160koda Bike Open Tour\" width=\"990\" height=\"660\" srcset=\"https:\/\/d2p6e6u75xmxt8.cloudfront.net\/4\/2024\/04\/04-2.webp 990w, https:\/\/d2p6e6u75xmxt8.cloudfront.net\/4\/2024\/04\/04-2-300x200.webp 300w, https:\/\/d2p6e6u75xmxt8.cloudfront.net\/4\/2024\/04\/04-2-768x512.webp 768w, https:\/\/d2p6e6u75xmxt8.cloudfront.net\/4\/2024\/04\/04-2-400x267.webp 400w, https:\/\/d2p6e6u75xmxt8.cloudfront.net\/4\/2024\/04\/04-2-272x182.webp 272w\" sizes=\"auto, (max-width: 990px) 100vw, 990px\" \/><\/p>\n<p><span style=\"font-weight: 400;\">Nasledova\u0165 bude jazdenie v raji, kde myslia na v\u0161etk\u00fdch. Tretie kolo <\/span><a href=\"https:\/\/www.welovecycling.com\/sk\/sbot\/slovenskyraj.php\" target=\"_blank\" rel=\"noopener\"><span style=\"font-weight: 400;\">\u0160koda Slovensk\u00fd raj<\/span><\/a> <span style=\"font-weight: 400;\">sa bude kona\u0165 8. j\u00fana. A ako bude vyzera\u0165 Family tra\u0165? Organiz\u00e1tor si pripravil rovno dve \u201efamily\u201c trate, aby ulahodil v\u0161etk\u00fdm de\u0165om.\u00a0<\/span><\/p>\n<p><span style=\"font-weight: 400;\"><strong>Kr\u00e1tka meria cca 250 m, pretek\u00e1 sa na okruhu priamo v z\u00e1zem\u00ed a do s\u00fa\u0165a\u017eenia sa m\u00f4\u017eu zapoji\u0165 u\u017e tie najmen\u0161ie deti\u010dky na odr\u00e1\u017eadl\u00e1ch, trojkolk\u00e1ch a kolobe\u017ek\u00e1ch.<\/strong> V tomto pr\u00edpade \u0161tartuje die\u0165a samotn\u00e9.\u00a0<\/span><\/p>\n<p><span style=\"font-weight: 400;\">Dlh\u0161ia tra\u0165 s d\u013a\u017ekou 8,4 km a prev\u00fd\u0161en\u00edm 170 m je pripraven\u00e1 pre kombin\u00e1ciu rodi\u010d a die\u0165a. Tra\u0165 nie je technicky n\u00e1ro\u010dn\u00e1, jazd\u00ed sa op\u00e4\u0165 na asfalte, \u0161otoline a l\u00fakach a zvl\u00e1dnu ju v\u0161etky spr\u00e1vne namotivovan\u00e9 deck\u00e1.\u00a0<\/span><\/p>\n<h4><span style=\"font-weight: 400;\">Kateg\u00f3rie:<\/span><\/h4>\n<ul>\n<li><span style=\"font-weight: 400;\">do 6 rokov (ro\u010dn\u00edky od 2018 do 2024) \u2013 die\u0165a \u0161tartuje samotn\u00e9<\/span><\/li>\n<li><span style=\"font-weight: 400;\">FAMILY 7+: Od 7 do 14 rokov (2010-2017) \u2013 rodi\u010d + die\u0165a<\/span><\/li>\n<\/ul>\n<p><img loading=\"lazy\" decoding=\"async\" class=\"wp-image-18983 size-full\" src=\"https:\/\/d2p6e6u75xmxt8.cloudfront.net\/4\/2024\/04\/06-1.webp\" alt=\"\u0161koda family tra\u0165\" width=\"990\" height=\"660\" srcset=\"https:\/\/d2p6e6u75xmxt8.cloudfront.net\/4\/2024\/04\/06-1.webp 990w, https:\/\/d2p6e6u75xmxt8.cloudfront.net\/4\/2024\/04\/06-1-300x200.webp 300w, https:\/\/d2p6e6u75xmxt8.cloudfront.net\/4\/2024\/04\/06-1-768x512.webp 768w, https:\/\/d2p6e6u75xmxt8.cloudfront.net\/4\/2024\/04\/06-1-400x267.webp 400w, https:\/\/d2p6e6u75xmxt8.cloudfront.net\/4\/2024\/04\/06-1-272x182.webp 272w\" sizes=\"auto, (max-width: 990px) 100vw, 990px\" \/><\/p>\n<p><span style=\"font-weight: 400;\">A v j\u00fani sa stretneme e\u0161te raz na <\/span><a href=\"https:\/\/www.welovecycling.com\/sk\/sbot\/topolcianky.php\" target=\"_blank\" rel=\"noopener\"><span style=\"font-weight: 400;\">\u0160koda MTB cyklomarat\u00f3n Topo\u013e\u010dianky<\/span><\/a><span style=\"font-weight: 400;\">. <strong>Family tra\u0165 s parametrami 14 km a 270 v. m je pod\u013ea slov organiz\u00e1tora technicky n\u00e1ro\u010dnej\u0161ia a s\u00fa\u010das\u0165ou s\u00fa aj \u00faseky s jednoduch\u0161\u00edmi singletrackmi.<\/strong> Mlad\u00fdch cyklistov preveria nielen st\u00fapania, ale aj strm\u0161ie klesanie a bez bicykla s prevodmi sa deck\u00e1 nezaob\u00eddu. Z uveden\u00fdch d\u00f4vodov nie je tra\u0165 vhodn\u00e1 pre cyklovoz\u00edky a jazdu s detskou cykloseda\u010dkou je taktie\u017e potrebn\u00e9 dobre zv\u00e1\u017ei\u0165.\u00a0<\/span><\/p>\n<h4><span style=\"font-weight: 400;\">Kateg\u00f3rie:<\/span><\/h4>\n<ul>\n<li><span style=\"font-weight: 400;\">dospel\u00fd + die\u0165a do 10 rokov (2014-2024)<\/span><\/li>\n<li><span style=\"font-weight: 400;\">dospel\u00fd + die\u0165a 11-14 rokov (2010-2013)<\/span><\/li>\n<\/ul>\n<p><img loading=\"lazy\" decoding=\"async\" class=\"alignnone size-full wp-image-18984\" src=\"https:\/\/d2p6e6u75xmxt8.cloudfront.net\/4\/2024\/04\/08.webp\" alt=\"deti na bicykli\" width=\"990\" height=\"660\" srcset=\"https:\/\/d2p6e6u75xmxt8.cloudfront.net\/4\/2024\/04\/08.webp 990w, https:\/\/d2p6e6u75xmxt8.cloudfront.net\/4\/2024\/04\/08-300x200.webp 300w, https:\/\/d2p6e6u75xmxt8.cloudfront.net\/4\/2024\/04\/08-768x512.webp 768w, https:\/\/d2p6e6u75xmxt8.cloudfront.net\/4\/2024\/04\/08-400x267.webp 400w, https:\/\/d2p6e6u75xmxt8.cloudfront.net\/4\/2024\/04\/08-272x182.webp 272w\" sizes=\"auto, (max-width: 990px) 100vw, 990px\" \/><\/p>\n<p><span style=\"font-weight: 400;\">Najviac \u201efamily friendly\u201c je bez poch\u00fdb <\/span><a href=\"https:\/\/www.welovecycling.com\/sk\/2024\/03\/05\/unikat-medzi-slovenskymi-maratonmi-skoda-horal-mtb-maraton\/\" target=\"_blank\" rel=\"noopener\"><span style=\"font-weight: 400;\">\u0160koda HORAL MTB marat\u00f3n<\/span><\/a><span style=\"font-weight: 400;\">, ktor\u00fd sa uskuto\u010dn\u00ed 10. augusta vo Svite. <strong>Tra\u0165 Daisy je legendou a s parametrami 17 km a 350 v. m s\u00edce nevyzer\u00e1 zrovna ako \u201ebrnka\u010dka\u201c, no poz\u00fdva v\u0161etk\u00fdch bicyklovania chtiv\u00fdch rodi\u010dov a deti.\u00a0<\/strong><\/span><\/p>\n<p><span style=\"font-weight: 400;\">\u0160tartuje sa pri Kolibe vo Svite, pokra\u010duje cyklochodn\u00edkom cez Lopu\u0161n\u00fa dolinu, nasleduje st\u00fapanie na vrchol kopca a v z\u00e1vere sa prevezieme po\u013en\u00fdmi cestami a\u017e do cie\u013ea. Chcete sa z\u00fa\u010dastni\u0165, ale va\u0161a ratoles\u0165 e\u0161te akt\u00edvne nebicykluje? \u017diaden probl\u00e9m, zoberte si cykloseda\u010dku, cyklovoz\u00edk, shotgun alebo \u0165a\u017en\u00fa ty\u010d a pridajte sa do rodinnej karav\u00e1ny. \ud83d\ude42 Organiz\u00e1tor bol zhovievav\u00fd aj k ebikom, ktor\u00e9 na trati povolil pod podmienkou, \u017ee p\u00f4jdu nes\u00fa\u0165a\u017ene na konci.\u00a0<\/span><\/p>\n<p><span style=\"font-weight: 400;\">Kateg\u00f3rie:<\/span><\/p>\n<ul>\n<li><span style=\"font-weight: 400;\">dospel\u00fd + die\u0165a do 14 rokov (2010-2024)<\/span><\/li>\n<\/ul>\n<p><span style=\"font-weight: 400;\">Najnov\u0161\u00edm \u201epr\u00edrastkom v rodine\u201c je <\/span><a href=\"https:\/\/www.welovecycling.com\/sk\/sbot\/stupava.php\" target=\"_blank\" rel=\"noopener\"><span style=\"font-weight: 400;\">\u0160koda Stupava marat\u00f3n<\/span><\/a><span style=\"font-weight: 400;\">, ktor\u00fd sa uskuto\u010dn\u00ed 14. septembra a bude z\u00e1vere\u010dn\u00fdm podujat\u00edm celej s\u00e9rie. A ak\u00e1 bude Family kateg\u00f3ria? <strong>Prevedie v\u00e1s cez Mal\u00e9 Karpaty na trati s parametrami 7 km a s prev\u00fd\u0161en\u00edm 120 m.<\/strong> Pod\u013ea slov organiz\u00e1tora nebude tra\u0165 technicky n\u00e1ro\u010dn\u00e1, pod\u013ea profilu na v\u00e1s \u010dak\u00e1 3,5 km hore kopcom a nasledova\u0165 bude 3,5 km zjazd a\u017e do cie\u013ea.\u00a0<\/span><\/p>\n<p><span style=\"font-weight: 400;\">Kateg\u00f3rie:<\/span><\/p>\n<ul>\n<li><span style=\"font-weight: 400;\">dospel\u00fd + die\u0165a 8-14 rokov (Na tomto podujat\u00ed je potrebn\u00e9, aby ka\u017ed\u00fd cyklista \u0161tartoval na samostatnom bicykli, cykloseda\u010dky a cyklovoz\u00edky povolen\u00e9 nie s\u00fa.)<\/span><\/li>\n<\/ul>\n<p><img loading=\"lazy\" decoding=\"async\" class=\"alignnone size-full wp-image-18985\" src=\"https:\/\/d2p6e6u75xmxt8.cloudfront.net\/4\/2024\/04\/09.webp\" alt=\"\u0161koda bike open tour\" width=\"990\" height=\"660\" srcset=\"https:\/\/d2p6e6u75xmxt8.cloudfront.net\/4\/2024\/04\/09.webp 990w, https:\/\/d2p6e6u75xmxt8.cloudfront.net\/4\/2024\/04\/09-300x200.webp 300w, https:\/\/d2p6e6u75xmxt8.cloudfront.net\/4\/2024\/04\/09-768x512.webp 768w, https:\/\/d2p6e6u75xmxt8.cloudfront.net\/4\/2024\/04\/09-400x267.webp 400w, https:\/\/d2p6e6u75xmxt8.cloudfront.net\/4\/2024\/04\/09-272x182.webp 272w\" sizes=\"auto, (max-width: 990px) 100vw, 990px\" \/><\/p>\n<h2><b>Tr\u00e9ning rob\u00ed majstra\u00a0<\/b><\/h2>\n<p><span style=\"font-weight: 400;\">Ako sa d\u00f4kladne pripravi\u0165? Tr\u00e9nujte spolo\u010dne s de\u0165mi a bu\u010fte kreat\u00edvni.<strong> Napl\u00e1nujte si pravideln\u00e9 v\u00edkendov\u00e9 v\u00fdjazdy, kam pozvete aj kamar\u00e1tov a zn\u00e1mych, aby ste sa pripravili na jazdu v skupin\u00e1ch.<\/strong> Tento typ tr\u00e9ningu pom\u00f4\u017ee de\u0165om zvykn\u00fa\u0165 si na bicyklovanie s ostatn\u00fdmi cyklistami v tesnej bl\u00edzkosti a z\u00edskaj\u00fa tak v\u00e4\u010d\u0161iu istotu na pretekoch.\u00a0<\/span><\/p>\n<p><span style=\"font-weight: 400;\">\u010eal\u0161\u00edm tipom je spolo\u010dn\u00fd tr\u00e9ning z\u00e1kladn\u00fdch technick\u00fdch zru\u010dnost\u00ed ako je brzdenie, zat\u00e1\u010danie a celkov\u00e9 ovl\u00e1danie bicykla. M\u00f4\u017eete pou\u017ei\u0165 ku\u017eele \u010di vyu\u017ei\u0165 lok\u00e1lne pumptrackov\u00e9 ihrisko. Tento typ tr\u00e9ningu zlep\u0161\u00ed celkov\u00fa koordin\u00e1ciu a ovl\u00e1danie bicykla, \u010do sa na pretekoch ur\u010dite z\u00edde.\u00a0<\/span><\/p>\n<p><span style=\"font-weight: 400;\">Ak ste si vybrali preteky, na ktor\u00fdch sa pl\u00e1nujete z\u00fa\u010dastni\u0165 a pre\u0161tudovali ste si parametre trate, n\u00e1jdite si v okol\u00ed podobn\u00fd okruh a vysk\u00fa\u0161ajte si ho p\u00e1rkr\u00e1t prejs\u0165. Tak budete ma\u0165 istotu, \u017ee ak die\u0165a zvl\u00e1dne lok\u00e1lnu trasu podobn\u00fa pretekovej, na podujatie bude pripraven\u00e9.\u00a0<\/span><\/p>\n<div id='gallery-1' class='gallery galleryid-18976 gallery-columns-2 gallery-size-full'><figure class='gallery-item'>\n\t\t\t<div class='gallery-icon landscape'>\n\t\t\t\t<a href='https:\/\/d2p6e6u75xmxt8.cloudfront.net\/4\/2024\/04\/02-2.webp'><img loading=\"lazy\" decoding=\"async\" width=\"990\" height=\"660\" src=\"https:\/\/d2p6e6u75xmxt8.cloudfront.net\/4\/2024\/04\/02-2.webp\" class=\"attachment-full size-full\" alt=\"cyklistika s de\u0165mi\" srcset=\"https:\/\/d2p6e6u75xmxt8.cloudfront.net\/4\/2024\/04\/02-2.webp 990w, https:\/\/d2p6e6u75xmxt8.cloudfront.net\/4\/2024\/04\/02-2-300x200.webp 300w, https:\/\/d2p6e6u75xmxt8.cloudfront.net\/4\/2024\/04\/02-2-768x512.webp 768w, https:\/\/d2p6e6u75xmxt8.cloudfront.net\/4\/2024\/04\/02-2-400x267.webp 400w, https:\/\/d2p6e6u75xmxt8.cloudfront.net\/4\/2024\/04\/02-2-272x182.webp 272w\" sizes=\"auto, (max-width: 990px) 100vw, 990px\" \/><\/a>\n\t\t\t<\/div><\/figure><figure class='gallery-item'>\n\t\t\t<div class='gallery-icon landscape'>\n\t\t\t\t<a href='https:\/\/d2p6e6u75xmxt8.cloudfront.net\/4\/2024\/04\/03-1.webp'><img loading=\"lazy\" decoding=\"async\" width=\"990\" height=\"660\" src=\"https:\/\/d2p6e6u75xmxt8.cloudfront.net\/4\/2024\/04\/03-1.webp\" class=\"attachment-full size-full\" alt=\"deti na bicykli\" srcset=\"https:\/\/d2p6e6u75xmxt8.cloudfront.net\/4\/2024\/04\/03-1.webp 990w, https:\/\/d2p6e6u75xmxt8.cloudfront.net\/4\/2024\/04\/03-1-300x200.webp 300w, https:\/\/d2p6e6u75xmxt8.cloudfront.net\/4\/2024\/04\/03-1-768x512.webp 768w, https:\/\/d2p6e6u75xmxt8.cloudfront.net\/4\/2024\/04\/03-1-400x267.webp 400w, https:\/\/d2p6e6u75xmxt8.cloudfront.net\/4\/2024\/04\/03-1-272x182.webp 272w\" sizes=\"auto, (max-width: 990px) 100vw, 990px\" \/><\/a>\n\t\t\t<\/div><\/figure>\n\t\t<\/div>\n\n<p><span style=\"font-weight: 400;\">\u010casto dost\u00e1vame ot\u00e1zku, ako star\u00e9 die\u0165a je na preteky pripraven\u00e9. Nu\u017e, jednozna\u010dn\u00e1 odpove\u010f neexistuje. Niektor\u00e9 deti m\u00f4\u017eu ma\u0165 vo veku piatich rokov lep\u0161ie technick\u00e9 a v\u00fdkonnostn\u00e9 \u201evybavenie\u201c ako ich o p\u00e1r rokov star\u0161\u00ed kamar\u00e1ti.\u00a0<\/span><\/p>\n<p><span style=\"font-weight: 400;\">Faktor, ktor\u00fd celkom zav\u00e1\u017ei, je ur\u010dite ve\u013ekos\u0165 bicykla, respekt\u00edve kolies a aspo\u0148 z\u00e1kladn\u00e9 prevody. T<\/span><span style=\"font-weight: 400;\">akmer v\u0161etky Family trate, okrem kr\u00e1tkej na podujat\u00ed v Slovenskom Raji, sa jazdia v ter\u00e9ne, ktor\u00fd je kopcovit\u00fd, \u010dlenit\u00fd a nespevnen\u00fd. <strong>Na\u0161e odpor\u00fa\u010danie pre vybavenie je ve\u013ekos\u0165 bicykla minim\u00e1lne 20 s aspo\u0148 z\u00e1kladn\u00fdmi prevodmi.<\/strong> Ak nie ste presved\u010den\u00ed, \u017ee to deti bez pomoci zvl\u00e1dnu sami, priba\u013ete si na preteky aj lano na potiahnutie v probl\u00e9mov\u00fdch pas\u00e1\u017each.\u00a0<\/span><\/p>\n<p><span style=\"font-weight: 400;\">Ak si predsa len chcete u\u017ei\u0165 atmosf\u00e9ru cyklistick\u00fdch pretekov a viete, \u017ee va\u0161a ratoles\u0165 e\u0161te nie je pripraven\u00e1, vyberte sa do Svitu na podujatie HORAL, kde m\u00f4\u017eete tra\u0165 absolvova\u0165 s die\u0165a\u0165om v cyklovoz\u00edku alebo v seda\u010dke.<\/span><\/p>\n<p><span style=\"font-weight: 400;\">Tak ako? Vid\u00edme sa spolu na niektorom z podujat\u00ed s\u00e9rie?<\/span><\/p>\n<p>&nbsp;<\/p>\n<p>Zdroj foto:\u00a0arch\u00edv autorky, arch\u00edv\u00a0welovecycling.sk<\/p>\n","protected":false},"excerpt":{"rendered":"<p>\u00da\u010das\u0165 na cyklistick\u00fdch pretekoch je pre deti ve\u013ek\u00e1 vec. Ak sa chyst\u00e1te zajazdi\u0165 si niektor\u00e9 z pretekov s\u00e9rie \u0160koda Bike [&hellip;]<\/p>\n","protected":false},"author":172,"featured_media":18978,"comment_status":"open","ping_status":"open","sticky":false,"template":"","format":"standard","meta":{"footnotes":""},"categories":[33],"tags":[507,53,1386,964,180,41,37,190,509,1615,542,35,523,556,741,1072,55],"global-categories":[1074],"class_list":["post-18976","post","type-post","status-publish","format-standard","has-post-thumbnail","hentry","category-sbot","tag-cyklorodinka","tag-deti","tag-deti-na-bicykli","tag-family","tag-horska-cyklistika","tag-kratka-trat","tag-podujatia","tag-priprava","tag-rodina","tag-sezona-2024","tag-skoda","tag-sbot","tag-slovensko","tag-tim","tag-tip-na-vylet","tag-trat","tag-trening","global-categories-cycling"],"yoast_head":"<!-- This site is optimized with the Yoast SEO Premium plugin v25.3 (Yoast SEO v25.9) - https:\/\/yoast.com\/wordpress\/plugins\/seo\/ -->\n<title>Ako sa s de\u0165mi pripravi\u0165 na Family tra\u0165?\u00a0 - \u0160koda We Love Cycling Slovensko<\/title>\n<meta name=\"description\" content=\"Ak sa chyst\u00e1te zajazdi\u0165 si niektor\u00e9 z pretekov s\u00e9rie \u0160koda Bike Open Tour prv\u00fdkr\u00e1t a neviete, \u010do o\u010dak\u00e1va\u0165, pokra\u010dujte v \u010d\u00edtan\u00ed.\" \/>\n<meta name=\"robots\" content=\"index, follow, max-snippet:-1, max-image-preview:large, max-video-preview:-1\" \/>\n<link rel=\"canonical\" href=\"https:\/\/www.welovecycling.com\/sk\/2024\/04\/16\/ako-sa-s-detmi-pripravit-na-family-trat\/\" \/>\n<meta property=\"og:locale\" content=\"sk_SK\" \/>\n<meta property=\"og:type\" content=\"article\" \/>\n<meta property=\"og:title\" content=\"Ako sa s de\u0165mi pripravi\u0165 na Family tra\u0165?\u00a0\" \/>\n<meta property=\"og:description\" content=\"Ak sa chyst\u00e1te zajazdi\u0165 si niektor\u00e9 z pretekov s\u00e9rie \u0160koda Bike Open Tour prv\u00fdkr\u00e1t a neviete, \u010do o\u010dak\u00e1va\u0165, pokra\u010dujte v \u010d\u00edtan\u00ed.\" \/>\n<meta property=\"og:url\" content=\"https:\/\/www.welovecycling.com\/sk\/2024\/04\/16\/ako-sa-s-detmi-pripravit-na-family-trat\/\" \/>\n<meta property=\"og:site_name\" content=\"\u0160koda We Love Cycling Slovensko\" \/>\n<meta property=\"article:published_time\" content=\"2024-04-16T07:00:31+00:00\" \/>\n<meta property=\"og:image\" content=\"https:\/\/d2p6e6u75xmxt8.cloudfront.net\/4\/2024\/04\/titulka-3.webp\" \/>\n\t<meta property=\"og:image:width\" content=\"990\" \/>\n\t<meta property=\"og:image:height\" content=\"660\" \/>\n\t<meta property=\"og:image:type\" content=\"image\/webp\" \/>\n<meta name=\"author\" content=\"dominika\" \/>\n<meta name=\"twitter:card\" content=\"summary_large_image\" \/>\n<meta name=\"twitter:label1\" content=\"Written by\" \/>\n\t<meta name=\"twitter:data1\" content=\"Katar\u00edna Vasil\u010din Gre\u0161ov\u00e1\" \/>\n\t<meta name=\"twitter:label2\" content=\"Est. reading time\" \/>\n\t<meta name=\"twitter:data2\" content=\"6\" \/>\n<script type=\"application\/ld+json\" class=\"yoast-schema-graph\">{\"@context\":\"https:\/\/schema.org\",\"@graph\":[{\"@type\":\"WebPage\",\"@id\":\"https:\/\/www.welovecycling.com\/sk\/2024\/04\/16\/ako-sa-s-detmi-pripravit-na-family-trat\/\",\"url\":\"https:\/\/www.welovecycling.com\/sk\/2024\/04\/16\/ako-sa-s-detmi-pripravit-na-family-trat\/\",\"name\":\"Ako sa s de\u0165mi pripravi\u0165 na Family tra\u0165?\u00a0 - \u0160koda We Love Cycling Slovensko\",\"isPartOf\":{\"@id\":\"https:\/\/www.welovecycling.com\/sk\/#website\"},\"primaryImageOfPage\":{\"@id\":\"https:\/\/www.welovecycling.com\/sk\/2024\/04\/16\/ako-sa-s-detmi-pripravit-na-family-trat\/#primaryimage\"},\"image\":{\"@id\":\"https:\/\/www.welovecycling.com\/sk\/2024\/04\/16\/ako-sa-s-detmi-pripravit-na-family-trat\/#primaryimage\"},\"thumbnailUrl\":\"https:\/\/d2p6e6u75xmxt8.cloudfront.net\/4\/2024\/04\/titulka-3.webp\",\"datePublished\":\"2024-04-16T07:00:31+00:00\",\"author\":{\"@id\":\"https:\/\/www.welovecycling.com\/sk\/#\/schema\/person\/533b62b98b6c41bd5135ebfb1f742624\"},\"description\":\"Ak sa chyst\u00e1te zajazdi\u0165 si niektor\u00e9 z pretekov s\u00e9rie \u0160koda Bike Open Tour prv\u00fdkr\u00e1t a neviete, \u010do o\u010dak\u00e1va\u0165, pokra\u010dujte v \u010d\u00edtan\u00ed.\",\"breadcrumb\":{\"@id\":\"https:\/\/www.welovecycling.com\/sk\/2024\/04\/16\/ako-sa-s-detmi-pripravit-na-family-trat\/#breadcrumb\"},\"inLanguage\":\"sk-SK\",\"potentialAction\":[{\"@type\":\"ReadAction\",\"target\":[\"https:\/\/www.welovecycling.com\/sk\/2024\/04\/16\/ako-sa-s-detmi-pripravit-na-family-trat\/\"]}]},{\"@type\":\"ImageObject\",\"inLanguage\":\"sk-SK\",\"@id\":\"https:\/\/www.welovecycling.com\/sk\/2024\/04\/16\/ako-sa-s-detmi-pripravit-na-family-trat\/#primaryimage\",\"url\":\"https:\/\/d2p6e6u75xmxt8.cloudfront.net\/4\/2024\/04\/titulka-3.webp\",\"contentUrl\":\"https:\/\/d2p6e6u75xmxt8.cloudfront.net\/4\/2024\/04\/titulka-3.webp\",\"width\":990,\"height\":660},{\"@type\":\"BreadcrumbList\",\"@id\":\"https:\/\/www.welovecycling.com\/sk\/2024\/04\/16\/ako-sa-s-detmi-pripravit-na-family-trat\/#breadcrumb\",\"itemListElement\":[{\"@type\":\"ListItem\",\"position\":1,\"name\":\"Home\",\"item\":\"https:\/\/www.welovecycling.com\/sk\/\"},{\"@type\":\"ListItem\",\"position\":2,\"name\":\"Ako sa s de\u0165mi pripravi\u0165 na Family tra\u0165?\u00a0\"}]},{\"@type\":\"WebSite\",\"@id\":\"https:\/\/www.welovecycling.com\/sk\/#website\",\"url\":\"https:\/\/www.welovecycling.com\/sk\/\",\"name\":\"\u0160koda We Love Cycling Slovensko\",\"description\":\"\u0160koda We Love Cycling Slovensko je v\u00e1\u0161 ka\u017edodenn\u00fd zdroj noviniek a in\u0161pir\u00e1cie z sveta cyklistiky\",\"potentialAction\":[{\"@type\":\"SearchAction\",\"target\":{\"@type\":\"EntryPoint\",\"urlTemplate\":\"https:\/\/www.welovecycling.com\/sk\/?s={search_term_string}\"},\"query-input\":{\"@type\":\"PropertyValueSpecification\",\"valueRequired\":true,\"valueName\":\"search_term_string\"}}],\"inLanguage\":\"sk-SK\"},{\"@type\":\"Person\",\"@id\":\"https:\/\/www.welovecycling.com\/sk\/#\/schema\/person\/533b62b98b6c41bd5135ebfb1f742624\",\"name\":\"dominika\",\"image\":{\"@type\":\"ImageObject\",\"inLanguage\":\"sk-SK\",\"@id\":\"https:\/\/www.welovecycling.com\/sk\/#\/schema\/person\/image\/\",\"url\":\"https:\/\/secure.gravatar.com\/avatar\/ded6f274ba2ec3e17fff153f7d9d96a4b33c2cb63907f75d9a5309c599a7f3e6?s=96&d=mm&r=g\",\"contentUrl\":\"https:\/\/secure.gravatar.com\/avatar\/ded6f274ba2ec3e17fff153f7d9d96a4b33c2cb63907f75d9a5309c599a7f3e6?s=96&d=mm&r=g\",\"caption\":\"dominika\"},\"url\":\"https:\/\/www.welovecycling.com\/sk\/author\/dominika\/\"}]}<\/script>\n<!-- \/ Yoast SEO Premium plugin. -->","yoast_head_json":{"title":"Ako sa s de\u0165mi pripravi\u0165 na Family tra\u0165?\u00a0 - \u0160koda We Love Cycling Slovensko","description":"Ak sa chyst\u00e1te zajazdi\u0165 si niektor\u00e9 z pretekov s\u00e9rie \u0160koda Bike Open Tour prv\u00fdkr\u00e1t a neviete, \u010do o\u010dak\u00e1va\u0165, pokra\u010dujte v \u010d\u00edtan\u00ed.","robots":{"index":"index","follow":"follow","max-snippet":"max-snippet:-1","max-image-preview":"max-image-preview:large","max-video-preview":"max-video-preview:-1"},"canonical":"https:\/\/www.welovecycling.com\/sk\/2024\/04\/16\/ako-sa-s-detmi-pripravit-na-family-trat\/","og_locale":"sk_SK","og_type":"article","og_title":"Ako sa s de\u0165mi pripravi\u0165 na Family tra\u0165?\u00a0","og_description":"Ak sa chyst\u00e1te zajazdi\u0165 si niektor\u00e9 z pretekov s\u00e9rie \u0160koda Bike Open Tour prv\u00fdkr\u00e1t a neviete, \u010do o\u010dak\u00e1va\u0165, pokra\u010dujte v \u010d\u00edtan\u00ed.","og_url":"https:\/\/www.welovecycling.com\/sk\/2024\/04\/16\/ako-sa-s-detmi-pripravit-na-family-trat\/","og_site_name":"\u0160koda We Love Cycling Slovensko","article_published_time":"2024-04-16T07:00:31+00:00","og_image":[{"width":990,"height":660,"url":"https:\/\/d2p6e6u75xmxt8.cloudfront.net\/4\/2024\/04\/titulka-3.webp","type":"image\/webp"}],"author":"dominika","twitter_card":"summary_large_image","twitter_misc":{"Written by":"Katar\u00edna Vasil\u010din Gre\u0161ov\u00e1","Est. reading time":"6"},"schema":{"@context":"https:\/\/schema.org","@graph":[{"@type":"WebPage","@id":"https:\/\/www.welovecycling.com\/sk\/2024\/04\/16\/ako-sa-s-detmi-pripravit-na-family-trat\/","url":"https:\/\/www.welovecycling.com\/sk\/2024\/04\/16\/ako-sa-s-detmi-pripravit-na-family-trat\/","name":"Ako sa s de\u0165mi pripravi\u0165 na Family tra\u0165?\u00a0 - \u0160koda We Love Cycling Slovensko","isPartOf":{"@id":"https:\/\/www.welovecycling.com\/sk\/#website"},"primaryImageOfPage":{"@id":"https:\/\/www.welovecycling.com\/sk\/2024\/04\/16\/ako-sa-s-detmi-pripravit-na-family-trat\/#primaryimage"},"image":{"@id":"https:\/\/www.welovecycling.com\/sk\/2024\/04\/16\/ako-sa-s-detmi-pripravit-na-family-trat\/#primaryimage"},"thumbnailUrl":"https:\/\/d2p6e6u75xmxt8.cloudfront.net\/4\/2024\/04\/titulka-3.webp","datePublished":"2024-04-16T07:00:31+00:00","author":{"@id":"https:\/\/www.welovecycling.com\/sk\/#\/schema\/person\/533b62b98b6c41bd5135ebfb1f742624"},"description":"Ak sa chyst\u00e1te zajazdi\u0165 si niektor\u00e9 z pretekov s\u00e9rie \u0160koda Bike Open Tour prv\u00fdkr\u00e1t a neviete, \u010do o\u010dak\u00e1va\u0165, pokra\u010dujte v \u010d\u00edtan\u00ed.","breadcrumb":{"@id":"https:\/\/www.welovecycling.com\/sk\/2024\/04\/16\/ako-sa-s-detmi-pripravit-na-family-trat\/#breadcrumb"},"inLanguage":"sk-SK","potentialAction":[{"@type":"ReadAction","target":["https:\/\/www.welovecycling.com\/sk\/2024\/04\/16\/ako-sa-s-detmi-pripravit-na-family-trat\/"]}]},{"@type":"ImageObject","inLanguage":"sk-SK","@id":"https:\/\/www.welovecycling.com\/sk\/2024\/04\/16\/ako-sa-s-detmi-pripravit-na-family-trat\/#primaryimage","url":"https:\/\/d2p6e6u75xmxt8.cloudfront.net\/4\/2024\/04\/titulka-3.webp","contentUrl":"https:\/\/d2p6e6u75xmxt8.cloudfront.net\/4\/2024\/04\/titulka-3.webp","width":990,"height":660},{"@type":"BreadcrumbList","@id":"https:\/\/www.welovecycling.com\/sk\/2024\/04\/16\/ako-sa-s-detmi-pripravit-na-family-trat\/#breadcrumb","itemListElement":[{"@type":"ListItem","position":1,"name":"Home","item":"https:\/\/www.welovecycling.com\/sk\/"},{"@type":"ListItem","position":2,"name":"Ako sa s de\u0165mi pripravi\u0165 na Family tra\u0165?\u00a0"}]},{"@type":"WebSite","@id":"https:\/\/www.welovecycling.com\/sk\/#website","url":"https:\/\/www.welovecycling.com\/sk\/","name":"\u0160koda We Love Cycling Slovensko","description":"\u0160koda We Love Cycling Slovensko je v\u00e1\u0161 ka\u017edodenn\u00fd zdroj noviniek a in\u0161pir\u00e1cie z sveta cyklistiky","potentialAction":[{"@type":"SearchAction","target":{"@type":"EntryPoint","urlTemplate":"https:\/\/www.welovecycling.com\/sk\/?s={search_term_string}"},"query-input":{"@type":"PropertyValueSpecification","valueRequired":true,"valueName":"search_term_string"}}],"inLanguage":"sk-SK"},{"@type":"Person","@id":"https:\/\/www.welovecycling.com\/sk\/#\/schema\/person\/533b62b98b6c41bd5135ebfb1f742624","name":"dominika","image":{"@type":"ImageObject","inLanguage":"sk-SK","@id":"https:\/\/www.welovecycling.com\/sk\/#\/schema\/person\/image\/","url":"https:\/\/secure.gravatar.com\/avatar\/ded6f274ba2ec3e17fff153f7d9d96a4b33c2cb63907f75d9a5309c599a7f3e6?s=96&d=mm&r=g","contentUrl":"https:\/\/secure.gravatar.com\/avatar\/ded6f274ba2ec3e17fff153f7d9d96a4b33c2cb63907f75d9a5309c599a7f3e6?s=96&d=mm&r=g","caption":"dominika"},"url":"https:\/\/www.welovecycling.com\/sk\/author\/dominika\/"}]}},"_links":{"self":[{"href":"https:\/\/www.welovecycling.com\/sk\/wp-json\/wp\/v2\/posts\/18976","targetHints":{"allow":["GET"]}}],"collection":[{"href":"https:\/\/www.welovecycling.com\/sk\/wp-json\/wp\/v2\/posts"}],"about":[{"href":"https:\/\/www.welovecycling.com\/sk\/wp-json\/wp\/v2\/types\/post"}],"author":[{"embeddable":true,"href":"https:\/\/www.welovecycling.com\/sk\/wp-json\/wp\/v2\/users\/172"}],"replies":[{"embeddable":true,"href":"https:\/\/www.welovecycling.com\/sk\/wp-json\/wp\/v2\/comments?post=18976"}],"version-history":[{"count":9,"href":"https:\/\/www.welovecycling.com\/sk\/wp-json\/wp\/v2\/posts\/18976\/revisions"}],"predecessor-version":[{"id":18995,"href":"https:\/\/www.welovecycling.com\/sk\/wp-json\/wp\/v2\/posts\/18976\/revisions\/18995"}],"wp:featuredmedia":[{"embeddable":true,"href":"https:\/\/www.welovecycling.com\/sk\/wp-json\/wp\/v2\/media\/18978"}],"wp:attachment":[{"href":"https:\/\/www.welovecycling.com\/sk\/wp-json\/wp\/v2\/media?parent=18976"}],"wp:term":[{"taxonomy":"category","embeddable":true,"href":"https:\/\/www.welovecycling.com\/sk\/wp-json\/wp\/v2\/categories?post=18976"},{"taxonomy":"post_tag","embeddable":true,"href":"https:\/\/www.welovecycling.com\/sk\/wp-json\/wp\/v2\/tags?post=18976"},{"taxonomy":"global-categories","embeddable":true,"href":"https:\/\/www.welovecycling.com\/sk\/wp-json\/wp\/v2\/global-categories?post=18976"}],"curies":[{"name":"wp","href":"https:\/\/api.w.org\/{rel}","templated":true}]}}