{"id":18957,"date":"2024-04-12T09:00:11","date_gmt":"2024-04-12T07:00:11","guid":{"rendered":"https:\/\/www.welovecycling.com\/sk\/?p=18957"},"modified":"2024-04-11T13:56:43","modified_gmt":"2024-04-11T11:56:43","slug":"rozhovor-wlrmcc-jazdime-podla-nalady-a-pocasia","status":"publish","type":"post","link":"https:\/\/www.welovecycling.com\/sk\/2024\/04\/12\/rozhovor-wlrmcc-jazdime-podla-nalady-a-pocasia\/","title":{"rendered":"Rozhovor: WLRMcc \u2013 jazd\u00edme pod\u013ea n\u00e1lady a po\u010dasia"},"content":{"rendered":"<p><strong>T\u00fato sez\u00f3nu sa na \u0161tart \u0160koda Bike Open Tour okrem jednotlivcov postav\u00ed aj t\u00edm WRLMcc \u2013 klub cyklistov a cyklistiek z Bratislavy. Ich n\u00e1zov \u2013 Work Less Ride More \u2013 mi je ve\u013emi sympatick\u00fd, ve\u010f kto z n\u00e1s, nad\u0161en\u00fdch cyklistov, by nechcel menej pracova\u0165 a viacej jazdi\u0165? Samozrejme, \u017ee v\u0161etci. A tak som ich oslovil na rozhovor, aby sme sa mohli in\u0161pirova\u0165. Na moje ot\u00e1zky ochotne odpovedal Mat\u00fa\u0161 Guzy.\u00a0<\/strong><!--more--><\/p>\n<h4><b>Kedy a ako vznikla my\u0161lienka zalo\u017eenia klubu?<\/b><\/h4>\n<p><em><span style=\"font-weight: 400;\">N\u00e1\u0161 klub vznikol ako prirodzen\u00e9 spojenie viacer\u00fdch men\u0161\u00edch skupiniek (3-4 \u013eud\u00ed), ktor\u00e9 sa stret\u00e1vali na pravidelnej\u0161\u00edch jazd\u00e1ch pribli\u017ene za\u010diatkom sez\u00f3ny 2017. V ka\u017edej skupinke bol niekto, kto poznal niekoho z \u201etej druhej\u201c a ke\u010f sa niekto dopo\u010dul, \u017ee cez v\u00edkend sa chyst\u00e1 jazda, tak automaticky obvolal svojich a zistil, kto m\u00e1 z\u00e1ujem. Potom sa dohodol s druhou a v sobotu alebo v nede\u013eu r\u00e1no sme sa stretli a i\u0161li spolu jazdi\u0165. \u010casom pre jednoduch\u0161iu komunik\u00e1ciu vznikla WhatsApp skupina, ktor\u00e1 existuje dodnes.<\/span><\/em><\/p>\n<h4><strong>Ako vznikal n\u00e1zov Work Less Ride More?<\/strong><\/h4>\n<p><em><span style=\"font-weight: 400;\">Tak niekto pomenoval t\u00fa zalo\u017een\u00fa WhatsApp skupinu. Postupom \u010dasu sme tento slogan objavili na viacer\u00fdch miestach a produktoch. Nie je teda vyl\u00fa\u010den\u00e9, \u017ee sa niekto podvedome in\u0161piroval pr\u00e1ve nie\u010d\u00edm tak\u00fdm.<\/span><\/em><\/p>\n<div id='gallery-1' class='gallery galleryid-18957 gallery-columns-2 gallery-size-full'><figure class='gallery-item'>\n\t\t\t<div class='gallery-icon landscape'>\n\t\t\t\t<a href='https:\/\/d2p6e6u75xmxt8.cloudfront.net\/4\/2024\/04\/06.webp'><img loading=\"lazy\" decoding=\"async\" width=\"990\" height=\"660\" src=\"https:\/\/d2p6e6u75xmxt8.cloudfront.net\/4\/2024\/04\/06.webp\" class=\"attachment-full size-full\" alt=\"\" srcset=\"https:\/\/d2p6e6u75xmxt8.cloudfront.net\/4\/2024\/04\/06.webp 990w, https:\/\/d2p6e6u75xmxt8.cloudfront.net\/4\/2024\/04\/06-300x200.webp 300w, https:\/\/d2p6e6u75xmxt8.cloudfront.net\/4\/2024\/04\/06-768x512.webp 768w, https:\/\/d2p6e6u75xmxt8.cloudfront.net\/4\/2024\/04\/06-400x267.webp 400w, https:\/\/d2p6e6u75xmxt8.cloudfront.net\/4\/2024\/04\/06-272x182.webp 272w\" sizes=\"auto, (max-width: 990px) 100vw, 990px\" \/><\/a>\n\t\t\t<\/div><\/figure><figure class='gallery-item'>\n\t\t\t<div class='gallery-icon landscape'>\n\t\t\t\t<a href='https:\/\/d2p6e6u75xmxt8.cloudfront.net\/4\/2024\/04\/07.webp'><img loading=\"lazy\" decoding=\"async\" width=\"990\" height=\"660\" src=\"https:\/\/d2p6e6u75xmxt8.cloudfront.net\/4\/2024\/04\/07.webp\" class=\"attachment-full size-full\" alt=\"\" srcset=\"https:\/\/d2p6e6u75xmxt8.cloudfront.net\/4\/2024\/04\/07.webp 990w, https:\/\/d2p6e6u75xmxt8.cloudfront.net\/4\/2024\/04\/07-300x200.webp 300w, https:\/\/d2p6e6u75xmxt8.cloudfront.net\/4\/2024\/04\/07-768x512.webp 768w, https:\/\/d2p6e6u75xmxt8.cloudfront.net\/4\/2024\/04\/07-400x267.webp 400w, https:\/\/d2p6e6u75xmxt8.cloudfront.net\/4\/2024\/04\/07-272x182.webp 272w\" sizes=\"auto, (max-width: 990px) 100vw, 990px\" \/><\/a>\n\t\t\t<\/div><\/figure>\n\t\t<\/div>\n\n<h4><b>Ko\u013eko m\u00e1te \u010dlenov?<\/b><\/h4>\n<p><em><span style=\"font-weight: 400;\">Toto je asi nezodpovedate\u013en\u00e1 ot\u00e1zka. Povedzme, \u017ee ak by sa konala nejak\u00e1 pr\u00edsne povinn\u00e1 jazda, na ktor\u00fa sa mus\u00ed dostavi\u0165 ka\u017ed\u00fd, tak asi 50 a viac.<\/span><\/em><\/p>\n<h4><b>Jazd\u00edte preva\u017ene cestu, ale pomerne dos\u0165 z v\u00e1s holduje aj MTB. Pod\u013ea \u010doho vol\u00edte spolo\u010dn\u00e9 jazdy (v zmysle cesta alebo MTB)?<\/b><\/h4>\n<p><em><span style=\"font-weight: 400;\">Presne tak, naj\u010dastej\u0161ie jazd\u00edme na ceste. Je to aj kv\u00f4li tomu, \u017ee cestn\u00fd bicykel dovol\u00ed ka\u017ed\u00e9mu v bal\u00edku odviez\u0165 sa v h\u00e1ku \u201ezadarmo\u201c, \u010do sa na MTB ned\u00e1. Na ceste sa d\u00e1 perfektne nabera\u0165 objem kilometrov a z\u00e1rove\u0148 debatova\u0165 s priate\u013emi, ktor\u00ed sa vez\u00fa popri v\u00e1s alebo za vami a viete ich potiahnu\u0165 aj nieko\u013eko hod\u00edn bez toho, aby sa tr\u00e1pili. Tu sa stret\u00e1vame viacer\u00ed a aj si spolu dobre pojazd\u00edme a zatr\u00e9nujeme, preto sa prirodzene viac stret\u00e1vame takto.\u00a0<\/span><\/em><\/p>\n<p><em><span style=\"font-weight: 400;\">Na MTB sa chod\u00edme preva\u017ene zab\u00e1va\u0165. Ve\u013ea z n\u00e1s sa k cestnej cyklistike dostalo pr\u00e1ve cez MTB, \u010di u\u017e kv\u00f4li spom\u00ednan\u00e9mu tr\u00e9ningu, alebo len prost\u00fdm roz\u0161irovan\u00edm \u201egar\u00e1\u017ee\u201c bikov. MTB vy\u017eaduje viac jazdeck\u00fdch zru\u010dnost\u00ed. Povozi\u0165 sa na trailoch, v bikeparku, alebo len po zv\u00e1\u017eniciach v r\u00fdchlosti, to je na horskom bicykli v skupine n\u00e1ro\u010dn\u00e9. Preto sa takto stret\u00e1vame v men\u0161\u00edch, v\u00fdkonnostne podobn\u00fdch skupink\u00e1ch.<\/span><\/em><\/p>\n<p><em><span style=\"font-weight: 400;\">Pod\u013ea \u010doho vol\u00edme jazdy? Vo v\u0161eobecnosti z\u00e1le\u017e\u00ed od n\u00e1lady a\u00a0po\u010dasia. Ak je vonku kr\u00e1sny jarn\u00fd de\u0148, tak v\u00e4\u010d\u0161inou vyhr\u00e1 cesta. Ak fu\u010d\u00ed a\u00a0hroz\u00ed jemn\u00e9 pop\u0155chanie, tak podmienky praj\u00fa pr\u00e1ve MTB.\u00a0<\/span><\/em><\/p>\n<p>&nbsp;<\/p>\n<blockquote class=\"instagram-media\" style=\"background: #FFF; border: 0; border-radius: 3px; box-shadow: 0 0 1px 0 rgba(0,0,0,0.5),0 1px 10px 0 rgba(0,0,0,0.15); margin: 1px; max-width: 540px; min-width: 326px; padding: 0; width: calc(100% - 2px);\" data-instgrm-captioned=\"\" data-instgrm-permalink=\"https:\/\/www.instagram.com\/reel\/C42-qdeq4iT\/?utm_source=ig_embed&amp;utm_campaign=loading\" data-instgrm-version=\"14\">\n<div style=\"padding: 16px;\">\n<p>&nbsp;<\/p>\n<div style=\"display: flex; flex-direction: row; align-items: center;\">\n<div style=\"background-color: #f4f4f4; border-radius: 50%; flex-grow: 0; height: 40px; margin-right: 14px; width: 40px;\"><\/div>\n<div style=\"display: flex; flex-direction: column; flex-grow: 1; justify-content: center;\">\n<div style=\"background-color: #f4f4f4; border-radius: 4px; flex-grow: 0; height: 14px; margin-bottom: 6px; width: 100px;\"><\/div>\n<div style=\"background-color: #f4f4f4; border-radius: 4px; flex-grow: 0; height: 14px; width: 60px;\"><\/div>\n<\/div>\n<\/div>\n<div style=\"padding: 19% 0;\"><\/div>\n<div style=\"display: block; height: 50px; margin: 0 auto 12px; width: 50px;\"><\/div>\n<div style=\"padding-top: 8px;\">\n<div style=\"color: #3897f0; font-family: Arial,sans-serif; font-size: 14px; font-style: normal; font-weight: 550; line-height: 18px;\">Zobrazi\u0165 tento pr\u00edspevok na Instagrame<\/div>\n<\/div>\n<div style=\"padding: 12.5% 0;\"><\/div>\n<div style=\"display: flex; flex-direction: row; margin-bottom: 14px; align-items: center;\">\n<div>\n<div style=\"background-color: #f4f4f4; border-radius: 50%; height: 12.5px; width: 12.5px; transform: translateX(0px) translateY(7px);\"><\/div>\n<div style=\"background-color: #f4f4f4; height: 12.5px; transform: rotate(-45deg) translateX(3px) translateY(1px); width: 12.5px; flex-grow: 0; margin-right: 14px; margin-left: 2px;\"><\/div>\n<div style=\"background-color: #f4f4f4; border-radius: 50%; height: 12.5px; width: 12.5px; transform: translateX(9px) translateY(-18px);\"><\/div>\n<\/div>\n<div style=\"margin-left: 8px;\">\n<div style=\"background-color: #f4f4f4; border-radius: 50%; flex-grow: 0; height: 20px; width: 20px;\"><\/div>\n<div style=\"width: 0; height: 0; border-top: 2px solid transparent; border-left: 6px solid #f4f4f4; border-bottom: 2px solid transparent; transform: translateX(16px) translateY(-4px) rotate(30deg);\"><\/div>\n<\/div>\n<div style=\"margin-left: auto;\">\n<div style=\"width: 0px; border-top: 8px solid #F4F4F4; border-right: 8px solid transparent; transform: translateY(16px);\"><\/div>\n<div style=\"background-color: #f4f4f4; flex-grow: 0; height: 12px; width: 16px; transform: translateY(-4px);\"><\/div>\n<div style=\"width: 0; height: 0; border-top: 8px solid #F4F4F4; border-left: 8px solid transparent; transform: translateY(-4px) translateX(8px);\"><\/div>\n<\/div>\n<\/div>\n<div style=\"display: flex; flex-direction: column; flex-grow: 1; justify-content: center; margin-bottom: 24px;\">\n<div style=\"background-color: #f4f4f4; border-radius: 4px; flex-grow: 0; height: 14px; margin-bottom: 6px; width: 224px;\"><\/div>\n<div style=\"background-color: #f4f4f4; border-radius: 4px; flex-grow: 0; height: 14px; width: 144px;\"><\/div>\n<\/div>\n<p>&nbsp;<\/p>\n<p style=\"color: #c9c8cd; font-family: Arial,sans-serif; font-size: 14px; line-height: 17px; margin-bottom: 0; margin-top: 8px; overflow: hidden; padding: 8px 0 7px; text-align: center; text-overflow: ellipsis; white-space: nowrap;\"><a style=\"color: #c9c8cd; font-family: Arial,sans-serif; font-size: 14px; font-style: normal; font-weight: normal; line-height: 17px; text-decoration: none;\" href=\"https:\/\/www.instagram.com\/reel\/C42-qdeq4iT\/?utm_source=ig_embed&amp;utm_campaign=loading\" target=\"_blank\" rel=\"noopener\">Pr\u00edspevok, ktor\u00fd zdie\u013ea Tomas Stanek ASK (@espresostanek)<\/a><\/p>\n<\/div>\n<\/blockquote>\n<p><script async src=\"\/\/www.instagram.com\/embed.js\"><\/script><\/p>\n<h4><b>Ste zn\u00e1mi rann\u00fdmi<\/b><span style=\"font-weight: 400;\"> \u201e<\/span><b>coffee rides\u201c. Ako toto vzniklo?<\/b><\/h4>\n<p><em><span style=\"font-weight: 400;\">Toto vzniklo v\u00a0lete 2018 po\u010das\u00a0extr\u00e9mne hor\u00facich dn\u00ed, kedy bolo v\u00a0Bratislave okolo 35 stup\u0148ov a\u00a0viac. Jazdenie poobede bolo viac za trest ako za odmenu. Nieko\u013ekokr\u00e1t sme sa dvaja-traja dohodli, \u017ee vybehneme r\u00e1no na hodinku a\u00a0pol, aby sme nemuseli \u00eds\u0165 poobede. Samozrejme, Bratislava je r\u00e1no o\u00a07:30 polopr\u00e1zdna a\u00a0da\u0165 si k\u00e1vu v\u00a0centre mesta bez denn\u00e9ho ruchu, to m\u00e1 svoje \u010daro.<\/span><\/em><\/p>\n<p><em><span style=\"font-weight: 400;\">Tento pocit sa n\u00e1m zap\u00e1\u010dil a\u00a0rann\u00e9 jazdenie n\u00e1m ostalo ako zvyk. Postupne sa prid\u00e1valo viac a\u00a0viac \u013eud\u00ed, a\u017e sme jedn\u00e9ho r\u00e1na po okol\u00ed Bratislavy viezli bal\u00edk s\u00a0viac ne\u017e 20 \u013eu\u010fmi. Nesk\u00f4r sa z\u00a0toho stal hit a\u00a0dnes jazd\u00ed r\u00e1no polovica mesta. <\/span><span style=\"font-weight: 400;\">\ud83d\ude0a<\/span><span style=\"font-weight: 400;\"> Je to kr\u00e1sne. Okrem toho, \u017ee to m\u00e1 aj svoje tr\u00e9ningov\u00e9 benefity, je to perfektn\u00fd sp\u00f4sob na rozh\u00fdbanie tela pred pracovn\u00fdm d\u0148om.<\/span><\/em><\/p>\n<h4><b>Ktor\u00e9 trasy jazd\u00edte v\u00a0r\u00e1mci klubu naj\u010dastej\u0161ie a najrad\u0161ej?<\/b><\/h4>\n<p><em><span style=\"font-weight: 400;\">M\u00e1me zop\u00e1r okruhov, ktor\u00e9 u\u017e maj\u00fa aj svoje famili\u00e1rne pomenovania. Ve\u013ea z\u00a0nich je hne\u010f v\u00a0susednom Rak\u00fasku. Udr\u017eiavan\u00e9 cesty, relat\u00edvne riedka prem\u00e1vka a\u00a0kombin\u00e1cia roviny a\u00a0miernych brdkov je pre cestn\u00fd bike ako stvoren\u00e1, tak\u017ee v\u00a0top 5 s\u00fa ur\u010dite trasy hne\u010f tu za hranicami. Ve\u013ea z\u00a0nich jazd\u00edme pr\u00e1ve na rann\u00fdch jazd\u00e1ch. V\u00a0prvej p\u00e4\u0165ke s\u00fa ur\u010dite aj okruhy na kop\u010dekoch v\u00a0Mal\u00fdch Karpatoch hne\u010f nad Bratislavou. V\u010faka tomu, \u017ee do t\u00fdchto lesov je z\u00e1kaz vjazdu \u00e1ut a\u00a0\u017ee sa miestnym samospr\u00e1vam a\u00a0lesom v\u00a0posledn\u00fdch rokoch podarilo opravi\u0165 cesty, je jazdenie v\u00a0Mal\u00fdch Karpatoch \u00fa\u017easn\u00fd pocit.\u00a0<\/span><\/em><\/p>\n<h4><b>Ako \u010dasto jazd\u00edte (mysl\u00edm spolo\u010dne)?<\/b><\/h4>\n<p><em><span style=\"font-weight: 400;\">Takmer denne. Ale ur\u010dite \u0161tyrikr\u00e1t v\u00a0t\u00fd\u017edni na rann\u00fdch a\u00a0v\u00edkendov\u00fdch jazd\u00e1ch.<\/span><\/em><\/p>\n<div id='gallery-2' class='gallery galleryid-18957 gallery-columns-2 gallery-size-full'><figure class='gallery-item'>\n\t\t\t<div class='gallery-icon landscape'>\n\t\t\t\t<a href='https:\/\/d2p6e6u75xmxt8.cloudfront.net\/4\/2024\/04\/01-1.webp'><img loading=\"lazy\" decoding=\"async\" width=\"990\" height=\"660\" src=\"https:\/\/d2p6e6u75xmxt8.cloudfront.net\/4\/2024\/04\/01-1.webp\" class=\"attachment-full size-full\" alt=\"\" srcset=\"https:\/\/d2p6e6u75xmxt8.cloudfront.net\/4\/2024\/04\/01-1.webp 990w, https:\/\/d2p6e6u75xmxt8.cloudfront.net\/4\/2024\/04\/01-1-300x200.webp 300w, https:\/\/d2p6e6u75xmxt8.cloudfront.net\/4\/2024\/04\/01-1-768x512.webp 768w, https:\/\/d2p6e6u75xmxt8.cloudfront.net\/4\/2024\/04\/01-1-400x267.webp 400w, https:\/\/d2p6e6u75xmxt8.cloudfront.net\/4\/2024\/04\/01-1-272x182.webp 272w\" sizes=\"auto, (max-width: 990px) 100vw, 990px\" \/><\/a>\n\t\t\t<\/div><\/figure><figure class='gallery-item'>\n\t\t\t<div class='gallery-icon landscape'>\n\t\t\t\t<a href='https:\/\/d2p6e6u75xmxt8.cloudfront.net\/4\/2024\/04\/02-1.webp'><img loading=\"lazy\" decoding=\"async\" width=\"990\" height=\"660\" src=\"https:\/\/d2p6e6u75xmxt8.cloudfront.net\/4\/2024\/04\/02-1.webp\" class=\"attachment-full size-full\" alt=\"\" srcset=\"https:\/\/d2p6e6u75xmxt8.cloudfront.net\/4\/2024\/04\/02-1.webp 990w, https:\/\/d2p6e6u75xmxt8.cloudfront.net\/4\/2024\/04\/02-1-300x200.webp 300w, https:\/\/d2p6e6u75xmxt8.cloudfront.net\/4\/2024\/04\/02-1-768x512.webp 768w, https:\/\/d2p6e6u75xmxt8.cloudfront.net\/4\/2024\/04\/02-1-400x267.webp 400w, https:\/\/d2p6e6u75xmxt8.cloudfront.net\/4\/2024\/04\/02-1-272x182.webp 272w\" sizes=\"auto, (max-width: 990px) 100vw, 990px\" \/><\/a>\n\t\t\t<\/div><\/figure>\n\t\t<\/div>\n\n<h4><b>Keby ste mali hobby cestn\u00e9mu cyklistovi odporu\u010di\u0165 top trasu (z poh\u013eadu z\u00e1\u017eitku \u010di bezpe\u010dnosti), ktor\u00e1 by to bola, bez oh\u013eadu na lokalitu?<\/b><\/h4>\n<p><em><span style=\"font-weight: 400;\">V\u00a0okol\u00ed Bratislavy istotne trasu, ktor\u00fa my vol\u00e1me Karpatsk\u00fd \u0161arkan. Je to trasa pr\u00e1ve cez Mal\u00e9 Karpaty v\u00a0smere \u017delezn\u00e1 studni\u010dka \u2013 Biely Kr\u00ed\u017e \u2013 Lozorno \u2013 Pezinsk\u00e1 Baba \u2013 Pezinok \u2013 Limbach \u2013 Biely Kr\u00ed\u017e \u2013 \u017delezn\u00e1 studni\u010dka. Trasa m\u00e1 asi 100 km a\u00a0nast\u00fapa sa na nej pribli\u017ene 1500 v\u00fd\u0161kov\u00fdch metrov. V\u010faka samotnej lokalite, v\u00fdh\u013eadom, miernym, ale niekedy dlh\u0161\u00edm st\u00fapaniam je t\u00e1to trasa ozaj kr\u00e1snou reprezent\u00e1ciou cestnej cyklistiky.<\/span><\/em><\/p>\n<h4><b>Ak\u00e9 m\u00e1te ob\u013e\u00faben\u00e9 zahrani\u010dn\u00e9 destin\u00e1cie na cestu aj MTB?<\/b><\/h4>\n<p><em><span style=\"font-weight: 400;\">V zimn\u00fdch mesiacoch s\u00fa to Kan\u00e1rske Ostrovy. Je to ide\u00e1lna destin\u00e1cia pre najazdenie objemov v teple. V jarn\u00fdch mesiacoch je to Mallorca. Ur\u010dite odpor\u00fa\u010dame! V lete ob\u013eubujeme Talianske Alpy, Dolomity alebo Franc\u00fazsko. Plat\u00ed to pre cestu aj MTB.\u00a0<\/span><\/em><\/p>\n<h4><b>Jazd\u00edte len v r\u00e1mci klubu, alebo sa k v\u00e1m m\u00f4\u017eu prida\u0165 aj in\u00ed jazdci?\u00a0<\/b><\/h4>\n<p><em><span style=\"font-weight: 400;\">V\u00e4\u010d\u0161ina j\u00e1zd prebieha len v\u00a0r\u00e1mci klubu. Prid\u00e1vaj\u00fa sa k\u00a0n\u00e1m aj in\u00ed jazdci a\u00a0jazdkyne, ale je to v\u017edy tak, \u017ee si niekto privedie kamar\u00e1ta\/kamar\u00e1tku, alebo sa niekto prid\u00e1 na odpor\u00fa\u010danie. Jazd\u00edme r\u00fdchlo a\u00a0v\u00a0r\u00fdchlosti nie je ve\u013ea priestoru na jazdeck\u00e9 chyby. Preto sa sna\u017e\u00edme nejako vopred predch\u00e1dza\u0165 riziku p\u00e1du.<\/span><\/em><\/p>\n<p><em><span style=\"font-weight: 400;\">Prida\u0165 sa k\u00a0n\u00e1m m\u00f4\u017ee ktoko\u013evek na ktorejko\u013evek jazde, ktor\u00fa organizuje <\/span><a href=\"https:\/\/www.welovecycling.com\/sk\/2023\/08\/14\/isadore-oslavuje-10-rokov-alebo-ako-spojit-svet-profesionalov-a-hobby-sportovcov\/\" target=\"_blank\" rel=\"noopener\"><span style=\"font-weight: 400;\">Isadore<\/span><\/a><span style=\"font-weight: 400;\">. Ak sa tam osved\u010d\u00ed a\u00a0osmel\u00ed sa op\u00fdta\u0165, \u010di sa m\u00f4\u017ee prida\u0165, tak je jednou nohou na na\u0161ej klubovej jazde.<\/span><\/em><\/p>\n<div id='gallery-3' class='gallery galleryid-18957 gallery-columns-2 gallery-size-full'><figure class='gallery-item'>\n\t\t\t<div class='gallery-icon landscape'>\n\t\t\t\t<a href='https:\/\/d2p6e6u75xmxt8.cloudfront.net\/4\/2024\/04\/03.webp'><img loading=\"lazy\" decoding=\"async\" width=\"990\" height=\"660\" src=\"https:\/\/d2p6e6u75xmxt8.cloudfront.net\/4\/2024\/04\/03.webp\" class=\"attachment-full size-full\" alt=\"\" srcset=\"https:\/\/d2p6e6u75xmxt8.cloudfront.net\/4\/2024\/04\/03.webp 990w, https:\/\/d2p6e6u75xmxt8.cloudfront.net\/4\/2024\/04\/03-300x200.webp 300w, https:\/\/d2p6e6u75xmxt8.cloudfront.net\/4\/2024\/04\/03-768x512.webp 768w, https:\/\/d2p6e6u75xmxt8.cloudfront.net\/4\/2024\/04\/03-400x267.webp 400w, https:\/\/d2p6e6u75xmxt8.cloudfront.net\/4\/2024\/04\/03-272x182.webp 272w\" sizes=\"auto, (max-width: 990px) 100vw, 990px\" \/><\/a>\n\t\t\t<\/div><\/figure><figure class='gallery-item'>\n\t\t\t<div class='gallery-icon landscape'>\n\t\t\t\t<a href='https:\/\/d2p6e6u75xmxt8.cloudfront.net\/4\/2024\/04\/04.webp'><img loading=\"lazy\" decoding=\"async\" width=\"990\" height=\"660\" src=\"https:\/\/d2p6e6u75xmxt8.cloudfront.net\/4\/2024\/04\/04.webp\" class=\"attachment-full size-full\" alt=\"\" srcset=\"https:\/\/d2p6e6u75xmxt8.cloudfront.net\/4\/2024\/04\/04.webp 990w, https:\/\/d2p6e6u75xmxt8.cloudfront.net\/4\/2024\/04\/04-300x200.webp 300w, https:\/\/d2p6e6u75xmxt8.cloudfront.net\/4\/2024\/04\/04-768x512.webp 768w, https:\/\/d2p6e6u75xmxt8.cloudfront.net\/4\/2024\/04\/04-400x267.webp 400w, https:\/\/d2p6e6u75xmxt8.cloudfront.net\/4\/2024\/04\/04-272x182.webp 272w\" sizes=\"auto, (max-width: 990px) 100vw, 990px\" \/><\/a>\n\t\t\t<\/div><\/figure>\n\t\t<\/div>\n\n<h4><b>Ako sa m\u00f4\u017ee cyklista sta\u0165 va\u0161\u00edm \u010dlenom?<\/b><\/h4>\n<p><em><span style=\"font-weight: 400;\">Do WLRM sa chod\u00ed cez \u0161picu a\u00a0cez k\u00e1vu. <\/span><span style=\"font-weight: 400;\">\ud83d\ude0a<\/span><span style=\"font-weight: 400;\">Ale nie \u2013 len jazden\u00edm. \u010clovek sa prid\u00e1 na jazdu, ak sa mu\/jej to p\u00e1\u010di, pr\u00edde \u010dastej\u0161ie a\u00a0ak funguje vz\u00e1jomn\u00e1 ch\u00e9mia, tak je zrazu v\u00a0klube.<\/span><\/em><\/p>\n<h4><b>Ak\u00e9 benefity z\u00edska \u010dlen?<\/b><\/h4>\n<p><em><span style=\"font-weight: 400;\">Podporu cel\u00e9ho klubu a\u00a0klubov\u00e9 z\u00e1zemie, ktor\u00e9 ho\/ju bude podporova\u0165 v\u00a0amb\u00edci\u00e1ch a\u00a0samozrejme pr\u00edstup k\u00a0WLRM materi\u00e1lu (tr\u00e9ningy, know-how k\u00a0tr\u00e9ningom aj k\u00a0vybaveniu, materi\u00e1l od na\u0161ich podporovate\u013eov a\u00a0partnerov a\u00a0podobne).<\/span><\/em><\/p>\n<h4><b>Stret\u00e1vate sa aj mimo bicykel, organizujete spolo\u010dn\u00e9 turistiky alebo ve\u010dere?<\/b><\/h4>\n<p><em><span style=\"font-weight: 400;\">Turistiky nie. Cyklisti nechodia na turistiku, to je nep\u00edsan\u00e9 pravidlo. Av\u0161ak ve\u010dere, k\u00e1vy, obedy, pozeranie \u0161portov\u00fdch prenosov, ve\u010dern\u00e9 posedenia na teras\u00e1ch \u2013 to \u00e1no, to m\u00e1me v\u0161etci radi.\u00a0<\/span><\/em><\/p>\n<h4><b>Ak\u00e1 je va\u0161a zimn\u00e1 pr\u00edprava? Chod\u00edte spolu tr\u00e9nova\u0165 do fitka, alebo ka\u017ed\u00fd individu\u00e1lne?<\/b><\/h4>\n<p><em><span style=\"font-weight: 400;\">Stret\u00e1vame sa na spolo\u010dn\u00fdch tr\u00e9ningoch, ale chodievame aj individu\u00e1lne. Spolo\u010dn\u00e9 zimn\u00e9 tr\u00e9ningy vo fitku s\u00fa sk\u00f4r o str\u00e1ven\u00ed \u010dasu spolu, ke\u010f\u017ee v\u00a0zime to\u013eko nejazd\u00edme. Tak\u017ee \u010dastokr\u00e1t namiesto poriadnej lakt\u00e1tovej p\u00e1rty je to pr\u00e1ve \u201edebatn\u00fd kr\u00fa\u017eok\u201c s\u00a0kopou smiechu a\u00a0humoru.<\/span><\/em><\/p>\n<h4><b>Je nie\u010do v cyklistike, \u010do by ste radi zmenili? Pravidl\u00e1, fungovanie, oh\u013eaduplnos\u0165?<\/b><\/h4>\n<p><em><span style=\"font-weight: 400;\">Asi len t\u00e1 oh\u013eaduplnos\u0165. V\u017edy je to o \u013eu\u010foch.<\/span><\/em><\/p>\n<blockquote class=\"instagram-media\" style=\"background: #FFF; border: 0; border-radius: 3px; box-shadow: 0 0 1px 0 rgba(0,0,0,0.5),0 1px 10px 0 rgba(0,0,0,0.15); margin: 1px; max-width: 540px; min-width: 326px; padding: 0; width: calc(100% - 2px);\" data-instgrm-captioned=\"\" data-instgrm-permalink=\"https:\/\/www.instagram.com\/p\/BoKEhuFBPGG\/?utm_source=ig_embed&amp;utm_campaign=loading\" data-instgrm-version=\"14\">\n<div style=\"padding: 16px;\">\n<p>&nbsp;<\/p>\n<div style=\"display: flex; flex-direction: row; align-items: center;\">\n<div style=\"background-color: #f4f4f4; border-radius: 50%; flex-grow: 0; height: 40px; margin-right: 14px; width: 40px;\"><\/div>\n<div style=\"display: flex; flex-direction: column; flex-grow: 1; justify-content: center;\">\n<div style=\"background-color: #f4f4f4; border-radius: 4px; flex-grow: 0; height: 14px; margin-bottom: 6px; width: 100px;\"><\/div>\n<div style=\"background-color: #f4f4f4; border-radius: 4px; flex-grow: 0; height: 14px; width: 60px;\"><\/div>\n<\/div>\n<\/div>\n<div style=\"padding: 19% 0;\"><\/div>\n<div style=\"display: block; height: 50px; margin: 0 auto 12px; width: 50px;\"><\/div>\n<div style=\"padding-top: 8px;\">\n<div style=\"color: #3897f0; font-family: Arial,sans-serif; font-size: 14px; font-style: normal; font-weight: 550; line-height: 18px;\">Zobrazi\u0165 tento pr\u00edspevok na Instagrame<\/div>\n<\/div>\n<div style=\"padding: 12.5% 0;\"><\/div>\n<div style=\"display: flex; flex-direction: row; margin-bottom: 14px; align-items: center;\">\n<div>\n<div style=\"background-color: #f4f4f4; border-radius: 50%; height: 12.5px; width: 12.5px; transform: translateX(0px) translateY(7px);\"><\/div>\n<div style=\"background-color: #f4f4f4; height: 12.5px; transform: rotate(-45deg) translateX(3px) translateY(1px); width: 12.5px; flex-grow: 0; margin-right: 14px; margin-left: 2px;\"><\/div>\n<div style=\"background-color: #f4f4f4; border-radius: 50%; height: 12.5px; width: 12.5px; transform: translateX(9px) translateY(-18px);\"><\/div>\n<\/div>\n<div style=\"margin-left: 8px;\">\n<div style=\"background-color: #f4f4f4; border-radius: 50%; flex-grow: 0; height: 20px; width: 20px;\"><\/div>\n<div style=\"width: 0; height: 0; border-top: 2px solid transparent; border-left: 6px solid #f4f4f4; border-bottom: 2px solid transparent; transform: translateX(16px) translateY(-4px) rotate(30deg);\"><\/div>\n<\/div>\n<div style=\"margin-left: auto;\">\n<div style=\"width: 0px; border-top: 8px solid #F4F4F4; border-right: 8px solid transparent; transform: translateY(16px);\"><\/div>\n<div style=\"background-color: #f4f4f4; flex-grow: 0; height: 12px; width: 16px; transform: translateY(-4px);\"><\/div>\n<div style=\"width: 0; height: 0; border-top: 8px solid #F4F4F4; border-left: 8px solid transparent; transform: translateY(-4px) translateX(8px);\"><\/div>\n<\/div>\n<\/div>\n<div style=\"display: flex; flex-direction: column; flex-grow: 1; justify-content: center; margin-bottom: 24px;\">\n<div style=\"background-color: #f4f4f4; border-radius: 4px; flex-grow: 0; height: 14px; margin-bottom: 6px; width: 224px;\"><\/div>\n<div style=\"background-color: #f4f4f4; border-radius: 4px; flex-grow: 0; height: 14px; width: 144px;\"><\/div>\n<\/div>\n<p>&nbsp;<\/p>\n<p style=\"color: #c9c8cd; font-family: Arial,sans-serif; font-size: 14px; line-height: 17px; margin-bottom: 0; margin-top: 8px; overflow: hidden; padding: 8px 0 7px; text-align: center; text-overflow: ellipsis; white-space: nowrap;\"><a style=\"color: #c9c8cd; font-family: Arial,sans-serif; font-size: 14px; font-style: normal; font-weight: normal; line-height: 17px; text-decoration: none;\" href=\"https:\/\/www.instagram.com\/p\/BoKEhuFBPGG\/?utm_source=ig_embed&amp;utm_campaign=loading\" target=\"_blank\" rel=\"noopener\">Pr\u00edspevok, ktor\u00fd zdie\u013ea WLRM cc (@wlrmcc)<\/a><\/p>\n<\/div>\n<\/blockquote>\n<p><script async src=\"\/\/www.instagram.com\/embed.js\"><\/script><\/p>\n<h2><b>WLRMcc a \u0160koda Bike Open Tour<\/b><\/h2>\n<h4><b>M\u00e1te u\u017e z minulosti sk\u00fasenos\u0165 s niektor\u00fdm podujat\u00edm \u0160koda Bike Open Tour?<\/b><\/h4>\n<p><em><span style=\"font-weight: 400;\">\u00c1no, najviac pr\u00e1ve z na\u0161ich \u201edom\u00e1cich\u201c okruhov: Sv\u00e4tojursk\u00fd aj Stupavsk\u00fd MTB Marat\u00f3n. Nieko\u013eko z\u00a0nich sa n\u00e1m podarilo aj \u00faspe\u0161ne vyhra\u0165 alebo obsadi\u0165 aspo\u0148 p\u00f3dium.<\/span><\/em><\/p>\n<h4><b>Ako hodnot\u00edte v\u00fdber lokal\u00edt? Ktor\u00e1 sa v\u00e1m p\u00e1\u010di najviac, kam sa obzvl\u00e1\u0161\u0165 te\u0161\u00edte?<\/b><\/h4>\n<p><em><span style=\"font-weight: 400;\">Lokality s\u00fa zvolen\u00e9 perfektne, okrem trat\u00ed v\u00a0Mal\u00fdch Karpatoch sa te\u0161\u00edme aj na <\/span><a href=\"https:\/\/www.welovecycling.com\/sk\/2024\/03\/05\/unikat-medzi-slovenskymi-maratonmi-skoda-horal-mtb-maraton\/\" target=\"_blank\" rel=\"noopener\"><span style=\"font-weight: 400;\">HORAL<\/span><\/a><span style=\"font-weight: 400;\"> a\u00a0<\/span><a href=\"https:\/\/www.welovecycling.com\/sk\/2023\/06\/14\/reportaz-skoda-slovensky-raj-zaciatok-leta-plny-vody\/\" target=\"_blank\" rel=\"noopener\"><span style=\"font-weight: 400;\">Slovensk\u00fd Raj<\/span><\/a><span style=\"font-weight: 400;\">. <\/span><a href=\"https:\/\/www.welovecycling.com\/sk\/2023\/05\/25\/reportaz-skoda-mtb-maraton-rajecke-teplice-rodinny-vylet-za-family-tratou\/\" target=\"_blank\" rel=\"noopener\"><span style=\"font-weight: 400;\">Rajeck\u00e9 Teplice<\/span><\/a><span style=\"font-weight: 400;\"> n\u00e1m koliduj\u00fa s\u00a0in\u00fdmi pretekmi, ale objav\u00edme sa aj tam.<\/span><\/em><\/p>\n<h4><b>Na ktorom kole v\u00e1s m\u00f4\u017eeme tento rok vidie\u0165?<\/b><\/h4>\n<p><em><span style=\"font-weight: 400;\">Na v\u0161etk\u00fdch. Najv\u00e4\u010d\u0161ie zast\u00fapenie budeme ma\u0165 pr\u00e1ve vo Sv\u00e4tom\u00a0Jure a\u00a0v\u00a0Stupave. Okrem toho sk\u00fasime zabojova\u0165 o\u00a0titul v\u00a0Rajeck\u00fdch Tepliciach a\u00a0ur\u010dite sa p\u00f4jdeme povozi\u0165 aj do Slovensk\u00e9ho Raja a\u00a0na HORAL \u2013 toto si nem\u00f4\u017eeme necha\u0165 ujs\u0165.<\/span><\/em><\/p>\n<div id='gallery-4' class='gallery galleryid-18957 gallery-columns-2 gallery-size-full'><figure class='gallery-item'>\n\t\t\t<div class='gallery-icon landscape'>\n\t\t\t\t<a href='https:\/\/d2p6e6u75xmxt8.cloudfront.net\/4\/2024\/04\/05.webp'><img loading=\"lazy\" decoding=\"async\" width=\"990\" height=\"660\" src=\"https:\/\/d2p6e6u75xmxt8.cloudfront.net\/4\/2024\/04\/05.webp\" class=\"attachment-full size-full\" alt=\"\" srcset=\"https:\/\/d2p6e6u75xmxt8.cloudfront.net\/4\/2024\/04\/05.webp 990w, https:\/\/d2p6e6u75xmxt8.cloudfront.net\/4\/2024\/04\/05-300x200.webp 300w, https:\/\/d2p6e6u75xmxt8.cloudfront.net\/4\/2024\/04\/05-768x512.webp 768w, https:\/\/d2p6e6u75xmxt8.cloudfront.net\/4\/2024\/04\/05-400x267.webp 400w, https:\/\/d2p6e6u75xmxt8.cloudfront.net\/4\/2024\/04\/05-272x182.webp 272w\" sizes=\"auto, (max-width: 990px) 100vw, 990px\" \/><\/a>\n\t\t\t<\/div><\/figure><figure class='gallery-item'>\n\t\t\t<div class='gallery-icon landscape'>\n\t\t\t\t<a href='https:\/\/d2p6e6u75xmxt8.cloudfront.net\/4\/2024\/04\/04-1.webp'><img loading=\"lazy\" decoding=\"async\" width=\"990\" height=\"660\" src=\"https:\/\/d2p6e6u75xmxt8.cloudfront.net\/4\/2024\/04\/04-1.webp\" class=\"attachment-full size-full\" alt=\"\" srcset=\"https:\/\/d2p6e6u75xmxt8.cloudfront.net\/4\/2024\/04\/04-1.webp 990w, https:\/\/d2p6e6u75xmxt8.cloudfront.net\/4\/2024\/04\/04-1-300x200.webp 300w, https:\/\/d2p6e6u75xmxt8.cloudfront.net\/4\/2024\/04\/04-1-768x512.webp 768w, https:\/\/d2p6e6u75xmxt8.cloudfront.net\/4\/2024\/04\/04-1-400x267.webp 400w, https:\/\/d2p6e6u75xmxt8.cloudfront.net\/4\/2024\/04\/04-1-272x182.webp 272w\" sizes=\"auto, (max-width: 990px) 100vw, 990px\" \/><\/a>\n\t\t\t<\/div><\/figure>\n\t\t<\/div>\n\n<h4><b>Ak\u00e9 amb\u00edcie m\u00e1te?<\/b><\/h4>\n<p><em><span style=\"font-weight: 400;\">V\u00a0mu\u017eskej kateg\u00f3rii m\u00e1me \u017eeliezka v\u00a0ohni na marat\u00f3nsku aj stredn\u00fa tra\u0165. Uvid\u00edme, ak\u00e9 bud\u00fa ma\u0165 chalani v\u00a0tie dni nohy, ale pod\u013ea formy, ktor\u00fa prezentuj\u00fa, to vyzer\u00e1 n\u00e1dejne. Ak nebude pr\u0161a\u0165 a\u00a0vyhneme sa p\u00e1dom, budeme sk\u00fa\u0161a\u0165 ulovi\u0165 p\u00f3dium.<\/span><\/em><\/p>\n<h4><b>\u010co by ste odk\u00e1zali bikerom, ktor\u00ed st\u00e1le v\u00e1haj\u00fa s \u00fa\u010das\u0165ou na svojom prvom MTB marat\u00f3ne?<\/b><\/h4>\n<p><em><span style=\"font-weight: 400;\">Ur\u010dite si to treba pr\u00eds\u0165 u\u017ei\u0165. Pretekanie na horsk\u00fdch bikoch je kr\u00e1sny z\u00e1\u017eitok. Vyzna\u010den\u00e1 trasa, bufet na trati, atmosf\u00e9ra pretekov od za\u010diatku a\u017e po koniec v\u00e1s nabije pozit\u00edvnou energiou minim\u00e1lne na t\u00fd\u017ede\u0148. Prv\u00e9 preteky si treba pr\u00eds\u0165 u\u017ei\u0165 a\u00a0povozi\u0165 sa na trati, ktor\u00e1 sa m\u00f4\u017ee sta\u0165 va\u0161im ob\u013e\u00faben\u00fdm \u201ekole\u010dkom\u201c v\u00a0regi\u00f3ne. Trate s\u00fa v\u017edy starostlivo vyberan\u00e9 tak, aby r\u00fdchlych potr\u00e1pili a\u00a0pomal\u0161\u00edch zabavili.<\/span><\/em><\/p>\n<h4><b>Zvyknete si tra\u0165, pr\u00edpadne jej \u010das\u0165, prejs\u0165 aj pred pretekmi, alebo k\u013eudne pretek\u00e1te aj <\/b><span style=\"font-weight: 400;\">\u201e<\/span><b>naslepo\u201c?<\/b><\/h4>\n<p><em><span style=\"font-weight: 400;\">Tra\u0165 sa sna\u017e\u00edme prejs\u0165 v\u017edy, ke\u010f je to mo\u017en\u00e9. Pri boji o\u00a0prv\u00e9 miesto niekedy rozhoduj\u00fa detaily a\u00a0pr\u00e1ve znalos\u0165 je \u010dastokr\u00e1t rozhoduj\u00faci faktor. Ak sa n\u00e1m v\u0161ak nepodar\u00ed prejs\u0165 si tra\u0165, \u0161tudujeme jej profil a\u00a0sna\u017e\u00edme sa tr\u00e9ning prisp\u00f4sobi\u0165 tomu, ako bude tra\u0165 vyzera\u0165.<\/span><\/em><\/p>\n<p>&nbsp;<\/p>\n<p><span style=\"font-weight: 400;\">Prajem \u010dlenom tohto sympatick\u00e9ho cyklistick\u00e9ho klubu ve\u013ea \u00faspechov na tratiach, bezpe\u010dnos\u0165 na cest\u00e1ch a aj t\u00fa spom\u00ednan\u00fa oh\u013eaduplnos\u0165 od \u00fa\u010dastn\u00edkov cestnej prem\u00e1vky. Ak sa s nimi chcete stretn\u00fa\u0165, nev\u00e1hajte sa z\u00fa\u010dastni\u0165 niektor\u00e9ho kola \u0160koda Bike Open Tour.\u00a0<\/span><\/p>\n","protected":false},"excerpt":{"rendered":"<p>T\u00fato sez\u00f3nu sa na \u0161tart \u0160koda Bike Open Tour okrem jednotlivcov postav\u00ed aj t\u00edm WRLMcc \u2013 klub cyklistov a cyklistiek [&hellip;]<\/p>\n","protected":false},"author":172,"featured_media":18958,"comment_status":"open","ping_status":"open","sticky":false,"template":"","format":"standard","meta":{"footnotes":""},"categories":[191],"tags":[521,115,995,180,1191,994,412,179,190,501,35],"global-categories":[1074],"class_list":["post-18957","post","type-post","status-publish","format-standard","has-post-thumbnail","hentry","category-odporucame","tag-bratislava","tag-cestna-cyklistika","tag-cyklisticky-klub","tag-horska-cyklistika","tag-jazda","tag-klub","tag-mtb","tag-preteky","tag-priprava","tag-rozhovor","tag-sbot","global-categories-cycling"],"yoast_head":"<!-- This site is optimized with the Yoast SEO Premium plugin v25.3 (Yoast SEO v25.9) - https:\/\/yoast.com\/wordpress\/plugins\/seo\/ -->\n<title>Rozhovor: WLRMcc \u2013 jazd\u00edme pod\u013ea n\u00e1lady a po\u010dasia - \u0160koda We Love Cycling Slovensko<\/title>\n<meta name=\"description\" content=\"T\u00fato sez\u00f3nu sa na \u0161tart \u0160koda Bike Open Tour okrem jednotlivcov postav\u00ed aj t\u00edm WRLMcc \u2013 klub cyklistov a cyklistiek z Bratislavy.\" \/>\n<meta name=\"robots\" content=\"index, follow, max-snippet:-1, max-image-preview:large, max-video-preview:-1\" \/>\n<link rel=\"canonical\" href=\"https:\/\/www.welovecycling.com\/sk\/2024\/04\/12\/rozhovor-wlrmcc-jazdime-podla-nalady-a-pocasia\/\" \/>\n<meta property=\"og:locale\" content=\"sk_SK\" \/>\n<meta property=\"og:type\" content=\"article\" \/>\n<meta property=\"og:title\" content=\"Rozhovor: WLRMcc \u2013 jazd\u00edme pod\u013ea n\u00e1lady a po\u010dasia\" \/>\n<meta property=\"og:description\" content=\"T\u00fato sez\u00f3nu sa na \u0161tart \u0160koda Bike Open Tour okrem jednotlivcov postav\u00ed aj t\u00edm WRLMcc \u2013 klub cyklistov a cyklistiek z Bratislavy.\" \/>\n<meta property=\"og:url\" content=\"https:\/\/www.welovecycling.com\/sk\/2024\/04\/12\/rozhovor-wlrmcc-jazdime-podla-nalady-a-pocasia\/\" \/>\n<meta property=\"og:site_name\" content=\"\u0160koda We Love Cycling Slovensko\" \/>\n<meta property=\"article:published_time\" content=\"2024-04-12T07:00:11+00:00\" \/>\n<meta property=\"og:image\" content=\"https:\/\/d2p6e6u75xmxt8.cloudfront.net\/4\/2024\/04\/titulka01.webp\" \/>\n\t<meta property=\"og:image:width\" content=\"990\" \/>\n\t<meta property=\"og:image:height\" content=\"660\" \/>\n\t<meta property=\"og:image:type\" content=\"image\/webp\" \/>\n<meta name=\"author\" content=\"dominika\" \/>\n<meta name=\"twitter:card\" content=\"summary_large_image\" \/>\n<meta name=\"twitter:label1\" content=\"Written by\" \/>\n\t<meta name=\"twitter:data1\" content=\"Radovan Vr\u0161ka\" \/>\n\t<meta name=\"twitter:label2\" content=\"Est. reading time\" \/>\n\t<meta name=\"twitter:data2\" content=\"7\" \/>\n<script type=\"application\/ld+json\" class=\"yoast-schema-graph\">{\"@context\":\"https:\/\/schema.org\",\"@graph\":[{\"@type\":\"WebPage\",\"@id\":\"https:\/\/www.welovecycling.com\/sk\/2024\/04\/12\/rozhovor-wlrmcc-jazdime-podla-nalady-a-pocasia\/\",\"url\":\"https:\/\/www.welovecycling.com\/sk\/2024\/04\/12\/rozhovor-wlrmcc-jazdime-podla-nalady-a-pocasia\/\",\"name\":\"Rozhovor: WLRMcc \u2013 jazd\u00edme pod\u013ea n\u00e1lady a po\u010dasia - \u0160koda We Love Cycling Slovensko\",\"isPartOf\":{\"@id\":\"https:\/\/www.welovecycling.com\/sk\/#website\"},\"primaryImageOfPage\":{\"@id\":\"https:\/\/www.welovecycling.com\/sk\/2024\/04\/12\/rozhovor-wlrmcc-jazdime-podla-nalady-a-pocasia\/#primaryimage\"},\"image\":{\"@id\":\"https:\/\/www.welovecycling.com\/sk\/2024\/04\/12\/rozhovor-wlrmcc-jazdime-podla-nalady-a-pocasia\/#primaryimage\"},\"thumbnailUrl\":\"https:\/\/d2p6e6u75xmxt8.cloudfront.net\/4\/2024\/04\/titulka01.webp\",\"datePublished\":\"2024-04-12T07:00:11+00:00\",\"author\":{\"@id\":\"https:\/\/www.welovecycling.com\/sk\/#\/schema\/person\/533b62b98b6c41bd5135ebfb1f742624\"},\"description\":\"T\u00fato sez\u00f3nu sa na \u0161tart \u0160koda Bike Open Tour okrem jednotlivcov postav\u00ed aj t\u00edm WRLMcc \u2013 klub cyklistov a cyklistiek z Bratislavy.\",\"breadcrumb\":{\"@id\":\"https:\/\/www.welovecycling.com\/sk\/2024\/04\/12\/rozhovor-wlrmcc-jazdime-podla-nalady-a-pocasia\/#breadcrumb\"},\"inLanguage\":\"sk-SK\",\"potentialAction\":[{\"@type\":\"ReadAction\",\"target\":[\"https:\/\/www.welovecycling.com\/sk\/2024\/04\/12\/rozhovor-wlrmcc-jazdime-podla-nalady-a-pocasia\/\"]}]},{\"@type\":\"ImageObject\",\"inLanguage\":\"sk-SK\",\"@id\":\"https:\/\/www.welovecycling.com\/sk\/2024\/04\/12\/rozhovor-wlrmcc-jazdime-podla-nalady-a-pocasia\/#primaryimage\",\"url\":\"https:\/\/d2p6e6u75xmxt8.cloudfront.net\/4\/2024\/04\/titulka01.webp\",\"contentUrl\":\"https:\/\/d2p6e6u75xmxt8.cloudfront.net\/4\/2024\/04\/titulka01.webp\",\"width\":990,\"height\":660},{\"@type\":\"BreadcrumbList\",\"@id\":\"https:\/\/www.welovecycling.com\/sk\/2024\/04\/12\/rozhovor-wlrmcc-jazdime-podla-nalady-a-pocasia\/#breadcrumb\",\"itemListElement\":[{\"@type\":\"ListItem\",\"position\":1,\"name\":\"Home\",\"item\":\"https:\/\/www.welovecycling.com\/sk\/\"},{\"@type\":\"ListItem\",\"position\":2,\"name\":\"Rozhovor: WLRMcc \u2013 jazd\u00edme pod\u013ea n\u00e1lady a po\u010dasia\"}]},{\"@type\":\"WebSite\",\"@id\":\"https:\/\/www.welovecycling.com\/sk\/#website\",\"url\":\"https:\/\/www.welovecycling.com\/sk\/\",\"name\":\"\u0160koda We Love Cycling Slovensko\",\"description\":\"\u0160koda We Love Cycling Slovensko je v\u00e1\u0161 ka\u017edodenn\u00fd zdroj noviniek a in\u0161pir\u00e1cie z sveta cyklistiky\",\"potentialAction\":[{\"@type\":\"SearchAction\",\"target\":{\"@type\":\"EntryPoint\",\"urlTemplate\":\"https:\/\/www.welovecycling.com\/sk\/?s={search_term_string}\"},\"query-input\":{\"@type\":\"PropertyValueSpecification\",\"valueRequired\":true,\"valueName\":\"search_term_string\"}}],\"inLanguage\":\"sk-SK\"},{\"@type\":\"Person\",\"@id\":\"https:\/\/www.welovecycling.com\/sk\/#\/schema\/person\/533b62b98b6c41bd5135ebfb1f742624\",\"name\":\"dominika\",\"image\":{\"@type\":\"ImageObject\",\"inLanguage\":\"sk-SK\",\"@id\":\"https:\/\/www.welovecycling.com\/sk\/#\/schema\/person\/image\/\",\"url\":\"https:\/\/secure.gravatar.com\/avatar\/ded6f274ba2ec3e17fff153f7d9d96a4b33c2cb63907f75d9a5309c599a7f3e6?s=96&d=mm&r=g\",\"contentUrl\":\"https:\/\/secure.gravatar.com\/avatar\/ded6f274ba2ec3e17fff153f7d9d96a4b33c2cb63907f75d9a5309c599a7f3e6?s=96&d=mm&r=g\",\"caption\":\"dominika\"},\"url\":\"https:\/\/www.welovecycling.com\/sk\/author\/dominika\/\"}]}<\/script>\n<!-- \/ Yoast SEO Premium plugin. -->","yoast_head_json":{"title":"Rozhovor: WLRMcc \u2013 jazd\u00edme pod\u013ea n\u00e1lady a po\u010dasia - \u0160koda We Love Cycling Slovensko","description":"T\u00fato sez\u00f3nu sa na \u0161tart \u0160koda Bike Open Tour okrem jednotlivcov postav\u00ed aj t\u00edm WRLMcc \u2013 klub cyklistov a cyklistiek z Bratislavy.","robots":{"index":"index","follow":"follow","max-snippet":"max-snippet:-1","max-image-preview":"max-image-preview:large","max-video-preview":"max-video-preview:-1"},"canonical":"https:\/\/www.welovecycling.com\/sk\/2024\/04\/12\/rozhovor-wlrmcc-jazdime-podla-nalady-a-pocasia\/","og_locale":"sk_SK","og_type":"article","og_title":"Rozhovor: WLRMcc \u2013 jazd\u00edme pod\u013ea n\u00e1lady a po\u010dasia","og_description":"T\u00fato sez\u00f3nu sa na \u0161tart \u0160koda Bike Open Tour okrem jednotlivcov postav\u00ed aj t\u00edm WRLMcc \u2013 klub cyklistov a cyklistiek z Bratislavy.","og_url":"https:\/\/www.welovecycling.com\/sk\/2024\/04\/12\/rozhovor-wlrmcc-jazdime-podla-nalady-a-pocasia\/","og_site_name":"\u0160koda We Love Cycling Slovensko","article_published_time":"2024-04-12T07:00:11+00:00","og_image":[{"width":990,"height":660,"url":"https:\/\/d2p6e6u75xmxt8.cloudfront.net\/4\/2024\/04\/titulka01.webp","type":"image\/webp"}],"author":"dominika","twitter_card":"summary_large_image","twitter_misc":{"Written by":"Radovan Vr\u0161ka","Est. reading time":"7"},"schema":{"@context":"https:\/\/schema.org","@graph":[{"@type":"WebPage","@id":"https:\/\/www.welovecycling.com\/sk\/2024\/04\/12\/rozhovor-wlrmcc-jazdime-podla-nalady-a-pocasia\/","url":"https:\/\/www.welovecycling.com\/sk\/2024\/04\/12\/rozhovor-wlrmcc-jazdime-podla-nalady-a-pocasia\/","name":"Rozhovor: WLRMcc \u2013 jazd\u00edme pod\u013ea n\u00e1lady a po\u010dasia - \u0160koda We Love Cycling Slovensko","isPartOf":{"@id":"https:\/\/www.welovecycling.com\/sk\/#website"},"primaryImageOfPage":{"@id":"https:\/\/www.welovecycling.com\/sk\/2024\/04\/12\/rozhovor-wlrmcc-jazdime-podla-nalady-a-pocasia\/#primaryimage"},"image":{"@id":"https:\/\/www.welovecycling.com\/sk\/2024\/04\/12\/rozhovor-wlrmcc-jazdime-podla-nalady-a-pocasia\/#primaryimage"},"thumbnailUrl":"https:\/\/d2p6e6u75xmxt8.cloudfront.net\/4\/2024\/04\/titulka01.webp","datePublished":"2024-04-12T07:00:11+00:00","author":{"@id":"https:\/\/www.welovecycling.com\/sk\/#\/schema\/person\/533b62b98b6c41bd5135ebfb1f742624"},"description":"T\u00fato sez\u00f3nu sa na \u0161tart \u0160koda Bike Open Tour okrem jednotlivcov postav\u00ed aj t\u00edm WRLMcc \u2013 klub cyklistov a cyklistiek z Bratislavy.","breadcrumb":{"@id":"https:\/\/www.welovecycling.com\/sk\/2024\/04\/12\/rozhovor-wlrmcc-jazdime-podla-nalady-a-pocasia\/#breadcrumb"},"inLanguage":"sk-SK","potentialAction":[{"@type":"ReadAction","target":["https:\/\/www.welovecycling.com\/sk\/2024\/04\/12\/rozhovor-wlrmcc-jazdime-podla-nalady-a-pocasia\/"]}]},{"@type":"ImageObject","inLanguage":"sk-SK","@id":"https:\/\/www.welovecycling.com\/sk\/2024\/04\/12\/rozhovor-wlrmcc-jazdime-podla-nalady-a-pocasia\/#primaryimage","url":"https:\/\/d2p6e6u75xmxt8.cloudfront.net\/4\/2024\/04\/titulka01.webp","contentUrl":"https:\/\/d2p6e6u75xmxt8.cloudfront.net\/4\/2024\/04\/titulka01.webp","width":990,"height":660},{"@type":"BreadcrumbList","@id":"https:\/\/www.welovecycling.com\/sk\/2024\/04\/12\/rozhovor-wlrmcc-jazdime-podla-nalady-a-pocasia\/#breadcrumb","itemListElement":[{"@type":"ListItem","position":1,"name":"Home","item":"https:\/\/www.welovecycling.com\/sk\/"},{"@type":"ListItem","position":2,"name":"Rozhovor: WLRMcc \u2013 jazd\u00edme pod\u013ea n\u00e1lady a po\u010dasia"}]},{"@type":"WebSite","@id":"https:\/\/www.welovecycling.com\/sk\/#website","url":"https:\/\/www.welovecycling.com\/sk\/","name":"\u0160koda We Love Cycling Slovensko","description":"\u0160koda We Love Cycling Slovensko je v\u00e1\u0161 ka\u017edodenn\u00fd zdroj noviniek a in\u0161pir\u00e1cie z sveta cyklistiky","potentialAction":[{"@type":"SearchAction","target":{"@type":"EntryPoint","urlTemplate":"https:\/\/www.welovecycling.com\/sk\/?s={search_term_string}"},"query-input":{"@type":"PropertyValueSpecification","valueRequired":true,"valueName":"search_term_string"}}],"inLanguage":"sk-SK"},{"@type":"Person","@id":"https:\/\/www.welovecycling.com\/sk\/#\/schema\/person\/533b62b98b6c41bd5135ebfb1f742624","name":"dominika","image":{"@type":"ImageObject","inLanguage":"sk-SK","@id":"https:\/\/www.welovecycling.com\/sk\/#\/schema\/person\/image\/","url":"https:\/\/secure.gravatar.com\/avatar\/ded6f274ba2ec3e17fff153f7d9d96a4b33c2cb63907f75d9a5309c599a7f3e6?s=96&d=mm&r=g","contentUrl":"https:\/\/secure.gravatar.com\/avatar\/ded6f274ba2ec3e17fff153f7d9d96a4b33c2cb63907f75d9a5309c599a7f3e6?s=96&d=mm&r=g","caption":"dominika"},"url":"https:\/\/www.welovecycling.com\/sk\/author\/dominika\/"}]}},"_links":{"self":[{"href":"https:\/\/www.welovecycling.com\/sk\/wp-json\/wp\/v2\/posts\/18957","targetHints":{"allow":["GET"]}}],"collection":[{"href":"https:\/\/www.welovecycling.com\/sk\/wp-json\/wp\/v2\/posts"}],"about":[{"href":"https:\/\/www.welovecycling.com\/sk\/wp-json\/wp\/v2\/types\/post"}],"author":[{"embeddable":true,"href":"https:\/\/www.welovecycling.com\/sk\/wp-json\/wp\/v2\/users\/172"}],"replies":[{"embeddable":true,"href":"https:\/\/www.welovecycling.com\/sk\/wp-json\/wp\/v2\/comments?post=18957"}],"version-history":[{"count":7,"href":"https:\/\/www.welovecycling.com\/sk\/wp-json\/wp\/v2\/posts\/18957\/revisions"}],"predecessor-version":[{"id":18975,"href":"https:\/\/www.welovecycling.com\/sk\/wp-json\/wp\/v2\/posts\/18957\/revisions\/18975"}],"wp:featuredmedia":[{"embeddable":true,"href":"https:\/\/www.welovecycling.com\/sk\/wp-json\/wp\/v2\/media\/18958"}],"wp:attachment":[{"href":"https:\/\/www.welovecycling.com\/sk\/wp-json\/wp\/v2\/media?parent=18957"}],"wp:term":[{"taxonomy":"category","embeddable":true,"href":"https:\/\/www.welovecycling.com\/sk\/wp-json\/wp\/v2\/categories?post=18957"},{"taxonomy":"post_tag","embeddable":true,"href":"https:\/\/www.welovecycling.com\/sk\/wp-json\/wp\/v2\/tags?post=18957"},{"taxonomy":"global-categories","embeddable":true,"href":"https:\/\/www.welovecycling.com\/sk\/wp-json\/wp\/v2\/global-categories?post=18957"}],"curies":[{"name":"wp","href":"https:\/\/api.w.org\/{rel}","templated":true}]}}