{"id":18948,"date":"2024-04-19T09:00:35","date_gmt":"2024-04-19T07:00:35","guid":{"rendered":"https:\/\/www.welovecycling.com\/sk\/?p=18948"},"modified":"2024-04-17T10:09:02","modified_gmt":"2024-04-17T08:09:02","slug":"5-chyb-ktorym-sa-po-jazde-vyhnut","status":"publish","type":"post","link":"https:\/\/www.welovecycling.com\/sk\/2024\/04\/19\/5-chyb-ktorym-sa-po-jazde-vyhnut\/","title":{"rendered":"5 ch\u00fdb, ktor\u00fdm sa po jazde vyhn\u00fa\u0165"},"content":{"rendered":"<p><strong>Skvel\u00e9! \u010eal\u0161ia \u00fa\u017easn\u00e1 jazda je za vami. U\u017e len zost\u00e1va pozrie\u0165 si \u0161tatistiky na Strave a zhodnoti\u0165, ako sa v\u00e1m jazdilo. Pr\u00edpadne, \u010do treba na \u010fal\u0161ej jazde zlep\u0161i\u0165. Nie je ni\u010d d\u00f4le\u017eitej\u0161ie. Alebo je?<\/strong><\/p>\n<p><!--more--><\/p>\n<p><span style=\"font-weight: 400;\">Zdie\u013eanie \u0161tatist\u00edk a v\u00fdsledkov na soci\u00e1lnych sie\u0165ach je d\u00f4le\u017eit\u00e9, no nemalo by to by\u0165 podstatnej\u0161ie ako ostatn\u00e9 povinnosti, ktor\u00e9 m\u00e1me po jazde. Ve\u013ea cestn\u00fdch aj horsk\u00fdch cyklistov ich zanedb\u00e1va a namiesto zlep\u0161enia sa tak pr\u00e1ve\u017ee zhor\u0161uj\u00fa.\u00a0<\/span><\/p>\n<p><span style=\"font-weight: 400;\">Aby sme v\u00e1m pomohli pred\u00eds\u0165 tomuto zhor\u0161eniu, pripravili sme si <strong>zoznam piatich ch\u00fdb, ktor\u00fdm by sme sa v\u0161etci po jazde mali vyhn\u00fa\u0165.<\/strong><\/span><\/p>\n<h2><b>\u0160pinav\u00fd bicykel aj v\u00fdbava<\/b><\/h2>\n<p><span style=\"font-weight: 400;\">V\u0161etci sme to za\u017eili. Vy\u010derpan\u00ed z dlhej jazdy, \u0161pinav\u00ed a spoten\u00ed, unaven\u00ed a hladn\u00ed. Pon\u00e1h\u013eame sa domov a sn\u00edvame o studenom pive \u010di k\u00fasku pizze, na ktor\u00fdch si pochutn\u00e1me, zatia\u013e \u010do si pozrieme \u0161tatistiky a pozdie\u013eame na\u0161e \u00faspechy na soci\u00e1lnych sie\u0165ach. T\u00e1to rutina je v\u0161ak nespr\u00e1vna. <strong>Pochybili sme e\u0161te sk\u00f4r, ako sme pri\u0161li dnu.<\/strong><\/span><\/p>\n<p><span style=\"font-weight: 400;\">Po jazde, bez oh\u013eadu na to, \u010di sme cestn\u00ed alebo horsk\u00ed cyklisti, bud\u00fa bicykel a \u010fal\u0161ia v\u00fdbava \u0161pinav\u00e9, zablaten\u00e9 a spoten\u00e9. Ak to tak nech\u00e1me, len si prid\u00e1me viac pr\u00e1ce, preto\u017ee blato stvrdne a m\u00f4\u017ee po\u0161kodi\u0165 aj lak \u010di diely. <strong>Navy\u0161e na to zabudneme hne\u010f ako vojdeme dnu a tak skoro sa k tomu nedostaneme.<\/strong> To m\u00f4\u017ee vies\u0165 k v\u00e1\u017enym mechanick\u00fdm probl\u00e9mom a tie\u017e to m\u00f4\u017ee zn\u00ed\u017ei\u0165 n\u00e1\u0161 \u010fal\u0161\u00ed v\u00fdkon.<\/span><\/p>\n<p><span style=\"font-weight: 400;\">Tak\u017ee predt\u00fdm, ako pr\u00eddeme dovn\u00fatra, mali by sme bicykel poriadne vy\u010disti\u0165. Treba sa zbavi\u0165 blata, <a href=\"https:\/\/www.welovecycling.com\/sk\/2017\/10\/23\/zakladne-tipy-jednoduche-cistenie-bicykla\/\" target=\"_blank\" rel=\"noopener\">umy\u0165 bicykel<\/a>, osu\u0161i\u0165 ho, <a href=\"https:\/\/www.welovecycling.com\/sk\/2018\/04\/10\/pripravit-bicykel-jar\/\" target=\"_blank\" rel=\"noopener\">namaza\u0165<\/a> a pripravi\u0165 na \u010fal\u0161iu jazdu. <strong>Sta\u010d\u00ed len 10-15 min\u00fat.<\/strong> Netreba zabudn\u00fa\u0165 ani na v\u00fdbavu. Prilba, top\u00e1nky, aj ostatn\u00e1 v\u00fdbava potrebuj\u00fa vy\u010disti\u0165 \u2013 a \u010d\u00edm lep\u0161ie sa o ne budeme stara\u0165, t\u00fdm dlh\u0161ie n\u00e1m vydr\u017eia.<\/span><\/p>\n<h2><b>\u201eMarinovanie\u201c sa v oble\u010den\u00ed<\/b><\/h2>\n<p><span style=\"font-weight: 400;\">Vy\u010distili sme si bicykel, tak\u017ee je kone\u010dne \u010das sa najes\u0165, zvali\u0165 sa a odd\u00fdchnu\u0165 si. Nie, nie. V drese a nohaviciach sme sa \u201emarinovali\u201c u\u017e dos\u0165. Nechceme predsa, aby sa n\u00e1\u0161 bicykel hanbil za n\u00e1s a n\u00e1\u0161 v\u00fdzor.<\/span><\/p>\n<p><span style=\"font-weight: 400;\">Z\u00e1pach nie je najv\u00e4\u010d\u0161\u00edm probl\u00e9mom. <strong>Po jazde na\u0161e telo pracuje na pln\u00fd v\u00fdkon a imunitn\u00fd syst\u00e9m je rozh\u00e1dzan\u00fd kv\u00f4li v\u0161etk\u00fdm vy\u010derpan\u00fdm svalom.<\/strong> Tak\u017ee vysed\u00e1vanie v spotenom drese a v \u0161ortk\u00e1ch m\u00f4\u017ee ma\u0165 za n\u00e1sledok prechladnutie, vyr\u00e1\u017eky, bolesti v sedacej \u010dasti a in\u00e9 nepr\u00edjemn\u00e9 choroby, ktor\u00e9 pokazia n\u00e1\u0161 tr\u00e9ningov\u00fd cyklus.<\/span><\/p>\n<p><span style=\"font-weight: 400;\">M\u00f4\u017ee n\u00e1s to nato\u013eko ovplyvni\u0165, \u017ee sa objav\u00ed boles\u0165 svalov a k\u013abov. Aby sme sa tomuto vyhli, sta\u010d\u00ed prepoten\u00fd dres a bibsy hodi\u0165 na 15 min\u00fat do pr\u00e1\u010dky a zatia\u013e si da\u0165 sprchu. <strong>A aj ke\u010f je hor\u00faca sprcha l\u00e1kav\u00e1, po n\u00e1ro\u010dn\u00fdch jazd\u00e1ch sa odpor\u00fa\u010da da\u0165 si vla\u017en\u00fa \u010di dokonca studen\u00fa sprchu.<\/strong> T\u00fdm sa zn\u00ed\u017ei mo\u017enos\u0165 z\u00e1palu a svaly sa r\u00fdchlej\u0161ie zotavia.<\/span><\/p>\n<h2><b>\u017diadny stre\u010ding<\/b><\/h2>\n<p><span style=\"font-weight: 400;\">Ke\u010f sa u\u017e bav\u00edme o r\u00fdchlom zotaven\u00ed, existuje skvel\u00fd sp\u00f4sob, ako si ho \u00faplne pokazi\u0165. Sta\u010d\u00ed <a href=\"https:\/\/www.welovecycling.com\/sk\/2018\/04\/16\/trojica-dolezitych-strecingovych-cvikov-pre-cyklistov\/\" target=\"_blank\" rel=\"noopener\">vynecha\u0165 stre\u010ding<\/a> po v\u00fdkone a \u010do nevidie\u0165 ostaneme tuh\u00fd ako skala. <strong>Cyklistika je \u0161pecifick\u00fd \u0161port, pri ktorom vyu\u017e\u00edvame predov\u0161etk\u00fdm kvadricepsy, stehenn\u00e9 svaly, sedacie svaly a l\u00fdtka.<\/strong> In\u00fdmi slovami, na\u0161e nohy si toho odmakaj\u00fa najviac. Ak si ich, najm\u00e4 po dlh\u00fdch jazd\u00e1ch, nepona\u0165ahujeme, \u010dasom sa napn\u00fa a skr\u00e1tia, \u010do obmedz\u00ed na\u0161u ohybnos\u0165 a flexibilitu. Stre\u010ding pom\u00f4\u017ee tieto svaly uvo\u013eni\u0165 a pred\u013a\u017ei\u0165, \u010d\u00edm zn\u00ed\u017ei boles\u0165 a tuhos\u0165.\u00a0<\/span><\/p>\n<p><span style=\"font-weight: 400;\">A \u010do je najd\u00f4le\u017eitej\u0161ie, stre\u010ding pom\u00e1ha predch\u00e1dza\u0165 zraneniam. <strong>Pravideln\u00fd stre\u010ding po jazde zni\u017euje riziko natiahnutia svalov, k\u0155\u010dov a in\u00fdch nepr\u00edjemnost\u00ed spojen\u00fdch s cyklistikou.<\/strong> Z dlhodob\u00e9ho h\u013eadiska to nesmierne zlep\u0161\u00ed n\u00e1\u0161 v\u00fdkon, preto\u017ee stre\u010ding podporuje zlep\u0161enie prenosu sily, pom\u00e1ha k lep\u0161ej technike, k efektivite \u0161liapania a celkovo k lep\u0161iemu v\u00fdkonu.<\/span><\/p>\n<h2><b>Nezdrav\u00e1 strava<\/b><\/h2>\n<p><span style=\"font-weight: 400;\">Kone\u010dne je \u010das na jedlo. Aj ke\u010f, ak m\u00e1te po\u010das jazdy so sebou dos\u0165 z\u00e1sob, nemali by ste by\u0165 po nej hladn\u00ed. Neh\u013eadiac na to, chladni\u010dka \u010dak\u00e1 a vy ju m\u00e1te chu\u0165 vypr\u00e1zdni\u0165.<\/span><\/p>\n<p>Nie tak zhurta. <span style=\"font-weight: 400;\"><strong>\u00c1no, doplnenie kal\u00f3ri\u00ed je po n\u00e1ro\u010dnej jazde d\u00f4le\u017eit\u00e9, ale e\u0161te d\u00f4le\u017eitej\u0161ie je to, ako sa k tomu postav\u00edme.<\/strong> Je l\u00e1kav\u00e9 napcha\u0165 sa pizzou alebo tu\u010dn\u00fdmi jedlami, na ktor\u00e9 m\u00e1me chu\u0165, no z dlhodob\u00e9ho h\u013eadiska to nie je spr\u00e1vna vo\u013eba. Na\u0161e telo nepotrebuje cukor ani tuk. Potrebuje bielkoviny a sacharidy.<\/span><\/p>\n<p><span style=\"font-weight: 400;\">Da\u0165 si jedno poriadne jedlo je lep\u0161ie ako sa napch\u00e1va\u0165 dobrotkami. <strong>Skvelou vo\u013ebou m\u00f4\u017ee by\u0165 napr\u00edklad kura s pe\u010den\u00fdmi sladk\u00fdmi zemiakmi.<\/strong> Zemiaky s\u00fa vynikaj\u00facim zdrojom glykog\u00e9nu, prim\u00e1rneho paliva, ktor\u00e9 na\u0161e svaly vyu\u017e\u00edvaj\u00fa po\u010das jazdy. Po\u010das prvej hodiny po jazde treba skonzumova\u0165 pribli\u017ene 1,2 a\u017e 1,5 gramu sacharidov na 1 kg telesnej hmotnosti.<\/span><\/p>\n<p><span style=\"font-weight: 400;\">Z\u00e1rove\u0148 na regener\u00e1ciu svalov potrebujeme bielkoviny. Kura je teda povinn\u00e9, no m\u00f4\u017eeme ho nahradi\u0165 tvarohom, vajciami, jogurtom alebo in\u00fdm jedlom bohat\u00fdm na bielkoviny.<\/span><\/p>\n<p><iframe loading=\"lazy\" width=\"800\" height=\"450\" src=\"https:\/\/www.youtube-nocookie.com\/embed\/Y5o009kYo8w?si=TN5LpjNmdnpeZfr6\" title=\"YouTube video player\" frameborder=\"0\" allow=\"accelerometer; autoplay; clipboard-write; encrypted-media; gyroscope; picture-in-picture; web-share\" referrerpolicy=\"strict-origin-when-cross-origin\" allowfullscreen><\/iframe><\/p>\n<p>&nbsp;<\/p>\n<h2><b>Alkohol namiesto vody<\/b><\/h2>\n<p><span style=\"font-weight: 400;\">Aj ke\u010f je jedlo d\u00f4le\u017eit\u00e9, kal\u00f3rie nie s\u00fa to jedin\u00e9, \u010do po\u010das jazdy strat\u00edme. Pri poh\u013eade na dres si nejde nev\u0161imn\u00fa\u0165, \u017ee v\u00e4\u010d\u0161ina vody, ktor\u00fa sme v sebe mali, je nasiaknut\u00e1 v \u0148om.<\/span><\/p>\n<p><span style=\"font-weight: 400;\">\u00c1no, dlh\u00e9 a \u0165a\u017ek\u00e9 jazdy maj\u00fa za n\u00e1sledok v\u00fdrazn\u00fa dehydrat\u00e1ciu. A aj ke\u010f n\u00e1s pivo vol\u00e1 svojim v\u00e1biv\u00fdm, mystick\u00fdm hlasom, konzum\u00e1cia alkoholu je teraz to najhor\u0161ie, \u010do m\u00f4\u017eeme urobi\u0165. \u010co i len jedno pivo m\u00f4\u017ee na\u0161u regener\u00e1ciu pred\u013a\u017ei\u0165 o \u010fal\u0161\u00edch 25 hod\u00edn.<\/span><\/p>\n<p><span style=\"font-weight: 400;\">Pivo n\u00e1m prin\u00e1\u0161a rados\u0165, ale k\u00fdm sa k nemu dostaneme, mali by sme sa spr\u00e1vne rehydratova\u0165.<\/span><\/p>\n<p><span style=\"font-weight: 400;\"><strong>Pitie \u010distej vody m\u00f4\u017ee znie\u0165 ako spr\u00e1vna vo\u013eba, no t\u00e1 nesta\u010d\u00ed.<\/strong> Po\u010das intenz\u00edvnej aktivity prich\u00e1dzame poten\u00edm o elektrolyty ako sod\u00edk, drasl\u00edk a hor\u010d\u00edk. Tieto s\u00fa k\u013e\u00fa\u010dov\u00e9 pre spr\u00e1vnu funkciu svalov, nervov\u00fd prenos a udr\u017eiavanie rovnov\u00e1hy tekut\u00edn. \u010cist\u00e1 voda tieto straten\u00e9 elektrolyty nedop\u013a\u0148a, \u010do m\u00f4\u017ee vies\u0165 k ich nerovnov\u00e1he. To m\u00e1 za n\u00e1sledok \u00fanavu, bolesti hlavy, svalov\u00e9 k\u0155\u010de, zn\u00ed\u017een\u00fd v\u00fdkon a v niektor\u00fdch z\u00e1va\u017en\u00fdch pr\u00edpadoch infarkt, m\u0155tvicu a smr\u0165.<\/span><\/p>\n<p><span style=\"font-weight: 400;\">Da\u0165 si regenera\u010dn\u00fd kokteil je skvel\u00fd sp\u00f4sob, ako na\u0161tartova\u0165 regener\u00e1ciu popri rehydrat\u00e1cii. Potom je nevyhnutn\u00e9 prida\u0165 si do vody tabletu elektrolytu. Uistite sa, \u017ee pijete dos\u0165 tekut\u00edn, a\u017e k\u00fdm va\u0161e telo nebude rehydratovan\u00e9. Najjednoduch\u0161\u00ed sp\u00f4sob, ako zisti\u0165, \u010di sme hydratovan\u00fd, je skontrolova\u0165 si mo\u010d. Ak je tmavo\u017elt\u00fd, treba pi\u0165 viac. Bledo\u017elt\u00e1 farba zna\u010d\u00ed primeran\u00fa \u00farove\u0148 hydrat\u00e1cie a \u010dist\u00fd mo\u010d znamen\u00e1, \u017ee sme to prehnali. Av\u0161ak je lep\u0161ie prehna\u0165 to, ne\u017e zosta\u0165 dehydrovan\u00fd.<\/span><\/p>\n<h2><strong>Tak\u017ee\u2026<\/strong><\/h2>\n<p><span style=\"font-weight: 400;\">Jazda sa nekon\u010d\u00ed hne\u010f vtedy, ako zosadneme z bicykla. Predt\u00fdm, ako sa budeme m\u00f4c\u0165 venova\u0165 relaxu, je potrebn\u00e9 urobi\u0165 nieko\u013eko d\u00f4le\u017eit\u00fdch krokov. Treba si to vzia\u0165 k srdcu a t\u00fdchto p\u00e1r vec\u00ed pravidelne vykon\u00e1va\u0165. Tak sa zlep\u0161\u00edme. Nezanedb\u00e1vajme preto n\u00e1\u0161 bicykel, ale ani seba a na\u0161u v\u00fd\u017eivu. Uvedomme si, \u017ee na\u0161a rutina po jazde je rovnako d\u00f4le\u017eit\u00e1 ako samotn\u00e1 cyklistika.<\/span><\/p>\n","protected":false},"excerpt":{"rendered":"<p>Skvel\u00e9! \u010eal\u0161ia \u00fa\u017easn\u00e1 jazda je za vami. U\u017e len zost\u00e1va pozrie\u0165 si \u0161tatistiky na Strave a zhodnoti\u0165, ako sa v\u00e1m [&hellip;]<\/p>\n","protected":false},"author":172,"featured_media":13605,"comment_status":"open","ping_status":"open","sticky":false,"template":"","format":"standard","meta":{"footnotes":""},"categories":[2],"tags":[115,289,180,952,890,564,416,1540,953,1402,161],"global-categories":[],"class_list":["post-18948","post","type-post","status-publish","format-standard","has-post-thumbnail","hentry","category-zdravie-trening","tag-cestna-cyklistika","tag-cistenie","tag-horska-cyklistika","tag-hydratacia","tag-jazdec","tag-starostlivost","tag-strecing","tag-tip","tag-voda","tag-zdrava-strava","tag-zdravie"],"yoast_head":"<!-- This site is optimized with the Yoast SEO Premium plugin v25.3 (Yoast SEO v25.9) - https:\/\/yoast.com\/wordpress\/plugins\/seo\/ -->\n<title>5 ch\u00fdb, ktor\u00fdm sa po jazde vyhn\u00fa\u0165 - \u0160koda We Love Cycling Slovensko<\/title>\n<meta name=\"description\" content=\"\u010eal\u0161ia \u00fa\u017easn\u00e1 jazda za vami. U\u017e len pozrie\u0165 si \u0161tatistiky na Strave a zhodnoti\u0165, ako sa v\u00e1m jazdilo. Nie je ni\u010d d\u00f4le\u017eitej\u0161ie. Alebo je?\" \/>\n<meta name=\"robots\" content=\"index, follow, max-snippet:-1, max-image-preview:large, max-video-preview:-1\" \/>\n<link rel=\"canonical\" href=\"https:\/\/www.welovecycling.com\/sk\/2024\/04\/19\/5-chyb-ktorym-sa-po-jazde-vyhnut\/\" \/>\n<meta property=\"og:locale\" content=\"sk_SK\" \/>\n<meta property=\"og:type\" content=\"article\" \/>\n<meta property=\"og:title\" content=\"5 ch\u00fdb, ktor\u00fdm sa po jazde vyhn\u00fa\u0165\" \/>\n<meta property=\"og:description\" content=\"\u010eal\u0161ia \u00fa\u017easn\u00e1 jazda za vami. U\u017e len pozrie\u0165 si \u0161tatistiky na Strave a zhodnoti\u0165, ako sa v\u00e1m jazdilo. Nie je ni\u010d d\u00f4le\u017eitej\u0161ie. Alebo je?\" \/>\n<meta property=\"og:url\" content=\"https:\/\/www.welovecycling.com\/sk\/2024\/04\/19\/5-chyb-ktorym-sa-po-jazde-vyhnut\/\" \/>\n<meta property=\"og:site_name\" content=\"\u0160koda We Love Cycling Slovensko\" \/>\n<meta property=\"article:published_time\" content=\"2024-04-19T07:00:35+00:00\" \/>\n<meta property=\"og:image\" content=\"https:\/\/d2p6e6u75xmxt8.cloudfront.net\/4\/2021\/12\/Cyclist-training-profimedia-0612551577.webp\" \/>\n\t<meta property=\"og:image:width\" content=\"999\" \/>\n\t<meta property=\"og:image:height\" content=\"667\" \/>\n\t<meta property=\"og:image:type\" content=\"image\/webp\" \/>\n<meta name=\"author\" content=\"dominika\" \/>\n<meta name=\"twitter:card\" content=\"summary_large_image\" \/>\n<meta name=\"twitter:label1\" content=\"Written by\" \/>\n\t<meta name=\"twitter:data1\" content=\"Martin Atanasov\" \/>\n\t<meta name=\"twitter:label2\" content=\"Est. reading time\" \/>\n\t<meta name=\"twitter:data2\" content=\"4\" \/>\n<script type=\"application\/ld+json\" class=\"yoast-schema-graph\">{\"@context\":\"https:\/\/schema.org\",\"@graph\":[{\"@type\":\"WebPage\",\"@id\":\"https:\/\/www.welovecycling.com\/sk\/2024\/04\/19\/5-chyb-ktorym-sa-po-jazde-vyhnut\/\",\"url\":\"https:\/\/www.welovecycling.com\/sk\/2024\/04\/19\/5-chyb-ktorym-sa-po-jazde-vyhnut\/\",\"name\":\"5 ch\u00fdb, ktor\u00fdm sa po jazde vyhn\u00fa\u0165 - \u0160koda We Love Cycling Slovensko\",\"isPartOf\":{\"@id\":\"https:\/\/www.welovecycling.com\/sk\/#website\"},\"primaryImageOfPage\":{\"@id\":\"https:\/\/www.welovecycling.com\/sk\/2024\/04\/19\/5-chyb-ktorym-sa-po-jazde-vyhnut\/#primaryimage\"},\"image\":{\"@id\":\"https:\/\/www.welovecycling.com\/sk\/2024\/04\/19\/5-chyb-ktorym-sa-po-jazde-vyhnut\/#primaryimage\"},\"thumbnailUrl\":\"https:\/\/d2p6e6u75xmxt8.cloudfront.net\/4\/2021\/12\/Cyclist-training-profimedia-0612551577.webp\",\"datePublished\":\"2024-04-19T07:00:35+00:00\",\"author\":{\"@id\":\"https:\/\/www.welovecycling.com\/sk\/#\/schema\/person\/533b62b98b6c41bd5135ebfb1f742624\"},\"description\":\"\u010eal\u0161ia \u00fa\u017easn\u00e1 jazda za vami. U\u017e len pozrie\u0165 si \u0161tatistiky na Strave a zhodnoti\u0165, ako sa v\u00e1m jazdilo. Nie je ni\u010d d\u00f4le\u017eitej\u0161ie. Alebo je?\",\"breadcrumb\":{\"@id\":\"https:\/\/www.welovecycling.com\/sk\/2024\/04\/19\/5-chyb-ktorym-sa-po-jazde-vyhnut\/#breadcrumb\"},\"inLanguage\":\"sk-SK\",\"potentialAction\":[{\"@type\":\"ReadAction\",\"target\":[\"https:\/\/www.welovecycling.com\/sk\/2024\/04\/19\/5-chyb-ktorym-sa-po-jazde-vyhnut\/\"]}]},{\"@type\":\"ImageObject\",\"inLanguage\":\"sk-SK\",\"@id\":\"https:\/\/www.welovecycling.com\/sk\/2024\/04\/19\/5-chyb-ktorym-sa-po-jazde-vyhnut\/#primaryimage\",\"url\":\"https:\/\/d2p6e6u75xmxt8.cloudfront.net\/4\/2021\/12\/Cyclist-training-profimedia-0612551577.webp\",\"contentUrl\":\"https:\/\/d2p6e6u75xmxt8.cloudfront.net\/4\/2021\/12\/Cyclist-training-profimedia-0612551577.webp\",\"width\":999,\"height\":667,\"caption\":\"Find your joy in cycling.\"},{\"@type\":\"BreadcrumbList\",\"@id\":\"https:\/\/www.welovecycling.com\/sk\/2024\/04\/19\/5-chyb-ktorym-sa-po-jazde-vyhnut\/#breadcrumb\",\"itemListElement\":[{\"@type\":\"ListItem\",\"position\":1,\"name\":\"Home\",\"item\":\"https:\/\/www.welovecycling.com\/sk\/\"},{\"@type\":\"ListItem\",\"position\":2,\"name\":\"5 ch\u00fdb, ktor\u00fdm sa po jazde vyhn\u00fa\u0165\"}]},{\"@type\":\"WebSite\",\"@id\":\"https:\/\/www.welovecycling.com\/sk\/#website\",\"url\":\"https:\/\/www.welovecycling.com\/sk\/\",\"name\":\"\u0160koda We Love Cycling Slovensko\",\"description\":\"\u0160koda We Love Cycling Slovensko je v\u00e1\u0161 ka\u017edodenn\u00fd zdroj noviniek a in\u0161pir\u00e1cie z sveta cyklistiky\",\"potentialAction\":[{\"@type\":\"SearchAction\",\"target\":{\"@type\":\"EntryPoint\",\"urlTemplate\":\"https:\/\/www.welovecycling.com\/sk\/?s={search_term_string}\"},\"query-input\":{\"@type\":\"PropertyValueSpecification\",\"valueRequired\":true,\"valueName\":\"search_term_string\"}}],\"inLanguage\":\"sk-SK\"},{\"@type\":\"Person\",\"@id\":\"https:\/\/www.welovecycling.com\/sk\/#\/schema\/person\/533b62b98b6c41bd5135ebfb1f742624\",\"name\":\"dominika\",\"image\":{\"@type\":\"ImageObject\",\"inLanguage\":\"sk-SK\",\"@id\":\"https:\/\/www.welovecycling.com\/sk\/#\/schema\/person\/image\/\",\"url\":\"https:\/\/secure.gravatar.com\/avatar\/ded6f274ba2ec3e17fff153f7d9d96a4b33c2cb63907f75d9a5309c599a7f3e6?s=96&d=mm&r=g\",\"contentUrl\":\"https:\/\/secure.gravatar.com\/avatar\/ded6f274ba2ec3e17fff153f7d9d96a4b33c2cb63907f75d9a5309c599a7f3e6?s=96&d=mm&r=g\",\"caption\":\"dominika\"},\"url\":\"https:\/\/www.welovecycling.com\/sk\/author\/dominika\/\"}]}<\/script>\n<!-- \/ Yoast SEO Premium plugin. -->","yoast_head_json":{"title":"5 ch\u00fdb, ktor\u00fdm sa po jazde vyhn\u00fa\u0165 - \u0160koda We Love Cycling Slovensko","description":"\u010eal\u0161ia \u00fa\u017easn\u00e1 jazda za vami. U\u017e len pozrie\u0165 si \u0161tatistiky na Strave a zhodnoti\u0165, ako sa v\u00e1m jazdilo. Nie je ni\u010d d\u00f4le\u017eitej\u0161ie. Alebo je?","robots":{"index":"index","follow":"follow","max-snippet":"max-snippet:-1","max-image-preview":"max-image-preview:large","max-video-preview":"max-video-preview:-1"},"canonical":"https:\/\/www.welovecycling.com\/sk\/2024\/04\/19\/5-chyb-ktorym-sa-po-jazde-vyhnut\/","og_locale":"sk_SK","og_type":"article","og_title":"5 ch\u00fdb, ktor\u00fdm sa po jazde vyhn\u00fa\u0165","og_description":"\u010eal\u0161ia \u00fa\u017easn\u00e1 jazda za vami. U\u017e len pozrie\u0165 si \u0161tatistiky na Strave a zhodnoti\u0165, ako sa v\u00e1m jazdilo. Nie je ni\u010d d\u00f4le\u017eitej\u0161ie. Alebo je?","og_url":"https:\/\/www.welovecycling.com\/sk\/2024\/04\/19\/5-chyb-ktorym-sa-po-jazde-vyhnut\/","og_site_name":"\u0160koda We Love Cycling Slovensko","article_published_time":"2024-04-19T07:00:35+00:00","og_image":[{"width":999,"height":667,"url":"https:\/\/d2p6e6u75xmxt8.cloudfront.net\/4\/2021\/12\/Cyclist-training-profimedia-0612551577.webp","type":"image\/webp"}],"author":"dominika","twitter_card":"summary_large_image","twitter_misc":{"Written by":"Martin Atanasov","Est. reading time":"4"},"schema":{"@context":"https:\/\/schema.org","@graph":[{"@type":"WebPage","@id":"https:\/\/www.welovecycling.com\/sk\/2024\/04\/19\/5-chyb-ktorym-sa-po-jazde-vyhnut\/","url":"https:\/\/www.welovecycling.com\/sk\/2024\/04\/19\/5-chyb-ktorym-sa-po-jazde-vyhnut\/","name":"5 ch\u00fdb, ktor\u00fdm sa po jazde vyhn\u00fa\u0165 - \u0160koda We Love Cycling Slovensko","isPartOf":{"@id":"https:\/\/www.welovecycling.com\/sk\/#website"},"primaryImageOfPage":{"@id":"https:\/\/www.welovecycling.com\/sk\/2024\/04\/19\/5-chyb-ktorym-sa-po-jazde-vyhnut\/#primaryimage"},"image":{"@id":"https:\/\/www.welovecycling.com\/sk\/2024\/04\/19\/5-chyb-ktorym-sa-po-jazde-vyhnut\/#primaryimage"},"thumbnailUrl":"https:\/\/d2p6e6u75xmxt8.cloudfront.net\/4\/2021\/12\/Cyclist-training-profimedia-0612551577.webp","datePublished":"2024-04-19T07:00:35+00:00","author":{"@id":"https:\/\/www.welovecycling.com\/sk\/#\/schema\/person\/533b62b98b6c41bd5135ebfb1f742624"},"description":"\u010eal\u0161ia \u00fa\u017easn\u00e1 jazda za vami. U\u017e len pozrie\u0165 si \u0161tatistiky na Strave a zhodnoti\u0165, ako sa v\u00e1m jazdilo. Nie je ni\u010d d\u00f4le\u017eitej\u0161ie. Alebo je?","breadcrumb":{"@id":"https:\/\/www.welovecycling.com\/sk\/2024\/04\/19\/5-chyb-ktorym-sa-po-jazde-vyhnut\/#breadcrumb"},"inLanguage":"sk-SK","potentialAction":[{"@type":"ReadAction","target":["https:\/\/www.welovecycling.com\/sk\/2024\/04\/19\/5-chyb-ktorym-sa-po-jazde-vyhnut\/"]}]},{"@type":"ImageObject","inLanguage":"sk-SK","@id":"https:\/\/www.welovecycling.com\/sk\/2024\/04\/19\/5-chyb-ktorym-sa-po-jazde-vyhnut\/#primaryimage","url":"https:\/\/d2p6e6u75xmxt8.cloudfront.net\/4\/2021\/12\/Cyclist-training-profimedia-0612551577.webp","contentUrl":"https:\/\/d2p6e6u75xmxt8.cloudfront.net\/4\/2021\/12\/Cyclist-training-profimedia-0612551577.webp","width":999,"height":667,"caption":"Find your joy in cycling."},{"@type":"BreadcrumbList","@id":"https:\/\/www.welovecycling.com\/sk\/2024\/04\/19\/5-chyb-ktorym-sa-po-jazde-vyhnut\/#breadcrumb","itemListElement":[{"@type":"ListItem","position":1,"name":"Home","item":"https:\/\/www.welovecycling.com\/sk\/"},{"@type":"ListItem","position":2,"name":"5 ch\u00fdb, ktor\u00fdm sa po jazde vyhn\u00fa\u0165"}]},{"@type":"WebSite","@id":"https:\/\/www.welovecycling.com\/sk\/#website","url":"https:\/\/www.welovecycling.com\/sk\/","name":"\u0160koda We Love Cycling Slovensko","description":"\u0160koda We Love Cycling Slovensko je v\u00e1\u0161 ka\u017edodenn\u00fd zdroj noviniek a in\u0161pir\u00e1cie z sveta cyklistiky","potentialAction":[{"@type":"SearchAction","target":{"@type":"EntryPoint","urlTemplate":"https:\/\/www.welovecycling.com\/sk\/?s={search_term_string}"},"query-input":{"@type":"PropertyValueSpecification","valueRequired":true,"valueName":"search_term_string"}}],"inLanguage":"sk-SK"},{"@type":"Person","@id":"https:\/\/www.welovecycling.com\/sk\/#\/schema\/person\/533b62b98b6c41bd5135ebfb1f742624","name":"dominika","image":{"@type":"ImageObject","inLanguage":"sk-SK","@id":"https:\/\/www.welovecycling.com\/sk\/#\/schema\/person\/image\/","url":"https:\/\/secure.gravatar.com\/avatar\/ded6f274ba2ec3e17fff153f7d9d96a4b33c2cb63907f75d9a5309c599a7f3e6?s=96&d=mm&r=g","contentUrl":"https:\/\/secure.gravatar.com\/avatar\/ded6f274ba2ec3e17fff153f7d9d96a4b33c2cb63907f75d9a5309c599a7f3e6?s=96&d=mm&r=g","caption":"dominika"},"url":"https:\/\/www.welovecycling.com\/sk\/author\/dominika\/"}]}},"_links":{"self":[{"href":"https:\/\/www.welovecycling.com\/sk\/wp-json\/wp\/v2\/posts\/18948","targetHints":{"allow":["GET"]}}],"collection":[{"href":"https:\/\/www.welovecycling.com\/sk\/wp-json\/wp\/v2\/posts"}],"about":[{"href":"https:\/\/www.welovecycling.com\/sk\/wp-json\/wp\/v2\/types\/post"}],"author":[{"embeddable":true,"href":"https:\/\/www.welovecycling.com\/sk\/wp-json\/wp\/v2\/users\/172"}],"replies":[{"embeddable":true,"href":"https:\/\/www.welovecycling.com\/sk\/wp-json\/wp\/v2\/comments?post=18948"}],"version-history":[{"count":8,"href":"https:\/\/www.welovecycling.com\/sk\/wp-json\/wp\/v2\/posts\/18948\/revisions"}],"predecessor-version":[{"id":18956,"href":"https:\/\/www.welovecycling.com\/sk\/wp-json\/wp\/v2\/posts\/18948\/revisions\/18956"}],"wp:featuredmedia":[{"embeddable":true,"href":"https:\/\/www.welovecycling.com\/sk\/wp-json\/wp\/v2\/media\/13605"}],"wp:attachment":[{"href":"https:\/\/www.welovecycling.com\/sk\/wp-json\/wp\/v2\/media?parent=18948"}],"wp:term":[{"taxonomy":"category","embeddable":true,"href":"https:\/\/www.welovecycling.com\/sk\/wp-json\/wp\/v2\/categories?post=18948"},{"taxonomy":"post_tag","embeddable":true,"href":"https:\/\/www.welovecycling.com\/sk\/wp-json\/wp\/v2\/tags?post=18948"},{"taxonomy":"global-categories","embeddable":true,"href":"https:\/\/www.welovecycling.com\/sk\/wp-json\/wp\/v2\/global-categories?post=18948"}],"curies":[{"name":"wp","href":"https:\/\/api.w.org\/{rel}","templated":true}]}}