{"id":18942,"date":"2024-04-09T09:00:21","date_gmt":"2024-04-09T07:00:21","guid":{"rendered":"https:\/\/www.welovecycling.com\/sk\/?p=18942"},"modified":"2024-04-03T11:25:19","modified_gmt":"2024-04-03T09:25:19","slug":"pozvanka-detska-tour-petra-sagana-nespi-na-vavrinoch-a-chysta-prekvapenia","status":"publish","type":"post","link":"https:\/\/www.welovecycling.com\/sk\/2024\/04\/09\/pozvanka-detska-tour-petra-sagana-nespi-na-vavrinoch-a-chysta-prekvapenia\/","title":{"rendered":"Pozv\u00e1nka: Detsk\u00e1 tour Petra Sagana nesp\u00ed na vavr\u00ednoch a chyst\u00e1 prekvapenia\u00a0"},"content":{"rendered":"<p><strong>Ak ste sa tento rok nevedeli do\u010dka\u0165, kedy sa za\u010dne nov\u00e1 cyklistick\u00e1 sez\u00f3na, tak ste si mohli spr\u00edjemni\u0165 chladn\u00e9 mesiace spomienkami na uplynul\u00e9 ro\u010dn\u00edky. Na str\u00e1nkach DTPS si organiz\u00e1tori zaspom\u00ednali, kde v\u0161ade sa u\u017e tour objavila a pozreli sa hlavne na miesta, kde sa konal len jeden \u010di dva ro\u010dn\u00edky. Toto je v\u0161ak u\u017e minulos\u0165 a pr\u00e1ve tento mesiac sa kone\u010dne za\u010d\u00edna nov\u00e1 sez\u00f3na 2024.\u00a0<\/strong><!--more--><\/p>\n<p><span style=\"font-weight: 400;\">U\u017e 13. apr\u00edla bude Detsk\u00e1 tour Petra Sagana v Tren\u010d\u00edne, v lesoparku Brezina. <strong>Pr\u00ed\u010fte otvori\u0165 svoju cyklistick\u00fa sez\u00f3nu vo ve\u013ekom \u0161t\u00fdle.<\/strong> Ako ka\u017ed\u00fd rok, tak aj tentokr\u00e1t organiz\u00e1tori pripravili mnoh\u00e9 zauj\u00edmavosti a nebud\u00fa ch\u00fdba\u0165 ani nov\u00e9 trate. Do kalend\u00e1ra pribudla obec Zborov nad Bystricou ne\u010faleko mesta \u010cadca. Hornat\u00fd kraj ponuka kr\u00e1sne trate s pr\u00edrodn\u00fdmi scen\u00e9riami.\u00a0<\/span><\/p>\n<p><img loading=\"lazy\" decoding=\"async\" class=\"alignnone size-full wp-image-18943\" src=\"https:\/\/d2p6e6u75xmxt8.cloudfront.net\/4\/2024\/04\/01.webp\" alt=\"\" width=\"990\" height=\"660\" srcset=\"https:\/\/d2p6e6u75xmxt8.cloudfront.net\/4\/2024\/04\/01.webp 990w, https:\/\/d2p6e6u75xmxt8.cloudfront.net\/4\/2024\/04\/01-300x200.webp 300w, https:\/\/d2p6e6u75xmxt8.cloudfront.net\/4\/2024\/04\/01-768x512.webp 768w, https:\/\/d2p6e6u75xmxt8.cloudfront.net\/4\/2024\/04\/01-400x267.webp 400w, https:\/\/d2p6e6u75xmxt8.cloudfront.net\/4\/2024\/04\/01-272x182.webp 272w\" sizes=\"auto, (max-width: 990px) 100vw, 990px\" \/><\/p>\n<p><span style=\"font-weight: 400;\">Nezabudnite si pozna\u010di\u0165 do kalend\u00e1rov v\u0161etky jednotliv\u00e9 kol\u00e1:<\/span><\/p>\n<ul>\n<li><span style=\"font-weight: 400;\">13.4. 2024 Tren\u010d\u00edn\u00a0<\/span><\/li>\n<li><span style=\"font-weight: 400;\">4.5. 2024 Budmerice<\/span><\/li>\n<li><span style=\"font-weight: 400;\">11.5. 2024 Zborov nad Bystricou<\/span><\/li>\n<li><span style=\"font-weight: 400;\">16.6. 2024 Dem\u00e4nov\u00e1\u00a0<\/span><\/li>\n<li><span style=\"font-weight: 400;\">31.<\/span><span style=\"font-weight: 400;\">8. 2024 Nitra<\/span><\/li>\n<li><span style=\"font-weight: 400;\">15.9. 2024 Stupava<\/span><\/li>\n<li><span style=\"font-weight: 400;\">28.9. 2024 \u0160amor\u00edn<\/span><\/li>\n<\/ul>\n<p><span style=\"font-weight: 400;\">Sp\u00fdtali sme sa p\u00e1r ot\u00e1zok aj samotn\u00e9ho organiz\u00e1tora Petra Zanick\u00e9ho, s ktor\u00fdm sme u\u017e v minulosti priniesli na na\u0161ich str\u00e1nkach <a href=\"https:\/\/www.welovecycling.com\/sk\/2022\/06\/08\/rozhovor-peter-zanicky-bicyklovanie-je-zabava\/\" target=\"_blank\" rel=\"noopener\">ve\u013ek\u00fd rozhovor<\/a>.\u00a0<\/span><\/p>\n<p><img loading=\"lazy\" decoding=\"async\" class=\"alignnone size-full wp-image-18944\" src=\"https:\/\/d2p6e6u75xmxt8.cloudfront.net\/4\/2024\/04\/02.webp\" alt=\"\" width=\"990\" height=\"660\" srcset=\"https:\/\/d2p6e6u75xmxt8.cloudfront.net\/4\/2024\/04\/02.webp 990w, https:\/\/d2p6e6u75xmxt8.cloudfront.net\/4\/2024\/04\/02-300x200.webp 300w, https:\/\/d2p6e6u75xmxt8.cloudfront.net\/4\/2024\/04\/02-768x512.webp 768w, https:\/\/d2p6e6u75xmxt8.cloudfront.net\/4\/2024\/04\/02-400x267.webp 400w, https:\/\/d2p6e6u75xmxt8.cloudfront.net\/4\/2024\/04\/02-272x182.webp 272w\" sizes=\"auto, (max-width: 990px) 100vw, 990px\" \/><\/p>\n<h4><b>Na tohtoro\u010dnej Detskej tour Petra Sagana sa objavila obec Zborov nad Bystricou. Je to miesto, kde sa bude jazdi\u0165 v r\u00e1mci tour po prv\u00fdkr\u00e1t? Ak\u00fd profil trate je pripraven\u00fd?<\/b><\/h4>\n<p><em><span style=\"font-weight: 400;\">\u00c1no, radi chod\u00edme s Detskou tour do nov\u00fdch lokal\u00edt. Tento rok je to Tren\u010d\u00edn a Zborov nad Bystricou. Tu sa bude s\u00fa\u0165a\u017ei\u0165 v bl\u00edzkosti popul\u00e1rneho cyklochodn\u00edka ved\u013ea futbalov\u00e9ho ihriska. Te\u0161\u00edme sa tam a vyzer\u00e1 to tak, \u017ee aj \u013eudia z obecn\u00e9ho \u00faradu, s ktor\u00fdm s\u00fa\u0165a\u017e pripravujeme, s\u00fa tie\u017e \u0161portov\u00ed nad\u0161enci.<\/span><\/em><\/p>\n<h4><b>Prekvapilo ma, \u017ee tento rok ste vynechali \u017dilinu, ktor\u00e1 bola ka\u017edoro\u010dne ve\u013emi ob\u013e\u00faben\u00fdm kolom. Pre\u010do je to tak?<\/b><\/h4>\n<p><em><span style=\"font-weight: 400;\">V \u017diline sme s\u00edce doma a aj tra\u0165 je tu perfektn\u00e1, ale Detsk\u00e1 tour nechce by\u0165 s\u00fa\u0165a\u017eou, ktor\u00e1 je rok \u010do rok na rovnakom mieste. Priestor d\u00e1vame aj na zmenu, aj pravideln\u00ed n\u00e1v\u0161tevn\u00edci ocenia a spoznaj\u00fa nie\u010do nov\u00e9 a my m\u00f4\u017eeme pril\u00e1ka\u0165 ku cyklistike aj deti z nov\u00fdch miest, kde sme e\u0161te neboli.\u00a0<\/span><\/em><\/p>\n<h4><b>Videl som, \u017ee na va\u0161ich str\u00e1nkach ste spom\u00ednali na uplynul\u00e9 ro\u010dn\u00edky a jednotliv\u00e9 miesta, kde sa jazdilo. Vynorila sa v\u00e1m pri tom v hlave nejak\u00e1 zauj\u00edmav\u00e1, pr\u00edpadne vtipn\u00e1 spomienka?<\/b><\/h4>\n<p><em><span style=\"font-weight: 400;\">V\u00e4\u010d\u0161ina na\u0161ich dobrovo\u013en\u00edkov je s nami 7-10 rokov, a to znamen\u00e1, \u017ee sme tak\u00e1 jedna ve\u013ek\u00e1 rodina. A t\u00fdch miest, kde sme za 10 rokov boli, je u\u017e poriadne ve\u013ea. Dokonca sme s\u00fa\u0165a\u017eili u\u017e aj v zahrani\u010d\u00ed, a to v \u010ceskej republike. Pripravi\u0165 s\u00fa\u0165a\u017e, to d\u00e1 zabra\u0165, ale aj sa pri tom ve\u013ea zasmejeme. Humorn\u00fdch historiek je ve\u013ea, raz o tom mo\u017eno vyd\u00e1me aj kni\u017eku. \ud83d\ude42<\/span><\/em><\/p>\n<h4><b>M\u00e1te pripraven\u00fa nejak\u00fa novinku pre rok 2024?<\/b><\/h4>\n<p><em><span style=\"font-weight: 400;\">Detsk\u00e1 tour nem\u00f4\u017ee zaspa\u0165 na vavr\u00ednoch a ka\u017ed\u00fd rok nie\u010do nov\u00e9 prid\u00e1vame. Takto sa za\u010dala s\u00fa\u0165a\u017e pre rodi\u010dov, skokan kateg\u00f3rie \u010di v\u00fdlet v\u00ed\u0165azov na majstrovstv\u00e1 sveta za Petrom Saganom. Aj tento rok nie\u010do chyst\u00e1me, bude to prekvapenie.<\/span><\/em><\/p>\n<p><span style=\"font-weight: 400;\">Ver\u00edme, \u017ee tohtoro\u010dn\u00e1 sez\u00f3na prinesie skvel\u00e9 z\u00e1\u017eitky, nov\u00e9 priate\u013estv\u00e1 a ve\u013ea medail\u00ed pre mal\u00fdch \u0161portovcov. Organiz\u00e1tori objednali po\u010dasie bez jedinej chybi\u010dky, tak\u017ee sa te\u0161\u00edme na stretnutie na dvoch koles\u00e1ch.\u00a0<\/span><\/p>\n","protected":false},"excerpt":{"rendered":"<p>Ak ste sa tento rok nevedeli do\u010dka\u0165, kedy sa za\u010dne nov\u00e1 cyklistick\u00e1 sez\u00f3na, tak ste si mohli spr\u00edjemni\u0165 chladn\u00e9 mesiace [&hellip;]<\/p>\n","protected":false},"author":172,"featured_media":18945,"comment_status":"open","ping_status":"open","sticky":false,"template":"","format":"standard","meta":{"footnotes":""},"categories":[34],"tags":[478,507,53,1386,764,180,789,595,1631,46,91,179,509,501,1615,523,1540],"global-categories":[1074],"class_list":["post-18942","post","type-post","status-publish","format-standard","has-post-thumbnail","hentry","category-podujatia","tag-akcia","tag-cyklorodinka","tag-deti","tag-deti-na-bicykli","tag-detska-tour-petra-sagana","tag-horska-cyklistika","tag-kalendar","tag-minulost","tag-novi","tag-peter-sagan","tag-pozvanka","tag-preteky","tag-rodina","tag-rozhovor","tag-sezona-2024","tag-slovensko","tag-tip","global-categories-cycling"],"yoast_head":"<!-- This site is optimized with the Yoast SEO Premium plugin v25.3 (Yoast SEO v25.9) - https:\/\/yoast.com\/wordpress\/plugins\/seo\/ -->\n<title>Pozv\u00e1nka: Detsk\u00e1 tour Petra Sagana nesp\u00ed na vavr\u00ednoch a chyst\u00e1 prekvapenia\u00a0<\/title>\n<meta name=\"description\" content=\"Tento mesiac sa kone\u010dne za\u010d\u00edna nov\u00e1 sez\u00f3na 2024 Detskej tour Petra Sagana. \u010co n\u00e1s tento rok \u010dak\u00e1, a kde sa uvid\u00edme?\" \/>\n<meta name=\"robots\" content=\"index, follow, max-snippet:-1, max-image-preview:large, max-video-preview:-1\" \/>\n<link rel=\"canonical\" href=\"https:\/\/www.welovecycling.com\/sk\/2024\/04\/09\/pozvanka-detska-tour-petra-sagana-nespi-na-vavrinoch-a-chysta-prekvapenia\/\" \/>\n<meta property=\"og:locale\" content=\"sk_SK\" \/>\n<meta property=\"og:type\" content=\"article\" \/>\n<meta property=\"og:title\" content=\"Pozv\u00e1nka: Detsk\u00e1 tour Petra Sagana nesp\u00ed na vavr\u00ednoch a chyst\u00e1 prekvapenia\u00a0\" \/>\n<meta property=\"og:description\" content=\"Tento mesiac sa kone\u010dne za\u010d\u00edna nov\u00e1 sez\u00f3na 2024 Detskej tour Petra Sagana. \u010co n\u00e1s tento rok \u010dak\u00e1, a kde sa uvid\u00edme?\" \/>\n<meta property=\"og:url\" content=\"https:\/\/www.welovecycling.com\/sk\/2024\/04\/09\/pozvanka-detska-tour-petra-sagana-nespi-na-vavrinoch-a-chysta-prekvapenia\/\" \/>\n<meta property=\"og:site_name\" content=\"\u0160koda We Love Cycling Slovensko\" \/>\n<meta property=\"article:published_time\" content=\"2024-04-09T07:00:21+00:00\" \/>\n<meta property=\"og:image\" content=\"https:\/\/d2p6e6u75xmxt8.cloudfront.net\/4\/2024\/04\/titulka-2.webp\" \/>\n\t<meta property=\"og:image:width\" content=\"990\" \/>\n\t<meta property=\"og:image:height\" content=\"660\" \/>\n\t<meta property=\"og:image:type\" content=\"image\/webp\" \/>\n<meta name=\"author\" content=\"dominika\" \/>\n<meta name=\"twitter:card\" content=\"summary_large_image\" \/>\n<meta name=\"twitter:label1\" content=\"Written by\" \/>\n\t<meta name=\"twitter:data1\" content=\"Radovan Vr\u0161ka\" \/>\n\t<meta name=\"twitter:label2\" content=\"Est. reading time\" \/>\n\t<meta name=\"twitter:data2\" content=\"3\" \/>\n<script type=\"application\/ld+json\" class=\"yoast-schema-graph\">{\"@context\":\"https:\/\/schema.org\",\"@graph\":[{\"@type\":\"WebPage\",\"@id\":\"https:\/\/www.welovecycling.com\/sk\/2024\/04\/09\/pozvanka-detska-tour-petra-sagana-nespi-na-vavrinoch-a-chysta-prekvapenia\/\",\"url\":\"https:\/\/www.welovecycling.com\/sk\/2024\/04\/09\/pozvanka-detska-tour-petra-sagana-nespi-na-vavrinoch-a-chysta-prekvapenia\/\",\"name\":\"Pozv\u00e1nka: Detsk\u00e1 tour Petra Sagana nesp\u00ed na vavr\u00ednoch a chyst\u00e1 prekvapenia\u00a0\",\"isPartOf\":{\"@id\":\"https:\/\/www.welovecycling.com\/sk\/#website\"},\"primaryImageOfPage\":{\"@id\":\"https:\/\/www.welovecycling.com\/sk\/2024\/04\/09\/pozvanka-detska-tour-petra-sagana-nespi-na-vavrinoch-a-chysta-prekvapenia\/#primaryimage\"},\"image\":{\"@id\":\"https:\/\/www.welovecycling.com\/sk\/2024\/04\/09\/pozvanka-detska-tour-petra-sagana-nespi-na-vavrinoch-a-chysta-prekvapenia\/#primaryimage\"},\"thumbnailUrl\":\"https:\/\/d2p6e6u75xmxt8.cloudfront.net\/4\/2024\/04\/titulka-2.webp\",\"datePublished\":\"2024-04-09T07:00:21+00:00\",\"author\":{\"@id\":\"https:\/\/www.welovecycling.com\/sk\/#\/schema\/person\/533b62b98b6c41bd5135ebfb1f742624\"},\"description\":\"Tento mesiac sa kone\u010dne za\u010d\u00edna nov\u00e1 sez\u00f3na 2024 Detskej tour Petra Sagana. \u010co n\u00e1s tento rok \u010dak\u00e1, a kde sa uvid\u00edme?\",\"breadcrumb\":{\"@id\":\"https:\/\/www.welovecycling.com\/sk\/2024\/04\/09\/pozvanka-detska-tour-petra-sagana-nespi-na-vavrinoch-a-chysta-prekvapenia\/#breadcrumb\"},\"inLanguage\":\"sk-SK\",\"potentialAction\":[{\"@type\":\"ReadAction\",\"target\":[\"https:\/\/www.welovecycling.com\/sk\/2024\/04\/09\/pozvanka-detska-tour-petra-sagana-nespi-na-vavrinoch-a-chysta-prekvapenia\/\"]}]},{\"@type\":\"ImageObject\",\"inLanguage\":\"sk-SK\",\"@id\":\"https:\/\/www.welovecycling.com\/sk\/2024\/04\/09\/pozvanka-detska-tour-petra-sagana-nespi-na-vavrinoch-a-chysta-prekvapenia\/#primaryimage\",\"url\":\"https:\/\/d2p6e6u75xmxt8.cloudfront.net\/4\/2024\/04\/titulka-2.webp\",\"contentUrl\":\"https:\/\/d2p6e6u75xmxt8.cloudfront.net\/4\/2024\/04\/titulka-2.webp\",\"width\":990,\"height\":660},{\"@type\":\"BreadcrumbList\",\"@id\":\"https:\/\/www.welovecycling.com\/sk\/2024\/04\/09\/pozvanka-detska-tour-petra-sagana-nespi-na-vavrinoch-a-chysta-prekvapenia\/#breadcrumb\",\"itemListElement\":[{\"@type\":\"ListItem\",\"position\":1,\"name\":\"Home\",\"item\":\"https:\/\/www.welovecycling.com\/sk\/\"},{\"@type\":\"ListItem\",\"position\":2,\"name\":\"Pozv\u00e1nka: Detsk\u00e1 tour Petra Sagana nesp\u00ed na vavr\u00ednoch a chyst\u00e1 prekvapenia\u00a0\"}]},{\"@type\":\"WebSite\",\"@id\":\"https:\/\/www.welovecycling.com\/sk\/#website\",\"url\":\"https:\/\/www.welovecycling.com\/sk\/\",\"name\":\"\u0160koda We Love Cycling Slovensko\",\"description\":\"\u0160koda We Love Cycling Slovensko je v\u00e1\u0161 ka\u017edodenn\u00fd zdroj noviniek a in\u0161pir\u00e1cie z sveta cyklistiky\",\"potentialAction\":[{\"@type\":\"SearchAction\",\"target\":{\"@type\":\"EntryPoint\",\"urlTemplate\":\"https:\/\/www.welovecycling.com\/sk\/?s={search_term_string}\"},\"query-input\":{\"@type\":\"PropertyValueSpecification\",\"valueRequired\":true,\"valueName\":\"search_term_string\"}}],\"inLanguage\":\"sk-SK\"},{\"@type\":\"Person\",\"@id\":\"https:\/\/www.welovecycling.com\/sk\/#\/schema\/person\/533b62b98b6c41bd5135ebfb1f742624\",\"name\":\"dominika\",\"image\":{\"@type\":\"ImageObject\",\"inLanguage\":\"sk-SK\",\"@id\":\"https:\/\/www.welovecycling.com\/sk\/#\/schema\/person\/image\/\",\"url\":\"https:\/\/secure.gravatar.com\/avatar\/ded6f274ba2ec3e17fff153f7d9d96a4b33c2cb63907f75d9a5309c599a7f3e6?s=96&d=mm&r=g\",\"contentUrl\":\"https:\/\/secure.gravatar.com\/avatar\/ded6f274ba2ec3e17fff153f7d9d96a4b33c2cb63907f75d9a5309c599a7f3e6?s=96&d=mm&r=g\",\"caption\":\"dominika\"},\"url\":\"https:\/\/www.welovecycling.com\/sk\/author\/dominika\/\"}]}<\/script>\n<!-- \/ Yoast SEO Premium plugin. -->","yoast_head_json":{"title":"Pozv\u00e1nka: Detsk\u00e1 tour Petra Sagana nesp\u00ed na vavr\u00ednoch a chyst\u00e1 prekvapenia\u00a0","description":"Tento mesiac sa kone\u010dne za\u010d\u00edna nov\u00e1 sez\u00f3na 2024 Detskej tour Petra Sagana. \u010co n\u00e1s tento rok \u010dak\u00e1, a kde sa uvid\u00edme?","robots":{"index":"index","follow":"follow","max-snippet":"max-snippet:-1","max-image-preview":"max-image-preview:large","max-video-preview":"max-video-preview:-1"},"canonical":"https:\/\/www.welovecycling.com\/sk\/2024\/04\/09\/pozvanka-detska-tour-petra-sagana-nespi-na-vavrinoch-a-chysta-prekvapenia\/","og_locale":"sk_SK","og_type":"article","og_title":"Pozv\u00e1nka: Detsk\u00e1 tour Petra Sagana nesp\u00ed na vavr\u00ednoch a chyst\u00e1 prekvapenia\u00a0","og_description":"Tento mesiac sa kone\u010dne za\u010d\u00edna nov\u00e1 sez\u00f3na 2024 Detskej tour Petra Sagana. \u010co n\u00e1s tento rok \u010dak\u00e1, a kde sa uvid\u00edme?","og_url":"https:\/\/www.welovecycling.com\/sk\/2024\/04\/09\/pozvanka-detska-tour-petra-sagana-nespi-na-vavrinoch-a-chysta-prekvapenia\/","og_site_name":"\u0160koda We Love Cycling Slovensko","article_published_time":"2024-04-09T07:00:21+00:00","og_image":[{"width":990,"height":660,"url":"https:\/\/d2p6e6u75xmxt8.cloudfront.net\/4\/2024\/04\/titulka-2.webp","type":"image\/webp"}],"author":"dominika","twitter_card":"summary_large_image","twitter_misc":{"Written by":"Radovan Vr\u0161ka","Est. reading time":"3"},"schema":{"@context":"https:\/\/schema.org","@graph":[{"@type":"WebPage","@id":"https:\/\/www.welovecycling.com\/sk\/2024\/04\/09\/pozvanka-detska-tour-petra-sagana-nespi-na-vavrinoch-a-chysta-prekvapenia\/","url":"https:\/\/www.welovecycling.com\/sk\/2024\/04\/09\/pozvanka-detska-tour-petra-sagana-nespi-na-vavrinoch-a-chysta-prekvapenia\/","name":"Pozv\u00e1nka: Detsk\u00e1 tour Petra Sagana nesp\u00ed na vavr\u00ednoch a chyst\u00e1 prekvapenia\u00a0","isPartOf":{"@id":"https:\/\/www.welovecycling.com\/sk\/#website"},"primaryImageOfPage":{"@id":"https:\/\/www.welovecycling.com\/sk\/2024\/04\/09\/pozvanka-detska-tour-petra-sagana-nespi-na-vavrinoch-a-chysta-prekvapenia\/#primaryimage"},"image":{"@id":"https:\/\/www.welovecycling.com\/sk\/2024\/04\/09\/pozvanka-detska-tour-petra-sagana-nespi-na-vavrinoch-a-chysta-prekvapenia\/#primaryimage"},"thumbnailUrl":"https:\/\/d2p6e6u75xmxt8.cloudfront.net\/4\/2024\/04\/titulka-2.webp","datePublished":"2024-04-09T07:00:21+00:00","author":{"@id":"https:\/\/www.welovecycling.com\/sk\/#\/schema\/person\/533b62b98b6c41bd5135ebfb1f742624"},"description":"Tento mesiac sa kone\u010dne za\u010d\u00edna nov\u00e1 sez\u00f3na 2024 Detskej tour Petra Sagana. \u010co n\u00e1s tento rok \u010dak\u00e1, a kde sa uvid\u00edme?","breadcrumb":{"@id":"https:\/\/www.welovecycling.com\/sk\/2024\/04\/09\/pozvanka-detska-tour-petra-sagana-nespi-na-vavrinoch-a-chysta-prekvapenia\/#breadcrumb"},"inLanguage":"sk-SK","potentialAction":[{"@type":"ReadAction","target":["https:\/\/www.welovecycling.com\/sk\/2024\/04\/09\/pozvanka-detska-tour-petra-sagana-nespi-na-vavrinoch-a-chysta-prekvapenia\/"]}]},{"@type":"ImageObject","inLanguage":"sk-SK","@id":"https:\/\/www.welovecycling.com\/sk\/2024\/04\/09\/pozvanka-detska-tour-petra-sagana-nespi-na-vavrinoch-a-chysta-prekvapenia\/#primaryimage","url":"https:\/\/d2p6e6u75xmxt8.cloudfront.net\/4\/2024\/04\/titulka-2.webp","contentUrl":"https:\/\/d2p6e6u75xmxt8.cloudfront.net\/4\/2024\/04\/titulka-2.webp","width":990,"height":660},{"@type":"BreadcrumbList","@id":"https:\/\/www.welovecycling.com\/sk\/2024\/04\/09\/pozvanka-detska-tour-petra-sagana-nespi-na-vavrinoch-a-chysta-prekvapenia\/#breadcrumb","itemListElement":[{"@type":"ListItem","position":1,"name":"Home","item":"https:\/\/www.welovecycling.com\/sk\/"},{"@type":"ListItem","position":2,"name":"Pozv\u00e1nka: Detsk\u00e1 tour Petra Sagana nesp\u00ed na vavr\u00ednoch a chyst\u00e1 prekvapenia\u00a0"}]},{"@type":"WebSite","@id":"https:\/\/www.welovecycling.com\/sk\/#website","url":"https:\/\/www.welovecycling.com\/sk\/","name":"\u0160koda We Love Cycling Slovensko","description":"\u0160koda We Love Cycling Slovensko je v\u00e1\u0161 ka\u017edodenn\u00fd zdroj noviniek a in\u0161pir\u00e1cie z sveta cyklistiky","potentialAction":[{"@type":"SearchAction","target":{"@type":"EntryPoint","urlTemplate":"https:\/\/www.welovecycling.com\/sk\/?s={search_term_string}"},"query-input":{"@type":"PropertyValueSpecification","valueRequired":true,"valueName":"search_term_string"}}],"inLanguage":"sk-SK"},{"@type":"Person","@id":"https:\/\/www.welovecycling.com\/sk\/#\/schema\/person\/533b62b98b6c41bd5135ebfb1f742624","name":"dominika","image":{"@type":"ImageObject","inLanguage":"sk-SK","@id":"https:\/\/www.welovecycling.com\/sk\/#\/schema\/person\/image\/","url":"https:\/\/secure.gravatar.com\/avatar\/ded6f274ba2ec3e17fff153f7d9d96a4b33c2cb63907f75d9a5309c599a7f3e6?s=96&d=mm&r=g","contentUrl":"https:\/\/secure.gravatar.com\/avatar\/ded6f274ba2ec3e17fff153f7d9d96a4b33c2cb63907f75d9a5309c599a7f3e6?s=96&d=mm&r=g","caption":"dominika"},"url":"https:\/\/www.welovecycling.com\/sk\/author\/dominika\/"}]}},"_links":{"self":[{"href":"https:\/\/www.welovecycling.com\/sk\/wp-json\/wp\/v2\/posts\/18942","targetHints":{"allow":["GET"]}}],"collection":[{"href":"https:\/\/www.welovecycling.com\/sk\/wp-json\/wp\/v2\/posts"}],"about":[{"href":"https:\/\/www.welovecycling.com\/sk\/wp-json\/wp\/v2\/types\/post"}],"author":[{"embeddable":true,"href":"https:\/\/www.welovecycling.com\/sk\/wp-json\/wp\/v2\/users\/172"}],"replies":[{"embeddable":true,"href":"https:\/\/www.welovecycling.com\/sk\/wp-json\/wp\/v2\/comments?post=18942"}],"version-history":[{"count":2,"href":"https:\/\/www.welovecycling.com\/sk\/wp-json\/wp\/v2\/posts\/18942\/revisions"}],"predecessor-version":[{"id":18947,"href":"https:\/\/www.welovecycling.com\/sk\/wp-json\/wp\/v2\/posts\/18942\/revisions\/18947"}],"wp:featuredmedia":[{"embeddable":true,"href":"https:\/\/www.welovecycling.com\/sk\/wp-json\/wp\/v2\/media\/18945"}],"wp:attachment":[{"href":"https:\/\/www.welovecycling.com\/sk\/wp-json\/wp\/v2\/media?parent=18942"}],"wp:term":[{"taxonomy":"category","embeddable":true,"href":"https:\/\/www.welovecycling.com\/sk\/wp-json\/wp\/v2\/categories?post=18942"},{"taxonomy":"post_tag","embeddable":true,"href":"https:\/\/www.welovecycling.com\/sk\/wp-json\/wp\/v2\/tags?post=18942"},{"taxonomy":"global-categories","embeddable":true,"href":"https:\/\/www.welovecycling.com\/sk\/wp-json\/wp\/v2\/global-categories?post=18942"}],"curies":[{"name":"wp","href":"https:\/\/api.w.org\/{rel}","templated":true}]}}