{"id":18894,"date":"2024-03-27T12:00:34","date_gmt":"2024-03-27T11:00:34","guid":{"rendered":"https:\/\/www.welovecycling.com\/sk\/?p=18894"},"modified":"2024-03-28T20:50:28","modified_gmt":"2024-03-28T19:50:28","slug":"neusiedler-see-radmarathon-oblubeny-maraton-u-susedov-mozes-zazit-aj-ty","status":"publish","type":"post","link":"https:\/\/www.welovecycling.com\/sk\/2024\/03\/27\/neusiedler-see-radmarathon-oblubeny-maraton-u-susedov-mozes-zazit-aj-ty\/","title":{"rendered":"Neusiedler See Radmarathon &#8211; ob\u013e\u00faben\u00fd marat\u00f3n u susedov m\u00f4\u017ee\u0161 za\u017ei\u0165 aj ty"},"content":{"rendered":"<div id=\"pl-18894\"  class=\"panel-layout\" ><div id=\"pg-18894-0\"  class=\"panel-grid panel-no-style\" ><div id=\"pgc-18894-0-0\"  class=\"panel-grid-cell\" ><div id=\"panel-18894-0-0-0\" class=\"so-panel widget widget_sow-editor panel-first-child\" data-index=\"0\" ><div\n\t\t\t\n\t\t\tclass=\"so-widget-sow-editor so-widget-sow-editor-base\"\n\t\t\t\n\t\t>\n<div class=\"siteorigin-widget-tinymce textwidget\">\n\t<p><span style=\"font-size: 14pt;\"><strong>Susedn\u00e9 Rak\u00fasko aj tento rok l\u00e1ka nad\u0161encov cestnej cyklistiky z\u00fa\u010dastni\u0165 sa marat\u00f3nu okolo Nezidersk\u00e9ho jazera. Je to skuto\u010dne skvel\u00e1 pr\u00edle\u017eitos\u0165 zmera\u0165 si sily s ostatn\u00fdmi, zajazdi\u0165 v kr\u00e1snom prostred\u00ed a z\u00e1rove\u0148 mo\u017enos\u0165 kvalifikova\u0165 sa na svetov\u00fd \u0161ampion\u00e1t UCI Grand Fondo.\u00a0<\/strong><\/span><\/p>\n<\/div>\n<\/div><\/div><div id=\"panel-18894-0-0-1\" class=\"so-panel widget widget_sow-editor\" data-index=\"1\" ><div\n\t\t\t\n\t\t\tclass=\"so-widget-sow-editor so-widget-sow-editor-base\"\n\t\t\t\n\t\t>\n<div class=\"siteorigin-widget-tinymce textwidget\">\n\t<p><a href=\"https:\/\/www.neusiedlersee-radmarathon.com\/\"><img loading=\"lazy\" decoding=\"async\" class=\"aligncenter size-large wp-image-18906\" src=\"https:\/\/d2p6e6u75xmxt8.cloudfront.net\/4\/2024\/03\/Neusiedlersee-Radmarathon-UCI-1024x172.webp\" alt=\"\" width=\"1024\" height=\"172\" srcset=\"https:\/\/d2p6e6u75xmxt8.cloudfront.net\/4\/2024\/03\/Neusiedlersee-Radmarathon-UCI-1024x172.webp 1024w, https:\/\/d2p6e6u75xmxt8.cloudfront.net\/4\/2024\/03\/Neusiedlersee-Radmarathon-UCI-300x50.webp 300w, https:\/\/d2p6e6u75xmxt8.cloudfront.net\/4\/2024\/03\/Neusiedlersee-Radmarathon-UCI-768x129.webp 768w, https:\/\/d2p6e6u75xmxt8.cloudfront.net\/4\/2024\/03\/Neusiedlersee-Radmarathon-UCI-1536x258.webp 1536w, https:\/\/d2p6e6u75xmxt8.cloudfront.net\/4\/2024\/03\/Neusiedlersee-Radmarathon-UCI-2048x344.webp 2048w, https:\/\/d2p6e6u75xmxt8.cloudfront.net\/4\/2024\/03\/Neusiedlersee-Radmarathon-UCI-1920x323.webp 1920w, https:\/\/d2p6e6u75xmxt8.cloudfront.net\/4\/2024\/03\/Neusiedlersee-Radmarathon-UCI-400x67.webp 400w, https:\/\/d2p6e6u75xmxt8.cloudfront.net\/4\/2024\/03\/Neusiedlersee-Radmarathon-UCI-1920x323.webp 1920w\" sizes=\"auto, (max-width: 1024px) 100vw, 1024px\" \/><\/a><\/p>\n<\/div>\n<\/div><\/div><div id=\"panel-18894-0-0-2\" class=\"so-panel widget widget_sow-editor panel-last-child\" data-index=\"2\" ><div\n\t\t\t\n\t\t\tclass=\"so-widget-sow-editor so-widget-sow-editor-base\"\n\t\t\t\n\t\t>\n<div class=\"siteorigin-widget-tinymce textwidget\">\n\t<p>32. ro\u010dn\u00edk sa kon\u00e1 21. apr\u00edla na svojom tradi\u010dnom mieste, v \u010dasti Rak\u00faska naz\u00fdvan\u00e9ho Burgenland. Tento rok bude bohat\u00fd na viacero \u0161portov\u00fdch celebr\u00edt ako napr\u00edklad Andreas Kl\u00f6den, dvojn\u00e1sobn\u00fd celkov\u00fd vicemajster Tour de France, alebo nemeck\u00fd olympijsk\u00fd v\u00ed\u0165azi Tobias Wendl a Tobias Arlt. <strong>Celkovo sa marat\u00f3nu z\u00fa\u010dastn\u00ed mno\u017estvo \u0161portovcov z viac ako 38 kraj\u00edn.<\/strong> Tra\u0165 je nezmenen\u00e1 a ako ka\u017ed\u00fd rok budem ma\u0165 125km a 600 v\u00fd\u0161kov\u00fdch metrov. K dispoz\u00edcii bude aj mo\u017enos\u0165 polmarat\u00f3nu s vyu\u017eit\u00edm trajektu.<\/p>\n<div class=\"embed-controller-wrapper\">\n<div class=\"embed-wrapper\"><iframe title=\"NRM 2023 Highlights\" width=\"500\" height=\"281\" data-src=\"https:\/\/www.youtube.com\/embed\/u-NhscXMpFU?feature=oembed&feature=shared&enablejsapi=1\" frameborder=\"0\" allow=\"accelerometer; autoplay; clipboard-write; encrypted-media; gyroscope; picture-in-picture; web-share\" referrerpolicy=\"strict-origin-when-cross-origin\" allowfullscreen><\/iframe><\/div>\n<\/div>\n<p>S\u00fa\u010das\u0165ou marat\u00f3nu bud\u00fa aj r\u00f4zne sprievodn\u00e9 akcie. U\u017e 20. apr\u00edla sa konaj\u00fa preteky v \u010dasovke jednotlivcov a p\u00e1rov, ale aj preteky e-bikov a det\u00ed. Zauj\u00edmavou akciou bude aj <strong>mo\u017enos\u0165 z\u00fa\u010dastni\u0165 sa exkluz\u00edvneho podcastu s Christopherom Strasserom, ultra cyklistom a v\u00ed\u0165azom pretekov Race Across America.<\/strong><\/p>\n<p>Program je ur\u010dite bohat\u00fd. Samotn\u00fd marat\u00f3n je ka\u017edoro\u010dne ve\u013ek\u00fdm l\u00e1kadlom, a to, \u017ee to m\u00e1me skuto\u010dne na skok k susedom, rob\u00ed z tejto akcie skvel\u00fd \u00favod do cyklistickej sez\u00f3ny. Nev\u00e1hajte a z\u00fa\u010dastn\u00edte sa \u010di u\u017e ako pretek\u00e1r alebo aspo\u0148 ako div\u00e1k a pridite si vychutna\u0165 t\u00fa spr\u00e1vnu atmosf\u00e9ru.<\/p>\n<figure id=\"attachment_18888\" aria-describedby=\"caption-attachment-18888\" style=\"width: 990px\" class=\"wp-caption alignnone\"><img loading=\"lazy\" decoding=\"async\" class=\"size-full wp-image-18888\" src=\"https:\/\/d2p6e6u75xmxt8.cloudfront.net\/4\/2024\/03\/01-5.webp\" alt=\"\" width=\"990\" height=\"660\" srcset=\"https:\/\/d2p6e6u75xmxt8.cloudfront.net\/4\/2024\/03\/01-5.webp 990w, https:\/\/d2p6e6u75xmxt8.cloudfront.net\/4\/2024\/03\/01-5-300x200.webp 300w, https:\/\/d2p6e6u75xmxt8.cloudfront.net\/4\/2024\/03\/01-5-768x512.webp 768w, https:\/\/d2p6e6u75xmxt8.cloudfront.net\/4\/2024\/03\/01-5-400x267.webp 400w, https:\/\/d2p6e6u75xmxt8.cloudfront.net\/4\/2024\/03\/01-5-272x182.webp 272w\" sizes=\"auto, (max-width: 990px) 100vw, 990px\" \/><figcaption id=\"caption-attachment-18888\" class=\"wp-caption-text\">Timea Ra\u00e1bov\u00e1 na trati Neusiedlersee Radmarathon 2023<\/figcaption><\/figure>\n<\/div>\n<\/div><\/div><\/div><\/div><div id=\"pg-18894-1\"  class=\"panel-grid panel-no-style\" ><div id=\"pgc-18894-1-0\"  class=\"panel-grid-cell\" ><div id=\"panel-18894-1-0-0\" class=\"so-panel widget widget_sow-editor panel-first-child panel-last-child\" data-index=\"3\" ><div class=\"panel-widget-style panel-widget-style-for-18894-1-0-0\" ><div\n\t\t\t\n\t\t\tclass=\"so-widget-sow-editor so-widget-sow-editor-base\"\n\t\t\t\n\t\t>\n<div class=\"siteorigin-widget-tinymce textwidget\">\n\t<h2><strong>Zaujal v\u00e1s Cyklomarat\u00f3n okolo Nezidersk\u00e9ho jazera?\u00a0<\/strong><\/h2>\n<p>Chcete sa z\u00fa\u010dastni\u0165 pretekov? Alebo si len urobi\u0165 v\u00edkendov\u00fd v\u00fdlet na bicykloch?<\/p>\n<p>Sledujte aj na\u010falej WeLoveCycling na Facebooku, kde \u010doskoro za\u010dne s\u00fa\u0165a\u017e o \u0161tartovn\u00e9 na \u010dasovke aj hlavn\u00fdch pretekoch.<\/p>\n<div class=\"social social-list no-followers\"><a class=\"social-network icon icon-facebook\" style=\"text-decoration:none;\" href=\"https:\/\/www.facebook.com\/welovecycling.sk\" target=\"_blank\" rel=\"noopener\" data-label=\"Facebook\"><\/a><\/div>\n<\/div>\n<\/div><\/div><\/div><\/div><\/div><div id=\"pg-18894-2\"  class=\"panel-grid panel-has-style\" ><div class=\"panel-row-style panel-row-style-for-18894-2\" ><div id=\"pgc-18894-2-0\"  class=\"panel-grid-cell\" ><div id=\"panel-18894-2-0-0\" class=\"so-panel widget widget_sow-editor panel-first-child panel-last-child\" data-index=\"4\" ><div\n\t\t\t\n\t\t\tclass=\"so-widget-sow-editor so-widget-sow-editor-base\"\n\t\t\t\n\t\t>\n<div class=\"siteorigin-widget-tinymce textwidget\">\n\t<p><span style=\"font-weight: 400;\">Ak st\u00e1le v\u00e1hate, tak u\u017e \u010doskoro m\u00f4\u017eu na <\/span><a href=\"https:\/\/www.facebook.com\/welovecycling.sk\" target=\"_blank\" rel=\"noopener\"><span style=\"font-weight: 400;\">na\u0161om Facebooku<\/span><\/a><span style=\"font-weight: 400;\"> piati z v\u00e1s vyhra\u0165 \u0161tartovn\u00e9 na \u010dasovku a dal\u0161im piatim cyklistom pon\u00fakame mo\u017enos\u0165 z\u00fa\u010dastni\u0165 sa na samotn\u00fdch pretekoch. <strong>Celkovo bude v hre 10 \u0161tartovn\u00fdch v hodnote 700 \u20ac!<\/strong> Minul\u00fd rok sa s nami so <\/span><a href=\"https:\/\/www.welovecycling.com\/sk\/2023\/05\/12\/neusiedlersee-radmarathon-uci-gran-fondo-zazitok-len-par-kilometrov-za-slovenskymi-hranicami\/\" target=\"_blank\" rel=\"noopener\"><span style=\"font-weight: 400;\">svojimi z\u00e1\u017eitkami<\/span><\/a><span style=\"font-weight: 400;\"> podelila v\u00fdherky\u0148a Timea.<\/span><\/p>\n<\/div>\n<\/div><\/div><\/div><\/div><\/div><div id=\"pg-18894-3\"  class=\"panel-grid panel-has-style\" ><div class=\"panel-row-style panel-row-style-for-18894-3\" ><div id=\"pgc-18894-3-0\"  class=\"panel-grid-cell\" ><div id=\"panel-18894-3-0-0\" class=\"so-panel widget widget_media_gallery panel-first-child panel-last-child\" data-index=\"5\" ><div id='gallery-1' class='gallery galleryid-18894 gallery-columns-3 gallery-size-thumbnail'><figure class='gallery-item'>\n\t\t\t<div class='gallery-icon landscape'>\n\t\t\t\t<a href='https:\/\/www.welovecycling.com\/sk\/2024\/03\/27\/neusiedler-see-radmarathon-oblubeny-maraton-u-susedov-mozes-zazit-aj-ty\/sportshot-de_01\/'><img loading=\"lazy\" decoding=\"async\" width=\"150\" height=\"150\" src=\"https:\/\/d2p6e6u75xmxt8.cloudfront.net\/4\/2024\/03\/sportshot.de_01-150x150.webp\" class=\"attachment-thumbnail size-thumbnail\" alt=\"\" srcset=\"https:\/\/d2p6e6u75xmxt8.cloudfront.net\/4\/2024\/03\/sportshot.de_01-150x150.webp 150w, https:\/\/d2p6e6u75xmxt8.cloudfront.net\/4\/2024\/03\/sportshot.de_01-1920x1084.webp 1920w\" sizes=\"auto, (max-width: 150px) 100vw, 150px\" \/><\/a>\n\t\t\t<\/div><\/figure><figure class='gallery-item'>\n\t\t\t<div class='gallery-icon landscape'>\n\t\t\t\t<a href='https:\/\/www.welovecycling.com\/sk\/2024\/03\/27\/neusiedler-see-radmarathon-oblubeny-maraton-u-susedov-mozes-zazit-aj-ty\/sportshot_de_6r3a1820\/'><img loading=\"lazy\" decoding=\"async\" width=\"150\" height=\"150\" src=\"https:\/\/d2p6e6u75xmxt8.cloudfront.net\/4\/2024\/03\/sportshot_de_6R3A1820-150x150.webp\" class=\"attachment-thumbnail size-thumbnail\" alt=\"\" srcset=\"https:\/\/d2p6e6u75xmxt8.cloudfront.net\/4\/2024\/03\/sportshot_de_6R3A1820-150x150.webp 150w, https:\/\/d2p6e6u75xmxt8.cloudfront.net\/4\/2024\/03\/sportshot_de_6R3A1820-1920x1280.webp 1920w\" sizes=\"auto, (max-width: 150px) 100vw, 150px\" \/><\/a>\n\t\t\t<\/div><\/figure><figure class='gallery-item'>\n\t\t\t<div class='gallery-icon landscape'>\n\t\t\t\t<a href='https:\/\/www.welovecycling.com\/sk\/2024\/03\/27\/neusiedler-see-radmarathon-oblubeny-maraton-u-susedov-mozes-zazit-aj-ty\/sportshot_de_6r3a2246\/'><img loading=\"lazy\" decoding=\"async\" width=\"150\" height=\"150\" src=\"https:\/\/d2p6e6u75xmxt8.cloudfront.net\/4\/2024\/03\/sportshot_de_6R3A2246-150x150.webp\" class=\"attachment-thumbnail size-thumbnail\" alt=\"\" srcset=\"https:\/\/d2p6e6u75xmxt8.cloudfront.net\/4\/2024\/03\/sportshot_de_6R3A2246-150x150.webp 150w, https:\/\/d2p6e6u75xmxt8.cloudfront.net\/4\/2024\/03\/sportshot_de_6R3A2246-1920x1280.webp 1920w\" sizes=\"auto, (max-width: 150px) 100vw, 150px\" \/><\/a>\n\t\t\t<\/div><\/figure><figure class='gallery-item'>\n\t\t\t<div class='gallery-icon landscape'>\n\t\t\t\t<a href='https:\/\/www.welovecycling.com\/sk\/2024\/03\/27\/neusiedler-see-radmarathon-oblubeny-maraton-u-susedov-mozes-zazit-aj-ty\/sportshot-de_06\/'><img loading=\"lazy\" decoding=\"async\" width=\"150\" height=\"150\" src=\"https:\/\/d2p6e6u75xmxt8.cloudfront.net\/4\/2024\/03\/sportshot.de_06-150x150.webp\" class=\"attachment-thumbnail size-thumbnail\" alt=\"\" srcset=\"https:\/\/d2p6e6u75xmxt8.cloudfront.net\/4\/2024\/03\/sportshot.de_06-150x150.webp 150w, https:\/\/d2p6e6u75xmxt8.cloudfront.net\/4\/2024\/03\/sportshot.de_06-1920x1280.webp 1920w\" sizes=\"auto, (max-width: 150px) 100vw, 150px\" \/><\/a>\n\t\t\t<\/div><\/figure><figure class='gallery-item'>\n\t\t\t<div class='gallery-icon landscape'>\n\t\t\t\t<a href='https:\/\/www.welovecycling.com\/sk\/2024\/03\/27\/neusiedler-see-radmarathon-oblubeny-maraton-u-susedov-mozes-zazit-aj-ty\/mgl1556\/'><img loading=\"lazy\" decoding=\"async\" width=\"150\" height=\"150\" src=\"https:\/\/d2p6e6u75xmxt8.cloudfront.net\/4\/2024\/03\/MGL1556-150x150.webp\" class=\"attachment-thumbnail size-thumbnail\" alt=\"\" srcset=\"https:\/\/d2p6e6u75xmxt8.cloudfront.net\/4\/2024\/03\/MGL1556-150x150.webp 150w, https:\/\/d2p6e6u75xmxt8.cloudfront.net\/4\/2024\/03\/MGL1556-1920x1280.webp 1920w\" sizes=\"auto, (max-width: 150px) 100vw, 150px\" \/><\/a>\n\t\t\t<\/div><\/figure><figure class='gallery-item'>\n\t\t\t<div class='gallery-icon landscape'>\n\t\t\t\t<a href='https:\/\/www.welovecycling.com\/sk\/2024\/03\/27\/neusiedler-see-radmarathon-oblubeny-maraton-u-susedov-mozes-zazit-aj-ty\/sportshot_de_img_1673\/'><img loading=\"lazy\" decoding=\"async\" width=\"150\" height=\"150\" src=\"https:\/\/d2p6e6u75xmxt8.cloudfront.net\/4\/2024\/03\/sportshot_de_IMG_1673-150x150.webp\" class=\"attachment-thumbnail size-thumbnail\" alt=\"\" srcset=\"https:\/\/d2p6e6u75xmxt8.cloudfront.net\/4\/2024\/03\/sportshot_de_IMG_1673-150x150.webp 150w, https:\/\/d2p6e6u75xmxt8.cloudfront.net\/4\/2024\/03\/sportshot_de_IMG_1673-1920x1280.webp 1920w\" sizes=\"auto, (max-width: 150px) 100vw, 150px\" \/><\/a>\n\t\t\t<\/div><\/figure><figure class='gallery-item'>\n\t\t\t<div class='gallery-icon landscape'>\n\t\t\t\t<a href='https:\/\/www.welovecycling.com\/sk\/2024\/03\/27\/neusiedler-see-radmarathon-oblubeny-maraton-u-susedov-mozes-zazit-aj-ty\/sportshot-de_05\/'><img loading=\"lazy\" decoding=\"async\" width=\"150\" height=\"150\" src=\"https:\/\/d2p6e6u75xmxt8.cloudfront.net\/4\/2024\/03\/sportshot.de_05-150x150.webp\" class=\"attachment-thumbnail size-thumbnail\" alt=\"\" srcset=\"https:\/\/d2p6e6u75xmxt8.cloudfront.net\/4\/2024\/03\/sportshot.de_05-150x150.webp 150w, https:\/\/d2p6e6u75xmxt8.cloudfront.net\/4\/2024\/03\/sportshot.de_05-1920x1280.webp 1920w\" sizes=\"auto, (max-width: 150px) 100vw, 150px\" \/><\/a>\n\t\t\t<\/div><\/figure><figure class='gallery-item'>\n\t\t\t<div class='gallery-icon landscape'>\n\t\t\t\t<a href='https:\/\/www.welovecycling.com\/sk\/2024\/03\/27\/neusiedler-see-radmarathon-oblubeny-maraton-u-susedov-mozes-zazit-aj-ty\/sportshot_de_3l3a7502\/'><img loading=\"lazy\" decoding=\"async\" width=\"150\" height=\"150\" src=\"https:\/\/d2p6e6u75xmxt8.cloudfront.net\/4\/2024\/03\/sportshot_de_3L3A7502-150x150.webp\" class=\"attachment-thumbnail size-thumbnail\" alt=\"\" srcset=\"https:\/\/d2p6e6u75xmxt8.cloudfront.net\/4\/2024\/03\/sportshot_de_3L3A7502-150x150.webp 150w, https:\/\/d2p6e6u75xmxt8.cloudfront.net\/4\/2024\/03\/sportshot_de_3L3A7502-1920x1280.webp 1920w\" sizes=\"auto, (max-width: 150px) 100vw, 150px\" \/><\/a>\n\t\t\t<\/div><\/figure><figure class='gallery-item'>\n\t\t\t<div class='gallery-icon landscape'>\n\t\t\t\t<a href='https:\/\/www.welovecycling.com\/sk\/2024\/03\/27\/neusiedler-see-radmarathon-oblubeny-maraton-u-susedov-mozes-zazit-aj-ty\/dscf7964\/'><img loading=\"lazy\" decoding=\"async\" width=\"150\" height=\"150\" src=\"https:\/\/d2p6e6u75xmxt8.cloudfront.net\/4\/2024\/03\/DSCF7964-150x150.webp\" class=\"attachment-thumbnail size-thumbnail\" alt=\"\" srcset=\"https:\/\/d2p6e6u75xmxt8.cloudfront.net\/4\/2024\/03\/DSCF7964-150x150.webp 150w, https:\/\/d2p6e6u75xmxt8.cloudfront.net\/4\/2024\/03\/DSCF7964-1920x1280.webp 1920w\" sizes=\"auto, (max-width: 150px) 100vw, 150px\" \/><\/a>\n\t\t\t<\/div><\/figure><figure class='gallery-item'>\n\t\t\t<div class='gallery-icon landscape'>\n\t\t\t\t<a href='https:\/\/www.welovecycling.com\/sk\/2024\/03\/27\/neusiedler-see-radmarathon-oblubeny-maraton-u-susedov-mozes-zazit-aj-ty\/dscf0863\/'><img loading=\"lazy\" decoding=\"async\" width=\"150\" height=\"150\" src=\"https:\/\/d2p6e6u75xmxt8.cloudfront.net\/4\/2024\/03\/DSCF0863-150x150.webp\" class=\"attachment-thumbnail size-thumbnail\" alt=\"\" srcset=\"https:\/\/d2p6e6u75xmxt8.cloudfront.net\/4\/2024\/03\/DSCF0863-150x150.webp 150w, https:\/\/d2p6e6u75xmxt8.cloudfront.net\/4\/2024\/03\/DSCF0863-1920x1280.webp 1920w\" sizes=\"auto, (max-width: 150px) 100vw, 150px\" \/><\/a>\n\t\t\t<\/div><\/figure><figure class='gallery-item'>\n\t\t\t<div class='gallery-icon landscape'>\n\t\t\t\t<a href='https:\/\/www.welovecycling.com\/sk\/2024\/03\/27\/neusiedler-see-radmarathon-oblubeny-maraton-u-susedov-mozes-zazit-aj-ty\/dscf7998\/'><img loading=\"lazy\" decoding=\"async\" width=\"150\" height=\"150\" src=\"https:\/\/d2p6e6u75xmxt8.cloudfront.net\/4\/2024\/03\/DSCF7998-150x150.webp\" class=\"attachment-thumbnail size-thumbnail\" alt=\"\" srcset=\"https:\/\/d2p6e6u75xmxt8.cloudfront.net\/4\/2024\/03\/DSCF7998-150x150.webp 150w, https:\/\/d2p6e6u75xmxt8.cloudfront.net\/4\/2024\/03\/DSCF7998-1920x1280.webp 1920w\" sizes=\"auto, (max-width: 150px) 100vw, 150px\" \/><\/a>\n\t\t\t<\/div><\/figure><figure class='gallery-item'>\n\t\t\t<div class='gallery-icon landscape'>\n\t\t\t\t<a href='https:\/\/www.welovecycling.com\/sk\/2024\/03\/27\/neusiedler-see-radmarathon-oblubeny-maraton-u-susedov-mozes-zazit-aj-ty\/dsc2047\/'><img loading=\"lazy\" decoding=\"async\" width=\"150\" height=\"150\" src=\"https:\/\/d2p6e6u75xmxt8.cloudfront.net\/4\/2024\/03\/DSC2047-150x150.webp\" class=\"attachment-thumbnail size-thumbnail\" alt=\"\" srcset=\"https:\/\/d2p6e6u75xmxt8.cloudfront.net\/4\/2024\/03\/DSC2047-150x150.webp 150w, https:\/\/d2p6e6u75xmxt8.cloudfront.net\/4\/2024\/03\/DSC2047-1920x1280.webp 1920w\" sizes=\"auto, (max-width: 150px) 100vw, 150px\" \/><\/a>\n\t\t\t<\/div><\/figure><figure class='gallery-item'>\n\t\t\t<div class='gallery-icon landscape'>\n\t\t\t\t<a href='https:\/\/www.welovecycling.com\/sk\/2024\/03\/27\/neusiedler-see-radmarathon-oblubeny-maraton-u-susedov-mozes-zazit-aj-ty\/sportshot-de_08\/'><img loading=\"lazy\" decoding=\"async\" width=\"150\" height=\"150\" src=\"https:\/\/d2p6e6u75xmxt8.cloudfront.net\/4\/2024\/03\/sportshot.de_08-150x150.webp\" class=\"attachment-thumbnail size-thumbnail\" alt=\"\" srcset=\"https:\/\/d2p6e6u75xmxt8.cloudfront.net\/4\/2024\/03\/sportshot.de_08-150x150.webp 150w, https:\/\/d2p6e6u75xmxt8.cloudfront.net\/4\/2024\/03\/sportshot.de_08-1920x1280.webp 1920w\" sizes=\"auto, (max-width: 150px) 100vw, 150px\" \/><\/a>\n\t\t\t<\/div><\/figure><figure class='gallery-item'>\n\t\t\t<div class='gallery-icon landscape'>\n\t\t\t\t<a href='https:\/\/www.welovecycling.com\/sk\/2024\/03\/27\/neusiedler-see-radmarathon-oblubeny-maraton-u-susedov-mozes-zazit-aj-ty\/dscf7996\/'><img loading=\"lazy\" decoding=\"async\" width=\"150\" height=\"150\" src=\"https:\/\/d2p6e6u75xmxt8.cloudfront.net\/4\/2024\/03\/DSCF7996-150x150.webp\" class=\"attachment-thumbnail size-thumbnail\" alt=\"\" srcset=\"https:\/\/d2p6e6u75xmxt8.cloudfront.net\/4\/2024\/03\/DSCF7996-150x150.webp 150w, https:\/\/d2p6e6u75xmxt8.cloudfront.net\/4\/2024\/03\/DSCF7996-1920x1280.webp 1920w\" sizes=\"auto, (max-width: 150px) 100vw, 150px\" \/><\/a>\n\t\t\t<\/div><\/figure><figure class='gallery-item'>\n\t\t\t<div class='gallery-icon landscape'>\n\t\t\t\t<a href='https:\/\/www.welovecycling.com\/sk\/2024\/03\/27\/neusiedler-see-radmarathon-oblubeny-maraton-u-susedov-mozes-zazit-aj-ty\/sportshot_de_img_1663\/'><img loading=\"lazy\" decoding=\"async\" width=\"150\" height=\"150\" src=\"https:\/\/d2p6e6u75xmxt8.cloudfront.net\/4\/2024\/03\/sportshot_de_IMG_1663-150x150.webp\" class=\"attachment-thumbnail size-thumbnail\" alt=\"\" srcset=\"https:\/\/d2p6e6u75xmxt8.cloudfront.net\/4\/2024\/03\/sportshot_de_IMG_1663-150x150.webp 150w, https:\/\/d2p6e6u75xmxt8.cloudfront.net\/4\/2024\/03\/sportshot_de_IMG_1663-1920x1280.webp 1920w\" sizes=\"auto, (max-width: 150px) 100vw, 150px\" \/><\/a>\n\t\t\t<\/div><\/figure>\n\t\t<\/div>\n<\/div><\/div><\/div><\/div><\/div>","protected":false},"excerpt":{"rendered":"<p>Susedn\u00e9 Rak\u00fasko aj tento rok l\u00e1ka nad\u0161encov cestnej cyklistiky z\u00fa\u010dastni\u0165 sa marat\u00f3nu okolo Nezidersk\u00e9ho jazera. Je to skuto\u010dne skvel\u00e1 pr\u00edle\u017eitos\u0165 [&hellip;]<\/p>\n","protected":false},"author":172,"featured_media":18890,"comment_status":"open","ping_status":"open","sticky":false,"template":"","format":"standard","meta":{"footnotes":""},"categories":[4],"tags":[115,507,53,1583,91,179,598,509,1615,508],"global-categories":[],"class_list":["post-18894","post","type-post","status-publish","format-standard","has-post-thumbnail","hentry","category-cestna-cyklisitika","tag-cestna-cyklistika","tag-cyklorodinka","tag-deti","tag-neusiedler-see-radmarathon","tag-pozvanka","tag-preteky","tag-rakusko","tag-rodina","tag-sezona-2024","tag-vylet"],"yoast_head":"<!-- This site is optimized with the Yoast SEO Premium plugin v25.3 (Yoast SEO v25.9) - https:\/\/yoast.com\/wordpress\/plugins\/seo\/ -->\n<title>Neusiedler See Radmarathon - ob\u013e\u00faben\u00fd marat\u00f3n u susedov m\u00f4\u017ee\u0161 za\u017ei\u0165 aj ty<\/title>\n<meta name=\"description\" content=\"Susedn\u00e9 Rak\u00fasko aj tento rok l\u00e1ka nad\u0161encov cestnej cyklistiky z\u00fa\u010dastni\u0165 sa marat\u00f3nu okolo Nezidersk\u00e9ho jazera.\" \/>\n<meta name=\"robots\" content=\"index, follow, max-snippet:-1, max-image-preview:large, max-video-preview:-1\" \/>\n<link rel=\"canonical\" href=\"https:\/\/www.welovecycling.com\/sk\/2024\/03\/27\/neusiedler-see-radmarathon-oblubeny-maraton-u-susedov-mozes-zazit-aj-ty\/\" \/>\n<meta property=\"og:locale\" content=\"sk_SK\" \/>\n<meta property=\"og:type\" content=\"article\" \/>\n<meta property=\"og:title\" content=\"Neusiedler See Radmarathon - ob\u013e\u00faben\u00fd marat\u00f3n u susedov m\u00f4\u017ee\u0161 za\u017ei\u0165 aj ty\" \/>\n<meta property=\"og:description\" content=\"Susedn\u00e9 Rak\u00fasko aj tento rok l\u00e1ka nad\u0161encov cestnej cyklistiky z\u00fa\u010dastni\u0165 sa marat\u00f3nu okolo Nezidersk\u00e9ho jazera.\" \/>\n<meta property=\"og:url\" content=\"https:\/\/www.welovecycling.com\/sk\/2024\/03\/27\/neusiedler-see-radmarathon-oblubeny-maraton-u-susedov-mozes-zazit-aj-ty\/\" \/>\n<meta property=\"og:site_name\" content=\"\u0160koda We Love Cycling Slovensko\" \/>\n<meta property=\"article:published_time\" content=\"2024-03-27T11:00:34+00:00\" \/>\n<meta property=\"article:modified_time\" content=\"2024-03-28T19:50:28+00:00\" \/>\n<meta property=\"og:image\" content=\"https:\/\/d2p6e6u75xmxt8.cloudfront.net\/4\/2024\/03\/titulka-2.webp\" \/>\n\t<meta property=\"og:image:width\" content=\"990\" \/>\n\t<meta property=\"og:image:height\" content=\"660\" \/>\n\t<meta property=\"og:image:type\" content=\"image\/webp\" \/>\n<meta name=\"author\" content=\"dominika\" \/>\n<meta name=\"twitter:card\" content=\"summary_large_image\" \/>\n<meta name=\"twitter:label1\" content=\"Written by\" \/>\n\t<meta name=\"twitter:data1\" content=\"WeLoveCycling\" \/>\n\t<meta name=\"twitter:label2\" content=\"Est. reading time\" \/>\n\t<meta name=\"twitter:data2\" content=\"2\" \/>\n<script type=\"application\/ld+json\" class=\"yoast-schema-graph\">{\"@context\":\"https:\/\/schema.org\",\"@graph\":[{\"@type\":\"WebPage\",\"@id\":\"https:\/\/www.welovecycling.com\/sk\/2024\/03\/27\/neusiedler-see-radmarathon-oblubeny-maraton-u-susedov-mozes-zazit-aj-ty\/\",\"url\":\"https:\/\/www.welovecycling.com\/sk\/2024\/03\/27\/neusiedler-see-radmarathon-oblubeny-maraton-u-susedov-mozes-zazit-aj-ty\/\",\"name\":\"Neusiedler See Radmarathon - ob\u013e\u00faben\u00fd marat\u00f3n u susedov m\u00f4\u017ee\u0161 za\u017ei\u0165 aj ty\",\"isPartOf\":{\"@id\":\"https:\/\/www.welovecycling.com\/sk\/#website\"},\"primaryImageOfPage\":{\"@id\":\"https:\/\/www.welovecycling.com\/sk\/2024\/03\/27\/neusiedler-see-radmarathon-oblubeny-maraton-u-susedov-mozes-zazit-aj-ty\/#primaryimage\"},\"image\":{\"@id\":\"https:\/\/www.welovecycling.com\/sk\/2024\/03\/27\/neusiedler-see-radmarathon-oblubeny-maraton-u-susedov-mozes-zazit-aj-ty\/#primaryimage\"},\"thumbnailUrl\":\"https:\/\/d2p6e6u75xmxt8.cloudfront.net\/4\/2024\/03\/titulka-2.webp\",\"datePublished\":\"2024-03-27T11:00:34+00:00\",\"dateModified\":\"2024-03-28T19:50:28+00:00\",\"author\":{\"@id\":\"https:\/\/www.welovecycling.com\/sk\/#\/schema\/person\/533b62b98b6c41bd5135ebfb1f742624\"},\"description\":\"Susedn\u00e9 Rak\u00fasko aj tento rok l\u00e1ka nad\u0161encov cestnej cyklistiky z\u00fa\u010dastni\u0165 sa marat\u00f3nu okolo Nezidersk\u00e9ho jazera.\",\"breadcrumb\":{\"@id\":\"https:\/\/www.welovecycling.com\/sk\/2024\/03\/27\/neusiedler-see-radmarathon-oblubeny-maraton-u-susedov-mozes-zazit-aj-ty\/#breadcrumb\"},\"inLanguage\":\"sk-SK\",\"potentialAction\":[{\"@type\":\"ReadAction\",\"target\":[\"https:\/\/www.welovecycling.com\/sk\/2024\/03\/27\/neusiedler-see-radmarathon-oblubeny-maraton-u-susedov-mozes-zazit-aj-ty\/\"]}]},{\"@type\":\"ImageObject\",\"inLanguage\":\"sk-SK\",\"@id\":\"https:\/\/www.welovecycling.com\/sk\/2024\/03\/27\/neusiedler-see-radmarathon-oblubeny-maraton-u-susedov-mozes-zazit-aj-ty\/#primaryimage\",\"url\":\"https:\/\/d2p6e6u75xmxt8.cloudfront.net\/4\/2024\/03\/titulka-2.webp\",\"contentUrl\":\"https:\/\/d2p6e6u75xmxt8.cloudfront.net\/4\/2024\/03\/titulka-2.webp\",\"width\":990,\"height\":660},{\"@type\":\"BreadcrumbList\",\"@id\":\"https:\/\/www.welovecycling.com\/sk\/2024\/03\/27\/neusiedler-see-radmarathon-oblubeny-maraton-u-susedov-mozes-zazit-aj-ty\/#breadcrumb\",\"itemListElement\":[{\"@type\":\"ListItem\",\"position\":1,\"name\":\"Home\",\"item\":\"https:\/\/www.welovecycling.com\/sk\/\"},{\"@type\":\"ListItem\",\"position\":2,\"name\":\"Neusiedler See Radmarathon &#8211; ob\u013e\u00faben\u00fd marat\u00f3n u susedov m\u00f4\u017ee\u0161 za\u017ei\u0165 aj ty\"}]},{\"@type\":\"WebSite\",\"@id\":\"https:\/\/www.welovecycling.com\/sk\/#website\",\"url\":\"https:\/\/www.welovecycling.com\/sk\/\",\"name\":\"\u0160koda We Love Cycling Slovensko\",\"description\":\"\u0160koda We Love Cycling Slovensko je v\u00e1\u0161 ka\u017edodenn\u00fd zdroj noviniek a in\u0161pir\u00e1cie z sveta cyklistiky\",\"potentialAction\":[{\"@type\":\"SearchAction\",\"target\":{\"@type\":\"EntryPoint\",\"urlTemplate\":\"https:\/\/www.welovecycling.com\/sk\/?s={search_term_string}\"},\"query-input\":{\"@type\":\"PropertyValueSpecification\",\"valueRequired\":true,\"valueName\":\"search_term_string\"}}],\"inLanguage\":\"sk-SK\"},{\"@type\":\"Person\",\"@id\":\"https:\/\/www.welovecycling.com\/sk\/#\/schema\/person\/533b62b98b6c41bd5135ebfb1f742624\",\"name\":\"dominika\",\"image\":{\"@type\":\"ImageObject\",\"inLanguage\":\"sk-SK\",\"@id\":\"https:\/\/www.welovecycling.com\/sk\/#\/schema\/person\/image\/\",\"url\":\"https:\/\/secure.gravatar.com\/avatar\/ded6f274ba2ec3e17fff153f7d9d96a4b33c2cb63907f75d9a5309c599a7f3e6?s=96&d=mm&r=g\",\"contentUrl\":\"https:\/\/secure.gravatar.com\/avatar\/ded6f274ba2ec3e17fff153f7d9d96a4b33c2cb63907f75d9a5309c599a7f3e6?s=96&d=mm&r=g\",\"caption\":\"dominika\"},\"url\":\"https:\/\/www.welovecycling.com\/sk\/author\/dominika\/\"}]}<\/script>\n<!-- \/ Yoast SEO Premium plugin. -->","yoast_head_json":{"title":"Neusiedler See Radmarathon - ob\u013e\u00faben\u00fd marat\u00f3n u susedov m\u00f4\u017ee\u0161 za\u017ei\u0165 aj ty","description":"Susedn\u00e9 Rak\u00fasko aj tento rok l\u00e1ka nad\u0161encov cestnej cyklistiky z\u00fa\u010dastni\u0165 sa marat\u00f3nu okolo Nezidersk\u00e9ho jazera.","robots":{"index":"index","follow":"follow","max-snippet":"max-snippet:-1","max-image-preview":"max-image-preview:large","max-video-preview":"max-video-preview:-1"},"canonical":"https:\/\/www.welovecycling.com\/sk\/2024\/03\/27\/neusiedler-see-radmarathon-oblubeny-maraton-u-susedov-mozes-zazit-aj-ty\/","og_locale":"sk_SK","og_type":"article","og_title":"Neusiedler See Radmarathon - ob\u013e\u00faben\u00fd marat\u00f3n u susedov m\u00f4\u017ee\u0161 za\u017ei\u0165 aj ty","og_description":"Susedn\u00e9 Rak\u00fasko aj tento rok l\u00e1ka nad\u0161encov cestnej cyklistiky z\u00fa\u010dastni\u0165 sa marat\u00f3nu okolo Nezidersk\u00e9ho jazera.","og_url":"https:\/\/www.welovecycling.com\/sk\/2024\/03\/27\/neusiedler-see-radmarathon-oblubeny-maraton-u-susedov-mozes-zazit-aj-ty\/","og_site_name":"\u0160koda We Love Cycling Slovensko","article_published_time":"2024-03-27T11:00:34+00:00","article_modified_time":"2024-03-28T19:50:28+00:00","og_image":[{"width":990,"height":660,"url":"https:\/\/d2p6e6u75xmxt8.cloudfront.net\/4\/2024\/03\/titulka-2.webp","type":"image\/webp"}],"author":"dominika","twitter_card":"summary_large_image","twitter_misc":{"Written by":"WeLoveCycling","Est. reading time":"2"},"schema":{"@context":"https:\/\/schema.org","@graph":[{"@type":"WebPage","@id":"https:\/\/www.welovecycling.com\/sk\/2024\/03\/27\/neusiedler-see-radmarathon-oblubeny-maraton-u-susedov-mozes-zazit-aj-ty\/","url":"https:\/\/www.welovecycling.com\/sk\/2024\/03\/27\/neusiedler-see-radmarathon-oblubeny-maraton-u-susedov-mozes-zazit-aj-ty\/","name":"Neusiedler See Radmarathon - ob\u013e\u00faben\u00fd marat\u00f3n u susedov m\u00f4\u017ee\u0161 za\u017ei\u0165 aj ty","isPartOf":{"@id":"https:\/\/www.welovecycling.com\/sk\/#website"},"primaryImageOfPage":{"@id":"https:\/\/www.welovecycling.com\/sk\/2024\/03\/27\/neusiedler-see-radmarathon-oblubeny-maraton-u-susedov-mozes-zazit-aj-ty\/#primaryimage"},"image":{"@id":"https:\/\/www.welovecycling.com\/sk\/2024\/03\/27\/neusiedler-see-radmarathon-oblubeny-maraton-u-susedov-mozes-zazit-aj-ty\/#primaryimage"},"thumbnailUrl":"https:\/\/d2p6e6u75xmxt8.cloudfront.net\/4\/2024\/03\/titulka-2.webp","datePublished":"2024-03-27T11:00:34+00:00","dateModified":"2024-03-28T19:50:28+00:00","author":{"@id":"https:\/\/www.welovecycling.com\/sk\/#\/schema\/person\/533b62b98b6c41bd5135ebfb1f742624"},"description":"Susedn\u00e9 Rak\u00fasko aj tento rok l\u00e1ka nad\u0161encov cestnej cyklistiky z\u00fa\u010dastni\u0165 sa marat\u00f3nu okolo Nezidersk\u00e9ho jazera.","breadcrumb":{"@id":"https:\/\/www.welovecycling.com\/sk\/2024\/03\/27\/neusiedler-see-radmarathon-oblubeny-maraton-u-susedov-mozes-zazit-aj-ty\/#breadcrumb"},"inLanguage":"sk-SK","potentialAction":[{"@type":"ReadAction","target":["https:\/\/www.welovecycling.com\/sk\/2024\/03\/27\/neusiedler-see-radmarathon-oblubeny-maraton-u-susedov-mozes-zazit-aj-ty\/"]}]},{"@type":"ImageObject","inLanguage":"sk-SK","@id":"https:\/\/www.welovecycling.com\/sk\/2024\/03\/27\/neusiedler-see-radmarathon-oblubeny-maraton-u-susedov-mozes-zazit-aj-ty\/#primaryimage","url":"https:\/\/d2p6e6u75xmxt8.cloudfront.net\/4\/2024\/03\/titulka-2.webp","contentUrl":"https:\/\/d2p6e6u75xmxt8.cloudfront.net\/4\/2024\/03\/titulka-2.webp","width":990,"height":660},{"@type":"BreadcrumbList","@id":"https:\/\/www.welovecycling.com\/sk\/2024\/03\/27\/neusiedler-see-radmarathon-oblubeny-maraton-u-susedov-mozes-zazit-aj-ty\/#breadcrumb","itemListElement":[{"@type":"ListItem","position":1,"name":"Home","item":"https:\/\/www.welovecycling.com\/sk\/"},{"@type":"ListItem","position":2,"name":"Neusiedler See Radmarathon &#8211; ob\u013e\u00faben\u00fd marat\u00f3n u susedov m\u00f4\u017ee\u0161 za\u017ei\u0165 aj ty"}]},{"@type":"WebSite","@id":"https:\/\/www.welovecycling.com\/sk\/#website","url":"https:\/\/www.welovecycling.com\/sk\/","name":"\u0160koda We Love Cycling Slovensko","description":"\u0160koda We Love Cycling Slovensko je v\u00e1\u0161 ka\u017edodenn\u00fd zdroj noviniek a in\u0161pir\u00e1cie z sveta cyklistiky","potentialAction":[{"@type":"SearchAction","target":{"@type":"EntryPoint","urlTemplate":"https:\/\/www.welovecycling.com\/sk\/?s={search_term_string}"},"query-input":{"@type":"PropertyValueSpecification","valueRequired":true,"valueName":"search_term_string"}}],"inLanguage":"sk-SK"},{"@type":"Person","@id":"https:\/\/www.welovecycling.com\/sk\/#\/schema\/person\/533b62b98b6c41bd5135ebfb1f742624","name":"dominika","image":{"@type":"ImageObject","inLanguage":"sk-SK","@id":"https:\/\/www.welovecycling.com\/sk\/#\/schema\/person\/image\/","url":"https:\/\/secure.gravatar.com\/avatar\/ded6f274ba2ec3e17fff153f7d9d96a4b33c2cb63907f75d9a5309c599a7f3e6?s=96&d=mm&r=g","contentUrl":"https:\/\/secure.gravatar.com\/avatar\/ded6f274ba2ec3e17fff153f7d9d96a4b33c2cb63907f75d9a5309c599a7f3e6?s=96&d=mm&r=g","caption":"dominika"},"url":"https:\/\/www.welovecycling.com\/sk\/author\/dominika\/"}]}},"_links":{"self":[{"href":"https:\/\/www.welovecycling.com\/sk\/wp-json\/wp\/v2\/posts\/18894","targetHints":{"allow":["GET"]}}],"collection":[{"href":"https:\/\/www.welovecycling.com\/sk\/wp-json\/wp\/v2\/posts"}],"about":[{"href":"https:\/\/www.welovecycling.com\/sk\/wp-json\/wp\/v2\/types\/post"}],"author":[{"embeddable":true,"href":"https:\/\/www.welovecycling.com\/sk\/wp-json\/wp\/v2\/users\/172"}],"replies":[{"embeddable":true,"href":"https:\/\/www.welovecycling.com\/sk\/wp-json\/wp\/v2\/comments?post=18894"}],"version-history":[{"count":13,"href":"https:\/\/www.welovecycling.com\/sk\/wp-json\/wp\/v2\/posts\/18894\/revisions"}],"predecessor-version":[{"id":18924,"href":"https:\/\/www.welovecycling.com\/sk\/wp-json\/wp\/v2\/posts\/18894\/revisions\/18924"}],"wp:featuredmedia":[{"embeddable":true,"href":"https:\/\/www.welovecycling.com\/sk\/wp-json\/wp\/v2\/media\/18890"}],"wp:attachment":[{"href":"https:\/\/www.welovecycling.com\/sk\/wp-json\/wp\/v2\/media?parent=18894"}],"wp:term":[{"taxonomy":"category","embeddable":true,"href":"https:\/\/www.welovecycling.com\/sk\/wp-json\/wp\/v2\/categories?post=18894"},{"taxonomy":"post_tag","embeddable":true,"href":"https:\/\/www.welovecycling.com\/sk\/wp-json\/wp\/v2\/tags?post=18894"},{"taxonomy":"global-categories","embeddable":true,"href":"https:\/\/www.welovecycling.com\/sk\/wp-json\/wp\/v2\/global-categories?post=18894"}],"curies":[{"name":"wp","href":"https:\/\/api.w.org\/{rel}","templated":true}]}}