{"id":1888,"date":"2017-08-01T17:54:29","date_gmt":"2017-08-01T15:54:29","guid":{"rendered":"https:\/\/www.welovecycling.com\/sk\/?p=1888"},"modified":"2018-06-26T12:53:44","modified_gmt":"2018-06-26T10:53:44","slug":"jedny-najtazsich-pretekov-svete-prvykrat-slovensku","status":"publish","type":"post","link":"https:\/\/www.welovecycling.com\/sk\/2017\/08\/01\/jedny-najtazsich-pretekov-svete-prvykrat-slovensku\/","title":{"rendered":"Jedny z naj\u0165a\u017e\u0161\u00edch pretekov na svete prv\u00fdkr\u00e1t na Slovensku"},"content":{"rendered":"<p><strong>Dok\u00e1zali by ste sedie\u0165 na bicykli 16 hod\u00edn denne, zdola\u0165 ka\u017ed\u00fd de\u0148 400 kilometrov a za 9 dn\u00ed prejs\u0165 naprie\u010d Eur\u00f3pou? Tak to asi m\u00e1lokto. Napriek tomu sa v\u0161ak ka\u017ed\u00fd rok n\u00e1jde dostatok nad\u0161en\u00fdch cyklistov, ktor\u00ed radi siahnu na dno svojich s\u00edl a dok\u00e1\u017eu to.<\/strong><\/p>\n<p><!--more--><\/p>\n<p>Za\u010diatkom augusta m\u00f4\u017eete na Slovensku narazi\u0165 na zapr\u00e1\u0161en\u00fdch a\u00a0op\u00e1len\u00fdch cyklistov ob\u0165a\u017ekan\u00fdch bato\u017einou, s\u00a0odhodlan\u00fdm poh\u013eadom zabodnut\u00fdm vpred. T\u00edto Ironmani cyklistiky si pr\u00e1ve bud\u00fa mera\u0165 sily s\u00a0vlastnou pevnou v\u00f4\u013eou, vytrvalos\u0165ou a odvahou na pretekoch Transcontinental Race.<\/p>\n<h2><strong>Preteky pre najodv\u00e1\u017enej\u0161\u00edch <\/strong><\/h2>\n<p>Transcontinental Race s\u00fa jedny z najn\u00e1ro\u010dnej\u0161\u00edch cyklistick\u00fdch pretekov na svete a\u00a0len \u0165a\u017eko sa daj\u00fa za\u0161katu\u013ekova\u0165. Od ich vzniku v roku 2013 sa toti\u017e ich trasa ka\u017edoro\u010dne men\u00ed. No nielen to. Konkr\u00e9tnu trasu si cyklisti vyberaj\u00fa sami pod\u013ea vlastn\u00e9ho uv\u00e1\u017eenia. Jedinou povinnos\u0165ou je, aby nav\u0161t\u00edvili 4\u00a0checkpointy \u2013 kontroln\u00e9 body, ktor\u00e9 s\u00fa v\u017edy na inom mieste.<\/p>\n<p>Tento rok jazdci nav\u0161t\u00edvia:<\/p>\n<p>1. Z\u00e1mok Lichtenstein, Nemecko<br \/>\n2. Monte Grappa, Taliansko<br \/>\n3. Sliezsky dom, Slovensko<br \/>\n4. Transf\u0103g\u0103r\u0103\u015fan, Rumunsko<\/p>\n<lite-youtube videoid=zrRar42BL9Y params=\"enablejsapi=1\" style=\"background-image: url('https:\/\/i.ytimg.com\/vi_webp\/zrRar42BL9Y\/maxresdefault.webp');\"><\/lite-youtube>\n<h2><strong>Checkpoint \u010d\u00edslo tri: Vysok\u00e9 Tatry &#8211; Sliezsky dom <\/strong><\/h2>\n<p>Aj tento rok, rovnako ako vlani, sa bude \u0161tartova\u0165 v belgickom meste\u010dku Geraardsbergen. Cie\u013e tentoraz nebude v Turecku, ale o \u010dosi bli\u017e\u0161ie, v\u00a0gr\u00e9ckej Meteore. Medzi t\u00fdmito dvomi bodmi, na trase dlhej pribli\u017ene 4 000 kilometrov, \u010dak\u00e1 cyklistov extr\u00e9mne vy\u010derpanie, spanie pri ceste, div\u00e9 psy, vrtochy po\u010dasia a \u0161tyri checkpointy. A pr\u00e1ve jeden z\u00a0 checkpointov pripadol tento rok na Slovensko. Jazdci sa bud\u00fa musie\u0165 vy\u0161tvera\u0165 z Tatranskej Polianky k Hotelu Sliezsky dom vo Vysok\u00fdch Tatr\u00e1ch.<\/p>\n<p><img loading=\"lazy\" decoding=\"async\" class=\"alignnone size-full wp-image-1916\" src=\"https:\/\/d2p6e6u75xmxt8.cloudfront.net\/4\/2017\/08\/sliezsky-dom.jpg\" alt=\"\" width=\"1200\" height=\"754\" \/><\/p>\n<h2><strong>Cyklisti odk\u00e1zan\u00ed sami na seba<\/strong><\/h2>\n<p>N\u00e1ro\u010dnos\u0165 pretekov v\u0161ak nespo\u010d\u00edva len v\u00a0d\u013a\u017eke trate, ktor\u00e1 z roka na rok kol\u00ed\u0161e medzi 3 200 a\u017e 4 200 km, ale vo vyslovenom z\u00e1kaze prij\u00edma\u0165 pomoc od kohoko\u013evek, kto m\u00e1 s pretekmi a s pretek\u00e1rmi \u010doko\u013evek spolo\u010dn\u00e9. \u017diadne technick\u00e9 auto, \u017eiaden podporn\u00fd t\u00edm, dokonca ani samotn\u00ed pretek\u00e1ri si nesm\u00fa navz\u00e1jom pom\u00e1ha\u0165. Stravu, ubytovanie, technick\u00e9 opravy si musia zabezpe\u010di\u0165 sami.<\/p>\n<h2><strong>Cel\u00e1 trasa na jeden z\u00e1\u0165ah<\/strong><\/h2>\n<p>Pretek\u00e1r, ktor\u00fd chce vyhra\u0165, si mus\u00ed ve\u013emi dobre strategicky rozlo\u017ei\u0165 sily medzi \u0161liapanie do ped\u00e1lov a\u00a0odpo\u010dinok. \u010casomiera sa toti\u017e sp\u00fa\u0161\u0165a pri \u0161tarte a\u00a0zastavuje sa a\u017e v\u00a0cieli. V\u00e4\u010d\u0161ine jazdcov sa podar\u00ed dosta\u0165 do cie\u013ea pribli\u017ene za 15 dn\u00ed. Mnoh\u00ed v\u0161ak preteky nedokon\u010dia.<\/p>\n<p>https:\/\/www.facebook.com\/welovecycling.sk\/videos\/353912065022648\/<\/p>\n<h2><strong>A \u010do hovor\u00ed trojn\u00e1sobn\u00fd v\u00ed\u0165az?<\/strong><\/h2>\n<p>Kristof Allegaert, ktor\u00fd vyhral preteky u\u017e trikr\u00e1t, naposledy za 9 dn\u00ed, ve\u013emi dobre vie, ak\u00e9 s\u00fa n\u00e1ro\u010dn\u00e9. A takto varuje pr\u00edpadn\u00fdch z\u00e1ujemcov:<\/p>\n<p><strong><em>\u201ePripravte sa, \u017ee budete trpie\u0165. O\u010dak\u00e1vajte neo\u010dak\u00e1vate\u013en\u00e9. Strat\u00edte sa. Budete extr\u00e9mne hladn\u00ed a nebudete vedie\u0165, \u010di s\u00fa najbli\u017e\u0161ie potraviny 10 min\u00fat alebo 2 hodiny \u010faleko. Siahnete na svoje dno.\u201c<\/em><\/strong><\/p>\n<div class=\"embed-controller-wrapper\">\n<blockquote class=\"twitter-tweet\" data-width=\"500\" data-dnt=\"true\">\n<p lang=\"en\" dir=\"ltr\">&quot;Brutal, just brutal&quot; <br \/>Kristof Allegaert Wins Transcontinental No.4 in 8 days\/\/15 hrs\/\/2 min<a href=\"https:\/\/twitter.com\/hashtag\/TCRNo4?src=hash&amp;ref_src=twsrc%5Etfw\">#TCRNo4<\/a> <a href=\"https:\/\/twitter.com\/PEdALEDjapan?ref_src=twsrc%5Etfw\">@PEdALEDjapan<\/a> <a href=\"https:\/\/t.co\/l4bnwcXWHG\">pic.twitter.com\/l4bnwcXWHG<\/a><\/p>\n<p>&mdash; The Transcontinental (@transconrace) <a href=\"https:\/\/twitter.com\/transconrace\/status\/762247658492817408?ref_src=twsrc%5Etfw\">August 7, 2016<\/a><\/p><\/blockquote>\n<p><script async data-src=\"https:\/\/platform.twitter.com\/widgets.js\" charset=\"utf-8\"><\/script><\/div>\n<p>Jeho varovanie je v\u0161ak pre niektor\u00fdch odv\u00e1\u017enych cyklistov sk\u00f4r povzbuden\u00edm. Ve\u010f ka\u017ed\u00fd rok z\u00e1ujem o tieto preteky st\u00fapa. Zatia\u013e \u010do v prvom ro\u010dn\u00edku nast\u00fapilo na \u0161tart 30 pretek\u00e1rov, v roku 2016 ich bolo u\u017e vy\u0161e 1 000. Preteky dokon\u010dilo 350. Aj to je neklamn\u00fd d\u00f4kaz ich extr\u00e9mnej n\u00e1ro\u010dnosti.<\/p>\n<p>Preteky od\u0161tartovali 28. 7. 2017 v\u00a0Belgicku, no prv\u00ed jazdci sa u\u017e pomaly bl\u00ed\u017eia k na\u0161im hraniciam. Ak na t\u00fdchto odhodlancov niekde naraz\u00edte, nezabudnite ich povzbudi\u0165!<\/p>\n<p><strong>Aktu\u00e1lne poradie a lok\u00e1ciu jednotliv\u00fdch jazdcov m\u00f4\u017eete <a href=\"https:\/\/frrt.org\/tcrno5\/\" target=\"_blank\" rel=\"noopener noreferrer\">sledova\u0165 tu<\/a> (pr\u00edpadne odpor\u00fa\u010dame zr\u00fdchlen\u00fd replay na <a href=\"http:\/\/trackleaders.com\/transconrace17f.php\" target=\"_blank\" rel=\"noopener noreferrer\">tejto str\u00e1nke<\/a>, pozn. redakcie :)).<\/strong><\/p>\n<p>&nbsp;<\/p>\n<h2><a href=\"http:\/\/www.transcontinental.cc\" target=\"_blank\" rel=\"noopener noreferrer\"><strong>Viac info o\u00a0pretekoch<\/strong><\/a><\/h2>\n","protected":false},"excerpt":{"rendered":"<p>Dok\u00e1zali by ste sedie\u0165 na bicykli 16 hod\u00edn denne, zdola\u0165 ka\u017ed\u00fd de\u0148 400 kilometrov a za 9 dn\u00ed prejs\u0165 naprie\u010d [&hellip;]<\/p>\n","protected":false},"author":38,"featured_media":1889,"comment_status":"open","ping_status":"open","sticky":false,"template":"","format":"standard","meta":{"footnotes":""},"categories":[4,34],"tags":[207,206,208,204,202,201,205,203],"global-categories":[],"class_list":["post-1888","post","type-post","status-publish","format-standard","has-post-thumbnail","hentry","category-cestna-cyklisitika","category-podujatia","tag-frank-simons","tag-kristof-allegaert","tag-mike-hall","tag-monte-grappa","tag-sliezsky-dom","tag-transcontinental-race","tag-transfagarasan","tag-zamok-lichtenstein"],"yoast_head":"<!-- This site is optimized with the Yoast SEO Premium plugin v25.3 (Yoast SEO v25.9) - https:\/\/yoast.com\/wordpress\/plugins\/seo\/ -->\n<title>Jedny z naj\u0165a\u017e\u0161\u00edch pretekov na svete prv\u00fdkr\u00e1t na Slovensku - \u0160koda We Love Cycling Slovensko<\/title>\n<meta name=\"robots\" content=\"index, follow, max-snippet:-1, max-image-preview:large, max-video-preview:-1\" \/>\n<link rel=\"canonical\" href=\"https:\/\/www.welovecycling.com\/sk\/2017\/08\/01\/jedny-najtazsich-pretekov-svete-prvykrat-slovensku\/\" \/>\n<meta property=\"og:locale\" content=\"sk_SK\" \/>\n<meta property=\"og:type\" content=\"article\" \/>\n<meta property=\"og:title\" content=\"Jedny z naj\u0165a\u017e\u0161\u00edch pretekov na svete prv\u00fdkr\u00e1t na Slovensku\" \/>\n<meta property=\"og:description\" content=\"Dok\u00e1zali by ste sedie\u0165 na bicykli 16 hod\u00edn denne, zdola\u0165 ka\u017ed\u00fd de\u0148 400 kilometrov a za 9 dn\u00ed prejs\u0165 naprie\u010d [&hellip;]\" \/>\n<meta property=\"og:url\" content=\"https:\/\/www.welovecycling.com\/sk\/2017\/08\/01\/jedny-najtazsich-pretekov-svete-prvykrat-slovensku\/\" \/>\n<meta property=\"og:site_name\" content=\"\u0160koda We Love Cycling Slovensko\" \/>\n<meta property=\"article:published_time\" content=\"2017-08-01T15:54:29+00:00\" \/>\n<meta property=\"article:modified_time\" content=\"2018-06-26T10:53:44+00:00\" \/>\n<meta property=\"og:image\" content=\"https:\/\/d2p6e6u75xmxt8.cloudfront.net\/4\/2017\/08\/Hlavny_obrazok_02.webp\" \/>\n\t<meta property=\"og:image:width\" content=\"1375\" \/>\n\t<meta property=\"og:image:height\" content=\"600\" \/>\n\t<meta property=\"og:image:type\" content=\"image\/webp\" \/>\n<meta name=\"author\" content=\"Ondrej Ga\u0161par\" \/>\n<meta name=\"twitter:card\" content=\"summary_large_image\" \/>\n<meta name=\"twitter:label1\" content=\"Written by\" \/>\n\t<meta name=\"twitter:data1\" content=\"We Love Cycling\" \/>\n\t<meta name=\"twitter:label2\" content=\"Est. reading time\" \/>\n\t<meta name=\"twitter:data2\" content=\"3 minutes\" \/>\n<script type=\"application\/ld+json\" class=\"yoast-schema-graph\">{\"@context\":\"https:\/\/schema.org\",\"@graph\":[{\"@type\":\"WebPage\",\"@id\":\"https:\/\/www.welovecycling.com\/sk\/2017\/08\/01\/jedny-najtazsich-pretekov-svete-prvykrat-slovensku\/\",\"url\":\"https:\/\/www.welovecycling.com\/sk\/2017\/08\/01\/jedny-najtazsich-pretekov-svete-prvykrat-slovensku\/\",\"name\":\"Jedny z naj\u0165a\u017e\u0161\u00edch pretekov na svete prv\u00fdkr\u00e1t na Slovensku - \u0160koda We Love Cycling Slovensko\",\"isPartOf\":{\"@id\":\"https:\/\/www.welovecycling.com\/sk\/#website\"},\"primaryImageOfPage\":{\"@id\":\"https:\/\/www.welovecycling.com\/sk\/2017\/08\/01\/jedny-najtazsich-pretekov-svete-prvykrat-slovensku\/#primaryimage\"},\"image\":{\"@id\":\"https:\/\/www.welovecycling.com\/sk\/2017\/08\/01\/jedny-najtazsich-pretekov-svete-prvykrat-slovensku\/#primaryimage\"},\"thumbnailUrl\":\"https:\/\/d2p6e6u75xmxt8.cloudfront.net\/4\/2017\/08\/Hlavny_obrazok_02.webp\",\"datePublished\":\"2017-08-01T15:54:29+00:00\",\"dateModified\":\"2018-06-26T10:53:44+00:00\",\"author\":{\"@id\":\"https:\/\/www.welovecycling.com\/sk\/#\/schema\/person\/8ee09ba39b7e25b1870160aa5b3a89bc\"},\"breadcrumb\":{\"@id\":\"https:\/\/www.welovecycling.com\/sk\/2017\/08\/01\/jedny-najtazsich-pretekov-svete-prvykrat-slovensku\/#breadcrumb\"},\"inLanguage\":\"sk-SK\",\"potentialAction\":[{\"@type\":\"ReadAction\",\"target\":[\"https:\/\/www.welovecycling.com\/sk\/2017\/08\/01\/jedny-najtazsich-pretekov-svete-prvykrat-slovensku\/\"]}]},{\"@type\":\"ImageObject\",\"inLanguage\":\"sk-SK\",\"@id\":\"https:\/\/www.welovecycling.com\/sk\/2017\/08\/01\/jedny-najtazsich-pretekov-svete-prvykrat-slovensku\/#primaryimage\",\"url\":\"https:\/\/d2p6e6u75xmxt8.cloudfront.net\/4\/2017\/08\/Hlavny_obrazok_02.webp\",\"contentUrl\":\"https:\/\/d2p6e6u75xmxt8.cloudfront.net\/4\/2017\/08\/Hlavny_obrazok_02.webp\",\"width\":1375,\"height\":600},{\"@type\":\"BreadcrumbList\",\"@id\":\"https:\/\/www.welovecycling.com\/sk\/2017\/08\/01\/jedny-najtazsich-pretekov-svete-prvykrat-slovensku\/#breadcrumb\",\"itemListElement\":[{\"@type\":\"ListItem\",\"position\":1,\"name\":\"Home\",\"item\":\"https:\/\/www.welovecycling.com\/sk\/\"},{\"@type\":\"ListItem\",\"position\":2,\"name\":\"Jedny z naj\u0165a\u017e\u0161\u00edch pretekov na svete prv\u00fdkr\u00e1t na Slovensku\"}]},{\"@type\":\"WebSite\",\"@id\":\"https:\/\/www.welovecycling.com\/sk\/#website\",\"url\":\"https:\/\/www.welovecycling.com\/sk\/\",\"name\":\"\u0160koda We Love Cycling Slovensko\",\"description\":\"\u0160koda We Love Cycling Slovensko je v\u00e1\u0161 ka\u017edodenn\u00fd zdroj noviniek a in\u0161pir\u00e1cie z sveta cyklistiky\",\"potentialAction\":[{\"@type\":\"SearchAction\",\"target\":{\"@type\":\"EntryPoint\",\"urlTemplate\":\"https:\/\/www.welovecycling.com\/sk\/?s={search_term_string}\"},\"query-input\":{\"@type\":\"PropertyValueSpecification\",\"valueRequired\":true,\"valueName\":\"search_term_string\"}}],\"inLanguage\":\"sk-SK\"},{\"@type\":\"Person\",\"@id\":\"https:\/\/www.welovecycling.com\/sk\/#\/schema\/person\/8ee09ba39b7e25b1870160aa5b3a89bc\",\"name\":\"Ondrej Ga\u0161par\",\"image\":{\"@type\":\"ImageObject\",\"inLanguage\":\"sk-SK\",\"@id\":\"https:\/\/www.welovecycling.com\/sk\/#\/schema\/person\/image\/\",\"url\":\"https:\/\/secure.gravatar.com\/avatar\/6126c9afb87b70da5abbb083ddbb21933da15f18f8ca7cb822aba0fb096a48f6?s=96&d=mm&r=g\",\"contentUrl\":\"https:\/\/secure.gravatar.com\/avatar\/6126c9afb87b70da5abbb083ddbb21933da15f18f8ca7cb822aba0fb096a48f6?s=96&d=mm&r=g\",\"caption\":\"Ondrej Ga\u0161par\"},\"url\":\"https:\/\/www.welovecycling.com\/sk\/author\/ondrejgaspar\/\"}]}<\/script>\n<!-- \/ Yoast SEO Premium plugin. -->","yoast_head_json":{"title":"Jedny z naj\u0165a\u017e\u0161\u00edch pretekov na svete prv\u00fdkr\u00e1t na Slovensku - \u0160koda We Love Cycling Slovensko","robots":{"index":"index","follow":"follow","max-snippet":"max-snippet:-1","max-image-preview":"max-image-preview:large","max-video-preview":"max-video-preview:-1"},"canonical":"https:\/\/www.welovecycling.com\/sk\/2017\/08\/01\/jedny-najtazsich-pretekov-svete-prvykrat-slovensku\/","og_locale":"sk_SK","og_type":"article","og_title":"Jedny z naj\u0165a\u017e\u0161\u00edch pretekov na svete prv\u00fdkr\u00e1t na Slovensku","og_description":"Dok\u00e1zali by ste sedie\u0165 na bicykli 16 hod\u00edn denne, zdola\u0165 ka\u017ed\u00fd de\u0148 400 kilometrov a za 9 dn\u00ed prejs\u0165 naprie\u010d [&hellip;]","og_url":"https:\/\/www.welovecycling.com\/sk\/2017\/08\/01\/jedny-najtazsich-pretekov-svete-prvykrat-slovensku\/","og_site_name":"\u0160koda We Love Cycling Slovensko","article_published_time":"2017-08-01T15:54:29+00:00","article_modified_time":"2018-06-26T10:53:44+00:00","og_image":[{"width":1375,"height":600,"url":"https:\/\/d2p6e6u75xmxt8.cloudfront.net\/4\/2017\/08\/Hlavny_obrazok_02.webp","type":"image\/webp"}],"author":"Ondrej Ga\u0161par","twitter_card":"summary_large_image","twitter_misc":{"Written by":"We Love Cycling","Est. reading time":"3 minutes"},"schema":{"@context":"https:\/\/schema.org","@graph":[{"@type":"WebPage","@id":"https:\/\/www.welovecycling.com\/sk\/2017\/08\/01\/jedny-najtazsich-pretekov-svete-prvykrat-slovensku\/","url":"https:\/\/www.welovecycling.com\/sk\/2017\/08\/01\/jedny-najtazsich-pretekov-svete-prvykrat-slovensku\/","name":"Jedny z naj\u0165a\u017e\u0161\u00edch pretekov na svete prv\u00fdkr\u00e1t na Slovensku - \u0160koda We Love Cycling Slovensko","isPartOf":{"@id":"https:\/\/www.welovecycling.com\/sk\/#website"},"primaryImageOfPage":{"@id":"https:\/\/www.welovecycling.com\/sk\/2017\/08\/01\/jedny-najtazsich-pretekov-svete-prvykrat-slovensku\/#primaryimage"},"image":{"@id":"https:\/\/www.welovecycling.com\/sk\/2017\/08\/01\/jedny-najtazsich-pretekov-svete-prvykrat-slovensku\/#primaryimage"},"thumbnailUrl":"https:\/\/d2p6e6u75xmxt8.cloudfront.net\/4\/2017\/08\/Hlavny_obrazok_02.webp","datePublished":"2017-08-01T15:54:29+00:00","dateModified":"2018-06-26T10:53:44+00:00","author":{"@id":"https:\/\/www.welovecycling.com\/sk\/#\/schema\/person\/8ee09ba39b7e25b1870160aa5b3a89bc"},"breadcrumb":{"@id":"https:\/\/www.welovecycling.com\/sk\/2017\/08\/01\/jedny-najtazsich-pretekov-svete-prvykrat-slovensku\/#breadcrumb"},"inLanguage":"sk-SK","potentialAction":[{"@type":"ReadAction","target":["https:\/\/www.welovecycling.com\/sk\/2017\/08\/01\/jedny-najtazsich-pretekov-svete-prvykrat-slovensku\/"]}]},{"@type":"ImageObject","inLanguage":"sk-SK","@id":"https:\/\/www.welovecycling.com\/sk\/2017\/08\/01\/jedny-najtazsich-pretekov-svete-prvykrat-slovensku\/#primaryimage","url":"https:\/\/d2p6e6u75xmxt8.cloudfront.net\/4\/2017\/08\/Hlavny_obrazok_02.webp","contentUrl":"https:\/\/d2p6e6u75xmxt8.cloudfront.net\/4\/2017\/08\/Hlavny_obrazok_02.webp","width":1375,"height":600},{"@type":"BreadcrumbList","@id":"https:\/\/www.welovecycling.com\/sk\/2017\/08\/01\/jedny-najtazsich-pretekov-svete-prvykrat-slovensku\/#breadcrumb","itemListElement":[{"@type":"ListItem","position":1,"name":"Home","item":"https:\/\/www.welovecycling.com\/sk\/"},{"@type":"ListItem","position":2,"name":"Jedny z naj\u0165a\u017e\u0161\u00edch pretekov na svete prv\u00fdkr\u00e1t na Slovensku"}]},{"@type":"WebSite","@id":"https:\/\/www.welovecycling.com\/sk\/#website","url":"https:\/\/www.welovecycling.com\/sk\/","name":"\u0160koda We Love Cycling Slovensko","description":"\u0160koda We Love Cycling Slovensko je v\u00e1\u0161 ka\u017edodenn\u00fd zdroj noviniek a in\u0161pir\u00e1cie z sveta cyklistiky","potentialAction":[{"@type":"SearchAction","target":{"@type":"EntryPoint","urlTemplate":"https:\/\/www.welovecycling.com\/sk\/?s={search_term_string}"},"query-input":{"@type":"PropertyValueSpecification","valueRequired":true,"valueName":"search_term_string"}}],"inLanguage":"sk-SK"},{"@type":"Person","@id":"https:\/\/www.welovecycling.com\/sk\/#\/schema\/person\/8ee09ba39b7e25b1870160aa5b3a89bc","name":"Ondrej Ga\u0161par","image":{"@type":"ImageObject","inLanguage":"sk-SK","@id":"https:\/\/www.welovecycling.com\/sk\/#\/schema\/person\/image\/","url":"https:\/\/secure.gravatar.com\/avatar\/6126c9afb87b70da5abbb083ddbb21933da15f18f8ca7cb822aba0fb096a48f6?s=96&d=mm&r=g","contentUrl":"https:\/\/secure.gravatar.com\/avatar\/6126c9afb87b70da5abbb083ddbb21933da15f18f8ca7cb822aba0fb096a48f6?s=96&d=mm&r=g","caption":"Ondrej Ga\u0161par"},"url":"https:\/\/www.welovecycling.com\/sk\/author\/ondrejgaspar\/"}]}},"_links":{"self":[{"href":"https:\/\/www.welovecycling.com\/sk\/wp-json\/wp\/v2\/posts\/1888","targetHints":{"allow":["GET"]}}],"collection":[{"href":"https:\/\/www.welovecycling.com\/sk\/wp-json\/wp\/v2\/posts"}],"about":[{"href":"https:\/\/www.welovecycling.com\/sk\/wp-json\/wp\/v2\/types\/post"}],"author":[{"embeddable":true,"href":"https:\/\/www.welovecycling.com\/sk\/wp-json\/wp\/v2\/users\/38"}],"replies":[{"embeddable":true,"href":"https:\/\/www.welovecycling.com\/sk\/wp-json\/wp\/v2\/comments?post=1888"}],"version-history":[{"count":2,"href":"https:\/\/www.welovecycling.com\/sk\/wp-json\/wp\/v2\/posts\/1888\/revisions"}],"predecessor-version":[{"id":3959,"href":"https:\/\/www.welovecycling.com\/sk\/wp-json\/wp\/v2\/posts\/1888\/revisions\/3959"}],"wp:featuredmedia":[{"embeddable":true,"href":"https:\/\/www.welovecycling.com\/sk\/wp-json\/wp\/v2\/media\/1889"}],"wp:attachment":[{"href":"https:\/\/www.welovecycling.com\/sk\/wp-json\/wp\/v2\/media?parent=1888"}],"wp:term":[{"taxonomy":"category","embeddable":true,"href":"https:\/\/www.welovecycling.com\/sk\/wp-json\/wp\/v2\/categories?post=1888"},{"taxonomy":"post_tag","embeddable":true,"href":"https:\/\/www.welovecycling.com\/sk\/wp-json\/wp\/v2\/tags?post=1888"},{"taxonomy":"global-categories","embeddable":true,"href":"https:\/\/www.welovecycling.com\/sk\/wp-json\/wp\/v2\/global-categories?post=1888"}],"curies":[{"name":"wp","href":"https:\/\/api.w.org\/{rel}","templated":true}]}}