{"id":18855,"date":"2024-05-02T16:00:21","date_gmt":"2024-05-02T14:00:21","guid":{"rendered":"https:\/\/www.welovecycling.com\/sk\/?p=18855"},"modified":"2024-05-02T08:56:36","modified_gmt":"2024-05-02T06:56:36","slug":"rozhovor-rajecka-dolina-malebne-a-roznorode-miesto-pre-cyklistov","status":"publish","type":"post","link":"https:\/\/www.welovecycling.com\/sk\/2024\/05\/02\/rozhovor-rajecka-dolina-malebne-a-roznorode-miesto-pre-cyklistov\/","title":{"rendered":"Rozhovor: Rajeck\u00e1 dolina \u2013 malebn\u00e9 a r\u00f4znorod\u00e9 miesto pre cyklistov"},"content":{"rendered":"<p><strong>Viac ako 150 kilometrov zna\u010den\u00fdch cyklotr\u00e1s, bohat\u00e1 sie\u0165 horsk\u00fdch studni\u010diek, cyklomont\u00e1\u017ene stojany a omnoho viac pon\u00faka malebn\u00e1 a r\u00f4znorod\u00e1 <a href=\"https:\/\/www.rajeckadolina.sk\/sk\/\" target=\"_blank\" rel=\"noopener\">Rajeck\u00e1 dolina<\/a>. A nielen cyklotrasy, ale aj mnoho in\u00fdch zauj\u00edmavost\u00ed, hist\u00f3rie a kult\u00farneho bohatstva v \u0161irokom okol\u00ed. O tomto v\u0161etkom som sa rozpr\u00e1val s predsedom OOCR, Petrom Sly\u0161kom.\u00a0<\/strong><!--more--><\/p>\n<h3><b>Ako vznikol projekt CykloRAJ? Kto st\u00e1l za jeho vznikom?<\/b><\/h3>\n<p><em><span style=\"font-weight: 400;\">Ako predseda OOCR som osobne st\u00e1l pri vzniku tohto kr\u00e1sneho projektu. Ide o\u00a0cyklistiku a\u00a0cykloturistiku v\u00a0Rajeckej doline. Spolo\u010dne s\u00a0na\u0161imi \u010dlenmi z\u00a0OOCR Rajeck\u00e1 dolina sme s\u00a0t\u00fdmto projektom za\u010dali u\u017e v\u00a0roku 2019 a\u00a0som ve\u013emi r\u00e1d, \u017ee sa n\u00e1m dar\u00ed \u00faspe\u0161ne ho budova\u0165 a\u00a0ka\u017ed\u00fd rok prich\u00e1dza\u0165 s\u00a0mno\u017estvom zauj\u00edmav\u00fdch noviniek. <\/span><\/em><\/p>\n<p><em><span style=\"font-weight: 400;\">Na projekte sa spomedzi \u010dlenov v\u00fdznamne podie\u013eali Slovensk\u00e9 lie\u010debn\u00e9 k\u00fapele Rajeck\u00e9 Teplice v\u00a0zast\u00fapen\u00ed Zdenka Mi\u0161kolciho, nako\u013eko v\u00a0Rajeckej doline sme mnoh\u00ed v\u00e1\u0161niv\u00ed cyklisti. Pr\u00e1ve z\u00a0Rajeckej doliny je viacero majstrov sveta, ako napr\u00edklad Martin Knapec, Filip Polc \u010di Richard Tandara.\u00a0<\/span><\/em><\/p>\n<p><img loading=\"lazy\" decoding=\"async\" class=\"alignnone size-full wp-image-18857\" src=\"https:\/\/d2p6e6u75xmxt8.cloudfront.net\/4\/2024\/03\/01-3.webp\" alt=\"\" width=\"990\" height=\"660\" srcset=\"https:\/\/d2p6e6u75xmxt8.cloudfront.net\/4\/2024\/03\/01-3.webp 990w, https:\/\/d2p6e6u75xmxt8.cloudfront.net\/4\/2024\/03\/01-3-300x200.webp 300w, https:\/\/d2p6e6u75xmxt8.cloudfront.net\/4\/2024\/03\/01-3-768x512.webp 768w, https:\/\/d2p6e6u75xmxt8.cloudfront.net\/4\/2024\/03\/01-3-400x267.webp 400w, https:\/\/d2p6e6u75xmxt8.cloudfront.net\/4\/2024\/03\/01-3-272x182.webp 272w\" sizes=\"auto, (max-width: 990px) 100vw, 990px\" \/><\/p>\n<h3><b>Projekt funguje akt\u00edvne u\u017e od toho roku 2019?<\/b><\/h3>\n<p><em><span style=\"font-weight: 400;\">V roku 2019 za\u010dali prv\u00e9 \u00favahy o vzniku tohto projektu a v roku 2021 sme ho sl\u00e1vnostne otv\u00e1rali so \u0161t\u00e1tnou tajomn\u00ed\u010dkou z ministerstva dopravy a s viacer\u00fdmi z\u00e1stupcami regi\u00f3nu.<\/span><\/em><\/p>\n<h3><b>V Rajeckej doline pon\u00fakate nieko\u013eko cyklotr\u00e1s. S\u00fa ur\u010den\u00e9 najm\u00e4 pre horsk\u00e9 bicykle. M\u00e1te aj tak\u00e9, ktor\u00e9 s\u00fa vhodn\u00e9 aj pre cestn\u00e9 bicykle?<\/b><\/h3>\n<p><em><span style=\"font-weight: 400;\">Rajeck\u00e1 dolina je ve\u013emi malebn\u00e1 a\u00a0r\u00f4znorod\u00e1. Pon\u00fakame cyklotrasy ur\u010den\u00e9 pre horsk\u00e9 bicykle, gravel bicykle, n\u00e1jdete aj trasy pre cestn\u00fdch cyklistov. V\u00a0r\u00e1mci n\u00e1\u0161ho koloritu \u010di malebn\u00fdch pohor\u00ed je viac preferovan\u00e1 horsk\u00e1 cyklistika. S\u00fa tu aj trasy pre rodiny s\u00a0de\u0165mi v\u00a0r\u00f4znych n\u00e1ro\u010dnostiach. V\u00a0Rajeckej doline m\u00e1me celkovo viac ako 150 kilometrov zna\u010den\u00fdch cyklotr\u00e1s.<\/span><\/em><\/p>\n<h3><b>Na va\u0161ej str\u00e1nke vidie\u0165, \u017ee m\u00e1te nielen cyklotrasy, ale pripravujete aj cyklookruhy. Prezrad\u00edte n\u00e1m o nich viac?\u00a0<\/b><\/h3>\n<p><em><span style=\"font-weight: 400;\">S\u00fa to cyklookruhy, ktor\u00e9 ved\u00fa viacer\u00fdmi cyklotrasami po v\u00fdznamn\u00fdch zauj\u00edmav\u00fdch miestach. Tak ako bolo spomenut\u00e9, Rajeck\u00e1 dolina je malebn\u00e1 dolina s\u00a0mno\u017estvom kult\u00farnych, historick\u00fdch a\u00a0pr\u00edrodn\u00fdch kr\u00e1s, ktor\u00e9 sa sna\u017e\u00edme zakomponova\u0165 do jednotliv\u00fdch cyklotr\u00e1s, aby n\u00e1v\u0161tevn\u00edci spojili cyklistiku so spozn\u00e1van\u00edm na\u0161ej doliny a\u00a0objavili hlavn\u00e9 atrakcie n\u00e1\u0161ho regi\u00f3nu. <\/span><\/em><\/p>\n<p><em><span style=\"font-weight: 400;\">Na\u0161\u00edm z\u00e1merom je pon\u00faknu\u0165 n\u00e1v\u0161tevn\u00edkovi prepojenie medzi cyklistikou a historick\u00fdm bohatstvom, ktor\u00e9 v r\u00e1mci Rajeckej doliny m\u00e1me. <\/span><\/em><\/p>\n<p><em><span style=\"font-weight: 400;\">Chceme tieto v\u00fdznamn\u00e9 historick\u00e9 udalosti a\u00a0kult\u00farne dedi\u010dstvo odhali\u0165 n\u00e1v\u0161tevn\u00edkovi a\u00a0pom\u00f4c\u0165 mu spozna\u0165 ich, a\u00a0tak vytvori\u0165 komplexn\u00fd produkt cestovn\u00e9ho ruchu. Okrem zauj\u00edmav\u00fdch noviniek pre nad\u0161encov cyklistiky pripravujeme v\u00a0tomto roku aj interakt\u00edvne prehliadky k\u00fape\u013en\u00e9ho mesta Rajeck\u00e9 Teplice \u010di obce \u010ci\u010dmany.\u00a0<\/span><\/em><\/p>\n<p><img loading=\"lazy\" decoding=\"async\" class=\"alignnone size-full wp-image-18858\" src=\"https:\/\/d2p6e6u75xmxt8.cloudfront.net\/4\/2024\/03\/02-2.webp\" alt=\"\" width=\"990\" height=\"660\" srcset=\"https:\/\/d2p6e6u75xmxt8.cloudfront.net\/4\/2024\/03\/02-2.webp 990w, https:\/\/d2p6e6u75xmxt8.cloudfront.net\/4\/2024\/03\/02-2-300x200.webp 300w, https:\/\/d2p6e6u75xmxt8.cloudfront.net\/4\/2024\/03\/02-2-768x512.webp 768w, https:\/\/d2p6e6u75xmxt8.cloudfront.net\/4\/2024\/03\/02-2-400x267.webp 400w, https:\/\/d2p6e6u75xmxt8.cloudfront.net\/4\/2024\/03\/02-2-272x182.webp 272w\" sizes=\"auto, (max-width: 990px) 100vw, 990px\" \/><\/p>\n<h3><b>Na <\/b><a href=\"https:\/\/www.facebook.com\/OOCRRajeckaDolina\"><b>va\u0161om Facebooku<\/b><\/a><b> som si v\u0161imol, \u017ee cyklistick\u00e9 trasy s\u00fa vyu\u017e\u00edvan\u00e9 aj v zime, konal sa aj Viano\u010dn\u00fd pojazd v Kunerade. Je to va\u0161a aktivita, alebo si to organizuj\u00fa miestni cyklonad\u0161enci?<\/b><\/h3>\n<p><em><span style=\"font-weight: 400;\">Hovor\u00ed sa, \u017ee pre cyklistu nie je \u017eiadne po\u010dasie zl\u00e9, treba len vhodn\u00e9 oble\u010denie. Rob\u00edme v\u00fdjazdy v\u00a0lete aj v\u00a0zime, zastre\u0161uje to n\u00e1\u0161 koordin\u00e1tor cykloprojektu CykloRAJ v\u00a0Rajeckej doline, Jozef Kiani\u010dka. Aj tento rok pripravujeme v\u00fdznamn\u00e9 cyklov\u00fdjazdy, napr\u00edklad aj s\u00a0MTBIKER-om \u010di in\u00fdmi partnermi.<\/span><\/em><\/p>\n<h3><b>Pravidelne sa konaj\u00fa aj stretnutia cyklokomun\u00edt z Rajeckej doliny. Evidujete, ko\u013eko komun\u00edt sa u v\u00e1s zdru\u017euje a pr\u00edpadne viete niektor\u00fa z nich spomen\u00fa\u0165?<\/b><\/h3>\n<p><em><span style=\"font-weight: 400;\">V\u00a0Rajeckej doline je mno\u017estvo cyklistov a\u00a0cyklonad\u0161encov. Vytv\u00e1raj\u00fa sa komunity cyklistov, my cyklistov zdru\u017eujeme okolo projektu CykloRAJ.\u00a0<\/span><\/em><\/p>\n<h3><b>Ak\u00e9 cykloaktivity sa u v\u00e1s e\u0161te konaj\u00fa po\u010das roka?<\/b><\/h3>\n<p><em><span style=\"font-weight: 400;\">Cyklonad\u0161enci pri projekte Cykloraj pravidelne robia cyklov\u00fdjazdy, stretnutia a\u00a0r\u00f4zne akcie, ktor\u00e9 pripravujeme aj na sez\u00f3nu 2024 \u2013 2025.<\/span><\/em><\/p>\n<blockquote class=\"instagram-media\" style=\"background: #FFF; border: 0; border-radius: 3px; box-shadow: 0 0 1px 0 rgba(0,0,0,0.5),0 1px 10px 0 rgba(0,0,0,0.15); margin: 1px; max-width: 540px; min-width: 326px; padding: 0; width: calc(100% - 2px);\" data-instgrm-captioned=\"\" data-instgrm-permalink=\"https:\/\/www.instagram.com\/p\/CzXBPbLrNdD\/?utm_source=ig_embed&amp;utm_campaign=loading\" data-instgrm-version=\"14\">\n<div style=\"padding: 16px;\">\n<p>&nbsp;<\/p>\n<div style=\"display: flex; flex-direction: row; align-items: center;\">\n<div style=\"background-color: #f4f4f4; border-radius: 50%; flex-grow: 0; height: 40px; margin-right: 14px; width: 40px;\"><\/div>\n<div style=\"display: flex; flex-direction: column; flex-grow: 1; justify-content: center;\">\n<div style=\"background-color: #f4f4f4; border-radius: 4px; flex-grow: 0; height: 14px; margin-bottom: 6px; width: 100px;\"><\/div>\n<div style=\"background-color: #f4f4f4; border-radius: 4px; flex-grow: 0; height: 14px; width: 60px;\"><\/div>\n<\/div>\n<\/div>\n<div style=\"padding: 19% 0;\"><\/div>\n<div style=\"display: block; height: 50px; margin: 0 auto 12px; width: 50px;\"><\/div>\n<div style=\"padding-top: 8px;\">\n<div style=\"color: #3897f0; font-family: Arial,sans-serif; font-size: 14px; font-style: normal; font-weight: 550; line-height: 18px;\">Zobrazi\u0165 tento pr\u00edspevok na Instagrame<\/div>\n<\/div>\n<div style=\"padding: 12.5% 0;\"><\/div>\n<div style=\"display: flex; flex-direction: row; margin-bottom: 14px; align-items: center;\">\n<div>\n<div style=\"background-color: #f4f4f4; border-radius: 50%; height: 12.5px; width: 12.5px; transform: translateX(0px) translateY(7px);\"><\/div>\n<div style=\"background-color: #f4f4f4; height: 12.5px; transform: rotate(-45deg) translateX(3px) translateY(1px); width: 12.5px; flex-grow: 0; margin-right: 14px; margin-left: 2px;\"><\/div>\n<div style=\"background-color: #f4f4f4; border-radius: 50%; height: 12.5px; width: 12.5px; transform: translateX(9px) translateY(-18px);\"><\/div>\n<\/div>\n<div style=\"margin-left: 8px;\">\n<div style=\"background-color: #f4f4f4; border-radius: 50%; flex-grow: 0; height: 20px; width: 20px;\"><\/div>\n<div style=\"width: 0; height: 0; border-top: 2px solid transparent; border-left: 6px solid #f4f4f4; border-bottom: 2px solid transparent; transform: translateX(16px) translateY(-4px) rotate(30deg);\"><\/div>\n<\/div>\n<div style=\"margin-left: auto;\">\n<div style=\"width: 0px; border-top: 8px solid #F4F4F4; border-right: 8px solid transparent; transform: translateY(16px);\"><\/div>\n<div style=\"background-color: #f4f4f4; flex-grow: 0; height: 12px; width: 16px; transform: translateY(-4px);\"><\/div>\n<div style=\"width: 0; height: 0; border-top: 8px solid #F4F4F4; border-left: 8px solid transparent; transform: translateY(-4px) translateX(8px);\"><\/div>\n<\/div>\n<\/div>\n<div style=\"display: flex; flex-direction: column; flex-grow: 1; justify-content: center; margin-bottom: 24px;\">\n<div style=\"background-color: #f4f4f4; border-radius: 4px; flex-grow: 0; height: 14px; margin-bottom: 6px; width: 224px;\"><\/div>\n<div style=\"background-color: #f4f4f4; border-radius: 4px; flex-grow: 0; height: 14px; width: 144px;\"><\/div>\n<\/div>\n<p>&nbsp;<\/p>\n<p style=\"color: #c9c8cd; font-family: Arial,sans-serif; font-size: 14px; line-height: 17px; margin-bottom: 0; margin-top: 8px; overflow: hidden; padding: 8px 0 7px; text-align: center; text-overflow: ellipsis; white-space: nowrap;\"><a style=\"color: #c9c8cd; font-family: Arial,sans-serif; font-size: 14px; font-style: normal; font-weight: normal; line-height: 17px; text-decoration: none;\" href=\"https:\/\/www.instagram.com\/p\/CzXBPbLrNdD\/?utm_source=ig_embed&amp;utm_campaign=loading\" target=\"_blank\" rel=\"noopener\">Pr\u00edspevok, ktor\u00fd zdie\u013ea \ud83d\udeb2CykloRaj.sk (@cykloraj)<\/a><\/p>\n<\/div>\n<\/blockquote>\n<p><script async src=\"\/\/www.instagram.com\/embed.js\"><\/script><\/p>\n<h3><b>Rajeck\u00e1 dolina pon\u00faka v lete kr\u00e1snu pr\u00edrodu na cyklistiku a na turistiku, v zime s\u00fa to zimn\u00e9 \u0161porty a ly\u017eovanie. Ktor\u00e1 sez\u00f3na je viac nav\u0161tevovan\u00e1?\u00a0<\/b><\/h3>\n<p><em><span style=\"font-weight: 400;\">Rajeck\u00e1 dolina pon\u00faka mno\u017estvo atraktiv\u00edt, ktor\u00e9 sa daj\u00fa nav\u0161tevova\u0165 na jar, v\u00a0lete, na jese\u0148 \u010di v\u00a0zime. Dolina je \u0161pecifick\u00e1 hlavne bohatou hist\u00f3riou, k\u00fape\u013en\u00fdmi lie\u010debn\u00fdmi zdrojmi, k\u00fape\u013emi Rajeck\u00e9 Teplice, ale aj pr\u00edrodn\u00fdmi kr\u00e1sami a\u00a0r\u00f4znymi zauj\u00edmav\u00fdmi miestami.\u00a0<\/span><\/em><\/p>\n<p><em><span style=\"font-weight: 400;\">V\u00a0r\u00e1mci hist\u00f3rie stoja za zmienku \u010ci\u010dmany, Lietavsk\u00fd hrad, hist\u00f3ria k\u00fape\u013en\u00e9ho mesta Rajeck\u00e9 Teplice, hist\u00f3ria mesta Rajec, vyrez\u00e1van\u00fd Slovensk\u00fd betlehem v\u00a0Rajeckej Lesnej. \u010co sa t\u00fdka pr\u00edrodn\u00fdch kr\u00e1s, ur\u010dite nav\u0161t\u00edvte Straten\u00fd budzog\u00e1\u0148 v\u00a0obci Zby\u0148ov, vyhliadkov\u00fa ve\u017eu Dubov\u00e1 nad Rajcom, pr\u00edrodn\u00e9 skaln\u00e9 \u00fakazy Skalky nad Rajeck\u00fdmi Teplicami \u010di Babice v\u00a0Zby\u0148ove, odkia\u013e s\u00fa n\u00e1dhern\u00e9 panoramatick\u00e9 v\u00fdh\u013eady. <\/span><\/em><\/p>\n<p><em><span style=\"font-weight: 400;\">Dominantou Rajeckej doliny je nezabudnute\u013en\u00fd vrch K\u013eak, odkia\u013e je na cel\u00fa Rajeck\u00fa dolinu kr\u00e1sny v\u00fdh\u013ead. Srdcom a\u00a0perlou Rajeckej doliny s\u00fa k\u00fapele Rajeck\u00e9 Teplice, kde si po celodennom v\u00fdlete m\u00f4\u017eu n\u00e1v\u0161tevn\u00edci doliny vychutna\u0165 relax a\u00a0na\u010derpa\u0165 energiu.\u00a0<\/span><\/em><\/p>\n<p><img loading=\"lazy\" decoding=\"async\" class=\"alignnone size-full wp-image-18859\" src=\"https:\/\/d2p6e6u75xmxt8.cloudfront.net\/4\/2024\/03\/03-1.webp\" alt=\"\" width=\"990\" height=\"660\" srcset=\"https:\/\/d2p6e6u75xmxt8.cloudfront.net\/4\/2024\/03\/03-1.webp 990w, https:\/\/d2p6e6u75xmxt8.cloudfront.net\/4\/2024\/03\/03-1-300x200.webp 300w, https:\/\/d2p6e6u75xmxt8.cloudfront.net\/4\/2024\/03\/03-1-768x512.webp 768w, https:\/\/d2p6e6u75xmxt8.cloudfront.net\/4\/2024\/03\/03-1-400x267.webp 400w, https:\/\/d2p6e6u75xmxt8.cloudfront.net\/4\/2024\/03\/03-1-272x182.webp 272w\" sizes=\"auto, (max-width: 990px) 100vw, 990px\" \/><\/p>\n<h3><b>Po\u010das leta u v\u00e1s u\u017e tradi\u010dne prebieha jedno kolo marat\u00f3nu \u0160koda Bike Open Tour &#8211; <a href=\"https:\/\/www.welovecycling.com\/sk\/2024\/04\/26\/pozvanka-skoda-mtb-maraton-rajecke-teplice-pocasie-moze-prekvapit\/\">\u0160koda MTB Marat\u00f3n Rajeck\u00e9 Teplice<\/a>. Ako vn\u00edmate tento marat\u00f3n? Ak\u00fdm sp\u00f4sobom participujete na organiz\u00e1cii tohto podujatia?<\/b><\/h3>\n<p><em><span style=\"font-weight: 400;\">OOCR Rajeck\u00e1 dolina je dlhoro\u010dn\u00fdm partnerom tejto aktivity. Spolu s hlavn\u00fdm organiz\u00e1torom sa podie\u013eame na pr\u00edprav\u00e1ch podujatia. Ve\u013ek\u00fa podporu m\u00e1 podujatie aj zo strany Slovensk\u00fdch lie\u010debn\u00fdch k\u00fape\u013eov Rajeck\u00e9 Teplice, ktor\u00e9 na tento \u00fa\u010del poskytuj\u00fa priestory k\u00fapaliska Laura. Po\u010das tohto v\u00edkendu cel\u00e1 Rajeck\u00e1 dolina \u017eije cyklistikou, za \u010do sme ve\u013emi v\u010fa\u010dn\u00ed.<\/span><\/em><\/p>\n<h3><b>Ak\u00e9 novinky \u010dakaj\u00fa na milovn\u00edkov cyklistiky v Rajeckej doline tento rok?<\/b><\/h3>\n<p><em><span style=\"font-weight: 400;\">V\u00a0r\u00e1mci projektu CykloRAJa sa n\u00e1m od roku 2019 do s\u00fa\u010dasnosti podarilo vybudova\u0165 mno\u017estvo cyklotr\u00e1s, zna\u010denia nov\u00fdch cyklotr\u00e1s, mno\u017estvo cykloinfra\u0161trukt\u00fary, nab\u00edjac\u00edch stan\u00edc a cyklomont\u00e1\u017enych stojanov. V\u00a0r\u00e1mci celej doliny sme okrem cyklozna\u010denia spravili aj cyklopoludn\u00edky, teda fotografick\u00e9 zna\u010denia jednotliv\u00fdch atrakt\u00edvnych miest.\u00a0<\/span><\/em><\/p>\n<p><em><span style=\"font-weight: 400;\">T\u00e1to aktivita nekon\u010d\u00ed, pripravujeme cyklochodn\u00edk Rajeck\u00e9 Teplice \u2013 Rajec \u2013 Fa\u010dkov \u2013 \u010ci\u010dmany. Bude to na najbli\u017e\u0161ie roky jeden z\u00a0na\u0161ich nosn\u00fdch projektov. Pl\u00e1nujeme samozrejme aj\u00a0\u010fal\u0161ie aktivity v\u00a0spojitosti s\u00a0CykloRAJom ako cyklosprievodca, \u0161pecifick\u00e9 cyklookruhy, nov\u00e9 atrakcie \u010di fotopointy. Doteraz sa n\u00e1m podarilo zrealizova\u0165 fotopointy Okno do Rajeckej doliny, Rebr\u00edk do neba, Srdce Rajeckej doliny \u010di r\u00f4zne zauj\u00edmav\u00e9 miesta, kde sa \u013eudia m\u00f4\u017eu v\u00a0r\u00e1mci cykloturistiky odfoti\u0165 a\u00a0aj tak\u00fdmto sp\u00f4sobom si spestri\u0165 jazdu na bicykli a\u00a0u\u017ei\u0165 si kr\u00e1su na\u0161ej pr\u00edrody a\u00a0doliny.\u00a0\u00a0<\/span><\/em><\/p>\n<blockquote class=\"instagram-media\" style=\"background: #FFF; border: 0; border-radius: 3px; box-shadow: 0 0 1px 0 rgba(0,0,0,0.5),0 1px 10px 0 rgba(0,0,0,0.15); margin: 1px; max-width: 540px; min-width: 326px; padding: 0; width: calc(100% - 2px);\" data-instgrm-captioned=\"\" data-instgrm-permalink=\"https:\/\/www.instagram.com\/p\/CqQ7DfEIBsr\/?utm_source=ig_embed&amp;utm_campaign=loading\" data-instgrm-version=\"14\">\n<div style=\"padding: 16px;\">\n<p>&nbsp;<\/p>\n<div style=\"display: flex; flex-direction: row; align-items: center;\">\n<div style=\"background-color: #f4f4f4; border-radius: 50%; flex-grow: 0; height: 40px; margin-right: 14px; width: 40px;\"><\/div>\n<div style=\"display: flex; flex-direction: column; flex-grow: 1; justify-content: center;\">\n<div style=\"background-color: #f4f4f4; border-radius: 4px; flex-grow: 0; height: 14px; margin-bottom: 6px; width: 100px;\"><\/div>\n<div style=\"background-color: #f4f4f4; border-radius: 4px; flex-grow: 0; height: 14px; width: 60px;\"><\/div>\n<\/div>\n<\/div>\n<div style=\"padding: 19% 0;\"><\/div>\n<div style=\"display: block; height: 50px; margin: 0 auto 12px; width: 50px;\"><\/div>\n<div style=\"padding-top: 8px;\">\n<div style=\"color: #3897f0; font-family: Arial,sans-serif; font-size: 14px; font-style: normal; font-weight: 550; line-height: 18px;\">Zobrazi\u0165 tento pr\u00edspevok na Instagrame<\/div>\n<\/div>\n<div style=\"padding: 12.5% 0;\"><\/div>\n<div style=\"display: flex; flex-direction: row; margin-bottom: 14px; align-items: center;\">\n<div>\n<div style=\"background-color: #f4f4f4; border-radius: 50%; height: 12.5px; width: 12.5px; transform: translateX(0px) translateY(7px);\"><\/div>\n<div style=\"background-color: #f4f4f4; height: 12.5px; transform: rotate(-45deg) translateX(3px) translateY(1px); width: 12.5px; flex-grow: 0; margin-right: 14px; margin-left: 2px;\"><\/div>\n<div style=\"background-color: #f4f4f4; border-radius: 50%; height: 12.5px; width: 12.5px; transform: translateX(9px) translateY(-18px);\"><\/div>\n<\/div>\n<div style=\"margin-left: 8px;\">\n<div style=\"background-color: #f4f4f4; border-radius: 50%; flex-grow: 0; height: 20px; width: 20px;\"><\/div>\n<div style=\"width: 0; height: 0; border-top: 2px solid transparent; border-left: 6px solid #f4f4f4; border-bottom: 2px solid transparent; transform: translateX(16px) translateY(-4px) rotate(30deg);\"><\/div>\n<\/div>\n<div style=\"margin-left: auto;\">\n<div style=\"width: 0px; border-top: 8px solid #F4F4F4; border-right: 8px solid transparent; transform: translateY(16px);\"><\/div>\n<div style=\"background-color: #f4f4f4; flex-grow: 0; height: 12px; width: 16px; transform: translateY(-4px);\"><\/div>\n<div style=\"width: 0; height: 0; border-top: 8px solid #F4F4F4; border-left: 8px solid transparent; transform: translateY(-4px) translateX(8px);\"><\/div>\n<\/div>\n<\/div>\n<div style=\"display: flex; flex-direction: column; flex-grow: 1; justify-content: center; margin-bottom: 24px;\">\n<div style=\"background-color: #f4f4f4; border-radius: 4px; flex-grow: 0; height: 14px; margin-bottom: 6px; width: 224px;\"><\/div>\n<div style=\"background-color: #f4f4f4; border-radius: 4px; flex-grow: 0; height: 14px; width: 144px;\"><\/div>\n<\/div>\n<p>&nbsp;<\/p>\n<p style=\"color: #c9c8cd; font-family: Arial,sans-serif; font-size: 14px; line-height: 17px; margin-bottom: 0; margin-top: 8px; overflow: hidden; padding: 8px 0 7px; text-align: center; text-overflow: ellipsis; white-space: nowrap;\"><a style=\"color: #c9c8cd; font-family: Arial,sans-serif; font-size: 14px; font-style: normal; font-weight: normal; line-height: 17px; text-decoration: none;\" href=\"https:\/\/www.instagram.com\/p\/CqQ7DfEIBsr\/?utm_source=ig_embed&amp;utm_campaign=loading\" target=\"_blank\" rel=\"noopener\">Pr\u00edspevok, ktor\u00fd zdie\u013ea \ud83d\udeb2CykloRaj.sk (@cykloraj)<\/a><\/p>\n<\/div>\n<\/blockquote>\n<p><script async src=\"\/\/www.instagram.com\/embed.js\"><\/script><em><span style=\"font-weight: 400;\">\u010cak\u00e1 n\u00e1s teda mno\u017estvo zauj\u00edmav\u00fdch noviniek, preto\u017ee potenci\u00e1l Rajeckej doliny v\u00a0tejto oblasti je obrovsk\u00fd. Je to aj v\u00a0spojitosti s\u00a0cyklodopravou, preto\u017ee Rajeck\u00e1 dolina m\u00e1 potenci\u00e1l v\u00a0oblasti cyklistiky, predov\u0161etk\u00fdm prepojenia jednotliv\u00fdch miest a\u00a0obc\u00ed Rajeckej doliny v\u00a0r\u00e1mci pripravovan\u00e9ho cyklochodn\u00edka, ktor\u00fd bude sl\u00fa\u017ei\u0165 aj pre be\u017en\u00e9 jazdenie \u013eud\u00ed do pr\u00e1ce, za vybavenos\u0165ou, za slu\u017ebami a\u00a0podobne.<\/span><\/em><\/p>\n<p><em><span style=\"font-weight: 400;\">Preto\u017ee doba sa pos\u00fava, rovnako je cite\u013en\u00fd aj trend elektrobicyklov a\u00a0\u013eudia v\u00a0\u010doraz v\u00e4\u010d\u0161ej miere vyu\u017e\u00edvaj\u00fa bicykel \u010di u\u017e v\u00a0r\u00e1mci rekre\u00e1cie, ale aj ako dopravn\u00fd prostriedok.<\/span><\/em><\/p>\n<h3><b>Ako v\u00fdborn\u00fa aktivitu hodnot\u00edm revitaliz\u00e1ciu studni\u010diek (v r\u00e1mci projektu Dolina vody), preto\u017ee nie je ni\u010d hor\u0161ie, ak cyklista zostane na v\u00fdjazde bez vody. M\u00f4\u017eete n\u00e1m o tom poveda\u0165 trochu viac?<\/b><\/h3>\n<p><em><span style=\"font-weight: 400;\">Je d\u00f4le\u017eit\u00e9, aby cyklisti okrem z\u00e1\u017eitkov dbali aj na svoje zdravie a\u00a0na bezpe\u010dnos\u0165. Prispievaj\u00fa k tomu zna\u010den\u00e9 cyklotrasy \u010di cyklomont\u00e1\u017ene stojany, ak je potrebn\u00e9 nie\u010do opravi\u0165. D\u00f4le\u017eit\u00fd je v\u00a0r\u00e1mci cyklistiky aj pitn\u00fd re\u017eim. S oh\u013eadom na to sme vytvorili v\u00a0r\u00e1mci zna\u010den\u00fdch cyklotr\u00e1s horsk\u00e9 studni\u010dky, pr\u00edrodn\u00e9 zdroje \u010distej pramenitej vody. <\/span><\/em><\/p>\n<p><em><span style=\"font-weight: 400;\">Vytvorili sme tak sie\u0165 horsk\u00fdch studni\u010diek, v\u010faka ktor\u00fdm sa n\u00e1v\u0161tevn\u00edk m\u00f4\u017ee osvie\u017ei\u0165 a\u00a0doplni\u0165 pitn\u00fd re\u017eim.\u00a0 Ka\u017ed\u00e1 studni\u010dka m\u00e1 svoj \u0161pecifick\u00fd n\u00e1zov, svoju atrakciu. Je to tak nielen spestrenie, ale aj osvie\u017eenie po\u010das cyklistiky.<\/span><\/em><\/p>\n<p><b>Ak e\u0161te nem\u00e1te pl\u00e1n na tohtoro\u010dn\u00fa cyklistick\u00fa sez\u00f3nu, ur\u010dite zara\u010fte do kalend\u00e1ra Rajeck\u00fa dolinu. Nebudete \u013eutova\u0165 a verte mi, \u017ee sa sem po\u010das roka budete vraca\u0165. Cel\u00e1 dolina sa toti\u017e za jeden v\u00edkend prejs\u0165 a objavi\u0165 ned\u00e1.\u00a0<\/b><\/p>\n","protected":false},"excerpt":{"rendered":"<p>Viac ako 150 kilometrov zna\u010den\u00fdch cyklotr\u00e1s, bohat\u00e1 sie\u0165 horsk\u00fdch studni\u010diek, cyklomont\u00e1\u017ene stojany a omnoho viac pon\u00faka malebn\u00e1 a r\u00f4znorod\u00e1 Rajeck\u00e1 [&hellip;]<\/p>\n","protected":false},"author":172,"featured_media":18860,"comment_status":"open","ping_status":"open","sticky":false,"template":"","format":"standard","meta":{"footnotes":""},"categories":[191],"tags":[916,448,180,412,1533,1629,1630,501,523,741,901],"global-categories":[1074],"class_list":["post-18855","post","type-post","status-publish","format-standard","has-post-thumbnail","hentry","category-odporucame","tag-cyklisticka-destinacia","tag-cyklotrasy","tag-horska-cyklistika","tag-mtb","tag-priroda","tag-rajec","tag-rajecka-dolina","tag-rozhovor","tag-slovensko","tag-tip-na-vylet","tag-turistika","global-categories-cycling"],"yoast_head":"<!-- This site is optimized with the Yoast SEO Premium plugin v25.3 (Yoast SEO v25.9) - https:\/\/yoast.com\/wordpress\/plugins\/seo\/ -->\n<title>Rozhovor: Rajeck\u00e1 dolina \u2013 malebn\u00e9 a r\u00f4znorod\u00e9 miesto pre cyklistov<\/title>\n<meta name=\"description\" content=\"Viac ako 150 kilometrov zna\u010den\u00fdch cyklotr\u00e1s, bohat\u00e1 sie\u0165 horsk\u00fdch studni\u010diek, cyklomont\u00e1\u017ene stojany a omnoho viac.\" \/>\n<meta name=\"robots\" content=\"index, follow, max-snippet:-1, max-image-preview:large, max-video-preview:-1\" \/>\n<link rel=\"canonical\" href=\"https:\/\/www.welovecycling.com\/sk\/2024\/05\/02\/rozhovor-rajecka-dolina-malebne-a-roznorode-miesto-pre-cyklistov\/\" \/>\n<meta property=\"og:locale\" content=\"sk_SK\" \/>\n<meta property=\"og:type\" content=\"article\" \/>\n<meta property=\"og:title\" content=\"Rozhovor: Rajeck\u00e1 dolina \u2013 malebn\u00e9 a r\u00f4znorod\u00e9 miesto pre cyklistov\" \/>\n<meta property=\"og:description\" content=\"Viac ako 150 kilometrov zna\u010den\u00fdch cyklotr\u00e1s, bohat\u00e1 sie\u0165 horsk\u00fdch studni\u010diek, cyklomont\u00e1\u017ene stojany a omnoho viac.\" \/>\n<meta property=\"og:url\" content=\"https:\/\/www.welovecycling.com\/sk\/2024\/05\/02\/rozhovor-rajecka-dolina-malebne-a-roznorode-miesto-pre-cyklistov\/\" \/>\n<meta property=\"og:site_name\" content=\"\u0160koda We Love Cycling Slovensko\" \/>\n<meta property=\"article:published_time\" content=\"2024-05-02T14:00:21+00:00\" \/>\n<meta property=\"og:image\" content=\"https:\/\/d2p6e6u75xmxt8.cloudfront.net\/4\/2024\/03\/titulka-1.webp\" \/>\n\t<meta property=\"og:image:width\" content=\"990\" \/>\n\t<meta property=\"og:image:height\" content=\"660\" \/>\n\t<meta property=\"og:image:type\" content=\"image\/webp\" \/>\n<meta name=\"author\" content=\"dominika\" \/>\n<meta name=\"twitter:card\" content=\"summary_large_image\" \/>\n<meta name=\"twitter:label1\" content=\"Written by\" \/>\n\t<meta name=\"twitter:data1\" content=\"Radovan Vr\u0161ka\" \/>\n\t<meta name=\"twitter:label2\" content=\"Est. reading time\" \/>\n\t<meta name=\"twitter:data2\" content=\"5\" \/>\n<script type=\"application\/ld+json\" class=\"yoast-schema-graph\">{\"@context\":\"https:\/\/schema.org\",\"@graph\":[{\"@type\":\"WebPage\",\"@id\":\"https:\/\/www.welovecycling.com\/sk\/2024\/05\/02\/rozhovor-rajecka-dolina-malebne-a-roznorode-miesto-pre-cyklistov\/\",\"url\":\"https:\/\/www.welovecycling.com\/sk\/2024\/05\/02\/rozhovor-rajecka-dolina-malebne-a-roznorode-miesto-pre-cyklistov\/\",\"name\":\"Rozhovor: Rajeck\u00e1 dolina \u2013 malebn\u00e9 a r\u00f4znorod\u00e9 miesto pre cyklistov\",\"isPartOf\":{\"@id\":\"https:\/\/www.welovecycling.com\/sk\/#website\"},\"primaryImageOfPage\":{\"@id\":\"https:\/\/www.welovecycling.com\/sk\/2024\/05\/02\/rozhovor-rajecka-dolina-malebne-a-roznorode-miesto-pre-cyklistov\/#primaryimage\"},\"image\":{\"@id\":\"https:\/\/www.welovecycling.com\/sk\/2024\/05\/02\/rozhovor-rajecka-dolina-malebne-a-roznorode-miesto-pre-cyklistov\/#primaryimage\"},\"thumbnailUrl\":\"https:\/\/d2p6e6u75xmxt8.cloudfront.net\/4\/2024\/03\/titulka-1.webp\",\"datePublished\":\"2024-05-02T14:00:21+00:00\",\"author\":{\"@id\":\"https:\/\/www.welovecycling.com\/sk\/#\/schema\/person\/533b62b98b6c41bd5135ebfb1f742624\"},\"description\":\"Viac ako 150 kilometrov zna\u010den\u00fdch cyklotr\u00e1s, bohat\u00e1 sie\u0165 horsk\u00fdch studni\u010diek, cyklomont\u00e1\u017ene stojany a omnoho viac.\",\"breadcrumb\":{\"@id\":\"https:\/\/www.welovecycling.com\/sk\/2024\/05\/02\/rozhovor-rajecka-dolina-malebne-a-roznorode-miesto-pre-cyklistov\/#breadcrumb\"},\"inLanguage\":\"sk-SK\",\"potentialAction\":[{\"@type\":\"ReadAction\",\"target\":[\"https:\/\/www.welovecycling.com\/sk\/2024\/05\/02\/rozhovor-rajecka-dolina-malebne-a-roznorode-miesto-pre-cyklistov\/\"]}]},{\"@type\":\"ImageObject\",\"inLanguage\":\"sk-SK\",\"@id\":\"https:\/\/www.welovecycling.com\/sk\/2024\/05\/02\/rozhovor-rajecka-dolina-malebne-a-roznorode-miesto-pre-cyklistov\/#primaryimage\",\"url\":\"https:\/\/d2p6e6u75xmxt8.cloudfront.net\/4\/2024\/03\/titulka-1.webp\",\"contentUrl\":\"https:\/\/d2p6e6u75xmxt8.cloudfront.net\/4\/2024\/03\/titulka-1.webp\",\"width\":990,\"height\":660},{\"@type\":\"BreadcrumbList\",\"@id\":\"https:\/\/www.welovecycling.com\/sk\/2024\/05\/02\/rozhovor-rajecka-dolina-malebne-a-roznorode-miesto-pre-cyklistov\/#breadcrumb\",\"itemListElement\":[{\"@type\":\"ListItem\",\"position\":1,\"name\":\"Home\",\"item\":\"https:\/\/www.welovecycling.com\/sk\/\"},{\"@type\":\"ListItem\",\"position\":2,\"name\":\"Rozhovor: Rajeck\u00e1 dolina \u2013 malebn\u00e9 a r\u00f4znorod\u00e9 miesto pre cyklistov\"}]},{\"@type\":\"WebSite\",\"@id\":\"https:\/\/www.welovecycling.com\/sk\/#website\",\"url\":\"https:\/\/www.welovecycling.com\/sk\/\",\"name\":\"\u0160koda We Love Cycling Slovensko\",\"description\":\"\u0160koda We Love Cycling Slovensko je v\u00e1\u0161 ka\u017edodenn\u00fd zdroj noviniek a in\u0161pir\u00e1cie z sveta cyklistiky\",\"potentialAction\":[{\"@type\":\"SearchAction\",\"target\":{\"@type\":\"EntryPoint\",\"urlTemplate\":\"https:\/\/www.welovecycling.com\/sk\/?s={search_term_string}\"},\"query-input\":{\"@type\":\"PropertyValueSpecification\",\"valueRequired\":true,\"valueName\":\"search_term_string\"}}],\"inLanguage\":\"sk-SK\"},{\"@type\":\"Person\",\"@id\":\"https:\/\/www.welovecycling.com\/sk\/#\/schema\/person\/533b62b98b6c41bd5135ebfb1f742624\",\"name\":\"dominika\",\"image\":{\"@type\":\"ImageObject\",\"inLanguage\":\"sk-SK\",\"@id\":\"https:\/\/www.welovecycling.com\/sk\/#\/schema\/person\/image\/\",\"url\":\"https:\/\/secure.gravatar.com\/avatar\/ded6f274ba2ec3e17fff153f7d9d96a4b33c2cb63907f75d9a5309c599a7f3e6?s=96&d=mm&r=g\",\"contentUrl\":\"https:\/\/secure.gravatar.com\/avatar\/ded6f274ba2ec3e17fff153f7d9d96a4b33c2cb63907f75d9a5309c599a7f3e6?s=96&d=mm&r=g\",\"caption\":\"dominika\"},\"url\":\"https:\/\/www.welovecycling.com\/sk\/author\/dominika\/\"}]}<\/script>\n<!-- \/ Yoast SEO Premium plugin. -->","yoast_head_json":{"title":"Rozhovor: Rajeck\u00e1 dolina \u2013 malebn\u00e9 a r\u00f4znorod\u00e9 miesto pre cyklistov","description":"Viac ako 150 kilometrov zna\u010den\u00fdch cyklotr\u00e1s, bohat\u00e1 sie\u0165 horsk\u00fdch studni\u010diek, cyklomont\u00e1\u017ene stojany a omnoho viac.","robots":{"index":"index","follow":"follow","max-snippet":"max-snippet:-1","max-image-preview":"max-image-preview:large","max-video-preview":"max-video-preview:-1"},"canonical":"https:\/\/www.welovecycling.com\/sk\/2024\/05\/02\/rozhovor-rajecka-dolina-malebne-a-roznorode-miesto-pre-cyklistov\/","og_locale":"sk_SK","og_type":"article","og_title":"Rozhovor: Rajeck\u00e1 dolina \u2013 malebn\u00e9 a r\u00f4znorod\u00e9 miesto pre cyklistov","og_description":"Viac ako 150 kilometrov zna\u010den\u00fdch cyklotr\u00e1s, bohat\u00e1 sie\u0165 horsk\u00fdch studni\u010diek, cyklomont\u00e1\u017ene stojany a omnoho viac.","og_url":"https:\/\/www.welovecycling.com\/sk\/2024\/05\/02\/rozhovor-rajecka-dolina-malebne-a-roznorode-miesto-pre-cyklistov\/","og_site_name":"\u0160koda We Love Cycling Slovensko","article_published_time":"2024-05-02T14:00:21+00:00","og_image":[{"width":990,"height":660,"url":"https:\/\/d2p6e6u75xmxt8.cloudfront.net\/4\/2024\/03\/titulka-1.webp","type":"image\/webp"}],"author":"dominika","twitter_card":"summary_large_image","twitter_misc":{"Written by":"Radovan Vr\u0161ka","Est. reading time":"5"},"schema":{"@context":"https:\/\/schema.org","@graph":[{"@type":"WebPage","@id":"https:\/\/www.welovecycling.com\/sk\/2024\/05\/02\/rozhovor-rajecka-dolina-malebne-a-roznorode-miesto-pre-cyklistov\/","url":"https:\/\/www.welovecycling.com\/sk\/2024\/05\/02\/rozhovor-rajecka-dolina-malebne-a-roznorode-miesto-pre-cyklistov\/","name":"Rozhovor: Rajeck\u00e1 dolina \u2013 malebn\u00e9 a r\u00f4znorod\u00e9 miesto pre cyklistov","isPartOf":{"@id":"https:\/\/www.welovecycling.com\/sk\/#website"},"primaryImageOfPage":{"@id":"https:\/\/www.welovecycling.com\/sk\/2024\/05\/02\/rozhovor-rajecka-dolina-malebne-a-roznorode-miesto-pre-cyklistov\/#primaryimage"},"image":{"@id":"https:\/\/www.welovecycling.com\/sk\/2024\/05\/02\/rozhovor-rajecka-dolina-malebne-a-roznorode-miesto-pre-cyklistov\/#primaryimage"},"thumbnailUrl":"https:\/\/d2p6e6u75xmxt8.cloudfront.net\/4\/2024\/03\/titulka-1.webp","datePublished":"2024-05-02T14:00:21+00:00","author":{"@id":"https:\/\/www.welovecycling.com\/sk\/#\/schema\/person\/533b62b98b6c41bd5135ebfb1f742624"},"description":"Viac ako 150 kilometrov zna\u010den\u00fdch cyklotr\u00e1s, bohat\u00e1 sie\u0165 horsk\u00fdch studni\u010diek, cyklomont\u00e1\u017ene stojany a omnoho viac.","breadcrumb":{"@id":"https:\/\/www.welovecycling.com\/sk\/2024\/05\/02\/rozhovor-rajecka-dolina-malebne-a-roznorode-miesto-pre-cyklistov\/#breadcrumb"},"inLanguage":"sk-SK","potentialAction":[{"@type":"ReadAction","target":["https:\/\/www.welovecycling.com\/sk\/2024\/05\/02\/rozhovor-rajecka-dolina-malebne-a-roznorode-miesto-pre-cyklistov\/"]}]},{"@type":"ImageObject","inLanguage":"sk-SK","@id":"https:\/\/www.welovecycling.com\/sk\/2024\/05\/02\/rozhovor-rajecka-dolina-malebne-a-roznorode-miesto-pre-cyklistov\/#primaryimage","url":"https:\/\/d2p6e6u75xmxt8.cloudfront.net\/4\/2024\/03\/titulka-1.webp","contentUrl":"https:\/\/d2p6e6u75xmxt8.cloudfront.net\/4\/2024\/03\/titulka-1.webp","width":990,"height":660},{"@type":"BreadcrumbList","@id":"https:\/\/www.welovecycling.com\/sk\/2024\/05\/02\/rozhovor-rajecka-dolina-malebne-a-roznorode-miesto-pre-cyklistov\/#breadcrumb","itemListElement":[{"@type":"ListItem","position":1,"name":"Home","item":"https:\/\/www.welovecycling.com\/sk\/"},{"@type":"ListItem","position":2,"name":"Rozhovor: Rajeck\u00e1 dolina \u2013 malebn\u00e9 a r\u00f4znorod\u00e9 miesto pre cyklistov"}]},{"@type":"WebSite","@id":"https:\/\/www.welovecycling.com\/sk\/#website","url":"https:\/\/www.welovecycling.com\/sk\/","name":"\u0160koda We Love Cycling Slovensko","description":"\u0160koda We Love Cycling Slovensko je v\u00e1\u0161 ka\u017edodenn\u00fd zdroj noviniek a in\u0161pir\u00e1cie z sveta cyklistiky","potentialAction":[{"@type":"SearchAction","target":{"@type":"EntryPoint","urlTemplate":"https:\/\/www.welovecycling.com\/sk\/?s={search_term_string}"},"query-input":{"@type":"PropertyValueSpecification","valueRequired":true,"valueName":"search_term_string"}}],"inLanguage":"sk-SK"},{"@type":"Person","@id":"https:\/\/www.welovecycling.com\/sk\/#\/schema\/person\/533b62b98b6c41bd5135ebfb1f742624","name":"dominika","image":{"@type":"ImageObject","inLanguage":"sk-SK","@id":"https:\/\/www.welovecycling.com\/sk\/#\/schema\/person\/image\/","url":"https:\/\/secure.gravatar.com\/avatar\/ded6f274ba2ec3e17fff153f7d9d96a4b33c2cb63907f75d9a5309c599a7f3e6?s=96&d=mm&r=g","contentUrl":"https:\/\/secure.gravatar.com\/avatar\/ded6f274ba2ec3e17fff153f7d9d96a4b33c2cb63907f75d9a5309c599a7f3e6?s=96&d=mm&r=g","caption":"dominika"},"url":"https:\/\/www.welovecycling.com\/sk\/author\/dominika\/"}]}},"_links":{"self":[{"href":"https:\/\/www.welovecycling.com\/sk\/wp-json\/wp\/v2\/posts\/18855","targetHints":{"allow":["GET"]}}],"collection":[{"href":"https:\/\/www.welovecycling.com\/sk\/wp-json\/wp\/v2\/posts"}],"about":[{"href":"https:\/\/www.welovecycling.com\/sk\/wp-json\/wp\/v2\/types\/post"}],"author":[{"embeddable":true,"href":"https:\/\/www.welovecycling.com\/sk\/wp-json\/wp\/v2\/users\/172"}],"replies":[{"embeddable":true,"href":"https:\/\/www.welovecycling.com\/sk\/wp-json\/wp\/v2\/comments?post=18855"}],"version-history":[{"count":9,"href":"https:\/\/www.welovecycling.com\/sk\/wp-json\/wp\/v2\/posts\/18855\/revisions"}],"predecessor-version":[{"id":19058,"href":"https:\/\/www.welovecycling.com\/sk\/wp-json\/wp\/v2\/posts\/18855\/revisions\/19058"}],"wp:featuredmedia":[{"embeddable":true,"href":"https:\/\/www.welovecycling.com\/sk\/wp-json\/wp\/v2\/media\/18860"}],"wp:attachment":[{"href":"https:\/\/www.welovecycling.com\/sk\/wp-json\/wp\/v2\/media?parent=18855"}],"wp:term":[{"taxonomy":"category","embeddable":true,"href":"https:\/\/www.welovecycling.com\/sk\/wp-json\/wp\/v2\/categories?post=18855"},{"taxonomy":"post_tag","embeddable":true,"href":"https:\/\/www.welovecycling.com\/sk\/wp-json\/wp\/v2\/tags?post=18855"},{"taxonomy":"global-categories","embeddable":true,"href":"https:\/\/www.welovecycling.com\/sk\/wp-json\/wp\/v2\/global-categories?post=18855"}],"curies":[{"name":"wp","href":"https:\/\/api.w.org\/{rel}","templated":true}]}}