{"id":18831,"date":"2024-03-18T09:00:26","date_gmt":"2024-03-18T08:00:26","guid":{"rendered":"https:\/\/www.welovecycling.com\/sk\/?p=18831"},"modified":"2024-03-13T11:27:44","modified_gmt":"2024-03-13T10:27:44","slug":"pozvanka-skoda-svatojursky-mtb-maraton-2024-rozjazd-v-malych-karpatoch","status":"publish","type":"post","link":"https:\/\/www.welovecycling.com\/sk\/2024\/03\/18\/pozvanka-skoda-svatojursky-mtb-maraton-2024-rozjazd-v-malych-karpatoch\/","title":{"rendered":"Pozv\u00e1nka: \u0160koda Sv\u00e4tojursk\u00fd MTB marat\u00f3n 2024 \u2013 rozjazd v Mal\u00fdch Karpatoch"},"content":{"rendered":"<p><strong>Dlhoro\u010dn\u00e1 st\u00e1lica v kalend\u00e1ri nap\u00ed\u0161e svoje u\u017e 15. pokra\u010dovanie a \u0160koda Bike Open Tour bude znova pri tom.<\/strong><!--more--><\/p>\n<p><span style=\"font-weight: 400;\">Nov\u00e1 s\u00e9ria \u0160koda Bike Open Tour \u0161tartuje otv\u00e1rac\u00edmi pretekmi vo Sv\u00e4tom Jure medzi vinicami. <strong>Nov\u00e9 v\u00fdzvy, nov\u00ed s\u00faperi a st\u00e1le t\u00e1 ist\u00e1 z\u00e1bava na dvoch koles\u00e1ch.<\/strong> Aj o tom je t\u00e1to s\u00e9ria, ktor\u00e1 okrem tradi\u010dn\u00fdch pretek\u00e1rov rada priv\u00edta aj t\u00fdch najmen\u0161\u00edch \u2013 a tak sa zabav\u00ed cel\u00e1 rodina.\u00a0<\/span><\/p>\n<div id='gallery-1' class='gallery galleryid-18831 gallery-columns-2 gallery-size-full'><figure class='gallery-item'>\n\t\t\t<div class='gallery-icon landscape'>\n\t\t\t\t<a href='https:\/\/d2p6e6u75xmxt8.cloudfront.net\/4\/2024\/03\/02_WLC_Svaty_Jur.webp'><img loading=\"lazy\" decoding=\"async\" width=\"990\" height=\"660\" src=\"https:\/\/d2p6e6u75xmxt8.cloudfront.net\/4\/2024\/03\/02_WLC_Svaty_Jur.webp\" class=\"attachment-full size-full\" alt=\"\" srcset=\"https:\/\/d2p6e6u75xmxt8.cloudfront.net\/4\/2024\/03\/02_WLC_Svaty_Jur.webp 990w, https:\/\/d2p6e6u75xmxt8.cloudfront.net\/4\/2024\/03\/02_WLC_Svaty_Jur-300x200.webp 300w, https:\/\/d2p6e6u75xmxt8.cloudfront.net\/4\/2024\/03\/02_WLC_Svaty_Jur-768x512.webp 768w, https:\/\/d2p6e6u75xmxt8.cloudfront.net\/4\/2024\/03\/02_WLC_Svaty_Jur-400x267.webp 400w, https:\/\/d2p6e6u75xmxt8.cloudfront.net\/4\/2024\/03\/02_WLC_Svaty_Jur-272x182.webp 272w\" sizes=\"auto, (max-width: 990px) 100vw, 990px\" \/><\/a>\n\t\t\t<\/div><\/figure><figure class='gallery-item'>\n\t\t\t<div class='gallery-icon landscape'>\n\t\t\t\t<a href='https:\/\/d2p6e6u75xmxt8.cloudfront.net\/4\/2024\/03\/03_WLC_Svaty_Jur.webp'><img loading=\"lazy\" decoding=\"async\" width=\"990\" height=\"660\" src=\"https:\/\/d2p6e6u75xmxt8.cloudfront.net\/4\/2024\/03\/03_WLC_Svaty_Jur.webp\" class=\"attachment-full size-full\" alt=\"\u0160koda Sv\u00e4tojursk\u00fd MTB marat\u00f3n 2024\" srcset=\"https:\/\/d2p6e6u75xmxt8.cloudfront.net\/4\/2024\/03\/03_WLC_Svaty_Jur.webp 990w, https:\/\/d2p6e6u75xmxt8.cloudfront.net\/4\/2024\/03\/03_WLC_Svaty_Jur-300x200.webp 300w, https:\/\/d2p6e6u75xmxt8.cloudfront.net\/4\/2024\/03\/03_WLC_Svaty_Jur-768x512.webp 768w, https:\/\/d2p6e6u75xmxt8.cloudfront.net\/4\/2024\/03\/03_WLC_Svaty_Jur-400x267.webp 400w, https:\/\/d2p6e6u75xmxt8.cloudfront.net\/4\/2024\/03\/03_WLC_Svaty_Jur-272x182.webp 272w\" sizes=\"auto, (max-width: 990px) 100vw, 990px\" \/><\/a>\n\t\t\t<\/div><\/figure>\n\t\t<\/div>\n\n<h2><strong>Propoz\u00edcie pretekov a prihl\u00e1senie<\/strong><\/h2>\n<p><span style=\"font-weight: 400;\">Samotn\u00e9 preteky sa bud\u00fa kona\u0165 <strong>20. apr\u00edla na futbalovom \u0161tadi\u00f3ne.<\/strong> Organiz\u00e1tori si pripravili 3 klasick\u00e9 trate r\u00f4znych d\u013a\u017eok a tra\u0165 Family pre rodiny s de\u0165mi. Cena \u0161tartovn\u00e9ho je 30 \u20ac do 18. apr\u00edla a t\u00ed, \u010do sa <\/span><a href=\"https:\/\/registrace.sportsoft.cz\/main.aspx?e=2999&amp;lng=sk\" target=\"_blank\" rel=\"noopener\"><span style=\"font-weight: 400;\">prihl\u00e1sia<\/span><\/a><span style=\"font-weight: 400;\"> do konca marca, si n\u00e1jdu v \u0161tartovacom bal\u00ed\u010dku aj suven\u00edr.<\/span><\/p>\n<p><span style=\"font-weight: 400;\">Prezent\u00e1cia pretekov je rozdelen\u00e1 na dva dni. Najsk\u00f4r v piatok 19. apr\u00edla od 16:00 do 20:00 a v sobotu v de\u0148 konania marat\u00f3nu od 8:30 (kon\u010d\u00ed 20 min\u00fat pred \u0161tartom danej trasy). <strong>Prihl\u00e1si\u0165 sa je mo\u017en\u00e9 aj na mieste s cenou \u0161tartovn\u00e9ho 36 \u20ac v piatok alebo 40 \u20ac v sobotu.<\/strong><\/span><\/p>\n<p><img loading=\"lazy\" decoding=\"async\" class=\"alignnone size-full wp-image-18835\" src=\"https:\/\/d2p6e6u75xmxt8.cloudfront.net\/4\/2024\/03\/04_WLC_Svaty_Jur.webp\" alt=\"\" width=\"990\" height=\"660\" srcset=\"https:\/\/d2p6e6u75xmxt8.cloudfront.net\/4\/2024\/03\/04_WLC_Svaty_Jur.webp 990w, https:\/\/d2p6e6u75xmxt8.cloudfront.net\/4\/2024\/03\/04_WLC_Svaty_Jur-300x200.webp 300w, https:\/\/d2p6e6u75xmxt8.cloudfront.net\/4\/2024\/03\/04_WLC_Svaty_Jur-768x512.webp 768w, https:\/\/d2p6e6u75xmxt8.cloudfront.net\/4\/2024\/03\/04_WLC_Svaty_Jur-400x267.webp 400w, https:\/\/d2p6e6u75xmxt8.cloudfront.net\/4\/2024\/03\/04_WLC_Svaty_Jur-272x182.webp 272w\" sizes=\"auto, (max-width: 990px) 100vw, 990px\" \/><\/p>\n<h2><b>Trate<\/b><\/h2>\n<p><span style=\"font-weight: 400;\"><strong>Family tra\u0165 je ur\u010den\u00e9 pre rodi\u010dov s de\u0165mi v d\u013a\u017eke 5 kilometrov a 60 metrov prev\u00fd\u0161enia.<\/strong> Samozrejme tu m\u00e1me nie\u010do aj pre fajn\u0161mekrov s porciou 70 kilometrov a 2 000 v\u00fd\u0161kov\u00fdch metrov, pri\u010dom je t\u00e1to tra\u0165 s\u00fa\u010das\u0165ou Slovensk\u00e9ho a \u017dupn\u00e9ho poh\u00e1ra. \u0160tartovn\u00fd v\u00fdstrel zaznie o 10:00 a pripraven\u00e9 s\u00fa 4 bufety. Nesk\u00f4r 10:40 vyrazia na stredn\u00fa tra\u0165 ebiky. <\/span><\/p>\n<p><span style=\"font-weight: 400;\">Stredn\u00e1 tra\u0165 pon\u00faka 42 kilometrov a 1200 v\u00fd\u0161kov\u00fdch metrov, so \u0161tartom o 11:00 prv\u00e1 vlna a 11:20 druh\u00e1 vlna. 11:40 od\u0161tartuje kr\u00e1tka tra\u0165, ktor\u00e1 m\u00e1 21 kilometrov a 550 metrov prev\u00fd\u0161enia. V r\u00e1mci v\u0161etk\u00fdch v\u00fdkonnostn\u00fdch kateg\u00f3ri\u00ed si ka\u017ed\u00fd n\u00e1jde t\u00fa svoju vhodn\u00fa tra\u0165.\u00a0<\/span><\/p>\n<div id='gallery-2' class='gallery galleryid-18831 gallery-columns-2 gallery-size-full'><figure class='gallery-item'>\n\t\t\t<div class='gallery-icon landscape'>\n\t\t\t\t<a href='https:\/\/d2p6e6u75xmxt8.cloudfront.net\/4\/2024\/03\/05_WLC_Svaty_Jur.webp'><img loading=\"lazy\" decoding=\"async\" width=\"990\" height=\"660\" src=\"https:\/\/d2p6e6u75xmxt8.cloudfront.net\/4\/2024\/03\/05_WLC_Svaty_Jur.webp\" class=\"attachment-full size-full\" alt=\"\" srcset=\"https:\/\/d2p6e6u75xmxt8.cloudfront.net\/4\/2024\/03\/05_WLC_Svaty_Jur.webp 990w, https:\/\/d2p6e6u75xmxt8.cloudfront.net\/4\/2024\/03\/05_WLC_Svaty_Jur-300x200.webp 300w, https:\/\/d2p6e6u75xmxt8.cloudfront.net\/4\/2024\/03\/05_WLC_Svaty_Jur-768x512.webp 768w, https:\/\/d2p6e6u75xmxt8.cloudfront.net\/4\/2024\/03\/05_WLC_Svaty_Jur-400x267.webp 400w, https:\/\/d2p6e6u75xmxt8.cloudfront.net\/4\/2024\/03\/05_WLC_Svaty_Jur-272x182.webp 272w\" sizes=\"auto, (max-width: 990px) 100vw, 990px\" \/><\/a>\n\t\t\t<\/div><\/figure><figure class='gallery-item'>\n\t\t\t<div class='gallery-icon landscape'>\n\t\t\t\t<a href='https:\/\/d2p6e6u75xmxt8.cloudfront.net\/4\/2024\/03\/06_WLC_Svaty_Jur.webp'><img loading=\"lazy\" decoding=\"async\" width=\"990\" height=\"660\" src=\"https:\/\/d2p6e6u75xmxt8.cloudfront.net\/4\/2024\/03\/06_WLC_Svaty_Jur.webp\" class=\"attachment-full size-full\" alt=\"\u0160koda Sv\u00e4tojursk\u00fd MTB marat\u00f3n 2024\" srcset=\"https:\/\/d2p6e6u75xmxt8.cloudfront.net\/4\/2024\/03\/06_WLC_Svaty_Jur.webp 990w, https:\/\/d2p6e6u75xmxt8.cloudfront.net\/4\/2024\/03\/06_WLC_Svaty_Jur-300x200.webp 300w, https:\/\/d2p6e6u75xmxt8.cloudfront.net\/4\/2024\/03\/06_WLC_Svaty_Jur-768x512.webp 768w, https:\/\/d2p6e6u75xmxt8.cloudfront.net\/4\/2024\/03\/06_WLC_Svaty_Jur-400x267.webp 400w, https:\/\/d2p6e6u75xmxt8.cloudfront.net\/4\/2024\/03\/06_WLC_Svaty_Jur-272x182.webp 272w\" sizes=\"auto, (max-width: 990px) 100vw, 990px\" \/><\/a>\n\t\t\t<\/div><\/figure>\n\t\t<\/div>\n\n<h2><b>Z\u00e1bava v cieli<\/b><\/h2>\n<p><span style=\"font-weight: 400;\">Samozrejmos\u0165ou je \u0160koda village pre deti, ktor\u00e9 sa m\u00f4\u017eu zabavi\u0165 do s\u00fdtosti a v\u010faka tomu je postaran\u00e9 aj o \u201esupport\u201c t\u00edm. V priestoroch cie\u013ea n\u00e1jdeme st\u00e1nky od partnerov podujatia a po dojazde n\u00e1s bud\u00fa \u010daka\u0165 sprchy, wapky pre bicykle aj s mo\u017enos\u0165ou n\u00e1slednej \u00faschovy. <strong>Taktie\u017e po dojazde n\u00e1s \u010dak\u00e1 dobr\u00e9 jedlo a oddychov\u00e1 z\u00f3na, k\u00fdm sa vyhl\u00e1sia v\u00fdsledky.\u00a0<\/strong><\/span><\/p>\n<p><img loading=\"lazy\" decoding=\"async\" class=\"alignnone size-full wp-image-18838\" src=\"https:\/\/d2p6e6u75xmxt8.cloudfront.net\/4\/2024\/03\/07_WLC_Svaty_Jur.webp\" alt=\"\" width=\"990\" height=\"660\" srcset=\"https:\/\/d2p6e6u75xmxt8.cloudfront.net\/4\/2024\/03\/07_WLC_Svaty_Jur.webp 990w, https:\/\/d2p6e6u75xmxt8.cloudfront.net\/4\/2024\/03\/07_WLC_Svaty_Jur-300x200.webp 300w, https:\/\/d2p6e6u75xmxt8.cloudfront.net\/4\/2024\/03\/07_WLC_Svaty_Jur-768x512.webp 768w, https:\/\/d2p6e6u75xmxt8.cloudfront.net\/4\/2024\/03\/07_WLC_Svaty_Jur-400x267.webp 400w, https:\/\/d2p6e6u75xmxt8.cloudfront.net\/4\/2024\/03\/07_WLC_Svaty_Jur-272x182.webp 272w\" sizes=\"auto, (max-width: 990px) 100vw, 990px\" \/><\/p>\n<p><span style=\"font-weight: 400;\">V\u00fdsledky sa bud\u00fa vyhlasova\u0165 o 15:00 a ocenen\u00ed bud\u00fa prv\u00ed traja v kateg\u00f3rii. <strong>\u010cak\u00e1 n\u00e1s aj bohat\u00e1 tombola, v ktorej mo\u017eete vyhra\u0165 cyklonosi\u010d \u0160koda alebo Enyaq iV na t\u00fd\u017ede\u0148, a to nemus\u00edte patri\u0165 ani medzi najlep\u0161\u00edch. :).<\/strong> Okrem toho m\u00f4\u017eeme degustova\u0165 aj kvalitn\u00e9 Sv\u00e4tojursk\u00e9 v\u00edna od V\u00edno Matula. Viac inform\u00e1ci\u00ed k pretekom n\u00e1jdete na <\/span><a href=\"https:\/\/www.welovecycling.com\/sk\/sbot\/svatyjur.php#Fotogaleria\" target=\"_blank\" rel=\"noopener\"><span style=\"font-weight: 400;\">tomto odkaze<\/span><\/a><span style=\"font-weight: 400;\">. Te\u0161\u00edme sa na va\u0161u \u00fa\u010das\u0165.\u00a0<\/span><\/p>\n","protected":false},"excerpt":{"rendered":"<p>Dlhoro\u010dn\u00e1 st\u00e1lica v kalend\u00e1ri nap\u00ed\u0161e svoje u\u017e 15. pokra\u010dovanie a \u0160koda Bike Open Tour bude znova pri tom.<\/p>\n","protected":false},"author":172,"featured_media":18832,"comment_status":"open","ping_status":"open","sticky":false,"template":"","format":"standard","meta":{"footnotes":""},"categories":[33],"tags":[1246,53,180,412,179,509,474,1615,542,35,360,523,40,1072,1233],"global-categories":[1074],"class_list":["post-18831","post","type-post","status-publish","format-standard","has-post-thumbnail","hentry","category-sbot","tag-cyklisticka-komunita","tag-deti","tag-horska-cyklistika","tag-mtb","tag-preteky","tag-rodina","tag-rodinny-maraton","tag-sezona-2024","tag-skoda","tag-sbot","tag-skoda-svatojursky-mtb-maraton","tag-slovensko","tag-svaty-jur","tag-trat","tag-vyzva","global-categories-cycling"],"yoast_head":"<!-- This site is optimized with the Yoast SEO Premium plugin v25.3 (Yoast SEO v25.9) - https:\/\/yoast.com\/wordpress\/plugins\/seo\/ -->\n<title>Pozv\u00e1nka: \u0160koda Sv\u00e4tojursk\u00fd MTB marat\u00f3n 2024 \u2013 rozjazd v Mal\u00fdch Karpatoch<\/title>\n<meta name=\"description\" content=\"Dlhoro\u010dn\u00e1 st\u00e1lica v kalend\u00e1ri nap\u00ed\u0161e svoje u\u017e 15. pokra\u010dovanie a \u0160koda Bike Open Tour bude znova pri tom. Na \u010do sa te\u0161i\u0165?\" \/>\n<meta name=\"robots\" content=\"index, follow, max-snippet:-1, max-image-preview:large, max-video-preview:-1\" \/>\n<link rel=\"canonical\" href=\"https:\/\/www.welovecycling.com\/sk\/2024\/03\/18\/pozvanka-skoda-svatojursky-mtb-maraton-2024-rozjazd-v-malych-karpatoch\/\" \/>\n<meta property=\"og:locale\" content=\"sk_SK\" \/>\n<meta property=\"og:type\" content=\"article\" \/>\n<meta property=\"og:title\" content=\"Pozv\u00e1nka: \u0160koda Sv\u00e4tojursk\u00fd MTB marat\u00f3n 2024 \u2013 rozjazd v Mal\u00fdch Karpatoch\" \/>\n<meta property=\"og:description\" content=\"Dlhoro\u010dn\u00e1 st\u00e1lica v kalend\u00e1ri nap\u00ed\u0161e svoje u\u017e 15. pokra\u010dovanie a \u0160koda Bike Open Tour bude znova pri tom. Na \u010do sa te\u0161i\u0165?\" \/>\n<meta property=\"og:url\" content=\"https:\/\/www.welovecycling.com\/sk\/2024\/03\/18\/pozvanka-skoda-svatojursky-mtb-maraton-2024-rozjazd-v-malych-karpatoch\/\" \/>\n<meta property=\"og:site_name\" content=\"\u0160koda We Love Cycling Slovensko\" \/>\n<meta property=\"article:published_time\" content=\"2024-03-18T08:00:26+00:00\" \/>\n<meta property=\"og:image\" content=\"https:\/\/d2p6e6u75xmxt8.cloudfront.net\/4\/2024\/03\/01_WLC_Svaty_Jur.webp\" \/>\n\t<meta property=\"og:image:width\" content=\"990\" \/>\n\t<meta property=\"og:image:height\" content=\"660\" \/>\n\t<meta property=\"og:image:type\" content=\"image\/webp\" \/>\n<meta name=\"author\" content=\"dominika\" \/>\n<meta name=\"twitter:card\" content=\"summary_large_image\" \/>\n<meta name=\"twitter:label1\" content=\"Written by\" \/>\n\t<meta name=\"twitter:data1\" content=\"We Love Cycling\" \/>\n\t<meta name=\"twitter:label2\" content=\"Est. reading time\" \/>\n\t<meta name=\"twitter:data2\" content=\"2\" \/>\n<script type=\"application\/ld+json\" class=\"yoast-schema-graph\">{\"@context\":\"https:\/\/schema.org\",\"@graph\":[{\"@type\":\"WebPage\",\"@id\":\"https:\/\/www.welovecycling.com\/sk\/2024\/03\/18\/pozvanka-skoda-svatojursky-mtb-maraton-2024-rozjazd-v-malych-karpatoch\/\",\"url\":\"https:\/\/www.welovecycling.com\/sk\/2024\/03\/18\/pozvanka-skoda-svatojursky-mtb-maraton-2024-rozjazd-v-malych-karpatoch\/\",\"name\":\"Pozv\u00e1nka: \u0160koda Sv\u00e4tojursk\u00fd MTB marat\u00f3n 2024 \u2013 rozjazd v Mal\u00fdch Karpatoch\",\"isPartOf\":{\"@id\":\"https:\/\/www.welovecycling.com\/sk\/#website\"},\"primaryImageOfPage\":{\"@id\":\"https:\/\/www.welovecycling.com\/sk\/2024\/03\/18\/pozvanka-skoda-svatojursky-mtb-maraton-2024-rozjazd-v-malych-karpatoch\/#primaryimage\"},\"image\":{\"@id\":\"https:\/\/www.welovecycling.com\/sk\/2024\/03\/18\/pozvanka-skoda-svatojursky-mtb-maraton-2024-rozjazd-v-malych-karpatoch\/#primaryimage\"},\"thumbnailUrl\":\"https:\/\/d2p6e6u75xmxt8.cloudfront.net\/4\/2024\/03\/01_WLC_Svaty_Jur.webp\",\"datePublished\":\"2024-03-18T08:00:26+00:00\",\"author\":{\"@id\":\"https:\/\/www.welovecycling.com\/sk\/#\/schema\/person\/533b62b98b6c41bd5135ebfb1f742624\"},\"description\":\"Dlhoro\u010dn\u00e1 st\u00e1lica v kalend\u00e1ri nap\u00ed\u0161e svoje u\u017e 15. pokra\u010dovanie a \u0160koda Bike Open Tour bude znova pri tom. Na \u010do sa te\u0161i\u0165?\",\"breadcrumb\":{\"@id\":\"https:\/\/www.welovecycling.com\/sk\/2024\/03\/18\/pozvanka-skoda-svatojursky-mtb-maraton-2024-rozjazd-v-malych-karpatoch\/#breadcrumb\"},\"inLanguage\":\"sk-SK\",\"potentialAction\":[{\"@type\":\"ReadAction\",\"target\":[\"https:\/\/www.welovecycling.com\/sk\/2024\/03\/18\/pozvanka-skoda-svatojursky-mtb-maraton-2024-rozjazd-v-malych-karpatoch\/\"]}]},{\"@type\":\"ImageObject\",\"inLanguage\":\"sk-SK\",\"@id\":\"https:\/\/www.welovecycling.com\/sk\/2024\/03\/18\/pozvanka-skoda-svatojursky-mtb-maraton-2024-rozjazd-v-malych-karpatoch\/#primaryimage\",\"url\":\"https:\/\/d2p6e6u75xmxt8.cloudfront.net\/4\/2024\/03\/01_WLC_Svaty_Jur.webp\",\"contentUrl\":\"https:\/\/d2p6e6u75xmxt8.cloudfront.net\/4\/2024\/03\/01_WLC_Svaty_Jur.webp\",\"width\":990,\"height\":660},{\"@type\":\"BreadcrumbList\",\"@id\":\"https:\/\/www.welovecycling.com\/sk\/2024\/03\/18\/pozvanka-skoda-svatojursky-mtb-maraton-2024-rozjazd-v-malych-karpatoch\/#breadcrumb\",\"itemListElement\":[{\"@type\":\"ListItem\",\"position\":1,\"name\":\"Home\",\"item\":\"https:\/\/www.welovecycling.com\/sk\/\"},{\"@type\":\"ListItem\",\"position\":2,\"name\":\"Pozv\u00e1nka: \u0160koda Sv\u00e4tojursk\u00fd MTB marat\u00f3n 2024 \u2013 rozjazd v Mal\u00fdch Karpatoch\"}]},{\"@type\":\"WebSite\",\"@id\":\"https:\/\/www.welovecycling.com\/sk\/#website\",\"url\":\"https:\/\/www.welovecycling.com\/sk\/\",\"name\":\"\u0160koda We Love Cycling Slovensko\",\"description\":\"\u0160koda We Love Cycling Slovensko je v\u00e1\u0161 ka\u017edodenn\u00fd zdroj noviniek a in\u0161pir\u00e1cie z sveta cyklistiky\",\"potentialAction\":[{\"@type\":\"SearchAction\",\"target\":{\"@type\":\"EntryPoint\",\"urlTemplate\":\"https:\/\/www.welovecycling.com\/sk\/?s={search_term_string}\"},\"query-input\":{\"@type\":\"PropertyValueSpecification\",\"valueRequired\":true,\"valueName\":\"search_term_string\"}}],\"inLanguage\":\"sk-SK\"},{\"@type\":\"Person\",\"@id\":\"https:\/\/www.welovecycling.com\/sk\/#\/schema\/person\/533b62b98b6c41bd5135ebfb1f742624\",\"name\":\"dominika\",\"image\":{\"@type\":\"ImageObject\",\"inLanguage\":\"sk-SK\",\"@id\":\"https:\/\/www.welovecycling.com\/sk\/#\/schema\/person\/image\/\",\"url\":\"https:\/\/secure.gravatar.com\/avatar\/ded6f274ba2ec3e17fff153f7d9d96a4b33c2cb63907f75d9a5309c599a7f3e6?s=96&d=mm&r=g\",\"contentUrl\":\"https:\/\/secure.gravatar.com\/avatar\/ded6f274ba2ec3e17fff153f7d9d96a4b33c2cb63907f75d9a5309c599a7f3e6?s=96&d=mm&r=g\",\"caption\":\"dominika\"},\"url\":\"https:\/\/www.welovecycling.com\/sk\/author\/dominika\/\"}]}<\/script>\n<!-- \/ Yoast SEO Premium plugin. -->","yoast_head_json":{"title":"Pozv\u00e1nka: \u0160koda Sv\u00e4tojursk\u00fd MTB marat\u00f3n 2024 \u2013 rozjazd v Mal\u00fdch Karpatoch","description":"Dlhoro\u010dn\u00e1 st\u00e1lica v kalend\u00e1ri nap\u00ed\u0161e svoje u\u017e 15. pokra\u010dovanie a \u0160koda Bike Open Tour bude znova pri tom. Na \u010do sa te\u0161i\u0165?","robots":{"index":"index","follow":"follow","max-snippet":"max-snippet:-1","max-image-preview":"max-image-preview:large","max-video-preview":"max-video-preview:-1"},"canonical":"https:\/\/www.welovecycling.com\/sk\/2024\/03\/18\/pozvanka-skoda-svatojursky-mtb-maraton-2024-rozjazd-v-malych-karpatoch\/","og_locale":"sk_SK","og_type":"article","og_title":"Pozv\u00e1nka: \u0160koda Sv\u00e4tojursk\u00fd MTB marat\u00f3n 2024 \u2013 rozjazd v Mal\u00fdch Karpatoch","og_description":"Dlhoro\u010dn\u00e1 st\u00e1lica v kalend\u00e1ri nap\u00ed\u0161e svoje u\u017e 15. pokra\u010dovanie a \u0160koda Bike Open Tour bude znova pri tom. Na \u010do sa te\u0161i\u0165?","og_url":"https:\/\/www.welovecycling.com\/sk\/2024\/03\/18\/pozvanka-skoda-svatojursky-mtb-maraton-2024-rozjazd-v-malych-karpatoch\/","og_site_name":"\u0160koda We Love Cycling Slovensko","article_published_time":"2024-03-18T08:00:26+00:00","og_image":[{"width":990,"height":660,"url":"https:\/\/d2p6e6u75xmxt8.cloudfront.net\/4\/2024\/03\/01_WLC_Svaty_Jur.webp","type":"image\/webp"}],"author":"dominika","twitter_card":"summary_large_image","twitter_misc":{"Written by":"We Love Cycling","Est. reading time":"2"},"schema":{"@context":"https:\/\/schema.org","@graph":[{"@type":"WebPage","@id":"https:\/\/www.welovecycling.com\/sk\/2024\/03\/18\/pozvanka-skoda-svatojursky-mtb-maraton-2024-rozjazd-v-malych-karpatoch\/","url":"https:\/\/www.welovecycling.com\/sk\/2024\/03\/18\/pozvanka-skoda-svatojursky-mtb-maraton-2024-rozjazd-v-malych-karpatoch\/","name":"Pozv\u00e1nka: \u0160koda Sv\u00e4tojursk\u00fd MTB marat\u00f3n 2024 \u2013 rozjazd v Mal\u00fdch Karpatoch","isPartOf":{"@id":"https:\/\/www.welovecycling.com\/sk\/#website"},"primaryImageOfPage":{"@id":"https:\/\/www.welovecycling.com\/sk\/2024\/03\/18\/pozvanka-skoda-svatojursky-mtb-maraton-2024-rozjazd-v-malych-karpatoch\/#primaryimage"},"image":{"@id":"https:\/\/www.welovecycling.com\/sk\/2024\/03\/18\/pozvanka-skoda-svatojursky-mtb-maraton-2024-rozjazd-v-malych-karpatoch\/#primaryimage"},"thumbnailUrl":"https:\/\/d2p6e6u75xmxt8.cloudfront.net\/4\/2024\/03\/01_WLC_Svaty_Jur.webp","datePublished":"2024-03-18T08:00:26+00:00","author":{"@id":"https:\/\/www.welovecycling.com\/sk\/#\/schema\/person\/533b62b98b6c41bd5135ebfb1f742624"},"description":"Dlhoro\u010dn\u00e1 st\u00e1lica v kalend\u00e1ri nap\u00ed\u0161e svoje u\u017e 15. pokra\u010dovanie a \u0160koda Bike Open Tour bude znova pri tom. Na \u010do sa te\u0161i\u0165?","breadcrumb":{"@id":"https:\/\/www.welovecycling.com\/sk\/2024\/03\/18\/pozvanka-skoda-svatojursky-mtb-maraton-2024-rozjazd-v-malych-karpatoch\/#breadcrumb"},"inLanguage":"sk-SK","potentialAction":[{"@type":"ReadAction","target":["https:\/\/www.welovecycling.com\/sk\/2024\/03\/18\/pozvanka-skoda-svatojursky-mtb-maraton-2024-rozjazd-v-malych-karpatoch\/"]}]},{"@type":"ImageObject","inLanguage":"sk-SK","@id":"https:\/\/www.welovecycling.com\/sk\/2024\/03\/18\/pozvanka-skoda-svatojursky-mtb-maraton-2024-rozjazd-v-malych-karpatoch\/#primaryimage","url":"https:\/\/d2p6e6u75xmxt8.cloudfront.net\/4\/2024\/03\/01_WLC_Svaty_Jur.webp","contentUrl":"https:\/\/d2p6e6u75xmxt8.cloudfront.net\/4\/2024\/03\/01_WLC_Svaty_Jur.webp","width":990,"height":660},{"@type":"BreadcrumbList","@id":"https:\/\/www.welovecycling.com\/sk\/2024\/03\/18\/pozvanka-skoda-svatojursky-mtb-maraton-2024-rozjazd-v-malych-karpatoch\/#breadcrumb","itemListElement":[{"@type":"ListItem","position":1,"name":"Home","item":"https:\/\/www.welovecycling.com\/sk\/"},{"@type":"ListItem","position":2,"name":"Pozv\u00e1nka: \u0160koda Sv\u00e4tojursk\u00fd MTB marat\u00f3n 2024 \u2013 rozjazd v Mal\u00fdch Karpatoch"}]},{"@type":"WebSite","@id":"https:\/\/www.welovecycling.com\/sk\/#website","url":"https:\/\/www.welovecycling.com\/sk\/","name":"\u0160koda We Love Cycling Slovensko","description":"\u0160koda We Love Cycling Slovensko je v\u00e1\u0161 ka\u017edodenn\u00fd zdroj noviniek a in\u0161pir\u00e1cie z sveta cyklistiky","potentialAction":[{"@type":"SearchAction","target":{"@type":"EntryPoint","urlTemplate":"https:\/\/www.welovecycling.com\/sk\/?s={search_term_string}"},"query-input":{"@type":"PropertyValueSpecification","valueRequired":true,"valueName":"search_term_string"}}],"inLanguage":"sk-SK"},{"@type":"Person","@id":"https:\/\/www.welovecycling.com\/sk\/#\/schema\/person\/533b62b98b6c41bd5135ebfb1f742624","name":"dominika","image":{"@type":"ImageObject","inLanguage":"sk-SK","@id":"https:\/\/www.welovecycling.com\/sk\/#\/schema\/person\/image\/","url":"https:\/\/secure.gravatar.com\/avatar\/ded6f274ba2ec3e17fff153f7d9d96a4b33c2cb63907f75d9a5309c599a7f3e6?s=96&d=mm&r=g","contentUrl":"https:\/\/secure.gravatar.com\/avatar\/ded6f274ba2ec3e17fff153f7d9d96a4b33c2cb63907f75d9a5309c599a7f3e6?s=96&d=mm&r=g","caption":"dominika"},"url":"https:\/\/www.welovecycling.com\/sk\/author\/dominika\/"}]}},"_links":{"self":[{"href":"https:\/\/www.welovecycling.com\/sk\/wp-json\/wp\/v2\/posts\/18831","targetHints":{"allow":["GET"]}}],"collection":[{"href":"https:\/\/www.welovecycling.com\/sk\/wp-json\/wp\/v2\/posts"}],"about":[{"href":"https:\/\/www.welovecycling.com\/sk\/wp-json\/wp\/v2\/types\/post"}],"author":[{"embeddable":true,"href":"https:\/\/www.welovecycling.com\/sk\/wp-json\/wp\/v2\/users\/172"}],"replies":[{"embeddable":true,"href":"https:\/\/www.welovecycling.com\/sk\/wp-json\/wp\/v2\/comments?post=18831"}],"version-history":[{"count":7,"href":"https:\/\/www.welovecycling.com\/sk\/wp-json\/wp\/v2\/posts\/18831\/revisions"}],"predecessor-version":[{"id":18849,"href":"https:\/\/www.welovecycling.com\/sk\/wp-json\/wp\/v2\/posts\/18831\/revisions\/18849"}],"wp:featuredmedia":[{"embeddable":true,"href":"https:\/\/www.welovecycling.com\/sk\/wp-json\/wp\/v2\/media\/18832"}],"wp:attachment":[{"href":"https:\/\/www.welovecycling.com\/sk\/wp-json\/wp\/v2\/media?parent=18831"}],"wp:term":[{"taxonomy":"category","embeddable":true,"href":"https:\/\/www.welovecycling.com\/sk\/wp-json\/wp\/v2\/categories?post=18831"},{"taxonomy":"post_tag","embeddable":true,"href":"https:\/\/www.welovecycling.com\/sk\/wp-json\/wp\/v2\/tags?post=18831"},{"taxonomy":"global-categories","embeddable":true,"href":"https:\/\/www.welovecycling.com\/sk\/wp-json\/wp\/v2\/global-categories?post=18831"}],"curies":[{"name":"wp","href":"https:\/\/api.w.org\/{rel}","templated":true}]}}