{"id":18819,"date":"2024-03-13T09:00:31","date_gmt":"2024-03-13T08:00:31","guid":{"rendered":"https:\/\/www.welovecycling.com\/sk\/?p=18819"},"modified":"2024-03-11T15:24:43","modified_gmt":"2024-03-11T14:24:43","slug":"vyberame-prvy-cestny-bicykel-na-co-sa-zamerat","status":"publish","type":"post","link":"https:\/\/www.welovecycling.com\/sk\/2024\/03\/13\/vyberame-prvy-cestny-bicykel-na-co-sa-zamerat\/","title":{"rendered":"Vyber\u00e1me prv\u00fd cestn\u00fd bicykel &#8211; na \u010do sa zamera\u0165?"},"content":{"rendered":"<p><strong>Cestn\u00e1 cyklistika je znamen\u00edm r\u00fdchlosti, aerodynamiky a, hoci to tak niekedy nemus\u00ed vyzera\u0165, aj z\u00e1bavy. Ako by mohol vyzera\u0165 prv\u00fd cestn\u00fd bicykel?<\/strong><!--more--><\/p>\n<p><span style=\"font-weight: 400;\">Pri v\u00fdbere bicykla s\u00fa v\u017edy veci d\u00f4le\u017eitej\u0161ie a veci menej d\u00f4le\u017eit\u00e9. A inak to nie je ani pri \u201e\u017eiletke\u201c. M\u00f4\u017eeme vybera\u0165 medzi hlin\u00edkov\u00fdm r\u00e1mom a karb\u00f3nov\u00fdm r\u00e1mom, r\u00f4znymi kolesami, kot\u00fa\u010dov\u00fdmi a r\u00e1fikov\u00fdmi brzdami, elektronick\u00fdm, \u010di mechanick\u00fdm raden\u00edm. Ako sa nestrati\u0165 v ponuke?<\/span><\/p>\n<h2><strong>R\u00e1m \u2013 spr\u00e1vny z\u00e1klad<\/strong><\/h2>\n<p><span style=\"font-weight: 400;\">Ako prv\u00e9 treba poveda\u0165, \u017ee r\u00e1m mus\u00ed spr\u00e1vne sedie\u0165 na v\u00fd\u0161ku cyklistu. M\u00f4\u017eete ma\u0165 aj najlep\u0161\u00ed a naj\u013eah\u0161\u00ed r\u00e1m, no ak v\u00e1m nesadne, bicyklovanie bude sk\u00f4r tr\u00e1penie. <\/span><b>Preto treba d\u00f4kladne porovna\u0165 tabu\u013ekov\u00e9 ve\u013ekosti a geometriu, v ide\u00e1lnom pr\u00edpade si konkr\u00e9tny model aj vysk\u00fa\u0161a\u0165.<\/b><span style=\"font-weight: 400;\"> A \u010do materi\u00e1l? Za\u010diato\u010dn\u00edkovi \u00faplne posta\u010d\u00ed aj hlin\u00edk. <\/span><\/p>\n<p><span style=\"font-weight: 400;\">Vo v\u0161eobecnosti plat\u00ed, \u017ee pri rovnakej cenovej rel\u00e1cii sa oplat\u00ed sk\u00f4r investova\u0165 do hlin\u00edkov\u00e9ho r\u00e1mu s lep\u0161\u00edm osaden\u00edm, ne\u017e si k\u00fapi\u0165 karb\u00f3nov\u00fd r\u00e1m, osaden\u00fd druhotriednymi komponentami. \u010casom zist\u00edte, \u010do v\u00e1m na bicykli vyhovuje a \u010doho by ste sa naopak zbavili \u2013 toto je \u010das, aby ste investovali do drah\u0161ieho modelu.<\/span><\/p>\n<p><img loading=\"lazy\" decoding=\"async\" class=\"alignnone wp-image-18822 size-full\" src=\"https:\/\/d2p6e6u75xmxt8.cloudfront.net\/4\/2024\/03\/01-2.webp\" alt=\"cestn\u00fd bicykel\" width=\"990\" height=\"660\" srcset=\"https:\/\/d2p6e6u75xmxt8.cloudfront.net\/4\/2024\/03\/01-2.webp 990w, https:\/\/d2p6e6u75xmxt8.cloudfront.net\/4\/2024\/03\/01-2-300x200.webp 300w, https:\/\/d2p6e6u75xmxt8.cloudfront.net\/4\/2024\/03\/01-2-768x512.webp 768w, https:\/\/d2p6e6u75xmxt8.cloudfront.net\/4\/2024\/03\/01-2-400x267.webp 400w, https:\/\/d2p6e6u75xmxt8.cloudfront.net\/4\/2024\/03\/01-2-272x182.webp 272w\" sizes=\"auto, (max-width: 990px) 100vw, 990px\" \/><\/p>\n<h2><b>Radenie \u2013 nie je to len o sade<\/b><\/h2>\n<p><span style=\"font-weight: 400;\">Asi nebudeme rie\u0161i\u0165, \u010di je lep\u0161ie Shimano alebo SRAM \u2013 toto je ot\u00e1zka preferenci\u00ed. \u010ci \u00eds\u0165 do mechaniky alebo elektroniky, je zas sk\u00f4r ot\u00e1zka financi\u00ed. Dobr\u00fdm odrazov\u00fdm most\u00edkom je v\u0161ak napr\u00edklad sada Shimano Tiagra alebo 105, pr\u00edpadne SRAM Apex alebo Rival. Poskytuj\u00fa dostato\u010dn\u00fd po\u010det prevodov, tak\u017ee skoky medzi jednotliv\u00fdmi pastorkami nebud\u00fa tak cite\u013en\u00e9. <\/span><\/p>\n<p><span style=\"font-weight: 400;\">V prvom rade v\u0161ak treba vzia\u0165 do \u00favahy, \u017ee nevytr\u00e9novan\u00fd cyklista potrebuje vy\u0161\u0161\u00ed rozsah prevodov \u2013 predov\u0161etk\u00fdm do kopca. <\/span><b>Preto sa netreba b\u00e1\u0165 kaziet s rozsahom 11 \u2013 32, pr\u00edpadne 11 \u2013 34 zubov.<\/b><span style=\"font-weight: 400;\"> V kombin\u00e1cii s kompaktn\u00fdmi prevodn\u00edkmi (50\/34 zubov) nebud\u00fa robi\u0165 probl\u00e9m ani n\u00e1ro\u010dnej\u0161ie st\u00fapania.<\/span><\/p>\n<div id='gallery-1' class='gallery galleryid-18819 gallery-columns-2 gallery-size-full'><figure class='gallery-item'>\n\t\t\t<div class='gallery-icon landscape'>\n\t\t\t\t<a href='https:\/\/d2p6e6u75xmxt8.cloudfront.net\/4\/2024\/03\/02-1.webp'><img loading=\"lazy\" decoding=\"async\" width=\"990\" height=\"990\" src=\"https:\/\/d2p6e6u75xmxt8.cloudfront.net\/4\/2024\/03\/02-1.webp\" class=\"attachment-full size-full\" alt=\"\" srcset=\"https:\/\/d2p6e6u75xmxt8.cloudfront.net\/4\/2024\/03\/02-1.webp 990w, https:\/\/d2p6e6u75xmxt8.cloudfront.net\/4\/2024\/03\/02-1-300x300.webp 300w, https:\/\/d2p6e6u75xmxt8.cloudfront.net\/4\/2024\/03\/02-1-150x150.webp 150w, https:\/\/d2p6e6u75xmxt8.cloudfront.net\/4\/2024\/03\/02-1-768x768.webp 768w, https:\/\/d2p6e6u75xmxt8.cloudfront.net\/4\/2024\/03\/02-1-400x400.webp 400w\" sizes=\"auto, (max-width: 990px) 100vw, 990px\" \/><\/a>\n\t\t\t<\/div><\/figure><figure class='gallery-item'>\n\t\t\t<div class='gallery-icon landscape'>\n\t\t\t\t<a href='https:\/\/d2p6e6u75xmxt8.cloudfront.net\/4\/2024\/03\/03.webp'><img loading=\"lazy\" decoding=\"async\" width=\"990\" height=\"990\" src=\"https:\/\/d2p6e6u75xmxt8.cloudfront.net\/4\/2024\/03\/03.webp\" class=\"attachment-full size-full\" alt=\"\" srcset=\"https:\/\/d2p6e6u75xmxt8.cloudfront.net\/4\/2024\/03\/03.webp 990w, https:\/\/d2p6e6u75xmxt8.cloudfront.net\/4\/2024\/03\/03-300x300.webp 300w, https:\/\/d2p6e6u75xmxt8.cloudfront.net\/4\/2024\/03\/03-150x150.webp 150w, https:\/\/d2p6e6u75xmxt8.cloudfront.net\/4\/2024\/03\/03-768x768.webp 768w, https:\/\/d2p6e6u75xmxt8.cloudfront.net\/4\/2024\/03\/03-400x400.webp 400w\" sizes=\"auto, (max-width: 990px) 100vw, 990px\" \/><\/a>\n\t\t\t<\/div><\/figure>\n\t\t<\/div>\n\n<h2><b>Brzdy ako z\u00e1klad bezpe\u010dnosti<\/b><\/h2>\n<p><span style=\"font-weight: 400;\">V tomto bode sa s\u010dasti dost\u00e1vame aj k ot\u00e1zke rozpo\u010dtu. Kot\u00fa\u010dov\u00e9 brzdy toti\u017e pe\u0148a\u017eenku potr\u00e1pia viac, no prin\u00e1\u0161aj\u00fa so sebou nieko\u013eko v\u00fdhod. <\/span><b>Logick\u00fdm je vy\u0161\u0161\u00ed brzdn\u00fd v\u00fdkon pri men\u0161om tlaku na p\u00e1ku, vy\u0161\u0161ia bezpe\u010dnos\u0165 aj pri mokr\u00fdch zjazdoch.<\/b><span style=\"font-weight: 400;\"> Siahnu\u0165 by po nich mali predov\u0161etk\u00fdm \u0165a\u017e\u0161\u00ed jazdci.\u00a0<\/span><\/p>\n<p><img loading=\"lazy\" decoding=\"async\" class=\"alignnone wp-image-18825 size-full\" src=\"https:\/\/d2p6e6u75xmxt8.cloudfront.net\/4\/2024\/03\/04-1.webp\" alt=\"brzdy\" width=\"990\" height=\"660\" srcset=\"https:\/\/d2p6e6u75xmxt8.cloudfront.net\/4\/2024\/03\/04-1.webp 990w, https:\/\/d2p6e6u75xmxt8.cloudfront.net\/4\/2024\/03\/04-1-300x200.webp 300w, https:\/\/d2p6e6u75xmxt8.cloudfront.net\/4\/2024\/03\/04-1-768x512.webp 768w, https:\/\/d2p6e6u75xmxt8.cloudfront.net\/4\/2024\/03\/04-1-400x267.webp 400w, https:\/\/d2p6e6u75xmxt8.cloudfront.net\/4\/2024\/03\/04-1-272x182.webp 272w\" sizes=\"auto, (max-width: 990px) 100vw, 990px\" \/><\/p>\n<p><span style=\"font-weight: 400;\">R\u00e1fikov\u00e9 brzdy s\u00fa v\u0161ak st\u00e1le ob\u013e\u00fabenou vo\u013ebou za\u010d\u00ednaj\u00facich cyklistov \u2013 s\u00fa jednoduch\u0161ie na \u00fadr\u017ebu a servis, no predov\u0161etk\u00fdm pri be\u017enom hobby jazden\u00ed bohato posta\u010duj\u00fa.<\/span><\/p>\n<h2><strong>Priestor na zlep\u0161enie<\/strong><\/h2>\n<p><span style=\"font-weight: 400;\">\u017dijeme v dobe, kedy s\u00fa karb\u00f3nov\u00e9 doplnky \u010d\u00edm \u010falej, t\u00fdm dostupnej\u0161ie. A je pravdou, \u017ee napr\u00edklad karb\u00f3nov\u00e1 sedlovka, karb\u00f3nov\u00fd predstavec a riadidl\u00e1 dok\u00e1\u017eu o nie\u010do zlep\u0161i\u0165 pocit z jazdy. Ve\u013ea dok\u00e1\u017ee spravi\u0165 aj sedlo spr\u00e1vnej \u0161\u00edrky a dostato\u010dne tlmiaca omot\u00e1vka. Pr\u00e1ve toto ve\u013eakr\u00e1t ur\u010d\u00ed, ak\u00fd pohodln\u00fd bude dlh\u0161\u00ed v\u00fdlet.<\/span><\/p>\n<p><img loading=\"lazy\" decoding=\"async\" class=\"alignnone size-full wp-image-18826\" src=\"https:\/\/d2p6e6u75xmxt8.cloudfront.net\/4\/2024\/03\/05.webp\" alt=\"\" width=\"990\" height=\"660\" srcset=\"https:\/\/d2p6e6u75xmxt8.cloudfront.net\/4\/2024\/03\/05.webp 990w, https:\/\/d2p6e6u75xmxt8.cloudfront.net\/4\/2024\/03\/05-300x200.webp 300w, https:\/\/d2p6e6u75xmxt8.cloudfront.net\/4\/2024\/03\/05-768x512.webp 768w, https:\/\/d2p6e6u75xmxt8.cloudfront.net\/4\/2024\/03\/05-400x267.webp 400w, https:\/\/d2p6e6u75xmxt8.cloudfront.net\/4\/2024\/03\/05-272x182.webp 272w\" sizes=\"auto, (max-width: 990px) 100vw, 990px\" \/><\/p>\n<p><span style=\"font-weight: 400;\">Mno\u017estvo z uveden\u00fdch polo\u017eiek je predov\u0161etk\u00fdm ot\u00e1zkou financi\u00ed \u2013 nie ka\u017ed\u00fd chce na za\u010diatok do bicykla \u201evrazi\u0165\u201c vy\u0161e 2000 \u20ac. <\/span><b>V tomto vedia by\u0165 pomocn\u00edkom aj baz\u00e1re, kde sa d\u00e1 ve\u013eakr\u00e1t n\u00e1js\u0165 zachoval\u00fd k\u00fasok za v\u00fdborn\u00fa cenu.<\/b><\/p>\n<p><span style=\"font-weight: 400;\">A mo\u017eno bud\u00fa sta\u010di\u0165 dve-tri sez\u00f3ny a preferencie pri v\u00fdbere bud\u00fa u\u017e \u00faplne in\u00e9\u2026 no pr\u00e1ve v tomto spo\u010d\u00edva \u010daro objavovania pri za\u010diatkoch s cestnou cyklistikou. \ud83d\ude42\u00a0<\/span><\/p>\n","protected":false},"excerpt":{"rendered":"<p>Cestn\u00e1 cyklistika je znamen\u00edm r\u00fdchlosti, aerodynamiky a, hoci to tak niekedy nemus\u00ed vyzera\u0165, aj z\u00e1bavy. Ako by mohol vyzera\u0165 prv\u00fd [&hellip;]<\/p>\n","protected":false},"author":172,"featured_media":18821,"comment_status":"open","ping_status":"open","sticky":false,"template":"","format":"standard","meta":{"footnotes":""},"categories":[4],"tags":[553,62,559,115,487,546,222,1540,55,183,220],"global-categories":[1074],"class_list":["post-18819","post","type-post","status-publish","format-standard","has-post-thumbnail","hentry","category-cestna-cyklisitika","tag-ako-na-to","tag-bezpecnost","tag-bicykel","tag-cestna-cyklistika","tag-cestny-bicykel","tag-cyklistika","tag-komponenty","tag-tip","tag-trening","tag-zabava","tag-zaciatocnik","global-categories-cycling"],"yoast_head":"<!-- This site is optimized with the Yoast SEO Premium plugin v25.3 (Yoast SEO v25.9) - https:\/\/yoast.com\/wordpress\/plugins\/seo\/ -->\n<title>Vyber\u00e1me prv\u00fd cestn\u00fd bicykel - na \u010do sa zamera\u0165? - \u0160koda We Love Cycling Slovensko<\/title>\n<meta name=\"description\" content=\"Cestn\u00e1 cyklistika je znamen\u00edm r\u00fdchlosti, aerodynamiky aj z\u00e1bavy. Ako by mohol vyzera\u0165 prv\u00fd cestn\u00fd bicykel?\" \/>\n<meta name=\"robots\" content=\"index, follow, max-snippet:-1, max-image-preview:large, max-video-preview:-1\" \/>\n<link rel=\"canonical\" href=\"https:\/\/www.welovecycling.com\/sk\/2024\/03\/13\/vyberame-prvy-cestny-bicykel-na-co-sa-zamerat\/\" \/>\n<meta property=\"og:locale\" content=\"sk_SK\" \/>\n<meta property=\"og:type\" content=\"article\" \/>\n<meta property=\"og:title\" content=\"Vyber\u00e1me prv\u00fd cestn\u00fd bicykel - na \u010do sa zamera\u0165?\" \/>\n<meta property=\"og:description\" content=\"Cestn\u00e1 cyklistika je znamen\u00edm r\u00fdchlosti, aerodynamiky aj z\u00e1bavy. Ako by mohol vyzera\u0165 prv\u00fd cestn\u00fd bicykel?\" \/>\n<meta property=\"og:url\" content=\"https:\/\/www.welovecycling.com\/sk\/2024\/03\/13\/vyberame-prvy-cestny-bicykel-na-co-sa-zamerat\/\" \/>\n<meta property=\"og:site_name\" content=\"\u0160koda We Love Cycling Slovensko\" \/>\n<meta property=\"article:published_time\" content=\"2024-03-13T08:00:31+00:00\" \/>\n<meta property=\"og:image\" content=\"https:\/\/d2p6e6u75xmxt8.cloudfront.net\/4\/2024\/03\/Titulka-1.webp\" \/>\n\t<meta property=\"og:image:width\" content=\"990\" \/>\n\t<meta property=\"og:image:height\" content=\"660\" \/>\n\t<meta property=\"og:image:type\" content=\"image\/webp\" \/>\n<meta name=\"author\" content=\"dominika\" \/>\n<meta name=\"twitter:card\" content=\"summary_large_image\" \/>\n<meta name=\"twitter:label1\" content=\"Written by\" \/>\n\t<meta name=\"twitter:data1\" content=\"We Love Cycling\" \/>\n\t<meta name=\"twitter:label2\" content=\"Est. reading time\" \/>\n\t<meta name=\"twitter:data2\" content=\"2\" \/>\n<script type=\"application\/ld+json\" class=\"yoast-schema-graph\">{\"@context\":\"https:\/\/schema.org\",\"@graph\":[{\"@type\":\"WebPage\",\"@id\":\"https:\/\/www.welovecycling.com\/sk\/2024\/03\/13\/vyberame-prvy-cestny-bicykel-na-co-sa-zamerat\/\",\"url\":\"https:\/\/www.welovecycling.com\/sk\/2024\/03\/13\/vyberame-prvy-cestny-bicykel-na-co-sa-zamerat\/\",\"name\":\"Vyber\u00e1me prv\u00fd cestn\u00fd bicykel - na \u010do sa zamera\u0165? - \u0160koda We Love Cycling Slovensko\",\"isPartOf\":{\"@id\":\"https:\/\/www.welovecycling.com\/sk\/#website\"},\"primaryImageOfPage\":{\"@id\":\"https:\/\/www.welovecycling.com\/sk\/2024\/03\/13\/vyberame-prvy-cestny-bicykel-na-co-sa-zamerat\/#primaryimage\"},\"image\":{\"@id\":\"https:\/\/www.welovecycling.com\/sk\/2024\/03\/13\/vyberame-prvy-cestny-bicykel-na-co-sa-zamerat\/#primaryimage\"},\"thumbnailUrl\":\"https:\/\/d2p6e6u75xmxt8.cloudfront.net\/4\/2024\/03\/Titulka-1.webp\",\"datePublished\":\"2024-03-13T08:00:31+00:00\",\"author\":{\"@id\":\"https:\/\/www.welovecycling.com\/sk\/#\/schema\/person\/533b62b98b6c41bd5135ebfb1f742624\"},\"description\":\"Cestn\u00e1 cyklistika je znamen\u00edm r\u00fdchlosti, aerodynamiky aj z\u00e1bavy. Ako by mohol vyzera\u0165 prv\u00fd cestn\u00fd bicykel?\",\"breadcrumb\":{\"@id\":\"https:\/\/www.welovecycling.com\/sk\/2024\/03\/13\/vyberame-prvy-cestny-bicykel-na-co-sa-zamerat\/#breadcrumb\"},\"inLanguage\":\"sk-SK\",\"potentialAction\":[{\"@type\":\"ReadAction\",\"target\":[\"https:\/\/www.welovecycling.com\/sk\/2024\/03\/13\/vyberame-prvy-cestny-bicykel-na-co-sa-zamerat\/\"]}]},{\"@type\":\"ImageObject\",\"inLanguage\":\"sk-SK\",\"@id\":\"https:\/\/www.welovecycling.com\/sk\/2024\/03\/13\/vyberame-prvy-cestny-bicykel-na-co-sa-zamerat\/#primaryimage\",\"url\":\"https:\/\/d2p6e6u75xmxt8.cloudfront.net\/4\/2024\/03\/Titulka-1.webp\",\"contentUrl\":\"https:\/\/d2p6e6u75xmxt8.cloudfront.net\/4\/2024\/03\/Titulka-1.webp\",\"width\":990,\"height\":660},{\"@type\":\"BreadcrumbList\",\"@id\":\"https:\/\/www.welovecycling.com\/sk\/2024\/03\/13\/vyberame-prvy-cestny-bicykel-na-co-sa-zamerat\/#breadcrumb\",\"itemListElement\":[{\"@type\":\"ListItem\",\"position\":1,\"name\":\"Home\",\"item\":\"https:\/\/www.welovecycling.com\/sk\/\"},{\"@type\":\"ListItem\",\"position\":2,\"name\":\"Vyber\u00e1me prv\u00fd cestn\u00fd bicykel &#8211; na \u010do sa zamera\u0165?\"}]},{\"@type\":\"WebSite\",\"@id\":\"https:\/\/www.welovecycling.com\/sk\/#website\",\"url\":\"https:\/\/www.welovecycling.com\/sk\/\",\"name\":\"\u0160koda We Love Cycling Slovensko\",\"description\":\"\u0160koda We Love Cycling Slovensko je v\u00e1\u0161 ka\u017edodenn\u00fd zdroj noviniek a in\u0161pir\u00e1cie z sveta cyklistiky\",\"potentialAction\":[{\"@type\":\"SearchAction\",\"target\":{\"@type\":\"EntryPoint\",\"urlTemplate\":\"https:\/\/www.welovecycling.com\/sk\/?s={search_term_string}\"},\"query-input\":{\"@type\":\"PropertyValueSpecification\",\"valueRequired\":true,\"valueName\":\"search_term_string\"}}],\"inLanguage\":\"sk-SK\"},{\"@type\":\"Person\",\"@id\":\"https:\/\/www.welovecycling.com\/sk\/#\/schema\/person\/533b62b98b6c41bd5135ebfb1f742624\",\"name\":\"dominika\",\"image\":{\"@type\":\"ImageObject\",\"inLanguage\":\"sk-SK\",\"@id\":\"https:\/\/www.welovecycling.com\/sk\/#\/schema\/person\/image\/\",\"url\":\"https:\/\/secure.gravatar.com\/avatar\/ded6f274ba2ec3e17fff153f7d9d96a4b33c2cb63907f75d9a5309c599a7f3e6?s=96&d=mm&r=g\",\"contentUrl\":\"https:\/\/secure.gravatar.com\/avatar\/ded6f274ba2ec3e17fff153f7d9d96a4b33c2cb63907f75d9a5309c599a7f3e6?s=96&d=mm&r=g\",\"caption\":\"dominika\"},\"url\":\"https:\/\/www.welovecycling.com\/sk\/author\/dominika\/\"}]}<\/script>\n<!-- \/ Yoast SEO Premium plugin. -->","yoast_head_json":{"title":"Vyber\u00e1me prv\u00fd cestn\u00fd bicykel - na \u010do sa zamera\u0165? - \u0160koda We Love Cycling Slovensko","description":"Cestn\u00e1 cyklistika je znamen\u00edm r\u00fdchlosti, aerodynamiky aj z\u00e1bavy. Ako by mohol vyzera\u0165 prv\u00fd cestn\u00fd bicykel?","robots":{"index":"index","follow":"follow","max-snippet":"max-snippet:-1","max-image-preview":"max-image-preview:large","max-video-preview":"max-video-preview:-1"},"canonical":"https:\/\/www.welovecycling.com\/sk\/2024\/03\/13\/vyberame-prvy-cestny-bicykel-na-co-sa-zamerat\/","og_locale":"sk_SK","og_type":"article","og_title":"Vyber\u00e1me prv\u00fd cestn\u00fd bicykel - na \u010do sa zamera\u0165?","og_description":"Cestn\u00e1 cyklistika je znamen\u00edm r\u00fdchlosti, aerodynamiky aj z\u00e1bavy. Ako by mohol vyzera\u0165 prv\u00fd cestn\u00fd bicykel?","og_url":"https:\/\/www.welovecycling.com\/sk\/2024\/03\/13\/vyberame-prvy-cestny-bicykel-na-co-sa-zamerat\/","og_site_name":"\u0160koda We Love Cycling Slovensko","article_published_time":"2024-03-13T08:00:31+00:00","og_image":[{"width":990,"height":660,"url":"https:\/\/d2p6e6u75xmxt8.cloudfront.net\/4\/2024\/03\/Titulka-1.webp","type":"image\/webp"}],"author":"dominika","twitter_card":"summary_large_image","twitter_misc":{"Written by":"We Love Cycling","Est. reading time":"2"},"schema":{"@context":"https:\/\/schema.org","@graph":[{"@type":"WebPage","@id":"https:\/\/www.welovecycling.com\/sk\/2024\/03\/13\/vyberame-prvy-cestny-bicykel-na-co-sa-zamerat\/","url":"https:\/\/www.welovecycling.com\/sk\/2024\/03\/13\/vyberame-prvy-cestny-bicykel-na-co-sa-zamerat\/","name":"Vyber\u00e1me prv\u00fd cestn\u00fd bicykel - na \u010do sa zamera\u0165? - \u0160koda We Love Cycling Slovensko","isPartOf":{"@id":"https:\/\/www.welovecycling.com\/sk\/#website"},"primaryImageOfPage":{"@id":"https:\/\/www.welovecycling.com\/sk\/2024\/03\/13\/vyberame-prvy-cestny-bicykel-na-co-sa-zamerat\/#primaryimage"},"image":{"@id":"https:\/\/www.welovecycling.com\/sk\/2024\/03\/13\/vyberame-prvy-cestny-bicykel-na-co-sa-zamerat\/#primaryimage"},"thumbnailUrl":"https:\/\/d2p6e6u75xmxt8.cloudfront.net\/4\/2024\/03\/Titulka-1.webp","datePublished":"2024-03-13T08:00:31+00:00","author":{"@id":"https:\/\/www.welovecycling.com\/sk\/#\/schema\/person\/533b62b98b6c41bd5135ebfb1f742624"},"description":"Cestn\u00e1 cyklistika je znamen\u00edm r\u00fdchlosti, aerodynamiky aj z\u00e1bavy. Ako by mohol vyzera\u0165 prv\u00fd cestn\u00fd bicykel?","breadcrumb":{"@id":"https:\/\/www.welovecycling.com\/sk\/2024\/03\/13\/vyberame-prvy-cestny-bicykel-na-co-sa-zamerat\/#breadcrumb"},"inLanguage":"sk-SK","potentialAction":[{"@type":"ReadAction","target":["https:\/\/www.welovecycling.com\/sk\/2024\/03\/13\/vyberame-prvy-cestny-bicykel-na-co-sa-zamerat\/"]}]},{"@type":"ImageObject","inLanguage":"sk-SK","@id":"https:\/\/www.welovecycling.com\/sk\/2024\/03\/13\/vyberame-prvy-cestny-bicykel-na-co-sa-zamerat\/#primaryimage","url":"https:\/\/d2p6e6u75xmxt8.cloudfront.net\/4\/2024\/03\/Titulka-1.webp","contentUrl":"https:\/\/d2p6e6u75xmxt8.cloudfront.net\/4\/2024\/03\/Titulka-1.webp","width":990,"height":660},{"@type":"BreadcrumbList","@id":"https:\/\/www.welovecycling.com\/sk\/2024\/03\/13\/vyberame-prvy-cestny-bicykel-na-co-sa-zamerat\/#breadcrumb","itemListElement":[{"@type":"ListItem","position":1,"name":"Home","item":"https:\/\/www.welovecycling.com\/sk\/"},{"@type":"ListItem","position":2,"name":"Vyber\u00e1me prv\u00fd cestn\u00fd bicykel &#8211; na \u010do sa zamera\u0165?"}]},{"@type":"WebSite","@id":"https:\/\/www.welovecycling.com\/sk\/#website","url":"https:\/\/www.welovecycling.com\/sk\/","name":"\u0160koda We Love Cycling Slovensko","description":"\u0160koda We Love Cycling Slovensko je v\u00e1\u0161 ka\u017edodenn\u00fd zdroj noviniek a in\u0161pir\u00e1cie z sveta cyklistiky","potentialAction":[{"@type":"SearchAction","target":{"@type":"EntryPoint","urlTemplate":"https:\/\/www.welovecycling.com\/sk\/?s={search_term_string}"},"query-input":{"@type":"PropertyValueSpecification","valueRequired":true,"valueName":"search_term_string"}}],"inLanguage":"sk-SK"},{"@type":"Person","@id":"https:\/\/www.welovecycling.com\/sk\/#\/schema\/person\/533b62b98b6c41bd5135ebfb1f742624","name":"dominika","image":{"@type":"ImageObject","inLanguage":"sk-SK","@id":"https:\/\/www.welovecycling.com\/sk\/#\/schema\/person\/image\/","url":"https:\/\/secure.gravatar.com\/avatar\/ded6f274ba2ec3e17fff153f7d9d96a4b33c2cb63907f75d9a5309c599a7f3e6?s=96&d=mm&r=g","contentUrl":"https:\/\/secure.gravatar.com\/avatar\/ded6f274ba2ec3e17fff153f7d9d96a4b33c2cb63907f75d9a5309c599a7f3e6?s=96&d=mm&r=g","caption":"dominika"},"url":"https:\/\/www.welovecycling.com\/sk\/author\/dominika\/"}]}},"_links":{"self":[{"href":"https:\/\/www.welovecycling.com\/sk\/wp-json\/wp\/v2\/posts\/18819","targetHints":{"allow":["GET"]}}],"collection":[{"href":"https:\/\/www.welovecycling.com\/sk\/wp-json\/wp\/v2\/posts"}],"about":[{"href":"https:\/\/www.welovecycling.com\/sk\/wp-json\/wp\/v2\/types\/post"}],"author":[{"embeddable":true,"href":"https:\/\/www.welovecycling.com\/sk\/wp-json\/wp\/v2\/users\/172"}],"replies":[{"embeddable":true,"href":"https:\/\/www.welovecycling.com\/sk\/wp-json\/wp\/v2\/comments?post=18819"}],"version-history":[{"count":8,"href":"https:\/\/www.welovecycling.com\/sk\/wp-json\/wp\/v2\/posts\/18819\/revisions"}],"predecessor-version":[{"id":18846,"href":"https:\/\/www.welovecycling.com\/sk\/wp-json\/wp\/v2\/posts\/18819\/revisions\/18846"}],"wp:featuredmedia":[{"embeddable":true,"href":"https:\/\/www.welovecycling.com\/sk\/wp-json\/wp\/v2\/media\/18821"}],"wp:attachment":[{"href":"https:\/\/www.welovecycling.com\/sk\/wp-json\/wp\/v2\/media?parent=18819"}],"wp:term":[{"taxonomy":"category","embeddable":true,"href":"https:\/\/www.welovecycling.com\/sk\/wp-json\/wp\/v2\/categories?post=18819"},{"taxonomy":"post_tag","embeddable":true,"href":"https:\/\/www.welovecycling.com\/sk\/wp-json\/wp\/v2\/tags?post=18819"},{"taxonomy":"global-categories","embeddable":true,"href":"https:\/\/www.welovecycling.com\/sk\/wp-json\/wp\/v2\/global-categories?post=18819"}],"curies":[{"name":"wp","href":"https:\/\/api.w.org\/{rel}","templated":true}]}}