{"id":18786,"date":"2024-03-05T14:30:45","date_gmt":"2024-03-05T13:30:45","guid":{"rendered":"https:\/\/www.welovecycling.com\/sk\/?p=18786"},"modified":"2024-03-06T09:39:18","modified_gmt":"2024-03-06T08:39:18","slug":"unikat-medzi-slovenskymi-maratonmi-skoda-horal-mtb-maraton","status":"publish","type":"post","link":"https:\/\/www.welovecycling.com\/sk\/2024\/03\/05\/unikat-medzi-slovenskymi-maratonmi-skoda-horal-mtb-maraton\/","title":{"rendered":"Unik\u00e1t medzi slovensk\u00fdmi marat\u00f3nmi &#8211; \u0160koda Horal MTB Marat\u00f3n"},"content":{"rendered":"<p><strong>Mnoho marat\u00f3nov zavedie cyklistov na Slovensku na naozaj kr\u00e1sne miesta. Niektor\u00e9 na jedny z najkraj\u0161\u00edch. \u0160peci\u00e1lnu kateg\u00f3riu tvor\u00ed tohtoro\u010dn\u00fd \u0160koda Horal MTB Marat\u00f3n, ktor\u00fd je neodmyslite\u013enou s\u00fa\u010das\u0165ou \u0160koda Bike Open Tour.<\/strong><!--more--><\/p>\n<p><span style=\"font-weight: 400;\">Horal bol v\u017edy \u0161peci\u00e1lny jednou vecou. Jeho najdlh\u0161ia tra\u0165 Krejzi v\u00e1s dok\u00e1zala vynies\u0165 na Kr\u00e1\u013eovu ho\u013eu, najvy\u0161\u0161ie polo\u017een\u00e9 miesto na Slovensku, kam sa d\u00e1 ofici\u00e1lne dosta\u0165 na bicykli. <\/span><b>Toto st\u00fapanie prekon\u00e1va v\u00fd\u0161kov\u00fd rozdiel asi 1000 metrov a u\u017e samo o sebe je n\u00e1ro\u010dn\u00e9 ho zdola\u0165.<\/b><span style=\"font-weight: 400;\"> Krejzi v\u0161ak v\u00fd\u0161\u013eapu dod\u00e1va \u00faplne in\u00fd r\u00e1z, ke\u010f\u017ee sem pretek\u00e1ri prich\u00e1dzali po n\u00e1ro\u010dnom \u00favode. A st\u00e1le bolo treba myslie\u0165 na n\u00e1vrat do Svitu cez Smre\u010dinsk\u00e9 sedlo a Pansk\u00fa ho\u013eu\u2026<\/span><\/p>\n<figure id=\"attachment_18787\" aria-describedby=\"caption-attachment-18787\" style=\"width: 990px\" class=\"wp-caption alignnone\"><img loading=\"lazy\" decoding=\"async\" class=\"size-full wp-image-18787\" src=\"https:\/\/d2p6e6u75xmxt8.cloudfront.net\/4\/2024\/03\/01.webp\" alt=\"\" width=\"990\" height=\"660\" srcset=\"https:\/\/d2p6e6u75xmxt8.cloudfront.net\/4\/2024\/03\/01.webp 990w, https:\/\/d2p6e6u75xmxt8.cloudfront.net\/4\/2024\/03\/01-300x200.webp 300w, https:\/\/d2p6e6u75xmxt8.cloudfront.net\/4\/2024\/03\/01-768x512.webp 768w, https:\/\/d2p6e6u75xmxt8.cloudfront.net\/4\/2024\/03\/01-400x267.webp 400w, https:\/\/d2p6e6u75xmxt8.cloudfront.net\/4\/2024\/03\/01-272x182.webp 272w\" sizes=\"auto, (max-width: 990px) 100vw, 990px\" \/><figcaption id=\"caption-attachment-18787\" class=\"wp-caption-text\">Zdroj: Svetlana Skladan\u00e1<\/figcaption><\/figure>\n<p><span style=\"font-weight: 400;\">Situ\u00e1cia sa zmenila v roku 2020. Tra\u0165 Krejzi bola pre tento rok kv\u00f4li pand\u00e9mii zru\u0161en\u00e1, v najbli\u017e\u0161\u00edch rokoch u\u017e nedal NAPANT povolenie k v\u00fdjazdu na ikonick\u00fd kopec. Tra\u0165 Krejzi pre\u0161la nieko\u013ek\u00fdmi obmenami, pri\u010dom v minulom roku prakticky predstavovala dva okruhy trate Lejzi. A s Kr\u00e1\u013eovou ho\u013eou to vyzeralo st\u00e1le rovnako biedne.<\/span><\/p>\n<p><span style=\"font-weight: 400;\">A\u017e do momentu, kedy pri\u0161iel jubilejn\u00fd, 25. ro\u010dn\u00edk. \u201ePolokr\u00fahliny\u201c s\u00fa slu\u0161n\u00fdm d\u00f4vodom na oslavu a Horal bude oslavova\u0165 naozaj \u0161t\u00fdlovo. <\/span><b>Kr\u00e1\u013eova ho\u013ea sa toti\u017e vracia do itiner\u00e1ru trate Krejzi a pretek\u00e1ri sa tak op\u00e4\u0165 musia (hoci, ver\u00edme, \u017ee aj chc\u00fa) popasova\u0165 s t\u00fdmto obrom.<\/b><span style=\"font-weight: 400;\">\u00a0<\/span><\/p>\n<h2><strong>Nezab\u00fadajme na re\u0161pekt k pr\u00edrode<\/strong><\/h2>\n<p><span style=\"font-weight: 400;\">Ka\u017ed\u00fd, kto bude ma\u0165 jednak najazden\u00e9 kilometre a jednak odvahu, si m\u00f4\u017ee u\u017ei\u0165 jedine\u010dn\u00fd v\u00fdjazd v NP N\u00edzke Tatry a NP Slovensk\u00fd Raj. <strong>Za norm\u00e1lnych okolnost\u00ed je tu jazda na bicykli ofici\u00e1lne povolen\u00e1 len na zna\u010den\u00fdch cyklotras\u00e1ch, na Horalovi to bude ale inak.<\/strong> To v\u0161ak automaticky znamen\u00e1 aj maxim\u00e1lnu snahu zo strany n\u00e1s, cyklistov, aby sme zanechali dobr\u00fd dojem. <\/span><\/p>\n<p><span style=\"font-weight: 400;\">Predsa len, odhoden\u00e9 obaly od g\u00e9lov, \u010di ty\u010diniek nepatria do pr\u00edrody ako takej a u\u017e dup\u013eom nie do najviac chr\u00e1nen\u00fdch oblast\u00ed. Koniec koncov, jedn\u00fdm z cie\u013eom samotn\u00fdch organiz\u00e1torov je eduk\u00e1cia cyklistov v tomto smere a spolupr\u00e1ca s lesn\u00edkmi.<\/span><\/p>\n<p><img loading=\"lazy\" decoding=\"async\" class=\"alignnone size-full wp-image-18788\" src=\"https:\/\/d2p6e6u75xmxt8.cloudfront.net\/4\/2024\/03\/02.webp\" alt=\"\" width=\"990\" height=\"660\" srcset=\"https:\/\/d2p6e6u75xmxt8.cloudfront.net\/4\/2024\/03\/02.webp 990w, https:\/\/d2p6e6u75xmxt8.cloudfront.net\/4\/2024\/03\/02-300x200.webp 300w, https:\/\/d2p6e6u75xmxt8.cloudfront.net\/4\/2024\/03\/02-768x512.webp 768w, https:\/\/d2p6e6u75xmxt8.cloudfront.net\/4\/2024\/03\/02-400x267.webp 400w, https:\/\/d2p6e6u75xmxt8.cloudfront.net\/4\/2024\/03\/02-272x182.webp 272w\" sizes=\"auto, (max-width: 990px) 100vw, 990px\" \/><\/p>\n<p><span style=\"font-weight: 400;\">Parametre tejto naozaj \u201ekr\u00e1\u013eovskej\u201c trate vzbudzuj\u00fa re\u0161pekt u\u017e na prv\u00fd poh\u013ead a rozhodne nebud\u00fa pre za\u010diato\u010dn\u00edkov.<strong> Odbicyklova\u0165 vy\u0161e 100 km s prev\u00fd\u0161en\u00edm okolo 4000 metrov je n\u00e1ro\u010dn\u00e9 u\u017e aj v \u201epohodovom\u201c tempe.<\/strong> Preto je v ponuke aj jednoduch\u0161ia tra\u0165 Lejzi a Senzi, \u010di za\u010diato\u010dn\u00edcka \u00cdzi.<\/span><\/p>\n<p><img loading=\"lazy\" decoding=\"async\" class=\"alignnone size-full wp-image-18789\" src=\"https:\/\/d2p6e6u75xmxt8.cloudfront.net\/4\/2024\/03\/04.webp\" alt=\"\" width=\"990\" height=\"660\" srcset=\"https:\/\/d2p6e6u75xmxt8.cloudfront.net\/4\/2024\/03\/04.webp 990w, https:\/\/d2p6e6u75xmxt8.cloudfront.net\/4\/2024\/03\/04-300x200.webp 300w, https:\/\/d2p6e6u75xmxt8.cloudfront.net\/4\/2024\/03\/04-768x512.webp 768w, https:\/\/d2p6e6u75xmxt8.cloudfront.net\/4\/2024\/03\/04-400x267.webp 400w, https:\/\/d2p6e6u75xmxt8.cloudfront.net\/4\/2024\/03\/04-272x182.webp 272w\" sizes=\"auto, (max-width: 990px) 100vw, 990px\" \/><\/p>\n<p><span style=\"font-weight: 400;\">Tr\u00fafnete si na t\u00fato staro-nov\u00fa v\u00fdzvu? Najvy\u0161\u0161\u00ed \u010das tr\u00e9nova\u0165. \ud83d\ude42 Nech u\u017e si zvol\u00edte hociktor\u00fa tra\u0165, vid\u00edme sa <strong>10. augusta v Svite.<\/strong><\/span><\/p>\n","protected":false},"excerpt":{"rendered":"<p>Mnoho marat\u00f3nov zavedie cyklistov na Slovensku na naozaj kr\u00e1sne miesta. Niektor\u00e9 na jedny z najkraj\u0161\u00edch. \u0160peci\u00e1lnu kateg\u00f3riu tvor\u00ed tohtoro\u010dn\u00fd \u0160koda [&hellip;]<\/p>\n","protected":false},"author":172,"featured_media":18790,"comment_status":"open","ping_status":"open","sticky":false,"template":"","format":"standard","meta":{"footnotes":""},"categories":[33],"tags":[211,180,178,412,1533,1615,542,35,214,523,213],"global-categories":[1074],"class_list":["post-18786","post","type-post","status-publish","format-standard","has-post-thumbnail","hentry","category-sbot","tag-horal","tag-horska-cyklistika","tag-maraton","tag-mtb","tag-priroda","tag-sezona-2024","tag-skoda","tag-sbot","tag-skoda-horal-mtb-maraton","tag-slovensko","tag-svit","global-categories-cycling"],"yoast_head":"<!-- This site is optimized with the Yoast SEO Premium plugin v25.3 (Yoast SEO v25.9) - https:\/\/yoast.com\/wordpress\/plugins\/seo\/ -->\n<title>Unik\u00e1t medzi slovensk\u00fdmi marat\u00f3nmi - \u0160koda Horal MTB Marat\u00f3n - \u0160koda We Love Cycling Slovensko<\/title>\n<meta name=\"description\" content=\"Mnoho marat\u00f3nov zavedie cyklistov na Slovensku na naozaj kr\u00e1sne miesta. \u0160peci\u00e1lnu kateg\u00f3riu tvor\u00ed tohtoro\u010dn\u00fd \u0160KODA Horal MTB Marat\u00f3n.\" \/>\n<meta name=\"robots\" content=\"index, follow, max-snippet:-1, max-image-preview:large, max-video-preview:-1\" \/>\n<link rel=\"canonical\" href=\"https:\/\/www.welovecycling.com\/sk\/2024\/03\/05\/unikat-medzi-slovenskymi-maratonmi-skoda-horal-mtb-maraton\/\" \/>\n<meta property=\"og:locale\" content=\"sk_SK\" \/>\n<meta property=\"og:type\" content=\"article\" \/>\n<meta property=\"og:title\" content=\"Unik\u00e1t medzi slovensk\u00fdmi marat\u00f3nmi - \u0160koda Horal MTB Marat\u00f3n\" \/>\n<meta property=\"og:description\" content=\"Mnoho marat\u00f3nov zavedie cyklistov na Slovensku na naozaj kr\u00e1sne miesta. \u0160peci\u00e1lnu kateg\u00f3riu tvor\u00ed tohtoro\u010dn\u00fd \u0160KODA Horal MTB Marat\u00f3n.\" \/>\n<meta property=\"og:url\" content=\"https:\/\/www.welovecycling.com\/sk\/2024\/03\/05\/unikat-medzi-slovenskymi-maratonmi-skoda-horal-mtb-maraton\/\" \/>\n<meta property=\"og:site_name\" content=\"\u0160koda We Love Cycling Slovensko\" \/>\n<meta property=\"article:published_time\" content=\"2024-03-05T13:30:45+00:00\" \/>\n<meta property=\"article:modified_time\" content=\"2024-03-06T08:39:18+00:00\" \/>\n<meta property=\"og:image\" content=\"https:\/\/d2p6e6u75xmxt8.cloudfront.net\/4\/2024\/03\/Titulka.webp\" \/>\n\t<meta property=\"og:image:width\" content=\"990\" \/>\n\t<meta property=\"og:image:height\" content=\"660\" \/>\n\t<meta property=\"og:image:type\" content=\"image\/webp\" \/>\n<meta name=\"author\" content=\"dominika\" \/>\n<meta name=\"twitter:card\" content=\"summary_large_image\" \/>\n<meta name=\"twitter:label1\" content=\"Written by\" \/>\n\t<meta name=\"twitter:data1\" content=\"We Love Cycling\" \/>\n\t<meta name=\"twitter:label2\" content=\"Est. reading time\" \/>\n\t<meta name=\"twitter:data2\" content=\"2\" \/>\n<script type=\"application\/ld+json\" class=\"yoast-schema-graph\">{\"@context\":\"https:\/\/schema.org\",\"@graph\":[{\"@type\":\"WebPage\",\"@id\":\"https:\/\/www.welovecycling.com\/sk\/2024\/03\/05\/unikat-medzi-slovenskymi-maratonmi-skoda-horal-mtb-maraton\/\",\"url\":\"https:\/\/www.welovecycling.com\/sk\/2024\/03\/05\/unikat-medzi-slovenskymi-maratonmi-skoda-horal-mtb-maraton\/\",\"name\":\"Unik\u00e1t medzi slovensk\u00fdmi marat\u00f3nmi - \u0160koda Horal MTB Marat\u00f3n - \u0160koda We Love Cycling Slovensko\",\"isPartOf\":{\"@id\":\"https:\/\/www.welovecycling.com\/sk\/#website\"},\"primaryImageOfPage\":{\"@id\":\"https:\/\/www.welovecycling.com\/sk\/2024\/03\/05\/unikat-medzi-slovenskymi-maratonmi-skoda-horal-mtb-maraton\/#primaryimage\"},\"image\":{\"@id\":\"https:\/\/www.welovecycling.com\/sk\/2024\/03\/05\/unikat-medzi-slovenskymi-maratonmi-skoda-horal-mtb-maraton\/#primaryimage\"},\"thumbnailUrl\":\"https:\/\/d2p6e6u75xmxt8.cloudfront.net\/4\/2024\/03\/Titulka.webp\",\"datePublished\":\"2024-03-05T13:30:45+00:00\",\"dateModified\":\"2024-03-06T08:39:18+00:00\",\"author\":{\"@id\":\"https:\/\/www.welovecycling.com\/sk\/#\/schema\/person\/533b62b98b6c41bd5135ebfb1f742624\"},\"description\":\"Mnoho marat\u00f3nov zavedie cyklistov na Slovensku na naozaj kr\u00e1sne miesta. \u0160peci\u00e1lnu kateg\u00f3riu tvor\u00ed tohtoro\u010dn\u00fd \u0160KODA Horal MTB Marat\u00f3n.\",\"breadcrumb\":{\"@id\":\"https:\/\/www.welovecycling.com\/sk\/2024\/03\/05\/unikat-medzi-slovenskymi-maratonmi-skoda-horal-mtb-maraton\/#breadcrumb\"},\"inLanguage\":\"sk-SK\",\"potentialAction\":[{\"@type\":\"ReadAction\",\"target\":[\"https:\/\/www.welovecycling.com\/sk\/2024\/03\/05\/unikat-medzi-slovenskymi-maratonmi-skoda-horal-mtb-maraton\/\"]}]},{\"@type\":\"ImageObject\",\"inLanguage\":\"sk-SK\",\"@id\":\"https:\/\/www.welovecycling.com\/sk\/2024\/03\/05\/unikat-medzi-slovenskymi-maratonmi-skoda-horal-mtb-maraton\/#primaryimage\",\"url\":\"https:\/\/d2p6e6u75xmxt8.cloudfront.net\/4\/2024\/03\/Titulka.webp\",\"contentUrl\":\"https:\/\/d2p6e6u75xmxt8.cloudfront.net\/4\/2024\/03\/Titulka.webp\",\"width\":990,\"height\":660,\"caption\":\"\u0160KODA Horal MTB Marat\u00f3n\"},{\"@type\":\"BreadcrumbList\",\"@id\":\"https:\/\/www.welovecycling.com\/sk\/2024\/03\/05\/unikat-medzi-slovenskymi-maratonmi-skoda-horal-mtb-maraton\/#breadcrumb\",\"itemListElement\":[{\"@type\":\"ListItem\",\"position\":1,\"name\":\"Home\",\"item\":\"https:\/\/www.welovecycling.com\/sk\/\"},{\"@type\":\"ListItem\",\"position\":2,\"name\":\"Unik\u00e1t medzi slovensk\u00fdmi marat\u00f3nmi &#8211; \u0160koda Horal MTB Marat\u00f3n\"}]},{\"@type\":\"WebSite\",\"@id\":\"https:\/\/www.welovecycling.com\/sk\/#website\",\"url\":\"https:\/\/www.welovecycling.com\/sk\/\",\"name\":\"\u0160koda We Love Cycling Slovensko\",\"description\":\"\u0160koda We Love Cycling Slovensko je v\u00e1\u0161 ka\u017edodenn\u00fd zdroj noviniek a in\u0161pir\u00e1cie z sveta cyklistiky\",\"potentialAction\":[{\"@type\":\"SearchAction\",\"target\":{\"@type\":\"EntryPoint\",\"urlTemplate\":\"https:\/\/www.welovecycling.com\/sk\/?s={search_term_string}\"},\"query-input\":{\"@type\":\"PropertyValueSpecification\",\"valueRequired\":true,\"valueName\":\"search_term_string\"}}],\"inLanguage\":\"sk-SK\"},{\"@type\":\"Person\",\"@id\":\"https:\/\/www.welovecycling.com\/sk\/#\/schema\/person\/533b62b98b6c41bd5135ebfb1f742624\",\"name\":\"dominika\",\"image\":{\"@type\":\"ImageObject\",\"inLanguage\":\"sk-SK\",\"@id\":\"https:\/\/www.welovecycling.com\/sk\/#\/schema\/person\/image\/\",\"url\":\"https:\/\/secure.gravatar.com\/avatar\/ded6f274ba2ec3e17fff153f7d9d96a4b33c2cb63907f75d9a5309c599a7f3e6?s=96&d=mm&r=g\",\"contentUrl\":\"https:\/\/secure.gravatar.com\/avatar\/ded6f274ba2ec3e17fff153f7d9d96a4b33c2cb63907f75d9a5309c599a7f3e6?s=96&d=mm&r=g\",\"caption\":\"dominika\"},\"url\":\"https:\/\/www.welovecycling.com\/sk\/author\/dominika\/\"}]}<\/script>\n<!-- \/ Yoast SEO Premium plugin. -->","yoast_head_json":{"title":"Unik\u00e1t medzi slovensk\u00fdmi marat\u00f3nmi - \u0160koda Horal MTB Marat\u00f3n - \u0160koda We Love Cycling Slovensko","description":"Mnoho marat\u00f3nov zavedie cyklistov na Slovensku na naozaj kr\u00e1sne miesta. \u0160peci\u00e1lnu kateg\u00f3riu tvor\u00ed tohtoro\u010dn\u00fd \u0160KODA Horal MTB Marat\u00f3n.","robots":{"index":"index","follow":"follow","max-snippet":"max-snippet:-1","max-image-preview":"max-image-preview:large","max-video-preview":"max-video-preview:-1"},"canonical":"https:\/\/www.welovecycling.com\/sk\/2024\/03\/05\/unikat-medzi-slovenskymi-maratonmi-skoda-horal-mtb-maraton\/","og_locale":"sk_SK","og_type":"article","og_title":"Unik\u00e1t medzi slovensk\u00fdmi marat\u00f3nmi - \u0160koda Horal MTB Marat\u00f3n","og_description":"Mnoho marat\u00f3nov zavedie cyklistov na Slovensku na naozaj kr\u00e1sne miesta. \u0160peci\u00e1lnu kateg\u00f3riu tvor\u00ed tohtoro\u010dn\u00fd \u0160KODA Horal MTB Marat\u00f3n.","og_url":"https:\/\/www.welovecycling.com\/sk\/2024\/03\/05\/unikat-medzi-slovenskymi-maratonmi-skoda-horal-mtb-maraton\/","og_site_name":"\u0160koda We Love Cycling Slovensko","article_published_time":"2024-03-05T13:30:45+00:00","article_modified_time":"2024-03-06T08:39:18+00:00","og_image":[{"width":990,"height":660,"url":"https:\/\/d2p6e6u75xmxt8.cloudfront.net\/4\/2024\/03\/Titulka.webp","type":"image\/webp"}],"author":"dominika","twitter_card":"summary_large_image","twitter_misc":{"Written by":"We Love Cycling","Est. reading time":"2"},"schema":{"@context":"https:\/\/schema.org","@graph":[{"@type":"WebPage","@id":"https:\/\/www.welovecycling.com\/sk\/2024\/03\/05\/unikat-medzi-slovenskymi-maratonmi-skoda-horal-mtb-maraton\/","url":"https:\/\/www.welovecycling.com\/sk\/2024\/03\/05\/unikat-medzi-slovenskymi-maratonmi-skoda-horal-mtb-maraton\/","name":"Unik\u00e1t medzi slovensk\u00fdmi marat\u00f3nmi - \u0160koda Horal MTB Marat\u00f3n - \u0160koda We Love Cycling Slovensko","isPartOf":{"@id":"https:\/\/www.welovecycling.com\/sk\/#website"},"primaryImageOfPage":{"@id":"https:\/\/www.welovecycling.com\/sk\/2024\/03\/05\/unikat-medzi-slovenskymi-maratonmi-skoda-horal-mtb-maraton\/#primaryimage"},"image":{"@id":"https:\/\/www.welovecycling.com\/sk\/2024\/03\/05\/unikat-medzi-slovenskymi-maratonmi-skoda-horal-mtb-maraton\/#primaryimage"},"thumbnailUrl":"https:\/\/d2p6e6u75xmxt8.cloudfront.net\/4\/2024\/03\/Titulka.webp","datePublished":"2024-03-05T13:30:45+00:00","dateModified":"2024-03-06T08:39:18+00:00","author":{"@id":"https:\/\/www.welovecycling.com\/sk\/#\/schema\/person\/533b62b98b6c41bd5135ebfb1f742624"},"description":"Mnoho marat\u00f3nov zavedie cyklistov na Slovensku na naozaj kr\u00e1sne miesta. \u0160peci\u00e1lnu kateg\u00f3riu tvor\u00ed tohtoro\u010dn\u00fd \u0160KODA Horal MTB Marat\u00f3n.","breadcrumb":{"@id":"https:\/\/www.welovecycling.com\/sk\/2024\/03\/05\/unikat-medzi-slovenskymi-maratonmi-skoda-horal-mtb-maraton\/#breadcrumb"},"inLanguage":"sk-SK","potentialAction":[{"@type":"ReadAction","target":["https:\/\/www.welovecycling.com\/sk\/2024\/03\/05\/unikat-medzi-slovenskymi-maratonmi-skoda-horal-mtb-maraton\/"]}]},{"@type":"ImageObject","inLanguage":"sk-SK","@id":"https:\/\/www.welovecycling.com\/sk\/2024\/03\/05\/unikat-medzi-slovenskymi-maratonmi-skoda-horal-mtb-maraton\/#primaryimage","url":"https:\/\/d2p6e6u75xmxt8.cloudfront.net\/4\/2024\/03\/Titulka.webp","contentUrl":"https:\/\/d2p6e6u75xmxt8.cloudfront.net\/4\/2024\/03\/Titulka.webp","width":990,"height":660,"caption":"\u0160KODA Horal MTB Marat\u00f3n"},{"@type":"BreadcrumbList","@id":"https:\/\/www.welovecycling.com\/sk\/2024\/03\/05\/unikat-medzi-slovenskymi-maratonmi-skoda-horal-mtb-maraton\/#breadcrumb","itemListElement":[{"@type":"ListItem","position":1,"name":"Home","item":"https:\/\/www.welovecycling.com\/sk\/"},{"@type":"ListItem","position":2,"name":"Unik\u00e1t medzi slovensk\u00fdmi marat\u00f3nmi &#8211; \u0160koda Horal MTB Marat\u00f3n"}]},{"@type":"WebSite","@id":"https:\/\/www.welovecycling.com\/sk\/#website","url":"https:\/\/www.welovecycling.com\/sk\/","name":"\u0160koda We Love Cycling Slovensko","description":"\u0160koda We Love Cycling Slovensko je v\u00e1\u0161 ka\u017edodenn\u00fd zdroj noviniek a in\u0161pir\u00e1cie z sveta cyklistiky","potentialAction":[{"@type":"SearchAction","target":{"@type":"EntryPoint","urlTemplate":"https:\/\/www.welovecycling.com\/sk\/?s={search_term_string}"},"query-input":{"@type":"PropertyValueSpecification","valueRequired":true,"valueName":"search_term_string"}}],"inLanguage":"sk-SK"},{"@type":"Person","@id":"https:\/\/www.welovecycling.com\/sk\/#\/schema\/person\/533b62b98b6c41bd5135ebfb1f742624","name":"dominika","image":{"@type":"ImageObject","inLanguage":"sk-SK","@id":"https:\/\/www.welovecycling.com\/sk\/#\/schema\/person\/image\/","url":"https:\/\/secure.gravatar.com\/avatar\/ded6f274ba2ec3e17fff153f7d9d96a4b33c2cb63907f75d9a5309c599a7f3e6?s=96&d=mm&r=g","contentUrl":"https:\/\/secure.gravatar.com\/avatar\/ded6f274ba2ec3e17fff153f7d9d96a4b33c2cb63907f75d9a5309c599a7f3e6?s=96&d=mm&r=g","caption":"dominika"},"url":"https:\/\/www.welovecycling.com\/sk\/author\/dominika\/"}]}},"_links":{"self":[{"href":"https:\/\/www.welovecycling.com\/sk\/wp-json\/wp\/v2\/posts\/18786","targetHints":{"allow":["GET"]}}],"collection":[{"href":"https:\/\/www.welovecycling.com\/sk\/wp-json\/wp\/v2\/posts"}],"about":[{"href":"https:\/\/www.welovecycling.com\/sk\/wp-json\/wp\/v2\/types\/post"}],"author":[{"embeddable":true,"href":"https:\/\/www.welovecycling.com\/sk\/wp-json\/wp\/v2\/users\/172"}],"replies":[{"embeddable":true,"href":"https:\/\/www.welovecycling.com\/sk\/wp-json\/wp\/v2\/comments?post=18786"}],"version-history":[{"count":6,"href":"https:\/\/www.welovecycling.com\/sk\/wp-json\/wp\/v2\/posts\/18786\/revisions"}],"predecessor-version":[{"id":18796,"href":"https:\/\/www.welovecycling.com\/sk\/wp-json\/wp\/v2\/posts\/18786\/revisions\/18796"}],"wp:featuredmedia":[{"embeddable":true,"href":"https:\/\/www.welovecycling.com\/sk\/wp-json\/wp\/v2\/media\/18790"}],"wp:attachment":[{"href":"https:\/\/www.welovecycling.com\/sk\/wp-json\/wp\/v2\/media?parent=18786"}],"wp:term":[{"taxonomy":"category","embeddable":true,"href":"https:\/\/www.welovecycling.com\/sk\/wp-json\/wp\/v2\/categories?post=18786"},{"taxonomy":"post_tag","embeddable":true,"href":"https:\/\/www.welovecycling.com\/sk\/wp-json\/wp\/v2\/tags?post=18786"},{"taxonomy":"global-categories","embeddable":true,"href":"https:\/\/www.welovecycling.com\/sk\/wp-json\/wp\/v2\/global-categories?post=18786"}],"curies":[{"name":"wp","href":"https:\/\/api.w.org\/{rel}","templated":true}]}}