{"id":18774,"date":"2024-03-01T10:00:54","date_gmt":"2024-03-01T09:00:54","guid":{"rendered":"https:\/\/www.welovecycling.com\/sk\/?p=18774"},"modified":"2024-02-29T11:30:54","modified_gmt":"2024-02-29T10:30:54","slug":"dovolenka-na-bicykli-v-cesku-sprievodca-rodinnym-dobrodruzstvom-na-jar-2024","status":"publish","type":"post","link":"https:\/\/www.welovecycling.com\/sk\/2024\/03\/01\/dovolenka-na-bicykli-v-cesku-sprievodca-rodinnym-dobrodruzstvom-na-jar-2024\/","title":{"rendered":"Dovolenka na bicykli v \u010cesku: Sprievodca rodinn\u00fdm dobrodru\u017estvom na jar 2024"},"content":{"rendered":"<p><strong>Ke\u010f sa na jar preb\u00fadza \u010desk\u00e1 krajina, rodiny tu n\u00e1jdu mno\u017estvo cyklistick\u00fdch z\u00e1\u017eitkov, ktor\u00e9 uspokoja v\u0161etky vekov\u00e9 kateg\u00f3rie. V\u010faka tomu je \u010cesko ide\u00e1lnou destin\u00e1ciou pre t\u00fdch, ktor\u00ed h\u013eadaj\u00fa dobrodru\u017estvo, kult\u00faru a pr\u00edrodn\u00e9 kr\u00e1sy. \u010cesko so svojimi dobre zna\u010den\u00fdmi cyklistick\u00fdmi trasami, historick\u00fdmi mestami a \u00fa\u017easn\u00fdmi pr\u00edrodn\u00fdmi rezerv\u00e1ciami pon\u00faka dokonal\u00fa zmes objavovania a oddychu pre rodiny, ktor\u00e9 sa chc\u00fa ponori\u0165 do srdca Eur\u00f3py. Tu je preh\u013eadn\u00fd zoznam cyklistick\u00fdch tr\u00e1s v \u010cesku pre rodiny s de\u0165mi, ktor\u00e9 s\u013eubuj\u00fa nezabudnute\u013en\u00e9 z\u00e1\u017eitky.<\/strong><!--more--><\/p>\n<h2><b>Z Prahy na hrad Karl\u0161tejn (cca 30 km)<\/b><\/h2>\n<figure id=\"attachment_195060\" aria-describedby=\"caption-attachment-195060\" style=\"width: 1400px\" class=\"wp-caption alignnone\"><a href=\"https:\/\/d2p6e6u75xmxt8.cloudfront.net\/2\/2024\/02\/profimedia-0793189525.webp\"><img loading=\"lazy\" decoding=\"async\" class=\"size-full wp-image-195060\" src=\"https:\/\/d2p6e6u75xmxt8.cloudfront.net\/2\/2024\/02\/profimedia-0793189525.webp\" alt=\"Karl\u0161tejn\" width=\"1400\" height=\"932\" \/><\/a><figcaption id=\"caption-attachment-195060\" class=\"wp-caption-text\"><span style=\"font-weight: 400;\">Karl\u0161tejn je gotick\u00fd poklad, ktor\u00fd dal postavi\u0165 Karol IV. <\/span>df<\/figcaption><\/figure>\n<p><b>Vhodn\u00e9 pre: Deti od 6 rokov<\/b><\/p>\n<p><span style=\"font-weight: 400;\">T\u00e1to trasa, ktor\u00e1 sa za\u010d\u00edna v \u010darovnom meste Praha, v\u00e1s zavedie cez malebn\u00fa \u010desk\u00fa krajinu k majest\u00e1tnemu hradu Karl\u0161tejn, gotick\u00e9mu pokladu, ktor\u00fd dal postavi\u0165 Karol IV. <strong>Cesta je pomerne rovinat\u00e1 a vedie popri riekach Vltava a Berounka, tak\u017ee je ide\u00e1lna aj pre rodiny s men\u0161\u00edmi de\u0165mi.<\/strong> Cestou si vychutnajte kr\u00e1snu okolit\u00fa krajinu a zastavte sa v p\u00f4vabn\u00fdch dedink\u00e1ch, kde si m\u00f4\u017eete pochutna\u0165 na tradi\u010dn\u00fdch \u010desk\u00fdch dobrot\u00e1ch. Hrad t\u00fd\u010diaci sa na kopci pon\u00faka nielen lekciu hist\u00f3rie, ale aj \u00fachvatn\u00e9 v\u00fdh\u013eady na okolie.<\/span><\/p>\n<h2><b>Juhomoravsk\u00e9 v\u00ednne chodn\u00edky (r\u00f4zne vzdialenosti)<\/b><\/h2>\n<figure id=\"attachment_195062\" aria-describedby=\"caption-attachment-195062\" style=\"width: 1400px\" class=\"wp-caption alignnone\"><a href=\"https:\/\/d2p6e6u75xmxt8.cloudfront.net\/2\/2024\/02\/profimedia-0801779355.webp\"><img loading=\"lazy\" decoding=\"async\" class=\"wp-image-195062 size-full\" src=\"https:\/\/d2p6e6u75xmxt8.cloudfront.net\/2\/2024\/02\/profimedia-0801779355.webp\" alt=\"St. Nicholas' Church with vineyards at sunset in Znojmo\" width=\"1400\" height=\"933\" \/><\/a><figcaption id=\"caption-attachment-195062\" class=\"wp-caption-text\"><span style=\"font-weight: 400;\">Kostol sv. Mikul\u00e1\u0161a s vinicami pri z\u00e1pade slnka v Znojme.<\/span><\/figcaption><\/figure>\n<p><b>Vhodn\u00e9 pre: Deti od 10 rokov<\/b><\/p>\n<p><span style=\"font-weight: 400;\">Presk\u00famajte zvlnen\u00e9 kopce a vinohrady ju\u017enej Moravy, regi\u00f3nu zn\u00e1meho kr\u00e1sou malebnej pr\u00edrody a, samozrejme, v\u00fdrobou v\u00edna. V\u010faka rozmanit\u00fdm tras\u00e1m si rodiny m\u00f4\u017eu vybra\u0165 chodn\u00edky, ktor\u00e9 sa k\u013eukatia pekn\u00fdmi vin\u00e1rskymi meste\u010dkami \u2013 ved\u00fa popri historick\u00fdch hradoch a\u017e do biosf\u00e9rickej rezerv\u00e1cie P\u00e1lava.<strong> Jar je obzvl\u00e1\u0161\u0165 v\u00fdnimo\u010dn\u00e1, ke\u010f\u017ee vinohrady o\u017e\u00edvaj\u00fa.<\/strong> Trasy s\u00fa vhodn\u00e9 pre rodiny so star\u0161\u00edmi de\u0165mi, pon\u00fakaj\u00fa pohodov\u00fa jazdu, ale aj mo\u017enosti kult\u00farneho objavovania, vr\u00e1tane ochutn\u00e1vok v\u00edn pre dospel\u00fdch.<\/span><\/p>\n<h2><b>Labsk\u00e1 cesta: z Hradca Kr\u00e1lov\u00e9 do Dr\u00e1\u017e\u010fan (cca 210 km)<\/b><\/h2>\n<figure id=\"attachment_195063\" aria-describedby=\"caption-attachment-195063\" style=\"width: 1400px\" class=\"wp-caption alignnone\"><a href=\"https:\/\/d2p6e6u75xmxt8.cloudfront.net\/2\/2024\/02\/profimedia-0004812147.webp\"><img loading=\"lazy\" decoding=\"async\" class=\"size-full wp-image-195063\" src=\"https:\/\/d2p6e6u75xmxt8.cloudfront.net\/2\/2024\/02\/profimedia-0004812147.webp\" alt=\"\" width=\"1400\" height=\"933\" \/><\/a><figcaption id=\"caption-attachment-195063\" class=\"wp-caption-text\"><span style=\"font-weight: 400;\">Vodn\u00e1 stanica (1909, F. Sander, technick\u00e1 pamiatka) v Hradci Kr\u00e1lov\u00e9.<\/span><\/figcaption><\/figure>\n<p><b>Vhodn\u00e9 pre: Rodiny s t\u00edned\u017eermi<\/b><\/p>\n<p><span style=\"font-weight: 400;\">T\u00e1to dia\u013ekov\u00e1 trasa vedie po rieke Labe z historick\u00e9ho mesta Hradec Kr\u00e1lov\u00e9 v \u010ceskej republike do Dr\u00e1\u017e\u010fan v Nemecku. Aj ke\u010f to m\u00f4\u017ee by\u0165 pre niektor\u00e9 rodiny n\u00e1ro\u010dn\u00e9, krat\u0161ie \u00faseky pon\u00fakaj\u00fa zvl\u00e1dnute\u013en\u00e9 jednod\u0148ov\u00e9 v\u00fdlety, ktor\u00e9 st\u00e1le zachyt\u00e1vaj\u00fa podstatu trasy. <strong>T\u00e1 je zn\u00e1ma miernym ter\u00e9nom a \u00fa\u017easn\u00fdmi v\u00fdh\u013eadmi, ktor\u00e9 zah\u0155\u0148aj\u00fa \u010cesk\u00e9 stredohorie a N\u00e1rodn\u00fd park Sask\u00e9 \u0160vaj\u010diarsko.<\/strong> Je to vzdel\u00e1vacia cesta cez pr\u00edrodn\u00e9 z\u00e1zraky a historick\u00e9 miesta, ide\u00e1lna pre rodiny s t\u00edned\u017eermi pripraven\u00fdmi na n\u00e1ro\u010dnej\u0161iu jazdu.<\/span><\/p>\n<h2><b>Plze\u0148 \u2013 Regensburg (cca 160 km)<\/b><\/h2>\n<figure id=\"attachment_195064\" aria-describedby=\"caption-attachment-195064\" style=\"width: 1400px\" class=\"wp-caption alignnone\"><a href=\"https:\/\/d2p6e6u75xmxt8.cloudfront.net\/2\/2024\/02\/profimedia-0847708415.webp\"><img loading=\"lazy\" decoding=\"async\" class=\"size-full wp-image-195064\" src=\"https:\/\/d2p6e6u75xmxt8.cloudfront.net\/2\/2024\/02\/profimedia-0847708415.webp\" alt=\"\" width=\"1400\" height=\"933\" \/><\/a><figcaption id=\"caption-attachment-195064\" class=\"wp-caption-text\"><span style=\"font-weight: 400;\">Poh\u013ead na Katedr\u00e1lu sv\u00e4t\u00e9ho Bartolomeja v Plzni.<\/span><\/figcaption><\/figure>\n<p><b>Vhodn\u00e9 pre: Rodiny s t\u00edned\u017eermi<\/b><\/p>\n<p><span style=\"font-weight: 400;\">V\u010faka tejto trase objav\u00edte \u010desk\u00fa Plze\u0148, mesto, ktor\u00e9 je zn\u00e1me svoj\u00edm legend\u00e1rnym pivom. S mestom Regensburg v Nemecku, zap\u00edsan\u00fdm na zozname svetov\u00e9ho dedi\u010dstva UNESCO, pon\u00faka cezhrani\u010dn\u00fd z\u00e1\u017eitok pln\u00fd hist\u00f3rie a kult\u00fary.<strong> Cesta zavedie rodiny do tajov bohat\u00e9ho priemyseln\u00e9ho dedi\u010dstva plze\u0148sk\u00e9ho regi\u00f3nu a stredovekej architekt\u00fary Regensburgu.<\/strong> T\u00e1to trasa, vhodn\u00e1 pre rodiny s t\u00edned\u017eermi, kombinuje dlh\u0161ie cyklistick\u00e9 \u00faseky s n\u00e1u\u010dn\u00fdmi zast\u00e1vkami, vr\u00e1tane Pivovarsk\u00e9ho m\u00fazea v Plzni a historick\u00e9ho star\u00e9ho mesta Regensburg.<\/span><\/p>\n<h2><b>Trasy N\u00e1rodn\u00fdm parkom \u0160umava (r\u00f4zne vzdialenosti)<\/b><\/h2>\n<figure id=\"attachment_195065\" aria-describedby=\"caption-attachment-195065\" style=\"width: 1400px\" class=\"wp-caption alignnone\"><a href=\"https:\/\/d2p6e6u75xmxt8.cloudfront.net\/2\/2024\/02\/profimedia-0847426137.webp\"><img loading=\"lazy\" decoding=\"async\" class=\"size-full wp-image-195065\" src=\"https:\/\/d2p6e6u75xmxt8.cloudfront.net\/2\/2024\/02\/profimedia-0847426137.webp\" alt=\"The beautiful nature in the place of the lost village Stodulky at Sumava\" width=\"1400\" height=\"933\" \/><\/a><figcaption id=\"caption-attachment-195065\" class=\"wp-caption-text\"><span style=\"font-weight: 400;\">N\u00e1dhern\u00e1 pr\u00edroda na mieste stratenej obce Stod\u016flky na \u0160umave.<\/span><\/figcaption><\/figure>\n<p><b>Vhodn\u00e9 pre: Deti od 10 rokov<\/b><\/p>\n<p><span style=\"font-weight: 400;\">N\u00e1rodn\u00fd park \u0160umava, ktor\u00fd sa nach\u00e1dza pozd\u013a\u017e \u010desko-nemecko-rak\u00faskej hranice, je krajom hust\u00fdch lesov, ra\u0161elin\u00edsk a kri\u0161t\u00e1\u013eovo \u010dist\u00fdch jazier. <strong>Sie\u0165 cyklistick\u00fdch chodn\u00edkov v parku je vhodn\u00e1 pre v\u0161etky \u00farovne cyklistov \u2013 s miernymi chodn\u00edkmi pre menej sk\u00fasen\u00fdch jazdcov aj s n\u00e1ro\u010dn\u00fdmi trasami pre dobrodru\u017en\u00e9 rodiny.<\/strong> Jar odha\u013euje svie\u017eu zelen\u00fa krajinu, v\u010faka \u010domu je ide\u00e1lny \u010das na objavovanie pr\u00edrodn\u00fdch kr\u00e1s parku, so zast\u00e1vkami na zauj\u00edmav\u00fdch miestach, ako s\u00fa \u010cern\u00e9 \u010di \u010certovo jazero.<\/span><\/p>\n<p><span style=\"font-weight: 400;\">Ka\u017ed\u00e9 z t\u00fdchto cyklistick\u00fdch dobrodru\u017estiev v \u010cesku pon\u00faka rodin\u00e1m pr\u00edle\u017eitos\u0165 spoji\u0165 sa pri spolo\u010dn\u00fdch z\u00e1\u017eitkoch, od historick\u00fdch divov hradu Karl\u0161tejn a\u017e po pr\u00edrodn\u00e9 kr\u00e1sy \u010cesk\u00e9ho \u0160vaj\u010diarska. \u010ci u\u017e \u0161liapete do ped\u00e1lov pokojn\u00fdmi lesmi, alebo spozn\u00e1vate starobyl\u00e9 mest\u00e1, tieto trasy s\u013eubuj\u00fa tohtoro\u010dn\u00fa jar pln\u00fa objavovania, dobrodru\u017estva a nezabudnute\u013en\u00e9ho k\u00fazla.\u00a0<\/span><\/p>\n","protected":false},"excerpt":{"rendered":"<p>Ke\u010f sa na jar preb\u00fadza \u010desk\u00e1 krajina, rodiny tu n\u00e1jdu mno\u017estvo cyklistick\u00fdch z\u00e1\u017eitkov, ktor\u00e9 uspokoja v\u0161etky vekov\u00e9 kateg\u00f3rie. V\u010faka tomu [&hellip;]<\/p>\n","protected":false},"author":172,"featured_media":18781,"comment_status":"open","ping_status":"open","sticky":false,"template":"","format":"standard","meta":{"footnotes":""},"categories":[118],"tags":[619,540,115,448,53,1386,509,741,545,508,183],"global-categories":[],"class_list":["post-18774","post","type-post","status-publish","format-standard","has-post-thumbnail","hentry","category-zabava","tag-bicyklovanie","tag-ceska-republika","tag-cestna-cyklistika","tag-cyklotrasy","tag-deti","tag-deti-na-bicykli","tag-rodina","tag-tip-na-vylet","tag-trasa","tag-vylet","tag-zabava"],"yoast_head":"<!-- This site is optimized with the Yoast SEO Premium plugin v25.3 (Yoast SEO v25.9) - https:\/\/yoast.com\/wordpress\/plugins\/seo\/ -->\n<title>Dovolenka na bicykli v \u010cesku: Sprievodca rodinn\u00fdm dobrodru\u017estvom na jar 2024<\/title>\n<meta name=\"description\" content=\"\u010cesko je ide\u00e1lnou destin\u00e1ciou pre rodiny, ktor\u00e9 h\u013eadaj\u00fa dobrodru\u017estvo, kult\u00faru a pr\u00edrodn\u00e9 kr\u00e1sy. Kam sa vyda\u0165 so svojimi de\u0165mi?\" \/>\n<meta name=\"robots\" content=\"index, follow, max-snippet:-1, max-image-preview:large, max-video-preview:-1\" \/>\n<link rel=\"canonical\" href=\"https:\/\/www.welovecycling.com\/sk\/2024\/03\/01\/dovolenka-na-bicykli-v-cesku-sprievodca-rodinnym-dobrodruzstvom-na-jar-2024\/\" \/>\n<meta property=\"og:locale\" content=\"sk_SK\" \/>\n<meta property=\"og:type\" content=\"article\" \/>\n<meta property=\"og:title\" content=\"Dovolenka na bicykli v \u010cesku: Sprievodca rodinn\u00fdm dobrodru\u017estvom na jar 2024\" \/>\n<meta property=\"og:description\" content=\"\u010cesko je ide\u00e1lnou destin\u00e1ciou pre rodiny, ktor\u00e9 h\u013eadaj\u00fa dobrodru\u017estvo, kult\u00faru a pr\u00edrodn\u00e9 kr\u00e1sy. Kam sa vyda\u0165 so svojimi de\u0165mi?\" \/>\n<meta property=\"og:url\" content=\"https:\/\/www.welovecycling.com\/sk\/2024\/03\/01\/dovolenka-na-bicykli-v-cesku-sprievodca-rodinnym-dobrodruzstvom-na-jar-2024\/\" \/>\n<meta property=\"og:site_name\" content=\"\u0160koda We Love Cycling Slovensko\" \/>\n<meta property=\"article:published_time\" content=\"2024-03-01T09:00:54+00:00\" \/>\n<meta property=\"og:image\" content=\"https:\/\/d2p6e6u75xmxt8.cloudfront.net\/4\/2024\/02\/profimedia-0588120427.webp\" \/>\n\t<meta property=\"og:image:width\" content=\"1400\" \/>\n\t<meta property=\"og:image:height\" content=\"933\" \/>\n\t<meta property=\"og:image:type\" content=\"image\/webp\" \/>\n<meta name=\"author\" content=\"dominika\" \/>\n<meta name=\"twitter:card\" content=\"summary_large_image\" \/>\n<meta name=\"twitter:label1\" content=\"Written by\" \/>\n\t<meta name=\"twitter:data1\" content=\"Monica Buck\" \/>\n\t<meta name=\"twitter:label2\" content=\"Est. reading time\" \/>\n\t<meta name=\"twitter:data2\" content=\"5\" \/>\n<script type=\"application\/ld+json\" class=\"yoast-schema-graph\">{\"@context\":\"https:\/\/schema.org\",\"@graph\":[{\"@type\":\"WebPage\",\"@id\":\"https:\/\/www.welovecycling.com\/sk\/2024\/03\/01\/dovolenka-na-bicykli-v-cesku-sprievodca-rodinnym-dobrodruzstvom-na-jar-2024\/\",\"url\":\"https:\/\/www.welovecycling.com\/sk\/2024\/03\/01\/dovolenka-na-bicykli-v-cesku-sprievodca-rodinnym-dobrodruzstvom-na-jar-2024\/\",\"name\":\"Dovolenka na bicykli v \u010cesku: Sprievodca rodinn\u00fdm dobrodru\u017estvom na jar 2024\",\"isPartOf\":{\"@id\":\"https:\/\/www.welovecycling.com\/sk\/#website\"},\"primaryImageOfPage\":{\"@id\":\"https:\/\/www.welovecycling.com\/sk\/2024\/03\/01\/dovolenka-na-bicykli-v-cesku-sprievodca-rodinnym-dobrodruzstvom-na-jar-2024\/#primaryimage\"},\"image\":{\"@id\":\"https:\/\/www.welovecycling.com\/sk\/2024\/03\/01\/dovolenka-na-bicykli-v-cesku-sprievodca-rodinnym-dobrodruzstvom-na-jar-2024\/#primaryimage\"},\"thumbnailUrl\":\"https:\/\/d2p6e6u75xmxt8.cloudfront.net\/4\/2024\/02\/profimedia-0588120427.webp\",\"datePublished\":\"2024-03-01T09:00:54+00:00\",\"author\":{\"@id\":\"https:\/\/www.welovecycling.com\/sk\/#\/schema\/person\/533b62b98b6c41bd5135ebfb1f742624\"},\"description\":\"\u010cesko je ide\u00e1lnou destin\u00e1ciou pre rodiny, ktor\u00e9 h\u013eadaj\u00fa dobrodru\u017estvo, kult\u00faru a pr\u00edrodn\u00e9 kr\u00e1sy. Kam sa vyda\u0165 so svojimi de\u0165mi?\",\"breadcrumb\":{\"@id\":\"https:\/\/www.welovecycling.com\/sk\/2024\/03\/01\/dovolenka-na-bicykli-v-cesku-sprievodca-rodinnym-dobrodruzstvom-na-jar-2024\/#breadcrumb\"},\"inLanguage\":\"sk-SK\",\"potentialAction\":[{\"@type\":\"ReadAction\",\"target\":[\"https:\/\/www.welovecycling.com\/sk\/2024\/03\/01\/dovolenka-na-bicykli-v-cesku-sprievodca-rodinnym-dobrodruzstvom-na-jar-2024\/\"]}]},{\"@type\":\"ImageObject\",\"inLanguage\":\"sk-SK\",\"@id\":\"https:\/\/www.welovecycling.com\/sk\/2024\/03\/01\/dovolenka-na-bicykli-v-cesku-sprievodca-rodinnym-dobrodruzstvom-na-jar-2024\/#primaryimage\",\"url\":\"https:\/\/d2p6e6u75xmxt8.cloudfront.net\/4\/2024\/02\/profimedia-0588120427.webp\",\"contentUrl\":\"https:\/\/d2p6e6u75xmxt8.cloudfront.net\/4\/2024\/02\/profimedia-0588120427.webp\",\"width\":1400,\"height\":933},{\"@type\":\"BreadcrumbList\",\"@id\":\"https:\/\/www.welovecycling.com\/sk\/2024\/03\/01\/dovolenka-na-bicykli-v-cesku-sprievodca-rodinnym-dobrodruzstvom-na-jar-2024\/#breadcrumb\",\"itemListElement\":[{\"@type\":\"ListItem\",\"position\":1,\"name\":\"Home\",\"item\":\"https:\/\/www.welovecycling.com\/sk\/\"},{\"@type\":\"ListItem\",\"position\":2,\"name\":\"Dovolenka na bicykli v \u010cesku: Sprievodca rodinn\u00fdm dobrodru\u017estvom na jar 2024\"}]},{\"@type\":\"WebSite\",\"@id\":\"https:\/\/www.welovecycling.com\/sk\/#website\",\"url\":\"https:\/\/www.welovecycling.com\/sk\/\",\"name\":\"\u0160koda We Love Cycling Slovensko\",\"description\":\"\u0160koda We Love Cycling Slovensko je v\u00e1\u0161 ka\u017edodenn\u00fd zdroj noviniek a in\u0161pir\u00e1cie z sveta cyklistiky\",\"potentialAction\":[{\"@type\":\"SearchAction\",\"target\":{\"@type\":\"EntryPoint\",\"urlTemplate\":\"https:\/\/www.welovecycling.com\/sk\/?s={search_term_string}\"},\"query-input\":{\"@type\":\"PropertyValueSpecification\",\"valueRequired\":true,\"valueName\":\"search_term_string\"}}],\"inLanguage\":\"sk-SK\"},{\"@type\":\"Person\",\"@id\":\"https:\/\/www.welovecycling.com\/sk\/#\/schema\/person\/533b62b98b6c41bd5135ebfb1f742624\",\"name\":\"dominika\",\"image\":{\"@type\":\"ImageObject\",\"inLanguage\":\"sk-SK\",\"@id\":\"https:\/\/www.welovecycling.com\/sk\/#\/schema\/person\/image\/\",\"url\":\"https:\/\/secure.gravatar.com\/avatar\/ded6f274ba2ec3e17fff153f7d9d96a4b33c2cb63907f75d9a5309c599a7f3e6?s=96&d=mm&r=g\",\"contentUrl\":\"https:\/\/secure.gravatar.com\/avatar\/ded6f274ba2ec3e17fff153f7d9d96a4b33c2cb63907f75d9a5309c599a7f3e6?s=96&d=mm&r=g\",\"caption\":\"dominika\"},\"url\":\"https:\/\/www.welovecycling.com\/sk\/author\/dominika\/\"}]}<\/script>\n<!-- \/ Yoast SEO Premium plugin. -->","yoast_head_json":{"title":"Dovolenka na bicykli v \u010cesku: Sprievodca rodinn\u00fdm dobrodru\u017estvom na jar 2024","description":"\u010cesko je ide\u00e1lnou destin\u00e1ciou pre rodiny, ktor\u00e9 h\u013eadaj\u00fa dobrodru\u017estvo, kult\u00faru a pr\u00edrodn\u00e9 kr\u00e1sy. Kam sa vyda\u0165 so svojimi de\u0165mi?","robots":{"index":"index","follow":"follow","max-snippet":"max-snippet:-1","max-image-preview":"max-image-preview:large","max-video-preview":"max-video-preview:-1"},"canonical":"https:\/\/www.welovecycling.com\/sk\/2024\/03\/01\/dovolenka-na-bicykli-v-cesku-sprievodca-rodinnym-dobrodruzstvom-na-jar-2024\/","og_locale":"sk_SK","og_type":"article","og_title":"Dovolenka na bicykli v \u010cesku: Sprievodca rodinn\u00fdm dobrodru\u017estvom na jar 2024","og_description":"\u010cesko je ide\u00e1lnou destin\u00e1ciou pre rodiny, ktor\u00e9 h\u013eadaj\u00fa dobrodru\u017estvo, kult\u00faru a pr\u00edrodn\u00e9 kr\u00e1sy. Kam sa vyda\u0165 so svojimi de\u0165mi?","og_url":"https:\/\/www.welovecycling.com\/sk\/2024\/03\/01\/dovolenka-na-bicykli-v-cesku-sprievodca-rodinnym-dobrodruzstvom-na-jar-2024\/","og_site_name":"\u0160koda We Love Cycling Slovensko","article_published_time":"2024-03-01T09:00:54+00:00","og_image":[{"width":1400,"height":933,"url":"https:\/\/d2p6e6u75xmxt8.cloudfront.net\/4\/2024\/02\/profimedia-0588120427.webp","type":"image\/webp"}],"author":"dominika","twitter_card":"summary_large_image","twitter_misc":{"Written by":"Monica Buck","Est. reading time":"5"},"schema":{"@context":"https:\/\/schema.org","@graph":[{"@type":"WebPage","@id":"https:\/\/www.welovecycling.com\/sk\/2024\/03\/01\/dovolenka-na-bicykli-v-cesku-sprievodca-rodinnym-dobrodruzstvom-na-jar-2024\/","url":"https:\/\/www.welovecycling.com\/sk\/2024\/03\/01\/dovolenka-na-bicykli-v-cesku-sprievodca-rodinnym-dobrodruzstvom-na-jar-2024\/","name":"Dovolenka na bicykli v \u010cesku: Sprievodca rodinn\u00fdm dobrodru\u017estvom na jar 2024","isPartOf":{"@id":"https:\/\/www.welovecycling.com\/sk\/#website"},"primaryImageOfPage":{"@id":"https:\/\/www.welovecycling.com\/sk\/2024\/03\/01\/dovolenka-na-bicykli-v-cesku-sprievodca-rodinnym-dobrodruzstvom-na-jar-2024\/#primaryimage"},"image":{"@id":"https:\/\/www.welovecycling.com\/sk\/2024\/03\/01\/dovolenka-na-bicykli-v-cesku-sprievodca-rodinnym-dobrodruzstvom-na-jar-2024\/#primaryimage"},"thumbnailUrl":"https:\/\/d2p6e6u75xmxt8.cloudfront.net\/4\/2024\/02\/profimedia-0588120427.webp","datePublished":"2024-03-01T09:00:54+00:00","author":{"@id":"https:\/\/www.welovecycling.com\/sk\/#\/schema\/person\/533b62b98b6c41bd5135ebfb1f742624"},"description":"\u010cesko je ide\u00e1lnou destin\u00e1ciou pre rodiny, ktor\u00e9 h\u013eadaj\u00fa dobrodru\u017estvo, kult\u00faru a pr\u00edrodn\u00e9 kr\u00e1sy. Kam sa vyda\u0165 so svojimi de\u0165mi?","breadcrumb":{"@id":"https:\/\/www.welovecycling.com\/sk\/2024\/03\/01\/dovolenka-na-bicykli-v-cesku-sprievodca-rodinnym-dobrodruzstvom-na-jar-2024\/#breadcrumb"},"inLanguage":"sk-SK","potentialAction":[{"@type":"ReadAction","target":["https:\/\/www.welovecycling.com\/sk\/2024\/03\/01\/dovolenka-na-bicykli-v-cesku-sprievodca-rodinnym-dobrodruzstvom-na-jar-2024\/"]}]},{"@type":"ImageObject","inLanguage":"sk-SK","@id":"https:\/\/www.welovecycling.com\/sk\/2024\/03\/01\/dovolenka-na-bicykli-v-cesku-sprievodca-rodinnym-dobrodruzstvom-na-jar-2024\/#primaryimage","url":"https:\/\/d2p6e6u75xmxt8.cloudfront.net\/4\/2024\/02\/profimedia-0588120427.webp","contentUrl":"https:\/\/d2p6e6u75xmxt8.cloudfront.net\/4\/2024\/02\/profimedia-0588120427.webp","width":1400,"height":933},{"@type":"BreadcrumbList","@id":"https:\/\/www.welovecycling.com\/sk\/2024\/03\/01\/dovolenka-na-bicykli-v-cesku-sprievodca-rodinnym-dobrodruzstvom-na-jar-2024\/#breadcrumb","itemListElement":[{"@type":"ListItem","position":1,"name":"Home","item":"https:\/\/www.welovecycling.com\/sk\/"},{"@type":"ListItem","position":2,"name":"Dovolenka na bicykli v \u010cesku: Sprievodca rodinn\u00fdm dobrodru\u017estvom na jar 2024"}]},{"@type":"WebSite","@id":"https:\/\/www.welovecycling.com\/sk\/#website","url":"https:\/\/www.welovecycling.com\/sk\/","name":"\u0160koda We Love Cycling Slovensko","description":"\u0160koda We Love Cycling Slovensko je v\u00e1\u0161 ka\u017edodenn\u00fd zdroj noviniek a in\u0161pir\u00e1cie z sveta cyklistiky","potentialAction":[{"@type":"SearchAction","target":{"@type":"EntryPoint","urlTemplate":"https:\/\/www.welovecycling.com\/sk\/?s={search_term_string}"},"query-input":{"@type":"PropertyValueSpecification","valueRequired":true,"valueName":"search_term_string"}}],"inLanguage":"sk-SK"},{"@type":"Person","@id":"https:\/\/www.welovecycling.com\/sk\/#\/schema\/person\/533b62b98b6c41bd5135ebfb1f742624","name":"dominika","image":{"@type":"ImageObject","inLanguage":"sk-SK","@id":"https:\/\/www.welovecycling.com\/sk\/#\/schema\/person\/image\/","url":"https:\/\/secure.gravatar.com\/avatar\/ded6f274ba2ec3e17fff153f7d9d96a4b33c2cb63907f75d9a5309c599a7f3e6?s=96&d=mm&r=g","contentUrl":"https:\/\/secure.gravatar.com\/avatar\/ded6f274ba2ec3e17fff153f7d9d96a4b33c2cb63907f75d9a5309c599a7f3e6?s=96&d=mm&r=g","caption":"dominika"},"url":"https:\/\/www.welovecycling.com\/sk\/author\/dominika\/"}]}},"_links":{"self":[{"href":"https:\/\/www.welovecycling.com\/sk\/wp-json\/wp\/v2\/posts\/18774","targetHints":{"allow":["GET"]}}],"collection":[{"href":"https:\/\/www.welovecycling.com\/sk\/wp-json\/wp\/v2\/posts"}],"about":[{"href":"https:\/\/www.welovecycling.com\/sk\/wp-json\/wp\/v2\/types\/post"}],"author":[{"embeddable":true,"href":"https:\/\/www.welovecycling.com\/sk\/wp-json\/wp\/v2\/users\/172"}],"replies":[{"embeddable":true,"href":"https:\/\/www.welovecycling.com\/sk\/wp-json\/wp\/v2\/comments?post=18774"}],"version-history":[{"count":4,"href":"https:\/\/www.welovecycling.com\/sk\/wp-json\/wp\/v2\/posts\/18774\/revisions"}],"predecessor-version":[{"id":18784,"href":"https:\/\/www.welovecycling.com\/sk\/wp-json\/wp\/v2\/posts\/18774\/revisions\/18784"}],"wp:featuredmedia":[{"embeddable":true,"href":"https:\/\/www.welovecycling.com\/sk\/wp-json\/wp\/v2\/media\/18781"}],"wp:attachment":[{"href":"https:\/\/www.welovecycling.com\/sk\/wp-json\/wp\/v2\/media?parent=18774"}],"wp:term":[{"taxonomy":"category","embeddable":true,"href":"https:\/\/www.welovecycling.com\/sk\/wp-json\/wp\/v2\/categories?post=18774"},{"taxonomy":"post_tag","embeddable":true,"href":"https:\/\/www.welovecycling.com\/sk\/wp-json\/wp\/v2\/tags?post=18774"},{"taxonomy":"global-categories","embeddable":true,"href":"https:\/\/www.welovecycling.com\/sk\/wp-json\/wp\/v2\/global-categories?post=18774"}],"curies":[{"name":"wp","href":"https:\/\/api.w.org\/{rel}","templated":true}]}}