{"id":18762,"date":"2024-02-27T10:00:02","date_gmt":"2024-02-27T09:00:02","guid":{"rendered":"https:\/\/www.welovecycling.com\/sk\/?p=18762"},"modified":"2024-02-27T09:46:54","modified_gmt":"2024-02-27T08:46:54","slug":"6-veci-ktore-sme-robili-ako-deti","status":"publish","type":"post","link":"https:\/\/www.welovecycling.com\/sk\/2024\/02\/27\/6-veci-ktore-sme-robili-ako-deti\/","title":{"rendered":"6 vec\u00ed, ktor\u00e9 sme robili ako deti"},"content":{"rendered":"<p><strong>Deti hne\u010f po tom, ako z\u00edskaj\u00fa sk\u00fasenosti a zru\u010dnosti v jazde na bicykli, sk\u00fa\u0161aj\u00fa r\u00f4zne kaskad\u00e9rske k\u00fasky. V \u017eiadnom pr\u00edpade tento \u010dl\u00e1nok neberte ako n\u00e1vod na pou\u017eitie! Prem\u00fd\u0161\u013eal som, \u010di aj dne\u0161n\u00e9 deti sk\u00fa\u0161aj\u00fa v ur\u010ditom veku tak\u00e9to r\u00f4zne k\u00fasky a chcel som sa s vami podeli\u0165 o to, \u010do sme robili my ako deti. No treba prizna\u0165, \u017ee to u\u017e bolo pred p\u00e1r desiatkami rokov.\u00a0<\/strong><!--more--><\/p>\n<h2><b>Vozenie na r\u00fare<\/b><\/h2>\n<p><span style=\"font-weight: 400;\">Aby som vysvetlil podtitul, o akej r\u00fare to hovor\u00edm, tak o tej na bicykli, samozrejme. <strong>Ke\u010f sa potreboval kamar\u00e1t alebo kamar\u00e1tka niekam r\u00fdchlo dosta\u0165, tak sme ho jednoducho zviezli.<\/strong> Samozrejme len v pr\u00edpade, \u017ee nemal v tej chv\u00edli svoj bicykel. Sadol si bokom na r\u00faru, tak aby v\u00e1m \u010do najmenej prek\u00e1\u017eal v ovl\u00e1dan\u00ed bicykla. Aj ke\u010f je pravda, \u017ee nech si sadol akoko\u013evek, v\u017edy prek\u00e1\u017eal. Ale pri troche sk\u00fasenost\u00ed sa dala tak\u00e1to jazda zvl\u00e1dnu\u0165 a rados\u0165 mali obaja.\u00a0<\/span><\/p>\n<h2><b>Jazda na riadidl\u00e1ch\u00a0<\/b><\/h2>\n<p><span style=\"font-weight: 400;\">Druhou mo\u017enos\u0165ou bola jazda na riadidl\u00e1ch. D\u00f4vody boli rovnak\u00e9 ako vo vy\u0161\u0161ie uvedenom pr\u00edpade, iba miesto posedu bolo in\u00e9. <strong>Tak\u00e1to jazda bola pre t\u00fdch odv\u00e1\u017enej\u0161\u00edch,<\/strong> preto\u017ee sedeli vy\u0161\u0161ie a v pr\u00edpade p\u00e1du to mohlo by\u0165 bolestivej\u0161ie. No a ovl\u00e1danie bicykla bolo tie\u017e n\u00e1ro\u010dnej\u0161ie, \u010do je logick\u00e9, ke\u010f v\u00e1m niekto sed\u00ed na riadidl\u00e1ch. Ale dalo sa to zvl\u00e1dnu\u0165, len bolo potrebn\u00e9 \u00eds\u0165 pomal\u0161ie, aby v pr\u00edpade n\u00fadze bolo vystupovanie mo\u017en\u00e9 aj za jazdy.\u00a0<\/span><\/p>\n<p><img loading=\"lazy\" decoding=\"async\" class=\"alignnone size-full wp-image-18765\" src=\"https:\/\/d2p6e6u75xmxt8.cloudfront.net\/4\/2024\/02\/IMG_1824.webp\" alt=\"\" width=\"990\" height=\"681\" srcset=\"https:\/\/d2p6e6u75xmxt8.cloudfront.net\/4\/2024\/02\/IMG_1824.webp 990w, https:\/\/d2p6e6u75xmxt8.cloudfront.net\/4\/2024\/02\/IMG_1824-300x206.webp 300w, https:\/\/d2p6e6u75xmxt8.cloudfront.net\/4\/2024\/02\/IMG_1824-768x528.webp 768w, https:\/\/d2p6e6u75xmxt8.cloudfront.net\/4\/2024\/02\/IMG_1824-400x275.webp 400w\" sizes=\"auto, (max-width: 990px) 100vw, 990px\" \/><\/p>\n<h2><b>Jazda na nosi\u010di<\/b><\/h2>\n<p><span style=\"font-weight: 400;\">Nosi\u010d, alebo nespisovne tie\u017e \u0161arag\u013ea, bol v minulosti s\u00fa\u010das\u0165ou skoro ka\u017ed\u00e9ho bicykla. <strong>Bol to praktick\u00fd pomocn\u00edk \u2013 mohli ste si na\u0148 cestou do \u0161koly polo\u017ei\u0165 aktovku, pri ceste z obchodu n\u00e1kup, pr\u00edpadne ste tam mohli umiestni\u0165 aj spolujazdca.<\/strong> Bol to asi najbezpe\u010dnej\u0161\u00ed sp\u00f4sob, ako niekoho odviez\u0165. Jedinou nev\u00fdhodou bolo pomerne tvrd\u00e9 sedenie, a tak cyklista musel myslie\u0165 na to, aby d\u00f4kladne obch\u00e1dzal v\u0161etky nerovnosti na ceste. D\u00f4vod bol jednoduch\u00fd \u2013 a to sedacie partie spolujazdca, ktor\u00e9 ho pri bezoh\u013eadnej jazde boleli e\u0161te hodn\u00fa chv\u00ed\u013eu.<\/span><\/p>\n<h2><b>Jazda bez ped\u00e1lov<\/b><\/h2>\n<p><span style=\"font-weight: 400;\">Tu sa u\u017e dost\u00e1vame k sp\u00f4sobom jazdy samotn\u00e9ho cyklistu bez spolujazdca. V momente, ke\u010f ste z\u00edskali pocit, \u017ee bicykel u\u017e ovl\u00e1date, za\u010dali ste prem\u00fd\u0161\u013ea\u0165, ako jazdu ozvl\u00e1\u0161tni\u0165. No a prv\u00e9, \u010do v\u00e1s napadlo, bolo presta\u0165 \u0161liapa\u0165 a da\u0165 nohy dolu z ped\u00e1lov. Poviete si, \u017ee ni\u010d zvl\u00e1\u0161tne. <strong>Ale mus\u00edte si uvedomi\u0165, \u017ee v na\u0161ich \u010dasoch sa brzdilo ped\u00e1lmi a nie sofistikovan\u00fdmi brzdami ako dnes.<\/strong> Ke\u010f ste chceli da\u0165 nohy dolu z ped\u00e1lov, museli ste nabra\u0165 poriadnu r\u00fdchlos\u0165 \u2013 znamenalo to v\u0161ak aj to, \u017ee ste sa vzdali mo\u017enosti zabrzdi\u0165. Tak\u017ee trochu adrenal\u00edn, ale aj rados\u0165 z jazdy.\u00a0<\/span><\/p>\n<h2><b>Jazda bez dr\u017eania<\/b><\/h2>\n<p><span style=\"font-weight: 400;\">Poriadny adrenal\u00edn a k\u00fasok, ktor\u00fd je e\u0161te st\u00e1le popul\u00e1rny u det\u00ed aj dnes, je jazda bez dr\u017eania riadidiel.<strong> Je to nebezpe\u010dn\u00e9 a nejedno die\u0165a po prv\u00fdch pokusoch skon\u010dilo v tom lep\u0161om pr\u00edpade len s pla\u010dom a odreninami.<\/strong> Je pravda, \u017ee na tento k\u00fasok si maj\u00fa od koho bra\u0165 pr\u00edklad. Ve\u010f sta\u010d\u00ed, ak si pozr\u00fa napr\u00edklad Tour de France \u2013 pr\u00edchod do cie\u013ea nejeden cyklista osl\u00e1vi t\u00fdm, \u017ee pust\u00ed riadidl\u00e1. Nu\u017e deti to tie\u017e sk\u00fa\u0161aj\u00fa a ke\u010f to zvl\u00e1dnu, s\u00fa hrdinami ulice \u010di s\u00eddliska.\u00a0<\/span><\/p>\n<p><img loading=\"lazy\" decoding=\"async\" class=\"alignnone size-full wp-image-18766\" src=\"https:\/\/d2p6e6u75xmxt8.cloudfront.net\/4\/2024\/02\/02-1.webp\" alt=\"\" width=\"990\" height=\"660\" srcset=\"https:\/\/d2p6e6u75xmxt8.cloudfront.net\/4\/2024\/02\/02-1.webp 990w, https:\/\/d2p6e6u75xmxt8.cloudfront.net\/4\/2024\/02\/02-1-300x200.webp 300w, https:\/\/d2p6e6u75xmxt8.cloudfront.net\/4\/2024\/02\/02-1-768x512.webp 768w, https:\/\/d2p6e6u75xmxt8.cloudfront.net\/4\/2024\/02\/02-1-400x267.webp 400w, https:\/\/d2p6e6u75xmxt8.cloudfront.net\/4\/2024\/02\/02-1-272x182.webp 272w\" sizes=\"auto, (max-width: 990px) 100vw, 990px\" \/><\/p>\n<h2><b>Jazda na zadnom kolese<\/b><\/h2>\n<p><span style=\"font-weight: 400;\">Za na\u0161ich \u010dias to e\u0161te nebol trik naz\u00fdvan\u00fd wheelie, ale jednoducho jazda na zadnom. <strong>Nau\u010di\u0165 sa tento trik nie je v\u00f4bec jednoduch\u00e9<\/strong> a m\u00f4\u017ee to by\u0165 dos\u0165 bolestiv\u00e9. Pam\u00e4t\u00e1m sa, ako som to tr\u00e9noval a nie v\u017edy som zvl\u00e1dol riadenie. V jednom momente som mal pocit, \u017ee to zvl\u00e1dam a chcel som machrova\u0165 pred diev\u010datami. Ako to dopadlo? H\u00e1date spr\u00e1vne. Neodhadol som, ko\u013eko sily do triku da\u0165 a prehnal som to. Skon\u010dil som na zadku a bicykel letel \u010falej. Samozrejme, \u017ee zadok ma bolel e\u0161te aj na druh\u00fd de\u0148, a to ani nehovor\u00edm o hanbe, ak\u00fa som mal.\u00a0<\/span><\/p>\n<p><img loading=\"lazy\" decoding=\"async\" class=\"alignnone wp-image-18768 size-full\" src=\"https:\/\/d2p6e6u75xmxt8.cloudfront.net\/4\/2024\/02\/01-1.webp\" alt=\"deti\" width=\"990\" height=\"660\" srcset=\"https:\/\/d2p6e6u75xmxt8.cloudfront.net\/4\/2024\/02\/01-1.webp 990w, https:\/\/d2p6e6u75xmxt8.cloudfront.net\/4\/2024\/02\/01-1-300x200.webp 300w, https:\/\/d2p6e6u75xmxt8.cloudfront.net\/4\/2024\/02\/01-1-768x512.webp 768w, https:\/\/d2p6e6u75xmxt8.cloudfront.net\/4\/2024\/02\/01-1-400x267.webp 400w, https:\/\/d2p6e6u75xmxt8.cloudfront.net\/4\/2024\/02\/01-1-272x182.webp 272w\" sizes=\"auto, (max-width: 990px) 100vw, 990px\" \/><\/p>\n<p><span style=\"font-weight: 400;\">Tak\u017ee, mil\u00e9 deti, ako sa hovor\u00ed: toto doma nesk\u00fa\u0161ajte! Inak<strong> celkom by ma zauj\u00edmalo, \u010do na bicykloch stv\u00e1rate vy v dne\u0161n\u00fdch \u010dasoch.<\/strong> Samozrejme, ke\u010f v\u00e1s rodi\u010dia nevidia. No dobre, rad\u0161ej sa k tomu nebudete prizn\u00e1va\u0165 a mo\u017eno si raz tie\u017e zaspom\u00ednate, rovnako ako ja, na svoje detstvo. A viete v \u010dom bolo tajomstvo, \u017ee sme si mohli dovoli\u0165 toto v\u0161etko stv\u00e1ra\u0165? Ke\u010f sme boli deti, tak po ulici pre\u0161lo p\u00e1r a\u00fat za de\u0148, tak\u017ee pohyb v \u201eprem\u00e1vke\u201c bol v\u00fdrazne bezpe\u010dnej\u0161\u00ed a mali sme priestor viac vym\u00fd\u0161\u013ea\u0165.\u00a0<\/span><\/p>\n<p><span style=\"font-weight: 400;\">Zdroje fotiek: pixabay.com, arch\u00edv autora<\/span><\/p>\n","protected":false},"excerpt":{"rendered":"<p>Deti hne\u010f po tom, ako z\u00edskaj\u00fa sk\u00fasenosti a zru\u010dnosti v jazde na bicykli, sk\u00fa\u0161aj\u00fa r\u00f4zne kaskad\u00e9rske k\u00fasky. V \u017eiadnom pr\u00edpade [&hellip;]<\/p>\n","protected":false},"author":172,"featured_media":18763,"comment_status":"open","ping_status":"open","sticky":false,"template":"","format":"standard","meta":{"footnotes":""},"categories":[118],"tags":[559,794,115,487,53,1386,876,1191,1015,871,644,183],"global-categories":[1074],"class_list":["post-18762","post","type-post","status-publish","format-standard","has-post-thumbnail","hentry","category-zabava","tag-bicykel","tag-cas","tag-cestna-cyklistika","tag-cestny-bicykel","tag-deti","tag-deti-na-bicykli","tag-historia","tag-jazda","tag-spomienky","tag-stary-bicykel","tag-trik","tag-zabava","global-categories-cycling"],"yoast_head":"<!-- This site is optimized with the Yoast SEO Premium plugin v25.3 (Yoast SEO v25.9) - https:\/\/yoast.com\/wordpress\/plugins\/seo\/ -->\n<title>6 vec\u00ed, ktor\u00e9 sme robili ako deti - \u0160koda We Love Cycling Slovensko<\/title>\n<meta name=\"description\" content=\"Deti hne\u010f po tom, ako z\u00edskaj\u00fa sk\u00fasenosti a zru\u010dnosti v jazde na bicykli, sk\u00fa\u0161aj\u00fa r\u00f4zne kaskad\u00e9rske k\u00fasky. \u010co sme sk\u00fa\u0161ali my a \u010do dne\u0161n\u00e9 deti?\" \/>\n<meta name=\"robots\" content=\"index, follow, max-snippet:-1, max-image-preview:large, max-video-preview:-1\" \/>\n<link rel=\"canonical\" href=\"https:\/\/www.welovecycling.com\/sk\/2024\/02\/27\/6-veci-ktore-sme-robili-ako-deti\/\" \/>\n<meta property=\"og:locale\" content=\"sk_SK\" \/>\n<meta property=\"og:type\" content=\"article\" \/>\n<meta property=\"og:title\" content=\"6 vec\u00ed, ktor\u00e9 sme robili ako deti\" \/>\n<meta property=\"og:description\" content=\"Deti hne\u010f po tom, ako z\u00edskaj\u00fa sk\u00fasenosti a zru\u010dnosti v jazde na bicykli, sk\u00fa\u0161aj\u00fa r\u00f4zne kaskad\u00e9rske k\u00fasky. \u010co sme sk\u00fa\u0161ali my a \u010do dne\u0161n\u00e9 deti?\" \/>\n<meta property=\"og:url\" content=\"https:\/\/www.welovecycling.com\/sk\/2024\/02\/27\/6-veci-ktore-sme-robili-ako-deti\/\" \/>\n<meta property=\"og:site_name\" content=\"\u0160koda We Love Cycling Slovensko\" \/>\n<meta property=\"article:published_time\" content=\"2024-02-27T09:00:02+00:00\" \/>\n<meta property=\"og:image\" content=\"https:\/\/d2p6e6u75xmxt8.cloudfront.net\/4\/2024\/02\/IMG_1823.webp\" \/>\n\t<meta property=\"og:image:width\" content=\"990\" \/>\n\t<meta property=\"og:image:height\" content=\"699\" \/>\n\t<meta property=\"og:image:type\" content=\"image\/webp\" \/>\n<meta name=\"author\" content=\"dominika\" \/>\n<meta name=\"twitter:card\" content=\"summary_large_image\" \/>\n<meta name=\"twitter:label1\" content=\"Written by\" \/>\n\t<meta name=\"twitter:data1\" content=\"Radovan Vr\u0161ka\" \/>\n\t<meta name=\"twitter:label2\" content=\"Est. reading time\" \/>\n\t<meta name=\"twitter:data2\" content=\"4\" \/>\n<script type=\"application\/ld+json\" class=\"yoast-schema-graph\">{\"@context\":\"https:\/\/schema.org\",\"@graph\":[{\"@type\":\"WebPage\",\"@id\":\"https:\/\/www.welovecycling.com\/sk\/2024\/02\/27\/6-veci-ktore-sme-robili-ako-deti\/\",\"url\":\"https:\/\/www.welovecycling.com\/sk\/2024\/02\/27\/6-veci-ktore-sme-robili-ako-deti\/\",\"name\":\"6 vec\u00ed, ktor\u00e9 sme robili ako deti - \u0160koda We Love Cycling Slovensko\",\"isPartOf\":{\"@id\":\"https:\/\/www.welovecycling.com\/sk\/#website\"},\"primaryImageOfPage\":{\"@id\":\"https:\/\/www.welovecycling.com\/sk\/2024\/02\/27\/6-veci-ktore-sme-robili-ako-deti\/#primaryimage\"},\"image\":{\"@id\":\"https:\/\/www.welovecycling.com\/sk\/2024\/02\/27\/6-veci-ktore-sme-robili-ako-deti\/#primaryimage\"},\"thumbnailUrl\":\"https:\/\/d2p6e6u75xmxt8.cloudfront.net\/4\/2024\/02\/IMG_1823.webp\",\"datePublished\":\"2024-02-27T09:00:02+00:00\",\"author\":{\"@id\":\"https:\/\/www.welovecycling.com\/sk\/#\/schema\/person\/533b62b98b6c41bd5135ebfb1f742624\"},\"description\":\"Deti hne\u010f po tom, ako z\u00edskaj\u00fa sk\u00fasenosti a zru\u010dnosti v jazde na bicykli, sk\u00fa\u0161aj\u00fa r\u00f4zne kaskad\u00e9rske k\u00fasky. \u010co sme sk\u00fa\u0161ali my a \u010do dne\u0161n\u00e9 deti?\",\"breadcrumb\":{\"@id\":\"https:\/\/www.welovecycling.com\/sk\/2024\/02\/27\/6-veci-ktore-sme-robili-ako-deti\/#breadcrumb\"},\"inLanguage\":\"sk-SK\",\"potentialAction\":[{\"@type\":\"ReadAction\",\"target\":[\"https:\/\/www.welovecycling.com\/sk\/2024\/02\/27\/6-veci-ktore-sme-robili-ako-deti\/\"]}]},{\"@type\":\"ImageObject\",\"inLanguage\":\"sk-SK\",\"@id\":\"https:\/\/www.welovecycling.com\/sk\/2024\/02\/27\/6-veci-ktore-sme-robili-ako-deti\/#primaryimage\",\"url\":\"https:\/\/d2p6e6u75xmxt8.cloudfront.net\/4\/2024\/02\/IMG_1823.webp\",\"contentUrl\":\"https:\/\/d2p6e6u75xmxt8.cloudfront.net\/4\/2024\/02\/IMG_1823.webp\",\"width\":990,\"height\":699,\"caption\":\"die\u0165a na bicykli\"},{\"@type\":\"BreadcrumbList\",\"@id\":\"https:\/\/www.welovecycling.com\/sk\/2024\/02\/27\/6-veci-ktore-sme-robili-ako-deti\/#breadcrumb\",\"itemListElement\":[{\"@type\":\"ListItem\",\"position\":1,\"name\":\"Home\",\"item\":\"https:\/\/www.welovecycling.com\/sk\/\"},{\"@type\":\"ListItem\",\"position\":2,\"name\":\"6 vec\u00ed, ktor\u00e9 sme robili ako deti\"}]},{\"@type\":\"WebSite\",\"@id\":\"https:\/\/www.welovecycling.com\/sk\/#website\",\"url\":\"https:\/\/www.welovecycling.com\/sk\/\",\"name\":\"\u0160koda We Love Cycling Slovensko\",\"description\":\"\u0160koda We Love Cycling Slovensko je v\u00e1\u0161 ka\u017edodenn\u00fd zdroj noviniek a in\u0161pir\u00e1cie z sveta cyklistiky\",\"potentialAction\":[{\"@type\":\"SearchAction\",\"target\":{\"@type\":\"EntryPoint\",\"urlTemplate\":\"https:\/\/www.welovecycling.com\/sk\/?s={search_term_string}\"},\"query-input\":{\"@type\":\"PropertyValueSpecification\",\"valueRequired\":true,\"valueName\":\"search_term_string\"}}],\"inLanguage\":\"sk-SK\"},{\"@type\":\"Person\",\"@id\":\"https:\/\/www.welovecycling.com\/sk\/#\/schema\/person\/533b62b98b6c41bd5135ebfb1f742624\",\"name\":\"dominika\",\"image\":{\"@type\":\"ImageObject\",\"inLanguage\":\"sk-SK\",\"@id\":\"https:\/\/www.welovecycling.com\/sk\/#\/schema\/person\/image\/\",\"url\":\"https:\/\/secure.gravatar.com\/avatar\/ded6f274ba2ec3e17fff153f7d9d96a4b33c2cb63907f75d9a5309c599a7f3e6?s=96&d=mm&r=g\",\"contentUrl\":\"https:\/\/secure.gravatar.com\/avatar\/ded6f274ba2ec3e17fff153f7d9d96a4b33c2cb63907f75d9a5309c599a7f3e6?s=96&d=mm&r=g\",\"caption\":\"dominika\"},\"url\":\"https:\/\/www.welovecycling.com\/sk\/author\/dominika\/\"}]}<\/script>\n<!-- \/ Yoast SEO Premium plugin. -->","yoast_head_json":{"title":"6 vec\u00ed, ktor\u00e9 sme robili ako deti - \u0160koda We Love Cycling Slovensko","description":"Deti hne\u010f po tom, ako z\u00edskaj\u00fa sk\u00fasenosti a zru\u010dnosti v jazde na bicykli, sk\u00fa\u0161aj\u00fa r\u00f4zne kaskad\u00e9rske k\u00fasky. \u010co sme sk\u00fa\u0161ali my a \u010do dne\u0161n\u00e9 deti?","robots":{"index":"index","follow":"follow","max-snippet":"max-snippet:-1","max-image-preview":"max-image-preview:large","max-video-preview":"max-video-preview:-1"},"canonical":"https:\/\/www.welovecycling.com\/sk\/2024\/02\/27\/6-veci-ktore-sme-robili-ako-deti\/","og_locale":"sk_SK","og_type":"article","og_title":"6 vec\u00ed, ktor\u00e9 sme robili ako deti","og_description":"Deti hne\u010f po tom, ako z\u00edskaj\u00fa sk\u00fasenosti a zru\u010dnosti v jazde na bicykli, sk\u00fa\u0161aj\u00fa r\u00f4zne kaskad\u00e9rske k\u00fasky. \u010co sme sk\u00fa\u0161ali my a \u010do dne\u0161n\u00e9 deti?","og_url":"https:\/\/www.welovecycling.com\/sk\/2024\/02\/27\/6-veci-ktore-sme-robili-ako-deti\/","og_site_name":"\u0160koda We Love Cycling Slovensko","article_published_time":"2024-02-27T09:00:02+00:00","og_image":[{"width":990,"height":699,"url":"https:\/\/d2p6e6u75xmxt8.cloudfront.net\/4\/2024\/02\/IMG_1823.webp","type":"image\/webp"}],"author":"dominika","twitter_card":"summary_large_image","twitter_misc":{"Written by":"Radovan Vr\u0161ka","Est. reading time":"4"},"schema":{"@context":"https:\/\/schema.org","@graph":[{"@type":"WebPage","@id":"https:\/\/www.welovecycling.com\/sk\/2024\/02\/27\/6-veci-ktore-sme-robili-ako-deti\/","url":"https:\/\/www.welovecycling.com\/sk\/2024\/02\/27\/6-veci-ktore-sme-robili-ako-deti\/","name":"6 vec\u00ed, ktor\u00e9 sme robili ako deti - \u0160koda We Love Cycling Slovensko","isPartOf":{"@id":"https:\/\/www.welovecycling.com\/sk\/#website"},"primaryImageOfPage":{"@id":"https:\/\/www.welovecycling.com\/sk\/2024\/02\/27\/6-veci-ktore-sme-robili-ako-deti\/#primaryimage"},"image":{"@id":"https:\/\/www.welovecycling.com\/sk\/2024\/02\/27\/6-veci-ktore-sme-robili-ako-deti\/#primaryimage"},"thumbnailUrl":"https:\/\/d2p6e6u75xmxt8.cloudfront.net\/4\/2024\/02\/IMG_1823.webp","datePublished":"2024-02-27T09:00:02+00:00","author":{"@id":"https:\/\/www.welovecycling.com\/sk\/#\/schema\/person\/533b62b98b6c41bd5135ebfb1f742624"},"description":"Deti hne\u010f po tom, ako z\u00edskaj\u00fa sk\u00fasenosti a zru\u010dnosti v jazde na bicykli, sk\u00fa\u0161aj\u00fa r\u00f4zne kaskad\u00e9rske k\u00fasky. \u010co sme sk\u00fa\u0161ali my a \u010do dne\u0161n\u00e9 deti?","breadcrumb":{"@id":"https:\/\/www.welovecycling.com\/sk\/2024\/02\/27\/6-veci-ktore-sme-robili-ako-deti\/#breadcrumb"},"inLanguage":"sk-SK","potentialAction":[{"@type":"ReadAction","target":["https:\/\/www.welovecycling.com\/sk\/2024\/02\/27\/6-veci-ktore-sme-robili-ako-deti\/"]}]},{"@type":"ImageObject","inLanguage":"sk-SK","@id":"https:\/\/www.welovecycling.com\/sk\/2024\/02\/27\/6-veci-ktore-sme-robili-ako-deti\/#primaryimage","url":"https:\/\/d2p6e6u75xmxt8.cloudfront.net\/4\/2024\/02\/IMG_1823.webp","contentUrl":"https:\/\/d2p6e6u75xmxt8.cloudfront.net\/4\/2024\/02\/IMG_1823.webp","width":990,"height":699,"caption":"die\u0165a na bicykli"},{"@type":"BreadcrumbList","@id":"https:\/\/www.welovecycling.com\/sk\/2024\/02\/27\/6-veci-ktore-sme-robili-ako-deti\/#breadcrumb","itemListElement":[{"@type":"ListItem","position":1,"name":"Home","item":"https:\/\/www.welovecycling.com\/sk\/"},{"@type":"ListItem","position":2,"name":"6 vec\u00ed, ktor\u00e9 sme robili ako deti"}]},{"@type":"WebSite","@id":"https:\/\/www.welovecycling.com\/sk\/#website","url":"https:\/\/www.welovecycling.com\/sk\/","name":"\u0160koda We Love Cycling Slovensko","description":"\u0160koda We Love Cycling Slovensko je v\u00e1\u0161 ka\u017edodenn\u00fd zdroj noviniek a in\u0161pir\u00e1cie z sveta cyklistiky","potentialAction":[{"@type":"SearchAction","target":{"@type":"EntryPoint","urlTemplate":"https:\/\/www.welovecycling.com\/sk\/?s={search_term_string}"},"query-input":{"@type":"PropertyValueSpecification","valueRequired":true,"valueName":"search_term_string"}}],"inLanguage":"sk-SK"},{"@type":"Person","@id":"https:\/\/www.welovecycling.com\/sk\/#\/schema\/person\/533b62b98b6c41bd5135ebfb1f742624","name":"dominika","image":{"@type":"ImageObject","inLanguage":"sk-SK","@id":"https:\/\/www.welovecycling.com\/sk\/#\/schema\/person\/image\/","url":"https:\/\/secure.gravatar.com\/avatar\/ded6f274ba2ec3e17fff153f7d9d96a4b33c2cb63907f75d9a5309c599a7f3e6?s=96&d=mm&r=g","contentUrl":"https:\/\/secure.gravatar.com\/avatar\/ded6f274ba2ec3e17fff153f7d9d96a4b33c2cb63907f75d9a5309c599a7f3e6?s=96&d=mm&r=g","caption":"dominika"},"url":"https:\/\/www.welovecycling.com\/sk\/author\/dominika\/"}]}},"_links":{"self":[{"href":"https:\/\/www.welovecycling.com\/sk\/wp-json\/wp\/v2\/posts\/18762","targetHints":{"allow":["GET"]}}],"collection":[{"href":"https:\/\/www.welovecycling.com\/sk\/wp-json\/wp\/v2\/posts"}],"about":[{"href":"https:\/\/www.welovecycling.com\/sk\/wp-json\/wp\/v2\/types\/post"}],"author":[{"embeddable":true,"href":"https:\/\/www.welovecycling.com\/sk\/wp-json\/wp\/v2\/users\/172"}],"replies":[{"embeddable":true,"href":"https:\/\/www.welovecycling.com\/sk\/wp-json\/wp\/v2\/comments?post=18762"}],"version-history":[{"count":7,"href":"https:\/\/www.welovecycling.com\/sk\/wp-json\/wp\/v2\/posts\/18762\/revisions"}],"predecessor-version":[{"id":18773,"href":"https:\/\/www.welovecycling.com\/sk\/wp-json\/wp\/v2\/posts\/18762\/revisions\/18773"}],"wp:featuredmedia":[{"embeddable":true,"href":"https:\/\/www.welovecycling.com\/sk\/wp-json\/wp\/v2\/media\/18763"}],"wp:attachment":[{"href":"https:\/\/www.welovecycling.com\/sk\/wp-json\/wp\/v2\/media?parent=18762"}],"wp:term":[{"taxonomy":"category","embeddable":true,"href":"https:\/\/www.welovecycling.com\/sk\/wp-json\/wp\/v2\/categories?post=18762"},{"taxonomy":"post_tag","embeddable":true,"href":"https:\/\/www.welovecycling.com\/sk\/wp-json\/wp\/v2\/tags?post=18762"},{"taxonomy":"global-categories","embeddable":true,"href":"https:\/\/www.welovecycling.com\/sk\/wp-json\/wp\/v2\/global-categories?post=18762"}],"curies":[{"name":"wp","href":"https:\/\/api.w.org\/{rel}","templated":true}]}}