{"id":18747,"date":"2024-02-22T17:33:34","date_gmt":"2024-02-22T16:33:34","guid":{"rendered":"https:\/\/www.welovecycling.com\/sk\/?p=18747"},"modified":"2024-02-22T17:33:34","modified_gmt":"2024-02-22T16:33:34","slug":"zdenek-stybar-cesky-peter-sagan","status":"publish","type":"post","link":"https:\/\/www.welovecycling.com\/sk\/2024\/02\/22\/zdenek-stybar-cesky-peter-sagan\/","title":{"rendered":"Zden\u011bk \u0160tybar &#8211; \u010desk\u00fd Peter Sagan?"},"content":{"rendered":"<p><strong>Je jasn\u00e9, \u017ee mno\u017estvo Pe\u0165ov\u00fdch najskalnej\u0161\u00edch fan\u00fa\u0161ikov v tomto momente mo\u017eno za\u017em\u00fari o\u010di, no jedna vec je ist\u00e1 \u2013 Zden\u011bk \u0160tybar s n\u00edm toho zdie\u013ea viac, ne\u017e by sa mohlo zda\u0165 a patr\u00ed medzi najv\u00fdraznej\u0161ie osobnosti \u010deskej cyklistiky.<\/strong><!--more--><\/p>\n<p><span style=\"font-weight: 400;\">Alebo sk\u00f4r patril? Podobne ako <a href=\"https:\/\/www.welovecycling.com\/sk\/2023\/09\/11\/peter-sagan-sa-vracia-ku-korenom-co-vsetko-ho-caka\/\">Tourmin\u00e1tor<\/a>, aj \u0160tybar sa rozhodol zavesi\u0165 kopa\u010dky, pardon, tretry na klinec \u2013 a to v\u0161etko na mieste, ktor\u00e9 je pre\u0148ho z kari\u00e9rneho h\u013eadiska mo\u017eno aj najv\u00fdznamnej\u0161\u00edm. V tomto \u010dl\u00e1nku sa v kr\u00e1tkosti pozrieme na to, \u010do v\u0161etko dok\u00e1zal v profipelot\u00f3ne aj mimo neho dosiahnu\u0165.<\/span><\/p>\n<p><a href=\"https:\/\/www.instagram.com\/p\/CGQWu4BneQQ\/\">https:\/\/www.instagram.com\/p\/CGQWu4BneQQ\/<\/a><\/p>\n<h2><b>Kr\u00e1\u013e cyklokrosu<\/b><\/h2>\n<p><span style=\"font-weight: 400;\">T\u00e1bor, 2010. Vysne\u017een\u00e1 tra\u0165 v\u00edta \u00fa\u010dastn\u00edkov 61. majstrovstiev sveta v <a href=\"https:\/\/www.welovecycling.com\/sk\/2024\/01\/19\/cyklokros-svet-uzkych-plastov-a-mnozstva-spiny\/\">cyklokrose<\/a>. Na \u0161tarte proti sebe stoj\u00ed nieko\u013eko zn\u00e1mych tv\u00e1r\u00ed, pri\u010dom jednou z najv\u00fdraznej\u0161\u00edch je Sven Nys, legenda cyklokrosu. Na druhej strane takmer o 10 rokov mlad\u0161\u00ed dravec menom Zden\u011bk \u0160tybar \u2013 medzi \u201eseniormi\u201c len dva roky, no u\u017e s nieko\u013ek\u00fdmi v\u00ed\u0165azstvami v Svetovom poh\u00e1ri. A, samozrejme, dvoma titulmi majstra sveta do 23 rokov. <strong>Na predch\u00e1dzaj\u00facich dvoch MS z\u00edskal dvakr\u00e1t druh\u00e9 miesto a dal v\u0161etk\u00fdm konkurentom jasne najavo, \u017ee s n\u00edm treba po\u010d\u00edta\u0165 aj do bud\u00facich rokov.<\/strong><\/span><\/p>\n<p><img loading=\"lazy\" decoding=\"async\" class=\"alignnone wp-image-18748 size-full\" src=\"https:\/\/d2p6e6u75xmxt8.cloudfront.net\/4\/2024\/02\/01.webp\" alt=\"Zden\u011bk \u0160tybar\" width=\"990\" height=\"660\" srcset=\"https:\/\/d2p6e6u75xmxt8.cloudfront.net\/4\/2024\/02\/01.webp 990w, https:\/\/d2p6e6u75xmxt8.cloudfront.net\/4\/2024\/02\/01-300x200.webp 300w, https:\/\/d2p6e6u75xmxt8.cloudfront.net\/4\/2024\/02\/01-768x512.webp 768w, https:\/\/d2p6e6u75xmxt8.cloudfront.net\/4\/2024\/02\/01-400x267.webp 400w, https:\/\/d2p6e6u75xmxt8.cloudfront.net\/4\/2024\/02\/01-272x182.webp 272w\" sizes=\"auto, (max-width: 990px) 100vw, 990px\" \/><\/p>\n<p><span style=\"font-weight: 400;\">A opr\u00e1vnene. <strong>Nezastavil ho defekt v prvom kole, nezastavila ho ani n\u00e1ro\u010dnos\u0165 trate.<\/strong> Svoj prv\u00fd d\u00fahov\u00fd dres medzi cyklokros\u00e1rmi-seniormi vybojoval \u0160tybar pred dom\u00e1cimi fan\u00fa\u0161ikmi. N\u00e1sledne, hne\u010f rok na to, pridal druh\u00fd v Sankt Wendeli. Trati, kde z\u00edskal svoj \u00faplne premi\u00e9rov\u00fd titul majstra sveta, vtedy e\u0161te medzi juniormi.\u00a0<\/span><\/p>\n<p><span style=\"font-weight: 400;\">Tret\u00ed titul \u201e\u0160tyby\u201c z\u00edskal v roku 2014. Vtedy u\u017e zabehnut\u00fd \u010dlen Vl\u010dej svorky si, d\u00e1 sa poveda\u0165, do blata cyklokrosu len odsko\u010dil. Ziskom tretieho titulu v\u0161ak iba potvrdil, \u017ee si plne zasl\u00fa\u017ei miesto v cyklokrosovej sieni sl\u00e1vy\u2026<\/span><\/p>\n<div class=\"embed-controller-wrapper\">\n<div class=\"embed-wrapper\"><iframe title=\"Mens Elite Race Edit - 2014 Cyclo Cross World Championships\" width=\"500\" height=\"281\" data-src=\"https:\/\/www.youtube.com\/embed\/vigZ1zsl59s?feature=oembed&#038;feature=shared&#038;enablejsapi=1\" frameborder=\"0\" allow=\"accelerometer; autoplay; clipboard-write; encrypted-media; gyroscope; picture-in-picture; web-share\" referrerpolicy=\"strict-origin-when-cross-origin\" allowfullscreen><\/iframe><\/div>\n<\/div>\n<p><span style=\"font-weight: 400;\">Mimochodom, ke\u010f sa vr\u00e1time k prv\u00e9mu titulu z T\u00e1bora \u2013 zlato v \u017eenskej Elite kateg\u00f3rii vtedy z\u00edskala Marianne Vos. V mu\u017eoch do 23 rokov obsadil tretie miesto Marek Konwa, ktor\u00fd je dodnes poprednou tv\u00e1rou po\u013esk\u00e9ho cyklokrosu. A druh\u00e9 miesto medzi juniormi vybojoval ist\u00fd Julian Alaphilippe. Ale ten \u010das let\u00ed, \u010do? \ud83d\ude42\u00a0<\/span><\/p>\n<h2><b>Klasiky, monumenty aj Grand Tours<\/b><\/h2>\n<p><span style=\"font-weight: 400;\">Napriek tomu, \u017ee \u0160tybar za\u010d\u00ednal a aj kon\u010dil ako cyklokros\u00e1r, ned\u00e1 sa opomen\u00fa\u0165 jeho kari\u00e9ra v profipelot\u00f3ne. Po vstupe do\u0148 (v roku 2006) bol asi najz\u00e1sadnej\u0161\u00edm rok 2011. Pr\u00e1ve vtedy sa toti\u017e rod\u00ed u\u017e spom\u00ednan\u00e1 Vl\u010dia svorka, Wolfpack \u2013 in\u00fdmi slovami, Omega Pharma \u2013 Quick-Step. <strong>Tento t\u00edm sa stal jeho druh\u00fdm domovom na dlh\u00fdch 11 rokov a dosiahol v \u0148om mno\u017estvo z\u00e1sadn\u00fdch \u00faspechov.\u00a0<\/strong><\/span><\/p>\n<p><a href=\"https:\/\/www.instagram.com\/p\/Cg-N2FsLPlD\/\">https:\/\/www.instagram.com\/p\/Cg-N2FsLPlD\/<\/a><\/p>\n<p><span style=\"font-weight: 400;\">Celkov\u00fd v\u00ed\u0165az Eneco Tour 2013, dvakr\u00e1t druh\u00e9 miesto na Par\u00ed\u017e-Roubaix v rokoch 2015 a 2017, v\u00ed\u0165azstv\u00e1 na Omloop Het Nieuwsblad, E3 Harelbeke, \u010di Strade Bianche, po jednom etapovom v\u00ed\u0165azstve na Vuelte a Tour de France\u2026 toto je len zlomok \u00faspechov, ktor\u00e9 na ceste zaznamenal. A pravda, ner\u00e1taj\u00fa sa len v\u00ed\u0165azstv\u00e1. <strong>Mnohokr\u00e1t k v\u00fdhre dopomohol svojim kolegom a aj v\u010faka nemu disponoval Wolfpack obdivuhodnou klasik\u00e1rskou silou.<\/strong><\/span><\/p>\n<p><a href=\"https:\/\/www.instagram.com\/p\/CE9s1MsnBR4\/?img_index=1\">https:\/\/www.instagram.com\/p\/CE9s1MsnBR4\/?img_index=1<\/a><\/p>\n<h2><b>Zdravotn\u00e9 probl\u00e9my a koniec kari\u00e9ry<\/b><\/h2>\n<p><span style=\"font-weight: 400;\">S\u00fa cyklisti, ktor\u00ed ukon\u010duj\u00fa kari\u00e9ru na vrchole. Av\u0161ak \u0160tyby bohu\u017eia\u013e to\u013ek\u00e9 \u0161\u0165astie nemal. <strong>Pri\u0161iel covid, pri\u0161li probl\u00e9my s bedrovou tepnou.<\/strong> Tieto faktory sp\u00f4sobili postupn\u00fd pokles v\u00fdkonnosti, ktor\u00fd napokon vy\u00fastil do odchodu z Vl\u010dej svorky. Nov\u00e1 n\u00e1dej svitla v austr\u00e1lskom t\u00edme Jayco AlUla.\u00a0<\/span><\/p>\n<p><a href=\"https:\/\/www.instagram.com\/p\/CyVRSYEsIwL\/\">https:\/\/www.instagram.com\/p\/CyVRSYEsIwL\/<\/a><\/p>\n<p><span style=\"font-weight: 400;\"><strong>Tento sen mal v\u0161ak kr\u00e1tke trvanie, lebo u\u017e po roku sa s t\u00edmom rozl\u00fa\u010dil a znamenalo to pre\u0148ho koniec kari\u00e9ry na ceste.<\/strong> A majster sa za\u010dal pripravova\u0165 aj na svoju labutiu piese\u0148 v ob\u013e\u00fabenej discipl\u00edne. Nov\u00fd t\u00edm, nov\u00e9 dresy, sponzoring. Toto v\u0161etko malo vyvrcholi\u0165 tam, kde to v\u0161etko za\u010dalo \u2013 v T\u00e1bore.\u00a0<\/span><\/p>\n<div id='gallery-1' class='gallery galleryid-18747 gallery-columns-2 gallery-size-full'><figure class='gallery-item'>\n\t\t\t<div class='gallery-icon landscape'>\n\t\t\t\t<a href='https:\/\/d2p6e6u75xmxt8.cloudfront.net\/4\/2024\/02\/02.webp'><img loading=\"lazy\" decoding=\"async\" width=\"990\" height=\"660\" src=\"https:\/\/d2p6e6u75xmxt8.cloudfront.net\/4\/2024\/02\/02.webp\" class=\"attachment-full size-full\" alt=\"\" srcset=\"https:\/\/d2p6e6u75xmxt8.cloudfront.net\/4\/2024\/02\/02.webp 990w, https:\/\/d2p6e6u75xmxt8.cloudfront.net\/4\/2024\/02\/02-300x200.webp 300w, https:\/\/d2p6e6u75xmxt8.cloudfront.net\/4\/2024\/02\/02-768x512.webp 768w, https:\/\/d2p6e6u75xmxt8.cloudfront.net\/4\/2024\/02\/02-400x267.webp 400w, https:\/\/d2p6e6u75xmxt8.cloudfront.net\/4\/2024\/02\/02-272x182.webp 272w\" sizes=\"auto, (max-width: 990px) 100vw, 990px\" \/><\/a>\n\t\t\t<\/div><\/figure><figure class='gallery-item'>\n\t\t\t<div class='gallery-icon landscape'>\n\t\t\t\t<a href='https:\/\/d2p6e6u75xmxt8.cloudfront.net\/4\/2024\/02\/03.webp'><img loading=\"lazy\" decoding=\"async\" width=\"990\" height=\"660\" src=\"https:\/\/d2p6e6u75xmxt8.cloudfront.net\/4\/2024\/02\/03.webp\" class=\"attachment-full size-full\" alt=\"Zden\u011bk \u0160tybar\" srcset=\"https:\/\/d2p6e6u75xmxt8.cloudfront.net\/4\/2024\/02\/03.webp 990w, https:\/\/d2p6e6u75xmxt8.cloudfront.net\/4\/2024\/02\/03-300x200.webp 300w, https:\/\/d2p6e6u75xmxt8.cloudfront.net\/4\/2024\/02\/03-768x512.webp 768w, https:\/\/d2p6e6u75xmxt8.cloudfront.net\/4\/2024\/02\/03-400x267.webp 400w, https:\/\/d2p6e6u75xmxt8.cloudfront.net\/4\/2024\/02\/03-272x182.webp 272w\" sizes=\"auto, (max-width: 990px) 100vw, 990px\" \/><\/a>\n\t\t\t<\/div><\/figure>\n\t\t<\/div>\n\n<p><span style=\"font-weight: 400;\">Hoci sa mu \u0161tart nevydaril pod\u013ea predst\u00e1v, postupne sa prepracov\u00e1val po\u013eom dopredu. <strong>S\u00e9ria nieko\u013ek\u00fdch ch\u00fdb ho v\u0161ak st\u00e1la umiestnenie a napokon sa musel uspokoji\u0165 s 31. miestom.<\/strong> Pod\u013ea svojich slov si v\u0161ak nevedel predstavi\u0165 kraj\u0161iu rozl\u00fa\u010dku a v bud\u00facnosti si jazdu na bicykli m\u00f4\u017ee kone\u010dne u\u017ei\u0165 naplno a bez stresov. Z cyklistiky v\u0161ak, na\u0161\u0165astie, neodch\u00e1dza.<\/span><\/p>\n<p><span style=\"font-weight: 400;\"> O d\u00f4vod na rados\u0165 naviac m\u00e1me vo We Love Cycling, ke\u010f\u017ee <strong>zakotv\u00ed pr\u00e1ve tu a na \u010deskej verzii str\u00e1nky bude zast\u00e1va\u0165 rolu experta.<\/strong> A ma\u0165 tak\u00fato posilu, to u\u017e je nie\u010do!<\/span><\/p>\n<p><span style=\"font-weight: 400;\">Zdroj fotografi\u00ed: Filip Bezd\u011bk<\/span><\/p>\n","protected":false},"excerpt":{"rendered":"<p>Je jasn\u00e9, \u017ee mno\u017estvo Pe\u0165ov\u00fdch najskalnej\u0161\u00edch fan\u00fa\u0161ikov v tomto momente mo\u017eno za\u017em\u00fari o\u010di, no jedna vec je ist\u00e1 \u2013 Zden\u011bk [&hellip;]<\/p>\n","protected":false},"author":172,"featured_media":18753,"comment_status":"open","ping_status":"open","sticky":false,"template":"","format":"standard","meta":{"footnotes":""},"categories":[4],"tags":[540,115,597,546,582,268,481,176,885,900],"global-categories":[1074],"class_list":["post-18747","post","type-post","status-publish","format-standard","has-post-thumbnail","hentry","category-cestna-cyklisitika","tag-ceska-republika","tag-cestna-cyklistika","tag-cyklista","tag-cyklistika","tag-cyklokros","tag-grand-tour","tag-majstrovstva","tag-peloton","tag-profesional","tag-zdenek-stybar","global-categories-cycling"],"yoast_head":"<!-- This site is optimized with the Yoast SEO Premium plugin v25.3 (Yoast SEO v25.9) - https:\/\/yoast.com\/wordpress\/plugins\/seo\/ -->\n<title>Zden\u011bk \u0160tybar - \u010desk\u00fd Peter Sagan? - \u0160koda We Love Cycling Slovensko<\/title>\n<meta name=\"description\" content=\"Zden\u011bk \u0160tybar s Pe\u0165om Saganom toho zdie\u013ea viac, ne\u017e by sa mohlo zda\u0165 a patr\u00ed medzi najv\u00fdraznej\u0161ie osobnosti \u010deskej cyklistiky.\" \/>\n<meta name=\"robots\" content=\"index, follow, max-snippet:-1, max-image-preview:large, max-video-preview:-1\" \/>\n<link rel=\"canonical\" href=\"https:\/\/www.welovecycling.com\/sk\/2024\/02\/22\/zdenek-stybar-cesky-peter-sagan\/\" \/>\n<meta property=\"og:locale\" content=\"sk_SK\" \/>\n<meta property=\"og:type\" content=\"article\" \/>\n<meta property=\"og:title\" content=\"Zden\u011bk \u0160tybar - \u010desk\u00fd Peter Sagan?\" \/>\n<meta property=\"og:description\" content=\"Zden\u011bk \u0160tybar s Pe\u0165om Saganom toho zdie\u013ea viac, ne\u017e by sa mohlo zda\u0165 a patr\u00ed medzi najv\u00fdraznej\u0161ie osobnosti \u010deskej cyklistiky.\" \/>\n<meta property=\"og:url\" content=\"https:\/\/www.welovecycling.com\/sk\/2024\/02\/22\/zdenek-stybar-cesky-peter-sagan\/\" \/>\n<meta property=\"og:site_name\" content=\"\u0160koda We Love Cycling Slovensko\" \/>\n<meta property=\"article:published_time\" content=\"2024-02-22T16:33:34+00:00\" \/>\n<meta property=\"og:image\" content=\"https:\/\/d2p6e6u75xmxt8.cloudfront.net\/4\/2024\/02\/Titulka.webp\" \/>\n\t<meta property=\"og:image:width\" content=\"990\" \/>\n\t<meta property=\"og:image:height\" content=\"660\" \/>\n\t<meta property=\"og:image:type\" content=\"image\/webp\" \/>\n<meta name=\"author\" content=\"dominika\" \/>\n<meta name=\"twitter:card\" content=\"summary_large_image\" \/>\n<meta name=\"twitter:label1\" content=\"Written by\" \/>\n\t<meta name=\"twitter:data1\" content=\"We Love Cycling\" \/>\n\t<meta name=\"twitter:label2\" content=\"Est. reading time\" \/>\n\t<meta name=\"twitter:data2\" content=\"3\" \/>\n<script type=\"application\/ld+json\" class=\"yoast-schema-graph\">{\"@context\":\"https:\/\/schema.org\",\"@graph\":[{\"@type\":\"WebPage\",\"@id\":\"https:\/\/www.welovecycling.com\/sk\/2024\/02\/22\/zdenek-stybar-cesky-peter-sagan\/\",\"url\":\"https:\/\/www.welovecycling.com\/sk\/2024\/02\/22\/zdenek-stybar-cesky-peter-sagan\/\",\"name\":\"Zden\u011bk \u0160tybar - \u010desk\u00fd Peter Sagan? - \u0160koda We Love Cycling Slovensko\",\"isPartOf\":{\"@id\":\"https:\/\/www.welovecycling.com\/sk\/#website\"},\"primaryImageOfPage\":{\"@id\":\"https:\/\/www.welovecycling.com\/sk\/2024\/02\/22\/zdenek-stybar-cesky-peter-sagan\/#primaryimage\"},\"image\":{\"@id\":\"https:\/\/www.welovecycling.com\/sk\/2024\/02\/22\/zdenek-stybar-cesky-peter-sagan\/#primaryimage\"},\"thumbnailUrl\":\"https:\/\/d2p6e6u75xmxt8.cloudfront.net\/4\/2024\/02\/Titulka.webp\",\"datePublished\":\"2024-02-22T16:33:34+00:00\",\"author\":{\"@id\":\"https:\/\/www.welovecycling.com\/sk\/#\/schema\/person\/533b62b98b6c41bd5135ebfb1f742624\"},\"description\":\"Zden\u011bk \u0160tybar s Pe\u0165om Saganom toho zdie\u013ea viac, ne\u017e by sa mohlo zda\u0165 a patr\u00ed medzi najv\u00fdraznej\u0161ie osobnosti \u010deskej cyklistiky.\",\"breadcrumb\":{\"@id\":\"https:\/\/www.welovecycling.com\/sk\/2024\/02\/22\/zdenek-stybar-cesky-peter-sagan\/#breadcrumb\"},\"inLanguage\":\"sk-SK\",\"potentialAction\":[{\"@type\":\"ReadAction\",\"target\":[\"https:\/\/www.welovecycling.com\/sk\/2024\/02\/22\/zdenek-stybar-cesky-peter-sagan\/\"]}]},{\"@type\":\"ImageObject\",\"inLanguage\":\"sk-SK\",\"@id\":\"https:\/\/www.welovecycling.com\/sk\/2024\/02\/22\/zdenek-stybar-cesky-peter-sagan\/#primaryimage\",\"url\":\"https:\/\/d2p6e6u75xmxt8.cloudfront.net\/4\/2024\/02\/Titulka.webp\",\"contentUrl\":\"https:\/\/d2p6e6u75xmxt8.cloudfront.net\/4\/2024\/02\/Titulka.webp\",\"width\":990,\"height\":660},{\"@type\":\"BreadcrumbList\",\"@id\":\"https:\/\/www.welovecycling.com\/sk\/2024\/02\/22\/zdenek-stybar-cesky-peter-sagan\/#breadcrumb\",\"itemListElement\":[{\"@type\":\"ListItem\",\"position\":1,\"name\":\"Home\",\"item\":\"https:\/\/www.welovecycling.com\/sk\/\"},{\"@type\":\"ListItem\",\"position\":2,\"name\":\"Zden\u011bk \u0160tybar &#8211; \u010desk\u00fd Peter Sagan?\"}]},{\"@type\":\"WebSite\",\"@id\":\"https:\/\/www.welovecycling.com\/sk\/#website\",\"url\":\"https:\/\/www.welovecycling.com\/sk\/\",\"name\":\"\u0160koda We Love Cycling Slovensko\",\"description\":\"\u0160koda We Love Cycling Slovensko je v\u00e1\u0161 ka\u017edodenn\u00fd zdroj noviniek a in\u0161pir\u00e1cie z sveta cyklistiky\",\"potentialAction\":[{\"@type\":\"SearchAction\",\"target\":{\"@type\":\"EntryPoint\",\"urlTemplate\":\"https:\/\/www.welovecycling.com\/sk\/?s={search_term_string}\"},\"query-input\":{\"@type\":\"PropertyValueSpecification\",\"valueRequired\":true,\"valueName\":\"search_term_string\"}}],\"inLanguage\":\"sk-SK\"},{\"@type\":\"Person\",\"@id\":\"https:\/\/www.welovecycling.com\/sk\/#\/schema\/person\/533b62b98b6c41bd5135ebfb1f742624\",\"name\":\"dominika\",\"image\":{\"@type\":\"ImageObject\",\"inLanguage\":\"sk-SK\",\"@id\":\"https:\/\/www.welovecycling.com\/sk\/#\/schema\/person\/image\/\",\"url\":\"https:\/\/secure.gravatar.com\/avatar\/ded6f274ba2ec3e17fff153f7d9d96a4b33c2cb63907f75d9a5309c599a7f3e6?s=96&d=mm&r=g\",\"contentUrl\":\"https:\/\/secure.gravatar.com\/avatar\/ded6f274ba2ec3e17fff153f7d9d96a4b33c2cb63907f75d9a5309c599a7f3e6?s=96&d=mm&r=g\",\"caption\":\"dominika\"},\"url\":\"https:\/\/www.welovecycling.com\/sk\/author\/dominika\/\"}]}<\/script>\n<!-- \/ Yoast SEO Premium plugin. -->","yoast_head_json":{"title":"Zden\u011bk \u0160tybar - \u010desk\u00fd Peter Sagan? - \u0160koda We Love Cycling Slovensko","description":"Zden\u011bk \u0160tybar s Pe\u0165om Saganom toho zdie\u013ea viac, ne\u017e by sa mohlo zda\u0165 a patr\u00ed medzi najv\u00fdraznej\u0161ie osobnosti \u010deskej cyklistiky.","robots":{"index":"index","follow":"follow","max-snippet":"max-snippet:-1","max-image-preview":"max-image-preview:large","max-video-preview":"max-video-preview:-1"},"canonical":"https:\/\/www.welovecycling.com\/sk\/2024\/02\/22\/zdenek-stybar-cesky-peter-sagan\/","og_locale":"sk_SK","og_type":"article","og_title":"Zden\u011bk \u0160tybar - \u010desk\u00fd Peter Sagan?","og_description":"Zden\u011bk \u0160tybar s Pe\u0165om Saganom toho zdie\u013ea viac, ne\u017e by sa mohlo zda\u0165 a patr\u00ed medzi najv\u00fdraznej\u0161ie osobnosti \u010deskej cyklistiky.","og_url":"https:\/\/www.welovecycling.com\/sk\/2024\/02\/22\/zdenek-stybar-cesky-peter-sagan\/","og_site_name":"\u0160koda We Love Cycling Slovensko","article_published_time":"2024-02-22T16:33:34+00:00","og_image":[{"width":990,"height":660,"url":"https:\/\/d2p6e6u75xmxt8.cloudfront.net\/4\/2024\/02\/Titulka.webp","type":"image\/webp"}],"author":"dominika","twitter_card":"summary_large_image","twitter_misc":{"Written by":"We Love Cycling","Est. reading time":"3"},"schema":{"@context":"https:\/\/schema.org","@graph":[{"@type":"WebPage","@id":"https:\/\/www.welovecycling.com\/sk\/2024\/02\/22\/zdenek-stybar-cesky-peter-sagan\/","url":"https:\/\/www.welovecycling.com\/sk\/2024\/02\/22\/zdenek-stybar-cesky-peter-sagan\/","name":"Zden\u011bk \u0160tybar - \u010desk\u00fd Peter Sagan? - \u0160koda We Love Cycling Slovensko","isPartOf":{"@id":"https:\/\/www.welovecycling.com\/sk\/#website"},"primaryImageOfPage":{"@id":"https:\/\/www.welovecycling.com\/sk\/2024\/02\/22\/zdenek-stybar-cesky-peter-sagan\/#primaryimage"},"image":{"@id":"https:\/\/www.welovecycling.com\/sk\/2024\/02\/22\/zdenek-stybar-cesky-peter-sagan\/#primaryimage"},"thumbnailUrl":"https:\/\/d2p6e6u75xmxt8.cloudfront.net\/4\/2024\/02\/Titulka.webp","datePublished":"2024-02-22T16:33:34+00:00","author":{"@id":"https:\/\/www.welovecycling.com\/sk\/#\/schema\/person\/533b62b98b6c41bd5135ebfb1f742624"},"description":"Zden\u011bk \u0160tybar s Pe\u0165om Saganom toho zdie\u013ea viac, ne\u017e by sa mohlo zda\u0165 a patr\u00ed medzi najv\u00fdraznej\u0161ie osobnosti \u010deskej cyklistiky.","breadcrumb":{"@id":"https:\/\/www.welovecycling.com\/sk\/2024\/02\/22\/zdenek-stybar-cesky-peter-sagan\/#breadcrumb"},"inLanguage":"sk-SK","potentialAction":[{"@type":"ReadAction","target":["https:\/\/www.welovecycling.com\/sk\/2024\/02\/22\/zdenek-stybar-cesky-peter-sagan\/"]}]},{"@type":"ImageObject","inLanguage":"sk-SK","@id":"https:\/\/www.welovecycling.com\/sk\/2024\/02\/22\/zdenek-stybar-cesky-peter-sagan\/#primaryimage","url":"https:\/\/d2p6e6u75xmxt8.cloudfront.net\/4\/2024\/02\/Titulka.webp","contentUrl":"https:\/\/d2p6e6u75xmxt8.cloudfront.net\/4\/2024\/02\/Titulka.webp","width":990,"height":660},{"@type":"BreadcrumbList","@id":"https:\/\/www.welovecycling.com\/sk\/2024\/02\/22\/zdenek-stybar-cesky-peter-sagan\/#breadcrumb","itemListElement":[{"@type":"ListItem","position":1,"name":"Home","item":"https:\/\/www.welovecycling.com\/sk\/"},{"@type":"ListItem","position":2,"name":"Zden\u011bk \u0160tybar &#8211; \u010desk\u00fd Peter Sagan?"}]},{"@type":"WebSite","@id":"https:\/\/www.welovecycling.com\/sk\/#website","url":"https:\/\/www.welovecycling.com\/sk\/","name":"\u0160koda We Love Cycling Slovensko","description":"\u0160koda We Love Cycling Slovensko je v\u00e1\u0161 ka\u017edodenn\u00fd zdroj noviniek a in\u0161pir\u00e1cie z sveta cyklistiky","potentialAction":[{"@type":"SearchAction","target":{"@type":"EntryPoint","urlTemplate":"https:\/\/www.welovecycling.com\/sk\/?s={search_term_string}"},"query-input":{"@type":"PropertyValueSpecification","valueRequired":true,"valueName":"search_term_string"}}],"inLanguage":"sk-SK"},{"@type":"Person","@id":"https:\/\/www.welovecycling.com\/sk\/#\/schema\/person\/533b62b98b6c41bd5135ebfb1f742624","name":"dominika","image":{"@type":"ImageObject","inLanguage":"sk-SK","@id":"https:\/\/www.welovecycling.com\/sk\/#\/schema\/person\/image\/","url":"https:\/\/secure.gravatar.com\/avatar\/ded6f274ba2ec3e17fff153f7d9d96a4b33c2cb63907f75d9a5309c599a7f3e6?s=96&d=mm&r=g","contentUrl":"https:\/\/secure.gravatar.com\/avatar\/ded6f274ba2ec3e17fff153f7d9d96a4b33c2cb63907f75d9a5309c599a7f3e6?s=96&d=mm&r=g","caption":"dominika"},"url":"https:\/\/www.welovecycling.com\/sk\/author\/dominika\/"}]}},"_links":{"self":[{"href":"https:\/\/www.welovecycling.com\/sk\/wp-json\/wp\/v2\/posts\/18747","targetHints":{"allow":["GET"]}}],"collection":[{"href":"https:\/\/www.welovecycling.com\/sk\/wp-json\/wp\/v2\/posts"}],"about":[{"href":"https:\/\/www.welovecycling.com\/sk\/wp-json\/wp\/v2\/types\/post"}],"author":[{"embeddable":true,"href":"https:\/\/www.welovecycling.com\/sk\/wp-json\/wp\/v2\/users\/172"}],"replies":[{"embeddable":true,"href":"https:\/\/www.welovecycling.com\/sk\/wp-json\/wp\/v2\/comments?post=18747"}],"version-history":[{"count":10,"href":"https:\/\/www.welovecycling.com\/sk\/wp-json\/wp\/v2\/posts\/18747\/revisions"}],"predecessor-version":[{"id":18761,"href":"https:\/\/www.welovecycling.com\/sk\/wp-json\/wp\/v2\/posts\/18747\/revisions\/18761"}],"wp:featuredmedia":[{"embeddable":true,"href":"https:\/\/www.welovecycling.com\/sk\/wp-json\/wp\/v2\/media\/18753"}],"wp:attachment":[{"href":"https:\/\/www.welovecycling.com\/sk\/wp-json\/wp\/v2\/media?parent=18747"}],"wp:term":[{"taxonomy":"category","embeddable":true,"href":"https:\/\/www.welovecycling.com\/sk\/wp-json\/wp\/v2\/categories?post=18747"},{"taxonomy":"post_tag","embeddable":true,"href":"https:\/\/www.welovecycling.com\/sk\/wp-json\/wp\/v2\/tags?post=18747"},{"taxonomy":"global-categories","embeddable":true,"href":"https:\/\/www.welovecycling.com\/sk\/wp-json\/wp\/v2\/global-categories?post=18747"}],"curies":[{"name":"wp","href":"https:\/\/api.w.org\/{rel}","templated":true}]}}