{"id":1870,"date":"2017-07-31T18:51:23","date_gmt":"2017-07-31T16:51:23","guid":{"rendered":"https:\/\/www.welovecycling.com\/sk\/?p=1870"},"modified":"2023-04-14T12:11:08","modified_gmt":"2023-04-14T10:11:08","slug":"reportaz-skoda-stupava-trophy-rychle-horuce-4-kolo","status":"publish","type":"post","link":"https:\/\/www.welovecycling.com\/sk\/2017\/07\/31\/reportaz-skoda-stupava-trophy-rychle-horuce-4-kolo\/","title":{"rendered":"REPORT\u00c1\u017d: \u0160koda STUPAVA TROPHY \u2013 r\u00fdchle a hor\u00face 4. kolo + FOTKY"},"content":{"rendered":"<p><strong>V porad\u00ed \u0161tvrt\u00e9 kolo \u0160BOT u\u017e tradi\u010dne pon\u00faklo r\u00fdchlu tra\u0165 a rovnako mo\u017enos\u0165 v\u00fdrazne si vylep\u0161i\u0165 cyklistick\u00e9 op\u00e1lenie. Samozrejme, to z\u010faleka nebolo v\u0161etko.<\/strong><!--more--><\/p>\n<p>Stupava op\u00e4\u0165 \u201en\u00fati\u201c k skor\u0161iemu bud\u00ed\u010dku, no cesta zo \u017diliny ubieha ako po masle. E\u0161te r\u00e1no je u n\u00e1s \u010derstvo po da\u017edi a chv\u00edle spr\u00edjem\u0148uje pomerne hust\u00e1 hmla, ktor\u00e1 sa ale pri Ilave men\u00ed na az\u00faro \u2013 na \u010dom sa u\u017e n\u00e1sledne ni\u010d nemen\u00ed. Parkujem na klasickom mieste a mierim do \u201emarat\u00f3nskej dedinky\u201c. Okolo ve\u013ek\u00e9ho centr\u00e1lneho stanu sa vytvorilo tak\u00e9 men\u0161ie expo a \u013eudia postupne prib\u00fadaj\u00fa.<\/p>\n<p>Registr\u00e1cia prebehne bez probl\u00e9mov a za chv\u00ed\u013eu u\u017e m\u00e1m v ruk\u00e1ch v\u0161etko potrebn\u00e9. Ani sa nenazd\u00e1m a je tu skoro plno. Ve\u013ek\u00fa \u010das\u0165 tvor\u00ed doprovod pretek\u00e1rov, preto\u017ee v\u010faka r\u00f4znym akci\u00e1m sa po\u010das \u010dakania nudi\u0165 nebud\u00fa. E\u0161te nie je \u010das na \u201ez\u00e1bavu\u201c a je potrebn\u00e9 si nachysta\u0165 v\u0161etko potrebn\u00e9. Hlavne pitie sa bude ur\u010dite hodi\u0165 na dne\u0161n\u00fdch 105 km s prev\u00fd\u0161en\u00edm cez 3 000 m \u2013 navy\u0161e v tom v\u00fdpeku, ktor\u00fd sa u\u017e na n\u00e1s chyst\u00e1. E\u0161te sa stihnem trochu previez\u0165, pozdravi\u0165 kamar\u00e1tov a pomaly sa staviam na \u0161tart.<\/p>\n<div id='gallery-1' class='gallery galleryid-1870 gallery-columns-2 gallery-size-full'><figure class='gallery-item'>\n\t\t\t<div class='gallery-icon landscape'>\n\t\t\t\t<a href='https:\/\/d2p6e6u75xmxt8.cloudfront.net\/4\/2017\/07\/008.webp'><img loading=\"lazy\" decoding=\"async\" width=\"1024\" height=\"684\" src=\"https:\/\/d2p6e6u75xmxt8.cloudfront.net\/4\/2017\/07\/008.webp\" class=\"attachment-full size-full\" alt=\"\" srcset=\"https:\/\/d2p6e6u75xmxt8.cloudfront.net\/4\/2017\/07\/008.webp 1024w, https:\/\/d2p6e6u75xmxt8.cloudfront.net\/4\/2017\/07\/008-300x200.webp 300w, https:\/\/d2p6e6u75xmxt8.cloudfront.net\/4\/2017\/07\/008-768x513.webp 768w, https:\/\/d2p6e6u75xmxt8.cloudfront.net\/4\/2017\/07\/008-272x182.webp 272w\" sizes=\"auto, (max-width: 1024px) 100vw, 1024px\" \/><\/a>\n\t\t\t<\/div><\/figure><figure class='gallery-item'>\n\t\t\t<div class='gallery-icon landscape'>\n\t\t\t\t<a href='https:\/\/d2p6e6u75xmxt8.cloudfront.net\/4\/2017\/07\/049.webp'><img loading=\"lazy\" decoding=\"async\" width=\"1024\" height=\"684\" src=\"https:\/\/d2p6e6u75xmxt8.cloudfront.net\/4\/2017\/07\/049.webp\" class=\"attachment-full size-full\" alt=\"\" srcset=\"https:\/\/d2p6e6u75xmxt8.cloudfront.net\/4\/2017\/07\/049.webp 1024w, https:\/\/d2p6e6u75xmxt8.cloudfront.net\/4\/2017\/07\/049-300x200.webp 300w, https:\/\/d2p6e6u75xmxt8.cloudfront.net\/4\/2017\/07\/049-768x513.webp 768w, https:\/\/d2p6e6u75xmxt8.cloudfront.net\/4\/2017\/07\/049-272x182.webp 272w\" sizes=\"auto, (max-width: 1024px) 100vw, 1024px\" \/><\/a>\n\t\t\t<\/div><\/figure>\n\t\t<\/div>\n\n<h2><strong>S rozvahou<\/strong><\/h2>\n<p>Na tomto marat\u00f3ne som za z\u00fa\u010dastnil u\u017e ve\u013eakr\u00e1t, no \u010do si pam\u00e4t\u00e1m, v\u017edy tu bolo ve\u013emi teplo a v\u017edy som robil t\u00fa ist\u00fa chybu \u2013 prep\u00e1lil za\u010diatok a n\u00e1sledne sa v druhej polovici upiekol a ledva motal nohami. Dnes d\u00e1vam \u201eego\u201c bokom a \u00favod p\u00f4jdem jednoducho v \u201epohodovej\u0161om\u201c tempe &#8211; uvid\u00edm, \u010do to sprav\u00ed. O 9:00 teda vyr\u00e1\u017eame, klasika po asfaltke, smer Borinka. To\u010d\u00edme a za\u010d\u00edna tradi\u010dn\u00e9 st\u00fapanie po paneloch, kde m\u00f4\u017eem hne\u010f aplikova\u0165 svoju strat\u00e9giu :): <em>\u201eHlavne sa zbyto\u010dne nepla\u0161, spome\u0148 si na t\u00fa saunu \u010do pr\u00edde potom\u201c<\/em>.<\/p>\n<p>Evidentne to ide pod\u013ea predst\u00e1v, preto\u017ee kamar\u00e1t Adam sa ma p\u00fdta, \u010di sa mi ide dobre a \u010di mi nie\u010do nie je :). Let\u00edme teda po \u0161irok\u00fdch cest\u00e1ch v pomerne ve\u013ekej skupine a zbiehame na asfaltov\u00fa cestu. Na 10. kilometri za\u010d\u00edna pomerne strm\u00e9 st\u00fapanie na Kamz\u00edk, kde u\u017e za\u010d\u00ednam viac tla\u010di\u0165 do ped\u00e1lov a postupne sa vz\u010fa\u013eujem. Toto st\u00fapanie je naozaj pekn\u00e9, strm\u00e9 a pln\u00e9 kame\u0148ov \u2013 tak\u00e9 trochu mimo klasick\u00fd charakter trate kde s\u00fa chodn\u00ed\u010dky v lese sk\u00f4r vyhladen\u00e9.<\/p>\n<p>Navy\u0161e z vrcholu vedie super singl\u00e1\u010d, ktor\u00fd miestny bikeri maj\u00fa ur\u010dite dokonale najazden\u00fd. Ja jednu z\u00e1krutu \u201eprestrel\u00edm\u201c, ale inak v\u0161etko v poriadku a val\u00edm \u010falej. Nasleduje \u010fal\u0161\u00ed trail s pr\u00edvlastkom \u201e\u0161liapav\u00fd\u201c, kde si trochu vyd\u00fdchnem, tak\u017ee op\u00e4\u0165 m\u00e1m za sebou nejak\u00fa spolo\u010dnos\u0165. Tentoraz kamar\u00e1t Ri\u0161o a jeden jazdec, ktor\u00e9ho nespozn\u00e1vam, ale ktor\u00fd sa ma odteraz dr\u017e\u00ed ako klie\u0161\u0165.<\/p>\n<p>To u\u017e naber\u00e1me metre v dlhom tiahlom st\u00fapan\u00ed popri potoku, men\u0161\u00ed zjazd, st\u00fapanie a prech\u00e1dzame cez bufet na Bielom Kr\u00ed\u017ei. Teda e\u0161te predt\u00fdm sme si trochu museli \u201erazi\u0165\u201c cestu na \u00fazkom chodn\u00ed\u010dku cez partiu d\u00f4chodcov, ktor\u00ed boli pretekmi mierne zasko\u010den\u00ed :). Dr\u017e\u00edm si tempo a dobieham \u010fal\u0161\u00edch&#8230;<\/p>\n<div id='gallery-2' class='gallery galleryid-1870 gallery-columns-2 gallery-size-full'><figure class='gallery-item'>\n\t\t\t<div class='gallery-icon landscape'>\n\t\t\t\t<a href='https:\/\/d2p6e6u75xmxt8.cloudfront.net\/4\/2017\/07\/186.webp'><img loading=\"lazy\" decoding=\"async\" width=\"1024\" height=\"684\" src=\"https:\/\/d2p6e6u75xmxt8.cloudfront.net\/4\/2017\/07\/186.webp\" class=\"attachment-full size-full\" alt=\"\" srcset=\"https:\/\/d2p6e6u75xmxt8.cloudfront.net\/4\/2017\/07\/186.webp 1024w, https:\/\/d2p6e6u75xmxt8.cloudfront.net\/4\/2017\/07\/186-300x200.webp 300w, https:\/\/d2p6e6u75xmxt8.cloudfront.net\/4\/2017\/07\/186-768x513.webp 768w, https:\/\/d2p6e6u75xmxt8.cloudfront.net\/4\/2017\/07\/186-272x182.webp 272w\" sizes=\"auto, (max-width: 1024px) 100vw, 1024px\" \/><\/a>\n\t\t\t<\/div><\/figure><figure class='gallery-item'>\n\t\t\t<div class='gallery-icon landscape'>\n\t\t\t\t<a href='https:\/\/d2p6e6u75xmxt8.cloudfront.net\/4\/2017\/07\/198.webp'><img loading=\"lazy\" decoding=\"async\" width=\"1024\" height=\"684\" src=\"https:\/\/d2p6e6u75xmxt8.cloudfront.net\/4\/2017\/07\/198.webp\" class=\"attachment-full size-full\" alt=\"\" srcset=\"https:\/\/d2p6e6u75xmxt8.cloudfront.net\/4\/2017\/07\/198.webp 1024w, https:\/\/d2p6e6u75xmxt8.cloudfront.net\/4\/2017\/07\/198-300x200.webp 300w, https:\/\/d2p6e6u75xmxt8.cloudfront.net\/4\/2017\/07\/198-768x513.webp 768w, https:\/\/d2p6e6u75xmxt8.cloudfront.net\/4\/2017\/07\/198-272x182.webp 272w\" sizes=\"auto, (max-width: 1024px) 100vw, 1024px\" \/><\/a>\n\t\t\t<\/div><\/figure>\n\t\t<\/div>\n\n<p>&nbsp;<\/p>\n<h2><strong>Nekone\u010dn\u00fd hor\u00faci asfalt<\/strong><\/h2>\n<p>\u010cakaj\u00fa n\u00e1s tak\u00e9 hore-dole \u00faseky a za nimi trochu dlh\u0161ia zv\u00e1\u017enica. St\u00e1le m\u00e1m doslova na kolese nalepen\u00e9ho jazdca v zeleno-modrom drese, ktor\u00fd sa za m\u0148a schov\u00e1va, kde len m\u00f4\u017ee. P\u00e1rkr\u00e1t mu aj nie\u010do hovor\u00edm, ke\u010f u\u017e sme takto \u201ev kontakte\u201c, no reakcia \u017eiadna. A\u017e po nejakom \u010dase z neho vypadne veta: <em>\u201cIch verstehe nicht\u201c<\/em>. Tak u\u017e je to jasn\u00e9 a prep\u00ednam do medzin\u00e1rodn\u00e9ho m\u00f3du :).<\/p>\n<p>Medzit\u00fdm doslova zlet\u00edme dlh\u00fdm a r\u00fdchlym zjazdom po zv\u00e1\u017enici, kde sa r\u00fdchlos\u0165 neraz prehupla aj cez 70 km\/h a\u017e skoro k Limbachu. To\u010d\u00edme do\u013eava na nepr\u00edjemn\u00e9 asfaltov\u00e9 st\u00fapanie. Neviem pre\u010do, ale naozaj ho nem\u00e1m r\u00e1d, e\u0161te je takmer poludnie, tak\u017ee tie\u0148 nikde. Rak\u00fa\u0161an za moj\u00edm kolesom st\u00e1le fun\u00ed, akoby mal za chv\u00ed\u013eu odpadn\u00fa\u0165 z bicykla a v tom protivetre mi na celej ceste nevystrieda ani na sekundu. O to viac ma prekvap\u00ed, ke\u010f mi tesne pred vrcholom a bufetom za\u010dne \u201ecuka\u0165\u201c :). No ve\u010f po\u010dkaj&#8230; Na bufete beriem hlavne ion\u0165\u00e1k a do vrecka ban\u00e1ny, dop\u013a\u0148am nimi ty\u010dinky a g\u00e9ly, z ktor\u00fdch do seba za hodinu jazdy d\u00e1vam po jednom kuse.<\/p>\n<div class=\"shortcode-ys-post-pinup\"><article class=\"loop-simple post-1921 post type-post status-publish format-gallery has-post-thumbnail hentry category-mtb category-podujatia category-sbot tag-fotogaleria tag-igor-petrilla tag-sbot tag-skoda-stupava-trophy tag-stupava post_format-post-format-gallery\" data-postid=\"1921\" role=\"article\" data-post-id=\"1921\" data-headline-length=\"54\" data-category=\"MTB\" data-author=\"We Love Cycling\" data-published=\"2017-07-31T17:16:30+02:00\" data-published-day=\"Monday\">\n    <div class=\"entry-thumbnail article-thumbnail\" content=\"https:\/\/d2p6e6u75xmxt8.cloudfront.net\/4\/2017\/08\/stupava-cover3-petrilla-150x150.webp\"><a href=\"https:\/\/www.welovecycling.com\/sk\/2017\/07\/31\/skoda-stupava-trophy-foto-igor-petrilla\/\" class=\"image-holder\" target=\"_self\"><img decoding=\"async\" loading=\"lazy\" class=\"\" src=\"https:\/\/d2p6e6u75xmxt8.cloudfront.net\/4\/2017\/08\/stupava-cover3-petrilla-1024x447.webp\" srcset=\"https:\/\/d2p6e6u75xmxt8.cloudfront.net\/4\/2017\/08\/stupava-cover3-petrilla.webp 1375w, https:\/\/d2p6e6u75xmxt8.cloudfront.net\/4\/2017\/08\/stupava-cover3-petrilla-300x131.webp 300w, https:\/\/d2p6e6u75xmxt8.cloudfront.net\/4\/2017\/08\/stupava-cover3-petrilla-1024x447.webp 1024w, https:\/\/d2p6e6u75xmxt8.cloudfront.net\/4\/2017\/08\/stupava-cover3-petrilla-768x335.webp 768w\" width=\"1024\" height=\"447\" sizes=\"auto, (min-width: 1200px) 458px, (min-width: 768px) 38vw, 100vw\" alt=\"skoda-stupava-trophy-foto-igor-petrilla\"\/><\/a><\/div>    <div class=\"entry-meta\">\n        <a class=\"label label-secondary post-category\" href=\"https:\/\/www.welovecycling.com\/sk\/category\/mtb\/\" title=\"MTB\">MTB<\/a>\n    <\/div>\n    <div class=\"entry-details\">\n        <a href=\"https:\/\/www.welovecycling.com\/sk\/2017\/07\/31\/skoda-stupava-trophy-foto-igor-petrilla\/\" class='entry-title-wrapper'>\n            <h3 class=\"entry-title\"><span>FOTO: \u0160koda STUPAVA TROPHY 2017 &#8211; Igor Petrilla<\/span><\/h3>\n        <\/a>\n    <\/div>\n    <\/article>\n<\/div>\n<p>Ak som doteraz dok\u00e1zal v podstate st\u00e1le dobieha\u0165, po tej asfaltke a v \u010fal\u0161om dlhom kopci trochu spoma\u013eujem. Nem\u00e1m kr\u00edzu, len to u\u017e nejde tak \u201e\u013eahko\u201c. Prihadzujem pre istotu do kotla r\u00fdchlo \u010fal\u0161\u00ed g\u00e9l a ban\u00e1ny. V zjazde robia spolo\u010dnos\u0165 nepr\u00edjemn\u00e9 koryt\u00e1 a ten n\u00e1s privedie na \u010fal\u0161iu asfaltku, t\u00e1 zase k \u010fal\u0161iemu bufetu. Beriem \u201epln\u00fa\u201c a \u010fal\u0161iu hrs\u0165 ban\u00e1nov. St\u00fapanie pokra\u010duje \u010falej, bonusom je skuto\u010dne strm\u00e1 pas\u00e1\u017e, ktor\u00fa najsk\u00f4r pok\u00fa\u0161am v sedle no makadam je proti.<\/p>\n<p>Nakoniec zis\u0165ujem, \u017ee pe\u0161i to bude lep\u0161ie :). Nesk\u00f4r prich\u00e1dza \u010fal\u0161ia stojka, kde aplikujem podobn\u00fa strat\u00e9giu a ktor\u00e1 n\u00e1s privedie na Konsk\u00e9 hlavy. Sme na hrebeni, po ktorom pokra\u010dujeme \u010falej a ktor\u00fd minule ukon\u010dil moju p\u00fa\u0165 \u2013 ke\u010f\u017ee som zle odbo\u010dil. Teraz sa pri tej odbo\u010dke len pousmejem a pokra\u010dujem u\u017e spr\u00e1vnou cestou doprava :). Je tu e\u0161te zop\u00e1r v\u00fd\u017eivn\u00fdch st\u00fapan\u00ed, ktor\u00e9 vedia pekne potr\u00e1pi\u0165, no postupne ukrajujem \u010fal\u0161ie a \u010fal\u0161ie v\u00fd\u0161kov\u00e9 metre. Technickej\u0161\u00ed zjazd n\u00e1s privedie na asfaltku a t\u00e1 mierna kles\u00e1 a\u017e k bufetu pri vodnej n\u00e1dr\u017ei Lozorno.<\/p>\n<p>Predposledn\u00fd bufet, znovu \u010dapujem, ale to u\u017e by mala vysta\u010di\u0165 a\u017e do cie\u013ea. Ako op\u00fa\u0161\u0165am bufet dobieha ma kamar\u00e1t Andrej a vytvor\u00edme dvoji\u010dku. \u010cak\u00e1 n\u00e1s e\u0161te 20 km, ktor\u00e9 s\u00fa ale pekne nepr\u00edjemn\u00e9 a vedia dobre potr\u00e1pi\u0165. Najsk\u00f4r m\u00e1m pocit, \u017ee sa Andreja v kopci neudr\u017e\u00edm, no nakoniec si n\u00e1jdem dobr\u00fd rytmus. Spolu zbiehame k malej vodnej n\u00e1dr\u017ei, za ktorou nasleduje tiahla asfaltka.<\/p>\n<p>&nbsp;<\/p>\n<h2><strong>Nov\u00fd impulz<\/strong><\/h2>\n<p>Ako m\u00e1vnut\u00edm z\u00e1zra\u010dn\u00e9ho pr\u00fatika c\u00edtim chu\u0165 sa do toho poriadne oprie\u0165. \u010cakaj\u00fa n\u00e1s strm\u00e9 chodn\u00ed\u010dky cez les, medzit\u00fdm spolo\u010dnos\u0165 robia aj jazdci z krat\u0161ej trasy. Takmer ka\u017ed\u00fd strm\u00fd \u00fasek d\u00e1vam v stoji a na prevode, ktor\u00fd som tu zrejme nikdy nepou\u017eil :). T\u00fdmto \u0161t\u00fdlom o chv\u00ed\u013eu dobieham toho Rak\u00fa\u0161ana aj \u010fal\u0161ieho kamar\u00e1ta a postupne sa im vz\u010fa\u013eujem. Z\u00e1sluhu na tom m\u00e1 aj super partia, ktor\u00e1 povzbudzuje, akoby sme pr\u00e1ve bojovali o titul majstra sveta :). V peknom zjazde do Borinky sa vyd\u00fdcham a regulov\u010d\u00ed\u010dka ma op\u00e4\u0165 posiela do \u201epanelov\u00e9ho\u201c kopca &#8211; zamyk\u00e1m pru\u017eenie a pokra\u010dujem v posilovan\u00ed.<\/p>\n<p>Z\u00e1vere\u010dn\u00e9 km u\u017e naozaj dokonale pozn\u00e1m aj zo zimnej verzie, pozor si d\u00e1vam najm\u00e4 v poslednom singli, ktor\u00fd m\u00e1 na spodku tak\u00e9 odklonen\u00e9 vymlet\u00e9 \u010dasti a kde sa to d\u00e1 naozaj kr\u00e1\u013eovsky \u201ezapichn\u00fa\u0165\u201c. Samozrejme nesmie ch\u00fdba\u0165 brod a z\u00e1vere\u010dn\u00e1 motanica cez are\u00e1l po trati \u201eelimin\u00e1toru\u201c, ktor\u00e1 ma dovedie do cie\u013ea. Nakoniec teda 5:02 hod. a celkov\u00e9 14. miesto. Z v\u00ed\u0165azstva sa nakoniec te\u0161il Karel Hartl v \u010dase 4:27 hod. a odolal ma\u010farsko-rak\u00faskemu n\u00e1poru&#8230;<\/p>\n<div id='gallery-3' class='gallery galleryid-1921 gallery-columns-2 gallery-size-full'><figure class='gallery-item'>\n\t\t\t<div class='gallery-icon landscape'>\n\t\t\t\t<a href='https:\/\/d2p6e6u75xmxt8.cloudfront.net\/4\/2017\/07\/247.webp'><img loading=\"lazy\" decoding=\"async\" width=\"1024\" height=\"684\" src=\"https:\/\/d2p6e6u75xmxt8.cloudfront.net\/4\/2017\/07\/247.webp\" class=\"attachment-full size-full\" alt=\"\" srcset=\"https:\/\/d2p6e6u75xmxt8.cloudfront.net\/4\/2017\/07\/247.webp 1024w, https:\/\/d2p6e6u75xmxt8.cloudfront.net\/4\/2017\/07\/247-300x200.webp 300w, https:\/\/d2p6e6u75xmxt8.cloudfront.net\/4\/2017\/07\/247-768x513.webp 768w, https:\/\/d2p6e6u75xmxt8.cloudfront.net\/4\/2017\/07\/247-272x182.webp 272w\" sizes=\"auto, (max-width: 1024px) 100vw, 1024px\" \/><\/a>\n\t\t\t<\/div><\/figure><figure class='gallery-item'>\n\t\t\t<div class='gallery-icon landscape'>\n\t\t\t\t<a href='https:\/\/d2p6e6u75xmxt8.cloudfront.net\/4\/2017\/07\/248.webp'><img loading=\"lazy\" decoding=\"async\" width=\"1024\" height=\"684\" src=\"https:\/\/d2p6e6u75xmxt8.cloudfront.net\/4\/2017\/07\/248.webp\" class=\"attachment-full size-full\" alt=\"\" srcset=\"https:\/\/d2p6e6u75xmxt8.cloudfront.net\/4\/2017\/07\/248.webp 1024w, https:\/\/d2p6e6u75xmxt8.cloudfront.net\/4\/2017\/07\/248-300x200.webp 300w, https:\/\/d2p6e6u75xmxt8.cloudfront.net\/4\/2017\/07\/248-768x513.webp 768w, https:\/\/d2p6e6u75xmxt8.cloudfront.net\/4\/2017\/07\/248-272x182.webp 272w\" sizes=\"auto, (max-width: 1024px) 100vw, 1024px\" \/><\/a>\n\t\t\t<\/div><\/figure>\n\t\t<\/div>\n\n<p>V\u00fdsledky n\u00e1jdete <a href=\"http:\/\/sportsofttiming.sk\/en\/race\/results\/2252?\">TU<\/a>.<\/p>\n<p>Akon\u00e1hle sa d\u00e1m dokopy, m\u00f4\u017eem si vychutna\u0165 atmosf\u00e9ru, ktor\u00e1 vzh\u013eadom na mno\u017estvo bikerov, centr\u00e1lny stan a prebiehaj\u00face akcie, pripom\u00ednala tak\u00fd mali\u010dk\u00fd festival :). Ve\u013ek\u00fa odozvu mala najm\u00e4 s\u00fa\u0165a\u017e s trialistom J\u00e1nom Ko\u010di\u0161om v preskoku, kde J\u00e1n na\u0161iel ne\u010dakan\u00e9ho premo\u017eite\u013ea a cel\u00e9 to prinieslo poriadnu porciu z\u00e1bavy. Okrem in\u00e9ho ale predviedol aj svoj povestn\u00fa \u201eshow\u201c hodn\u00fa majstra sveta v tejto discipl\u00edne.<\/p>\n<p>Pre deti bola pripraven\u00e1 prek\u00e1\u017ekov\u00e1 dr\u00e1ha a kto mal z\u00e1ujem, mohol nav\u0161t\u00edvi\u0165 aj st\u00e1nok food blogerky <a href=\"https:\/\/www.welovecycling.com\/sk\/2017\/06\/04\/foodlover-sk-menu-raw-cukinove-rezance-mangovo-avokadovym-kremom\/\">Martiny Gr\u0148ovej<\/a> a nie\u010do zauj\u00edmav\u00e9 ochutna\u0165. Cel\u00e9 to zastre\u0161oval moder\u00e1tor Tomaggio, tak\u017ee \u010das do vyhlasovania v\u00fdsledkov ubehol v podstate ako voda. Navy\u0161e nech\u00fdbala tradi\u010dne ve\u013emi bohat\u00e1 tombola o bicykel. \u010co ma pote\u0161ilo, bolo mno\u017estvo um\u00fdvac\u00edch boxov a bike som si mohol umy\u0165 v podstate lep\u0161ie ako doma.<\/p>\n<p>Navy\u0161e, kto chcel, mohol ho op\u00e4\u0165 odlo\u017ei\u0165 do \u00faschovne a bez ob\u00e1v \u201evegeti\u0165\u201c pri pivku, k\u00e1ve (aj \u013eadovej) alebo napr. trdeln\u00edku :). Nakoniec sa na marat\u00f3ne z\u00fa\u010dastnilo 1 111 bikerov, a to e\u0161te nie je v\u0161etko. V nede\u013eu sa konali e\u0161te Junior Trophy a Z\u00e1horsk\u00e1 Bystrica Run, kde pri\u0161lo navy\u0161e 257 det\u00ed a 157 be\u017ecov. Tak\u017ee \u0161portov\u00fd v\u00edkend ako sa patr\u00ed.<\/p>\n<div class=\"shortcode-ys-post-pinup\"><article class=\"loop-simple post-1901 post type-post status-publish format-gallery has-post-thumbnail hentry category-mtb category-sbot tag-fotogaleria tag-sbot tag-skoda-stupava-trophy tag-stupava tag-vanda-mesiarikova post_format-post-format-gallery\" data-postid=\"1901\" role=\"article\" data-post-id=\"1901\" data-headline-length=\"59\" data-category=\"MTB\" data-author=\"We Love Cycling\" data-published=\"2017-07-31T18:26:59+02:00\" data-published-day=\"Monday\">\n    <div class=\"entry-thumbnail article-thumbnail\" content=\"https:\/\/d2p6e6u75xmxt8.cloudfront.net\/4\/2017\/08\/stupava-cover2-150x150.webp\"><a href=\"https:\/\/www.welovecycling.com\/sk\/2017\/07\/31\/skoda-stupava-trophy-2017-foto-vanda-mesiarikova\/\" class=\"image-holder\" target=\"_self\"><img decoding=\"async\" loading=\"lazy\" class=\"\" src=\"https:\/\/d2p6e6u75xmxt8.cloudfront.net\/4\/2017\/08\/stupava-cover2-1024x447.webp\" srcset=\"https:\/\/d2p6e6u75xmxt8.cloudfront.net\/4\/2017\/08\/stupava-cover2.webp 1375w, https:\/\/d2p6e6u75xmxt8.cloudfront.net\/4\/2017\/08\/stupava-cover2-300x131.webp 300w, https:\/\/d2p6e6u75xmxt8.cloudfront.net\/4\/2017\/08\/stupava-cover2-1024x447.webp 1024w, https:\/\/d2p6e6u75xmxt8.cloudfront.net\/4\/2017\/08\/stupava-cover2-768x335.webp 768w\" width=\"1024\" height=\"447\" sizes=\"auto, (min-width: 1200px) 458px, (min-width: 768px) 38vw, 100vw\" alt=\"skoda-stupava-trophy-2017-foto-vanda-mesiarikova\"\/><\/a><\/div>    <div class=\"entry-meta\">\n        <a class=\"label label-secondary post-category\" href=\"https:\/\/www.welovecycling.com\/sk\/category\/mtb\/\" title=\"MTB\">MTB<\/a>\n    <\/div>\n    <div class=\"entry-details\">\n        <a href=\"https:\/\/www.welovecycling.com\/sk\/2017\/07\/31\/skoda-stupava-trophy-2017-foto-vanda-mesiarikova\/\" class='entry-title-wrapper'>\n            <h3 class=\"entry-title\"><span>FOTO: \u0160koda STUPAVA TROPHY 2017 &#8211; Vanda Mesiarikov\u00e1<\/span><\/h3>\n        <\/a>\n    <\/div>\n    <\/article>\n<\/div>\n<p>\u0160koda STUPAVA TROPHY teda pon\u00fakla okrem tradi\u010dnej r\u00fdchlej trate aj v\u00fdborn\u00fa porciu z\u00e1bavy pre v\u0161etk\u00fdch, \u010di u\u017e priamo na trati alebo v podobe vydaren\u00fdch sprievodn\u00fdch akci\u00ed. T\u00e1to kombin\u00e1cia spolu s v\u00fdborn\u00fdm po\u010das\u00edm bola z\u00e1rukou, \u017ee kto pri\u0161iel naozaj neo\u013eutoval a rovnako mohol str\u00e1vi\u0165 \u0161portov\u00fd v\u00edkend s celou rodinou. \u010eal\u0161ie, u\u017e 5. kolo \u0160BOT bude hosti\u0165 12. augusta Svit a tradi\u010dn\u00e9 podujatie <a href=\"http:\/\/www.horal.sk\/\">\u0160koda Horal MTB marat\u00f3n<\/a>. Nezabudnite si tento d\u00e1tum pozna\u010di\u0165 v kalend\u00e1ri, nudi\u0165 sa ur\u010dite nebudete&#8230;<\/p>\n<p><a href=\"https:\/\/d2p6e6u75xmxt8.cloudfront.net\/4\/2017\/07\/stupava_19.jpg\"><img loading=\"lazy\" decoding=\"async\" class=\"alignnone size-extra-large wp-image-1874\" src=\"https:\/\/d2p6e6u75xmxt8.cloudfront.net\/4\/2017\/07\/stupava_19-1920x711.jpg\" alt=\"\" width=\"1920\" height=\"711\" \/><\/a><\/p>\n","protected":false},"excerpt":{"rendered":"<p>V porad\u00ed \u0161tvrt\u00e9 kolo \u0160BOT u\u017e tradi\u010dne pon\u00faklo r\u00fdchlu tra\u0165 a rovnako mo\u017enos\u0165 v\u00fdrazne si vylep\u0161i\u0165 cyklistick\u00e9 op\u00e1lenie. Samozrejme, to [&hellip;]<\/p>\n","protected":false},"author":38,"featured_media":1911,"comment_status":"open","ping_status":"open","sticky":false,"template":"","format":"standard","meta":{"footnotes":""},"categories":[3,38,33],"tags":[180,93,179,39,35,182,181],"global-categories":[],"class_list":["post-1870","post","type-post","status-publish","format-standard","has-post-thumbnail","hentry","category-mtb","category-reportaz","category-sbot","tag-horska-cyklistika","tag-martina-grnova","tag-preteky","tag-reportaz","tag-sbot","tag-skoda-stupava-trophy","tag-stupava"],"yoast_head":"<!-- This site is optimized with the Yoast SEO Premium plugin v25.3 (Yoast SEO v25.9) - https:\/\/yoast.com\/wordpress\/plugins\/seo\/ -->\n<title>REPORT\u00c1\u017d: \u0160koda STUPAVA TROPHY \u2013 r\u00fdchle a hor\u00face 4. kolo + FOTKY<\/title>\n<meta name=\"description\" content=\"V porad\u00ed \u0161tvrt\u00e9 kolo \u0160BOT u\u017e tradi\u010dne pon\u00faklo r\u00fdchlu tra\u0165 a rovnako mo\u017enos\u0165 v\u00fdrazne si vylep\u0161i\u0165 cyklistick\u00e9 op\u00e1lenie.\" \/>\n<meta name=\"robots\" content=\"index, follow, max-snippet:-1, max-image-preview:large, max-video-preview:-1\" \/>\n<link rel=\"canonical\" href=\"https:\/\/www.welovecycling.com\/sk\/2017\/07\/31\/reportaz-skoda-stupava-trophy-rychle-horuce-4-kolo\/\" \/>\n<meta property=\"og:locale\" content=\"sk_SK\" \/>\n<meta property=\"og:type\" content=\"article\" \/>\n<meta property=\"og:title\" content=\"REPORT\u00c1\u017d: \u0160koda STUPAVA TROPHY \u2013 r\u00fdchle a hor\u00face 4. kolo + FOTKY\" \/>\n<meta property=\"og:description\" content=\"V porad\u00ed \u0161tvrt\u00e9 kolo \u0160BOT u\u017e tradi\u010dne pon\u00faklo r\u00fdchlu tra\u0165 a rovnako mo\u017enos\u0165 v\u00fdrazne si vylep\u0161i\u0165 cyklistick\u00e9 op\u00e1lenie.\" \/>\n<meta property=\"og:url\" content=\"https:\/\/www.welovecycling.com\/sk\/2017\/07\/31\/reportaz-skoda-stupava-trophy-rychle-horuce-4-kolo\/\" \/>\n<meta property=\"og:site_name\" content=\"\u0160koda We Love Cycling Slovensko\" \/>\n<meta property=\"article:published_time\" content=\"2017-07-31T16:51:23+00:00\" \/>\n<meta property=\"article:modified_time\" content=\"2023-04-14T10:11:08+00:00\" \/>\n<meta property=\"og:image\" content=\"https:\/\/d2p6e6u75xmxt8.cloudfront.net\/4\/2017\/08\/stupava-cover.webp\" \/>\n\t<meta property=\"og:image:width\" content=\"1375\" \/>\n\t<meta property=\"og:image:height\" content=\"600\" \/>\n\t<meta property=\"og:image:type\" content=\"image\/webp\" \/>\n<meta name=\"author\" content=\"Ondrej Ga\u0161par\" \/>\n<meta name=\"twitter:card\" content=\"summary_large_image\" \/>\n<meta name=\"twitter:label1\" content=\"Written by\" \/>\n\t<meta name=\"twitter:data1\" content=\"We Love Cycling\" \/>\n\t<meta name=\"twitter:label2\" content=\"Est. reading time\" \/>\n\t<meta name=\"twitter:data2\" content=\"8 minutes\" \/>\n<script type=\"application\/ld+json\" class=\"yoast-schema-graph\">{\"@context\":\"https:\/\/schema.org\",\"@graph\":[{\"@type\":\"WebPage\",\"@id\":\"https:\/\/www.welovecycling.com\/sk\/2017\/07\/31\/reportaz-skoda-stupava-trophy-rychle-horuce-4-kolo\/\",\"url\":\"https:\/\/www.welovecycling.com\/sk\/2017\/07\/31\/reportaz-skoda-stupava-trophy-rychle-horuce-4-kolo\/\",\"name\":\"REPORT\u00c1\u017d: \u0160koda STUPAVA TROPHY \u2013 r\u00fdchle a hor\u00face 4. kolo + FOTKY\",\"isPartOf\":{\"@id\":\"https:\/\/www.welovecycling.com\/sk\/#website\"},\"primaryImageOfPage\":{\"@id\":\"https:\/\/www.welovecycling.com\/sk\/2017\/07\/31\/reportaz-skoda-stupava-trophy-rychle-horuce-4-kolo\/#primaryimage\"},\"image\":{\"@id\":\"https:\/\/www.welovecycling.com\/sk\/2017\/07\/31\/reportaz-skoda-stupava-trophy-rychle-horuce-4-kolo\/#primaryimage\"},\"thumbnailUrl\":\"https:\/\/d2p6e6u75xmxt8.cloudfront.net\/4\/2017\/08\/stupava-cover.webp\",\"datePublished\":\"2017-07-31T16:51:23+00:00\",\"dateModified\":\"2023-04-14T10:11:08+00:00\",\"author\":{\"@id\":\"https:\/\/www.welovecycling.com\/sk\/#\/schema\/person\/8ee09ba39b7e25b1870160aa5b3a89bc\"},\"description\":\"V porad\u00ed \u0161tvrt\u00e9 kolo \u0160BOT u\u017e tradi\u010dne pon\u00faklo r\u00fdchlu tra\u0165 a rovnako mo\u017enos\u0165 v\u00fdrazne si vylep\u0161i\u0165 cyklistick\u00e9 op\u00e1lenie.\",\"breadcrumb\":{\"@id\":\"https:\/\/www.welovecycling.com\/sk\/2017\/07\/31\/reportaz-skoda-stupava-trophy-rychle-horuce-4-kolo\/#breadcrumb\"},\"inLanguage\":\"sk-SK\",\"potentialAction\":[{\"@type\":\"ReadAction\",\"target\":[\"https:\/\/www.welovecycling.com\/sk\/2017\/07\/31\/reportaz-skoda-stupava-trophy-rychle-horuce-4-kolo\/\"]}]},{\"@type\":\"ImageObject\",\"inLanguage\":\"sk-SK\",\"@id\":\"https:\/\/www.welovecycling.com\/sk\/2017\/07\/31\/reportaz-skoda-stupava-trophy-rychle-horuce-4-kolo\/#primaryimage\",\"url\":\"https:\/\/d2p6e6u75xmxt8.cloudfront.net\/4\/2017\/08\/stupava-cover.webp\",\"contentUrl\":\"https:\/\/d2p6e6u75xmxt8.cloudfront.net\/4\/2017\/08\/stupava-cover.webp\",\"width\":1375,\"height\":600},{\"@type\":\"BreadcrumbList\",\"@id\":\"https:\/\/www.welovecycling.com\/sk\/2017\/07\/31\/reportaz-skoda-stupava-trophy-rychle-horuce-4-kolo\/#breadcrumb\",\"itemListElement\":[{\"@type\":\"ListItem\",\"position\":1,\"name\":\"Home\",\"item\":\"https:\/\/www.welovecycling.com\/sk\/\"},{\"@type\":\"ListItem\",\"position\":2,\"name\":\"REPORT\u00c1\u017d: \u0160koda STUPAVA TROPHY \u2013 r\u00fdchle a hor\u00face 4. kolo + FOTKY\"}]},{\"@type\":\"WebSite\",\"@id\":\"https:\/\/www.welovecycling.com\/sk\/#website\",\"url\":\"https:\/\/www.welovecycling.com\/sk\/\",\"name\":\"\u0160koda We Love Cycling Slovensko\",\"description\":\"\u0160koda We Love Cycling Slovensko je v\u00e1\u0161 ka\u017edodenn\u00fd zdroj noviniek a in\u0161pir\u00e1cie z sveta cyklistiky\",\"potentialAction\":[{\"@type\":\"SearchAction\",\"target\":{\"@type\":\"EntryPoint\",\"urlTemplate\":\"https:\/\/www.welovecycling.com\/sk\/?s={search_term_string}\"},\"query-input\":{\"@type\":\"PropertyValueSpecification\",\"valueRequired\":true,\"valueName\":\"search_term_string\"}}],\"inLanguage\":\"sk-SK\"},{\"@type\":\"Person\",\"@id\":\"https:\/\/www.welovecycling.com\/sk\/#\/schema\/person\/8ee09ba39b7e25b1870160aa5b3a89bc\",\"name\":\"Ondrej Ga\u0161par\",\"image\":{\"@type\":\"ImageObject\",\"inLanguage\":\"sk-SK\",\"@id\":\"https:\/\/www.welovecycling.com\/sk\/#\/schema\/person\/image\/\",\"url\":\"https:\/\/secure.gravatar.com\/avatar\/6126c9afb87b70da5abbb083ddbb21933da15f18f8ca7cb822aba0fb096a48f6?s=96&d=mm&r=g\",\"contentUrl\":\"https:\/\/secure.gravatar.com\/avatar\/6126c9afb87b70da5abbb083ddbb21933da15f18f8ca7cb822aba0fb096a48f6?s=96&d=mm&r=g\",\"caption\":\"Ondrej Ga\u0161par\"},\"url\":\"https:\/\/www.welovecycling.com\/sk\/author\/ondrejgaspar\/\"}]}<\/script>\n<!-- \/ Yoast SEO Premium plugin. -->","yoast_head_json":{"title":"REPORT\u00c1\u017d: \u0160koda STUPAVA TROPHY \u2013 r\u00fdchle a hor\u00face 4. kolo + FOTKY","description":"V porad\u00ed \u0161tvrt\u00e9 kolo \u0160BOT u\u017e tradi\u010dne pon\u00faklo r\u00fdchlu tra\u0165 a rovnako mo\u017enos\u0165 v\u00fdrazne si vylep\u0161i\u0165 cyklistick\u00e9 op\u00e1lenie.","robots":{"index":"index","follow":"follow","max-snippet":"max-snippet:-1","max-image-preview":"max-image-preview:large","max-video-preview":"max-video-preview:-1"},"canonical":"https:\/\/www.welovecycling.com\/sk\/2017\/07\/31\/reportaz-skoda-stupava-trophy-rychle-horuce-4-kolo\/","og_locale":"sk_SK","og_type":"article","og_title":"REPORT\u00c1\u017d: \u0160koda STUPAVA TROPHY \u2013 r\u00fdchle a hor\u00face 4. kolo + FOTKY","og_description":"V porad\u00ed \u0161tvrt\u00e9 kolo \u0160BOT u\u017e tradi\u010dne pon\u00faklo r\u00fdchlu tra\u0165 a rovnako mo\u017enos\u0165 v\u00fdrazne si vylep\u0161i\u0165 cyklistick\u00e9 op\u00e1lenie.","og_url":"https:\/\/www.welovecycling.com\/sk\/2017\/07\/31\/reportaz-skoda-stupava-trophy-rychle-horuce-4-kolo\/","og_site_name":"\u0160koda We Love Cycling Slovensko","article_published_time":"2017-07-31T16:51:23+00:00","article_modified_time":"2023-04-14T10:11:08+00:00","og_image":[{"width":1375,"height":600,"url":"https:\/\/d2p6e6u75xmxt8.cloudfront.net\/4\/2017\/08\/stupava-cover.webp","type":"image\/webp"}],"author":"Ondrej Ga\u0161par","twitter_card":"summary_large_image","twitter_misc":{"Written by":"We Love Cycling","Est. reading time":"8 minutes"},"schema":{"@context":"https:\/\/schema.org","@graph":[{"@type":"WebPage","@id":"https:\/\/www.welovecycling.com\/sk\/2017\/07\/31\/reportaz-skoda-stupava-trophy-rychle-horuce-4-kolo\/","url":"https:\/\/www.welovecycling.com\/sk\/2017\/07\/31\/reportaz-skoda-stupava-trophy-rychle-horuce-4-kolo\/","name":"REPORT\u00c1\u017d: \u0160koda STUPAVA TROPHY \u2013 r\u00fdchle a hor\u00face 4. kolo + FOTKY","isPartOf":{"@id":"https:\/\/www.welovecycling.com\/sk\/#website"},"primaryImageOfPage":{"@id":"https:\/\/www.welovecycling.com\/sk\/2017\/07\/31\/reportaz-skoda-stupava-trophy-rychle-horuce-4-kolo\/#primaryimage"},"image":{"@id":"https:\/\/www.welovecycling.com\/sk\/2017\/07\/31\/reportaz-skoda-stupava-trophy-rychle-horuce-4-kolo\/#primaryimage"},"thumbnailUrl":"https:\/\/d2p6e6u75xmxt8.cloudfront.net\/4\/2017\/08\/stupava-cover.webp","datePublished":"2017-07-31T16:51:23+00:00","dateModified":"2023-04-14T10:11:08+00:00","author":{"@id":"https:\/\/www.welovecycling.com\/sk\/#\/schema\/person\/8ee09ba39b7e25b1870160aa5b3a89bc"},"description":"V porad\u00ed \u0161tvrt\u00e9 kolo \u0160BOT u\u017e tradi\u010dne pon\u00faklo r\u00fdchlu tra\u0165 a rovnako mo\u017enos\u0165 v\u00fdrazne si vylep\u0161i\u0165 cyklistick\u00e9 op\u00e1lenie.","breadcrumb":{"@id":"https:\/\/www.welovecycling.com\/sk\/2017\/07\/31\/reportaz-skoda-stupava-trophy-rychle-horuce-4-kolo\/#breadcrumb"},"inLanguage":"sk-SK","potentialAction":[{"@type":"ReadAction","target":["https:\/\/www.welovecycling.com\/sk\/2017\/07\/31\/reportaz-skoda-stupava-trophy-rychle-horuce-4-kolo\/"]}]},{"@type":"ImageObject","inLanguage":"sk-SK","@id":"https:\/\/www.welovecycling.com\/sk\/2017\/07\/31\/reportaz-skoda-stupava-trophy-rychle-horuce-4-kolo\/#primaryimage","url":"https:\/\/d2p6e6u75xmxt8.cloudfront.net\/4\/2017\/08\/stupava-cover.webp","contentUrl":"https:\/\/d2p6e6u75xmxt8.cloudfront.net\/4\/2017\/08\/stupava-cover.webp","width":1375,"height":600},{"@type":"BreadcrumbList","@id":"https:\/\/www.welovecycling.com\/sk\/2017\/07\/31\/reportaz-skoda-stupava-trophy-rychle-horuce-4-kolo\/#breadcrumb","itemListElement":[{"@type":"ListItem","position":1,"name":"Home","item":"https:\/\/www.welovecycling.com\/sk\/"},{"@type":"ListItem","position":2,"name":"REPORT\u00c1\u017d: \u0160koda STUPAVA TROPHY \u2013 r\u00fdchle a hor\u00face 4. kolo + FOTKY"}]},{"@type":"WebSite","@id":"https:\/\/www.welovecycling.com\/sk\/#website","url":"https:\/\/www.welovecycling.com\/sk\/","name":"\u0160koda We Love Cycling Slovensko","description":"\u0160koda We Love Cycling Slovensko je v\u00e1\u0161 ka\u017edodenn\u00fd zdroj noviniek a in\u0161pir\u00e1cie z sveta cyklistiky","potentialAction":[{"@type":"SearchAction","target":{"@type":"EntryPoint","urlTemplate":"https:\/\/www.welovecycling.com\/sk\/?s={search_term_string}"},"query-input":{"@type":"PropertyValueSpecification","valueRequired":true,"valueName":"search_term_string"}}],"inLanguage":"sk-SK"},{"@type":"Person","@id":"https:\/\/www.welovecycling.com\/sk\/#\/schema\/person\/8ee09ba39b7e25b1870160aa5b3a89bc","name":"Ondrej Ga\u0161par","image":{"@type":"ImageObject","inLanguage":"sk-SK","@id":"https:\/\/www.welovecycling.com\/sk\/#\/schema\/person\/image\/","url":"https:\/\/secure.gravatar.com\/avatar\/6126c9afb87b70da5abbb083ddbb21933da15f18f8ca7cb822aba0fb096a48f6?s=96&d=mm&r=g","contentUrl":"https:\/\/secure.gravatar.com\/avatar\/6126c9afb87b70da5abbb083ddbb21933da15f18f8ca7cb822aba0fb096a48f6?s=96&d=mm&r=g","caption":"Ondrej Ga\u0161par"},"url":"https:\/\/www.welovecycling.com\/sk\/author\/ondrejgaspar\/"}]}},"_links":{"self":[{"href":"https:\/\/www.welovecycling.com\/sk\/wp-json\/wp\/v2\/posts\/1870","targetHints":{"allow":["GET"]}}],"collection":[{"href":"https:\/\/www.welovecycling.com\/sk\/wp-json\/wp\/v2\/posts"}],"about":[{"href":"https:\/\/www.welovecycling.com\/sk\/wp-json\/wp\/v2\/types\/post"}],"author":[{"embeddable":true,"href":"https:\/\/www.welovecycling.com\/sk\/wp-json\/wp\/v2\/users\/38"}],"replies":[{"embeddable":true,"href":"https:\/\/www.welovecycling.com\/sk\/wp-json\/wp\/v2\/comments?post=1870"}],"version-history":[{"count":2,"href":"https:\/\/www.welovecycling.com\/sk\/wp-json\/wp\/v2\/posts\/1870\/revisions"}],"predecessor-version":[{"id":17147,"href":"https:\/\/www.welovecycling.com\/sk\/wp-json\/wp\/v2\/posts\/1870\/revisions\/17147"}],"wp:featuredmedia":[{"embeddable":true,"href":"https:\/\/www.welovecycling.com\/sk\/wp-json\/wp\/v2\/media\/1911"}],"wp:attachment":[{"href":"https:\/\/www.welovecycling.com\/sk\/wp-json\/wp\/v2\/media?parent=1870"}],"wp:term":[{"taxonomy":"category","embeddable":true,"href":"https:\/\/www.welovecycling.com\/sk\/wp-json\/wp\/v2\/categories?post=1870"},{"taxonomy":"post_tag","embeddable":true,"href":"https:\/\/www.welovecycling.com\/sk\/wp-json\/wp\/v2\/tags?post=1870"},{"taxonomy":"global-categories","embeddable":true,"href":"https:\/\/www.welovecycling.com\/sk\/wp-json\/wp\/v2\/global-categories?post=1870"}],"curies":[{"name":"wp","href":"https:\/\/api.w.org\/{rel}","templated":true}]}}