{"id":18699,"date":"2024-01-19T10:00:12","date_gmt":"2024-01-19T09:00:12","guid":{"rendered":"https:\/\/www.welovecycling.com\/sk\/?p=18699"},"modified":"2024-01-19T09:21:48","modified_gmt":"2024-01-19T08:21:48","slug":"cyklokros-svet-uzkych-plastov-a-mnozstva-spiny","status":"publish","type":"post","link":"https:\/\/www.welovecycling.com\/sk\/2024\/01\/19\/cyklokros-svet-uzkych-plastov-a-mnozstva-spiny\/","title":{"rendered":"Cyklokros &#8211; svet \u00fazkych pl\u00e1\u0161\u0165ov a mno\u017estva \u0161piny"},"content":{"rendered":"<p><b>Je cyklokros jednou z naj\u0165a\u017e\u0161\u00edch cyklistick\u00fdch discipl\u00edn? O \u010dom vlastne cel\u00fd tento zvl\u00e1\u0161tny form\u00e1t je?<\/b><!--more--><\/p>\n<p><span style=\"font-weight: 400;\">Mo\u017eno ste u\u017e \u2013 n\u00e1hodou alebo cielene \u2013\u00a0narazili na cyklistick\u00fa discipl\u00ednu cyklokros, skr\u00e1tene CX. Raz darmo, preh\u00e1\u0148a\u0165 sa na bicykloch s baranmi mimo cesty bolo cool d\u00e1vno predt\u00fdm, ne\u017e vznikol gravel. \ud83d\ude42<strong> Hoci sa to nezd\u00e1, je medzi nami u\u017e 122 rokov a za t\u00fa dobu p\u00ed\u0161e podobne neuverite\u013en\u00e9 pr\u00edbehy, ako jeho asfaltov\u00fd s\u00farodenec.<\/strong><\/span><\/p>\n<h2><b>O \u010do ide v CX pretekoch?<\/b><\/h2>\n<p><span style=\"font-weight: 400;\">Odpove\u010f je jednoduch\u00e1: ka\u017ed\u00fd chce, samozrejme, vyhra\u0165. \ud83d\ude42 Cyklokrosov\u00e9 preteky sa v\u0161ak od t\u00fdch cestn\u00fdch nel\u00ed\u0161ia len ter\u00e9nom. Sk\u00f4r naopak, svoj\u00edm charakterom sa bl\u00ed\u017eia sk\u00f4r k discipl\u00edne XC. <strong>Jazdia sa na okruhy, pri\u010dom ka\u017ed\u00fd z nich je typologicky in\u00fd. Niektor\u00fdm dominuj\u00fa ostr\u00e9 v\u00fd\u0161\u013eapy, in\u00fdm technick\u00e9 z\u00e1kruty.<\/strong> Pretek\u00e1 sa napr\u00edklad aj na pl\u00e1\u017ei, unik\u00e1tom s\u00fa preteky vo Val di Sole, ktor\u00e9 sa jazdia na snehu. Mnohokr\u00e1t jazdci narazia na umel\u00e9 prek\u00e1\u017eky, ktor\u00e9 m\u00f4\u017eu bu\u010f presko\u010di\u0165 \u201ebunny-hopom\u201c, alebo cez ne bicykel prenies\u0165.<\/span><\/p>\n<p><a href=\"https:\/\/www.instagram.com\/p\/C0rvdWSs39m\/\">https:\/\/www.instagram.com\/p\/C0rvdWSs39m\/<\/a><\/p>\n<p><span style=\"font-weight: 400;\"><strong>\u010co je v\u0161ak podstatn\u00e9, jazdci nikdy dopredu nevedia, ko\u013eko k\u00f4l ich vlastne \u010dak\u00e1.<\/strong> Ka\u017ed\u00e9 preteky trvaj\u00fa hodinu \u2013 aspo\u0148 zhruba (t\u00fdka sa to najm\u00e4 Svetov\u00e9ho poh\u00e1ra). Po prvom-druhom kole, ke\u010f je u\u017e dan\u00e9 pretekov\u00e9 tempo, to rozhodcovia zvl\u00e1dnu prepo\u010d\u00edta\u0165 a m\u00e1me fin\u00e1lne \u010d\u00edslo. V\u00e4\u010d\u0161inou sme svedkami odjazdenia pribli\u017ene \u0161iestich k\u00f4l.<\/span><\/p>\n<p><a href=\"https:\/\/www.instagram.com\/p\/C1M4o17si8k\/?img_index=1\">https:\/\/www.instagram.com\/p\/C1M4o17si8k\/?img_index=1<\/a><\/p>\n<h2><b>A \u010do cyklokrosov\u00fd bicykel?<\/b><\/h2>\n<p><span style=\"font-weight: 400;\">Z dia\u013eky to vyzer\u00e1 ako \u201e\u017eiletka\u201c, no i tu n\u00e1jdeme nieko\u013eko rozdielov. T\u00fdm najmarkantnej\u0161\u00edm s\u00fa pl\u00e1\u0161te. <strong>Maxim\u00e1lna povolen\u00e1 \u0161\u00edrka na pretekoch UCI je 33 mm.<\/strong> Ke\u010f si predstav\u00edme, ak\u00e9 \u0161irok\u00e9 spektrum podmienok musia na tak\u00fdchto \u201eu\u017eovk\u00e1ch\u201c jazdci zvl\u00e1da\u0165, je to priam \u0161ialen\u00e9. Nie nadarmo sa o cyklokros\u00e1roch vo svetovom pelot\u00f3ne hovor\u00ed ako o jazdcoch, ktor\u00ed maj\u00fa najlep\u0161iu techniku ovl\u00e1dania bicykla.<\/span><\/p>\n<p><a href=\"https:\/\/www.instagram.com\/p\/C0yt4v6Cxc6\/?img_index=1\">https:\/\/www.instagram.com\/p\/C0yt4v6Cxc6\/?img_index=1<\/a><\/p>\n<p><span style=\"font-weight: 400;\">Ak si porovn\u00e1me cyklokrosov\u00fd stroj s gravel bicyklom (\u010do s\u00fa navonok dve ve\u013emi podobn\u00e9 discipl\u00edny), n\u00e1jdeme zmeny najm\u00e4 v r\u00e1me a geometrii (v CX je agres\u00edvnej\u0161ia). Svetu gravelu kra\u013euj\u00fa pov\u00e4\u010d\u0161ine jednoprevodn\u00edky v spojen\u00ed s v\u00e4\u010d\u0161ou kazetou, CX sa dr\u017e\u00ed pri \u201edvojplack\u00e1ch\u201c, hoci s men\u0161\u00edm po\u010dtom zubov.\u00a0<\/span><\/p>\n<p><span style=\"font-weight: 400;\">Cyklokrosov\u00e9 preteky sa od ostatn\u00fdch discipl\u00edn l\u00ed\u0161ia \u010fal\u0161ou vecou, a to je striedanie bicyklov.<strong> Tu sa doslova prel\u00ednaj\u00fa svety cestnej cyklistiky (v\u00fdmena stroja) a XC pretekov (depo s mechanikmi a n\u00e1hradn\u00fdmi bicyklami).<\/strong> \u010ci u\u017e je to v\u00fdmena n\u00faten\u00e1 (napr\u00edklad z d\u00f4vodu roztrhnutej re\u0165aze, strhnutej prehadzova\u010dky, \u010di in\u00e9ho technick\u00e9ho probl\u00e9mu) alebo dobrovo\u013en\u00e1 (ve\u010f cie\u013eov\u00e9 fotky vyzeraj\u00fa lep\u0161ie s \u010dist\u00fdm bicyklom \ud83d\ude42 ), m\u00f4\u017eeme ich vidie\u0165 skuto\u010dne \u010dasto. Smolu maj\u00fa pretek\u00e1ri, ktor\u00fdch ne\u0161\u0165astie postihne k\u00fasok za depom \u2013 vr\u00e1ti\u0165 sa nesm\u00fa, a tak si musia odbehn\u00fa\u0165 cel\u00e9 kolo a v\u00e4\u010d\u0161inou maj\u00fa \u201epo pretekoch\u201c.<\/span><\/p>\n<h2><b>Svetov\u00e9 hviezdy a dom\u00e1ci matadori<\/b><\/h2>\n<p><span style=\"font-weight: 400;\">Azda najv\u00fdraznej\u0161ou postavou prebiehaj\u00facej cyklokrosovej sez\u00f3ny je Mathieu van der Poel.<strong> Holan\u010fan, ktor\u00fd pr\u00e1ve dnes dov\u0155\u0161il svoje 29. narodeniny, je u\u017e teraz p\u00e4\u0165n\u00e1sobn\u00fdm \u0161ampi\u00f3nom v tejto discipl\u00edne a takisto najv\u00e4\u010d\u0161\u00edm a\u0161pirantom na zisk \u0161iesteho titulu.<\/strong> V tejto sez\u00f3ne doslova valcuje konkurenciu \u2013 kde pri\u0161iel, tam vyhral.<\/span><\/p>\n<p><a href=\"https:\/\/www.instagram.com\/p\/C1z-B2qt3bN\/?img_index=1\">https:\/\/www.instagram.com\/p\/C1z-B2qt3bN\/?img_index=1<\/a><\/p>\n<p><span style=\"font-weight: 400;\">Pred sez\u00f3nou sme \u010dakali s\u00faboje takzvanej \u201eVe\u013ekej trojky\u201c. V uplynul\u00fdch rokoch dok\u00e1zali van der Poelovi \u010dastokr\u00e1t \u201ed\u00fdcha\u0165 na chrb\u00e1t\u201c aj Wout van Aert a Tom Pidcock. Prv\u00fd menovan\u00fd v\u0161ak cyklokros bral iba ako s\u00fa\u010das\u0165 pr\u00edpravy na jarn\u00e9 klasiky, ktor\u00e9 n\u00e1s u\u017e onedlho \u010dakaj\u00fa a druh\u00fd sa zas pasuje s mno\u017estvom smoly, technick\u00fdch probl\u00e9mov, p\u00e1dov a zl\u00fdch \u0161tartov. No vy\u0161lo aspo\u0148 na jedno p\u00f3diov\u00e9 \u201eself\u00ed\u010dko\u201c. \ud83d\ude42\u00a0<\/span><\/p>\n<p><a href=\"https:\/\/www.instagram.com\/p\/C1XhCpLrJrK\/\">https:\/\/www.instagram.com\/p\/C1XhCpLrJrK\/<\/a><\/p>\n<p><span style=\"font-weight: 400;\">Tabu\u013ek\u00e1m Svetov\u00e9ho poh\u00e1ra v\u0161ak (zatia\u013e) kra\u013euje Eli Iserbyt \u2013 uvid\u00edme dokedy. Na p\u00e4ty mu u\u017e toti\u017e \u0161liapu \u010fal\u0161\u00ed pretek\u00e1ri, ktor\u00ed o sebe d\u00e1vaj\u00fa zna\u0165 v takmer ka\u017ed\u00fdch pretekoch. Zauj\u00edmav\u00e1 je aj \u017eensk\u00e1 cyklokrosov\u00e1 sekcia.<strong> V pretekoch Svetov\u00e9ho poh\u00e1ra maj\u00fa zatia\u013e zhodne po tri v\u00ed\u0165azstv\u00e1 mladu\u010dk\u00e1 Puck Pieterse a Fem van Empel, rovnako aj Ceylin Del Carmen Alvarado.<\/strong> Posledn\u00e1 menovan\u00e1 aj vedie bodovac\u00ed rebr\u00ed\u010dek.<\/span><\/p>\n<p><a href=\"https:\/\/www.instagram.com\/p\/C1iQNztL35a\/\">https:\/\/www.instagram.com\/p\/C1iQNztL35a\/<\/a><\/p>\n<p><span style=\"font-weight: 400;\">A \u010do Slov\u00e1ci a cyklokros? P\u00e1r pretekov by sa u n\u00e1s na\u0161lo. O to viac je fascinuj\u00face, \u017ee aj <strong>v tak\u00fdchto podmienkach dok\u00e1zala ned\u00e1vno Vikt\u00f3ria Chlado\u0148ov\u00e1 vybojova\u0165 tretie miesto na Majstrovstv\u00e1ch Eur\u00f3py v cyklokrose.<\/strong> Do bud\u00facna jej v\u0161etci budeme dr\u017ea\u0165 palce, aby si jej v\u00fdkony v\u0161imli aj TOP t\u00edmy a mo\u017eno jedn\u00e9ho d\u0148a zvidite\u013en\u00ed Slovensko podobne ako Peter Sagan \u2013 iba\u017ee v inej discipl\u00edne.<\/span><\/p>\n<p><a href=\"https:\/\/www.instagram.com\/p\/CzSlNfHqTD_\/?img_index=1\">https:\/\/www.instagram.com\/p\/CzSlNfHqTD_\/?img_index=1<\/a><\/p>\n<p><span style=\"font-weight: 400;\">Je teda cyklokros naj\u0165a\u017e\u0161ou cyklistickou discipl\u00ednou? To sa hodnot\u00ed \u0165a\u017eko. Je v\u0161ak ist\u00e9, \u017ee sa jednozna\u010dne rad\u00ed medzi najkomplexnej\u0161ie \u2013 <strong>jazdec tu mus\u00ed ma\u0165 silu cestn\u00e9ho cyklistu, techniku enduro jazdca a mnohokr\u00e1t sa mu do cesty postavia prek\u00e1\u017eky, ktor\u00e9 n\u00e1jdeme aj na XC tratiach.<\/strong> U\u017e len preto sa cyklokros ur\u010dite oplat\u00ed sledova\u0165.<\/span><\/p>\n","protected":false},"excerpt":{"rendered":"<p>Je cyklokros jednou z naj\u0165a\u017e\u0161\u00edch cyklistick\u00fdch discipl\u00edn? O \u010dom vlastne cel\u00fd tento zvl\u00e1\u0161tny form\u00e1t je?<\/p>\n","protected":false},"author":172,"featured_media":18701,"comment_status":"open","ping_status":"open","sticky":false,"template":"","format":"standard","meta":{"footnotes":""},"categories":[4],"tags":[559,115,546,582,481,212,1012,179,815,1620],"global-categories":[1074],"class_list":["post-18699","post","type-post","status-publish","format-standard","has-post-thumbnail","hentry","category-cestna-cyklisitika","tag-bicykel","tag-cestna-cyklistika","tag-cyklistika","tag-cyklokros","tag-majstrovstva","tag-majstrovstva-europy","tag-pretekar","tag-preteky","tag-svet","tag-zaujimavosti","global-categories-cycling"],"yoast_head":"<!-- This site is optimized with the Yoast SEO Premium plugin v25.3 (Yoast SEO v25.9) - https:\/\/yoast.com\/wordpress\/plugins\/seo\/ -->\n<title>Cyklokros - svet \u00fazkych pl\u00e1\u0161\u0165ov a mno\u017estva \u0161piny - \u0160koda We Love Cycling Slovensko<\/title>\n<meta name=\"description\" content=\"Je cyklokros jednou z naj\u0165a\u017e\u0161\u00edch cyklistick\u00fdch discipl\u00edn? O \u010dom vlastne cel\u00fd tento zvl\u00e1\u0161tny form\u00e1t je? Oplat\u00ed sa ho sledova\u0165?\" \/>\n<meta name=\"robots\" content=\"index, follow, max-snippet:-1, max-image-preview:large, max-video-preview:-1\" \/>\n<link rel=\"canonical\" href=\"https:\/\/www.welovecycling.com\/sk\/2024\/01\/19\/cyklokros-svet-uzkych-plastov-a-mnozstva-spiny\/\" \/>\n<meta property=\"og:locale\" content=\"sk_SK\" \/>\n<meta property=\"og:type\" content=\"article\" \/>\n<meta property=\"og:title\" content=\"Cyklokros - svet \u00fazkych pl\u00e1\u0161\u0165ov a mno\u017estva \u0161piny\" \/>\n<meta property=\"og:description\" content=\"Je cyklokros jednou z naj\u0165a\u017e\u0161\u00edch cyklistick\u00fdch discipl\u00edn? O \u010dom vlastne cel\u00fd tento zvl\u00e1\u0161tny form\u00e1t je? Oplat\u00ed sa ho sledova\u0165?\" \/>\n<meta property=\"og:url\" content=\"https:\/\/www.welovecycling.com\/sk\/2024\/01\/19\/cyklokros-svet-uzkych-plastov-a-mnozstva-spiny\/\" \/>\n<meta property=\"og:site_name\" content=\"\u0160koda We Love Cycling Slovensko\" \/>\n<meta property=\"article:published_time\" content=\"2024-01-19T09:00:12+00:00\" \/>\n<meta property=\"og:image\" content=\"https:\/\/d2p6e6u75xmxt8.cloudfront.net\/4\/2024\/01\/Van-der-Poel-Cyclo-Cross-profimedia-0834299662-CVR.webp\" \/>\n\t<meta property=\"og:image:width\" content=\"990\" \/>\n\t<meta property=\"og:image:height\" content=\"660\" \/>\n\t<meta property=\"og:image:type\" content=\"image\/webp\" \/>\n<meta name=\"author\" content=\"dominika\" \/>\n<meta name=\"twitter:card\" content=\"summary_large_image\" \/>\n<meta name=\"twitter:label1\" content=\"Written by\" \/>\n\t<meta name=\"twitter:data1\" content=\"We Love Cycling\" \/>\n\t<meta name=\"twitter:label2\" content=\"Est. reading time\" \/>\n\t<meta name=\"twitter:data2\" content=\"4\" \/>\n<script type=\"application\/ld+json\" class=\"yoast-schema-graph\">{\"@context\":\"https:\/\/schema.org\",\"@graph\":[{\"@type\":\"WebPage\",\"@id\":\"https:\/\/www.welovecycling.com\/sk\/2024\/01\/19\/cyklokros-svet-uzkych-plastov-a-mnozstva-spiny\/\",\"url\":\"https:\/\/www.welovecycling.com\/sk\/2024\/01\/19\/cyklokros-svet-uzkych-plastov-a-mnozstva-spiny\/\",\"name\":\"Cyklokros - svet \u00fazkych pl\u00e1\u0161\u0165ov a mno\u017estva \u0161piny - \u0160koda We Love Cycling Slovensko\",\"isPartOf\":{\"@id\":\"https:\/\/www.welovecycling.com\/sk\/#website\"},\"primaryImageOfPage\":{\"@id\":\"https:\/\/www.welovecycling.com\/sk\/2024\/01\/19\/cyklokros-svet-uzkych-plastov-a-mnozstva-spiny\/#primaryimage\"},\"image\":{\"@id\":\"https:\/\/www.welovecycling.com\/sk\/2024\/01\/19\/cyklokros-svet-uzkych-plastov-a-mnozstva-spiny\/#primaryimage\"},\"thumbnailUrl\":\"https:\/\/d2p6e6u75xmxt8.cloudfront.net\/4\/2024\/01\/Van-der-Poel-Cyclo-Cross-profimedia-0834299662-CVR.webp\",\"datePublished\":\"2024-01-19T09:00:12+00:00\",\"author\":{\"@id\":\"https:\/\/www.welovecycling.com\/sk\/#\/schema\/person\/533b62b98b6c41bd5135ebfb1f742624\"},\"description\":\"Je cyklokros jednou z naj\u0165a\u017e\u0161\u00edch cyklistick\u00fdch discipl\u00edn? O \u010dom vlastne cel\u00fd tento zvl\u00e1\u0161tny form\u00e1t je? Oplat\u00ed sa ho sledova\u0165?\",\"breadcrumb\":{\"@id\":\"https:\/\/www.welovecycling.com\/sk\/2024\/01\/19\/cyklokros-svet-uzkych-plastov-a-mnozstva-spiny\/#breadcrumb\"},\"inLanguage\":\"sk-SK\",\"potentialAction\":[{\"@type\":\"ReadAction\",\"target\":[\"https:\/\/www.welovecycling.com\/sk\/2024\/01\/19\/cyklokros-svet-uzkych-plastov-a-mnozstva-spiny\/\"]}]},{\"@type\":\"ImageObject\",\"inLanguage\":\"sk-SK\",\"@id\":\"https:\/\/www.welovecycling.com\/sk\/2024\/01\/19\/cyklokros-svet-uzkych-plastov-a-mnozstva-spiny\/#primaryimage\",\"url\":\"https:\/\/d2p6e6u75xmxt8.cloudfront.net\/4\/2024\/01\/Van-der-Poel-Cyclo-Cross-profimedia-0834299662-CVR.webp\",\"contentUrl\":\"https:\/\/d2p6e6u75xmxt8.cloudfront.net\/4\/2024\/01\/Van-der-Poel-Cyclo-Cross-profimedia-0834299662-CVR.webp\",\"width\":990,\"height\":660,\"caption\":\"Zdroj: Profimedia\"},{\"@type\":\"BreadcrumbList\",\"@id\":\"https:\/\/www.welovecycling.com\/sk\/2024\/01\/19\/cyklokros-svet-uzkych-plastov-a-mnozstva-spiny\/#breadcrumb\",\"itemListElement\":[{\"@type\":\"ListItem\",\"position\":1,\"name\":\"Home\",\"item\":\"https:\/\/www.welovecycling.com\/sk\/\"},{\"@type\":\"ListItem\",\"position\":2,\"name\":\"Cyklokros &#8211; svet \u00fazkych pl\u00e1\u0161\u0165ov a mno\u017estva \u0161piny\"}]},{\"@type\":\"WebSite\",\"@id\":\"https:\/\/www.welovecycling.com\/sk\/#website\",\"url\":\"https:\/\/www.welovecycling.com\/sk\/\",\"name\":\"\u0160koda We Love Cycling Slovensko\",\"description\":\"\u0160koda We Love Cycling Slovensko je v\u00e1\u0161 ka\u017edodenn\u00fd zdroj noviniek a in\u0161pir\u00e1cie z sveta cyklistiky\",\"potentialAction\":[{\"@type\":\"SearchAction\",\"target\":{\"@type\":\"EntryPoint\",\"urlTemplate\":\"https:\/\/www.welovecycling.com\/sk\/?s={search_term_string}\"},\"query-input\":{\"@type\":\"PropertyValueSpecification\",\"valueRequired\":true,\"valueName\":\"search_term_string\"}}],\"inLanguage\":\"sk-SK\"},{\"@type\":\"Person\",\"@id\":\"https:\/\/www.welovecycling.com\/sk\/#\/schema\/person\/533b62b98b6c41bd5135ebfb1f742624\",\"name\":\"dominika\",\"image\":{\"@type\":\"ImageObject\",\"inLanguage\":\"sk-SK\",\"@id\":\"https:\/\/www.welovecycling.com\/sk\/#\/schema\/person\/image\/\",\"url\":\"https:\/\/secure.gravatar.com\/avatar\/ded6f274ba2ec3e17fff153f7d9d96a4b33c2cb63907f75d9a5309c599a7f3e6?s=96&d=mm&r=g\",\"contentUrl\":\"https:\/\/secure.gravatar.com\/avatar\/ded6f274ba2ec3e17fff153f7d9d96a4b33c2cb63907f75d9a5309c599a7f3e6?s=96&d=mm&r=g\",\"caption\":\"dominika\"},\"url\":\"https:\/\/www.welovecycling.com\/sk\/author\/dominika\/\"}]}<\/script>\n<!-- \/ Yoast SEO Premium plugin. -->","yoast_head_json":{"title":"Cyklokros - svet \u00fazkych pl\u00e1\u0161\u0165ov a mno\u017estva \u0161piny - \u0160koda We Love Cycling Slovensko","description":"Je cyklokros jednou z naj\u0165a\u017e\u0161\u00edch cyklistick\u00fdch discipl\u00edn? O \u010dom vlastne cel\u00fd tento zvl\u00e1\u0161tny form\u00e1t je? Oplat\u00ed sa ho sledova\u0165?","robots":{"index":"index","follow":"follow","max-snippet":"max-snippet:-1","max-image-preview":"max-image-preview:large","max-video-preview":"max-video-preview:-1"},"canonical":"https:\/\/www.welovecycling.com\/sk\/2024\/01\/19\/cyklokros-svet-uzkych-plastov-a-mnozstva-spiny\/","og_locale":"sk_SK","og_type":"article","og_title":"Cyklokros - svet \u00fazkych pl\u00e1\u0161\u0165ov a mno\u017estva \u0161piny","og_description":"Je cyklokros jednou z naj\u0165a\u017e\u0161\u00edch cyklistick\u00fdch discipl\u00edn? O \u010dom vlastne cel\u00fd tento zvl\u00e1\u0161tny form\u00e1t je? Oplat\u00ed sa ho sledova\u0165?","og_url":"https:\/\/www.welovecycling.com\/sk\/2024\/01\/19\/cyklokros-svet-uzkych-plastov-a-mnozstva-spiny\/","og_site_name":"\u0160koda We Love Cycling Slovensko","article_published_time":"2024-01-19T09:00:12+00:00","og_image":[{"width":990,"height":660,"url":"https:\/\/d2p6e6u75xmxt8.cloudfront.net\/4\/2024\/01\/Van-der-Poel-Cyclo-Cross-profimedia-0834299662-CVR.webp","type":"image\/webp"}],"author":"dominika","twitter_card":"summary_large_image","twitter_misc":{"Written by":"We Love Cycling","Est. reading time":"4"},"schema":{"@context":"https:\/\/schema.org","@graph":[{"@type":"WebPage","@id":"https:\/\/www.welovecycling.com\/sk\/2024\/01\/19\/cyklokros-svet-uzkych-plastov-a-mnozstva-spiny\/","url":"https:\/\/www.welovecycling.com\/sk\/2024\/01\/19\/cyklokros-svet-uzkych-plastov-a-mnozstva-spiny\/","name":"Cyklokros - svet \u00fazkych pl\u00e1\u0161\u0165ov a mno\u017estva \u0161piny - \u0160koda We Love Cycling Slovensko","isPartOf":{"@id":"https:\/\/www.welovecycling.com\/sk\/#website"},"primaryImageOfPage":{"@id":"https:\/\/www.welovecycling.com\/sk\/2024\/01\/19\/cyklokros-svet-uzkych-plastov-a-mnozstva-spiny\/#primaryimage"},"image":{"@id":"https:\/\/www.welovecycling.com\/sk\/2024\/01\/19\/cyklokros-svet-uzkych-plastov-a-mnozstva-spiny\/#primaryimage"},"thumbnailUrl":"https:\/\/d2p6e6u75xmxt8.cloudfront.net\/4\/2024\/01\/Van-der-Poel-Cyclo-Cross-profimedia-0834299662-CVR.webp","datePublished":"2024-01-19T09:00:12+00:00","author":{"@id":"https:\/\/www.welovecycling.com\/sk\/#\/schema\/person\/533b62b98b6c41bd5135ebfb1f742624"},"description":"Je cyklokros jednou z naj\u0165a\u017e\u0161\u00edch cyklistick\u00fdch discipl\u00edn? O \u010dom vlastne cel\u00fd tento zvl\u00e1\u0161tny form\u00e1t je? Oplat\u00ed sa ho sledova\u0165?","breadcrumb":{"@id":"https:\/\/www.welovecycling.com\/sk\/2024\/01\/19\/cyklokros-svet-uzkych-plastov-a-mnozstva-spiny\/#breadcrumb"},"inLanguage":"sk-SK","potentialAction":[{"@type":"ReadAction","target":["https:\/\/www.welovecycling.com\/sk\/2024\/01\/19\/cyklokros-svet-uzkych-plastov-a-mnozstva-spiny\/"]}]},{"@type":"ImageObject","inLanguage":"sk-SK","@id":"https:\/\/www.welovecycling.com\/sk\/2024\/01\/19\/cyklokros-svet-uzkych-plastov-a-mnozstva-spiny\/#primaryimage","url":"https:\/\/d2p6e6u75xmxt8.cloudfront.net\/4\/2024\/01\/Van-der-Poel-Cyclo-Cross-profimedia-0834299662-CVR.webp","contentUrl":"https:\/\/d2p6e6u75xmxt8.cloudfront.net\/4\/2024\/01\/Van-der-Poel-Cyclo-Cross-profimedia-0834299662-CVR.webp","width":990,"height":660,"caption":"Zdroj: Profimedia"},{"@type":"BreadcrumbList","@id":"https:\/\/www.welovecycling.com\/sk\/2024\/01\/19\/cyklokros-svet-uzkych-plastov-a-mnozstva-spiny\/#breadcrumb","itemListElement":[{"@type":"ListItem","position":1,"name":"Home","item":"https:\/\/www.welovecycling.com\/sk\/"},{"@type":"ListItem","position":2,"name":"Cyklokros &#8211; svet \u00fazkych pl\u00e1\u0161\u0165ov a mno\u017estva \u0161piny"}]},{"@type":"WebSite","@id":"https:\/\/www.welovecycling.com\/sk\/#website","url":"https:\/\/www.welovecycling.com\/sk\/","name":"\u0160koda We Love Cycling Slovensko","description":"\u0160koda We Love Cycling Slovensko je v\u00e1\u0161 ka\u017edodenn\u00fd zdroj noviniek a in\u0161pir\u00e1cie z sveta cyklistiky","potentialAction":[{"@type":"SearchAction","target":{"@type":"EntryPoint","urlTemplate":"https:\/\/www.welovecycling.com\/sk\/?s={search_term_string}"},"query-input":{"@type":"PropertyValueSpecification","valueRequired":true,"valueName":"search_term_string"}}],"inLanguage":"sk-SK"},{"@type":"Person","@id":"https:\/\/www.welovecycling.com\/sk\/#\/schema\/person\/533b62b98b6c41bd5135ebfb1f742624","name":"dominika","image":{"@type":"ImageObject","inLanguage":"sk-SK","@id":"https:\/\/www.welovecycling.com\/sk\/#\/schema\/person\/image\/","url":"https:\/\/secure.gravatar.com\/avatar\/ded6f274ba2ec3e17fff153f7d9d96a4b33c2cb63907f75d9a5309c599a7f3e6?s=96&d=mm&r=g","contentUrl":"https:\/\/secure.gravatar.com\/avatar\/ded6f274ba2ec3e17fff153f7d9d96a4b33c2cb63907f75d9a5309c599a7f3e6?s=96&d=mm&r=g","caption":"dominika"},"url":"https:\/\/www.welovecycling.com\/sk\/author\/dominika\/"}]}},"_links":{"self":[{"href":"https:\/\/www.welovecycling.com\/sk\/wp-json\/wp\/v2\/posts\/18699","targetHints":{"allow":["GET"]}}],"collection":[{"href":"https:\/\/www.welovecycling.com\/sk\/wp-json\/wp\/v2\/posts"}],"about":[{"href":"https:\/\/www.welovecycling.com\/sk\/wp-json\/wp\/v2\/types\/post"}],"author":[{"embeddable":true,"href":"https:\/\/www.welovecycling.com\/sk\/wp-json\/wp\/v2\/users\/172"}],"replies":[{"embeddable":true,"href":"https:\/\/www.welovecycling.com\/sk\/wp-json\/wp\/v2\/comments?post=18699"}],"version-history":[{"count":2,"href":"https:\/\/www.welovecycling.com\/sk\/wp-json\/wp\/v2\/posts\/18699\/revisions"}],"predecessor-version":[{"id":18702,"href":"https:\/\/www.welovecycling.com\/sk\/wp-json\/wp\/v2\/posts\/18699\/revisions\/18702"}],"wp:featuredmedia":[{"embeddable":true,"href":"https:\/\/www.welovecycling.com\/sk\/wp-json\/wp\/v2\/media\/18701"}],"wp:attachment":[{"href":"https:\/\/www.welovecycling.com\/sk\/wp-json\/wp\/v2\/media?parent=18699"}],"wp:term":[{"taxonomy":"category","embeddable":true,"href":"https:\/\/www.welovecycling.com\/sk\/wp-json\/wp\/v2\/categories?post=18699"},{"taxonomy":"post_tag","embeddable":true,"href":"https:\/\/www.welovecycling.com\/sk\/wp-json\/wp\/v2\/tags?post=18699"},{"taxonomy":"global-categories","embeddable":true,"href":"https:\/\/www.welovecycling.com\/sk\/wp-json\/wp\/v2\/global-categories?post=18699"}],"curies":[{"name":"wp","href":"https:\/\/api.w.org\/{rel}","templated":true}]}}