{"id":18686,"date":"2024-01-16T11:44:16","date_gmt":"2024-01-16T10:44:16","guid":{"rendered":"https:\/\/www.welovecycling.com\/sk\/?p=18686"},"modified":"2024-01-16T11:44:16","modified_gmt":"2024-01-16T10:44:16","slug":"zaujimave-momenty-profi-cyklistov-v-roku-2023","status":"publish","type":"post","link":"https:\/\/www.welovecycling.com\/sk\/2024\/01\/16\/zaujimave-momenty-profi-cyklistov-v-roku-2023\/","title":{"rendered":"Zauj\u00edmav\u00e9 momenty profi cyklistov v roku 2023"},"content":{"rendered":"<p><strong>Profesion\u00e1lnych cyklistov niekedy vn\u00edmame ako nedosiahnute\u013en\u00e9 idoly. Ako \u013eud\u00ed, ktor\u00ed \u017eij\u00fa v pre n\u00e1s nezn\u00e1mych \u201ev\u00fd\u0161in\u00e1ch\u201c. Ale treba si uvedomi\u0165, \u017ee s\u00fa to \u013eudia ako my \u2013 so svojimi chybami, staros\u0165ami aj rados\u0165ami. Po\u010fte sa so mnou pozrie\u0165 na zauj\u00edmav\u00e9 momenty z ich be\u017en\u00e9ho \u017eivota v uplynulom roku 2023.\u00a0<\/strong><!--more--><\/p>\n<h2><b>Peter Sagan<\/b><\/h2>\n<p><span style=\"font-weight: 400;\">Peter Sagan v minulom roku<\/span><a href=\"https:\/\/www.welovecycling.com\/sk\/2023\/01\/28\/saganova-kariera-je-na-konci\/\"><span style=\"font-weight: 400;\"> presedlal z cestn\u00fdch bicyklov na tie horsk\u00e9<\/span><\/a><span style=\"font-weight: 400;\">. To v\u0161ak neznamen\u00e1, \u017ee na cestn\u00fd bicykel v r\u00e1mci tr\u00e9ningu u\u017e v\u00f4bec nesadne. D\u00f4kazom je aj jeho pr\u00edspevok na Instagrame \u2013 <strong>z\u00fa\u010dastnil sa ka\u017edoro\u010dnej akcie BEKING &#8211; Back to Bike v uliciach Monaka.<\/strong> Ako m\u00f4\u017eete vidie\u0165, povozil na bicykli aj svojho syna Marlona a nezabudnite si v\u0161imn\u00fa\u0165, ak\u00fa m\u00e1 Marlon skvel\u00fa prilbu.\u00a0<\/span><\/p>\n<p><a href=\"https:\/\/www.instagram.com\/p\/CyiXY7lMmCb\/?igsh=bWE0YW8wOWw2cnRh\">https:\/\/www.instagram.com\/p\/CyiXY7lMmCb\/?igsh=bWE0YW8wOWw2cnRh<\/a><\/p>\n<h2><b>Tadej Poga\u010dar<\/b><b>\u00a0<\/b><\/h2>\n<p><span style=\"font-weight: 400;\">\u00daspe\u0161n\u00fd cyklista v roku 2023 vyhral nieko\u013eko pretekov, okrem in\u00e9ho Okolo Fl\u00e1mska, Amstel Gold Race a de\u0148 pred koncom Tour de France sa do\u010dkal aj etapov\u00e9ho v\u00ed\u0165azstva. <strong>Ned\u00e1vno ohl\u00e1sil, \u017ee v tomto roku t\u00fa\u017ei vyhra\u0165 Tour de France aj Giro.<\/strong> Uvid\u00edme, ako sa mu bude dari\u0165. Ka\u017edop\u00e1dne, m\u00e1 aj zmysel pre humor a na svojom Instagramovom profile predviedol takzvan\u00e9 Christmas wheelie \u2013 a v\u0161imnite si, v akom trendovom svetr\u00edku.\u00a0<\/span><\/p>\n<p><a href=\"https:\/\/www.instagram.com\/p\/C1XOz2xsPo1\/?igsh=ZnZuYmpkZG5nZGUx\">https:\/\/www.instagram.com\/p\/C1XOz2xsPo1\/?igsh=ZnZuYmpkZG5nZGUx<\/a><\/p>\n<h2><b>Romain Bardet<\/b><\/h2>\n<p><span style=\"font-weight: 400;\">Franc\u00fazsky cyklista jazdiaci za TEAM DSM v minulom roku takisto nezah\u00e1\u013eal a aj ke\u010f nemal tak\u00fa \u00faspe\u0161n\u00fa sez\u00f3nu ako vy\u0161\u0161ie spom\u00ednan\u00fd Poga\u010dar, napriek tomu sa umiest\u0148oval v prvej desiatke. <strong>Vzh\u013eadom na jeho vek sa u\u017e v z\u00e1kulis\u00ed \u0161epk\u00e1 aj o tom, \u010di to nebola jeho posledn\u00e1 sez\u00f3na.<\/strong> Ak aj \u00e1no, aspo\u0148 sa m\u00f4\u017ee naplno venova\u0165 nov\u00e9mu cyklistick\u00e9mu dorastu a hlavne svojmu synovi, ktor\u00fd sa u\u017e akt\u00edvne z\u00fa\u010dast\u0148uje svojich mal\u00fdch pretekov.\u00a0<\/span><\/p>\n<p><a href=\"https:\/\/www.instagram.com\/p\/CufSlnEIhBo\/?igsh=Y3RiNWU1bmU1cGRi\">https:\/\/www.instagram.com\/p\/CufSlnEIhBo\/?igsh=Y3RiNWU1bmU1cGRi<\/a><\/p>\n<h2><b>Egan Bernal<\/b><\/h2>\n<p><span style=\"font-weight: 400;\"><strong>Egan sa po \u0165a\u017ekej nehode, ktor\u00fa mal e\u0161te v roku 2022, len pomaly dost\u00e1va do formy.<\/strong> V roku 2023 obsadil dve \u00f4sme miesta na Tour de Romandie a Tour de Hongrie. Po dvoch rokoch sa vr\u00e1til aj na Tour de France, ale nerobil si n\u00e1deje na v\u00edtazstv\u00e1. Zranenia mu v\u0161ak ni\u010d neubrali na \u0161ikovnosti. Pozrite, ako si tr\u00e9noval svoju pozornos\u0165.\u00a0<\/span><\/p>\n<p><a href=\"https:\/\/www.instagram.com\/p\/CzQE3w0oNA_\/?igsh=NXFqdmY3czFieTd2\">https:\/\/www.instagram.com\/p\/CzQE3w0oNA_\/?igsh=NXFqdmY3czFieTd2<\/a><\/p>\n<h2><b>Wout Van Aert<\/b><\/h2>\n<p><span style=\"font-weight: 400;\">U \u0161portovcov sa \u010dasto rozpr\u00e1va o tom, \u017ee kv\u00f4li pretekom zanedb\u00e1vaj\u00fa rodinu, a \u010di je Ve\u013ek\u00e1 noc alebo Vianoce, oni s\u00fa na pretekoch alebo na tr\u00e9ningoch. N\u00e1jdu sa v\u0161ak v\u00fdnimky a jednou z nich je Wout Van Aert. Rozhodne je rodinne zalo\u017een\u00fd, o \u010dom sved\u010d\u00ed aj gesto, ktor\u00e9 urobil. <strong>Pred 18. etapou odst\u00fapil z Tour de France 2023, aby sa vr\u00e1til domov tesne predt\u00fdm, ako sa im malo narodi\u0165 druh\u00e9 die\u0165a.<\/strong> Rodina je predsa najviac.\u00a0<\/span><\/p>\n<p><a href=\"https:\/\/www.instagram.com\/p\/Cu9F8OzNkgO\/?igsh=cXZ4Nm9vYWxuMjM0\">https:\/\/www.instagram.com\/p\/Cu9F8OzNkgO\/?igsh=cXZ4Nm9vYWxuMjM0<\/a><\/p>\n<h2><b>Jasper Philipsen<\/b><\/h2>\n<p><span style=\"font-weight: 400;\">\u00daspe\u0161n\u00fd rok m\u00e1 za sebou aj Jasper \u2013 <strong>z\u00edskal viacero prv\u00fdch miest a dokonca sa zap\u00edsal do hist\u00f3rie so svojimi 18-timi v\u00ed\u0165azstvami.<\/strong> Na Tour de France nemali s\u00faperi v hromadn\u00fdch dojazdoch \u0161ancu, ke\u010f ich nieko\u013eko vyhral. Po jeden\u00e1stej etape z\u00edskal aj zelen\u00fd dres. Pre fan\u00fa\u0161ikov je predstava \u00faspe\u0161n\u00e9ho \u0161portovca takmer nezlu\u010dite\u013en\u00e1 s norm\u00e1lnym s\u00fakromn\u00fdm \u017eivotom, ale na Instagrame ho m\u00f4\u017eete vidie\u0165 pri be\u017enej n\u00e1v\u0161teve u kadern\u00edka.\u00a0<\/span><\/p>\n<p><a href=\"https:\/\/www.instagram.com\/p\/CuJckB9sJC2\/?igsh=MTBkZW41N2NlMjQ3Yw==\">https:\/\/www.instagram.com\/p\/CuJckB9sJC2\/?igsh=MTBkZW41N2NlMjQ3Yw==<\/a><\/p>\n<h2><b>Gulio Ciccone<\/b><\/h2>\n<p><span style=\"font-weight: 400;\">Gulio je \u00faspe\u0161n\u00fd vrch\u00e1r, ktor\u00fd obliekal bodkovan\u00fd dres nielen na Crit\u00e9rium du Dauphin\u00e9, ale aj na prest\u00ed\u017enej Tour de France. A pr\u00e1ve na dres sa chceme pozrie\u0165. <strong>Videli ste u\u017e cyklistu za \u0161ijac\u00edm strojom?<\/strong> Ja e\u0161te nie. Ale mysl\u00edm, \u017ee ten origin\u00e1lny v\u00fdsledok by sa dal celkom slu\u0161ne vydra\u017ei\u0165.\u00a0<\/span><\/p>\n<p><a href=\"https:\/\/www.instagram.com\/p\/CzvdLzysSCy\/?igsh=bWRwM2VyZnZyYTY2\">https:\/\/www.instagram.com\/p\/CzvdLzysSCy\/?igsh=bWRwM2VyZnZyYTY2<\/a><\/p>\n<h2><b>Simmons Quinn<\/b><\/h2>\n<p><span style=\"font-weight: 400;\">T\u00edmov\u00fd kolega Gulia Cicconeho si svoj dres s\u00edce neu\u0161il, ale<strong> ako spr\u00e1vny Ameri\u010dan a fan\u00fa\u0161ik NHL nev\u00e1ha obu\u0165 kor\u010dule a zahra\u0165 si tak nebezpe\u010dn\u00fd a kontaktn\u00fd \u0161port, ak\u00fdm je hokej.<\/strong> Aj jeho imid\u017e je pre cyklistu netradi\u010dn\u00fd a asi viacej by sa hodil na \u013eadov\u00fa plochu. Mo\u017eno to bude jeho druh\u00fd \u0161port, ke\u010f skon\u010d\u00ed s cyklistikou.\u00a0<\/span><\/p>\n<p><a href=\"https:\/\/www.instagram.com\/p\/CylnoIqOf4f\/?igsh=MXMyenNndnhtbm96ag==\">https:\/\/www.instagram.com\/p\/CylnoIqOf4f\/?igsh=MXMyenNndnhtbm96ag==<\/a><\/p>\n<h2><b>Felix Gall<\/b><\/h2>\n<p><span style=\"font-weight: 400;\">Rak\u00fasky profesion\u00e1lny cyklista Felix Gall sa v roku 2023 do\u010dkal svojej prvej \u00fa\u010dasti na Tour de France. <strong>Na skvelom z\u00e1bere ho fotograf zachytil, ako trpezlivo \u010dak\u00e1 na \u0161tart s baretkou na hlave, bagetou pod pazuchou a s neodmyslite\u013enou k\u00e1vou.<\/strong> A to hne\u010f v piatej etape skon\u010dil tret\u00ed a sedemn\u00e1stu horsk\u00fa etapu vyhral. Skuto\u010dne skvel\u00fd \u0161tart na jeho prvej TdF.\u00a0<\/span><\/p>\n<p><a href=\"https:\/\/www.instagram.com\/p\/CuEhnoes70e\/?igsh=NWZneXI2Y2duNzE1\">https:\/\/www.instagram.com\/p\/CuEhnoes70e\/?igsh=NWZneXI2Y2duNzE1<\/a><\/p>\n","protected":false},"excerpt":{"rendered":"<p>Profesion\u00e1lnych cyklistov niekedy vn\u00edmame ako nedosiahnute\u013en\u00e9 idoly. Ako \u013eud\u00ed, ktor\u00ed \u017eij\u00fa v pre n\u00e1s nezn\u00e1mych \u201ev\u00fd\u0161in\u00e1ch\u201c. Ale treba si uvedomi\u0165, [&hellip;]<\/p>\n","protected":false},"author":172,"featured_media":18690,"comment_status":"open","ping_status":"open","sticky":false,"template":"","format":"standard","meta":{"footnotes":""},"categories":[118],"tags":[115,597,1038,1624,1622,1602,46,885,189,1623,1258,907,183,1620,594],"global-categories":[1074],"class_list":["post-18686","post","type-post","status-publish","format-standard","has-post-thumbnail","hentry","category-zabava","tag-cestna-cyklistika","tag-cyklista","tag-egan-bernal","tag-felix-gall","tag-gulio-ciccone","tag-jasper-philisen","tag-peter-sagan","tag-profesional","tag-romain-bardet","tag-simmons-quinn","tag-tadej-pogacar","tag-wout-van-aert","tag-zabava","tag-zaujimavosti","tag-zivot","global-categories-cycling"],"yoast_head":"<!-- This site is optimized with the Yoast SEO Premium plugin v25.3 (Yoast SEO v25.9) - https:\/\/yoast.com\/wordpress\/plugins\/seo\/ -->\n<title>Zauj\u00edmav\u00e9 momenty profi cyklistov v roku 2023 - \u0160koda We Love Cycling Slovensko<\/title>\n<meta name=\"description\" content=\"Profesion\u00e1lnych cyklistov niekedy vn\u00edmame ako nedosiahnute\u013en\u00e9 idoly. Treba si uvedomi\u0165, \u017ee s\u00fa to \u013eudia ako my.\" \/>\n<meta name=\"robots\" content=\"index, follow, max-snippet:-1, max-image-preview:large, max-video-preview:-1\" \/>\n<link rel=\"canonical\" href=\"https:\/\/www.welovecycling.com\/sk\/2024\/01\/16\/zaujimave-momenty-profi-cyklistov-v-roku-2023\/\" \/>\n<meta property=\"og:locale\" content=\"sk_SK\" \/>\n<meta property=\"og:type\" content=\"article\" \/>\n<meta property=\"og:title\" content=\"Zauj\u00edmav\u00e9 momenty profi cyklistov v roku 2023\" \/>\n<meta property=\"og:description\" content=\"Profesion\u00e1lnych cyklistov niekedy vn\u00edmame ako nedosiahnute\u013en\u00e9 idoly. Treba si uvedomi\u0165, \u017ee s\u00fa to \u013eudia ako my.\" \/>\n<meta property=\"og:url\" content=\"https:\/\/www.welovecycling.com\/sk\/2024\/01\/16\/zaujimave-momenty-profi-cyklistov-v-roku-2023\/\" \/>\n<meta property=\"og:site_name\" content=\"\u0160koda We Love Cycling Slovensko\" \/>\n<meta property=\"article:published_time\" content=\"2024-01-16T10:44:16+00:00\" \/>\n<meta property=\"og:image\" content=\"https:\/\/d2p6e6u75xmxt8.cloudfront.net\/4\/2024\/01\/momenty_cyklistov_titulka.webp\" \/>\n\t<meta property=\"og:image:width\" content=\"990\" \/>\n\t<meta property=\"og:image:height\" content=\"660\" \/>\n\t<meta property=\"og:image:type\" content=\"image\/webp\" \/>\n<meta name=\"author\" content=\"dominika\" \/>\n<meta name=\"twitter:card\" content=\"summary_large_image\" \/>\n<meta name=\"twitter:label1\" content=\"Written by\" \/>\n\t<meta name=\"twitter:data1\" content=\"Radovan Vr\u0161ka\" \/>\n\t<meta name=\"twitter:label2\" content=\"Est. reading time\" \/>\n\t<meta name=\"twitter:data2\" content=\"4\" \/>\n<script type=\"application\/ld+json\" class=\"yoast-schema-graph\">{\"@context\":\"https:\/\/schema.org\",\"@graph\":[{\"@type\":\"WebPage\",\"@id\":\"https:\/\/www.welovecycling.com\/sk\/2024\/01\/16\/zaujimave-momenty-profi-cyklistov-v-roku-2023\/\",\"url\":\"https:\/\/www.welovecycling.com\/sk\/2024\/01\/16\/zaujimave-momenty-profi-cyklistov-v-roku-2023\/\",\"name\":\"Zauj\u00edmav\u00e9 momenty profi cyklistov v roku 2023 - \u0160koda We Love Cycling Slovensko\",\"isPartOf\":{\"@id\":\"https:\/\/www.welovecycling.com\/sk\/#website\"},\"primaryImageOfPage\":{\"@id\":\"https:\/\/www.welovecycling.com\/sk\/2024\/01\/16\/zaujimave-momenty-profi-cyklistov-v-roku-2023\/#primaryimage\"},\"image\":{\"@id\":\"https:\/\/www.welovecycling.com\/sk\/2024\/01\/16\/zaujimave-momenty-profi-cyklistov-v-roku-2023\/#primaryimage\"},\"thumbnailUrl\":\"https:\/\/d2p6e6u75xmxt8.cloudfront.net\/4\/2024\/01\/momenty_cyklistov_titulka.webp\",\"datePublished\":\"2024-01-16T10:44:16+00:00\",\"author\":{\"@id\":\"https:\/\/www.welovecycling.com\/sk\/#\/schema\/person\/533b62b98b6c41bd5135ebfb1f742624\"},\"description\":\"Profesion\u00e1lnych cyklistov niekedy vn\u00edmame ako nedosiahnute\u013en\u00e9 idoly. Treba si uvedomi\u0165, \u017ee s\u00fa to \u013eudia ako my.\",\"breadcrumb\":{\"@id\":\"https:\/\/www.welovecycling.com\/sk\/2024\/01\/16\/zaujimave-momenty-profi-cyklistov-v-roku-2023\/#breadcrumb\"},\"inLanguage\":\"sk-SK\",\"potentialAction\":[{\"@type\":\"ReadAction\",\"target\":[\"https:\/\/www.welovecycling.com\/sk\/2024\/01\/16\/zaujimave-momenty-profi-cyklistov-v-roku-2023\/\"]}]},{\"@type\":\"ImageObject\",\"inLanguage\":\"sk-SK\",\"@id\":\"https:\/\/www.welovecycling.com\/sk\/2024\/01\/16\/zaujimave-momenty-profi-cyklistov-v-roku-2023\/#primaryimage\",\"url\":\"https:\/\/d2p6e6u75xmxt8.cloudfront.net\/4\/2024\/01\/momenty_cyklistov_titulka.webp\",\"contentUrl\":\"https:\/\/d2p6e6u75xmxt8.cloudfront.net\/4\/2024\/01\/momenty_cyklistov_titulka.webp\",\"width\":990,\"height\":660},{\"@type\":\"BreadcrumbList\",\"@id\":\"https:\/\/www.welovecycling.com\/sk\/2024\/01\/16\/zaujimave-momenty-profi-cyklistov-v-roku-2023\/#breadcrumb\",\"itemListElement\":[{\"@type\":\"ListItem\",\"position\":1,\"name\":\"Home\",\"item\":\"https:\/\/www.welovecycling.com\/sk\/\"},{\"@type\":\"ListItem\",\"position\":2,\"name\":\"Zauj\u00edmav\u00e9 momenty profi cyklistov v roku 2023\"}]},{\"@type\":\"WebSite\",\"@id\":\"https:\/\/www.welovecycling.com\/sk\/#website\",\"url\":\"https:\/\/www.welovecycling.com\/sk\/\",\"name\":\"\u0160koda We Love Cycling Slovensko\",\"description\":\"\u0160koda We Love Cycling Slovensko je v\u00e1\u0161 ka\u017edodenn\u00fd zdroj noviniek a in\u0161pir\u00e1cie z sveta cyklistiky\",\"potentialAction\":[{\"@type\":\"SearchAction\",\"target\":{\"@type\":\"EntryPoint\",\"urlTemplate\":\"https:\/\/www.welovecycling.com\/sk\/?s={search_term_string}\"},\"query-input\":{\"@type\":\"PropertyValueSpecification\",\"valueRequired\":true,\"valueName\":\"search_term_string\"}}],\"inLanguage\":\"sk-SK\"},{\"@type\":\"Person\",\"@id\":\"https:\/\/www.welovecycling.com\/sk\/#\/schema\/person\/533b62b98b6c41bd5135ebfb1f742624\",\"name\":\"dominika\",\"image\":{\"@type\":\"ImageObject\",\"inLanguage\":\"sk-SK\",\"@id\":\"https:\/\/www.welovecycling.com\/sk\/#\/schema\/person\/image\/\",\"url\":\"https:\/\/secure.gravatar.com\/avatar\/ded6f274ba2ec3e17fff153f7d9d96a4b33c2cb63907f75d9a5309c599a7f3e6?s=96&d=mm&r=g\",\"contentUrl\":\"https:\/\/secure.gravatar.com\/avatar\/ded6f274ba2ec3e17fff153f7d9d96a4b33c2cb63907f75d9a5309c599a7f3e6?s=96&d=mm&r=g\",\"caption\":\"dominika\"},\"url\":\"https:\/\/www.welovecycling.com\/sk\/author\/dominika\/\"}]}<\/script>\n<!-- \/ Yoast SEO Premium plugin. -->","yoast_head_json":{"title":"Zauj\u00edmav\u00e9 momenty profi cyklistov v roku 2023 - \u0160koda We Love Cycling Slovensko","description":"Profesion\u00e1lnych cyklistov niekedy vn\u00edmame ako nedosiahnute\u013en\u00e9 idoly. Treba si uvedomi\u0165, \u017ee s\u00fa to \u013eudia ako my.","robots":{"index":"index","follow":"follow","max-snippet":"max-snippet:-1","max-image-preview":"max-image-preview:large","max-video-preview":"max-video-preview:-1"},"canonical":"https:\/\/www.welovecycling.com\/sk\/2024\/01\/16\/zaujimave-momenty-profi-cyklistov-v-roku-2023\/","og_locale":"sk_SK","og_type":"article","og_title":"Zauj\u00edmav\u00e9 momenty profi cyklistov v roku 2023","og_description":"Profesion\u00e1lnych cyklistov niekedy vn\u00edmame ako nedosiahnute\u013en\u00e9 idoly. Treba si uvedomi\u0165, \u017ee s\u00fa to \u013eudia ako my.","og_url":"https:\/\/www.welovecycling.com\/sk\/2024\/01\/16\/zaujimave-momenty-profi-cyklistov-v-roku-2023\/","og_site_name":"\u0160koda We Love Cycling Slovensko","article_published_time":"2024-01-16T10:44:16+00:00","og_image":[{"width":990,"height":660,"url":"https:\/\/d2p6e6u75xmxt8.cloudfront.net\/4\/2024\/01\/momenty_cyklistov_titulka.webp","type":"image\/webp"}],"author":"dominika","twitter_card":"summary_large_image","twitter_misc":{"Written by":"Radovan Vr\u0161ka","Est. reading time":"4"},"schema":{"@context":"https:\/\/schema.org","@graph":[{"@type":"WebPage","@id":"https:\/\/www.welovecycling.com\/sk\/2024\/01\/16\/zaujimave-momenty-profi-cyklistov-v-roku-2023\/","url":"https:\/\/www.welovecycling.com\/sk\/2024\/01\/16\/zaujimave-momenty-profi-cyklistov-v-roku-2023\/","name":"Zauj\u00edmav\u00e9 momenty profi cyklistov v roku 2023 - \u0160koda We Love Cycling Slovensko","isPartOf":{"@id":"https:\/\/www.welovecycling.com\/sk\/#website"},"primaryImageOfPage":{"@id":"https:\/\/www.welovecycling.com\/sk\/2024\/01\/16\/zaujimave-momenty-profi-cyklistov-v-roku-2023\/#primaryimage"},"image":{"@id":"https:\/\/www.welovecycling.com\/sk\/2024\/01\/16\/zaujimave-momenty-profi-cyklistov-v-roku-2023\/#primaryimage"},"thumbnailUrl":"https:\/\/d2p6e6u75xmxt8.cloudfront.net\/4\/2024\/01\/momenty_cyklistov_titulka.webp","datePublished":"2024-01-16T10:44:16+00:00","author":{"@id":"https:\/\/www.welovecycling.com\/sk\/#\/schema\/person\/533b62b98b6c41bd5135ebfb1f742624"},"description":"Profesion\u00e1lnych cyklistov niekedy vn\u00edmame ako nedosiahnute\u013en\u00e9 idoly. Treba si uvedomi\u0165, \u017ee s\u00fa to \u013eudia ako my.","breadcrumb":{"@id":"https:\/\/www.welovecycling.com\/sk\/2024\/01\/16\/zaujimave-momenty-profi-cyklistov-v-roku-2023\/#breadcrumb"},"inLanguage":"sk-SK","potentialAction":[{"@type":"ReadAction","target":["https:\/\/www.welovecycling.com\/sk\/2024\/01\/16\/zaujimave-momenty-profi-cyklistov-v-roku-2023\/"]}]},{"@type":"ImageObject","inLanguage":"sk-SK","@id":"https:\/\/www.welovecycling.com\/sk\/2024\/01\/16\/zaujimave-momenty-profi-cyklistov-v-roku-2023\/#primaryimage","url":"https:\/\/d2p6e6u75xmxt8.cloudfront.net\/4\/2024\/01\/momenty_cyklistov_titulka.webp","contentUrl":"https:\/\/d2p6e6u75xmxt8.cloudfront.net\/4\/2024\/01\/momenty_cyklistov_titulka.webp","width":990,"height":660},{"@type":"BreadcrumbList","@id":"https:\/\/www.welovecycling.com\/sk\/2024\/01\/16\/zaujimave-momenty-profi-cyklistov-v-roku-2023\/#breadcrumb","itemListElement":[{"@type":"ListItem","position":1,"name":"Home","item":"https:\/\/www.welovecycling.com\/sk\/"},{"@type":"ListItem","position":2,"name":"Zauj\u00edmav\u00e9 momenty profi cyklistov v roku 2023"}]},{"@type":"WebSite","@id":"https:\/\/www.welovecycling.com\/sk\/#website","url":"https:\/\/www.welovecycling.com\/sk\/","name":"\u0160koda We Love Cycling Slovensko","description":"\u0160koda We Love Cycling Slovensko je v\u00e1\u0161 ka\u017edodenn\u00fd zdroj noviniek a in\u0161pir\u00e1cie z sveta cyklistiky","potentialAction":[{"@type":"SearchAction","target":{"@type":"EntryPoint","urlTemplate":"https:\/\/www.welovecycling.com\/sk\/?s={search_term_string}"},"query-input":{"@type":"PropertyValueSpecification","valueRequired":true,"valueName":"search_term_string"}}],"inLanguage":"sk-SK"},{"@type":"Person","@id":"https:\/\/www.welovecycling.com\/sk\/#\/schema\/person\/533b62b98b6c41bd5135ebfb1f742624","name":"dominika","image":{"@type":"ImageObject","inLanguage":"sk-SK","@id":"https:\/\/www.welovecycling.com\/sk\/#\/schema\/person\/image\/","url":"https:\/\/secure.gravatar.com\/avatar\/ded6f274ba2ec3e17fff153f7d9d96a4b33c2cb63907f75d9a5309c599a7f3e6?s=96&d=mm&r=g","contentUrl":"https:\/\/secure.gravatar.com\/avatar\/ded6f274ba2ec3e17fff153f7d9d96a4b33c2cb63907f75d9a5309c599a7f3e6?s=96&d=mm&r=g","caption":"dominika"},"url":"https:\/\/www.welovecycling.com\/sk\/author\/dominika\/"}]}},"_links":{"self":[{"href":"https:\/\/www.welovecycling.com\/sk\/wp-json\/wp\/v2\/posts\/18686","targetHints":{"allow":["GET"]}}],"collection":[{"href":"https:\/\/www.welovecycling.com\/sk\/wp-json\/wp\/v2\/posts"}],"about":[{"href":"https:\/\/www.welovecycling.com\/sk\/wp-json\/wp\/v2\/types\/post"}],"author":[{"embeddable":true,"href":"https:\/\/www.welovecycling.com\/sk\/wp-json\/wp\/v2\/users\/172"}],"replies":[{"embeddable":true,"href":"https:\/\/www.welovecycling.com\/sk\/wp-json\/wp\/v2\/comments?post=18686"}],"version-history":[{"count":2,"href":"https:\/\/www.welovecycling.com\/sk\/wp-json\/wp\/v2\/posts\/18686\/revisions"}],"predecessor-version":[{"id":18688,"href":"https:\/\/www.welovecycling.com\/sk\/wp-json\/wp\/v2\/posts\/18686\/revisions\/18688"}],"wp:featuredmedia":[{"embeddable":true,"href":"https:\/\/www.welovecycling.com\/sk\/wp-json\/wp\/v2\/media\/18690"}],"wp:attachment":[{"href":"https:\/\/www.welovecycling.com\/sk\/wp-json\/wp\/v2\/media?parent=18686"}],"wp:term":[{"taxonomy":"category","embeddable":true,"href":"https:\/\/www.welovecycling.com\/sk\/wp-json\/wp\/v2\/categories?post=18686"},{"taxonomy":"post_tag","embeddable":true,"href":"https:\/\/www.welovecycling.com\/sk\/wp-json\/wp\/v2\/tags?post=18686"},{"taxonomy":"global-categories","embeddable":true,"href":"https:\/\/www.welovecycling.com\/sk\/wp-json\/wp\/v2\/global-categories?post=18686"}],"curies":[{"name":"wp","href":"https:\/\/api.w.org\/{rel}","templated":true}]}}