{"id":18655,"date":"2024-01-06T10:00:04","date_gmt":"2024-01-06T09:00:04","guid":{"rendered":"https:\/\/www.welovecycling.com\/sk\/?p=18655"},"modified":"2024-01-05T13:16:12","modified_gmt":"2024-01-05T12:16:12","slug":"je-cyklistika-drahy-sport-2-cast","status":"publish","type":"post","link":"https:\/\/www.welovecycling.com\/sk\/2024\/01\/06\/je-cyklistika-drahy-sport-2-cast\/","title":{"rendered":"Je cyklistika drah\u00fd \u0161port? 2. \u010das\u0165"},"content":{"rendered":"<p><strong>V\u00a0<a href=\"https:\/\/www.welovecycling.com\/sk\/2023\/12\/20\/je-cyklistika-drahy-sport-1-cast\/\" target=\"_blank\" rel=\"noopener\">prvej \u010dasti<\/a> \u010dl\u00e1nku som sa pozrel na \u00fapln\u00fd z\u00e1klad \u2013 bicykel, oble\u010denie, bezpe\u010dnos\u0165 a z\u00e1kladn\u00e9 doplnky. V druhej \u010dasti sa pozriem na servis, \u00fadr\u017ebu, \u010distenie a r\u00f4zne veci spojen\u00e9 s prev\u00e1dzkou bicykla. Ka\u017edop\u00e1dne ale nezab\u00fadajme na rados\u0165 z cyklistiky a zo \u0161portovania, aby sa n\u00e1m cyklistka nestala len ak\u00fdmsi drah\u00fdm hobby a prest\u00ed\u017enou z\u00e1le\u017eitos\u0165ou. <\/strong><!--more--><\/p>\n<h2><b>N\u00e1hradn\u00e9 a potrebn\u00e9 veci<\/b><\/h2>\n<p><span style=\"font-weight: 400;\">Veci prib\u00fadaj\u00fa postupne a ani sa nenazd\u00e1me a u\u017e to nem\u00e1me kam d\u00e1va\u0165. Nehovor\u00edm len o oble\u010den\u00ed. M\u00f4\u017eu to by\u0165 napr\u00edklad dva r\u00f4zne nosi\u010de na auto \u2013 jeden ve\u013ek\u00fd pre viac bicyklov, ke\u010f vyraz\u00edte s celou rodinou a jeden men\u0161\u00ed, ke\u010f idete na tr\u00e9ning \u010di preteky s\u00e1m.\u00a0<\/span><\/p>\n<p><span style=\"font-weight: 400;\"><strong>Najlacnej\u0161ie nosi\u010de s\u00fa na zadn\u00e9 dvere auta, ktor\u00e9 si viete zaobstara\u0165 od 100 \u20ac.<\/strong> Stre\u0161n\u00e9 nosi\u010de za\u010d\u00ednaj\u00fa tie\u017e v podobnej cene, ale tam mus\u00edte pripo\u010d\u00edta\u0165 n\u00e1klady na potrebn\u00e9 vybavenie auta. Najdrah\u0161\u00edm, ale najelegantnej\u0161\u00edm rie\u0161en\u00edm s\u00fa nosi\u010de na \u0165a\u017en\u00e9 zariadenie. Tie v\u0161ak za\u010d\u00ednaj\u00fa od 300 \u20ac a podmienkou je ma\u0165 namontovan\u00e9 pr\u00e1ve to \u0165a\u017en\u00e9 zariadenie, \u010do s\u00fa \u010fal\u0161ie v\u00fddaje.\u00a0<\/span><\/p>\n<p><img loading=\"lazy\" decoding=\"async\" class=\"alignnone size-full wp-image-18657\" src=\"https:\/\/d2p6e6u75xmxt8.cloudfront.net\/4\/2024\/01\/01.webp\" alt=\"\" width=\"990\" height=\"660\" srcset=\"https:\/\/d2p6e6u75xmxt8.cloudfront.net\/4\/2024\/01\/01.webp 990w, https:\/\/d2p6e6u75xmxt8.cloudfront.net\/4\/2024\/01\/01-300x200.webp 300w, https:\/\/d2p6e6u75xmxt8.cloudfront.net\/4\/2024\/01\/01-768x512.webp 768w, https:\/\/d2p6e6u75xmxt8.cloudfront.net\/4\/2024\/01\/01-400x267.webp 400w, https:\/\/d2p6e6u75xmxt8.cloudfront.net\/4\/2024\/01\/01-272x182.webp 272w\" sizes=\"auto, (max-width: 990px) 100vw, 990px\" \/><\/p>\n<p><span style=\"font-weight: 400;\">\u010ealej budete potrebova\u0165 r\u00f4zne pl\u00e1\u0161te, ktor\u00e9 m\u00f4\u017eete meni\u0165 pod\u013ea ter\u00e9nu \u010di charakteru pretekov, kam idete jazdi\u0165. Alebo ak jazd\u00edte aj v\u00a0zime, potrebujete poriadne zimn\u00e9 pl\u00e1\u0161te. Keby to boli len pl\u00e1\u0161te, tie by sa dali niekde uschova\u0165, ale ak ich pre jednoduchos\u0165 v\u00fdmeny m\u00e1te rovno na r\u00e1fikoch, tak m\u00e1te zase o kus miesta menej.\u00a0<\/span><\/p>\n<h2><b>Servis bicykla<\/b><\/h2>\n<p><span style=\"font-weight: 400;\">Servis nie je len o dof\u00fakan\u00ed kolies a pr\u00edpadnej oprave defektu. <strong>Mali by ste ho absolvova\u0165 minim\u00e1lne pred ka\u017edou sez\u00f3nou.<\/strong> \u010ci u\u017e je to v\u00fdmena ojazden\u00fdch pl\u00e1\u0161\u0165ov alebo kontrola re\u0165aze, preto\u017ee t\u00fa treba meni\u0165 po najazden\u00ed ur\u010dit\u00fdch kilometrov. Ak to neurob\u00edte, za\u010dne v\u00e1m opotreb\u00fava\u0165 kazetu a\u00a0prevodn\u00edk, \u010do v\u00e1s potom bude sta\u0165 \u010fal\u0161ie \u2013 a nemal\u00e9 \u2013 peniaze. Samotn\u00e1 re\u0165az stoj\u00ed p\u00e1r eur, no v\u00fdmena kazety a prevodn\u00edka, to u\u017e je p\u00e1r stoviek eur.\u00a0<\/span><\/p>\n<p><span style=\"font-weight: 400;\">Takisto treba kontrolova\u0165 brzdov\u00e9 oblo\u017eenie, ak m\u00e1te odpru\u017eenie, aj to potrebuje svoju starostlivos\u0165. Aspo\u0148 raz ro\u010dne treba skontrolova\u0165 aj r\u00e1m, \u010di nem\u00e1 nejak\u00e9 praskliny \u010di in\u00e9 podozriv\u00e9 vady. Skr\u00e1tka, servis je skuto\u010dne potrebn\u00fd a ak nie\u010do zanedb\u00e1te v\u00a0za\u010diatkoch, bude v\u00e1s to nesk\u00f4r st\u00e1\u0165 ove\u013ea viac pe\u0148az\u00ed.\u00a0<\/span><\/p>\n<h2><b>\u010cistenie bicykla<\/b><\/h2>\n<p><span style=\"font-weight: 400;\">Po\u010das be\u017enej prev\u00e1dzky je potrebn\u00e9 stara\u0165 sa o\u00a0bicykel.<strong> Po v\u00fdjazde ho treba umy\u0165. \u010cas od \u010dasu je potrebn\u00e9 namaza\u0165 v\u0161etky pohybliv\u00e9 \u010dasti.<\/strong> Ani sa nenazd\u00e1te a\u00a0budete ma\u0165 v\u00a0pivnici, gar\u00e1\u017ei alebo v\u00a0tom hor\u0161om pr\u00edpade na chodbe v\u00a0byte viac \u010distiacich a\u00a0mazac\u00edch pr\u00edpravkov ako pre seba v\u00a0k\u00fape\u013eni. Niektor\u00e9 \u010distiace pr\u00edpravky \u010di oleje tie\u017e nie\u010do stoja. Kvalitn\u00fd olej na mazanie re\u0165aze m\u00f4\u017ee pokojne st\u00e1\u0165 aj 100 \u20ac.\u00a0<\/span><\/p>\n<p><span style=\"font-weight: 400;\">A to nehovor\u00edm o tom, \u017ee \u010doskoro zist\u00edte, ak\u00e9 pohodln\u00e9 a r\u00fdchle je opl\u00e1chnu\u0165 bicykel wapkou. <strong>Mobiln\u00fd n\u00edzkotlakov\u00fd \u010disti\u010d sa pohybuje okolo 150 \u20ac a ak by ste chceli nie\u010do v\u00fdkonnej\u0161ie, za\u010d\u00ednate od 300 \u20ac a vy\u0161\u0161ie.<\/strong> Ale to pohodlie pri takomto um\u00fdvan\u00ed je na nezaplatenie.\u00a0<\/span><\/p>\n<p><img loading=\"lazy\" decoding=\"async\" class=\"alignnone size-full wp-image-18658\" src=\"https:\/\/d2p6e6u75xmxt8.cloudfront.net\/4\/2024\/01\/02.webp\" alt=\"\" width=\"990\" height=\"660\" srcset=\"https:\/\/d2p6e6u75xmxt8.cloudfront.net\/4\/2024\/01\/02.webp 990w, https:\/\/d2p6e6u75xmxt8.cloudfront.net\/4\/2024\/01\/02-300x200.webp 300w, https:\/\/d2p6e6u75xmxt8.cloudfront.net\/4\/2024\/01\/02-768x512.webp 768w, https:\/\/d2p6e6u75xmxt8.cloudfront.net\/4\/2024\/01\/02-400x267.webp 400w, https:\/\/d2p6e6u75xmxt8.cloudfront.net\/4\/2024\/01\/02-272x182.webp 272w\" sizes=\"auto, (max-width: 990px) 100vw, 990px\" \/><\/p>\n<h2><b>Porovnanie n\u00e1kladov<\/b><\/h2>\n<p><span style=\"font-weight: 400;\"><strong>Cyklistika, tak ako ka\u017ed\u00e9 in\u00e9 hobby, nie je finan\u010dne n\u00e1ro\u010dn\u00e1 a nedosiahnute\u013en\u00e1 pre be\u017en\u00e9ho \u010dloveka.<\/strong> Na z\u00e1ver by som si ako gitarista a hudobn\u00edk dovolil cyklistiku finan\u010dne porovna\u0165 napr\u00edklad s hudbou. <\/span><\/p>\n<p><span style=\"font-weight: 400;\">N\u00e1klady za\u010d\u00ednaj\u00faceho gitaristu s\u00fa dos\u0165 podobn\u00e9 a takisto je na tom aj sk\u00fasenej\u0161\u00ed hudobn\u00edk, ktor\u00fd \u010dasom vlastn\u00ed mno\u017estvo r\u00f4znych hudobn\u00fdch n\u00e1strojov a kopu pr\u00edslu\u0161enstva v podobe gitarov\u00fdch efektov, k\u00e1blov, ladi\u010diek a podobne. Gitara, podobne ako bicykel, m\u00f4\u017ee st\u00e1\u0165 pokojne aj 10 000 \u20ac, tak\u017ee ak ste prepadli cyklistike naplno a dopriali ste si to najlep\u0161ie, ur\u010dite nemajte v\u00fd\u010ditky svedomia.\u00a0<\/span><\/p>\n","protected":false},"excerpt":{"rendered":"<p>V\u00a0prvej \u010dasti \u010dl\u00e1nku som sa pozrel na \u00fapln\u00fd z\u00e1klad \u2013 bicykel, oble\u010denie, bezpe\u010dnos\u0165 a z\u00e1kladn\u00e9 doplnky. V druhej \u010dasti sa [&hellip;]<\/p>\n","protected":false},"author":172,"featured_media":18656,"comment_status":"open","ping_status":"open","sticky":false,"template":"","format":"standard","meta":{"footnotes":""},"categories":[191],"tags":[884,115,289,546,1000,248,180,222,563,707,1196],"global-categories":[1074],"class_list":["post-18655","post","type-post","status-publish","format-standard","has-post-thumbnail","hentry","category-odporucame","tag-ceny","tag-cestna-cyklistika","tag-cistenie","tag-cyklistika","tag-financie","tag-hobby","tag-horska-cyklistika","tag-komponenty","tag-servis","tag-umyvanie","tag-vybava","global-categories-cycling"],"yoast_head":"<!-- This site is optimized with the Yoast SEO Premium plugin v25.3 (Yoast SEO v25.9) - https:\/\/yoast.com\/wordpress\/plugins\/seo\/ -->\n<title>Je cyklistika drah\u00fd \u0161port? 2. \u010das\u0165 - \u0160koda We Love Cycling Slovensko<\/title>\n<meta name=\"description\" content=\"Servis, \u00fadr\u017eba, \u010distenie a r\u00f4zne veci spojen\u00e9 s prev\u00e1dzkou bicykla - ko\u013eko be\u017en\u00e9ho cyklistu finan\u010dne vyjdu?\" \/>\n<meta name=\"robots\" content=\"index, follow, max-snippet:-1, max-image-preview:large, max-video-preview:-1\" \/>\n<link rel=\"canonical\" href=\"https:\/\/www.welovecycling.com\/sk\/2024\/01\/06\/je-cyklistika-drahy-sport-2-cast\/\" \/>\n<meta property=\"og:locale\" content=\"sk_SK\" \/>\n<meta property=\"og:type\" content=\"article\" \/>\n<meta property=\"og:title\" content=\"Je cyklistika drah\u00fd \u0161port? 2. \u010das\u0165\" \/>\n<meta property=\"og:description\" content=\"Servis, \u00fadr\u017eba, \u010distenie a r\u00f4zne veci spojen\u00e9 s prev\u00e1dzkou bicykla - ko\u013eko be\u017en\u00e9ho cyklistu finan\u010dne vyjdu?\" \/>\n<meta property=\"og:url\" content=\"https:\/\/www.welovecycling.com\/sk\/2024\/01\/06\/je-cyklistika-drahy-sport-2-cast\/\" \/>\n<meta property=\"og:site_name\" content=\"\u0160koda We Love Cycling Slovensko\" \/>\n<meta property=\"article:published_time\" content=\"2024-01-06T09:00:04+00:00\" \/>\n<meta property=\"og:image\" content=\"https:\/\/d2p6e6u75xmxt8.cloudfront.net\/4\/2024\/01\/titulka.webp\" \/>\n\t<meta property=\"og:image:width\" content=\"990\" \/>\n\t<meta property=\"og:image:height\" content=\"660\" \/>\n\t<meta property=\"og:image:type\" content=\"image\/webp\" \/>\n<meta name=\"author\" content=\"dominika\" \/>\n<meta name=\"twitter:card\" content=\"summary_large_image\" \/>\n<meta name=\"twitter:label1\" content=\"Written by\" \/>\n\t<meta name=\"twitter:data1\" content=\"Radovan Vr\u0161ka\" \/>\n\t<meta name=\"twitter:label2\" content=\"Est. reading time\" \/>\n\t<meta name=\"twitter:data2\" content=\"3\" \/>\n<script type=\"application\/ld+json\" class=\"yoast-schema-graph\">{\"@context\":\"https:\/\/schema.org\",\"@graph\":[{\"@type\":\"WebPage\",\"@id\":\"https:\/\/www.welovecycling.com\/sk\/2024\/01\/06\/je-cyklistika-drahy-sport-2-cast\/\",\"url\":\"https:\/\/www.welovecycling.com\/sk\/2024\/01\/06\/je-cyklistika-drahy-sport-2-cast\/\",\"name\":\"Je cyklistika drah\u00fd \u0161port? 2. \u010das\u0165 - \u0160koda We Love Cycling Slovensko\",\"isPartOf\":{\"@id\":\"https:\/\/www.welovecycling.com\/sk\/#website\"},\"primaryImageOfPage\":{\"@id\":\"https:\/\/www.welovecycling.com\/sk\/2024\/01\/06\/je-cyklistika-drahy-sport-2-cast\/#primaryimage\"},\"image\":{\"@id\":\"https:\/\/www.welovecycling.com\/sk\/2024\/01\/06\/je-cyklistika-drahy-sport-2-cast\/#primaryimage\"},\"thumbnailUrl\":\"https:\/\/d2p6e6u75xmxt8.cloudfront.net\/4\/2024\/01\/titulka.webp\",\"datePublished\":\"2024-01-06T09:00:04+00:00\",\"author\":{\"@id\":\"https:\/\/www.welovecycling.com\/sk\/#\/schema\/person\/533b62b98b6c41bd5135ebfb1f742624\"},\"description\":\"Servis, \u00fadr\u017eba, \u010distenie a r\u00f4zne veci spojen\u00e9 s prev\u00e1dzkou bicykla - ko\u013eko be\u017en\u00e9ho cyklistu finan\u010dne vyjdu?\",\"breadcrumb\":{\"@id\":\"https:\/\/www.welovecycling.com\/sk\/2024\/01\/06\/je-cyklistika-drahy-sport-2-cast\/#breadcrumb\"},\"inLanguage\":\"sk-SK\",\"potentialAction\":[{\"@type\":\"ReadAction\",\"target\":[\"https:\/\/www.welovecycling.com\/sk\/2024\/01\/06\/je-cyklistika-drahy-sport-2-cast\/\"]}]},{\"@type\":\"ImageObject\",\"inLanguage\":\"sk-SK\",\"@id\":\"https:\/\/www.welovecycling.com\/sk\/2024\/01\/06\/je-cyklistika-drahy-sport-2-cast\/#primaryimage\",\"url\":\"https:\/\/d2p6e6u75xmxt8.cloudfront.net\/4\/2024\/01\/titulka.webp\",\"contentUrl\":\"https:\/\/d2p6e6u75xmxt8.cloudfront.net\/4\/2024\/01\/titulka.webp\",\"width\":990,\"height\":660},{\"@type\":\"BreadcrumbList\",\"@id\":\"https:\/\/www.welovecycling.com\/sk\/2024\/01\/06\/je-cyklistika-drahy-sport-2-cast\/#breadcrumb\",\"itemListElement\":[{\"@type\":\"ListItem\",\"position\":1,\"name\":\"Home\",\"item\":\"https:\/\/www.welovecycling.com\/sk\/\"},{\"@type\":\"ListItem\",\"position\":2,\"name\":\"Je cyklistika drah\u00fd \u0161port? 2. \u010das\u0165\"}]},{\"@type\":\"WebSite\",\"@id\":\"https:\/\/www.welovecycling.com\/sk\/#website\",\"url\":\"https:\/\/www.welovecycling.com\/sk\/\",\"name\":\"\u0160koda We Love Cycling Slovensko\",\"description\":\"\u0160koda We Love Cycling Slovensko je v\u00e1\u0161 ka\u017edodenn\u00fd zdroj noviniek a in\u0161pir\u00e1cie z sveta cyklistiky\",\"potentialAction\":[{\"@type\":\"SearchAction\",\"target\":{\"@type\":\"EntryPoint\",\"urlTemplate\":\"https:\/\/www.welovecycling.com\/sk\/?s={search_term_string}\"},\"query-input\":{\"@type\":\"PropertyValueSpecification\",\"valueRequired\":true,\"valueName\":\"search_term_string\"}}],\"inLanguage\":\"sk-SK\"},{\"@type\":\"Person\",\"@id\":\"https:\/\/www.welovecycling.com\/sk\/#\/schema\/person\/533b62b98b6c41bd5135ebfb1f742624\",\"name\":\"dominika\",\"image\":{\"@type\":\"ImageObject\",\"inLanguage\":\"sk-SK\",\"@id\":\"https:\/\/www.welovecycling.com\/sk\/#\/schema\/person\/image\/\",\"url\":\"https:\/\/secure.gravatar.com\/avatar\/ded6f274ba2ec3e17fff153f7d9d96a4b33c2cb63907f75d9a5309c599a7f3e6?s=96&d=mm&r=g\",\"contentUrl\":\"https:\/\/secure.gravatar.com\/avatar\/ded6f274ba2ec3e17fff153f7d9d96a4b33c2cb63907f75d9a5309c599a7f3e6?s=96&d=mm&r=g\",\"caption\":\"dominika\"},\"url\":\"https:\/\/www.welovecycling.com\/sk\/author\/dominika\/\"}]}<\/script>\n<!-- \/ Yoast SEO Premium plugin. -->","yoast_head_json":{"title":"Je cyklistika drah\u00fd \u0161port? 2. \u010das\u0165 - \u0160koda We Love Cycling Slovensko","description":"Servis, \u00fadr\u017eba, \u010distenie a r\u00f4zne veci spojen\u00e9 s prev\u00e1dzkou bicykla - ko\u013eko be\u017en\u00e9ho cyklistu finan\u010dne vyjdu?","robots":{"index":"index","follow":"follow","max-snippet":"max-snippet:-1","max-image-preview":"max-image-preview:large","max-video-preview":"max-video-preview:-1"},"canonical":"https:\/\/www.welovecycling.com\/sk\/2024\/01\/06\/je-cyklistika-drahy-sport-2-cast\/","og_locale":"sk_SK","og_type":"article","og_title":"Je cyklistika drah\u00fd \u0161port? 2. \u010das\u0165","og_description":"Servis, \u00fadr\u017eba, \u010distenie a r\u00f4zne veci spojen\u00e9 s prev\u00e1dzkou bicykla - ko\u013eko be\u017en\u00e9ho cyklistu finan\u010dne vyjdu?","og_url":"https:\/\/www.welovecycling.com\/sk\/2024\/01\/06\/je-cyklistika-drahy-sport-2-cast\/","og_site_name":"\u0160koda We Love Cycling Slovensko","article_published_time":"2024-01-06T09:00:04+00:00","og_image":[{"width":990,"height":660,"url":"https:\/\/d2p6e6u75xmxt8.cloudfront.net\/4\/2024\/01\/titulka.webp","type":"image\/webp"}],"author":"dominika","twitter_card":"summary_large_image","twitter_misc":{"Written by":"Radovan Vr\u0161ka","Est. reading time":"3"},"schema":{"@context":"https:\/\/schema.org","@graph":[{"@type":"WebPage","@id":"https:\/\/www.welovecycling.com\/sk\/2024\/01\/06\/je-cyklistika-drahy-sport-2-cast\/","url":"https:\/\/www.welovecycling.com\/sk\/2024\/01\/06\/je-cyklistika-drahy-sport-2-cast\/","name":"Je cyklistika drah\u00fd \u0161port? 2. \u010das\u0165 - \u0160koda We Love Cycling Slovensko","isPartOf":{"@id":"https:\/\/www.welovecycling.com\/sk\/#website"},"primaryImageOfPage":{"@id":"https:\/\/www.welovecycling.com\/sk\/2024\/01\/06\/je-cyklistika-drahy-sport-2-cast\/#primaryimage"},"image":{"@id":"https:\/\/www.welovecycling.com\/sk\/2024\/01\/06\/je-cyklistika-drahy-sport-2-cast\/#primaryimage"},"thumbnailUrl":"https:\/\/d2p6e6u75xmxt8.cloudfront.net\/4\/2024\/01\/titulka.webp","datePublished":"2024-01-06T09:00:04+00:00","author":{"@id":"https:\/\/www.welovecycling.com\/sk\/#\/schema\/person\/533b62b98b6c41bd5135ebfb1f742624"},"description":"Servis, \u00fadr\u017eba, \u010distenie a r\u00f4zne veci spojen\u00e9 s prev\u00e1dzkou bicykla - ko\u013eko be\u017en\u00e9ho cyklistu finan\u010dne vyjdu?","breadcrumb":{"@id":"https:\/\/www.welovecycling.com\/sk\/2024\/01\/06\/je-cyklistika-drahy-sport-2-cast\/#breadcrumb"},"inLanguage":"sk-SK","potentialAction":[{"@type":"ReadAction","target":["https:\/\/www.welovecycling.com\/sk\/2024\/01\/06\/je-cyklistika-drahy-sport-2-cast\/"]}]},{"@type":"ImageObject","inLanguage":"sk-SK","@id":"https:\/\/www.welovecycling.com\/sk\/2024\/01\/06\/je-cyklistika-drahy-sport-2-cast\/#primaryimage","url":"https:\/\/d2p6e6u75xmxt8.cloudfront.net\/4\/2024\/01\/titulka.webp","contentUrl":"https:\/\/d2p6e6u75xmxt8.cloudfront.net\/4\/2024\/01\/titulka.webp","width":990,"height":660},{"@type":"BreadcrumbList","@id":"https:\/\/www.welovecycling.com\/sk\/2024\/01\/06\/je-cyklistika-drahy-sport-2-cast\/#breadcrumb","itemListElement":[{"@type":"ListItem","position":1,"name":"Home","item":"https:\/\/www.welovecycling.com\/sk\/"},{"@type":"ListItem","position":2,"name":"Je cyklistika drah\u00fd \u0161port? 2. \u010das\u0165"}]},{"@type":"WebSite","@id":"https:\/\/www.welovecycling.com\/sk\/#website","url":"https:\/\/www.welovecycling.com\/sk\/","name":"\u0160koda We Love Cycling Slovensko","description":"\u0160koda We Love Cycling Slovensko je v\u00e1\u0161 ka\u017edodenn\u00fd zdroj noviniek a in\u0161pir\u00e1cie z sveta cyklistiky","potentialAction":[{"@type":"SearchAction","target":{"@type":"EntryPoint","urlTemplate":"https:\/\/www.welovecycling.com\/sk\/?s={search_term_string}"},"query-input":{"@type":"PropertyValueSpecification","valueRequired":true,"valueName":"search_term_string"}}],"inLanguage":"sk-SK"},{"@type":"Person","@id":"https:\/\/www.welovecycling.com\/sk\/#\/schema\/person\/533b62b98b6c41bd5135ebfb1f742624","name":"dominika","image":{"@type":"ImageObject","inLanguage":"sk-SK","@id":"https:\/\/www.welovecycling.com\/sk\/#\/schema\/person\/image\/","url":"https:\/\/secure.gravatar.com\/avatar\/ded6f274ba2ec3e17fff153f7d9d96a4b33c2cb63907f75d9a5309c599a7f3e6?s=96&d=mm&r=g","contentUrl":"https:\/\/secure.gravatar.com\/avatar\/ded6f274ba2ec3e17fff153f7d9d96a4b33c2cb63907f75d9a5309c599a7f3e6?s=96&d=mm&r=g","caption":"dominika"},"url":"https:\/\/www.welovecycling.com\/sk\/author\/dominika\/"}]}},"_links":{"self":[{"href":"https:\/\/www.welovecycling.com\/sk\/wp-json\/wp\/v2\/posts\/18655","targetHints":{"allow":["GET"]}}],"collection":[{"href":"https:\/\/www.welovecycling.com\/sk\/wp-json\/wp\/v2\/posts"}],"about":[{"href":"https:\/\/www.welovecycling.com\/sk\/wp-json\/wp\/v2\/types\/post"}],"author":[{"embeddable":true,"href":"https:\/\/www.welovecycling.com\/sk\/wp-json\/wp\/v2\/users\/172"}],"replies":[{"embeddable":true,"href":"https:\/\/www.welovecycling.com\/sk\/wp-json\/wp\/v2\/comments?post=18655"}],"version-history":[{"count":2,"href":"https:\/\/www.welovecycling.com\/sk\/wp-json\/wp\/v2\/posts\/18655\/revisions"}],"predecessor-version":[{"id":18660,"href":"https:\/\/www.welovecycling.com\/sk\/wp-json\/wp\/v2\/posts\/18655\/revisions\/18660"}],"wp:featuredmedia":[{"embeddable":true,"href":"https:\/\/www.welovecycling.com\/sk\/wp-json\/wp\/v2\/media\/18656"}],"wp:attachment":[{"href":"https:\/\/www.welovecycling.com\/sk\/wp-json\/wp\/v2\/media?parent=18655"}],"wp:term":[{"taxonomy":"category","embeddable":true,"href":"https:\/\/www.welovecycling.com\/sk\/wp-json\/wp\/v2\/categories?post=18655"},{"taxonomy":"post_tag","embeddable":true,"href":"https:\/\/www.welovecycling.com\/sk\/wp-json\/wp\/v2\/tags?post=18655"},{"taxonomy":"global-categories","embeddable":true,"href":"https:\/\/www.welovecycling.com\/sk\/wp-json\/wp\/v2\/global-categories?post=18655"}],"curies":[{"name":"wp","href":"https:\/\/api.w.org\/{rel}","templated":true}]}}