{"id":18620,"date":"2023-12-20T09:35:32","date_gmt":"2023-12-20T08:35:32","guid":{"rendered":"https:\/\/www.welovecycling.com\/sk\/?p=18620"},"modified":"2023-12-20T09:35:32","modified_gmt":"2023-12-20T08:35:32","slug":"je-cyklistika-drahy-sport-1-cast","status":"publish","type":"post","link":"https:\/\/www.welovecycling.com\/sk\/2023\/12\/20\/je-cyklistika-drahy-sport-1-cast\/","title":{"rendered":"Je cyklistika drah\u00fd \u0161port? 1. \u010das\u0165"},"content":{"rendered":"<p><strong>Ak sa na to pozrieme z h\u013eadiska takej Tour de France a optikou profesion\u00e1lneho cyklistu, tak v\u00fddavky na cyklistiku s\u00fa ur\u010dite ve\u013ek\u00e9. Ale m\u0148a zauj\u00edmalo, ako finan\u010dne zasahuje do rodinn\u00e9ho rozpo\u010dtu be\u017en\u00e9ho hobby cyklistu. Po\u010fme sa na to spolo\u010dne pozrie\u0165.\u00a0<\/strong><!--more--><\/p>\n<h2><b>N\u00edzkon\u00e1kladov\u00e9 za\u010diatky\u00a0<\/b><\/h2>\n<p><span style=\"font-weight: 400;\">Ako som u\u017e spomenul, sme hobby cyklisti, a tak je to na\u0161a z\u00e1\u013euba.<strong> A t\u00ed, ktor\u00ed miluj\u00fa nejak\u00fd \u0161port, ne\u0161etria na \u0148om.<\/strong> To v\u0161ak \u010dasto zist\u00edme a\u017e po nejakom \u010dase. Preto\u017ee na to, aby sme za\u010dali bicyklova\u0165, n\u00e1m ve\u013ea netreba. Posta\u010d\u00ed lacn\u00fd bicykel, pokojne aj z druhej ruky, prilba, rukavice, nejak\u00e9 to oble\u010denie a m\u00f4\u017eeme vyrazi\u0165. Lacn\u00fd bicykel n\u00e1s vyjde na p\u00e1r stoviek a spolu so z\u00e1kladn\u00fdm vybaven\u00edm a oble\u010den\u00edm sa hravo zmest\u00edme do tis\u00edc eur.\u00a0<\/span><\/p>\n<p><img loading=\"lazy\" decoding=\"async\" class=\"alignnone size-full wp-image-18621\" src=\"https:\/\/d2p6e6u75xmxt8.cloudfront.net\/4\/2023\/12\/01-3.webp\" alt=\"cyklistika\" width=\"990\" height=\"660\" srcset=\"https:\/\/d2p6e6u75xmxt8.cloudfront.net\/4\/2023\/12\/01-3.webp 990w, https:\/\/d2p6e6u75xmxt8.cloudfront.net\/4\/2023\/12\/01-3-300x200.webp 300w, https:\/\/d2p6e6u75xmxt8.cloudfront.net\/4\/2023\/12\/01-3-768x512.webp 768w, https:\/\/d2p6e6u75xmxt8.cloudfront.net\/4\/2023\/12\/01-3-400x267.webp 400w, https:\/\/d2p6e6u75xmxt8.cloudfront.net\/4\/2023\/12\/01-3-272x182.webp 272w\" sizes=\"auto, (max-width: 990px) 100vw, 990px\" \/><\/p>\n<h2><b>Zlep\u0161ujeme v\u00fdbavu\u00a0<\/b><\/h2>\n<p><span style=\"font-weight: 400;\">Ke\u010f n\u00e1s cyklistika chyt\u00ed za srdce \u2013 a je takmer zaru\u010den\u00e9, \u017ee sa tak stane \u2013 za\u010dneme po \u010dase prem\u00fd\u0161\u013ea\u0165 nad r\u00f4znymi vylep\u0161eniami. Dokupujeme \u010dasti oble\u010denia, vylep\u0161ujeme n\u00e1\u0161 star\u00fd bicykel, zaobstar\u00e1me si nosi\u010d na auto a podobne. \u010coskoro pr\u00eddeme na to, \u017ee potrebujeme nov\u00fd a lep\u0161\u00ed bicykel. <strong>A tu prich\u00e1dza dilema \u2013 kvalita verzus cena.<\/strong> Treba myslie\u0165 na to, \u017ee drah\u00e9 vybavenie nie je z\u00e1rukou \u00faspechu. Na druhej strane v\u0161ak kvalitn\u00fd bicykel va\u0161e v\u00fdkony posunie o ve\u013ek\u00fd kus vpred.\u00a0<\/span><\/p>\n<p><span style=\"font-weight: 400;\">Ak v\u00e1\u0161 prv\u00fd horsk\u00fd bicykel st\u00e1l 400 \u20ac, tak kvalitnej\u0161\u00ed k\u00fasok za\u010d\u00edna u\u017e niekde od 1 000 \u20ac. Pri cestn\u00fdch bicykloch s\u00fa n\u00e1klady e\u0161te o trochu vy\u0161\u0161ie, preto\u017ee lacn\u00fd cestn\u00fd bicykel za\u010d\u00edna pr\u00e1ve na t\u00fdch 1 000 \u20ac a lep\u0161\u00ed model je logicky r\u00e1dovo vy\u0161\u0161ie.\u00a0<\/span><\/p>\n<h2><b>Z\u00e1kladn\u00e9 oble\u010denie<\/b><\/h2>\n<p><span style=\"font-weight: 400;\">Aj tu s\u00fa r\u00f4zne cenov\u00e9 kateg\u00f3rie a <strong>samozrejme m\u00f4\u017eete jazdi\u0165 v oby\u010dajnom tri\u010dku a kra\u0165asoch, ale \u010doskoro zist\u00edte, \u017ee funk\u010dn\u00e9 k\u00fasky maj\u00fa nie\u010do do seba.<\/strong> V prvom rade s\u00fa vyvinut\u00e9 \u0161peci\u00e1lne pre potreby cyklistov a v\u00fdrobca mysl\u00ed na r\u00f4zne detaily, ktor\u00e9 v\u00e1m spr\u00edjemnia jazdu \u2013 ako napr\u00edklad bez\u0161vov\u00e9 prevedenie \u010di odv\u00e1dzanie potu a vetranie na d\u00f4le\u017eit\u00fdch miestach.\u00a0<\/span><\/p>\n<p><span style=\"font-weight: 400;\">Takisto budete v\u010faka kvalitn\u00e9mu oble\u010deniu na bicykli vyzera\u0165 dobre, a to sa tie\u017e r\u00e1ta, no nie? Ma\u0165 viacej oble\u010denia je nevyhnutnos\u0165, preto\u017ee nebudete to\u010di\u0165 st\u00e1le jeden dres a pra\u0165 ho do zodratia. A po\u010das sez\u00f3ny teda zaru\u010dene vystriedate nieko\u013eko k\u00faskov.\u00a0<\/span><\/p>\n<p><span style=\"font-weight: 400;\"><strong>Lacnej\u0161ie dresy k\u00fapite u\u017e od 10 \u20ac, ale ak chcete kvalitnej\u0161ie materi\u00e1ly, tak za\u010d\u00ednate na trojn\u00e1sobku ceny a m\u00f4\u017eete sa dosta\u0165 a\u017e na 200 \u20ac.<\/strong> A to ani nehovor\u00edm o oble\u010den\u00ed na jarn\u00e9 a jesenn\u00e9 mesiace, ke\u010f budete potrebova\u0165 teplej\u0161ie veci, dres s dlh\u00fdm ruk\u00e1vom, n\u00e1vleky a r\u00f4zne bundy.\u00a0<\/span><\/p>\n<p><img loading=\"lazy\" decoding=\"async\" class=\"alignnone size-full wp-image-18622\" src=\"https:\/\/d2p6e6u75xmxt8.cloudfront.net\/4\/2023\/12\/02-3.webp\" alt=\"\" width=\"990\" height=\"660\" srcset=\"https:\/\/d2p6e6u75xmxt8.cloudfront.net\/4\/2023\/12\/02-3.webp 990w, https:\/\/d2p6e6u75xmxt8.cloudfront.net\/4\/2023\/12\/02-3-300x200.webp 300w, https:\/\/d2p6e6u75xmxt8.cloudfront.net\/4\/2023\/12\/02-3-768x512.webp 768w, https:\/\/d2p6e6u75xmxt8.cloudfront.net\/4\/2023\/12\/02-3-400x267.webp 400w, https:\/\/d2p6e6u75xmxt8.cloudfront.net\/4\/2023\/12\/02-3-272x182.webp 272w\" sizes=\"auto, (max-width: 990px) 100vw, 990px\" \/><\/p>\n<h2><b>Bezpe\u010dnos\u0165 a doplnky\u00a0<\/b><\/h2>\n<p><span style=\"font-weight: 400;\">Prilba je z\u00e1klad pre va\u0161u bezpe\u010dnos\u0165 a cenovo sa pohybuje podobne ako vy\u0161\u0161ie spom\u00ednan\u00e9 dresy, \u010di\u017ee od 20 \u20ac vy\u0161\u0161ie.<strong> No medzi nami, na bezpe\u010dnosti ur\u010dite ne\u0161etrite.<\/strong> Rukavice si viete zaobstara\u0165 od 5 \u20ac do 60 \u20ac a\u00a0aj v tomto pr\u00edpade maj\u00fa drah\u0161ie modely \u0161peci\u00e1lne v\u00fdstelky, napr\u00edklad proti t\u0155pnutiu r\u00fak. Vy\u0161\u0161ie n\u00e1klady s\u00fa na top\u00e1nky \u010di tretry, ktor\u00e9 v\u00e1s vyjd\u00fa od 30 a\u017e po 300 \u20ac.\u00a0<\/span><\/p>\n<p><span style=\"font-weight: 400;\">\u010ealej zist\u00edte, \u017ee potrebujete nejak\u00fd batoh na bicykel, ktor\u00fd si viete zaobstara\u0165 od 30 \u20ac. Okuliare v\u00e1s vyjd\u00fa tak na 15 \u20ac, ale ak si potrp\u00edte na kvalitu, pokojne m\u00f4\u017eu st\u00e1\u0165 aj 300 \u20ac. V z\u00e1vislosti od toho, kde a kedy jazd\u00edte, sa k tomu e\u0161te m\u00f4\u017eu prida\u0165 chr\u00e1ni\u010de, osvetlenie bicykla, GPS navig\u00e1cia, ale napr\u00edklad aj tak\u00e1 vec ako je nosi\u010d bicykla.\u00a0<\/span><\/p>\n<p><span style=\"font-weight: 400;\">Na nosi\u010de bicyklov, servis a\u00a0\u010distenie bicykla sa pozriem v\u00a0druhej \u010dasti \u010dl\u00e1nku. Aj to s\u00fa toti\u017e d\u00f4le\u017eit\u00e9 s\u00fa\u010dasti cyklistiky a\u00a0s\u00fa spojen\u00e9 s\u00a0ur\u010dit\u00fdmi n\u00e1kladmi. \u010ci u\u017e s\u00a0mal\u00fdmi alebo ve\u013ek\u00fdmi, to z\u00e1vis\u00ed len a\u00a0len od v\u00e1s, ko\u013eko \u010dasu a\u00a0pe\u0148az\u00ed ste tomu ochotn\u00ed venova\u0165.<\/span><\/p>\n","protected":false},"excerpt":{"rendered":"<p>Ak sa na to pozrieme z h\u013eadiska takej Tour de France a optikou profesion\u00e1lneho cyklistu, tak v\u00fddavky na cyklistiku s\u00fa [&hellip;]<\/p>\n","protected":false},"author":172,"featured_media":18623,"comment_status":"open","ping_status":"open","sticky":false,"template":"","format":"standard","meta":{"footnotes":""},"categories":[191],"tags":[884,115,546,1565,248,180,222,285,509,1196],"global-categories":[1074],"class_list":["post-18620","post","type-post","status-publish","format-standard","has-post-thumbnail","hentry","category-odporucame","tag-ceny","tag-cestna-cyklistika","tag-cyklistika","tag-doplnky","tag-hobby","tag-horska-cyklistika","tag-komponenty","tag-oblecenie","tag-rodina","tag-vybava","global-categories-cycling"],"yoast_head":"<!-- This site is optimized with the Yoast SEO Premium plugin v25.3 (Yoast SEO v25.9) - https:\/\/yoast.com\/wordpress\/plugins\/seo\/ -->\n<title>Je cyklistika drah\u00fd \u0161port? 1. \u010das\u0165 - \u0160koda We Love Cycling Slovensko<\/title>\n<meta name=\"description\" content=\"Ako zasahuje cyklistika finan\u010dne do rodinn\u00e9ho rozpo\u010dtu be\u017en\u00e9ho hobby cyklistu? Po\u010fme sa na to spolo\u010dne pozrie\u0165.\u00a0\" \/>\n<meta name=\"robots\" content=\"index, follow, max-snippet:-1, max-image-preview:large, max-video-preview:-1\" \/>\n<link rel=\"canonical\" href=\"https:\/\/www.welovecycling.com\/sk\/2023\/12\/20\/je-cyklistika-drahy-sport-1-cast\/\" \/>\n<meta property=\"og:locale\" content=\"sk_SK\" \/>\n<meta property=\"og:type\" content=\"article\" \/>\n<meta property=\"og:title\" content=\"Je cyklistika drah\u00fd \u0161port? 1. \u010das\u0165\" \/>\n<meta property=\"og:description\" content=\"Ako zasahuje cyklistika finan\u010dne do rodinn\u00e9ho rozpo\u010dtu be\u017en\u00e9ho hobby cyklistu? Po\u010fme sa na to spolo\u010dne pozrie\u0165.\u00a0\" \/>\n<meta property=\"og:url\" content=\"https:\/\/www.welovecycling.com\/sk\/2023\/12\/20\/je-cyklistika-drahy-sport-1-cast\/\" \/>\n<meta property=\"og:site_name\" content=\"\u0160koda We Love Cycling Slovensko\" \/>\n<meta property=\"article:published_time\" content=\"2023-12-20T08:35:32+00:00\" \/>\n<meta property=\"og:image\" content=\"https:\/\/d2p6e6u75xmxt8.cloudfront.net\/4\/2023\/12\/titulka-3.webp\" \/>\n\t<meta property=\"og:image:width\" content=\"990\" \/>\n\t<meta property=\"og:image:height\" content=\"660\" \/>\n\t<meta property=\"og:image:type\" content=\"image\/webp\" \/>\n<meta name=\"author\" content=\"dominika\" \/>\n<meta name=\"twitter:card\" content=\"summary_large_image\" \/>\n<meta name=\"twitter:label1\" content=\"Written by\" \/>\n\t<meta name=\"twitter:data1\" content=\"Radovan Vr\u0161ka\" \/>\n\t<meta name=\"twitter:label2\" content=\"Est. reading time\" \/>\n\t<meta name=\"twitter:data2\" content=\"3\" \/>\n<script type=\"application\/ld+json\" class=\"yoast-schema-graph\">{\"@context\":\"https:\/\/schema.org\",\"@graph\":[{\"@type\":\"WebPage\",\"@id\":\"https:\/\/www.welovecycling.com\/sk\/2023\/12\/20\/je-cyklistika-drahy-sport-1-cast\/\",\"url\":\"https:\/\/www.welovecycling.com\/sk\/2023\/12\/20\/je-cyklistika-drahy-sport-1-cast\/\",\"name\":\"Je cyklistika drah\u00fd \u0161port? 1. \u010das\u0165 - \u0160koda We Love Cycling Slovensko\",\"isPartOf\":{\"@id\":\"https:\/\/www.welovecycling.com\/sk\/#website\"},\"primaryImageOfPage\":{\"@id\":\"https:\/\/www.welovecycling.com\/sk\/2023\/12\/20\/je-cyklistika-drahy-sport-1-cast\/#primaryimage\"},\"image\":{\"@id\":\"https:\/\/www.welovecycling.com\/sk\/2023\/12\/20\/je-cyklistika-drahy-sport-1-cast\/#primaryimage\"},\"thumbnailUrl\":\"https:\/\/d2p6e6u75xmxt8.cloudfront.net\/4\/2023\/12\/titulka-3.webp\",\"datePublished\":\"2023-12-20T08:35:32+00:00\",\"author\":{\"@id\":\"https:\/\/www.welovecycling.com\/sk\/#\/schema\/person\/533b62b98b6c41bd5135ebfb1f742624\"},\"description\":\"Ako zasahuje cyklistika finan\u010dne do rodinn\u00e9ho rozpo\u010dtu be\u017en\u00e9ho hobby cyklistu? Po\u010fme sa na to spolo\u010dne pozrie\u0165.\u00a0\",\"breadcrumb\":{\"@id\":\"https:\/\/www.welovecycling.com\/sk\/2023\/12\/20\/je-cyklistika-drahy-sport-1-cast\/#breadcrumb\"},\"inLanguage\":\"sk-SK\",\"potentialAction\":[{\"@type\":\"ReadAction\",\"target\":[\"https:\/\/www.welovecycling.com\/sk\/2023\/12\/20\/je-cyklistika-drahy-sport-1-cast\/\"]}]},{\"@type\":\"ImageObject\",\"inLanguage\":\"sk-SK\",\"@id\":\"https:\/\/www.welovecycling.com\/sk\/2023\/12\/20\/je-cyklistika-drahy-sport-1-cast\/#primaryimage\",\"url\":\"https:\/\/d2p6e6u75xmxt8.cloudfront.net\/4\/2023\/12\/titulka-3.webp\",\"contentUrl\":\"https:\/\/d2p6e6u75xmxt8.cloudfront.net\/4\/2023\/12\/titulka-3.webp\",\"width\":990,\"height\":660},{\"@type\":\"BreadcrumbList\",\"@id\":\"https:\/\/www.welovecycling.com\/sk\/2023\/12\/20\/je-cyklistika-drahy-sport-1-cast\/#breadcrumb\",\"itemListElement\":[{\"@type\":\"ListItem\",\"position\":1,\"name\":\"Home\",\"item\":\"https:\/\/www.welovecycling.com\/sk\/\"},{\"@type\":\"ListItem\",\"position\":2,\"name\":\"Je cyklistika drah\u00fd \u0161port? 1. \u010das\u0165\"}]},{\"@type\":\"WebSite\",\"@id\":\"https:\/\/www.welovecycling.com\/sk\/#website\",\"url\":\"https:\/\/www.welovecycling.com\/sk\/\",\"name\":\"\u0160koda We Love Cycling Slovensko\",\"description\":\"\u0160koda We Love Cycling Slovensko je v\u00e1\u0161 ka\u017edodenn\u00fd zdroj noviniek a in\u0161pir\u00e1cie z sveta cyklistiky\",\"potentialAction\":[{\"@type\":\"SearchAction\",\"target\":{\"@type\":\"EntryPoint\",\"urlTemplate\":\"https:\/\/www.welovecycling.com\/sk\/?s={search_term_string}\"},\"query-input\":{\"@type\":\"PropertyValueSpecification\",\"valueRequired\":true,\"valueName\":\"search_term_string\"}}],\"inLanguage\":\"sk-SK\"},{\"@type\":\"Person\",\"@id\":\"https:\/\/www.welovecycling.com\/sk\/#\/schema\/person\/533b62b98b6c41bd5135ebfb1f742624\",\"name\":\"dominika\",\"image\":{\"@type\":\"ImageObject\",\"inLanguage\":\"sk-SK\",\"@id\":\"https:\/\/www.welovecycling.com\/sk\/#\/schema\/person\/image\/\",\"url\":\"https:\/\/secure.gravatar.com\/avatar\/ded6f274ba2ec3e17fff153f7d9d96a4b33c2cb63907f75d9a5309c599a7f3e6?s=96&d=mm&r=g\",\"contentUrl\":\"https:\/\/secure.gravatar.com\/avatar\/ded6f274ba2ec3e17fff153f7d9d96a4b33c2cb63907f75d9a5309c599a7f3e6?s=96&d=mm&r=g\",\"caption\":\"dominika\"},\"url\":\"https:\/\/www.welovecycling.com\/sk\/author\/dominika\/\"}]}<\/script>\n<!-- \/ Yoast SEO Premium plugin. -->","yoast_head_json":{"title":"Je cyklistika drah\u00fd \u0161port? 1. \u010das\u0165 - \u0160koda We Love Cycling Slovensko","description":"Ako zasahuje cyklistika finan\u010dne do rodinn\u00e9ho rozpo\u010dtu be\u017en\u00e9ho hobby cyklistu? Po\u010fme sa na to spolo\u010dne pozrie\u0165.\u00a0","robots":{"index":"index","follow":"follow","max-snippet":"max-snippet:-1","max-image-preview":"max-image-preview:large","max-video-preview":"max-video-preview:-1"},"canonical":"https:\/\/www.welovecycling.com\/sk\/2023\/12\/20\/je-cyklistika-drahy-sport-1-cast\/","og_locale":"sk_SK","og_type":"article","og_title":"Je cyklistika drah\u00fd \u0161port? 1. \u010das\u0165","og_description":"Ako zasahuje cyklistika finan\u010dne do rodinn\u00e9ho rozpo\u010dtu be\u017en\u00e9ho hobby cyklistu? Po\u010fme sa na to spolo\u010dne pozrie\u0165.\u00a0","og_url":"https:\/\/www.welovecycling.com\/sk\/2023\/12\/20\/je-cyklistika-drahy-sport-1-cast\/","og_site_name":"\u0160koda We Love Cycling Slovensko","article_published_time":"2023-12-20T08:35:32+00:00","og_image":[{"width":990,"height":660,"url":"https:\/\/d2p6e6u75xmxt8.cloudfront.net\/4\/2023\/12\/titulka-3.webp","type":"image\/webp"}],"author":"dominika","twitter_card":"summary_large_image","twitter_misc":{"Written by":"Radovan Vr\u0161ka","Est. reading time":"3"},"schema":{"@context":"https:\/\/schema.org","@graph":[{"@type":"WebPage","@id":"https:\/\/www.welovecycling.com\/sk\/2023\/12\/20\/je-cyklistika-drahy-sport-1-cast\/","url":"https:\/\/www.welovecycling.com\/sk\/2023\/12\/20\/je-cyklistika-drahy-sport-1-cast\/","name":"Je cyklistika drah\u00fd \u0161port? 1. \u010das\u0165 - \u0160koda We Love Cycling Slovensko","isPartOf":{"@id":"https:\/\/www.welovecycling.com\/sk\/#website"},"primaryImageOfPage":{"@id":"https:\/\/www.welovecycling.com\/sk\/2023\/12\/20\/je-cyklistika-drahy-sport-1-cast\/#primaryimage"},"image":{"@id":"https:\/\/www.welovecycling.com\/sk\/2023\/12\/20\/je-cyklistika-drahy-sport-1-cast\/#primaryimage"},"thumbnailUrl":"https:\/\/d2p6e6u75xmxt8.cloudfront.net\/4\/2023\/12\/titulka-3.webp","datePublished":"2023-12-20T08:35:32+00:00","author":{"@id":"https:\/\/www.welovecycling.com\/sk\/#\/schema\/person\/533b62b98b6c41bd5135ebfb1f742624"},"description":"Ako zasahuje cyklistika finan\u010dne do rodinn\u00e9ho rozpo\u010dtu be\u017en\u00e9ho hobby cyklistu? Po\u010fme sa na to spolo\u010dne pozrie\u0165.\u00a0","breadcrumb":{"@id":"https:\/\/www.welovecycling.com\/sk\/2023\/12\/20\/je-cyklistika-drahy-sport-1-cast\/#breadcrumb"},"inLanguage":"sk-SK","potentialAction":[{"@type":"ReadAction","target":["https:\/\/www.welovecycling.com\/sk\/2023\/12\/20\/je-cyklistika-drahy-sport-1-cast\/"]}]},{"@type":"ImageObject","inLanguage":"sk-SK","@id":"https:\/\/www.welovecycling.com\/sk\/2023\/12\/20\/je-cyklistika-drahy-sport-1-cast\/#primaryimage","url":"https:\/\/d2p6e6u75xmxt8.cloudfront.net\/4\/2023\/12\/titulka-3.webp","contentUrl":"https:\/\/d2p6e6u75xmxt8.cloudfront.net\/4\/2023\/12\/titulka-3.webp","width":990,"height":660},{"@type":"BreadcrumbList","@id":"https:\/\/www.welovecycling.com\/sk\/2023\/12\/20\/je-cyklistika-drahy-sport-1-cast\/#breadcrumb","itemListElement":[{"@type":"ListItem","position":1,"name":"Home","item":"https:\/\/www.welovecycling.com\/sk\/"},{"@type":"ListItem","position":2,"name":"Je cyklistika drah\u00fd \u0161port? 1. \u010das\u0165"}]},{"@type":"WebSite","@id":"https:\/\/www.welovecycling.com\/sk\/#website","url":"https:\/\/www.welovecycling.com\/sk\/","name":"\u0160koda We Love Cycling Slovensko","description":"\u0160koda We Love Cycling Slovensko je v\u00e1\u0161 ka\u017edodenn\u00fd zdroj noviniek a in\u0161pir\u00e1cie z sveta cyklistiky","potentialAction":[{"@type":"SearchAction","target":{"@type":"EntryPoint","urlTemplate":"https:\/\/www.welovecycling.com\/sk\/?s={search_term_string}"},"query-input":{"@type":"PropertyValueSpecification","valueRequired":true,"valueName":"search_term_string"}}],"inLanguage":"sk-SK"},{"@type":"Person","@id":"https:\/\/www.welovecycling.com\/sk\/#\/schema\/person\/533b62b98b6c41bd5135ebfb1f742624","name":"dominika","image":{"@type":"ImageObject","inLanguage":"sk-SK","@id":"https:\/\/www.welovecycling.com\/sk\/#\/schema\/person\/image\/","url":"https:\/\/secure.gravatar.com\/avatar\/ded6f274ba2ec3e17fff153f7d9d96a4b33c2cb63907f75d9a5309c599a7f3e6?s=96&d=mm&r=g","contentUrl":"https:\/\/secure.gravatar.com\/avatar\/ded6f274ba2ec3e17fff153f7d9d96a4b33c2cb63907f75d9a5309c599a7f3e6?s=96&d=mm&r=g","caption":"dominika"},"url":"https:\/\/www.welovecycling.com\/sk\/author\/dominika\/"}]}},"_links":{"self":[{"href":"https:\/\/www.welovecycling.com\/sk\/wp-json\/wp\/v2\/posts\/18620","targetHints":{"allow":["GET"]}}],"collection":[{"href":"https:\/\/www.welovecycling.com\/sk\/wp-json\/wp\/v2\/posts"}],"about":[{"href":"https:\/\/www.welovecycling.com\/sk\/wp-json\/wp\/v2\/types\/post"}],"author":[{"embeddable":true,"href":"https:\/\/www.welovecycling.com\/sk\/wp-json\/wp\/v2\/users\/172"}],"replies":[{"embeddable":true,"href":"https:\/\/www.welovecycling.com\/sk\/wp-json\/wp\/v2\/comments?post=18620"}],"version-history":[{"count":2,"href":"https:\/\/www.welovecycling.com\/sk\/wp-json\/wp\/v2\/posts\/18620\/revisions"}],"predecessor-version":[{"id":18634,"href":"https:\/\/www.welovecycling.com\/sk\/wp-json\/wp\/v2\/posts\/18620\/revisions\/18634"}],"wp:featuredmedia":[{"embeddable":true,"href":"https:\/\/www.welovecycling.com\/sk\/wp-json\/wp\/v2\/media\/18623"}],"wp:attachment":[{"href":"https:\/\/www.welovecycling.com\/sk\/wp-json\/wp\/v2\/media?parent=18620"}],"wp:term":[{"taxonomy":"category","embeddable":true,"href":"https:\/\/www.welovecycling.com\/sk\/wp-json\/wp\/v2\/categories?post=18620"},{"taxonomy":"post_tag","embeddable":true,"href":"https:\/\/www.welovecycling.com\/sk\/wp-json\/wp\/v2\/tags?post=18620"},{"taxonomy":"global-categories","embeddable":true,"href":"https:\/\/www.welovecycling.com\/sk\/wp-json\/wp\/v2\/global-categories?post=18620"}],"curies":[{"name":"wp","href":"https:\/\/api.w.org\/{rel}","templated":true}]}}