{"id":18615,"date":"2023-12-29T09:00:55","date_gmt":"2023-12-29T08:00:55","guid":{"rendered":"https:\/\/www.welovecycling.com\/sk\/?p=18615"},"modified":"2023-12-20T09:43:21","modified_gmt":"2023-12-20T08:43:21","slug":"sezona-2023-od-odchodu-sagana-cez-dominanciu-jumbo-visma-az-po-seriu-sbot","status":"publish","type":"post","link":"https:\/\/www.welovecycling.com\/sk\/2023\/12\/29\/sezona-2023-od-odchodu-sagana-cez-dominanciu-jumbo-visma-az-po-seriu-sbot\/","title":{"rendered":"Sez\u00f3na 2023 &#8211; od odchodu Sagana cez dominanciu Jumbo-Visma a\u017e po s\u00e9riu \u0160BOT"},"content":{"rendered":"<p><strong>Rok sa s\u00a0rokom stretol a\u00a0my m\u00f4\u017eeme op\u00e4\u0165 hodnoti\u0165 uplynul\u00fa sez\u00f3nu \u2013 nielen t\u00fa svetov\u00fa, ale aj na\u0161u, dom\u00e1cu.<\/strong><!--more--><\/p>\n<p><span style=\"font-weight: 400;\">Sez\u00f3na sa n\u00e1m, u\u017e tak tradi\u010dne, rozdelila na jarn\u00e9 klasiky, tri Grand Tours a\u00a0fin\u00e1lne majstrovstv\u00e1 sveta. Do hry vstupuj\u00fa \u017eensk\u00e9 preteky, na Slovensku sme absolvovali u\u017e 10. ro\u010dn\u00edk s\u00e9rie \u0160KODA BIKE OPEN TOUR. \u010co z\u00a0tohto v\u0161etk\u00e9ho n\u00e1m najviac \u201eudrelo\u201c do o\u010d\u00ed?<\/span><\/p>\n<h2><b>Jumbo si na\u010falej dr\u017e\u00ed \u0161tat\u00fat kr\u00e1\u013eov klas\u00edk<\/b><\/h2>\n<p><span style=\"font-weight: 400;\">To, \u010do na\u010dali v\u00a0sez\u00f3ne 2022, pokra\u010dovali aj v\u00a0tej nast\u00e1vaj\u00facej. <strong>Jumbo-Visma n\u00e1m na klasik\u00e1ch, monumentoch a\u00a0jednorazovk\u00e1ch uk\u00e1zalo svoju t\u00edmov\u00fa silu a\u00a0ve\u013eakr\u00e1t sa stalo, \u017ee sme v\u00a0ich podan\u00ed videli osamoten\u00e9 \u201e1 \u2013 2\u201c.<\/strong> Do \u00fasmevu im u\u017e klasicky \u201esk\u00e1kali\u201c zn\u00e1me men\u00e1 \u2013 Mathieu van der Poel dok\u00e1zal v\u0161etk\u00fdch prekvapi\u0165 na Mil\u00e1no \u2013 San Remo a\u00a0svoj\u00edm zdrvuj\u00facim \u00fatokom na kopci Poggio zaknihoval prv\u00fd \u00faspech na najdlh\u0161ej jednorazovke sez\u00f3ny.<\/span><\/p>\n<p><a href=\"https:\/\/www.instagram.com\/p\/Cp750PQo4I8\/?utm_source=ig_embed&#038;ig_rid=18d19836-0ddd-4a2f-8d28-cb8c0cc002e9\">https:\/\/www.instagram.com\/p\/Cp750PQo4I8\/?utm_source=ig_embed&amp;ig_rid=18d19836-0ddd-4a2f-8d28-cb8c0cc002e9<\/a><\/p>\n<p><span style=\"font-weight: 400;\">Rovnako sa mu, respekt\u00edve defektu, podarilo pokazi\u0165 rados\u0165 Woutovi van Aertovi, ktor\u00e9mu v\u00ed\u0165azstvo na Par\u00ed\u017e \u2013 Roubaix neust\u00e1le unik\u00e1. Svoje n\u00e1m uk\u00e1zal aj Tadej Poga\u010dar. Neby\u0165 zlomen\u00e9ho z\u00e1p\u00e4stia na Li\u00e9ge \u2013 Bastogne \u2013 Li\u00e9ge, mal by vo vrecku okrem v\u00ed\u0165azstva na Okolo Fl\u00e1mska aj takzvan\u00fd \u201eardensk\u00fd triptych\u201c. <strong>Vyhra\u0165 Amstel Gold Race, Val\u00f3nsky \u0161\u00edp a\u00a0Li\u00e9ge \u2013 Bastogne \u2013 Li\u00e9ge, to sa nepodar\u00ed len tak hocikomu.<\/strong> No \u201ePogi\u201c je u\u017e teraz hviezda cyklistiky a\u00a0m\u00f4\u017eeme veri\u0165, \u017ee sa toho v\u00a0bud\u00facnosti do\u010dk\u00e1me&#8230;<\/span><\/p>\n<div class=\"embed-controller-wrapper\">\n<div class=\"embed-wrapper\"><iframe title=\"POGACAR POUNCES In Final Meters Of 2023 Fl\u00e8che Wallonne\" width=\"500\" height=\"281\" data-src=\"https:\/\/www.youtube.com\/embed\/7AgnUBoQEFg?feature=oembed&#038;feature=shared&#038;enablejsapi=1\" frameborder=\"0\" allow=\"accelerometer; autoplay; clipboard-write; encrypted-media; gyroscope; picture-in-picture; web-share\" referrerpolicy=\"strict-origin-when-cross-origin\" allowfullscreen><\/iframe><\/div>\n<\/div>\n<h2><b>Viac d\u00e1m na bicykloch, pros\u00edm!<\/b><\/h2>\n<p><span style=\"font-weight: 400;\">\u017densk\u00e1 cyklistika dost\u00e1va viac priestoru nielen na cest\u00e1ch, no aj na obrazovk\u00e1ch telev\u00edzorov. A\u00a0to je dobre.<strong> Pr\u00e1ve v\u010faka prenosom sme mohli vidie\u0165 nielen to, ako SD Worx priamo zvalcovalo ostatn\u00e9 s\u00faperky, ale aj r\u00f4zne \u201ewtf\u201c momenty.<\/strong> Sta\u010d\u00ed si spomen\u00fa\u0165 na Strade Bianche. Ale, ako vrav\u00ed Uhor\u010d\u00edk v\u00a0zn\u00e1mej hre RND, \u201eaj ten k\u00f4\u0148 je len \u010dlovek\u201c a\u00a0tie\u017e si chce zapreteka\u0165. \u263a<\/span><\/p>\n<p><a href=\"https:\/\/www.instagram.com\/p\/CpXeRwvjNYW\/?utm_source=ig_embed&#038;ig_rid=4ce05864-220e-44d4-b36a-c6901d2f0053\">https:\/\/www.instagram.com\/p\/CpXeRwvjNYW\/?utm_source=ig_embed&amp;ig_rid=4ce05864-220e-44d4-b36a-c6901d2f0053<\/a><\/p>\n<p><span style=\"font-weight: 400;\">Za zmienku jednozna\u010dne stoj\u00ed sle\u010dna menom Alison Jackson. <strong>Mno\u017estvo p\u00e1dov a\u00a0neochota spolupracova\u0165 bola jednou z\u00a0pr\u00ed\u010din, pre\u010do sa na velodr\u00f3me v\u00a0Roubaix z\u00a0v\u00ed\u0165azstva te\u0161ila nie dovtedy suver\u00e9nna Lotte Kopecky, ale mlad\u00e1 Kana\u010fanka.<\/strong> A\u00a0\u017ee to osl\u00e1vila poriadne a\u00a0sp\u00f4sobom jej vlastn\u00fdm \u2013 kto ste nevideli jej tane\u010dn\u00e9 kre\u00e1cie, \u0161up na jej Instagram!<\/span><\/p>\n<p><a href=\"https:\/\/www.instagram.com\/p\/CrD3V4KtAXH\/\">https:\/\/www.instagram.com\/p\/CrD3V4KtAXH\/<\/a><\/p>\n<h2><b>Nap\u00ednav\u00e9 Grand Tour tak, ako ich m\u00e1me radi<\/b><\/h2>\n<p><span style=\"font-weight: 400;\">Trojica Giro d\u2019Italia, <\/span><a href=\"https:\/\/www.welovecycling.com\/sk\/2023\/07\/26\/tour-de-france-2023-napinavy-suboj-dvoch-gigantov\/\" target=\"_blank\" rel=\"noopener\"><span style=\"font-weight: 400;\">Tour de France<\/span><\/a><span style=\"font-weight: 400;\"> a\u00a0Vuelta a\u00a0Espa\u0148a je tu s\u00a0nami u\u017e nejak\u00fd ten r\u00f4\u010dik, a\u00a0predsa v\u017edy nap\u00ed\u0161e origin\u00e1lny pr\u00edbeh. Podobne tomu bolo aj tentokr\u00e1t. Videli sme nervy dr\u00e1saj\u00faci \u010dasovk\u00e1rsky s\u00faboj Gerainta Thomasa a\u00a0Primo\u017ea Rogli\u010da na Monte Lussari. Tadej Poga\u010dar do vysiela\u010dky hl\u00e1si legend\u00e1rnu vetu: <em>\u201eI\u2019m dead.\u201c<\/em> O\u00a0v\u00ed\u0165azovi \u010derven\u00e9ho dresu napokon mus\u00ed rozhodn\u00fa\u0165 t\u00edmov\u00e1 strat\u00e9gia a\u00a0Jumbo ovl\u00e1da cel\u00e9 p\u00f3dium v\u00a0Madride. <strong>A\u00a0m\u00f4\u017eeme si by\u0165 ist\u00ed, \u017ee Grand Tours v\u00a0roku 2024 bud\u00fa rovnak\u00e9, ak nie e\u0161te nap\u00ednavej\u0161ie!<\/strong><\/span><\/p>\n<p><a href=\"https:\/\/www.instagram.com\/p\/C0F2O7MoQgy\/\">https:\/\/www.instagram.com\/p\/C0F2O7MoQgy\/<\/a><\/p>\n<h2><b>Ako sa darilo Slov\u00e1kom?<\/b><\/h2>\n<p><span style=\"font-weight: 400;\">\u010co sa n\u00e1\u0161ho zast\u00fapenia na svetovej sc\u00e9ne t\u00fdka, do o\u010d\u00ed st\u00e1le bije Pe\u0165o Sagan. <strong>Hoci u\u017e <a href=\"https:\/\/www.welovecycling.com\/sk\/2023\/01\/28\/saganova-kariera-je-na-konci\/\">ukon\u010dil profesion\u00e1lnu kari\u00e9ru<\/a> na ceste, pomaly, ale isto sa pres\u00edd\u013euje do ter\u00e9nu a\u00a0chyst\u00e1 sa na olympi\u00e1du.<\/strong> Moment\u00e1lne m\u00e1 za sebou u\u017e aj \u0161tart na MS v\u00a0XC a\u00a0marat\u00f3ne. Pod\u013ea jeho slov si teraz mus\u00ed zvyka\u0165 na \u00faplne in\u00fd typ tr\u00e9ningu a\u00a0o\u010dividne aj tro\u0161ku opr\u00e1\u0161i\u0165 techniku. \u263a<\/span><\/p>\n<p><a href=\"https:\/\/www.instagram.com\/p\/Czy-zKGNd9h\/\">https:\/\/www.instagram.com\/p\/Czy-zKGNd9h\/<\/a><\/p>\n<p><span style=\"font-weight: 400;\">My v\u0161ak Pe\u0165ovi dr\u017e\u00edme palce, aby mu cesta do Par\u00ed\u017ea vy\u0161la a\u00a0aby n\u00e1m robil na\u010falej tak\u00fa rados\u0165, ako sa mu to darilo po\u010das kari\u00e9ry v\u00a0cestnej cyklistike.<\/span><\/p>\n<p><span style=\"font-weight: 400;\">Tourmin\u00e1tor v\u0161ak nie je jedin\u00fd, kto zvidite\u013e\u0148uje na\u0161u krajinu v\u00a0profi cyklistike.<strong> Cyklokros u\u00a0n\u00e1s s\u00edce mo\u017eno nie je a\u017e nato\u013eko popul\u00e1rny, no mlad\u00e1 n\u00e1dej, Vikt\u00f3ria Chlado\u0148ov\u00e1, v\u00a0tejto discipl\u00edne ukazuje v\u00fdznamn\u00fd potenci\u00e1l.<\/strong> Ke\u010f sme s\u00a0\u0148ou za\u010diatkom roka <\/span><a href=\"https:\/\/www.welovecycling.com\/sk\/2023\/02\/16\/rozhovor-viktoria-chladonova-ist-do-vsetkeho-naplno-a-plnit-si-svoje-sny\/\" target=\"_blank\" rel=\"noopener\"><span style=\"font-weight: 400;\">robili rozhovor<\/span><\/a><span style=\"font-weight: 400;\">, e\u0161te sme nevedeli, \u017ee za\u010diatkom decembra obsad\u00ed na juniorsk\u00fdch majstrovstv\u00e1ch Eur\u00f3py vynikaj\u00face 2. miesto. V\u00a0posledn\u00fdch d\u0148och sa jej dar\u00ed aj v\u00a0Svetovom poh\u00e1ri a\u00a0m\u00f4\u017eeme by\u0165 len zvedav\u00fd, ko\u013eko kari\u00e9rnych triumfov e\u0161te v\u00a0bud\u00facnosti dosiahne.<\/span><\/p>\n<h2><b>\u0160BOT m\u00e1 za sebou \u010fal\u0161\u00ed \u00faspe\u0161n\u00fd ro\u010dn\u00edk<\/b><\/h2>\n<p><span style=\"font-weight: 400;\">\u201eOkr\u00fahliny\u201c, to chce poriadnu oslavu a\u00a0mus\u00edme poveda\u0165, \u017ee s\u00e9ria \u0160KODA BIKE OPEN TOUR ich osl\u00e1vila s\u00a0plnou pompou.<strong> Ka\u017ed\u00e9 kolo prinieslo in\u00e9 podmienky, \u010do je v\u0161ak najd\u00f4le\u017eitej\u0161ie, \u0160BOT \u013eud\u00ed st\u00e1le bav\u00ed a\u00a0dokazuje to aj \u00fa\u010das\u0165. T\u00e1 m\u00e1lokde klesla pod 400 pretek\u00e1rov a\u00a0my sa mus\u00edme aj touto cestou po\u010fakova\u0165.<\/strong> <\/span><\/p>\n<p><span style=\"font-weight: 400;\">Koho zauj\u00edma, ako prebiehali jednotliv\u00e9 kol\u00e1, m\u00f4\u017ee si <\/span><a href=\"https:\/\/www.welovecycling.com\/sk\/sbot\/clanky.php\" target=\"_blank\" rel=\"noopener\"><span style=\"font-weight: 400;\">pre\u010d\u00edta\u0165 report\u00e1\u017ee<\/span><\/a><span style=\"font-weight: 400;\"> \u2013 dozvie sa napr\u00edklad aj to, ak\u00e9 je to za\u017ei\u0165 ten prav\u00fd apr\u00edl alebo ako dok\u00e1\u017ee jedna bombi\u010dka pokazi\u0165 preteky. Medzi\u010dasom <a href=\"https:\/\/www.welovecycling.com\/sk\/2023\/12\/12\/skoda-bike-open-tour-2024-kde-a-kedy-sa-vidime-v-buducej-sezone\/\">chyst\u00e1me 11. ro\u010dn\u00edk<\/a> a\u00a0ver\u00edme, \u017ee sa op\u00e4\u0165 nazbieraj\u00fa slu\u0161n\u00e9 po\u010dty cyklistov.<\/span><\/p>\n<p><span style=\"font-weight: 400;\">Hoci je sez\u00f3na 2023 u\u017e minulos\u0165ou, t\u00e1 nov\u00e1 klope na dvere. Ka\u017ed\u00fd z\u00a0n\u00e1s si ur\u010dite n\u00e1jde nejak\u00fd moment, na ktor\u00fd sa u\u017e teraz te\u0161\u00ed \u2013 \u010di u\u017e pred telev\u00edzorom alebo v\u00a0sedle bicykla.<\/span><\/p>\n","protected":false},"excerpt":{"rendered":"<p>Rok sa s\u00a0rokom stretol a\u00a0my m\u00f4\u017eeme op\u00e4\u0165 hodnoti\u0165 uplynul\u00fa sez\u00f3nu \u2013 nielen t\u00fa svetov\u00fa, ale aj na\u0161u, dom\u00e1cu.<\/p>\n","protected":false},"author":172,"featured_media":18617,"comment_status":"open","ping_status":"open","sticky":false,"template":"","format":"standard","meta":{"footnotes":""},"categories":[191],"tags":[115,180,1432,178,46,179,1431,1557,35,1258,1092,1600,659,475],"global-categories":[1074],"class_list":["post-18615","post","type-post","status-publish","format-standard","has-post-thumbnail","hentry","category-odporucame","tag-cestna-cyklistika","tag-horska-cyklistika","tag-lotte-kopecky","tag-maraton","tag-peter-sagan","tag-preteky","tag-sd-worx","tag-sezona-2023","tag-sbot","tag-tadej-pogacar","tag-team-jumbo-visma","tag-tour-de-france-2023","tag-zenska-cyklistika","tag-zeny","global-categories-cycling"],"yoast_head":"<!-- This site is optimized with the Yoast SEO Premium plugin v25.3 (Yoast SEO v25.9) - https:\/\/yoast.com\/wordpress\/plugins\/seo\/ -->\n<title>Sez\u00f3na 2023 - od odchodu Sagana cez dominanciu Jumbo-Visma a\u017e po s\u00e9riu \u0160BOT<\/title>\n<meta name=\"description\" content=\"Rok sa s\u00a0rokom stretol a\u00a0my m\u00f4\u017eeme op\u00e4\u0165 hodnoti\u0165 uplynul\u00fa sez\u00f3nu \u2013 nielen t\u00fa svetov\u00fa, ale aj na\u0161u, dom\u00e1cu.\" \/>\n<meta name=\"robots\" content=\"index, follow, max-snippet:-1, max-image-preview:large, max-video-preview:-1\" \/>\n<link rel=\"canonical\" href=\"https:\/\/www.welovecycling.com\/sk\/2023\/12\/29\/sezona-2023-od-odchodu-sagana-cez-dominanciu-jumbo-visma-az-po-seriu-sbot\/\" \/>\n<meta property=\"og:locale\" content=\"sk_SK\" \/>\n<meta property=\"og:type\" content=\"article\" \/>\n<meta property=\"og:title\" content=\"Sez\u00f3na 2023 - od odchodu Sagana cez dominanciu Jumbo-Visma a\u017e po s\u00e9riu \u0160BOT\" \/>\n<meta property=\"og:description\" content=\"Rok sa s\u00a0rokom stretol a\u00a0my m\u00f4\u017eeme op\u00e4\u0165 hodnoti\u0165 uplynul\u00fa sez\u00f3nu \u2013 nielen t\u00fa svetov\u00fa, ale aj na\u0161u, dom\u00e1cu.\" \/>\n<meta property=\"og:url\" content=\"https:\/\/www.welovecycling.com\/sk\/2023\/12\/29\/sezona-2023-od-odchodu-sagana-cez-dominanciu-jumbo-visma-az-po-seriu-sbot\/\" \/>\n<meta property=\"og:site_name\" content=\"\u0160koda We Love Cycling Slovensko\" \/>\n<meta property=\"article:published_time\" content=\"2023-12-29T08:00:55+00:00\" \/>\n<meta property=\"og:image\" content=\"https:\/\/d2p6e6u75xmxt8.cloudfront.net\/4\/2023\/12\/sbot-levoca-266.webp\" \/>\n\t<meta property=\"og:image:width\" content=\"990\" \/>\n\t<meta property=\"og:image:height\" content=\"660\" \/>\n\t<meta property=\"og:image:type\" content=\"image\/webp\" \/>\n<meta name=\"author\" content=\"dominika\" \/>\n<meta name=\"twitter:card\" content=\"summary_large_image\" \/>\n<meta name=\"twitter:label1\" content=\"Written by\" \/>\n\t<meta name=\"twitter:data1\" content=\"We Love Cycling\" \/>\n\t<meta name=\"twitter:label2\" content=\"Est. reading time\" \/>\n\t<meta name=\"twitter:data2\" content=\"4\" \/>\n<script type=\"application\/ld+json\" class=\"yoast-schema-graph\">{\"@context\":\"https:\/\/schema.org\",\"@graph\":[{\"@type\":\"WebPage\",\"@id\":\"https:\/\/www.welovecycling.com\/sk\/2023\/12\/29\/sezona-2023-od-odchodu-sagana-cez-dominanciu-jumbo-visma-az-po-seriu-sbot\/\",\"url\":\"https:\/\/www.welovecycling.com\/sk\/2023\/12\/29\/sezona-2023-od-odchodu-sagana-cez-dominanciu-jumbo-visma-az-po-seriu-sbot\/\",\"name\":\"Sez\u00f3na 2023 - od odchodu Sagana cez dominanciu Jumbo-Visma a\u017e po s\u00e9riu \u0160BOT\",\"isPartOf\":{\"@id\":\"https:\/\/www.welovecycling.com\/sk\/#website\"},\"primaryImageOfPage\":{\"@id\":\"https:\/\/www.welovecycling.com\/sk\/2023\/12\/29\/sezona-2023-od-odchodu-sagana-cez-dominanciu-jumbo-visma-az-po-seriu-sbot\/#primaryimage\"},\"image\":{\"@id\":\"https:\/\/www.welovecycling.com\/sk\/2023\/12\/29\/sezona-2023-od-odchodu-sagana-cez-dominanciu-jumbo-visma-az-po-seriu-sbot\/#primaryimage\"},\"thumbnailUrl\":\"https:\/\/d2p6e6u75xmxt8.cloudfront.net\/4\/2023\/12\/sbot-levoca-266.webp\",\"datePublished\":\"2023-12-29T08:00:55+00:00\",\"author\":{\"@id\":\"https:\/\/www.welovecycling.com\/sk\/#\/schema\/person\/533b62b98b6c41bd5135ebfb1f742624\"},\"description\":\"Rok sa s\u00a0rokom stretol a\u00a0my m\u00f4\u017eeme op\u00e4\u0165 hodnoti\u0165 uplynul\u00fa sez\u00f3nu \u2013 nielen t\u00fa svetov\u00fa, ale aj na\u0161u, dom\u00e1cu.\",\"breadcrumb\":{\"@id\":\"https:\/\/www.welovecycling.com\/sk\/2023\/12\/29\/sezona-2023-od-odchodu-sagana-cez-dominanciu-jumbo-visma-az-po-seriu-sbot\/#breadcrumb\"},\"inLanguage\":\"sk-SK\",\"potentialAction\":[{\"@type\":\"ReadAction\",\"target\":[\"https:\/\/www.welovecycling.com\/sk\/2023\/12\/29\/sezona-2023-od-odchodu-sagana-cez-dominanciu-jumbo-visma-az-po-seriu-sbot\/\"]}]},{\"@type\":\"ImageObject\",\"inLanguage\":\"sk-SK\",\"@id\":\"https:\/\/www.welovecycling.com\/sk\/2023\/12\/29\/sezona-2023-od-odchodu-sagana-cez-dominanciu-jumbo-visma-az-po-seriu-sbot\/#primaryimage\",\"url\":\"https:\/\/d2p6e6u75xmxt8.cloudfront.net\/4\/2023\/12\/sbot-levoca-266.webp\",\"contentUrl\":\"https:\/\/d2p6e6u75xmxt8.cloudfront.net\/4\/2023\/12\/sbot-levoca-266.webp\",\"width\":990,\"height\":660,\"caption\":\"sez\u00f3na 2022\"},{\"@type\":\"BreadcrumbList\",\"@id\":\"https:\/\/www.welovecycling.com\/sk\/2023\/12\/29\/sezona-2023-od-odchodu-sagana-cez-dominanciu-jumbo-visma-az-po-seriu-sbot\/#breadcrumb\",\"itemListElement\":[{\"@type\":\"ListItem\",\"position\":1,\"name\":\"Home\",\"item\":\"https:\/\/www.welovecycling.com\/sk\/\"},{\"@type\":\"ListItem\",\"position\":2,\"name\":\"Sez\u00f3na 2023 &#8211; od odchodu Sagana cez dominanciu Jumbo-Visma a\u017e po s\u00e9riu \u0160BOT\"}]},{\"@type\":\"WebSite\",\"@id\":\"https:\/\/www.welovecycling.com\/sk\/#website\",\"url\":\"https:\/\/www.welovecycling.com\/sk\/\",\"name\":\"\u0160koda We Love Cycling Slovensko\",\"description\":\"\u0160koda We Love Cycling Slovensko je v\u00e1\u0161 ka\u017edodenn\u00fd zdroj noviniek a in\u0161pir\u00e1cie z sveta cyklistiky\",\"potentialAction\":[{\"@type\":\"SearchAction\",\"target\":{\"@type\":\"EntryPoint\",\"urlTemplate\":\"https:\/\/www.welovecycling.com\/sk\/?s={search_term_string}\"},\"query-input\":{\"@type\":\"PropertyValueSpecification\",\"valueRequired\":true,\"valueName\":\"search_term_string\"}}],\"inLanguage\":\"sk-SK\"},{\"@type\":\"Person\",\"@id\":\"https:\/\/www.welovecycling.com\/sk\/#\/schema\/person\/533b62b98b6c41bd5135ebfb1f742624\",\"name\":\"dominika\",\"image\":{\"@type\":\"ImageObject\",\"inLanguage\":\"sk-SK\",\"@id\":\"https:\/\/www.welovecycling.com\/sk\/#\/schema\/person\/image\/\",\"url\":\"https:\/\/secure.gravatar.com\/avatar\/ded6f274ba2ec3e17fff153f7d9d96a4b33c2cb63907f75d9a5309c599a7f3e6?s=96&d=mm&r=g\",\"contentUrl\":\"https:\/\/secure.gravatar.com\/avatar\/ded6f274ba2ec3e17fff153f7d9d96a4b33c2cb63907f75d9a5309c599a7f3e6?s=96&d=mm&r=g\",\"caption\":\"dominika\"},\"url\":\"https:\/\/www.welovecycling.com\/sk\/author\/dominika\/\"}]}<\/script>\n<!-- \/ Yoast SEO Premium plugin. -->","yoast_head_json":{"title":"Sez\u00f3na 2023 - od odchodu Sagana cez dominanciu Jumbo-Visma a\u017e po s\u00e9riu \u0160BOT","description":"Rok sa s\u00a0rokom stretol a\u00a0my m\u00f4\u017eeme op\u00e4\u0165 hodnoti\u0165 uplynul\u00fa sez\u00f3nu \u2013 nielen t\u00fa svetov\u00fa, ale aj na\u0161u, dom\u00e1cu.","robots":{"index":"index","follow":"follow","max-snippet":"max-snippet:-1","max-image-preview":"max-image-preview:large","max-video-preview":"max-video-preview:-1"},"canonical":"https:\/\/www.welovecycling.com\/sk\/2023\/12\/29\/sezona-2023-od-odchodu-sagana-cez-dominanciu-jumbo-visma-az-po-seriu-sbot\/","og_locale":"sk_SK","og_type":"article","og_title":"Sez\u00f3na 2023 - od odchodu Sagana cez dominanciu Jumbo-Visma a\u017e po s\u00e9riu \u0160BOT","og_description":"Rok sa s\u00a0rokom stretol a\u00a0my m\u00f4\u017eeme op\u00e4\u0165 hodnoti\u0165 uplynul\u00fa sez\u00f3nu \u2013 nielen t\u00fa svetov\u00fa, ale aj na\u0161u, dom\u00e1cu.","og_url":"https:\/\/www.welovecycling.com\/sk\/2023\/12\/29\/sezona-2023-od-odchodu-sagana-cez-dominanciu-jumbo-visma-az-po-seriu-sbot\/","og_site_name":"\u0160koda We Love Cycling Slovensko","article_published_time":"2023-12-29T08:00:55+00:00","og_image":[{"width":990,"height":660,"url":"https:\/\/d2p6e6u75xmxt8.cloudfront.net\/4\/2023\/12\/sbot-levoca-266.webp","type":"image\/webp"}],"author":"dominika","twitter_card":"summary_large_image","twitter_misc":{"Written by":"We Love Cycling","Est. reading time":"4"},"schema":{"@context":"https:\/\/schema.org","@graph":[{"@type":"WebPage","@id":"https:\/\/www.welovecycling.com\/sk\/2023\/12\/29\/sezona-2023-od-odchodu-sagana-cez-dominanciu-jumbo-visma-az-po-seriu-sbot\/","url":"https:\/\/www.welovecycling.com\/sk\/2023\/12\/29\/sezona-2023-od-odchodu-sagana-cez-dominanciu-jumbo-visma-az-po-seriu-sbot\/","name":"Sez\u00f3na 2023 - od odchodu Sagana cez dominanciu Jumbo-Visma a\u017e po s\u00e9riu \u0160BOT","isPartOf":{"@id":"https:\/\/www.welovecycling.com\/sk\/#website"},"primaryImageOfPage":{"@id":"https:\/\/www.welovecycling.com\/sk\/2023\/12\/29\/sezona-2023-od-odchodu-sagana-cez-dominanciu-jumbo-visma-az-po-seriu-sbot\/#primaryimage"},"image":{"@id":"https:\/\/www.welovecycling.com\/sk\/2023\/12\/29\/sezona-2023-od-odchodu-sagana-cez-dominanciu-jumbo-visma-az-po-seriu-sbot\/#primaryimage"},"thumbnailUrl":"https:\/\/d2p6e6u75xmxt8.cloudfront.net\/4\/2023\/12\/sbot-levoca-266.webp","datePublished":"2023-12-29T08:00:55+00:00","author":{"@id":"https:\/\/www.welovecycling.com\/sk\/#\/schema\/person\/533b62b98b6c41bd5135ebfb1f742624"},"description":"Rok sa s\u00a0rokom stretol a\u00a0my m\u00f4\u017eeme op\u00e4\u0165 hodnoti\u0165 uplynul\u00fa sez\u00f3nu \u2013 nielen t\u00fa svetov\u00fa, ale aj na\u0161u, dom\u00e1cu.","breadcrumb":{"@id":"https:\/\/www.welovecycling.com\/sk\/2023\/12\/29\/sezona-2023-od-odchodu-sagana-cez-dominanciu-jumbo-visma-az-po-seriu-sbot\/#breadcrumb"},"inLanguage":"sk-SK","potentialAction":[{"@type":"ReadAction","target":["https:\/\/www.welovecycling.com\/sk\/2023\/12\/29\/sezona-2023-od-odchodu-sagana-cez-dominanciu-jumbo-visma-az-po-seriu-sbot\/"]}]},{"@type":"ImageObject","inLanguage":"sk-SK","@id":"https:\/\/www.welovecycling.com\/sk\/2023\/12\/29\/sezona-2023-od-odchodu-sagana-cez-dominanciu-jumbo-visma-az-po-seriu-sbot\/#primaryimage","url":"https:\/\/d2p6e6u75xmxt8.cloudfront.net\/4\/2023\/12\/sbot-levoca-266.webp","contentUrl":"https:\/\/d2p6e6u75xmxt8.cloudfront.net\/4\/2023\/12\/sbot-levoca-266.webp","width":990,"height":660,"caption":"sez\u00f3na 2022"},{"@type":"BreadcrumbList","@id":"https:\/\/www.welovecycling.com\/sk\/2023\/12\/29\/sezona-2023-od-odchodu-sagana-cez-dominanciu-jumbo-visma-az-po-seriu-sbot\/#breadcrumb","itemListElement":[{"@type":"ListItem","position":1,"name":"Home","item":"https:\/\/www.welovecycling.com\/sk\/"},{"@type":"ListItem","position":2,"name":"Sez\u00f3na 2023 &#8211; od odchodu Sagana cez dominanciu Jumbo-Visma a\u017e po s\u00e9riu \u0160BOT"}]},{"@type":"WebSite","@id":"https:\/\/www.welovecycling.com\/sk\/#website","url":"https:\/\/www.welovecycling.com\/sk\/","name":"\u0160koda We Love Cycling Slovensko","description":"\u0160koda We Love Cycling Slovensko je v\u00e1\u0161 ka\u017edodenn\u00fd zdroj noviniek a in\u0161pir\u00e1cie z sveta cyklistiky","potentialAction":[{"@type":"SearchAction","target":{"@type":"EntryPoint","urlTemplate":"https:\/\/www.welovecycling.com\/sk\/?s={search_term_string}"},"query-input":{"@type":"PropertyValueSpecification","valueRequired":true,"valueName":"search_term_string"}}],"inLanguage":"sk-SK"},{"@type":"Person","@id":"https:\/\/www.welovecycling.com\/sk\/#\/schema\/person\/533b62b98b6c41bd5135ebfb1f742624","name":"dominika","image":{"@type":"ImageObject","inLanguage":"sk-SK","@id":"https:\/\/www.welovecycling.com\/sk\/#\/schema\/person\/image\/","url":"https:\/\/secure.gravatar.com\/avatar\/ded6f274ba2ec3e17fff153f7d9d96a4b33c2cb63907f75d9a5309c599a7f3e6?s=96&d=mm&r=g","contentUrl":"https:\/\/secure.gravatar.com\/avatar\/ded6f274ba2ec3e17fff153f7d9d96a4b33c2cb63907f75d9a5309c599a7f3e6?s=96&d=mm&r=g","caption":"dominika"},"url":"https:\/\/www.welovecycling.com\/sk\/author\/dominika\/"}]}},"_links":{"self":[{"href":"https:\/\/www.welovecycling.com\/sk\/wp-json\/wp\/v2\/posts\/18615","targetHints":{"allow":["GET"]}}],"collection":[{"href":"https:\/\/www.welovecycling.com\/sk\/wp-json\/wp\/v2\/posts"}],"about":[{"href":"https:\/\/www.welovecycling.com\/sk\/wp-json\/wp\/v2\/types\/post"}],"author":[{"embeddable":true,"href":"https:\/\/www.welovecycling.com\/sk\/wp-json\/wp\/v2\/users\/172"}],"replies":[{"embeddable":true,"href":"https:\/\/www.welovecycling.com\/sk\/wp-json\/wp\/v2\/comments?post=18615"}],"version-history":[{"count":5,"href":"https:\/\/www.welovecycling.com\/sk\/wp-json\/wp\/v2\/posts\/18615\/revisions"}],"predecessor-version":[{"id":18638,"href":"https:\/\/www.welovecycling.com\/sk\/wp-json\/wp\/v2\/posts\/18615\/revisions\/18638"}],"wp:featuredmedia":[{"embeddable":true,"href":"https:\/\/www.welovecycling.com\/sk\/wp-json\/wp\/v2\/media\/18617"}],"wp:attachment":[{"href":"https:\/\/www.welovecycling.com\/sk\/wp-json\/wp\/v2\/media?parent=18615"}],"wp:term":[{"taxonomy":"category","embeddable":true,"href":"https:\/\/www.welovecycling.com\/sk\/wp-json\/wp\/v2\/categories?post=18615"},{"taxonomy":"post_tag","embeddable":true,"href":"https:\/\/www.welovecycling.com\/sk\/wp-json\/wp\/v2\/tags?post=18615"},{"taxonomy":"global-categories","embeddable":true,"href":"https:\/\/www.welovecycling.com\/sk\/wp-json\/wp\/v2\/global-categories?post=18615"}],"curies":[{"name":"wp","href":"https:\/\/api.w.org\/{rel}","templated":true}]}}