{"id":18586,"date":"2023-12-18T10:00:45","date_gmt":"2023-12-18T09:00:45","guid":{"rendered":"https:\/\/www.welovecycling.com\/sk\/?p=18586"},"modified":"2023-12-15T12:24:23","modified_gmt":"2023-12-15T11:24:23","slug":"vyberame-vianocne-darceky-tipy-od-ambasadorov-skoda-bike-open-tour-nina-miklikova-bajkerky","status":"publish","type":"post","link":"https:\/\/www.welovecycling.com\/sk\/2023\/12\/18\/vyberame-vianocne-darceky-tipy-od-ambasadorov-skoda-bike-open-tour-nina-miklikova-bajkerky\/","title":{"rendered":"Vyber\u00e1me viano\u010dn\u00e9 dar\u010deky \u2013 tipy od ambas\u00e1dorov \u0160KODA BIKE OPEN TOUR \u2013 Nina Mikl\u00edkov\u00e1 (Bajkerky)"},"content":{"rendered":"<p><strong>\u017de nevie\u0161, \u010do darova\u0165 bikerke na Vianoce? Nemus\u00ed\u0161 ma\u0165 stres ani\u00a0obavy, \u017ee netraf\u00ed\u0161 spr\u00e1vny dar\u010dek pod strom\u010dek, my ti na\u0161epk\u00e1me. Svoje tipy pre teba pripravila Nina Mikl\u00edkov\u00e1, \u010dlenka cyklo komunity <a href=\"https:\/\/www.welovecycling.com\/sk\/2022\/09\/28\/skoda-bike-open-tour-2022-a-bajkerky-krasky-slovenska-pokope\/\" target=\"_blank\" rel=\"noopener\">Bajkerky<\/a>, ktor\u00e9 s\u00fa ka\u017edoro\u010dne na \u0160KODA BIKE OPEN TOUR doslova neprehliadnute\u013en\u00e9. Tak\u017ee urob si pohodu, polo\u017e ved\u013ea seba hor\u00facu k\u00e1vu, ale hlavne po\u010dkaj, k\u00fdm nebude tvoja polovi\u010dka doma, aby to bolo skuto\u010dn\u00e9 prekvapenie.\u00a0<\/strong><!--more--><\/p>\n<h2><b>Chr\u00e1ni\u010de kolien Dainese Trail Skins Pro<\/b><\/h2>\n<p><span style=\"font-weight: 400;\"><strong>Modr\u00e9 n\u00f4\u017eky alebo dierky od pinov? To u\u017e je out, daruj jej <a href=\"https:\/\/www.mtbiker.sk\/shop\/oblecenie-a-batohy\/chranice\/kolien\/dainese-trail-skins-pro-chranice-kolien-cierna.html\" target=\"_blank\" rel=\"noopener\">kolena\u010dky<\/a>.<\/strong> Na \u0161liapanie do ped\u00e1lov \u013eahk\u00e9, priedu\u0161n\u00e9, s ohybnej\u0161\u00edm chr\u00e1ni\u010dom. Do bikeparku pevnej\u0161ie a\u00a0dlh\u0161ie, \u010do ochr\u00e1nia aj hole\u0148.<\/span><\/p>\n<p><a href=\"https:\/\/www.mtbiker.sk\/shop\/oblecenie-a-batohy\/chranice\/kolien\/dainese-trail-skins-pro-chranice-kolien-cierna.html\"><img loading=\"lazy\" decoding=\"async\" class=\"alignnone wp-image-18587 size-full\" src=\"https:\/\/d2p6e6u75xmxt8.cloudfront.net\/4\/2023\/12\/01-2.webp\" alt=\"\" width=\"990\" height=\"660\" srcset=\"https:\/\/d2p6e6u75xmxt8.cloudfront.net\/4\/2023\/12\/01-2.webp 990w, https:\/\/d2p6e6u75xmxt8.cloudfront.net\/4\/2023\/12\/01-2-300x200.webp 300w, https:\/\/d2p6e6u75xmxt8.cloudfront.net\/4\/2023\/12\/01-2-768x512.webp 768w, https:\/\/d2p6e6u75xmxt8.cloudfront.net\/4\/2023\/12\/01-2-400x267.webp 400w, https:\/\/d2p6e6u75xmxt8.cloudfront.net\/4\/2023\/12\/01-2-272x182.webp 272w\" sizes=\"auto, (max-width: 990px) 100vw, 990px\" \/><\/a><\/p>\n<p>&nbsp;<\/p>\n<h2><b>Zimn\u00e9 rukavice XLC<\/b><\/h2>\n<p><span style=\"font-weight: 400;\"><a href=\"https:\/\/www.mtbiker.sk\/shop\/oblecenie-a-batohy\/rukavice\/zimne\/xlc-zimne-rukavice.html?fl=en\" target=\"_blank\" rel=\"noopener\">Rukavice<\/a>, t\u00fdch nikdy nie je dos\u0165 a zaru\u010dene v\u017edy ch\u00fdba t\u00e1 dokonal\u00e1 farba k aktu\u00e1lnemu outfitu. <strong>Nahliadni natajn\u00e1\u0161a do \u0161atn\u00edka a vyber farbu, ktor\u00fa e\u0161te nem\u00e1.<\/strong> Alebo stav na istotu a k\u00fap \u010dierne. Ak jazd\u00ed celoro\u010dne, prekvap ju zimnou verziou s nepremokavou \u00fapravou a s jemn\u00fdm flisom vn\u00fatri.<\/span><\/p>\n<p><a href=\"https:\/\/www.mtbiker.sk\/shop\/oblecenie-a-batohy\/rukavice\/zimne\/xlc-zimne-rukavice.html?fl=en\"><img loading=\"lazy\" decoding=\"async\" class=\"alignnone wp-image-18588 size-full\" src=\"https:\/\/d2p6e6u75xmxt8.cloudfront.net\/4\/2023\/12\/02-2.webp\" alt=\"\" width=\"990\" height=\"655\" srcset=\"https:\/\/d2p6e6u75xmxt8.cloudfront.net\/4\/2023\/12\/02-2.webp 990w, https:\/\/d2p6e6u75xmxt8.cloudfront.net\/4\/2023\/12\/02-2-300x198.webp 300w, https:\/\/d2p6e6u75xmxt8.cloudfront.net\/4\/2023\/12\/02-2-768x508.webp 768w, https:\/\/d2p6e6u75xmxt8.cloudfront.net\/4\/2023\/12\/02-2-400x265.webp 400w\" sizes=\"auto, (max-width: 990px) 100vw, 990px\" \/><\/a><\/p>\n<p>&nbsp;<\/p>\n<h2><b>Cyklistick\u00fd dres Bajkerky\u00a0<\/b><\/h2>\n<p><span style=\"font-weight: 400;\">Tak\u00fd, ktor\u00fd super vyzer\u00e1, dokonale sed\u00ed, nikde ne\u0165ah\u00e1, prisp\u00f4sob\u00ed sa akejko\u013evek aktivite, navy\u0161e so strieborn\u00fdmi vl\u00e1knami proti z\u00e1pachu, vyroben\u00fd lok\u00e1lne na Slovensku?\u00a0Ha! <strong>Presne tak\u00fd m\u00e1me, dres od n\u00e1s, slovensk\u00fd n\u00e1vrh aj v\u00fdroba.\u00a0<\/strong><\/span><\/p>\n<p><a href=\"https:\/\/www.instagram.com\/p\/CktPJyOqX-S\">https:\/\/www.instagram.com\/p\/CktPJyOqX-S<\/a><\/p>\n<p>&nbsp;<\/p>\n<h2><b>Prilba\u00a0Cratoni C-Maniac<\/b><\/h2>\n<p><span style=\"font-weight: 400;\">No dobre, tu m\u00f4\u017ee by\u0165 tro\u0161ku n\u00e1ro\u010dnej\u0161\u00ed v\u00fdber, ale m\u00e1\u0161 e\u0161te \u010das nen\u00e1padne zisti\u0165, po ktorej jej srdce pi\u0161t\u00ed.\u00a0Ak jazd\u00ed traily, aj si u\u017e\u00edva jazdu v bikeparku, mo\u017eno by bola ide\u00e1lna<strong> kombin\u00e1cia<a href=\"https:\/\/www.mtbiker.sk\/shop\/prilby\/full-face-prilby\/cratoni-c-maniac-20-mx-prilba-bielacierna.html\" target=\"_blank\" rel=\"noopener\"> prilby<\/a> s odn\u00edmate\u013en\u00fdm chr\u00e1ni\u010dom brady.<\/strong><\/span><\/p>\n<p><a href=\"https:\/\/www.mtbiker.sk\/shop\/prilby\/full-face-prilby\/cratoni-c-maniac-20-mx-prilba-bielacierna.html\"><img loading=\"lazy\" decoding=\"async\" class=\"alignnone wp-image-18599 size-full\" src=\"https:\/\/d2p6e6u75xmxt8.cloudfront.net\/4\/2023\/12\/03-3.webp\" alt=\"\" width=\"990\" height=\"660\" srcset=\"https:\/\/d2p6e6u75xmxt8.cloudfront.net\/4\/2023\/12\/03-3.webp 990w, https:\/\/d2p6e6u75xmxt8.cloudfront.net\/4\/2023\/12\/03-3-300x200.webp 300w, https:\/\/d2p6e6u75xmxt8.cloudfront.net\/4\/2023\/12\/03-3-768x512.webp 768w, https:\/\/d2p6e6u75xmxt8.cloudfront.net\/4\/2023\/12\/03-3-400x267.webp 400w, https:\/\/d2p6e6u75xmxt8.cloudfront.net\/4\/2023\/12\/03-3-272x182.webp 272w\" sizes=\"auto, (max-width: 990px) 100vw, 990px\" \/><\/a><\/p>\n<p>&nbsp;<\/p>\n<h2><b>Svetlo na bicykel Fenix BC30R<\/b><\/h2>\n<p><span style=\"font-weight: 400;\"><strong>Vidie\u0165 a by\u0165 viden\u00e1!<\/strong> O bezpe\u010dnosti ani nemus\u00edme hovori\u0165, to je predsa jasn\u00e9, ale ak si m\u00e1 u\u017ei\u0165 bike aj v no\u010dn\u00fdch hodin\u00e1ch, vyber jej <a href=\"https:\/\/www.baterky-fenix.sk\/produkt\/nabijacie-cyklo-svietidlo-fenix-bc30r-1800-lumenu\/\" target=\"_blank\" rel=\"noopener\">svetlo<\/a>, ktor\u00e9 \u201evid\u00ed\u201c aj za roh!\u00a0N\u00e1m sa osved\u010dilo jedno na riadidl\u00e1 a druh\u00e9 na prilbu. Alebo stav na klasiku, mal\u00e9 kompaktn\u00e9 svetielka, nab\u00edjate\u013en\u00e9, ktor\u00e9 sa zmestia do ak\u00e9hoko\u013evek vrecka, tak\u017ee bud\u00fa v\u017edy k dispoz\u00edcii.<\/span><\/p>\n<p><a href=\"https:\/\/www.baterky-fenix.sk\/produkt\/nabijacie-cyklo-svietidlo-fenix-bc30r-1800-lumenu\/\"><img loading=\"lazy\" decoding=\"async\" class=\"alignnone wp-image-18590 size-full\" src=\"https:\/\/d2p6e6u75xmxt8.cloudfront.net\/4\/2023\/12\/04-1.webp\" alt=\"\" width=\"990\" height=\"554\" srcset=\"https:\/\/d2p6e6u75xmxt8.cloudfront.net\/4\/2023\/12\/04-1.webp 990w, https:\/\/d2p6e6u75xmxt8.cloudfront.net\/4\/2023\/12\/04-1-300x168.webp 300w, https:\/\/d2p6e6u75xmxt8.cloudfront.net\/4\/2023\/12\/04-1-768x430.webp 768w, https:\/\/d2p6e6u75xmxt8.cloudfront.net\/4\/2023\/12\/04-1-400x224.webp 400w\" sizes=\"auto, (max-width: 990px) 100vw, 990px\" \/><\/a><\/p>\n<p>&nbsp;<\/p>\n<h2><b>Oble\u010denie do ne\u010dasu Dirtlej<\/b><\/h2>\n<p><span style=\"font-weight: 400;\">\u010ci u\u017e <a href=\"https:\/\/www.mtbiker.sk\/shop\/oblecenie-a-batohy\/dresy\/kombinezy\/dirtlej-dirtsuit-pro-edition-damsky-overal-cierna.html\" target=\"_blank\" rel=\"noopener\">nohavice alebo bunda<\/a>, <strong>vyberaj rozumne \u2013 udr\u017e\u00ed v suchu, m\u00e1 reflexn\u00e9 prvky, nohavice nie s\u00fa \u0161irok\u00e9, tak\u017ee ti nezavadzaj\u00fa pri \u0161liapan\u00ed.<\/strong> Ale ide\u00e1lne, ak sa daj\u00fa prevliec\u0165 cez top\u00e1nku, \u013eahko sa \u010distia a najlep\u0161ie wapkou. D\u00f4le\u017eit\u00e9 s\u00fa aj detaily, \u010di sa kapuc\u0148a d\u00e1 natiahnu\u0165 na prilbu, \u010di vreck\u00e1 maj\u00fa zips, ktor\u00fd nepremokne a ni\u010d ti z nich nevypadne. No a\u00a0v\u00a0neposlednom rade to, \u010di v batohu nezaber\u00e1 ve\u013ea miesta.<\/span><\/p>\n<p><a href=\"https:\/\/www.mtbiker.sk\/shop\/oblecenie-a-batohy\/dresy\/kombinezy\/dirtlej-dirtsuit-pro-edition-damsky-overal-cierna.html\"><img loading=\"lazy\" decoding=\"async\" class=\"alignnone wp-image-18606 size-full\" src=\"https:\/\/d2p6e6u75xmxt8.cloudfront.net\/4\/2023\/12\/05-3.webp\" alt=\"\" width=\"667\" height=\"810\" srcset=\"https:\/\/d2p6e6u75xmxt8.cloudfront.net\/4\/2023\/12\/05-3.webp 667w, https:\/\/d2p6e6u75xmxt8.cloudfront.net\/4\/2023\/12\/05-3-247x300.webp 247w, https:\/\/d2p6e6u75xmxt8.cloudfront.net\/4\/2023\/12\/05-3-329x400.webp 329w\" sizes=\"auto, (max-width: 667px) 100vw, 667px\" \/><\/a><\/p>\n<p>&nbsp;<\/p>\n<h2><b>Kemp Bajkerky<\/b><\/h2>\n<p><span style=\"font-weight: 400;\"><strong>\u010co \u017eiadna bajkerka neodmietne, je ur\u010dite kemp len pre bajkerky.<\/strong> Ve\u013ea u\u017eito\u010dn\u00fdch tipov, ako sa c\u00edti\u0165 komfortnej\u0161ie na bicykli, ako prejs\u0165 prek\u00e1\u017eky bez strachu a pod kontrolou, odstr\u00e1nenie zl\u00fdch n\u00e1vykov a ako bonus kopec srandy, k\u00e1va a nov\u00e9 priate\u013estv\u00e1. Kemp sa kon\u00e1 v Bratislave, lokalita Koliba \u2013 Kamz\u00edk. Voucher n\u00e1jde\u0161 na <a href=\"https:\/\/bearider.sk\/produkt\/voucher-bajkerky-kemp\/\" target=\"_blank\" rel=\"noopener\">tomto odkaze<\/a>.\u00a0<\/span><\/p>\n<p><a href=\"https:\/\/bearider.sk\/produkt\/voucher-bajkerky-kemp\/\"><img loading=\"lazy\" decoding=\"async\" class=\"alignnone wp-image-18592 size-full\" src=\"https:\/\/d2p6e6u75xmxt8.cloudfront.net\/4\/2023\/12\/06-1.webp\" alt=\"\" width=\"990\" height=\"660\" srcset=\"https:\/\/d2p6e6u75xmxt8.cloudfront.net\/4\/2023\/12\/06-1.webp 990w, https:\/\/d2p6e6u75xmxt8.cloudfront.net\/4\/2023\/12\/06-1-300x200.webp 300w, https:\/\/d2p6e6u75xmxt8.cloudfront.net\/4\/2023\/12\/06-1-768x512.webp 768w, https:\/\/d2p6e6u75xmxt8.cloudfront.net\/4\/2023\/12\/06-1-400x267.webp 400w, https:\/\/d2p6e6u75xmxt8.cloudfront.net\/4\/2023\/12\/06-1-272x182.webp 272w\" sizes=\"auto, (max-width: 990px) 100vw, 990px\" \/><\/a><\/p>\n<p>&nbsp;<\/p>\n<h2><b>\u013dadvinka Osprey Seral<\/b><\/h2>\n<p><span style=\"font-weight: 400;\"><strong>Ka\u017ed\u00e1 \u017eena potrebuje svoju \u201ekabelku\u201c.<\/strong> A nech si hovor\u00ed kto chce \u010do chce, <a href=\"https:\/\/www.mthiker.sk\/shop\/outdoor\/batohy-a-tasky\/ladvinky\/osprey-seral-4-ladvinka-claret-red-uni.html\" target=\"_blank\" rel=\"noopener\">\u013eadvinka<\/a> na bajku je mega cool. Zmest\u00ed sa do nej v\u0161etko \u2013 od sady na defekty a\u017e po ve\u010dne \u017eiad\u00face serv\u00edtky, \u010di telef\u00f3n na par\u00e1dne fotky.<\/span><\/p>\n<p><a href=\"https:\/\/www.mthiker.sk\/shop\/outdoor\/batohy-a-tasky\/ladvinky\/osprey-seral-4-ladvinka-claret-red-uni.html\"><img loading=\"lazy\" decoding=\"async\" class=\"alignnone wp-image-18593 size-full\" src=\"https:\/\/d2p6e6u75xmxt8.cloudfront.net\/4\/2023\/12\/07-1.webp\" alt=\"\" width=\"990\" height=\"660\" srcset=\"https:\/\/d2p6e6u75xmxt8.cloudfront.net\/4\/2023\/12\/07-1.webp 990w, https:\/\/d2p6e6u75xmxt8.cloudfront.net\/4\/2023\/12\/07-1-300x200.webp 300w, https:\/\/d2p6e6u75xmxt8.cloudfront.net\/4\/2023\/12\/07-1-768x512.webp 768w, https:\/\/d2p6e6u75xmxt8.cloudfront.net\/4\/2023\/12\/07-1-400x267.webp 400w, https:\/\/d2p6e6u75xmxt8.cloudfront.net\/4\/2023\/12\/07-1-272x182.webp 272w\" sizes=\"auto, (max-width: 990px) 100vw, 990px\" \/><\/a><\/p>\n<p>&nbsp;<\/p>\n<h2><b>Detsk\u00e1 trailov\u00e1 seda\u010dka\u00a0FlixFlox<\/b><\/h2>\n<p><span style=\"font-weight: 400;\"><strong>Ak m\u00e1\u0161 doma mal\u00e9 bajker\u010da, nev\u00e1haj mu k\u00fapi\u0165 <a href=\"https:\/\/www.flixflox.cz\/detska-sedacka-na-kolo\/\" target=\"_blank\" rel=\"noopener\">seda\u010dku<\/a> dopredu,<\/strong> s ktorou si u\u017eijete kopec z\u00e1bavy na lok\u00e1lnych trailoch. S popruhom, ktor\u00fd na jednej strane ochr\u00e1ni die\u0165a, ale na druhej mu poskytne vo\u013enos\u0165 a mo\u017enos\u0165 postavi\u0165 sa zo seda\u010dky. M\u00e4kk\u00e1 seda\u010dka, minikarb\u00f3nov\u00e9 riadidl\u00e1, mo\u017enos\u0165 uchytenia za p\u00e1r min\u00fat na hlin\u00edkov\u00fd aj karb\u00f3nov\u00fd r\u00e1m, vyroben\u00e9 v \u010ceskej republike.<\/span><\/p>\n<p><img loading=\"lazy\" decoding=\"async\" class=\"alignnone size-full wp-image-18594\" src=\"https:\/\/d2p6e6u75xmxt8.cloudfront.net\/4\/2023\/12\/08-1.webp\" alt=\"\" width=\"990\" height=\"660\" srcset=\"https:\/\/d2p6e6u75xmxt8.cloudfront.net\/4\/2023\/12\/08-1.webp 990w, https:\/\/d2p6e6u75xmxt8.cloudfront.net\/4\/2023\/12\/08-1-300x200.webp 300w, https:\/\/d2p6e6u75xmxt8.cloudfront.net\/4\/2023\/12\/08-1-768x512.webp 768w, https:\/\/d2p6e6u75xmxt8.cloudfront.net\/4\/2023\/12\/08-1-400x267.webp 400w, https:\/\/d2p6e6u75xmxt8.cloudfront.net\/4\/2023\/12\/08-1-272x182.webp 272w\" sizes=\"auto, (max-width: 990px) 100vw, 990px\" \/><\/p>\n<p>&nbsp;<\/p>\n<p>&nbsp;<\/p>\n","protected":false},"excerpt":{"rendered":"<p>\u017de nevie\u0161, \u010do darova\u0165 bikerke na Vianoce? Nemus\u00ed\u0161 ma\u0165 stres ani\u00a0obavy, \u017ee netraf\u00ed\u0161 spr\u00e1vny dar\u010dek pod strom\u010dek, my ti na\u0161epk\u00e1me. [&hellip;]<\/p>\n","protected":false},"author":172,"featured_media":18598,"comment_status":"open","ping_status":"open","sticky":false,"template":"","format":"standard","meta":{"footnotes":""},"categories":[52],"tags":[1297,1294,62,115,345,180,285,344,659,475],"global-categories":[1074],"class_list":["post-18586","post","type-post","status-publish","format-standard","has-post-thumbnail","hentry","category-nakupny-poradca","tag-bajkerky","tag-bezpecna-jazda","tag-bezpecnost","tag-cestna-cyklistika","tag-darceky","tag-horska-cyklistika","tag-oblecenie","tag-vianoce","tag-zenska-cyklistika","tag-zeny","global-categories-cycling"],"yoast_head":"<!-- This site is optimized with the Yoast SEO Premium plugin v25.3 (Yoast SEO v25.9) - https:\/\/yoast.com\/wordpress\/plugins\/seo\/ -->\n<title>Vyber\u00e1me viano\u010dn\u00e9 dar\u010deky \u2013 tipy od ambas\u00e1dorov \u0160KODA BIKE OPEN TOUR \u2013 Nina Mikl\u00edkov\u00e1 (Bajkerky)<\/title>\n<meta name=\"description\" content=\"\u017de nevie\u0161, \u010do darova\u0165 bikerke na Vianoce? Nemus\u00ed\u0161 ma\u0165 stres ani\u00a0obavy, \u017ee netraf\u00ed\u0161 spr\u00e1vny dar\u010dek pod strom\u010dek, my ti na\u0161epk\u00e1me.\" \/>\n<meta name=\"robots\" content=\"index, follow, max-snippet:-1, max-image-preview:large, max-video-preview:-1\" \/>\n<link rel=\"canonical\" href=\"https:\/\/www.welovecycling.com\/sk\/2023\/12\/18\/vyberame-vianocne-darceky-tipy-od-ambasadorov-skoda-bike-open-tour-nina-miklikova-bajkerky\/\" \/>\n<meta property=\"og:locale\" content=\"sk_SK\" \/>\n<meta property=\"og:type\" content=\"article\" \/>\n<meta property=\"og:title\" content=\"Vyber\u00e1me viano\u010dn\u00e9 dar\u010deky \u2013 tipy od ambas\u00e1dorov \u0160KODA BIKE OPEN TOUR \u2013 Nina Mikl\u00edkov\u00e1 (Bajkerky)\" \/>\n<meta property=\"og:description\" content=\"\u017de nevie\u0161, \u010do darova\u0165 bikerke na Vianoce? Nemus\u00ed\u0161 ma\u0165 stres ani\u00a0obavy, \u017ee netraf\u00ed\u0161 spr\u00e1vny dar\u010dek pod strom\u010dek, my ti na\u0161epk\u00e1me.\" \/>\n<meta property=\"og:url\" content=\"https:\/\/www.welovecycling.com\/sk\/2023\/12\/18\/vyberame-vianocne-darceky-tipy-od-ambasadorov-skoda-bike-open-tour-nina-miklikova-bajkerky\/\" \/>\n<meta property=\"og:site_name\" content=\"\u0160koda We Love Cycling Slovensko\" \/>\n<meta property=\"article:published_time\" content=\"2023-12-18T09:00:45+00:00\" \/>\n<meta property=\"og:image\" content=\"https:\/\/d2p6e6u75xmxt8.cloudfront.net\/4\/2023\/12\/titulka-2.webp\" \/>\n\t<meta property=\"og:image:width\" content=\"990\" \/>\n\t<meta property=\"og:image:height\" content=\"660\" \/>\n\t<meta property=\"og:image:type\" content=\"image\/webp\" \/>\n<meta name=\"author\" content=\"dominika\" \/>\n<meta name=\"twitter:card\" content=\"summary_large_image\" \/>\n<meta name=\"twitter:label1\" content=\"Written by\" \/>\n\t<meta name=\"twitter:data1\" content=\"Radovan Vr\u0161ka, Nina Mikl\u00edkov\u00e1 (Bajkerky)\" \/>\n\t<meta name=\"twitter:label2\" content=\"Est. reading time\" \/>\n\t<meta name=\"twitter:data2\" content=\"3\" \/>\n<script type=\"application\/ld+json\" class=\"yoast-schema-graph\">{\"@context\":\"https:\/\/schema.org\",\"@graph\":[{\"@type\":\"WebPage\",\"@id\":\"https:\/\/www.welovecycling.com\/sk\/2023\/12\/18\/vyberame-vianocne-darceky-tipy-od-ambasadorov-skoda-bike-open-tour-nina-miklikova-bajkerky\/\",\"url\":\"https:\/\/www.welovecycling.com\/sk\/2023\/12\/18\/vyberame-vianocne-darceky-tipy-od-ambasadorov-skoda-bike-open-tour-nina-miklikova-bajkerky\/\",\"name\":\"Vyber\u00e1me viano\u010dn\u00e9 dar\u010deky \u2013 tipy od ambas\u00e1dorov \u0160KODA BIKE OPEN TOUR \u2013 Nina Mikl\u00edkov\u00e1 (Bajkerky)\",\"isPartOf\":{\"@id\":\"https:\/\/www.welovecycling.com\/sk\/#website\"},\"primaryImageOfPage\":{\"@id\":\"https:\/\/www.welovecycling.com\/sk\/2023\/12\/18\/vyberame-vianocne-darceky-tipy-od-ambasadorov-skoda-bike-open-tour-nina-miklikova-bajkerky\/#primaryimage\"},\"image\":{\"@id\":\"https:\/\/www.welovecycling.com\/sk\/2023\/12\/18\/vyberame-vianocne-darceky-tipy-od-ambasadorov-skoda-bike-open-tour-nina-miklikova-bajkerky\/#primaryimage\"},\"thumbnailUrl\":\"https:\/\/d2p6e6u75xmxt8.cloudfront.net\/4\/2023\/12\/titulka-2.webp\",\"datePublished\":\"2023-12-18T09:00:45+00:00\",\"author\":{\"@id\":\"https:\/\/www.welovecycling.com\/sk\/#\/schema\/person\/533b62b98b6c41bd5135ebfb1f742624\"},\"description\":\"\u017de nevie\u0161, \u010do darova\u0165 bikerke na Vianoce? Nemus\u00ed\u0161 ma\u0165 stres ani\u00a0obavy, \u017ee netraf\u00ed\u0161 spr\u00e1vny dar\u010dek pod strom\u010dek, my ti na\u0161epk\u00e1me.\",\"breadcrumb\":{\"@id\":\"https:\/\/www.welovecycling.com\/sk\/2023\/12\/18\/vyberame-vianocne-darceky-tipy-od-ambasadorov-skoda-bike-open-tour-nina-miklikova-bajkerky\/#breadcrumb\"},\"inLanguage\":\"sk-SK\",\"potentialAction\":[{\"@type\":\"ReadAction\",\"target\":[\"https:\/\/www.welovecycling.com\/sk\/2023\/12\/18\/vyberame-vianocne-darceky-tipy-od-ambasadorov-skoda-bike-open-tour-nina-miklikova-bajkerky\/\"]}]},{\"@type\":\"ImageObject\",\"inLanguage\":\"sk-SK\",\"@id\":\"https:\/\/www.welovecycling.com\/sk\/2023\/12\/18\/vyberame-vianocne-darceky-tipy-od-ambasadorov-skoda-bike-open-tour-nina-miklikova-bajkerky\/#primaryimage\",\"url\":\"https:\/\/d2p6e6u75xmxt8.cloudfront.net\/4\/2023\/12\/titulka-2.webp\",\"contentUrl\":\"https:\/\/d2p6e6u75xmxt8.cloudfront.net\/4\/2023\/12\/titulka-2.webp\",\"width\":990,\"height\":660},{\"@type\":\"BreadcrumbList\",\"@id\":\"https:\/\/www.welovecycling.com\/sk\/2023\/12\/18\/vyberame-vianocne-darceky-tipy-od-ambasadorov-skoda-bike-open-tour-nina-miklikova-bajkerky\/#breadcrumb\",\"itemListElement\":[{\"@type\":\"ListItem\",\"position\":1,\"name\":\"Home\",\"item\":\"https:\/\/www.welovecycling.com\/sk\/\"},{\"@type\":\"ListItem\",\"position\":2,\"name\":\"Vyber\u00e1me viano\u010dn\u00e9 dar\u010deky \u2013 tipy od ambas\u00e1dorov \u0160KODA BIKE OPEN TOUR \u2013 Nina Mikl\u00edkov\u00e1 (Bajkerky)\"}]},{\"@type\":\"WebSite\",\"@id\":\"https:\/\/www.welovecycling.com\/sk\/#website\",\"url\":\"https:\/\/www.welovecycling.com\/sk\/\",\"name\":\"\u0160koda We Love Cycling Slovensko\",\"description\":\"\u0160koda We Love Cycling Slovensko je v\u00e1\u0161 ka\u017edodenn\u00fd zdroj noviniek a in\u0161pir\u00e1cie z sveta cyklistiky\",\"potentialAction\":[{\"@type\":\"SearchAction\",\"target\":{\"@type\":\"EntryPoint\",\"urlTemplate\":\"https:\/\/www.welovecycling.com\/sk\/?s={search_term_string}\"},\"query-input\":{\"@type\":\"PropertyValueSpecification\",\"valueRequired\":true,\"valueName\":\"search_term_string\"}}],\"inLanguage\":\"sk-SK\"},{\"@type\":\"Person\",\"@id\":\"https:\/\/www.welovecycling.com\/sk\/#\/schema\/person\/533b62b98b6c41bd5135ebfb1f742624\",\"name\":\"dominika\",\"image\":{\"@type\":\"ImageObject\",\"inLanguage\":\"sk-SK\",\"@id\":\"https:\/\/www.welovecycling.com\/sk\/#\/schema\/person\/image\/\",\"url\":\"https:\/\/secure.gravatar.com\/avatar\/ded6f274ba2ec3e17fff153f7d9d96a4b33c2cb63907f75d9a5309c599a7f3e6?s=96&d=mm&r=g\",\"contentUrl\":\"https:\/\/secure.gravatar.com\/avatar\/ded6f274ba2ec3e17fff153f7d9d96a4b33c2cb63907f75d9a5309c599a7f3e6?s=96&d=mm&r=g\",\"caption\":\"dominika\"},\"url\":\"https:\/\/www.welovecycling.com\/sk\/author\/dominika\/\"}]}<\/script>\n<!-- \/ Yoast SEO Premium plugin. -->","yoast_head_json":{"title":"Vyber\u00e1me viano\u010dn\u00e9 dar\u010deky \u2013 tipy od ambas\u00e1dorov \u0160KODA BIKE OPEN TOUR \u2013 Nina Mikl\u00edkov\u00e1 (Bajkerky)","description":"\u017de nevie\u0161, \u010do darova\u0165 bikerke na Vianoce? Nemus\u00ed\u0161 ma\u0165 stres ani\u00a0obavy, \u017ee netraf\u00ed\u0161 spr\u00e1vny dar\u010dek pod strom\u010dek, my ti na\u0161epk\u00e1me.","robots":{"index":"index","follow":"follow","max-snippet":"max-snippet:-1","max-image-preview":"max-image-preview:large","max-video-preview":"max-video-preview:-1"},"canonical":"https:\/\/www.welovecycling.com\/sk\/2023\/12\/18\/vyberame-vianocne-darceky-tipy-od-ambasadorov-skoda-bike-open-tour-nina-miklikova-bajkerky\/","og_locale":"sk_SK","og_type":"article","og_title":"Vyber\u00e1me viano\u010dn\u00e9 dar\u010deky \u2013 tipy od ambas\u00e1dorov \u0160KODA BIKE OPEN TOUR \u2013 Nina Mikl\u00edkov\u00e1 (Bajkerky)","og_description":"\u017de nevie\u0161, \u010do darova\u0165 bikerke na Vianoce? Nemus\u00ed\u0161 ma\u0165 stres ani\u00a0obavy, \u017ee netraf\u00ed\u0161 spr\u00e1vny dar\u010dek pod strom\u010dek, my ti na\u0161epk\u00e1me.","og_url":"https:\/\/www.welovecycling.com\/sk\/2023\/12\/18\/vyberame-vianocne-darceky-tipy-od-ambasadorov-skoda-bike-open-tour-nina-miklikova-bajkerky\/","og_site_name":"\u0160koda We Love Cycling Slovensko","article_published_time":"2023-12-18T09:00:45+00:00","og_image":[{"width":990,"height":660,"url":"https:\/\/d2p6e6u75xmxt8.cloudfront.net\/4\/2023\/12\/titulka-2.webp","type":"image\/webp"}],"author":"dominika","twitter_card":"summary_large_image","twitter_misc":{"Written by":"Radovan Vr\u0161ka, Nina Mikl\u00edkov\u00e1 (Bajkerky)","Est. reading time":"3"},"schema":{"@context":"https:\/\/schema.org","@graph":[{"@type":"WebPage","@id":"https:\/\/www.welovecycling.com\/sk\/2023\/12\/18\/vyberame-vianocne-darceky-tipy-od-ambasadorov-skoda-bike-open-tour-nina-miklikova-bajkerky\/","url":"https:\/\/www.welovecycling.com\/sk\/2023\/12\/18\/vyberame-vianocne-darceky-tipy-od-ambasadorov-skoda-bike-open-tour-nina-miklikova-bajkerky\/","name":"Vyber\u00e1me viano\u010dn\u00e9 dar\u010deky \u2013 tipy od ambas\u00e1dorov \u0160KODA BIKE OPEN TOUR \u2013 Nina Mikl\u00edkov\u00e1 (Bajkerky)","isPartOf":{"@id":"https:\/\/www.welovecycling.com\/sk\/#website"},"primaryImageOfPage":{"@id":"https:\/\/www.welovecycling.com\/sk\/2023\/12\/18\/vyberame-vianocne-darceky-tipy-od-ambasadorov-skoda-bike-open-tour-nina-miklikova-bajkerky\/#primaryimage"},"image":{"@id":"https:\/\/www.welovecycling.com\/sk\/2023\/12\/18\/vyberame-vianocne-darceky-tipy-od-ambasadorov-skoda-bike-open-tour-nina-miklikova-bajkerky\/#primaryimage"},"thumbnailUrl":"https:\/\/d2p6e6u75xmxt8.cloudfront.net\/4\/2023\/12\/titulka-2.webp","datePublished":"2023-12-18T09:00:45+00:00","author":{"@id":"https:\/\/www.welovecycling.com\/sk\/#\/schema\/person\/533b62b98b6c41bd5135ebfb1f742624"},"description":"\u017de nevie\u0161, \u010do darova\u0165 bikerke na Vianoce? Nemus\u00ed\u0161 ma\u0165 stres ani\u00a0obavy, \u017ee netraf\u00ed\u0161 spr\u00e1vny dar\u010dek pod strom\u010dek, my ti na\u0161epk\u00e1me.","breadcrumb":{"@id":"https:\/\/www.welovecycling.com\/sk\/2023\/12\/18\/vyberame-vianocne-darceky-tipy-od-ambasadorov-skoda-bike-open-tour-nina-miklikova-bajkerky\/#breadcrumb"},"inLanguage":"sk-SK","potentialAction":[{"@type":"ReadAction","target":["https:\/\/www.welovecycling.com\/sk\/2023\/12\/18\/vyberame-vianocne-darceky-tipy-od-ambasadorov-skoda-bike-open-tour-nina-miklikova-bajkerky\/"]}]},{"@type":"ImageObject","inLanguage":"sk-SK","@id":"https:\/\/www.welovecycling.com\/sk\/2023\/12\/18\/vyberame-vianocne-darceky-tipy-od-ambasadorov-skoda-bike-open-tour-nina-miklikova-bajkerky\/#primaryimage","url":"https:\/\/d2p6e6u75xmxt8.cloudfront.net\/4\/2023\/12\/titulka-2.webp","contentUrl":"https:\/\/d2p6e6u75xmxt8.cloudfront.net\/4\/2023\/12\/titulka-2.webp","width":990,"height":660},{"@type":"BreadcrumbList","@id":"https:\/\/www.welovecycling.com\/sk\/2023\/12\/18\/vyberame-vianocne-darceky-tipy-od-ambasadorov-skoda-bike-open-tour-nina-miklikova-bajkerky\/#breadcrumb","itemListElement":[{"@type":"ListItem","position":1,"name":"Home","item":"https:\/\/www.welovecycling.com\/sk\/"},{"@type":"ListItem","position":2,"name":"Vyber\u00e1me viano\u010dn\u00e9 dar\u010deky \u2013 tipy od ambas\u00e1dorov \u0160KODA BIKE OPEN TOUR \u2013 Nina Mikl\u00edkov\u00e1 (Bajkerky)"}]},{"@type":"WebSite","@id":"https:\/\/www.welovecycling.com\/sk\/#website","url":"https:\/\/www.welovecycling.com\/sk\/","name":"\u0160koda We Love Cycling Slovensko","description":"\u0160koda We Love Cycling Slovensko je v\u00e1\u0161 ka\u017edodenn\u00fd zdroj noviniek a in\u0161pir\u00e1cie z sveta cyklistiky","potentialAction":[{"@type":"SearchAction","target":{"@type":"EntryPoint","urlTemplate":"https:\/\/www.welovecycling.com\/sk\/?s={search_term_string}"},"query-input":{"@type":"PropertyValueSpecification","valueRequired":true,"valueName":"search_term_string"}}],"inLanguage":"sk-SK"},{"@type":"Person","@id":"https:\/\/www.welovecycling.com\/sk\/#\/schema\/person\/533b62b98b6c41bd5135ebfb1f742624","name":"dominika","image":{"@type":"ImageObject","inLanguage":"sk-SK","@id":"https:\/\/www.welovecycling.com\/sk\/#\/schema\/person\/image\/","url":"https:\/\/secure.gravatar.com\/avatar\/ded6f274ba2ec3e17fff153f7d9d96a4b33c2cb63907f75d9a5309c599a7f3e6?s=96&d=mm&r=g","contentUrl":"https:\/\/secure.gravatar.com\/avatar\/ded6f274ba2ec3e17fff153f7d9d96a4b33c2cb63907f75d9a5309c599a7f3e6?s=96&d=mm&r=g","caption":"dominika"},"url":"https:\/\/www.welovecycling.com\/sk\/author\/dominika\/"}]}},"_links":{"self":[{"href":"https:\/\/www.welovecycling.com\/sk\/wp-json\/wp\/v2\/posts\/18586","targetHints":{"allow":["GET"]}}],"collection":[{"href":"https:\/\/www.welovecycling.com\/sk\/wp-json\/wp\/v2\/posts"}],"about":[{"href":"https:\/\/www.welovecycling.com\/sk\/wp-json\/wp\/v2\/types\/post"}],"author":[{"embeddable":true,"href":"https:\/\/www.welovecycling.com\/sk\/wp-json\/wp\/v2\/users\/172"}],"replies":[{"embeddable":true,"href":"https:\/\/www.welovecycling.com\/sk\/wp-json\/wp\/v2\/comments?post=18586"}],"version-history":[{"count":9,"href":"https:\/\/www.welovecycling.com\/sk\/wp-json\/wp\/v2\/posts\/18586\/revisions"}],"predecessor-version":[{"id":18607,"href":"https:\/\/www.welovecycling.com\/sk\/wp-json\/wp\/v2\/posts\/18586\/revisions\/18607"}],"wp:featuredmedia":[{"embeddable":true,"href":"https:\/\/www.welovecycling.com\/sk\/wp-json\/wp\/v2\/media\/18598"}],"wp:attachment":[{"href":"https:\/\/www.welovecycling.com\/sk\/wp-json\/wp\/v2\/media?parent=18586"}],"wp:term":[{"taxonomy":"category","embeddable":true,"href":"https:\/\/www.welovecycling.com\/sk\/wp-json\/wp\/v2\/categories?post=18586"},{"taxonomy":"post_tag","embeddable":true,"href":"https:\/\/www.welovecycling.com\/sk\/wp-json\/wp\/v2\/tags?post=18586"},{"taxonomy":"global-categories","embeddable":true,"href":"https:\/\/www.welovecycling.com\/sk\/wp-json\/wp\/v2\/global-categories?post=18586"}],"curies":[{"name":"wp","href":"https:\/\/api.w.org\/{rel}","templated":true}]}}