{"id":18570,"date":"2023-12-15T09:00:23","date_gmt":"2023-12-15T08:00:23","guid":{"rendered":"https:\/\/www.welovecycling.com\/sk\/?p=18570"},"modified":"2024-01-05T10:27:16","modified_gmt":"2024-01-05T09:27:16","slug":"preco-ludstvu-trvalo-tak-dlho-vynajst-bicykel","status":"publish","type":"post","link":"https:\/\/www.welovecycling.com\/sk\/2023\/12\/15\/preco-ludstvu-trvalo-tak-dlho-vynajst-bicykel\/","title":{"rendered":"Pre\u010do \u013eudstvu trvalo tak dlho vyn\u00e1js\u0165 bicykel"},"content":{"rendered":"<p><strong>Pre\u010do \u013eudstvu trvalo tis\u00edce rokov, k\u00fdm vyna\u0161lo bicykel? Mezopot\u00e1mska civiliz\u00e1cia je pova\u017eovan\u00e1 za prv\u00fa, ktor\u00e1 pou\u017eila pevn\u00e9 koles\u00e1 a t\u00fdm si u\u013eah\u010dila presun \u0165a\u017ek\u00e9ho n\u00e1kladu. Starovek\u00ed bojovn\u00edci pomocou dvojkolesov\u00fdch voz\u00edkov \u0165ahan\u00fdch ko\u0148mi zni\u010dili cel\u00e9 civiliz\u00e1cie\u00a0 stovky rokov predt\u00fdm, ako nemeck\u00fd bar\u00f3n Karl von Drais pripevnil dve koles\u00e1 na dreven\u00fd r\u00e1m a vidlicu. Vyrobil tak podivne vyzeraj\u00face zariadenie, ktor\u00e9 teraz pova\u017eujeme za \u00faplne prv\u00fd bicykel.<\/strong><\/p>\n<p><!--more--><\/p>\n<p><span style=\"font-weight: 400;\"><strong>Tento proto-bicykel, naz\u00fdvan\u00fd Draisine po svojom vyn\u00e1lezcovi, pozost\u00e1val z dreven\u00e9ho r\u00e1mu a \u017eelezn\u00fdch kolies.<\/strong> Dlho predt\u00fdm, ako p\u00e1r ped\u00e1lov zv\u00fd\u0161il r\u00fdchlos\u0165 a pohodlie jazdy, bol bar\u00f3nov \u201eLaufmachine\u201c ovl\u00e1dan\u00fd m\u00e1van\u00edm n\u00f4h a odr\u00e1\u017ean\u00edm sa p\u00e4tami.\u00a0<\/span><\/p>\n<p><span style=\"font-weight: 400;\">Ot\u00e1zkou teda je: pre\u010do \u013eu\u010fom trvalo tis\u00edce rokov, k\u00fdm pri\u0161li na vyn\u00e1lez s dvoma kolesami namontovan\u00fdmi za sebou namiesto kon\u0161trukcie, kde s\u00fa dve koles\u00e1 paralelne spojen\u00e9 jednou n\u00e1pravou? Obdobie, v ktorom sa v s\u00favislosti s v\u00fdvojom bicyklov ni\u010d podstatn\u00e9 neudialo, je obrovsk\u00e9. Historici pon\u00fakaj\u00fa nieko\u013eko vysvetlen\u00ed.<\/span><\/p>\n<figure id=\"attachment_18333\" aria-describedby=\"caption-attachment-18333\" style=\"width: 990px\" class=\"wp-caption alignnone\"><a href=\"https:\/\/d2p6e6u75xmxt8.cloudfront.net\/4\/2023\/09\/Bicycle-Future-profimedia-0672586822-CVR.webp\"><img loading=\"lazy\" decoding=\"async\" class=\"wp-image-18333 size-full\" src=\"https:\/\/d2p6e6u75xmxt8.cloudfront.net\/4\/2023\/09\/Bicycle-Future-profimedia-0672586822-CVR.webp\" alt=\"Bicycle\" width=\"990\" height=\"660\" srcset=\"https:\/\/d2p6e6u75xmxt8.cloudfront.net\/4\/2023\/09\/Bicycle-Future-profimedia-0672586822-CVR.webp 990w, https:\/\/d2p6e6u75xmxt8.cloudfront.net\/4\/2023\/09\/Bicycle-Future-profimedia-0672586822-CVR-300x200.webp 300w, https:\/\/d2p6e6u75xmxt8.cloudfront.net\/4\/2023\/09\/Bicycle-Future-profimedia-0672586822-CVR-768x512.webp 768w, https:\/\/d2p6e6u75xmxt8.cloudfront.net\/4\/2023\/09\/Bicycle-Future-profimedia-0672586822-CVR-400x267.webp 400w, https:\/\/d2p6e6u75xmxt8.cloudfront.net\/4\/2023\/09\/Bicycle-Future-profimedia-0672586822-CVR-272x182.webp 272w\" sizes=\"auto, (max-width: 990px) 100vw, 990px\" \/><\/a><figcaption id=\"caption-attachment-18333\" class=\"wp-caption-text\">Pre\u010do trvalo tak dlho, k\u00fdm bol sme vyna\u0161li bicykel? \u00a9 Profimedia<\/figcaption><\/figure>\n<h2><b>Cesty neboli na bicykle pripraven\u00e9<\/b><\/h2>\n<p><span style=\"font-weight: 400;\">Technologick\u00fd faktor je zodpovedn\u00fd za zlep\u0161en\u00fa rafin\u00e1ciu kovov, ke\u010f\u017ee oce\u013e kv\u00f4li svojej cene a pokro\u010dil\u00e9 procesy jej spracovania neboli pred rokom 1800 ve\u013emi dostupn\u00e9. Dizajn kolies nepokro\u010dil dovtedy, k\u00fdm \u013eahk\u00fd v\u00fdplet nenahradil \u0165a\u017e\u0161ie \u017eelezn\u00e9 dr\u00f4ty a m\u00e4kk\u00e1 guma nahradila \u017eelezn\u00e9 p\u00e1sy na vonkaj\u0161\u00edch l\u00edni\u00e1ch r\u00e1fikov. Vzh\u013eadom na tieto argumenty v\u0161ak mohla by\u0165 dreven\u00e1 kon\u0161trukcia Draisine, ktor\u00e1 neobsahuje \u017eiadnu z t\u00fdchto technol\u00f3gi\u00ed, postaven\u00e1 u\u017e d\u00e1vnej\u0161ie.<\/span><\/p>\n<p><span style=\"font-weight: 400;\"><strong>Kvalita ciest v minulosti je \u010fal\u0161\u00edm faktorom, ktor\u00fd treba vzia\u0165 do \u00favahy.<\/strong> Na vidieku hlinen\u00e9 cesty a v mest\u00e1ch cesty z dla\u017eobn\u00fdch kociek \u2013\u00a0 ich \u0161tandard pred rokom 1800 bol podstatne hor\u0161\u00ed ako to, \u010do m\u00e1me v dne\u0161nej dobe na ob\u00e1vanej trase Pekla severu: Par\u00ed\u017e \u2013 Roubaix.\u00a0<\/span><\/p>\n<p><span style=\"font-weight: 400;\">Hlad\u0161\u00ed povrch makadamovej dla\u017eby sp\u00e1jal mest\u00e1 a\u017e v 20. rokoch 19. storo\u010dia. Cesty pred rokom 1800, ktor\u00e9 nemali vhodn\u00e9 odvodnenie a obsahovali otvoren\u00e9 kanaliz\u00e1cie, mohli nepochybne zni\u010di\u0165 ak\u00e9ko\u013evek skor\u0161ie snahy o vyn\u00e1jdenie \u013eahk\u00e9ho, \u013eu\u010fmi poh\u00e1\u0148an\u00e9ho vozidla. Na druhej strane, dovtedy nebolo potrebn\u00e9 prer\u00e1ba\u0165 drsn\u00e9 \u0161trkov\u00e9 cesty na hlad\u0161ie chodn\u00edky.<strong> Niektor\u00ed \u013eudia veria, \u017ee zmenu pomohli presadi\u0165 pr\u00e1ve cyklisti.<\/strong><\/span><\/p>\n<h2><b>Vyn\u00e1lez bicykla zmenil bud\u00facnos\u0165 dopravy<\/b><\/h2>\n<p><span style=\"font-weight: 400;\">Trad\u00edcia pou\u017e\u00edvania kon\u00ed bola hlboko zakorenen\u00e1 a len pomaly ju nahr\u00e1dzali vyspelej\u0161\u00ed konkurenti.<strong> Kone si poradili s ak\u00fdmko\u013evek povrchom aj z\u00e1\u0165a\u017eou.<\/strong><\/span><\/p>\n<p><span style=\"font-weight: 400;\">Existuj\u00fa historick\u00e9 poznatky, <strong>ktor\u00e9 nazna\u010duj\u00fa, \u017ee \u00fasvit bicyklovania bol vyvolan\u00fd \u201erokom bez leta\u201c po erupcii sopky Tambora v roku 1816.<\/strong> Cel\u00fd svet bol zahalen\u00fd sope\u010dn\u00fdm popolom, \u010do sp\u00f4sobilo zn\u00ed\u017eenie priemern\u00fdch tepl\u00f4t a zni\u010den\u00fa \u00farodu obilia. Katastrofa viedla k hladovaniu kon\u00ed, a tak \u013eudia museli h\u013eada\u0165 in\u00e9 alternat\u00edvy dopravy.<\/span><\/p>\n<p><span style=\"font-weight: 400;\">Svoju \u00falohu mohli zohra\u0165 aj kult\u00farne aspekty. <strong>Spolo\u010dnos\u0165 pravdepodobne nebola pripraven\u00e1 by\u0165 svedkom toho, ako sa \u0161ialenec r\u00fdchlo r\u00fati po ceste na smie\u0161nom v\u00fdtvore s dvoma kolesami.<\/strong><\/span><\/p>\n<p><span style=\"font-weight: 400;\">Nech u\u017e je to akoko\u013evek, je jasn\u00e9, \u017ee aj ke\u010f p\u00f4vodn\u00fd bicykel bar\u00f3na Draisa nebol pr\u00e1ve pohodln\u00fd, \u00faplne zmenil bud\u00facnos\u0165 dopravy.<\/span><\/p>\n","protected":false},"excerpt":{"rendered":"<p>Pre\u010do \u013eudstvu trvalo tis\u00edce rokov, k\u00fdm vyna\u0161lo bicykel? Mezopot\u00e1mska civiliz\u00e1cia je pova\u017eovan\u00e1 za prv\u00fa, ktor\u00e1 pou\u017eila pevn\u00e9 koles\u00e1 a t\u00fdm [&hellip;]<\/p>\n","protected":false},"author":172,"featured_media":18572,"comment_status":"open","ping_status":"open","sticky":false,"template":"","format":"standard","meta":{"footnotes":""},"categories":[118],"tags":[559,115,487,546,876,548,1481,1014,183,1620],"global-categories":[],"class_list":["post-18570","post","type-post","status-publish","format-standard","has-post-thumbnail","hentry","category-zabava","tag-bicykel","tag-cestna-cyklistika","tag-cestny-bicykel","tag-cyklistika","tag-historia","tag-informacia","tag-jazda-na-bicykli","tag-tradicia","tag-zabava","tag-zaujimavosti"],"yoast_head":"<!-- This site is optimized with the Yoast SEO Premium plugin v25.3 (Yoast SEO v25.9) - https:\/\/yoast.com\/wordpress\/plugins\/seo\/ -->\n<title>Pre\u010do \u013eudstvu trvalo tak dlho vyn\u00e1js\u0165 bicykel - \u0160koda We Love Cycling Slovensko<\/title>\n<meta name=\"description\" content=\"Pre\u010do \u013eudstvu trvalo tis\u00edce rokov, k\u00fdm vyna\u0161lo bicykel? Historici pon\u00fakaj\u00fa nieko\u013eko vysvetlen\u00ed, pre\u010do tomu tak je.\" \/>\n<meta name=\"robots\" content=\"index, follow, max-snippet:-1, max-image-preview:large, max-video-preview:-1\" \/>\n<link rel=\"canonical\" href=\"https:\/\/www.welovecycling.com\/sk\/2023\/12\/15\/preco-ludstvu-trvalo-tak-dlho-vynajst-bicykel\/\" \/>\n<meta property=\"og:locale\" content=\"sk_SK\" \/>\n<meta property=\"og:type\" content=\"article\" \/>\n<meta property=\"og:title\" content=\"Pre\u010do \u013eudstvu trvalo tak dlho vyn\u00e1js\u0165 bicykel\" \/>\n<meta property=\"og:description\" content=\"Pre\u010do \u013eudstvu trvalo tis\u00edce rokov, k\u00fdm vyna\u0161lo bicykel? Historici pon\u00fakaj\u00fa nieko\u013eko vysvetlen\u00ed, pre\u010do tomu tak je.\" \/>\n<meta property=\"og:url\" content=\"https:\/\/www.welovecycling.com\/sk\/2023\/12\/15\/preco-ludstvu-trvalo-tak-dlho-vynajst-bicykel\/\" \/>\n<meta property=\"og:site_name\" content=\"\u0160koda We Love Cycling Slovensko\" \/>\n<meta property=\"article:published_time\" content=\"2023-12-15T08:00:23+00:00\" \/>\n<meta property=\"article:modified_time\" content=\"2024-01-05T09:27:16+00:00\" \/>\n<meta property=\"og:image\" content=\"https:\/\/d2p6e6u75xmxt8.cloudfront.net\/4\/2023\/12\/Bicycle-Nature-pexels-b-127016-CVR.webp\" \/>\n\t<meta property=\"og:image:width\" content=\"990\" \/>\n\t<meta property=\"og:image:height\" content=\"660\" \/>\n\t<meta property=\"og:image:type\" content=\"image\/webp\" \/>\n<meta name=\"author\" content=\"dominika\" \/>\n<meta name=\"twitter:card\" content=\"summary_large_image\" \/>\n<meta name=\"twitter:label1\" content=\"Written by\" \/>\n\t<meta name=\"twitter:data1\" content=\"Adam Marsal\" \/>\n\t<meta name=\"twitter:label2\" content=\"Est. reading time\" \/>\n\t<meta name=\"twitter:data2\" content=\"4\" \/>\n<script type=\"application\/ld+json\" class=\"yoast-schema-graph\">{\"@context\":\"https:\/\/schema.org\",\"@graph\":[{\"@type\":\"WebPage\",\"@id\":\"https:\/\/www.welovecycling.com\/sk\/2023\/12\/15\/preco-ludstvu-trvalo-tak-dlho-vynajst-bicykel\/\",\"url\":\"https:\/\/www.welovecycling.com\/sk\/2023\/12\/15\/preco-ludstvu-trvalo-tak-dlho-vynajst-bicykel\/\",\"name\":\"Pre\u010do \u013eudstvu trvalo tak dlho vyn\u00e1js\u0165 bicykel - \u0160koda We Love Cycling Slovensko\",\"isPartOf\":{\"@id\":\"https:\/\/www.welovecycling.com\/sk\/#website\"},\"primaryImageOfPage\":{\"@id\":\"https:\/\/www.welovecycling.com\/sk\/2023\/12\/15\/preco-ludstvu-trvalo-tak-dlho-vynajst-bicykel\/#primaryimage\"},\"image\":{\"@id\":\"https:\/\/www.welovecycling.com\/sk\/2023\/12\/15\/preco-ludstvu-trvalo-tak-dlho-vynajst-bicykel\/#primaryimage\"},\"thumbnailUrl\":\"https:\/\/d2p6e6u75xmxt8.cloudfront.net\/4\/2023\/12\/Bicycle-Nature-pexels-b-127016-CVR.webp\",\"datePublished\":\"2023-12-15T08:00:23+00:00\",\"dateModified\":\"2024-01-05T09:27:16+00:00\",\"author\":{\"@id\":\"https:\/\/www.welovecycling.com\/sk\/#\/schema\/person\/533b62b98b6c41bd5135ebfb1f742624\"},\"description\":\"Pre\u010do \u013eudstvu trvalo tis\u00edce rokov, k\u00fdm vyna\u0161lo bicykel? Historici pon\u00fakaj\u00fa nieko\u013eko vysvetlen\u00ed, pre\u010do tomu tak je.\",\"breadcrumb\":{\"@id\":\"https:\/\/www.welovecycling.com\/sk\/2023\/12\/15\/preco-ludstvu-trvalo-tak-dlho-vynajst-bicykel\/#breadcrumb\"},\"inLanguage\":\"sk-SK\",\"potentialAction\":[{\"@type\":\"ReadAction\",\"target\":[\"https:\/\/www.welovecycling.com\/sk\/2023\/12\/15\/preco-ludstvu-trvalo-tak-dlho-vynajst-bicykel\/\"]}]},{\"@type\":\"ImageObject\",\"inLanguage\":\"sk-SK\",\"@id\":\"https:\/\/www.welovecycling.com\/sk\/2023\/12\/15\/preco-ludstvu-trvalo-tak-dlho-vynajst-bicykel\/#primaryimage\",\"url\":\"https:\/\/d2p6e6u75xmxt8.cloudfront.net\/4\/2023\/12\/Bicycle-Nature-pexels-b-127016-CVR.webp\",\"contentUrl\":\"https:\/\/d2p6e6u75xmxt8.cloudfront.net\/4\/2023\/12\/Bicycle-Nature-pexels-b-127016-CVR.webp\",\"width\":990,\"height\":660,\"caption\":\"A bicycle in nature\"},{\"@type\":\"BreadcrumbList\",\"@id\":\"https:\/\/www.welovecycling.com\/sk\/2023\/12\/15\/preco-ludstvu-trvalo-tak-dlho-vynajst-bicykel\/#breadcrumb\",\"itemListElement\":[{\"@type\":\"ListItem\",\"position\":1,\"name\":\"Home\",\"item\":\"https:\/\/www.welovecycling.com\/sk\/\"},{\"@type\":\"ListItem\",\"position\":2,\"name\":\"Pre\u010do \u013eudstvu trvalo tak dlho vyn\u00e1js\u0165 bicykel\"}]},{\"@type\":\"WebSite\",\"@id\":\"https:\/\/www.welovecycling.com\/sk\/#website\",\"url\":\"https:\/\/www.welovecycling.com\/sk\/\",\"name\":\"\u0160koda We Love Cycling Slovensko\",\"description\":\"\u0160koda We Love Cycling Slovensko je v\u00e1\u0161 ka\u017edodenn\u00fd zdroj noviniek a in\u0161pir\u00e1cie z sveta cyklistiky\",\"potentialAction\":[{\"@type\":\"SearchAction\",\"target\":{\"@type\":\"EntryPoint\",\"urlTemplate\":\"https:\/\/www.welovecycling.com\/sk\/?s={search_term_string}\"},\"query-input\":{\"@type\":\"PropertyValueSpecification\",\"valueRequired\":true,\"valueName\":\"search_term_string\"}}],\"inLanguage\":\"sk-SK\"},{\"@type\":\"Person\",\"@id\":\"https:\/\/www.welovecycling.com\/sk\/#\/schema\/person\/533b62b98b6c41bd5135ebfb1f742624\",\"name\":\"dominika\",\"image\":{\"@type\":\"ImageObject\",\"inLanguage\":\"sk-SK\",\"@id\":\"https:\/\/www.welovecycling.com\/sk\/#\/schema\/person\/image\/\",\"url\":\"https:\/\/secure.gravatar.com\/avatar\/ded6f274ba2ec3e17fff153f7d9d96a4b33c2cb63907f75d9a5309c599a7f3e6?s=96&d=mm&r=g\",\"contentUrl\":\"https:\/\/secure.gravatar.com\/avatar\/ded6f274ba2ec3e17fff153f7d9d96a4b33c2cb63907f75d9a5309c599a7f3e6?s=96&d=mm&r=g\",\"caption\":\"dominika\"},\"url\":\"https:\/\/www.welovecycling.com\/sk\/author\/dominika\/\"}]}<\/script>\n<!-- \/ Yoast SEO Premium plugin. -->","yoast_head_json":{"title":"Pre\u010do \u013eudstvu trvalo tak dlho vyn\u00e1js\u0165 bicykel - \u0160koda We Love Cycling Slovensko","description":"Pre\u010do \u013eudstvu trvalo tis\u00edce rokov, k\u00fdm vyna\u0161lo bicykel? Historici pon\u00fakaj\u00fa nieko\u013eko vysvetlen\u00ed, pre\u010do tomu tak je.","robots":{"index":"index","follow":"follow","max-snippet":"max-snippet:-1","max-image-preview":"max-image-preview:large","max-video-preview":"max-video-preview:-1"},"canonical":"https:\/\/www.welovecycling.com\/sk\/2023\/12\/15\/preco-ludstvu-trvalo-tak-dlho-vynajst-bicykel\/","og_locale":"sk_SK","og_type":"article","og_title":"Pre\u010do \u013eudstvu trvalo tak dlho vyn\u00e1js\u0165 bicykel","og_description":"Pre\u010do \u013eudstvu trvalo tis\u00edce rokov, k\u00fdm vyna\u0161lo bicykel? Historici pon\u00fakaj\u00fa nieko\u013eko vysvetlen\u00ed, pre\u010do tomu tak je.","og_url":"https:\/\/www.welovecycling.com\/sk\/2023\/12\/15\/preco-ludstvu-trvalo-tak-dlho-vynajst-bicykel\/","og_site_name":"\u0160koda We Love Cycling Slovensko","article_published_time":"2023-12-15T08:00:23+00:00","article_modified_time":"2024-01-05T09:27:16+00:00","og_image":[{"width":990,"height":660,"url":"https:\/\/d2p6e6u75xmxt8.cloudfront.net\/4\/2023\/12\/Bicycle-Nature-pexels-b-127016-CVR.webp","type":"image\/webp"}],"author":"dominika","twitter_card":"summary_large_image","twitter_misc":{"Written by":"Adam Marsal","Est. reading time":"4"},"schema":{"@context":"https:\/\/schema.org","@graph":[{"@type":"WebPage","@id":"https:\/\/www.welovecycling.com\/sk\/2023\/12\/15\/preco-ludstvu-trvalo-tak-dlho-vynajst-bicykel\/","url":"https:\/\/www.welovecycling.com\/sk\/2023\/12\/15\/preco-ludstvu-trvalo-tak-dlho-vynajst-bicykel\/","name":"Pre\u010do \u013eudstvu trvalo tak dlho vyn\u00e1js\u0165 bicykel - \u0160koda We Love Cycling Slovensko","isPartOf":{"@id":"https:\/\/www.welovecycling.com\/sk\/#website"},"primaryImageOfPage":{"@id":"https:\/\/www.welovecycling.com\/sk\/2023\/12\/15\/preco-ludstvu-trvalo-tak-dlho-vynajst-bicykel\/#primaryimage"},"image":{"@id":"https:\/\/www.welovecycling.com\/sk\/2023\/12\/15\/preco-ludstvu-trvalo-tak-dlho-vynajst-bicykel\/#primaryimage"},"thumbnailUrl":"https:\/\/d2p6e6u75xmxt8.cloudfront.net\/4\/2023\/12\/Bicycle-Nature-pexels-b-127016-CVR.webp","datePublished":"2023-12-15T08:00:23+00:00","dateModified":"2024-01-05T09:27:16+00:00","author":{"@id":"https:\/\/www.welovecycling.com\/sk\/#\/schema\/person\/533b62b98b6c41bd5135ebfb1f742624"},"description":"Pre\u010do \u013eudstvu trvalo tis\u00edce rokov, k\u00fdm vyna\u0161lo bicykel? Historici pon\u00fakaj\u00fa nieko\u013eko vysvetlen\u00ed, pre\u010do tomu tak je.","breadcrumb":{"@id":"https:\/\/www.welovecycling.com\/sk\/2023\/12\/15\/preco-ludstvu-trvalo-tak-dlho-vynajst-bicykel\/#breadcrumb"},"inLanguage":"sk-SK","potentialAction":[{"@type":"ReadAction","target":["https:\/\/www.welovecycling.com\/sk\/2023\/12\/15\/preco-ludstvu-trvalo-tak-dlho-vynajst-bicykel\/"]}]},{"@type":"ImageObject","inLanguage":"sk-SK","@id":"https:\/\/www.welovecycling.com\/sk\/2023\/12\/15\/preco-ludstvu-trvalo-tak-dlho-vynajst-bicykel\/#primaryimage","url":"https:\/\/d2p6e6u75xmxt8.cloudfront.net\/4\/2023\/12\/Bicycle-Nature-pexels-b-127016-CVR.webp","contentUrl":"https:\/\/d2p6e6u75xmxt8.cloudfront.net\/4\/2023\/12\/Bicycle-Nature-pexels-b-127016-CVR.webp","width":990,"height":660,"caption":"A bicycle in nature"},{"@type":"BreadcrumbList","@id":"https:\/\/www.welovecycling.com\/sk\/2023\/12\/15\/preco-ludstvu-trvalo-tak-dlho-vynajst-bicykel\/#breadcrumb","itemListElement":[{"@type":"ListItem","position":1,"name":"Home","item":"https:\/\/www.welovecycling.com\/sk\/"},{"@type":"ListItem","position":2,"name":"Pre\u010do \u013eudstvu trvalo tak dlho vyn\u00e1js\u0165 bicykel"}]},{"@type":"WebSite","@id":"https:\/\/www.welovecycling.com\/sk\/#website","url":"https:\/\/www.welovecycling.com\/sk\/","name":"\u0160koda We Love Cycling Slovensko","description":"\u0160koda We Love Cycling Slovensko je v\u00e1\u0161 ka\u017edodenn\u00fd zdroj noviniek a in\u0161pir\u00e1cie z sveta cyklistiky","potentialAction":[{"@type":"SearchAction","target":{"@type":"EntryPoint","urlTemplate":"https:\/\/www.welovecycling.com\/sk\/?s={search_term_string}"},"query-input":{"@type":"PropertyValueSpecification","valueRequired":true,"valueName":"search_term_string"}}],"inLanguage":"sk-SK"},{"@type":"Person","@id":"https:\/\/www.welovecycling.com\/sk\/#\/schema\/person\/533b62b98b6c41bd5135ebfb1f742624","name":"dominika","image":{"@type":"ImageObject","inLanguage":"sk-SK","@id":"https:\/\/www.welovecycling.com\/sk\/#\/schema\/person\/image\/","url":"https:\/\/secure.gravatar.com\/avatar\/ded6f274ba2ec3e17fff153f7d9d96a4b33c2cb63907f75d9a5309c599a7f3e6?s=96&d=mm&r=g","contentUrl":"https:\/\/secure.gravatar.com\/avatar\/ded6f274ba2ec3e17fff153f7d9d96a4b33c2cb63907f75d9a5309c599a7f3e6?s=96&d=mm&r=g","caption":"dominika"},"url":"https:\/\/www.welovecycling.com\/sk\/author\/dominika\/"}]}},"_links":{"self":[{"href":"https:\/\/www.welovecycling.com\/sk\/wp-json\/wp\/v2\/posts\/18570","targetHints":{"allow":["GET"]}}],"collection":[{"href":"https:\/\/www.welovecycling.com\/sk\/wp-json\/wp\/v2\/posts"}],"about":[{"href":"https:\/\/www.welovecycling.com\/sk\/wp-json\/wp\/v2\/types\/post"}],"author":[{"embeddable":true,"href":"https:\/\/www.welovecycling.com\/sk\/wp-json\/wp\/v2\/users\/172"}],"replies":[{"embeddable":true,"href":"https:\/\/www.welovecycling.com\/sk\/wp-json\/wp\/v2\/comments?post=18570"}],"version-history":[{"count":5,"href":"https:\/\/www.welovecycling.com\/sk\/wp-json\/wp\/v2\/posts\/18570\/revisions"}],"predecessor-version":[{"id":18654,"href":"https:\/\/www.welovecycling.com\/sk\/wp-json\/wp\/v2\/posts\/18570\/revisions\/18654"}],"wp:featuredmedia":[{"embeddable":true,"href":"https:\/\/www.welovecycling.com\/sk\/wp-json\/wp\/v2\/media\/18572"}],"wp:attachment":[{"href":"https:\/\/www.welovecycling.com\/sk\/wp-json\/wp\/v2\/media?parent=18570"}],"wp:term":[{"taxonomy":"category","embeddable":true,"href":"https:\/\/www.welovecycling.com\/sk\/wp-json\/wp\/v2\/categories?post=18570"},{"taxonomy":"post_tag","embeddable":true,"href":"https:\/\/www.welovecycling.com\/sk\/wp-json\/wp\/v2\/tags?post=18570"},{"taxonomy":"global-categories","embeddable":true,"href":"https:\/\/www.welovecycling.com\/sk\/wp-json\/wp\/v2\/global-categories?post=18570"}],"curies":[{"name":"wp","href":"https:\/\/api.w.org\/{rel}","templated":true}]}}