{"id":18564,"date":"2023-12-08T10:00:03","date_gmt":"2023-12-08T09:00:03","guid":{"rendered":"https:\/\/www.welovecycling.com\/sk\/?p=18564"},"modified":"2023-12-05T12:18:21","modified_gmt":"2023-12-05T11:18:21","slug":"bicyklovanie-cez-zimu-rodinny-sprievodca-ako-si-uzit-jazdu-na-bicykli-aj-v-chladnejsich-mesiacoch","status":"publish","type":"post","link":"https:\/\/www.welovecycling.com\/sk\/2023\/12\/08\/bicyklovanie-cez-zimu-rodinny-sprievodca-ako-si-uzit-jazdu-na-bicykli-aj-v-chladnejsich-mesiacoch\/","title":{"rendered":"Bicyklovanie cez zimu: Rodinn\u00fd sprievodca, ako si u\u017ei\u0165 jazdu na bicykli aj v chladnej\u0161\u00edch mesiacoch"},"content":{"rendered":"<p><b>Bicyklovanie s rodinou je pr\u00edjemn\u00e1 aktivita, ale nemus\u00ed by\u0165 vyhraden\u00e1 iba na slne\u010dn\u00e9 a tepl\u00e9 dni. Ke\u010f k n\u00e1m zav\u00edta zima a s \u0148ou spojen\u00e9 chladn\u00e9 po\u010dasie, cyklistick\u00e9 dobrodru\u017estv\u00e1 sa nemusia skon\u010di\u0165. V trblietavej mrazivej krajine na tich\u00fdch zasne\u017een\u00fdch chodn\u00edkoch m\u00f4\u017ee by\u0165 zimn\u00e1 cyklistika magick\u00fdm z\u00e1\u017eitkom pre cel\u00fa rodinu.\u00a0<\/b><!--more--><\/p>\n<p><span style=\"font-weight: 400;\">So spr\u00e1vnou pr\u00edpravou m\u00f4\u017ee by\u0165 bicyklovanie v zime bezpe\u010dn\u00e9 a vzru\u0161uj\u00face. Je to fantastick\u00fd sp\u00f4sob, ako zosta\u0165 akt\u00edvny a tr\u00e1vi\u0165 \u010das spolu. Po\u010fme presk\u00fama\u0165, ako m\u00f4\u017ee va\u0161a rodina pokra\u010dova\u0165 s bicyklovan\u00edm aj cez zimn\u00fa sez\u00f3nu.<\/span><\/p>\n<h2 class=\"-wm-MsoNormal\"><b>Pr\u00edprava<\/b><\/h2>\n<p><span style=\"font-weight: 400;\">Zimn\u00e1 cyklistika si vy\u017eaduje o nie\u010do viac pr\u00edpravy, najm\u00e4 ak sa do nej zapoj\u00ed cel\u00e1 rodina.<\/span><\/p>\n<ul type=\"disc\">\n<li class=\"-wm-MsoNormal\"><strong><i>Zazimovanie bicyklov<\/i>:<\/strong> <span style=\"font-weight: 400;\">Prv\u00fdm krokom je pripravi\u0165 svoje bicykle na chladnej\u0161ie podmienky. To znamen\u00e1 skontrolova\u0165 pneumatiky z h\u013eadiska lep\u0161ej pri\u013enavosti na potenci\u00e1lne klzk\u00fdch povrchoch, pripevni\u0165 blatn\u00edky a zabezpe\u010di\u0165, aby boli brzdy v \u0161pi\u010dkovom stave. Nevyhnutn\u00e9 je aj namazanie v\u0161etk\u00fdch pohybliv\u00fdch \u010dast\u00ed, ktor\u00e9 ich ochr\u00e1ni pred vlhkos\u0165ou a chladom.<\/span><\/li>\n<li class=\"-wm-MsoNormal\"><strong><i>Vhodn\u00e9 oble\u010denie<\/i>:<\/strong> <span style=\"font-weight: 400;\">K\u013e\u00fa\u010dom k udr\u017eaniu tepla a pohodlia pri jazde na bicykli v zime je vrstvenie. Za\u010dnite so z\u00e1kladnou vrstvou odv\u00e1dzaj\u00facou vlhkos\u0165, aby ste pot odv\u00e1dzali od poko\u017eky, pridajte izola\u010dn\u00fa vrstvu pre teplo a zakon\u010dite vetruodolnou a nepremokavou vonkaj\u0161ou vrstvou na ochranu pred chladom a vetrom. Nezabudnite na zateplen\u00e9 rukavice, termo pono\u017eky a \u010diapky, ktor\u00e9 sa zmestia pod prilbu.<\/span><\/li>\n<li class=\"-wm-MsoNormal\"><strong><i>Vidite\u013enos\u0165 a osvetlenie<\/i>:<\/strong> <span style=\"font-weight: 400;\">Pri krat\u0161\u00edch zimn\u00fdch d\u0148och je d\u00f4le\u017eit\u00e9 zabezpe\u010di\u0165, aby ste vy a va\u0161e bicykle boli vidite\u013en\u00ed. Vybavte svoje bicykle jasn\u00fdmi predn\u00fdmi a zadn\u00fdmi svetlami a zv\u00e1\u017ete pridanie reflexn\u00fdch p\u00e1sikov alebo svetiel na r\u00e1my. Pre v\u00e4\u010d\u0161ie bezpe\u010die pom\u00f4\u017ee aj dobre vidite\u013en\u00e9 oble\u010denie alebo vesty pre ka\u017ed\u00e9ho \u010dlena rodiny.<\/span><\/li>\n<\/ul>\n<h2 class=\"-wm-MsoNormal\"><b>Bezpe\u010dnos\u0165<\/b><\/h2>\n<p><span style=\"font-weight: 400;\">Zimn\u00e1 krajina m\u00f4\u017ee by\u0165 nepredv\u00eddate\u013en\u00e1 a bezpe\u010dnos\u0165 by mala by\u0165 v\u017edy va\u0161ou najvy\u0161\u0161ou prioritou.<\/span><\/p>\n<p><strong><i>Jazdenie na \u013eadov\u00fdch alebo mokr\u00fdch cest\u00e1ch<\/i>: <\/strong><span style=\"font-weight: 400;\">Nau\u010dte \u010dlenov svojej rodiny, ako ovl\u00e1da\u0165 bicykel na z\u013eadovaten\u00fdch alebo mokr\u00fdch cest\u00e1ch. Mali by ste jazdi\u0165 pomaly, opatrne do z\u00e1krut a preferova\u0165 cyklotrasy, pri ktor\u00fdch je v\u00e4\u010d\u0161ia pravdepodobnos\u0165, \u017ee bud\u00fa nejako upraven\u00e9.<\/span><\/p>\n<p><strong><i>Kontrola poveternostn\u00fdch podmienok: <\/i><\/strong><span style=\"font-weight: 400;\">Pred odchodom si v\u017edy skontrolujte predpove\u010f po\u010dasia. Nau\u010dte svoje deti rozpozna\u0165 prv\u00e9 pr\u00edznaky podchladenia a omrzl\u00edn ako je tria\u0161ka, \u00fanava a necitlivos\u0165. Bu\u010fte pripraven\u00ed skr\u00e1ti\u0165 si jazdu, ak to bude nevyhnutn\u00e9.<\/span><\/p>\n<h2><\/h2>\n<figure id=\"attachment_13398\" aria-describedby=\"caption-attachment-13398\" style=\"width: 1000px\" class=\"wp-caption alignnone\"><a href=\"https:\/\/d2p6e6u75xmxt8.cloudfront.net\/4\/2021\/11\/Family-winter-cycling-profimedia-0497110127.webp\"><img loading=\"lazy\" decoding=\"async\" class=\"wp-image-13398 size-full\" src=\"https:\/\/d2p6e6u75xmxt8.cloudfront.net\/4\/2021\/11\/Family-winter-cycling-profimedia-0497110127.webp\" alt=\"Winter cycling\" width=\"1000\" height=\"666\" srcset=\"https:\/\/d2p6e6u75xmxt8.cloudfront.net\/4\/2021\/11\/Family-winter-cycling-profimedia-0497110127.webp 1000w, https:\/\/d2p6e6u75xmxt8.cloudfront.net\/4\/2021\/11\/Family-winter-cycling-profimedia-0497110127-300x200.webp 300w, https:\/\/d2p6e6u75xmxt8.cloudfront.net\/4\/2021\/11\/Family-winter-cycling-profimedia-0497110127-768x511.webp 768w, https:\/\/d2p6e6u75xmxt8.cloudfront.net\/4\/2021\/11\/Family-winter-cycling-profimedia-0497110127-272x182.webp 272w\" sizes=\"auto, (max-width: 1000px) 100vw, 1000px\" \/><\/a><figcaption id=\"caption-attachment-13398\" class=\"wp-caption-text\">Bicyklovanie s rodinou nie je len pr\u00edjemn\u00e1 aktivita vyhraden\u00e1 pre slne\u010dn\u00e9 dni a tepl\u00fd v\u00e1nok. \u00a9 Profimedia<\/figcaption><\/figure>\n<h2 class=\"-wm-MsoNormal\"><b>Pl\u00e1novanie trasy<\/b><\/h2>\n<p><span style=\"font-weight: 400;\">D\u00f4kladn\u00e9 pl\u00e1novanie trasy m\u00f4\u017ee v\u00fdrazne spr\u00edjemni\u0165 zimn\u00fa cyklistiku.<\/span><\/p>\n<p><strong><i>Vo\u013eba zimn\u00fdch tr\u00e1s<\/i>:<\/strong> <span style=\"font-weight: 400;\">\u00a0Rozhodnite sa pre trasy, ktor\u00e9 s\u00fa chr\u00e1nen\u00e9 pred ostr\u00fdm vetrom, je na nich slab\u0161ia prem\u00e1vka vozidiel a s\u00fa po\u010das zimn\u00fdch mesiacov dobre udr\u017eiavan\u00e9. Parky a cyklistick\u00e9 chodn\u00edky s\u00fa zvy\u010dajne tou spr\u00e1vnou vo\u013ebou.<\/span><\/p>\n<p><strong><i>Krat\u0161ie a bezpe\u010dnej\u0161ie jazdy<\/i>:<\/strong> <span style=\"font-weight: 400;\">Napl\u00e1nujte si po\u010das zimy krat\u0161ie trasy. Toto je obzvl\u00e1\u0161\u0165 d\u00f4le\u017eit\u00e9 pri bicyklovan\u00ed s de\u0165mi. V mraze sa r\u00fdchlej\u0161ie unavia a m\u00f4\u017eu ma\u0165 ni\u017e\u0161iu v\u00fddr\u017e ako dospel\u00ed.<\/span><\/p>\n<h2 class=\"-wm-MsoNormal\"><b>Aby to bolo z\u00e1bavn\u00e9 a motivuj\u00face<\/b><\/h2>\n<p><span style=\"font-weight: 400;\">Siln\u00e9 z\u00e1\u017eitky a dobr\u00e1 n\u00e1lada po\u010das zimnej cyklistiky ur\u010dite povzbud\u00ed cel\u00fa va\u0161u rodinu do aktiv\u00edt aj po\u010das celej nasleduj\u00facej sez\u00f3ny.<\/span><\/p>\n<p><strong><i>Zimn\u00e9 scen\u00e9rie a dobrodru\u017estv\u00e1<\/i>:<\/strong> <span style=\"font-weight: 400;\">Vyu\u017eite jedine\u010dn\u00fa zimn\u00fa atmosf\u00e9ru okolitej pr\u00edrody. Presk\u00famajte krajinu pretvoren\u00fa snehom a \u013eadom a vychutnajte si pokoj menej preplnen\u00fdch chodn\u00edkov.<\/span><\/p>\n<p><strong><i>Stanovenie dosiahnute\u013en\u00fdch cie\u013eov:<\/i><\/strong> <span style=\"font-weight: 400;\">Aby bola rodina motivovan\u00e1, stanovte si pre ka\u017ed\u00fa jazdu mal\u00e9, dosiahnute\u013en\u00e9 ciele. M\u00f4\u017ee to by\u0165 dosiahnutie ur\u010dit\u00e9ho orienta\u010dn\u00e9ho bodu, dokon\u010denie novej trasy alebo postupn\u00e9 predl\u017eovanie vzdialenosti.<\/span><\/p>\n<p><strong><i>Aktivity po jazde:<\/i><\/strong> <span style=\"font-weight: 400;\">Napl\u00e1nujte si pr\u00edjemn\u00e9 aktivity aj po jazde, ako je hor\u00faca \u010dokol\u00e1da alebo tepl\u00e1 polievka. To pom\u00e1ha vytv\u00e1ra\u0165 pekn\u00e9, pozit\u00edvne spomienky spojen\u00e9 so zimnou cyklistikou.<\/span><\/p>\n<h2 class=\"-wm-MsoNormal\"><b>Energia a hydrat\u00e1cia<\/b><\/h2>\n<p><span style=\"font-weight: 400;\">Neprehliadnite d\u00f4le\u017eitos\u0165 hydrat\u00e1cie a pr\u00edjmu energie po\u010das zimn\u00fdch j\u00e1zd.<\/span><\/p>\n<p><strong><i>D\u00f4le\u017eitos\u0165 hydrat\u00e1cie:<\/i><\/strong> <span style=\"font-weight: 400;\">Aj v chladnom po\u010das\u00ed je d\u00f4le\u017eit\u00e9 zosta\u0165 hydratovan\u00fd. Noste so sebou izolovan\u00e9 f\u013ea\u0161e s tepl\u00fdmi n\u00e1pojmi, aby ste podporili pravideln\u00e9 prij\u00edmanie tekut\u00edn.<\/span><\/p>\n<p><strong><i>Tipy na zimn\u00e9 snacky<\/i>:<\/strong> <span style=\"font-weight: 400;\">Zaba\u013ete si ob\u010derstvenie na zv\u00fd\u0161enie energie, ako s\u00fa orechy, su\u0161en\u00e9 ovocie alebo cere\u00e1lne ty\u010dinky. Tieto sa daj\u00fa \u013eahko zjes\u0165 na cest\u00e1ch a m\u00f4\u017eu poskytn\u00fa\u0165 potrebn\u00e9 \u201epalivo\u201c pre va\u0161e zimn\u00e9 dobrodru\u017estv\u00e1.<\/span><\/p>\n<p><span style=\"font-weight: 400;\">Zimn\u00e1 cyklistika m\u00f4\u017ee by\u0165 radostn\u00fdm a sp\u00e1jaj\u00facim z\u00e1\u017eitkom. <strong>So spr\u00e1vnym vybaven\u00edm a chu\u0165ou po dobrodru\u017estve si m\u00f4\u017eete vytvori\u0165 trval\u00e9 spomienky a u\u017ei\u0165 si jedine\u010dn\u00fa kr\u00e1su, ktor\u00fa cyklistika pon\u00faka v chladnej\u0161\u00edch mesiacoch.<\/strong> Zba\u013ete sa, pripravte si bicykle a vydajte sa na zimn\u00fa cyklistick\u00fa cestu, ktor\u00fa si va\u0161a rodina bude ur\u010dite ve\u013emi dlho pam\u00e4ta\u0165.<\/span><\/p>\n<p><span style=\"font-weight: 400;\">Radi by sme sa dozvedeli o zimn\u00fdch cykloz\u00e1\u017eitkoch va\u0161ej rodiny! Pode\u013ete sa o svoje pr\u00edbehy, tipy alebo ob\u013e\u00faben\u00e9 zimn\u00e9 cyklistick\u00e9 trasy na na\u0161ich soci\u00e1lnych sie\u0165ach!<\/span><\/p>\n","protected":false},"excerpt":{"rendered":"<p>Bicyklovanie s rodinou je pr\u00edjemn\u00e1 aktivita, ale nemus\u00ed by\u0165 vyhraden\u00e1 iba na slne\u010dn\u00e9 a tepl\u00e9 dni. Ke\u010f k n\u00e1m zav\u00edta [&hellip;]<\/p>\n","protected":false},"author":172,"featured_media":13402,"comment_status":"open","ping_status":"open","sticky":false,"template":"","format":"standard","meta":{"footnotes":""},"categories":[51],"tags":[62,619,115,333,507,53,1386,767,509,1200,183,317],"global-categories":[],"class_list":["post-18564","post","type-post","status-publish","format-standard","has-post-thumbnail","hentry","category-deti-na-bicykloch","tag-bezpecnost","tag-bicyklovanie","tag-cestna-cyklistika","tag-chlad","tag-cyklorodinka","tag-deti","tag-deti-na-bicykli","tag-motivacia","tag-rodina","tag-sneh","tag-zabava","tag-zima"],"yoast_head":"<!-- This site is optimized with the Yoast SEO Premium plugin v25.3 (Yoast SEO v25.9) - https:\/\/yoast.com\/wordpress\/plugins\/seo\/ -->\n<title>Rodinn\u00fd sprievodca, ako si u\u017ei\u0165 jazdu aj v chladnej\u0161\u00edch mesiacoch<\/title>\n<meta name=\"description\" content=\"Bicyklovanie s rodinou nemus\u00ed by\u0165 vyhraden\u00e9 iba na slne\u010dn\u00e9 a tepl\u00e9 dni. V trblietavej mrazivej krajine m\u00f4\u017ee by\u0165 z\u00e1\u017eitkom pre cel\u00fa rodinu.\u00a0\" \/>\n<meta name=\"robots\" content=\"index, follow, max-snippet:-1, max-image-preview:large, max-video-preview:-1\" \/>\n<link rel=\"canonical\" href=\"https:\/\/www.welovecycling.com\/sk\/2023\/12\/08\/bicyklovanie-cez-zimu-rodinny-sprievodca-ako-si-uzit-jazdu-na-bicykli-aj-v-chladnejsich-mesiacoch\/\" \/>\n<meta property=\"og:locale\" content=\"sk_SK\" \/>\n<meta property=\"og:type\" content=\"article\" \/>\n<meta property=\"og:title\" content=\"Bicyklovanie cez zimu: Rodinn\u00fd sprievodca, ako si u\u017ei\u0165 jazdu na bicykli aj v chladnej\u0161\u00edch mesiacoch\" \/>\n<meta property=\"og:description\" content=\"Bicyklovanie s rodinou nemus\u00ed by\u0165 vyhraden\u00e9 iba na slne\u010dn\u00e9 a tepl\u00e9 dni. V trblietavej mrazivej krajine m\u00f4\u017ee by\u0165 z\u00e1\u017eitkom pre cel\u00fa rodinu.\u00a0\" \/>\n<meta property=\"og:url\" content=\"https:\/\/www.welovecycling.com\/sk\/2023\/12\/08\/bicyklovanie-cez-zimu-rodinny-sprievodca-ako-si-uzit-jazdu-na-bicykli-aj-v-chladnejsich-mesiacoch\/\" \/>\n<meta property=\"og:site_name\" content=\"\u0160koda We Love Cycling Slovensko\" \/>\n<meta property=\"article:published_time\" content=\"2023-12-08T09:00:03+00:00\" \/>\n<meta property=\"og:image\" content=\"https:\/\/d2p6e6u75xmxt8.cloudfront.net\/4\/2021\/11\/Family-winter-cycling-profimedia-0497041556-CVR.webp\" \/>\n\t<meta property=\"og:image:width\" content=\"1366\" \/>\n\t<meta property=\"og:image:height\" content=\"600\" \/>\n\t<meta property=\"og:image:type\" content=\"image\/webp\" \/>\n<meta name=\"author\" content=\"dominika\" \/>\n<meta name=\"twitter:card\" content=\"summary_large_image\" \/>\n<meta name=\"twitter:label1\" content=\"Written by\" \/>\n\t<meta name=\"twitter:data1\" content=\"We Love Cycling\" \/>\n\t<meta name=\"twitter:label2\" content=\"Est. reading time\" \/>\n\t<meta name=\"twitter:data2\" content=\"4\" \/>\n<script type=\"application\/ld+json\" class=\"yoast-schema-graph\">{\"@context\":\"https:\/\/schema.org\",\"@graph\":[{\"@type\":\"WebPage\",\"@id\":\"https:\/\/www.welovecycling.com\/sk\/2023\/12\/08\/bicyklovanie-cez-zimu-rodinny-sprievodca-ako-si-uzit-jazdu-na-bicykli-aj-v-chladnejsich-mesiacoch\/\",\"url\":\"https:\/\/www.welovecycling.com\/sk\/2023\/12\/08\/bicyklovanie-cez-zimu-rodinny-sprievodca-ako-si-uzit-jazdu-na-bicykli-aj-v-chladnejsich-mesiacoch\/\",\"name\":\"Rodinn\u00fd sprievodca, ako si u\u017ei\u0165 jazdu aj v chladnej\u0161\u00edch mesiacoch\",\"isPartOf\":{\"@id\":\"https:\/\/www.welovecycling.com\/sk\/#website\"},\"primaryImageOfPage\":{\"@id\":\"https:\/\/www.welovecycling.com\/sk\/2023\/12\/08\/bicyklovanie-cez-zimu-rodinny-sprievodca-ako-si-uzit-jazdu-na-bicykli-aj-v-chladnejsich-mesiacoch\/#primaryimage\"},\"image\":{\"@id\":\"https:\/\/www.welovecycling.com\/sk\/2023\/12\/08\/bicyklovanie-cez-zimu-rodinny-sprievodca-ako-si-uzit-jazdu-na-bicykli-aj-v-chladnejsich-mesiacoch\/#primaryimage\"},\"thumbnailUrl\":\"https:\/\/d2p6e6u75xmxt8.cloudfront.net\/4\/2021\/11\/Family-winter-cycling-profimedia-0497041556-CVR.webp\",\"datePublished\":\"2023-12-08T09:00:03+00:00\",\"author\":{\"@id\":\"https:\/\/www.welovecycling.com\/sk\/#\/schema\/person\/533b62b98b6c41bd5135ebfb1f742624\"},\"description\":\"Bicyklovanie s rodinou nemus\u00ed by\u0165 vyhraden\u00e9 iba na slne\u010dn\u00e9 a tepl\u00e9 dni. V trblietavej mrazivej krajine m\u00f4\u017ee by\u0165 z\u00e1\u017eitkom pre cel\u00fa rodinu.\u00a0\",\"breadcrumb\":{\"@id\":\"https:\/\/www.welovecycling.com\/sk\/2023\/12\/08\/bicyklovanie-cez-zimu-rodinny-sprievodca-ako-si-uzit-jazdu-na-bicykli-aj-v-chladnejsich-mesiacoch\/#breadcrumb\"},\"inLanguage\":\"sk-SK\",\"potentialAction\":[{\"@type\":\"ReadAction\",\"target\":[\"https:\/\/www.welovecycling.com\/sk\/2023\/12\/08\/bicyklovanie-cez-zimu-rodinny-sprievodca-ako-si-uzit-jazdu-na-bicykli-aj-v-chladnejsich-mesiacoch\/\"]}]},{\"@type\":\"ImageObject\",\"inLanguage\":\"sk-SK\",\"@id\":\"https:\/\/www.welovecycling.com\/sk\/2023\/12\/08\/bicyklovanie-cez-zimu-rodinny-sprievodca-ako-si-uzit-jazdu-na-bicykli-aj-v-chladnejsich-mesiacoch\/#primaryimage\",\"url\":\"https:\/\/d2p6e6u75xmxt8.cloudfront.net\/4\/2021\/11\/Family-winter-cycling-profimedia-0497041556-CVR.webp\",\"contentUrl\":\"https:\/\/d2p6e6u75xmxt8.cloudfront.net\/4\/2021\/11\/Family-winter-cycling-profimedia-0497041556-CVR.webp\",\"width\":1366,\"height\":600},{\"@type\":\"BreadcrumbList\",\"@id\":\"https:\/\/www.welovecycling.com\/sk\/2023\/12\/08\/bicyklovanie-cez-zimu-rodinny-sprievodca-ako-si-uzit-jazdu-na-bicykli-aj-v-chladnejsich-mesiacoch\/#breadcrumb\",\"itemListElement\":[{\"@type\":\"ListItem\",\"position\":1,\"name\":\"Home\",\"item\":\"https:\/\/www.welovecycling.com\/sk\/\"},{\"@type\":\"ListItem\",\"position\":2,\"name\":\"Bicyklovanie cez zimu: Rodinn\u00fd sprievodca, ako si u\u017ei\u0165 jazdu na bicykli aj v chladnej\u0161\u00edch mesiacoch\"}]},{\"@type\":\"WebSite\",\"@id\":\"https:\/\/www.welovecycling.com\/sk\/#website\",\"url\":\"https:\/\/www.welovecycling.com\/sk\/\",\"name\":\"\u0160koda We Love Cycling Slovensko\",\"description\":\"\u0160koda We Love Cycling Slovensko je v\u00e1\u0161 ka\u017edodenn\u00fd zdroj noviniek a in\u0161pir\u00e1cie z sveta cyklistiky\",\"potentialAction\":[{\"@type\":\"SearchAction\",\"target\":{\"@type\":\"EntryPoint\",\"urlTemplate\":\"https:\/\/www.welovecycling.com\/sk\/?s={search_term_string}\"},\"query-input\":{\"@type\":\"PropertyValueSpecification\",\"valueRequired\":true,\"valueName\":\"search_term_string\"}}],\"inLanguage\":\"sk-SK\"},{\"@type\":\"Person\",\"@id\":\"https:\/\/www.welovecycling.com\/sk\/#\/schema\/person\/533b62b98b6c41bd5135ebfb1f742624\",\"name\":\"dominika\",\"image\":{\"@type\":\"ImageObject\",\"inLanguage\":\"sk-SK\",\"@id\":\"https:\/\/www.welovecycling.com\/sk\/#\/schema\/person\/image\/\",\"url\":\"https:\/\/secure.gravatar.com\/avatar\/ded6f274ba2ec3e17fff153f7d9d96a4b33c2cb63907f75d9a5309c599a7f3e6?s=96&d=mm&r=g\",\"contentUrl\":\"https:\/\/secure.gravatar.com\/avatar\/ded6f274ba2ec3e17fff153f7d9d96a4b33c2cb63907f75d9a5309c599a7f3e6?s=96&d=mm&r=g\",\"caption\":\"dominika\"},\"url\":\"https:\/\/www.welovecycling.com\/sk\/author\/dominika\/\"}]}<\/script>\n<!-- \/ Yoast SEO Premium plugin. -->","yoast_head_json":{"title":"Rodinn\u00fd sprievodca, ako si u\u017ei\u0165 jazdu aj v chladnej\u0161\u00edch mesiacoch","description":"Bicyklovanie s rodinou nemus\u00ed by\u0165 vyhraden\u00e9 iba na slne\u010dn\u00e9 a tepl\u00e9 dni. V trblietavej mrazivej krajine m\u00f4\u017ee by\u0165 z\u00e1\u017eitkom pre cel\u00fa rodinu.\u00a0","robots":{"index":"index","follow":"follow","max-snippet":"max-snippet:-1","max-image-preview":"max-image-preview:large","max-video-preview":"max-video-preview:-1"},"canonical":"https:\/\/www.welovecycling.com\/sk\/2023\/12\/08\/bicyklovanie-cez-zimu-rodinny-sprievodca-ako-si-uzit-jazdu-na-bicykli-aj-v-chladnejsich-mesiacoch\/","og_locale":"sk_SK","og_type":"article","og_title":"Bicyklovanie cez zimu: Rodinn\u00fd sprievodca, ako si u\u017ei\u0165 jazdu na bicykli aj v chladnej\u0161\u00edch mesiacoch","og_description":"Bicyklovanie s rodinou nemus\u00ed by\u0165 vyhraden\u00e9 iba na slne\u010dn\u00e9 a tepl\u00e9 dni. V trblietavej mrazivej krajine m\u00f4\u017ee by\u0165 z\u00e1\u017eitkom pre cel\u00fa rodinu.\u00a0","og_url":"https:\/\/www.welovecycling.com\/sk\/2023\/12\/08\/bicyklovanie-cez-zimu-rodinny-sprievodca-ako-si-uzit-jazdu-na-bicykli-aj-v-chladnejsich-mesiacoch\/","og_site_name":"\u0160koda We Love Cycling Slovensko","article_published_time":"2023-12-08T09:00:03+00:00","og_image":[{"width":1366,"height":600,"url":"https:\/\/d2p6e6u75xmxt8.cloudfront.net\/4\/2021\/11\/Family-winter-cycling-profimedia-0497041556-CVR.webp","type":"image\/webp"}],"author":"dominika","twitter_card":"summary_large_image","twitter_misc":{"Written by":"We Love Cycling","Est. reading time":"4"},"schema":{"@context":"https:\/\/schema.org","@graph":[{"@type":"WebPage","@id":"https:\/\/www.welovecycling.com\/sk\/2023\/12\/08\/bicyklovanie-cez-zimu-rodinny-sprievodca-ako-si-uzit-jazdu-na-bicykli-aj-v-chladnejsich-mesiacoch\/","url":"https:\/\/www.welovecycling.com\/sk\/2023\/12\/08\/bicyklovanie-cez-zimu-rodinny-sprievodca-ako-si-uzit-jazdu-na-bicykli-aj-v-chladnejsich-mesiacoch\/","name":"Rodinn\u00fd sprievodca, ako si u\u017ei\u0165 jazdu aj v chladnej\u0161\u00edch mesiacoch","isPartOf":{"@id":"https:\/\/www.welovecycling.com\/sk\/#website"},"primaryImageOfPage":{"@id":"https:\/\/www.welovecycling.com\/sk\/2023\/12\/08\/bicyklovanie-cez-zimu-rodinny-sprievodca-ako-si-uzit-jazdu-na-bicykli-aj-v-chladnejsich-mesiacoch\/#primaryimage"},"image":{"@id":"https:\/\/www.welovecycling.com\/sk\/2023\/12\/08\/bicyklovanie-cez-zimu-rodinny-sprievodca-ako-si-uzit-jazdu-na-bicykli-aj-v-chladnejsich-mesiacoch\/#primaryimage"},"thumbnailUrl":"https:\/\/d2p6e6u75xmxt8.cloudfront.net\/4\/2021\/11\/Family-winter-cycling-profimedia-0497041556-CVR.webp","datePublished":"2023-12-08T09:00:03+00:00","author":{"@id":"https:\/\/www.welovecycling.com\/sk\/#\/schema\/person\/533b62b98b6c41bd5135ebfb1f742624"},"description":"Bicyklovanie s rodinou nemus\u00ed by\u0165 vyhraden\u00e9 iba na slne\u010dn\u00e9 a tepl\u00e9 dni. V trblietavej mrazivej krajine m\u00f4\u017ee by\u0165 z\u00e1\u017eitkom pre cel\u00fa rodinu.\u00a0","breadcrumb":{"@id":"https:\/\/www.welovecycling.com\/sk\/2023\/12\/08\/bicyklovanie-cez-zimu-rodinny-sprievodca-ako-si-uzit-jazdu-na-bicykli-aj-v-chladnejsich-mesiacoch\/#breadcrumb"},"inLanguage":"sk-SK","potentialAction":[{"@type":"ReadAction","target":["https:\/\/www.welovecycling.com\/sk\/2023\/12\/08\/bicyklovanie-cez-zimu-rodinny-sprievodca-ako-si-uzit-jazdu-na-bicykli-aj-v-chladnejsich-mesiacoch\/"]}]},{"@type":"ImageObject","inLanguage":"sk-SK","@id":"https:\/\/www.welovecycling.com\/sk\/2023\/12\/08\/bicyklovanie-cez-zimu-rodinny-sprievodca-ako-si-uzit-jazdu-na-bicykli-aj-v-chladnejsich-mesiacoch\/#primaryimage","url":"https:\/\/d2p6e6u75xmxt8.cloudfront.net\/4\/2021\/11\/Family-winter-cycling-profimedia-0497041556-CVR.webp","contentUrl":"https:\/\/d2p6e6u75xmxt8.cloudfront.net\/4\/2021\/11\/Family-winter-cycling-profimedia-0497041556-CVR.webp","width":1366,"height":600},{"@type":"BreadcrumbList","@id":"https:\/\/www.welovecycling.com\/sk\/2023\/12\/08\/bicyklovanie-cez-zimu-rodinny-sprievodca-ako-si-uzit-jazdu-na-bicykli-aj-v-chladnejsich-mesiacoch\/#breadcrumb","itemListElement":[{"@type":"ListItem","position":1,"name":"Home","item":"https:\/\/www.welovecycling.com\/sk\/"},{"@type":"ListItem","position":2,"name":"Bicyklovanie cez zimu: Rodinn\u00fd sprievodca, ako si u\u017ei\u0165 jazdu na bicykli aj v chladnej\u0161\u00edch mesiacoch"}]},{"@type":"WebSite","@id":"https:\/\/www.welovecycling.com\/sk\/#website","url":"https:\/\/www.welovecycling.com\/sk\/","name":"\u0160koda We Love Cycling Slovensko","description":"\u0160koda We Love Cycling Slovensko je v\u00e1\u0161 ka\u017edodenn\u00fd zdroj noviniek a in\u0161pir\u00e1cie z sveta cyklistiky","potentialAction":[{"@type":"SearchAction","target":{"@type":"EntryPoint","urlTemplate":"https:\/\/www.welovecycling.com\/sk\/?s={search_term_string}"},"query-input":{"@type":"PropertyValueSpecification","valueRequired":true,"valueName":"search_term_string"}}],"inLanguage":"sk-SK"},{"@type":"Person","@id":"https:\/\/www.welovecycling.com\/sk\/#\/schema\/person\/533b62b98b6c41bd5135ebfb1f742624","name":"dominika","image":{"@type":"ImageObject","inLanguage":"sk-SK","@id":"https:\/\/www.welovecycling.com\/sk\/#\/schema\/person\/image\/","url":"https:\/\/secure.gravatar.com\/avatar\/ded6f274ba2ec3e17fff153f7d9d96a4b33c2cb63907f75d9a5309c599a7f3e6?s=96&d=mm&r=g","contentUrl":"https:\/\/secure.gravatar.com\/avatar\/ded6f274ba2ec3e17fff153f7d9d96a4b33c2cb63907f75d9a5309c599a7f3e6?s=96&d=mm&r=g","caption":"dominika"},"url":"https:\/\/www.welovecycling.com\/sk\/author\/dominika\/"}]}},"_links":{"self":[{"href":"https:\/\/www.welovecycling.com\/sk\/wp-json\/wp\/v2\/posts\/18564","targetHints":{"allow":["GET"]}}],"collection":[{"href":"https:\/\/www.welovecycling.com\/sk\/wp-json\/wp\/v2\/posts"}],"about":[{"href":"https:\/\/www.welovecycling.com\/sk\/wp-json\/wp\/v2\/types\/post"}],"author":[{"embeddable":true,"href":"https:\/\/www.welovecycling.com\/sk\/wp-json\/wp\/v2\/users\/172"}],"replies":[{"embeddable":true,"href":"https:\/\/www.welovecycling.com\/sk\/wp-json\/wp\/v2\/comments?post=18564"}],"version-history":[{"count":3,"href":"https:\/\/www.welovecycling.com\/sk\/wp-json\/wp\/v2\/posts\/18564\/revisions"}],"predecessor-version":[{"id":18567,"href":"https:\/\/www.welovecycling.com\/sk\/wp-json\/wp\/v2\/posts\/18564\/revisions\/18567"}],"wp:featuredmedia":[{"embeddable":true,"href":"https:\/\/www.welovecycling.com\/sk\/wp-json\/wp\/v2\/media\/13402"}],"wp:attachment":[{"href":"https:\/\/www.welovecycling.com\/sk\/wp-json\/wp\/v2\/media?parent=18564"}],"wp:term":[{"taxonomy":"category","embeddable":true,"href":"https:\/\/www.welovecycling.com\/sk\/wp-json\/wp\/v2\/categories?post=18564"},{"taxonomy":"post_tag","embeddable":true,"href":"https:\/\/www.welovecycling.com\/sk\/wp-json\/wp\/v2\/tags?post=18564"},{"taxonomy":"global-categories","embeddable":true,"href":"https:\/\/www.welovecycling.com\/sk\/wp-json\/wp\/v2\/global-categories?post=18564"}],"curies":[{"name":"wp","href":"https:\/\/api.w.org\/{rel}","templated":true}]}}