{"id":18537,"date":"2023-12-05T10:00:48","date_gmt":"2023-12-05T09:00:48","guid":{"rendered":"https:\/\/www.welovecycling.com\/sk\/?p=18537"},"modified":"2023-12-04T12:18:43","modified_gmt":"2023-12-04T11:18:43","slug":"vyberame-vianocne-darceky-tipy-od-ambasadorov-skoda-bike-open-tour-katka-gresova","status":"publish","type":"post","link":"https:\/\/www.welovecycling.com\/sk\/2023\/12\/05\/vyberame-vianocne-darceky-tipy-od-ambasadorov-skoda-bike-open-tour-katka-gresova\/","title":{"rendered":"Vyber\u00e1me viano\u010dn\u00e9 dar\u010deky \u2013 tipy od ambas\u00e1dorov \u0160KODA BIKE OPEN TOUR \u2013 Katka Gre\u0161ov\u00e1"},"content":{"rendered":"<p><strong>Ak m\u00e1te mal\u00e9 die\u0165a a radi bicyklujete, n\u00e1jdite sp\u00f4sob, ako jazdi\u0165 spolu! <a href=\"https:\/\/www.welovecycling.com\/sk\/2023\/08\/04\/rozhovor-katarina-gresova-snazim-sa-motivovat-ostatnych-aby-sa-nebali-zobrat-deti-von\/\" target=\"_blank\" rel=\"noopener\">Katar\u00edna Gre\u0161ov\u00e1<\/a> je ambas\u00e1dorkou \u0160KODA BIKE OPEN TOUR a\u00a0ur\u010dite ste ju na niektorom z\u00a0k\u00f4l spolu s\u00a0jej de\u0165mi neprehliadli. Pripravila pre v\u00e1s \u0161ikovn\u00e9 tipy, ako pote\u0161i\u0165 a\u00a0motivova\u0165 va\u0161e die\u0165a ku cyklistike. Tieto dar\u010deky m\u00f4\u017eu pom\u00f4c\u0165 va\u0161ej rodine u\u017ei\u0165 si spolo\u010dn\u00e9 v\u00fdjazdy bez toho, aby ste sa obmedzovali. Z\u00e1\u017eitky a cyklistick\u00e9 kilometre budete m\u00f4c\u0165 zbiera\u0165\u00a0spolo\u010dne.<\/strong><!--more--><\/p>\n<h2><b>Shotgun Pro\u00a0seda\u010dka<\/b><\/h2>\n<p><span style=\"font-weight: 400;\">V\u00a0prvom rade doprajte svojmu die\u0165a\u0165u <a href=\"https:\/\/www.mtbiker.sk\/shop\/prislusenstvo\/detske-sedacky-a-voziky\/detske-sedacky\/shotgun-pro-child-detska-sedacka-cierna.html\" target=\"_blank\" rel=\"noopener\">poriadnu seda\u010dku<\/a> a u\u017eite si spolo\u010dn\u00fa z\u00e1bavu aj na trailoch. <strong>Toto sedadlo, ur\u010den\u00e9 pre deti vo veku 2-5 rokov, sa r\u00fdchlo a jednoducho pripevn\u00ed na predn\u00fa \u010das\u0165 bicykla pre dospel\u00fdch.<\/strong> Model Pro m\u00e1 bezr\u00e1mov\u00fd kontakt a nebude v\u00e1m prek\u00e1\u017ea\u0165 pri jazde.\u00a0<\/span><\/p>\n<p><a href=\"https:\/\/www.mtbiker.sk\/shop\/prislusenstvo\/detske-sedacky-a-voziky\/detske-sedacky\/shotgun-pro-child-detska-sedacka-cierna.html\"><img loading=\"lazy\" decoding=\"async\" class=\"alignnone wp-image-18539 size-full\" src=\"https:\/\/d2p6e6u75xmxt8.cloudfront.net\/4\/2023\/12\/01.webp\" alt=\"\" width=\"990\" height=\"660\" srcset=\"https:\/\/d2p6e6u75xmxt8.cloudfront.net\/4\/2023\/12\/01.webp 990w, https:\/\/d2p6e6u75xmxt8.cloudfront.net\/4\/2023\/12\/01-300x200.webp 300w, https:\/\/d2p6e6u75xmxt8.cloudfront.net\/4\/2023\/12\/01-768x512.webp 768w, https:\/\/d2p6e6u75xmxt8.cloudfront.net\/4\/2023\/12\/01-400x267.webp 400w, https:\/\/d2p6e6u75xmxt8.cloudfront.net\/4\/2023\/12\/01-272x182.webp 272w\" sizes=\"auto, (max-width: 990px) 100vw, 990px\" \/><\/a><\/p>\n<h2><b>Shotgun lano\u00a0<\/b><\/h2>\n<p><span style=\"font-weight: 400;\"><strong>Tla\u010denie bicykla m\u00f4\u017ee deti riadne\u00a0znechuti\u0165.<\/strong>\u00a0Tento probl\u00e9m viete vyrie\u0161i\u0165 v\u010faka pou\u017eitiu lana. <a href=\"https:\/\/www.mtbiker.sk\/shop\/prislusenstvo\/detske-sedacky-a-voziky\/prislusenstvo\/shotgun-lano-na-tahanie-bicykla-ladvinka.html\" target=\"_blank\" rel=\"noopener\">\u0164a\u017en\u00e9 lano<\/a> prip\u00e1ja detsk\u00fd bicykel k bicyklu pre dospel\u00fdch, \u010do umo\u017e\u0148uje jeho \u0165ahanie do kopca. Mierne sa nap\u00edna, aby bolo \u0165ahanie \u010do najpohodlnej\u0161ie. Ke\u010f sa st\u00fapanie skon\u010d\u00ed, lano jednoducho odopnite a ulo\u017ete ho do farebn\u00e9ho bedrov\u00e9ho obalu.<\/span><\/p>\n<p><a href=\"https:\/\/www.mtbiker.sk\/shop\/prislusenstvo\/detske-sedacky-a-voziky\/prislusenstvo\/shotgun-lano-na-tahanie-bicykla-ladvinka.html\"><img loading=\"lazy\" decoding=\"async\" class=\"alignnone size-full wp-image-18540\" src=\"https:\/\/d2p6e6u75xmxt8.cloudfront.net\/4\/2023\/12\/02.webp\" alt=\"\" width=\"990\" height=\"660\" srcset=\"https:\/\/d2p6e6u75xmxt8.cloudfront.net\/4\/2023\/12\/02.webp 990w, https:\/\/d2p6e6u75xmxt8.cloudfront.net\/4\/2023\/12\/02-300x200.webp 300w, https:\/\/d2p6e6u75xmxt8.cloudfront.net\/4\/2023\/12\/02-768x512.webp 768w, https:\/\/d2p6e6u75xmxt8.cloudfront.net\/4\/2023\/12\/02-400x267.webp 400w, https:\/\/d2p6e6u75xmxt8.cloudfront.net\/4\/2023\/12\/02-272x182.webp 272w\" sizes=\"auto, (max-width: 990px) 100vw, 990px\" \/><\/a><\/p>\n<h2><b>Detsk\u00e1 cyklistick\u00e1 prilba Abus Smiley 2.1<\/b><\/h2>\n<p><span style=\"font-weight: 400;\"><strong>Bezpe\u010dnos\u0165 a ochrana hlavy s\u00fa na prvom mieste.<\/strong> Kvalitne spracovan\u00e1, farebn\u00e1 a vesel\u00e1 <a href=\"https:\/\/www.abusonline.sk\/Smiley-2-1-white-crush-M-d2095.htm\" target=\"_blank\" rel=\"noopener\">detsk\u00e1 prilba<\/a> so \u0161irok\u00fdm v\u00fdberom r\u00f4znych mot\u00edvov bude\u00a0v\u00fdborn\u00fdm prekvapen\u00edm pod viano\u010dn\u00fdm strom\u010dekom.\u00a0A\u00a0va\u0161e die\u0165a bude ma\u0165 chu\u0165 vyrazi\u0165 na bicykel e\u0161te v\u00a0ten ve\u010der.\u00a0<\/span><\/p>\n<p><a href=\"https:\/\/www.abusonline.sk\/Smiley-2-1-white-crush-M-d2095.htm\"><img loading=\"lazy\" decoding=\"async\" class=\"alignnone wp-image-18541 size-full\" src=\"https:\/\/d2p6e6u75xmxt8.cloudfront.net\/4\/2023\/12\/03.webp\" alt=\"Abus Smiley detsk\u00e1 prilba\" width=\"990\" height=\"660\" srcset=\"https:\/\/d2p6e6u75xmxt8.cloudfront.net\/4\/2023\/12\/03.webp 990w, https:\/\/d2p6e6u75xmxt8.cloudfront.net\/4\/2023\/12\/03-300x200.webp 300w, https:\/\/d2p6e6u75xmxt8.cloudfront.net\/4\/2023\/12\/03-768x512.webp 768w, https:\/\/d2p6e6u75xmxt8.cloudfront.net\/4\/2023\/12\/03-400x267.webp 400w, https:\/\/d2p6e6u75xmxt8.cloudfront.net\/4\/2023\/12\/03-272x182.webp 272w\" sizes=\"auto, (max-width: 990px) 100vw, 990px\" \/><\/a><\/p>\n<h2><b>Detsk\u00e9 cyklistick\u00e9 rukavice\u00a0SPORTFUL MATCHY<\/b><\/h2>\n<p><span style=\"font-weight: 400;\"><a href=\"https:\/\/www.davorin.sk\/sportful-detske-matchy-rukavice-1122026.140\/\" target=\"_blank\" rel=\"noopener\">Cyklistick\u00e9 rukavice<\/a> s\u00fa nielen \u0161t\u00fdlov\u00e9, ale poskytuj\u00fa aj potrebn\u00fa ochranu mal\u00fdch ru\u010di\u010diek\u00a0pri prv\u00fdch p\u00e1doch. Okrem toho, \u017ee sa bud\u00fa c\u00edti\u0165\u00a0ako \u201eve\u013ek\u00ed bajkeri\u201c, <strong>rukavica umo\u017en\u00ed lep\u0161ie uchopenie riadidla a stabilnej\u0161ie ovl\u00e1danie bicykla.<\/strong><\/span><\/p>\n<p><a href=\"https:\/\/www.davorin.sk\/sportful-detske-matchy-rukavice-1122026.140\/\"><img loading=\"lazy\" decoding=\"async\" class=\"alignnone wp-image-18542 size-full\" src=\"https:\/\/d2p6e6u75xmxt8.cloudfront.net\/4\/2023\/12\/04.webp\" alt=\"Sportful matchy detsk\u00e9 rukavice\" width=\"990\" height=\"660\" srcset=\"https:\/\/d2p6e6u75xmxt8.cloudfront.net\/4\/2023\/12\/04.webp 990w, https:\/\/d2p6e6u75xmxt8.cloudfront.net\/4\/2023\/12\/04-300x200.webp 300w, https:\/\/d2p6e6u75xmxt8.cloudfront.net\/4\/2023\/12\/04-768x512.webp 768w, https:\/\/d2p6e6u75xmxt8.cloudfront.net\/4\/2023\/12\/04-400x267.webp 400w, https:\/\/d2p6e6u75xmxt8.cloudfront.net\/4\/2023\/12\/04-272x182.webp 272w\" sizes=\"auto, (max-width: 990px) 100vw, 990px\" \/><\/a><\/p>\n<h2><b>Detsk\u00fd batoh do mesta Evoc Joyride 4\u00a0<\/b><\/h2>\n<p><span style=\"font-weight: 400;\"><a href=\"https:\/\/www.mtbiker.sk\/shop\/oblecenie-a-batohy\/batohy-a-prislusenstvo\/batohy\/evoc-joyride-detsky-batoh-4-l-dusty-pinkcarbon-grey.html\" target=\"_blank\" rel=\"noopener\">\u013dahk\u00fd a pestr\u00fd ruksak<\/a>, do ktor\u00e9ho sa zmestia ma\u0161krty \u010di oble\u010denie \u2013 a v z\u00e1kladnej v\u00fdbave ka\u017ed\u00e9ho cyklistu predsa nesmie ch\u00fdba\u0165 ani jeho ob\u013e\u00faben\u00e1 hra\u010dka. <strong>Tento model batohu ur\u010dite\u00a0zaujme najmlad\u0161\u00edch milovn\u00edkov dvoch kolies.<\/strong> Okrem in\u00e9ho pon\u00faka v\u00e4\u010d\u0161inu funkci\u00ed, ktor\u00e9 s\u00fa pr\u00edtomn\u00e9 aj vo verzi\u00e1ch pre dospel\u00fdch.\u00a0<\/span><\/p>\n<p><a href=\"https:\/\/www.mtbiker.sk\/shop\/oblecenie-a-batohy\/batohy-a-prislusenstvo\/batohy\/evoc-joyride-detsky-batoh-4-l-dusty-pinkcarbon-grey.html\"><img loading=\"lazy\" decoding=\"async\" class=\"alignnone wp-image-18543 size-full\" src=\"https:\/\/d2p6e6u75xmxt8.cloudfront.net\/4\/2023\/12\/05.webp\" alt=\"Evoc Joyride 4, batoh na bicykel\" width=\"990\" height=\"660\" srcset=\"https:\/\/d2p6e6u75xmxt8.cloudfront.net\/4\/2023\/12\/05.webp 990w, https:\/\/d2p6e6u75xmxt8.cloudfront.net\/4\/2023\/12\/05-300x200.webp 300w, https:\/\/d2p6e6u75xmxt8.cloudfront.net\/4\/2023\/12\/05-768x512.webp 768w, https:\/\/d2p6e6u75xmxt8.cloudfront.net\/4\/2023\/12\/05-400x267.webp 400w, https:\/\/d2p6e6u75xmxt8.cloudfront.net\/4\/2023\/12\/05-272x182.webp 272w\" sizes=\"auto, (max-width: 990px) 100vw, 990px\" \/><\/a><\/p>\n<h2><b>Kellys KLS ANIMAL set osvetlenia, blue<\/b><\/h2>\n<p><span style=\"font-weight: 400;\"><strong>Zv\u00fd\u0161enie vidite\u013enosti det\u00ed po\u010das bicyklovania by malo by\u0165 prioritou.<\/strong> Dopom\u00f4\u017ee k tomu vesel\u00fd set bicyklov\u00e9ho <a href=\"https:\/\/kellysbike.com\/sk\/osvetlenie-c164\/teddy-blue-p63250\" target=\"_blank\" rel=\"noopener\">osvetlenia v tvare medve\u010fa \u010di prasiatka<\/a>. Vyroben\u00fd je z pevn\u00e9ho a odoln\u00e9ho silik\u00f3nu. Tak\u00fdmto dar\u010dekom ur\u010dite\u00a0pote\u0161\u00edte\u00a0v\u0161etky mal\u00e9 cyklistick\u00e9 du\u0161i\u010dky.\u00a0<\/span><\/p>\n<p><a href=\"https:\/\/kellysbike.com\/sk\/osvetlenie-c164\/teddy-blue-p63250\"><img loading=\"lazy\" decoding=\"async\" class=\"alignnone wp-image-18544 size-full\" src=\"https:\/\/d2p6e6u75xmxt8.cloudfront.net\/4\/2023\/12\/06.webp\" alt=\"Kellys animal osvetlenie\" width=\"990\" height=\"660\" srcset=\"https:\/\/d2p6e6u75xmxt8.cloudfront.net\/4\/2023\/12\/06.webp 990w, https:\/\/d2p6e6u75xmxt8.cloudfront.net\/4\/2023\/12\/06-300x200.webp 300w, https:\/\/d2p6e6u75xmxt8.cloudfront.net\/4\/2023\/12\/06-768x512.webp 768w, https:\/\/d2p6e6u75xmxt8.cloudfront.net\/4\/2023\/12\/06-400x267.webp 400w, https:\/\/d2p6e6u75xmxt8.cloudfront.net\/4\/2023\/12\/06-272x182.webp 272w\" sizes=\"auto, (max-width: 990px) 100vw, 990px\" \/><\/a><\/p>\n<h2><b>Odr\u00e1\u017eadlo WOOM 1<\/b><\/h2>\n<p><span style=\"font-weight: 400;\">Ak h\u013ead\u00e1te pre va\u0161u ratoles\u0165 <a href=\"https:\/\/woombikes.sk\/products\/1\" target=\"_blank\" rel=\"noopener\">prv\u00e9 odr\u00e1\u017eadlo<\/a>, z ktor\u00e9ho to bude u\u017e len kr\u00f4\u010dik k bicyklovaniu, ur\u010dite<strong> odpor\u00fa\u010dame ultra\u013eahk\u00e9 odr\u00e1\u017eadlo od rak\u00faskeho v\u00fdrobcu, ktor\u00fd sa \u0161pecializuje len na detsk\u00fd sortiment.\u00a0<\/strong><\/span><\/p>\n<p><a href=\"https:\/\/woombikes.sk\/products\/1\"><img loading=\"lazy\" decoding=\"async\" class=\"alignnone wp-image-18545 size-full\" src=\"https:\/\/d2p6e6u75xmxt8.cloudfront.net\/4\/2023\/12\/07.webp\" alt=\"odr\u00e1\u017eadlo woom 1, prv\u00fd bicykel\" width=\"990\" height=\"660\" srcset=\"https:\/\/d2p6e6u75xmxt8.cloudfront.net\/4\/2023\/12\/07.webp 990w, https:\/\/d2p6e6u75xmxt8.cloudfront.net\/4\/2023\/12\/07-300x200.webp 300w, https:\/\/d2p6e6u75xmxt8.cloudfront.net\/4\/2023\/12\/07-768x512.webp 768w, https:\/\/d2p6e6u75xmxt8.cloudfront.net\/4\/2023\/12\/07-400x267.webp 400w, https:\/\/d2p6e6u75xmxt8.cloudfront.net\/4\/2023\/12\/07-272x182.webp 272w\" sizes=\"auto, (max-width: 990px) 100vw, 990px\" \/><\/a><\/p>\n<h2><b>Horsk\u00fd bicykel\u00a0 VPACE MAX 20\u00a0<\/b><\/h2>\n<p><span style=\"font-weight: 400;\">M\u00e1te doma bud\u00faceho \u0161ampi\u00f3na alebo \u0161ampi\u00f3nku, pre ktor\u00fdch je horsk\u00e1 cyklistika \u0161port \u010d\u00edslo jeden? V tomto pr\u00edpade odpor\u00fa\u010dame <a href=\"https:\/\/www.vpace.de\/en\/max20-kids-mountain-bike\" target=\"_blank\" rel=\"noopener\">super \u013eahk\u00fd, dobre vyzeraj\u00faci\u00a0\u0161portov\u00fd hardtail<\/a> od nemeck\u00e9ho v\u00fdrobcu, ktor\u00fd je \u201emercedesom\u201c medzi detsk\u00fdmi bicyklami. <strong>Geometria je zalo\u017een\u00e1 na princ\u00edpe 29-tky a zvl\u00e1da preto ve\u013emi dobre nielen celodenn\u00e9 v\u00fdjazdy, ale aj XC preteky \u010di z\u00e1bavn\u00fa jazdu s kamar\u00e1tmi zo susedstva.\u00a0<\/strong><\/span><\/p>\n<p><a href=\"https:\/\/www.vpace.de\/en\/max20-kids-mountain-bike\"><img loading=\"lazy\" decoding=\"async\" class=\"alignnone wp-image-18546 size-full\" src=\"https:\/\/d2p6e6u75xmxt8.cloudfront.net\/4\/2023\/12\/08.webp\" alt=\"\" width=\"990\" height=\"660\" srcset=\"https:\/\/d2p6e6u75xmxt8.cloudfront.net\/4\/2023\/12\/08.webp 990w, https:\/\/d2p6e6u75xmxt8.cloudfront.net\/4\/2023\/12\/08-300x200.webp 300w, https:\/\/d2p6e6u75xmxt8.cloudfront.net\/4\/2023\/12\/08-768x512.webp 768w, https:\/\/d2p6e6u75xmxt8.cloudfront.net\/4\/2023\/12\/08-400x267.webp 400w, https:\/\/d2p6e6u75xmxt8.cloudfront.net\/4\/2023\/12\/08-272x182.webp 272w\" sizes=\"auto, (max-width: 990px) 100vw, 990px\" \/><\/a><\/p>\n<h2><b>Kurz jazdenia na PUMPTRACKU\u00a0<\/b><\/h2>\n<p><span style=\"font-weight: 400;\"><strong>Uva\u017eujete o\u00a0tom, ako de\u0165om pom\u00f4c\u0165 s technikou jazdy?<\/strong> V tom pr\u00edpade bude najlep\u0161\u00edm dar\u010dekom pr\u00e1ve <a href=\"https:\/\/bikeacademy.eu\/individu%C3%A1lny_kurz.html\" target=\"_blank\" rel=\"noopener\">kurz jazdy na pumptracku<\/a>, kde sa mal\u00ed odv\u00e1\u017elivci postupne nau\u010dia odvahe, bud\u00fa si rozv\u00edja\u0165 svoje technick\u00e9 n\u00e1vyky, zdokonalia sa v\u00a0koordin\u00e1cii, obratnosti a e\u0161te sa pri tom s kamar\u00e1tmi aj poriadne zabavia.\u00a0<\/span><\/p>\n<p><a href=\"https:\/\/bikeacademy.eu\/individu%C3%A1lny_kurz.html\"><img loading=\"lazy\" decoding=\"async\" class=\"alignnone wp-image-18547 size-full\" src=\"https:\/\/d2p6e6u75xmxt8.cloudfront.net\/4\/2023\/12\/09.webp\" alt=\"kurz jazdy na pumptrachu\" width=\"990\" height=\"660\" srcset=\"https:\/\/d2p6e6u75xmxt8.cloudfront.net\/4\/2023\/12\/09.webp 990w, https:\/\/d2p6e6u75xmxt8.cloudfront.net\/4\/2023\/12\/09-300x200.webp 300w, https:\/\/d2p6e6u75xmxt8.cloudfront.net\/4\/2023\/12\/09-768x512.webp 768w, https:\/\/d2p6e6u75xmxt8.cloudfront.net\/4\/2023\/12\/09-400x267.webp 400w, https:\/\/d2p6e6u75xmxt8.cloudfront.net\/4\/2023\/12\/09-272x182.webp 272w\" sizes=\"auto, (max-width: 990px) 100vw, 990px\" \/><\/a><\/p>\n<h2><b>&#8230;darujte de\u0165om spolo\u010dn\u00fd \u010das<\/b><\/h2>\n<p><span style=\"font-weight: 400;\"><strong>Spolo\u010dne str\u00e1ven\u00fd \u010das na rodinn\u00fdch v\u00fdjazdoch je to najviac, \u010do m\u00f4\u017eete de\u0165om da\u0165.<\/strong> Darujte si rodinn\u00fd cyklov\u00fdlet alebo si vyberte cyklistick\u00e9 podujatie, na ktorom sa spolo\u010dne akt\u00edvne z\u00fa\u010dastn\u00edte. M\u00f4\u017eete si by\u0165 ist\u00ed, \u017ee nebude n\u00fadza\u00a0o dobrodru\u017estv\u00e1, nezabudnute\u013en\u00e9\u00a0momenty a neopakovate\u013en\u00e9 z\u00e1\u017eitky.\u00a0\u00a0<\/span><\/p>\n<p>&nbsp;<\/p>\n<p><span style=\"font-weight: 400;\">Zdroj fotografi\u00ed: arch\u00edv zna\u010diek, arch\u00edv autorky<\/span><\/p>\n","protected":false},"excerpt":{"rendered":"<p>Ak m\u00e1te mal\u00e9 die\u0165a a radi bicyklujete, n\u00e1jdite sp\u00f4sob, ako jazdi\u0165 spolu! Katar\u00edna Gre\u0161ov\u00e1 je ambas\u00e1dorkou \u0160KODA BIKE OPEN TOUR [&hellip;]<\/p>\n","protected":false},"author":172,"featured_media":18538,"comment_status":"open","ping_status":"open","sticky":false,"template":"","format":"standard","meta":{"footnotes":""},"categories":[52],"tags":[559,115,507,345,53,1386,54,180,1619,669,215,264,509,230,1540,344],"global-categories":[1074],"class_list":["post-18537","post","type-post","status-publish","format-standard","has-post-thumbnail","hentry","category-nakupny-poradca","tag-bicykel","tag-cestna-cyklistika","tag-cyklorodinka","tag-darceky","tag-deti","tag-deti-na-bicykli","tag-detske-bicykle","tag-horska-cyklistika","tag-kurz","tag-nakup","tag-nakupny-poradca","tag-prilba","tag-rodina","tag-sedlo","tag-tip","tag-vianoce","global-categories-cycling"],"yoast_head":"<!-- This site is optimized with the Yoast SEO Premium plugin v25.3 (Yoast SEO v25.9) - https:\/\/yoast.com\/wordpress\/plugins\/seo\/ -->\n<title>Vyber\u00e1me viano\u010dn\u00e9 dar\u010deky \u2013 tipy od ambas\u00e1dorov \u0160KODA BIKE OPEN TOUR \u2013 Katka Gre\u0161ov\u00e1<\/title>\n<meta name=\"description\" content=\"Katar\u00edna Gre\u0161ov\u00e1, ambas\u00e1dorka \u0160KODA BIKE OPEN TOUR, pre v\u00e1s pripravila \u0161ikovn\u00e9 tipy, ako pote\u0161i\u0165 a\u00a0motivova\u0165 va\u0161e die\u0165a ku cyklistike.\" \/>\n<meta name=\"robots\" content=\"index, follow, max-snippet:-1, max-image-preview:large, max-video-preview:-1\" \/>\n<link rel=\"canonical\" href=\"https:\/\/www.welovecycling.com\/sk\/2023\/12\/05\/vyberame-vianocne-darceky-tipy-od-ambasadorov-skoda-bike-open-tour-katka-gresova\/\" \/>\n<meta property=\"og:locale\" content=\"sk_SK\" \/>\n<meta property=\"og:type\" content=\"article\" \/>\n<meta property=\"og:title\" content=\"Vyber\u00e1me viano\u010dn\u00e9 dar\u010deky \u2013 tipy od ambas\u00e1dorov \u0160KODA BIKE OPEN TOUR \u2013 Katka Gre\u0161ov\u00e1\" \/>\n<meta property=\"og:description\" content=\"Katar\u00edna Gre\u0161ov\u00e1, ambas\u00e1dorka \u0160KODA BIKE OPEN TOUR, pre v\u00e1s pripravila \u0161ikovn\u00e9 tipy, ako pote\u0161i\u0165 a\u00a0motivova\u0165 va\u0161e die\u0165a ku cyklistike.\" \/>\n<meta property=\"og:url\" content=\"https:\/\/www.welovecycling.com\/sk\/2023\/12\/05\/vyberame-vianocne-darceky-tipy-od-ambasadorov-skoda-bike-open-tour-katka-gresova\/\" \/>\n<meta property=\"og:site_name\" content=\"\u0160koda We Love Cycling Slovensko\" \/>\n<meta property=\"article:published_time\" content=\"2023-12-05T09:00:48+00:00\" \/>\n<meta property=\"og:image\" content=\"https:\/\/d2p6e6u75xmxt8.cloudfront.net\/4\/2023\/12\/titulka.webp\" \/>\n\t<meta property=\"og:image:width\" content=\"990\" \/>\n\t<meta property=\"og:image:height\" content=\"660\" \/>\n\t<meta property=\"og:image:type\" content=\"image\/webp\" \/>\n<meta name=\"author\" content=\"dominika\" \/>\n<meta name=\"twitter:card\" content=\"summary_large_image\" \/>\n<meta name=\"twitter:label1\" content=\"Written by\" \/>\n\t<meta name=\"twitter:data1\" content=\"Katar\u00edna Vasil\u010din Gre\u0161ov\u00e1, Radovan Vr\u0161ka\" \/>\n\t<meta name=\"twitter:label2\" content=\"Est. reading time\" \/>\n\t<meta name=\"twitter:data2\" content=\"3\" \/>\n<script type=\"application\/ld+json\" class=\"yoast-schema-graph\">{\"@context\":\"https:\/\/schema.org\",\"@graph\":[{\"@type\":\"WebPage\",\"@id\":\"https:\/\/www.welovecycling.com\/sk\/2023\/12\/05\/vyberame-vianocne-darceky-tipy-od-ambasadorov-skoda-bike-open-tour-katka-gresova\/\",\"url\":\"https:\/\/www.welovecycling.com\/sk\/2023\/12\/05\/vyberame-vianocne-darceky-tipy-od-ambasadorov-skoda-bike-open-tour-katka-gresova\/\",\"name\":\"Vyber\u00e1me viano\u010dn\u00e9 dar\u010deky \u2013 tipy od ambas\u00e1dorov \u0160KODA BIKE OPEN TOUR \u2013 Katka Gre\u0161ov\u00e1\",\"isPartOf\":{\"@id\":\"https:\/\/www.welovecycling.com\/sk\/#website\"},\"primaryImageOfPage\":{\"@id\":\"https:\/\/www.welovecycling.com\/sk\/2023\/12\/05\/vyberame-vianocne-darceky-tipy-od-ambasadorov-skoda-bike-open-tour-katka-gresova\/#primaryimage\"},\"image\":{\"@id\":\"https:\/\/www.welovecycling.com\/sk\/2023\/12\/05\/vyberame-vianocne-darceky-tipy-od-ambasadorov-skoda-bike-open-tour-katka-gresova\/#primaryimage\"},\"thumbnailUrl\":\"https:\/\/d2p6e6u75xmxt8.cloudfront.net\/4\/2023\/12\/titulka.webp\",\"datePublished\":\"2023-12-05T09:00:48+00:00\",\"author\":{\"@id\":\"https:\/\/www.welovecycling.com\/sk\/#\/schema\/person\/533b62b98b6c41bd5135ebfb1f742624\"},\"description\":\"Katar\u00edna Gre\u0161ov\u00e1, ambas\u00e1dorka \u0160KODA BIKE OPEN TOUR, pre v\u00e1s pripravila \u0161ikovn\u00e9 tipy, ako pote\u0161i\u0165 a\u00a0motivova\u0165 va\u0161e die\u0165a ku cyklistike.\",\"breadcrumb\":{\"@id\":\"https:\/\/www.welovecycling.com\/sk\/2023\/12\/05\/vyberame-vianocne-darceky-tipy-od-ambasadorov-skoda-bike-open-tour-katka-gresova\/#breadcrumb\"},\"inLanguage\":\"sk-SK\",\"potentialAction\":[{\"@type\":\"ReadAction\",\"target\":[\"https:\/\/www.welovecycling.com\/sk\/2023\/12\/05\/vyberame-vianocne-darceky-tipy-od-ambasadorov-skoda-bike-open-tour-katka-gresova\/\"]}]},{\"@type\":\"ImageObject\",\"inLanguage\":\"sk-SK\",\"@id\":\"https:\/\/www.welovecycling.com\/sk\/2023\/12\/05\/vyberame-vianocne-darceky-tipy-od-ambasadorov-skoda-bike-open-tour-katka-gresova\/#primaryimage\",\"url\":\"https:\/\/d2p6e6u75xmxt8.cloudfront.net\/4\/2023\/12\/titulka.webp\",\"contentUrl\":\"https:\/\/d2p6e6u75xmxt8.cloudfront.net\/4\/2023\/12\/titulka.webp\",\"width\":990,\"height\":660},{\"@type\":\"BreadcrumbList\",\"@id\":\"https:\/\/www.welovecycling.com\/sk\/2023\/12\/05\/vyberame-vianocne-darceky-tipy-od-ambasadorov-skoda-bike-open-tour-katka-gresova\/#breadcrumb\",\"itemListElement\":[{\"@type\":\"ListItem\",\"position\":1,\"name\":\"Home\",\"item\":\"https:\/\/www.welovecycling.com\/sk\/\"},{\"@type\":\"ListItem\",\"position\":2,\"name\":\"Vyber\u00e1me viano\u010dn\u00e9 dar\u010deky \u2013 tipy od ambas\u00e1dorov \u0160KODA BIKE OPEN TOUR \u2013 Katka Gre\u0161ov\u00e1\"}]},{\"@type\":\"WebSite\",\"@id\":\"https:\/\/www.welovecycling.com\/sk\/#website\",\"url\":\"https:\/\/www.welovecycling.com\/sk\/\",\"name\":\"\u0160koda We Love Cycling Slovensko\",\"description\":\"\u0160koda We Love Cycling Slovensko je v\u00e1\u0161 ka\u017edodenn\u00fd zdroj noviniek a in\u0161pir\u00e1cie z sveta cyklistiky\",\"potentialAction\":[{\"@type\":\"SearchAction\",\"target\":{\"@type\":\"EntryPoint\",\"urlTemplate\":\"https:\/\/www.welovecycling.com\/sk\/?s={search_term_string}\"},\"query-input\":{\"@type\":\"PropertyValueSpecification\",\"valueRequired\":true,\"valueName\":\"search_term_string\"}}],\"inLanguage\":\"sk-SK\"},{\"@type\":\"Person\",\"@id\":\"https:\/\/www.welovecycling.com\/sk\/#\/schema\/person\/533b62b98b6c41bd5135ebfb1f742624\",\"name\":\"dominika\",\"image\":{\"@type\":\"ImageObject\",\"inLanguage\":\"sk-SK\",\"@id\":\"https:\/\/www.welovecycling.com\/sk\/#\/schema\/person\/image\/\",\"url\":\"https:\/\/secure.gravatar.com\/avatar\/ded6f274ba2ec3e17fff153f7d9d96a4b33c2cb63907f75d9a5309c599a7f3e6?s=96&d=mm&r=g\",\"contentUrl\":\"https:\/\/secure.gravatar.com\/avatar\/ded6f274ba2ec3e17fff153f7d9d96a4b33c2cb63907f75d9a5309c599a7f3e6?s=96&d=mm&r=g\",\"caption\":\"dominika\"},\"url\":\"https:\/\/www.welovecycling.com\/sk\/author\/dominika\/\"}]}<\/script>\n<!-- \/ Yoast SEO Premium plugin. -->","yoast_head_json":{"title":"Vyber\u00e1me viano\u010dn\u00e9 dar\u010deky \u2013 tipy od ambas\u00e1dorov \u0160KODA BIKE OPEN TOUR \u2013 Katka Gre\u0161ov\u00e1","description":"Katar\u00edna Gre\u0161ov\u00e1, ambas\u00e1dorka \u0160KODA BIKE OPEN TOUR, pre v\u00e1s pripravila \u0161ikovn\u00e9 tipy, ako pote\u0161i\u0165 a\u00a0motivova\u0165 va\u0161e die\u0165a ku cyklistike.","robots":{"index":"index","follow":"follow","max-snippet":"max-snippet:-1","max-image-preview":"max-image-preview:large","max-video-preview":"max-video-preview:-1"},"canonical":"https:\/\/www.welovecycling.com\/sk\/2023\/12\/05\/vyberame-vianocne-darceky-tipy-od-ambasadorov-skoda-bike-open-tour-katka-gresova\/","og_locale":"sk_SK","og_type":"article","og_title":"Vyber\u00e1me viano\u010dn\u00e9 dar\u010deky \u2013 tipy od ambas\u00e1dorov \u0160KODA BIKE OPEN TOUR \u2013 Katka Gre\u0161ov\u00e1","og_description":"Katar\u00edna Gre\u0161ov\u00e1, ambas\u00e1dorka \u0160KODA BIKE OPEN TOUR, pre v\u00e1s pripravila \u0161ikovn\u00e9 tipy, ako pote\u0161i\u0165 a\u00a0motivova\u0165 va\u0161e die\u0165a ku cyklistike.","og_url":"https:\/\/www.welovecycling.com\/sk\/2023\/12\/05\/vyberame-vianocne-darceky-tipy-od-ambasadorov-skoda-bike-open-tour-katka-gresova\/","og_site_name":"\u0160koda We Love Cycling Slovensko","article_published_time":"2023-12-05T09:00:48+00:00","og_image":[{"width":990,"height":660,"url":"https:\/\/d2p6e6u75xmxt8.cloudfront.net\/4\/2023\/12\/titulka.webp","type":"image\/webp"}],"author":"dominika","twitter_card":"summary_large_image","twitter_misc":{"Written by":"Katar\u00edna Vasil\u010din Gre\u0161ov\u00e1, Radovan Vr\u0161ka","Est. reading time":"3"},"schema":{"@context":"https:\/\/schema.org","@graph":[{"@type":"WebPage","@id":"https:\/\/www.welovecycling.com\/sk\/2023\/12\/05\/vyberame-vianocne-darceky-tipy-od-ambasadorov-skoda-bike-open-tour-katka-gresova\/","url":"https:\/\/www.welovecycling.com\/sk\/2023\/12\/05\/vyberame-vianocne-darceky-tipy-od-ambasadorov-skoda-bike-open-tour-katka-gresova\/","name":"Vyber\u00e1me viano\u010dn\u00e9 dar\u010deky \u2013 tipy od ambas\u00e1dorov \u0160KODA BIKE OPEN TOUR \u2013 Katka Gre\u0161ov\u00e1","isPartOf":{"@id":"https:\/\/www.welovecycling.com\/sk\/#website"},"primaryImageOfPage":{"@id":"https:\/\/www.welovecycling.com\/sk\/2023\/12\/05\/vyberame-vianocne-darceky-tipy-od-ambasadorov-skoda-bike-open-tour-katka-gresova\/#primaryimage"},"image":{"@id":"https:\/\/www.welovecycling.com\/sk\/2023\/12\/05\/vyberame-vianocne-darceky-tipy-od-ambasadorov-skoda-bike-open-tour-katka-gresova\/#primaryimage"},"thumbnailUrl":"https:\/\/d2p6e6u75xmxt8.cloudfront.net\/4\/2023\/12\/titulka.webp","datePublished":"2023-12-05T09:00:48+00:00","author":{"@id":"https:\/\/www.welovecycling.com\/sk\/#\/schema\/person\/533b62b98b6c41bd5135ebfb1f742624"},"description":"Katar\u00edna Gre\u0161ov\u00e1, ambas\u00e1dorka \u0160KODA BIKE OPEN TOUR, pre v\u00e1s pripravila \u0161ikovn\u00e9 tipy, ako pote\u0161i\u0165 a\u00a0motivova\u0165 va\u0161e die\u0165a ku cyklistike.","breadcrumb":{"@id":"https:\/\/www.welovecycling.com\/sk\/2023\/12\/05\/vyberame-vianocne-darceky-tipy-od-ambasadorov-skoda-bike-open-tour-katka-gresova\/#breadcrumb"},"inLanguage":"sk-SK","potentialAction":[{"@type":"ReadAction","target":["https:\/\/www.welovecycling.com\/sk\/2023\/12\/05\/vyberame-vianocne-darceky-tipy-od-ambasadorov-skoda-bike-open-tour-katka-gresova\/"]}]},{"@type":"ImageObject","inLanguage":"sk-SK","@id":"https:\/\/www.welovecycling.com\/sk\/2023\/12\/05\/vyberame-vianocne-darceky-tipy-od-ambasadorov-skoda-bike-open-tour-katka-gresova\/#primaryimage","url":"https:\/\/d2p6e6u75xmxt8.cloudfront.net\/4\/2023\/12\/titulka.webp","contentUrl":"https:\/\/d2p6e6u75xmxt8.cloudfront.net\/4\/2023\/12\/titulka.webp","width":990,"height":660},{"@type":"BreadcrumbList","@id":"https:\/\/www.welovecycling.com\/sk\/2023\/12\/05\/vyberame-vianocne-darceky-tipy-od-ambasadorov-skoda-bike-open-tour-katka-gresova\/#breadcrumb","itemListElement":[{"@type":"ListItem","position":1,"name":"Home","item":"https:\/\/www.welovecycling.com\/sk\/"},{"@type":"ListItem","position":2,"name":"Vyber\u00e1me viano\u010dn\u00e9 dar\u010deky \u2013 tipy od ambas\u00e1dorov \u0160KODA BIKE OPEN TOUR \u2013 Katka Gre\u0161ov\u00e1"}]},{"@type":"WebSite","@id":"https:\/\/www.welovecycling.com\/sk\/#website","url":"https:\/\/www.welovecycling.com\/sk\/","name":"\u0160koda We Love Cycling Slovensko","description":"\u0160koda We Love Cycling Slovensko je v\u00e1\u0161 ka\u017edodenn\u00fd zdroj noviniek a in\u0161pir\u00e1cie z sveta cyklistiky","potentialAction":[{"@type":"SearchAction","target":{"@type":"EntryPoint","urlTemplate":"https:\/\/www.welovecycling.com\/sk\/?s={search_term_string}"},"query-input":{"@type":"PropertyValueSpecification","valueRequired":true,"valueName":"search_term_string"}}],"inLanguage":"sk-SK"},{"@type":"Person","@id":"https:\/\/www.welovecycling.com\/sk\/#\/schema\/person\/533b62b98b6c41bd5135ebfb1f742624","name":"dominika","image":{"@type":"ImageObject","inLanguage":"sk-SK","@id":"https:\/\/www.welovecycling.com\/sk\/#\/schema\/person\/image\/","url":"https:\/\/secure.gravatar.com\/avatar\/ded6f274ba2ec3e17fff153f7d9d96a4b33c2cb63907f75d9a5309c599a7f3e6?s=96&d=mm&r=g","contentUrl":"https:\/\/secure.gravatar.com\/avatar\/ded6f274ba2ec3e17fff153f7d9d96a4b33c2cb63907f75d9a5309c599a7f3e6?s=96&d=mm&r=g","caption":"dominika"},"url":"https:\/\/www.welovecycling.com\/sk\/author\/dominika\/"}]}},"_links":{"self":[{"href":"https:\/\/www.welovecycling.com\/sk\/wp-json\/wp\/v2\/posts\/18537","targetHints":{"allow":["GET"]}}],"collection":[{"href":"https:\/\/www.welovecycling.com\/sk\/wp-json\/wp\/v2\/posts"}],"about":[{"href":"https:\/\/www.welovecycling.com\/sk\/wp-json\/wp\/v2\/types\/post"}],"author":[{"embeddable":true,"href":"https:\/\/www.welovecycling.com\/sk\/wp-json\/wp\/v2\/users\/172"}],"replies":[{"embeddable":true,"href":"https:\/\/www.welovecycling.com\/sk\/wp-json\/wp\/v2\/comments?post=18537"}],"version-history":[{"count":16,"href":"https:\/\/www.welovecycling.com\/sk\/wp-json\/wp\/v2\/posts\/18537\/revisions"}],"predecessor-version":[{"id":18563,"href":"https:\/\/www.welovecycling.com\/sk\/wp-json\/wp\/v2\/posts\/18537\/revisions\/18563"}],"wp:featuredmedia":[{"embeddable":true,"href":"https:\/\/www.welovecycling.com\/sk\/wp-json\/wp\/v2\/media\/18538"}],"wp:attachment":[{"href":"https:\/\/www.welovecycling.com\/sk\/wp-json\/wp\/v2\/media?parent=18537"}],"wp:term":[{"taxonomy":"category","embeddable":true,"href":"https:\/\/www.welovecycling.com\/sk\/wp-json\/wp\/v2\/categories?post=18537"},{"taxonomy":"post_tag","embeddable":true,"href":"https:\/\/www.welovecycling.com\/sk\/wp-json\/wp\/v2\/tags?post=18537"},{"taxonomy":"global-categories","embeddable":true,"href":"https:\/\/www.welovecycling.com\/sk\/wp-json\/wp\/v2\/global-categories?post=18537"}],"curies":[{"name":"wp","href":"https:\/\/api.w.org\/{rel}","templated":true}]}}