{"id":18509,"date":"2023-12-01T10:00:48","date_gmt":"2023-12-01T09:00:48","guid":{"rendered":"https:\/\/www.welovecycling.com\/sk\/?p=18509"},"modified":"2023-11-30T13:49:43","modified_gmt":"2023-11-30T12:49:43","slug":"vyberame-vianocne-darceky-tipy-od-ambasadorov-skoda-bike-open-tour-erik-horvath","status":"publish","type":"post","link":"https:\/\/www.welovecycling.com\/sk\/2023\/12\/01\/vyberame-vianocne-darceky-tipy-od-ambasadorov-skoda-bike-open-tour-erik-horvath\/","title":{"rendered":"Vyber\u00e1me viano\u010dn\u00e9 dar\u010deky \u2013 tipy od ambas\u00e1dorov \u0160KODA BIKE OPEN TOUR \u2013 Erik Horv\u00e1th\u00a0"},"content":{"rendered":"<p><strong>Vianoce a\u00a0dar\u010deky s\u00fa \u010dasto ve\u013ekou v\u00fdzvou, najm\u00e4 ak sa va\u0161a polovi\u010dka v\u00e1\u0161nivo venuje cyklistike. Prin\u00e1\u0161ame v\u00e1m zop\u00e1r \u0161ikovn\u00fd r\u00e1d od t\u00fdch najpovolanej\u0161\u00edch. <a href=\"https:\/\/www.welovecycling.com\/sk\/2023\/05\/22\/rozhovor-erik-horvath-maraton-zvladne-aj-aktivny-hobby-cyklista\/\" target=\"_blank\" rel=\"noopener\">Erik Horv\u00e1th<\/a> je ambas\u00e1dorom ob\u013e\u00fabenej s\u00e9rie marat\u00f3nov \u0160KODA BIKE OPEN TOUR a\u00a0mo\u017eno ste sa s\u00a0n\u00edm na tomto ro\u010dn\u00edku stretli aj osobne. Vybral pre v\u00e1s nieko\u013eko skvel\u00fdch tipov na viano\u010dn\u00e9 dar\u010deky pre cyklistov.<\/strong><!--more--><\/p>\n<h2><b>Trailov\u00e9 okuliare Oakley Sutro Lite<\/b><\/h2>\n<p><span style=\"font-weight: 400;\">Dlh\u00e9 roky som na MTB v\u00fdjazdy nosil fotochromatick\u00e9 okuliare. Tento rok som sk\u00fasil ve\u013emi ob\u013e\u00faben\u00fd model <a href=\"https:\/\/eyerim.sk\/oakley-sutro-lite-oo9463-20\/\" target=\"_blank\" rel=\"noopener\">Oakley Sutro Lite Prizm Trail Torch<\/a>. <strong>Spo\u010diatku som sa b\u00e1l, \u017ee mi do lesa bud\u00fa pr\u00edli\u0161 tmav\u00e9 a na slne\u010dn\u00e9 po\u010dasie naopak ve\u013emi jasn\u00e9.<\/strong><\/span><\/p>\n<p><span style=\"font-weight: 400;\">Len\u017ee kvalita skiel Oakley je \u0161pi\u010dkov\u00e1 a\u00a0je tam naozaj v\u00fdborne zvolen\u00fd filter s\u00a0priepustnos\u0165ou 35 % svetla a\u00a0kr\u00e1snym farebn\u00fdm zv\u00fdraznen\u00edm okolia. <strong>Pri r\u00fdchlom prechode z\u00a0jasn\u00e9ho slnka do tmav\u00e9ho lesa neostanem ani na chv\u00ed\u013eu \u201eslep\u00fd\u201c,<\/strong> ako sa to st\u00e1valo vtedy, ke\u010f sa fotochromatick\u00e9 skl\u00e1 museli prisp\u00f4sobi\u0165 podmienkam. Toto sa \u010dasto deje na marat\u00f3ne, ke\u010f\u017ee jazda je r\u00fdchla a dynamick\u00e1.\u00a0<\/span><\/p>\n<p><span style=\"font-weight: 400;\">\u010eal\u0161\u00edm plusom t\u00fdchto okuliarov je, \u017ee vyzeraj\u00fa moderne. <strong>Tak\u017ee pre milovn\u00edkov \u0161t\u00fdlov\u00fdch a\u00a0kvalitn\u00fdch okuliarov ich naozaj m\u00f4\u017eem odporu\u010di\u0165.<\/strong><\/span><\/p>\n<p><a href=\"https:\/\/eyerim.sk\/oakley-sutro-lite-oo9463-20\/#pdps\"><img loading=\"lazy\" decoding=\"async\" class=\"alignnone wp-image-18511 size-full\" src=\"https:\/\/d2p6e6u75xmxt8.cloudfront.net\/4\/2023\/11\/01-2.webp\" alt=\"\" width=\"990\" height=\"660\" srcset=\"https:\/\/d2p6e6u75xmxt8.cloudfront.net\/4\/2023\/11\/01-2.webp 990w, https:\/\/d2p6e6u75xmxt8.cloudfront.net\/4\/2023\/11\/01-2-300x200.webp 300w, https:\/\/d2p6e6u75xmxt8.cloudfront.net\/4\/2023\/11\/01-2-768x512.webp 768w, https:\/\/d2p6e6u75xmxt8.cloudfront.net\/4\/2023\/11\/01-2-400x267.webp 400w, https:\/\/d2p6e6u75xmxt8.cloudfront.net\/4\/2023\/11\/01-2-272x182.webp 272w\" sizes=\"auto, (max-width: 990px) 100vw, 990px\" \/><\/a><\/p>\n<h2><b>Mini pumpa Lezyne Pocket Drive PRO<\/b><\/h2>\n<p><span style=\"font-weight: 400;\"><strong>Jedna z \u00faplne z\u00e1kladn\u00fdch vec\u00ed, ktor\u00e1 sa hodia na ka\u017ed\u00fd v\u00fdjazd,<\/strong> je kvalitn\u00e1 a\u00a0spo\u013eahliv\u00e1 mini pumpa, ktor\u00e1 v\u00e1s dok\u00e1\u017ee zachr\u00e1ni\u0165 v tom najhor\u0161om.\u00a0<\/span><\/p>\n<p><span style=\"font-weight: 400;\"><a href=\"https:\/\/www.sloger.sk\/shop\/naradie-a-servis-bicyklov\/pumpy\/minipumpy\/lezyne-minipumpa-pocket-drive-pro.html\" target=\"_blank\" rel=\"noopener\">Pumpa Lezyne Pocket Drive PRO<\/a> je ozaj mal\u00e1, ve\u010f nem\u00e1 ani 15 cm.<strong> Pritom je robustn\u00e1, kvalitne vypracovan\u00e1 a dostato\u010dne siln\u00e1, tak\u017ee sa s\u00a0\u0148ou daj\u00fa naf\u00faka\u0165 aj cestn\u00e9 pl\u00e1\u0161te na vysok\u00fd tlak.<\/strong> A\u00a0\u010do je v\u00fdborn\u00e1 vec, obsahuje aj hadi\u010dku.\u00a0<\/span><\/p>\n<p><span style=\"font-weight: 400;\"><strong>Nie je sn\u00e1\u010f ni\u010d hor\u0161ie, ako ke\u010f si chcete v\u00a0ter\u00e9ne opravi\u0165 defekt a\u00a0pri v\u0161etkom strese a\u00a0zhone sa v\u00e1m e\u0161te pumpou podar\u00ed strhn\u00fa\u0165 ventil.<\/strong> Malou pumpou \u010dlovek \u010dasto ve\u013emi h\u00fdbe a\u00a0ke\u010f\u017ee tu je dostato\u010dn\u00e9 dlh\u00e1 hadi\u010dka, t\u00e1to staros\u0165 ihne\u010f odpad\u00e1.\u00a0<\/span><\/p>\n<p><a href=\"https:\/\/www.sloger.sk\/shop\/naradie-a-servis-bicyklov\/pumpy\/minipumpy\/lezyne-minipumpa-pocket-drive-pro.html\"><img loading=\"lazy\" decoding=\"async\" class=\"alignnone wp-image-18527 size-full\" src=\"https:\/\/d2p6e6u75xmxt8.cloudfront.net\/4\/2023\/11\/02b.webp\" alt=\"\" width=\"990\" height=\"660\" srcset=\"https:\/\/d2p6e6u75xmxt8.cloudfront.net\/4\/2023\/11\/02b.webp 990w, https:\/\/d2p6e6u75xmxt8.cloudfront.net\/4\/2023\/11\/02b-300x200.webp 300w, https:\/\/d2p6e6u75xmxt8.cloudfront.net\/4\/2023\/11\/02b-768x512.webp 768w, https:\/\/d2p6e6u75xmxt8.cloudfront.net\/4\/2023\/11\/02b-400x267.webp 400w, https:\/\/d2p6e6u75xmxt8.cloudfront.net\/4\/2023\/11\/02b-272x182.webp 272w\" sizes=\"auto, (max-width: 990px) 100vw, 990px\" \/><\/a><\/p>\n<h2><b>Ochrann\u00fd kr\u00e9m Veloskin Chamois\u00a0<\/b><\/h2>\n<p><span style=\"font-weight: 400;\">Z\u00e1kladn\u00e1 kozmetika, ktor\u00e1 pom\u00f4\u017ee pri nejednom n\u00e1ro\u010dnom v\u00fdjazde. <strong>Trenie je jedn\u00fdm z najhor\u0161\u00edch probl\u00e9mov cyklistov, m\u00f4\u017ee sp\u00f4sobova\u0165 boles\u0165 v sedle a\u00a0nepohodlie.<\/strong> O\u00a0sedacie partie je preto vhodn\u00e9 dobre sa stara\u0165.<\/span><\/p>\n<p><span style=\"font-weight: 400;\"><a href=\"https:\/\/www.mtbiker.sk\/shop\/vyziva-a-kozmetika\/kozmetika\/veloskin-chamois-ochranny-krem-150-ml.html?gad_source=1&amp;gclid=Cj0KCQiA35urBhDCARIsAOU7QwnzVK3sXp169ffNtvYKPbf_o24F8DU6w0pLwusW7Yx2cIwV1IuOkFEaAndZEALw_wcB\" target=\"_blank\" rel=\"noopener\">Ochrann\u00fd kr\u00e9m Veloskin Chamois<\/a> je st\u00e1vka takmer na istotu, je to rokmi overen\u00e1 zna\u010dka. <strong>Pou\u017e\u00edvam ho prakticky v\u017edy a\u00a0ve\u013emi nam\u00e1hanej poko\u017eke dod\u00e1 v\u0161etko potrebn\u00e9.<\/strong> Aj tie naj\u0165a\u017e\u0161ie v\u00fdjazdy a\u00a0marat\u00f3ny pom\u00e1ha zvl\u00e1dnu\u0165 bez v\u00e1\u017enych \u0165a\u017ekost\u00ed.\u00a0<\/span><\/p>\n<p><a href=\"https:\/\/www.mtbiker.sk\/shop\/vyziva-a-kozmetika\/kozmetika\/veloskin-chamois-ochranny-krem-150-ml.html?gad_source=1&amp;gclid=Cj0KCQiA35urBhDCARIsAOU7QwnzVK3sXp169ffNtvYKPbf_o24F8DU6w0pLwusW7Yx2cIwV1IuOkFEaAndZEALw_wcB\"><img loading=\"lazy\" decoding=\"async\" class=\"alignnone wp-image-18514 size-full\" src=\"https:\/\/d2p6e6u75xmxt8.cloudfront.net\/4\/2023\/11\/03-2.webp\" alt=\"\" width=\"990\" height=\"660\" srcset=\"https:\/\/d2p6e6u75xmxt8.cloudfront.net\/4\/2023\/11\/03-2.webp 990w, https:\/\/d2p6e6u75xmxt8.cloudfront.net\/4\/2023\/11\/03-2-300x200.webp 300w, https:\/\/d2p6e6u75xmxt8.cloudfront.net\/4\/2023\/11\/03-2-768x512.webp 768w, https:\/\/d2p6e6u75xmxt8.cloudfront.net\/4\/2023\/11\/03-2-400x267.webp 400w, https:\/\/d2p6e6u75xmxt8.cloudfront.net\/4\/2023\/11\/03-2-272x182.webp 272w\" sizes=\"auto, (max-width: 990px) 100vw, 990px\" \/><\/a><\/p>\n<h2><b>Sada svetiel Lezyne Zecto Drive\u00a0<\/b><\/h2>\n<p><span style=\"font-weight: 400;\">Ke\u010f\u017ee jazd\u00edm celoro\u010dne, ve\u013eakr\u00e1t sa pohybujem aj na cest\u00e1ch, niekedy aj v\u00a0zhor\u0161en\u00fdch sveteln\u00fdch podmienkach, preto pre vlastn\u00fa bezpe\u010dnos\u0165 beriem svetl\u00e1 ako povinn\u00fa v\u00fdbavu.\u00a0<\/span><\/p>\n<p><span style=\"font-weight: 400;\">Pre vyzn\u00e1va\u010dov horskej cyklistiky je v\u00fdborn\u00fdm tipom <a href=\"https:\/\/www.mtbiker.sk\/shop\/prislusenstvo\/svetla\/sady-svetiel\/lezyne-zecto-drive-sada-svetiel-strieborna.html\" target=\"_blank\" rel=\"noopener\">sada svetiel Lezyne Zecto Drive<\/a>, kam sa dokonale hodia svoj\u00edm dizajnom.<strong> S\u00fa mal\u00e9, \u013eahk\u00e9, kvalitne vypracovan\u00e9 a\u00a0\u010do je v\u00a0hor\u0161\u00edch podmienkach nutn\u00e9, tak aj vodotesn\u00e9.<\/strong> M\u00e1m ich viackr\u00e1t overen\u00e9 aj v\u00a0naozaj drsnom blatovom a da\u017edivom prostred\u00ed.<\/span><\/p>\n<p><span style=\"font-weight: 400;\"><strong>Maj\u00fa v\u00fdborn\u00fa svietivos\u0165 a\u00a0tie\u017e obsahuj\u00fa\u00a0denn\u00fd re\u017eim, kde v\u00e1s na ceste bude naozaj \u0165a\u017ek\u00e9 prehliadnu\u0165.<\/strong> Predn\u00e9 svetlo je dostato\u010dn\u00e9 siln\u00e9 na n\u00fadzov\u00fd dojazd po cyklochodn\u00edku domov. Na jazdenie v\u00a0noci to bude chcie\u0165 ale nie\u010do silnej\u0161ie. Samozrejme s\u00fa nab\u00edjate\u013en\u00e9, tak\u017ee odpad\u00e1 staros\u0165 s\u00a0bat\u00e9riami.<\/span><\/p>\n<p><a href=\"https:\/\/www.mtbiker.sk\/shop\/prislusenstvo\/svetla\/sady-svetiel\/lezyne-zecto-drive-sada-svetiel-strieborna.html\"><img loading=\"lazy\" decoding=\"async\" class=\"alignnone wp-image-18515 size-full\" src=\"https:\/\/d2p6e6u75xmxt8.cloudfront.net\/4\/2023\/11\/04-2.webp\" alt=\"\" width=\"990\" height=\"660\" srcset=\"https:\/\/d2p6e6u75xmxt8.cloudfront.net\/4\/2023\/11\/04-2.webp 990w, https:\/\/d2p6e6u75xmxt8.cloudfront.net\/4\/2023\/11\/04-2-300x200.webp 300w, https:\/\/d2p6e6u75xmxt8.cloudfront.net\/4\/2023\/11\/04-2-768x512.webp 768w, https:\/\/d2p6e6u75xmxt8.cloudfront.net\/4\/2023\/11\/04-2-400x267.webp 400w, https:\/\/d2p6e6u75xmxt8.cloudfront.net\/4\/2023\/11\/04-2-272x182.webp 272w\" sizes=\"auto, (max-width: 990px) 100vw, 990px\" \/><\/a><\/p>\n<h2><b>Bikefitting<\/b><\/h2>\n<p><span style=\"font-weight: 400;\"><a href=\"https:\/\/www.mtbiker.sk\/shop\/informacie\/bikefitting.html\" target=\"_blank\" rel=\"noopener\">Bikefitting<\/a> e\u0161te nie je celkom roz\u0161\u00edren\u00fdm pojmom. <strong>Ide o slu\u017ebu, ktor\u00e1 na z\u00e1klade individu\u00e1lnych fyziologick\u00fdch danost\u00ed ka\u017ed\u00e9ho jazdca ur\u010d\u00ed spr\u00e1vne nastavenie posedu.<\/strong> Do \u00favahy sa berie cel\u00e1 kompoz\u00edcia tela \u2013 teda nielen celkov\u00e1 v\u00fd\u0161ka, ale aj d\u013a\u017eka n\u00f4h, r\u00fak, trupu, flexibilita a\u00a0preferovan\u00fd jazdeck\u00fd \u0161t\u00fdl.\u00a0<\/span><\/p>\n<p><span style=\"font-weight: 400;\">Vyu\u017e\u00edva sa to hlavne pri cestnej cyklistike, ale ve\u013ek\u00e9 uplatnenie si n\u00e1jde aj pre t\u00fa horsk\u00fa. Ja som tento rok za\u010dal jazdi\u0165 na cestnom bicykli.\u00a0Hoci som si pod\u013ea odpor\u00fa\u010dan\u00ed vedel vyladi\u0165 nastavenie posedu, po absolvovan\u00ed merania sa na\u0161lo p\u00e1r drobnost\u00ed na zmenu. <strong>Zmeni\u0165 posed, hoci o\u00a01 \u010di 2 cm, dok\u00e1\u017ee urobi\u0165 ve\u013ek\u00e9 zmeny a\u00a0zrazu za\u010dnete zap\u00e1ja\u0165 svaly komplexnej\u0161ie, z\u00edskate tie\u017e komfortnej\u0161iu a\u00a0prijate\u013enej\u0161iu poz\u00edciu, v\u00a0ktorej viete vydr\u017ea\u0165 doslova hodiny.\u00a0<\/strong><\/span><\/p>\n<p><span style=\"font-weight: 400;\"><strong>Pre \u00fapln\u00e9ho za\u010diato\u010dn\u00edka to m\u00f4\u017ee by\u0165 ve\u013ek\u00e1 pomoc, ako sa nau\u010di\u0165 spr\u00e1vne sedie\u0165,<\/strong> aby nevznikali zbyto\u010dn\u00e9 \u0165a\u017ekosti a\u00a0\u010dasom bolesti, ale u\u017e aj ostrie\u013ean\u00ed jazdci si dok\u00e1\u017eu v\u00fdrazne polep\u0161i\u0165.\u00a0<\/span><\/p>\n<p><span style=\"font-weight: 400;\"><strong>Je to jedna z t\u00fdch drah\u0161\u00edch slu\u017eieb, a preto mo\u017eno nad \u0148ou niekto rozm\u00fd\u0161\u013ea a zva\u017euje to.<\/strong> Toto mi pr\u00edde ako vhodn\u00fd dar\u010dek, ak viete, \u017ee darovan\u00e1 osoba na bicykli tr\u00e1vi ve\u013ea \u010dasu. Bikefitting pon\u00fakaj\u00fa viacer\u00e9 \u0161pecializovan\u00e9 predajne a t\u00fato slu\u017ebu m\u00f4\u017eete vyu\u017ei\u0165 napr\u00edklad aj v MTBIKER.<\/span><\/p>\n<p><a href=\"https:\/\/www.mtbiker.sk\/shop\/informacie\/bikefitting.html\"><img loading=\"lazy\" decoding=\"async\" class=\"alignnone wp-image-18516 size-full\" src=\"https:\/\/d2p6e6u75xmxt8.cloudfront.net\/4\/2023\/11\/05-2.webp\" alt=\"\" width=\"990\" height=\"660\" srcset=\"https:\/\/d2p6e6u75xmxt8.cloudfront.net\/4\/2023\/11\/05-2.webp 990w, https:\/\/d2p6e6u75xmxt8.cloudfront.net\/4\/2023\/11\/05-2-300x200.webp 300w, https:\/\/d2p6e6u75xmxt8.cloudfront.net\/4\/2023\/11\/05-2-768x512.webp 768w, https:\/\/d2p6e6u75xmxt8.cloudfront.net\/4\/2023\/11\/05-2-400x267.webp 400w, https:\/\/d2p6e6u75xmxt8.cloudfront.net\/4\/2023\/11\/05-2-272x182.webp 272w\" sizes=\"auto, (max-width: 990px) 100vw, 990px\" \/><\/a><\/p>\n<h2><b>Cyklokozmetika<\/b><\/h2>\n<p><span style=\"font-weight: 400;\">Cyklokozmetika je osobitn\u00e1 kateg\u00f3ria. Tak ako maj\u00fa \u017eeny r\u00f4znu kozmetiku na ple\u0165, chlapi u\u017e pomenej, ale st\u00e1le sa nie\u010do n\u00e1jde. Auti\u010dk\u00e1ri na svojho mil\u00e1\u010dika maj\u00fa celkom slu\u0161n\u00fa zbierku a aj spr\u00e1vny cyklista pou\u017e\u00edva nie\u010do na o\u010distenie a\u00a0o\u0161etrenie svojho t\u00e1to\u0161a.<strong> Hoci sa d\u00e1 kradn\u00fa\u0165 aj jar z\u00a0kuchyne, st\u00e1le existuj\u00fa aj o\u00a0nie\u010do lep\u0161ie rie\u0161enia.\u00a0<\/strong><\/span><\/p>\n<p><span style=\"font-weight: 400;\">Na z\u00e1kladn\u00e9 o\u010distenie po v\u00fdjazde m\u00e1m v\u00fdborn\u00fa sk\u00fasenos\u0165 s <\/span><a href=\"https:\/\/www.mtbiker.sk\/shop\/servis\/cyklokozmetika-a-cistiace-nastroje\/cyklokozmetika\/bikeworkx-greener-cistic-1-l.html\" target=\"_blank\" rel=\"noopener\"><span style=\"font-weight: 400;\">BIKEWORKX Greener \u010disti\u010dom<\/span><\/a><span style=\"font-weight: 400;\">, ktor\u00fd nastriekam na r\u00e1m a\u00a0potom opl\u00e1chnem. D\u00e1 sa pou\u017ei\u0165 aj na mastn\u00fd pohon, ale tu rad\u0161ej vyu\u017e\u00edvam ve\u013emi d\u00e1vnu klasiku <\/span><a href=\"https:\/\/www.mtbiker.sk\/shop\/servis\/cyklokozmetika-a-cistiace-nastroje\/cyklokozmetika\/cyklostar-original-cistic-1-l.html\" target=\"_blank\" rel=\"noopener\"><span style=\"font-weight: 400;\">Cyklostar<\/span><\/a><span style=\"font-weight: 400;\">, k\u00a0tomu sa hod\u00ed univerz\u00e1lna <\/span><a href=\"https:\/\/made4bike.sk\/sk\/cistenie\/1105-specialna-profilovana-cistiaca-kefa-5013863060123.html\" target=\"_blank\" rel=\"noopener\"><span style=\"font-weight: 400;\">Weldtite profilovan\u00e1 \u010distiaca kefa<\/span><\/a><span style=\"font-weight: 400;\">.<\/span><\/p>\n<p><span style=\"font-weight: 400;\"><strong>N\u00e1sledne je potreba ur\u010dit\u00e9 \u010dasti aj patri\u010dne o\u0161etri\u0165.<\/strong> T\u00fdka sa to hlavne pru\u017eenia (prednej vidlice, pr\u00edpadne zadn\u00e9ho tlmi\u010da), kde s\u00fa d\u00f4le\u017eit\u00e9 tesnenia, ktor\u00e9 zabra\u0148uj\u00fa prenikaniu \u0161piny. Na to sl\u00fa\u017ei ob\u013e\u00faben\u00fd <\/span><a href=\"https:\/\/www.cyklozitny.cz\/brunox-deo-100-ml-spray\" target=\"_blank\" rel=\"noopener\"><span style=\"font-weight: 400;\">Brunox RockShox Deo<\/span><\/a><span style=\"font-weight: 400;\"> olej v\u00a0spreji. Pre cestn\u00e9 a\u00a0gravel bicykle o\u00a0staros\u0165 menej.<\/span><\/p>\n<p><span style=\"font-weight: 400;\"><strong>A\u00a0netreba zabudn\u00fa\u0165 na d\u00f4le\u017eit\u00fa s\u00fa\u010das\u0165 bicykla, ktorou je re\u0165az.<\/strong> Tu plat\u00ed pravidlo: 100 \u013eud\u00ed \u2013 100 chut\u00ed. Ja osobne pou\u017e\u00edvam mazivo na b\u00e1ze vosku, ktor\u00e9 nechyt\u00e1 to\u013eko \u0161piny a\u00a0re\u0165az vydr\u017e\u00ed dlh\u0161ie \u010dist\u00e1, \u010do predl\u017euje \u017eivotnos\u0165 cel\u00e9ho pohonu. Na be\u017en\u00fd v\u00fdjazd <\/span><a href=\"https:\/\/www.davorin.sk\/rex-chain-lube-pripravok-na-mazanie-retaze-900\/\" target=\"_blank\" rel=\"noopener\"><span style=\"font-weight: 400;\">Rex Domestique Chain Lube<\/span><\/a><span style=\"font-weight: 400;\"> a\u00a0na extr\u00e9mne podmienky, ako s\u00fa marat\u00f3ny, sofistikovanej\u0161\u00ed <\/span><a href=\"https:\/\/www.davorin.sk\/rex-black-diamond-chain-lube-lubrikant-na-retaz-907\/\" target=\"_blank\" rel=\"noopener\"><span style=\"font-weight: 400;\">Rex Black Diamond Chain Lube<\/span><\/a><span style=\"font-weight: 400;\">.\u00a0<\/span><\/p>\n<div id='gallery-1' class='gallery galleryid-18509 gallery-columns-2 gallery-size-large'><figure class='gallery-item'>\n\t\t\t<div class='gallery-icon landscape'>\n\t\t\t\t<a href='https:\/\/d2p6e6u75xmxt8.cloudfront.net\/4\/2023\/11\/06-1.webp'><img loading=\"lazy\" decoding=\"async\" width=\"660\" height=\"660\" src=\"https:\/\/d2p6e6u75xmxt8.cloudfront.net\/4\/2023\/11\/06-1.webp\" class=\"attachment-large size-large\" alt=\"\" srcset=\"https:\/\/d2p6e6u75xmxt8.cloudfront.net\/4\/2023\/11\/06-1.webp 660w, https:\/\/d2p6e6u75xmxt8.cloudfront.net\/4\/2023\/11\/06-1-300x300.webp 300w, https:\/\/d2p6e6u75xmxt8.cloudfront.net\/4\/2023\/11\/06-1-150x150.webp 150w, https:\/\/d2p6e6u75xmxt8.cloudfront.net\/4\/2023\/11\/06-1-400x400.webp 400w\" sizes=\"auto, (max-width: 660px) 100vw, 660px\" \/><\/a>\n\t\t\t<\/div><\/figure><figure class='gallery-item'>\n\t\t\t<div class='gallery-icon landscape'>\n\t\t\t\t<a href='https:\/\/d2p6e6u75xmxt8.cloudfront.net\/4\/2023\/11\/06b.webp'><img loading=\"lazy\" decoding=\"async\" width=\"660\" height=\"660\" src=\"https:\/\/d2p6e6u75xmxt8.cloudfront.net\/4\/2023\/11\/06b.webp\" class=\"attachment-large size-large\" alt=\"\" srcset=\"https:\/\/d2p6e6u75xmxt8.cloudfront.net\/4\/2023\/11\/06b.webp 660w, https:\/\/d2p6e6u75xmxt8.cloudfront.net\/4\/2023\/11\/06b-300x300.webp 300w, https:\/\/d2p6e6u75xmxt8.cloudfront.net\/4\/2023\/11\/06b-150x150.webp 150w, https:\/\/d2p6e6u75xmxt8.cloudfront.net\/4\/2023\/11\/06b-400x400.webp 400w\" sizes=\"auto, (max-width: 660px) 100vw, 660px\" \/><\/a>\n\t\t\t<\/div><\/figure>\n\t\t<\/div>\n\n<h2><b>Tlakov\u00fd \u010disti\u010d K\u00e4rcher OC 3 Plus<\/b><\/h2>\n<p><span style=\"font-weight: 400;\">A\u00a0ke\u010f m\u00e1me vyrie\u0161en\u00fa kozmetiku, <strong>potom tu m\u00e1m nie\u010do pre fajn\u0161mekrov alebo pre nahnevan\u00e9 polovi\u010dky v\u00a0dom\u00e1cnosti,<\/strong> ke\u010f prinesiete \u0161pinav\u00fd bike po v\u00fdjazde a\u00a0nestihnete absolvova\u0165 jeho o\u010distu.\u00a0<\/span><\/p>\n<p><span style=\"font-weight: 400;\">Plat\u00ed to sk\u00f4r pre \u201epanel\u00e1kov\u00fdch\u201d \u013eud\u00ed, ktor\u00ed nedaj\u00fa svojho mil\u00e1\u010dika niekde do spolo\u010dn\u00fdch priestorov alebo\u00a0nemaj\u00fa gar\u00e1\u017e a\u00a0s\u00a0bicyklom cestuj\u00fa v aute. Je to n\u00edzkotlakov\u00fd prenosn\u00fd \u010disti\u010d <a href=\"https:\/\/www.kaercher.com\/sk\/home-garden\/mobilne-cistenie\/nizkotlakovy-mobilny-cistic-oc-3-plus-car-16800340.html\" target=\"_blank\" rel=\"noopener\">K\u00e4rcher OC 3 Plus<\/a>.<strong> M\u00e1 akumul\u00e1tor, konektor na nab\u00edjanie do 12 V z\u00e1suvky v aute a svoju vlastn\u00fa 7-litrov\u00fa n\u00e1dr\u017e na vodu.\u00a0<\/strong><\/span><\/p>\n<p><span style=\"font-weight: 400;\"><strong>Je to ide\u00e1lny pomocn\u00edk pri cestovan\u00ed na v\u00fdjazdy.<\/strong> Videl som to u\u017e viacer\u00fdm \u013eudom, vr\u00e1tane m\u00f4jho kamar\u00e1ta. Po v\u00fdjazde zoberiete \u010disti\u010d, pou\u017eijete spomenut\u00fa kozmetiku a\u00a0v\u00a0pohodl\u00ed pri aute si umyje bicykel, pr\u00edpadne aj po pr\u00edjazde domov pred bytovkou.<\/span><\/p>\n<p><span style=\"font-weight: 400;\">Sk\u00f4r sa mi ale hod\u00ed pr\u00e1ve na v\u00fdjazdy a\u00a0marat\u00f3ny. Tu som ve\u013eakr\u00e1t nepou\u017eil dostupn\u00e9 wapky, preto\u017ee tam bol dlh\u00fd rad, pr\u00edpadne ve\u013emi siln\u00fd pr\u00fad vody, ktor\u00fd nie je ide\u00e1lny pre lo\u017eisk\u00e1 na bicykli. A\u00a0pri v\u00fdjazde sa tie\u017e \u010dlovek nie v\u017edy ocitne v\u00a0lokalite, kde je dostupn\u00e9 nejak\u00e9 miesto na umytie. <strong>Takto som d\u00e1val \u0161pinav\u00fd bike do auta a\u00a0jeho o\u010distu rie\u0161il a\u017e potom.<\/strong><\/span><\/p>\n<p><span style=\"font-weight: 400;\">Ja som si u\u017e svoj objednal, ale teraz to je super tip na dar\u010dek aj pre v\u00e1s.<\/span><\/p>\n<p><a href=\"https:\/\/www.kaercher.com\/sk\/home-garden\/mobilne-cistenie\/nizkotlakovy-mobilny-cistic-oc-3-plus-car-16800340.html\"><img loading=\"lazy\" decoding=\"async\" class=\"alignnone wp-image-18522 size-full\" src=\"https:\/\/d2p6e6u75xmxt8.cloudfront.net\/4\/2023\/11\/08-1.webp\" alt=\"\" width=\"990\" height=\"660\" srcset=\"https:\/\/d2p6e6u75xmxt8.cloudfront.net\/4\/2023\/11\/08-1.webp 990w, https:\/\/d2p6e6u75xmxt8.cloudfront.net\/4\/2023\/11\/08-1-300x200.webp 300w, https:\/\/d2p6e6u75xmxt8.cloudfront.net\/4\/2023\/11\/08-1-768x512.webp 768w, https:\/\/d2p6e6u75xmxt8.cloudfront.net\/4\/2023\/11\/08-1-400x267.webp 400w, https:\/\/d2p6e6u75xmxt8.cloudfront.net\/4\/2023\/11\/08-1-272x182.webp 272w\" sizes=\"auto, (max-width: 990px) 100vw, 990px\" \/><\/a><\/p>\n<p>Zdroj fotografi\u00ed: Erik Horv\u00e1th, arch\u00edv zna\u010diek a MTBIKER<\/p>\n","protected":false},"excerpt":{"rendered":"<p>Vianoce a\u00a0dar\u010deky s\u00fa \u010dasto ve\u013ekou v\u00fdzvou, najm\u00e4 ak sa va\u0161a polovi\u010dka v\u00e1\u0161nivo venuje cyklistike. Prin\u00e1\u0161ame v\u00e1m zop\u00e1r \u0161ikovn\u00fd r\u00e1d od [&hellip;]<\/p>\n","protected":false},"author":172,"featured_media":18510,"comment_status":"open","ping_status":"open","sticky":false,"template":"","format":"standard","meta":{"footnotes":""},"categories":[52],"tags":[619,1381,115,289,597,546,1617,345,1618,600,669,346,265,1540,344,1196,475,317],"global-categories":[1074],"class_list":["post-18509","post","type-post","status-publish","format-standard","has-post-thumbnail","hentry","category-nakupny-poradca","tag-bicyklovanie","tag-bikefitting","tag-cestna-cyklistika","tag-cistenie","tag-cyklista","tag-cyklistika","tag-cyklokozmetika","tag-darceky","tag-karcher","tag-muzi","tag-nakup","tag-okuliare","tag-svetlo","tag-tip","tag-vianoce","tag-vybava","tag-zeny","tag-zima","global-categories-cycling"],"yoast_head":"<!-- This site is optimized with the Yoast SEO Premium plugin v25.3 (Yoast SEO v25.9) - https:\/\/yoast.com\/wordpress\/plugins\/seo\/ -->\n<title>Vyber\u00e1me viano\u010dn\u00e9 dar\u010deky \u2013 tipy od ambas\u00e1dorov \u0160KODA BIKE OPEN TOUR \u2013 Erik Horv\u00e1th\u00a0<\/title>\n<meta name=\"description\" content=\"Vianoce a\u00a0dar\u010deky s\u00fa \u010dasto ve\u013ekou v\u00fdzvou, najm\u00e4 ak sa va\u0161a polovi\u010dka v\u00e1\u0161nivo venuje cyklistike. Prin\u00e1\u0161ame v\u00e1m zop\u00e1r \u0161ikovn\u00fd r\u00e1d.\" \/>\n<meta name=\"robots\" content=\"index, follow, max-snippet:-1, max-image-preview:large, max-video-preview:-1\" \/>\n<link rel=\"canonical\" href=\"https:\/\/www.welovecycling.com\/sk\/2023\/12\/01\/vyberame-vianocne-darceky-tipy-od-ambasadorov-skoda-bike-open-tour-erik-horvath\/\" \/>\n<meta property=\"og:locale\" content=\"sk_SK\" \/>\n<meta property=\"og:type\" content=\"article\" \/>\n<meta property=\"og:title\" content=\"Vyber\u00e1me viano\u010dn\u00e9 dar\u010deky \u2013 tipy od ambas\u00e1dorov \u0160KODA BIKE OPEN TOUR \u2013 Erik Horv\u00e1th\u00a0\" \/>\n<meta property=\"og:description\" content=\"Vianoce a\u00a0dar\u010deky s\u00fa \u010dasto ve\u013ekou v\u00fdzvou, najm\u00e4 ak sa va\u0161a polovi\u010dka v\u00e1\u0161nivo venuje cyklistike. Prin\u00e1\u0161ame v\u00e1m zop\u00e1r \u0161ikovn\u00fd r\u00e1d.\" \/>\n<meta property=\"og:url\" content=\"https:\/\/www.welovecycling.com\/sk\/2023\/12\/01\/vyberame-vianocne-darceky-tipy-od-ambasadorov-skoda-bike-open-tour-erik-horvath\/\" \/>\n<meta property=\"og:site_name\" content=\"\u0160koda We Love Cycling Slovensko\" \/>\n<meta property=\"article:published_time\" content=\"2023-12-01T09:00:48+00:00\" \/>\n<meta property=\"og:image\" content=\"https:\/\/d2p6e6u75xmxt8.cloudfront.net\/4\/2023\/11\/20211227_155057.webp\" \/>\n\t<meta property=\"og:image:width\" content=\"900\" \/>\n\t<meta property=\"og:image:height\" content=\"660\" \/>\n\t<meta property=\"og:image:type\" content=\"image\/webp\" \/>\n<meta name=\"author\" content=\"dominika\" \/>\n<meta name=\"twitter:card\" content=\"summary_large_image\" \/>\n<meta name=\"twitter:label1\" content=\"Written by\" \/>\n\t<meta name=\"twitter:data1\" content=\"Erik Horv\u00e1th, Radovan Vr\u0161ka\" \/>\n\t<meta name=\"twitter:label2\" content=\"Est. reading time\" \/>\n\t<meta name=\"twitter:data2\" content=\"6\" \/>\n<script type=\"application\/ld+json\" class=\"yoast-schema-graph\">{\"@context\":\"https:\/\/schema.org\",\"@graph\":[{\"@type\":\"WebPage\",\"@id\":\"https:\/\/www.welovecycling.com\/sk\/2023\/12\/01\/vyberame-vianocne-darceky-tipy-od-ambasadorov-skoda-bike-open-tour-erik-horvath\/\",\"url\":\"https:\/\/www.welovecycling.com\/sk\/2023\/12\/01\/vyberame-vianocne-darceky-tipy-od-ambasadorov-skoda-bike-open-tour-erik-horvath\/\",\"name\":\"Vyber\u00e1me viano\u010dn\u00e9 dar\u010deky \u2013 tipy od ambas\u00e1dorov \u0160KODA BIKE OPEN TOUR \u2013 Erik Horv\u00e1th\u00a0\",\"isPartOf\":{\"@id\":\"https:\/\/www.welovecycling.com\/sk\/#website\"},\"primaryImageOfPage\":{\"@id\":\"https:\/\/www.welovecycling.com\/sk\/2023\/12\/01\/vyberame-vianocne-darceky-tipy-od-ambasadorov-skoda-bike-open-tour-erik-horvath\/#primaryimage\"},\"image\":{\"@id\":\"https:\/\/www.welovecycling.com\/sk\/2023\/12\/01\/vyberame-vianocne-darceky-tipy-od-ambasadorov-skoda-bike-open-tour-erik-horvath\/#primaryimage\"},\"thumbnailUrl\":\"https:\/\/d2p6e6u75xmxt8.cloudfront.net\/4\/2023\/11\/20211227_155057.webp\",\"datePublished\":\"2023-12-01T09:00:48+00:00\",\"author\":{\"@id\":\"https:\/\/www.welovecycling.com\/sk\/#\/schema\/person\/533b62b98b6c41bd5135ebfb1f742624\"},\"description\":\"Vianoce a\u00a0dar\u010deky s\u00fa \u010dasto ve\u013ekou v\u00fdzvou, najm\u00e4 ak sa va\u0161a polovi\u010dka v\u00e1\u0161nivo venuje cyklistike. Prin\u00e1\u0161ame v\u00e1m zop\u00e1r \u0161ikovn\u00fd r\u00e1d.\",\"breadcrumb\":{\"@id\":\"https:\/\/www.welovecycling.com\/sk\/2023\/12\/01\/vyberame-vianocne-darceky-tipy-od-ambasadorov-skoda-bike-open-tour-erik-horvath\/#breadcrumb\"},\"inLanguage\":\"sk-SK\",\"potentialAction\":[{\"@type\":\"ReadAction\",\"target\":[\"https:\/\/www.welovecycling.com\/sk\/2023\/12\/01\/vyberame-vianocne-darceky-tipy-od-ambasadorov-skoda-bike-open-tour-erik-horvath\/\"]}]},{\"@type\":\"ImageObject\",\"inLanguage\":\"sk-SK\",\"@id\":\"https:\/\/www.welovecycling.com\/sk\/2023\/12\/01\/vyberame-vianocne-darceky-tipy-od-ambasadorov-skoda-bike-open-tour-erik-horvath\/#primaryimage\",\"url\":\"https:\/\/d2p6e6u75xmxt8.cloudfront.net\/4\/2023\/11\/20211227_155057.webp\",\"contentUrl\":\"https:\/\/d2p6e6u75xmxt8.cloudfront.net\/4\/2023\/11\/20211227_155057.webp\",\"width\":900,\"height\":660,\"caption\":\"viano\u010dn\u00e9 dar\u010deky pre cyklistu\"},{\"@type\":\"BreadcrumbList\",\"@id\":\"https:\/\/www.welovecycling.com\/sk\/2023\/12\/01\/vyberame-vianocne-darceky-tipy-od-ambasadorov-skoda-bike-open-tour-erik-horvath\/#breadcrumb\",\"itemListElement\":[{\"@type\":\"ListItem\",\"position\":1,\"name\":\"Home\",\"item\":\"https:\/\/www.welovecycling.com\/sk\/\"},{\"@type\":\"ListItem\",\"position\":2,\"name\":\"Vyber\u00e1me viano\u010dn\u00e9 dar\u010deky \u2013 tipy od ambas\u00e1dorov \u0160KODA BIKE OPEN TOUR \u2013 Erik Horv\u00e1th\u00a0\"}]},{\"@type\":\"WebSite\",\"@id\":\"https:\/\/www.welovecycling.com\/sk\/#website\",\"url\":\"https:\/\/www.welovecycling.com\/sk\/\",\"name\":\"\u0160koda We Love Cycling Slovensko\",\"description\":\"\u0160koda We Love Cycling Slovensko je v\u00e1\u0161 ka\u017edodenn\u00fd zdroj noviniek a in\u0161pir\u00e1cie z sveta cyklistiky\",\"potentialAction\":[{\"@type\":\"SearchAction\",\"target\":{\"@type\":\"EntryPoint\",\"urlTemplate\":\"https:\/\/www.welovecycling.com\/sk\/?s={search_term_string}\"},\"query-input\":{\"@type\":\"PropertyValueSpecification\",\"valueRequired\":true,\"valueName\":\"search_term_string\"}}],\"inLanguage\":\"sk-SK\"},{\"@type\":\"Person\",\"@id\":\"https:\/\/www.welovecycling.com\/sk\/#\/schema\/person\/533b62b98b6c41bd5135ebfb1f742624\",\"name\":\"dominika\",\"image\":{\"@type\":\"ImageObject\",\"inLanguage\":\"sk-SK\",\"@id\":\"https:\/\/www.welovecycling.com\/sk\/#\/schema\/person\/image\/\",\"url\":\"https:\/\/secure.gravatar.com\/avatar\/ded6f274ba2ec3e17fff153f7d9d96a4b33c2cb63907f75d9a5309c599a7f3e6?s=96&d=mm&r=g\",\"contentUrl\":\"https:\/\/secure.gravatar.com\/avatar\/ded6f274ba2ec3e17fff153f7d9d96a4b33c2cb63907f75d9a5309c599a7f3e6?s=96&d=mm&r=g\",\"caption\":\"dominika\"},\"url\":\"https:\/\/www.welovecycling.com\/sk\/author\/dominika\/\"}]}<\/script>\n<!-- \/ Yoast SEO Premium plugin. -->","yoast_head_json":{"title":"Vyber\u00e1me viano\u010dn\u00e9 dar\u010deky \u2013 tipy od ambas\u00e1dorov \u0160KODA BIKE OPEN TOUR \u2013 Erik Horv\u00e1th\u00a0","description":"Vianoce a\u00a0dar\u010deky s\u00fa \u010dasto ve\u013ekou v\u00fdzvou, najm\u00e4 ak sa va\u0161a polovi\u010dka v\u00e1\u0161nivo venuje cyklistike. Prin\u00e1\u0161ame v\u00e1m zop\u00e1r \u0161ikovn\u00fd r\u00e1d.","robots":{"index":"index","follow":"follow","max-snippet":"max-snippet:-1","max-image-preview":"max-image-preview:large","max-video-preview":"max-video-preview:-1"},"canonical":"https:\/\/www.welovecycling.com\/sk\/2023\/12\/01\/vyberame-vianocne-darceky-tipy-od-ambasadorov-skoda-bike-open-tour-erik-horvath\/","og_locale":"sk_SK","og_type":"article","og_title":"Vyber\u00e1me viano\u010dn\u00e9 dar\u010deky \u2013 tipy od ambas\u00e1dorov \u0160KODA BIKE OPEN TOUR \u2013 Erik Horv\u00e1th\u00a0","og_description":"Vianoce a\u00a0dar\u010deky s\u00fa \u010dasto ve\u013ekou v\u00fdzvou, najm\u00e4 ak sa va\u0161a polovi\u010dka v\u00e1\u0161nivo venuje cyklistike. Prin\u00e1\u0161ame v\u00e1m zop\u00e1r \u0161ikovn\u00fd r\u00e1d.","og_url":"https:\/\/www.welovecycling.com\/sk\/2023\/12\/01\/vyberame-vianocne-darceky-tipy-od-ambasadorov-skoda-bike-open-tour-erik-horvath\/","og_site_name":"\u0160koda We Love Cycling Slovensko","article_published_time":"2023-12-01T09:00:48+00:00","og_image":[{"width":900,"height":660,"url":"https:\/\/d2p6e6u75xmxt8.cloudfront.net\/4\/2023\/11\/20211227_155057.webp","type":"image\/webp"}],"author":"dominika","twitter_card":"summary_large_image","twitter_misc":{"Written by":"Erik Horv\u00e1th, Radovan Vr\u0161ka","Est. reading time":"6"},"schema":{"@context":"https:\/\/schema.org","@graph":[{"@type":"WebPage","@id":"https:\/\/www.welovecycling.com\/sk\/2023\/12\/01\/vyberame-vianocne-darceky-tipy-od-ambasadorov-skoda-bike-open-tour-erik-horvath\/","url":"https:\/\/www.welovecycling.com\/sk\/2023\/12\/01\/vyberame-vianocne-darceky-tipy-od-ambasadorov-skoda-bike-open-tour-erik-horvath\/","name":"Vyber\u00e1me viano\u010dn\u00e9 dar\u010deky \u2013 tipy od ambas\u00e1dorov \u0160KODA BIKE OPEN TOUR \u2013 Erik Horv\u00e1th\u00a0","isPartOf":{"@id":"https:\/\/www.welovecycling.com\/sk\/#website"},"primaryImageOfPage":{"@id":"https:\/\/www.welovecycling.com\/sk\/2023\/12\/01\/vyberame-vianocne-darceky-tipy-od-ambasadorov-skoda-bike-open-tour-erik-horvath\/#primaryimage"},"image":{"@id":"https:\/\/www.welovecycling.com\/sk\/2023\/12\/01\/vyberame-vianocne-darceky-tipy-od-ambasadorov-skoda-bike-open-tour-erik-horvath\/#primaryimage"},"thumbnailUrl":"https:\/\/d2p6e6u75xmxt8.cloudfront.net\/4\/2023\/11\/20211227_155057.webp","datePublished":"2023-12-01T09:00:48+00:00","author":{"@id":"https:\/\/www.welovecycling.com\/sk\/#\/schema\/person\/533b62b98b6c41bd5135ebfb1f742624"},"description":"Vianoce a\u00a0dar\u010deky s\u00fa \u010dasto ve\u013ekou v\u00fdzvou, najm\u00e4 ak sa va\u0161a polovi\u010dka v\u00e1\u0161nivo venuje cyklistike. Prin\u00e1\u0161ame v\u00e1m zop\u00e1r \u0161ikovn\u00fd r\u00e1d.","breadcrumb":{"@id":"https:\/\/www.welovecycling.com\/sk\/2023\/12\/01\/vyberame-vianocne-darceky-tipy-od-ambasadorov-skoda-bike-open-tour-erik-horvath\/#breadcrumb"},"inLanguage":"sk-SK","potentialAction":[{"@type":"ReadAction","target":["https:\/\/www.welovecycling.com\/sk\/2023\/12\/01\/vyberame-vianocne-darceky-tipy-od-ambasadorov-skoda-bike-open-tour-erik-horvath\/"]}]},{"@type":"ImageObject","inLanguage":"sk-SK","@id":"https:\/\/www.welovecycling.com\/sk\/2023\/12\/01\/vyberame-vianocne-darceky-tipy-od-ambasadorov-skoda-bike-open-tour-erik-horvath\/#primaryimage","url":"https:\/\/d2p6e6u75xmxt8.cloudfront.net\/4\/2023\/11\/20211227_155057.webp","contentUrl":"https:\/\/d2p6e6u75xmxt8.cloudfront.net\/4\/2023\/11\/20211227_155057.webp","width":900,"height":660,"caption":"viano\u010dn\u00e9 dar\u010deky pre cyklistu"},{"@type":"BreadcrumbList","@id":"https:\/\/www.welovecycling.com\/sk\/2023\/12\/01\/vyberame-vianocne-darceky-tipy-od-ambasadorov-skoda-bike-open-tour-erik-horvath\/#breadcrumb","itemListElement":[{"@type":"ListItem","position":1,"name":"Home","item":"https:\/\/www.welovecycling.com\/sk\/"},{"@type":"ListItem","position":2,"name":"Vyber\u00e1me viano\u010dn\u00e9 dar\u010deky \u2013 tipy od ambas\u00e1dorov \u0160KODA BIKE OPEN TOUR \u2013 Erik Horv\u00e1th\u00a0"}]},{"@type":"WebSite","@id":"https:\/\/www.welovecycling.com\/sk\/#website","url":"https:\/\/www.welovecycling.com\/sk\/","name":"\u0160koda We Love Cycling Slovensko","description":"\u0160koda We Love Cycling Slovensko je v\u00e1\u0161 ka\u017edodenn\u00fd zdroj noviniek a in\u0161pir\u00e1cie z sveta cyklistiky","potentialAction":[{"@type":"SearchAction","target":{"@type":"EntryPoint","urlTemplate":"https:\/\/www.welovecycling.com\/sk\/?s={search_term_string}"},"query-input":{"@type":"PropertyValueSpecification","valueRequired":true,"valueName":"search_term_string"}}],"inLanguage":"sk-SK"},{"@type":"Person","@id":"https:\/\/www.welovecycling.com\/sk\/#\/schema\/person\/533b62b98b6c41bd5135ebfb1f742624","name":"dominika","image":{"@type":"ImageObject","inLanguage":"sk-SK","@id":"https:\/\/www.welovecycling.com\/sk\/#\/schema\/person\/image\/","url":"https:\/\/secure.gravatar.com\/avatar\/ded6f274ba2ec3e17fff153f7d9d96a4b33c2cb63907f75d9a5309c599a7f3e6?s=96&d=mm&r=g","contentUrl":"https:\/\/secure.gravatar.com\/avatar\/ded6f274ba2ec3e17fff153f7d9d96a4b33c2cb63907f75d9a5309c599a7f3e6?s=96&d=mm&r=g","caption":"dominika"},"url":"https:\/\/www.welovecycling.com\/sk\/author\/dominika\/"}]}},"_links":{"self":[{"href":"https:\/\/www.welovecycling.com\/sk\/wp-json\/wp\/v2\/posts\/18509","targetHints":{"allow":["GET"]}}],"collection":[{"href":"https:\/\/www.welovecycling.com\/sk\/wp-json\/wp\/v2\/posts"}],"about":[{"href":"https:\/\/www.welovecycling.com\/sk\/wp-json\/wp\/v2\/types\/post"}],"author":[{"embeddable":true,"href":"https:\/\/www.welovecycling.com\/sk\/wp-json\/wp\/v2\/users\/172"}],"replies":[{"embeddable":true,"href":"https:\/\/www.welovecycling.com\/sk\/wp-json\/wp\/v2\/comments?post=18509"}],"version-history":[{"count":14,"href":"https:\/\/www.welovecycling.com\/sk\/wp-json\/wp\/v2\/posts\/18509\/revisions"}],"predecessor-version":[{"id":18536,"href":"https:\/\/www.welovecycling.com\/sk\/wp-json\/wp\/v2\/posts\/18509\/revisions\/18536"}],"wp:featuredmedia":[{"embeddable":true,"href":"https:\/\/www.welovecycling.com\/sk\/wp-json\/wp\/v2\/media\/18510"}],"wp:attachment":[{"href":"https:\/\/www.welovecycling.com\/sk\/wp-json\/wp\/v2\/media?parent=18509"}],"wp:term":[{"taxonomy":"category","embeddable":true,"href":"https:\/\/www.welovecycling.com\/sk\/wp-json\/wp\/v2\/categories?post=18509"},{"taxonomy":"post_tag","embeddable":true,"href":"https:\/\/www.welovecycling.com\/sk\/wp-json\/wp\/v2\/tags?post=18509"},{"taxonomy":"global-categories","embeddable":true,"href":"https:\/\/www.welovecycling.com\/sk\/wp-json\/wp\/v2\/global-categories?post=18509"}],"curies":[{"name":"wp","href":"https:\/\/api.w.org\/{rel}","templated":true}]}}