{"id":18495,"date":"2023-11-28T16:13:17","date_gmt":"2023-11-28T15:13:17","guid":{"rendered":"https:\/\/www.welovecycling.com\/sk\/?p=18495"},"modified":"2023-11-28T20:32:19","modified_gmt":"2023-11-28T19:32:19","slug":"rozhovor-ahoj-bike-park-rodinna-a-priatelska-atmosfera","status":"publish","type":"post","link":"https:\/\/www.welovecycling.com\/sk\/2023\/11\/28\/rozhovor-ahoj-bike-park-rodinna-a-priatelska-atmosfera\/","title":{"rendered":"Rozhovor: Ahoj Bike Park \u2013 rodinn\u00e1 a\u00a0priate\u013esk\u00e1 atmosf\u00e9ra"},"content":{"rendered":"<p><strong>Cyklisti z\u00a0okolia Pie\u0161\u0165an maj\u00fa tie\u017e svoj bikepark \u2013 a to aj napriek tomu, \u017ee ter\u00e9n v\u00a0okol\u00ed nie je ve\u013emi kopcovit\u00fd a\u00a0prev\u00fd\u0161enia mo\u017eno nepon\u00fakaj\u00fa a\u017e tak\u00e9 zjazdy ako niekde inde. Igor Jaro\u0161, predseda Bike Positive o.z., n\u00e1m porozpr\u00e1val o\u00a0tom, \u017ee na kopci vl\u00e1dne rodinn\u00e1 a\u00a0priate\u013esk\u00e1 atmosf\u00e9ra a\u00a0budovanie trat\u00ed bolo a\u00a0je zalo\u017een\u00e9 na dobrovo\u013en\u00edctve.\u00a0<\/strong><!--more--><\/p>\n<h4><b>Ako sa vyber\u00e1 miesto pre bikepark?<\/b><\/h4>\n<p><em>Niekedy okolo roku 2008 si bikeri z\u00a0Pie\u0161\u0165an v\u0161imli, \u017ee v\u00a0lok\u00e1lnom ly\u017eiarskom stredisku Ahoj pri obci Banka funguje vlek aj v\u00a0lete, v\u010faka vyu\u017e\u00edvaniu svahu tr\u00e1vov\u00fdmi ly\u017eiarmi. Prev\u00e1dzkarom strediska sa vtedy stal nad\u0161enec tr\u00e1vov\u00e9ho ly\u017eovania, ktor\u00e9mu sa spolu s\u00a0partiou postupne podarilo opravi\u0165 vleky, zrekon\u0161truova\u0165 z\u00e1klad\u0148u a\u00a0celkovo o\u017eivi\u0165 \u0161portov\u00e9 dianie v\u00a0lete aj v\u00a0zime. Vyu\u017eili to aj bikeri, slovo dalo slovo a\u00a0za\u010dali sa ru\u010dne kopa\u0165 prv\u00e9 lajny na l\u00fake aj v pri\u013eahlom lese.<\/em><\/p>\n<h4><b>S ochran\u00e1rmi a r\u00f4znymi \u00faradmi to asi nebude \u013eahk\u00e9, v\u0161ak?\u00a0<\/b><\/h4>\n<p><em>\u00daprimne, s\u00a0t\u00fdmto sme sa ve\u013emi nezaoberali. Pozemky na svahu a\u00a0v\u00a0lesoch boli v\u00e4\u010d\u0161inou obecn\u00e9, obec podporovala o\u017eivenie \u0161portov\u00e9ho diania na kopci, tak\u017ee v\u00a0tomto sme mali pomerne vo\u013en\u00fa ruku. V\u017edy bola snaha najprv prev\u00e1dzkarovi ozn\u00e1mi\u0165, \u010do sa chyst\u00e1 a\u00a0potom u\u017e len zohna\u0165 \u010do najviac chalanov a\u00a0n\u00e1radia.<\/em><\/p>\n<h4><b>Ako je to s financovan\u00edm pri budovan\u00ed bikeparku a n\u00e1sledne s jeho prev\u00e1dzkou?<\/b><\/h4>\n<p><em><span style=\"font-weight: 400;\">Najprv treba poveda\u0165, \u017ee trate sme navrhovali a\u00a0stavali predov\u0161etk\u00fdm pre seba, teda pre miestnu komunitu. Z\u00a0toho d\u00f4vodu bola v\u00e4\u010d\u0161ina trat\u00ed bikeparku postaven\u00e1 medzi rokmi 2008 a\u017e 2020 za minim\u00e1lne n\u00e1klady. Sem-tam sa niekomu zaplatilo za odvoz hliny, poskladali sme sa na motorov\u00fa p\u00edlu a\u00a0podobne. Fungovanie a\u00a0\u00fadr\u017eba bikeparku je zalo\u017een\u00e1 na dobrovo\u013en\u00edctve a na\u00a0pr\u00edle\u017eitostnej lok\u00e1lnej podpore miestnych firiem.<\/span><\/em><\/p>\n<p><img loading=\"lazy\" decoding=\"async\" class=\"alignnone size-full wp-image-18497\" src=\"https:\/\/d2p6e6u75xmxt8.cloudfront.net\/4\/2023\/11\/01-1.webp\" alt=\"\" width=\"990\" height=\"660\" srcset=\"https:\/\/d2p6e6u75xmxt8.cloudfront.net\/4\/2023\/11\/01-1.webp 990w, https:\/\/d2p6e6u75xmxt8.cloudfront.net\/4\/2023\/11\/01-1-300x200.webp 300w, https:\/\/d2p6e6u75xmxt8.cloudfront.net\/4\/2023\/11\/01-1-768x512.webp 768w, https:\/\/d2p6e6u75xmxt8.cloudfront.net\/4\/2023\/11\/01-1-400x267.webp 400w, https:\/\/d2p6e6u75xmxt8.cloudfront.net\/4\/2023\/11\/01-1-272x182.webp 272w\" sizes=\"auto, (max-width: 990px) 100vw, 990px\" \/><\/p>\n<p><em><span style=\"font-weight: 400;\">Financovanie je \u010diasto\u010dne aj z 2 % dan\u00ed vyzbieran\u00fdch za Bike Positive o.z. Aktu\u00e1lne bud\u00fa z 2 % hraden\u00e9 nov\u00e9 informa\u010dn\u00e9 tabule s mapami v\u00a0stredisku aj nov\u00e9 zna\u010denie trat\u00ed. Ob\u010dianske zdru\u017eenie podporuje tento bikepark person\u00e1lne a materi\u00e1lovo. Zdru\u017eenie v\u0161ak bikepark neprev\u00e1dzkuje, to rob\u00ed obec Banka.<\/span><\/em><\/p>\n<h4><b>Ako \u010dasto obnovujete trate?<\/b><\/h4>\n<p><em><span style=\"font-weight: 400;\">Trate sa opravuj\u00fa pod\u013ea potreby a\u00a0pod\u013ea \u010dasu dobrovo\u013en\u00edkov. Pr\u00e1ce na tratiach sa robia v\u00a0priebehu zimy, v\u00a0lete je to hlavne kosenie a\u00a0\u010distenie.<\/span><\/em><\/p>\n<h4><b>Prib\u00fadaj\u00fa priebe\u017ene aj nov\u00e9 \u00faseky, alebo sa menia tie existuj\u00face?<\/b><\/h4>\n<p><em><span style=\"font-weight: 400;\">Takmer ka\u017ed\u00fd rok nie\u010do pribudne, pr\u00edpadne sa nejak\u00e1 sekcia prerob\u00ed.<\/span><\/em><\/p>\n<h4><b>In\u0161pirovali ste sa aj bikeparkami v\u00a0zahrani\u010d\u00ed?<\/b><\/h4>\n<p><em><span style=\"font-weight: 400;\">Nako\u013eko ka\u017ed\u00fd z\u00a0n\u00e1s r\u00e1d vycestuje za jazden\u00edm aj za hranice, ur\u010dite tam nejak\u00e1 in\u0161pir\u00e1cia bude.<\/span><\/em><\/p>\n<h4><b>M\u00e1te nejak\u00fa \u0161pecialitu, ktor\u00fa nemaj\u00fa in\u00e9 bikeparky v\u00a0okol\u00ed?<\/b><\/h4>\n<p><em><span style=\"font-weight: 400;\">Bude to asi rodinn\u00e1 a\u00a0priate\u013esk\u00e1 atmosf\u00e9ra a\u00a0krat\u0161ie traily \u013eah\u0161ej a\u017e strednej n\u00e1ro\u010dnosti. Nako\u013eko je Ahoj mal\u00e9 stredisko na malom kopci s maxim\u00e1lnou kapacitou cca 50 bikerov a, predov\u0161etk\u00fdm, s region\u00e1lnym z\u00e1berom, stret\u00e1vaj\u00fa sa tu \u010dasto rovnak\u00e9 tv\u00e1re. Predpoklad\u00e1m, \u017ee pomer stabiln\u00fdch miestnych jazdcov k\u00a0n\u00e1v\u0161tevn\u00edkom je pribli\u017ene 1:1.<\/span><\/em><\/p>\n<p><em><span style=\"font-weight: 400;\">Ve\u013emi \u010dasto sa robia popri jazden\u00ed grilova\u010dky, tak\u017ee si m\u00f4\u017ee\u0161 ugrilova\u0165 to, \u010do si prinesie\u0161, ke\u010f na teba pr\u00edde hlad. Vstupn\u00e9 je tie\u017e pomerne n\u00edzke, nako\u013eko vieme, \u017ee nem\u00f4\u017eeme s\u00faperi\u0165 s\u00a0top bikeparkmi na Slovensku, najm\u00e4 \u010do sa t\u00fdka ve\u013ekos\u0165ou kopca, infra\u0161trukt\u00farou \u010di ponukou gastra.<\/span><\/em><\/p>\n<h4><b>Ko\u013eko trat\u00ed pon\u00fakate?<\/b><\/h4>\n<p><em><span style=\"font-weight: 400;\">Aktu\u00e1lne sa jazd\u00ed na 7 ofici\u00e1lnych tratiach.<\/span><\/em><\/p>\n<p><img loading=\"lazy\" decoding=\"async\" class=\"alignnone size-full wp-image-18498\" src=\"https:\/\/d2p6e6u75xmxt8.cloudfront.net\/4\/2023\/11\/02-1.webp\" alt=\"\" width=\"990\" height=\"660\" srcset=\"https:\/\/d2p6e6u75xmxt8.cloudfront.net\/4\/2023\/11\/02-1.webp 990w, https:\/\/d2p6e6u75xmxt8.cloudfront.net\/4\/2023\/11\/02-1-300x200.webp 300w, https:\/\/d2p6e6u75xmxt8.cloudfront.net\/4\/2023\/11\/02-1-768x512.webp 768w, https:\/\/d2p6e6u75xmxt8.cloudfront.net\/4\/2023\/11\/02-1-400x267.webp 400w, https:\/\/d2p6e6u75xmxt8.cloudfront.net\/4\/2023\/11\/02-1-272x182.webp 272w\" sizes=\"auto, (max-width: 990px) 100vw, 990px\" \/><\/p>\n<h4><b>Ak\u00e9 prev\u00fd\u0161enia maj\u00fa jednotliv\u00e9 trate?<\/b><\/h4>\n<p><em><span style=\"font-weight: 400;\">Prev\u00fd\u0161enie je 90 metrov.<\/span><\/em><\/p>\n<h4><b>Ak\u00e1 je obtia\u017enos\u0165 trat\u00ed?<\/b><\/h4>\n<p><em><span style=\"font-weight: 400;\">Preva\u017euj\u00fa \u013eahk\u00e9 a\u017e stredne n\u00e1ro\u010dn\u00e9. No n\u00e1jdu sa aj sekcie, ktor\u00e9 vedia preveri\u0165 skill, bike aj odvahu.<\/span><\/em><\/p>\n<h4><b>Ak\u00fd povrch u v\u00e1s \u010dak\u00e1 na bikerov \u2013 hlina, kamene, korene?\u00a0<\/b><\/h4>\n<p><em><span style=\"font-weight: 400;\">Z 95 % je to hlina, potom nieko\u013eko kore\u0148ov\u00fdch pas\u00e1\u017e\u00ed a\u00a0rockgardenov.<\/span><\/em><\/p>\n<h4><b>S\u00fa niektor\u00e9 trate vhodn\u00e9 aj pre rodiny s\u00a0de\u0165mi?<\/b><\/h4>\n<p><em><span style=\"font-weight: 400;\">Tra\u0165 \u201e\u0160lapav\u00e1\u201c je najstar\u0161ia a\u00a0z\u00e1rove\u0148 aj najjednoduch\u0161ia, na mape ozna\u010den\u00e1 zelenou farbou. Opatrne ju vedia z\u00eds\u0165 aj deti \u010di nesk\u00fasen\u00ed bikeri a bikerky. Ja osobne ju m\u00e1m ve\u013emi r\u00e1d na rozjazdenie, nako\u013eko s\u00a0rast\u00facou r\u00fdchlos\u0165ou z\u00edskava na n\u00e1ro\u010dnosti a\u00a0vie sa zmeni\u0165 na r\u00fdchly a\u00a0z\u00e1bavn\u00fd flow trail.<\/span><\/em><\/p>\n<h4><b>M\u00e1te pre bikerov k\u00a0dispoz\u00edcii lanovku?<\/b><\/h4>\n<p><em><span style=\"font-weight: 400;\">\u00c1no, je to klasick\u00fd vlek typu poma.<\/span><\/em><\/p>\n<p><img loading=\"lazy\" decoding=\"async\" class=\"alignnone size-full wp-image-18499\" src=\"https:\/\/d2p6e6u75xmxt8.cloudfront.net\/4\/2023\/11\/03-1.webp\" alt=\"\" width=\"990\" height=\"660\" srcset=\"https:\/\/d2p6e6u75xmxt8.cloudfront.net\/4\/2023\/11\/03-1.webp 990w, https:\/\/d2p6e6u75xmxt8.cloudfront.net\/4\/2023\/11\/03-1-300x200.webp 300w, https:\/\/d2p6e6u75xmxt8.cloudfront.net\/4\/2023\/11\/03-1-768x512.webp 768w, https:\/\/d2p6e6u75xmxt8.cloudfront.net\/4\/2023\/11\/03-1-400x267.webp 400w, https:\/\/d2p6e6u75xmxt8.cloudfront.net\/4\/2023\/11\/03-1-272x182.webp 272w\" sizes=\"auto, (max-width: 990px) 100vw, 990px\" \/><\/p>\n<h4><b>Ako m\u00e1te navrhnut\u00e9 vstupn\u00e9 \u2013 celodenn\u00e9, alebo aj hodinov\u00e9?<\/b><\/h4>\n<p><em><span style=\"font-weight: 400;\">Vstupn\u00e9 sa via\u017ee na pou\u017eitie vleku. Celodenn\u00e9 v\u00a0na\u0161om pr\u00edpade znamen\u00e1 na 5 hod\u00edn, od 11:00 hod. do 16:00 hod. v\u00a0nede\u013eu. Za svoje si m\u00f4\u017ee\u0161 kopec vy\u0161liapa\u0165 a\u00a0jazdi\u0165 po trailoch v ktor\u00fdko\u013evek de\u0148 a\u00a0hodinu.<\/span><\/em><\/p>\n<h4><b>Ako dlho trv\u00e1 va\u0161a sez\u00f3na?<\/b><\/h4>\n<p><em><span style=\"font-weight: 400;\">Pribli\u017ene od apr\u00edla a\u017e do okt\u00f3bra.<\/span><\/em><\/p>\n<h4><b>Dok\u00e1\u017eete nejak\u00fdm sp\u00f4sobom vyu\u017ei\u0165 trate aj v\u00a0zime?<\/b><\/h4>\n<p><em><span style=\"font-weight: 400;\">Ke\u010f nie je sneh, jazd\u00ed sa aj v\u00a0zime. Vlek sa v\u0161ak nep\u00fa\u0161\u0165a.<\/span><\/em><\/p>\n<h4><b>Ak\u00e9 s\u00fa z\u00e1kladn\u00e9 pravidl\u00e1 parku? \u010co sa m\u00f4\u017ee a \u010do nie?<\/b><\/h4>\n<p><em><span style=\"font-weight: 400;\">M\u00e1me klasick\u00fd prev\u00e1dzkov\u00fd poriadok, v ktorom sa kladie d\u00f4raz v\u00a0prvom rade na bezpe\u010dnos\u0165 a\u00a0oh\u013eaduplnos\u0165.<\/span><\/em><\/p>\n<h4><b>Pre ak\u00e9 bicykle je bikepark vhodn\u00fd? M\u00f4\u017eu pr\u00eds\u0165 bikeri s hardtailom, alebo odpor\u00fa\u010date len celoodpru\u017een\u00e9 modely?<\/b><\/h4>\n<p><em><span style=\"font-weight: 400;\">D\u00e1 sa pojazdi\u0165 aj na hardtaili. Odpor\u00fa\u010dam v\u0161ak dobr\u00e9 brzdy a\u00a0spo\u013eahliv\u00e9 pl\u00e1\u0161te.<\/span><\/em><\/p>\n<p><img loading=\"lazy\" decoding=\"async\" class=\"alignnone size-full wp-image-18500\" src=\"https:\/\/d2p6e6u75xmxt8.cloudfront.net\/4\/2023\/11\/04-1.webp\" alt=\"\" width=\"990\" height=\"660\" srcset=\"https:\/\/d2p6e6u75xmxt8.cloudfront.net\/4\/2023\/11\/04-1.webp 990w, https:\/\/d2p6e6u75xmxt8.cloudfront.net\/4\/2023\/11\/04-1-300x200.webp 300w, https:\/\/d2p6e6u75xmxt8.cloudfront.net\/4\/2023\/11\/04-1-768x512.webp 768w, https:\/\/d2p6e6u75xmxt8.cloudfront.net\/4\/2023\/11\/04-1-400x267.webp 400w, https:\/\/d2p6e6u75xmxt8.cloudfront.net\/4\/2023\/11\/04-1-272x182.webp 272w\" sizes=\"auto, (max-width: 990px) 100vw, 990px\" \/><\/p>\n<h4><b>M\u00e1te v\u00a0are\u00e1li po\u017ei\u010dov\u0148u bicyklov, servis \u010di mo\u017enos\u0165 umy\u0165 si bike?<\/b><\/h4>\n<p><em><span style=\"font-weight: 400;\">Vieme poskytn\u00fa\u0165 n\u00e1radie, pumpy, du\u0161e a podobne. Servis si v\u0161ak rob\u00ed jazdec s\u00e1m (alebo popros\u00ed niekoho z\u00a0miestnych o\u00a0pomoc).<\/span><\/em><\/p>\n<h4><b>Je u v\u00e1s aj mo\u017enos\u0165 ubytovania \u010di stravovania?<\/b><\/h4>\n<p><em><span style=\"font-weight: 400;\">Je mo\u017en\u00e9 si na l\u00fake postavi\u0165 stan a\u00a0vyu\u017ei\u0165 ohnisko gr\u00e1tis. Ubytovania a\u00a0re\u0161taur\u00e1ci\u00ed je v\u00a0Pie\u0161\u0165anoch dostatok.<\/span><\/em><\/p>\n<h4><b>N\u00e1jdu si \u0161portov\u00e9 vy\u017eitie aj ostatn\u00ed \u010dlenovia rodiny, ktor\u00ed pr\u00eddu?<\/b><\/h4>\n<p><em><span style=\"font-weight: 400;\">Daj\u00fa sa u n\u00e1s po\u017ei\u010da\u0165 takzvan\u00e9 ter\u00e9nne kolobe\u017eky. Naj\u010dastej\u0161ie sa v\u0161ak ostatn\u00ed \u010dlenovia rodiny id\u00fa prejs\u0165 na v\u00fdh\u013eady,\u00a0relaxuj\u00fa na ly\u017eiarskom svahu, pr\u00edpadne prebehn\u00fa miestne lesy, ak je hub\u00e1rska sez\u00f3na.<\/span><\/em><\/p>\n<p><img loading=\"lazy\" decoding=\"async\" class=\"alignnone size-full wp-image-18501\" src=\"https:\/\/d2p6e6u75xmxt8.cloudfront.net\/4\/2023\/11\/05-1.webp\" alt=\"\" width=\"990\" height=\"660\" srcset=\"https:\/\/d2p6e6u75xmxt8.cloudfront.net\/4\/2023\/11\/05-1.webp 990w, https:\/\/d2p6e6u75xmxt8.cloudfront.net\/4\/2023\/11\/05-1-300x200.webp 300w, https:\/\/d2p6e6u75xmxt8.cloudfront.net\/4\/2023\/11\/05-1-768x512.webp 768w, https:\/\/d2p6e6u75xmxt8.cloudfront.net\/4\/2023\/11\/05-1-400x267.webp 400w, https:\/\/d2p6e6u75xmxt8.cloudfront.net\/4\/2023\/11\/05-1-272x182.webp 272w\" sizes=\"auto, (max-width: 990px) 100vw, 990px\" \/><\/p>\n<h4><b>S\u00fa v okol\u00ed aj nejak\u00e9 tradi\u010dn\u00e9 cykloturistick\u00e9 trate, ak by sme tam chceli str\u00e1vi\u0165 viac dn\u00ed?<\/b><\/h4>\n<p><em><span style=\"font-weight: 400;\">\u00c1no, bikepark je napojen\u00fd na cyklotrasu ved\u00facu na hlavn\u00fa hrebe\u0148ovku Pova\u017esk\u00e9ho Inovca, pri\u010dom ne\u010faleko sa nach\u00e1dzaj\u00fa aj viacer\u00e9 z\u00e1bavn\u00e9 traily, ako je napr\u00edklad Striebornica. O\u00a0trailoch sa treba informova\u0165 u\u00a0miestnych.<\/span><\/em><\/p>\n<h4><b>Ak\u00e9 m\u00e1te pl\u00e1ny do bud\u00facna?<\/b><\/h4>\n<p><em><span style=\"font-weight: 400;\">Fungova\u0165 \u010do najdlh\u0161ie, zap\u00e1ja\u0165 mlad\u00fdch a\u00a0udr\u017ea\u0165 aspo\u0148 aktu\u00e1lnu \u00farove\u0148. A postupne preda\u0165 \u017eezlo novej gener\u00e1cii.<\/span><\/em><\/p>\n<p>Aktivity bikeparku m\u00f4\u017eete sledova\u0165 na ich <a href=\"https:\/\/www.facebook.com\/p\/AHOJ-Bike-park-100063758423657\/\">facebookovej str\u00e1nke<\/a>.<\/p>\n","protected":false},"excerpt":{"rendered":"<p>Cyklisti z\u00a0okolia Pie\u0161\u0165an maj\u00fa tie\u017e svoj bikepark \u2013 a to aj napriek tomu, \u017ee ter\u00e9n v\u00a0okol\u00ed nie je ve\u013emi kopcovit\u00fd [&hellip;]<\/p>\n","protected":false},"author":172,"featured_media":18502,"comment_status":"open","ping_status":"open","sticky":false,"template":"","format":"standard","meta":{"footnotes":""},"categories":[191],"tags":[1537,916,546,303,896,180,1148,501,523,741,1072],"global-categories":[1074],"class_list":["post-18495","post","type-post","status-publish","format-standard","has-post-thumbnail","hentry","category-odporucame","tag-bikepark","tag-cyklisticka-destinacia","tag-cyklistika","tag-down-hill","tag-enduro","tag-horska-cyklistika","tag-park","tag-rozhovor","tag-slovensko","tag-tip-na-vylet","tag-trat","global-categories-cycling"],"yoast_head":"<!-- This site is optimized with the Yoast SEO Premium plugin v25.3 (Yoast SEO v25.9) - https:\/\/yoast.com\/wordpress\/plugins\/seo\/ -->\n<title>Rozhovor: Ahoj Bike Park \u2013 rodinn\u00e1 a\u00a0priate\u013esk\u00e1 atmosf\u00e9ra<\/title>\n<meta name=\"description\" content=\"Cyklisti z\u00a0okolia Pie\u0161\u0165an maj\u00fa tie\u017e svoj bikepark \u2013 a to aj napriek tomu, \u017ee ter\u00e9n v\u00a0okol\u00ed nie je ve\u013emi kopcovit\u00fd.\" \/>\n<meta name=\"robots\" content=\"index, follow, max-snippet:-1, max-image-preview:large, max-video-preview:-1\" \/>\n<link rel=\"canonical\" href=\"https:\/\/www.welovecycling.com\/sk\/2023\/11\/28\/rozhovor-ahoj-bike-park-rodinna-a-priatelska-atmosfera\/\" \/>\n<meta property=\"og:locale\" content=\"sk_SK\" \/>\n<meta property=\"og:type\" content=\"article\" \/>\n<meta property=\"og:title\" content=\"Rozhovor: Ahoj Bike Park \u2013 rodinn\u00e1 a\u00a0priate\u013esk\u00e1 atmosf\u00e9ra\" \/>\n<meta property=\"og:description\" content=\"Cyklisti z\u00a0okolia Pie\u0161\u0165an maj\u00fa tie\u017e svoj bikepark \u2013 a to aj napriek tomu, \u017ee ter\u00e9n v\u00a0okol\u00ed nie je ve\u013emi kopcovit\u00fd.\" \/>\n<meta property=\"og:url\" content=\"https:\/\/www.welovecycling.com\/sk\/2023\/11\/28\/rozhovor-ahoj-bike-park-rodinna-a-priatelska-atmosfera\/\" \/>\n<meta property=\"og:site_name\" content=\"\u0160koda We Love Cycling Slovensko\" \/>\n<meta property=\"article:published_time\" content=\"2023-11-28T15:13:17+00:00\" \/>\n<meta property=\"article:modified_time\" content=\"2023-11-28T19:32:19+00:00\" \/>\n<meta property=\"og:image\" content=\"https:\/\/d2p6e6u75xmxt8.cloudfront.net\/4\/2023\/11\/titulka-1.webp\" \/>\n\t<meta property=\"og:image:width\" content=\"990\" \/>\n\t<meta property=\"og:image:height\" content=\"660\" \/>\n\t<meta property=\"og:image:type\" content=\"image\/webp\" \/>\n<meta name=\"author\" content=\"dominika\" \/>\n<meta name=\"twitter:card\" content=\"summary_large_image\" \/>\n<meta name=\"twitter:label1\" content=\"Written by\" \/>\n\t<meta name=\"twitter:data1\" content=\"Radovan Vr\u0161ka\" \/>\n\t<meta name=\"twitter:label2\" content=\"Est. reading time\" \/>\n\t<meta name=\"twitter:data2\" content=\"4\" \/>\n<script type=\"application\/ld+json\" class=\"yoast-schema-graph\">{\"@context\":\"https:\/\/schema.org\",\"@graph\":[{\"@type\":\"WebPage\",\"@id\":\"https:\/\/www.welovecycling.com\/sk\/2023\/11\/28\/rozhovor-ahoj-bike-park-rodinna-a-priatelska-atmosfera\/\",\"url\":\"https:\/\/www.welovecycling.com\/sk\/2023\/11\/28\/rozhovor-ahoj-bike-park-rodinna-a-priatelska-atmosfera\/\",\"name\":\"Rozhovor: Ahoj Bike Park \u2013 rodinn\u00e1 a\u00a0priate\u013esk\u00e1 atmosf\u00e9ra\",\"isPartOf\":{\"@id\":\"https:\/\/www.welovecycling.com\/sk\/#website\"},\"primaryImageOfPage\":{\"@id\":\"https:\/\/www.welovecycling.com\/sk\/2023\/11\/28\/rozhovor-ahoj-bike-park-rodinna-a-priatelska-atmosfera\/#primaryimage\"},\"image\":{\"@id\":\"https:\/\/www.welovecycling.com\/sk\/2023\/11\/28\/rozhovor-ahoj-bike-park-rodinna-a-priatelska-atmosfera\/#primaryimage\"},\"thumbnailUrl\":\"https:\/\/d2p6e6u75xmxt8.cloudfront.net\/4\/2023\/11\/titulka-1.webp\",\"datePublished\":\"2023-11-28T15:13:17+00:00\",\"dateModified\":\"2023-11-28T19:32:19+00:00\",\"author\":{\"@id\":\"https:\/\/www.welovecycling.com\/sk\/#\/schema\/person\/533b62b98b6c41bd5135ebfb1f742624\"},\"description\":\"Cyklisti z\u00a0okolia Pie\u0161\u0165an maj\u00fa tie\u017e svoj bikepark \u2013 a to aj napriek tomu, \u017ee ter\u00e9n v\u00a0okol\u00ed nie je ve\u013emi kopcovit\u00fd.\",\"breadcrumb\":{\"@id\":\"https:\/\/www.welovecycling.com\/sk\/2023\/11\/28\/rozhovor-ahoj-bike-park-rodinna-a-priatelska-atmosfera\/#breadcrumb\"},\"inLanguage\":\"sk-SK\",\"potentialAction\":[{\"@type\":\"ReadAction\",\"target\":[\"https:\/\/www.welovecycling.com\/sk\/2023\/11\/28\/rozhovor-ahoj-bike-park-rodinna-a-priatelska-atmosfera\/\"]}]},{\"@type\":\"ImageObject\",\"inLanguage\":\"sk-SK\",\"@id\":\"https:\/\/www.welovecycling.com\/sk\/2023\/11\/28\/rozhovor-ahoj-bike-park-rodinna-a-priatelska-atmosfera\/#primaryimage\",\"url\":\"https:\/\/d2p6e6u75xmxt8.cloudfront.net\/4\/2023\/11\/titulka-1.webp\",\"contentUrl\":\"https:\/\/d2p6e6u75xmxt8.cloudfront.net\/4\/2023\/11\/titulka-1.webp\",\"width\":990,\"height\":660},{\"@type\":\"BreadcrumbList\",\"@id\":\"https:\/\/www.welovecycling.com\/sk\/2023\/11\/28\/rozhovor-ahoj-bike-park-rodinna-a-priatelska-atmosfera\/#breadcrumb\",\"itemListElement\":[{\"@type\":\"ListItem\",\"position\":1,\"name\":\"Home\",\"item\":\"https:\/\/www.welovecycling.com\/sk\/\"},{\"@type\":\"ListItem\",\"position\":2,\"name\":\"Rozhovor: Ahoj Bike Park \u2013 rodinn\u00e1 a\u00a0priate\u013esk\u00e1 atmosf\u00e9ra\"}]},{\"@type\":\"WebSite\",\"@id\":\"https:\/\/www.welovecycling.com\/sk\/#website\",\"url\":\"https:\/\/www.welovecycling.com\/sk\/\",\"name\":\"\u0160koda We Love Cycling Slovensko\",\"description\":\"\u0160koda We Love Cycling Slovensko je v\u00e1\u0161 ka\u017edodenn\u00fd zdroj noviniek a in\u0161pir\u00e1cie z sveta cyklistiky\",\"potentialAction\":[{\"@type\":\"SearchAction\",\"target\":{\"@type\":\"EntryPoint\",\"urlTemplate\":\"https:\/\/www.welovecycling.com\/sk\/?s={search_term_string}\"},\"query-input\":{\"@type\":\"PropertyValueSpecification\",\"valueRequired\":true,\"valueName\":\"search_term_string\"}}],\"inLanguage\":\"sk-SK\"},{\"@type\":\"Person\",\"@id\":\"https:\/\/www.welovecycling.com\/sk\/#\/schema\/person\/533b62b98b6c41bd5135ebfb1f742624\",\"name\":\"dominika\",\"image\":{\"@type\":\"ImageObject\",\"inLanguage\":\"sk-SK\",\"@id\":\"https:\/\/www.welovecycling.com\/sk\/#\/schema\/person\/image\/\",\"url\":\"https:\/\/secure.gravatar.com\/avatar\/ded6f274ba2ec3e17fff153f7d9d96a4b33c2cb63907f75d9a5309c599a7f3e6?s=96&d=mm&r=g\",\"contentUrl\":\"https:\/\/secure.gravatar.com\/avatar\/ded6f274ba2ec3e17fff153f7d9d96a4b33c2cb63907f75d9a5309c599a7f3e6?s=96&d=mm&r=g\",\"caption\":\"dominika\"},\"url\":\"https:\/\/www.welovecycling.com\/sk\/author\/dominika\/\"}]}<\/script>\n<!-- \/ Yoast SEO Premium plugin. -->","yoast_head_json":{"title":"Rozhovor: Ahoj Bike Park \u2013 rodinn\u00e1 a\u00a0priate\u013esk\u00e1 atmosf\u00e9ra","description":"Cyklisti z\u00a0okolia Pie\u0161\u0165an maj\u00fa tie\u017e svoj bikepark \u2013 a to aj napriek tomu, \u017ee ter\u00e9n v\u00a0okol\u00ed nie je ve\u013emi kopcovit\u00fd.","robots":{"index":"index","follow":"follow","max-snippet":"max-snippet:-1","max-image-preview":"max-image-preview:large","max-video-preview":"max-video-preview:-1"},"canonical":"https:\/\/www.welovecycling.com\/sk\/2023\/11\/28\/rozhovor-ahoj-bike-park-rodinna-a-priatelska-atmosfera\/","og_locale":"sk_SK","og_type":"article","og_title":"Rozhovor: Ahoj Bike Park \u2013 rodinn\u00e1 a\u00a0priate\u013esk\u00e1 atmosf\u00e9ra","og_description":"Cyklisti z\u00a0okolia Pie\u0161\u0165an maj\u00fa tie\u017e svoj bikepark \u2013 a to aj napriek tomu, \u017ee ter\u00e9n v\u00a0okol\u00ed nie je ve\u013emi kopcovit\u00fd.","og_url":"https:\/\/www.welovecycling.com\/sk\/2023\/11\/28\/rozhovor-ahoj-bike-park-rodinna-a-priatelska-atmosfera\/","og_site_name":"\u0160koda We Love Cycling Slovensko","article_published_time":"2023-11-28T15:13:17+00:00","article_modified_time":"2023-11-28T19:32:19+00:00","og_image":[{"width":990,"height":660,"url":"https:\/\/d2p6e6u75xmxt8.cloudfront.net\/4\/2023\/11\/titulka-1.webp","type":"image\/webp"}],"author":"dominika","twitter_card":"summary_large_image","twitter_misc":{"Written by":"Radovan Vr\u0161ka","Est. reading time":"4"},"schema":{"@context":"https:\/\/schema.org","@graph":[{"@type":"WebPage","@id":"https:\/\/www.welovecycling.com\/sk\/2023\/11\/28\/rozhovor-ahoj-bike-park-rodinna-a-priatelska-atmosfera\/","url":"https:\/\/www.welovecycling.com\/sk\/2023\/11\/28\/rozhovor-ahoj-bike-park-rodinna-a-priatelska-atmosfera\/","name":"Rozhovor: Ahoj Bike Park \u2013 rodinn\u00e1 a\u00a0priate\u013esk\u00e1 atmosf\u00e9ra","isPartOf":{"@id":"https:\/\/www.welovecycling.com\/sk\/#website"},"primaryImageOfPage":{"@id":"https:\/\/www.welovecycling.com\/sk\/2023\/11\/28\/rozhovor-ahoj-bike-park-rodinna-a-priatelska-atmosfera\/#primaryimage"},"image":{"@id":"https:\/\/www.welovecycling.com\/sk\/2023\/11\/28\/rozhovor-ahoj-bike-park-rodinna-a-priatelska-atmosfera\/#primaryimage"},"thumbnailUrl":"https:\/\/d2p6e6u75xmxt8.cloudfront.net\/4\/2023\/11\/titulka-1.webp","datePublished":"2023-11-28T15:13:17+00:00","dateModified":"2023-11-28T19:32:19+00:00","author":{"@id":"https:\/\/www.welovecycling.com\/sk\/#\/schema\/person\/533b62b98b6c41bd5135ebfb1f742624"},"description":"Cyklisti z\u00a0okolia Pie\u0161\u0165an maj\u00fa tie\u017e svoj bikepark \u2013 a to aj napriek tomu, \u017ee ter\u00e9n v\u00a0okol\u00ed nie je ve\u013emi kopcovit\u00fd.","breadcrumb":{"@id":"https:\/\/www.welovecycling.com\/sk\/2023\/11\/28\/rozhovor-ahoj-bike-park-rodinna-a-priatelska-atmosfera\/#breadcrumb"},"inLanguage":"sk-SK","potentialAction":[{"@type":"ReadAction","target":["https:\/\/www.welovecycling.com\/sk\/2023\/11\/28\/rozhovor-ahoj-bike-park-rodinna-a-priatelska-atmosfera\/"]}]},{"@type":"ImageObject","inLanguage":"sk-SK","@id":"https:\/\/www.welovecycling.com\/sk\/2023\/11\/28\/rozhovor-ahoj-bike-park-rodinna-a-priatelska-atmosfera\/#primaryimage","url":"https:\/\/d2p6e6u75xmxt8.cloudfront.net\/4\/2023\/11\/titulka-1.webp","contentUrl":"https:\/\/d2p6e6u75xmxt8.cloudfront.net\/4\/2023\/11\/titulka-1.webp","width":990,"height":660},{"@type":"BreadcrumbList","@id":"https:\/\/www.welovecycling.com\/sk\/2023\/11\/28\/rozhovor-ahoj-bike-park-rodinna-a-priatelska-atmosfera\/#breadcrumb","itemListElement":[{"@type":"ListItem","position":1,"name":"Home","item":"https:\/\/www.welovecycling.com\/sk\/"},{"@type":"ListItem","position":2,"name":"Rozhovor: Ahoj Bike Park \u2013 rodinn\u00e1 a\u00a0priate\u013esk\u00e1 atmosf\u00e9ra"}]},{"@type":"WebSite","@id":"https:\/\/www.welovecycling.com\/sk\/#website","url":"https:\/\/www.welovecycling.com\/sk\/","name":"\u0160koda We Love Cycling Slovensko","description":"\u0160koda We Love Cycling Slovensko je v\u00e1\u0161 ka\u017edodenn\u00fd zdroj noviniek a in\u0161pir\u00e1cie z sveta cyklistiky","potentialAction":[{"@type":"SearchAction","target":{"@type":"EntryPoint","urlTemplate":"https:\/\/www.welovecycling.com\/sk\/?s={search_term_string}"},"query-input":{"@type":"PropertyValueSpecification","valueRequired":true,"valueName":"search_term_string"}}],"inLanguage":"sk-SK"},{"@type":"Person","@id":"https:\/\/www.welovecycling.com\/sk\/#\/schema\/person\/533b62b98b6c41bd5135ebfb1f742624","name":"dominika","image":{"@type":"ImageObject","inLanguage":"sk-SK","@id":"https:\/\/www.welovecycling.com\/sk\/#\/schema\/person\/image\/","url":"https:\/\/secure.gravatar.com\/avatar\/ded6f274ba2ec3e17fff153f7d9d96a4b33c2cb63907f75d9a5309c599a7f3e6?s=96&d=mm&r=g","contentUrl":"https:\/\/secure.gravatar.com\/avatar\/ded6f274ba2ec3e17fff153f7d9d96a4b33c2cb63907f75d9a5309c599a7f3e6?s=96&d=mm&r=g","caption":"dominika"},"url":"https:\/\/www.welovecycling.com\/sk\/author\/dominika\/"}]}},"_links":{"self":[{"href":"https:\/\/www.welovecycling.com\/sk\/wp-json\/wp\/v2\/posts\/18495","targetHints":{"allow":["GET"]}}],"collection":[{"href":"https:\/\/www.welovecycling.com\/sk\/wp-json\/wp\/v2\/posts"}],"about":[{"href":"https:\/\/www.welovecycling.com\/sk\/wp-json\/wp\/v2\/types\/post"}],"author":[{"embeddable":true,"href":"https:\/\/www.welovecycling.com\/sk\/wp-json\/wp\/v2\/users\/172"}],"replies":[{"embeddable":true,"href":"https:\/\/www.welovecycling.com\/sk\/wp-json\/wp\/v2\/comments?post=18495"}],"version-history":[{"count":6,"href":"https:\/\/www.welovecycling.com\/sk\/wp-json\/wp\/v2\/posts\/18495\/revisions"}],"predecessor-version":[{"id":18508,"href":"https:\/\/www.welovecycling.com\/sk\/wp-json\/wp\/v2\/posts\/18495\/revisions\/18508"}],"wp:featuredmedia":[{"embeddable":true,"href":"https:\/\/www.welovecycling.com\/sk\/wp-json\/wp\/v2\/media\/18502"}],"wp:attachment":[{"href":"https:\/\/www.welovecycling.com\/sk\/wp-json\/wp\/v2\/media?parent=18495"}],"wp:term":[{"taxonomy":"category","embeddable":true,"href":"https:\/\/www.welovecycling.com\/sk\/wp-json\/wp\/v2\/categories?post=18495"},{"taxonomy":"post_tag","embeddable":true,"href":"https:\/\/www.welovecycling.com\/sk\/wp-json\/wp\/v2\/tags?post=18495"},{"taxonomy":"global-categories","embeddable":true,"href":"https:\/\/www.welovecycling.com\/sk\/wp-json\/wp\/v2\/global-categories?post=18495"}],"curies":[{"name":"wp","href":"https:\/\/api.w.org\/{rel}","templated":true}]}}