{"id":18481,"date":"2023-11-21T11:09:08","date_gmt":"2023-11-21T10:09:08","guid":{"rendered":"https:\/\/www.welovecycling.com\/sk\/?p=18481"},"modified":"2023-11-21T11:09:08","modified_gmt":"2023-11-21T10:09:08","slug":"najlepsie-miesta-kde-si-tuto-jesen-uzijete-jazdu-na-horskom-bicykli","status":"publish","type":"post","link":"https:\/\/www.welovecycling.com\/sk\/2023\/11\/21\/najlepsie-miesta-kde-si-tuto-jesen-uzijete-jazdu-na-horskom-bicykli\/","title":{"rendered":"Najlep\u0161ie miesta, kde si t\u00fato jese\u0148 u\u017eijete jazdu na horskom bicykli"},"content":{"rendered":"<p><strong>Jese\u0148 vrchol\u00ed. \u00c1no, je \u0165a\u017ek\u00e9 tomu uveri\u0165, \u017ee to tak r\u00fdchlo ubehlo \u2013 a tak nastal \u010das, aby sme my, MTB jazdci, za\u010dali migrova\u0165.\u00a0Prirodzene, ako prv\u00e9 uzavr\u00fa sez\u00f3nu Alpy a seversk\u00e9 krajiny, rovnako ako stredisk\u00e1 v Pyrenej\u00e1ch. Jazda na MTB v\u0161ak nie je len sez\u00f3nna z\u00e1vislos\u0165. Je to hlad, ktor\u00fd n\u00e1s tr\u00e1pi 24 hod\u00edn denne, 7 dn\u00ed v t\u00fd\u017edni, 365 dn\u00ed v roku \u2013 a treba ho pravidelne nas\u00fdti\u0165.\u00a0Tak\u017ee, kam by sme sa mali vyda\u0165? Pripravili sme si pre v\u00e1s 5 najlep\u0161\u00edch miest na jazdu na na\u0161ich MTB po\u010das tohtoro\u010dnej jesene.<\/strong><\/p>\n<p><!--more--><\/p>\n<h2><b>1. Ju\u017en\u00e9 Tirolsko, Taliansko<\/b><\/h2>\n<p><span style=\"font-weight: 400;\">Zvy\u010dajne sme prv\u00ed, ktor\u00ed nab\u00e1daj\u00fa vypadn\u00fa\u0165 z \u00c1lp, ke\u010f sa dni za\u010dn\u00fa skracova\u0165 a noci s\u00fa chladnej\u0161ie.\u00a0<\/span><span style=\"font-weight: 400;\"><strong>Tento rok v\u0161ak, v\u010faka El Ni\u00f1u, bude po\u010dasie nezvy\u010dajne hor\u00face aspo\u0148 do janu\u00e1ra. Tak\u017ee, MTB jazdci, te\u0161te sa.<\/strong> Tento poveternostn\u00fd jav n\u00e1m tento rok umo\u017en\u00ed vychutna\u0165 si aj tie vy\u0161\u0161ie hory o nie\u010do dlh\u0161ie. Napriek tomu odpor\u00fa\u010dame dr\u017ea\u0165 sa ju\u017en\u00fdch svahov. A pr\u00e1ve Ju\u017en\u00e9 Tirolsko je na to ide\u00e1lne miesto.<\/span><\/p>\n<p><span style=\"font-weight: 400;\">V regi\u00f3ne n\u00e1jdete viac ako 500 kilometrov cyklistick\u00fdch chodn\u00edkov.<strong> M\u00e1 \u010do pon\u00faknu\u0165 pre ka\u017ed\u00e9ho \u2013 \u010di u\u017e ste DH nad\u0161enec, XC jazdec, alebo fanatik enduro, kr\u00e1su Ju\u017en\u00e9ho Tirolska si u\u017eijete.<\/strong> <\/span><span style=\"font-weight: 400;\">Centr\u00e1lne mesto Bolzano, zn\u00e1me svojou infra\u0161trukt\u00farou priate\u013eskou k cyklistom, je l\u00e1kadlom, ktor\u00e9 sa len \u0165a\u017eko odmieta. A ke\u010f k tomu prid\u00e1me ve\u013ekolep\u00fd mix rak\u00faskeho piva a talianskeho jedla, tomuto n\u00e1vrhu sa jednoducho ned\u00e1 odola\u0165.<\/span><\/p>\n<p><span style=\"font-weight: 400;\">Aj tak v\u0161ak podrobne sledujte po\u010dasie, preto\u017ee <strong>by\u0165 v Alp\u00e1ch po\u010das jesenn\u00fdch mesiacov znamen\u00e1, \u017ee d\u00e1\u017e\u010f a sneh pr\u00eddu r\u00fdchlo a ne\u010dakane<\/strong> \u2013 ak teda nie ste dobre pripraven\u00ed, m\u00f4\u017eete ma\u0165 probl\u00e9m.<\/span><\/p>\n<h2><strong>2.\u00a0 <b>Rijeka, Chorv\u00e1tsko<\/b><\/strong><\/h2>\n<figure id=\"attachment_18482\" aria-describedby=\"caption-attachment-18482\" style=\"width: 990px\" class=\"wp-caption alignnone\"><a href=\"https:\/\/d2p6e6u75xmxt8.cloudfront.net\/4\/2023\/11\/Vojak-Croatia-MTB-profimedia-0788248642-CVR.webp\"><img loading=\"lazy\" decoding=\"async\" class=\"wp-image-18482 size-full\" src=\"https:\/\/d2p6e6u75xmxt8.cloudfront.net\/4\/2023\/11\/Vojak-Croatia-MTB-profimedia-0788248642-CVR.webp\" alt=\"Mount Vojak\" width=\"990\" height=\"660\" srcset=\"https:\/\/d2p6e6u75xmxt8.cloudfront.net\/4\/2023\/11\/Vojak-Croatia-MTB-profimedia-0788248642-CVR.webp 990w, https:\/\/d2p6e6u75xmxt8.cloudfront.net\/4\/2023\/11\/Vojak-Croatia-MTB-profimedia-0788248642-CVR-300x200.webp 300w, https:\/\/d2p6e6u75xmxt8.cloudfront.net\/4\/2023\/11\/Vojak-Croatia-MTB-profimedia-0788248642-CVR-768x512.webp 768w, https:\/\/d2p6e6u75xmxt8.cloudfront.net\/4\/2023\/11\/Vojak-Croatia-MTB-profimedia-0788248642-CVR-400x267.webp 400w, https:\/\/d2p6e6u75xmxt8.cloudfront.net\/4\/2023\/11\/Vojak-Croatia-MTB-profimedia-0788248642-CVR-272x182.webp 272w\" sizes=\"auto, (max-width: 990px) 100vw, 990px\" \/><\/a><figcaption id=\"caption-attachment-18482\" class=\"wp-caption-text\">U\u017eite si kr\u00e1sne v\u00fdh\u013eady na vrchol Vojak. \u00a9 Profimedia<\/figcaption><\/figure>\n<p><span style=\"font-weight: 400;\">K\u00fdm po\u010das leta s\u00fa n\u00e1v\u0161tevy stredomorsk\u00fdch destin\u00e1ci\u00ed ako Gr\u00e9cko, Mallorca, Sic\u00edlia \u010di Kan\u00e1rske ostrovy samozrejmos\u0165ou, m\u00f4\u017eete si ich u\u017ei\u0165 aj v zime. Radi by sme ale roz\u0161\u00edrili va\u0161e obzory a zaviedli v\u00e1s aj do nov\u00fdch destin\u00e1ci\u00ed.\u00a0<\/span><span style=\"font-weight: 400;\">Ide\u00e1lne je za\u010da\u0165 v Chorv\u00e1tsku.<\/span><\/p>\n<p><strong>Regi\u00f3n Istria a centr\u00e1lne mesto Rijeka s\u00fa pravdepodobne najlep\u0161\u00edmi miestami, kde za\u017ei\u0165 Chorv\u00e1tsko na horskom bicykli.\u00a0<\/strong><span style=\"font-weight: 400;\">Hoci infra\u0161trukt\u00fara DH a MTB nie je tak rozvinut\u00e1 ako v strednej a z\u00e1padnej Eur\u00f3pe, nedotknut\u00e1 pr\u00edroda a divok\u00e9 chodn\u00edky s v\u00fdh\u013eadom na pobre\u017eie Dalm\u00e1cie s\u00fa nie\u010d\u00edm, \u010do sa ned\u00e1 op\u00edsa\u0165 slovami. \u010clovek mus\u00ed t\u00fato kr\u00e1su vidie\u0165 na vlastn\u00e9 o\u010di. <\/span><\/p>\n<p><span style=\"font-weight: 400;\">Ak sa t\u00fato jese\u0148 rozhodnete nav\u0161t\u00edvi\u0165 Istriu, mus\u00edte vysk\u00fa\u0161a\u0165 ikonick\u00fd v\u00fdstup okruhom Rijeka \u2013 vrch Vojak.<strong> Je to fantastick\u00fd sp\u00f4sob, ako za\u017ei\u0165 chorv\u00e1tsku krajinu v plnej kr\u00e1se. <\/strong><\/span><span style=\"font-weight: 400;\">Parenzana trail by tie\u017e mal by\u0165 na va\u0161om zozname, preto\u017ee t\u00e1to star\u00e1 \u017eeleznica, ktor\u00e1 sa zmenila na cyklistick\u00fa trasu, v\u00e1m poskytne pr\u00e1ve ten adrenal\u00ednov\u00fd z\u00e1\u017eitok, ktor\u00fd h\u013ead\u00e1te.<\/span><\/p>\n<p><span style=\"font-weight: 400;\"><strong>Ak m\u00e1te radi bikepacking, Chorv\u00e1tsko bude pre v\u00e1s rajom.<\/strong> Miestni obyvatelia s\u00fa priate\u013esk\u00ed a po ceste ochutn\u00e1te mimoriadne chutn\u00e9 jedl\u00e1 a n\u00e1poje. Nezabudnite si vzia\u0165 tepl\u00e9 oble\u010denie. Po\u010dasie m\u00f4\u017ee by\u0165 v noci mraziv\u00e9, tak\u017ee bu\u010fte pripraven\u00ed.<\/span><\/p>\n<h2><strong>3.\u00a0 <b>M\u00e1laga, \u0160panielsko<\/b><\/strong><\/h2>\n<p style=\"font-weight: 400;\"><span style=\"font-weight: 400;\">Na M\u00e1lagu MTB jazdci \u010dasto zab\u00fadaj\u00fa aj napriek ve\u013emi l\u00e1kav\u00fdm tras\u00e1m, ktor\u00e9 pon\u00faka. \u010ci u\u017e kv\u00f4li hor\u00fa\u010dav\u00e1m po\u010das letn\u00fdch mesiacov, alebo kv\u00f4li preva\u017ene pra\u0161n\u00e9mu ter\u00e9nu, nad\u0161enci MTB \u010dasto toto miesto snov ka\u017ed\u00e9ho jazdca obch\u00e1dzaj\u00fa.<strong> Jedn\u00fdm z najv\u00e4\u010d\u0161\u00edch l\u00e1kadiel M\u00e1lagy ako skryt\u00e9ho klenotu je pr\u00e1ve pokoj a \u013eudopr\u00e1zdno na tamoj\u0161\u00edch cyklistick\u00fdch tras\u00e1ch. <\/strong><\/span><\/p>\n<p><span style=\"font-weight: 400;\"><strong>Zna\u010dnou nev\u00fdhodou je, \u017ee v\u0161etky MTB trate s\u00fa pr\u00edstupn\u00e9 len po po\u013en\u00fdch cest\u00e1ch, kv\u00f4li \u010domu je doprava trochu komplikovan\u00e1.<\/strong> Ak v\u0161ak m\u00e1te radi \u0161liapanie a objavovanie, M\u00e1laga v\u00e1s nesklame.\u00a0<\/span><span style=\"font-weight: 400;\">\u010ci u\u017e si vyberiete chladiv\u00fd v\u00e1nok Parque Natural Montes de M\u00e1laga, divok\u00e9 chodn\u00edky Sierra De Tejeda, alebo ove\u013ea jednoduch\u0161ie a pre za\u010diato\u010dn\u00edkov vhodn\u00e9 zjazdovky bl\u00edzko pobre\u017eia, m\u00e1te ve\u013ea mo\u017enost\u00ed. A ak m\u00e1te radi enduro jazdy, mus\u00edte nav\u0161t\u00edvi\u0165 oblas\u0165 Los Almendrales.<\/span><\/p>\n<p><span style=\"font-weight: 400;\">M\u00e1laga v\u0161ak pon\u00faka ove\u013ea viac. <strong>M\u00e1 vynikaj\u00face DH stopy ako R3 a Alhaurin, a tie\u017e aj pekn\u00e9 XC mo\u017enosti ako La Techa.<\/strong>\u00a0<\/span><span style=\"font-weight: 400;\">Skombinujte to v\u0161etko s \u00fa\u017easn\u00fdm jedlom, mil\u00fdmi miestnymi obyvate\u013emi a jedn\u00fdmi z najlep\u0161\u00edch v\u00edn na svete \u2013 a za\u017eijete 5-hviezdi\u010dkov\u00fa dovolenku. \u010co viac si m\u00f4\u017eete pria\u0165?<\/span><\/p>\n<h2><strong>4.\u00a0\u00a0 Finale Ligure, <b>Taliansko<\/b><\/strong><\/h2>\n<figure id=\"attachment_16700\" aria-describedby=\"caption-attachment-16700\" style=\"width: 1080px\" class=\"wp-caption alignnone\"><a href=\"https:\/\/d2p6e6u75xmxt8.cloudfront.net\/4\/2023\/01\/finale_ligure_dominika3.webp\"><img loading=\"lazy\" decoding=\"async\" class=\"wp-image-16700 size-full\" src=\"https:\/\/d2p6e6u75xmxt8.cloudfront.net\/4\/2023\/01\/finale_ligure_dominika3.webp\" alt=\"Finale Ligure\" width=\"1080\" height=\"720\" srcset=\"https:\/\/d2p6e6u75xmxt8.cloudfront.net\/4\/2023\/01\/finale_ligure_dominika3.webp 1080w, https:\/\/d2p6e6u75xmxt8.cloudfront.net\/4\/2023\/01\/finale_ligure_dominika3-300x200.webp 300w, https:\/\/d2p6e6u75xmxt8.cloudfront.net\/4\/2023\/01\/finale_ligure_dominika3-1024x683.webp 1024w, https:\/\/d2p6e6u75xmxt8.cloudfront.net\/4\/2023\/01\/finale_ligure_dominika3-768x512.webp 768w, https:\/\/d2p6e6u75xmxt8.cloudfront.net\/4\/2023\/01\/finale_ligure_dominika3-272x182.webp 272w\" sizes=\"auto, (max-width: 1080px) 100vw, 1080px\" \/><\/a><figcaption id=\"caption-attachment-16700\" class=\"wp-caption-text\"><span style=\"font-weight: 400;\">Okrem pieso\u010dnat\u00fdch pl\u00e1\u017e\u00ed a v\u00fdh\u013eadov je Finale Ligure zn\u00e1me svojou neuverite\u013enou sie\u0165ou enduro tr\u00e1s. \u00a9 Profimedia<\/span><\/figcaption><\/figure>\n<p><span style=\"font-weight: 400;\">Ke\u010f u\u017e hovor\u00edme o skvelom v\u00edne a jedle, Taliansko na tom zozname mus\u00ed by\u0165 bezpochyby tie\u017e, no nie?\u00a0<\/span><span style=\"font-weight: 400;\">S vynikaj\u00facimi trad\u00edciami vo v\u0161etk\u00fdch druhoch cyklistick\u00fdch aktiv\u00edt sa nemo\u017eno \u010dudova\u0165, \u017ee niektor\u00e9 z najlep\u0161\u00edch MTB tr\u00e1s s\u00fa pr\u00e1ve tu. <a href=\"https:\/\/www.welovecycling.com\/sk\/2023\/02\/21\/finale-ligure-preco-je-toto-miesto-ako-stvorene-pre-zimne-enduro-jazdy\/\" target=\"_blank\" rel=\"noopener\">Finale Ligure<\/a> je \u010dere\u0161ni\u010dkou na torte, pokia\u013e ide o horsk\u00fa cyklistiku. Toto mal\u00e9 meste\u010dko medzi Monakom a San Remom pon\u00faka ve\u013ea mo\u017enost\u00ed. <\/span><span style=\"font-weight: 400;\"><strong>Najlep\u0161ie zo v\u0161etk\u00e9ho je, \u017ee napriek tomu, \u017ee sa nach\u00e1dza v popred\u00ed \u00c1lp, stredomorsk\u00e9 podnebie a \u00fakryt pred studen\u00fdmi severn\u00fdmi a z\u00e1padn\u00fdmi vetrami robia toto miesto jedn\u00fdm z najteplej\u0161\u00edch po\u010das cel\u00e9ho roka.<\/strong> Prirodzene, jazdci sem pr\u00fadia po\u010das neskor\u00fdch jesenn\u00fdch mesiacov a jazda pokra\u010duje aj po\u010das zimy.<\/span><\/p>\n<p><span style=\"font-weight: 400;\">T\u00e1to oblas\u0165 m\u00e1 viac ako 90 r\u00f4znych tr\u00e1s, ktor\u00e9 pokr\u00fdvaj\u00fa viac ako 350 km pobre\u017enej jazdy. Miestni obyvatelia vyu\u017eili toto jedine\u010dn\u00e9 po\u010dasie a pon\u00fakaj\u00fa kyvadlov\u00fa dopravu na vrchol vo v\u00fd\u0161ke takmer 1000 metrov. <strong>Netreba dod\u00e1va\u0165, \u017ee jazda dole je jednoducho \u00fa\u017easn\u00e1, s n\u00e1dhern\u00fdm v\u00fdh\u013eadom na pobre\u017eie Stredozemn\u00e9ho mora a zaf\u00edrovo modr\u00fa vodu.<\/strong>\u00a0<\/span><span style=\"font-weight: 400;\">Je potrebn\u00e9 spom\u00edna\u0165 taliansku kuchy\u0148u? Asi tu\u0161\u00edte, \u017ee v\u0161etko, \u010do tam ochutn\u00e1te, bude lah\u00f4dkou, po ktorej si budete oblizova\u0165 prsty.<\/span><\/p>\n<h2><strong>5.\u00a0\u00a0 C\u00f4te d&#8217;Azur, <b>Franc\u00fazsko<\/b><\/strong><\/h2>\n<p><span style=\"font-weight: 400;\">Zoznam ob\u013e\u00faben\u00fdch jesenn\u00fdch cyklistick\u00fdch destin\u00e1ci\u00ed nem\u00f4\u017eeme uzavrie\u0165 bez franc\u00fazskeho Cote d\u2019Azur.<strong>\u00a0<\/strong><\/span><span style=\"font-weight: 400;\"><strong>Nie je n\u00e1hoda, \u017ee v\u00e4\u010d\u0161ina jazdcov svetovej triedy uprednost\u0148uje tr\u00e1venie zimy pr\u00e1ve tu.<\/strong> Po\u010dasie je n\u00e1dhern\u00e9 a po\u010das chladn\u00fdch mesiacov jedno z najlep\u0161\u00edch na kontinente. <\/span><span style=\"font-weight: 400;\">Jedin\u00fdm probl\u00e9mom je, \u017ee skor\u00e1 jese\u0148 m\u00f4\u017ee by\u0165 pri mori e\u0161te trochu hor\u00faca, k\u00fdm vy\u0161\u0161ie v hor\u00e1ch je po\u010dasie zo d\u0148a na de\u0148 chladnej\u0161ie. <\/span><\/p>\n<p><span style=\"font-weight: 400;\">Na druhej strane, v hor\u00e1ch je toho ve\u013ea \u010do vidie\u0165. A traily \u2013 tie s\u00fa jednoducho \u00fa\u017easn\u00e9.<strong> Od pokojnej La Brague a\u017e po technick\u00fa L&#8217;Escar\u00e8ne, ka\u017ed\u00fd MTB jazdec m\u00f4\u017ee n\u00e1js\u0165 k\u00fasok svojho raja.<\/strong> Najlep\u0161ie na tom je, \u017ee ak v\u00e1s omrz\u00ed lezenie do h\u00f4r, v\u017edy si m\u00f4\u017eete urobi\u0165 jednod\u0148ov\u00fa jazdu do Monaka a sami si vysk\u00fa\u0161a\u0165 ultraluxusn\u00e9 knie\u017eatstvo.<\/span><\/p>\n<p><span style=\"font-weight: 400;\">Zvy\u0161ok je jasn\u00fd. Vynikaj\u00face franc\u00fazske v\u00edno, chutn\u00e9 morsk\u00e9 plody a, samozrejme, ru\u0161n\u00fd no\u010dn\u00fd \u017eivot.<\/span><\/p>\n<h2><b>Ste pripraven\u00ed zbali\u0165 si kufre?<\/b><\/h2>\n<p><span style=\"font-weight: 400;\">Nie je sa kam pon\u00e1h\u013ea\u0165. <strong>Zima bude mierna, \u010do nie je dobr\u00e9 pre n\u00e1\u0161 ekosyst\u00e9m, ale pokia\u013e ide o jazdu na MTB, ur\u010dite to prinesie nem\u00e1lo mo\u017enost\u00ed.<\/strong> Vyu\u017eite teda El Ni\u00f1o a u\u017eite si po\u010das tejto jesene nezabudnute\u013en\u00e9 MTB jazdy. Ktovie, bud\u00faci rok m\u00f4\u017ee napadn\u00fa\u0165 mega ve\u013ea snehu. \ud83d\ude42<\/span><\/p>\n","protected":false},"excerpt":{"rendered":"<p>Jese\u0148 vrchol\u00ed. \u00c1no, je \u0165a\u017ek\u00e9 tomu uveri\u0165, \u017ee to tak r\u00fdchlo ubehlo \u2013 a tak nastal \u010das, aby sme my, [&hellip;]<\/p>\n","protected":false},"author":172,"featured_media":18484,"comment_status":"open","ping_status":"open","sticky":false,"template":"","format":"standard","meta":{"footnotes":""},"categories":[118],"tags":[115,1476,448,896,533,306,180,902,773,286,412,256,251,419,741,508,317],"global-categories":[],"class_list":["post-18481","post","type-post","status-publish","format-standard","has-post-thumbnail","hentry","category-zabava","tag-cestna-cyklistika","tag-chorvatsko","tag-cyklotrasy","tag-enduro","tag-europa","tag-francuzsko","tag-horska-cyklistika","tag-horsky-bicykel","tag-hory","tag-jesen","tag-mtb","tag-sezona","tag-spanielsko","tag-taliansko","tag-tip-na-vylet","tag-vylet","tag-zima"],"yoast_head":"<!-- This site is optimized with the Yoast SEO Premium plugin v25.3 (Yoast SEO v25.9) - https:\/\/yoast.com\/wordpress\/plugins\/seo\/ -->\n<title>Najlep\u0161ie miesta, kde si t\u00fato jese\u0148 u\u017eijete jazdu na horskom bicykli - \u0160koda We Love Cycling Slovensko<\/title>\n<meta name=\"description\" content=\"Kam sa vyda\u0165 na jesenn\u00fa jazdu? Pripravili sme si pre v\u00e1s zoznam 5 miest v Eur\u00f3pe, kde si tohtoro\u010dn\u00fa jese\u0148 u\u017eijete naplno.\" \/>\n<meta name=\"robots\" content=\"index, follow, max-snippet:-1, max-image-preview:large, max-video-preview:-1\" \/>\n<link rel=\"canonical\" href=\"https:\/\/www.welovecycling.com\/sk\/2023\/11\/21\/najlepsie-miesta-kde-si-tuto-jesen-uzijete-jazdu-na-horskom-bicykli\/\" \/>\n<meta property=\"og:locale\" content=\"sk_SK\" \/>\n<meta property=\"og:type\" content=\"article\" \/>\n<meta property=\"og:title\" content=\"Najlep\u0161ie miesta, kde si t\u00fato jese\u0148 u\u017eijete jazdu na horskom bicykli\" \/>\n<meta property=\"og:description\" content=\"Kam sa vyda\u0165 na jesenn\u00fa jazdu? Pripravili sme si pre v\u00e1s zoznam 5 miest v Eur\u00f3pe, kde si tohtoro\u010dn\u00fa jese\u0148 u\u017eijete naplno.\" \/>\n<meta property=\"og:url\" content=\"https:\/\/www.welovecycling.com\/sk\/2023\/11\/21\/najlepsie-miesta-kde-si-tuto-jesen-uzijete-jazdu-na-horskom-bicykli\/\" \/>\n<meta property=\"og:site_name\" content=\"\u0160koda We Love Cycling Slovensko\" \/>\n<meta property=\"article:published_time\" content=\"2023-11-21T10:09:08+00:00\" \/>\n<meta property=\"og:image\" content=\"https:\/\/d2p6e6u75xmxt8.cloudfront.net\/4\/2023\/11\/Parenzana-Croatia-profimedia-0703675557-CVR.webp\" \/>\n\t<meta property=\"og:image:width\" content=\"990\" \/>\n\t<meta property=\"og:image:height\" content=\"660\" \/>\n\t<meta property=\"og:image:type\" content=\"image\/webp\" \/>\n<meta name=\"author\" content=\"dominika\" \/>\n<meta name=\"twitter:card\" content=\"summary_large_image\" \/>\n<meta name=\"twitter:label1\" content=\"Written by\" \/>\n\t<meta name=\"twitter:data1\" content=\"Martin Atanasov\" \/>\n\t<meta name=\"twitter:label2\" content=\"Est. reading time\" \/>\n\t<meta name=\"twitter:data2\" content=\"5\" \/>\n<script type=\"application\/ld+json\" class=\"yoast-schema-graph\">{\"@context\":\"https:\/\/schema.org\",\"@graph\":[{\"@type\":\"WebPage\",\"@id\":\"https:\/\/www.welovecycling.com\/sk\/2023\/11\/21\/najlepsie-miesta-kde-si-tuto-jesen-uzijete-jazdu-na-horskom-bicykli\/\",\"url\":\"https:\/\/www.welovecycling.com\/sk\/2023\/11\/21\/najlepsie-miesta-kde-si-tuto-jesen-uzijete-jazdu-na-horskom-bicykli\/\",\"name\":\"Najlep\u0161ie miesta, kde si t\u00fato jese\u0148 u\u017eijete jazdu na horskom bicykli - \u0160koda We Love Cycling Slovensko\",\"isPartOf\":{\"@id\":\"https:\/\/www.welovecycling.com\/sk\/#website\"},\"primaryImageOfPage\":{\"@id\":\"https:\/\/www.welovecycling.com\/sk\/2023\/11\/21\/najlepsie-miesta-kde-si-tuto-jesen-uzijete-jazdu-na-horskom-bicykli\/#primaryimage\"},\"image\":{\"@id\":\"https:\/\/www.welovecycling.com\/sk\/2023\/11\/21\/najlepsie-miesta-kde-si-tuto-jesen-uzijete-jazdu-na-horskom-bicykli\/#primaryimage\"},\"thumbnailUrl\":\"https:\/\/d2p6e6u75xmxt8.cloudfront.net\/4\/2023\/11\/Parenzana-Croatia-profimedia-0703675557-CVR.webp\",\"datePublished\":\"2023-11-21T10:09:08+00:00\",\"author\":{\"@id\":\"https:\/\/www.welovecycling.com\/sk\/#\/schema\/person\/533b62b98b6c41bd5135ebfb1f742624\"},\"description\":\"Kam sa vyda\u0165 na jesenn\u00fa jazdu? Pripravili sme si pre v\u00e1s zoznam 5 miest v Eur\u00f3pe, kde si tohtoro\u010dn\u00fa jese\u0148 u\u017eijete naplno.\",\"breadcrumb\":{\"@id\":\"https:\/\/www.welovecycling.com\/sk\/2023\/11\/21\/najlepsie-miesta-kde-si-tuto-jesen-uzijete-jazdu-na-horskom-bicykli\/#breadcrumb\"},\"inLanguage\":\"sk-SK\",\"potentialAction\":[{\"@type\":\"ReadAction\",\"target\":[\"https:\/\/www.welovecycling.com\/sk\/2023\/11\/21\/najlepsie-miesta-kde-si-tuto-jesen-uzijete-jazdu-na-horskom-bicykli\/\"]}]},{\"@type\":\"ImageObject\",\"inLanguage\":\"sk-SK\",\"@id\":\"https:\/\/www.welovecycling.com\/sk\/2023\/11\/21\/najlepsie-miesta-kde-si-tuto-jesen-uzijete-jazdu-na-horskom-bicykli\/#primaryimage\",\"url\":\"https:\/\/d2p6e6u75xmxt8.cloudfront.net\/4\/2023\/11\/Parenzana-Croatia-profimedia-0703675557-CVR.webp\",\"contentUrl\":\"https:\/\/d2p6e6u75xmxt8.cloudfront.net\/4\/2023\/11\/Parenzana-Croatia-profimedia-0703675557-CVR.webp\",\"width\":990,\"height\":660},{\"@type\":\"BreadcrumbList\",\"@id\":\"https:\/\/www.welovecycling.com\/sk\/2023\/11\/21\/najlepsie-miesta-kde-si-tuto-jesen-uzijete-jazdu-na-horskom-bicykli\/#breadcrumb\",\"itemListElement\":[{\"@type\":\"ListItem\",\"position\":1,\"name\":\"Home\",\"item\":\"https:\/\/www.welovecycling.com\/sk\/\"},{\"@type\":\"ListItem\",\"position\":2,\"name\":\"Najlep\u0161ie miesta, kde si t\u00fato jese\u0148 u\u017eijete jazdu na horskom bicykli\"}]},{\"@type\":\"WebSite\",\"@id\":\"https:\/\/www.welovecycling.com\/sk\/#website\",\"url\":\"https:\/\/www.welovecycling.com\/sk\/\",\"name\":\"\u0160koda We Love Cycling Slovensko\",\"description\":\"\u0160koda We Love Cycling Slovensko je v\u00e1\u0161 ka\u017edodenn\u00fd zdroj noviniek a in\u0161pir\u00e1cie z sveta cyklistiky\",\"potentialAction\":[{\"@type\":\"SearchAction\",\"target\":{\"@type\":\"EntryPoint\",\"urlTemplate\":\"https:\/\/www.welovecycling.com\/sk\/?s={search_term_string}\"},\"query-input\":{\"@type\":\"PropertyValueSpecification\",\"valueRequired\":true,\"valueName\":\"search_term_string\"}}],\"inLanguage\":\"sk-SK\"},{\"@type\":\"Person\",\"@id\":\"https:\/\/www.welovecycling.com\/sk\/#\/schema\/person\/533b62b98b6c41bd5135ebfb1f742624\",\"name\":\"dominika\",\"image\":{\"@type\":\"ImageObject\",\"inLanguage\":\"sk-SK\",\"@id\":\"https:\/\/www.welovecycling.com\/sk\/#\/schema\/person\/image\/\",\"url\":\"https:\/\/secure.gravatar.com\/avatar\/ded6f274ba2ec3e17fff153f7d9d96a4b33c2cb63907f75d9a5309c599a7f3e6?s=96&d=mm&r=g\",\"contentUrl\":\"https:\/\/secure.gravatar.com\/avatar\/ded6f274ba2ec3e17fff153f7d9d96a4b33c2cb63907f75d9a5309c599a7f3e6?s=96&d=mm&r=g\",\"caption\":\"dominika\"},\"url\":\"https:\/\/www.welovecycling.com\/sk\/author\/dominika\/\"}]}<\/script>\n<!-- \/ Yoast SEO Premium plugin. -->","yoast_head_json":{"title":"Najlep\u0161ie miesta, kde si t\u00fato jese\u0148 u\u017eijete jazdu na horskom bicykli - \u0160koda We Love Cycling Slovensko","description":"Kam sa vyda\u0165 na jesenn\u00fa jazdu? Pripravili sme si pre v\u00e1s zoznam 5 miest v Eur\u00f3pe, kde si tohtoro\u010dn\u00fa jese\u0148 u\u017eijete naplno.","robots":{"index":"index","follow":"follow","max-snippet":"max-snippet:-1","max-image-preview":"max-image-preview:large","max-video-preview":"max-video-preview:-1"},"canonical":"https:\/\/www.welovecycling.com\/sk\/2023\/11\/21\/najlepsie-miesta-kde-si-tuto-jesen-uzijete-jazdu-na-horskom-bicykli\/","og_locale":"sk_SK","og_type":"article","og_title":"Najlep\u0161ie miesta, kde si t\u00fato jese\u0148 u\u017eijete jazdu na horskom bicykli","og_description":"Kam sa vyda\u0165 na jesenn\u00fa jazdu? Pripravili sme si pre v\u00e1s zoznam 5 miest v Eur\u00f3pe, kde si tohtoro\u010dn\u00fa jese\u0148 u\u017eijete naplno.","og_url":"https:\/\/www.welovecycling.com\/sk\/2023\/11\/21\/najlepsie-miesta-kde-si-tuto-jesen-uzijete-jazdu-na-horskom-bicykli\/","og_site_name":"\u0160koda We Love Cycling Slovensko","article_published_time":"2023-11-21T10:09:08+00:00","og_image":[{"width":990,"height":660,"url":"https:\/\/d2p6e6u75xmxt8.cloudfront.net\/4\/2023\/11\/Parenzana-Croatia-profimedia-0703675557-CVR.webp","type":"image\/webp"}],"author":"dominika","twitter_card":"summary_large_image","twitter_misc":{"Written by":"Martin Atanasov","Est. reading time":"5"},"schema":{"@context":"https:\/\/schema.org","@graph":[{"@type":"WebPage","@id":"https:\/\/www.welovecycling.com\/sk\/2023\/11\/21\/najlepsie-miesta-kde-si-tuto-jesen-uzijete-jazdu-na-horskom-bicykli\/","url":"https:\/\/www.welovecycling.com\/sk\/2023\/11\/21\/najlepsie-miesta-kde-si-tuto-jesen-uzijete-jazdu-na-horskom-bicykli\/","name":"Najlep\u0161ie miesta, kde si t\u00fato jese\u0148 u\u017eijete jazdu na horskom bicykli - \u0160koda We Love Cycling Slovensko","isPartOf":{"@id":"https:\/\/www.welovecycling.com\/sk\/#website"},"primaryImageOfPage":{"@id":"https:\/\/www.welovecycling.com\/sk\/2023\/11\/21\/najlepsie-miesta-kde-si-tuto-jesen-uzijete-jazdu-na-horskom-bicykli\/#primaryimage"},"image":{"@id":"https:\/\/www.welovecycling.com\/sk\/2023\/11\/21\/najlepsie-miesta-kde-si-tuto-jesen-uzijete-jazdu-na-horskom-bicykli\/#primaryimage"},"thumbnailUrl":"https:\/\/d2p6e6u75xmxt8.cloudfront.net\/4\/2023\/11\/Parenzana-Croatia-profimedia-0703675557-CVR.webp","datePublished":"2023-11-21T10:09:08+00:00","author":{"@id":"https:\/\/www.welovecycling.com\/sk\/#\/schema\/person\/533b62b98b6c41bd5135ebfb1f742624"},"description":"Kam sa vyda\u0165 na jesenn\u00fa jazdu? Pripravili sme si pre v\u00e1s zoznam 5 miest v Eur\u00f3pe, kde si tohtoro\u010dn\u00fa jese\u0148 u\u017eijete naplno.","breadcrumb":{"@id":"https:\/\/www.welovecycling.com\/sk\/2023\/11\/21\/najlepsie-miesta-kde-si-tuto-jesen-uzijete-jazdu-na-horskom-bicykli\/#breadcrumb"},"inLanguage":"sk-SK","potentialAction":[{"@type":"ReadAction","target":["https:\/\/www.welovecycling.com\/sk\/2023\/11\/21\/najlepsie-miesta-kde-si-tuto-jesen-uzijete-jazdu-na-horskom-bicykli\/"]}]},{"@type":"ImageObject","inLanguage":"sk-SK","@id":"https:\/\/www.welovecycling.com\/sk\/2023\/11\/21\/najlepsie-miesta-kde-si-tuto-jesen-uzijete-jazdu-na-horskom-bicykli\/#primaryimage","url":"https:\/\/d2p6e6u75xmxt8.cloudfront.net\/4\/2023\/11\/Parenzana-Croatia-profimedia-0703675557-CVR.webp","contentUrl":"https:\/\/d2p6e6u75xmxt8.cloudfront.net\/4\/2023\/11\/Parenzana-Croatia-profimedia-0703675557-CVR.webp","width":990,"height":660},{"@type":"BreadcrumbList","@id":"https:\/\/www.welovecycling.com\/sk\/2023\/11\/21\/najlepsie-miesta-kde-si-tuto-jesen-uzijete-jazdu-na-horskom-bicykli\/#breadcrumb","itemListElement":[{"@type":"ListItem","position":1,"name":"Home","item":"https:\/\/www.welovecycling.com\/sk\/"},{"@type":"ListItem","position":2,"name":"Najlep\u0161ie miesta, kde si t\u00fato jese\u0148 u\u017eijete jazdu na horskom bicykli"}]},{"@type":"WebSite","@id":"https:\/\/www.welovecycling.com\/sk\/#website","url":"https:\/\/www.welovecycling.com\/sk\/","name":"\u0160koda We Love Cycling Slovensko","description":"\u0160koda We Love Cycling Slovensko je v\u00e1\u0161 ka\u017edodenn\u00fd zdroj noviniek a in\u0161pir\u00e1cie z sveta cyklistiky","potentialAction":[{"@type":"SearchAction","target":{"@type":"EntryPoint","urlTemplate":"https:\/\/www.welovecycling.com\/sk\/?s={search_term_string}"},"query-input":{"@type":"PropertyValueSpecification","valueRequired":true,"valueName":"search_term_string"}}],"inLanguage":"sk-SK"},{"@type":"Person","@id":"https:\/\/www.welovecycling.com\/sk\/#\/schema\/person\/533b62b98b6c41bd5135ebfb1f742624","name":"dominika","image":{"@type":"ImageObject","inLanguage":"sk-SK","@id":"https:\/\/www.welovecycling.com\/sk\/#\/schema\/person\/image\/","url":"https:\/\/secure.gravatar.com\/avatar\/ded6f274ba2ec3e17fff153f7d9d96a4b33c2cb63907f75d9a5309c599a7f3e6?s=96&d=mm&r=g","contentUrl":"https:\/\/secure.gravatar.com\/avatar\/ded6f274ba2ec3e17fff153f7d9d96a4b33c2cb63907f75d9a5309c599a7f3e6?s=96&d=mm&r=g","caption":"dominika"},"url":"https:\/\/www.welovecycling.com\/sk\/author\/dominika\/"}]}},"_links":{"self":[{"href":"https:\/\/www.welovecycling.com\/sk\/wp-json\/wp\/v2\/posts\/18481","targetHints":{"allow":["GET"]}}],"collection":[{"href":"https:\/\/www.welovecycling.com\/sk\/wp-json\/wp\/v2\/posts"}],"about":[{"href":"https:\/\/www.welovecycling.com\/sk\/wp-json\/wp\/v2\/types\/post"}],"author":[{"embeddable":true,"href":"https:\/\/www.welovecycling.com\/sk\/wp-json\/wp\/v2\/users\/172"}],"replies":[{"embeddable":true,"href":"https:\/\/www.welovecycling.com\/sk\/wp-json\/wp\/v2\/comments?post=18481"}],"version-history":[{"count":5,"href":"https:\/\/www.welovecycling.com\/sk\/wp-json\/wp\/v2\/posts\/18481\/revisions"}],"predecessor-version":[{"id":18488,"href":"https:\/\/www.welovecycling.com\/sk\/wp-json\/wp\/v2\/posts\/18481\/revisions\/18488"}],"wp:featuredmedia":[{"embeddable":true,"href":"https:\/\/www.welovecycling.com\/sk\/wp-json\/wp\/v2\/media\/18484"}],"wp:attachment":[{"href":"https:\/\/www.welovecycling.com\/sk\/wp-json\/wp\/v2\/media?parent=18481"}],"wp:term":[{"taxonomy":"category","embeddable":true,"href":"https:\/\/www.welovecycling.com\/sk\/wp-json\/wp\/v2\/categories?post=18481"},{"taxonomy":"post_tag","embeddable":true,"href":"https:\/\/www.welovecycling.com\/sk\/wp-json\/wp\/v2\/tags?post=18481"},{"taxonomy":"global-categories","embeddable":true,"href":"https:\/\/www.welovecycling.com\/sk\/wp-json\/wp\/v2\/global-categories?post=18481"}],"curies":[{"name":"wp","href":"https:\/\/api.w.org\/{rel}","templated":true}]}}