{"id":18476,"date":"2023-11-16T13:11:10","date_gmt":"2023-11-16T12:11:10","guid":{"rendered":"https:\/\/www.welovecycling.com\/sk\/?p=18476"},"modified":"2023-11-16T13:11:10","modified_gmt":"2023-11-16T12:11:10","slug":"ako-prekonat-strach-cyklistu-zo-zleho-pocasia","status":"publish","type":"post","link":"https:\/\/www.welovecycling.com\/sk\/2023\/11\/16\/ako-prekonat-strach-cyklistu-zo-zleho-pocasia\/","title":{"rendered":"Ako prekona\u0165 strach cyklistu zo zl\u00e9ho po\u010dasia"},"content":{"rendered":"<p><strong>Zl\u00e9 po\u010dasie m\u00f4\u017ee by\u0165 nepriate\u013eom cyklistiky iba vtedy, ak sa ho boj\u00edte. Prv\u00fdm krokom k tomu, aby ste sa c\u00edtili pohodlne pri jazde v zlom po\u010das\u00ed, je uisti\u0165 sa, \u017ee m\u00e1te so sebou potrebn\u00e9 veci a viete, na \u010do si d\u00e1va\u0165 pozor. Po\u010fme sa pozrie\u0165 na niektor\u00e9 rady, ktor\u00e9 ur\u010dite ocen\u00edte.<\/strong><\/p>\n<p><!--more--><\/p>\n<h2><b>Nepon\u00e1h\u013eajte sa<\/b><\/h2>\n<p><span style=\"font-weight: 400;\">Ak m\u00e1te zl\u00e9 spomienky na jazdu na bicykli, alebo si jednoducho nie ste ist\u00ed, \u010di by ste jazdu zvl\u00e1dli, je najlep\u0161ie \u00eds\u0165 na to pomal\u00fdmi kr\u00f4\u010dikmi.\u00a0<\/span><span style=\"font-weight: 400;\">M\u00f4\u017eete za\u010da\u0165 bicyklovan\u00edm v miernom da\u017edi a postupne sa prepracova\u0165 do n\u00e1ro\u010dnej\u0161\u00edch podmienok. <strong>O svojom strachu zo zl\u00e9ho po\u010dasia by ste sa mali porozpr\u00e1va\u0165 aj s ostatn\u00fdmi cyklistami, ktor\u00fdm d\u00f4verujete.<\/strong> M\u00f4\u017eu v\u00e1m poskytn\u00fa\u0165 podporu, cenn\u00e9 rady a pom\u00f4\u017eu v\u00e1m tak z\u00edska\u0165 spr\u00e1vny nadh\u013ead.<\/span><\/p>\n<h2><b>Bu\u010fte pripraven\u00ed na neo\u010dak\u00e1van\u00e9<\/b><\/h2>\n<p><span style=\"font-weight: 400;\">Niektor\u00e9 veci na cyklistike sa zmenia, ke\u010f pr\u00edde zl\u00e9 po\u010dasie. <strong>Neznamen\u00e1 to v\u0161ak, \u017ee nem\u00f4\u017eete zosta\u0165 v bezpe\u010d\u00ed a v pohode \u2013 len sa mus\u00edte prisp\u00f4sobi\u0165 novej situ\u00e1cii.<\/strong><\/span><\/p>\n<p style=\"font-weight: 400;\"><b>D\u00e1vajte pozor na brzdn\u00fa dr\u00e1hu<\/b>: <span style=\"font-weight: 400;\">Zl\u00e9 po\u010dasie sa rovn\u00e1 mokrej vozovke, a to znamen\u00e1 aj dlh\u0161iu brzdn\u00fa dr\u00e1hu. Va\u0161a trakcia je hor\u0161ia a brzdenie nie je tak\u00e9 \u00fa\u010dinn\u00e9, aj ke\u010f m\u00e1te kot\u00fa\u010dov\u00e9 brzdy. Na mokrej vozovke preto bu\u010fte zvl\u00e1\u0161\u0165 opatrn\u00ed. Aj mokr\u00e9 l\u00edstie je nebezpe\u010dn\u00e9, preto\u017ee je ve\u013emi \u0161myk\u013eav\u00e9.<\/span><\/p>\n<p style=\"font-weight: 400;\"><b>Udr\u017eujte si telesn\u00fa teplotu<\/b>: <span style=\"font-weight: 400;\">Spr\u00e1vne oble\u010denie je v\u00a0zlom po\u010das\u00ed nevyhnutn\u00e9. Bunda do da\u017e\u010fa je preto nevyhnutnos\u0165ou. Dok\u00e1\u017ee v\u00e1s udr\u017ea\u0165 v suchu, pom\u00f4\u017ee v\u00e1m \u0161etri\u0165 telesn\u00e9 teplo a ochr\u00e1ni v\u00e1s pred vetrom. Ak ale m\u00e1te pocit, \u017ee jazda na bicykli v zlom po\u010das\u00ed v\u00e1s dostato\u010dne nezahreje, bu\u010fte pripraven\u00ed zastavi\u0165 sa a n\u00e1js\u0165 such\u00fd a\u00a0pr\u00edpadne aj tepl\u00fd \u00fakryt.<\/span><\/p>\n<p style=\"font-weight: 400;\"><b>D\u00e1vajte si pozor na blesky<\/b>: <span style=\"font-weight: 400;\">Je d\u00f4le\u017eit\u00e9 vedie\u0165, \u017ee pneumatiky na bicykli v\u00e1s neochr\u00e1nia pred bleskom. V\u00fddaj energie je pr\u00edli\u0161 vysok\u00fd a pneumatiky s\u00fa pr\u00edli\u0161 mal\u00e9 na to, aby v\u00e1s izolovali. Ak m\u00e1te pocit, \u017ee hroz\u00ed riziko zasiahnutia bleskom, je najlep\u0161ie vyh\u013eada\u0165 \u00fakryt v pevnej budove alebo pod mostom.<\/span><\/p>\n<figure id=\"attachment_18477\" aria-describedby=\"caption-attachment-18477\" style=\"width: 1000px\" class=\"wp-caption alignnone\"><a href=\"https:\/\/d2p6e6u75xmxt8.cloudfront.net\/4\/2023\/11\/Cyclist-in-rain-profimedia-0626313863.webp\"><img loading=\"lazy\" decoding=\"async\" class=\"wp-image-18477 size-full\" src=\"https:\/\/d2p6e6u75xmxt8.cloudfront.net\/4\/2023\/11\/Cyclist-in-rain-profimedia-0626313863.webp\" alt=\"Cycling in bad weather\" width=\"1000\" height=\"666\" srcset=\"https:\/\/d2p6e6u75xmxt8.cloudfront.net\/4\/2023\/11\/Cyclist-in-rain-profimedia-0626313863.webp 1000w, https:\/\/d2p6e6u75xmxt8.cloudfront.net\/4\/2023\/11\/Cyclist-in-rain-profimedia-0626313863-300x200.webp 300w, https:\/\/d2p6e6u75xmxt8.cloudfront.net\/4\/2023\/11\/Cyclist-in-rain-profimedia-0626313863-768x511.webp 768w, https:\/\/d2p6e6u75xmxt8.cloudfront.net\/4\/2023\/11\/Cyclist-in-rain-profimedia-0626313863-400x266.webp 400w, https:\/\/d2p6e6u75xmxt8.cloudfront.net\/4\/2023\/11\/Cyclist-in-rain-profimedia-0626313863-272x182.webp 272w\" sizes=\"auto, (max-width: 1000px) 100vw, 1000px\" \/><\/a><figcaption id=\"caption-attachment-18477\" class=\"wp-caption-text\"><span style=\"font-weight: 400;\">Zl\u00e9 po\u010dasie m\u00f4\u017ee by\u0165 nepriate\u013eom cyklistiky, len vtedy ak sa ho boj\u00edte. \u00a9 Profimedia<\/span><\/figcaption><\/figure>\n<h2><b>Uviaznu\u0165 \u010faleko od domova<\/b><\/h2>\n<p><span style=\"font-weight: 400;\">Mnoh\u00ed cyklisti tie\u017e m\u00f4\u017eu ma\u0165 strach, \u017ee v zlom po\u010das\u00ed uviaznu \u010faleko od domova. <strong>Zl\u00e9mu po\u010dasiu sa m\u00f4\u017eete vyhn\u00fa\u0165 tak, \u017ee si trasu napl\u00e1nujete na z\u00e1klade predpovede.\u00a0<\/strong><\/span><span style=\"font-weight: 400;\">Na jazdu \u010falej od domova by ste si so sebou mali vzia\u0165 mobiln\u00fd telef\u00f3n, aby ste si v pr\u00edpade potreby mohli zavola\u0165 pomoc. Je tie\u017e dobr\u00fdm zvykom da\u0165 niekomu vedie\u0165, kam m\u00e1te namieren\u00e9 a na ako dlho sa chyst\u00e1te pre\u010d.<\/span><\/p>\n<p><span style=\"font-weight: 400;\">\u010cast\u00fdm d\u00f4vodom, pre\u010do tie\u017e cyklisti uviaznu \u010faleko od domova, s\u00fa mechanick\u00e9 probl\u00e9my. <strong>Neschopnos\u0165 vysporiada\u0165 sa s mechanick\u00fdmi probl\u00e9mami m\u00f4\u017ee tento strach v\u00fdrazne umocni\u0165.<\/strong> Aby ste to prekonali, mali by ste ma\u0165 n\u00e1stroje a z\u00e1kladn\u00e9 vedomosti o tom, ako vyrie\u0161i\u0165 najbe\u017enej\u0161ie technick\u00e9 probl\u00e9my.<\/span><\/p>\n<p style=\"font-weight: 400;\"><b>Oprava defektu<\/b>: <span style=\"font-weight: 400;\">Nezabudnite si vzia\u0165 so sebou n\u00e1hradn\u00fa du\u0161u, p\u00e1ky na pl\u00e1\u0161te a nie\u010do, \u010d\u00edm du\u0161u naf\u00faknete (n\u00e1plne CO<\/span><span style=\"font-weight: 400;\">2<\/span><span style=\"font-weight: 400;\"> s\u00fa \u013eahk\u00e9 a pohodln\u00e9 a pumpu mo\u017eno pou\u017ei\u0165 viackr\u00e1t). V ide\u00e1lnom pr\u00edpade by ste si mali opravu defektu nacvi\u010di\u0165 doma.<\/span><\/p>\n<p style=\"font-weight: 400;\"><b>Oprava pretrhnutej re\u0165aze<\/b>: <span style=\"font-weight: 400;\">Pretrhnutie re\u0165aze je zriedkav\u00e9, ale m\u00f4\u017ee by\u0165 fat\u00e1lne, ak sa v\u00e1m to prihod\u00ed \u010faleko od akejko\u013evek pomoci. Na\u0161\u0165astie je tie\u017e \u013eahk\u00e9 ju opravi\u0165. Na odstr\u00e1nenie po\u0161koden\u00e9ho \u010dl\u00e1nku potrebujete multifunk\u010dn\u00e9 n\u00e1radie s nitova\u010dkou, ako aj r\u00fdchlospojku na op\u00e4tovn\u00e9 spojenie koncov re\u0165aze. To m\u00f4\u017ee by\u0165 na dlh\u0161\u00edch cest\u00e1ch naozaj neocenite\u013en\u00e9.<\/span><\/p>\n<p><span style=\"font-weight: 400;\">So spr\u00e1vnym vybaven\u00edm, n\u00e1strojmi a zru\u010dnos\u0165ami m\u00f4\u017eete prekona\u0165 svoje obavy a sta\u0165 sa sebavedomej\u0161\u00edm pri bicyklovan\u00ed \u2013 bez oh\u013eadu na po\u010dasie alebo vzdialenos\u0165 od domova.<\/span><\/p>\n","protected":false},"excerpt":{"rendered":"<p>Zl\u00e9 po\u010dasie m\u00f4\u017ee by\u0165 nepriate\u013eom cyklistiky iba vtedy, ak sa ho boj\u00edte. Prv\u00fdm krokom k tomu, aby ste sa c\u00edtili [&hellip;]<\/p>\n","protected":false},"author":172,"featured_media":18479,"comment_status":"open","ping_status":"open","sticky":false,"template":"","format":"standard","meta":{"footnotes":""},"categories":[57],"tags":[62,115,597,618,180,954,190,563,1200,1616,1540,317],"global-categories":[],"class_list":["post-18476","post","type-post","status-publish","format-standard","has-post-thumbnail","hentry","category-bezpecnost","tag-bezpecnost","tag-cestna-cyklistika","tag-cyklista","tag-dazd","tag-horska-cyklistika","tag-pocasie","tag-priprava","tag-servis","tag-sneh","tag-strach","tag-tip","tag-zima"],"yoast_head":"<!-- This site is optimized with the Yoast SEO Premium plugin v25.3 (Yoast SEO v25.9) - https:\/\/yoast.com\/wordpress\/plugins\/seo\/ -->\n<title>Ako prekona\u0165 strach cyklistu zo zl\u00e9ho po\u010dasia - \u0160koda We Love Cycling Slovensko<\/title>\n<meta name=\"description\" content=\"Zl\u00e9 po\u010dasie m\u00f4\u017ee by\u0165 nepriate\u013eom cyklistiky iba vtedy, ak sa ho boj\u00edte. Prv\u00fdm krokom je vedie\u0165, na \u010do by\u0165 pripraven\u00fd.\" \/>\n<meta name=\"robots\" content=\"index, follow, max-snippet:-1, max-image-preview:large, max-video-preview:-1\" \/>\n<link rel=\"canonical\" href=\"https:\/\/www.welovecycling.com\/sk\/2023\/11\/16\/ako-prekonat-strach-cyklistu-zo-zleho-pocasia\/\" \/>\n<meta property=\"og:locale\" content=\"sk_SK\" \/>\n<meta property=\"og:type\" content=\"article\" \/>\n<meta property=\"og:title\" content=\"Ako prekona\u0165 strach cyklistu zo zl\u00e9ho po\u010dasia\" \/>\n<meta property=\"og:description\" content=\"Zl\u00e9 po\u010dasie m\u00f4\u017ee by\u0165 nepriate\u013eom cyklistiky iba vtedy, ak sa ho boj\u00edte. Prv\u00fdm krokom je vedie\u0165, na \u010do by\u0165 pripraven\u00fd.\" \/>\n<meta property=\"og:url\" content=\"https:\/\/www.welovecycling.com\/sk\/2023\/11\/16\/ako-prekonat-strach-cyklistu-zo-zleho-pocasia\/\" \/>\n<meta property=\"og:site_name\" content=\"\u0160koda We Love Cycling Slovensko\" \/>\n<meta property=\"article:published_time\" content=\"2023-11-16T12:11:10+00:00\" \/>\n<meta property=\"og:image\" content=\"https:\/\/d2p6e6u75xmxt8.cloudfront.net\/4\/2023\/11\/Cyclists-training-profimedia-0646228305-CVR.webp\" \/>\n\t<meta property=\"og:image:width\" content=\"900\" \/>\n\t<meta property=\"og:image:height\" content=\"600\" \/>\n\t<meta property=\"og:image:type\" content=\"image\/webp\" \/>\n<meta name=\"author\" content=\"dominika\" \/>\n<meta name=\"twitter:card\" content=\"summary_large_image\" \/>\n<meta name=\"twitter:label1\" content=\"Written by\" \/>\n\t<meta name=\"twitter:data1\" content=\"Ji\u0159\u00ed Kaloc\" \/>\n\t<meta name=\"twitter:label2\" content=\"Est. reading time\" \/>\n\t<meta name=\"twitter:data2\" content=\"3\" \/>\n<script type=\"application\/ld+json\" class=\"yoast-schema-graph\">{\"@context\":\"https:\/\/schema.org\",\"@graph\":[{\"@type\":\"WebPage\",\"@id\":\"https:\/\/www.welovecycling.com\/sk\/2023\/11\/16\/ako-prekonat-strach-cyklistu-zo-zleho-pocasia\/\",\"url\":\"https:\/\/www.welovecycling.com\/sk\/2023\/11\/16\/ako-prekonat-strach-cyklistu-zo-zleho-pocasia\/\",\"name\":\"Ako prekona\u0165 strach cyklistu zo zl\u00e9ho po\u010dasia - \u0160koda We Love Cycling Slovensko\",\"isPartOf\":{\"@id\":\"https:\/\/www.welovecycling.com\/sk\/#website\"},\"primaryImageOfPage\":{\"@id\":\"https:\/\/www.welovecycling.com\/sk\/2023\/11\/16\/ako-prekonat-strach-cyklistu-zo-zleho-pocasia\/#primaryimage\"},\"image\":{\"@id\":\"https:\/\/www.welovecycling.com\/sk\/2023\/11\/16\/ako-prekonat-strach-cyklistu-zo-zleho-pocasia\/#primaryimage\"},\"thumbnailUrl\":\"https:\/\/d2p6e6u75xmxt8.cloudfront.net\/4\/2023\/11\/Cyclists-training-profimedia-0646228305-CVR.webp\",\"datePublished\":\"2023-11-16T12:11:10+00:00\",\"author\":{\"@id\":\"https:\/\/www.welovecycling.com\/sk\/#\/schema\/person\/533b62b98b6c41bd5135ebfb1f742624\"},\"description\":\"Zl\u00e9 po\u010dasie m\u00f4\u017ee by\u0165 nepriate\u013eom cyklistiky iba vtedy, ak sa ho boj\u00edte. Prv\u00fdm krokom je vedie\u0165, na \u010do by\u0165 pripraven\u00fd.\",\"breadcrumb\":{\"@id\":\"https:\/\/www.welovecycling.com\/sk\/2023\/11\/16\/ako-prekonat-strach-cyklistu-zo-zleho-pocasia\/#breadcrumb\"},\"inLanguage\":\"sk-SK\",\"potentialAction\":[{\"@type\":\"ReadAction\",\"target\":[\"https:\/\/www.welovecycling.com\/sk\/2023\/11\/16\/ako-prekonat-strach-cyklistu-zo-zleho-pocasia\/\"]}]},{\"@type\":\"ImageObject\",\"inLanguage\":\"sk-SK\",\"@id\":\"https:\/\/www.welovecycling.com\/sk\/2023\/11\/16\/ako-prekonat-strach-cyklistu-zo-zleho-pocasia\/#primaryimage\",\"url\":\"https:\/\/d2p6e6u75xmxt8.cloudfront.net\/4\/2023\/11\/Cyclists-training-profimedia-0646228305-CVR.webp\",\"contentUrl\":\"https:\/\/d2p6e6u75xmxt8.cloudfront.net\/4\/2023\/11\/Cyclists-training-profimedia-0646228305-CVR.webp\",\"width\":900,\"height\":600,\"caption\":\"Cycling training\"},{\"@type\":\"BreadcrumbList\",\"@id\":\"https:\/\/www.welovecycling.com\/sk\/2023\/11\/16\/ako-prekonat-strach-cyklistu-zo-zleho-pocasia\/#breadcrumb\",\"itemListElement\":[{\"@type\":\"ListItem\",\"position\":1,\"name\":\"Home\",\"item\":\"https:\/\/www.welovecycling.com\/sk\/\"},{\"@type\":\"ListItem\",\"position\":2,\"name\":\"Ako prekona\u0165 strach cyklistu zo zl\u00e9ho po\u010dasia\"}]},{\"@type\":\"WebSite\",\"@id\":\"https:\/\/www.welovecycling.com\/sk\/#website\",\"url\":\"https:\/\/www.welovecycling.com\/sk\/\",\"name\":\"\u0160koda We Love Cycling Slovensko\",\"description\":\"\u0160koda We Love Cycling Slovensko je v\u00e1\u0161 ka\u017edodenn\u00fd zdroj noviniek a in\u0161pir\u00e1cie z sveta cyklistiky\",\"potentialAction\":[{\"@type\":\"SearchAction\",\"target\":{\"@type\":\"EntryPoint\",\"urlTemplate\":\"https:\/\/www.welovecycling.com\/sk\/?s={search_term_string}\"},\"query-input\":{\"@type\":\"PropertyValueSpecification\",\"valueRequired\":true,\"valueName\":\"search_term_string\"}}],\"inLanguage\":\"sk-SK\"},{\"@type\":\"Person\",\"@id\":\"https:\/\/www.welovecycling.com\/sk\/#\/schema\/person\/533b62b98b6c41bd5135ebfb1f742624\",\"name\":\"dominika\",\"image\":{\"@type\":\"ImageObject\",\"inLanguage\":\"sk-SK\",\"@id\":\"https:\/\/www.welovecycling.com\/sk\/#\/schema\/person\/image\/\",\"url\":\"https:\/\/secure.gravatar.com\/avatar\/ded6f274ba2ec3e17fff153f7d9d96a4b33c2cb63907f75d9a5309c599a7f3e6?s=96&d=mm&r=g\",\"contentUrl\":\"https:\/\/secure.gravatar.com\/avatar\/ded6f274ba2ec3e17fff153f7d9d96a4b33c2cb63907f75d9a5309c599a7f3e6?s=96&d=mm&r=g\",\"caption\":\"dominika\"},\"url\":\"https:\/\/www.welovecycling.com\/sk\/author\/dominika\/\"}]}<\/script>\n<!-- \/ Yoast SEO Premium plugin. -->","yoast_head_json":{"title":"Ako prekona\u0165 strach cyklistu zo zl\u00e9ho po\u010dasia - \u0160koda We Love Cycling Slovensko","description":"Zl\u00e9 po\u010dasie m\u00f4\u017ee by\u0165 nepriate\u013eom cyklistiky iba vtedy, ak sa ho boj\u00edte. Prv\u00fdm krokom je vedie\u0165, na \u010do by\u0165 pripraven\u00fd.","robots":{"index":"index","follow":"follow","max-snippet":"max-snippet:-1","max-image-preview":"max-image-preview:large","max-video-preview":"max-video-preview:-1"},"canonical":"https:\/\/www.welovecycling.com\/sk\/2023\/11\/16\/ako-prekonat-strach-cyklistu-zo-zleho-pocasia\/","og_locale":"sk_SK","og_type":"article","og_title":"Ako prekona\u0165 strach cyklistu zo zl\u00e9ho po\u010dasia","og_description":"Zl\u00e9 po\u010dasie m\u00f4\u017ee by\u0165 nepriate\u013eom cyklistiky iba vtedy, ak sa ho boj\u00edte. Prv\u00fdm krokom je vedie\u0165, na \u010do by\u0165 pripraven\u00fd.","og_url":"https:\/\/www.welovecycling.com\/sk\/2023\/11\/16\/ako-prekonat-strach-cyklistu-zo-zleho-pocasia\/","og_site_name":"\u0160koda We Love Cycling Slovensko","article_published_time":"2023-11-16T12:11:10+00:00","og_image":[{"width":900,"height":600,"url":"https:\/\/d2p6e6u75xmxt8.cloudfront.net\/4\/2023\/11\/Cyclists-training-profimedia-0646228305-CVR.webp","type":"image\/webp"}],"author":"dominika","twitter_card":"summary_large_image","twitter_misc":{"Written by":"Ji\u0159\u00ed Kaloc","Est. reading time":"3"},"schema":{"@context":"https:\/\/schema.org","@graph":[{"@type":"WebPage","@id":"https:\/\/www.welovecycling.com\/sk\/2023\/11\/16\/ako-prekonat-strach-cyklistu-zo-zleho-pocasia\/","url":"https:\/\/www.welovecycling.com\/sk\/2023\/11\/16\/ako-prekonat-strach-cyklistu-zo-zleho-pocasia\/","name":"Ako prekona\u0165 strach cyklistu zo zl\u00e9ho po\u010dasia - \u0160koda We Love Cycling Slovensko","isPartOf":{"@id":"https:\/\/www.welovecycling.com\/sk\/#website"},"primaryImageOfPage":{"@id":"https:\/\/www.welovecycling.com\/sk\/2023\/11\/16\/ako-prekonat-strach-cyklistu-zo-zleho-pocasia\/#primaryimage"},"image":{"@id":"https:\/\/www.welovecycling.com\/sk\/2023\/11\/16\/ako-prekonat-strach-cyklistu-zo-zleho-pocasia\/#primaryimage"},"thumbnailUrl":"https:\/\/d2p6e6u75xmxt8.cloudfront.net\/4\/2023\/11\/Cyclists-training-profimedia-0646228305-CVR.webp","datePublished":"2023-11-16T12:11:10+00:00","author":{"@id":"https:\/\/www.welovecycling.com\/sk\/#\/schema\/person\/533b62b98b6c41bd5135ebfb1f742624"},"description":"Zl\u00e9 po\u010dasie m\u00f4\u017ee by\u0165 nepriate\u013eom cyklistiky iba vtedy, ak sa ho boj\u00edte. Prv\u00fdm krokom je vedie\u0165, na \u010do by\u0165 pripraven\u00fd.","breadcrumb":{"@id":"https:\/\/www.welovecycling.com\/sk\/2023\/11\/16\/ako-prekonat-strach-cyklistu-zo-zleho-pocasia\/#breadcrumb"},"inLanguage":"sk-SK","potentialAction":[{"@type":"ReadAction","target":["https:\/\/www.welovecycling.com\/sk\/2023\/11\/16\/ako-prekonat-strach-cyklistu-zo-zleho-pocasia\/"]}]},{"@type":"ImageObject","inLanguage":"sk-SK","@id":"https:\/\/www.welovecycling.com\/sk\/2023\/11\/16\/ako-prekonat-strach-cyklistu-zo-zleho-pocasia\/#primaryimage","url":"https:\/\/d2p6e6u75xmxt8.cloudfront.net\/4\/2023\/11\/Cyclists-training-profimedia-0646228305-CVR.webp","contentUrl":"https:\/\/d2p6e6u75xmxt8.cloudfront.net\/4\/2023\/11\/Cyclists-training-profimedia-0646228305-CVR.webp","width":900,"height":600,"caption":"Cycling training"},{"@type":"BreadcrumbList","@id":"https:\/\/www.welovecycling.com\/sk\/2023\/11\/16\/ako-prekonat-strach-cyklistu-zo-zleho-pocasia\/#breadcrumb","itemListElement":[{"@type":"ListItem","position":1,"name":"Home","item":"https:\/\/www.welovecycling.com\/sk\/"},{"@type":"ListItem","position":2,"name":"Ako prekona\u0165 strach cyklistu zo zl\u00e9ho po\u010dasia"}]},{"@type":"WebSite","@id":"https:\/\/www.welovecycling.com\/sk\/#website","url":"https:\/\/www.welovecycling.com\/sk\/","name":"\u0160koda We Love Cycling Slovensko","description":"\u0160koda We Love Cycling Slovensko je v\u00e1\u0161 ka\u017edodenn\u00fd zdroj noviniek a in\u0161pir\u00e1cie z sveta cyklistiky","potentialAction":[{"@type":"SearchAction","target":{"@type":"EntryPoint","urlTemplate":"https:\/\/www.welovecycling.com\/sk\/?s={search_term_string}"},"query-input":{"@type":"PropertyValueSpecification","valueRequired":true,"valueName":"search_term_string"}}],"inLanguage":"sk-SK"},{"@type":"Person","@id":"https:\/\/www.welovecycling.com\/sk\/#\/schema\/person\/533b62b98b6c41bd5135ebfb1f742624","name":"dominika","image":{"@type":"ImageObject","inLanguage":"sk-SK","@id":"https:\/\/www.welovecycling.com\/sk\/#\/schema\/person\/image\/","url":"https:\/\/secure.gravatar.com\/avatar\/ded6f274ba2ec3e17fff153f7d9d96a4b33c2cb63907f75d9a5309c599a7f3e6?s=96&d=mm&r=g","contentUrl":"https:\/\/secure.gravatar.com\/avatar\/ded6f274ba2ec3e17fff153f7d9d96a4b33c2cb63907f75d9a5309c599a7f3e6?s=96&d=mm&r=g","caption":"dominika"},"url":"https:\/\/www.welovecycling.com\/sk\/author\/dominika\/"}]}},"_links":{"self":[{"href":"https:\/\/www.welovecycling.com\/sk\/wp-json\/wp\/v2\/posts\/18476","targetHints":{"allow":["GET"]}}],"collection":[{"href":"https:\/\/www.welovecycling.com\/sk\/wp-json\/wp\/v2\/posts"}],"about":[{"href":"https:\/\/www.welovecycling.com\/sk\/wp-json\/wp\/v2\/types\/post"}],"author":[{"embeddable":true,"href":"https:\/\/www.welovecycling.com\/sk\/wp-json\/wp\/v2\/users\/172"}],"replies":[{"embeddable":true,"href":"https:\/\/www.welovecycling.com\/sk\/wp-json\/wp\/v2\/comments?post=18476"}],"version-history":[{"count":2,"href":"https:\/\/www.welovecycling.com\/sk\/wp-json\/wp\/v2\/posts\/18476\/revisions"}],"predecessor-version":[{"id":18480,"href":"https:\/\/www.welovecycling.com\/sk\/wp-json\/wp\/v2\/posts\/18476\/revisions\/18480"}],"wp:featuredmedia":[{"embeddable":true,"href":"https:\/\/www.welovecycling.com\/sk\/wp-json\/wp\/v2\/media\/18479"}],"wp:attachment":[{"href":"https:\/\/www.welovecycling.com\/sk\/wp-json\/wp\/v2\/media?parent=18476"}],"wp:term":[{"taxonomy":"category","embeddable":true,"href":"https:\/\/www.welovecycling.com\/sk\/wp-json\/wp\/v2\/categories?post=18476"},{"taxonomy":"post_tag","embeddable":true,"href":"https:\/\/www.welovecycling.com\/sk\/wp-json\/wp\/v2\/tags?post=18476"},{"taxonomy":"global-categories","embeddable":true,"href":"https:\/\/www.welovecycling.com\/sk\/wp-json\/wp\/v2\/global-categories?post=18476"}],"curies":[{"name":"wp","href":"https:\/\/api.w.org\/{rel}","templated":true}]}}