{"id":18471,"date":"2023-11-13T10:10:22","date_gmt":"2023-11-13T09:10:22","guid":{"rendered":"https:\/\/www.welovecycling.com\/sk\/?p=18471"},"modified":"2023-11-13T10:10:22","modified_gmt":"2023-11-13T09:10:22","slug":"tour-de-france-2024-crta-sa-suboj-titanov","status":"publish","type":"post","link":"https:\/\/www.welovecycling.com\/sk\/2023\/11\/13\/tour-de-france-2024-crta-sa-suboj-titanov\/","title":{"rendered":"Tour de France 2024 &#8211; \u010drt\u00e1 sa s\u00faboj titanov"},"content":{"rendered":"<p><strong>Tour de France n\u00e1m po minul\u00e9 roky priniesla kr\u00e1sne a\u00a0nap\u00ednav\u00e9 s\u00faboje nervov, taktiky a\u00a0najm\u00e4 n\u00f4h. Chyst\u00e1 sa ale najnap\u00ednavej\u0161ia ed\u00edcia posledn\u00fdch rokov, ak nie desa\u0165ro\u010dia?<\/strong><!--more--><\/p>\n<p><span style=\"font-weight: 400;\">Tri mlad\u00e9 pu\u0161ky a\u00a0jeden \u201estar\u00fd bard\u201c. Dvojn\u00e1sobn\u00fd v\u00ed\u0165az Tour de France sa postav\u00ed dvojn\u00e1sobn\u00e9mu v\u00ed\u0165azovi Tour de France, trojn\u00e1sobn\u00fd v\u00ed\u0165az Vuelty zas v\u00ed\u0165azovi Vuelty a\u00a0b\u00fdval\u00e9mu majstrovi sveta. Col du Galibier u\u017e v\u00a0\u0161tvrtej etape. Najvy\u0161\u0161\u00ed bod Tour de France v\u00a0celej jej hist\u00f3rii v\u00a0podobe Cime de la Bonette. M\u00f4\u017ee to v\u00f4bec by\u0165 e\u0161te lep\u0161ie?<\/span><\/p>\n<p><b>Odchod Primo\u017ea Rogli\u010da do t\u00edmu BORA-Hansgrohe bol pravdepodobne prv\u00fdm k\u00faskom domina, ktor\u00fd od\u0161tartoval sled \u010fal\u0161\u00edch skvel\u00fdch udalost\u00ed \u2013 minim\u00e1lne pre n\u00e1s, cyklistov.<\/b><span style=\"font-weight: 400;\"> A\u00a0z\u00e1rove\u0148 prv\u00fdm k\u00faskom, ktor\u00fd prin\u00fati mno\u017estvo \u013eud\u00ed sedie\u0165 od 29. j\u00fana do 21. j\u00fala dennodenne pri telev\u00edzii. Pr\u00e1ve vtedy sa toti\u017e odohr\u00e1 111. ro\u010dn\u00edk Starej d\u00e1my, ktor\u00fd proti sebe s\u00a0najvy\u0161\u0161ou pravdepodobnos\u0165ou postav\u00ed es\u00e1 posledn\u00fdch Grand Tours \u2013 Jonasa Vingegaarda, Tadeja Poga\u010dara, Primo\u017ea Rogli\u010da a\u00a0Remca Evenepoela. Kto v\u0161ak z\u00a0tohto s\u00faboja titanov vyjde v\u00ed\u0165azne?<\/span><\/p>\n<p><a href=\"https:\/\/www.instagram.com\/p\/CvDWVGdL3Y6\/?img_index=1\">https:\/\/www.instagram.com\/p\/CvDWVGdL3Y6\/?img_index=1<\/a><\/p>\n<p><span style=\"font-weight: 400;\">Jonas Vingegaard je doslova d\u00e1nsky z\u00e1zrak. Pred p\u00e1r rokmi pracoval v\u00a0tov\u00e1rni na ryby, dnes je z neho dvojn\u00e1sobn\u00fd v\u00ed\u0165az Tour de France. V\u00a0jarnej \u010dasti sez\u00f3ny ho okrem Tadeja Poga\u010dara dok\u00e1zal na Par\u00ed\u017e-Nice porazi\u0165 dokonca aj David Gaudu, ale na Tour de France nedal nikomu najmen\u0161iu \u0161ancu. V\u017edy na zadnom kolese Tadeja Poga\u010dara, no akon\u00e1hle vyc\u00edtil jeho slabos\u0165, hladne za\u00fato\u010dil. <\/span><b>Pre 26-ro\u010dn\u00e9ho cyklistu v\u0161ak bude nadch\u00e1dzaj\u00faci ro\u010dn\u00edk Tour predsa len o\u00a0nie\u010do in\u00fd ne\u017e tie predo\u0161l\u00e9.<\/b><span style=\"font-weight: 400;\">\u00a0<\/span><\/p>\n<p><span style=\"font-weight: 400;\"><strong>Prvou ve\u013ekou zmenou je u\u017e spom\u00ednan\u00fd odchod Primo\u017ea Rogli\u010da zo zoskupenia Jumbo-Lease a\u00a0Bike (v roku 2023 t\u00edm niesol meno Jumbo Visma).<\/strong> Pravdepodobne viacer\u00ed m\u00e1me v\u00a0pam\u00e4ti etapu cez Col du Granon na Tour de France 2022, kedy dok\u00e1zalo Jumbo zvies\u0165 n\u00e1dhern\u00fa taktick\u00fa bitku s\u00a0ve\u013ek\u00fdm pri\u010dinen\u00edm Slovinca.<\/span><\/p>\n<p><span style=\"font-weight: 400;\">Ten musel na tohoro\u010dnej Vuelte prenecha\u0165 \u010derven\u00fd dres superdomestikovi t\u00edmu Seppovi Kussovi. A\u00a0pr\u00e1ve tento mu\u017e bude Vingegaardovi kry\u0165 chrb\u00e1t pri obhajobe \u017elt\u00e9ho dresu. Druhou \u201eranou\u201c bude absencia Wouta van Aerta v\u00a0t\u00edme. Jumbo ho bud\u00faci rok vysiela na Giro d\u2019Italia a\u00a0ke\u010f\u017ee sa chce nesk\u00f4r s\u00fastredi\u0165 na olympi\u00e1du, bude ch\u00fdba\u0165 na s\u00fapiske kan\u00e1rikov.<\/span><\/p>\n<p><span style=\"font-weight: 400;\">Ot\u00e1zkou tak zost\u00e1va, \u010di dok\u00e1\u017ee Jumbo i\u00a0tak vysklada\u0165 dostato\u010dne siln\u00fd t\u00edm, aby si prip\u00edsali tret\u00ed triumf v\u00a0rade.<\/span><\/p>\n<p><a href=\"https:\/\/www.instagram.com\/p\/CyG0HixsAd7\/?img_index=1\">https:\/\/www.instagram.com\/p\/CyG0HixsAd7\/?img_index=1<\/a><\/p>\n<p><span style=\"font-weight: 400;\">Tadej Poga\u010dar si po\u010das posledn\u00fdch dvoch ro\u010dn\u00edkov \u201evy\u017eral\u201c mno\u017estvo smoly. \u010ci u\u017e to bola slab\u0161ia podpora t\u00edmu v\u00a0roku 2022 alebo p\u00e1d na Li\u00e9ge-Bastogne-Li\u00e9ge a\u00a0n\u00e1sledn\u00fd v\u00fdpadok tr\u00e9ningu v\u00a0sez\u00f3ne 2023, \u017elt\u00fd dres mu dvakr\u00e1t tesne unikol pomedzi prsty. <strong>Tento rok sa v\u0161ak sily m\u00f4\u017eu vyrovna\u0165 najm\u00e4 z\u00e1sluhou z\u00e1veru franc\u00fazskeho etap\u00e1ku.<\/strong> Pod\u013ea jeho slov, n\u00e1ro\u010dn\u00e9 posledn\u00e9 etapy mu vy\u010darili \u00fasmev na tv\u00e1ri.\u00a0<\/span><\/p>\n<p><span style=\"font-weight: 400;\">To ist\u00e9 sa d\u00e1 poveda\u0165 aj o\u00a0z\u00e1vere\u010dnej, 35-kilometrovej \u010dasovke z\u00a0Monaka do Nice. <\/span><b>Na jej trase pretek\u00e1ri prekonaj\u00fa dva kopce a\u00a0mlad\u00fd Slovinec ich, nako\u013eko je jedn\u00fdm z\u00a0monack\u00fdch rezidentov, ur\u010dite dobre pozn\u00e1.<\/b><span style=\"font-weight: 400;\"> \u010casovky (mo\u017eno s\u00a0v\u00fdnimkou poslednej Tour de France) b\u00fdvali v\u017edy jeho silnou str\u00e1nkou, \u010do n\u00e1m potvrdil u\u017e v\u00a0roku 2020, kedy v\u00a0jednej z\u00a0nich vyzliekol Primo\u017ea Rogli\u010da zo \u017elt\u00e9ho dresu. Ot\u00e1znym v\u0161ak st\u00e1le zost\u00e1va \u00favod sez\u00f3ny, pln\u00fd riskantn\u00fdch podujat\u00ed na kock\u00e1ch a\u00a0nespevnen\u00fdch povrchoch. Rovnako tak st\u00e1le visia vo vzduchu f\u00e1my o\u00a0jeho \u00fa\u010dasti na Giro d\u2018Italia&#8230;<\/span><\/p>\n<p><a href=\"https:\/\/www.instagram.com\/p\/Cs1rZqpt6b2\/\">https:\/\/www.instagram.com\/p\/Cs1rZqpt6b2\/<\/a><\/p>\n<p><span style=\"font-weight: 400;\">Pre Primo\u017ea Rogli\u010da je Tour de France ako zakliata. Najlep\u0161\u00edm umiestnen\u00edm st\u00e1le zost\u00e1va druh\u00e9 miesto z\u00a0roku 2020, v\u00a0roku 2018 skon\u010dil tesne pod p\u00f3diom. Posledn\u00e9 ro\u010dn\u00edky ho sprev\u00e1dzala nielen smola, ale aj v\u00fdrazn\u00e1 dominancia Jonasa Vingegaarda, v\u00a0tieni ktor\u00e9ho sa Rogli\u010d ocitol.\u00a0<\/span><\/p>\n<p><b>Tentokr\u00e1t v\u0161ak bude v\u00a0nemeckom zoskupen\u00ed d\u00fdcha\u0165 \u201e\u010dist\u00fd vzduch\u201c a\u00a0na Star\u00fa d\u00e1mu bude smerova\u0165 ako jednotka t\u00edmu.<\/b><span style=\"font-weight: 400;\"> BORA-hansgrohe v\u00a0posledn\u00fdch rokoch ukazuje, \u017ee jednozna\u010dne m\u00e1 na to, aby Grand Tour ovl\u00e1dla, i\u00a0ke\u010f sa to tomuto nemeck\u00e9mu celku podarilo len raz. U\u017e teraz sa v\u0161ak m\u00f4\u017eeme te\u0161i\u0165 na priame porovnanie dvoch b\u00fdval\u00fdch t\u00edmov\u00fdch kolegov, ktor\u00ed bud\u00fa tentokr\u00e1t st\u00e1\u0165 proti sebe.<\/span><\/p>\n<p><a href=\"https:\/\/www.instagram.com\/p\/Cyd0FB_MYir\/?img_index=1\">https:\/\/www.instagram.com\/p\/Cyd0FB_MYir\/?img_index=1<\/a><\/p>\n<p><span style=\"font-weight: 400;\">Posledn\u00fdm z \u201eve\u013ekej \u0161tvorky\u201c je Remco Evenepoel. Jeho vrch\u00e1rske schopnosti a\u00a0v\u00fdbu\u0161nos\u0165 s\u00fa nespochybnite\u013en\u00e9, no vo ve\u013ek\u00fdch kopcoch na etap\u00e1koch sme ho e\u0161te preteka\u0165 nevideli. Posledn\u00fa pr\u00edle\u017eitos\u0165 mu prekazil covid-19. Pre tohtoro\u010dn\u00fa Tour de France mu ale do t\u00edmu dorazila ve\u013ek\u00e1 posila. <\/span><b>Mikel Landa bude hra\u0165 v\u00fdrazn\u00fa rolu pri \u0165ahan\u00ed Evenepoela alpsk\u00fdmi a\u00a0pyrenejsk\u00fdmi priesmykmi tak, aby dok\u00e1zal Remco preuk\u00e1za\u0165 svoje schopnosti v\u00a0z\u00e1vere\u010dnej \u010dasovke.<\/b><span style=\"font-weight: 400;\"> Dok\u00e1\u017ee Belgi\u010dan vyst\u00fapi\u0165 zo svojho tie\u0148a majstra ardensk\u00fdch klas\u00edk?<\/span><\/p>\n<p><span style=\"font-weight: 400;\">Bl\u00ed\u017eiaci sa 111. ro\u010dn\u00edk Starej d\u00e1my zatia\u013e pon\u00faka viac ot\u00e1zok ne\u017e odpoved\u00ed. No u\u017e teraz je jasn\u00e9, \u017ee n\u00e1ro\u010dn\u00e9 st\u00fapania, dl\u00e1\u017eden\u00e9 \u00faseky, \u201egravel\u201c sektory a\u00a0\u010dasovky prines\u00fa div\u00e1cky neskuto\u010dne atrakt\u00edvnu show. Ur\u010dite sa m\u00e1me na \u010do te\u0161i\u0165.<\/span><\/p>\n","protected":false},"excerpt":{"rendered":"<p>Tour de France n\u00e1m po minul\u00e9 roky priniesla kr\u00e1sne a\u00a0nap\u00ednav\u00e9 s\u00faboje nervov, taktiky a\u00a0najm\u00e4 n\u00f4h. Chyst\u00e1 sa ale najnap\u00ednavej\u0161ia ed\u00edcia [&hellip;]<\/p>\n","protected":false},"author":172,"featured_media":18472,"comment_status":"open","ping_status":"open","sticky":false,"template":"","format":"standard","meta":{"footnotes":""},"categories":[117],"tags":[331,306,1524,179,170,1615,1258,20,1614],"global-categories":[1074],"class_list":["post-18471","post","type-post","status-publish","format-standard","has-post-thumbnail","hentry","category-tour-de-france","tag-etapove-preteky","tag-francuzsko","tag-jonas-vingegaard","tag-preteky","tag-primoz-roglic","tag-sezona-2024","tag-tadej-pogacar","tag-tour-de-france","tag-tour-de-france-2024","global-categories-cycling"],"yoast_head":"<!-- This site is optimized with the Yoast SEO Premium plugin v25.3 (Yoast SEO v25.9) - https:\/\/yoast.com\/wordpress\/plugins\/seo\/ -->\n<title>Tour de France 2024 - \u010drt\u00e1 sa s\u00faboj titanov - \u0160koda We Love Cycling Slovensko<\/title>\n<meta name=\"description\" content=\"Tour de France n\u00e1m po minul\u00e9 roky priniesla kr\u00e1sne a\u00a0nap\u00ednav\u00e9 s\u00faboje. Chyst\u00e1 sa najnap\u00ednavej\u0161ia ed\u00edcia posledn\u00fdch rokov, ak nie desa\u0165ro\u010dia?\" \/>\n<meta name=\"robots\" content=\"index, follow, max-snippet:-1, max-image-preview:large, max-video-preview:-1\" \/>\n<link rel=\"canonical\" href=\"https:\/\/www.welovecycling.com\/sk\/2023\/11\/13\/tour-de-france-2024-crta-sa-suboj-titanov\/\" \/>\n<meta property=\"og:locale\" content=\"sk_SK\" \/>\n<meta property=\"og:type\" content=\"article\" \/>\n<meta property=\"og:title\" content=\"Tour de France 2024 - \u010drt\u00e1 sa s\u00faboj titanov\" \/>\n<meta property=\"og:description\" content=\"Tour de France n\u00e1m po minul\u00e9 roky priniesla kr\u00e1sne a\u00a0nap\u00ednav\u00e9 s\u00faboje. Chyst\u00e1 sa najnap\u00ednavej\u0161ia ed\u00edcia posledn\u00fdch rokov, ak nie desa\u0165ro\u010dia?\" \/>\n<meta property=\"og:url\" content=\"https:\/\/www.welovecycling.com\/sk\/2023\/11\/13\/tour-de-france-2024-crta-sa-suboj-titanov\/\" \/>\n<meta property=\"og:site_name\" content=\"\u0160koda We Love Cycling Slovensko\" \/>\n<meta property=\"article:published_time\" content=\"2023-11-13T09:10:22+00:00\" \/>\n<meta property=\"og:image\" content=\"https:\/\/d2p6e6u75xmxt8.cloudfront.net\/4\/2023\/11\/titulka_Tour-de-France-Peloton-profimedia-0708722804-CVR.webp\" \/>\n\t<meta property=\"og:image:width\" content=\"990\" \/>\n\t<meta property=\"og:image:height\" content=\"660\" \/>\n\t<meta property=\"og:image:type\" content=\"image\/webp\" \/>\n<meta name=\"author\" content=\"dominika\" \/>\n<meta name=\"twitter:card\" content=\"summary_large_image\" \/>\n<meta name=\"twitter:label1\" content=\"Written by\" \/>\n\t<meta name=\"twitter:data1\" content=\"We Love Cycling\" \/>\n\t<meta name=\"twitter:label2\" content=\"Est. reading time\" \/>\n\t<meta name=\"twitter:data2\" content=\"4\" \/>\n<script type=\"application\/ld+json\" class=\"yoast-schema-graph\">{\"@context\":\"https:\/\/schema.org\",\"@graph\":[{\"@type\":\"WebPage\",\"@id\":\"https:\/\/www.welovecycling.com\/sk\/2023\/11\/13\/tour-de-france-2024-crta-sa-suboj-titanov\/\",\"url\":\"https:\/\/www.welovecycling.com\/sk\/2023\/11\/13\/tour-de-france-2024-crta-sa-suboj-titanov\/\",\"name\":\"Tour de France 2024 - \u010drt\u00e1 sa s\u00faboj titanov - \u0160koda We Love Cycling Slovensko\",\"isPartOf\":{\"@id\":\"https:\/\/www.welovecycling.com\/sk\/#website\"},\"primaryImageOfPage\":{\"@id\":\"https:\/\/www.welovecycling.com\/sk\/2023\/11\/13\/tour-de-france-2024-crta-sa-suboj-titanov\/#primaryimage\"},\"image\":{\"@id\":\"https:\/\/www.welovecycling.com\/sk\/2023\/11\/13\/tour-de-france-2024-crta-sa-suboj-titanov\/#primaryimage\"},\"thumbnailUrl\":\"https:\/\/d2p6e6u75xmxt8.cloudfront.net\/4\/2023\/11\/titulka_Tour-de-France-Peloton-profimedia-0708722804-CVR.webp\",\"datePublished\":\"2023-11-13T09:10:22+00:00\",\"author\":{\"@id\":\"https:\/\/www.welovecycling.com\/sk\/#\/schema\/person\/533b62b98b6c41bd5135ebfb1f742624\"},\"description\":\"Tour de France n\u00e1m po minul\u00e9 roky priniesla kr\u00e1sne a\u00a0nap\u00ednav\u00e9 s\u00faboje. Chyst\u00e1 sa najnap\u00ednavej\u0161ia ed\u00edcia posledn\u00fdch rokov, ak nie desa\u0165ro\u010dia?\",\"breadcrumb\":{\"@id\":\"https:\/\/www.welovecycling.com\/sk\/2023\/11\/13\/tour-de-france-2024-crta-sa-suboj-titanov\/#breadcrumb\"},\"inLanguage\":\"sk-SK\",\"potentialAction\":[{\"@type\":\"ReadAction\",\"target\":[\"https:\/\/www.welovecycling.com\/sk\/2023\/11\/13\/tour-de-france-2024-crta-sa-suboj-titanov\/\"]}]},{\"@type\":\"ImageObject\",\"inLanguage\":\"sk-SK\",\"@id\":\"https:\/\/www.welovecycling.com\/sk\/2023\/11\/13\/tour-de-france-2024-crta-sa-suboj-titanov\/#primaryimage\",\"url\":\"https:\/\/d2p6e6u75xmxt8.cloudfront.net\/4\/2023\/11\/titulka_Tour-de-France-Peloton-profimedia-0708722804-CVR.webp\",\"contentUrl\":\"https:\/\/d2p6e6u75xmxt8.cloudfront.net\/4\/2023\/11\/titulka_Tour-de-France-Peloton-profimedia-0708722804-CVR.webp\",\"width\":990,\"height\":660},{\"@type\":\"BreadcrumbList\",\"@id\":\"https:\/\/www.welovecycling.com\/sk\/2023\/11\/13\/tour-de-france-2024-crta-sa-suboj-titanov\/#breadcrumb\",\"itemListElement\":[{\"@type\":\"ListItem\",\"position\":1,\"name\":\"Home\",\"item\":\"https:\/\/www.welovecycling.com\/sk\/\"},{\"@type\":\"ListItem\",\"position\":2,\"name\":\"Tour de France 2024 &#8211; \u010drt\u00e1 sa s\u00faboj titanov\"}]},{\"@type\":\"WebSite\",\"@id\":\"https:\/\/www.welovecycling.com\/sk\/#website\",\"url\":\"https:\/\/www.welovecycling.com\/sk\/\",\"name\":\"\u0160koda We Love Cycling Slovensko\",\"description\":\"\u0160koda We Love Cycling Slovensko je v\u00e1\u0161 ka\u017edodenn\u00fd zdroj noviniek a in\u0161pir\u00e1cie z sveta cyklistiky\",\"potentialAction\":[{\"@type\":\"SearchAction\",\"target\":{\"@type\":\"EntryPoint\",\"urlTemplate\":\"https:\/\/www.welovecycling.com\/sk\/?s={search_term_string}\"},\"query-input\":{\"@type\":\"PropertyValueSpecification\",\"valueRequired\":true,\"valueName\":\"search_term_string\"}}],\"inLanguage\":\"sk-SK\"},{\"@type\":\"Person\",\"@id\":\"https:\/\/www.welovecycling.com\/sk\/#\/schema\/person\/533b62b98b6c41bd5135ebfb1f742624\",\"name\":\"dominika\",\"image\":{\"@type\":\"ImageObject\",\"inLanguage\":\"sk-SK\",\"@id\":\"https:\/\/www.welovecycling.com\/sk\/#\/schema\/person\/image\/\",\"url\":\"https:\/\/secure.gravatar.com\/avatar\/ded6f274ba2ec3e17fff153f7d9d96a4b33c2cb63907f75d9a5309c599a7f3e6?s=96&d=mm&r=g\",\"contentUrl\":\"https:\/\/secure.gravatar.com\/avatar\/ded6f274ba2ec3e17fff153f7d9d96a4b33c2cb63907f75d9a5309c599a7f3e6?s=96&d=mm&r=g\",\"caption\":\"dominika\"},\"url\":\"https:\/\/www.welovecycling.com\/sk\/author\/dominika\/\"}]}<\/script>\n<!-- \/ Yoast SEO Premium plugin. -->","yoast_head_json":{"title":"Tour de France 2024 - \u010drt\u00e1 sa s\u00faboj titanov - \u0160koda We Love Cycling Slovensko","description":"Tour de France n\u00e1m po minul\u00e9 roky priniesla kr\u00e1sne a\u00a0nap\u00ednav\u00e9 s\u00faboje. Chyst\u00e1 sa najnap\u00ednavej\u0161ia ed\u00edcia posledn\u00fdch rokov, ak nie desa\u0165ro\u010dia?","robots":{"index":"index","follow":"follow","max-snippet":"max-snippet:-1","max-image-preview":"max-image-preview:large","max-video-preview":"max-video-preview:-1"},"canonical":"https:\/\/www.welovecycling.com\/sk\/2023\/11\/13\/tour-de-france-2024-crta-sa-suboj-titanov\/","og_locale":"sk_SK","og_type":"article","og_title":"Tour de France 2024 - \u010drt\u00e1 sa s\u00faboj titanov","og_description":"Tour de France n\u00e1m po minul\u00e9 roky priniesla kr\u00e1sne a\u00a0nap\u00ednav\u00e9 s\u00faboje. Chyst\u00e1 sa najnap\u00ednavej\u0161ia ed\u00edcia posledn\u00fdch rokov, ak nie desa\u0165ro\u010dia?","og_url":"https:\/\/www.welovecycling.com\/sk\/2023\/11\/13\/tour-de-france-2024-crta-sa-suboj-titanov\/","og_site_name":"\u0160koda We Love Cycling Slovensko","article_published_time":"2023-11-13T09:10:22+00:00","og_image":[{"width":990,"height":660,"url":"https:\/\/d2p6e6u75xmxt8.cloudfront.net\/4\/2023\/11\/titulka_Tour-de-France-Peloton-profimedia-0708722804-CVR.webp","type":"image\/webp"}],"author":"dominika","twitter_card":"summary_large_image","twitter_misc":{"Written by":"We Love Cycling","Est. reading time":"4"},"schema":{"@context":"https:\/\/schema.org","@graph":[{"@type":"WebPage","@id":"https:\/\/www.welovecycling.com\/sk\/2023\/11\/13\/tour-de-france-2024-crta-sa-suboj-titanov\/","url":"https:\/\/www.welovecycling.com\/sk\/2023\/11\/13\/tour-de-france-2024-crta-sa-suboj-titanov\/","name":"Tour de France 2024 - \u010drt\u00e1 sa s\u00faboj titanov - \u0160koda We Love Cycling Slovensko","isPartOf":{"@id":"https:\/\/www.welovecycling.com\/sk\/#website"},"primaryImageOfPage":{"@id":"https:\/\/www.welovecycling.com\/sk\/2023\/11\/13\/tour-de-france-2024-crta-sa-suboj-titanov\/#primaryimage"},"image":{"@id":"https:\/\/www.welovecycling.com\/sk\/2023\/11\/13\/tour-de-france-2024-crta-sa-suboj-titanov\/#primaryimage"},"thumbnailUrl":"https:\/\/d2p6e6u75xmxt8.cloudfront.net\/4\/2023\/11\/titulka_Tour-de-France-Peloton-profimedia-0708722804-CVR.webp","datePublished":"2023-11-13T09:10:22+00:00","author":{"@id":"https:\/\/www.welovecycling.com\/sk\/#\/schema\/person\/533b62b98b6c41bd5135ebfb1f742624"},"description":"Tour de France n\u00e1m po minul\u00e9 roky priniesla kr\u00e1sne a\u00a0nap\u00ednav\u00e9 s\u00faboje. Chyst\u00e1 sa najnap\u00ednavej\u0161ia ed\u00edcia posledn\u00fdch rokov, ak nie desa\u0165ro\u010dia?","breadcrumb":{"@id":"https:\/\/www.welovecycling.com\/sk\/2023\/11\/13\/tour-de-france-2024-crta-sa-suboj-titanov\/#breadcrumb"},"inLanguage":"sk-SK","potentialAction":[{"@type":"ReadAction","target":["https:\/\/www.welovecycling.com\/sk\/2023\/11\/13\/tour-de-france-2024-crta-sa-suboj-titanov\/"]}]},{"@type":"ImageObject","inLanguage":"sk-SK","@id":"https:\/\/www.welovecycling.com\/sk\/2023\/11\/13\/tour-de-france-2024-crta-sa-suboj-titanov\/#primaryimage","url":"https:\/\/d2p6e6u75xmxt8.cloudfront.net\/4\/2023\/11\/titulka_Tour-de-France-Peloton-profimedia-0708722804-CVR.webp","contentUrl":"https:\/\/d2p6e6u75xmxt8.cloudfront.net\/4\/2023\/11\/titulka_Tour-de-France-Peloton-profimedia-0708722804-CVR.webp","width":990,"height":660},{"@type":"BreadcrumbList","@id":"https:\/\/www.welovecycling.com\/sk\/2023\/11\/13\/tour-de-france-2024-crta-sa-suboj-titanov\/#breadcrumb","itemListElement":[{"@type":"ListItem","position":1,"name":"Home","item":"https:\/\/www.welovecycling.com\/sk\/"},{"@type":"ListItem","position":2,"name":"Tour de France 2024 &#8211; \u010drt\u00e1 sa s\u00faboj titanov"}]},{"@type":"WebSite","@id":"https:\/\/www.welovecycling.com\/sk\/#website","url":"https:\/\/www.welovecycling.com\/sk\/","name":"\u0160koda We Love Cycling Slovensko","description":"\u0160koda We Love Cycling Slovensko je v\u00e1\u0161 ka\u017edodenn\u00fd zdroj noviniek a in\u0161pir\u00e1cie z sveta cyklistiky","potentialAction":[{"@type":"SearchAction","target":{"@type":"EntryPoint","urlTemplate":"https:\/\/www.welovecycling.com\/sk\/?s={search_term_string}"},"query-input":{"@type":"PropertyValueSpecification","valueRequired":true,"valueName":"search_term_string"}}],"inLanguage":"sk-SK"},{"@type":"Person","@id":"https:\/\/www.welovecycling.com\/sk\/#\/schema\/person\/533b62b98b6c41bd5135ebfb1f742624","name":"dominika","image":{"@type":"ImageObject","inLanguage":"sk-SK","@id":"https:\/\/www.welovecycling.com\/sk\/#\/schema\/person\/image\/","url":"https:\/\/secure.gravatar.com\/avatar\/ded6f274ba2ec3e17fff153f7d9d96a4b33c2cb63907f75d9a5309c599a7f3e6?s=96&d=mm&r=g","contentUrl":"https:\/\/secure.gravatar.com\/avatar\/ded6f274ba2ec3e17fff153f7d9d96a4b33c2cb63907f75d9a5309c599a7f3e6?s=96&d=mm&r=g","caption":"dominika"},"url":"https:\/\/www.welovecycling.com\/sk\/author\/dominika\/"}]}},"_links":{"self":[{"href":"https:\/\/www.welovecycling.com\/sk\/wp-json\/wp\/v2\/posts\/18471","targetHints":{"allow":["GET"]}}],"collection":[{"href":"https:\/\/www.welovecycling.com\/sk\/wp-json\/wp\/v2\/posts"}],"about":[{"href":"https:\/\/www.welovecycling.com\/sk\/wp-json\/wp\/v2\/types\/post"}],"author":[{"embeddable":true,"href":"https:\/\/www.welovecycling.com\/sk\/wp-json\/wp\/v2\/users\/172"}],"replies":[{"embeddable":true,"href":"https:\/\/www.welovecycling.com\/sk\/wp-json\/wp\/v2\/comments?post=18471"}],"version-history":[{"count":2,"href":"https:\/\/www.welovecycling.com\/sk\/wp-json\/wp\/v2\/posts\/18471\/revisions"}],"predecessor-version":[{"id":18474,"href":"https:\/\/www.welovecycling.com\/sk\/wp-json\/wp\/v2\/posts\/18471\/revisions\/18474"}],"wp:featuredmedia":[{"embeddable":true,"href":"https:\/\/www.welovecycling.com\/sk\/wp-json\/wp\/v2\/media\/18472"}],"wp:attachment":[{"href":"https:\/\/www.welovecycling.com\/sk\/wp-json\/wp\/v2\/media?parent=18471"}],"wp:term":[{"taxonomy":"category","embeddable":true,"href":"https:\/\/www.welovecycling.com\/sk\/wp-json\/wp\/v2\/categories?post=18471"},{"taxonomy":"post_tag","embeddable":true,"href":"https:\/\/www.welovecycling.com\/sk\/wp-json\/wp\/v2\/tags?post=18471"},{"taxonomy":"global-categories","embeddable":true,"href":"https:\/\/www.welovecycling.com\/sk\/wp-json\/wp\/v2\/global-categories?post=18471"}],"curies":[{"name":"wp","href":"https:\/\/api.w.org\/{rel}","templated":true}]}}