{"id":18443,"date":"2023-11-02T09:44:30","date_gmt":"2023-11-02T08:44:30","guid":{"rendered":"https:\/\/www.welovecycling.com\/sk\/?p=18443"},"modified":"2023-11-03T16:45:34","modified_gmt":"2023-11-03T15:45:34","slug":"jesenne-jazdenie-v-horach-tu-je-5-veci-ktore-by-ste-mali-vediet","status":"publish","type":"post","link":"https:\/\/www.welovecycling.com\/sk\/2023\/11\/02\/jesenne-jazdenie-v-horach-tu-je-5-veci-ktore-by-ste-mali-vediet\/","title":{"rendered":"Jesenn\u00e9 jazdenie v hor\u00e1ch? Tu je 5 vec\u00ed, ktor\u00e9 by ste mali vedie\u0165"},"content":{"rendered":"<p><strong>Jese\u0148 je ako stvoren\u00e1 na horsk\u00fa cyklistiku. Ve\u010f jazdi\u0165 na bicykli po hor\u00e1ch po\u010das jesenn\u00fdch mesiacov je doslova vzru\u0161uj\u00face. Toto ro\u010dn\u00e9 obdobie pon\u00faka mno\u017estvo \u00fa\u017easn\u00fdch pr\u00edrodn\u00fdch scen\u00e9ri\u00ed, nov\u00e9 z\u00e1\u017eitky a samozrejme ve\u013ea z\u00e1bavy. Predt\u00fdm ale, ne\u017e sa vyberiete na najbli\u017e\u0161\u00ed svah, pripome\u0148te si nieko\u013eko d\u00f4le\u017eit\u00fdch vec\u00ed.<\/strong><\/p>\n<p><!--more--><\/p>\n<h2><b>Pozor na opadan\u00e9 l\u00edstie<\/b><\/h2>\n<p><span style=\"font-weight: 400;\"><strong>Jese\u0148 je pestr\u00e1, vesel\u00e1, ale aj mimoriadne klzk\u00e1 a nebezpe\u010dn\u00e1.<\/strong> Ak ste na jese\u0148 u\u017e za\u017eili horsk\u00e9 cesty a chodn\u00edky, ur\u010dite viete, \u017ee niektor\u00e9 miesta s\u00fa doslova pokryt\u00e9 opadan\u00fdm farebn\u00fdm l\u00edst\u00edm. Pod t\u00fdmto n\u00e1dhern\u00fdm kobercom je v\u0161ak ukryt\u00fdch mno\u017estvo n\u00e1strah, ktor\u00e9 akoby len \u010dakali na to, aby v\u00e1s zmietli z cesty.<\/span><\/p>\n<p><span style=\"font-weight: 400;\">V prvom rade m\u00f4\u017eu by\u0165 nebezpe\u010dn\u00e9 u\u017e aj samotn\u00e9 listy \u2013 ke\u010f s\u00fa mokr\u00e9, s\u00fa ve\u013emi \u0161myk\u013eav\u00e9.<strong> To, \u010do skr\u00fdvaj\u00fa pod sebou, ich v\u0161ak rob\u00ed e\u0161te nebezpe\u010dnej\u0161\u00edmi. <\/strong><\/span><span style=\"font-weight: 400;\"><strong>Korene s\u00fa prekliat\u00edm ka\u017edej jazdy a ve\u013emi jednoducho m\u00f4\u017eu by\u0165 pr\u00ed\u010dinou nejednej nehody.<\/strong> S\u00fa nebezpe\u010dn\u00e9, aj ke\u010f s\u00fa such\u00e9 a vidite\u013en\u00e9. Ke\u010f s\u00fa mokr\u00e9 a pokryt\u00e9 l\u00edst\u00edm, s\u00fa to doslova n\u00e1\u0161\u013eapn\u00e9 m\u00edny, ktor\u00e9 \u010dakaj\u00fa, k\u00fdm sa na ne dostane va\u0161e predn\u00e9 koleso \u2013 a\u00a0vy let\u00edte, ani neviete ako. To ist\u00e9 plat\u00ed pre v\u00e4\u010d\u0161ie kamene a samozrejme aj pre blato.<\/span><\/p>\n<p><span style=\"font-weight: 400;\">Ak teda idete jazdi\u0165 po novej trase, majte na pam\u00e4ti tieto nebezpe\u010denstv\u00e1.<strong> Okrem toho si nezabudnite vzia\u0165 prilbu, t\u00e1 by mala by\u0165 samozrejmos\u0165ou v\u017edy a za ka\u017ed\u00fdch okolnost\u00ed.<\/strong> Z\u00eddu sa v\u00e1m aj chr\u00e1ni\u010de \u010di n\u00e1hradn\u00e9 such\u00e9 oble\u010denie na cestu domov.\u00a0<\/span><\/p>\n<h2><b>Kol\u00edsav\u00e9 teploty<\/b><\/h2>\n<p><span style=\"font-weight: 400;\">Pri v\u00fdjazdoch po\u010das jesenn\u00fdch dn\u00ed si mus\u00edte d\u00e1va\u0165 pozor aj na teplotn\u00e9 v\u00fdkyvy. V horsk\u00fdch oblastiach m\u00f4\u017eu by\u0165 cez de\u0148 letn\u00e9 teploty, ale r\u00e1no a\u00a0ve\u010der m\u00f4\u017ee teplomer klesn\u00fa\u0165 aj pod nulu. To v\u00f4bec nie je ni\u010d pr\u00edjemn\u00e9, ak na to nie ste pripraven\u00ed.\u00a0<\/span><span style=\"font-weight: 400;\"><strong>Ak ste oble\u010den\u00ed v\u00fdhradne proti vplyvom studen\u00e9ho po\u010dasia, budete sa pri v\u00fdstupoch c\u00edti\u0165 dos\u0165 nepr\u00edjemne.<\/strong> Na druhej strane, ak ste iba sporo oble\u010den\u00ed, vymrznete, ke\u010f sa dostanete dostato\u010dne vysoko.\u00a0<\/span><\/p>\n<p><span style=\"font-weight: 400;\">V\u00fdkyvy tepl\u00f4t s\u00fa priamo \u00famern\u00e9 nadmorskej v\u00fd\u0161ke. Ak vyst\u00fapite na 1000 metrov, po\u010dasie tam bude ove\u013ea chladnej\u0161ie. Ak je v meste teplota 25 stup\u0148ov, hore m\u00f4\u017ee by\u0165 iba 12 stup\u0148ov. <strong>Na jazdu a zostup si preto ur\u010dite nezabudnite pribali\u0165 tepl\u00e9 oble\u010denie.<\/strong><\/span><\/p>\n<p><span style=\"font-weight: 400;\">Dni sa navy\u0161e skracuj\u00fa, preto sa dobre uistite, \u017ee m\u00e1te <strong>svetl\u00e1, ak v\u00e1s v hor\u00e1ch zastihne tma.\u00a0<\/strong><\/span><\/p>\n<figure id=\"attachment_18444\" aria-describedby=\"caption-attachment-18444\" style=\"width: 1000px\" class=\"wp-caption alignnone\"><a href=\"https:\/\/d2p6e6u75xmxt8.cloudfront.net\/4\/2023\/11\/MTB-trail-profimedia-0393504536.webp\"><img loading=\"lazy\" decoding=\"async\" class=\"wp-image-18444 size-full\" src=\"https:\/\/d2p6e6u75xmxt8.cloudfront.net\/4\/2023\/11\/MTB-trail-profimedia-0393504536.webp\" alt=\"MTB\" width=\"1000\" height=\"667\" srcset=\"https:\/\/d2p6e6u75xmxt8.cloudfront.net\/4\/2023\/11\/MTB-trail-profimedia-0393504536.webp 1000w, https:\/\/d2p6e6u75xmxt8.cloudfront.net\/4\/2023\/11\/MTB-trail-profimedia-0393504536-300x200.webp 300w, https:\/\/d2p6e6u75xmxt8.cloudfront.net\/4\/2023\/11\/MTB-trail-profimedia-0393504536-768x512.webp 768w, https:\/\/d2p6e6u75xmxt8.cloudfront.net\/4\/2023\/11\/MTB-trail-profimedia-0393504536-400x267.webp 400w, https:\/\/d2p6e6u75xmxt8.cloudfront.net\/4\/2023\/11\/MTB-trail-profimedia-0393504536-272x182.webp 272w\" sizes=\"auto, (max-width: 1000px) 100vw, 1000px\" \/><\/a><figcaption id=\"caption-attachment-18444\" class=\"wp-caption-text\"><b>Uistite sa, \u017ee ste dobre pripraven\u00ed na jesenn\u00fa jazdu. \u00a9 Profimedia<\/b><\/figcaption><\/figure>\n<h2><b>D\u00e1vajte si pozor na divok\u00fa zver<\/b><\/h2>\n<p><span style=\"font-weight: 400;\">Ke\u010f\u017ee je tu jese\u0148 a s \u0148ou aj ni\u017e\u0161ie teploty, do h\u00f4r bude chodi\u0165 v\u00fdrazne menej \u013eud\u00ed. Prirodzene, pre v\u00e1s to m\u00f4\u017ee by\u0165 len v\u00fdhoda \u2013 \u017eiadni \u013eudia naokolo znamen\u00e1 ove\u013ea viac z\u00e1bavy, vy\u0161\u0161iu r\u00fdchlos\u0165 jazdy a menej potenci\u00e1lnych incidentov. <strong>Znamen\u00e1 to v\u0161ak tie\u017e, \u017ee\u00a0nepr\u00edtomnos\u0165 \u010dloveka vyu\u017e\u00edva aj divok\u00e1 zver a za\u010d\u00edna sa pohybova\u0165 ove\u013ea \u010dastej\u0161ie.<\/strong><\/span><\/p>\n<p><span style=\"font-weight: 400;\">Jese\u0148 je napr\u00edklad obdob\u00edm rozmno\u017eovania jele\u0148ov, ktor\u00e9 be\u017ene pozn\u00e1me pod pojmom jelenia ruja. Samce m\u00f4\u017eu by\u0165 po\u010das tohto obdobia agres\u00edvnej\u0161ie a menej obozretn\u00e9, ke\u010f\u017ee h\u013eadaj\u00fa potenci\u00e1lne \u201epartnerky\u201c. <strong>Bu\u010fte preto pripraven\u00ed na mo\u017enos\u0165 stretu s vysokou zverou, najm\u00e4 za \u00fasvitu alebo s\u00famraku \u2013 vtedy je najakt\u00edvnej\u0161ia.<\/strong> Sna\u017ete sa ich nevystra\u0161i\u0165, preto\u017ee m\u00f4\u017eu ne\u010dakane prebehn\u00fa\u0165 \u010di presko\u010di\u0165 ponad cez cestu.<\/span><\/p>\n<p><span style=\"font-weight: 400;\">V z\u00e1vislosti od va\u0161ej geografickej polohy m\u00f4\u017eu by\u0165 po\u010das jesene akt\u00edvne aj medvede, najm\u00e4 ak sa pripravuj\u00fa na hibern\u00e1ciu. <strong>Po\u010das jazdy robte hluk, aby ste t\u00fato \u0161elmu upozornili na va\u0161u pr\u00edtomnos\u0165 a zn\u00ed\u017eili tak pravdepodobnos\u0165, \u017ee ju prekvap\u00edte.<\/strong> Ak m\u00e1te mo\u017enos\u0165, noste so sebou sprej proti medve\u010fom a bu\u010fte pripraven\u00ed pou\u017ei\u0165 ho v pr\u00edpade bl\u00edzkeho stretnutia.<\/span><\/p>\n<p><span style=\"font-weight: 400;\">Na jese\u0148 s\u00fa akt\u00edvne aj veveri\u010dky a in\u00e9 drobn\u00e9 hlodavce, lebo zbieraj\u00fa potravu a pripravuj\u00fa svoje hniezda na obdobie zimy.<strong> D\u00e1vajte pozor aj na tieto men\u0161ie zvierat\u00e1 a sna\u017ete sa im vyhn\u00fa\u0165, aby ste zabr\u00e1nili zbyto\u010dn\u00fdm kol\u00edzi\u00e1m.<\/strong> Opatrnos\u0165 a hlu\u010dnos\u0165 s\u00fa k\u013e\u00fa\u010dov\u00e9 \u2013 upozornite na seba zvierat\u00e1 sk\u00f4r, ako sa k nim pribl\u00ed\u017eite na nebezpe\u010dn\u00fa vzdialenos\u0165.<\/span><\/p>\n<h2><b>Po\u010dasie z\u00fari<\/b><\/h2>\n<p><span style=\"font-weight: 400;\"><strong>Jese\u0148 je charakteristick\u00e1 aj vy\u010d\u00ed\u0148an\u00edm po\u010dasia. V jednej chv\u00edli v\u00e1m slnko sp\u00e1li poko\u017eku na tv\u00e1ri, v \u010fal\u0161ej v\u00e1s studen\u00fd d\u00e1\u017e\u010f premo\u010d\u00ed do poslednej nitky.<\/strong> Vo vy\u0161\u0161\u00edch horsk\u00fdch poloh\u00e1ch sa po\u010dasie men\u00ed e\u0161te r\u00fdchlej\u0161ie. D\u00e1vajte si preto pozor na zmeny po\u010dasia, vyl\u00fa\u010di\u0165 sa ned\u00e1 ani sne\u017eenie.\u00a0<\/span><span style=\"font-weight: 400;\">Snehov\u00fa b\u00farku ur\u010dite nebudete pova\u017eova\u0165 za vrcholn\u00fd z\u00e1\u017eitok z va\u0161ej jazdy na bicykli. Majte preto na pam\u00e4ti, \u017ee najlep\u0161ie je vr\u00e1ti\u0165 sa sp\u00e4\u0165 do civiliz\u00e1cie u\u017e pri prvom n\u00e1znaku probl\u00e9mov s po\u010das\u00edm. \u00c1no, aj zimn\u00e9 jazdy maj\u00fa \u010do pon\u00faknu\u0165, ale mus\u00edte by\u0165 na ne n\u00e1le\u017eite pripraven\u00ed.<\/span><\/p>\n<p><span style=\"font-weight: 400;\">Na druhej strane, teplej\u0161ie jesenn\u00e9 po\u010dasie m\u00f4\u017ee so sebou prinies\u0165 aj b\u00farky. <strong>Ani zasiahnutie bleskom ur\u010dite nie je nie\u010do, \u010do by ste chceli v hor\u00e1ch za\u017ei\u0165.<\/strong> Pozorne teda sledujte predpove\u010f po\u010dasia a v\u0161\u00edmajte si aj to, ako sa po\u010das d\u0148a men\u00ed. Majte v z\u00e1lohe \u00fanikov\u00fa trasu a nezabudnite ani na pl\u00e1n B \u2013 na nejak\u00fd \u00fakryt pozd\u013a\u017e cesty, kde sa m\u00f4\u017eete uch\u00fdli\u0165, ak bude najhor\u0161ie.<\/span><\/p>\n<h2><b>Uistite sa, \u017ee to v\u00e1\u0161 bicykel zvl\u00e1dne<\/b><\/h2>\n<p style=\"font-weight: 400;\"><span style=\"font-weight: 400;\"><strong>Pred objavovan\u00edm kr\u00e1sy jesenn\u00fdch h\u00f4r sa tie\u017e uistite, \u017ee v\u00e1\u0161 bicykel je v bezchybnom technickom stave.<\/strong> V prvom rade ho <a href=\"https:\/\/www.welovecycling.com\/sk\/2017\/10\/23\/zakladne-tipy-jednoduche-cistenie-bicykla\/\" target=\"_blank\" rel=\"noopener\">vy\u010distite<\/a> a odstr\u00e1\u0148te v\u0161etku \u0161pinu, blato a ne\u010distoty z r\u00e1mu a komponentov. D\u00f4kladne vy\u010distite re\u0165az, kazetu a prehadzova\u010dky. D\u00f4le\u017eit\u00e9 je tie\u017e obu\u0165 zimn\u00e9 pneumatiky. Blato je ve\u013emi zradn\u00e9, preto nezabudnite zvoli\u0165 pneumatiky s\u00a0v\u00fdraznej\u0161\u00edm dez\u00e9nom.<\/span><\/p>\n<p><span style=\"font-weight: 400;\"><strong>Nezabudnite tie\u017e namaza\u0165 svoj bicykel do mokr\u00e9ho po\u010dasia a skontrolujte, \u010di s\u00fa brzdy v\u00a0dokonalej kond\u00edcii \u2013 budete ich ur\u010dite potrebova\u0165.<\/strong>\u00a0<\/span><span style=\"font-weight: 400;\">Ak na ni\u010d zo spomenut\u00e9ho nezabudnete, ste pripraven\u00ed vyrazi\u0165. Koniec koncov, od obvyklej letnej pr\u00edpravy sa to ve\u013emi nel\u00ed\u0161i \u2013 je v tom len mal\u00fd k\u00fasok jesenn\u00fdch vibr\u00e1ci\u00ed navy\u0161e. Tak\u017ee, po\u010fme sa bavi\u0165!<\/span><\/p>\n","protected":false},"excerpt":{"rendered":"<p>Jese\u0148 je ako stvoren\u00e1 na horsk\u00fa cyklistiku. Ve\u010f jazdi\u0165 na bicykli po hor\u00e1ch po\u010das jesenn\u00fdch mesiacov je doslova vzru\u0161uj\u00face. Toto [&hellip;]<\/p>\n","protected":false},"author":172,"featured_media":18446,"comment_status":"open","ping_status":"open","sticky":false,"template":"","format":"standard","meta":{"footnotes":""},"categories":[191],"tags":[559,333,180,548,286,954,1533,719,1540,681,1003,183,658],"global-categories":[1074],"class_list":["post-18443","post","type-post","status-publish","format-standard","has-post-thumbnail","hentry","category-odporucame","tag-bicykel","tag-chlad","tag-horska-cyklistika","tag-informacia","tag-jesen","tag-pocasie","tag-priroda","tag-teplota","tag-tip","tag-tma","tag-vystraha","tag-zabava","tag-zver","global-categories-cycling"],"yoast_head":"<!-- This site is optimized with the Yoast SEO Premium plugin v25.3 (Yoast SEO v25.9) - https:\/\/yoast.com\/wordpress\/plugins\/seo\/ -->\n<title>Jesenn\u00e9 jazdenie v hor\u00e1ch? Tu je 5 vec\u00ed, ktor\u00e9 by ste mali vedie\u0165 - \u0160koda We Love Cycling Slovensko<\/title>\n<meta name=\"description\" content=\"Jese\u0148 pon\u00faka \u00fa\u017easn\u00e9 scen\u00e9rie, z\u00e1\u017eitky a samozrejme ve\u013ea z\u00e1bavy. Ne\u017e sa vyberiete na najbli\u017e\u0161\u00ed svah, pripome\u0148me si nieko\u013eko d\u00f4le\u017eit\u00fdch vec\u00ed.\" \/>\n<meta name=\"robots\" content=\"index, follow, max-snippet:-1, max-image-preview:large, max-video-preview:-1\" \/>\n<link rel=\"canonical\" href=\"https:\/\/www.welovecycling.com\/sk\/2023\/11\/02\/jesenne-jazdenie-v-horach-tu-je-5-veci-ktore-by-ste-mali-vediet\/\" \/>\n<meta property=\"og:locale\" content=\"sk_SK\" \/>\n<meta property=\"og:type\" content=\"article\" \/>\n<meta property=\"og:title\" content=\"Jesenn\u00e9 jazdenie v hor\u00e1ch? Tu je 5 vec\u00ed, ktor\u00e9 by ste mali vedie\u0165\" \/>\n<meta property=\"og:description\" content=\"Jese\u0148 pon\u00faka \u00fa\u017easn\u00e9 scen\u00e9rie, z\u00e1\u017eitky a samozrejme ve\u013ea z\u00e1bavy. Ne\u017e sa vyberiete na najbli\u017e\u0161\u00ed svah, pripome\u0148me si nieko\u013eko d\u00f4le\u017eit\u00fdch vec\u00ed.\" \/>\n<meta property=\"og:url\" content=\"https:\/\/www.welovecycling.com\/sk\/2023\/11\/02\/jesenne-jazdenie-v-horach-tu-je-5-veci-ktore-by-ste-mali-vediet\/\" \/>\n<meta property=\"og:site_name\" content=\"\u0160koda We Love Cycling Slovensko\" \/>\n<meta property=\"article:published_time\" content=\"2023-11-02T08:44:30+00:00\" \/>\n<meta property=\"article:modified_time\" content=\"2023-11-03T15:45:34+00:00\" \/>\n<meta property=\"og:image\" content=\"https:\/\/d2p6e6u75xmxt8.cloudfront.net\/4\/2023\/11\/MTB-Autumn-profimedia-0803007503-CVR.webp\" \/>\n\t<meta property=\"og:image:width\" content=\"990\" \/>\n\t<meta property=\"og:image:height\" content=\"660\" \/>\n\t<meta property=\"og:image:type\" content=\"image\/webp\" \/>\n<meta name=\"author\" content=\"dominika\" \/>\n<meta name=\"twitter:card\" content=\"summary_large_image\" \/>\n<meta name=\"twitter:label1\" content=\"Written by\" \/>\n\t<meta name=\"twitter:data1\" content=\"Martin Atanasov\" \/>\n\t<meta name=\"twitter:label2\" content=\"Est. reading time\" \/>\n\t<meta name=\"twitter:data2\" content=\"5\" \/>\n<script type=\"application\/ld+json\" class=\"yoast-schema-graph\">{\"@context\":\"https:\/\/schema.org\",\"@graph\":[{\"@type\":\"WebPage\",\"@id\":\"https:\/\/www.welovecycling.com\/sk\/2023\/11\/02\/jesenne-jazdenie-v-horach-tu-je-5-veci-ktore-by-ste-mali-vediet\/\",\"url\":\"https:\/\/www.welovecycling.com\/sk\/2023\/11\/02\/jesenne-jazdenie-v-horach-tu-je-5-veci-ktore-by-ste-mali-vediet\/\",\"name\":\"Jesenn\u00e9 jazdenie v hor\u00e1ch? Tu je 5 vec\u00ed, ktor\u00e9 by ste mali vedie\u0165 - \u0160koda We Love Cycling Slovensko\",\"isPartOf\":{\"@id\":\"https:\/\/www.welovecycling.com\/sk\/#website\"},\"primaryImageOfPage\":{\"@id\":\"https:\/\/www.welovecycling.com\/sk\/2023\/11\/02\/jesenne-jazdenie-v-horach-tu-je-5-veci-ktore-by-ste-mali-vediet\/#primaryimage\"},\"image\":{\"@id\":\"https:\/\/www.welovecycling.com\/sk\/2023\/11\/02\/jesenne-jazdenie-v-horach-tu-je-5-veci-ktore-by-ste-mali-vediet\/#primaryimage\"},\"thumbnailUrl\":\"https:\/\/d2p6e6u75xmxt8.cloudfront.net\/4\/2023\/11\/MTB-Autumn-profimedia-0803007503-CVR.webp\",\"datePublished\":\"2023-11-02T08:44:30+00:00\",\"dateModified\":\"2023-11-03T15:45:34+00:00\",\"author\":{\"@id\":\"https:\/\/www.welovecycling.com\/sk\/#\/schema\/person\/533b62b98b6c41bd5135ebfb1f742624\"},\"description\":\"Jese\u0148 pon\u00faka \u00fa\u017easn\u00e9 scen\u00e9rie, z\u00e1\u017eitky a samozrejme ve\u013ea z\u00e1bavy. Ne\u017e sa vyberiete na najbli\u017e\u0161\u00ed svah, pripome\u0148me si nieko\u013eko d\u00f4le\u017eit\u00fdch vec\u00ed.\",\"breadcrumb\":{\"@id\":\"https:\/\/www.welovecycling.com\/sk\/2023\/11\/02\/jesenne-jazdenie-v-horach-tu-je-5-veci-ktore-by-ste-mali-vediet\/#breadcrumb\"},\"inLanguage\":\"sk-SK\",\"potentialAction\":[{\"@type\":\"ReadAction\",\"target\":[\"https:\/\/www.welovecycling.com\/sk\/2023\/11\/02\/jesenne-jazdenie-v-horach-tu-je-5-veci-ktore-by-ste-mali-vediet\/\"]}]},{\"@type\":\"ImageObject\",\"inLanguage\":\"sk-SK\",\"@id\":\"https:\/\/www.welovecycling.com\/sk\/2023\/11\/02\/jesenne-jazdenie-v-horach-tu-je-5-veci-ktore-by-ste-mali-vediet\/#primaryimage\",\"url\":\"https:\/\/d2p6e6u75xmxt8.cloudfront.net\/4\/2023\/11\/MTB-Autumn-profimedia-0803007503-CVR.webp\",\"contentUrl\":\"https:\/\/d2p6e6u75xmxt8.cloudfront.net\/4\/2023\/11\/MTB-Autumn-profimedia-0803007503-CVR.webp\",\"width\":990,\"height\":660,\"caption\":\"MTB in autumn\"},{\"@type\":\"BreadcrumbList\",\"@id\":\"https:\/\/www.welovecycling.com\/sk\/2023\/11\/02\/jesenne-jazdenie-v-horach-tu-je-5-veci-ktore-by-ste-mali-vediet\/#breadcrumb\",\"itemListElement\":[{\"@type\":\"ListItem\",\"position\":1,\"name\":\"Home\",\"item\":\"https:\/\/www.welovecycling.com\/sk\/\"},{\"@type\":\"ListItem\",\"position\":2,\"name\":\"Jesenn\u00e9 jazdenie v hor\u00e1ch? Tu je 5 vec\u00ed, ktor\u00e9 by ste mali vedie\u0165\"}]},{\"@type\":\"WebSite\",\"@id\":\"https:\/\/www.welovecycling.com\/sk\/#website\",\"url\":\"https:\/\/www.welovecycling.com\/sk\/\",\"name\":\"\u0160koda We Love Cycling Slovensko\",\"description\":\"\u0160koda We Love Cycling Slovensko je v\u00e1\u0161 ka\u017edodenn\u00fd zdroj noviniek a in\u0161pir\u00e1cie z sveta cyklistiky\",\"potentialAction\":[{\"@type\":\"SearchAction\",\"target\":{\"@type\":\"EntryPoint\",\"urlTemplate\":\"https:\/\/www.welovecycling.com\/sk\/?s={search_term_string}\"},\"query-input\":{\"@type\":\"PropertyValueSpecification\",\"valueRequired\":true,\"valueName\":\"search_term_string\"}}],\"inLanguage\":\"sk-SK\"},{\"@type\":\"Person\",\"@id\":\"https:\/\/www.welovecycling.com\/sk\/#\/schema\/person\/533b62b98b6c41bd5135ebfb1f742624\",\"name\":\"dominika\",\"image\":{\"@type\":\"ImageObject\",\"inLanguage\":\"sk-SK\",\"@id\":\"https:\/\/www.welovecycling.com\/sk\/#\/schema\/person\/image\/\",\"url\":\"https:\/\/secure.gravatar.com\/avatar\/ded6f274ba2ec3e17fff153f7d9d96a4b33c2cb63907f75d9a5309c599a7f3e6?s=96&d=mm&r=g\",\"contentUrl\":\"https:\/\/secure.gravatar.com\/avatar\/ded6f274ba2ec3e17fff153f7d9d96a4b33c2cb63907f75d9a5309c599a7f3e6?s=96&d=mm&r=g\",\"caption\":\"dominika\"},\"url\":\"https:\/\/www.welovecycling.com\/sk\/author\/dominika\/\"}]}<\/script>\n<!-- \/ Yoast SEO Premium plugin. -->","yoast_head_json":{"title":"Jesenn\u00e9 jazdenie v hor\u00e1ch? Tu je 5 vec\u00ed, ktor\u00e9 by ste mali vedie\u0165 - \u0160koda We Love Cycling Slovensko","description":"Jese\u0148 pon\u00faka \u00fa\u017easn\u00e9 scen\u00e9rie, z\u00e1\u017eitky a samozrejme ve\u013ea z\u00e1bavy. Ne\u017e sa vyberiete na najbli\u017e\u0161\u00ed svah, pripome\u0148me si nieko\u013eko d\u00f4le\u017eit\u00fdch vec\u00ed.","robots":{"index":"index","follow":"follow","max-snippet":"max-snippet:-1","max-image-preview":"max-image-preview:large","max-video-preview":"max-video-preview:-1"},"canonical":"https:\/\/www.welovecycling.com\/sk\/2023\/11\/02\/jesenne-jazdenie-v-horach-tu-je-5-veci-ktore-by-ste-mali-vediet\/","og_locale":"sk_SK","og_type":"article","og_title":"Jesenn\u00e9 jazdenie v hor\u00e1ch? Tu je 5 vec\u00ed, ktor\u00e9 by ste mali vedie\u0165","og_description":"Jese\u0148 pon\u00faka \u00fa\u017easn\u00e9 scen\u00e9rie, z\u00e1\u017eitky a samozrejme ve\u013ea z\u00e1bavy. Ne\u017e sa vyberiete na najbli\u017e\u0161\u00ed svah, pripome\u0148me si nieko\u013eko d\u00f4le\u017eit\u00fdch vec\u00ed.","og_url":"https:\/\/www.welovecycling.com\/sk\/2023\/11\/02\/jesenne-jazdenie-v-horach-tu-je-5-veci-ktore-by-ste-mali-vediet\/","og_site_name":"\u0160koda We Love Cycling Slovensko","article_published_time":"2023-11-02T08:44:30+00:00","article_modified_time":"2023-11-03T15:45:34+00:00","og_image":[{"width":990,"height":660,"url":"https:\/\/d2p6e6u75xmxt8.cloudfront.net\/4\/2023\/11\/MTB-Autumn-profimedia-0803007503-CVR.webp","type":"image\/webp"}],"author":"dominika","twitter_card":"summary_large_image","twitter_misc":{"Written by":"Martin Atanasov","Est. reading time":"5"},"schema":{"@context":"https:\/\/schema.org","@graph":[{"@type":"WebPage","@id":"https:\/\/www.welovecycling.com\/sk\/2023\/11\/02\/jesenne-jazdenie-v-horach-tu-je-5-veci-ktore-by-ste-mali-vediet\/","url":"https:\/\/www.welovecycling.com\/sk\/2023\/11\/02\/jesenne-jazdenie-v-horach-tu-je-5-veci-ktore-by-ste-mali-vediet\/","name":"Jesenn\u00e9 jazdenie v hor\u00e1ch? Tu je 5 vec\u00ed, ktor\u00e9 by ste mali vedie\u0165 - \u0160koda We Love Cycling Slovensko","isPartOf":{"@id":"https:\/\/www.welovecycling.com\/sk\/#website"},"primaryImageOfPage":{"@id":"https:\/\/www.welovecycling.com\/sk\/2023\/11\/02\/jesenne-jazdenie-v-horach-tu-je-5-veci-ktore-by-ste-mali-vediet\/#primaryimage"},"image":{"@id":"https:\/\/www.welovecycling.com\/sk\/2023\/11\/02\/jesenne-jazdenie-v-horach-tu-je-5-veci-ktore-by-ste-mali-vediet\/#primaryimage"},"thumbnailUrl":"https:\/\/d2p6e6u75xmxt8.cloudfront.net\/4\/2023\/11\/MTB-Autumn-profimedia-0803007503-CVR.webp","datePublished":"2023-11-02T08:44:30+00:00","dateModified":"2023-11-03T15:45:34+00:00","author":{"@id":"https:\/\/www.welovecycling.com\/sk\/#\/schema\/person\/533b62b98b6c41bd5135ebfb1f742624"},"description":"Jese\u0148 pon\u00faka \u00fa\u017easn\u00e9 scen\u00e9rie, z\u00e1\u017eitky a samozrejme ve\u013ea z\u00e1bavy. Ne\u017e sa vyberiete na najbli\u017e\u0161\u00ed svah, pripome\u0148me si nieko\u013eko d\u00f4le\u017eit\u00fdch vec\u00ed.","breadcrumb":{"@id":"https:\/\/www.welovecycling.com\/sk\/2023\/11\/02\/jesenne-jazdenie-v-horach-tu-je-5-veci-ktore-by-ste-mali-vediet\/#breadcrumb"},"inLanguage":"sk-SK","potentialAction":[{"@type":"ReadAction","target":["https:\/\/www.welovecycling.com\/sk\/2023\/11\/02\/jesenne-jazdenie-v-horach-tu-je-5-veci-ktore-by-ste-mali-vediet\/"]}]},{"@type":"ImageObject","inLanguage":"sk-SK","@id":"https:\/\/www.welovecycling.com\/sk\/2023\/11\/02\/jesenne-jazdenie-v-horach-tu-je-5-veci-ktore-by-ste-mali-vediet\/#primaryimage","url":"https:\/\/d2p6e6u75xmxt8.cloudfront.net\/4\/2023\/11\/MTB-Autumn-profimedia-0803007503-CVR.webp","contentUrl":"https:\/\/d2p6e6u75xmxt8.cloudfront.net\/4\/2023\/11\/MTB-Autumn-profimedia-0803007503-CVR.webp","width":990,"height":660,"caption":"MTB in autumn"},{"@type":"BreadcrumbList","@id":"https:\/\/www.welovecycling.com\/sk\/2023\/11\/02\/jesenne-jazdenie-v-horach-tu-je-5-veci-ktore-by-ste-mali-vediet\/#breadcrumb","itemListElement":[{"@type":"ListItem","position":1,"name":"Home","item":"https:\/\/www.welovecycling.com\/sk\/"},{"@type":"ListItem","position":2,"name":"Jesenn\u00e9 jazdenie v hor\u00e1ch? Tu je 5 vec\u00ed, ktor\u00e9 by ste mali vedie\u0165"}]},{"@type":"WebSite","@id":"https:\/\/www.welovecycling.com\/sk\/#website","url":"https:\/\/www.welovecycling.com\/sk\/","name":"\u0160koda We Love Cycling Slovensko","description":"\u0160koda We Love Cycling Slovensko je v\u00e1\u0161 ka\u017edodenn\u00fd zdroj noviniek a in\u0161pir\u00e1cie z sveta cyklistiky","potentialAction":[{"@type":"SearchAction","target":{"@type":"EntryPoint","urlTemplate":"https:\/\/www.welovecycling.com\/sk\/?s={search_term_string}"},"query-input":{"@type":"PropertyValueSpecification","valueRequired":true,"valueName":"search_term_string"}}],"inLanguage":"sk-SK"},{"@type":"Person","@id":"https:\/\/www.welovecycling.com\/sk\/#\/schema\/person\/533b62b98b6c41bd5135ebfb1f742624","name":"dominika","image":{"@type":"ImageObject","inLanguage":"sk-SK","@id":"https:\/\/www.welovecycling.com\/sk\/#\/schema\/person\/image\/","url":"https:\/\/secure.gravatar.com\/avatar\/ded6f274ba2ec3e17fff153f7d9d96a4b33c2cb63907f75d9a5309c599a7f3e6?s=96&d=mm&r=g","contentUrl":"https:\/\/secure.gravatar.com\/avatar\/ded6f274ba2ec3e17fff153f7d9d96a4b33c2cb63907f75d9a5309c599a7f3e6?s=96&d=mm&r=g","caption":"dominika"},"url":"https:\/\/www.welovecycling.com\/sk\/author\/dominika\/"}]}},"_links":{"self":[{"href":"https:\/\/www.welovecycling.com\/sk\/wp-json\/wp\/v2\/posts\/18443","targetHints":{"allow":["GET"]}}],"collection":[{"href":"https:\/\/www.welovecycling.com\/sk\/wp-json\/wp\/v2\/posts"}],"about":[{"href":"https:\/\/www.welovecycling.com\/sk\/wp-json\/wp\/v2\/types\/post"}],"author":[{"embeddable":true,"href":"https:\/\/www.welovecycling.com\/sk\/wp-json\/wp\/v2\/users\/172"}],"replies":[{"embeddable":true,"href":"https:\/\/www.welovecycling.com\/sk\/wp-json\/wp\/v2\/comments?post=18443"}],"version-history":[{"count":3,"href":"https:\/\/www.welovecycling.com\/sk\/wp-json\/wp\/v2\/posts\/18443\/revisions"}],"predecessor-version":[{"id":18450,"href":"https:\/\/www.welovecycling.com\/sk\/wp-json\/wp\/v2\/posts\/18443\/revisions\/18450"}],"wp:featuredmedia":[{"embeddable":true,"href":"https:\/\/www.welovecycling.com\/sk\/wp-json\/wp\/v2\/media\/18446"}],"wp:attachment":[{"href":"https:\/\/www.welovecycling.com\/sk\/wp-json\/wp\/v2\/media?parent=18443"}],"wp:term":[{"taxonomy":"category","embeddable":true,"href":"https:\/\/www.welovecycling.com\/sk\/wp-json\/wp\/v2\/categories?post=18443"},{"taxonomy":"post_tag","embeddable":true,"href":"https:\/\/www.welovecycling.com\/sk\/wp-json\/wp\/v2\/tags?post=18443"},{"taxonomy":"global-categories","embeddable":true,"href":"https:\/\/www.welovecycling.com\/sk\/wp-json\/wp\/v2\/global-categories?post=18443"}],"curies":[{"name":"wp","href":"https:\/\/api.w.org\/{rel}","templated":true}]}}