{"id":18429,"date":"2023-10-30T11:59:30","date_gmt":"2023-10-30T10:59:30","guid":{"rendered":"https:\/\/www.welovecycling.com\/sk\/?p=18429"},"modified":"2023-10-30T12:19:58","modified_gmt":"2023-10-30T11:19:58","slug":"7-najcarovnejsich-jesennych-tras-europy","status":"publish","type":"post","link":"https:\/\/www.welovecycling.com\/sk\/2023\/10\/30\/7-najcarovnejsich-jesennych-tras-europy\/","title":{"rendered":"7 naj\u010darovnej\u0161\u00edch jesenn\u00fdch tr\u00e1s Eur\u00f3py"},"content":{"rendered":"<p><strong>Pr\u00edroda v okt\u00f3bri za\u010dne naplno hra\u0165 v\u0161etk\u00fdmi farbami \u2013 a nad\u0161enci cyklistiky po\u010das tohto kr\u00e1sneho ro\u010dn\u00e9ho obdobia ve\u013emi radi pl\u00e1nuj\u00fa ve\u013ekolep\u00e9 jesenn\u00e9 dobrodru\u017estv\u00e1 na dvoch koles\u00e1ch. Eur\u00f3pa so svojou rozmanitou pr\u00edrodou a bohatou kult\u00farnou hist\u00f3riou pon\u00faka \u0161irok\u00fa \u0161k\u00e1lu malebn\u00fdch cyklistick\u00fdch tr\u00e1s, na ktor\u00fdch si m\u00f4\u017eete vychutna\u0165 jedine\u010dn\u00fa kr\u00e1su jesene.\u00a0Poz\u00fdvame aj v\u00e1s, aby ste sa vydali na niektor\u00fa z najmalebnej\u0161\u00edch jesenn\u00fdch cykloturistick\u00fdch tr\u00e1s \u2013 mo\u017eno v\u00e1s in\u0161pirujeme, aby ste vysadli na svoj bicykel a u\u017eili si to najlep\u0161ie a najkraj\u0161ie, \u010do sez\u00f3na pon\u00faka.<\/strong><\/p>\n<p><!--more--><\/p>\n<h2><strong><b>Burgundsko, Franc\u00fazsko: Dokonal\u00e1 kombin\u00e1cia v\u00ednnej r\u00e9vy a hist\u00f3rie<\/b><\/strong><\/h2>\n<figure id=\"attachment_18430\" aria-describedby=\"caption-attachment-18430\" style=\"width: 990px\" class=\"wp-caption alignnone\"><a href=\"https:\/\/d2p6e6u75xmxt8.cloudfront.net\/4\/2023\/10\/Burgundy-Rock-of-Solutre-profimedia-0813440986.webp\"><img loading=\"lazy\" decoding=\"async\" class=\"size-full wp-image-18430\" src=\"https:\/\/d2p6e6u75xmxt8.cloudfront.net\/4\/2023\/10\/Burgundy-Rock-of-Solutre-profimedia-0813440986.webp\" alt=\"Rock of Solutre\" width=\"990\" height=\"660\" srcset=\"https:\/\/d2p6e6u75xmxt8.cloudfront.net\/4\/2023\/10\/Burgundy-Rock-of-Solutre-profimedia-0813440986.webp 990w, https:\/\/d2p6e6u75xmxt8.cloudfront.net\/4\/2023\/10\/Burgundy-Rock-of-Solutre-profimedia-0813440986-300x200.webp 300w, https:\/\/d2p6e6u75xmxt8.cloudfront.net\/4\/2023\/10\/Burgundy-Rock-of-Solutre-profimedia-0813440986-768x512.webp 768w, https:\/\/d2p6e6u75xmxt8.cloudfront.net\/4\/2023\/10\/Burgundy-Rock-of-Solutre-profimedia-0813440986-400x267.webp 400w, https:\/\/d2p6e6u75xmxt8.cloudfront.net\/4\/2023\/10\/Burgundy-Rock-of-Solutre-profimedia-0813440986-272x182.webp 272w\" sizes=\"auto, (max-width: 990px) 100vw, 990px\" \/><\/a><figcaption id=\"caption-attachment-18430\" class=\"wp-caption-text\"><span style=\"font-weight: 400;\">Skala Solutr\u00e9 v Burgundsku vo Franc\u00fazsku.<\/span><\/figcaption><\/figure>\n<p><span style=\"font-weight: 400;\">Burgundsko alebo La Bourgogne, ktor\u00e9 sa nach\u00e1dza v srdci Franc\u00fazska, l\u00e1ka svojimi v\u00ednami a podmanivou krajinou.\u00a0 <\/span><span style=\"font-weight: 400;\"><strong>Ke\u010f listy stromov menia svoju farbu do \u017eiariv\u00fdch odtie\u0148ov \u010dervenej a zlatej, cyklisti m\u00f4\u017eu \u0161liapa\u0165 cez zvlnen\u00e9 vinice a malebn\u00e9 dedinky v tejto oblasti.<\/strong> Je to doslova intenz\u00edvny z\u00e1\u017eitok, kde ka\u017ed\u00e1 z\u00e1kruta odha\u013euje nie\u010do z bohatej hist\u00f3rie a kult\u00farneho dedi\u010dstva regi\u00f3nu.\u00a0<\/span><\/p>\n<p><span style=\"font-weight: 400;\"><strong>\u017diadna n\u00e1v\u0161teva Burgundska sa, samozrejme, nezaob\u00edde bez toho, aby ste si dopriali jeho gastronomick\u00e9 \u0161peciality,<\/strong> v\u010faka \u010domu budete ma\u0165 dostatok \u201epaliva\u201c na svoju jazdu.\u00a0 <\/span><span style=\"font-weight: 400;\">Medzi \u0161es\u0165 hlavn\u00fdch cyklistick\u00fdch tr\u00e1s, ktor\u00e9 odpor\u00fa\u010dame vysk\u00fa\u0161a\u0165, patr\u00ed Burgundsk\u00fd kan\u00e1l, Canal du Nivernais, Canal du Centre, Burgundsk\u00e1 vinohradn\u00edcka cesta ju\u017en\u00e9ho Burgundska a Loire v Burgundsku.<\/span><\/p>\n<h2><strong><b>Bodamsk\u00e9 jazero: Cyklistika v strednej Eur\u00f3pe<\/b><\/strong><\/h2>\n<figure id=\"attachment_18431\" aria-describedby=\"caption-attachment-18431\" style=\"width: 990px\" class=\"wp-caption alignnone\"><a href=\"https:\/\/d2p6e6u75xmxt8.cloudfront.net\/4\/2023\/10\/Lake-Constance-profimedia-0813316574.webp\"><img loading=\"lazy\" decoding=\"async\" class=\"size-full wp-image-18431\" src=\"https:\/\/d2p6e6u75xmxt8.cloudfront.net\/4\/2023\/10\/Lake-Constance-profimedia-0813316574.webp\" alt=\"Lake Constance\" width=\"990\" height=\"660\" srcset=\"https:\/\/d2p6e6u75xmxt8.cloudfront.net\/4\/2023\/10\/Lake-Constance-profimedia-0813316574.webp 990w, https:\/\/d2p6e6u75xmxt8.cloudfront.net\/4\/2023\/10\/Lake-Constance-profimedia-0813316574-300x200.webp 300w, https:\/\/d2p6e6u75xmxt8.cloudfront.net\/4\/2023\/10\/Lake-Constance-profimedia-0813316574-768x512.webp 768w, https:\/\/d2p6e6u75xmxt8.cloudfront.net\/4\/2023\/10\/Lake-Constance-profimedia-0813316574-400x267.webp 400w, https:\/\/d2p6e6u75xmxt8.cloudfront.net\/4\/2023\/10\/Lake-Constance-profimedia-0813316574-272x182.webp 272w\" sizes=\"auto, (max-width: 990px) 100vw, 990px\" \/><\/a><figcaption id=\"caption-attachment-18431\" class=\"wp-caption-text\"><span style=\"font-weight: 400;\">Rann\u00e1 atmosf\u00e9ra pri Bodamskom jazere.<\/span><\/figcaption><\/figure>\n<p><span style=\"font-weight: 400;\"><strong>Bodamsk\u00e9 jazero, schovan\u00e9 v srdci Eur\u00f3py, je rajom pre cyklistov; miestom ako stvoren\u00fdm na jesenn\u00e9 v\u00fdlety.<\/strong> Cyklistick\u00e1 infra\u0161trukt\u00fara je tu pr\u00edkladn\u00e1. Mest\u00e1 a dediny po celom obvode jazera cyklistov srde\u010dne v\u00edtaj\u00fa \u2013 n\u00e1jdete tam mno\u017estvo po\u017ei\u010dovn\u00ed bicyklov, servisov a objektov, kde sa m\u00f4\u017eete ubytova\u0165.\u00a0<\/span><span style=\"font-weight: 400;\">Na jese\u0148 sa vinohrady lemuj\u00face brehy jazera premenia na n\u00e1dhern\u00e9 more \u017eltej, oran\u017eovej a \u010dervenej farby. Vzdialen\u00e9 hory pokryt\u00e9 prv\u00fdm snehom k celej scen\u00e9rii vytv\u00e1raj\u00fa n\u00e1dhern\u00fd kontrast.<\/span><\/p>\n<p><span style=\"font-weight: 400;\">Vrcholom cyklistiky okolo Bodamsk\u00e9ho jazera je zn\u00e1ma Circumference Route.<strong> Je to 270-kilometrov\u00e1 trasa, ktor\u00e1 vedie cez Nemecko, \u0160vaj\u010diarsko a Rak\u00fasko.<\/strong> Ke\u010f \u0161liapete po tejto dobre zna\u010denej trase, jedine\u010dn\u00e1 kult\u00fara ka\u017edej krajiny sa tu pred vami doslova otv\u00e1ra<\/span><\/p>\n<p>&nbsp;<\/p>\n<h2><b>Talianske Monferrato: Ohromuj\u00face jesenn\u00e9 farby uprostred n\u00e1horn\u00fdch plo\u0161\u00edn a kopcov<\/b><\/h2>\n<figure id=\"attachment_18432\" aria-describedby=\"caption-attachment-18432\" style=\"width: 990px\" class=\"wp-caption alignnone\"><a href=\"https:\/\/d2p6e6u75xmxt8.cloudfront.net\/4\/2023\/10\/Frassinello_Monferrato-profimedia-0766285933.webp\"><img loading=\"lazy\" decoding=\"async\" class=\"size-full wp-image-18432\" src=\"https:\/\/d2p6e6u75xmxt8.cloudfront.net\/4\/2023\/10\/Frassinello_Monferrato-profimedia-0766285933.webp\" alt=\"Frassinello Monferrato\" width=\"990\" height=\"660\" srcset=\"https:\/\/d2p6e6u75xmxt8.cloudfront.net\/4\/2023\/10\/Frassinello_Monferrato-profimedia-0766285933.webp 990w, https:\/\/d2p6e6u75xmxt8.cloudfront.net\/4\/2023\/10\/Frassinello_Monferrato-profimedia-0766285933-300x200.webp 300w, https:\/\/d2p6e6u75xmxt8.cloudfront.net\/4\/2023\/10\/Frassinello_Monferrato-profimedia-0766285933-768x512.webp 768w, https:\/\/d2p6e6u75xmxt8.cloudfront.net\/4\/2023\/10\/Frassinello_Monferrato-profimedia-0766285933-400x267.webp 400w, https:\/\/d2p6e6u75xmxt8.cloudfront.net\/4\/2023\/10\/Frassinello_Monferrato-profimedia-0766285933-272x182.webp 272w\" sizes=\"auto, (max-width: 990px) 100vw, 990px\" \/><\/a><figcaption id=\"caption-attachment-18432\" class=\"wp-caption-text\"><span style=\"font-weight: 400;\">Presk\u00famajte historick\u00e9 uli\u010dky Frassinello Monferrato.<\/span><\/figcaption><\/figure>\n<p><span style=\"font-weight: 400;\">Monferrato je jedn\u00fdm z najskrytej\u0161\u00edch klenotov Talianska. Charakterizuj\u00fa ho n\u00e1horn\u00e9 plo\u0161iny, mierne kopce a cesti\u010dky posiate vini\u010dom, v\u010faka ktor\u00fdm je na jese\u0148 skuto\u010dne n\u00e1dhernou destin\u00e1ciou. <\/span><span style=\"font-weight: 400;\">Lesn\u00fd porast je tu hust\u00fd a vinice s\u00fa ve\u013emi bohat\u00e9, \u010do na jese\u0148 vytv\u00e1ra nezabudnute\u013en\u00fa \u0161k\u00e1lu farieb. <strong>S\u00fdta \u010derven\u00e1 farba vini\u010da a zlat\u00e9 odtiene listnat\u00fdch drev\u00edn s\u00fa \u010dasto zahalen\u00e9 jemnou hmlou, ktor\u00e1 dod\u00e1va tomuto miestu nezamenite\u013en\u00e9 k\u00fazlo.<\/strong> <\/span><\/p>\n<p><span style=\"font-weight: 400;\">Na dvoch koles\u00e1ch m\u00f4\u017eete napr\u00edkad presk\u00fama\u0165 dedinu Frassinello Monferrato, kde na v\u00e1s \u010dakaj\u00fa panoramatick\u00e9 v\u00fdh\u013eady a starobyl\u00fd hrad. Samozrejme, nezabudnite si vychutna\u0165 \u0161peciality tamoj\u0161ej gastron\u00f3mie \u2013<strong> jese\u0148 je ide\u00e1lny \u010das na ochutn\u00e1vku miestnych v\u00edn \u010di cenen\u00fdch bielych h\u013euzoviek z ne\u010falekej Alby.<\/strong><\/span><\/p>\n<h2><b>Po\u013esk\u00fd Bielove\u017esk\u00fd prales: Jesenn\u00e1 krajina divov zap\u00edsan\u00e1 na zozname UNESCO<\/b><\/h2>\n<figure id=\"attachment_18433\" aria-describedby=\"caption-attachment-18433\" style=\"width: 990px\" class=\"wp-caption alignnone\"><a href=\"https:\/\/d2p6e6u75xmxt8.cloudfront.net\/4\/2023\/10\/Bialowieza-Poland-profimedia-0806485830.webp\"><img loading=\"lazy\" decoding=\"async\" class=\"wp-image-18433 size-full\" src=\"https:\/\/d2p6e6u75xmxt8.cloudfront.net\/4\/2023\/10\/Bialowieza-Poland-profimedia-0806485830.webp\" alt=\"Bialowieza\" width=\"990\" height=\"660\" srcset=\"https:\/\/d2p6e6u75xmxt8.cloudfront.net\/4\/2023\/10\/Bialowieza-Poland-profimedia-0806485830.webp 990w, https:\/\/d2p6e6u75xmxt8.cloudfront.net\/4\/2023\/10\/Bialowieza-Poland-profimedia-0806485830-300x200.webp 300w, https:\/\/d2p6e6u75xmxt8.cloudfront.net\/4\/2023\/10\/Bialowieza-Poland-profimedia-0806485830-768x512.webp 768w, https:\/\/d2p6e6u75xmxt8.cloudfront.net\/4\/2023\/10\/Bialowieza-Poland-profimedia-0806485830-400x267.webp 400w, https:\/\/d2p6e6u75xmxt8.cloudfront.net\/4\/2023\/10\/Bialowieza-Poland-profimedia-0806485830-272x182.webp 272w\" sizes=\"auto, (max-width: 990px) 100vw, 990px\" \/><\/a><figcaption id=\"caption-attachment-18433\" class=\"wp-caption-text\"><span style=\"font-weight: 400;\">Historick\u00fd po\u013eovn\u00edcky ka\u0161tie\u013e v po\u013eskom parku Bialowieza.<\/span><\/figcaption><\/figure>\n<p><span style=\"font-weight: 400;\">Ak sa chcete ponori\u0165 do dokonalej jesennej atmosf\u00e9ry, sta\u010d\u00ed zav\u00edta\u0165 do po\u013esk\u00e9ho Bielove\u017esk\u00e9ho pralesa. T\u00e1to nedotknut\u00e1 divo\u010dina, zap\u00edsan\u00e1 do zoznamu svetov\u00e9ho <a href=\"https:\/\/sk.wikipedia.org\/wiki\/Bielove%C5%BEsk%C3%BD_n%C3%A1rodn%C3%BD_park\" target=\"_blank\" rel=\"noopener\">dedi\u010dstva UNESCO<\/a>, poskytuje \u010dloveku takmer nedotknut\u00fa kr\u00e1su pr\u00edrody.\u00a0<\/span><span style=\"font-weight: 400;\"><strong>Tento o\u010daruj\u00faci les je tie\u017e ide\u00e1lnym miestom na dobrodru\u017estvo na bicykli.<\/strong> V\u010faka tomu sa m\u00f4\u017eete priamo na dotyk pribl\u00ed\u017ei\u0165 k st\u00e1ro\u010dn\u00fdm dubom, ktor\u00e9 presl\u00e1vili tento regi\u00f3n. <\/span><\/p>\n<p><strong>Ak budete ma\u0165 \u0161\u0165astie, m\u00f4\u017eete dokonca zahliadnu\u0165 vz\u00e1cneho zubra eur\u00f3pskeho, pre ktor\u00e9ho je tento prales domovom.\u00a0<\/strong><span style=\"font-weight: 400;\">Aby ste z v\u00fdletu do Bielove\u017esk\u00e9ho pralesa a z jeho divok\u00e9ho ter\u00e9nu vy\u0165a\u017eili \u010do najviac, ur\u010dite sa vybavte kvalitn\u00fdm horsk\u00fdm bicyklom a ter\u00e9nnymi pl\u00e1\u0161\u0165ami s vynikaj\u00facou pri\u013enavos\u0165ou.<\/span><\/p>\n<h2><b>Divok\u00e1 \u0160k\u00f3tska vyso\u010dina: raj pre nad\u0161encov pr\u00edrody<\/b><\/h2>\n<figure id=\"attachment_18434\" aria-describedby=\"caption-attachment-18434\" style=\"width: 990px\" class=\"wp-caption alignnone\"><a href=\"https:\/\/d2p6e6u75xmxt8.cloudfront.net\/4\/2023\/10\/Scottish-Highlands-profimedia-0813623733.webp\"><img loading=\"lazy\" decoding=\"async\" class=\"size-full wp-image-18434\" src=\"https:\/\/d2p6e6u75xmxt8.cloudfront.net\/4\/2023\/10\/Scottish-Highlands-profimedia-0813623733.webp\" alt=\"Scottish Highlands\" width=\"990\" height=\"660\" srcset=\"https:\/\/d2p6e6u75xmxt8.cloudfront.net\/4\/2023\/10\/Scottish-Highlands-profimedia-0813623733.webp 990w, https:\/\/d2p6e6u75xmxt8.cloudfront.net\/4\/2023\/10\/Scottish-Highlands-profimedia-0813623733-300x200.webp 300w, https:\/\/d2p6e6u75xmxt8.cloudfront.net\/4\/2023\/10\/Scottish-Highlands-profimedia-0813623733-768x512.webp 768w, https:\/\/d2p6e6u75xmxt8.cloudfront.net\/4\/2023\/10\/Scottish-Highlands-profimedia-0813623733-400x267.webp 400w, https:\/\/d2p6e6u75xmxt8.cloudfront.net\/4\/2023\/10\/Scottish-Highlands-profimedia-0813623733-272x182.webp 272w\" sizes=\"auto, (max-width: 990px) 100vw, 990px\" \/><\/a><figcaption id=\"caption-attachment-18434\" class=\"wp-caption-text\"><span style=\"font-weight: 400;\">Malebn\u00fd v\u00fdh\u013ead na ostrov Skye v \u0160k\u00f3tsku.<\/span><\/figcaption><\/figure>\n<p><span style=\"font-weight: 400;\">T\u00fdch, ktor\u00fdch fascinuje neskrotn\u00e1 pr\u00edroda Eur\u00f3py, je \u0160k\u00f3tska vyso\u010dina miestom, ktor\u00e9 by ur\u010dite mali nav\u0161t\u00edvi\u0165. <strong>Tieto rozsiahle, riedko os\u00eddlen\u00e9 miesta prekypuj\u00fa \u017eivotom a p\u00fd\u0161ia sa bohatou rozmanitos\u0165ou fl\u00f3ry a fauny.\u00a0<\/strong><\/span><span style=\"font-weight: 400;\">Presk\u00famajte dobre udr\u017eiavan\u00e9 ter\u00e9nne chodn\u00edky, ktor\u00e9 kri\u017euj\u00fa cel\u00fd regi\u00f3n, pri\u010dom les Hermitage v Dunkelde je vynikaj\u00facim v\u00fdchodiskov\u00fdm bodom. Pr\u00e1ve tento les in\u0161piroval sl\u00e1vneho spisovate\u013ea J. R. R. Tolkiena, ke\u010f p\u00edsal P\u00e1na prste\u0148ov.<\/span><\/p>\n<h2><b>F\u00ednske Laponsko: Jesenn\u00e1 m\u00e1gia<\/b><\/h2>\n<figure id=\"attachment_18435\" aria-describedby=\"caption-attachment-18435\" style=\"width: 1250px\" class=\"wp-caption alignnone\"><a href=\"https:\/\/d2p6e6u75xmxt8.cloudfront.net\/4\/2023\/10\/Lapland-Cycle-Path-profimedia-0632053716.webp\"><img loading=\"lazy\" decoding=\"async\" class=\"size-full wp-image-18435\" src=\"https:\/\/d2p6e6u75xmxt8.cloudfront.net\/4\/2023\/10\/Lapland-Cycle-Path-profimedia-0632053716.webp\" alt=\"Lapland\" width=\"1250\" height=\"832\" srcset=\"https:\/\/d2p6e6u75xmxt8.cloudfront.net\/4\/2023\/10\/Lapland-Cycle-Path-profimedia-0632053716.webp 1250w, https:\/\/d2p6e6u75xmxt8.cloudfront.net\/4\/2023\/10\/Lapland-Cycle-Path-profimedia-0632053716-300x200.webp 300w, https:\/\/d2p6e6u75xmxt8.cloudfront.net\/4\/2023\/10\/Lapland-Cycle-Path-profimedia-0632053716-1024x682.webp 1024w, https:\/\/d2p6e6u75xmxt8.cloudfront.net\/4\/2023\/10\/Lapland-Cycle-Path-profimedia-0632053716-768x511.webp 768w, https:\/\/d2p6e6u75xmxt8.cloudfront.net\/4\/2023\/10\/Lapland-Cycle-Path-profimedia-0632053716-400x266.webp 400w, https:\/\/d2p6e6u75xmxt8.cloudfront.net\/4\/2023\/10\/Lapland-Cycle-Path-profimedia-0632053716-272x182.webp 272w\" sizes=\"auto, (max-width: 1250px) 100vw, 1250px\" \/><\/a><figcaption id=\"caption-attachment-18435\" class=\"wp-caption-text\"><span style=\"font-weight: 400;\">Farby jesene v Laponsku.<\/span><\/figcaption><\/figure>\n<p><span style=\"font-weight: 400;\">Laponsko si v\u00e4\u010d\u0161ina n\u00e1s sp\u00e1ja s mraziv\u00fdmi krajinn\u00fdmi scen\u00e9riami a so Santa Clausom. Skr\u00fdva v sebe ale aj \u00fa\u017easn\u00e9 jesenn\u00e9 tajomstv\u00e1. F\u00edni maj\u00fa pre magick\u00fa premenu farby listov dokonca aj jedine\u010dn\u00fd v\u00fdraz: ruska. <\/span><span style=\"font-weight: 400;\"><strong>Laponsko sa tesne pred pr\u00edchodom snehu a \u013eadu st\u00e1va jednou z hlavn\u00fdch eur\u00f3pskych destin\u00e1ci\u00ed pre cykloturistiku.<\/strong> <\/span><\/p>\n<p><span style=\"font-weight: 400;\">Cyklistick\u00e9 chodn\u00edky kri\u017euj\u00fa mest\u00e1 a lesy, n\u00e1dhern\u00e9 sfarben\u00e9 listy opadan\u00e9 zo stromov v\u00e1m bud\u00fa n\u00e1dherne praska\u0165 a \u0161umie\u0165 pod kolesami.<strong>\u00a0<\/strong><\/span><span style=\"font-weight: 400;\"><strong>Ak nav\u0161t\u00edvite Laponsko v neskorej jeseni, mo\u017eno v\u00e1s prekvapia aj prv\u00e9 vidite\u013en\u00e9 pol\u00e1rne \u017eiary.<\/strong> V celom regi\u00f3ne tie\u017e n\u00e1jdete dobre udr\u017eiavan\u00e9 cyklistick\u00e9 parky, ako je ten v Yll\u00e4s. Je to najv\u00e4\u010d\u0161\u00ed bike park vo F\u00ednsku, s \u00f4smimi zjazdov\u00fdmi trasami a kab\u00ednkovou lanovkou.<\/span><\/p>\n<h2><b>Eindhoven, Holandsko: Kde sa krajina men\u00ed na majstrovsk\u00e9 diela<\/b><\/h2>\n<figure id=\"attachment_18436\" aria-describedby=\"caption-attachment-18436\" style=\"width: 1250px\" class=\"wp-caption alignnone\"><a href=\"https:\/\/d2p6e6u75xmxt8.cloudfront.net\/4\/2023\/10\/Hovenring-profimedia-0279137553.webp\"><img loading=\"lazy\" decoding=\"async\" class=\"size-full wp-image-18436\" src=\"https:\/\/d2p6e6u75xmxt8.cloudfront.net\/4\/2023\/10\/Hovenring-profimedia-0279137553.webp\" alt=\"Hovering, Eindhoven\" width=\"1250\" height=\"833\" srcset=\"https:\/\/d2p6e6u75xmxt8.cloudfront.net\/4\/2023\/10\/Hovenring-profimedia-0279137553.webp 1250w, https:\/\/d2p6e6u75xmxt8.cloudfront.net\/4\/2023\/10\/Hovenring-profimedia-0279137553-300x200.webp 300w, https:\/\/d2p6e6u75xmxt8.cloudfront.net\/4\/2023\/10\/Hovenring-profimedia-0279137553-1024x682.webp 1024w, https:\/\/d2p6e6u75xmxt8.cloudfront.net\/4\/2023\/10\/Hovenring-profimedia-0279137553-768x512.webp 768w, https:\/\/d2p6e6u75xmxt8.cloudfront.net\/4\/2023\/10\/Hovenring-profimedia-0279137553-400x267.webp 400w, https:\/\/d2p6e6u75xmxt8.cloudfront.net\/4\/2023\/10\/Hovenring-profimedia-0279137553-272x182.webp 272w\" sizes=\"auto, (max-width: 1250px) 100vw, 1250px\" \/><\/a><figcaption id=\"caption-attachment-18436\" class=\"wp-caption-text\"><span style=\"font-weight: 400;\">Hovenring, kruhov\u00fd objazd pre cyklistov a chodcov, visiaci nad ru\u0161nou kri\u017eovatkou ul\u00edc v Eindhovene.<\/span><\/figcaption><\/figure>\n<p><span style=\"font-weight: 400;\">Eindhoven, mo\u017eno menej zn\u00e1my klenot Holandska, mo\u017eno nie je tak sl\u00e1vny ako Amsterdam, ale pr\u00e1ve to z neho rob\u00ed \u0161peci\u00e1lne miesto na n\u00e1v\u0161tevu.\u00a0<\/span><span style=\"font-weight: 400;\">Toto pulzuj\u00face mesto charakterizuje pomal\u0161ie tempo \u017eivota. V kontraste tomu v\u0161ak ide poves\u0165 Eindhovenu ako centra dizajnu a no\u010dn\u00e9ho \u017eivota.\u00a0<\/span><strong>Mesto sa m\u00f4\u017ee pochv\u00e1li\u0165 vysokokvalitnou a prepracovanou cyklistickou infra\u0161trukt\u00farou. <\/strong><\/p>\n<p><span style=\"font-weight: 400;\">V okol\u00ed Eindhovenu s\u00fa miesta, ktor\u00e9 kedysi in\u0161pirovali \u013eud\u00ed ako Van Gogh, aby vytvorili svoje majstrovsk\u00e9 diela. <strong>Na jese\u0148 prech\u00e1dzaj\u00fa tieto krajiny n\u00e1dhernou premenou, ke\u010f \u017eiv\u00e9 letn\u00e9 odtiene ust\u00fapia tepl\u00fdm, zemit\u00fdm t\u00f3nom jesene.<\/strong>\u00a0<\/span><span style=\"font-weight: 400;\">Na za\u010diatok odpor\u00fa\u010dame Brabantsk\u00fa hradn\u00fa cestu, ktor\u00e1 sp\u00e1ja stredovek\u00e9 hrady Helmond, Geldrop a Heeze. Tu m\u00f4\u017eete na bicykli prejs\u0165 cez kr\u00e1sne pr\u00edrodn\u00e9 rezerv\u00e1cie ako Het Goor, Molenheide a Strabrechtse Heide.<\/span><\/p>\n","protected":false},"excerpt":{"rendered":"<p>Pr\u00edroda v okt\u00f3bri za\u010dne naplno hra\u0165 v\u0161etk\u00fdmi farbami \u2013 a nad\u0161enci cyklistiky po\u010das tohto kr\u00e1sneho ro\u010dn\u00e9ho obdobia ve\u013emi radi pl\u00e1nuj\u00fa [&hellip;]<\/p>\n","protected":false},"author":172,"featured_media":18438,"comment_status":"open","ping_status":"open","sticky":false,"template":"","format":"standard","meta":{"footnotes":""},"categories":[118],"tags":[115,916,448,533,306,1057,286,1120,768,741,508],"global-categories":[],"class_list":["post-18429","post","type-post","status-publish","format-standard","has-post-thumbnail","hentry","category-zabava","tag-cestna-cyklistika","tag-cyklisticka-destinacia","tag-cyklotrasy","tag-europa","tag-francuzsko","tag-holandsko","tag-jesen","tag-polsko","tag-skotsko","tag-tip-na-vylet","tag-vylet"],"yoast_head":"<!-- This site is optimized with the Yoast SEO Premium plugin v25.3 (Yoast SEO v25.9) - https:\/\/yoast.com\/wordpress\/plugins\/seo\/ -->\n<title>7 of Europe&#039;s Most Enchanting Autumn Routes on a Bike<\/title>\n<meta name=\"description\" content=\"Eur\u00f3pa so svojou rozmanitou pr\u00edrodou a bohatou hist\u00f3riou pon\u00faka mno\u017estvo cyklistick\u00fdch tr\u00e1s, na ktor\u00fdch si m\u00f4\u017eete vychutna\u0165 kr\u00e1su jesene.\u00a0\" \/>\n<meta name=\"robots\" content=\"index, follow, max-snippet:-1, max-image-preview:large, max-video-preview:-1\" \/>\n<link rel=\"canonical\" href=\"https:\/\/www.welovecycling.com\/sk\/2023\/10\/30\/7-najcarovnejsich-jesennych-tras-europy\/\" \/>\n<meta property=\"og:locale\" content=\"sk_SK\" \/>\n<meta property=\"og:type\" content=\"article\" \/>\n<meta property=\"og:title\" content=\"7 naj\u010darovnej\u0161\u00edch jesenn\u00fdch tr\u00e1s Eur\u00f3py\" \/>\n<meta property=\"og:description\" content=\"Eur\u00f3pa so svojou rozmanitou pr\u00edrodou a bohatou hist\u00f3riou pon\u00faka mno\u017estvo cyklistick\u00fdch tr\u00e1s, na ktor\u00fdch si m\u00f4\u017eete vychutna\u0165 kr\u00e1su jesene.\u00a0\" \/>\n<meta property=\"og:url\" content=\"https:\/\/www.welovecycling.com\/sk\/2023\/10\/30\/7-najcarovnejsich-jesennych-tras-europy\/\" \/>\n<meta property=\"og:site_name\" content=\"\u0160koda We Love Cycling Slovensko\" \/>\n<meta property=\"article:published_time\" content=\"2023-10-30T10:59:30+00:00\" \/>\n<meta property=\"article:modified_time\" content=\"2023-10-30T11:19:58+00:00\" \/>\n<meta property=\"og:image\" content=\"https:\/\/d2p6e6u75xmxt8.cloudfront.net\/4\/2023\/10\/Marsala-Wine-Region-Sicily-profimedia-0724091764.webp\" \/>\n\t<meta property=\"og:image:width\" content=\"990\" \/>\n\t<meta property=\"og:image:height\" content=\"660\" \/>\n\t<meta property=\"og:image:type\" content=\"image\/webp\" \/>\n<meta name=\"author\" content=\"dominika\" \/>\n<meta name=\"twitter:card\" content=\"summary_large_image\" \/>\n<meta name=\"twitter:label1\" content=\"Written by\" \/>\n\t<meta name=\"twitter:data1\" content=\"Megan Flottorp\" \/>\n\t<meta name=\"twitter:label2\" content=\"Est. reading time\" \/>\n\t<meta name=\"twitter:data2\" content=\"5\" \/>\n<script type=\"application\/ld+json\" class=\"yoast-schema-graph\">{\"@context\":\"https:\/\/schema.org\",\"@graph\":[{\"@type\":\"WebPage\",\"@id\":\"https:\/\/www.welovecycling.com\/sk\/2023\/10\/30\/7-najcarovnejsich-jesennych-tras-europy\/\",\"url\":\"https:\/\/www.welovecycling.com\/sk\/2023\/10\/30\/7-najcarovnejsich-jesennych-tras-europy\/\",\"name\":\"7 of Europe's Most Enchanting Autumn Routes on a Bike\",\"isPartOf\":{\"@id\":\"https:\/\/www.welovecycling.com\/sk\/#website\"},\"primaryImageOfPage\":{\"@id\":\"https:\/\/www.welovecycling.com\/sk\/2023\/10\/30\/7-najcarovnejsich-jesennych-tras-europy\/#primaryimage\"},\"image\":{\"@id\":\"https:\/\/www.welovecycling.com\/sk\/2023\/10\/30\/7-najcarovnejsich-jesennych-tras-europy\/#primaryimage\"},\"thumbnailUrl\":\"https:\/\/d2p6e6u75xmxt8.cloudfront.net\/4\/2023\/10\/Marsala-Wine-Region-Sicily-profimedia-0724091764.webp\",\"datePublished\":\"2023-10-30T10:59:30+00:00\",\"dateModified\":\"2023-10-30T11:19:58+00:00\",\"author\":{\"@id\":\"https:\/\/www.welovecycling.com\/sk\/#\/schema\/person\/533b62b98b6c41bd5135ebfb1f742624\"},\"description\":\"Eur\u00f3pa so svojou rozmanitou pr\u00edrodou a bohatou hist\u00f3riou pon\u00faka mno\u017estvo cyklistick\u00fdch tr\u00e1s, na ktor\u00fdch si m\u00f4\u017eete vychutna\u0165 kr\u00e1su jesene.\u00a0\",\"breadcrumb\":{\"@id\":\"https:\/\/www.welovecycling.com\/sk\/2023\/10\/30\/7-najcarovnejsich-jesennych-tras-europy\/#breadcrumb\"},\"inLanguage\":\"sk-SK\",\"potentialAction\":[{\"@type\":\"ReadAction\",\"target\":[\"https:\/\/www.welovecycling.com\/sk\/2023\/10\/30\/7-najcarovnejsich-jesennych-tras-europy\/\"]}]},{\"@type\":\"ImageObject\",\"inLanguage\":\"sk-SK\",\"@id\":\"https:\/\/www.welovecycling.com\/sk\/2023\/10\/30\/7-najcarovnejsich-jesennych-tras-europy\/#primaryimage\",\"url\":\"https:\/\/d2p6e6u75xmxt8.cloudfront.net\/4\/2023\/10\/Marsala-Wine-Region-Sicily-profimedia-0724091764.webp\",\"contentUrl\":\"https:\/\/d2p6e6u75xmxt8.cloudfront.net\/4\/2023\/10\/Marsala-Wine-Region-Sicily-profimedia-0724091764.webp\",\"width\":990,\"height\":660,\"caption\":\"Try the delicious wines of Marsala region.\"},{\"@type\":\"BreadcrumbList\",\"@id\":\"https:\/\/www.welovecycling.com\/sk\/2023\/10\/30\/7-najcarovnejsich-jesennych-tras-europy\/#breadcrumb\",\"itemListElement\":[{\"@type\":\"ListItem\",\"position\":1,\"name\":\"Home\",\"item\":\"https:\/\/www.welovecycling.com\/sk\/\"},{\"@type\":\"ListItem\",\"position\":2,\"name\":\"7 naj\u010darovnej\u0161\u00edch jesenn\u00fdch tr\u00e1s Eur\u00f3py\"}]},{\"@type\":\"WebSite\",\"@id\":\"https:\/\/www.welovecycling.com\/sk\/#website\",\"url\":\"https:\/\/www.welovecycling.com\/sk\/\",\"name\":\"\u0160koda We Love Cycling Slovensko\",\"description\":\"\u0160koda We Love Cycling Slovensko je v\u00e1\u0161 ka\u017edodenn\u00fd zdroj noviniek a in\u0161pir\u00e1cie z sveta cyklistiky\",\"potentialAction\":[{\"@type\":\"SearchAction\",\"target\":{\"@type\":\"EntryPoint\",\"urlTemplate\":\"https:\/\/www.welovecycling.com\/sk\/?s={search_term_string}\"},\"query-input\":{\"@type\":\"PropertyValueSpecification\",\"valueRequired\":true,\"valueName\":\"search_term_string\"}}],\"inLanguage\":\"sk-SK\"},{\"@type\":\"Person\",\"@id\":\"https:\/\/www.welovecycling.com\/sk\/#\/schema\/person\/533b62b98b6c41bd5135ebfb1f742624\",\"name\":\"dominika\",\"image\":{\"@type\":\"ImageObject\",\"inLanguage\":\"sk-SK\",\"@id\":\"https:\/\/www.welovecycling.com\/sk\/#\/schema\/person\/image\/\",\"url\":\"https:\/\/secure.gravatar.com\/avatar\/ded6f274ba2ec3e17fff153f7d9d96a4b33c2cb63907f75d9a5309c599a7f3e6?s=96&d=mm&r=g\",\"contentUrl\":\"https:\/\/secure.gravatar.com\/avatar\/ded6f274ba2ec3e17fff153f7d9d96a4b33c2cb63907f75d9a5309c599a7f3e6?s=96&d=mm&r=g\",\"caption\":\"dominika\"},\"url\":\"https:\/\/www.welovecycling.com\/sk\/author\/dominika\/\"}]}<\/script>\n<!-- \/ Yoast SEO Premium plugin. -->","yoast_head_json":{"title":"7 of Europe's Most Enchanting Autumn Routes on a Bike","description":"Eur\u00f3pa so svojou rozmanitou pr\u00edrodou a bohatou hist\u00f3riou pon\u00faka mno\u017estvo cyklistick\u00fdch tr\u00e1s, na ktor\u00fdch si m\u00f4\u017eete vychutna\u0165 kr\u00e1su jesene.\u00a0","robots":{"index":"index","follow":"follow","max-snippet":"max-snippet:-1","max-image-preview":"max-image-preview:large","max-video-preview":"max-video-preview:-1"},"canonical":"https:\/\/www.welovecycling.com\/sk\/2023\/10\/30\/7-najcarovnejsich-jesennych-tras-europy\/","og_locale":"sk_SK","og_type":"article","og_title":"7 naj\u010darovnej\u0161\u00edch jesenn\u00fdch tr\u00e1s Eur\u00f3py","og_description":"Eur\u00f3pa so svojou rozmanitou pr\u00edrodou a bohatou hist\u00f3riou pon\u00faka mno\u017estvo cyklistick\u00fdch tr\u00e1s, na ktor\u00fdch si m\u00f4\u017eete vychutna\u0165 kr\u00e1su jesene.\u00a0","og_url":"https:\/\/www.welovecycling.com\/sk\/2023\/10\/30\/7-najcarovnejsich-jesennych-tras-europy\/","og_site_name":"\u0160koda We Love Cycling Slovensko","article_published_time":"2023-10-30T10:59:30+00:00","article_modified_time":"2023-10-30T11:19:58+00:00","og_image":[{"width":990,"height":660,"url":"https:\/\/d2p6e6u75xmxt8.cloudfront.net\/4\/2023\/10\/Marsala-Wine-Region-Sicily-profimedia-0724091764.webp","type":"image\/webp"}],"author":"dominika","twitter_card":"summary_large_image","twitter_misc":{"Written by":"Megan Flottorp","Est. reading time":"5"},"schema":{"@context":"https:\/\/schema.org","@graph":[{"@type":"WebPage","@id":"https:\/\/www.welovecycling.com\/sk\/2023\/10\/30\/7-najcarovnejsich-jesennych-tras-europy\/","url":"https:\/\/www.welovecycling.com\/sk\/2023\/10\/30\/7-najcarovnejsich-jesennych-tras-europy\/","name":"7 of Europe's Most Enchanting Autumn Routes on a Bike","isPartOf":{"@id":"https:\/\/www.welovecycling.com\/sk\/#website"},"primaryImageOfPage":{"@id":"https:\/\/www.welovecycling.com\/sk\/2023\/10\/30\/7-najcarovnejsich-jesennych-tras-europy\/#primaryimage"},"image":{"@id":"https:\/\/www.welovecycling.com\/sk\/2023\/10\/30\/7-najcarovnejsich-jesennych-tras-europy\/#primaryimage"},"thumbnailUrl":"https:\/\/d2p6e6u75xmxt8.cloudfront.net\/4\/2023\/10\/Marsala-Wine-Region-Sicily-profimedia-0724091764.webp","datePublished":"2023-10-30T10:59:30+00:00","dateModified":"2023-10-30T11:19:58+00:00","author":{"@id":"https:\/\/www.welovecycling.com\/sk\/#\/schema\/person\/533b62b98b6c41bd5135ebfb1f742624"},"description":"Eur\u00f3pa so svojou rozmanitou pr\u00edrodou a bohatou hist\u00f3riou pon\u00faka mno\u017estvo cyklistick\u00fdch tr\u00e1s, na ktor\u00fdch si m\u00f4\u017eete vychutna\u0165 kr\u00e1su jesene.\u00a0","breadcrumb":{"@id":"https:\/\/www.welovecycling.com\/sk\/2023\/10\/30\/7-najcarovnejsich-jesennych-tras-europy\/#breadcrumb"},"inLanguage":"sk-SK","potentialAction":[{"@type":"ReadAction","target":["https:\/\/www.welovecycling.com\/sk\/2023\/10\/30\/7-najcarovnejsich-jesennych-tras-europy\/"]}]},{"@type":"ImageObject","inLanguage":"sk-SK","@id":"https:\/\/www.welovecycling.com\/sk\/2023\/10\/30\/7-najcarovnejsich-jesennych-tras-europy\/#primaryimage","url":"https:\/\/d2p6e6u75xmxt8.cloudfront.net\/4\/2023\/10\/Marsala-Wine-Region-Sicily-profimedia-0724091764.webp","contentUrl":"https:\/\/d2p6e6u75xmxt8.cloudfront.net\/4\/2023\/10\/Marsala-Wine-Region-Sicily-profimedia-0724091764.webp","width":990,"height":660,"caption":"Try the delicious wines of Marsala region."},{"@type":"BreadcrumbList","@id":"https:\/\/www.welovecycling.com\/sk\/2023\/10\/30\/7-najcarovnejsich-jesennych-tras-europy\/#breadcrumb","itemListElement":[{"@type":"ListItem","position":1,"name":"Home","item":"https:\/\/www.welovecycling.com\/sk\/"},{"@type":"ListItem","position":2,"name":"7 naj\u010darovnej\u0161\u00edch jesenn\u00fdch tr\u00e1s Eur\u00f3py"}]},{"@type":"WebSite","@id":"https:\/\/www.welovecycling.com\/sk\/#website","url":"https:\/\/www.welovecycling.com\/sk\/","name":"\u0160koda We Love Cycling Slovensko","description":"\u0160koda We Love Cycling Slovensko je v\u00e1\u0161 ka\u017edodenn\u00fd zdroj noviniek a in\u0161pir\u00e1cie z sveta cyklistiky","potentialAction":[{"@type":"SearchAction","target":{"@type":"EntryPoint","urlTemplate":"https:\/\/www.welovecycling.com\/sk\/?s={search_term_string}"},"query-input":{"@type":"PropertyValueSpecification","valueRequired":true,"valueName":"search_term_string"}}],"inLanguage":"sk-SK"},{"@type":"Person","@id":"https:\/\/www.welovecycling.com\/sk\/#\/schema\/person\/533b62b98b6c41bd5135ebfb1f742624","name":"dominika","image":{"@type":"ImageObject","inLanguage":"sk-SK","@id":"https:\/\/www.welovecycling.com\/sk\/#\/schema\/person\/image\/","url":"https:\/\/secure.gravatar.com\/avatar\/ded6f274ba2ec3e17fff153f7d9d96a4b33c2cb63907f75d9a5309c599a7f3e6?s=96&d=mm&r=g","contentUrl":"https:\/\/secure.gravatar.com\/avatar\/ded6f274ba2ec3e17fff153f7d9d96a4b33c2cb63907f75d9a5309c599a7f3e6?s=96&d=mm&r=g","caption":"dominika"},"url":"https:\/\/www.welovecycling.com\/sk\/author\/dominika\/"}]}},"_links":{"self":[{"href":"https:\/\/www.welovecycling.com\/sk\/wp-json\/wp\/v2\/posts\/18429","targetHints":{"allow":["GET"]}}],"collection":[{"href":"https:\/\/www.welovecycling.com\/sk\/wp-json\/wp\/v2\/posts"}],"about":[{"href":"https:\/\/www.welovecycling.com\/sk\/wp-json\/wp\/v2\/types\/post"}],"author":[{"embeddable":true,"href":"https:\/\/www.welovecycling.com\/sk\/wp-json\/wp\/v2\/users\/172"}],"replies":[{"embeddable":true,"href":"https:\/\/www.welovecycling.com\/sk\/wp-json\/wp\/v2\/comments?post=18429"}],"version-history":[{"count":5,"href":"https:\/\/www.welovecycling.com\/sk\/wp-json\/wp\/v2\/posts\/18429\/revisions"}],"predecessor-version":[{"id":18442,"href":"https:\/\/www.welovecycling.com\/sk\/wp-json\/wp\/v2\/posts\/18429\/revisions\/18442"}],"wp:featuredmedia":[{"embeddable":true,"href":"https:\/\/www.welovecycling.com\/sk\/wp-json\/wp\/v2\/media\/18438"}],"wp:attachment":[{"href":"https:\/\/www.welovecycling.com\/sk\/wp-json\/wp\/v2\/media?parent=18429"}],"wp:term":[{"taxonomy":"category","embeddable":true,"href":"https:\/\/www.welovecycling.com\/sk\/wp-json\/wp\/v2\/categories?post=18429"},{"taxonomy":"post_tag","embeddable":true,"href":"https:\/\/www.welovecycling.com\/sk\/wp-json\/wp\/v2\/tags?post=18429"},{"taxonomy":"global-categories","embeddable":true,"href":"https:\/\/www.welovecycling.com\/sk\/wp-json\/wp\/v2\/global-categories?post=18429"}],"curies":[{"name":"wp","href":"https:\/\/api.w.org\/{rel}","templated":true}]}}