{"id":18423,"date":"2023-10-26T11:23:58","date_gmt":"2023-10-26T09:23:58","guid":{"rendered":"https:\/\/www.welovecycling.com\/sk\/?p=18423"},"modified":"2023-10-26T11:23:58","modified_gmt":"2023-10-26T09:23:58","slug":"serial-ako-sa-stat-cyklistom-11-koniec-sezony","status":"publish","type":"post","link":"https:\/\/www.welovecycling.com\/sk\/2023\/10\/26\/serial-ako-sa-stat-cyklistom-11-koniec-sezony\/","title":{"rendered":"Seri\u00e1l: Ako sa sta\u0165 cyklistom \u2013 11. Koniec sez\u00f3ny"},"content":{"rendered":"<p><strong>Be\u017en\u00fd cyklista si v tomto obdob\u00ed kladie viacer\u00e9 ot\u00e1zky \u2013 nielen ako zazimova\u0165 bicykel, ale hlavne ako si udr\u017ea\u0165 kondi\u010dku, ktor\u00fa po\u010das roka z\u00edskal. V\u00e4\u010d\u0161ina toti\u017e nepatr\u00ed k\u00a0t\u00fdm cyklistom, pre ktor\u00fdch sa cyklistick\u00e1 sez\u00f3na nikdy nekon\u010d\u00ed a\u00a0jazdia v\u00a0snehu a aj po zotmen\u00ed.\u00a0<\/strong><!--more--><\/p>\n<h2><strong>Nestrati\u0165 kondi\u010dku<\/strong><\/h2>\n<p><span style=\"font-weight: 400;\"><strong>Je v\u0161eobecne zn\u00e1me, \u017ee kondi\u010dku za\u010d\u00ednate str\u00e1ca\u0165 u\u017e po p\u00e1r t\u00fd\u017ed\u0148och ni\u010dnerobenia.<\/strong> Dobre, viem, \u017ee ste si po sez\u00f3ne ne\u013eahli na gau\u010d a\u00a0neza\u010dali od r\u00e1na do ve\u010dera sledova\u0165 seri\u00e1ly. Ale ak bolo telo zvyknut\u00e9 na denn\u00fd pohyb \u010di nieko\u013ekohodinov\u00e9 v\u00fdjazdy a\u00a0zrazu z\u00a0d\u00f4vodu nepriazniv\u00e9ho po\u010dasia nem\u00f4\u017eete sadn\u00fa\u0165 na bicykel, je to v\u00fdrazn\u00e1 zmena.\u00a0<\/span><\/p>\n<h2><strong>Denn\u00fd program<\/strong><\/h2>\n<p><span style=\"font-weight: 400;\">Do svojho denn\u00e9ho programu teraz namiesto bicykla m\u00f4\u017eete zaradi\u0165 n\u00e1v\u0161tevu fitnescentra, plav\u00e1rne, alebo za\u010dnite po\u010das zimy robi\u0165 nejak\u00fd halov\u00fd \u0161port. <strong>Prida\u0165 m\u00f4\u017eete aj zimn\u00e9 \u0161porty a\u00a0neza\u0161kod\u00ed vybehn\u00fa\u0165 aj na zimn\u00fa turistiku.<\/strong> Ak sa svojho bicykla nedok\u00e1\u017eete vzda\u0165, m\u00f4\u017eete vysk\u00fa\u0161a\u0165 trena\u017e\u00e9r a\u00a0usilovne tr\u00e9nova\u0165 aj po\u010das zimy. Nie je to s\u00edce \u00faplne to \u201eprav\u00e9 orechov\u00e9\u201c, ale viete si chv\u00edle v\u00a0sedle spr\u00edjemni\u0165 napr\u00edklad sledovan\u00edm ob\u013e\u00faben\u00e9ho filmu, alebo sa pripoj\u00edte do komunity cyklistov cez aplik\u00e1ciu Zwift.\u00a0<\/span><\/p>\n<h2><strong>Servis bicykla<\/strong><\/h2>\n<p><span style=\"font-weight: 400;\">Ak ste po\u010das roka pl\u00e1novali nejak\u00e9 v\u00e4\u010d\u0161ie zmeny \u010di \u00fapravy na svojom bicykli, teraz je na to ten ide\u00e1lny \u010das. <strong>Neodkladajte to na jar, preto\u017ee pred za\u010diatkom sez\u00f3ny s\u00fa predajne a\u00a0servisy bicyklov neskuto\u010dne vy\u0165a\u017een\u00e9.<\/strong> Urobte to hne\u010f po skon\u010den\u00ed sez\u00f3ny, preto\u017ee e\u0161te m\u00e1te v\u00a0\u017eivej pam\u00e4ti, kde bol ak\u00fd drobn\u00fd probl\u00e9m, ktor\u00fd treba odstr\u00e1ni\u0165. Pustite sa do toho e\u0161te pred zazimovan\u00edm bicykla.\u00a0<\/span><\/p>\n<p><img loading=\"lazy\" decoding=\"async\" class=\"alignnone size-full wp-image-18424\" src=\"https:\/\/d2p6e6u75xmxt8.cloudfront.net\/4\/2023\/10\/01-4.webp\" alt=\"koniec sez\u00f3ny\" width=\"990\" height=\"660\" srcset=\"https:\/\/d2p6e6u75xmxt8.cloudfront.net\/4\/2023\/10\/01-4.webp 990w, https:\/\/d2p6e6u75xmxt8.cloudfront.net\/4\/2023\/10\/01-4-300x200.webp 300w, https:\/\/d2p6e6u75xmxt8.cloudfront.net\/4\/2023\/10\/01-4-768x512.webp 768w, https:\/\/d2p6e6u75xmxt8.cloudfront.net\/4\/2023\/10\/01-4-400x267.webp 400w, https:\/\/d2p6e6u75xmxt8.cloudfront.net\/4\/2023\/10\/01-4-272x182.webp 272w\" sizes=\"auto, (max-width: 990px) 100vw, 990px\" \/><\/p>\n<h2><strong>\u010cas pre rodinu<\/strong><\/h2>\n<p><span style=\"font-weight: 400;\">No a\u00a0nakoniec nezabudnite na to, \u017ee ke\u010f ste po\u010das zimy viacej doma, venujte tento \u010das svojej rodine.<strong> Vynahra\u010fte im \u010das, ktor\u00fd tr\u00e1vite na dlh\u00fdch cyklistick\u00fdch v\u00fdjazdoch po\u010das sez\u00f3ny.<\/strong> Rodina to ocen\u00ed a\u00a0vy str\u00e1vite pr\u00edjemn\u00e9 chv\u00edle v\u00a0spolo\u010dnosti mil\u00fdch \u013eud\u00ed. Uvid\u00edte, \u017ee z\u00a0toho budete \u010derpa\u0165 e\u0161te ve\u013emi dlho. Nezab\u00fadajte ani na svojich priate\u013eov z\u00a0v\u00fdjazdov \u2013 z\u00e1jdite s\u00a0nimi ob\u010das na dobr\u00fa k\u00e1vu a\u00a0pokecajte o\u00a0t\u00e9mach, ktor\u00e9 s\u00fa n\u00e1m, cyklistom, tak\u00e9 bl\u00edzke.\u00a0<\/span><\/p>\n<h2><strong>Pr\u00edle\u017eitos\u0165 na pl\u00e1ny<\/strong><\/h2>\n<p><span style=\"font-weight: 400;\">Ke\u010f sa sez\u00f3na skon\u010d\u00ed, je to tie\u017e skvel\u00e1 pr\u00edle\u017eitos\u0165 obzrie\u0165 sa sp\u00e4\u0165. Zhodno\u0165te, \u010di ste splnili v\u0161etko, \u010do ste si napl\u00e1novali a\u00a0\u010di ste spokojn\u00fd s\u00a0t\u00fdm, \u010do ste dosiahli.<strong> Vezmite si kalend\u00e1r, otvorte STRAVU \u010di in\u00fa aplik\u00e1ciu, ktor\u00fa ste pou\u017e\u00edvali a\u00a0poriadne si prejdite v\u0161etky \u010d\u00edsla.<\/strong> Pokojne si zalo\u017ete excelov\u00fa tabu\u013eku, alebo si na to vyhra\u010fte \u0161peci\u00e1lny zo\u0161it. No a\u00a0vzh\u013eadom na uplynul\u00fd rok napl\u00e1nujte aj ten bud\u00faci. Stanovte si ciele, ktor\u00e9 chcete dosiahnu\u0165, v\u00a0\u010dom sa chcete zlep\u0161i\u0165 a\u00a0pr\u00edpadne rovno rozpl\u00e1nujte nov\u00fa sez\u00f3nu.\u00a0<\/span><\/p>\n<p><span style=\"font-weight: 400;\">Verili by ste tomu, \u017ee koniec sez\u00f3ny m\u00e1 aj svoje v\u00fdhody? No predsa pred\u00eddete vyhoreniu z\u00a0cyklistiky.<strong> Nech u\u017e rob\u00edte \u010doko\u013evek a\u00a0milujete to, potrebujete \u010das od \u010dasu oddych a\u00a0odstup.<\/strong> Pr\u00edchod zimy preto m\u00f4\u017eete bra\u0165 ako pl\u00e1novan\u00fd oddych, aby ste sa na jar znovu mohli te\u0161i\u0165 na to, \u010do v\u00e1m prinesie nov\u00e1 sez\u00f3na.\u00a0<\/span><\/p>\n","protected":false},"excerpt":{"rendered":"<p>Be\u017en\u00fd cyklista si v tomto obdob\u00ed kladie viacer\u00e9 ot\u00e1zky \u2013 nielen ako zazimova\u0165 bicykel, ale hlavne ako si udr\u017ea\u0165 kondi\u010dku, [&hellip;]<\/p>\n","protected":false},"author":172,"featured_media":18425,"comment_status":"open","ping_status":"open","sticky":false,"template":"","format":"standard","meta":{"footnotes":""},"categories":[191],"tags":[115,180,750,767,763,337,509,563,256,317,1290],"global-categories":[1074],"class_list":["post-18423","post","type-post","status-publish","format-standard","has-post-thumbnail","hentry","category-odporucame","tag-cestna-cyklistika","tag-horska-cyklistika","tag-kondicia","tag-motivacia","tag-oddych","tag-regeneracia","tag-rodina","tag-servis","tag-sezona","tag-zima","tag-zimna-udrzba","global-categories-cycling"],"yoast_head":"<!-- This site is optimized with the Yoast SEO Premium plugin v25.3 (Yoast SEO v25.9) - https:\/\/yoast.com\/wordpress\/plugins\/seo\/ -->\n<title>Seri\u00e1l: Ako sa sta\u0165 cyklistom \u2013 11. Koniec sez\u00f3ny - \u0160koda We Love Cycling Slovensko<\/title>\n<meta name=\"description\" content=\"Pri\u0161iel koniec sez\u00f3ny - be\u017en\u00fd cyklista si v tomto obdob\u00ed kladie ot\u00e1zky oh\u013eadom toho, ako zazimova\u0165 bicykel, a hlavne ako si udr\u017ea\u0165 kondi\u010dku.\" \/>\n<meta name=\"robots\" content=\"index, follow, max-snippet:-1, max-image-preview:large, max-video-preview:-1\" \/>\n<link rel=\"canonical\" href=\"https:\/\/www.welovecycling.com\/sk\/2023\/10\/26\/serial-ako-sa-stat-cyklistom-11-koniec-sezony\/\" \/>\n<meta property=\"og:locale\" content=\"sk_SK\" \/>\n<meta property=\"og:type\" content=\"article\" \/>\n<meta property=\"og:title\" content=\"Seri\u00e1l: Ako sa sta\u0165 cyklistom \u2013 11. Koniec sez\u00f3ny\" \/>\n<meta property=\"og:description\" content=\"Pri\u0161iel koniec sez\u00f3ny - be\u017en\u00fd cyklista si v tomto obdob\u00ed kladie ot\u00e1zky oh\u013eadom toho, ako zazimova\u0165 bicykel, a hlavne ako si udr\u017ea\u0165 kondi\u010dku.\" \/>\n<meta property=\"og:url\" content=\"https:\/\/www.welovecycling.com\/sk\/2023\/10\/26\/serial-ako-sa-stat-cyklistom-11-koniec-sezony\/\" \/>\n<meta property=\"og:site_name\" content=\"\u0160koda We Love Cycling Slovensko\" \/>\n<meta property=\"article:published_time\" content=\"2023-10-26T09:23:58+00:00\" \/>\n<meta property=\"og:image\" content=\"https:\/\/d2p6e6u75xmxt8.cloudfront.net\/4\/2023\/10\/titulka1.webp\" \/>\n\t<meta property=\"og:image:width\" content=\"990\" \/>\n\t<meta property=\"og:image:height\" content=\"660\" \/>\n\t<meta property=\"og:image:type\" content=\"image\/webp\" \/>\n<meta name=\"author\" content=\"dominika\" \/>\n<meta name=\"twitter:card\" content=\"summary_large_image\" \/>\n<meta name=\"twitter:label1\" content=\"Written by\" \/>\n\t<meta name=\"twitter:data1\" content=\"Radovan Vr\u0161ka\" \/>\n\t<meta name=\"twitter:label2\" content=\"Est. reading time\" \/>\n\t<meta name=\"twitter:data2\" content=\"2\" \/>\n<script type=\"application\/ld+json\" class=\"yoast-schema-graph\">{\"@context\":\"https:\/\/schema.org\",\"@graph\":[{\"@type\":\"WebPage\",\"@id\":\"https:\/\/www.welovecycling.com\/sk\/2023\/10\/26\/serial-ako-sa-stat-cyklistom-11-koniec-sezony\/\",\"url\":\"https:\/\/www.welovecycling.com\/sk\/2023\/10\/26\/serial-ako-sa-stat-cyklistom-11-koniec-sezony\/\",\"name\":\"Seri\u00e1l: Ako sa sta\u0165 cyklistom \u2013 11. Koniec sez\u00f3ny - \u0160koda We Love Cycling Slovensko\",\"isPartOf\":{\"@id\":\"https:\/\/www.welovecycling.com\/sk\/#website\"},\"primaryImageOfPage\":{\"@id\":\"https:\/\/www.welovecycling.com\/sk\/2023\/10\/26\/serial-ako-sa-stat-cyklistom-11-koniec-sezony\/#primaryimage\"},\"image\":{\"@id\":\"https:\/\/www.welovecycling.com\/sk\/2023\/10\/26\/serial-ako-sa-stat-cyklistom-11-koniec-sezony\/#primaryimage\"},\"thumbnailUrl\":\"https:\/\/d2p6e6u75xmxt8.cloudfront.net\/4\/2023\/10\/titulka1.webp\",\"datePublished\":\"2023-10-26T09:23:58+00:00\",\"author\":{\"@id\":\"https:\/\/www.welovecycling.com\/sk\/#\/schema\/person\/533b62b98b6c41bd5135ebfb1f742624\"},\"description\":\"Pri\u0161iel koniec sez\u00f3ny - be\u017en\u00fd cyklista si v tomto obdob\u00ed kladie ot\u00e1zky oh\u013eadom toho, ako zazimova\u0165 bicykel, a hlavne ako si udr\u017ea\u0165 kondi\u010dku.\",\"breadcrumb\":{\"@id\":\"https:\/\/www.welovecycling.com\/sk\/2023\/10\/26\/serial-ako-sa-stat-cyklistom-11-koniec-sezony\/#breadcrumb\"},\"inLanguage\":\"sk-SK\",\"potentialAction\":[{\"@type\":\"ReadAction\",\"target\":[\"https:\/\/www.welovecycling.com\/sk\/2023\/10\/26\/serial-ako-sa-stat-cyklistom-11-koniec-sezony\/\"]}]},{\"@type\":\"ImageObject\",\"inLanguage\":\"sk-SK\",\"@id\":\"https:\/\/www.welovecycling.com\/sk\/2023\/10\/26\/serial-ako-sa-stat-cyklistom-11-koniec-sezony\/#primaryimage\",\"url\":\"https:\/\/d2p6e6u75xmxt8.cloudfront.net\/4\/2023\/10\/titulka1.webp\",\"contentUrl\":\"https:\/\/d2p6e6u75xmxt8.cloudfront.net\/4\/2023\/10\/titulka1.webp\",\"width\":990,\"height\":660},{\"@type\":\"BreadcrumbList\",\"@id\":\"https:\/\/www.welovecycling.com\/sk\/2023\/10\/26\/serial-ako-sa-stat-cyklistom-11-koniec-sezony\/#breadcrumb\",\"itemListElement\":[{\"@type\":\"ListItem\",\"position\":1,\"name\":\"Home\",\"item\":\"https:\/\/www.welovecycling.com\/sk\/\"},{\"@type\":\"ListItem\",\"position\":2,\"name\":\"Seri\u00e1l: Ako sa sta\u0165 cyklistom \u2013 11. Koniec sez\u00f3ny\"}]},{\"@type\":\"WebSite\",\"@id\":\"https:\/\/www.welovecycling.com\/sk\/#website\",\"url\":\"https:\/\/www.welovecycling.com\/sk\/\",\"name\":\"\u0160koda We Love Cycling Slovensko\",\"description\":\"\u0160koda We Love Cycling Slovensko je v\u00e1\u0161 ka\u017edodenn\u00fd zdroj noviniek a in\u0161pir\u00e1cie z sveta cyklistiky\",\"potentialAction\":[{\"@type\":\"SearchAction\",\"target\":{\"@type\":\"EntryPoint\",\"urlTemplate\":\"https:\/\/www.welovecycling.com\/sk\/?s={search_term_string}\"},\"query-input\":{\"@type\":\"PropertyValueSpecification\",\"valueRequired\":true,\"valueName\":\"search_term_string\"}}],\"inLanguage\":\"sk-SK\"},{\"@type\":\"Person\",\"@id\":\"https:\/\/www.welovecycling.com\/sk\/#\/schema\/person\/533b62b98b6c41bd5135ebfb1f742624\",\"name\":\"dominika\",\"image\":{\"@type\":\"ImageObject\",\"inLanguage\":\"sk-SK\",\"@id\":\"https:\/\/www.welovecycling.com\/sk\/#\/schema\/person\/image\/\",\"url\":\"https:\/\/secure.gravatar.com\/avatar\/ded6f274ba2ec3e17fff153f7d9d96a4b33c2cb63907f75d9a5309c599a7f3e6?s=96&d=mm&r=g\",\"contentUrl\":\"https:\/\/secure.gravatar.com\/avatar\/ded6f274ba2ec3e17fff153f7d9d96a4b33c2cb63907f75d9a5309c599a7f3e6?s=96&d=mm&r=g\",\"caption\":\"dominika\"},\"url\":\"https:\/\/www.welovecycling.com\/sk\/author\/dominika\/\"}]}<\/script>\n<!-- \/ Yoast SEO Premium plugin. -->","yoast_head_json":{"title":"Seri\u00e1l: Ako sa sta\u0165 cyklistom \u2013 11. Koniec sez\u00f3ny - \u0160koda We Love Cycling Slovensko","description":"Pri\u0161iel koniec sez\u00f3ny - be\u017en\u00fd cyklista si v tomto obdob\u00ed kladie ot\u00e1zky oh\u013eadom toho, ako zazimova\u0165 bicykel, a hlavne ako si udr\u017ea\u0165 kondi\u010dku.","robots":{"index":"index","follow":"follow","max-snippet":"max-snippet:-1","max-image-preview":"max-image-preview:large","max-video-preview":"max-video-preview:-1"},"canonical":"https:\/\/www.welovecycling.com\/sk\/2023\/10\/26\/serial-ako-sa-stat-cyklistom-11-koniec-sezony\/","og_locale":"sk_SK","og_type":"article","og_title":"Seri\u00e1l: Ako sa sta\u0165 cyklistom \u2013 11. Koniec sez\u00f3ny","og_description":"Pri\u0161iel koniec sez\u00f3ny - be\u017en\u00fd cyklista si v tomto obdob\u00ed kladie ot\u00e1zky oh\u013eadom toho, ako zazimova\u0165 bicykel, a hlavne ako si udr\u017ea\u0165 kondi\u010dku.","og_url":"https:\/\/www.welovecycling.com\/sk\/2023\/10\/26\/serial-ako-sa-stat-cyklistom-11-koniec-sezony\/","og_site_name":"\u0160koda We Love Cycling Slovensko","article_published_time":"2023-10-26T09:23:58+00:00","og_image":[{"width":990,"height":660,"url":"https:\/\/d2p6e6u75xmxt8.cloudfront.net\/4\/2023\/10\/titulka1.webp","type":"image\/webp"}],"author":"dominika","twitter_card":"summary_large_image","twitter_misc":{"Written by":"Radovan Vr\u0161ka","Est. reading time":"2"},"schema":{"@context":"https:\/\/schema.org","@graph":[{"@type":"WebPage","@id":"https:\/\/www.welovecycling.com\/sk\/2023\/10\/26\/serial-ako-sa-stat-cyklistom-11-koniec-sezony\/","url":"https:\/\/www.welovecycling.com\/sk\/2023\/10\/26\/serial-ako-sa-stat-cyklistom-11-koniec-sezony\/","name":"Seri\u00e1l: Ako sa sta\u0165 cyklistom \u2013 11. Koniec sez\u00f3ny - \u0160koda We Love Cycling Slovensko","isPartOf":{"@id":"https:\/\/www.welovecycling.com\/sk\/#website"},"primaryImageOfPage":{"@id":"https:\/\/www.welovecycling.com\/sk\/2023\/10\/26\/serial-ako-sa-stat-cyklistom-11-koniec-sezony\/#primaryimage"},"image":{"@id":"https:\/\/www.welovecycling.com\/sk\/2023\/10\/26\/serial-ako-sa-stat-cyklistom-11-koniec-sezony\/#primaryimage"},"thumbnailUrl":"https:\/\/d2p6e6u75xmxt8.cloudfront.net\/4\/2023\/10\/titulka1.webp","datePublished":"2023-10-26T09:23:58+00:00","author":{"@id":"https:\/\/www.welovecycling.com\/sk\/#\/schema\/person\/533b62b98b6c41bd5135ebfb1f742624"},"description":"Pri\u0161iel koniec sez\u00f3ny - be\u017en\u00fd cyklista si v tomto obdob\u00ed kladie ot\u00e1zky oh\u013eadom toho, ako zazimova\u0165 bicykel, a hlavne ako si udr\u017ea\u0165 kondi\u010dku.","breadcrumb":{"@id":"https:\/\/www.welovecycling.com\/sk\/2023\/10\/26\/serial-ako-sa-stat-cyklistom-11-koniec-sezony\/#breadcrumb"},"inLanguage":"sk-SK","potentialAction":[{"@type":"ReadAction","target":["https:\/\/www.welovecycling.com\/sk\/2023\/10\/26\/serial-ako-sa-stat-cyklistom-11-koniec-sezony\/"]}]},{"@type":"ImageObject","inLanguage":"sk-SK","@id":"https:\/\/www.welovecycling.com\/sk\/2023\/10\/26\/serial-ako-sa-stat-cyklistom-11-koniec-sezony\/#primaryimage","url":"https:\/\/d2p6e6u75xmxt8.cloudfront.net\/4\/2023\/10\/titulka1.webp","contentUrl":"https:\/\/d2p6e6u75xmxt8.cloudfront.net\/4\/2023\/10\/titulka1.webp","width":990,"height":660},{"@type":"BreadcrumbList","@id":"https:\/\/www.welovecycling.com\/sk\/2023\/10\/26\/serial-ako-sa-stat-cyklistom-11-koniec-sezony\/#breadcrumb","itemListElement":[{"@type":"ListItem","position":1,"name":"Home","item":"https:\/\/www.welovecycling.com\/sk\/"},{"@type":"ListItem","position":2,"name":"Seri\u00e1l: Ako sa sta\u0165 cyklistom \u2013 11. Koniec sez\u00f3ny"}]},{"@type":"WebSite","@id":"https:\/\/www.welovecycling.com\/sk\/#website","url":"https:\/\/www.welovecycling.com\/sk\/","name":"\u0160koda We Love Cycling Slovensko","description":"\u0160koda We Love Cycling Slovensko je v\u00e1\u0161 ka\u017edodenn\u00fd zdroj noviniek a in\u0161pir\u00e1cie z sveta cyklistiky","potentialAction":[{"@type":"SearchAction","target":{"@type":"EntryPoint","urlTemplate":"https:\/\/www.welovecycling.com\/sk\/?s={search_term_string}"},"query-input":{"@type":"PropertyValueSpecification","valueRequired":true,"valueName":"search_term_string"}}],"inLanguage":"sk-SK"},{"@type":"Person","@id":"https:\/\/www.welovecycling.com\/sk\/#\/schema\/person\/533b62b98b6c41bd5135ebfb1f742624","name":"dominika","image":{"@type":"ImageObject","inLanguage":"sk-SK","@id":"https:\/\/www.welovecycling.com\/sk\/#\/schema\/person\/image\/","url":"https:\/\/secure.gravatar.com\/avatar\/ded6f274ba2ec3e17fff153f7d9d96a4b33c2cb63907f75d9a5309c599a7f3e6?s=96&d=mm&r=g","contentUrl":"https:\/\/secure.gravatar.com\/avatar\/ded6f274ba2ec3e17fff153f7d9d96a4b33c2cb63907f75d9a5309c599a7f3e6?s=96&d=mm&r=g","caption":"dominika"},"url":"https:\/\/www.welovecycling.com\/sk\/author\/dominika\/"}]}},"_links":{"self":[{"href":"https:\/\/www.welovecycling.com\/sk\/wp-json\/wp\/v2\/posts\/18423","targetHints":{"allow":["GET"]}}],"collection":[{"href":"https:\/\/www.welovecycling.com\/sk\/wp-json\/wp\/v2\/posts"}],"about":[{"href":"https:\/\/www.welovecycling.com\/sk\/wp-json\/wp\/v2\/types\/post"}],"author":[{"embeddable":true,"href":"https:\/\/www.welovecycling.com\/sk\/wp-json\/wp\/v2\/users\/172"}],"replies":[{"embeddable":true,"href":"https:\/\/www.welovecycling.com\/sk\/wp-json\/wp\/v2\/comments?post=18423"}],"version-history":[{"count":2,"href":"https:\/\/www.welovecycling.com\/sk\/wp-json\/wp\/v2\/posts\/18423\/revisions"}],"predecessor-version":[{"id":18427,"href":"https:\/\/www.welovecycling.com\/sk\/wp-json\/wp\/v2\/posts\/18423\/revisions\/18427"}],"wp:featuredmedia":[{"embeddable":true,"href":"https:\/\/www.welovecycling.com\/sk\/wp-json\/wp\/v2\/media\/18425"}],"wp:attachment":[{"href":"https:\/\/www.welovecycling.com\/sk\/wp-json\/wp\/v2\/media?parent=18423"}],"wp:term":[{"taxonomy":"category","embeddable":true,"href":"https:\/\/www.welovecycling.com\/sk\/wp-json\/wp\/v2\/categories?post=18423"},{"taxonomy":"post_tag","embeddable":true,"href":"https:\/\/www.welovecycling.com\/sk\/wp-json\/wp\/v2\/tags?post=18423"},{"taxonomy":"global-categories","embeddable":true,"href":"https:\/\/www.welovecycling.com\/sk\/wp-json\/wp\/v2\/global-categories?post=18423"}],"curies":[{"name":"wp","href":"https:\/\/api.w.org\/{rel}","templated":true}]}}